{"id":263347,"date":"2022-12-14T14:17:28","date_gmt":"2022-12-14T10:17:28","guid":{"rendered":"https:\/\/www.meydan.tv\/?p=263347"},"modified":"2022-12-14T14:17:30","modified_gmt":"2022-12-14T10:17:30","slug":"dosemesi-cokmus-divari-catlamis-penceresi-susesiz-mekteb","status":"publish","type":"post","link":"https:\/\/www.meydan.tv\/az\/article\/dosemesi-cokmus-divari-catlamis-penceresi-susesiz-mekteb\/","title":{"rendered":"D\u00f6\u015f\u0259m\u0259si \u00e7\u00f6km\u00fc\u015f, divar\u0131 \u00e7atlam\u0131\u015f, p\u0259nc\u0259r\u0259si \u015f\u00fc\u015f\u0259siz m\u0259kt\u0259b\u2026"},"content":{"rendered":"\n<p><\/p>\n\n\n\n<p><em>\u201cK\u0259nardan k\u0259nd\u0259 g\u0259l\u0259nl\u0259r binan\u0131n m\u0259kt\u0259b oldu\u011funa inanm\u0131rlar\u201d<\/em><\/p>\n\n\n\n<p>L\u0259nk\u0259ran rayonunun \u015ea\u011flaser k\u0259nd sakinl\u0259ri m\u0259kt\u0259b binas\u0131n\u0131n t\u0259hl\u00fck\u0259li olmas\u0131ndan narahatd\u0131rlar. Meydan TV-y\u0259 \u00fcz tutan bir qrup k\u0259nd sakini deyir ki, m\u0259kt\u0259b q\u0259zal\u0131d\u0131r, u\u015faqlar \u00fc\u00e7\u00fcn t\u0259hl\u00fck\u0259li v\u0259ziyy\u0259t yaran\u0131b.<\/p>\n\n\n\n<p>\u015ea\u011flaser k\u0259nd orta m\u0259kt\u0259binin binas\u0131 k\u00f6hn\u0259dir, tava, d\u00f6\u015f\u0259m\u0259 \u00e7\u00f6k\u00fcb, binada iri \u00e7atlar yaran\u0131b.<\/p>\n\n\n\n<p>K\u0259nd sakini Elxan M\u0259mm\u0259dov deyib ki, bir az soyuq olan kimi u\u015faqlar\u0131 m\u0259kt\u0259b\u0259 g\u00f6nd\u0259rm\u0259k ist\u0259mirl\u0259r. \u00c7\u00fcnki bina k\u00f6hn\u0259 oldu\u011fundan qap\u0131-p\u0259nc\u0259r\u0259 hava saxlam\u0131r, sinif otaqlar\u0131n\u0131n p\u0259nc\u0259r\u0259l\u0259ri taxta v\u0259 ya sellafon torbalarla qapad\u0131l\u0131b. Otaqlar odunla q\u0131zd\u0131r\u0131lsa da, istilik z\u0259if olur.<\/p>\n\n\n\n<figure class=\"wp-block-image size-large\"><img decoding=\"async\" width=\"1200\" height=\"505\" data-src=\"https:\/\/www.meydan.tv\/wp-content\/uploads\/a84f13ff-50b6-498f-bcda-ce8c855e07b8-1200x505.jpg\" alt=\"\" class=\"wp-image-263343 lazyload\" src=\"data:image\/svg+xml;base64,PHN2ZyB3aWR0aD0iMSIgaGVpZ2h0PSIxIiB4bWxucz0iaHR0cDovL3d3dy53My5vcmcvMjAwMC9zdmciPjwvc3ZnPg==\" style=\"--smush-placeholder-width: 1200px; --smush-placeholder-aspect-ratio: 1200\/505;\" \/><\/figure>\n\n\n\n<p>\u201cM\u0259kt\u0259b uzun ill\u0259rdir t\u0259mir edilmir, \u00e7\u00f6l divar\u0131nda iri \u00e7atlar yaran\u0131b. K\u0259nardan k\u0259nd\u0259 g\u0259l\u0259nl\u0259r binan\u0131n m\u0259kt\u0259b oldu\u011funa inanm\u0131rlar, y\u0259ni indiki g\u00f6rk\u0259mi il\u0259 m\u0259kt\u0259b binas\u0131na ox\u015fam\u0131r. M\u0259kt\u0259bin hasar\u0131 da da\u011f\u0131l\u0131b, mal-qara i\u00e7\u0259ri daxil olur\u201d,- k\u0259nd sakini deyib.<\/p>\n\n\n\n<p>Sakinl\u0259r bildiribl\u0259r ki, q\u0131\u015fda m\u0259hz soyuq otaqlara g\u00f6r\u0259 davamiyy\u0259t azal\u0131r. M\u0259s\u0259l\u0259 il\u0259 ba\u011fl\u0131 m\u0259kt\u0259bin direktoru il\u0259 g\u00f6r\u00fc\u015f\u00fcbl\u0259r. Direktor m\u0259kt\u0259bin v\u0259ziyy\u0259ti il\u0259 ba\u011fl\u0131 aidiyyati orqanlara m\u0259lumat verildiyini deyib. Binaya bax\u0131\u015f da ke\u00e7irilib, q\u0259zal\u0131 oldu\u011funa dair r\u0259y verilib.<\/p>\n\n\n\n<figure class=\"wp-block-image size-large\"><img decoding=\"async\" width=\"1200\" height=\"493\" data-src=\"https:\/\/www.meydan.tv\/wp-content\/uploads\/42f96e59-3bfe-427a-a296-1e547909fe48-1200x493.jpg\" alt=\"\" class=\"wp-image-263337 lazyload\" src=\"data:image\/svg+xml;base64,PHN2ZyB3aWR0aD0iMSIgaGVpZ2h0PSIxIiB4bWxucz0iaHR0cDovL3d3dy53My5vcmcvMjAwMC9zdmciPjwvc3ZnPg==\" style=\"--smush-placeholder-width: 1200px; --smush-placeholder-aspect-ratio: 1200\/493;\" \/><\/figure>\n\n\n\n<p>624 \u015fagird \u00fc\u00e7\u00fcn n\u0259z\u0259rd\u0259 tutulan m\u0259kt\u0259bd\u0259 300- d\u0259n \u00e7ox \u015fagird t\u0259hsil al\u0131r.<\/p>\n\n\n\n<p>K\u0259ndin ke\u00e7mi\u015f b\u0259l\u0259diyy\u0259 s\u0259dri Allahver\u0259n Mirz\u0259yev Meydan TV-y\u0259 bildirib ki, m\u0259kt\u0259b 1980-ci ill\u0259rd\u0259 tikilib v\u0259 h\u0259min ild\u0259n indiy\u0259d\u0259k t\u0259mir edilm\u0259yib. \u0130ndi is\u0259 5 min \u0259halisi olan k\u0259ndin m\u0259kt\u0259binin binas\u0131 q\u0259zal\u0131 v\u0259ziyy\u0259t d\u00fc\u015f\u00fcb. M\u0259kt\u0259bin h\u0259y\u0259tind\u0259 su anbar\u0131 v\u0259 tualet olsa da, binan\u0131n \u0259sasl\u0131 t\u0259mir\u0259 ehtiyac\u0131 var.<\/p>\n\n\n\n<figure class=\"wp-block-image size-large\"><img decoding=\"async\" width=\"1200\" height=\"497\" data-src=\"https:\/\/www.meydan.tv\/wp-content\/uploads\/20d84da3-ac5a-4c54-b217-dc85633677bd-1200x497.jpg\" alt=\"\" class=\"wp-image-263340 lazyload\" src=\"data:image\/svg+xml;base64,PHN2ZyB3aWR0aD0iMSIgaGVpZ2h0PSIxIiB4bWxucz0iaHR0cDovL3d3dy53My5vcmcvMjAwMC9zdmciPjwvc3ZnPg==\" style=\"--smush-placeholder-width: 1200px; --smush-placeholder-aspect-ratio: 1200\/497;\" \/><\/figure>\n\n\n\n<p>T\u0259hsil Nazirliyi Meydan TV-nin m\u0259kt\u0259bin t\u0259miri il\u0259 ba\u011fl\u0131 sor\u011fusunu cavabland\u0131rmay\u0131b.<\/p>\n\n\n\n<p>L\u0259nk\u0259ran-Astara Regional T\u0259hsil \u0130dar\u0259sind\u0259n is\u0259 bildiribl\u0259r ki, m\u0259kt\u0259b g\u0259l\u0259n il t\u0259mir edil\u0259 bil\u0259r.<\/p>\n\n\n\n<p>K\u0259nd L\u0259nk\u0259ran \u015f\u0259h\u0259rind\u0259n 22 km \u015fimalda, L\u0259nk\u0259ran-Boradigah \u015fose yolunun \u00fcst\u00fcnd\u0259 yerl\u0259\u015fir. K\u0259nd \u0259hali say\u0131na g\u00f6r\u0259 L\u0259nk\u0259ran\u0131n 7-ci k\u0259ndidir.<\/p>\n","protected":false},"excerpt":{"rendered":"<p>\u201cK\u0259nardan k\u0259nd\u0259 g\u0259l\u0259nl\u0259r binan\u0131n m\u0259kt\u0259b oldu\u011funa inanm\u0131rlar\u201d L\u0259nk\u0259ran rayonunun \u015ea\u011flaser &#8230; <\/p>\n<p class=\"read-more-container\"><a title=\"D\u00f6\u015f\u0259m\u0259si \u00e7\u00f6km\u00fc\u015f, divar\u0131 \u00e7atlam\u0131\u015f, p\u0259nc\u0259r\u0259si \u015f\u00fc\u015f\u0259siz m\u0259kt\u0259b\u2026\" class=\"read-more button\" href=\"https:\/\/www.meydan.tv\/az\/article\/dosemesi-cokmus-divari-catlamis-penceresi-susesiz-mekteb\/#more-263347\" aria-label=\"Read more about D\u00f6\u015f\u0259m\u0259si \u00e7\u00f6km\u00fc\u015f, divar\u0131 \u00e7atlam\u0131\u015f, p\u0259nc\u0259r\u0259si \u015f\u00fc\u015f\u0259siz m\u0259kt\u0259b\u2026\">Davam\u0131<\/a><\/p>\n","protected":false},"author":8,"featured_media":263334,"comment_status":"closed","ping_status":"closed","sticky":false,"template":"","format":"standard","meta":{"_acf_changed":false,"_sitemap_exclude":false,"_sitemap_priority":"","_sitemap_frequency":"","footnotes":""},"categories":[60,56],"tags":[],"class_list":["post-263347","post","type-post","status-publish","format-standard","has-post-thumbnail","hentry","category-bolge","category-xeberler","infinite-scroll-item","generate-columns","tablet-grid-50","mobile-grid-100","grid-parent","grid-33","no-featured-image-padding"],"acf":[],"yoast_head":"<!-- This site is optimized with the Yoast SEO plugin v27.5 - https:\/\/yoast.com\/product\/yoast-seo-wordpress\/ -->\n<title>D\u00f6\u015f\u0259m\u0259si \u00e7\u00f6km\u00fc\u015f, divar\u0131 \u00e7atlam\u0131\u015f, p\u0259nc\u0259r\u0259si \u015f\u00fc\u015f\u0259siz m\u0259kt\u0259b\u2026 - MEYDAN.TV<\/title>\n<meta name=\"robots\" content=\"index, follow, max-snippet:-1, max-image-preview:large, max-video-preview:-1\" \/>\n<link rel=\"canonical\" href=\"https:\/\/www.meydan.tv\/az\/article\/dosemesi-cokmus-divari-catlamis-penceresi-susesiz-mekteb\/\" \/>\n<meta property=\"og:locale\" content=\"az_AZ\" \/>\n<meta property=\"og:type\" content=\"article\" \/>\n<meta property=\"og:title\" content=\"D\u00f6\u015f\u0259m\u0259si \u00e7\u00f6km\u00fc\u015f, divar\u0131 \u00e7atlam\u0131\u015f, p\u0259nc\u0259r\u0259si \u015f\u00fc\u015f\u0259siz m\u0259kt\u0259b\u2026 - MEYDAN.TV\" \/>\n<meta property=\"og:description\" content=\"\u201cK\u0259nardan k\u0259nd\u0259 g\u0259l\u0259nl\u0259r binan\u0131n m\u0259kt\u0259b oldu\u011funa inanm\u0131rlar\u201d L\u0259nk\u0259ran rayonunun \u015ea\u011flaser ... Davam\u0131\" \/>\n<meta property=\"og:url\" content=\"https:\/\/www.meydan.tv\/az\/article\/dosemesi-cokmus-divari-catlamis-penceresi-susesiz-mekteb\/\" \/>\n<meta property=\"og:site_name\" content=\"MEYDAN.TV\" \/>\n<meta property=\"article:published_time\" content=\"2022-12-14T10:17:28+00:00\" \/>\n<meta property=\"article:modified_time\" content=\"2022-12-14T10:17:30+00:00\" \/>\n<meta property=\"og:image\" content=\"https:\/\/www.meydan.tv\/wp-content\/uploads\/adcb1916-704f-4ba9-9112-cb88917772a8.jpg\" \/>\n\t<meta property=\"og:image:width\" content=\"1059\" \/>\n\t<meta property=\"og:image:height\" content=\"695\" \/>\n\t<meta property=\"og:image:type\" content=\"image\/jpeg\" \/>\n<meta name=\"author\" content=\"elli\" \/>\n<meta name=\"twitter:card\" content=\"summary_large_image\" \/>\n<meta name=\"twitter:creator\" content=\"@elli\" \/>\n<script type=\"application\/ld+json\" class=\"yoast-schema-graph\">{\"@context\":\"https:\\\/\\\/schema.org\",\"@graph\":[{\"@type\":\"Article\",\"@id\":\"https:\\\/\\\/www.meydan.tv\\\/az\\\/article\\\/dosemesi-cokmus-divari-catlamis-penceresi-susesiz-mekteb\\\/#article\",\"isPartOf\":{\"@id\":\"https:\\\/\\\/www.meydan.tv\\\/az\\\/article\\\/dosemesi-cokmus-divari-catlamis-penceresi-susesiz-mekteb\\\/\"},\"author\":{\"name\":\"elli\",\"@id\":\"https:\\\/\\\/www.meydan.tv\\\/az\\\/#\\\/schema\\\/person\\\/9cdbecf90d17180ce1dfbd95b08dcf47\"},\"headline\":\"D\u00f6\u015f\u0259m\u0259si \u00e7\u00f6km\u00fc\u015f, divar\u0131 \u00e7atlam\u0131\u015f, p\u0259nc\u0259r\u0259si \u015f\u00fc\u015f\u0259siz m\u0259kt\u0259b\u2026\",\"datePublished\":\"2022-12-14T10:17:28+00:00\",\"dateModified\":\"2022-12-14T10:17:30+00:00\",\"mainEntityOfPage\":{\"@id\":\"https:\\\/\\\/www.meydan.tv\\\/az\\\/article\\\/dosemesi-cokmus-divari-catlamis-penceresi-susesiz-mekteb\\\/\"},\"wordCount\":468,\"publisher\":{\"@id\":\"https:\\\/\\\/www.meydan.tv\\\/az\\\/#organization\"},\"image\":{\"@id\":\"https:\\\/\\\/www.meydan.tv\\\/az\\\/article\\\/dosemesi-cokmus-divari-catlamis-penceresi-susesiz-mekteb\\\/#primaryimage\"},\"thumbnailUrl\":\"https:\\\/\\\/www.meydan.tv\\\/wp-content\\\/uploads\\\/adcb1916-704f-4ba9-9112-cb88917772a8.jpg\",\"articleSection\":[\"B\u00f6lg\u0259\",\"X\u0259b\u0259rl\u0259r\"],\"inLanguage\":\"az\"},{\"@type\":\"WebPage\",\"@id\":\"https:\\\/\\\/www.meydan.tv\\\/az\\\/article\\\/dosemesi-cokmus-divari-catlamis-penceresi-susesiz-mekteb\\\/\",\"url\":\"https:\\\/\\\/www.meydan.tv\\\/az\\\/article\\\/dosemesi-cokmus-divari-catlamis-penceresi-susesiz-mekteb\\\/\",\"name\":\"D\u00f6\u015f\u0259m\u0259si \u00e7\u00f6km\u00fc\u015f, divar\u0131 \u00e7atlam\u0131\u015f, p\u0259nc\u0259r\u0259si \u015f\u00fc\u015f\u0259siz m\u0259kt\u0259b\u2026 - MEYDAN.TV\",\"isPartOf\":{\"@id\":\"https:\\\/\\\/www.meydan.tv\\\/az\\\/#website\"},\"primaryImageOfPage\":{\"@id\":\"https:\\\/\\\/www.meydan.tv\\\/az\\\/article\\\/dosemesi-cokmus-divari-catlamis-penceresi-susesiz-mekteb\\\/#primaryimage\"},\"image\":{\"@id\":\"https:\\\/\\\/www.meydan.tv\\\/az\\\/article\\\/dosemesi-cokmus-divari-catlamis-penceresi-susesiz-mekteb\\\/#primaryimage\"},\"thumbnailUrl\":\"https:\\\/\\\/www.meydan.tv\\\/wp-content\\\/uploads\\\/adcb1916-704f-4ba9-9112-cb88917772a8.jpg\",\"datePublished\":\"2022-12-14T10:17:28+00:00\",\"dateModified\":\"2022-12-14T10:17:30+00:00\",\"breadcrumb\":{\"@id\":\"https:\\\/\\\/www.meydan.tv\\\/az\\\/article\\\/dosemesi-cokmus-divari-catlamis-penceresi-susesiz-mekteb\\\/#breadcrumb\"},\"inLanguage\":\"az\",\"potentialAction\":[{\"@type\":\"ReadAction\",\"target\":[\"https:\\\/\\\/www.meydan.tv\\\/az\\\/article\\\/dosemesi-cokmus-divari-catlamis-penceresi-susesiz-mekteb\\\/\"]}]},{\"@type\":\"ImageObject\",\"inLanguage\":\"az\",\"@id\":\"https:\\\/\\\/www.meydan.tv\\\/az\\\/article\\\/dosemesi-cokmus-divari-catlamis-penceresi-susesiz-mekteb\\\/#primaryimage\",\"url\":\"https:\\\/\\\/www.meydan.tv\\\/wp-content\\\/uploads\\\/adcb1916-704f-4ba9-9112-cb88917772a8.jpg\",\"contentUrl\":\"https:\\\/\\\/www.meydan.tv\\\/wp-content\\\/uploads\\\/adcb1916-704f-4ba9-9112-cb88917772a8.jpg\",\"width\":1059,\"height\":695,\"caption\":\"Fotolar: Meydan TV\"},{\"@type\":\"BreadcrumbList\",\"@id\":\"https:\\\/\\\/www.meydan.tv\\\/az\\\/article\\\/dosemesi-cokmus-divari-catlamis-penceresi-susesiz-mekteb\\\/#breadcrumb\",\"itemListElement\":[{\"@type\":\"ListItem\",\"position\":1,\"name\":\"Ana s\u0259hif\u0259\",\"item\":\"https:\\\/\\\/www.meydan.tv\\\/az\\\/\"},{\"@type\":\"ListItem\",\"position\":2,\"name\":\"B\u00f6lg\u0259\",\"item\":\"https:\\\/\\\/www.meydan.tv\\\/az\\\/section\\\/bolge\\\/\"},{\"@type\":\"ListItem\",\"position\":3,\"name\":\"D\u00f6\u015f\u0259m\u0259si \u00e7\u00f6km\u00fc\u015f, divar\u0131 \u00e7atlam\u0131\u015f, p\u0259nc\u0259r\u0259si \u015f\u00fc\u015f\u0259siz m\u0259kt\u0259b\u2026\"}]},{\"@type\":\"WebSite\",\"@id\":\"https:\\\/\\\/www.meydan.tv\\\/az\\\/#website\",\"url\":\"https:\\\/\\\/www.meydan.tv\\\/az\\\/\",\"name\":\"MEYDAN.TV\",\"description\":\"Meydan TV Az\u0259rbaycan\u0131n media m\u0259kan\u0131ndak\u0131 alternativ s\u0259sidir\",\"publisher\":{\"@id\":\"https:\\\/\\\/www.meydan.tv\\\/az\\\/#organization\"},\"potentialAction\":[{\"@type\":\"SearchAction\",\"target\":{\"@type\":\"EntryPoint\",\"urlTemplate\":\"https:\\\/\\\/www.meydan.tv\\\/az\\\/?s={search_term_string}\"},\"query-input\":{\"@type\":\"PropertyValueSpecification\",\"valueRequired\":true,\"valueName\":\"search_term_string\"}}],\"inLanguage\":\"az\"},{\"@type\":\"Organization\",\"@id\":\"https:\\\/\\\/www.meydan.tv\\\/az\\\/#organization\",\"name\":\"Meydan TV\",\"url\":\"https:\\\/\\\/www.meydan.tv\\\/az\\\/\",\"logo\":{\"@type\":\"ImageObject\",\"inLanguage\":\"az\",\"@id\":\"https:\\\/\\\/www.meydan.tv\\\/az\\\/#\\\/schema\\\/logo\\\/image\\\/\",\"url\":\"https:\\\/\\\/www.meydan.tv\\\/wp-content\\\/uploads\\\/2021\\\/07\\\/meydan-logo.svg\",\"contentUrl\":\"https:\\\/\\\/www.meydan.tv\\\/wp-content\\\/uploads\\\/2021\\\/07\\\/meydan-logo.svg\",\"width\":195,\"height\":46,\"caption\":\"Meydan TV\"},\"image\":{\"@id\":\"https:\\\/\\\/www.meydan.tv\\\/az\\\/#\\\/schema\\\/logo\\\/image\\\/\"}},{\"@type\":\"Person\",\"@id\":\"https:\\\/\\\/www.meydan.tv\\\/az\\\/#\\\/schema\\\/person\\\/9cdbecf90d17180ce1dfbd95b08dcf47\",\"name\":\"elli\",\"sameAs\":[\"https:\\\/\\\/x.com\\\/elli\"]}]}<\/script>\n<!-- \/ Yoast SEO plugin. -->","yoast_head_json":{"title":"D\u00f6\u015f\u0259m\u0259si \u00e7\u00f6km\u00fc\u015f, divar\u0131 \u00e7atlam\u0131\u015f, p\u0259nc\u0259r\u0259si \u015f\u00fc\u015f\u0259siz m\u0259kt\u0259b\u2026 - MEYDAN.TV","robots":{"index":"index","follow":"follow","max-snippet":"max-snippet:-1","max-image-preview":"max-image-preview:large","max-video-preview":"max-video-preview:-1"},"canonical":"https:\/\/www.meydan.tv\/az\/article\/dosemesi-cokmus-divari-catlamis-penceresi-susesiz-mekteb\/","og_locale":"az_AZ","og_type":"article","og_title":"D\u00f6\u015f\u0259m\u0259si \u00e7\u00f6km\u00fc\u015f, divar\u0131 \u00e7atlam\u0131\u015f, p\u0259nc\u0259r\u0259si \u015f\u00fc\u015f\u0259siz m\u0259kt\u0259b\u2026 - MEYDAN.TV","og_description":"\u201cK\u0259nardan k\u0259nd\u0259 g\u0259l\u0259nl\u0259r binan\u0131n m\u0259kt\u0259b oldu\u011funa inanm\u0131rlar\u201d L\u0259nk\u0259ran rayonunun \u015ea\u011flaser ... Davam\u0131","og_url":"https:\/\/www.meydan.tv\/az\/article\/dosemesi-cokmus-divari-catlamis-penceresi-susesiz-mekteb\/","og_site_name":"MEYDAN.TV","article_published_time":"2022-12-14T10:17:28+00:00","article_modified_time":"2022-12-14T10:17:30+00:00","og_image":[{"width":1059,"height":695,"url":"https:\/\/www.meydan.tv\/wp-content\/uploads\/adcb1916-704f-4ba9-9112-cb88917772a8.jpg","type":"image\/jpeg"}],"author":"elli","twitter_card":"summary_large_image","twitter_creator":"@elli","schema":{"@context":"https:\/\/schema.org","@graph":[{"@type":"Article","@id":"https:\/\/www.meydan.tv\/az\/article\/dosemesi-cokmus-divari-catlamis-penceresi-susesiz-mekteb\/#article","isPartOf":{"@id":"https:\/\/www.meydan.tv\/az\/article\/dosemesi-cokmus-divari-catlamis-penceresi-susesiz-mekteb\/"},"author":{"name":"elli","@id":"https:\/\/www.meydan.tv\/az\/#\/schema\/person\/9cdbecf90d17180ce1dfbd95b08dcf47"},"headline":"D\u00f6\u015f\u0259m\u0259si \u00e7\u00f6km\u00fc\u015f, divar\u0131 \u00e7atlam\u0131\u015f, p\u0259nc\u0259r\u0259si \u015f\u00fc\u015f\u0259siz m\u0259kt\u0259b\u2026","datePublished":"2022-12-14T10:17:28+00:00","dateModified":"2022-12-14T10:17:30+00:00","mainEntityOfPage":{"@id":"https:\/\/www.meydan.tv\/az\/article\/dosemesi-cokmus-divari-catlamis-penceresi-susesiz-mekteb\/"},"wordCount":468,"publisher":{"@id":"https:\/\/www.meydan.tv\/az\/#organization"},"image":{"@id":"https:\/\/www.meydan.tv\/az\/article\/dosemesi-cokmus-divari-catlamis-penceresi-susesiz-mekteb\/#primaryimage"},"thumbnailUrl":"https:\/\/www.meydan.tv\/wp-content\/uploads\/adcb1916-704f-4ba9-9112-cb88917772a8.jpg","articleSection":["B\u00f6lg\u0259","X\u0259b\u0259rl\u0259r"],"inLanguage":"az"},{"@type":"WebPage","@id":"https:\/\/www.meydan.tv\/az\/article\/dosemesi-cokmus-divari-catlamis-penceresi-susesiz-mekteb\/","url":"https:\/\/www.meydan.tv\/az\/article\/dosemesi-cokmus-divari-catlamis-penceresi-susesiz-mekteb\/","name":"D\u00f6\u015f\u0259m\u0259si \u00e7\u00f6km\u00fc\u015f, divar\u0131 \u00e7atlam\u0131\u015f, p\u0259nc\u0259r\u0259si \u015f\u00fc\u015f\u0259siz m\u0259kt\u0259b\u2026 - MEYDAN.TV","isPartOf":{"@id":"https:\/\/www.meydan.tv\/az\/#website"},"primaryImageOfPage":{"@id":"https:\/\/www.meydan.tv\/az\/article\/dosemesi-cokmus-divari-catlamis-penceresi-susesiz-mekteb\/#primaryimage"},"image":{"@id":"https:\/\/www.meydan.tv\/az\/article\/dosemesi-cokmus-divari-catlamis-penceresi-susesiz-mekteb\/#primaryimage"},"thumbnailUrl":"https:\/\/www.meydan.tv\/wp-content\/uploads\/adcb1916-704f-4ba9-9112-cb88917772a8.jpg","datePublished":"2022-12-14T10:17:28+00:00","dateModified":"2022-12-14T10:17:30+00:00","breadcrumb":{"@id":"https:\/\/www.meydan.tv\/az\/article\/dosemesi-cokmus-divari-catlamis-penceresi-susesiz-mekteb\/#breadcrumb"},"inLanguage":"az","potentialAction":[{"@type":"ReadAction","target":["https:\/\/www.meydan.tv\/az\/article\/dosemesi-cokmus-divari-catlamis-penceresi-susesiz-mekteb\/"]}]},{"@type":"ImageObject","inLanguage":"az","@id":"https:\/\/www.meydan.tv\/az\/article\/dosemesi-cokmus-divari-catlamis-penceresi-susesiz-mekteb\/#primaryimage","url":"https:\/\/www.meydan.tv\/wp-content\/uploads\/adcb1916-704f-4ba9-9112-cb88917772a8.jpg","contentUrl":"https:\/\/www.meydan.tv\/wp-content\/uploads\/adcb1916-704f-4ba9-9112-cb88917772a8.jpg","width":1059,"height":695,"caption":"Fotolar: Meydan TV"},{"@type":"BreadcrumbList","@id":"https:\/\/www.meydan.tv\/az\/article\/dosemesi-cokmus-divari-catlamis-penceresi-susesiz-mekteb\/#breadcrumb","itemListElement":[{"@type":"ListItem","position":1,"name":"Ana s\u0259hif\u0259","item":"https:\/\/www.meydan.tv\/az\/"},{"@type":"ListItem","position":2,"name":"B\u00f6lg\u0259","item":"https:\/\/www.meydan.tv\/az\/section\/bolge\/"},{"@type":"ListItem","position":3,"name":"D\u00f6\u015f\u0259m\u0259si \u00e7\u00f6km\u00fc\u015f, divar\u0131 \u00e7atlam\u0131\u015f, p\u0259nc\u0259r\u0259si \u015f\u00fc\u015f\u0259siz m\u0259kt\u0259b\u2026"}]},{"@type":"WebSite","@id":"https:\/\/www.meydan.tv\/az\/#website","url":"https:\/\/www.meydan.tv\/az\/","name":"MEYDAN.TV","description":"Meydan TV Az\u0259rbaycan\u0131n media m\u0259kan\u0131ndak\u0131 alternativ s\u0259sidir","publisher":{"@id":"https:\/\/www.meydan.tv\/az\/#organization"},"potentialAction":[{"@type":"SearchAction","target":{"@type":"EntryPoint","urlTemplate":"https:\/\/www.meydan.tv\/az\/?s={search_term_string}"},"query-input":{"@type":"PropertyValueSpecification","valueRequired":true,"valueName":"search_term_string"}}],"inLanguage":"az"},{"@type":"Organization","@id":"https:\/\/www.meydan.tv\/az\/#organization","name":"Meydan TV","url":"https:\/\/www.meydan.tv\/az\/","logo":{"@type":"ImageObject","inLanguage":"az","@id":"https:\/\/www.meydan.tv\/az\/#\/schema\/logo\/image\/","url":"https:\/\/www.meydan.tv\/wp-content\/uploads\/2021\/07\/meydan-logo.svg","contentUrl":"https:\/\/www.meydan.tv\/wp-content\/uploads\/2021\/07\/meydan-logo.svg","width":195,"height":46,"caption":"Meydan TV"},"image":{"@id":"https:\/\/www.meydan.tv\/az\/#\/schema\/logo\/image\/"}},{"@type":"Person","@id":"https:\/\/www.meydan.tv\/az\/#\/schema\/person\/9cdbecf90d17180ce1dfbd95b08dcf47","name":"elli","sameAs":["https:\/\/x.com\/elli"]}]}},"_links":{"self":[{"href":"https:\/\/www.meydan.tv\/az\/wp-json\/wp\/v2\/posts\/263347","targetHints":{"allow":["GET"]}}],"collection":[{"href":"https:\/\/www.meydan.tv\/az\/wp-json\/wp\/v2\/posts"}],"about":[{"href":"https:\/\/www.meydan.tv\/az\/wp-json\/wp\/v2\/types\/post"}],"author":[{"embeddable":true,"href":"https:\/\/www.meydan.tv\/az\/wp-json\/wp\/v2\/users\/8"}],"replies":[{"embeddable":true,"href":"https:\/\/www.meydan.tv\/az\/wp-json\/wp\/v2\/comments?post=263347"}],"version-history":[{"count":1,"href":"https:\/\/www.meydan.tv\/az\/wp-json\/wp\/v2\/posts\/263347\/revisions"}],"predecessor-version":[{"id":263348,"href":"https:\/\/www.meydan.tv\/az\/wp-json\/wp\/v2\/posts\/263347\/revisions\/263348"}],"wp:featuredmedia":[{"embeddable":true,"href":"https:\/\/www.meydan.tv\/az\/wp-json\/wp\/v2\/media\/263334"}],"wp:attachment":[{"href":"https:\/\/www.meydan.tv\/az\/wp-json\/wp\/v2\/media?parent=263347"}],"wp:term":[{"taxonomy":"category","embeddable":true,"href":"https:\/\/www.meydan.tv\/az\/wp-json\/wp\/v2\/categories?post=263347"},{"taxonomy":"post_tag","embeddable":true,"href":"https:\/\/www.meydan.tv\/az\/wp-json\/wp\/v2\/tags?post=263347"}],"curies":[{"name":"wp","href":"https:\/\/api.w.org\/{rel}","templated":true}]}}