{"id":263310,"date":"2022-12-14T13:55:15","date_gmt":"2022-12-14T09:55:15","guid":{"rendered":"https:\/\/www.meydan.tv\/?p=263310"},"modified":"2022-12-14T18:59:25","modified_gmt":"2022-12-14T14:59:25","slug":"naxcivanda-daha-bir-memur-hebs-edilib","status":"publish","type":"post","link":"https:\/\/www.meydan.tv\/az\/article\/naxcivanda-daha-bir-memur-hebs-edilib\/","title":{"rendered":"<strong>Nax\u00e7\u0131vanda daha bir m\u0259mur h\u0259bs edilib<\/strong>"},"content":{"rendered":"\n<figure class=\"wp-block-embed is-type-video is-provider-youtube wp-block-embed-youtube wp-embed-aspect-16-9 wp-has-aspect-ratio\"><div class=\"wp-block-embed__wrapper\">\n<iframe title=\"Nax\u00e7\u0131vanda daha bir m\u0259mur 212 milyondan art\u0131q yeyintid\u0259 ittiham olunaraq h\u0259bs edildi\" width=\"1200\" height=\"675\" data-src=\"https:\/\/www.youtube.com\/embed\/G7jZp9EBd9E?feature=oembed\" frameborder=\"0\" allow=\"accelerometer; autoplay; clipboard-write; encrypted-media; gyroscope; picture-in-picture\" allowfullscreen src=\"data:image\/svg+xml;base64,PHN2ZyB3aWR0aD0iMSIgaGVpZ2h0PSIxIiB4bWxucz0iaHR0cDovL3d3dy53My5vcmcvMjAwMC9zdmciPjwvc3ZnPg==\" class=\"lazyload\" data-load-mode=\"1\"><\/iframe>\n<\/div><\/figure>\n\n\n\n<!--more-->\n\n\n\n<p><em>O, 212 milyondan art\u0131q v\u0259saiti m\u0259nims\u0259m\u0259d\u0259 ittiham olunur<\/em><\/p>\n\n\n\n<p>Dekabr\u0131n 13-d\u0259 Nax\u00e7\u0131van Muxtar Respublikas\u0131 \u015e\u0259h\u0259rsalma v\u0259 Arxitektura Komit\u0259sinin s\u0259dri Hicran R\u00fcst\u0259movun h\u0259bs olundu\u011fu bildirilir.<\/p>\n\n\n\n<p>S\u0259bail Rayon M\u0259hk\u0259m\u0259sind\u0259n &#8220;Turan&#8221;a <a href=\"https:\/\/www.turan.az\/ext\/news\/2022\/12\/free\/politics_news\/az\/12778.htm\" target=\"_blank\" rel=\"noreferrer noopener\">bildiribl\u0259r <\/a>ki, onun bar\u0259sind\u0259 istintaq orqan\u0131n\u0131n v\u0259sat\u0259ti \u0259sas\u0131nda h\u0259bs-q\u0259timkan t\u0259dbiri se\u00e7ilib.<\/p>\n\n\n\n<p>Hicran R\u00fcst\u0259mov v\u0259zif\u0259 s\u0259lahiyy\u0259tl\u0259rind\u0259n sui-istifad\u0259 ed\u0259r\u0259k &#8220;x\u00fcsusi k\u00fclli miqdarda&#8221; v\u0259saiti, muxtar respublikada tikinti v\u0259 abadl\u0131q i\u015fl\u0259rinin yerin\u0259 yetirilm\u0259si \u00fc\u00e7\u00fcn n\u0259z\u0259rd\u0259 212 milyon 361 min manat\u0131 m\u0259nims\u0259m\u0259d\u0259 ittiham olunur.<\/p>\n\n\n\n<p>M\u0259s\u0259l\u0259 il\u0259 ba\u011fl\u0131 Hicran R\u00fcst\u0259movun v\u0259kilind\u0259n m\u00fcnasib\u0259t \u00f6yr\u0259nm\u0259k m\u00fcmk\u00fcn olmay\u0131b.<\/p>\n\n\n\n<p>Hicran R\u00fcst\u0259mov 2017-ci ild\u0259 Nax\u00e7\u0131van Muxtar Respublikas\u0131 Ali M\u0259clisinin S\u0259dri Vasif Tal\u0131bovun s\u0259r\u0259ncam\u0131 il\u0259 v\u0259zif\u0259y\u0259 t\u0259yin edilib.<\/p>\n\n\n\n<p>Komit\u0259 s\u0259drliyin\u0259d\u0259k Hicran R\u00fcst\u0259mov Nax\u00e7\u0131van Muxtar Respublikas\u0131 D\u00f6vl\u0259t \u015e\u0259h\u0259rsalma v\u0259 Arxitektura Komit\u0259sinin s\u0259dr m\u00fcavini v\u0259zif\u0259sind\u0259 \u00e7al\u0131\u015f\u0131b.<\/p>\n\n\n\n<p>Hicran R\u00fcst\u0259movun v\u0259zif\u0259d\u0259 oldu\u011fu ill\u0259rd\u0259 \u2013 2018-ci ild\u0259n Nax\u00e7\u0131van Muxtar Respublikas\u0131 D\u00f6vl\u0259t \u015e\u0259h\u0259rsalma v\u0259 Arxitektura Komit\u0259sinin x\u0259tti il\u0259 173 milyon 984 min 900 manatl\u0131q in\u015faat i\u015fl\u0259rinin yerin\u0259 yetirildiyi <a href=\"https:\/\/azertag.az\/xeber\/1233157\" target=\"_blank\" rel=\"noreferrer noopener\">bidirilir<\/a>.<\/p>\n\n\n\n<p>H\u0259min vaxt Hicran R\u00fcst\u0259mov bildirib ki, muxtar respublikan\u0131n ali, orta ixtisas v\u0259 orta \u00fcmumt\u0259hsil m\u0259kt\u0259bl\u0259ri \u00fc\u00e7\u00fcn 10 binan\u0131n yenid\u0259n qurulmas\u0131 v\u0259 tikintisi ba\u015fa \u00e7atd\u0131r\u0131laraq istifad\u0259y\u0259 verilib.<\/p>\n\n\n\n<p>Bir il sonra, 2019-cu ild\u0259 is\u0259 Nax\u00e7\u0131van Muxtar Respublikas\u0131 D\u00f6vl\u0259t \u015e\u0259h\u0259rsalma v\u0259 Arxitektura Komit\u0259sinin x\u0259tti il\u0259 2019-cu ild\u0259 muxtar respublikada 187 milyon 979 min manatl\u0131q in\u015faat i\u015fl\u0259ri yerin\u0259 <a href=\"https:\/\/azertag.az\/xeber\/1386036\" target=\"_blank\" rel=\"noreferrer noopener\">yetirilib<\/a>.<\/p>\n\n\n\n<p>R\u00fcst\u0259mov deyib ki, 2019-cu il \u0259rzind\u0259 m\u00fcasir t\u0259l\u0259bl\u0259r \u0259sas\u0131nda in\u015fa olunmu\u015f yeni obyektl\u0259r istifad\u0259y\u0259 verilib, sosial probleml\u0259rin h\u0259llin\u0259 xidm\u0259t ed\u0259n infrastruktur sah\u0259l\u0259ri yarad\u0131l\u0131b.<\/p>\n\n\n\n<p>Onun v\u0259zif\u0259d\u0259 oldu\u011fu 2018 v\u0259 2019-cu ill\u0259r\u0259 aid a\u00e7\u0131qlanan r\u0259smi r\u0259q\u0259ml\u0259rd\u0259 is\u0259 \u00fcmumilikd\u0259 Nax\u00e7\u0131vanda \u015f\u0259h\u0259rsalma v\u0259 tikinti i\u015fl\u0259rin\u0259 361 milyondan art\u0131q v\u0259saitin x\u0259rcl\u0259ndiyi qeyd olunur.<\/p>\n\n\n\n<p>Nax\u00e7\u0131vanda m\u0259murlar\u0131n korrupsiya ittiham\u0131 il\u0259 h\u0259bs olunmas\u0131 prosesi \u00f6t\u0259n aydan ba\u015flay\u0131b.<\/p>\n\n\n\n<p>Noyabr\u0131n 25-d\u0259 Nax\u00e7\u0131van Muxtar Respublikas\u0131 D\u00f6vl\u0259t G\u00f6mr\u00fck Komit\u0259sinin (DGK) \u015f\u00f6b\u0259 r\u0259isi M\u0259nsur \u018fsg\u0259rov (132 milyon m\u0259nims\u0259m\u0259), ondan sonra is\u0259 Nax\u00e7\u0131van Muxtar Respublikas\u0131 Maliyy\u0259 naziri Rafael \u018fliyev (144 milyon m\u0259nims\u0259m\u0259) bar\u0259sind\u0259 eyni ittihamlar elan edil\u0259r\u0259k h\u0259bs edilib.<\/p>\n","protected":false},"excerpt":{"rendered":"","protected":false},"author":8,"featured_media":257656,"comment_status":"closed","ping_status":"closed","sticky":false,"template":"","format":"standard","meta":{"_acf_changed":false,"_sitemap_exclude":false,"_sitemap_priority":"","_sitemap_frequency":"","footnotes":""},"categories":[60,79,63,56],"tags":[],"class_list":["post-263310","post","type-post","status-publish","format-standard","has-post-thumbnail","hentry","category-bolge","category-featured","category-video-2","category-xeberler","infinite-scroll-item","generate-columns","tablet-grid-50","mobile-grid-100","grid-parent","grid-33","no-featured-image-padding"],"acf":[],"yoast_head":"<!-- This site is optimized with the Yoast SEO plugin v27.5 - https:\/\/yoast.com\/product\/yoast-seo-wordpress\/ -->\n<title>Nax\u00e7\u0131vanda daha bir m\u0259mur h\u0259bs edilib - MEYDAN.TV<\/title>\n<meta name=\"robots\" content=\"index, follow, max-snippet:-1, max-image-preview:large, max-video-preview:-1\" \/>\n<link rel=\"canonical\" href=\"https:\/\/www.meydan.tv\/az\/article\/naxcivanda-daha-bir-memur-hebs-edilib\/\" \/>\n<meta property=\"og:locale\" content=\"az_AZ\" \/>\n<meta property=\"og:type\" content=\"article\" \/>\n<meta property=\"og:title\" content=\"Nax\u00e7\u0131vanda daha bir m\u0259mur h\u0259bs edilib - MEYDAN.TV\" \/>\n<meta property=\"og:url\" content=\"https:\/\/www.meydan.tv\/az\/article\/naxcivanda-daha-bir-memur-hebs-edilib\/\" \/>\n<meta property=\"og:site_name\" content=\"MEYDAN.TV\" \/>\n<meta property=\"article:published_time\" content=\"2022-12-14T09:55:15+00:00\" \/>\n<meta property=\"article:modified_time\" content=\"2022-12-14T14:59:25+00:00\" \/>\n<meta property=\"og:image\" content=\"https:\/\/www.meydan.tv\/wp-content\/uploads\/untitled_artwork_1-2.jpg\" \/>\n\t<meta property=\"og:image:width\" content=\"1200\" \/>\n\t<meta property=\"og:image:height\" content=\"675\" \/>\n\t<meta property=\"og:image:type\" content=\"image\/jpeg\" \/>\n<meta name=\"author\" content=\"elli\" \/>\n<meta name=\"twitter:card\" content=\"summary_large_image\" \/>\n<meta name=\"twitter:creator\" content=\"@elli\" \/>\n<script type=\"application\/ld+json\" class=\"yoast-schema-graph\">{\"@context\":\"https:\\\/\\\/schema.org\",\"@graph\":[{\"@type\":\"Article\",\"@id\":\"https:\\\/\\\/www.meydan.tv\\\/az\\\/article\\\/naxcivanda-daha-bir-memur-hebs-edilib\\\/#article\",\"isPartOf\":{\"@id\":\"https:\\\/\\\/www.meydan.tv\\\/az\\\/article\\\/naxcivanda-daha-bir-memur-hebs-edilib\\\/\"},\"author\":{\"name\":\"elli\",\"@id\":\"https:\\\/\\\/www.meydan.tv\\\/az\\\/#\\\/schema\\\/person\\\/9cdbecf90d17180ce1dfbd95b08dcf47\"},\"headline\":\"Nax\u00e7\u0131vanda daha bir m\u0259mur h\u0259bs edilib\",\"datePublished\":\"2022-12-14T09:55:15+00:00\",\"dateModified\":\"2022-12-14T14:59:25+00:00\",\"mainEntityOfPage\":{\"@id\":\"https:\\\/\\\/www.meydan.tv\\\/az\\\/article\\\/naxcivanda-daha-bir-memur-hebs-edilib\\\/\"},\"wordCount\":484,\"publisher\":{\"@id\":\"https:\\\/\\\/www.meydan.tv\\\/az\\\/#organization\"},\"image\":{\"@id\":\"https:\\\/\\\/www.meydan.tv\\\/az\\\/article\\\/naxcivanda-daha-bir-memur-hebs-edilib\\\/#primaryimage\"},\"thumbnailUrl\":\"https:\\\/\\\/www.meydan.tv\\\/wp-content\\\/uploads\\\/untitled_artwork_1-2.jpg\",\"articleSection\":[\"B\u00f6lg\u0259\",\"T\u00f6vsiy\u0259\",\"Video\",\"X\u0259b\u0259rl\u0259r\"],\"inLanguage\":\"az\"},{\"@type\":\"WebPage\",\"@id\":\"https:\\\/\\\/www.meydan.tv\\\/az\\\/article\\\/naxcivanda-daha-bir-memur-hebs-edilib\\\/\",\"url\":\"https:\\\/\\\/www.meydan.tv\\\/az\\\/article\\\/naxcivanda-daha-bir-memur-hebs-edilib\\\/\",\"name\":\"Nax\u00e7\u0131vanda daha bir m\u0259mur h\u0259bs edilib - MEYDAN.TV\",\"isPartOf\":{\"@id\":\"https:\\\/\\\/www.meydan.tv\\\/az\\\/#website\"},\"primaryImageOfPage\":{\"@id\":\"https:\\\/\\\/www.meydan.tv\\\/az\\\/article\\\/naxcivanda-daha-bir-memur-hebs-edilib\\\/#primaryimage\"},\"image\":{\"@id\":\"https:\\\/\\\/www.meydan.tv\\\/az\\\/article\\\/naxcivanda-daha-bir-memur-hebs-edilib\\\/#primaryimage\"},\"thumbnailUrl\":\"https:\\\/\\\/www.meydan.tv\\\/wp-content\\\/uploads\\\/untitled_artwork_1-2.jpg\",\"datePublished\":\"2022-12-14T09:55:15+00:00\",\"dateModified\":\"2022-12-14T14:59:25+00:00\",\"breadcrumb\":{\"@id\":\"https:\\\/\\\/www.meydan.tv\\\/az\\\/article\\\/naxcivanda-daha-bir-memur-hebs-edilib\\\/#breadcrumb\"},\"inLanguage\":\"az\",\"potentialAction\":[{\"@type\":\"ReadAction\",\"target\":[\"https:\\\/\\\/www.meydan.tv\\\/az\\\/article\\\/naxcivanda-daha-bir-memur-hebs-edilib\\\/\"]}]},{\"@type\":\"ImageObject\",\"inLanguage\":\"az\",\"@id\":\"https:\\\/\\\/www.meydan.tv\\\/az\\\/article\\\/naxcivanda-daha-bir-memur-hebs-edilib\\\/#primaryimage\",\"url\":\"https:\\\/\\\/www.meydan.tv\\\/wp-content\\\/uploads\\\/untitled_artwork_1-2.jpg\",\"contentUrl\":\"https:\\\/\\\/www.meydan.tv\\\/wp-content\\\/uploads\\\/untitled_artwork_1-2.jpg\",\"width\":1200,\"height\":675,\"caption\":\"\u0130ll\u00fcstrasiya: Meydan TV\"},{\"@type\":\"BreadcrumbList\",\"@id\":\"https:\\\/\\\/www.meydan.tv\\\/az\\\/article\\\/naxcivanda-daha-bir-memur-hebs-edilib\\\/#breadcrumb\",\"itemListElement\":[{\"@type\":\"ListItem\",\"position\":1,\"name\":\"Ana s\u0259hif\u0259\",\"item\":\"https:\\\/\\\/www.meydan.tv\\\/az\\\/\"},{\"@type\":\"ListItem\",\"position\":2,\"name\":\"B\u00f6lg\u0259\",\"item\":\"https:\\\/\\\/www.meydan.tv\\\/az\\\/section\\\/bolge\\\/\"},{\"@type\":\"ListItem\",\"position\":3,\"name\":\"Nax\u00e7\u0131vanda daha bir m\u0259mur h\u0259bs edilib\"}]},{\"@type\":\"WebSite\",\"@id\":\"https:\\\/\\\/www.meydan.tv\\\/az\\\/#website\",\"url\":\"https:\\\/\\\/www.meydan.tv\\\/az\\\/\",\"name\":\"MEYDAN.TV\",\"description\":\"Meydan TV Az\u0259rbaycan\u0131n media m\u0259kan\u0131ndak\u0131 alternativ s\u0259sidir\",\"publisher\":{\"@id\":\"https:\\\/\\\/www.meydan.tv\\\/az\\\/#organization\"},\"potentialAction\":[{\"@type\":\"SearchAction\",\"target\":{\"@type\":\"EntryPoint\",\"urlTemplate\":\"https:\\\/\\\/www.meydan.tv\\\/az\\\/?s={search_term_string}\"},\"query-input\":{\"@type\":\"PropertyValueSpecification\",\"valueRequired\":true,\"valueName\":\"search_term_string\"}}],\"inLanguage\":\"az\"},{\"@type\":\"Organization\",\"@id\":\"https:\\\/\\\/www.meydan.tv\\\/az\\\/#organization\",\"name\":\"Meydan TV\",\"url\":\"https:\\\/\\\/www.meydan.tv\\\/az\\\/\",\"logo\":{\"@type\":\"ImageObject\",\"inLanguage\":\"az\",\"@id\":\"https:\\\/\\\/www.meydan.tv\\\/az\\\/#\\\/schema\\\/logo\\\/image\\\/\",\"url\":\"https:\\\/\\\/www.meydan.tv\\\/wp-content\\\/uploads\\\/2021\\\/07\\\/meydan-logo.svg\",\"contentUrl\":\"https:\\\/\\\/www.meydan.tv\\\/wp-content\\\/uploads\\\/2021\\\/07\\\/meydan-logo.svg\",\"width\":195,\"height\":46,\"caption\":\"Meydan TV\"},\"image\":{\"@id\":\"https:\\\/\\\/www.meydan.tv\\\/az\\\/#\\\/schema\\\/logo\\\/image\\\/\"}},{\"@type\":\"Person\",\"@id\":\"https:\\\/\\\/www.meydan.tv\\\/az\\\/#\\\/schema\\\/person\\\/9cdbecf90d17180ce1dfbd95b08dcf47\",\"name\":\"elli\",\"sameAs\":[\"https:\\\/\\\/x.com\\\/elli\"]}]}<\/script>\n<!-- \/ Yoast SEO plugin. -->","yoast_head_json":{"title":"Nax\u00e7\u0131vanda daha bir m\u0259mur h\u0259bs edilib - MEYDAN.TV","robots":{"index":"index","follow":"follow","max-snippet":"max-snippet:-1","max-image-preview":"max-image-preview:large","max-video-preview":"max-video-preview:-1"},"canonical":"https:\/\/www.meydan.tv\/az\/article\/naxcivanda-daha-bir-memur-hebs-edilib\/","og_locale":"az_AZ","og_type":"article","og_title":"Nax\u00e7\u0131vanda daha bir m\u0259mur h\u0259bs edilib - MEYDAN.TV","og_url":"https:\/\/www.meydan.tv\/az\/article\/naxcivanda-daha-bir-memur-hebs-edilib\/","og_site_name":"MEYDAN.TV","article_published_time":"2022-12-14T09:55:15+00:00","article_modified_time":"2022-12-14T14:59:25+00:00","og_image":[{"width":1200,"height":675,"url":"https:\/\/www.meydan.tv\/wp-content\/uploads\/untitled_artwork_1-2.jpg","type":"image\/jpeg"}],"author":"elli","twitter_card":"summary_large_image","twitter_creator":"@elli","schema":{"@context":"https:\/\/schema.org","@graph":[{"@type":"Article","@id":"https:\/\/www.meydan.tv\/az\/article\/naxcivanda-daha-bir-memur-hebs-edilib\/#article","isPartOf":{"@id":"https:\/\/www.meydan.tv\/az\/article\/naxcivanda-daha-bir-memur-hebs-edilib\/"},"author":{"name":"elli","@id":"https:\/\/www.meydan.tv\/az\/#\/schema\/person\/9cdbecf90d17180ce1dfbd95b08dcf47"},"headline":"Nax\u00e7\u0131vanda daha bir m\u0259mur h\u0259bs edilib","datePublished":"2022-12-14T09:55:15+00:00","dateModified":"2022-12-14T14:59:25+00:00","mainEntityOfPage":{"@id":"https:\/\/www.meydan.tv\/az\/article\/naxcivanda-daha-bir-memur-hebs-edilib\/"},"wordCount":484,"publisher":{"@id":"https:\/\/www.meydan.tv\/az\/#organization"},"image":{"@id":"https:\/\/www.meydan.tv\/az\/article\/naxcivanda-daha-bir-memur-hebs-edilib\/#primaryimage"},"thumbnailUrl":"https:\/\/www.meydan.tv\/wp-content\/uploads\/untitled_artwork_1-2.jpg","articleSection":["B\u00f6lg\u0259","T\u00f6vsiy\u0259","Video","X\u0259b\u0259rl\u0259r"],"inLanguage":"az"},{"@type":"WebPage","@id":"https:\/\/www.meydan.tv\/az\/article\/naxcivanda-daha-bir-memur-hebs-edilib\/","url":"https:\/\/www.meydan.tv\/az\/article\/naxcivanda-daha-bir-memur-hebs-edilib\/","name":"Nax\u00e7\u0131vanda daha bir m\u0259mur h\u0259bs edilib - MEYDAN.TV","isPartOf":{"@id":"https:\/\/www.meydan.tv\/az\/#website"},"primaryImageOfPage":{"@id":"https:\/\/www.meydan.tv\/az\/article\/naxcivanda-daha-bir-memur-hebs-edilib\/#primaryimage"},"image":{"@id":"https:\/\/www.meydan.tv\/az\/article\/naxcivanda-daha-bir-memur-hebs-edilib\/#primaryimage"},"thumbnailUrl":"https:\/\/www.meydan.tv\/wp-content\/uploads\/untitled_artwork_1-2.jpg","datePublished":"2022-12-14T09:55:15+00:00","dateModified":"2022-12-14T14:59:25+00:00","breadcrumb":{"@id":"https:\/\/www.meydan.tv\/az\/article\/naxcivanda-daha-bir-memur-hebs-edilib\/#breadcrumb"},"inLanguage":"az","potentialAction":[{"@type":"ReadAction","target":["https:\/\/www.meydan.tv\/az\/article\/naxcivanda-daha-bir-memur-hebs-edilib\/"]}]},{"@type":"ImageObject","inLanguage":"az","@id":"https:\/\/www.meydan.tv\/az\/article\/naxcivanda-daha-bir-memur-hebs-edilib\/#primaryimage","url":"https:\/\/www.meydan.tv\/wp-content\/uploads\/untitled_artwork_1-2.jpg","contentUrl":"https:\/\/www.meydan.tv\/wp-content\/uploads\/untitled_artwork_1-2.jpg","width":1200,"height":675,"caption":"\u0130ll\u00fcstrasiya: Meydan TV"},{"@type":"BreadcrumbList","@id":"https:\/\/www.meydan.tv\/az\/article\/naxcivanda-daha-bir-memur-hebs-edilib\/#breadcrumb","itemListElement":[{"@type":"ListItem","position":1,"name":"Ana s\u0259hif\u0259","item":"https:\/\/www.meydan.tv\/az\/"},{"@type":"ListItem","position":2,"name":"B\u00f6lg\u0259","item":"https:\/\/www.meydan.tv\/az\/section\/bolge\/"},{"@type":"ListItem","position":3,"name":"Nax\u00e7\u0131vanda daha bir m\u0259mur h\u0259bs edilib"}]},{"@type":"WebSite","@id":"https:\/\/www.meydan.tv\/az\/#website","url":"https:\/\/www.meydan.tv\/az\/","name":"MEYDAN.TV","description":"Meydan TV Az\u0259rbaycan\u0131n media m\u0259kan\u0131ndak\u0131 alternativ s\u0259sidir","publisher":{"@id":"https:\/\/www.meydan.tv\/az\/#organization"},"potentialAction":[{"@type":"SearchAction","target":{"@type":"EntryPoint","urlTemplate":"https:\/\/www.meydan.tv\/az\/?s={search_term_string}"},"query-input":{"@type":"PropertyValueSpecification","valueRequired":true,"valueName":"search_term_string"}}],"inLanguage":"az"},{"@type":"Organization","@id":"https:\/\/www.meydan.tv\/az\/#organization","name":"Meydan TV","url":"https:\/\/www.meydan.tv\/az\/","logo":{"@type":"ImageObject","inLanguage":"az","@id":"https:\/\/www.meydan.tv\/az\/#\/schema\/logo\/image\/","url":"https:\/\/www.meydan.tv\/wp-content\/uploads\/2021\/07\/meydan-logo.svg","contentUrl":"https:\/\/www.meydan.tv\/wp-content\/uploads\/2021\/07\/meydan-logo.svg","width":195,"height":46,"caption":"Meydan TV"},"image":{"@id":"https:\/\/www.meydan.tv\/az\/#\/schema\/logo\/image\/"}},{"@type":"Person","@id":"https:\/\/www.meydan.tv\/az\/#\/schema\/person\/9cdbecf90d17180ce1dfbd95b08dcf47","name":"elli","sameAs":["https:\/\/x.com\/elli"]}]}},"_links":{"self":[{"href":"https:\/\/www.meydan.tv\/az\/wp-json\/wp\/v2\/posts\/263310","targetHints":{"allow":["GET"]}}],"collection":[{"href":"https:\/\/www.meydan.tv\/az\/wp-json\/wp\/v2\/posts"}],"about":[{"href":"https:\/\/www.meydan.tv\/az\/wp-json\/wp\/v2\/types\/post"}],"author":[{"embeddable":true,"href":"https:\/\/www.meydan.tv\/az\/wp-json\/wp\/v2\/users\/8"}],"replies":[{"embeddable":true,"href":"https:\/\/www.meydan.tv\/az\/wp-json\/wp\/v2\/comments?post=263310"}],"version-history":[{"count":3,"href":"https:\/\/www.meydan.tv\/az\/wp-json\/wp\/v2\/posts\/263310\/revisions"}],"predecessor-version":[{"id":263444,"href":"https:\/\/www.meydan.tv\/az\/wp-json\/wp\/v2\/posts\/263310\/revisions\/263444"}],"wp:featuredmedia":[{"embeddable":true,"href":"https:\/\/www.meydan.tv\/az\/wp-json\/wp\/v2\/media\/257656"}],"wp:attachment":[{"href":"https:\/\/www.meydan.tv\/az\/wp-json\/wp\/v2\/media?parent=263310"}],"wp:term":[{"taxonomy":"category","embeddable":true,"href":"https:\/\/www.meydan.tv\/az\/wp-json\/wp\/v2\/categories?post=263310"},{"taxonomy":"post_tag","embeddable":true,"href":"https:\/\/www.meydan.tv\/az\/wp-json\/wp\/v2\/tags?post=263310"}],"curies":[{"name":"wp","href":"https:\/\/api.w.org\/{rel}","templated":true}]}}