{"id":263124,"date":"2022-12-12T11:50:47","date_gmt":"2022-12-12T07:50:47","guid":{"rendered":"https:\/\/www.meydan.tv\/?p=263124"},"modified":"2022-12-12T11:52:28","modified_gmt":"2022-12-12T07:52:28","slug":"kecmis-doyuscu-elillik-derecesi-ala-bilmediyini-deyir","status":"publish","type":"post","link":"https:\/\/www.meydan.tv\/az\/article\/kecmis-doyuscu-elillik-derecesi-ala-bilmediyini-deyir\/","title":{"rendered":"Ke\u00e7mi\u015f d\u00f6y\u00fc\u015f\u00e7\u00fc \u0259lillik d\u0259r\u0259c\u0259si ala bilm\u0259diyini deyir"},"content":{"rendered":"\n<p><\/p>\n\n\n\n<p>\u201c<em>G\u00fccl\u00fc ba\u015f a\u011fr\u0131lar\u0131ndan \u0259ziyy\u0259t \u00e7\u0259kir\u0259m, \u00f6z\u00fcm\u0259 n\u0259zar\u0259t ed\u0259 bilmir\u0259m\u201d<br><\/em><\/p>\n\n\n\n<p>\u201c\u0130kinci Qaraba\u011f M\u00fcharib\u0259sind\u0259 yaralansam da, m\u0259n\u0259 \u0259lillik d\u0259r\u0259c\u0259si verilmir. D\u0259f\u0259l\u0259rl\u0259 m\u00fcraci\u0259t etm\u0259yim\u0259 baxmayaraq imtina cavab\u0131 g\u0259lir\u201d.<\/p>\n\n\n\n<p>Bunu Meydan TV-y\u0259 m\u00fcharib\u0259 i\u015ftirak\u00e7\u0131s\u0131, 1986-c\u0131 il t\u0259v\u0259ll\u00fcdl\u00fc Vasif \u018fhm\u0259dov deyib. Onun s\u00f6zl\u0259rin\u0259 g\u00f6r\u0259, m\u00fcharib\u0259nin ilk g\u00fcn\u00fcnd\u0259n c\u0259bh\u0259d\u0259 olub, MAXE (m\u00fcdd\u0259td\u0259n art\u0131q xidm\u0259t ed\u0259n h\u0259rbi qulluq\u00e7u) kimi Daxili \u0130\u015fl\u0259r Nazirliyinin Daxili Qo\u015funlar\u0131nda, N sayl\u0131 h\u0259rbi hiss\u0259nin X\u00fcsusi T\u0259yinatl\u0131 d\u0259st\u0259sinin istehkam\u00e7\u0131 yar\u0131mqrupunun komandiri olub.<\/p>\n\n\n\n<p>\u201cD\u00f6y\u00fc\u015fd\u0259 m\u0259rmi partlay\u0131\u015f\u0131 n\u0259tic\u0259sind\u0259 b\u0259d\u0259nimin v\u0259 ba\u015f\u0131m\u0131n m\u00fcxt\u0259lif yerl\u0259rind\u0259n a\u011f\u0131r yaralan\u0131\u015fam. Barotravma diaqnozu il\u0259 Saatl\u0131 Rayon M\u0259rk\u0259i X\u0259st\u0259xanas\u0131nda, sonra is\u0259 Daxili Qo\u015funlar\u0131n Hospital\u0131nda stasionar m\u00fcalic\u0259l\u0259r alm\u0131\u015fam. M\u00fcharib\u0259d\u0259n bu g\u00fcn\u0259 kimi m\u00fcalic\u0259m davam edir\u201d, &#8211; \u015fikay\u0259t\u00e7i deyib.<\/p>\n\n\n\n<figure class=\"wp-block-image size-large\"><img decoding=\"async\" width=\"462\" height=\"821\" data-src=\"https:\/\/www.meydan.tv\/wp-content\/uploads\/vasif_xestelik_____had__tnam__si-462x821.jpg\" alt=\"\" class=\"wp-image-263121 lazyload\" src=\"data:image\/svg+xml;base64,PHN2ZyB3aWR0aD0iMSIgaGVpZ2h0PSIxIiB4bWxucz0iaHR0cDovL3d3dy53My5vcmcvMjAwMC9zdmciPjwvc3ZnPg==\" style=\"--smush-placeholder-width: 462px; --smush-placeholder-aspect-ratio: 462\/821;\" \/><\/figure>\n\n\n\n<p>Fotolar: Meydan TV<\/p>\n\n\n\n<p>Ke\u00e7mi\u015f d\u00f6y\u00fc\u015f\u00e7\u00fc bildirib ki, D\u0130N-in Daxili Qo\u015funlar\u0131n H\u0259rbi Hospital\u0131n h\u0259kim komissiyas\u0131 ona \u201cPartlay\u0131\u015f travmas\u0131 n\u0259tic\u0259sind\u0259 odlu silah (\u00e7oxsayl\u0131 q\u0259lp\u0259) yaralanmas\u0131ndan sonrak\u0131 v\u0259ziyy\u0259t. Barotravma. Sol diz oyna\u011f\u0131n\u0131n kontrkturas\u0131, h\u0259r\u0259k\u0259tl\u0259rin m\u00fch\u00fcm d\u0259r\u0259c\u0259d\u0259 pozulmas\u0131. Davaml\u0131 a\u011fr\u0131 sindromu il\u0259 onur\u011fan\u0131n d\u00f6\u015f bel osteoxondrozu&#8221; diaqnozu qoyub.<\/p>\n\n\n\n<p>O, D\u0130N-nin Daxili Qo\u015funlar\u0131n H\u0259rbi Hospital\u0131n h\u0259kim komissiyas\u0131n\u0131n 18 yanvar 2022-ci tarixli , 13 N-li \u015e\u0259had\u0259tnam\u0259si \u0259sas\u0131nda h\u0259rbi xidm\u0259t\u0259 yarars\u0131z hesab edilib: \u201cS\u0259hiyy\u0259 Nazirliyinin Psixi Sa\u011flaml\u0131q M\u0259rk\u0259zinin ba\u015f direktoru, professor Fuad \u0130smay\u0131lov da m\u00fcayin\u0259 ed\u0259r\u0259k &#8220;\u00dczvi dissosiativ pozuntu F 06.5 Postrkomission sindrom F 07.2&#8243; diaqnozu qoyub. Tibb Universitetinin T\u0259dris C\u0259rrahiyy\u0259 Klinikas\u0131nda test zaman\u0131 h\u0259r iki qulaqda 2-ci d\u0259r\u0259c\u0259 neyrosensor tip a\u011f\u0131re\u015fitm\u0259 t\u0259sbit edildiyi n\u0259tic\u0259sin\u0259 g\u0259linib&#8221;.<\/p>\n\n\n\n<figure class=\"wp-block-image size-large\"><img decoding=\"async\" width=\"462\" height=\"821\" data-src=\"https:\/\/www.meydan.tv\/wp-content\/uploads\/vasif_ba___psixatrin_reyi-462x821.jpg\" alt=\"\" class=\"wp-image-263118 lazyload\" src=\"data:image\/svg+xml;base64,PHN2ZyB3aWR0aD0iMSIgaGVpZ2h0PSIxIiB4bWxucz0iaHR0cDovL3d3dy53My5vcmcvMjAwMC9zdmciPjwvc3ZnPg==\" style=\"--smush-placeholder-width: 462px; --smush-placeholder-aspect-ratio: 462\/821;\" \/><\/figure>\n\n\n\n<p>\u015eikay\u0259t\u00e7i bildirib ki, i\u015f qabiliyy\u0259tini tam itirib, normal h\u0259r\u0259k\u0259t etmir, g\u00fccl\u00fc ba\u015f a\u011fr\u0131lar\u0131ndan \u0259ziyy\u0259t \u00e7\u0259kir, \u00f6z\u00fcn\u0259 n\u0259zar\u0259t ed\u0259 bilmir. H\u0259tta Ma\u015fta\u011fa Psixi X\u0259st\u0259xanas\u0131nda m\u00fcalic\u0259 olunub. Bununla bel\u0259, ona \u0259lillik d\u0259r\u0259c\u0259si verilmir.<\/p>\n\n\n\n<p>\u018fm\u0259k v\u0259 \u018fhalinin Sosial M\u00fcdafi\u0259si Nazirliyind\u0259n Meydan TV-y\u0259 bildiribl\u0259r ki, Sumqay\u0131t \u015f\u0259h\u0259r sakini Vasif \u018fhm\u0259dov 28 oktyabr 2022-ci il tarixd\u0259 D\u00f6vl\u0259t Tibbi-Sosial Ekspertiza v\u0259 Reabilitasiya Agentliyind\u0259, S\u0259hiyy\u0259 Nazirliyi v\u0259 Agentliyin h\u0259kim-ekspertl\u0259ri t\u0259r\u0259find\u0259n birg\u0259 m\u00fcayin\u0259 edilib.<\/p>\n\n\n\n<figure class=\"wp-block-image size-large\"><img decoding=\"async\" width=\"462\" height=\"821\" data-src=\"https:\/\/www.meydan.tv\/wp-content\/uploads\/vasif_kompute_tom-462x821.jpg\" alt=\"\" class=\"wp-image-263115 lazyload\" src=\"data:image\/svg+xml;base64,PHN2ZyB3aWR0aD0iMSIgaGVpZ2h0PSIxIiB4bWxucz0iaHR0cDovL3d3dy53My5vcmcvMjAwMC9zdmciPjwvc3ZnPg==\" style=\"--smush-placeholder-width: 462px; --smush-placeholder-aspect-ratio: 462\/821;\" \/><\/figure>\n\n\n\n<p>M\u00fcayin\u0259 zaman\u0131 sol diz oyna\u011f\u0131nda travmadan sonrak\u0131 kontraktura izl\u0259nilm\u0259yib. A\u015fa\u011f\u0131 \u0259traflar\u0131n \u0259z\u0259l\u0259l\u0259rind\u0259 hipotrofiya m\u00fc\u015fahid\u0259 edilm\u0259yib.<\/p>\n\n\n\n<p>Bu bax\u0131mdan \u201c\u018flilliyin m\u00fc\u0259yy\u0259n olunmas\u0131 meyarlar\u0131\u201dna uy\u011fun olaraq \u201cDiaqnoz \u0259lillik \u0259lam\u0259ti t\u0259yin etm\u0259m\u0259si bar\u0259d\u0259\u201d q\u0259rar q\u0259bul edilib.<\/p>\n\n\n\n<figure class=\"wp-block-image size-large\"><img decoding=\"async\" width=\"462\" height=\"821\" data-src=\"https:\/\/www.meydan.tv\/wp-content\/uploads\/vasif_xestelik_tarixi_222-462x821.jpg\" alt=\"\" class=\"wp-image-263112 lazyload\" src=\"data:image\/svg+xml;base64,PHN2ZyB3aWR0aD0iMSIgaGVpZ2h0PSIxIiB4bWxucz0iaHR0cDovL3d3dy53My5vcmcvMjAwMC9zdmciPjwvc3ZnPg==\" style=\"--smush-placeholder-width: 462px; --smush-placeholder-aspect-ratio: 462\/821;\" \/><\/figure>\n","protected":false},"excerpt":{"rendered":"<p>\u201cG\u00fccl\u00fc ba\u015f a\u011fr\u0131lar\u0131ndan \u0259ziyy\u0259t \u00e7\u0259kir\u0259m, \u00f6z\u00fcm\u0259 n\u0259zar\u0259t ed\u0259 bilmir\u0259m\u201d \u201c\u0130kinci &#8230; <\/p>\n<p class=\"read-more-container\"><a title=\"Ke\u00e7mi\u015f d\u00f6y\u00fc\u015f\u00e7\u00fc \u0259lillik d\u0259r\u0259c\u0259si ala bilm\u0259diyini deyir\" class=\"read-more button\" href=\"https:\/\/www.meydan.tv\/az\/article\/kecmis-doyuscu-elillik-derecesi-ala-bilmediyini-deyir\/#more-263124\" aria-label=\"Read more about Ke\u00e7mi\u015f d\u00f6y\u00fc\u015f\u00e7\u00fc \u0259lillik d\u0259r\u0259c\u0259si ala bilm\u0259diyini deyir\">Davam\u0131<\/a><\/p>\n","protected":false},"author":8,"featured_media":261108,"comment_status":"closed","ping_status":"closed","sticky":false,"template":"","format":"standard","meta":{"_acf_changed":false,"_sitemap_exclude":false,"_sitemap_priority":"","_sitemap_frequency":"","footnotes":""},"categories":[60,56],"tags":[],"class_list":["post-263124","post","type-post","status-publish","format-standard","has-post-thumbnail","hentry","category-bolge","category-xeberler","infinite-scroll-item","generate-columns","tablet-grid-50","mobile-grid-100","grid-parent","grid-33","no-featured-image-padding"],"acf":[],"yoast_head":"<!-- This site is optimized with the Yoast SEO plugin v27.5 - https:\/\/yoast.com\/product\/yoast-seo-wordpress\/ -->\n<title>Ke\u00e7mi\u015f d\u00f6y\u00fc\u015f\u00e7\u00fc \u0259lillik d\u0259r\u0259c\u0259si ala bilm\u0259diyini deyir - MEYDAN.TV<\/title>\n<meta name=\"robots\" content=\"index, follow, max-snippet:-1, max-image-preview:large, max-video-preview:-1\" \/>\n<link rel=\"canonical\" href=\"https:\/\/www.meydan.tv\/az\/article\/kecmis-doyuscu-elillik-derecesi-ala-bilmediyini-deyir\/\" \/>\n<meta property=\"og:locale\" content=\"az_AZ\" \/>\n<meta property=\"og:type\" content=\"article\" \/>\n<meta property=\"og:title\" content=\"Ke\u00e7mi\u015f d\u00f6y\u00fc\u015f\u00e7\u00fc \u0259lillik d\u0259r\u0259c\u0259si ala bilm\u0259diyini deyir - MEYDAN.TV\" \/>\n<meta property=\"og:description\" content=\"\u201cG\u00fccl\u00fc ba\u015f a\u011fr\u0131lar\u0131ndan \u0259ziyy\u0259t \u00e7\u0259kir\u0259m, \u00f6z\u00fcm\u0259 n\u0259zar\u0259t ed\u0259 bilmir\u0259m\u201d \u201c\u0130kinci ... Davam\u0131\" \/>\n<meta property=\"og:url\" content=\"https:\/\/www.meydan.tv\/az\/article\/kecmis-doyuscu-elillik-derecesi-ala-bilmediyini-deyir\/\" \/>\n<meta property=\"og:site_name\" content=\"MEYDAN.TV\" \/>\n<meta property=\"article:published_time\" content=\"2022-12-12T07:50:47+00:00\" \/>\n<meta property=\"article:modified_time\" content=\"2022-12-12T07:52:28+00:00\" \/>\n<meta property=\"og:image\" content=\"https:\/\/www.meydan.tv\/wp-content\/uploads\/untitled_artwork-17-e1670831418348.jpg\" \/>\n\t<meta property=\"og:image:width\" content=\"1500\" \/>\n\t<meta property=\"og:image:height\" content=\"450\" \/>\n\t<meta property=\"og:image:type\" content=\"image\/jpeg\" \/>\n<meta name=\"author\" content=\"elli\" \/>\n<meta name=\"twitter:card\" content=\"summary_large_image\" \/>\n<meta name=\"twitter:creator\" content=\"@elli\" \/>\n<script type=\"application\/ld+json\" class=\"yoast-schema-graph\">{\"@context\":\"https:\\\/\\\/schema.org\",\"@graph\":[{\"@type\":\"Article\",\"@id\":\"https:\\\/\\\/www.meydan.tv\\\/az\\\/article\\\/kecmis-doyuscu-elillik-derecesi-ala-bilmediyini-deyir\\\/#article\",\"isPartOf\":{\"@id\":\"https:\\\/\\\/www.meydan.tv\\\/az\\\/article\\\/kecmis-doyuscu-elillik-derecesi-ala-bilmediyini-deyir\\\/\"},\"author\":{\"name\":\"elli\",\"@id\":\"https:\\\/\\\/www.meydan.tv\\\/az\\\/#\\\/schema\\\/person\\\/9cdbecf90d17180ce1dfbd95b08dcf47\"},\"headline\":\"Ke\u00e7mi\u015f d\u00f6y\u00fc\u015f\u00e7\u00fc \u0259lillik d\u0259r\u0259c\u0259si ala bilm\u0259diyini deyir\",\"datePublished\":\"2022-12-12T07:50:47+00:00\",\"dateModified\":\"2022-12-12T07:52:28+00:00\",\"mainEntityOfPage\":{\"@id\":\"https:\\\/\\\/www.meydan.tv\\\/az\\\/article\\\/kecmis-doyuscu-elillik-derecesi-ala-bilmediyini-deyir\\\/\"},\"wordCount\":538,\"publisher\":{\"@id\":\"https:\\\/\\\/www.meydan.tv\\\/az\\\/#organization\"},\"image\":{\"@id\":\"https:\\\/\\\/www.meydan.tv\\\/az\\\/article\\\/kecmis-doyuscu-elillik-derecesi-ala-bilmediyini-deyir\\\/#primaryimage\"},\"thumbnailUrl\":\"https:\\\/\\\/www.meydan.tv\\\/wp-content\\\/uploads\\\/untitled_artwork-17-e1670831418348.jpg\",\"articleSection\":[\"B\u00f6lg\u0259\",\"X\u0259b\u0259rl\u0259r\"],\"inLanguage\":\"az\"},{\"@type\":\"WebPage\",\"@id\":\"https:\\\/\\\/www.meydan.tv\\\/az\\\/article\\\/kecmis-doyuscu-elillik-derecesi-ala-bilmediyini-deyir\\\/\",\"url\":\"https:\\\/\\\/www.meydan.tv\\\/az\\\/article\\\/kecmis-doyuscu-elillik-derecesi-ala-bilmediyini-deyir\\\/\",\"name\":\"Ke\u00e7mi\u015f d\u00f6y\u00fc\u015f\u00e7\u00fc \u0259lillik d\u0259r\u0259c\u0259si ala bilm\u0259diyini deyir - MEYDAN.TV\",\"isPartOf\":{\"@id\":\"https:\\\/\\\/www.meydan.tv\\\/az\\\/#website\"},\"primaryImageOfPage\":{\"@id\":\"https:\\\/\\\/www.meydan.tv\\\/az\\\/article\\\/kecmis-doyuscu-elillik-derecesi-ala-bilmediyini-deyir\\\/#primaryimage\"},\"image\":{\"@id\":\"https:\\\/\\\/www.meydan.tv\\\/az\\\/article\\\/kecmis-doyuscu-elillik-derecesi-ala-bilmediyini-deyir\\\/#primaryimage\"},\"thumbnailUrl\":\"https:\\\/\\\/www.meydan.tv\\\/wp-content\\\/uploads\\\/untitled_artwork-17-e1670831418348.jpg\",\"datePublished\":\"2022-12-12T07:50:47+00:00\",\"dateModified\":\"2022-12-12T07:52:28+00:00\",\"breadcrumb\":{\"@id\":\"https:\\\/\\\/www.meydan.tv\\\/az\\\/article\\\/kecmis-doyuscu-elillik-derecesi-ala-bilmediyini-deyir\\\/#breadcrumb\"},\"inLanguage\":\"az\",\"potentialAction\":[{\"@type\":\"ReadAction\",\"target\":[\"https:\\\/\\\/www.meydan.tv\\\/az\\\/article\\\/kecmis-doyuscu-elillik-derecesi-ala-bilmediyini-deyir\\\/\"]}]},{\"@type\":\"ImageObject\",\"inLanguage\":\"az\",\"@id\":\"https:\\\/\\\/www.meydan.tv\\\/az\\\/article\\\/kecmis-doyuscu-elillik-derecesi-ala-bilmediyini-deyir\\\/#primaryimage\",\"url\":\"https:\\\/\\\/www.meydan.tv\\\/wp-content\\\/uploads\\\/untitled_artwork-17-e1670831418348.jpg\",\"contentUrl\":\"https:\\\/\\\/www.meydan.tv\\\/wp-content\\\/uploads\\\/untitled_artwork-17-e1670831418348.jpg\",\"width\":1500,\"height\":450,\"caption\":\"Foto: Meydan TV\"},{\"@type\":\"BreadcrumbList\",\"@id\":\"https:\\\/\\\/www.meydan.tv\\\/az\\\/article\\\/kecmis-doyuscu-elillik-derecesi-ala-bilmediyini-deyir\\\/#breadcrumb\",\"itemListElement\":[{\"@type\":\"ListItem\",\"position\":1,\"name\":\"Ana s\u0259hif\u0259\",\"item\":\"https:\\\/\\\/www.meydan.tv\\\/az\\\/\"},{\"@type\":\"ListItem\",\"position\":2,\"name\":\"B\u00f6lg\u0259\",\"item\":\"https:\\\/\\\/www.meydan.tv\\\/az\\\/section\\\/bolge\\\/\"},{\"@type\":\"ListItem\",\"position\":3,\"name\":\"Ke\u00e7mi\u015f d\u00f6y\u00fc\u015f\u00e7\u00fc \u0259lillik d\u0259r\u0259c\u0259si ala bilm\u0259diyini deyir\"}]},{\"@type\":\"WebSite\",\"@id\":\"https:\\\/\\\/www.meydan.tv\\\/az\\\/#website\",\"url\":\"https:\\\/\\\/www.meydan.tv\\\/az\\\/\",\"name\":\"MEYDAN.TV\",\"description\":\"Meydan TV Az\u0259rbaycan\u0131n media m\u0259kan\u0131ndak\u0131 alternativ s\u0259sidir\",\"publisher\":{\"@id\":\"https:\\\/\\\/www.meydan.tv\\\/az\\\/#organization\"},\"potentialAction\":[{\"@type\":\"SearchAction\",\"target\":{\"@type\":\"EntryPoint\",\"urlTemplate\":\"https:\\\/\\\/www.meydan.tv\\\/az\\\/?s={search_term_string}\"},\"query-input\":{\"@type\":\"PropertyValueSpecification\",\"valueRequired\":true,\"valueName\":\"search_term_string\"}}],\"inLanguage\":\"az\"},{\"@type\":\"Organization\",\"@id\":\"https:\\\/\\\/www.meydan.tv\\\/az\\\/#organization\",\"name\":\"Meydan TV\",\"url\":\"https:\\\/\\\/www.meydan.tv\\\/az\\\/\",\"logo\":{\"@type\":\"ImageObject\",\"inLanguage\":\"az\",\"@id\":\"https:\\\/\\\/www.meydan.tv\\\/az\\\/#\\\/schema\\\/logo\\\/image\\\/\",\"url\":\"https:\\\/\\\/www.meydan.tv\\\/wp-content\\\/uploads\\\/2021\\\/07\\\/meydan-logo.svg\",\"contentUrl\":\"https:\\\/\\\/www.meydan.tv\\\/wp-content\\\/uploads\\\/2021\\\/07\\\/meydan-logo.svg\",\"width\":195,\"height\":46,\"caption\":\"Meydan TV\"},\"image\":{\"@id\":\"https:\\\/\\\/www.meydan.tv\\\/az\\\/#\\\/schema\\\/logo\\\/image\\\/\"}},{\"@type\":\"Person\",\"@id\":\"https:\\\/\\\/www.meydan.tv\\\/az\\\/#\\\/schema\\\/person\\\/9cdbecf90d17180ce1dfbd95b08dcf47\",\"name\":\"elli\",\"sameAs\":[\"https:\\\/\\\/x.com\\\/elli\"]}]}<\/script>\n<!-- \/ Yoast SEO plugin. -->","yoast_head_json":{"title":"Ke\u00e7mi\u015f d\u00f6y\u00fc\u015f\u00e7\u00fc \u0259lillik d\u0259r\u0259c\u0259si ala bilm\u0259diyini deyir - MEYDAN.TV","robots":{"index":"index","follow":"follow","max-snippet":"max-snippet:-1","max-image-preview":"max-image-preview:large","max-video-preview":"max-video-preview:-1"},"canonical":"https:\/\/www.meydan.tv\/az\/article\/kecmis-doyuscu-elillik-derecesi-ala-bilmediyini-deyir\/","og_locale":"az_AZ","og_type":"article","og_title":"Ke\u00e7mi\u015f d\u00f6y\u00fc\u015f\u00e7\u00fc \u0259lillik d\u0259r\u0259c\u0259si ala bilm\u0259diyini deyir - MEYDAN.TV","og_description":"\u201cG\u00fccl\u00fc ba\u015f a\u011fr\u0131lar\u0131ndan \u0259ziyy\u0259t \u00e7\u0259kir\u0259m, \u00f6z\u00fcm\u0259 n\u0259zar\u0259t ed\u0259 bilmir\u0259m\u201d \u201c\u0130kinci ... Davam\u0131","og_url":"https:\/\/www.meydan.tv\/az\/article\/kecmis-doyuscu-elillik-derecesi-ala-bilmediyini-deyir\/","og_site_name":"MEYDAN.TV","article_published_time":"2022-12-12T07:50:47+00:00","article_modified_time":"2022-12-12T07:52:28+00:00","og_image":[{"width":1500,"height":450,"url":"https:\/\/www.meydan.tv\/wp-content\/uploads\/untitled_artwork-17-e1670831418348.jpg","type":"image\/jpeg"}],"author":"elli","twitter_card":"summary_large_image","twitter_creator":"@elli","schema":{"@context":"https:\/\/schema.org","@graph":[{"@type":"Article","@id":"https:\/\/www.meydan.tv\/az\/article\/kecmis-doyuscu-elillik-derecesi-ala-bilmediyini-deyir\/#article","isPartOf":{"@id":"https:\/\/www.meydan.tv\/az\/article\/kecmis-doyuscu-elillik-derecesi-ala-bilmediyini-deyir\/"},"author":{"name":"elli","@id":"https:\/\/www.meydan.tv\/az\/#\/schema\/person\/9cdbecf90d17180ce1dfbd95b08dcf47"},"headline":"Ke\u00e7mi\u015f d\u00f6y\u00fc\u015f\u00e7\u00fc \u0259lillik d\u0259r\u0259c\u0259si ala bilm\u0259diyini deyir","datePublished":"2022-12-12T07:50:47+00:00","dateModified":"2022-12-12T07:52:28+00:00","mainEntityOfPage":{"@id":"https:\/\/www.meydan.tv\/az\/article\/kecmis-doyuscu-elillik-derecesi-ala-bilmediyini-deyir\/"},"wordCount":538,"publisher":{"@id":"https:\/\/www.meydan.tv\/az\/#organization"},"image":{"@id":"https:\/\/www.meydan.tv\/az\/article\/kecmis-doyuscu-elillik-derecesi-ala-bilmediyini-deyir\/#primaryimage"},"thumbnailUrl":"https:\/\/www.meydan.tv\/wp-content\/uploads\/untitled_artwork-17-e1670831418348.jpg","articleSection":["B\u00f6lg\u0259","X\u0259b\u0259rl\u0259r"],"inLanguage":"az"},{"@type":"WebPage","@id":"https:\/\/www.meydan.tv\/az\/article\/kecmis-doyuscu-elillik-derecesi-ala-bilmediyini-deyir\/","url":"https:\/\/www.meydan.tv\/az\/article\/kecmis-doyuscu-elillik-derecesi-ala-bilmediyini-deyir\/","name":"Ke\u00e7mi\u015f d\u00f6y\u00fc\u015f\u00e7\u00fc \u0259lillik d\u0259r\u0259c\u0259si ala bilm\u0259diyini deyir - MEYDAN.TV","isPartOf":{"@id":"https:\/\/www.meydan.tv\/az\/#website"},"primaryImageOfPage":{"@id":"https:\/\/www.meydan.tv\/az\/article\/kecmis-doyuscu-elillik-derecesi-ala-bilmediyini-deyir\/#primaryimage"},"image":{"@id":"https:\/\/www.meydan.tv\/az\/article\/kecmis-doyuscu-elillik-derecesi-ala-bilmediyini-deyir\/#primaryimage"},"thumbnailUrl":"https:\/\/www.meydan.tv\/wp-content\/uploads\/untitled_artwork-17-e1670831418348.jpg","datePublished":"2022-12-12T07:50:47+00:00","dateModified":"2022-12-12T07:52:28+00:00","breadcrumb":{"@id":"https:\/\/www.meydan.tv\/az\/article\/kecmis-doyuscu-elillik-derecesi-ala-bilmediyini-deyir\/#breadcrumb"},"inLanguage":"az","potentialAction":[{"@type":"ReadAction","target":["https:\/\/www.meydan.tv\/az\/article\/kecmis-doyuscu-elillik-derecesi-ala-bilmediyini-deyir\/"]}]},{"@type":"ImageObject","inLanguage":"az","@id":"https:\/\/www.meydan.tv\/az\/article\/kecmis-doyuscu-elillik-derecesi-ala-bilmediyini-deyir\/#primaryimage","url":"https:\/\/www.meydan.tv\/wp-content\/uploads\/untitled_artwork-17-e1670831418348.jpg","contentUrl":"https:\/\/www.meydan.tv\/wp-content\/uploads\/untitled_artwork-17-e1670831418348.jpg","width":1500,"height":450,"caption":"Foto: Meydan TV"},{"@type":"BreadcrumbList","@id":"https:\/\/www.meydan.tv\/az\/article\/kecmis-doyuscu-elillik-derecesi-ala-bilmediyini-deyir\/#breadcrumb","itemListElement":[{"@type":"ListItem","position":1,"name":"Ana s\u0259hif\u0259","item":"https:\/\/www.meydan.tv\/az\/"},{"@type":"ListItem","position":2,"name":"B\u00f6lg\u0259","item":"https:\/\/www.meydan.tv\/az\/section\/bolge\/"},{"@type":"ListItem","position":3,"name":"Ke\u00e7mi\u015f d\u00f6y\u00fc\u015f\u00e7\u00fc \u0259lillik d\u0259r\u0259c\u0259si ala bilm\u0259diyini deyir"}]},{"@type":"WebSite","@id":"https:\/\/www.meydan.tv\/az\/#website","url":"https:\/\/www.meydan.tv\/az\/","name":"MEYDAN.TV","description":"Meydan TV Az\u0259rbaycan\u0131n media m\u0259kan\u0131ndak\u0131 alternativ s\u0259sidir","publisher":{"@id":"https:\/\/www.meydan.tv\/az\/#organization"},"potentialAction":[{"@type":"SearchAction","target":{"@type":"EntryPoint","urlTemplate":"https:\/\/www.meydan.tv\/az\/?s={search_term_string}"},"query-input":{"@type":"PropertyValueSpecification","valueRequired":true,"valueName":"search_term_string"}}],"inLanguage":"az"},{"@type":"Organization","@id":"https:\/\/www.meydan.tv\/az\/#organization","name":"Meydan TV","url":"https:\/\/www.meydan.tv\/az\/","logo":{"@type":"ImageObject","inLanguage":"az","@id":"https:\/\/www.meydan.tv\/az\/#\/schema\/logo\/image\/","url":"https:\/\/www.meydan.tv\/wp-content\/uploads\/2021\/07\/meydan-logo.svg","contentUrl":"https:\/\/www.meydan.tv\/wp-content\/uploads\/2021\/07\/meydan-logo.svg","width":195,"height":46,"caption":"Meydan TV"},"image":{"@id":"https:\/\/www.meydan.tv\/az\/#\/schema\/logo\/image\/"}},{"@type":"Person","@id":"https:\/\/www.meydan.tv\/az\/#\/schema\/person\/9cdbecf90d17180ce1dfbd95b08dcf47","name":"elli","sameAs":["https:\/\/x.com\/elli"]}]}},"_links":{"self":[{"href":"https:\/\/www.meydan.tv\/az\/wp-json\/wp\/v2\/posts\/263124","targetHints":{"allow":["GET"]}}],"collection":[{"href":"https:\/\/www.meydan.tv\/az\/wp-json\/wp\/v2\/posts"}],"about":[{"href":"https:\/\/www.meydan.tv\/az\/wp-json\/wp\/v2\/types\/post"}],"author":[{"embeddable":true,"href":"https:\/\/www.meydan.tv\/az\/wp-json\/wp\/v2\/users\/8"}],"replies":[{"embeddable":true,"href":"https:\/\/www.meydan.tv\/az\/wp-json\/wp\/v2\/comments?post=263124"}],"version-history":[{"count":3,"href":"https:\/\/www.meydan.tv\/az\/wp-json\/wp\/v2\/posts\/263124\/revisions"}],"predecessor-version":[{"id":263127,"href":"https:\/\/www.meydan.tv\/az\/wp-json\/wp\/v2\/posts\/263124\/revisions\/263127"}],"wp:featuredmedia":[{"embeddable":true,"href":"https:\/\/www.meydan.tv\/az\/wp-json\/wp\/v2\/media\/261108"}],"wp:attachment":[{"href":"https:\/\/www.meydan.tv\/az\/wp-json\/wp\/v2\/media?parent=263124"}],"wp:term":[{"taxonomy":"category","embeddable":true,"href":"https:\/\/www.meydan.tv\/az\/wp-json\/wp\/v2\/categories?post=263124"},{"taxonomy":"post_tag","embeddable":true,"href":"https:\/\/www.meydan.tv\/az\/wp-json\/wp\/v2\/tags?post=263124"}],"curies":[{"name":"wp","href":"https:\/\/api.w.org\/{rel}","templated":true}]}}