{"id":263086,"date":"2022-12-11T17:26:51","date_gmt":"2022-12-11T13:26:51","guid":{"rendered":"https:\/\/www.meydan.tv\/?p=263086"},"modified":"2022-12-11T21:59:09","modified_gmt":"2022-12-11T17:59:09","slug":"meyart-ekrem-eylisli-isterdim-ki-azerbaycanda-serbest-toplasmaq-azadligi-olsun","status":"publish","type":"post","link":"https:\/\/www.meydan.tv\/az\/article\/meyart-ekrem-eylisli-isterdim-ki-azerbaycanda-serbest-toplasmaq-azadligi-olsun\/","title":{"rendered":"MeyArt: \u018fkr\u0259m \u018fylisli: \u0130st\u0259rdim ki, Az\u0259rbaycanda s\u0259rb\u0259st topla\u015fmaq azadl\u0131\u011f\u0131 olsun&#8221;"},"content":{"rendered":"\n<figure class=\"wp-block-embed is-type-video is-provider-youtube wp-block-embed-youtube wp-embed-aspect-16-9 wp-has-aspect-ratio\"><div class=\"wp-block-embed__wrapper\">\n<iframe title=\"MeyArt: \u018fkr\u0259m \u018fylisli: &quot;\u0130st\u0259rdim ki, Az\u0259rbaycanda s\u0259rb\u0259st topla\u015fmaq azadl\u0131\u011f\u0131 olsun&quot;\" width=\"1200\" height=\"675\" data-src=\"https:\/\/www.youtube.com\/embed\/Ws3cFUGSTho?feature=oembed\" frameborder=\"0\" allow=\"accelerometer; autoplay; clipboard-write; encrypted-media; gyroscope; picture-in-picture\" allowfullscreen src=\"data:image\/svg+xml;base64,PHN2ZyB3aWR0aD0iMSIgaGVpZ2h0PSIxIiB4bWxucz0iaHR0cDovL3d3dy53My5vcmcvMjAwMC9zdmciPjwvc3ZnPg==\" class=\"lazyload\" data-load-mode=\"1\"><\/iframe>\n<\/div><\/figure>\n\n\n\n<!--more-->\n\n\n\n<p>D\u00fcn\u0259n &#8211; 10 dekabr d\u00fcnya \u0130nsan Haqlar\u0131 G\u00fcn\u00fcn\u00fc qeyd edirdi. Biz d\u0259 Az\u0259rbaycandaki insan haqlar\u0131n\u0131n durumu il\u0259 ba\u011fl\u0131 b\u0259zi inc\u0259s\u0259n\u0259t adamlar\u0131n\u0131n fikirl\u0259rini \u00f6yr\u0259nm\u0259y\u0259 \u00e7al\u0131\u015fd\u0131q. Az\u0259rbaycanda kitablar\u0131 qada\u011fan olan yaz\u0131\u00e7\u0131 \u018fkr\u0259m \u018fylisli deyir ki, n\u0259inki Az\u0259rbaycanda, b\u00fct\u00fcn d\u00fcnyada insan haqlar\u0131 tapdalan\u0131r:<\/p>\n\n\n\n<p>\u201cM\u0259n siyas\u0259t\u00e7i olmad\u0131\u011f\u0131m \u00fc\u00e7\u00fcn s\u00f6z\u00fc birba\u015fa dey\u0259n adamam. Bu haqda da birba\u015fa dan\u0131\u015fmaq \u00e7\u0259tindir. Az\u0259rbaycan haqq\u0131nda c\u0259sar\u0259tl\u0259 dan\u0131\u015fmaq m\u0259nlik deyil. \u00c7\u00fcnki alayar\u0131m\u00e7\u0131q dan\u0131\u015fma\u011f\u0131n t\u0259r\u0259fdar\u0131 deyil\u0259m. Arzu ed\u0259rdim ki, m\u0259s\u0259l\u0259n, Az\u0259rbaycanda n\u00fcmayi\u015f (s\u0259rb\u0259st topla\u015fmaq) azadl\u0131\u011f\u0131 olayd\u0131, insanlar\u0131n \u00f6z fikirl\u0259rini s\u0259rb\u0259st ifad\u0259 etm\u0259si \u00fc\u00e7\u00fcn \u015f\u0259rait yarad\u0131layd\u0131. \u0130ndi bunlar\u0131n zaman\u0131 deyil, ya insanlar\u0131m\u0131z h\u0259r \u015fey\u0259 laqeyiddir. Bunlar m\u00fcr\u0259kk\u0259b m\u0259s\u0259l\u0259l\u0259rdir\u201d, \u2013 \u018fkr\u0259m \u018fylisli deyir.<\/p>\n\n\n\n<p>M\u00fc\u011f\u0259nni Nura Suri is\u0259 hesab edir ki, insanlar ilk n\u00f6vb\u0259d\u0259 \u00f6z h\u00fcquqlar\u0131n\u0131 t\u0259l\u0259b etm\u0259yi bacarmal\u0131d\u0131rlar: \u201cN\u0259d\u0259ns\u0259, bizd\u0259 insanlar \u00fczd\u0259 kimins\u0259 \u00fcz\u00fcn\u0259 g\u00fcl\u00fcb, arxada sakitc\u0259 \u00f6z dostlar\u0131, qon\u015fular\u0131 aras\u0131nda n\u0259yis\u0259 m\u00fczakir\u0259 ed\u0259 bilirl\u0259r. Amma siz onlara mikrofon uzatsan\u0131z v\u0259 yaxud da onlar\u0131n haqlar\u0131 tapdalanarsa, haqlar\u0131n\u0131 t\u0259l\u0259b etm\u0259yi bacarm\u0131rlar. \u0130\u00e7l\u0259rind\u0259 bir az qorxaql\u0131q var. \u0130nsan haql\u0131d\u0131rsa, qorxmamal\u0131d\u0131r. Haqq\u0131n\u0131 t\u0259l\u0259b etm\u0259yi bacarmal\u0131d\u0131r\u201d.<\/p>\n\n\n\n<p>S\u0259n\u0259t\u00e7i \u018fli Mir\u0259liyevs\u0259 i\u015fsizlik m\u0259s\u0259l\u0259sin\u0259 toxunub. O deyib ki, \u00f6lk\u0259d\u0259 insanlar\u0131n sosial t\u0259minat\u0131 yoxdur. &nbsp;<\/p>\n\n\n\n<p>\u201cAz\u0259rbaycanda insanlar\u0131n haqlar\u0131 yoxdur. \u0130nsanlar ac\u0131ndan \u00f6l\u00fcrl\u0259r. M\u0259murlar, icra ba\u015f\u00e7\u0131lar\u0131 insanlar\u0131n probleml\u0259ri il\u0259 maraqlanm\u0131rlar. Qaziy\u0259 deyirl\u0259r ki, get, kim\u0259 ist\u0259yirs\u0259n, \u015fikay\u0259t et. O da \u015fikay\u0259ti kim\u0259 etsin? Ona ayda 80 manat pul verirl\u0259r. D\u00f6z\u0259 bilmir, ya \u00f6z\u00fcn\u00fc as\u0131r, ya da a\u011fz\u0131n\u0131 tikir\u201d.<\/p>\n\n\n\n<p>Sevil Beyn\u0259lxalq Qad\u0131n S\u0259n\u0259dli Film Festival\u0131 BMT-nin Gender \u0259sasl\u0131 zorak\u0131l\u0131\u011fa qar\u015f\u0131 16 g\u00fcnl\u00fck f\u0259all\u0131q kampaniyas\u0131na qo\u015fulur. Festival\u0131n t\u0259\u015fkilat\u00e7\u0131lar\u0131 bu kampaniya \u00e7\u0259r\u00e7iv\u0259sind\u0259 film n\u00fcmayi\u015fl\u0259ri ke\u00e7irib. Sevil Qad\u0131n S\u0259n\u0259dli film festival\u0131n\u0131n m\u0259qs\u0259di filml\u0259r vasit\u0259sil\u0259 h\u0259yat\u0131n i\u00e7ind\u0259 qad\u0131nlar\u0131n \u00fczl\u0259\u015fdiyi ayr\u0131se\u00e7kiliy\u0259, haqs\u0131zl\u0131qlara qar\u015f\u0131 h\u0259ssasl\u0131\u011f\u0131 art\u0131rmaqd\u0131r.&nbsp;<\/p>\n\n\n\n<p>D\u00f6vl\u0259t Kukla Teatr\u0131n\u0131n direktoru R\u0259\u015fad \u018fhm\u0259dzad\u0259 teatrda noyabr\u0131n 21-d\u0259n ba\u015flayan yoxlamalardan naraz\u0131l\u0131q edib. O deyib ki, M\u0259d\u0259niyy\u0259t Nazirliyinin Teatrda apard\u0131\u011f\u0131 yoxlama zaman\u0131 nazirlik n\u00fcmay\u0259nd\u0259l\u0259rinin s\u0259lahiyy\u0259tl\u0259rind\u0259n sui-istifad\u0259 edir. Direktor a\u00e7\u0131qlay\u0131b ki, b\u00fct\u00fcn bu ba\u015f ver\u0259nl\u0259r teatr\u0131n 90 illik yubileyi ke\u00e7mi\u015f nazir m\u00fcavini il\u0259 aralar\u0131nda olan s\u00f6hb\u0259td\u0259n sonra ba\u015flay\u0131b. Bel\u0259 ki, yubileyd\u0259n sonra \u00f6lk\u0259d\u0259 olan teatrlar\u0131n d\u00f6vl\u0259t plan\u0131 azald\u0131lsa da, Kukla teatr\u0131nda bu art\u0131r\u0131l\u0131b.\u00a0<\/p>\n\n\n\n<p>R\u0259\u015fad \u018fhm\u0259dzad\u0259 m\u0259d\u0259niyy\u0259t naziri Anar K\u0259rimovla g\u00f6r\u00fc\u015fd\u00fcy\u00fcn\u00fc d\u0259 vur\u011fulay\u0131b: \u201cNazirl\u0259 g\u00f6r\u00fc\u015fd\u0259n sonra d\u00fc\u015f\u00fcnd\u00fck ki, yoxlama tezlikl\u0259 bit\u0259r, amma \u0259ksi oldu: vaxt\u0131 uzad\u0131ld\u0131 v\u0259 daha da s\u0259rtl\u0259\u015fdirildi. Nazir\u0259 sual verdim ki, niy\u0259 bizim teatrda olmursunuz? Kollektiv sizi g\u00f6rm\u0259k ist\u0259yir, he\u00e7 yubiley t\u0259dbirimiz\u0259 d\u0259 g\u0259lm\u0259diniz. Dedi ki, g\u00f6r\u00fc\u015f\u0259rik. M\u0259n orada nazird\u0259n xahi\u015f etdim ki, teatra g\u0259l\u0259n yoxlaman\u0131n teatrdan anlay\u0131\u015f\u0131 olsun&#8221;.<\/p>\n\n\n\n<p>H\u0259m\u00e7inin direktor bildirib ki, onun ad\u0131 he\u00e7 bir korrupsiya fakt\u0131nda hallana bilm\u0259z.&nbsp;<\/p>\n\n\n\n<p>M\u0259d\u0259niyy\u0259t Nazirliyi is\u0259 bildirib ki, bu c\u00fcr yoxlamalar dig\u0259r m\u00fc\u0259ssis\u0259l\u0259rd\u0259 d\u0259 apar\u0131lacaq.<\/p>\n\n\n\n<p>AB\u015e-\u0131n &#8220;Time&#8221; jurnal\u0131 &#8220;2022-ci ilin adam\u0131&#8221;n\u0131 se\u00e7ib. Bu \u015f\u0259xs Ukrayna Prezidenti Volodimir Zelenski olub. Bununla yana\u015f\u0131, n\u0259\u015fr Zelenskini &#8220;Ukraynan\u0131n ruhu&#8221; elan edib. Zelenski etdiyi video \u00e7\u0131x\u0131\u015fla Ukraynan\u0131n azadl\u0131q m\u00fcbariz\u0259sind\u0259 d\u0259st\u0259k olanlara t\u0259\u015f\u0259kk\u00fcr edib.<\/p>\n\n\n\n<p>\u201cUkraynal\u0131lar\u0131n m\u00fcbariz\u0259sini, d\u00fcnyada bir \u00e7ox insan\u0131n k\u00f6nl\u00fcnd\u0259 \u0259ks-s\u0259da ver\u0259n azadl\u0131q ruhunu t\u0259msil etm\u0259k m\u0259nim \u00fc\u00e7\u00fcn \u015f\u0259r\u0259fdir\u201d, &#8211; dey\u0259 Zelenski bildirib.<\/p>\n\n\n\n<p>H\u0259m\u00e7inin Britaniyan\u0131n &#8220;Financial Times&#8221; q\u0259zeti d\u0259 bir ne\u00e7\u0259 g\u00fcn \u0259vv\u0259l Zelenskini &#8220;\u0130lin adam\u0131&#8221; se\u00e7mi\u015fdi.<\/p>\n\n\n\n<p>\u201cAvroviziya-2023\u201dd\u0259 Az\u0259rbaycan\u0131 t\u0259msil ed\u0259c\u0259k ifa\u00e7\u0131 v\u0259 mahn\u0131 se\u00e7imi ba\u015flay\u0131b. G\u0259l\u0259n il ke\u00e7iril\u0259c\u0259k mahn\u0131 m\u00fcsabiq\u0259sind\u0259 i\u015ftirak etm\u0259k ist\u0259y\u0259n ifa\u00e7\u0131lar v\u0259 b\u0259st\u0259karlar dekabr ay\u0131n\u0131n 31-n\u0259 q\u0259d\u0259r \u00f6z ifalar\u0131n\u0131, demo \u015f\u0259klind\u0259 b\u0259st\u0259l\u0259diyi mahn\u0131lar\u0131n\u0131, yaxud \u00f6z ifas\u0131nda olan v\u0259 Avroviziya \u00fc\u00e7\u00fcn haz\u0131rlanm\u0131\u015f yeni mahn\u0131lar\u0131n\u0131 mailto:song@eurovision.az elektron \u00fcnvan\u0131na g\u00f6nd\u0259r\u0259 bil\u0259rl\u0259r.&nbsp;<\/p>\n\n\n\n<p>\u201cAvropa Yay\u0131m Birliyinin qaydalar\u0131na \u0259sas\u0259n, mahn\u0131n\u0131n xronometraj\u0131 3 d\u0259qiq\u0259d\u0259n \u00e7ox olmamal\u0131d\u0131r.<\/p>\n","protected":false},"excerpt":{"rendered":"","protected":false},"author":14,"featured_media":263087,"comment_status":"closed","ping_status":"closed","sticky":false,"template":"","format":"standard","meta":{"_acf_changed":false,"_sitemap_exclude":false,"_sitemap_priority":"","_sitemap_frequency":"","footnotes":""},"categories":[52,63],"tags":[],"class_list":["post-263086","post","type-post","status-publish","format-standard","has-post-thumbnail","hentry","category-medeniyyet","category-video-2","infinite-scroll-item","generate-columns","tablet-grid-50","mobile-grid-100","grid-parent","grid-33","no-featured-image-padding"],"acf":[],"yoast_head":"<!-- This site is optimized with the Yoast SEO plugin v27.4 - https:\/\/yoast.com\/product\/yoast-seo-wordpress\/ -->\n<title>MeyArt: \u018fkr\u0259m \u018fylisli: \u0130st\u0259rdim ki, Az\u0259rbaycanda s\u0259rb\u0259st topla\u015fmaq azadl\u0131\u011f\u0131 olsun&quot; - MEYDAN.TV<\/title>\n<meta name=\"robots\" content=\"index, follow, max-snippet:-1, max-image-preview:large, max-video-preview:-1\" \/>\n<link rel=\"canonical\" href=\"https:\/\/www.meydan.tv\/az\/article\/meyart-ekrem-eylisli-isterdim-ki-azerbaycanda-serbest-toplasmaq-azadligi-olsun\/\" \/>\n<meta property=\"og:locale\" content=\"az_AZ\" \/>\n<meta property=\"og:type\" content=\"article\" \/>\n<meta property=\"og:title\" content=\"MeyArt: \u018fkr\u0259m \u018fylisli: \u0130st\u0259rdim ki, Az\u0259rbaycanda s\u0259rb\u0259st topla\u015fmaq azadl\u0131\u011f\u0131 olsun&quot; - MEYDAN.TV\" \/>\n<meta property=\"og:url\" content=\"https:\/\/www.meydan.tv\/az\/article\/meyart-ekrem-eylisli-isterdim-ki-azerbaycanda-serbest-toplasmaq-azadligi-olsun\/\" \/>\n<meta property=\"og:site_name\" content=\"MEYDAN.TV\" \/>\n<meta property=\"article:published_time\" content=\"2022-12-11T13:26:51+00:00\" \/>\n<meta property=\"article:modified_time\" content=\"2022-12-11T17:59:09+00:00\" \/>\n<meta property=\"og:image\" content=\"https:\/\/www.meydan.tv\/wp-content\/uploads\/2332-1.png\" \/>\n\t<meta property=\"og:image:width\" content=\"1280\" \/>\n\t<meta property=\"og:image:height\" content=\"720\" \/>\n\t<meta property=\"og:image:type\" content=\"image\/png\" \/>\n<meta name=\"author\" content=\"roma\" \/>\n<meta name=\"twitter:card\" content=\"summary_large_image\" \/>\n<script type=\"application\/ld+json\" class=\"yoast-schema-graph\">{\"@context\":\"https:\\\/\\\/schema.org\",\"@graph\":[{\"@type\":\"Article\",\"@id\":\"https:\\\/\\\/www.meydan.tv\\\/az\\\/article\\\/meyart-ekrem-eylisli-isterdim-ki-azerbaycanda-serbest-toplasmaq-azadligi-olsun\\\/#article\",\"isPartOf\":{\"@id\":\"https:\\\/\\\/www.meydan.tv\\\/az\\\/article\\\/meyart-ekrem-eylisli-isterdim-ki-azerbaycanda-serbest-toplasmaq-azadligi-olsun\\\/\"},\"author\":{\"name\":\"roma\",\"@id\":\"https:\\\/\\\/www.meydan.tv\\\/az\\\/#\\\/schema\\\/person\\\/8f23e01c4de63326c13c319fb65ee65d\"},\"headline\":\"MeyArt: \u018fkr\u0259m \u018fylisli: \u0130st\u0259rdim ki, Az\u0259rbaycanda s\u0259rb\u0259st topla\u015fmaq azadl\u0131\u011f\u0131 olsun&#8221;\",\"datePublished\":\"2022-12-11T13:26:51+00:00\",\"dateModified\":\"2022-12-11T17:59:09+00:00\",\"mainEntityOfPage\":{\"@id\":\"https:\\\/\\\/www.meydan.tv\\\/az\\\/article\\\/meyart-ekrem-eylisli-isterdim-ki-azerbaycanda-serbest-toplasmaq-azadligi-olsun\\\/\"},\"wordCount\":920,\"publisher\":{\"@id\":\"https:\\\/\\\/www.meydan.tv\\\/az\\\/#organization\"},\"image\":{\"@id\":\"https:\\\/\\\/www.meydan.tv\\\/az\\\/article\\\/meyart-ekrem-eylisli-isterdim-ki-azerbaycanda-serbest-toplasmaq-azadligi-olsun\\\/#primaryimage\"},\"thumbnailUrl\":\"https:\\\/\\\/www.meydan.tv\\\/wp-content\\\/uploads\\\/2332-1.png\",\"articleSection\":[\"M\u0259d\u0259niyy\u0259t\",\"Video\"],\"inLanguage\":\"az\"},{\"@type\":\"WebPage\",\"@id\":\"https:\\\/\\\/www.meydan.tv\\\/az\\\/article\\\/meyart-ekrem-eylisli-isterdim-ki-azerbaycanda-serbest-toplasmaq-azadligi-olsun\\\/\",\"url\":\"https:\\\/\\\/www.meydan.tv\\\/az\\\/article\\\/meyart-ekrem-eylisli-isterdim-ki-azerbaycanda-serbest-toplasmaq-azadligi-olsun\\\/\",\"name\":\"MeyArt: \u018fkr\u0259m \u018fylisli: \u0130st\u0259rdim ki, Az\u0259rbaycanda s\u0259rb\u0259st topla\u015fmaq azadl\u0131\u011f\u0131 olsun\\\" - MEYDAN.TV\",\"isPartOf\":{\"@id\":\"https:\\\/\\\/www.meydan.tv\\\/az\\\/#website\"},\"primaryImageOfPage\":{\"@id\":\"https:\\\/\\\/www.meydan.tv\\\/az\\\/article\\\/meyart-ekrem-eylisli-isterdim-ki-azerbaycanda-serbest-toplasmaq-azadligi-olsun\\\/#primaryimage\"},\"image\":{\"@id\":\"https:\\\/\\\/www.meydan.tv\\\/az\\\/article\\\/meyart-ekrem-eylisli-isterdim-ki-azerbaycanda-serbest-toplasmaq-azadligi-olsun\\\/#primaryimage\"},\"thumbnailUrl\":\"https:\\\/\\\/www.meydan.tv\\\/wp-content\\\/uploads\\\/2332-1.png\",\"datePublished\":\"2022-12-11T13:26:51+00:00\",\"dateModified\":\"2022-12-11T17:59:09+00:00\",\"breadcrumb\":{\"@id\":\"https:\\\/\\\/www.meydan.tv\\\/az\\\/article\\\/meyart-ekrem-eylisli-isterdim-ki-azerbaycanda-serbest-toplasmaq-azadligi-olsun\\\/#breadcrumb\"},\"inLanguage\":\"az\",\"potentialAction\":[{\"@type\":\"ReadAction\",\"target\":[\"https:\\\/\\\/www.meydan.tv\\\/az\\\/article\\\/meyart-ekrem-eylisli-isterdim-ki-azerbaycanda-serbest-toplasmaq-azadligi-olsun\\\/\"]}]},{\"@type\":\"ImageObject\",\"inLanguage\":\"az\",\"@id\":\"https:\\\/\\\/www.meydan.tv\\\/az\\\/article\\\/meyart-ekrem-eylisli-isterdim-ki-azerbaycanda-serbest-toplasmaq-azadligi-olsun\\\/#primaryimage\",\"url\":\"https:\\\/\\\/www.meydan.tv\\\/wp-content\\\/uploads\\\/2332-1.png\",\"contentUrl\":\"https:\\\/\\\/www.meydan.tv\\\/wp-content\\\/uploads\\\/2332-1.png\",\"width\":1280,\"height\":720,\"caption\":\"Foto: arxiv\"},{\"@type\":\"BreadcrumbList\",\"@id\":\"https:\\\/\\\/www.meydan.tv\\\/az\\\/article\\\/meyart-ekrem-eylisli-isterdim-ki-azerbaycanda-serbest-toplasmaq-azadligi-olsun\\\/#breadcrumb\",\"itemListElement\":[{\"@type\":\"ListItem\",\"position\":1,\"name\":\"Ana s\u0259hif\u0259\",\"item\":\"https:\\\/\\\/www.meydan.tv\\\/az\\\/\"},{\"@type\":\"ListItem\",\"position\":2,\"name\":\"Video\",\"item\":\"https:\\\/\\\/www.meydan.tv\\\/az\\\/section\\\/video-2\\\/\"},{\"@type\":\"ListItem\",\"position\":3,\"name\":\"MeyArt: \u018fkr\u0259m \u018fylisli: \u0130st\u0259rdim ki, Az\u0259rbaycanda s\u0259rb\u0259st topla\u015fmaq azadl\u0131\u011f\u0131 olsun&#8221;\"}]},{\"@type\":\"WebSite\",\"@id\":\"https:\\\/\\\/www.meydan.tv\\\/az\\\/#website\",\"url\":\"https:\\\/\\\/www.meydan.tv\\\/az\\\/\",\"name\":\"MEYDAN.TV\",\"description\":\"Meydan TV Az\u0259rbaycan\u0131n media m\u0259kan\u0131ndak\u0131 alternativ s\u0259sidir\",\"publisher\":{\"@id\":\"https:\\\/\\\/www.meydan.tv\\\/az\\\/#organization\"},\"potentialAction\":[{\"@type\":\"SearchAction\",\"target\":{\"@type\":\"EntryPoint\",\"urlTemplate\":\"https:\\\/\\\/www.meydan.tv\\\/az\\\/?s={search_term_string}\"},\"query-input\":{\"@type\":\"PropertyValueSpecification\",\"valueRequired\":true,\"valueName\":\"search_term_string\"}}],\"inLanguage\":\"az\"},{\"@type\":\"Organization\",\"@id\":\"https:\\\/\\\/www.meydan.tv\\\/az\\\/#organization\",\"name\":\"Meydan TV\",\"url\":\"https:\\\/\\\/www.meydan.tv\\\/az\\\/\",\"logo\":{\"@type\":\"ImageObject\",\"inLanguage\":\"az\",\"@id\":\"https:\\\/\\\/www.meydan.tv\\\/az\\\/#\\\/schema\\\/logo\\\/image\\\/\",\"url\":\"https:\\\/\\\/www.meydan.tv\\\/wp-content\\\/uploads\\\/2021\\\/07\\\/meydan-logo.svg\",\"contentUrl\":\"https:\\\/\\\/www.meydan.tv\\\/wp-content\\\/uploads\\\/2021\\\/07\\\/meydan-logo.svg\",\"width\":195,\"height\":46,\"caption\":\"Meydan TV\"},\"image\":{\"@id\":\"https:\\\/\\\/www.meydan.tv\\\/az\\\/#\\\/schema\\\/logo\\\/image\\\/\"}},{\"@type\":\"Person\",\"@id\":\"https:\\\/\\\/www.meydan.tv\\\/az\\\/#\\\/schema\\\/person\\\/8f23e01c4de63326c13c319fb65ee65d\",\"name\":\"roma\"}]}<\/script>\n<!-- \/ Yoast SEO plugin. -->","yoast_head_json":{"title":"MeyArt: \u018fkr\u0259m \u018fylisli: \u0130st\u0259rdim ki, Az\u0259rbaycanda s\u0259rb\u0259st topla\u015fmaq azadl\u0131\u011f\u0131 olsun\" - MEYDAN.TV","robots":{"index":"index","follow":"follow","max-snippet":"max-snippet:-1","max-image-preview":"max-image-preview:large","max-video-preview":"max-video-preview:-1"},"canonical":"https:\/\/www.meydan.tv\/az\/article\/meyart-ekrem-eylisli-isterdim-ki-azerbaycanda-serbest-toplasmaq-azadligi-olsun\/","og_locale":"az_AZ","og_type":"article","og_title":"MeyArt: \u018fkr\u0259m \u018fylisli: \u0130st\u0259rdim ki, Az\u0259rbaycanda s\u0259rb\u0259st topla\u015fmaq azadl\u0131\u011f\u0131 olsun\" - MEYDAN.TV","og_url":"https:\/\/www.meydan.tv\/az\/article\/meyart-ekrem-eylisli-isterdim-ki-azerbaycanda-serbest-toplasmaq-azadligi-olsun\/","og_site_name":"MEYDAN.TV","article_published_time":"2022-12-11T13:26:51+00:00","article_modified_time":"2022-12-11T17:59:09+00:00","og_image":[{"width":1280,"height":720,"url":"https:\/\/www.meydan.tv\/wp-content\/uploads\/2332-1.png","type":"image\/png"}],"author":"roma","twitter_card":"summary_large_image","schema":{"@context":"https:\/\/schema.org","@graph":[{"@type":"Article","@id":"https:\/\/www.meydan.tv\/az\/article\/meyart-ekrem-eylisli-isterdim-ki-azerbaycanda-serbest-toplasmaq-azadligi-olsun\/#article","isPartOf":{"@id":"https:\/\/www.meydan.tv\/az\/article\/meyart-ekrem-eylisli-isterdim-ki-azerbaycanda-serbest-toplasmaq-azadligi-olsun\/"},"author":{"name":"roma","@id":"https:\/\/www.meydan.tv\/az\/#\/schema\/person\/8f23e01c4de63326c13c319fb65ee65d"},"headline":"MeyArt: \u018fkr\u0259m \u018fylisli: \u0130st\u0259rdim ki, Az\u0259rbaycanda s\u0259rb\u0259st topla\u015fmaq azadl\u0131\u011f\u0131 olsun&#8221;","datePublished":"2022-12-11T13:26:51+00:00","dateModified":"2022-12-11T17:59:09+00:00","mainEntityOfPage":{"@id":"https:\/\/www.meydan.tv\/az\/article\/meyart-ekrem-eylisli-isterdim-ki-azerbaycanda-serbest-toplasmaq-azadligi-olsun\/"},"wordCount":920,"publisher":{"@id":"https:\/\/www.meydan.tv\/az\/#organization"},"image":{"@id":"https:\/\/www.meydan.tv\/az\/article\/meyart-ekrem-eylisli-isterdim-ki-azerbaycanda-serbest-toplasmaq-azadligi-olsun\/#primaryimage"},"thumbnailUrl":"https:\/\/www.meydan.tv\/wp-content\/uploads\/2332-1.png","articleSection":["M\u0259d\u0259niyy\u0259t","Video"],"inLanguage":"az"},{"@type":"WebPage","@id":"https:\/\/www.meydan.tv\/az\/article\/meyart-ekrem-eylisli-isterdim-ki-azerbaycanda-serbest-toplasmaq-azadligi-olsun\/","url":"https:\/\/www.meydan.tv\/az\/article\/meyart-ekrem-eylisli-isterdim-ki-azerbaycanda-serbest-toplasmaq-azadligi-olsun\/","name":"MeyArt: \u018fkr\u0259m \u018fylisli: \u0130st\u0259rdim ki, Az\u0259rbaycanda s\u0259rb\u0259st topla\u015fmaq azadl\u0131\u011f\u0131 olsun\" - MEYDAN.TV","isPartOf":{"@id":"https:\/\/www.meydan.tv\/az\/#website"},"primaryImageOfPage":{"@id":"https:\/\/www.meydan.tv\/az\/article\/meyart-ekrem-eylisli-isterdim-ki-azerbaycanda-serbest-toplasmaq-azadligi-olsun\/#primaryimage"},"image":{"@id":"https:\/\/www.meydan.tv\/az\/article\/meyart-ekrem-eylisli-isterdim-ki-azerbaycanda-serbest-toplasmaq-azadligi-olsun\/#primaryimage"},"thumbnailUrl":"https:\/\/www.meydan.tv\/wp-content\/uploads\/2332-1.png","datePublished":"2022-12-11T13:26:51+00:00","dateModified":"2022-12-11T17:59:09+00:00","breadcrumb":{"@id":"https:\/\/www.meydan.tv\/az\/article\/meyart-ekrem-eylisli-isterdim-ki-azerbaycanda-serbest-toplasmaq-azadligi-olsun\/#breadcrumb"},"inLanguage":"az","potentialAction":[{"@type":"ReadAction","target":["https:\/\/www.meydan.tv\/az\/article\/meyart-ekrem-eylisli-isterdim-ki-azerbaycanda-serbest-toplasmaq-azadligi-olsun\/"]}]},{"@type":"ImageObject","inLanguage":"az","@id":"https:\/\/www.meydan.tv\/az\/article\/meyart-ekrem-eylisli-isterdim-ki-azerbaycanda-serbest-toplasmaq-azadligi-olsun\/#primaryimage","url":"https:\/\/www.meydan.tv\/wp-content\/uploads\/2332-1.png","contentUrl":"https:\/\/www.meydan.tv\/wp-content\/uploads\/2332-1.png","width":1280,"height":720,"caption":"Foto: arxiv"},{"@type":"BreadcrumbList","@id":"https:\/\/www.meydan.tv\/az\/article\/meyart-ekrem-eylisli-isterdim-ki-azerbaycanda-serbest-toplasmaq-azadligi-olsun\/#breadcrumb","itemListElement":[{"@type":"ListItem","position":1,"name":"Ana s\u0259hif\u0259","item":"https:\/\/www.meydan.tv\/az\/"},{"@type":"ListItem","position":2,"name":"Video","item":"https:\/\/www.meydan.tv\/az\/section\/video-2\/"},{"@type":"ListItem","position":3,"name":"MeyArt: \u018fkr\u0259m \u018fylisli: \u0130st\u0259rdim ki, Az\u0259rbaycanda s\u0259rb\u0259st topla\u015fmaq azadl\u0131\u011f\u0131 olsun&#8221;"}]},{"@type":"WebSite","@id":"https:\/\/www.meydan.tv\/az\/#website","url":"https:\/\/www.meydan.tv\/az\/","name":"MEYDAN.TV","description":"Meydan TV Az\u0259rbaycan\u0131n media m\u0259kan\u0131ndak\u0131 alternativ s\u0259sidir","publisher":{"@id":"https:\/\/www.meydan.tv\/az\/#organization"},"potentialAction":[{"@type":"SearchAction","target":{"@type":"EntryPoint","urlTemplate":"https:\/\/www.meydan.tv\/az\/?s={search_term_string}"},"query-input":{"@type":"PropertyValueSpecification","valueRequired":true,"valueName":"search_term_string"}}],"inLanguage":"az"},{"@type":"Organization","@id":"https:\/\/www.meydan.tv\/az\/#organization","name":"Meydan TV","url":"https:\/\/www.meydan.tv\/az\/","logo":{"@type":"ImageObject","inLanguage":"az","@id":"https:\/\/www.meydan.tv\/az\/#\/schema\/logo\/image\/","url":"https:\/\/www.meydan.tv\/wp-content\/uploads\/2021\/07\/meydan-logo.svg","contentUrl":"https:\/\/www.meydan.tv\/wp-content\/uploads\/2021\/07\/meydan-logo.svg","width":195,"height":46,"caption":"Meydan TV"},"image":{"@id":"https:\/\/www.meydan.tv\/az\/#\/schema\/logo\/image\/"}},{"@type":"Person","@id":"https:\/\/www.meydan.tv\/az\/#\/schema\/person\/8f23e01c4de63326c13c319fb65ee65d","name":"roma"}]}},"_links":{"self":[{"href":"https:\/\/www.meydan.tv\/az\/wp-json\/wp\/v2\/posts\/263086","targetHints":{"allow":["GET"]}}],"collection":[{"href":"https:\/\/www.meydan.tv\/az\/wp-json\/wp\/v2\/posts"}],"about":[{"href":"https:\/\/www.meydan.tv\/az\/wp-json\/wp\/v2\/types\/post"}],"author":[{"embeddable":true,"href":"https:\/\/www.meydan.tv\/az\/wp-json\/wp\/v2\/users\/14"}],"replies":[{"embeddable":true,"href":"https:\/\/www.meydan.tv\/az\/wp-json\/wp\/v2\/comments?post=263086"}],"version-history":[{"count":2,"href":"https:\/\/www.meydan.tv\/az\/wp-json\/wp\/v2\/posts\/263086\/revisions"}],"predecessor-version":[{"id":263092,"href":"https:\/\/www.meydan.tv\/az\/wp-json\/wp\/v2\/posts\/263086\/revisions\/263092"}],"wp:featuredmedia":[{"embeddable":true,"href":"https:\/\/www.meydan.tv\/az\/wp-json\/wp\/v2\/media\/263087"}],"wp:attachment":[{"href":"https:\/\/www.meydan.tv\/az\/wp-json\/wp\/v2\/media?parent=263086"}],"wp:term":[{"taxonomy":"category","embeddable":true,"href":"https:\/\/www.meydan.tv\/az\/wp-json\/wp\/v2\/categories?post=263086"},{"taxonomy":"post_tag","embeddable":true,"href":"https:\/\/www.meydan.tv\/az\/wp-json\/wp\/v2\/tags?post=263086"}],"curies":[{"name":"wp","href":"https:\/\/api.w.org\/{rel}","templated":true}]}}