{"id":263069,"date":"2022-12-10T13:41:40","date_gmt":"2022-12-10T09:41:40","guid":{"rendered":"https:\/\/www.meydan.tv\/?p=263069"},"modified":"2022-12-11T15:00:35","modified_gmt":"2022-12-11T11:00:35","slug":"azerbaycanda-umumdunya-insan-huquqlari-gunu-senet-adamlari-ne-dusunur","status":"publish","type":"post","link":"https:\/\/www.meydan.tv\/az\/article\/azerbaycanda-umumdunya-insan-huquqlari-gunu-senet-adamlari-ne-dusunur\/","title":{"rendered":"<strong>Az\u0259rbaycanda \u00dcmumd\u00fcnya \u0130nsan H\u00fcquqlar\u0131 G\u00fcn\u00fc: s\u0259n\u0259t adamlar\u0131 n\u0259 d\u00fc\u015f\u00fcn\u00fcr?<\/strong>"},"content":{"rendered":"\n<p><\/p>\n\n\n\n<p><strong>\u018fkr\u0259m \u018fylisli: &#8220;Arzu ed\u0259rdim ki, Az\u0259rbaycanda n\u00fcmayi\u015f azadl\u0131\u011f\u0131 olsun&#8221;<\/strong><\/p>\n\n\n\n<p>10 dekabr \u00dcmumd\u00fcnya \u0130nsan H\u00fcquqlar\u0131 G\u00fcn\u00fcd\u00fcr.<\/p>\n\n\n\n<p>Beyn\u0259lxalq t\u0259\u015fkilatlar Az\u0259rbaycan\u0131 daim insan haqlar\u0131n\u0131n pozuldu\u011fu \u00f6lk\u0259l\u0259r s\u0131ras\u0131na daxil edir.<\/p>\n\n\n\n<p>Hakimiyy\u0259t r\u0259smil\u0259ri is\u0259 bu q\u0259bild\u0259n t\u0259nqidl\u0259ri q\u0259bul etmir.<\/p>\n\n\n\n<p>M\u00fcxalif\u0259t \u0259sas\u0259n, s\u0259rb\u0259st topla\u015fmaq, s\u00f6z v\u0259 ifad\u0259 azadl\u0131\u011f\u0131n\u0131n pozulmas\u0131ndan \u015fikay\u0259tl\u0259nir.<\/p>\n\n\n\n<p>V\u0259t\u0259nda\u015flar is\u0259 i\u015fsizlik, sosial t\u0259minat h\u00fcququndan k\u0259narda qalmaqdan naraz\u0131l\u0131q edirl\u0259r.<\/p>\n\n\n\n<p><strong>B\u0259s \u00f6lk\u0259d\u0259 h\u00fcquq v\u0259 azadl\u0131qlar\u0131n qorunmas\u0131 haqda s\u0259n\u0259t adamlar\u0131, yaz\u0131\u00e7\u0131lar n\u0259 d\u00fc\u015f\u00fcn\u00fcr?<\/strong><\/p>\n\n\n\n<p>M\u00fc\u011f\u0259nni \u018fli Mir\u0259liyev Az\u0259rbaycanda insan haqlar\u0131n\u0131n v\u0259ziyy\u0259tini q\u0259na\u0259tb\u0259x\u015f hesab etmir.<\/p>\n\n\n\n<p>Deyir ki, insanlar\u0131n sosial t\u0259minatlar\u0131na bax\u0131lm\u0131r, \u015fikay\u0259tl\u0259ri dinl\u0259nilmir: <\/p>\n\n\n\n<p>\u201cAz\u0259rbaycanda insanlar\u0131n haqlar\u0131 yoxdur. \u0130nsanlar ac\u0131ndan \u00f6l\u00fcrl\u0259r. M\u0259murlar, icra ba\u015f\u00e7\u0131lar\u0131 insanlar\u0131n probleml\u0259ri il\u0259 maraqlanm\u0131rlar. V\u0259t\u0259nda\u015f gedir ki, d\u0259rdini m\u0259mura dan\u0131\u015fs\u0131n, \u0259v\u0259zind\u0259 onu qovurlar. \u0130cra ba\u015f\u00e7\u0131s\u0131 arxay\u0131nd\u0131r ki, onu he\u00e7 n\u0259 yerind\u0259n t\u0259rp\u0259d\u0259 bilm\u0259z. Qaziy\u0259 deyir ki, get, kim\u0259 ist\u0259yirs\u0259n, \u015fikay\u0259t et. O da \u015fikay\u0259ti kim\u0259 etsin? Evind\u0259 arvad\u0131na? Ona ayda 80 manat pul verirl\u0259r. D\u00f6z\u0259 bilmir, ya \u00f6z\u00fcn\u00fc as\u0131r, ya da a\u011fz\u0131n\u0131 tikir\u201d.<\/p>\n\n\n\n<figure class=\"wp-block-image size-full\"><img decoding=\"async\" width=\"750\" height=\"472\" data-src=\"https:\/\/www.meydan.tv\/wp-content\/uploads\/eli_mireliyev.jpeg\" alt=\"\" class=\"wp-image-214260 lazyload\" src=\"data:image\/svg+xml;base64,PHN2ZyB3aWR0aD0iMSIgaGVpZ2h0PSIxIiB4bWxucz0iaHR0cDovL3d3dy53My5vcmcvMjAwMC9zdmciPjwvc3ZnPg==\" style=\"--smush-placeholder-width: 750px; --smush-placeholder-aspect-ratio: 750\/472;\" \/><figcaption class=\"wp-element-caption\">\u018fli Mir\u0259liyev. Foto: arxiv<\/figcaption><\/figure>\n\n\n\n<p>\u018fli Mir\u0259liyev deyir ki, \u00f6lk\u0259d\u0259 i\u015fsizl\u0259rin say\u0131 \u00e7oxdur. <br>Qiym\u0259tl\u0259r g\u00fcnd\u0259n-g\u00fcn\u0259 bahala\u015f\u0131r, dolan\u0131\u015f\u0131q daha da a\u011f\u0131rla\u015f\u0131r:<\/p>\n\n\n\n<p>\u201cK\u0259ndl\u0259rd\u0259 caamat i\u015fsizdir. Zavod, kombinat yoxdur. Bu insanlar n\u0259yl\u0259 dolans\u0131nlar? Ba\u015fa d\u00fc\u015f\u00fcr\u0259m ki, m\u00fcharib\u0259d\u0259n ke\u00e7mi\u015fik. Amma m\u0259n u\u015faq olanda, anam dan\u0131\u015f\u0131rd\u0131 ki, biz m\u00fcharib\u0259 ged\u0259-ged\u0259 zavodda i\u015fl\u0259yirdik. Yalandan deyirl\u0259r ki, i\u015f yerl\u0259ri var. \u0130\u015f yoxdur. S\u00fcp\u00fcrg\u0259\u00e7ilik i\u015fi var. Ayda iki y\u00fcz-\u00fc\u00e7 y\u00fcz manat maa\u015f verilir. Bu pulla yaz\u0131q v\u0259t\u0259nda\u015f ail\u0259sini nec\u0259 doland\u0131rs\u0131n? Bazar, marketl\u0259rd\u0259 \u0259rzaqlar\u0131n qiym\u0259ti h\u0259r saat bahala\u015f\u0131r\u201d.<\/p>\n\n\n\n<p><strong>&#8220;\u0130nsan haql\u0131d\u0131rsa, qorxmamal\u0131d\u0131r&#8221;<\/strong><\/p>\n\n\n\n<p>M\u00fc\u011f\u0259nni Nura Suri is\u0259 hesab edir ki, insanlar ilk n\u00f6vb\u0259d\u0259 \u00f6z h\u00fcquqlar\u0131n\u0131 bilm\u0259li, haqlar\u0131n\u0131 t\u0259l\u0259b etm\u0259yi bacarmal\u0131d\u0131rlar. H\u0259m\u00e7inin onlara qar\u015f\u0131 haqs\u0131zl\u0131q edil\u0259nd\u0259 buna susmamal\u0131, etirazlar\u0131n\u0131 bildirm\u0259lidirl\u0259r: \u201cN\u0259d\u0259ns\u0259, bizd\u0259 insanlar \u00fczd\u0259 kimins\u0259 \u00fcz\u00fcn\u0259 g\u00fcl\u00fcb, arxada sakitc\u0259 \u00f6z dostlar\u0131, qon\u015fular\u0131 aras\u0131nda n\u0259yis\u0259 m\u00fczakir\u0259 ed\u0259 bilirl\u0259r. Amma siz onlara mikrofon uzatsan\u0131z v\u0259 yaxud da onlar\u0131n haqlar\u0131 tapdalanarsa, haqlar\u0131n\u0131 t\u0259l\u0259b etm\u0259yi bacarm\u0131rlar. \u0130\u00e7l\u0259rind\u0259 bir az qorxaql\u0131q var. \u0130nsan haql\u0131d\u0131rsa, qorxmamal\u0131d\u0131r. Haqq\u0131n\u0131 t\u0259l\u0259b etm\u0259yi bacarmal\u0131d\u0131r\u201d.<\/p>\n\n\n\n<figure class=\"wp-block-image size-full\"><img decoding=\"async\" width=\"1200\" height=\"800\" data-src=\"https:\/\/www.meydan.tv\/wp-content\/uploads\/untitled-design-3-2.jpg\" alt=\"\" class=\"wp-image-231514 lazyload\" src=\"data:image\/svg+xml;base64,PHN2ZyB3aWR0aD0iMSIgaGVpZ2h0PSIxIiB4bWxucz0iaHR0cDovL3d3dy53My5vcmcvMjAwMC9zdmciPjwvc3ZnPg==\" style=\"--smush-placeholder-width: 1200px; --smush-placeholder-aspect-ratio: 1200\/800;\" \/><figcaption class=\"wp-element-caption\">Nura Suri, Foto: Telegram<\/figcaption><\/figure>\n\n\n\n<p><strong>&#8220;\u0130nsan\u0131 xo\u015fb\u0259xt etmirs\u0259, \u00fcst\u00fcnd\u0259 g\u0259zdiyi torpaq v\u0259t\u0259n deyil&#8221;<\/strong><\/p>\n\n\n\n<p>Yaz\u0131\u00e7\u0131 \u015e\u0259rif A\u011fayar deyir ki, Az\u0259rbaycan d\u00f6vl\u0259tinin ali m\u0259qs\u0259di v\u0259t\u0259nda\u015f\u0131n\u0131n h\u00fcquq v\u0259 azadl\u0131qlar\u0131n\u0131 t\u0259min etm\u0259kdir.<\/p>\n\n\n\n<p>O \u0259lav\u0259 edir ki, Konstitusiyaya g\u00f6r\u0259, ist\u0259nil\u0259n Az\u0259rbaycan v\u0259t\u0259nda\u015f\u0131n\u0131n h\u00fcquq v\u0259 azadl\u0131qlar\u0131, d\u00f6vl\u0259tin suverenliyi, m\u00fcst\u0259qilliyi, \u0259razi b\u00fct\u00f6vl\u00fcy\u00fc bayra\u011f\u0131, gerbi q\u0259d\u0259r m\u00fcq\u0259dd\u0259sdir:<\/p>\n\n\n\n<p>\u201cV\u0259t\u0259n insandan ba\u015flay\u0131r. \u0130nsan\u0131 xo\u015fb\u0259xt etmirs\u0259, \u00fcst\u00fcnd\u0259 g\u0259zdiyi torpaq v\u0259t\u0259n deyil. Uzun ill\u0259r biz\u0259 t\u0259bli\u011f olunub ki, v\u0259t\u0259n u\u011frunda \u00f6l\u0259nd\u0259 v\u0259t\u0259n\u0259 \u00e7evrilir. M\u0259n buna etiraz etmir\u0259m. Do\u011frudan da, v\u0259t\u0259n o zaman m\u00fcq\u0259dd\u0259sl\u0259\u015fir ki, onun u\u011frunda \u00f6lm\u0259y\u0259 insanlar tap\u0131l\u0131r. Ancaq o insanlar h\u0259m d\u0259 yerd\u0259 qalanlar\u0131n, torpaq \u00fcz\u0259rind\u0259 firavan ya\u015famas\u0131 \u00fc\u00e7\u00fcn h\u0259yatlar\u0131n\u0131 qurban verirl\u0259r. Otuz ildir ki, Az\u0259rbaycan insan\u0131n\u0131n b\u0259zi m\u0259murlar t\u0259r\u0259find\u0259n add\u0131mba\u015f\u0131 h\u00fcquq v\u0259 azadl\u0131qlar\u0131n\u0131n tapdand\u0131\u011f\u0131n\u0131 g\u00f6r\u00fcr\u0259m. Bu, m\u0259ni bir insan, yazar, v\u0259t\u0259nda\u015f kimi \u00fcmidsizliy\u0259 d\u00fc\u00e7ar edir\u201d.<\/p>\n\n\n\n<figure class=\"wp-block-image size-full\"><img decoding=\"async\" width=\"1200\" height=\"769\" data-src=\"https:\/\/www.meydan.tv\/wp-content\/uploads\/2022-02-23-09-41-39ue18cpt6bla77g05sfcc_file.jpg\" alt=\"\" class=\"wp-image-245493 lazyload\" src=\"data:image\/svg+xml;base64,PHN2ZyB3aWR0aD0iMSIgaGVpZ2h0PSIxIiB4bWxucz0iaHR0cDovL3d3dy53My5vcmcvMjAwMC9zdmciPjwvc3ZnPg==\" style=\"--smush-placeholder-width: 1200px; --smush-placeholder-aspect-ratio: 1200\/769;\" \/><figcaption class=\"wp-element-caption\">\u015e\u0259rif A\u011fayar. Foto: &#8220;yeniyaz.az&#8221;<\/figcaption><\/figure>\n\n\n\n<p><strong>&#8220;N\u0259inki Az\u0259rbaycanda, b\u00fct\u00fcn d\u00fcnyada insan haqlar\u0131 tapdalan\u0131r&#8221;<\/strong><\/p>\n\n\n\n<p>Yaz\u0131\u00e7\u0131 \u018fkr\u0259m \u018fylisli hesab edir ki, n\u0259inki Az\u0259rbaycanda, b\u00fct\u00fcn d\u00fcnyada insan haqlar\u0131 tapdalan\u0131r: <\/p>\n\n\n\n<p>\u201c\u0130ndi d\u00fcnyada h\u0259r \u015fey qar\u0131\u015f\u0131b. \u0130nsan h\u00fcquqlar\u0131ndan dan\u0131\u015fanda, g\u00f6z\u00fcm\u00fcn qaba\u011f\u0131na Ukrayna g\u0259lir. Minl\u0259rl\u0259, milyonlarla insanlar\u0131n h\u00fcquqlar\u0131 darmada\u011f\u0131n edilir. G\u00f6z\u00fcm\u00fcn qaba\u011f\u0131na ba\u015fqa \u00f6lk\u0259l\u0259r g\u0259lir. Daha \u0259vv\u0259l NATO-nun Yuqoslaviyaya qar\u015f\u0131 apard\u0131\u011f\u0131 m\u00fcharib\u0259 vard\u0131. T\u0259yyar\u0259l\u0259rl\u0259 g\u00f6yd\u0259n bombalar\u0131 Yuqoslaviya \u0259razisin\u0259 t\u00f6kd\u00fcl\u0259r. Corc Bu\u015f \u0130raq\u0131 el\u0259 g\u00fcn\u0259 qoydu ki, bu g\u00fcn d\u0259 ayaq \u00fcst\u0259 dura bilmir. Bunlara g\u00f6r\u0259 kim c\u0259za ald\u0131? Hans\u0131 insan haqq\u0131ndan dan\u0131\u015fmaq olar ki, milyonlarla insan\u0131n taleyi he\u00e7 n\u0259d\u0259n, kimins\u0259 kaprizind\u0259n, \u00e7\u0131l\u011f\u0131nl\u0131\u011f\u0131ndan as\u0131l\u0131d\u0131r. \u0130nsan haqlar\u0131 dey\u0259nd\u0259, adam\u0131n g\u00f6z\u00fcn\u00fcn qaba\u011f\u0131na bu \u015feyl\u0259r g\u0259lir\u201d.<\/p>\n\n\n\n<figure class=\"wp-block-image size-full\"><img decoding=\"async\" width=\"1155\" height=\"550\" data-src=\"https:\/\/www.meydan.tv\/wp-content\/uploads\/26560.jpg\" alt=\"\u018fkr\u0259m \u018fylisli\" class=\"wp-image-69445 lazyload\" src=\"data:image\/svg+xml;base64,PHN2ZyB3aWR0aD0iMSIgaGVpZ2h0PSIxIiB4bWxucz0iaHR0cDovL3d3dy53My5vcmcvMjAwMC9zdmciPjwvc3ZnPg==\" style=\"--smush-placeholder-width: 1155px; --smush-placeholder-aspect-ratio: 1155\/550;\" \/><figcaption class=\"wp-element-caption\">Foto: Meydan TV <\/figcaption><\/figure>\n\n\n\n<p>\u201cM\u0259n siyas\u0259t\u00e7i olmad\u0131\u011f\u0131m \u00fc\u00e7\u00fcn s\u00f6z\u00fc birba\u015fa dey\u0259n adamam. Bu haqda da birba\u015fa dan\u0131\u015fmaq \u00e7\u0259tindir. Az\u0259rbaycan haqq\u0131nda c\u0259sar\u0259tl\u0259 dan\u0131\u015fmaq m\u0259nlik deyil. \u00c7\u00fcnki alayar\u0131m\u00e7\u0131q dan\u0131\u015fma\u011f\u0131n t\u0259r\u0259fdar\u0131 deyil\u0259m. Arzu ed\u0259rdim ki, m\u0259s\u0259l\u0259n, Az\u0259rbaycanda n\u00fcmayi\u015f (s\u0259rb\u0259st topla\u015fmaq) azadl\u0131\u011f\u0131 olayd\u0131, insanlar\u0131n \u00f6z fikirl\u0259rini s\u0259rb\u0259st ifad\u0259 etm\u0259si \u00fc\u00e7\u00fcn \u015f\u0259rait yarad\u0131layd\u0131. \u0130ndi bunlar\u0131n zaman\u0131 deyil, ya insanlar\u0131m\u0131z h\u0259r \u015fey\u0259 laqeyiddir. Bunlar m\u00fcr\u0259kk\u0259b m\u0259s\u0259l\u0259l\u0259rdir\u201d, &#8211; \u018fkr\u0259m \u018fylisli deyib.<\/p>\n\n\n\n<p>1948-ci ilin 10 dekabr\u0131nda BMT-nin Ba\u015f M\u0259clisi t\u0259r\u0259find\u0259n \u201c\u0130nsan h\u00fcquqlar\u0131 haqq\u0131nda \u00fcmumi b\u0259yannam\u0259\u201d q\u0259bul edilib.<\/p>\n\n\n\n<p>1950-ci ild\u0259n is\u0259 h\u0259r il dekabr ay\u0131n\u0131n 10-u b\u00fct\u00fcn d\u00fcnyada Beyn\u0259lxalq \u0130nsan H\u00fcquqlar\u0131 G\u00fcn\u00fc kimi qeyd olunur.<\/p>\n\n\n\n<p>\u0130lk d\u0259f\u0259 olaraq insan haqq\u0131na Fransada 1789-cu ild\u0259 q\u0259bul edilmi\u015f \u201c\u0130nsan v\u0259 v\u0259t\u0259nda\u015f haqlar\u0131 haqq\u0131nda deklarasiya\u201dda rast g\u0259linir.<\/p>\n\n\n\n<p>1966-c\u0131 ild\u0259 BMT-nin ba\u015f\u00e7\u0131l\u0131\u011f\u0131 alt\u0131nda \u201cV\u0259t\u0259nda\u015fl\u0131q v\u0259 siyasi h\u00fcq\u00fcqlar haqq\u0131nda beyn\u0259lxalq pakt\u201d v\u0259 \u201ciqtisadi, sosial v\u0259 m\u0259d\u0259ni h\u00fcquqlar haqq\u0131nda pakt\u201d q\u0259bul edilib.<\/p>\n\n\n\n<p>Az\u0259rbaycan 2000-ci ilin sonunda \u201cAvropa \u0130nsan H\u00fcqular\u0131 Konvensiyas\u0131\u201dna qo\u015fulub.<\/p>\n","protected":false},"excerpt":{"rendered":"<p>\u018fkr\u0259m \u018fylisli: &#8220;Arzu ed\u0259rdim ki, Az\u0259rbaycanda n\u00fcmayi\u015f azadl\u0131\u011f\u0131 olsun&#8221; 10 &#8230; <\/p>\n<p class=\"read-more-container\"><a title=\"Az\u0259rbaycanda \u00dcmumd\u00fcnya \u0130nsan H\u00fcquqlar\u0131 G\u00fcn\u00fc: s\u0259n\u0259t adamlar\u0131 n\u0259 d\u00fc\u015f\u00fcn\u00fcr?\" class=\"read-more button\" href=\"https:\/\/www.meydan.tv\/az\/article\/azerbaycanda-umumdunya-insan-huquqlari-gunu-senet-adamlari-ne-dusunur\/#more-263069\" aria-label=\"Read more about Az\u0259rbaycanda \u00dcmumd\u00fcnya \u0130nsan H\u00fcquqlar\u0131 G\u00fcn\u00fc: s\u0259n\u0259t adamlar\u0131 n\u0259 d\u00fc\u015f\u00fcn\u00fcr?\">Davam\u0131<\/a><\/p>\n","protected":false},"author":8,"featured_media":134890,"comment_status":"closed","ping_status":"closed","sticky":false,"template":"","format":"standard","meta":{"_acf_changed":false,"_sitemap_exclude":false,"_sitemap_priority":"","_sitemap_frequency":"","footnotes":""},"categories":[52,56],"tags":[],"class_list":["post-263069","post","type-post","status-publish","format-standard","has-post-thumbnail","hentry","category-medeniyyet","category-xeberler","infinite-scroll-item","generate-columns","tablet-grid-50","mobile-grid-100","grid-parent","grid-33","no-featured-image-padding"],"acf":[],"yoast_head":"<!-- This site is optimized with the Yoast SEO plugin v27.4 - https:\/\/yoast.com\/product\/yoast-seo-wordpress\/ -->\n<title>Az\u0259rbaycanda \u00dcmumd\u00fcnya \u0130nsan H\u00fcquqlar\u0131 G\u00fcn\u00fc: s\u0259n\u0259t adamlar\u0131 n\u0259 d\u00fc\u015f\u00fcn\u00fcr? - MEYDAN.TV<\/title>\n<meta name=\"robots\" content=\"index, follow, max-snippet:-1, max-image-preview:large, max-video-preview:-1\" \/>\n<link rel=\"canonical\" href=\"https:\/\/www.meydan.tv\/az\/article\/azerbaycanda-umumdunya-insan-huquqlari-gunu-senet-adamlari-ne-dusunur\/\" \/>\n<meta property=\"og:locale\" content=\"az_AZ\" \/>\n<meta property=\"og:type\" content=\"article\" \/>\n<meta property=\"og:title\" content=\"Az\u0259rbaycanda \u00dcmumd\u00fcnya \u0130nsan H\u00fcquqlar\u0131 G\u00fcn\u00fc: s\u0259n\u0259t adamlar\u0131 n\u0259 d\u00fc\u015f\u00fcn\u00fcr? - MEYDAN.TV\" \/>\n<meta property=\"og:description\" content=\"\u018fkr\u0259m \u018fylisli: &#8220;Arzu ed\u0259rdim ki, Az\u0259rbaycanda n\u00fcmayi\u015f azadl\u0131\u011f\u0131 olsun&#8221; 10 ... Davam\u0131\" \/>\n<meta property=\"og:url\" content=\"https:\/\/www.meydan.tv\/az\/article\/azerbaycanda-umumdunya-insan-huquqlari-gunu-senet-adamlari-ne-dusunur\/\" \/>\n<meta property=\"og:site_name\" content=\"MEYDAN.TV\" \/>\n<meta property=\"article:published_time\" content=\"2022-12-10T09:41:40+00:00\" \/>\n<meta property=\"article:modified_time\" content=\"2022-12-11T11:00:35+00:00\" \/>\n<meta property=\"og:image\" content=\"https:\/\/www.meydan.tv\/wp-content\/uploads\/15435.width-1024.jpg\" \/>\n\t<meta property=\"og:image:width\" content=\"786\" \/>\n\t<meta property=\"og:image:height\" content=\"480\" \/>\n\t<meta property=\"og:image:type\" content=\"image\/jpeg\" \/>\n<meta name=\"author\" content=\"elli\" \/>\n<meta name=\"twitter:card\" content=\"summary_large_image\" \/>\n<meta name=\"twitter:creator\" content=\"@elli\" \/>\n<script type=\"application\/ld+json\" class=\"yoast-schema-graph\">{\"@context\":\"https:\\\/\\\/schema.org\",\"@graph\":[{\"@type\":\"Article\",\"@id\":\"https:\\\/\\\/www.meydan.tv\\\/az\\\/article\\\/azerbaycanda-umumdunya-insan-huquqlari-gunu-senet-adamlari-ne-dusunur\\\/#article\",\"isPartOf\":{\"@id\":\"https:\\\/\\\/www.meydan.tv\\\/az\\\/article\\\/azerbaycanda-umumdunya-insan-huquqlari-gunu-senet-adamlari-ne-dusunur\\\/\"},\"author\":{\"name\":\"elli\",\"@id\":\"https:\\\/\\\/www.meydan.tv\\\/az\\\/#\\\/schema\\\/person\\\/9cdbecf90d17180ce1dfbd95b08dcf47\"},\"headline\":\"Az\u0259rbaycanda \u00dcmumd\u00fcnya \u0130nsan H\u00fcquqlar\u0131 G\u00fcn\u00fc: s\u0259n\u0259t adamlar\u0131 n\u0259 d\u00fc\u015f\u00fcn\u00fcr?\",\"datePublished\":\"2022-12-10T09:41:40+00:00\",\"dateModified\":\"2022-12-11T11:00:35+00:00\",\"mainEntityOfPage\":{\"@id\":\"https:\\\/\\\/www.meydan.tv\\\/az\\\/article\\\/azerbaycanda-umumdunya-insan-huquqlari-gunu-senet-adamlari-ne-dusunur\\\/\"},\"wordCount\":1170,\"publisher\":{\"@id\":\"https:\\\/\\\/www.meydan.tv\\\/az\\\/#organization\"},\"image\":{\"@id\":\"https:\\\/\\\/www.meydan.tv\\\/az\\\/article\\\/azerbaycanda-umumdunya-insan-huquqlari-gunu-senet-adamlari-ne-dusunur\\\/#primaryimage\"},\"thumbnailUrl\":\"https:\\\/\\\/www.meydan.tv\\\/wp-content\\\/uploads\\\/15435.width-1024-e1709890948784.jpg\",\"articleSection\":[\"M\u0259d\u0259niyy\u0259t\",\"X\u0259b\u0259rl\u0259r\"],\"inLanguage\":\"az\"},{\"@type\":\"WebPage\",\"@id\":\"https:\\\/\\\/www.meydan.tv\\\/az\\\/article\\\/azerbaycanda-umumdunya-insan-huquqlari-gunu-senet-adamlari-ne-dusunur\\\/\",\"url\":\"https:\\\/\\\/www.meydan.tv\\\/az\\\/article\\\/azerbaycanda-umumdunya-insan-huquqlari-gunu-senet-adamlari-ne-dusunur\\\/\",\"name\":\"Az\u0259rbaycanda \u00dcmumd\u00fcnya \u0130nsan H\u00fcquqlar\u0131 G\u00fcn\u00fc: s\u0259n\u0259t adamlar\u0131 n\u0259 d\u00fc\u015f\u00fcn\u00fcr? - MEYDAN.TV\",\"isPartOf\":{\"@id\":\"https:\\\/\\\/www.meydan.tv\\\/az\\\/#website\"},\"primaryImageOfPage\":{\"@id\":\"https:\\\/\\\/www.meydan.tv\\\/az\\\/article\\\/azerbaycanda-umumdunya-insan-huquqlari-gunu-senet-adamlari-ne-dusunur\\\/#primaryimage\"},\"image\":{\"@id\":\"https:\\\/\\\/www.meydan.tv\\\/az\\\/article\\\/azerbaycanda-umumdunya-insan-huquqlari-gunu-senet-adamlari-ne-dusunur\\\/#primaryimage\"},\"thumbnailUrl\":\"https:\\\/\\\/www.meydan.tv\\\/wp-content\\\/uploads\\\/15435.width-1024-e1709890948784.jpg\",\"datePublished\":\"2022-12-10T09:41:40+00:00\",\"dateModified\":\"2022-12-11T11:00:35+00:00\",\"breadcrumb\":{\"@id\":\"https:\\\/\\\/www.meydan.tv\\\/az\\\/article\\\/azerbaycanda-umumdunya-insan-huquqlari-gunu-senet-adamlari-ne-dusunur\\\/#breadcrumb\"},\"inLanguage\":\"az\",\"potentialAction\":[{\"@type\":\"ReadAction\",\"target\":[\"https:\\\/\\\/www.meydan.tv\\\/az\\\/article\\\/azerbaycanda-umumdunya-insan-huquqlari-gunu-senet-adamlari-ne-dusunur\\\/\"]}]},{\"@type\":\"ImageObject\",\"inLanguage\":\"az\",\"@id\":\"https:\\\/\\\/www.meydan.tv\\\/az\\\/article\\\/azerbaycanda-umumdunya-insan-huquqlari-gunu-senet-adamlari-ne-dusunur\\\/#primaryimage\",\"url\":\"https:\\\/\\\/www.meydan.tv\\\/wp-content\\\/uploads\\\/15435.width-1024-e1709890948784.jpg\",\"contentUrl\":\"https:\\\/\\\/www.meydan.tv\\\/wp-content\\\/uploads\\\/15435.width-1024-e1709890948784.jpg\",\"width\":785,\"height\":382,\"caption\":\"Foto: Meydan TV\"},{\"@type\":\"BreadcrumbList\",\"@id\":\"https:\\\/\\\/www.meydan.tv\\\/az\\\/article\\\/azerbaycanda-umumdunya-insan-huquqlari-gunu-senet-adamlari-ne-dusunur\\\/#breadcrumb\",\"itemListElement\":[{\"@type\":\"ListItem\",\"position\":1,\"name\":\"Ana s\u0259hif\u0259\",\"item\":\"https:\\\/\\\/www.meydan.tv\\\/az\\\/\"},{\"@type\":\"ListItem\",\"position\":2,\"name\":\"M\u0259d\u0259niyy\u0259t\",\"item\":\"https:\\\/\\\/www.meydan.tv\\\/az\\\/section\\\/medeniyyet\\\/\"},{\"@type\":\"ListItem\",\"position\":3,\"name\":\"Az\u0259rbaycanda \u00dcmumd\u00fcnya \u0130nsan H\u00fcquqlar\u0131 G\u00fcn\u00fc: s\u0259n\u0259t adamlar\u0131 n\u0259 d\u00fc\u015f\u00fcn\u00fcr?\"}]},{\"@type\":\"WebSite\",\"@id\":\"https:\\\/\\\/www.meydan.tv\\\/az\\\/#website\",\"url\":\"https:\\\/\\\/www.meydan.tv\\\/az\\\/\",\"name\":\"MEYDAN.TV\",\"description\":\"Meydan TV Az\u0259rbaycan\u0131n media m\u0259kan\u0131ndak\u0131 alternativ s\u0259sidir\",\"publisher\":{\"@id\":\"https:\\\/\\\/www.meydan.tv\\\/az\\\/#organization\"},\"potentialAction\":[{\"@type\":\"SearchAction\",\"target\":{\"@type\":\"EntryPoint\",\"urlTemplate\":\"https:\\\/\\\/www.meydan.tv\\\/az\\\/?s={search_term_string}\"},\"query-input\":{\"@type\":\"PropertyValueSpecification\",\"valueRequired\":true,\"valueName\":\"search_term_string\"}}],\"inLanguage\":\"az\"},{\"@type\":\"Organization\",\"@id\":\"https:\\\/\\\/www.meydan.tv\\\/az\\\/#organization\",\"name\":\"Meydan TV\",\"url\":\"https:\\\/\\\/www.meydan.tv\\\/az\\\/\",\"logo\":{\"@type\":\"ImageObject\",\"inLanguage\":\"az\",\"@id\":\"https:\\\/\\\/www.meydan.tv\\\/az\\\/#\\\/schema\\\/logo\\\/image\\\/\",\"url\":\"https:\\\/\\\/www.meydan.tv\\\/wp-content\\\/uploads\\\/2021\\\/07\\\/meydan-logo.svg\",\"contentUrl\":\"https:\\\/\\\/www.meydan.tv\\\/wp-content\\\/uploads\\\/2021\\\/07\\\/meydan-logo.svg\",\"width\":195,\"height\":46,\"caption\":\"Meydan TV\"},\"image\":{\"@id\":\"https:\\\/\\\/www.meydan.tv\\\/az\\\/#\\\/schema\\\/logo\\\/image\\\/\"}},{\"@type\":\"Person\",\"@id\":\"https:\\\/\\\/www.meydan.tv\\\/az\\\/#\\\/schema\\\/person\\\/9cdbecf90d17180ce1dfbd95b08dcf47\",\"name\":\"elli\",\"sameAs\":[\"https:\\\/\\\/x.com\\\/elli\"]}]}<\/script>\n<!-- \/ Yoast SEO plugin. -->","yoast_head_json":{"title":"Az\u0259rbaycanda \u00dcmumd\u00fcnya \u0130nsan H\u00fcquqlar\u0131 G\u00fcn\u00fc: s\u0259n\u0259t adamlar\u0131 n\u0259 d\u00fc\u015f\u00fcn\u00fcr? - MEYDAN.TV","robots":{"index":"index","follow":"follow","max-snippet":"max-snippet:-1","max-image-preview":"max-image-preview:large","max-video-preview":"max-video-preview:-1"},"canonical":"https:\/\/www.meydan.tv\/az\/article\/azerbaycanda-umumdunya-insan-huquqlari-gunu-senet-adamlari-ne-dusunur\/","og_locale":"az_AZ","og_type":"article","og_title":"Az\u0259rbaycanda \u00dcmumd\u00fcnya \u0130nsan H\u00fcquqlar\u0131 G\u00fcn\u00fc: s\u0259n\u0259t adamlar\u0131 n\u0259 d\u00fc\u015f\u00fcn\u00fcr? - MEYDAN.TV","og_description":"\u018fkr\u0259m \u018fylisli: &#8220;Arzu ed\u0259rdim ki, Az\u0259rbaycanda n\u00fcmayi\u015f azadl\u0131\u011f\u0131 olsun&#8221; 10 ... Davam\u0131","og_url":"https:\/\/www.meydan.tv\/az\/article\/azerbaycanda-umumdunya-insan-huquqlari-gunu-senet-adamlari-ne-dusunur\/","og_site_name":"MEYDAN.TV","article_published_time":"2022-12-10T09:41:40+00:00","article_modified_time":"2022-12-11T11:00:35+00:00","og_image":[{"width":786,"height":480,"url":"https:\/\/www.meydan.tv\/wp-content\/uploads\/15435.width-1024.jpg","type":"image\/jpeg"}],"author":"elli","twitter_card":"summary_large_image","twitter_creator":"@elli","schema":{"@context":"https:\/\/schema.org","@graph":[{"@type":"Article","@id":"https:\/\/www.meydan.tv\/az\/article\/azerbaycanda-umumdunya-insan-huquqlari-gunu-senet-adamlari-ne-dusunur\/#article","isPartOf":{"@id":"https:\/\/www.meydan.tv\/az\/article\/azerbaycanda-umumdunya-insan-huquqlari-gunu-senet-adamlari-ne-dusunur\/"},"author":{"name":"elli","@id":"https:\/\/www.meydan.tv\/az\/#\/schema\/person\/9cdbecf90d17180ce1dfbd95b08dcf47"},"headline":"Az\u0259rbaycanda \u00dcmumd\u00fcnya \u0130nsan H\u00fcquqlar\u0131 G\u00fcn\u00fc: s\u0259n\u0259t adamlar\u0131 n\u0259 d\u00fc\u015f\u00fcn\u00fcr?","datePublished":"2022-12-10T09:41:40+00:00","dateModified":"2022-12-11T11:00:35+00:00","mainEntityOfPage":{"@id":"https:\/\/www.meydan.tv\/az\/article\/azerbaycanda-umumdunya-insan-huquqlari-gunu-senet-adamlari-ne-dusunur\/"},"wordCount":1170,"publisher":{"@id":"https:\/\/www.meydan.tv\/az\/#organization"},"image":{"@id":"https:\/\/www.meydan.tv\/az\/article\/azerbaycanda-umumdunya-insan-huquqlari-gunu-senet-adamlari-ne-dusunur\/#primaryimage"},"thumbnailUrl":"https:\/\/www.meydan.tv\/wp-content\/uploads\/15435.width-1024-e1709890948784.jpg","articleSection":["M\u0259d\u0259niyy\u0259t","X\u0259b\u0259rl\u0259r"],"inLanguage":"az"},{"@type":"WebPage","@id":"https:\/\/www.meydan.tv\/az\/article\/azerbaycanda-umumdunya-insan-huquqlari-gunu-senet-adamlari-ne-dusunur\/","url":"https:\/\/www.meydan.tv\/az\/article\/azerbaycanda-umumdunya-insan-huquqlari-gunu-senet-adamlari-ne-dusunur\/","name":"Az\u0259rbaycanda \u00dcmumd\u00fcnya \u0130nsan H\u00fcquqlar\u0131 G\u00fcn\u00fc: s\u0259n\u0259t adamlar\u0131 n\u0259 d\u00fc\u015f\u00fcn\u00fcr? - MEYDAN.TV","isPartOf":{"@id":"https:\/\/www.meydan.tv\/az\/#website"},"primaryImageOfPage":{"@id":"https:\/\/www.meydan.tv\/az\/article\/azerbaycanda-umumdunya-insan-huquqlari-gunu-senet-adamlari-ne-dusunur\/#primaryimage"},"image":{"@id":"https:\/\/www.meydan.tv\/az\/article\/azerbaycanda-umumdunya-insan-huquqlari-gunu-senet-adamlari-ne-dusunur\/#primaryimage"},"thumbnailUrl":"https:\/\/www.meydan.tv\/wp-content\/uploads\/15435.width-1024-e1709890948784.jpg","datePublished":"2022-12-10T09:41:40+00:00","dateModified":"2022-12-11T11:00:35+00:00","breadcrumb":{"@id":"https:\/\/www.meydan.tv\/az\/article\/azerbaycanda-umumdunya-insan-huquqlari-gunu-senet-adamlari-ne-dusunur\/#breadcrumb"},"inLanguage":"az","potentialAction":[{"@type":"ReadAction","target":["https:\/\/www.meydan.tv\/az\/article\/azerbaycanda-umumdunya-insan-huquqlari-gunu-senet-adamlari-ne-dusunur\/"]}]},{"@type":"ImageObject","inLanguage":"az","@id":"https:\/\/www.meydan.tv\/az\/article\/azerbaycanda-umumdunya-insan-huquqlari-gunu-senet-adamlari-ne-dusunur\/#primaryimage","url":"https:\/\/www.meydan.tv\/wp-content\/uploads\/15435.width-1024-e1709890948784.jpg","contentUrl":"https:\/\/www.meydan.tv\/wp-content\/uploads\/15435.width-1024-e1709890948784.jpg","width":785,"height":382,"caption":"Foto: Meydan TV"},{"@type":"BreadcrumbList","@id":"https:\/\/www.meydan.tv\/az\/article\/azerbaycanda-umumdunya-insan-huquqlari-gunu-senet-adamlari-ne-dusunur\/#breadcrumb","itemListElement":[{"@type":"ListItem","position":1,"name":"Ana s\u0259hif\u0259","item":"https:\/\/www.meydan.tv\/az\/"},{"@type":"ListItem","position":2,"name":"M\u0259d\u0259niyy\u0259t","item":"https:\/\/www.meydan.tv\/az\/section\/medeniyyet\/"},{"@type":"ListItem","position":3,"name":"Az\u0259rbaycanda \u00dcmumd\u00fcnya \u0130nsan H\u00fcquqlar\u0131 G\u00fcn\u00fc: s\u0259n\u0259t adamlar\u0131 n\u0259 d\u00fc\u015f\u00fcn\u00fcr?"}]},{"@type":"WebSite","@id":"https:\/\/www.meydan.tv\/az\/#website","url":"https:\/\/www.meydan.tv\/az\/","name":"MEYDAN.TV","description":"Meydan TV Az\u0259rbaycan\u0131n media m\u0259kan\u0131ndak\u0131 alternativ s\u0259sidir","publisher":{"@id":"https:\/\/www.meydan.tv\/az\/#organization"},"potentialAction":[{"@type":"SearchAction","target":{"@type":"EntryPoint","urlTemplate":"https:\/\/www.meydan.tv\/az\/?s={search_term_string}"},"query-input":{"@type":"PropertyValueSpecification","valueRequired":true,"valueName":"search_term_string"}}],"inLanguage":"az"},{"@type":"Organization","@id":"https:\/\/www.meydan.tv\/az\/#organization","name":"Meydan TV","url":"https:\/\/www.meydan.tv\/az\/","logo":{"@type":"ImageObject","inLanguage":"az","@id":"https:\/\/www.meydan.tv\/az\/#\/schema\/logo\/image\/","url":"https:\/\/www.meydan.tv\/wp-content\/uploads\/2021\/07\/meydan-logo.svg","contentUrl":"https:\/\/www.meydan.tv\/wp-content\/uploads\/2021\/07\/meydan-logo.svg","width":195,"height":46,"caption":"Meydan TV"},"image":{"@id":"https:\/\/www.meydan.tv\/az\/#\/schema\/logo\/image\/"}},{"@type":"Person","@id":"https:\/\/www.meydan.tv\/az\/#\/schema\/person\/9cdbecf90d17180ce1dfbd95b08dcf47","name":"elli","sameAs":["https:\/\/x.com\/elli"]}]}},"_links":{"self":[{"href":"https:\/\/www.meydan.tv\/az\/wp-json\/wp\/v2\/posts\/263069","targetHints":{"allow":["GET"]}}],"collection":[{"href":"https:\/\/www.meydan.tv\/az\/wp-json\/wp\/v2\/posts"}],"about":[{"href":"https:\/\/www.meydan.tv\/az\/wp-json\/wp\/v2\/types\/post"}],"author":[{"embeddable":true,"href":"https:\/\/www.meydan.tv\/az\/wp-json\/wp\/v2\/users\/8"}],"replies":[{"embeddable":true,"href":"https:\/\/www.meydan.tv\/az\/wp-json\/wp\/v2\/comments?post=263069"}],"version-history":[{"count":3,"href":"https:\/\/www.meydan.tv\/az\/wp-json\/wp\/v2\/posts\/263069\/revisions"}],"predecessor-version":[{"id":263079,"href":"https:\/\/www.meydan.tv\/az\/wp-json\/wp\/v2\/posts\/263069\/revisions\/263079"}],"wp:featuredmedia":[{"embeddable":true,"href":"https:\/\/www.meydan.tv\/az\/wp-json\/wp\/v2\/media\/134890"}],"wp:attachment":[{"href":"https:\/\/www.meydan.tv\/az\/wp-json\/wp\/v2\/media?parent=263069"}],"wp:term":[{"taxonomy":"category","embeddable":true,"href":"https:\/\/www.meydan.tv\/az\/wp-json\/wp\/v2\/categories?post=263069"},{"taxonomy":"post_tag","embeddable":true,"href":"https:\/\/www.meydan.tv\/az\/wp-json\/wp\/v2\/tags?post=263069"}],"curies":[{"name":"wp","href":"https:\/\/api.w.org\/{rel}","templated":true}]}}