{"id":262890,"date":"2022-12-08T16:08:48","date_gmt":"2022-12-08T12:08:48","guid":{"rendered":"https:\/\/www.meydan.tv\/?p=262890"},"modified":"2022-12-15T13:07:37","modified_gmt":"2022-12-15T09:07:37","slug":"irandaki-etirazlara-gore-ilk-edamin-gerceklesdirildiyi-bildirilir","status":"publish","type":"post","link":"https:\/\/www.meydan.tv\/az\/article\/irandaki-etirazlara-gore-ilk-edamin-gerceklesdirildiyi-bildirilir\/","title":{"rendered":"<strong>\u0130randak\u0131 etirazlara g\u00f6r\u0259 ilk edam\u0131n ger\u00e7\u0259kl\u0259\u015fdirildiyi bildirilir<\/strong>"},"content":{"rendered":"\n<p><\/p>\n\n\n\n<p><em>M\u00f6hs\u00fcn \u015eekari \u201cAllaha qar\u015f\u0131 d\u00fc\u015fm\u0259n\u00e7ilikd\u0259\u201d t\u0259qsirl\u0259ndirilib<\/em><\/p>\n\n\n\n<p>\u0130ran m\u0259hk\u0259m\u0259si h\u00f6kum\u0259t\u0259 qar\u015f\u0131 aksiyalarda i\u015ftirak ed\u0259n ilk etiraz\u00e7\u0131n\u0131n edam\u0131n\u0131 elan <a href=\"https:\/\/www.bbc.com\/news\/world-middle-east-63900099\" target=\"_blank\" rel=\"noreferrer noopener\">edib<\/a>.<\/p>\n\n\n\n<p>\u018fdliyy\u0259 orqanlar\u0131n\u0131n &#8220;Mizan&#8221; x\u0259b\u0259r agentliyi yaz\u0131b ki, etiraz\u00e7\u0131lardan M\u00f6hs\u00fcn \u015eekari (\u015e\u0259k\u0259ri) \u0130nqilab M\u0259hk\u0259m\u0259sinin q\u0259rar\u0131 il\u0259 c\u00fcm\u0259 ax\u015fam\u0131 edam edilib.<\/p>\n\n\n\n<p>\u0130stintaq M\u00f6hs\u00fcn \u015eekarini ilkin olaraq sentyabr\u0131n 25-d\u0259 Tehranda S\u0259ttarxan k\u00fc\u00e7\u0259sind\u0259ki yolu ba\u011flamaqda g\u00fcnahland\u0131r\u0131b.<\/p>\n\n\n\n<p>O, daha sonra etirazlar\u0131 yat\u0131rmaq \u00fc\u00e7\u00fcn yarad\u0131lan k\u00f6n\u00fcll\u00fc B\u0259sic M\u00fcqavim\u0259t Q\u00fcvv\u0259l\u0259rinin bir \u00fczv\u00fcn\u00fc b\u0131\u00e7aqla yaralayan \u201ci\u011fti\u015fa\u015f\u00e7\u0131\u201d kimi ittiham olunub.<\/p>\n\n\n\n<p>&#8220;BBC News&#8221; yaz\u0131b ki, noyabr\u0131n 1-d\u0259 m\u0259hk\u0259m\u0259 \u015eekarini \u201c\u00f6ld\u00fcrm\u0259k, terror t\u00f6r\u0259tm\u0259k v\u0259 c\u0259miyy\u0259tin nizam\u0131n\u0131 v\u0259 t\u0259hl\u00fck\u0259sizliyini pozmaq m\u0259qs\u0259di il\u0259 d\u00f6y\u00fc\u015fm\u0259kd\u0259 v\u0259 silah \u00e7\u0259km\u0259kd\u0259\u201d t\u0259qsirli bilib v\u0259 onu \u201cAllaha qar\u015f\u0131 d\u00fc\u015fm\u0259n\u00e7ilikd\u0259\u201d ittiham edib.<\/p>\n\n\n\n<p>F\u0259al h\u00f6kmd\u0259n apelyasiya \u015fikay\u0259ti verib, lakin noyabr\u0131n 20-d\u0259 Ali M\u0259hk\u0259m\u0259 onu q\u00fcvv\u0259d\u0259 saxlay\u0131b.<\/p>\n\n\n\n<p>Aksiya f\u0259allar\u0131ndan biri BBC-y\u0259 deyib ki, \u015eekariy\u0259 qar\u015f\u0131 \u00e7\u0131xar\u0131lan h\u00f6km qanunsuz olub: \u201cO, he\u00e7 bir qanuni proses olmadan ke\u00e7iril\u0259n m\u0259hk\u0259m\u0259nin q\u0259rar\u0131ndan sonra m\u0259hkum edilib\u201d.<\/p>\n\n\n\n<p>\u018fdliyy\u0259 Nazirliyi indiy\u0259d\u0259k etirazlarla ba\u011fl\u0131 daha 10 n\u0259f\u0259rin &#8220;Allaha d\u00fc\u015fm\u0259n\u00e7ilik&#8221; ittiham\u0131 il\u0259 \u0130nqilab M\u0259hk\u0259m\u0259l\u0259ri t\u0259r\u0259find\u0259n edam c\u0259zas\u0131na m\u0259hkum edildiyini a\u00e7\u0131qlay\u0131b.<\/p>\n\n\n\n<p>T\u0259qsirl\u0259ndiril\u0259n \u015f\u0259xsl\u0259rin kimliyi is\u0259 a\u00e7\u0131qlanmay\u0131b.<\/p>\n\n\n\n<p>H\u00fcquq M\u00fcdafi\u0259\u00e7il\u0259rinin X\u0259b\u0259r Agentliyinin (HRANA) verdiyi m\u0259lumat\u0131na g\u00f6r\u0259, indiy\u0259d\u0259k \u0259n az\u0131 475 etiraz\u00e7\u0131 \u00f6ld\u00fcr\u00fcl\u00fcb, 18 240 n\u0259f\u0259r saxlan\u0131l\u0131b.<\/p>\n\n\n\n<p>\u0130\u011fti\u015fa\u015flar zaman\u0131 61 t\u0259hl\u00fck\u0259sizlik \u0259m\u0259kda\u015f\u0131n\u0131n \u00f6ld\u00fcy\u00fc bildirilib.<\/p>\n\n\n\n<p>Norve\u00e7d\u0259 yerl\u0259\u015f\u0259n \u0130ran \u0130nsan Haqlar\u0131 t\u0259\u015fkilat\u0131n\u0131n direktoru Mahmud Amiri &#8220;Tvitter&#8221; hesab\u0131nda yaz\u0131b ki, \u0130ran hakimiyy\u0259ti ciddi v\u0259 praktik beyn\u0259lxalq t\u0259zyiql\u0259rl\u0259 \u00fczl\u0259\u015fm\u0259s\u0259, etiraz\u00e7\u0131lar\u0131n edamlar\u0131 h\u0259r g\u00fcn h\u0259yata ke\u00e7iril\u0259c\u0259k.<\/p>\n\n\n\n<p>&#8220;Amnesty International&#8221; t\u0259\u015fkilat\u0131 is\u0259 bildirib ki, \u00f6l\u00fcm h\u00f6kml\u0259ri &#8220;xalq \u00fcsyan\u0131n\u0131 daha da s\u0131x\u0131\u015fd\u0131rma\u011fa&#8221; v\u0259 &#8220;ictimaiyy\u0259t aras\u0131nda qorxu yaratma\u011fa&#8221; hesablan\u0131b.<\/p>\n\n\n\n<p>\u0130randa etirazlar sentyabr\u0131n ortalar\u0131nda \u0259xlaq polisi t\u0259r\u0259find\u0259n saxlan\u0131lan 22 ya\u015fl\u0131 M\u0259hsa \u018fmini adl\u0131 qad\u0131n\u0131n h\u0259bsd\u0259 \u00f6lm\u0259sind\u0259n sonra ba\u015flay\u0131b.<\/p>\n\n\n\n<p>Qad\u0131nlar\u0131n r\u0259hb\u0259rlik etdiyi etirazlar \u00f6lk\u0259nin b\u00fct\u00fcn 31 vilay\u0259tind\u0259 160 \u015f\u0259h\u0259r\u0259 yay\u0131l\u0131b.<\/p>\n\n\n\n<p>Bu etirazlar 1979-cu il inqilab\u0131ndan sonra \u0130slam Respublikas\u0131na qar\u015f\u0131 \u0259n ciddi \u00e7a\u011f\u0131r\u0131\u015flardan biri kimi qiym\u0259tl\u0259ndirilir.<\/p>\n\n\n\n<p>\u0130ran liderl\u0259ri onlar\u0131 \u00f6lk\u0259nin xarici d\u00fc\u015fm\u0259nl\u0259ri t\u0259r\u0259find\u0259n q\u0131z\u0131\u015fd\u0131r\u0131lan \u201ci\u011fti\u015fa\u015flar\u201d kimi q\u0259l\u0259m\u0259 verib v\u0259 t\u0259hl\u00fck\u0259sizlik q\u00fcvv\u0259l\u0259rin\u0259 onlarla \u201cq\u0259tiyy\u0259tli davranma\u011f\u0131\u201d \u0259mr edib.<\/p>\n","protected":false},"excerpt":{"rendered":"<p>M\u00f6hs\u00fcn \u015eekari \u201cAllaha qar\u015f\u0131 d\u00fc\u015fm\u0259n\u00e7ilikd\u0259\u201d t\u0259qsirl\u0259ndirilib \u0130ran m\u0259hk\u0259m\u0259si h\u00f6kum\u0259t\u0259 qar\u015f\u0131 &#8230; <\/p>\n<p class=\"read-more-container\"><a title=\"\u0130randak\u0131 etirazlara g\u00f6r\u0259 ilk edam\u0131n ger\u00e7\u0259kl\u0259\u015fdirildiyi bildirilir\" class=\"read-more button\" href=\"https:\/\/www.meydan.tv\/az\/article\/irandaki-etirazlara-gore-ilk-edamin-gerceklesdirildiyi-bildirilir\/#more-262890\" aria-label=\"Read more about \u0130randak\u0131 etirazlara g\u00f6r\u0259 ilk edam\u0131n ger\u00e7\u0259kl\u0259\u015fdirildiyi bildirilir\">Davam\u0131<\/a><\/p>\n","protected":false},"author":8,"featured_media":262891,"comment_status":"closed","ping_status":"closed","sticky":false,"template":"","format":"standard","meta":{"_acf_changed":false,"_sitemap_exclude":false,"_sitemap_priority":"","_sitemap_frequency":"","footnotes":""},"categories":[64,56],"tags":[],"class_list":["post-262890","post","type-post","status-publish","format-standard","has-post-thumbnail","hentry","category-dunya","category-xeberler","infinite-scroll-item","generate-columns","tablet-grid-50","mobile-grid-100","grid-parent","grid-33","no-featured-image-padding"],"acf":[],"yoast_head":"<!-- This site is optimized with the Yoast SEO plugin v27.4 - https:\/\/yoast.com\/product\/yoast-seo-wordpress\/ -->\n<title>\u0130randak\u0131 etirazlara g\u00f6r\u0259 ilk edam\u0131n ger\u00e7\u0259kl\u0259\u015fdirildiyi bildirilir - MEYDAN.TV<\/title>\n<meta name=\"robots\" content=\"index, follow, max-snippet:-1, max-image-preview:large, max-video-preview:-1\" \/>\n<link rel=\"canonical\" href=\"https:\/\/www.meydan.tv\/az\/article\/irandaki-etirazlara-gore-ilk-edamin-gerceklesdirildiyi-bildirilir\/\" \/>\n<meta property=\"og:locale\" content=\"az_AZ\" \/>\n<meta property=\"og:type\" content=\"article\" \/>\n<meta property=\"og:title\" content=\"\u0130randak\u0131 etirazlara g\u00f6r\u0259 ilk edam\u0131n ger\u00e7\u0259kl\u0259\u015fdirildiyi bildirilir - MEYDAN.TV\" \/>\n<meta property=\"og:description\" content=\"M\u00f6hs\u00fcn \u015eekari \u201cAllaha qar\u015f\u0131 d\u00fc\u015fm\u0259n\u00e7ilikd\u0259\u201d t\u0259qsirl\u0259ndirilib \u0130ran m\u0259hk\u0259m\u0259si h\u00f6kum\u0259t\u0259 qar\u015f\u0131 ... Davam\u0131\" \/>\n<meta property=\"og:url\" content=\"https:\/\/www.meydan.tv\/az\/article\/irandaki-etirazlara-gore-ilk-edamin-gerceklesdirildiyi-bildirilir\/\" \/>\n<meta property=\"og:site_name\" content=\"MEYDAN.TV\" \/>\n<meta property=\"article:published_time\" content=\"2022-12-08T12:08:48+00:00\" \/>\n<meta property=\"article:modified_time\" content=\"2022-12-15T09:07:37+00:00\" \/>\n<meta property=\"og:image\" content=\"https:\/\/www.meydan.tv\/wp-content\/uploads\/download-47-e1670500600843.jpg\" \/>\n\t<meta property=\"og:image:width\" content=\"1200\" \/>\n\t<meta property=\"og:image:height\" content=\"708\" \/>\n\t<meta property=\"og:image:type\" content=\"image\/jpeg\" \/>\n<meta name=\"author\" content=\"elli\" \/>\n<meta name=\"twitter:card\" content=\"summary_large_image\" \/>\n<meta name=\"twitter:creator\" content=\"@elli\" \/>\n<script type=\"application\/ld+json\" class=\"yoast-schema-graph\">{\"@context\":\"https:\\\/\\\/schema.org\",\"@graph\":[{\"@type\":\"Article\",\"@id\":\"https:\\\/\\\/www.meydan.tv\\\/az\\\/article\\\/irandaki-etirazlara-gore-ilk-edamin-gerceklesdirildiyi-bildirilir\\\/#article\",\"isPartOf\":{\"@id\":\"https:\\\/\\\/www.meydan.tv\\\/az\\\/article\\\/irandaki-etirazlara-gore-ilk-edamin-gerceklesdirildiyi-bildirilir\\\/\"},\"author\":{\"name\":\"elli\",\"@id\":\"https:\\\/\\\/www.meydan.tv\\\/az\\\/#\\\/schema\\\/person\\\/9cdbecf90d17180ce1dfbd95b08dcf47\"},\"headline\":\"\u0130randak\u0131 etirazlara g\u00f6r\u0259 ilk edam\u0131n ger\u00e7\u0259kl\u0259\u015fdirildiyi bildirilir\",\"datePublished\":\"2022-12-08T12:08:48+00:00\",\"dateModified\":\"2022-12-15T09:07:37+00:00\",\"mainEntityOfPage\":{\"@id\":\"https:\\\/\\\/www.meydan.tv\\\/az\\\/article\\\/irandaki-etirazlara-gore-ilk-edamin-gerceklesdirildiyi-bildirilir\\\/\"},\"wordCount\":548,\"publisher\":{\"@id\":\"https:\\\/\\\/www.meydan.tv\\\/az\\\/#organization\"},\"image\":{\"@id\":\"https:\\\/\\\/www.meydan.tv\\\/az\\\/article\\\/irandaki-etirazlara-gore-ilk-edamin-gerceklesdirildiyi-bildirilir\\\/#primaryimage\"},\"thumbnailUrl\":\"https:\\\/\\\/www.meydan.tv\\\/wp-content\\\/uploads\\\/download-47-e1670500600843.jpg\",\"articleSection\":[\"D\u00fcnya\",\"X\u0259b\u0259rl\u0259r\"],\"inLanguage\":\"az\"},{\"@type\":\"WebPage\",\"@id\":\"https:\\\/\\\/www.meydan.tv\\\/az\\\/article\\\/irandaki-etirazlara-gore-ilk-edamin-gerceklesdirildiyi-bildirilir\\\/\",\"url\":\"https:\\\/\\\/www.meydan.tv\\\/az\\\/article\\\/irandaki-etirazlara-gore-ilk-edamin-gerceklesdirildiyi-bildirilir\\\/\",\"name\":\"\u0130randak\u0131 etirazlara g\u00f6r\u0259 ilk edam\u0131n ger\u00e7\u0259kl\u0259\u015fdirildiyi bildirilir - MEYDAN.TV\",\"isPartOf\":{\"@id\":\"https:\\\/\\\/www.meydan.tv\\\/az\\\/#website\"},\"primaryImageOfPage\":{\"@id\":\"https:\\\/\\\/www.meydan.tv\\\/az\\\/article\\\/irandaki-etirazlara-gore-ilk-edamin-gerceklesdirildiyi-bildirilir\\\/#primaryimage\"},\"image\":{\"@id\":\"https:\\\/\\\/www.meydan.tv\\\/az\\\/article\\\/irandaki-etirazlara-gore-ilk-edamin-gerceklesdirildiyi-bildirilir\\\/#primaryimage\"},\"thumbnailUrl\":\"https:\\\/\\\/www.meydan.tv\\\/wp-content\\\/uploads\\\/download-47-e1670500600843.jpg\",\"datePublished\":\"2022-12-08T12:08:48+00:00\",\"dateModified\":\"2022-12-15T09:07:37+00:00\",\"breadcrumb\":{\"@id\":\"https:\\\/\\\/www.meydan.tv\\\/az\\\/article\\\/irandaki-etirazlara-gore-ilk-edamin-gerceklesdirildiyi-bildirilir\\\/#breadcrumb\"},\"inLanguage\":\"az\",\"potentialAction\":[{\"@type\":\"ReadAction\",\"target\":[\"https:\\\/\\\/www.meydan.tv\\\/az\\\/article\\\/irandaki-etirazlara-gore-ilk-edamin-gerceklesdirildiyi-bildirilir\\\/\"]}]},{\"@type\":\"ImageObject\",\"inLanguage\":\"az\",\"@id\":\"https:\\\/\\\/www.meydan.tv\\\/az\\\/article\\\/irandaki-etirazlara-gore-ilk-edamin-gerceklesdirildiyi-bildirilir\\\/#primaryimage\",\"url\":\"https:\\\/\\\/www.meydan.tv\\\/wp-content\\\/uploads\\\/download-47-e1670500600843.jpg\",\"contentUrl\":\"https:\\\/\\\/www.meydan.tv\\\/wp-content\\\/uploads\\\/download-47-e1670500600843.jpg\",\"width\":1200,\"height\":708,\"caption\":\"M\u0259nb\u0259: \\\"myprivacy.dpgmedia.be\\\"\"},{\"@type\":\"BreadcrumbList\",\"@id\":\"https:\\\/\\\/www.meydan.tv\\\/az\\\/article\\\/irandaki-etirazlara-gore-ilk-edamin-gerceklesdirildiyi-bildirilir\\\/#breadcrumb\",\"itemListElement\":[{\"@type\":\"ListItem\",\"position\":1,\"name\":\"Ana s\u0259hif\u0259\",\"item\":\"https:\\\/\\\/www.meydan.tv\\\/az\\\/\"},{\"@type\":\"ListItem\",\"position\":2,\"name\":\"X\u0259b\u0259rl\u0259r\",\"item\":\"https:\\\/\\\/www.meydan.tv\\\/az\\\/section\\\/xeberler\\\/\"},{\"@type\":\"ListItem\",\"position\":3,\"name\":\"\u0130randak\u0131 etirazlara g\u00f6r\u0259 ilk edam\u0131n ger\u00e7\u0259kl\u0259\u015fdirildiyi bildirilir\"}]},{\"@type\":\"WebSite\",\"@id\":\"https:\\\/\\\/www.meydan.tv\\\/az\\\/#website\",\"url\":\"https:\\\/\\\/www.meydan.tv\\\/az\\\/\",\"name\":\"MEYDAN.TV\",\"description\":\"Meydan TV Az\u0259rbaycan\u0131n media m\u0259kan\u0131ndak\u0131 alternativ s\u0259sidir\",\"publisher\":{\"@id\":\"https:\\\/\\\/www.meydan.tv\\\/az\\\/#organization\"},\"potentialAction\":[{\"@type\":\"SearchAction\",\"target\":{\"@type\":\"EntryPoint\",\"urlTemplate\":\"https:\\\/\\\/www.meydan.tv\\\/az\\\/?s={search_term_string}\"},\"query-input\":{\"@type\":\"PropertyValueSpecification\",\"valueRequired\":true,\"valueName\":\"search_term_string\"}}],\"inLanguage\":\"az\"},{\"@type\":\"Organization\",\"@id\":\"https:\\\/\\\/www.meydan.tv\\\/az\\\/#organization\",\"name\":\"Meydan TV\",\"url\":\"https:\\\/\\\/www.meydan.tv\\\/az\\\/\",\"logo\":{\"@type\":\"ImageObject\",\"inLanguage\":\"az\",\"@id\":\"https:\\\/\\\/www.meydan.tv\\\/az\\\/#\\\/schema\\\/logo\\\/image\\\/\",\"url\":\"https:\\\/\\\/www.meydan.tv\\\/wp-content\\\/uploads\\\/2021\\\/07\\\/meydan-logo.svg\",\"contentUrl\":\"https:\\\/\\\/www.meydan.tv\\\/wp-content\\\/uploads\\\/2021\\\/07\\\/meydan-logo.svg\",\"width\":195,\"height\":46,\"caption\":\"Meydan TV\"},\"image\":{\"@id\":\"https:\\\/\\\/www.meydan.tv\\\/az\\\/#\\\/schema\\\/logo\\\/image\\\/\"}},{\"@type\":\"Person\",\"@id\":\"https:\\\/\\\/www.meydan.tv\\\/az\\\/#\\\/schema\\\/person\\\/9cdbecf90d17180ce1dfbd95b08dcf47\",\"name\":\"elli\",\"sameAs\":[\"https:\\\/\\\/x.com\\\/elli\"]}]}<\/script>\n<!-- \/ Yoast SEO plugin. -->","yoast_head_json":{"title":"\u0130randak\u0131 etirazlara g\u00f6r\u0259 ilk edam\u0131n ger\u00e7\u0259kl\u0259\u015fdirildiyi bildirilir - MEYDAN.TV","robots":{"index":"index","follow":"follow","max-snippet":"max-snippet:-1","max-image-preview":"max-image-preview:large","max-video-preview":"max-video-preview:-1"},"canonical":"https:\/\/www.meydan.tv\/az\/article\/irandaki-etirazlara-gore-ilk-edamin-gerceklesdirildiyi-bildirilir\/","og_locale":"az_AZ","og_type":"article","og_title":"\u0130randak\u0131 etirazlara g\u00f6r\u0259 ilk edam\u0131n ger\u00e7\u0259kl\u0259\u015fdirildiyi bildirilir - MEYDAN.TV","og_description":"M\u00f6hs\u00fcn \u015eekari \u201cAllaha qar\u015f\u0131 d\u00fc\u015fm\u0259n\u00e7ilikd\u0259\u201d t\u0259qsirl\u0259ndirilib \u0130ran m\u0259hk\u0259m\u0259si h\u00f6kum\u0259t\u0259 qar\u015f\u0131 ... Davam\u0131","og_url":"https:\/\/www.meydan.tv\/az\/article\/irandaki-etirazlara-gore-ilk-edamin-gerceklesdirildiyi-bildirilir\/","og_site_name":"MEYDAN.TV","article_published_time":"2022-12-08T12:08:48+00:00","article_modified_time":"2022-12-15T09:07:37+00:00","og_image":[{"width":1200,"height":708,"url":"https:\/\/www.meydan.tv\/wp-content\/uploads\/download-47-e1670500600843.jpg","type":"image\/jpeg"}],"author":"elli","twitter_card":"summary_large_image","twitter_creator":"@elli","schema":{"@context":"https:\/\/schema.org","@graph":[{"@type":"Article","@id":"https:\/\/www.meydan.tv\/az\/article\/irandaki-etirazlara-gore-ilk-edamin-gerceklesdirildiyi-bildirilir\/#article","isPartOf":{"@id":"https:\/\/www.meydan.tv\/az\/article\/irandaki-etirazlara-gore-ilk-edamin-gerceklesdirildiyi-bildirilir\/"},"author":{"name":"elli","@id":"https:\/\/www.meydan.tv\/az\/#\/schema\/person\/9cdbecf90d17180ce1dfbd95b08dcf47"},"headline":"\u0130randak\u0131 etirazlara g\u00f6r\u0259 ilk edam\u0131n ger\u00e7\u0259kl\u0259\u015fdirildiyi bildirilir","datePublished":"2022-12-08T12:08:48+00:00","dateModified":"2022-12-15T09:07:37+00:00","mainEntityOfPage":{"@id":"https:\/\/www.meydan.tv\/az\/article\/irandaki-etirazlara-gore-ilk-edamin-gerceklesdirildiyi-bildirilir\/"},"wordCount":548,"publisher":{"@id":"https:\/\/www.meydan.tv\/az\/#organization"},"image":{"@id":"https:\/\/www.meydan.tv\/az\/article\/irandaki-etirazlara-gore-ilk-edamin-gerceklesdirildiyi-bildirilir\/#primaryimage"},"thumbnailUrl":"https:\/\/www.meydan.tv\/wp-content\/uploads\/download-47-e1670500600843.jpg","articleSection":["D\u00fcnya","X\u0259b\u0259rl\u0259r"],"inLanguage":"az"},{"@type":"WebPage","@id":"https:\/\/www.meydan.tv\/az\/article\/irandaki-etirazlara-gore-ilk-edamin-gerceklesdirildiyi-bildirilir\/","url":"https:\/\/www.meydan.tv\/az\/article\/irandaki-etirazlara-gore-ilk-edamin-gerceklesdirildiyi-bildirilir\/","name":"\u0130randak\u0131 etirazlara g\u00f6r\u0259 ilk edam\u0131n ger\u00e7\u0259kl\u0259\u015fdirildiyi bildirilir - MEYDAN.TV","isPartOf":{"@id":"https:\/\/www.meydan.tv\/az\/#website"},"primaryImageOfPage":{"@id":"https:\/\/www.meydan.tv\/az\/article\/irandaki-etirazlara-gore-ilk-edamin-gerceklesdirildiyi-bildirilir\/#primaryimage"},"image":{"@id":"https:\/\/www.meydan.tv\/az\/article\/irandaki-etirazlara-gore-ilk-edamin-gerceklesdirildiyi-bildirilir\/#primaryimage"},"thumbnailUrl":"https:\/\/www.meydan.tv\/wp-content\/uploads\/download-47-e1670500600843.jpg","datePublished":"2022-12-08T12:08:48+00:00","dateModified":"2022-12-15T09:07:37+00:00","breadcrumb":{"@id":"https:\/\/www.meydan.tv\/az\/article\/irandaki-etirazlara-gore-ilk-edamin-gerceklesdirildiyi-bildirilir\/#breadcrumb"},"inLanguage":"az","potentialAction":[{"@type":"ReadAction","target":["https:\/\/www.meydan.tv\/az\/article\/irandaki-etirazlara-gore-ilk-edamin-gerceklesdirildiyi-bildirilir\/"]}]},{"@type":"ImageObject","inLanguage":"az","@id":"https:\/\/www.meydan.tv\/az\/article\/irandaki-etirazlara-gore-ilk-edamin-gerceklesdirildiyi-bildirilir\/#primaryimage","url":"https:\/\/www.meydan.tv\/wp-content\/uploads\/download-47-e1670500600843.jpg","contentUrl":"https:\/\/www.meydan.tv\/wp-content\/uploads\/download-47-e1670500600843.jpg","width":1200,"height":708,"caption":"M\u0259nb\u0259: \"myprivacy.dpgmedia.be\""},{"@type":"BreadcrumbList","@id":"https:\/\/www.meydan.tv\/az\/article\/irandaki-etirazlara-gore-ilk-edamin-gerceklesdirildiyi-bildirilir\/#breadcrumb","itemListElement":[{"@type":"ListItem","position":1,"name":"Ana s\u0259hif\u0259","item":"https:\/\/www.meydan.tv\/az\/"},{"@type":"ListItem","position":2,"name":"X\u0259b\u0259rl\u0259r","item":"https:\/\/www.meydan.tv\/az\/section\/xeberler\/"},{"@type":"ListItem","position":3,"name":"\u0130randak\u0131 etirazlara g\u00f6r\u0259 ilk edam\u0131n ger\u00e7\u0259kl\u0259\u015fdirildiyi bildirilir"}]},{"@type":"WebSite","@id":"https:\/\/www.meydan.tv\/az\/#website","url":"https:\/\/www.meydan.tv\/az\/","name":"MEYDAN.TV","description":"Meydan TV Az\u0259rbaycan\u0131n media m\u0259kan\u0131ndak\u0131 alternativ s\u0259sidir","publisher":{"@id":"https:\/\/www.meydan.tv\/az\/#organization"},"potentialAction":[{"@type":"SearchAction","target":{"@type":"EntryPoint","urlTemplate":"https:\/\/www.meydan.tv\/az\/?s={search_term_string}"},"query-input":{"@type":"PropertyValueSpecification","valueRequired":true,"valueName":"search_term_string"}}],"inLanguage":"az"},{"@type":"Organization","@id":"https:\/\/www.meydan.tv\/az\/#organization","name":"Meydan TV","url":"https:\/\/www.meydan.tv\/az\/","logo":{"@type":"ImageObject","inLanguage":"az","@id":"https:\/\/www.meydan.tv\/az\/#\/schema\/logo\/image\/","url":"https:\/\/www.meydan.tv\/wp-content\/uploads\/2021\/07\/meydan-logo.svg","contentUrl":"https:\/\/www.meydan.tv\/wp-content\/uploads\/2021\/07\/meydan-logo.svg","width":195,"height":46,"caption":"Meydan TV"},"image":{"@id":"https:\/\/www.meydan.tv\/az\/#\/schema\/logo\/image\/"}},{"@type":"Person","@id":"https:\/\/www.meydan.tv\/az\/#\/schema\/person\/9cdbecf90d17180ce1dfbd95b08dcf47","name":"elli","sameAs":["https:\/\/x.com\/elli"]}]}},"_links":{"self":[{"href":"https:\/\/www.meydan.tv\/az\/wp-json\/wp\/v2\/posts\/262890","targetHints":{"allow":["GET"]}}],"collection":[{"href":"https:\/\/www.meydan.tv\/az\/wp-json\/wp\/v2\/posts"}],"about":[{"href":"https:\/\/www.meydan.tv\/az\/wp-json\/wp\/v2\/types\/post"}],"author":[{"embeddable":true,"href":"https:\/\/www.meydan.tv\/az\/wp-json\/wp\/v2\/users\/8"}],"replies":[{"embeddable":true,"href":"https:\/\/www.meydan.tv\/az\/wp-json\/wp\/v2\/comments?post=262890"}],"version-history":[{"count":3,"href":"https:\/\/www.meydan.tv\/az\/wp-json\/wp\/v2\/posts\/262890\/revisions"}],"predecessor-version":[{"id":262897,"href":"https:\/\/www.meydan.tv\/az\/wp-json\/wp\/v2\/posts\/262890\/revisions\/262897"}],"wp:featuredmedia":[{"embeddable":true,"href":"https:\/\/www.meydan.tv\/az\/wp-json\/wp\/v2\/media\/262891"}],"wp:attachment":[{"href":"https:\/\/www.meydan.tv\/az\/wp-json\/wp\/v2\/media?parent=262890"}],"wp:term":[{"taxonomy":"category","embeddable":true,"href":"https:\/\/www.meydan.tv\/az\/wp-json\/wp\/v2\/categories?post=262890"},{"taxonomy":"post_tag","embeddable":true,"href":"https:\/\/www.meydan.tv\/az\/wp-json\/wp\/v2\/tags?post=262890"}],"curies":[{"name":"wp","href":"https:\/\/api.w.org\/{rel}","templated":true}]}}