{"id":262879,"date":"2022-12-08T15:34:45","date_gmt":"2022-12-08T11:34:45","guid":{"rendered":"https:\/\/www.meydan.tv\/?p=262879"},"modified":"2022-12-08T15:34:47","modified_gmt":"2022-12-08T11:34:47","slug":"mingecevir-sakini-icra-hakimiyyetinin-ucbatindan-heyatimiz-tehlukededir","status":"publish","type":"post","link":"https:\/\/www.meydan.tv\/az\/article\/mingecevir-sakini-icra-hakimiyyetinin-ucbatindan-heyatimiz-tehlukededir\/","title":{"rendered":"Ming\u0259\u00e7evir sakini: \u201c\u0130cra hakimiyy\u0259tinin ucbat\u0131ndan h\u0259yat\u0131m\u0131z t\u0259hl\u00fck\u0259d\u0259dir\u201d"},"content":{"rendered":"\n<p><\/p>\n\n\n\n<p><em>D\u00f6vl\u0259t qurumlar\u0131 m\u00fchafiz\u0259 zola\u011f\u0131na d\u00fc\u015f\u0259n \u0259raziy\u0259 tikinti s\u0259r\u0259ncam\u0131 v\u0259 ev\u0259 \u00c7\u0131xar\u0131\u015f verib<\/em><br><\/p>\n\n\n\n<p>\u201cEvin alt\u0131ndan, b\u00f6yr\u00fcnd\u0259n qaz, kanalizasiya borular\u0131, i\u015f\u0131q x\u0259tl\u0259ri ke\u00e7irmi\u015f. M\u00fchafiz\u0259 zola\u011f\u0131 imi\u015f, tikinti, ya\u015famaq \u00fc\u00e7\u00fcn qada\u011fan olunan zona imi\u015f. Ancaq icra hakimiyy\u0259tinin ba\u015f\u00e7\u0131s\u0131 tikintiy\u0259 s\u0259r\u0259ncam verib, icra hakimiyy\u0259tinin ba\u015f memar\u0131 \u0259razinin m\u00fchafiz\u0259 zonas\u0131 oldu\u011funu s\u0259n\u0259dl\u0259rd\u0259 gizl\u0259dib. N\u0259tic\u0259d\u0259 d\u00f6rd t\u0259r\u0259fd\u0259n d\u0259, evin alt\u0131ndan da, \u00fcst\u00fcnd\u0259n d\u0259 h\u0259yat\u0131m\u0131z t\u0259hl\u00fck\u0259d\u0259dir. Hakims\u0259 deyir, iddian t\u0259min oluna bilm\u0259z, get, n\u0259 vaxt partlay\u0131\u015f olar, evin s\u00f6k\u00fclm\u0259si t\u0259l\u0259bi olar, onda g\u0259lib kompensasiya iddias\u0131 qald\u0131rarsan\u201d.<\/p>\n\n\n\n<p>Ming\u0259\u00e7evir sakini \u015eaiq B\u0259hm\u0259nli Meydan TV-y\u0259 dan\u0131\u015f\u0131r ki, 2017-ci ild\u0259 Ming\u0259\u00e7evird\u0259 \u00fcz\u0259rind\u0259 f\u0259rdi ev tikintisi \u00fc\u00e7\u00fcn h\u0259r bir s\u0259n\u0259di haz\u0131r olan torpaq sah\u0259si al\u0131b v\u0259 ev tikib. 2018-ci ild\u0259 \u00fcmumi sah\u0259si 172 kv.m olan yeni ev\u0259 k\u00f6\u00e7\u00fcb. El\u0259 h\u0259min il Da\u015f\u0131nmaz \u018fmlak\u0131n D\u00f6vl\u0259t Reyestri h\u0259min ev\u0259 \u00e7\u0131xar\u0131\u015f verib. 2021-ci ild\u0259 qap\u0131n\u0131 SOCAR i\u015f\u00e7il\u0259ri d\u00f6y\u00fcb:<\/p>\n\n\n\n<p>\u201cEv\u0259, h\u0259y\u0259tyan\u0131 sah\u0259y\u0259 bax\u0131\u015f ke\u00e7irdil\u0259r. Dedil\u0259r, buradan Ming\u0259\u00e7evir \u0130stilik Elektrik Stansiyas\u0131na ged\u0259n qaz borusu ke\u00e7ir v\u0259 ev x\u0259ttin m\u00fchafiz\u0259 zonas\u0131nda qanunsuz olaraq tikilib. Soru\u015fdum ki, b\u0259s bu i\u015f nec\u0259 olacaq? Dedil\u0259r, buna SOCAR r\u0259hb\u0259rliyi q\u0259rar verir, q\u0259rardan as\u0131l\u0131 olaraq ev s\u00f6k\u00fcl\u0259 d\u0259 bil\u0259r\u201d.<\/p>\n\n\n\n<p>SOCAR i\u015f\u00e7il\u0259ri ged\u0259nd\u0259n sonra \u015eaiq B\u0259hm\u0259nli \u0259razid\u0259ki v\u0259ziyy\u0259t bar\u0259sind\u0259 m\u0259lumatlanmaq \u00fc\u00e7\u00fcn qurumlara m\u0259ktub yaz\u0131b. Ev\u0259 g\u0259l\u0259n ilk m\u0259ktub SOCAR-dan olub. M\u0259ktubda bildirilib ki, h\u0259y\u0259tyan\u0131 sah\u0259nin v\u0259 evin bir hiss\u0259si A\u011fda\u015f Qaz \u0130xrac \u0130dar\u0259sin\u0259 m\u0259xsus 750 mm-lik y\u00fcks\u0259k t\u0259zyiqli qaz boru k\u0259m\u0259rinin m\u00fchafiz\u0259 zonas\u0131na d\u00fc\u015f\u00fcr.<\/p>\n\n\n\n<p>\u201cAz\u0259rsu\u201d ASC-nin v\u0259t\u0259nda\u015fa g\u00f6nd\u0259rdiyi m\u0259ktubda bildirilib ki, evin alt\u0131ndan \u0259razid\u0259 yerl\u0259\u015f\u0259n ya\u015fay\u0131\u015f binalar\u0131, f\u0259rdi ya\u015fay\u0131\u015f evl\u0259ri v\u0259 qeyri-ya\u015fay\u0131\u015f obyektl\u0259rinin istifad\u0259sind\u0259 olan 1000 mm-lik d\u0259mir-beton kanalizasiya borusu ke\u00e7ir. \u201cAz\u0259renerji\u201d v\u0259 \u201cAz\u0259ri\u015f\u0131q\u201d-dan g\u0259l\u0259n m\u0259ktubda is\u0259 qeyd olunub ki, ev v\u0259 h\u0259y\u0259tyan\u0131 sah\u0259 bir t\u0259r\u0259fd\u0259n 110 kV-luq (12 metrliyind\u0259), dig\u0259r t\u0259r\u0259fd\u0259n 6 kV-luq (1-4 metrliyind\u0259) elektrik x\u0259ttinin m\u00fchafiz\u0259 zola\u011f\u0131ndad\u0131r.<\/p>\n\n\n<div class=\"wp-block-image\">\n<figure class=\"alignleft size-full is-resized\"><img decoding=\"async\" data-src=\"https:\/\/www.meydan.tv\/wp-content\/uploads\/1545051598_1.jpg\" alt=\"\" class=\"wp-image-262880 lazyload\" width=\"398\" height=\"248\" src=\"data:image\/svg+xml;base64,PHN2ZyB3aWR0aD0iMSIgaGVpZ2h0PSIxIiB4bWxucz0iaHR0cDovL3d3dy53My5vcmcvMjAwMC9zdmciPjwvc3ZnPg==\" style=\"--smush-placeholder-width: 398px; --smush-placeholder-aspect-ratio: 398\/248;\" \/><figcaption class=\"wp-element-caption\">Foto: Ming\u0259\u00e7evir \u0130H-nin sayt\u0131<\/figcaption><\/figure>\n<\/div>\n\n\n<p>Qurumlar\u0131n h\u0259r birind\u0259n g\u00f6nd\u0259ril\u0259n m\u0259ktubda qeyd olunub ki, magistral boru v\u0259 x\u0259tl\u0259r Ming\u0259\u00e7evir \u015e\u0259h\u0259r \u0130cra Hakimiyy\u0259tinin h\u0259min torpaqda f\u0259rdi ev tikintisin\u0259 S\u0259r\u0259ncam verm\u0259sind\u0259n uzun ill\u0259r \u0259vv\u0259ld\u0259n m\u00f6vcuddur.<br>Ming\u0259\u00e7evir \u015e\u0259h\u0259r \u0130cra Hakimiyy\u0259tind\u0259n Meydan TV-y\u0259 bildirilib ki, bu m\u0259s\u0259l\u0259 m\u0259hk\u0259m\u0259 t\u0259r\u0259find\u0259n h\u00fcquqi qiym\u0259tini ald\u0131\u011f\u0131 \u00fc\u00e7\u00fcn \u0259lav\u0259 a\u00e7\u0131qlamaya ehtiyac g\u00f6rm\u00fcrl\u0259r.<br><\/p>\n\n\n\n<p><strong>B\u0259s m\u0259hk\u0259m\u0259l\u0259r bu i\u015f\u0259 hans\u0131 h\u00fcquqi qiym\u0259tini verib?<br><\/strong><\/p>\n\n\n\n<p>M\u0259lum olub ki, bu i\u015fd\u0259 iddia\u00e7\u0131 el\u0259 v\u0259t\u0259nda\u015f olub. \u00d6t\u0259n il \u015eaiq B\u0259hm\u0259nli \u015e\u0259ki \u0130nzibati M\u0259hk\u0259m\u0259sind\u0259 d\u0259ymi\u015f z\u0259r\u0259rin \u00f6d\u0259nilm\u0259sin\u0259 dair Ming\u0259\u00e7evir \u015e\u0259h\u0259r \u0130cra Hakimiyy\u0259tin\u0259 qar\u015f\u0131 evin tikintisin\u0259 g\u00f6r\u0259 60 min, torpaq sah\u0259sin\u0259 g\u00f6r\u0259 25 min, m\u0259n\u0259vi z\u0259r\u0259r\u0259 g\u00f6r\u0259 15 min manatl\u0131q iddia qald\u0131r\u0131b. \u0130ddia \u0259riz\u0259sind\u0259 \u018fmlak M\u0259s\u0259l\u0259l\u0259ri \u00fczr\u0259 D\u00f6vl\u0259t Komit\u0259si yan\u0131nda Da\u015f\u0131nmaz \u018fmlak\u0131n D\u00f6vl\u0259t Reyestri Xidm\u0259tinin 17 sayl\u0131 Yevlax \u018frazi \u0130dar\u0259sini, Ming\u0259\u00e7evir Sukanal \u0130dar\u0259sini, SOCAR-\u0131, Maliyy\u0259 Nazirliyini, \u201cAz\u0259ri\u015f\u0131q\u201d v\u0259 \u201cAz\u0259renerji\u201dni \u00fc\u00e7\u00fcnc\u00fc cavabdeh \u015f\u0259xs kimi g\u00f6st\u0259rib.<\/p>\n\n\n\n<p>\u0130ddia \u0259riz\u0259sinin \u0259saslar\u0131na g\u00f6r\u0259, Ming\u0259\u00e7evir \u015e\u0259h\u0259r \u0130cra Hakimiyy\u0259tinin 2004-c\u00fc ilin iyulunda verdiyi 293 sayl\u0131 S\u0259r\u0259ncamla h\u0259min torpaq sah\u0259si f\u0259rdi ev tikintisi \u00fc\u00e7\u00fcn Ramiz S\u00fcleymanova ayr\u0131l\u0131b. 2014-c\u00fc ild\u0259 Ramiz S\u00fcleymanov torpaq sah\u0259sini \u015eamama \u0130smay\u0131lovaya sat\u0131b. 2015-ci ild\u0259 \u015eamama H\u00fcseynovan\u0131n h\u0259min torpaq sah\u0259si \u00fcz\u0259rind\u0259 m\u00fclkiyy\u0259t h\u00fcquqlar\u0131 da\u015f\u0131nmaz \u0259mlak\u0131n d\u00f6vl\u0259t reyestrind\u0259 qeydiyyata al\u0131naraq ad\u0131na \u00e7\u0131xar\u0131\u015f verilib. 2017-ci ild\u0259 \u015eamama \u0130smay\u0131lova torpaq sah\u0259sini \u015eaiq B\u0259hm\u0259niyl\u0259 sat\u0131b. \u015eaiq B\u0259hm\u0259nli h\u0259min ild\u0259 torpaq sah\u0259sind\u0259 ya\u015fay\u0131\u015f evi tikdirib. 18 fevral 2018-ci ild\u0259 f\u0259rdi ya\u015fay\u0131\u015f evin\u0259 dair h\u00fcquqlar\u0131n\u0131 da\u015f\u0131nmaz \u0259mlak\u0131n d\u00f6vl\u0259t reyestrind\u0259 qeyd\u0259 ald\u0131r\u0131b, d\u00f6vl\u0259t reyestrind\u0259n \u00e7\u0131xar\u0131\u015f al\u0131b. 2021-ci ild\u0259n ba\u015flayaraq m\u00fcxt\u0259lif qurumlara \u00fcnvanlad\u0131\u011f\u0131 m\u0259ktublarda g\u0259l\u0259n cavabdan ona m\u0259lum olub ki, ya\u015fad\u0131\u011f\u0131 ev v\u0259 h\u0259y\u0259tyan\u0131 sah\u0259 100 faizlik m\u00fchafiz\u0259 zola\u011f\u0131ndad\u0131r. \u0130ddia \u0259riz\u0259sind\u0259 g\u00f6st\u0259rilib ki, \u015eaiq B\u0259hm\u0259nli icra hakimiyy\u0259tin\u0259 m\u00fcraci\u0259t ed\u0259r\u0259k d\u0259ymi\u015f z\u0259r\u0259rin \u00f6d\u0259nilm\u0259sini ist\u0259s\u0259 d\u0259, qurum m\u00fcraci\u0259ti n\u0259z\u0259r\u0259 almay\u0131b. Bel\u0259 ki, icra hakimiyy\u0259ti v\u0259t\u0259nda\u015fa g\u00f6nd\u0259rdiyi imtina m\u0259ktubunda g\u00f6st\u0259rib ki, 2004-c\u00fc ild\u0259 verilmi\u015f m\u0259lum s\u0259r\u0259ncam \u015f\u0259h\u0259r \u0259razisind\u0259 v\u0259t\u0259nda\u015flar\u0131n istifad\u0259sind\u0259 olan torpaq sah\u0259l\u0259rinin s\u0259n\u0259dl\u0259\u015fdirilm\u0259si \u00fc\u00e7\u00fcn olub. Y\u0259ni, bu S\u0259r\u0259ncamla he\u00e7 bir fiziki \u015f\u0259xs\u0259 torpaq sah\u0259si ayr\u0131lmay\u0131b. Ancaq Da\u015f\u0131nmaz \u018fmlak\u0131n D\u00f6vl\u0259t Reyestri Xidm\u0259tinin 17 sayl\u0131 Yevlax \u018frazi \u0130dar\u0259si v\u0259t\u0259nda\u015f\u0131n m\u00fclkiyy\u0259t h\u00fcquqlar\u0131n\u0131 qeydiyyata al\u0131b, f\u0259rdi ya\u015fay\u0131\u015f evi \u00fc\u00e7\u00fcn \u00c7\u0131xar\u0131\u015f verib. <\/p>\n\n\n\n<p>Da\u015f\u0131nmaz \u018fmlak\u0131n D\u00f6vl\u0259t Reyetri Xidm\u0259tinin m\u00fct\u0259x\u0259ssisl\u0259ri v\u0259t\u0259nda\u015f\u0131n m\u00fclkiyy\u0259t h\u00fcquqlar\u0131n\u0131 qeydiyyata almam\u0131\u015fdan \u0259vv\u0259l iki d\u0259f\u0259 (2015 v\u0259 2017-ci ill\u0259rd\u0259) torpaq sah\u0259sind\u0259 olub, \u0259raziy\u0259 bax\u0131\u015f ke\u00e7ir\u0259r\u0259k kommunikasiya x\u0259tl\u0259ri bar\u0259d\u0259 akt t\u0259rtib edib, sah\u0259nin m\u00fclkiyy\u0259t\u0259 verilm\u0259sin\u0259 \u0259ng\u0259l ola bil\u0259c\u0259k hallar\u0131 n\u0259z\u0259r\u0259 al\u0131b. M\u00fclki qanunvericilikd\u0259 v\u0259t\u0259nda\u015fa h\u0259r hans\u0131 bir \u0259ng\u0259l n\u0259tic\u0259sind\u0259 vurulmu\u015f z\u0259r\u0259rin \u0259v\u0259zinin \u00f6d\u0259nilm\u0259si n\u0259z\u0259rd\u0259 tutulub. Ancaq iddia\u00e7\u0131n\u0131n m\u00fclkiyy\u0259tind\u0259 olan torpaq sah\u0259sinin m\u00fchafiz\u0259 zola\u011f\u0131na d\u00fc\u015fm\u0259siyl\u0259 ona h\u0259r hans\u0131 maddi v\u0259 m\u0259n\u0259vi z\u0259r\u0259r d\u0259ym\u0259yib. Odur ki, iddia\u00e7\u0131ya kompensasiya \u00f6d\u0259nilm\u0259si \u00fc\u00e7\u00fcn \u0259sas yoxdur.<\/p>\n\n\n\n<p>\u015eaiq B\u0259hm\u0259nli Q\u0259rardaddan naraz\u0131 qal\u0131b:<\/p>\n\n\n\n<p>\u201cHakim Q\u0259rardad \u00e7\u0131xar\u0131b ki, iddiaya baxma\u011fa ehtiyac yoxdur, s\u0259b\u0259bs\u0259 h\u0259l\u0259 h\u0259r hans\u0131 faci\u0259nin ba\u015f verm\u0259m\u0259si v\u0259 g\u0259l\u0259c\u0259kd\u0259 d\u0259y\u0259 bil\u0259c\u0259k z\u0259r\u0259r \u00fc\u00e7\u00fcn kompensasiya verilm\u0259sidir. Dedi, n\u0259 vaxt hadis\u0259 ba\u015f ver\u0259r v\u0259 ya evin s\u00f6k\u00fclm\u0259si \u00fc\u00e7\u00fcn t\u0259l\u0259b olarsa, onda da g\u0259lib iddia qald\u0131r\u0131b, kompensasiya t\u0259l\u0259b ed\u0259 bil\u0259rs\u0259n. H\u0259tta, m\u0259hk\u0259m\u0259y\u0259 evin d\u0259y\u0259r itirm\u0259si, bu \u015f\u0259rtl\u0259r alt\u0131nda satma\u011f\u0131n m\u00fcmk\u00fcn olmamas\u0131n\u0131 bildirdim. Hakim \u201cmaklerl\u0259r\u201d vasit\u0259sil\u0259 sata bil\u0259c\u0259yimi bildirdi. Dolay\u0131s\u0131 yolla \u201cvicdans\u0131z sat\u0131c\u0131\u201d olma\u011f\u0131m\u0131 t\u0259klif edir. Apelyasiya \u015fikay\u0259ti verdim, 7 d\u0259qiq\u0259 \u00e7\u0259k\u0259n m\u0259hk\u0259m\u0259 iclas\u0131nda hakim \u015e\u0259ki \u0130nzibati M\u0259hk\u0259m\u0259sinin q\u0259rardad\u0131n\u0131 q\u00fcvv\u0259d\u0259 saxlad\u0131\u201d.<\/p>\n\n\n\n<p>\u015eaiq B\u0259hm\u0259nli Ali M\u0259hk\u0259m\u0259y\u0259 m\u00fcraci\u0259t edib.<\/p>\n","protected":false},"excerpt":{"rendered":"<p>D\u00f6vl\u0259t qurumlar\u0131 m\u00fchafiz\u0259 zola\u011f\u0131na d\u00fc\u015f\u0259n \u0259raziy\u0259 tikinti s\u0259r\u0259ncam\u0131 v\u0259 ev\u0259 &#8230; <\/p>\n<p class=\"read-more-container\"><a title=\"Ming\u0259\u00e7evir sakini: \u201c\u0130cra hakimiyy\u0259tinin ucbat\u0131ndan h\u0259yat\u0131m\u0131z t\u0259hl\u00fck\u0259d\u0259dir\u201d\" class=\"read-more button\" href=\"https:\/\/www.meydan.tv\/az\/article\/mingecevir-sakini-icra-hakimiyyetinin-ucbatindan-heyatimiz-tehlukededir\/#more-262879\" aria-label=\"Read more about Ming\u0259\u00e7evir sakini: \u201c\u0130cra hakimiyy\u0259tinin ucbat\u0131ndan h\u0259yat\u0131m\u0131z t\u0259hl\u00fck\u0259d\u0259dir\u201d\">Davam\u0131<\/a><\/p>\n","protected":false},"author":8,"featured_media":262876,"comment_status":"closed","ping_status":"closed","sticky":false,"template":"","format":"standard","meta":{"_acf_changed":false,"_sitemap_exclude":false,"_sitemap_priority":"","_sitemap_frequency":"","footnotes":""},"categories":[60,56],"tags":[],"class_list":["post-262879","post","type-post","status-publish","format-standard","has-post-thumbnail","hentry","category-bolge","category-xeberler","infinite-scroll-item","generate-columns","tablet-grid-50","mobile-grid-100","grid-parent","grid-33","no-featured-image-padding"],"acf":[],"yoast_head":"<!-- This site is optimized with the Yoast SEO plugin v27.5 - https:\/\/yoast.com\/product\/yoast-seo-wordpress\/ -->\n<title>Ming\u0259\u00e7evir sakini: \u201c\u0130cra hakimiyy\u0259tinin ucbat\u0131ndan h\u0259yat\u0131m\u0131z t\u0259hl\u00fck\u0259d\u0259dir\u201d - MEYDAN.TV<\/title>\n<meta name=\"robots\" content=\"index, follow, max-snippet:-1, max-image-preview:large, max-video-preview:-1\" \/>\n<link rel=\"canonical\" href=\"https:\/\/www.meydan.tv\/az\/article\/mingecevir-sakini-icra-hakimiyyetinin-ucbatindan-heyatimiz-tehlukededir\/\" \/>\n<meta property=\"og:locale\" content=\"az_AZ\" \/>\n<meta property=\"og:type\" content=\"article\" \/>\n<meta property=\"og:title\" content=\"Ming\u0259\u00e7evir sakini: \u201c\u0130cra hakimiyy\u0259tinin ucbat\u0131ndan h\u0259yat\u0131m\u0131z t\u0259hl\u00fck\u0259d\u0259dir\u201d - MEYDAN.TV\" \/>\n<meta property=\"og:description\" content=\"D\u00f6vl\u0259t qurumlar\u0131 m\u00fchafiz\u0259 zola\u011f\u0131na d\u00fc\u015f\u0259n \u0259raziy\u0259 tikinti s\u0259r\u0259ncam\u0131 v\u0259 ev\u0259 ... Davam\u0131\" \/>\n<meta property=\"og:url\" content=\"https:\/\/www.meydan.tv\/az\/article\/mingecevir-sakini-icra-hakimiyyetinin-ucbatindan-heyatimiz-tehlukededir\/\" \/>\n<meta property=\"og:site_name\" content=\"MEYDAN.TV\" \/>\n<meta property=\"article:published_time\" content=\"2022-12-08T11:34:45+00:00\" \/>\n<meta property=\"article:modified_time\" content=\"2022-12-08T11:34:47+00:00\" \/>\n<meta property=\"og:image\" content=\"https:\/\/www.meydan.tv\/wp-content\/uploads\/shaiq_mehmenli-e1670499254142.jpg\" \/>\n\t<meta property=\"og:image:width\" content=\"1200\" \/>\n\t<meta property=\"og:image:height\" content=\"1035\" \/>\n\t<meta property=\"og:image:type\" content=\"image\/jpeg\" \/>\n<meta name=\"author\" content=\"elli\" \/>\n<meta name=\"twitter:card\" content=\"summary_large_image\" \/>\n<meta name=\"twitter:creator\" content=\"@elli\" \/>\n<script type=\"application\/ld+json\" class=\"yoast-schema-graph\">{\"@context\":\"https:\\\/\\\/schema.org\",\"@graph\":[{\"@type\":\"Article\",\"@id\":\"https:\\\/\\\/www.meydan.tv\\\/az\\\/article\\\/mingecevir-sakini-icra-hakimiyyetinin-ucbatindan-heyatimiz-tehlukededir\\\/#article\",\"isPartOf\":{\"@id\":\"https:\\\/\\\/www.meydan.tv\\\/az\\\/article\\\/mingecevir-sakini-icra-hakimiyyetinin-ucbatindan-heyatimiz-tehlukededir\\\/\"},\"author\":{\"name\":\"elli\",\"@id\":\"https:\\\/\\\/www.meydan.tv\\\/az\\\/#\\\/schema\\\/person\\\/9cdbecf90d17180ce1dfbd95b08dcf47\"},\"headline\":\"Ming\u0259\u00e7evir sakini: \u201c\u0130cra hakimiyy\u0259tinin ucbat\u0131ndan h\u0259yat\u0131m\u0131z t\u0259hl\u00fck\u0259d\u0259dir\u201d\",\"datePublished\":\"2022-12-08T11:34:45+00:00\",\"dateModified\":\"2022-12-08T11:34:47+00:00\",\"mainEntityOfPage\":{\"@id\":\"https:\\\/\\\/www.meydan.tv\\\/az\\\/article\\\/mingecevir-sakini-icra-hakimiyyetinin-ucbatindan-heyatimiz-tehlukededir\\\/\"},\"wordCount\":1334,\"publisher\":{\"@id\":\"https:\\\/\\\/www.meydan.tv\\\/az\\\/#organization\"},\"image\":{\"@id\":\"https:\\\/\\\/www.meydan.tv\\\/az\\\/article\\\/mingecevir-sakini-icra-hakimiyyetinin-ucbatindan-heyatimiz-tehlukededir\\\/#primaryimage\"},\"thumbnailUrl\":\"https:\\\/\\\/www.meydan.tv\\\/wp-content\\\/uploads\\\/shaiq_mehmenli-e1670499254142.jpg\",\"articleSection\":[\"B\u00f6lg\u0259\",\"X\u0259b\u0259rl\u0259r\"],\"inLanguage\":\"az\"},{\"@type\":\"WebPage\",\"@id\":\"https:\\\/\\\/www.meydan.tv\\\/az\\\/article\\\/mingecevir-sakini-icra-hakimiyyetinin-ucbatindan-heyatimiz-tehlukededir\\\/\",\"url\":\"https:\\\/\\\/www.meydan.tv\\\/az\\\/article\\\/mingecevir-sakini-icra-hakimiyyetinin-ucbatindan-heyatimiz-tehlukededir\\\/\",\"name\":\"Ming\u0259\u00e7evir sakini: \u201c\u0130cra hakimiyy\u0259tinin ucbat\u0131ndan h\u0259yat\u0131m\u0131z t\u0259hl\u00fck\u0259d\u0259dir\u201d - MEYDAN.TV\",\"isPartOf\":{\"@id\":\"https:\\\/\\\/www.meydan.tv\\\/az\\\/#website\"},\"primaryImageOfPage\":{\"@id\":\"https:\\\/\\\/www.meydan.tv\\\/az\\\/article\\\/mingecevir-sakini-icra-hakimiyyetinin-ucbatindan-heyatimiz-tehlukededir\\\/#primaryimage\"},\"image\":{\"@id\":\"https:\\\/\\\/www.meydan.tv\\\/az\\\/article\\\/mingecevir-sakini-icra-hakimiyyetinin-ucbatindan-heyatimiz-tehlukededir\\\/#primaryimage\"},\"thumbnailUrl\":\"https:\\\/\\\/www.meydan.tv\\\/wp-content\\\/uploads\\\/shaiq_mehmenli-e1670499254142.jpg\",\"datePublished\":\"2022-12-08T11:34:45+00:00\",\"dateModified\":\"2022-12-08T11:34:47+00:00\",\"breadcrumb\":{\"@id\":\"https:\\\/\\\/www.meydan.tv\\\/az\\\/article\\\/mingecevir-sakini-icra-hakimiyyetinin-ucbatindan-heyatimiz-tehlukededir\\\/#breadcrumb\"},\"inLanguage\":\"az\",\"potentialAction\":[{\"@type\":\"ReadAction\",\"target\":[\"https:\\\/\\\/www.meydan.tv\\\/az\\\/article\\\/mingecevir-sakini-icra-hakimiyyetinin-ucbatindan-heyatimiz-tehlukededir\\\/\"]}]},{\"@type\":\"ImageObject\",\"inLanguage\":\"az\",\"@id\":\"https:\\\/\\\/www.meydan.tv\\\/az\\\/article\\\/mingecevir-sakini-icra-hakimiyyetinin-ucbatindan-heyatimiz-tehlukededir\\\/#primaryimage\",\"url\":\"https:\\\/\\\/www.meydan.tv\\\/wp-content\\\/uploads\\\/shaiq_mehmenli-e1670499254142.jpg\",\"contentUrl\":\"https:\\\/\\\/www.meydan.tv\\\/wp-content\\\/uploads\\\/shaiq_mehmenli-e1670499254142.jpg\",\"width\":1200,\"height\":1035,\"caption\":\"\u015eaiq B\u0259hm\u0259nli. Foto: Meydan TV\"},{\"@type\":\"BreadcrumbList\",\"@id\":\"https:\\\/\\\/www.meydan.tv\\\/az\\\/article\\\/mingecevir-sakini-icra-hakimiyyetinin-ucbatindan-heyatimiz-tehlukededir\\\/#breadcrumb\",\"itemListElement\":[{\"@type\":\"ListItem\",\"position\":1,\"name\":\"Ana s\u0259hif\u0259\",\"item\":\"https:\\\/\\\/www.meydan.tv\\\/az\\\/\"},{\"@type\":\"ListItem\",\"position\":2,\"name\":\"B\u00f6lg\u0259\",\"item\":\"https:\\\/\\\/www.meydan.tv\\\/az\\\/section\\\/bolge\\\/\"},{\"@type\":\"ListItem\",\"position\":3,\"name\":\"Ming\u0259\u00e7evir sakini: \u201c\u0130cra hakimiyy\u0259tinin ucbat\u0131ndan h\u0259yat\u0131m\u0131z t\u0259hl\u00fck\u0259d\u0259dir\u201d\"}]},{\"@type\":\"WebSite\",\"@id\":\"https:\\\/\\\/www.meydan.tv\\\/az\\\/#website\",\"url\":\"https:\\\/\\\/www.meydan.tv\\\/az\\\/\",\"name\":\"MEYDAN.TV\",\"description\":\"Meydan TV Az\u0259rbaycan\u0131n media m\u0259kan\u0131ndak\u0131 alternativ s\u0259sidir\",\"publisher\":{\"@id\":\"https:\\\/\\\/www.meydan.tv\\\/az\\\/#organization\"},\"potentialAction\":[{\"@type\":\"SearchAction\",\"target\":{\"@type\":\"EntryPoint\",\"urlTemplate\":\"https:\\\/\\\/www.meydan.tv\\\/az\\\/?s={search_term_string}\"},\"query-input\":{\"@type\":\"PropertyValueSpecification\",\"valueRequired\":true,\"valueName\":\"search_term_string\"}}],\"inLanguage\":\"az\"},{\"@type\":\"Organization\",\"@id\":\"https:\\\/\\\/www.meydan.tv\\\/az\\\/#organization\",\"name\":\"Meydan TV\",\"url\":\"https:\\\/\\\/www.meydan.tv\\\/az\\\/\",\"logo\":{\"@type\":\"ImageObject\",\"inLanguage\":\"az\",\"@id\":\"https:\\\/\\\/www.meydan.tv\\\/az\\\/#\\\/schema\\\/logo\\\/image\\\/\",\"url\":\"https:\\\/\\\/www.meydan.tv\\\/wp-content\\\/uploads\\\/2021\\\/07\\\/meydan-logo.svg\",\"contentUrl\":\"https:\\\/\\\/www.meydan.tv\\\/wp-content\\\/uploads\\\/2021\\\/07\\\/meydan-logo.svg\",\"width\":195,\"height\":46,\"caption\":\"Meydan TV\"},\"image\":{\"@id\":\"https:\\\/\\\/www.meydan.tv\\\/az\\\/#\\\/schema\\\/logo\\\/image\\\/\"}},{\"@type\":\"Person\",\"@id\":\"https:\\\/\\\/www.meydan.tv\\\/az\\\/#\\\/schema\\\/person\\\/9cdbecf90d17180ce1dfbd95b08dcf47\",\"name\":\"elli\",\"sameAs\":[\"https:\\\/\\\/x.com\\\/elli\"]}]}<\/script>\n<!-- \/ Yoast SEO plugin. -->","yoast_head_json":{"title":"Ming\u0259\u00e7evir sakini: \u201c\u0130cra hakimiyy\u0259tinin ucbat\u0131ndan h\u0259yat\u0131m\u0131z t\u0259hl\u00fck\u0259d\u0259dir\u201d - MEYDAN.TV","robots":{"index":"index","follow":"follow","max-snippet":"max-snippet:-1","max-image-preview":"max-image-preview:large","max-video-preview":"max-video-preview:-1"},"canonical":"https:\/\/www.meydan.tv\/az\/article\/mingecevir-sakini-icra-hakimiyyetinin-ucbatindan-heyatimiz-tehlukededir\/","og_locale":"az_AZ","og_type":"article","og_title":"Ming\u0259\u00e7evir sakini: \u201c\u0130cra hakimiyy\u0259tinin ucbat\u0131ndan h\u0259yat\u0131m\u0131z t\u0259hl\u00fck\u0259d\u0259dir\u201d - MEYDAN.TV","og_description":"D\u00f6vl\u0259t qurumlar\u0131 m\u00fchafiz\u0259 zola\u011f\u0131na d\u00fc\u015f\u0259n \u0259raziy\u0259 tikinti s\u0259r\u0259ncam\u0131 v\u0259 ev\u0259 ... Davam\u0131","og_url":"https:\/\/www.meydan.tv\/az\/article\/mingecevir-sakini-icra-hakimiyyetinin-ucbatindan-heyatimiz-tehlukededir\/","og_site_name":"MEYDAN.TV","article_published_time":"2022-12-08T11:34:45+00:00","article_modified_time":"2022-12-08T11:34:47+00:00","og_image":[{"width":1200,"height":1035,"url":"https:\/\/www.meydan.tv\/wp-content\/uploads\/shaiq_mehmenli-e1670499254142.jpg","type":"image\/jpeg"}],"author":"elli","twitter_card":"summary_large_image","twitter_creator":"@elli","schema":{"@context":"https:\/\/schema.org","@graph":[{"@type":"Article","@id":"https:\/\/www.meydan.tv\/az\/article\/mingecevir-sakini-icra-hakimiyyetinin-ucbatindan-heyatimiz-tehlukededir\/#article","isPartOf":{"@id":"https:\/\/www.meydan.tv\/az\/article\/mingecevir-sakini-icra-hakimiyyetinin-ucbatindan-heyatimiz-tehlukededir\/"},"author":{"name":"elli","@id":"https:\/\/www.meydan.tv\/az\/#\/schema\/person\/9cdbecf90d17180ce1dfbd95b08dcf47"},"headline":"Ming\u0259\u00e7evir sakini: \u201c\u0130cra hakimiyy\u0259tinin ucbat\u0131ndan h\u0259yat\u0131m\u0131z t\u0259hl\u00fck\u0259d\u0259dir\u201d","datePublished":"2022-12-08T11:34:45+00:00","dateModified":"2022-12-08T11:34:47+00:00","mainEntityOfPage":{"@id":"https:\/\/www.meydan.tv\/az\/article\/mingecevir-sakini-icra-hakimiyyetinin-ucbatindan-heyatimiz-tehlukededir\/"},"wordCount":1334,"publisher":{"@id":"https:\/\/www.meydan.tv\/az\/#organization"},"image":{"@id":"https:\/\/www.meydan.tv\/az\/article\/mingecevir-sakini-icra-hakimiyyetinin-ucbatindan-heyatimiz-tehlukededir\/#primaryimage"},"thumbnailUrl":"https:\/\/www.meydan.tv\/wp-content\/uploads\/shaiq_mehmenli-e1670499254142.jpg","articleSection":["B\u00f6lg\u0259","X\u0259b\u0259rl\u0259r"],"inLanguage":"az"},{"@type":"WebPage","@id":"https:\/\/www.meydan.tv\/az\/article\/mingecevir-sakini-icra-hakimiyyetinin-ucbatindan-heyatimiz-tehlukededir\/","url":"https:\/\/www.meydan.tv\/az\/article\/mingecevir-sakini-icra-hakimiyyetinin-ucbatindan-heyatimiz-tehlukededir\/","name":"Ming\u0259\u00e7evir sakini: \u201c\u0130cra hakimiyy\u0259tinin ucbat\u0131ndan h\u0259yat\u0131m\u0131z t\u0259hl\u00fck\u0259d\u0259dir\u201d - MEYDAN.TV","isPartOf":{"@id":"https:\/\/www.meydan.tv\/az\/#website"},"primaryImageOfPage":{"@id":"https:\/\/www.meydan.tv\/az\/article\/mingecevir-sakini-icra-hakimiyyetinin-ucbatindan-heyatimiz-tehlukededir\/#primaryimage"},"image":{"@id":"https:\/\/www.meydan.tv\/az\/article\/mingecevir-sakini-icra-hakimiyyetinin-ucbatindan-heyatimiz-tehlukededir\/#primaryimage"},"thumbnailUrl":"https:\/\/www.meydan.tv\/wp-content\/uploads\/shaiq_mehmenli-e1670499254142.jpg","datePublished":"2022-12-08T11:34:45+00:00","dateModified":"2022-12-08T11:34:47+00:00","breadcrumb":{"@id":"https:\/\/www.meydan.tv\/az\/article\/mingecevir-sakini-icra-hakimiyyetinin-ucbatindan-heyatimiz-tehlukededir\/#breadcrumb"},"inLanguage":"az","potentialAction":[{"@type":"ReadAction","target":["https:\/\/www.meydan.tv\/az\/article\/mingecevir-sakini-icra-hakimiyyetinin-ucbatindan-heyatimiz-tehlukededir\/"]}]},{"@type":"ImageObject","inLanguage":"az","@id":"https:\/\/www.meydan.tv\/az\/article\/mingecevir-sakini-icra-hakimiyyetinin-ucbatindan-heyatimiz-tehlukededir\/#primaryimage","url":"https:\/\/www.meydan.tv\/wp-content\/uploads\/shaiq_mehmenli-e1670499254142.jpg","contentUrl":"https:\/\/www.meydan.tv\/wp-content\/uploads\/shaiq_mehmenli-e1670499254142.jpg","width":1200,"height":1035,"caption":"\u015eaiq B\u0259hm\u0259nli. Foto: Meydan TV"},{"@type":"BreadcrumbList","@id":"https:\/\/www.meydan.tv\/az\/article\/mingecevir-sakini-icra-hakimiyyetinin-ucbatindan-heyatimiz-tehlukededir\/#breadcrumb","itemListElement":[{"@type":"ListItem","position":1,"name":"Ana s\u0259hif\u0259","item":"https:\/\/www.meydan.tv\/az\/"},{"@type":"ListItem","position":2,"name":"B\u00f6lg\u0259","item":"https:\/\/www.meydan.tv\/az\/section\/bolge\/"},{"@type":"ListItem","position":3,"name":"Ming\u0259\u00e7evir sakini: \u201c\u0130cra hakimiyy\u0259tinin ucbat\u0131ndan h\u0259yat\u0131m\u0131z t\u0259hl\u00fck\u0259d\u0259dir\u201d"}]},{"@type":"WebSite","@id":"https:\/\/www.meydan.tv\/az\/#website","url":"https:\/\/www.meydan.tv\/az\/","name":"MEYDAN.TV","description":"Meydan TV Az\u0259rbaycan\u0131n media m\u0259kan\u0131ndak\u0131 alternativ s\u0259sidir","publisher":{"@id":"https:\/\/www.meydan.tv\/az\/#organization"},"potentialAction":[{"@type":"SearchAction","target":{"@type":"EntryPoint","urlTemplate":"https:\/\/www.meydan.tv\/az\/?s={search_term_string}"},"query-input":{"@type":"PropertyValueSpecification","valueRequired":true,"valueName":"search_term_string"}}],"inLanguage":"az"},{"@type":"Organization","@id":"https:\/\/www.meydan.tv\/az\/#organization","name":"Meydan TV","url":"https:\/\/www.meydan.tv\/az\/","logo":{"@type":"ImageObject","inLanguage":"az","@id":"https:\/\/www.meydan.tv\/az\/#\/schema\/logo\/image\/","url":"https:\/\/www.meydan.tv\/wp-content\/uploads\/2021\/07\/meydan-logo.svg","contentUrl":"https:\/\/www.meydan.tv\/wp-content\/uploads\/2021\/07\/meydan-logo.svg","width":195,"height":46,"caption":"Meydan TV"},"image":{"@id":"https:\/\/www.meydan.tv\/az\/#\/schema\/logo\/image\/"}},{"@type":"Person","@id":"https:\/\/www.meydan.tv\/az\/#\/schema\/person\/9cdbecf90d17180ce1dfbd95b08dcf47","name":"elli","sameAs":["https:\/\/x.com\/elli"]}]}},"_links":{"self":[{"href":"https:\/\/www.meydan.tv\/az\/wp-json\/wp\/v2\/posts\/262879","targetHints":{"allow":["GET"]}}],"collection":[{"href":"https:\/\/www.meydan.tv\/az\/wp-json\/wp\/v2\/posts"}],"about":[{"href":"https:\/\/www.meydan.tv\/az\/wp-json\/wp\/v2\/types\/post"}],"author":[{"embeddable":true,"href":"https:\/\/www.meydan.tv\/az\/wp-json\/wp\/v2\/users\/8"}],"replies":[{"embeddable":true,"href":"https:\/\/www.meydan.tv\/az\/wp-json\/wp\/v2\/comments?post=262879"}],"version-history":[{"count":2,"href":"https:\/\/www.meydan.tv\/az\/wp-json\/wp\/v2\/posts\/262879\/revisions"}],"predecessor-version":[{"id":262884,"href":"https:\/\/www.meydan.tv\/az\/wp-json\/wp\/v2\/posts\/262879\/revisions\/262884"}],"wp:featuredmedia":[{"embeddable":true,"href":"https:\/\/www.meydan.tv\/az\/wp-json\/wp\/v2\/media\/262876"}],"wp:attachment":[{"href":"https:\/\/www.meydan.tv\/az\/wp-json\/wp\/v2\/media?parent=262879"}],"wp:term":[{"taxonomy":"category","embeddable":true,"href":"https:\/\/www.meydan.tv\/az\/wp-json\/wp\/v2\/categories?post=262879"},{"taxonomy":"post_tag","embeddable":true,"href":"https:\/\/www.meydan.tv\/az\/wp-json\/wp\/v2\/tags?post=262879"}],"curies":[{"name":"wp","href":"https:\/\/api.w.org\/{rel}","templated":true}]}}