{"id":262874,"date":"2022-12-08T15:25:51","date_gmt":"2022-12-08T11:25:51","guid":{"rendered":"https:\/\/www.meydan.tv\/?p=262874"},"modified":"2022-12-08T15:25:57","modified_gmt":"2022-12-08T11:25:57","slug":"esyasiz-evde-yasayan-aile-mektebe-getmeye-imkani-olmayan-3-usaq","status":"publish","type":"post","link":"https:\/\/www.meydan.tv\/az\/article\/esyasiz-evde-yasayan-aile-mektebe-getmeye-imkani-olmayan-3-usaq\/","title":{"rendered":"\u018f\u015fyas\u0131z evd\u0259 ya\u015fayan ail\u0259, m\u0259kt\u0259b\u0259 getm\u0259y\u0259 imkan\u0131 olmayan 3 u\u015faq\u2026"},"content":{"rendered":"\n<p><\/p>\n\n\n\n<p><em>G\u00f6y\u00e7ay\u0131n \u015e\u0259k\u0259r k\u0259ndind\u0259 ya\u015fayan bu ail\u0259nin probleml\u0259rini h\u0259ll ed\u0259n yoxdur<\/em><\/p>\n\n\n\n<p>&#8220;Bu ev\u0259 \u201cev\u201d, ya\u015fay\u0131\u015f\u0131m\u0131za \u201cya\u015fay\u0131\u015f\u201d dem\u0259k olmaz, \u00e7ox ac\u0131nacaql\u0131d\u0131r v\u0259ziyy\u0259timiz&#8221;.<br>G\u00f6y\u00e7ay\u0131n \u015e\u0259k\u0259r k\u0259nd sakini Alid\u0259 N\u0259sr\u0259ddin q\u0131z\u0131 Hac\u0131yeva bel\u0259 deyir.<\/p>\n\n\n\n<p>Alid\u0259 Hac\u0131yevan\u0131n \u00fc\u00e7 \u00f6vlad\u0131 var. 2015-ci ild\u0259 h\u0259yat yolda\u015f\u0131ndan ayr\u0131l\u0131b v\u0259 anas\u0131n\u0131n evin\u0259 k\u00f6\u00e7\u00fcb. Bu evd\u0259 d\u0259 \u00e7ox ya\u015faya bilm\u0259yib. Ev q\u0259zal\u0131 oldu\u011fundan u\u00e7ub. Bundan sonra o, qohumlar\u0131n\u0131n k\u00f6m\u0259kliyi il\u0259 haz\u0131rlanan ikiotaql\u0131 yar\u0131m\u00e7\u0131q tikiliy\u0259 s\u0131\u011f\u0131n\u0131b. El\u0259 o vaxtdan da d\u00f6\u015f\u0259m\u0259si k\u00f6hn\u0259, \u00e7\u00fcr\u00fcm\u00fc\u015f taxta, divar\u0131 suvaqs\u0131z, p\u0259nc\u0259r\u0259si \u015f\u00fc\u015f\u0259siz olan bu iki otaq onlar\u0131n evi olub.<\/p>\n\n\n\n<p>Evd\u0259 istifad\u0259y\u0259 n\u0259 m\u0259i\u015f\u0259t avadanl\u0131\u011f\u0131, n\u0259 d\u0259 stol-stul var. Bir \u00e7arpay\u0131 var, onda da x\u0259st\u0259likd\u0259n \u0259ziyy\u0259t \u00e7\u0259k\u0259n q\u0131z\u0131 yat\u0131r.<\/p>\n\n\n\n<figure class=\"wp-block-image size-full\"><img decoding=\"async\" width=\"1200\" height=\"538\" data-src=\"https:\/\/www.meydan.tv\/wp-content\/uploads\/img-20221204-wa0085.jpg\" alt=\"\" class=\"wp-image-262859 lazyload\" src=\"data:image\/svg+xml;base64,PHN2ZyB3aWR0aD0iMSIgaGVpZ2h0PSIxIiB4bWxucz0iaHR0cDovL3d3dy53My5vcmcvMjAwMC9zdmciPjwvc3ZnPg==\" style=\"--smush-placeholder-width: 1200px; --smush-placeholder-aspect-ratio: 1200\/538;\" \/><\/figure>\n\n\n\n<p>&#8220;Divara suvaq vurma\u011fa imkan\u0131m yoxdur. Taxtalar k\u00f6hn\u0259 evd\u0259n s\u00f6k\u00fcl\u00fcb g\u0259tirilib. Nec\u0259 g\u0259ldi yamam\u0131\u015f\u0131q. Ota\u011f\u0131n biri tam yarars\u0131zd\u0131r, dig\u0259rind\u0259n h\u0259m m\u0259tb\u0259x, h\u0259m d\u0259 yatmaq \u00fc\u00e7\u00fcn istifad\u0259 edir\u0259m. \u018fslind\u0259 o da yarars\u0131zd\u0131r, amma dig\u0259rin\u0259 baxanda babatd\u0131r. \u015e\u0259raitimiz yoxdur\u201d, &#8211; Alid\u0259 Hac\u0131yeva deyir.<\/p>\n\n\n\n<p>\u0130stifad\u0259 olunan otaq yamaql\u0131 paltara b\u0259nz\u0259yir. Ayaqlar\u0131 torpa\u011fa d\u0259ym\u0259sin dey\u0259 taxta d\u00fcz\u00fcl\u00fcb, p\u0259nc\u0259r\u0259l\u0259r par\u00e7a, sellofan il\u0259 tutulub. Qad\u0131n deyir ki, yayda tavanda qara h\u0259\u015f\u0259ratlar \u0259m\u0259l\u0259 g\u0259lir, v\u0259ziyy\u0259t daha da pisl\u0259\u015fir:<\/p>\n\n\n\n<p>\u201c\u00c7arpay\u0131n\u0131 da qon\u015fumuz verib. Q\u0131z\u0131m x\u0259st\u0259dir dey\u0259 orada yat\u0131zd\u0131r\u0131ram. \u0130ki u\u015faqla \u00f6z\u00fcm is\u0259 yerd\u0259 yat\u0131r\u0131q. Stol-stulum yoxdur. Qonaq q\u0259bul etm\u0259y\u0259 bir stulum bel\u0259 yoxdur. H\u0259m m\u0259tb\u0259x, h\u0259m yataq olan bu otaqda \u00fc\u00e7 u\u015faqla z\u00fclm \u00e7\u0259kirik&#8221;.<br><\/p>\n\n\n\n<figure class=\"wp-block-image size-full\"><img decoding=\"async\" width=\"1000\" height=\"449\" data-src=\"https:\/\/www.meydan.tv\/wp-content\/uploads\/img-20221204-wa0080.jpg\" alt=\"\" class=\"wp-image-262853 lazyload\" src=\"data:image\/svg+xml;base64,PHN2ZyB3aWR0aD0iMSIgaGVpZ2h0PSIxIiB4bWxucz0iaHR0cDovL3d3dy53My5vcmcvMjAwMC9zdmciPjwvc3ZnPg==\" style=\"--smush-placeholder-width: 1000px; --smush-placeholder-aspect-ratio: 1000\/449;\" \/><\/figure>\n\n\n\n<p><strong>&#8220;U\u015faqlar\u0131m\u0131n \u00fc\u00e7\u00fc d\u0259 \u00e7\u0259limsiz, g\u00fcz\u0259rans\u0131z, m\u0259kt\u0259bsiz qal\u0131b&#8221;<br><\/strong><\/p>\n\n\n\n<p>U\u015faqlar\u0131n he\u00e7 biri m\u0259kt\u0259b\u0259 getmir. Ana deyir ki, ill\u0259rdir onlara n\u0259 m\u0259kt\u0259bli geyimi, n\u0259 d\u0259 d\u0259rs l\u0259vazimat\u0131 ala bilir. Qohum, qon\u015fular\u0131n \u00f6vladlar\u0131n\u0131n geyimi, \u0259rzaq pay\u0131 il\u0259 dolanan ail\u0259nin h\u0259r \u00f6t\u0259n g\u00fcn g\u00fczaran\u0131 daha da a\u011f\u0131rla\u015f\u0131r. Bu s\u0259b\u0259bd\u0259n ail\u0259nin b\u00f6y\u00fck q\u0131z\u0131 9-cu sinif \u015fagirdi olsa da, m\u0259kt\u0259bd\u0259n \u00e7\u0131xar\u0131lmaq \u00fczr\u0259dir. 7-ci v\u0259 5-ci sinif \u015fagirdl\u0259ri olan dig\u0259r u\u015faqlar is\u0259 \u015e\u0259k\u0259r k\u0259nd tam orta m\u0259kt\u0259bind\u0259 qeydiyyatda olsalar da, nadir halda m\u0259kt\u0259b \u00fcz\u00fc g\u00f6r\u00fcrl\u0259r. \u00c7\u00fcnki n\u0259 geyiml\u0259ri, n\u0259 d\u0259 m\u0259kt\u0259b \u00e7antalar\u0131 var.<\/p>\n\n\n\n<p>Ail\u0259ni doland\u0131racaq yegan\u0259 \u015f\u0259xs Alid\u0259 Hac\u0131yevad\u0131r. O da m\u00f6vs\u00fcmd\u0259n &#8211; m\u00f6vs\u00fcm\u0259 gun\u0259muzd i\u015fl\u0259r\u0259 \u00e7\u0131xd\u0131\u011f\u0131n\u0131 deyir.<\/p>\n\n\n\n<p>Ana deyir ki, 11 ya\u015fl\u0131 o\u011flu qon\u015fu k\u0259nd\u0259 ma\u015f\u0131n t\u0259miri ustas\u0131n\u0131n yan\u0131na ged\u0259r\u0259k, g\u00fcn\u0259 2-3 manat \u00e7\u00f6r\u0259k pulu qazanmaqla d\u0259st\u0259k olma\u011fa \u00e7al\u0131\u015f\u0131r. Halbuki, o ya\u015fda u\u015faq d\u0259rsl\u0259rini, m\u0259kt\u0259bini d\u00fc\u015f\u00fcnm\u0259lidir.<\/p>\n\n\n\n<figure class=\"wp-block-image size-full\"><img decoding=\"async\" width=\"1200\" height=\"538\" data-src=\"https:\/\/www.meydan.tv\/wp-content\/uploads\/img-20221204-wa0073.jpg\" alt=\"\" class=\"wp-image-262850 lazyload\" src=\"data:image\/svg+xml;base64,PHN2ZyB3aWR0aD0iMSIgaGVpZ2h0PSIxIiB4bWxucz0iaHR0cDovL3d3dy53My5vcmcvMjAwMC9zdmciPjwvc3ZnPg==\" style=\"--smush-placeholder-width: 1200px; --smush-placeholder-aspect-ratio: 1200\/538;\" \/><\/figure>\n\n\n\n<p>&#8220;Ail\u0259ni t\u0259kba\u015f\u0131na doland\u0131r\u0131ram. M\u00f6vs\u00fcmd\u0259 gedib onun-bunun h\u0259y\u0259tind\u0259 pomidor y\u0131\u011f\u0131ram. S\u0259h\u0259r 9-da gedib g\u00fcnorta 3-4 \u0259 q\u0259d\u0259r \u00e7al\u0131\u015f\u0131ram, on manat pul al\u0131ram. Onunla doland\u0131r\u0131ram u\u015faqlar\u0131m\u0131. Oktyabrdan is\u0259 xurma, nar y\u0131\u011f\u0131m\u0131na gedir\u0259m\u201d, &#8211; Alid\u0259 Hac\u0131yeva s\u00f6z\u00fcn\u0259 davam edir:<\/p>\n\n\n\n<p>\u201cB\u00f6y\u00fck o\u011flum da m\u0259kt\u0259b\u0259 ged\u0259 bilmir, rahatl\u0131\u011f\u0131m\u0131z yoxdur. Qon\u015fu k\u0259ndd\u0259 ma\u015f\u0131n ustas\u0131n\u0131n yan\u0131na gedir ki, pul qazans\u0131n. S\u0259h\u0259r 9-da \u00e7\u0131x\u0131r, ax\u015fam 5-d\u0259 g\u0259lir. 2-3 manat g\u00fcnl\u00fck f\u0259hl\u0259 pulu al\u0131r. Usta q\u0259nd, \u00e7ay al dey\u0259 verir. U\u015faqlar\u0131m\u0131n \u00fc\u00e7\u00fc d\u0259 \u00e7\u0259limsiz, g\u00fcz\u0259rans\u0131z, m\u0259kt\u0259bsizdir. Q\u0131z\u0131m\u0131n m\u00fc\u0259llimi deyir ki, \u015f\u0259klini g\u00f6nd\u0259r, u\u015fa\u011f\u0131 m\u0259kt\u0259bd\u0259n \u00e7\u0131xar\u0131r\u0131q, d\u0259rs\u0259 g\u0259lmir. Geyimi, \u00e7antas\u0131 yoxdur. \u00dc\u00e7\u00fc d\u0259 onun &#8211; bunun geyimi il\u0259 b\u00f6y\u00fcy\u00fcr. Olanda gedir, olmayanda yox. Ana kimi bilmir\u0259m neyl\u0259yim?&#8221;.<\/p>\n\n\n\n<figure class=\"wp-block-image size-full\"><img decoding=\"async\" width=\"1200\" height=\"538\" data-src=\"https:\/\/www.meydan.tv\/wp-content\/uploads\/img-20221204-wa0074.jpg\" alt=\"\" class=\"wp-image-262868 lazyload\" src=\"data:image\/svg+xml;base64,PHN2ZyB3aWR0aD0iMSIgaGVpZ2h0PSIxIiB4bWxucz0iaHR0cDovL3d3dy53My5vcmcvMjAwMC9zdmciPjwvc3ZnPg==\" style=\"--smush-placeholder-width: 1200px; --smush-placeholder-aspect-ratio: 1200\/538;\" \/><\/figure>\n\n\n\n<p>Ev\u0259 \u00e7\u0259kil\u0259n qaz x\u0259ttind\u0259 texniki nasazl\u0131q var, amma bunu da d\u00fcz\u0259ld\u0259n yoxdur. Ona g\u00f6r\u0259 d\u0259 otaqlar 3 ildir odun sobas\u0131 il\u0259 isinir.<\/p>\n\n\n\n<p>\u015eikay\u0259t\u00e7i deyir ki, bu ilin q\u0131\u015f\u0131 \u00fc\u00e7\u00fcn odunu xeyirxah insanlar t\u0259\u015fkil edib. Rayon Qaz \u0130dar\u0259sind\u0259n g\u0259lib evin qaz x\u0259ttin\u0259 bax\u0131\u015f ke\u00e7irs\u0259l\u0259r d\u0259, d\u00fcz\u0259ltm\u0259d\u0259n gedibl\u0259r. \u0130sti su \u00fcz\u00fcn\u0259 h\u0259sr\u0259t ail\u0259 soyuq suyu bel\u0259 qon\u015fudan g\u0259tirir.<\/p>\n\n\n\n<p>&#8220;Qon\u015fular, qohumlar topla\u015f\u0131b 250 manat y\u0131\u011fd\u0131lar, m\u0259n\u0259 odun al\u0131b verdil\u0259r ki, bu q\u0131\u015f\u0131 soyuqdan donmayaq, \u00f6lm\u0259y\u0259k. Suyu bel\u0259 qon\u015funun h\u0259y\u0259tind\u0259n g\u00f6t\u00fcr\u00fcr\u0259m. Bunun \u00fc\u00e7\u00fcn h\u0259r ilin mart\u0131nda b\u0259r\u0259nin qaz\u0131lmas\u0131na 30-40 manat pul \u00f6d\u0259yir\u0259m. O pulu bel\u0259 onun &#8211; bunun h\u0259y\u0259tind\u0259 i\u015fl\u0259yib d\u00fcz\u0259ldib g\u0259tirir\u0259m&#8221;, &#8211; Alid\u0259 Hac\u0131yeva dan\u0131\u015f\u0131r.<br><\/p>\n\n\n\n<p><strong>&#8220;N\u0259 icra, n\u0259 M\u0259\u015f\u011fulluq, n\u0259 b\u0259l\u0259diyy\u0259 i\u015f, ev\u0259 yard\u0131m m\u0259s\u0259l\u0259sind\u0259 k\u00f6m\u0259k el\u0259m\u0259di&#8221;<br><\/strong><\/p>\n\n\n\n<p>Alid\u0259 Hac\u0131yeva deyir ki, ya\u015fad\u0131\u011f\u0131 \u015e\u0259k\u0259r k\u0259ndind\u0259 ondan kas\u0131b ail\u0259 yoxdur. \u0130ndiy\u0259 q\u0259d\u0259r onlar\u0131 at\u0131b ged\u0259n h\u0259yat yolda\u015f\u0131ndan n\u0259 aliment ala bilib, n\u0259 d\u0259 aidiyy\u0259ti qurumlara etdiyi m\u00fcraci\u0259tl\u0259r\u0259 m\u00fcsb\u0259t cavab verilib. Ne\u00e7\u0259 m\u00fcdd\u0259td\u0259n sonra ala bildiyi \u00fcnvanl\u0131 sosial yard\u0131m\u0131n m\u0259bl\u0259\u011fi is\u0259 azd\u0131r. O da ayl\u0131q \u0259rza\u011fa g\u00fccl\u0259 \u00e7at\u0131r. O vaxta q\u0259d\u0259r is\u0259 ail\u0259y\u0259 \u0259rzaq t\u0259minat\u0131nda b\u0259zi qohum v\u0259 qon\u015fular k\u00f6m\u0259klik g\u00f6st\u0259rib. N\u0259 \u015e\u0259k\u0259r K\u0259nd B\u0259l\u0259diyy\u0259si, n\u0259 Rayon M\u0259\u015f\u011fulluq \u0130dar\u0259si, n\u0259 d\u0259 G\u00f6y\u00e7ay Rayon \u0130cra Hakimiyy\u0259ti t\u0259nha anan\u0131n probleml\u0259rin\u0259 \u0259lac tap\u0131b.<\/p>\n\n\n\n<figure class=\"wp-block-image size-full\"><img decoding=\"async\" width=\"1200\" height=\"538\" data-src=\"https:\/\/www.meydan.tv\/wp-content\/uploads\/sekil-3.png\" alt=\"\" class=\"wp-image-262871 lazyload\" src=\"data:image\/svg+xml;base64,PHN2ZyB3aWR0aD0iMSIgaGVpZ2h0PSIxIiB4bWxucz0iaHR0cDovL3d3dy53My5vcmcvMjAwMC9zdmciPjwvc3ZnPg==\" style=\"--smush-placeholder-width: 1200px; --smush-placeholder-aspect-ratio: 1200\/538;\" \/><\/figure>\n\n\n\n<p>&#8220;Aliment\u0259 g\u00f6r\u0259 iki d\u0259f\u0259 m\u0259hk\u0259m\u0259 d\u0259 ke\u00e7irildi. Ke\u00e7mi\u015f h\u0259yat yolda\u015f\u0131m aliment verm\u0259kd\u0259n imtina etdi. \u00dc\u00e7 d\u0259f\u0259 Rayon M\u0259\u015f\u011fulluq \u0130dar\u0259sin\u0259, icra hakimiyy\u0259tin\u0259 getdim. M\u0259n\u0259 minimumdan da a\u015fa\u011f\u0131 \u00f6d\u0259ni\u015f\u0259 a\u011faclar\u0131 r\u0259ngl\u0259, asfalt\u0131 s\u00fcp\u00fcr dedil\u0259r. \u00d6d\u0259ni\u015f az, yol x\u0259rci \u00e7ox. He\u00e7 yol pulunu \u00f6d\u0259mirdi o maa\u015f. N\u0259 icra, n\u0259 m\u0259\u015f\u011fulluq, n\u0259 d\u0259 b\u0259l\u0259diyy\u0259 normal maa\u015fl\u0131 i\u015f tapma\u011fa, ev\u0259 yard\u0131m m\u0259s\u0259l\u0259sind\u0259 k\u00f6m\u0259k etdi\u201d.<\/p>\n\n\n\n<p>\u201c\u015e\u0259k\u0259r b\u0259l\u0259diyy\u0259sin\u0259 h\u0259r d\u0259f\u0259 problemimi deyir\u0259m. Bir d\u0259f\u0259 \u201ck\u00f6m\u0259k el\u0259, s\u0259simi \u00e7atd\u0131r\u201d dey\u0259nd\u0259 be\u015f manat verdi \u0259lim\u0259 ki, imkan\u0131m\u0131z budur. Get, n\u0259 bilirs\u0259n el\u0259. M\u0259nim u\u015faqlar\u0131m ac, susuz qald\u0131, bu, he\u00e7 kimi maraqlanm\u0131r. B\u0259l\u0259diyy\u0259 s\u0259dri bilir ki, k\u0259ndin \u0259n kas\u0131b, \u0259n \u00e7ar\u0259siz durumda olan sakiniy\u0259m. U\u015faqlar\u0131m burda kims\u0259sizdir, k\u00f6m\u0259ksizdir. Bilir v\u0259ziyy\u0259timi ki, qap\u0131larda \u00e7al\u0131\u015f\u0131ram. N\u0259 b\u0259l\u0259diyy\u0259, n\u0259 icra m\u00fcraci\u0259tl\u0259rim\u0259 baxm\u0131r, d\u0259f\u0259l\u0259rl\u0259 q\u0259bullar\u0131nda olmu\u015fam, k\u00f6m\u0259k g\u00f6rm\u0259mi\u015f\u0259m\u201d, &#8211; \u015fikay\u0259t\u00e7i deyir.<br><\/p>\n\n\n\n<p><strong>&#8220;M\u0259n bu \u00fc\u00e7 u\u015fa\u011f\u0131n anas\u0131 kimi k\u00f6m\u0259k, diqq\u0259t, d\u0259st\u0259k ist\u0259yir\u0259m&#8221;<br><\/strong><\/p>\n\n\n\n<p>T\u0259nha anan\u0131n t\u0259k ist\u0259yi \u00f6z\u00fcn\u00fcn i\u015fl\u0259 t\u0259minat\u0131 v\u0259 evinin t\u0259mir olunmas\u0131d\u0131r. D\u00f6vl\u0259td\u0259n, aidiyy\u0259ti qurumlardan, xeyirxah insanlardan bu k\u00f6m\u0259kliyi ist\u0259yir:<\/p>\n\n\n\n<figure class=\"wp-block-image size-full\"><img decoding=\"async\" width=\"1200\" height=\"538\" data-src=\"https:\/\/www.meydan.tv\/wp-content\/uploads\/img-20221204-wa0076.jpg\" alt=\"\" class=\"wp-image-262862 lazyload\" src=\"data:image\/svg+xml;base64,PHN2ZyB3aWR0aD0iMSIgaGVpZ2h0PSIxIiB4bWxucz0iaHR0cDovL3d3dy53My5vcmcvMjAwMC9zdmciPjwvc3ZnPg==\" style=\"--smush-placeholder-width: 1200px; --smush-placeholder-aspect-ratio: 1200\/538;\" \/><\/figure>\n\n\n\n<p>&#8220;Bir ana kimi ist\u0259yir\u0259m ki, balalar\u0131m normal \u015f\u0259raitd\u0259, normal evd\u0259 b\u00f6y\u00fcs\u00fcn. H\u0259r \u00fc\u00e7\u00fc bu \u00f6lk\u0259nin v\u0259t\u0259nda\u015f\u0131d\u0131r, sabah\u0131n g\u0259nci, g\u0259l\u0259c\u0259yin \u0259sg\u0259ri, anas\u0131, atas\u0131d\u0131r. Normal t\u0259hsil almaq, m\u0259kt\u0259bli h\u0259yat\u0131 ya\u015famaq onlar\u0131n da haqq\u0131d\u0131r. T\u0259hsilsiz, evsiz qalmaq neft \u00f6lk\u0259sin\u0259 yara\u015fmaz. Sabah h\u0259rbi xidm\u0259t vaxt\u0131 \u00e7atanda iki o\u011fulumu g\u0259lib aparacaq, he\u00e7 d\u00fc\u015f\u00fcnm\u0259y\u0259c\u0259k ki, onlar n\u0259 \u0259zab, n\u0259 \u0259ziyy\u0259tl\u0259, hans\u0131 \u015f\u0259raitsiz evd\u0259, bir qarn\u0131 ac, bir qarn\u0131 tox b\u00f6y\u00fcy\u00fcb. Qon\u015funun kas\u0131b u\u015fa\u011f\u0131 \u015f\u0259hid oldu, onda ail\u0259 d\u00fc\u015fd\u00fc yada. M\u0259nim \u00f6vladlar\u0131m da g\u0259r\u0259k eyni aqib\u0259ti ya\u015fas\u0131n? M\u0259n bu \u00fc\u00e7 u\u015fa\u011f\u0131n anas\u0131 kimi k\u00f6m\u0259k, diqq\u0259t, d\u0259st\u0259k ist\u0259yir\u0259m&#8221;.<\/p>\n\n\n\n<p>G\u00f6y\u00e7ay Rayon \u0130cra Hakimiyy\u0259ti ba\u015f\u00e7\u0131s\u0131n\u0131n birinci m\u00fcavini \u0130kram V\u0259liyev Meydan TV-y\u0259 deyib ki, ail\u0259nin m\u00fcraci\u0259ti il\u0259 ba\u011fl\u0131 m\u0259lumats\u0131zd\u0131r. O, Alid\u0259 Hac\u0131yeva il\u0259 \u0259laq\u0259 saxlayacaqlar\u0131n\u0131, m\u0259s\u0259l\u0259ni ara\u015fd\u0131racaqlar\u0131n\u0131 s\u00f6yl\u0259yib:<\/p>\n\n\n\n<p>&#8220;M\u0259n o qad\u0131n\u0131 d\u0259v\u0259t ed\u0259c\u0259m icra hakimiyy\u0259tin\u0259. Burda 8 n\u0259f\u0259rlik komissiya yarad\u0131l\u0131b. Biz d\u0259v\u0259t ed\u0259k, sonra evin\u0259 bax\u0131\u015f ke\u00e7irib yoxlayaq v\u0259 sonra n\u0259 k\u00f6m\u0259k laz\u0131md\u0131rsa ed\u0259rik. \u0130\u015f m\u0259s\u0259l\u0259sin\u0259 g\u0259linc\u0259, tutal\u0131m i\u015f verdik, \u00fc\u00e7 u\u015faqla nec\u0259 i\u015fl\u0259y\u0259c\u0259k? Kim baxacaq onlara?\u201d.<\/p>\n\n\n\n<p>\u0130kram V\u0259liyev onu da deyib ki, icra hakimiyy\u0259tind\u0259 evl\u0259rin tikintisi, b\u0259rpas\u0131 \u00fc\u00e7\u00fcn fond yoxdur.<\/p>\n\n\n\n<p>G\u00f6y\u00e7ay Rayon Qaz \u0130stismar\u0131 Sah\u0259sinin r\u0259isi P\u0259rviz \u018fdilov is\u0259 bu v\u0259zif\u0259y\u0259 \u00fc\u00e7 ay \u0259vv\u0259l t\u0259yin olundu\u011funu, qad\u0131n\u0131n m\u00fcraci\u0259ti il\u0259 rastla\u015fmad\u0131\u011f\u0131n\u0131 bildirib:<\/p>\n\n\n\n<p>&#8220;\u018fm\u0259kda\u015f g\u00f6nd\u0259r\u0259r\u0259m ora, yerind\u0259 baxar\u0131q. Problem bizlikdirs\u0259, h\u0259ll ed\u0259rik&#8221;.<\/p>\n\n\n\n<figure class=\"wp-block-image size-full\"><img decoding=\"async\" width=\"1200\" height=\"538\" data-src=\"https:\/\/www.meydan.tv\/wp-content\/uploads\/img-20221204-wa0082.jpg\" alt=\"\" class=\"wp-image-262856 lazyload\" src=\"data:image\/svg+xml;base64,PHN2ZyB3aWR0aD0iMSIgaGVpZ2h0PSIxIiB4bWxucz0iaHR0cDovL3d3dy53My5vcmcvMjAwMC9zdmciPjwvc3ZnPg==\" style=\"--smush-placeholder-width: 1200px; --smush-placeholder-aspect-ratio: 1200\/538;\" \/><\/figure>\n\n\n\n<p>\u015e\u0259k\u0259r K\u0259nd B\u0259l\u0259diyy\u0259sinin s\u0259dri Qurban M\u0259mm\u0259dov ail\u0259nin ehtiyac i\u00e7ind\u0259 ya\u015fad\u0131\u011f\u0131n\u0131 t\u0259sdiql\u0259yib. O, evin t\u0259mirin\u0259 yard\u0131m ed\u0259c\u0259kl\u0259rin\u0259 s\u00f6z verm\u0259s\u0259 d\u0259, ail\u0259nin dig\u0259r probleml\u0259ri il\u0259 maraqlanaca\u011f\u0131n\u0131 bildirib:<\/p>\n\n\n\n<p>&#8220;Ev tikm\u0259k \u00e7\u0259tin idir. B\u0259l\u0259diyy\u0259nin bel\u0259 bir fondu yoxdur. \u0130ki n\u0259f\u0259r i\u015f\u00e7i var, s\u0259dr v\u0259 m\u00fchasib. Pulumuz, g\u0259lirimiz yoxdur. K\u0259nd camaat\u0131 il\u0259 s\u00f6hb\u0259t ed\u0259r\u0259m, kim k\u00f6m\u0259k ed\u0259rs\u0259, birl\u0259\u015fib g\u00f6r\u0259k n\u0259 ed\u0259 bil\u0259rik. Bir d\u0259 M\u0259\u015f\u011fulluq \u0130dar\u0259sin\u0259 y\u00f6nl\u0259ndir\u0259 bil\u0259r\u0259m. Qaz x\u0259ttini d\u0259 t\u0259mizl\u0259tdir\u0259c\u0259m, buna s\u00f6z verir\u0259m. Ehtiyacl\u0131 qad\u0131nd\u0131r, \u0259limizd\u0259n n\u0259 g\u0259lirs\u0259, ed\u0259rik. Ail\u0259 il\u0259, probleml\u0259rl\u0259 maraqlanaram&#8221;.<\/p>\n\n\n\n<p>U\u015faqlar\u0131n imkans\u0131zl\u0131qdan t\u0259hsild\u0259n yay\u0131nmas\u0131 v\u0259 ail\u0259nin \u00f6z\u00fcn\u00fcm\u0259\u015f\u011fulluq proqram\u0131 il\u0259 ba\u011fl\u0131 m\u00fcraci\u0259tin\u0259 bax\u0131lmamas\u0131 m\u0259s\u0259l\u0259sin\u0259 g\u0259linc\u0259, T\u0259hsil Nazirliyininin ictimaiyy\u0259tl\u0259 \u0259laq\u0259l\u0259r sektorunun m\u00fcdiri C\u0259sarat Valehov v\u0259 D\u00f6vl\u0259t M\u0259\u015f\u011fulluq Agentliyinin s\u00f6z\u00e7\u00fcs\u00fc \u018fsm\u0259r N\u0259cm\u0259ddin q\u0131z\u0131 probleml\u0259ri ara\u015fd\u0131racaqlar\u0131n\u0131 bildirdil\u0259r.<\/p>\n","protected":false},"excerpt":{"rendered":"<p>G\u00f6y\u00e7ay\u0131n \u015e\u0259k\u0259r k\u0259ndind\u0259 ya\u015fayan bu ail\u0259nin probleml\u0259rini h\u0259ll ed\u0259n yoxdur &#8230; <\/p>\n<p class=\"read-more-container\"><a title=\"\u018f\u015fyas\u0131z evd\u0259 ya\u015fayan ail\u0259, m\u0259kt\u0259b\u0259 getm\u0259y\u0259 imkan\u0131 olmayan 3 u\u015faq\u2026\" class=\"read-more button\" href=\"https:\/\/www.meydan.tv\/az\/article\/esyasiz-evde-yasayan-aile-mektebe-getmeye-imkani-olmayan-3-usaq\/#more-262874\" aria-label=\"Read more about \u018f\u015fyas\u0131z evd\u0259 ya\u015fayan ail\u0259, m\u0259kt\u0259b\u0259 getm\u0259y\u0259 imkan\u0131 olmayan 3 u\u015faq\u2026\">Davam\u0131<\/a><\/p>\n","protected":false},"author":8,"featured_media":262865,"comment_status":"closed","ping_status":"closed","sticky":false,"template":"","format":"standard","meta":{"_acf_changed":false,"_sitemap_exclude":false,"_sitemap_priority":"","_sitemap_frequency":"","footnotes":""},"categories":[60,79,56],"tags":[],"class_list":["post-262874","post","type-post","status-publish","format-standard","has-post-thumbnail","hentry","category-bolge","category-featured","category-xeberler","infinite-scroll-item","generate-columns","tablet-grid-50","mobile-grid-100","grid-parent","grid-33","no-featured-image-padding"],"acf":[],"yoast_head":"<!-- This site is optimized with the Yoast SEO plugin v27.5 - https:\/\/yoast.com\/product\/yoast-seo-wordpress\/ -->\n<title>\u018f\u015fyas\u0131z evd\u0259 ya\u015fayan ail\u0259, m\u0259kt\u0259b\u0259 getm\u0259y\u0259 imkan\u0131 olmayan 3 u\u015faq\u2026 - MEYDAN.TV<\/title>\n<meta name=\"robots\" content=\"index, follow, max-snippet:-1, max-image-preview:large, max-video-preview:-1\" \/>\n<link rel=\"canonical\" href=\"https:\/\/www.meydan.tv\/az\/article\/esyasiz-evde-yasayan-aile-mektebe-getmeye-imkani-olmayan-3-usaq\/\" \/>\n<meta property=\"og:locale\" content=\"az_AZ\" \/>\n<meta property=\"og:type\" content=\"article\" \/>\n<meta property=\"og:title\" content=\"\u018f\u015fyas\u0131z evd\u0259 ya\u015fayan ail\u0259, m\u0259kt\u0259b\u0259 getm\u0259y\u0259 imkan\u0131 olmayan 3 u\u015faq\u2026 - MEYDAN.TV\" \/>\n<meta property=\"og:description\" content=\"G\u00f6y\u00e7ay\u0131n \u015e\u0259k\u0259r k\u0259ndind\u0259 ya\u015fayan bu ail\u0259nin probleml\u0259rini h\u0259ll ed\u0259n yoxdur ... Davam\u0131\" \/>\n<meta property=\"og:url\" content=\"https:\/\/www.meydan.tv\/az\/article\/esyasiz-evde-yasayan-aile-mektebe-getmeye-imkani-olmayan-3-usaq\/\" \/>\n<meta property=\"og:site_name\" content=\"MEYDAN.TV\" \/>\n<meta property=\"article:published_time\" content=\"2022-12-08T11:25:51+00:00\" \/>\n<meta property=\"article:modified_time\" content=\"2022-12-08T11:25:57+00:00\" \/>\n<meta property=\"og:image\" content=\"https:\/\/www.meydan.tv\/wp-content\/uploads\/img-20221204-wa0084.jpg\" \/>\n\t<meta property=\"og:image:width\" content=\"1200\" \/>\n\t<meta property=\"og:image:height\" content=\"538\" \/>\n\t<meta property=\"og:image:type\" content=\"image\/jpeg\" \/>\n<meta name=\"author\" content=\"elli\" \/>\n<meta name=\"twitter:card\" content=\"summary_large_image\" \/>\n<meta name=\"twitter:creator\" content=\"@elli\" \/>\n<script type=\"application\/ld+json\" class=\"yoast-schema-graph\">{\"@context\":\"https:\\\/\\\/schema.org\",\"@graph\":[{\"@type\":\"Article\",\"@id\":\"https:\\\/\\\/www.meydan.tv\\\/az\\\/article\\\/esyasiz-evde-yasayan-aile-mektebe-getmeye-imkani-olmayan-3-usaq\\\/#article\",\"isPartOf\":{\"@id\":\"https:\\\/\\\/www.meydan.tv\\\/az\\\/article\\\/esyasiz-evde-yasayan-aile-mektebe-getmeye-imkani-olmayan-3-usaq\\\/\"},\"author\":{\"name\":\"elli\",\"@id\":\"https:\\\/\\\/www.meydan.tv\\\/az\\\/#\\\/schema\\\/person\\\/9cdbecf90d17180ce1dfbd95b08dcf47\"},\"headline\":\"\u018f\u015fyas\u0131z evd\u0259 ya\u015fayan ail\u0259, m\u0259kt\u0259b\u0259 getm\u0259y\u0259 imkan\u0131 olmayan 3 u\u015faq\u2026\",\"datePublished\":\"2022-12-08T11:25:51+00:00\",\"dateModified\":\"2022-12-08T11:25:57+00:00\",\"mainEntityOfPage\":{\"@id\":\"https:\\\/\\\/www.meydan.tv\\\/az\\\/article\\\/esyasiz-evde-yasayan-aile-mektebe-getmeye-imkani-olmayan-3-usaq\\\/\"},\"wordCount\":1912,\"publisher\":{\"@id\":\"https:\\\/\\\/www.meydan.tv\\\/az\\\/#organization\"},\"image\":{\"@id\":\"https:\\\/\\\/www.meydan.tv\\\/az\\\/article\\\/esyasiz-evde-yasayan-aile-mektebe-getmeye-imkani-olmayan-3-usaq\\\/#primaryimage\"},\"thumbnailUrl\":\"https:\\\/\\\/www.meydan.tv\\\/wp-content\\\/uploads\\\/img-20221204-wa0084.jpg\",\"articleSection\":[\"B\u00f6lg\u0259\",\"T\u00f6vsiy\u0259\",\"X\u0259b\u0259rl\u0259r\"],\"inLanguage\":\"az\"},{\"@type\":\"WebPage\",\"@id\":\"https:\\\/\\\/www.meydan.tv\\\/az\\\/article\\\/esyasiz-evde-yasayan-aile-mektebe-getmeye-imkani-olmayan-3-usaq\\\/\",\"url\":\"https:\\\/\\\/www.meydan.tv\\\/az\\\/article\\\/esyasiz-evde-yasayan-aile-mektebe-getmeye-imkani-olmayan-3-usaq\\\/\",\"name\":\"\u018f\u015fyas\u0131z evd\u0259 ya\u015fayan ail\u0259, m\u0259kt\u0259b\u0259 getm\u0259y\u0259 imkan\u0131 olmayan 3 u\u015faq\u2026 - MEYDAN.TV\",\"isPartOf\":{\"@id\":\"https:\\\/\\\/www.meydan.tv\\\/az\\\/#website\"},\"primaryImageOfPage\":{\"@id\":\"https:\\\/\\\/www.meydan.tv\\\/az\\\/article\\\/esyasiz-evde-yasayan-aile-mektebe-getmeye-imkani-olmayan-3-usaq\\\/#primaryimage\"},\"image\":{\"@id\":\"https:\\\/\\\/www.meydan.tv\\\/az\\\/article\\\/esyasiz-evde-yasayan-aile-mektebe-getmeye-imkani-olmayan-3-usaq\\\/#primaryimage\"},\"thumbnailUrl\":\"https:\\\/\\\/www.meydan.tv\\\/wp-content\\\/uploads\\\/img-20221204-wa0084.jpg\",\"datePublished\":\"2022-12-08T11:25:51+00:00\",\"dateModified\":\"2022-12-08T11:25:57+00:00\",\"breadcrumb\":{\"@id\":\"https:\\\/\\\/www.meydan.tv\\\/az\\\/article\\\/esyasiz-evde-yasayan-aile-mektebe-getmeye-imkani-olmayan-3-usaq\\\/#breadcrumb\"},\"inLanguage\":\"az\",\"potentialAction\":[{\"@type\":\"ReadAction\",\"target\":[\"https:\\\/\\\/www.meydan.tv\\\/az\\\/article\\\/esyasiz-evde-yasayan-aile-mektebe-getmeye-imkani-olmayan-3-usaq\\\/\"]}]},{\"@type\":\"ImageObject\",\"inLanguage\":\"az\",\"@id\":\"https:\\\/\\\/www.meydan.tv\\\/az\\\/article\\\/esyasiz-evde-yasayan-aile-mektebe-getmeye-imkani-olmayan-3-usaq\\\/#primaryimage\",\"url\":\"https:\\\/\\\/www.meydan.tv\\\/wp-content\\\/uploads\\\/img-20221204-wa0084.jpg\",\"contentUrl\":\"https:\\\/\\\/www.meydan.tv\\\/wp-content\\\/uploads\\\/img-20221204-wa0084.jpg\",\"width\":1200,\"height\":538,\"caption\":\"Fotolar: Meydan TV\"},{\"@type\":\"BreadcrumbList\",\"@id\":\"https:\\\/\\\/www.meydan.tv\\\/az\\\/article\\\/esyasiz-evde-yasayan-aile-mektebe-getmeye-imkani-olmayan-3-usaq\\\/#breadcrumb\",\"itemListElement\":[{\"@type\":\"ListItem\",\"position\":1,\"name\":\"Ana s\u0259hif\u0259\",\"item\":\"https:\\\/\\\/www.meydan.tv\\\/az\\\/\"},{\"@type\":\"ListItem\",\"position\":2,\"name\":\"B\u00f6lg\u0259\",\"item\":\"https:\\\/\\\/www.meydan.tv\\\/az\\\/section\\\/bolge\\\/\"},{\"@type\":\"ListItem\",\"position\":3,\"name\":\"\u018f\u015fyas\u0131z evd\u0259 ya\u015fayan ail\u0259, m\u0259kt\u0259b\u0259 getm\u0259y\u0259 imkan\u0131 olmayan 3 u\u015faq\u2026\"}]},{\"@type\":\"WebSite\",\"@id\":\"https:\\\/\\\/www.meydan.tv\\\/az\\\/#website\",\"url\":\"https:\\\/\\\/www.meydan.tv\\\/az\\\/\",\"name\":\"MEYDAN.TV\",\"description\":\"Meydan TV Az\u0259rbaycan\u0131n media m\u0259kan\u0131ndak\u0131 alternativ s\u0259sidir\",\"publisher\":{\"@id\":\"https:\\\/\\\/www.meydan.tv\\\/az\\\/#organization\"},\"potentialAction\":[{\"@type\":\"SearchAction\",\"target\":{\"@type\":\"EntryPoint\",\"urlTemplate\":\"https:\\\/\\\/www.meydan.tv\\\/az\\\/?s={search_term_string}\"},\"query-input\":{\"@type\":\"PropertyValueSpecification\",\"valueRequired\":true,\"valueName\":\"search_term_string\"}}],\"inLanguage\":\"az\"},{\"@type\":\"Organization\",\"@id\":\"https:\\\/\\\/www.meydan.tv\\\/az\\\/#organization\",\"name\":\"Meydan TV\",\"url\":\"https:\\\/\\\/www.meydan.tv\\\/az\\\/\",\"logo\":{\"@type\":\"ImageObject\",\"inLanguage\":\"az\",\"@id\":\"https:\\\/\\\/www.meydan.tv\\\/az\\\/#\\\/schema\\\/logo\\\/image\\\/\",\"url\":\"https:\\\/\\\/www.meydan.tv\\\/wp-content\\\/uploads\\\/2021\\\/07\\\/meydan-logo.svg\",\"contentUrl\":\"https:\\\/\\\/www.meydan.tv\\\/wp-content\\\/uploads\\\/2021\\\/07\\\/meydan-logo.svg\",\"width\":195,\"height\":46,\"caption\":\"Meydan TV\"},\"image\":{\"@id\":\"https:\\\/\\\/www.meydan.tv\\\/az\\\/#\\\/schema\\\/logo\\\/image\\\/\"}},{\"@type\":\"Person\",\"@id\":\"https:\\\/\\\/www.meydan.tv\\\/az\\\/#\\\/schema\\\/person\\\/9cdbecf90d17180ce1dfbd95b08dcf47\",\"name\":\"elli\",\"sameAs\":[\"https:\\\/\\\/x.com\\\/elli\"]}]}<\/script>\n<!-- \/ Yoast SEO plugin. -->","yoast_head_json":{"title":"\u018f\u015fyas\u0131z evd\u0259 ya\u015fayan ail\u0259, m\u0259kt\u0259b\u0259 getm\u0259y\u0259 imkan\u0131 olmayan 3 u\u015faq\u2026 - MEYDAN.TV","robots":{"index":"index","follow":"follow","max-snippet":"max-snippet:-1","max-image-preview":"max-image-preview:large","max-video-preview":"max-video-preview:-1"},"canonical":"https:\/\/www.meydan.tv\/az\/article\/esyasiz-evde-yasayan-aile-mektebe-getmeye-imkani-olmayan-3-usaq\/","og_locale":"az_AZ","og_type":"article","og_title":"\u018f\u015fyas\u0131z evd\u0259 ya\u015fayan ail\u0259, m\u0259kt\u0259b\u0259 getm\u0259y\u0259 imkan\u0131 olmayan 3 u\u015faq\u2026 - MEYDAN.TV","og_description":"G\u00f6y\u00e7ay\u0131n \u015e\u0259k\u0259r k\u0259ndind\u0259 ya\u015fayan bu ail\u0259nin probleml\u0259rini h\u0259ll ed\u0259n yoxdur ... Davam\u0131","og_url":"https:\/\/www.meydan.tv\/az\/article\/esyasiz-evde-yasayan-aile-mektebe-getmeye-imkani-olmayan-3-usaq\/","og_site_name":"MEYDAN.TV","article_published_time":"2022-12-08T11:25:51+00:00","article_modified_time":"2022-12-08T11:25:57+00:00","og_image":[{"width":1200,"height":538,"url":"https:\/\/www.meydan.tv\/wp-content\/uploads\/img-20221204-wa0084.jpg","type":"image\/jpeg"}],"author":"elli","twitter_card":"summary_large_image","twitter_creator":"@elli","schema":{"@context":"https:\/\/schema.org","@graph":[{"@type":"Article","@id":"https:\/\/www.meydan.tv\/az\/article\/esyasiz-evde-yasayan-aile-mektebe-getmeye-imkani-olmayan-3-usaq\/#article","isPartOf":{"@id":"https:\/\/www.meydan.tv\/az\/article\/esyasiz-evde-yasayan-aile-mektebe-getmeye-imkani-olmayan-3-usaq\/"},"author":{"name":"elli","@id":"https:\/\/www.meydan.tv\/az\/#\/schema\/person\/9cdbecf90d17180ce1dfbd95b08dcf47"},"headline":"\u018f\u015fyas\u0131z evd\u0259 ya\u015fayan ail\u0259, m\u0259kt\u0259b\u0259 getm\u0259y\u0259 imkan\u0131 olmayan 3 u\u015faq\u2026","datePublished":"2022-12-08T11:25:51+00:00","dateModified":"2022-12-08T11:25:57+00:00","mainEntityOfPage":{"@id":"https:\/\/www.meydan.tv\/az\/article\/esyasiz-evde-yasayan-aile-mektebe-getmeye-imkani-olmayan-3-usaq\/"},"wordCount":1912,"publisher":{"@id":"https:\/\/www.meydan.tv\/az\/#organization"},"image":{"@id":"https:\/\/www.meydan.tv\/az\/article\/esyasiz-evde-yasayan-aile-mektebe-getmeye-imkani-olmayan-3-usaq\/#primaryimage"},"thumbnailUrl":"https:\/\/www.meydan.tv\/wp-content\/uploads\/img-20221204-wa0084.jpg","articleSection":["B\u00f6lg\u0259","T\u00f6vsiy\u0259","X\u0259b\u0259rl\u0259r"],"inLanguage":"az"},{"@type":"WebPage","@id":"https:\/\/www.meydan.tv\/az\/article\/esyasiz-evde-yasayan-aile-mektebe-getmeye-imkani-olmayan-3-usaq\/","url":"https:\/\/www.meydan.tv\/az\/article\/esyasiz-evde-yasayan-aile-mektebe-getmeye-imkani-olmayan-3-usaq\/","name":"\u018f\u015fyas\u0131z evd\u0259 ya\u015fayan ail\u0259, m\u0259kt\u0259b\u0259 getm\u0259y\u0259 imkan\u0131 olmayan 3 u\u015faq\u2026 - MEYDAN.TV","isPartOf":{"@id":"https:\/\/www.meydan.tv\/az\/#website"},"primaryImageOfPage":{"@id":"https:\/\/www.meydan.tv\/az\/article\/esyasiz-evde-yasayan-aile-mektebe-getmeye-imkani-olmayan-3-usaq\/#primaryimage"},"image":{"@id":"https:\/\/www.meydan.tv\/az\/article\/esyasiz-evde-yasayan-aile-mektebe-getmeye-imkani-olmayan-3-usaq\/#primaryimage"},"thumbnailUrl":"https:\/\/www.meydan.tv\/wp-content\/uploads\/img-20221204-wa0084.jpg","datePublished":"2022-12-08T11:25:51+00:00","dateModified":"2022-12-08T11:25:57+00:00","breadcrumb":{"@id":"https:\/\/www.meydan.tv\/az\/article\/esyasiz-evde-yasayan-aile-mektebe-getmeye-imkani-olmayan-3-usaq\/#breadcrumb"},"inLanguage":"az","potentialAction":[{"@type":"ReadAction","target":["https:\/\/www.meydan.tv\/az\/article\/esyasiz-evde-yasayan-aile-mektebe-getmeye-imkani-olmayan-3-usaq\/"]}]},{"@type":"ImageObject","inLanguage":"az","@id":"https:\/\/www.meydan.tv\/az\/article\/esyasiz-evde-yasayan-aile-mektebe-getmeye-imkani-olmayan-3-usaq\/#primaryimage","url":"https:\/\/www.meydan.tv\/wp-content\/uploads\/img-20221204-wa0084.jpg","contentUrl":"https:\/\/www.meydan.tv\/wp-content\/uploads\/img-20221204-wa0084.jpg","width":1200,"height":538,"caption":"Fotolar: Meydan TV"},{"@type":"BreadcrumbList","@id":"https:\/\/www.meydan.tv\/az\/article\/esyasiz-evde-yasayan-aile-mektebe-getmeye-imkani-olmayan-3-usaq\/#breadcrumb","itemListElement":[{"@type":"ListItem","position":1,"name":"Ana s\u0259hif\u0259","item":"https:\/\/www.meydan.tv\/az\/"},{"@type":"ListItem","position":2,"name":"B\u00f6lg\u0259","item":"https:\/\/www.meydan.tv\/az\/section\/bolge\/"},{"@type":"ListItem","position":3,"name":"\u018f\u015fyas\u0131z evd\u0259 ya\u015fayan ail\u0259, m\u0259kt\u0259b\u0259 getm\u0259y\u0259 imkan\u0131 olmayan 3 u\u015faq\u2026"}]},{"@type":"WebSite","@id":"https:\/\/www.meydan.tv\/az\/#website","url":"https:\/\/www.meydan.tv\/az\/","name":"MEYDAN.TV","description":"Meydan TV Az\u0259rbaycan\u0131n media m\u0259kan\u0131ndak\u0131 alternativ s\u0259sidir","publisher":{"@id":"https:\/\/www.meydan.tv\/az\/#organization"},"potentialAction":[{"@type":"SearchAction","target":{"@type":"EntryPoint","urlTemplate":"https:\/\/www.meydan.tv\/az\/?s={search_term_string}"},"query-input":{"@type":"PropertyValueSpecification","valueRequired":true,"valueName":"search_term_string"}}],"inLanguage":"az"},{"@type":"Organization","@id":"https:\/\/www.meydan.tv\/az\/#organization","name":"Meydan TV","url":"https:\/\/www.meydan.tv\/az\/","logo":{"@type":"ImageObject","inLanguage":"az","@id":"https:\/\/www.meydan.tv\/az\/#\/schema\/logo\/image\/","url":"https:\/\/www.meydan.tv\/wp-content\/uploads\/2021\/07\/meydan-logo.svg","contentUrl":"https:\/\/www.meydan.tv\/wp-content\/uploads\/2021\/07\/meydan-logo.svg","width":195,"height":46,"caption":"Meydan TV"},"image":{"@id":"https:\/\/www.meydan.tv\/az\/#\/schema\/logo\/image\/"}},{"@type":"Person","@id":"https:\/\/www.meydan.tv\/az\/#\/schema\/person\/9cdbecf90d17180ce1dfbd95b08dcf47","name":"elli","sameAs":["https:\/\/x.com\/elli"]}]}},"_links":{"self":[{"href":"https:\/\/www.meydan.tv\/az\/wp-json\/wp\/v2\/posts\/262874","targetHints":{"allow":["GET"]}}],"collection":[{"href":"https:\/\/www.meydan.tv\/az\/wp-json\/wp\/v2\/posts"}],"about":[{"href":"https:\/\/www.meydan.tv\/az\/wp-json\/wp\/v2\/types\/post"}],"author":[{"embeddable":true,"href":"https:\/\/www.meydan.tv\/az\/wp-json\/wp\/v2\/users\/8"}],"replies":[{"embeddable":true,"href":"https:\/\/www.meydan.tv\/az\/wp-json\/wp\/v2\/comments?post=262874"}],"version-history":[{"count":1,"href":"https:\/\/www.meydan.tv\/az\/wp-json\/wp\/v2\/posts\/262874\/revisions"}],"predecessor-version":[{"id":262875,"href":"https:\/\/www.meydan.tv\/az\/wp-json\/wp\/v2\/posts\/262874\/revisions\/262875"}],"wp:featuredmedia":[{"embeddable":true,"href":"https:\/\/www.meydan.tv\/az\/wp-json\/wp\/v2\/media\/262865"}],"wp:attachment":[{"href":"https:\/\/www.meydan.tv\/az\/wp-json\/wp\/v2\/media?parent=262874"}],"wp:term":[{"taxonomy":"category","embeddable":true,"href":"https:\/\/www.meydan.tv\/az\/wp-json\/wp\/v2\/categories?post=262874"},{"taxonomy":"post_tag","embeddable":true,"href":"https:\/\/www.meydan.tv\/az\/wp-json\/wp\/v2\/tags?post=262874"}],"curies":[{"name":"wp","href":"https:\/\/api.w.org\/{rel}","templated":true}]}}