{"id":262693,"date":"2022-12-06T17:03:38","date_gmt":"2022-12-06T13:03:38","guid":{"rendered":"https:\/\/www.meydan.tv\/?p=262693"},"modified":"2022-12-06T17:03:40","modified_gmt":"2022-12-06T13:03:40","slug":"cereke-sakini-belediyye-barama-teserrufati-qurdugum-torpagi-elimden-alir","status":"publish","type":"post","link":"https:\/\/www.meydan.tv\/az\/article\/cereke-sakini-belediyye-barama-teserrufati-qurdugum-torpagi-elimden-alir\/","title":{"rendered":"\u00c7\u0259r\u0259k\u0259 sakini: \u201cB\u0259l\u0259diyy\u0259 barama t\u0259s\u0259rr\u00fcfat\u0131 qurdu\u011fum torpa\u011f\u0131 \u0259limd\u0259n al\u0131r\u201d"},"content":{"rendered":"\n<p><\/p>\n\n\n\n<p><em>Birinci qrup \u0259lilliyi olan k\u0259ndli deyir ki, vaxtil\u0259 r\u00fc\u015fv\u0259t verm\u0259y\u0259 pulu olmad\u0131\u011f\u0131 \u00fc\u00e7\u00fcn h\u0259min torpa\u011f\u0131 s\u0259n\u0259dl\u0259\u015fdir\u0259 bilm\u0259yib<\/em><\/p>\n\n\n\n<p>\u201cBir aya yax\u0131nd\u0131r ki, b\u0259l\u0259diyy\u0259 s\u0259dri m\u0259nd\u0259n torpa\u011f\u0131n 3 hektar\u0131n\u0131 bo\u015faltma\u011f\u0131 t\u0259l\u0259b edir. Uzun ill\u0259r \u00e7al\u0131\u015f\u0131b, m\u00fcnbit \u015f\u0259rait\u0259 \u00e7atd\u0131rd\u0131\u011f\u0131m v\u0259 2000 min \u0259d\u0259d tut a\u011fac\u0131 tingi \u0259kdiyim, barama\u00e7\u0131l\u0131q t\u0259s\u0259rr\u00fcfat\u0131 qurdu\u011fum sah\u0259ni \u0259limd\u0259n al\u0131b ba\u015fqalar\u0131na satmaq ist\u0259yir. M\u0259n sa\u011flaml\u0131\u011f\u0131m\u0131, ill\u0259rimi qoydu\u011fum o sah\u0259d\u0259n 2 ildir ki, h\u0259m ip\u0259k\u00e7iliy\u0259 t\u00f6hf\u0259 verir\u0259m, h\u0259m d\u0259 ail\u0259mi doland\u0131r\u0131ram. Sah\u0259d\u0259n h\u0259r d\u0259f\u0259 100 kiloqramdan \u00e7ox barama y\u0131\u011f\u0131ram\u201d.<\/p>\n\n\n\n<p>G\u00f6y\u00e7ay\u0131n \u00c7\u0259r\u0259k\u0259 k\u0259nd sakini \u015eahbuz Mustafayev bel\u0259 deyir. Birinci qrup \u0259lilliyi olan bu \u015f\u0259xs Meydan TV-y\u0259 dan\u0131\u015f\u0131r ki, k\u0259ndin rayon m\u0259rk\u0259zin\u0259 yax\u0131n hiss\u0259sind\u0259 \u00fcmumi sah\u0259si 5,80 hektar \u015foran torpa\u011f\u0131 18 il \u0259ziyy\u0259t \u00e7\u0259km\u0259kl\u0259 \u0259kin\u0259 m\u00fcnbit v\u0259ziyy\u0259t\u0259 g\u0259tirib. Faktiki istifad\u0259sind\u0259 olan torpaq sah\u0259si m\u00fcnbit v\u0259ziyy\u0259t\u0259 \u00e7atanda \u00c7ind\u0259n g\u0259tirilmi\u015f v\u0259 yerli tingl\u0259rd\u0259n ibar\u0259t g\u0259r ba\u011f\u0131 sal\u0131b. Bel\u0259likl\u0259 d\u0259, h\u0259r il k\u0259nd sakinl\u0259ri aras\u0131nda \u0259n \u00e7ox barama istehsal\u0131 il\u0259 m\u0259\u015f\u011ful olanlardan birin\u0259 \u00e7evrilib. Deyir, indi k\u0259ndin b\u0259l\u0259diyy\u0259 s\u0259dri bu ba\u011f\u0131n bir hiss\u0259sini \u0259lind\u0259n almaq ist\u0259yir:<\/p>\n\n\n\n<p>\u201cSah\u0259nin b\u00f6y\u00fck hiss\u0259sini \u0259limd\u0259n al\u0131b, ba\u015fqalar\u0131na satmaq ist\u0259yir. Halbuki, m\u0259n orda barama\u00e7\u0131l\u0131q i\u015fi qurmu\u015fam. \u0130p\u0259k\u00e7iliy\u0259 \u00f6z t\u00f6hf\u0259mi verm\u0259kl\u0259 m\u0259\u015f\u011fulam. Prezidentimiz ip\u0259k\u00e7iliyin inki\u015faf\u0131ndan, barama istehsal\u0131yla ba\u011fl\u0131 \u0259halinin m\u0259\u015f\u011fullu\u011funu art\u0131rmaqdan, mara\u011f\u0131n\u0131 g\u00fccl\u0259ndirm\u0259kd\u0259n dan\u0131\u015fd\u0131\u011f\u0131 bir vaxtda bir k\u0259nd b\u0259l\u0259diyy\u0259sinin s\u0259dri \u00f6z maraqlar\u0131 \u00fc\u00e7\u00fcn o boyda barama\u00e7\u0131l\u0131q t\u0259s\u0259rr\u00fcfat\u0131n\u0131 nec\u0259 yox ed\u0259 bil\u0259r? \u0130ll\u0259rl\u0259 \u0259ziyy\u0259t \u00e7\u0259kib, balalar\u0131m\u0131n bo\u011faz\u0131ndan k\u0259sib, o 5 hektar torpa\u011f\u0131 m\u00fcnbitl\u0259\u015fdirmi\u015f\u0259m ki, kims\u0259 \u00fcz\u0259rind\u0259 alver qursun? Prezident deyir, barama istehsal\u0131 il\u0259 m\u0259\u015f\u011ful olan \u015f\u0259xsl\u0259r\u0259 barama emal\u0131 v\u0259 ip\u0259k istehsal\u0131 \u00fc\u00e7\u00fcn d\u00f6vl\u0259t t\u0259r\u0259find\u0259n \u015f\u0259rait yarad\u0131l\u0131r. Ancaq \u00c7\u0259r\u0259k\u0259d\u0259 b\u0259l\u0259diyy\u0259 s\u0259dri faktiki istifad\u0259md\u0259 olan torpaq sah\u0259sind\u0259n s\u0259m\u0259r\u0259li \u015f\u0259kild\u0259 istifad\u0259 etm\u0259yim\u0259 imkan vermir. B\u0259l\u0259diyy\u0259 s\u0259drinin m\u0259ni zorla torpa\u011f\u0131mdan \u00e7\u0131xarmas\u0131, \u0259zab-\u0259ziyy\u0259tl\u0259 yoxluqdan-varl\u0131\u011fa g\u0259tirib \u00e7atd\u0131rd\u0131\u011f\u0131m yeri \u0259limd\u0259n alma\u011fa \u00e7al\u0131\u015fmas\u0131 \u0259dal\u0259t prinsipini he\u00e7\u0259 saymaq dem\u0259kdir. A\u00e7\u0131q-a\u015fkar \u00f6z v\u0259zif\u0259 s\u0259lahiyy\u0259tl\u0259rind\u0259n sui-istifad\u0259 edir\u201d.<\/p>\n\n\n\n<p>\u00c7\u0259r\u0259k\u0259 K\u0259nd B\u0259l\u0259diyy\u0259sind\u0259n Meydan TV-y\u0259 bildirilib ki, \u015eahbuz Mustafayev b\u0259l\u0259diyy\u0259nin balans\u0131nda olan torpaq sah\u0259sini z\u0259bt edib. Ona bildirilib ki, ba\u015fqa k\u0259ndlil\u0259r d\u0259 t\u0259s\u0259rr\u00fcfatla m\u0259\u015f\u011ful olmal\u0131d\u0131r v\u0259 torpaq \u00e7at\u0131\u015fmazl\u0131\u011f\u0131 var. 5 hektar 80 sot \u0259razinin 3 hektar\u0131n\u0131 bo\u015faltmas\u0131 t\u0259klif olunub.<\/p>\n\n\n\n<p>Torpaq sat\u0131\u015f\u0131na g\u0259linc\u0259, k\u0259nd b\u0259l\u0259diyy\u0259sind\u0259n bildirilib ki, b\u0259l\u0259diyy\u0259l\u0259rin torpaq sat\u0131\u015f\u0131yla m\u0259\u015f\u011ful olmas\u0131 2007-ci ild\u0259n qanunla qada\u011fan olundu\u011funa g\u00f6r\u0259, v\u0259t\u0259nda\u015f\u0131n dedikl\u0259ri h\u0259qiq\u0259ti \u0259ks etdirmir.<\/p>\n\n\n\n<figure class=\"wp-block-image size-large\"><img decoding=\"async\" width=\"1200\" height=\"539\" data-src=\"https:\/\/www.meydan.tv\/wp-content\/uploads\/photo-2022-12-06-15-53-44-1200x539.jpg\" alt=\"\" class=\"wp-image-262695 lazyload\" src=\"data:image\/svg+xml;base64,PHN2ZyB3aWR0aD0iMSIgaGVpZ2h0PSIxIiB4bWxucz0iaHR0cDovL3d3dy53My5vcmcvMjAwMC9zdmciPjwvc3ZnPg==\" style=\"--smush-placeholder-width: 1200px; --smush-placeholder-aspect-ratio: 1200\/539;\" \/><\/figure>\n\n\n\n<p>\u015eahbuz Mustafayev deyir, torpaqdan qanuni istifad\u0259y\u0259 imkan yaradan s\u0259n\u0259dl\u0259ri \u0259ld\u0259 etm\u0259k \u00fc\u00e7\u00fcn d\u0259f\u0259l\u0259rl\u0259 \u0259vv\u0259lki v\u0259 indiki b\u0259l\u0259diyy\u0259y\u0259 m\u00fcraci\u0259t edib:<\/p>\n\n\n\n<p>\u201cDediyim kimi, bu torpaq yarars\u0131z idi, he\u00e7 kim istifad\u0259 etmirdi, g\u00f6t\u00fcr\u00fcb, 18 il \u0259rzind\u0259 \u015forandan t\u0259mizl\u0259mi\u015f\u0259m, yumu\u015fam, yararl\u0131 v\u0259ziyy\u0259t\u0259 g\u0259tirmi\u015f\u0259m. \u0130ll\u0259rl\u0259 b\u0259l\u0259diyy\u0259nin qap\u0131s\u0131nda qalm\u0131\u015fam ki, bir par\u00e7a ka\u011f\u0131z ala bilim, ist\u0259dikl\u0259ri r\u00fc\u015fv\u0259ti verm\u0259y\u0259 g\u00fcc\u00fcm \u00e7atmay\u0131b. \u0130ndiki b\u0259l\u0259diyy\u0259 d\u0259 \u0259limizd\u0259n al\u0131b, ba\u015fqas\u0131na satmaq ist\u0259yir. Yolda\u015f\u0131m x\u0259r\u00e7\u0259ngd\u0259n d\u00fcnyas\u0131n\u0131 d\u0259yi\u015fib. \u00d6z\u00fcm yataq x\u0259st\u0259siy\u0259m, zorla aya\u011fa qalx\u0131b, g\u0259lib torpa\u011fa ba\u015f \u00e7\u0259kir\u0259m. Birinci qrup \u0259lil\u0259m, olan-qalan sa\u011flaml\u0131\u011f\u0131m\u0131 da bu torpa\u011f\u0131 dir\u00e7\u0259ltm\u0259yin yolunda itirmi\u015f\u0259m. H\u0259r d\u0259f\u0259 ev\u0259 x\u0259b\u0259r g\u0259l\u0259nd\u0259 ki, yen\u0259 torpa\u011fa giribl\u0259r, tingl\u0259rin m\u0259hv edil\u0259c\u0259yini d\u00fc\u015f\u00fcn\u00fcb h\u0259y\u0259can ke\u00e7irir\u0259m. Ba\u015fqa yerd\u0259n g\u0259lirim yoxdur. Ora m\u0259nim balalar\u0131m\u0131z\u0131n son \u00e7\u00f6r\u0259k yeridir\u201d.<\/p>\n\n\n\n<p>\u015eahbuz Mustafayev deyir, torpa\u011f\u0131n yax\u0131nl\u0131\u011f\u0131ndak\u0131 \u0259razil\u0259r d\u0259 qanunsuz istifad\u0259 olunur, ancaq n\u0259d\u0259ns\u0259, b\u0259l\u0259diyy\u0259 buna g\u00f6z yumur:<\/p>\n\n\n\n<p>\u201cTorpa\u011f\u0131m\u0131n qon\u015fulu\u011fundak\u0131 b\u00fct\u00fcn torpaqlar s\u0259n\u0259dsiz, faktiki istifad\u0259d\u0259dir. M\u0259murlar, v\u0259zif\u0259lil\u0259r b\u00fct\u00fcn torpaqlar\u0131 z\u0259bt edib, xeyrini g\u00f6r\u00fcr. B\u0259l\u0259diyy\u0259, icra hakimiyy\u0259ti yaln\u0131z m\u0259nim kimi k\u00f6m\u0259ksiz, \u0259lill\u0259rin torpaqlar\u0131n\u0131 g\u00f6r\u00fcr, onlar\u0131 yox\u2026 M\u0259n b\u00fct\u00fcn sa\u011flaml\u0131\u011f\u0131m\u0131, pulumu qoyub, orada barama\u00e7\u0131l\u0131q t\u0259s\u0259rr\u00fcfat\u0131 yaratm\u0131\u015fam, iki mind\u0259n \u00e7ox a\u011fac \u0259kmi\u015f\u0259m. Bunu nec\u0259 m\u0259hv etm\u0259k olar? \u018fg\u0259r b\u0259l\u0259diyy\u0259 s\u0259dri torpa\u011f\u0131 olmayanlar\u0131 b\u0259han\u0259 g\u0259tirib m\u0259nim t\u0259s\u0259rr\u00fcfat\u0131m\u0131 m\u0259hv etm\u0259k ist\u0259yirs\u0259, \u0259vv\u0259lc\u0259 \u0259l saxlas\u0131n, bel\u0259 \u00fcr\u0259yi yanand\u0131rsa, el\u0259 \u00f6z istifad\u0259sind\u0259ki 3 hektar tor\u011faq sah\u0259sini b\u00f6l\u00fc\u015fd\u00fcrs\u00fcn, \u00fc\u00e7 villas\u0131n\u0131 sat\u0131b, k\u00f6m\u0259k el\u0259sin. Bu torpaq is\u0259 m\u0259nim v\u0259 ail\u0259min yegan\u0259 dolan\u0131\u015f\u0131q yeridir. Gedib orda \u00f6z\u00fcm\u00fc d\u0259, o baramalar\u0131 da yand\u0131raram, b\u0259l\u0259diyy\u0259 s\u0259drin\u0259 verm\u0259r\u0259m\u201d.<\/p>\n\n\n\n<p>Barama\u00e7\u0131n\u0131n ist\u0259diyi odur ki, barama qurdu yeti\u015fdirdiyi sah\u0259 s\u0259n\u0259dl\u0259\u015fdirilsin v\u0259 \u0259lind\u0259n al\u0131nmas\u0131n.<\/p>\n","protected":false},"excerpt":{"rendered":"<p>Birinci qrup \u0259lilliyi olan k\u0259ndli deyir ki, vaxtil\u0259 r\u00fc\u015fv\u0259t verm\u0259y\u0259 &#8230; <\/p>\n<p class=\"read-more-container\"><a title=\"\u00c7\u0259r\u0259k\u0259 sakini: \u201cB\u0259l\u0259diyy\u0259 barama t\u0259s\u0259rr\u00fcfat\u0131 qurdu\u011fum torpa\u011f\u0131 \u0259limd\u0259n al\u0131r\u201d\" class=\"read-more button\" href=\"https:\/\/www.meydan.tv\/az\/article\/cereke-sakini-belediyye-barama-teserrufati-qurdugum-torpagi-elimden-alir\/#more-262693\" aria-label=\"Read more about \u00c7\u0259r\u0259k\u0259 sakini: \u201cB\u0259l\u0259diyy\u0259 barama t\u0259s\u0259rr\u00fcfat\u0131 qurdu\u011fum torpa\u011f\u0131 \u0259limd\u0259n al\u0131r\u201d\">Davam\u0131<\/a><\/p>\n","protected":false},"author":8,"featured_media":262699,"comment_status":"closed","ping_status":"closed","sticky":false,"template":"","format":"standard","meta":{"_acf_changed":false,"_sitemap_exclude":false,"_sitemap_priority":"","_sitemap_frequency":"","footnotes":""},"categories":[60,79,56],"tags":[],"class_list":["post-262693","post","type-post","status-publish","format-standard","has-post-thumbnail","hentry","category-bolge","category-featured","category-xeberler","infinite-scroll-item","generate-columns","tablet-grid-50","mobile-grid-100","grid-parent","grid-33","no-featured-image-padding"],"acf":[],"yoast_head":"<!-- This site is optimized with the Yoast SEO plugin v27.5 - https:\/\/yoast.com\/product\/yoast-seo-wordpress\/ -->\n<title>\u00c7\u0259r\u0259k\u0259 sakini: \u201cB\u0259l\u0259diyy\u0259 barama t\u0259s\u0259rr\u00fcfat\u0131 qurdu\u011fum torpa\u011f\u0131 \u0259limd\u0259n al\u0131r\u201d - MEYDAN.TV<\/title>\n<meta name=\"robots\" content=\"index, follow, max-snippet:-1, max-image-preview:large, max-video-preview:-1\" \/>\n<link rel=\"canonical\" href=\"https:\/\/www.meydan.tv\/az\/article\/cereke-sakini-belediyye-barama-teserrufati-qurdugum-torpagi-elimden-alir\/\" \/>\n<meta property=\"og:locale\" content=\"az_AZ\" \/>\n<meta property=\"og:type\" content=\"article\" \/>\n<meta property=\"og:title\" content=\"\u00c7\u0259r\u0259k\u0259 sakini: \u201cB\u0259l\u0259diyy\u0259 barama t\u0259s\u0259rr\u00fcfat\u0131 qurdu\u011fum torpa\u011f\u0131 \u0259limd\u0259n al\u0131r\u201d - MEYDAN.TV\" \/>\n<meta property=\"og:description\" content=\"Birinci qrup \u0259lilliyi olan k\u0259ndli deyir ki, vaxtil\u0259 r\u00fc\u015fv\u0259t verm\u0259y\u0259 ... Davam\u0131\" \/>\n<meta property=\"og:url\" content=\"https:\/\/www.meydan.tv\/az\/article\/cereke-sakini-belediyye-barama-teserrufati-qurdugum-torpagi-elimden-alir\/\" \/>\n<meta property=\"og:site_name\" content=\"MEYDAN.TV\" \/>\n<meta property=\"article:published_time\" content=\"2022-12-06T13:03:38+00:00\" \/>\n<meta property=\"article:modified_time\" content=\"2022-12-06T13:03:40+00:00\" \/>\n<meta property=\"og:image\" content=\"https:\/\/www.meydan.tv\/wp-content\/uploads\/photo-2022-12-06-15-53-44-1-e1670331761132.jpg\" \/>\n\t<meta property=\"og:image:width\" content=\"1280\" \/>\n\t<meta property=\"og:image:height\" content=\"416\" \/>\n\t<meta property=\"og:image:type\" content=\"image\/jpeg\" \/>\n<meta name=\"author\" content=\"elli\" \/>\n<meta name=\"twitter:card\" content=\"summary_large_image\" \/>\n<meta name=\"twitter:creator\" content=\"@elli\" \/>\n<script type=\"application\/ld+json\" class=\"yoast-schema-graph\">{\"@context\":\"https:\\\/\\\/schema.org\",\"@graph\":[{\"@type\":\"Article\",\"@id\":\"https:\\\/\\\/www.meydan.tv\\\/az\\\/article\\\/cereke-sakini-belediyye-barama-teserrufati-qurdugum-torpagi-elimden-alir\\\/#article\",\"isPartOf\":{\"@id\":\"https:\\\/\\\/www.meydan.tv\\\/az\\\/article\\\/cereke-sakini-belediyye-barama-teserrufati-qurdugum-torpagi-elimden-alir\\\/\"},\"author\":{\"name\":\"elli\",\"@id\":\"https:\\\/\\\/www.meydan.tv\\\/az\\\/#\\\/schema\\\/person\\\/9cdbecf90d17180ce1dfbd95b08dcf47\"},\"headline\":\"\u00c7\u0259r\u0259k\u0259 sakini: \u201cB\u0259l\u0259diyy\u0259 barama t\u0259s\u0259rr\u00fcfat\u0131 qurdu\u011fum torpa\u011f\u0131 \u0259limd\u0259n al\u0131r\u201d\",\"datePublished\":\"2022-12-06T13:03:38+00:00\",\"dateModified\":\"2022-12-06T13:03:40+00:00\",\"mainEntityOfPage\":{\"@id\":\"https:\\\/\\\/www.meydan.tv\\\/az\\\/article\\\/cereke-sakini-belediyye-barama-teserrufati-qurdugum-torpagi-elimden-alir\\\/\"},\"wordCount\":1047,\"publisher\":{\"@id\":\"https:\\\/\\\/www.meydan.tv\\\/az\\\/#organization\"},\"image\":{\"@id\":\"https:\\\/\\\/www.meydan.tv\\\/az\\\/article\\\/cereke-sakini-belediyye-barama-teserrufati-qurdugum-torpagi-elimden-alir\\\/#primaryimage\"},\"thumbnailUrl\":\"https:\\\/\\\/www.meydan.tv\\\/wp-content\\\/uploads\\\/photo-2022-12-06-15-53-44-1-e1670331761132.jpg\",\"articleSection\":[\"B\u00f6lg\u0259\",\"T\u00f6vsiy\u0259\",\"X\u0259b\u0259rl\u0259r\"],\"inLanguage\":\"az\"},{\"@type\":\"WebPage\",\"@id\":\"https:\\\/\\\/www.meydan.tv\\\/az\\\/article\\\/cereke-sakini-belediyye-barama-teserrufati-qurdugum-torpagi-elimden-alir\\\/\",\"url\":\"https:\\\/\\\/www.meydan.tv\\\/az\\\/article\\\/cereke-sakini-belediyye-barama-teserrufati-qurdugum-torpagi-elimden-alir\\\/\",\"name\":\"\u00c7\u0259r\u0259k\u0259 sakini: \u201cB\u0259l\u0259diyy\u0259 barama t\u0259s\u0259rr\u00fcfat\u0131 qurdu\u011fum torpa\u011f\u0131 \u0259limd\u0259n al\u0131r\u201d - MEYDAN.TV\",\"isPartOf\":{\"@id\":\"https:\\\/\\\/www.meydan.tv\\\/az\\\/#website\"},\"primaryImageOfPage\":{\"@id\":\"https:\\\/\\\/www.meydan.tv\\\/az\\\/article\\\/cereke-sakini-belediyye-barama-teserrufati-qurdugum-torpagi-elimden-alir\\\/#primaryimage\"},\"image\":{\"@id\":\"https:\\\/\\\/www.meydan.tv\\\/az\\\/article\\\/cereke-sakini-belediyye-barama-teserrufati-qurdugum-torpagi-elimden-alir\\\/#primaryimage\"},\"thumbnailUrl\":\"https:\\\/\\\/www.meydan.tv\\\/wp-content\\\/uploads\\\/photo-2022-12-06-15-53-44-1-e1670331761132.jpg\",\"datePublished\":\"2022-12-06T13:03:38+00:00\",\"dateModified\":\"2022-12-06T13:03:40+00:00\",\"breadcrumb\":{\"@id\":\"https:\\\/\\\/www.meydan.tv\\\/az\\\/article\\\/cereke-sakini-belediyye-barama-teserrufati-qurdugum-torpagi-elimden-alir\\\/#breadcrumb\"},\"inLanguage\":\"az\",\"potentialAction\":[{\"@type\":\"ReadAction\",\"target\":[\"https:\\\/\\\/www.meydan.tv\\\/az\\\/article\\\/cereke-sakini-belediyye-barama-teserrufati-qurdugum-torpagi-elimden-alir\\\/\"]}]},{\"@type\":\"ImageObject\",\"inLanguage\":\"az\",\"@id\":\"https:\\\/\\\/www.meydan.tv\\\/az\\\/article\\\/cereke-sakini-belediyye-barama-teserrufati-qurdugum-torpagi-elimden-alir\\\/#primaryimage\",\"url\":\"https:\\\/\\\/www.meydan.tv\\\/wp-content\\\/uploads\\\/photo-2022-12-06-15-53-44-1-e1670331761132.jpg\",\"contentUrl\":\"https:\\\/\\\/www.meydan.tv\\\/wp-content\\\/uploads\\\/photo-2022-12-06-15-53-44-1-e1670331761132.jpg\",\"width\":1280,\"height\":416,\"caption\":\"\u015eahbuz Mustafayev. Fotolar: Meydan TV\"},{\"@type\":\"BreadcrumbList\",\"@id\":\"https:\\\/\\\/www.meydan.tv\\\/az\\\/article\\\/cereke-sakini-belediyye-barama-teserrufati-qurdugum-torpagi-elimden-alir\\\/#breadcrumb\",\"itemListElement\":[{\"@type\":\"ListItem\",\"position\":1,\"name\":\"Ana s\u0259hif\u0259\",\"item\":\"https:\\\/\\\/www.meydan.tv\\\/az\\\/\"},{\"@type\":\"ListItem\",\"position\":2,\"name\":\"B\u00f6lg\u0259\",\"item\":\"https:\\\/\\\/www.meydan.tv\\\/az\\\/section\\\/bolge\\\/\"},{\"@type\":\"ListItem\",\"position\":3,\"name\":\"\u00c7\u0259r\u0259k\u0259 sakini: \u201cB\u0259l\u0259diyy\u0259 barama t\u0259s\u0259rr\u00fcfat\u0131 qurdu\u011fum torpa\u011f\u0131 \u0259limd\u0259n al\u0131r\u201d\"}]},{\"@type\":\"WebSite\",\"@id\":\"https:\\\/\\\/www.meydan.tv\\\/az\\\/#website\",\"url\":\"https:\\\/\\\/www.meydan.tv\\\/az\\\/\",\"name\":\"MEYDAN.TV\",\"description\":\"Meydan TV Az\u0259rbaycan\u0131n media m\u0259kan\u0131ndak\u0131 alternativ s\u0259sidir\",\"publisher\":{\"@id\":\"https:\\\/\\\/www.meydan.tv\\\/az\\\/#organization\"},\"potentialAction\":[{\"@type\":\"SearchAction\",\"target\":{\"@type\":\"EntryPoint\",\"urlTemplate\":\"https:\\\/\\\/www.meydan.tv\\\/az\\\/?s={search_term_string}\"},\"query-input\":{\"@type\":\"PropertyValueSpecification\",\"valueRequired\":true,\"valueName\":\"search_term_string\"}}],\"inLanguage\":\"az\"},{\"@type\":\"Organization\",\"@id\":\"https:\\\/\\\/www.meydan.tv\\\/az\\\/#organization\",\"name\":\"Meydan TV\",\"url\":\"https:\\\/\\\/www.meydan.tv\\\/az\\\/\",\"logo\":{\"@type\":\"ImageObject\",\"inLanguage\":\"az\",\"@id\":\"https:\\\/\\\/www.meydan.tv\\\/az\\\/#\\\/schema\\\/logo\\\/image\\\/\",\"url\":\"https:\\\/\\\/www.meydan.tv\\\/wp-content\\\/uploads\\\/2021\\\/07\\\/meydan-logo.svg\",\"contentUrl\":\"https:\\\/\\\/www.meydan.tv\\\/wp-content\\\/uploads\\\/2021\\\/07\\\/meydan-logo.svg\",\"width\":195,\"height\":46,\"caption\":\"Meydan TV\"},\"image\":{\"@id\":\"https:\\\/\\\/www.meydan.tv\\\/az\\\/#\\\/schema\\\/logo\\\/image\\\/\"}},{\"@type\":\"Person\",\"@id\":\"https:\\\/\\\/www.meydan.tv\\\/az\\\/#\\\/schema\\\/person\\\/9cdbecf90d17180ce1dfbd95b08dcf47\",\"name\":\"elli\",\"sameAs\":[\"https:\\\/\\\/x.com\\\/elli\"]}]}<\/script>\n<!-- \/ Yoast SEO plugin. -->","yoast_head_json":{"title":"\u00c7\u0259r\u0259k\u0259 sakini: \u201cB\u0259l\u0259diyy\u0259 barama t\u0259s\u0259rr\u00fcfat\u0131 qurdu\u011fum torpa\u011f\u0131 \u0259limd\u0259n al\u0131r\u201d - MEYDAN.TV","robots":{"index":"index","follow":"follow","max-snippet":"max-snippet:-1","max-image-preview":"max-image-preview:large","max-video-preview":"max-video-preview:-1"},"canonical":"https:\/\/www.meydan.tv\/az\/article\/cereke-sakini-belediyye-barama-teserrufati-qurdugum-torpagi-elimden-alir\/","og_locale":"az_AZ","og_type":"article","og_title":"\u00c7\u0259r\u0259k\u0259 sakini: \u201cB\u0259l\u0259diyy\u0259 barama t\u0259s\u0259rr\u00fcfat\u0131 qurdu\u011fum torpa\u011f\u0131 \u0259limd\u0259n al\u0131r\u201d - MEYDAN.TV","og_description":"Birinci qrup \u0259lilliyi olan k\u0259ndli deyir ki, vaxtil\u0259 r\u00fc\u015fv\u0259t verm\u0259y\u0259 ... Davam\u0131","og_url":"https:\/\/www.meydan.tv\/az\/article\/cereke-sakini-belediyye-barama-teserrufati-qurdugum-torpagi-elimden-alir\/","og_site_name":"MEYDAN.TV","article_published_time":"2022-12-06T13:03:38+00:00","article_modified_time":"2022-12-06T13:03:40+00:00","og_image":[{"width":1280,"height":416,"url":"https:\/\/www.meydan.tv\/wp-content\/uploads\/photo-2022-12-06-15-53-44-1-e1670331761132.jpg","type":"image\/jpeg"}],"author":"elli","twitter_card":"summary_large_image","twitter_creator":"@elli","schema":{"@context":"https:\/\/schema.org","@graph":[{"@type":"Article","@id":"https:\/\/www.meydan.tv\/az\/article\/cereke-sakini-belediyye-barama-teserrufati-qurdugum-torpagi-elimden-alir\/#article","isPartOf":{"@id":"https:\/\/www.meydan.tv\/az\/article\/cereke-sakini-belediyye-barama-teserrufati-qurdugum-torpagi-elimden-alir\/"},"author":{"name":"elli","@id":"https:\/\/www.meydan.tv\/az\/#\/schema\/person\/9cdbecf90d17180ce1dfbd95b08dcf47"},"headline":"\u00c7\u0259r\u0259k\u0259 sakini: \u201cB\u0259l\u0259diyy\u0259 barama t\u0259s\u0259rr\u00fcfat\u0131 qurdu\u011fum torpa\u011f\u0131 \u0259limd\u0259n al\u0131r\u201d","datePublished":"2022-12-06T13:03:38+00:00","dateModified":"2022-12-06T13:03:40+00:00","mainEntityOfPage":{"@id":"https:\/\/www.meydan.tv\/az\/article\/cereke-sakini-belediyye-barama-teserrufati-qurdugum-torpagi-elimden-alir\/"},"wordCount":1047,"publisher":{"@id":"https:\/\/www.meydan.tv\/az\/#organization"},"image":{"@id":"https:\/\/www.meydan.tv\/az\/article\/cereke-sakini-belediyye-barama-teserrufati-qurdugum-torpagi-elimden-alir\/#primaryimage"},"thumbnailUrl":"https:\/\/www.meydan.tv\/wp-content\/uploads\/photo-2022-12-06-15-53-44-1-e1670331761132.jpg","articleSection":["B\u00f6lg\u0259","T\u00f6vsiy\u0259","X\u0259b\u0259rl\u0259r"],"inLanguage":"az"},{"@type":"WebPage","@id":"https:\/\/www.meydan.tv\/az\/article\/cereke-sakini-belediyye-barama-teserrufati-qurdugum-torpagi-elimden-alir\/","url":"https:\/\/www.meydan.tv\/az\/article\/cereke-sakini-belediyye-barama-teserrufati-qurdugum-torpagi-elimden-alir\/","name":"\u00c7\u0259r\u0259k\u0259 sakini: \u201cB\u0259l\u0259diyy\u0259 barama t\u0259s\u0259rr\u00fcfat\u0131 qurdu\u011fum torpa\u011f\u0131 \u0259limd\u0259n al\u0131r\u201d - MEYDAN.TV","isPartOf":{"@id":"https:\/\/www.meydan.tv\/az\/#website"},"primaryImageOfPage":{"@id":"https:\/\/www.meydan.tv\/az\/article\/cereke-sakini-belediyye-barama-teserrufati-qurdugum-torpagi-elimden-alir\/#primaryimage"},"image":{"@id":"https:\/\/www.meydan.tv\/az\/article\/cereke-sakini-belediyye-barama-teserrufati-qurdugum-torpagi-elimden-alir\/#primaryimage"},"thumbnailUrl":"https:\/\/www.meydan.tv\/wp-content\/uploads\/photo-2022-12-06-15-53-44-1-e1670331761132.jpg","datePublished":"2022-12-06T13:03:38+00:00","dateModified":"2022-12-06T13:03:40+00:00","breadcrumb":{"@id":"https:\/\/www.meydan.tv\/az\/article\/cereke-sakini-belediyye-barama-teserrufati-qurdugum-torpagi-elimden-alir\/#breadcrumb"},"inLanguage":"az","potentialAction":[{"@type":"ReadAction","target":["https:\/\/www.meydan.tv\/az\/article\/cereke-sakini-belediyye-barama-teserrufati-qurdugum-torpagi-elimden-alir\/"]}]},{"@type":"ImageObject","inLanguage":"az","@id":"https:\/\/www.meydan.tv\/az\/article\/cereke-sakini-belediyye-barama-teserrufati-qurdugum-torpagi-elimden-alir\/#primaryimage","url":"https:\/\/www.meydan.tv\/wp-content\/uploads\/photo-2022-12-06-15-53-44-1-e1670331761132.jpg","contentUrl":"https:\/\/www.meydan.tv\/wp-content\/uploads\/photo-2022-12-06-15-53-44-1-e1670331761132.jpg","width":1280,"height":416,"caption":"\u015eahbuz Mustafayev. Fotolar: Meydan TV"},{"@type":"BreadcrumbList","@id":"https:\/\/www.meydan.tv\/az\/article\/cereke-sakini-belediyye-barama-teserrufati-qurdugum-torpagi-elimden-alir\/#breadcrumb","itemListElement":[{"@type":"ListItem","position":1,"name":"Ana s\u0259hif\u0259","item":"https:\/\/www.meydan.tv\/az\/"},{"@type":"ListItem","position":2,"name":"B\u00f6lg\u0259","item":"https:\/\/www.meydan.tv\/az\/section\/bolge\/"},{"@type":"ListItem","position":3,"name":"\u00c7\u0259r\u0259k\u0259 sakini: \u201cB\u0259l\u0259diyy\u0259 barama t\u0259s\u0259rr\u00fcfat\u0131 qurdu\u011fum torpa\u011f\u0131 \u0259limd\u0259n al\u0131r\u201d"}]},{"@type":"WebSite","@id":"https:\/\/www.meydan.tv\/az\/#website","url":"https:\/\/www.meydan.tv\/az\/","name":"MEYDAN.TV","description":"Meydan TV Az\u0259rbaycan\u0131n media m\u0259kan\u0131ndak\u0131 alternativ s\u0259sidir","publisher":{"@id":"https:\/\/www.meydan.tv\/az\/#organization"},"potentialAction":[{"@type":"SearchAction","target":{"@type":"EntryPoint","urlTemplate":"https:\/\/www.meydan.tv\/az\/?s={search_term_string}"},"query-input":{"@type":"PropertyValueSpecification","valueRequired":true,"valueName":"search_term_string"}}],"inLanguage":"az"},{"@type":"Organization","@id":"https:\/\/www.meydan.tv\/az\/#organization","name":"Meydan TV","url":"https:\/\/www.meydan.tv\/az\/","logo":{"@type":"ImageObject","inLanguage":"az","@id":"https:\/\/www.meydan.tv\/az\/#\/schema\/logo\/image\/","url":"https:\/\/www.meydan.tv\/wp-content\/uploads\/2021\/07\/meydan-logo.svg","contentUrl":"https:\/\/www.meydan.tv\/wp-content\/uploads\/2021\/07\/meydan-logo.svg","width":195,"height":46,"caption":"Meydan TV"},"image":{"@id":"https:\/\/www.meydan.tv\/az\/#\/schema\/logo\/image\/"}},{"@type":"Person","@id":"https:\/\/www.meydan.tv\/az\/#\/schema\/person\/9cdbecf90d17180ce1dfbd95b08dcf47","name":"elli","sameAs":["https:\/\/x.com\/elli"]}]}},"_links":{"self":[{"href":"https:\/\/www.meydan.tv\/az\/wp-json\/wp\/v2\/posts\/262693","targetHints":{"allow":["GET"]}}],"collection":[{"href":"https:\/\/www.meydan.tv\/az\/wp-json\/wp\/v2\/posts"}],"about":[{"href":"https:\/\/www.meydan.tv\/az\/wp-json\/wp\/v2\/types\/post"}],"author":[{"embeddable":true,"href":"https:\/\/www.meydan.tv\/az\/wp-json\/wp\/v2\/users\/8"}],"replies":[{"embeddable":true,"href":"https:\/\/www.meydan.tv\/az\/wp-json\/wp\/v2\/comments?post=262693"}],"version-history":[{"count":1,"href":"https:\/\/www.meydan.tv\/az\/wp-json\/wp\/v2\/posts\/262693\/revisions"}],"predecessor-version":[{"id":262702,"href":"https:\/\/www.meydan.tv\/az\/wp-json\/wp\/v2\/posts\/262693\/revisions\/262702"}],"wp:featuredmedia":[{"embeddable":true,"href":"https:\/\/www.meydan.tv\/az\/wp-json\/wp\/v2\/media\/262699"}],"wp:attachment":[{"href":"https:\/\/www.meydan.tv\/az\/wp-json\/wp\/v2\/media?parent=262693"}],"wp:term":[{"taxonomy":"category","embeddable":true,"href":"https:\/\/www.meydan.tv\/az\/wp-json\/wp\/v2\/categories?post=262693"},{"taxonomy":"post_tag","embeddable":true,"href":"https:\/\/www.meydan.tv\/az\/wp-json\/wp\/v2\/tags?post=262693"}],"curies":[{"name":"wp","href":"https:\/\/api.w.org\/{rel}","templated":true}]}}