{"id":262650,"date":"2022-12-06T14:50:47","date_gmt":"2022-12-06T10:50:47","guid":{"rendered":"https:\/\/www.meydan.tv\/?p=262650"},"modified":"2022-12-13T14:08:33","modified_gmt":"2022-12-13T10:08:33","slug":"etsn-nin-qarabagda-monitoriq-apardigi-qizil-yataqlari-seffafliqla-bagli-suallar-var","status":"publish","type":"post","link":"https:\/\/www.meydan.tv\/az\/article\/etsn-nin-qarabagda-monitoriq-apardigi-qizil-yataqlari-seffafliqla-bagli-suallar-var\/","title":{"rendered":"ETSN-nin Qaraba\u011fda monitorinq apard\u0131\u011f\u0131 q\u0131z\u0131l yataqlar\u0131: \u015f\u0259ffafl\u0131qla ba\u011fl\u0131 suallar var"},"content":{"rendered":"\n<p><\/p>\n\n\n\n<p><em>Qubad \u0130bado\u011flu: &#8220;Monitorinq z\u0259ngin \u015firk\u0259t\u0259 sahiblik ed\u0259nl\u0259rin \u015f\u0259xsi mara\u011f\u0131na xidm\u0259t edir&#8221;<\/em><\/p>\n\n\n\n<p>Ekologiya v\u0259 T\u0259bii S\u0259rv\u0259tl\u0259r Nazirliyi (ETSN) ke\u00e7mi\u015f A\u011fd\u0259r\u0259 rayonunun G\u00fclyataq (Vardadzor), Canyataq (Cankata\u011f) v\u0259 A\u015fa\u011f\u0131 Orataq (Nerkin Horatatag) k\u0259ndl\u0259rind\u0259 yerl\u0259\u015f\u0259n Q\u0131z\u0131lbulaq yataqlar\u0131n\u0131n monitorinqini apar\u0131b.<\/p>\n\n\n\n<p>Nazirlik bu yataqlar\u0131n qanunsuz istismar edildiyini vur\u011fulay\u0131b.<\/p>\n\n\n\n<p>Demokratiya v\u0259 Rifah H\u0259r\u0259kat\u0131n\u0131n s\u0259dri, iqtisad\u00e7\u0131 Qubad \u0130bado\u011flu is\u0259 deyir ki, bu yataqlar erm\u0259nil\u0259r t\u0259r\u0259find\u0259n 2000-ci ill\u0259rin \u0259vv\u0259ll\u0259rind\u0259n II Qaraba\u011f m\u00fcharib\u0259sin\u0259 q\u0259d\u0259r istifad\u0259d\u0259 olub.<\/p>\n\n\n\n<p>Onun s\u00f6zl\u0259rin\u0259 g\u00f6r\u0259, h\u0259min yataqlar mis-q\u0131z\u0131l v\u0259 mis-molibdenl\u0259 z\u0259ngindir v\u0259 \u201cBase Metals\u201d (\u201cVallex Group\u201da m\u0259xsusdur) \u015firk\u0259ti t\u0259r\u0259find\u0259n istismar edilib.<\/p>\n\n\n\n<p>\u201cBaxmayaraq ki, h\u0259min q\u0131z\u0131l yataqlar\u0131n\u0131n istismar\u0131 il\u0259 ba\u011fl\u0131 sertifikat 1997-ci ild\u0259 Az\u0259rbaycan h\u00f6kum\u0259ti t\u0259r\u0259find\u0259n \u201cAnglo-Asian Mining\u201d \u015firk\u0259tin\u0259 verilib.<\/p>\n\n\n\n<p>Bu \u015firk\u0259t 2020-ci il oktyabr\u0131n 27-d\u0259 a\u00e7\u0131qlama yay\u0131b ki, t\u0259hl\u00fck\u0259sizlik t\u0259min olunan kimi d\u0259rhal Q\u0131z\u0131lbulaqda i\u015f\u0259 ba\u015flayacaq: <\/p>\n\n\n\n<p>&#8220;El\u0259 \u201cAnglo-Asian Mining\u201d \u015firk\u0259ti haz\u0131rda i\u015f\u011faldan azad olunan Vejn\u0259li v\u0259 Zod yataqlar\u0131n\u0131 da istismar edir\u201d.<\/p>\n\n\n\n<p><strong>ETSN-nin ekoloji f\u0259sadlarla ba\u011fl\u0131 \u00e7a\u011f\u0131r\u0131\u015f\u0131\u2026<\/strong><\/p>\n\n\n\n<p>Dekabr\u0131n 3-d\u0259 Ekologiya v\u0259 T\u0259bii S\u0259rv\u0259tl\u0259r Nazirliyi <a href=\"https:\/\/www.meydan.tv\/az\/article\/ermenistan-azerbaycani-humanitar-huquqlari-pozmaqda-ittiham-edir\/\" target=\"_blank\" rel=\"noreferrer noopener\">m\u0259lumat<\/a> yayaraq bildirib ki, Rusiya s\u00fclhm\u0259raml\u0131lar\u0131n\u0131n m\u00fcv\u0259qq\u0259ti yerl\u0259\u015fdirildiyi Az\u0259rbaycan \u0259razil\u0259rind\u0259ki yataqlar qanunsuz istismar edilir.<\/p>\n\n\n\n<p>Nazirlik qeyd edib ki, h\u0259min \u0259razil\u0259rd\u0259ki faydal\u0131 qaz\u0131nt\u0131lar\u0131n qanunsuz istismar\u0131 ekoloji f\u0259sadlara s\u0259b\u0259b olur v\u0259 ara\u015fd\u0131r\u0131lmas\u0131, \u0259razinin monitorinqi \u00fc\u00e7\u00fcn b\u00f6lg\u0259y\u0259 ekspertl\u0259rd\u0259n ibar\u0259t qrup g\u00f6nd\u0259rm\u0259k ist\u0259yir.<\/p>\n\n\n\n<figure class=\"wp-block-image size-full\"><img decoding=\"async\" width=\"729\" height=\"487\" data-src=\"https:\/\/www.meydan.tv\/wp-content\/uploads\/6bf8db69-c2f7-48a8-9e35-bd6f3070c4e4_640.jpg\" alt=\"Ekologiya v\u0259 T\u0259bii S\u0259rv\u0259tl\u0259r Nazirliyi\" class=\"wp-image-138783 lazyload\" src=\"data:image\/svg+xml;base64,PHN2ZyB3aWR0aD0iMSIgaGVpZ2h0PSIxIiB4bWxucz0iaHR0cDovL3d3dy53My5vcmcvMjAwMC9zdmciPjwvc3ZnPg==\" style=\"--smush-placeholder-width: 729px; --smush-placeholder-aspect-ratio: 729\/487;\" \/><figcaption class=\"wp-element-caption\">Foto: Meydan TV<\/figcaption><\/figure>\n\n\n\n<p>ETSN Rusiya s\u00fclhm\u0259raml\u0131 q\u00fcvv\u0259l\u0259rinin komandanl\u0131\u011f\u0131 il\u0259 m\u00fczakir\u0259l\u0259r apard\u0131\u011f\u0131n\u0131, bununla ba\u011fl\u0131 ictimaiyy\u0259t\u0259 m\u0259lumat ver\u0259c\u0259yini d\u0259 a\u00e7\u0131qlam\u0131\u015fd\u0131\u2026<\/p>\n\n\n\n<p><strong>&#8220;\u0130st\u0259yim odur ki, m\u0259d\u0259n s\u0259nayesind\u0259 \u015f\u0259ffafl\u0131q v\u0259 hesabatl\u0131l\u0131q olsun\u2026&#8221;<\/strong><\/p>\n\n\n\n<p>Qubad \u0130bado\u011flu Az\u0259rbaycan t\u0259r\u0259finin d\u0259 q\u0131z\u0131l yataqlar\u0131n\u0131n istismar etm\u0259sin\u0259 \u015f\u00fcbh\u0259li yana\u015f\u0131r v\u0259 \u201cAnglo-Asian Mining\u201d \u015firk\u0259ti il\u0259 ba\u011fl\u0131 \u015f\u0259ffafl\u0131\u011f\u0131 \u00f6n\u0259 \u00e7\u0259kir:<\/p>\n\n\n\n<p>&#8220;\u201cAnglo-Asian Mining\u201d \u015firk\u0259tinin ad\u0131, y\u0259qin ki, \u00e7ox \u015fey xat\u0131rlad\u0131r. Bu \u015firk\u0259t Az\u0259rbaycan\u0131n 6 q\u0131z\u0131l yata\u011f\u0131n\u0131n i\u015fl\u0259nm\u0259si layih\u0259sinin operatorudur. \u015eirk\u0259tin \u0259sas s\u0259hmdarlar\u0131 Reza V\u0259ziri v\u0259 Xaqani B\u0259\u015firovdur. \u018fsas kreditoru da Beyn\u0259lxalq Bankd\u0131r. Beyn\u0259lxalq Bankla ba\u011fl\u0131 m\u0259lum olaylarda \u015firk\u0259tin h\u0259min bankdan 2 il \u0259rzinz\u0259 185 milyon manat kredit al\u0131b v\u0259 qaytarmamas\u0131 bar\u0259d\u0259 iddialar var idi. Bilin ki, Qaraba\u011fda h\u0259yata ke\u00e7iril\u0259n monitorinq \u0259m\u0259liyyat\u0131 \u015f\u0259ffafl\u0131\u011f\u0131 v\u0259 hesabatl\u0131l\u0131\u011f\u0131na dair suallarla z\u0259ngin \u015firk\u0259tin korporativ v\u0259 ona sahiblik ed\u0259nl\u0259rin \u015f\u0259xsi mara\u011f\u0131na xidm\u0259t edir\u201d.<\/p>\n\n\n\n<p>\u0130qtisad\u00e7\u0131 onu da deyir ki, Q\u0131z\u0131lbulaq yataqlar\u0131 Az\u0259rbaycan\u0131n \u0259n b\u00f6y\u00fck q\u0131z\u0131l yata\u011f\u0131d\u0131r.<\/p>\n\n\n\n<p>O, bu yataqlar\u0131n haz\u0131rda \u201cAnglo-Asian Mining\u201d \u015firk\u0259ti t\u0259r\u0259find\u0259n istismar\u0131n\u0131n \u0259leyhin\u0259 deyil, sad\u0259c\u0259 ist\u0259yi odur ki, m\u0259d\u0259n s\u0259nayesind\u0259 \u015f\u0259ffafl\u0131q v\u0259 hesabatl\u0131l\u0131q olsun:<\/p>\n\n\n\n<p> \u201cBu sah\u0259d\u0259 ba\u015f ver\u0259nl\u0259r \u00f6z ad\u0131 il\u0259 t\u0259qdim edilsin\u201d.<\/p>\n\n\n\n<figure class=\"wp-block-image size-large\"><img decoding=\"async\" data-src=\"https:\/\/www.meydan.tv\/wp-content\/uploads\/qubad-1-1200x800.jpg\" alt=\"\" class=\"wp-image-224886 lazyload\" src=\"data:image\/svg+xml;base64,PHN2ZyB3aWR0aD0iMSIgaGVpZ2h0PSIxIiB4bWxucz0iaHR0cDovL3d3dy53My5vcmcvMjAwMC9zdmciPjwvc3ZnPg==\" style=\"--smush-placeholder-width: 1200px; --smush-placeholder-aspect-ratio: 1200\/800;\" \/><figcaption class=\"wp-element-caption\">Qubad \u0130bado\u011flu: Foto: Meydan TV<\/figcaption><\/figure>\n\n\n\n<p><strong>\u201cBase Metals\u201d: tan\u0131nmayan rejimin \u0259n b\u00f6y\u00fck vergi \u00f6d\u0259yicisi\u2026<\/strong><\/p>\n\n\n\n<p>\u0130qtisad\u00e7\u0131 Qalib To\u011frul is\u0259 bildirib ki, ke\u00e7mi\u015f A\u011fd\u0259r\u0259 rayonunda yerl\u0259\u015f\u0259n Q\u0131z\u0131lbulaq v\u0259 D\u0259mirli qiym\u0259tli metal yataqlar\u0131 44 g\u00fcnl\u00fck m\u00fcharib\u0259d\u0259n sonra erm\u0259nil\u0259rin n\u0259zar\u0259t etdiyi \u0259razil\u0259rd\u0259 qalsa da, m\u0259d\u0259nl\u0259rin nasos stansiyalar\u0131n\u0131n yerl\u0259\u015fdiyi \u0259razi Az\u0259rbaycan ordusu t\u0259r\u0259find\u0259n i\u015f\u011faldan azad edilib:<\/p>\n\n\n\n<p>&#8220;M\u00fcharib\u0259d\u0259n sonra bir m\u00fcdd\u0259t yataqlar\u0131n istismar\u0131na fasil\u0259 verilib. Bel\u0259 g\u00f6r\u00fcn\u00fcr ki, erm\u0259nil\u0259r yataqlar\u0131n istismar\u0131 \u00fc\u00e7\u00fcn yeni nasos stansiyalar\u0131 tikib. Bu, \u00e7ox b\u00f6y\u00fck v\u0259sait t\u0259l\u0259b ed\u0259n tikinti say\u0131l\u0131rd\u0131&#8221;.<\/p>\n\n\n\n<p>O, G\u00fclyataq (Vardadzor), Canyataq (Cankata\u011f) v\u0259 A\u015fa\u011f\u0131 Orataq (Nerkin Horatatag) v\u0259 Q\u0131z\u0131lbulaq kimi mis-q\u0131z\u0131l v\u0259 mis-molibdenl\u0259 z\u0259ngin olan yataqlar\u0131 istismar ed\u0259n \u201cBase Metals\u201d (\u201cVallex Group\u201da m\u0259xsusdur) \u015firk\u0259tin\u0259 d\u0259 diqq\u0259t \u00e7\u0259kir. Deyir ki, tan\u0131nmayan, qurama Artsax b\u00fcdc\u0259sinin g\u0259lirl\u0259rinin 40 faiz\u0259 yax\u0131n\u0131 bu iri vergi \u00f6d\u0259yicisi t\u0259r\u0259find\u0259n t\u0259min olunur.<\/p>\n\n\n\n<figure class=\"wp-block-image size-full\"><img decoding=\"async\" width=\"900\" height=\"638\" data-src=\"https:\/\/www.meydan.tv\/wp-content\/uploads\/df012fe7914ab3565349ff6eeb7b7dd3_xl.jpg\" alt=\"\" class=\"wp-image-262651 lazyload\" src=\"data:image\/svg+xml;base64,PHN2ZyB3aWR0aD0iMSIgaGVpZ2h0PSIxIiB4bWxucz0iaHR0cDovL3d3dy53My5vcmcvMjAwMC9zdmciPjwvc3ZnPg==\" style=\"--smush-placeholder-width: 900px; --smush-placeholder-aspect-ratio: 900\/638;\" \/><figcaption class=\"wp-element-caption\">Foto: Qalib To\u011frulun &#8220;Facebook&#8221; s\u0259hif\u0259sind\u0259n<\/figcaption><\/figure>\n\n\n\n<p>Vergi \u00f6d\u0259yicil\u0259rinin siyah\u0131s\u0131nda birinci olan \u201cBase Metals\u201d ikinci \u015firk\u0259td\u0259n 4-5 d\u0259f\u0259 art\u0131q vergi \u00f6d\u0259yir:<\/p>\n\n\n\n<p> \u201cV\u0259 yaxud ba\u015fqa bir m\u00fcqayis\u0259: \u201cBase Metals\u201d\u0131n \u00f6d\u0259diyi vergi m\u0259bl\u0259\u011fi 2-15-ci yerl\u0259ri tutan vergi \u00f6d\u0259yicil\u0259rinin bir yerd\u0259 \u00f6d\u0259dikl\u0259rind\u0259n \u00e7oxdur. Bu, 2021-ci ilin statistikas\u0131d\u0131r. M\u0259hz bu s\u0259b\u0259bd\u0259n erm\u0259ni iqtisad\u00e7\u0131lar \u201cBase Metals\u201d\u0131 qurama Artsax iqtisadiyyat\u0131n\u0131n lokomotivi adland\u0131r\u0131rlar. Az\u0259rbaycan yataqlar\u0131n istismar\u0131n\u0131 dayand\u0131rmaqla Qaraba\u011fdak\u0131 qeyri-qanuni rejimin iqtisadi \u0259saslar\u0131n\u0131 sars\u0131tmaq ist\u0259yir. Buna n\u0259 d\u0259r\u0259c\u0259d\u0259 nail olaca\u011f\u0131n\u0131 zaman g\u00f6st\u0259r\u0259c\u0259k\u201d.<\/p>\n\n\n\n<p>ETSN-nin dekabr\u0131n 3-d\u0259 yayd\u0131\u011f\u0131 ikinci m\u0259lumatda is\u0259 bildirilirdi ki, ekspertl\u0259r qrupu Rusiya s\u00fclhm\u0259raml\u0131 q\u00fcvv\u0259l\u0259rinin komandanl\u0131\u011f\u0131 il\u0259 dan\u0131\u015f\u0131b.<\/p>\n\n\n\n<p>Qanunsuz istismarla ba\u011fl\u0131 f\u0259aliyy\u0259t istiqam\u0259tl\u0259ri \u00fczr\u0259 \u0259razid\u0259 i\u015fl\u0259rin apar\u0131lmas\u0131 \u00fc\u00e7\u00fcn ETSN v\u0259 dig\u0259r aidiyy\u0259ti qurumlar\u0131n i\u015ftirak\u0131 il\u0259 yol x\u0259rit\u0259sinin haz\u0131rlanmas\u0131na ba\u015flan\u0131l\u0131b.<\/p>\n","protected":false},"excerpt":{"rendered":"<p>Qubad \u0130bado\u011flu: &#8220;Monitorinq z\u0259ngin \u015firk\u0259t\u0259 sahiblik ed\u0259nl\u0259rin \u015f\u0259xsi mara\u011f\u0131na xidm\u0259t &#8230; <\/p>\n<p class=\"read-more-container\"><a title=\"ETSN-nin Qaraba\u011fda monitorinq apard\u0131\u011f\u0131 q\u0131z\u0131l yataqlar\u0131: \u015f\u0259ffafl\u0131qla ba\u011fl\u0131 suallar var\" class=\"read-more button\" href=\"https:\/\/www.meydan.tv\/az\/article\/etsn-nin-qarabagda-monitoriq-apardigi-qizil-yataqlari-seffafliqla-bagli-suallar-var\/#more-262650\" aria-label=\"Read more about ETSN-nin Qaraba\u011fda monitorinq apard\u0131\u011f\u0131 q\u0131z\u0131l yataqlar\u0131: \u015f\u0259ffafl\u0131qla ba\u011fl\u0131 suallar var\">Davam\u0131<\/a><\/p>\n","protected":false},"author":8,"featured_media":262647,"comment_status":"closed","ping_status":"closed","sticky":false,"template":"","format":"standard","meta":{"_acf_changed":false,"_sitemap_exclude":false,"_sitemap_priority":"","_sitemap_frequency":"","footnotes":""},"categories":[60,79,56],"tags":[],"class_list":["post-262650","post","type-post","status-publish","format-standard","has-post-thumbnail","hentry","category-bolge","category-featured","category-xeberler","infinite-scroll-item","generate-columns","tablet-grid-50","mobile-grid-100","grid-parent","grid-33","no-featured-image-padding"],"acf":[],"yoast_head":"<!-- This site is optimized with the Yoast SEO plugin v27.5 - https:\/\/yoast.com\/product\/yoast-seo-wordpress\/ -->\n<title>ETSN-nin Qaraba\u011fda monitorinq apard\u0131\u011f\u0131 q\u0131z\u0131l yataqlar\u0131: \u015f\u0259ffafl\u0131qla ba\u011fl\u0131 suallar var - MEYDAN.TV<\/title>\n<meta name=\"robots\" content=\"index, follow, max-snippet:-1, max-image-preview:large, max-video-preview:-1\" \/>\n<link rel=\"canonical\" href=\"https:\/\/www.meydan.tv\/az\/article\/etsn-nin-qarabagda-monitoriq-apardigi-qizil-yataqlari-seffafliqla-bagli-suallar-var\/\" \/>\n<meta property=\"og:locale\" content=\"az_AZ\" \/>\n<meta property=\"og:type\" content=\"article\" \/>\n<meta property=\"og:title\" content=\"ETSN-nin Qaraba\u011fda monitorinq apard\u0131\u011f\u0131 q\u0131z\u0131l yataqlar\u0131: \u015f\u0259ffafl\u0131qla ba\u011fl\u0131 suallar var - MEYDAN.TV\" \/>\n<meta property=\"og:description\" content=\"Qubad \u0130bado\u011flu: &#8220;Monitorinq z\u0259ngin \u015firk\u0259t\u0259 sahiblik ed\u0259nl\u0259rin \u015f\u0259xsi mara\u011f\u0131na xidm\u0259t ... Davam\u0131\" \/>\n<meta property=\"og:url\" content=\"https:\/\/www.meydan.tv\/az\/article\/etsn-nin-qarabagda-monitoriq-apardigi-qizil-yataqlari-seffafliqla-bagli-suallar-var\/\" \/>\n<meta property=\"og:site_name\" content=\"MEYDAN.TV\" \/>\n<meta property=\"article:published_time\" content=\"2022-12-06T10:50:47+00:00\" \/>\n<meta property=\"article:modified_time\" content=\"2022-12-13T10:08:33+00:00\" \/>\n<meta property=\"og:image\" content=\"https:\/\/www.meydan.tv\/wp-content\/uploads\/16085599325948226891_1200x630.jpg\" \/>\n\t<meta property=\"og:image:width\" content=\"1200\" \/>\n\t<meta property=\"og:image:height\" content=\"819\" \/>\n\t<meta property=\"og:image:type\" content=\"image\/jpeg\" \/>\n<meta name=\"author\" content=\"elli\" \/>\n<meta name=\"twitter:card\" content=\"summary_large_image\" \/>\n<meta name=\"twitter:creator\" content=\"@elli\" \/>\n<script type=\"application\/ld+json\" class=\"yoast-schema-graph\">{\"@context\":\"https:\\\/\\\/schema.org\",\"@graph\":[{\"@type\":\"Article\",\"@id\":\"https:\\\/\\\/www.meydan.tv\\\/az\\\/article\\\/etsn-nin-qarabagda-monitoriq-apardigi-qizil-yataqlari-seffafliqla-bagli-suallar-var\\\/#article\",\"isPartOf\":{\"@id\":\"https:\\\/\\\/www.meydan.tv\\\/az\\\/article\\\/etsn-nin-qarabagda-monitoriq-apardigi-qizil-yataqlari-seffafliqla-bagli-suallar-var\\\/\"},\"author\":{\"name\":\"elli\",\"@id\":\"https:\\\/\\\/www.meydan.tv\\\/az\\\/#\\\/schema\\\/person\\\/9cdbecf90d17180ce1dfbd95b08dcf47\"},\"headline\":\"ETSN-nin Qaraba\u011fda monitorinq apard\u0131\u011f\u0131 q\u0131z\u0131l yataqlar\u0131: \u015f\u0259ffafl\u0131qla ba\u011fl\u0131 suallar var\",\"datePublished\":\"2022-12-06T10:50:47+00:00\",\"dateModified\":\"2022-12-13T10:08:33+00:00\",\"mainEntityOfPage\":{\"@id\":\"https:\\\/\\\/www.meydan.tv\\\/az\\\/article\\\/etsn-nin-qarabagda-monitoriq-apardigi-qizil-yataqlari-seffafliqla-bagli-suallar-var\\\/\"},\"wordCount\":995,\"publisher\":{\"@id\":\"https:\\\/\\\/www.meydan.tv\\\/az\\\/#organization\"},\"image\":{\"@id\":\"https:\\\/\\\/www.meydan.tv\\\/az\\\/article\\\/etsn-nin-qarabagda-monitoriq-apardigi-qizil-yataqlari-seffafliqla-bagli-suallar-var\\\/#primaryimage\"},\"thumbnailUrl\":\"https:\\\/\\\/www.meydan.tv\\\/wp-content\\\/uploads\\\/16085599325948226891_1200x630.jpg\",\"articleSection\":[\"B\u00f6lg\u0259\",\"T\u00f6vsiy\u0259\",\"X\u0259b\u0259rl\u0259r\"],\"inLanguage\":\"az\"},{\"@type\":\"WebPage\",\"@id\":\"https:\\\/\\\/www.meydan.tv\\\/az\\\/article\\\/etsn-nin-qarabagda-monitoriq-apardigi-qizil-yataqlari-seffafliqla-bagli-suallar-var\\\/\",\"url\":\"https:\\\/\\\/www.meydan.tv\\\/az\\\/article\\\/etsn-nin-qarabagda-monitoriq-apardigi-qizil-yataqlari-seffafliqla-bagli-suallar-var\\\/\",\"name\":\"ETSN-nin Qaraba\u011fda monitorinq apard\u0131\u011f\u0131 q\u0131z\u0131l yataqlar\u0131: \u015f\u0259ffafl\u0131qla ba\u011fl\u0131 suallar var - MEYDAN.TV\",\"isPartOf\":{\"@id\":\"https:\\\/\\\/www.meydan.tv\\\/az\\\/#website\"},\"primaryImageOfPage\":{\"@id\":\"https:\\\/\\\/www.meydan.tv\\\/az\\\/article\\\/etsn-nin-qarabagda-monitoriq-apardigi-qizil-yataqlari-seffafliqla-bagli-suallar-var\\\/#primaryimage\"},\"image\":{\"@id\":\"https:\\\/\\\/www.meydan.tv\\\/az\\\/article\\\/etsn-nin-qarabagda-monitoriq-apardigi-qizil-yataqlari-seffafliqla-bagli-suallar-var\\\/#primaryimage\"},\"thumbnailUrl\":\"https:\\\/\\\/www.meydan.tv\\\/wp-content\\\/uploads\\\/16085599325948226891_1200x630.jpg\",\"datePublished\":\"2022-12-06T10:50:47+00:00\",\"dateModified\":\"2022-12-13T10:08:33+00:00\",\"breadcrumb\":{\"@id\":\"https:\\\/\\\/www.meydan.tv\\\/az\\\/article\\\/etsn-nin-qarabagda-monitoriq-apardigi-qizil-yataqlari-seffafliqla-bagli-suallar-var\\\/#breadcrumb\"},\"inLanguage\":\"az\",\"potentialAction\":[{\"@type\":\"ReadAction\",\"target\":[\"https:\\\/\\\/www.meydan.tv\\\/az\\\/article\\\/etsn-nin-qarabagda-monitoriq-apardigi-qizil-yataqlari-seffafliqla-bagli-suallar-var\\\/\"]}]},{\"@type\":\"ImageObject\",\"inLanguage\":\"az\",\"@id\":\"https:\\\/\\\/www.meydan.tv\\\/az\\\/article\\\/etsn-nin-qarabagda-monitoriq-apardigi-qizil-yataqlari-seffafliqla-bagli-suallar-var\\\/#primaryimage\",\"url\":\"https:\\\/\\\/www.meydan.tv\\\/wp-content\\\/uploads\\\/16085599325948226891_1200x630.jpg\",\"contentUrl\":\"https:\\\/\\\/www.meydan.tv\\\/wp-content\\\/uploads\\\/16085599325948226891_1200x630.jpg\",\"width\":1200,\"height\":819,\"caption\":\"Qaraba\u011fda q\u0131z\u0131l yataqlar\u0131. Foto: Az\u0259rtac\"},{\"@type\":\"BreadcrumbList\",\"@id\":\"https:\\\/\\\/www.meydan.tv\\\/az\\\/article\\\/etsn-nin-qarabagda-monitoriq-apardigi-qizil-yataqlari-seffafliqla-bagli-suallar-var\\\/#breadcrumb\",\"itemListElement\":[{\"@type\":\"ListItem\",\"position\":1,\"name\":\"Ana s\u0259hif\u0259\",\"item\":\"https:\\\/\\\/www.meydan.tv\\\/az\\\/\"},{\"@type\":\"ListItem\",\"position\":2,\"name\":\"B\u00f6lg\u0259\",\"item\":\"https:\\\/\\\/www.meydan.tv\\\/az\\\/section\\\/bolge\\\/\"},{\"@type\":\"ListItem\",\"position\":3,\"name\":\"ETSN-nin Qaraba\u011fda monitorinq apard\u0131\u011f\u0131 q\u0131z\u0131l yataqlar\u0131: \u015f\u0259ffafl\u0131qla ba\u011fl\u0131 suallar var\"}]},{\"@type\":\"WebSite\",\"@id\":\"https:\\\/\\\/www.meydan.tv\\\/az\\\/#website\",\"url\":\"https:\\\/\\\/www.meydan.tv\\\/az\\\/\",\"name\":\"MEYDAN.TV\",\"description\":\"Meydan TV Az\u0259rbaycan\u0131n media m\u0259kan\u0131ndak\u0131 alternativ s\u0259sidir\",\"publisher\":{\"@id\":\"https:\\\/\\\/www.meydan.tv\\\/az\\\/#organization\"},\"potentialAction\":[{\"@type\":\"SearchAction\",\"target\":{\"@type\":\"EntryPoint\",\"urlTemplate\":\"https:\\\/\\\/www.meydan.tv\\\/az\\\/?s={search_term_string}\"},\"query-input\":{\"@type\":\"PropertyValueSpecification\",\"valueRequired\":true,\"valueName\":\"search_term_string\"}}],\"inLanguage\":\"az\"},{\"@type\":\"Organization\",\"@id\":\"https:\\\/\\\/www.meydan.tv\\\/az\\\/#organization\",\"name\":\"Meydan TV\",\"url\":\"https:\\\/\\\/www.meydan.tv\\\/az\\\/\",\"logo\":{\"@type\":\"ImageObject\",\"inLanguage\":\"az\",\"@id\":\"https:\\\/\\\/www.meydan.tv\\\/az\\\/#\\\/schema\\\/logo\\\/image\\\/\",\"url\":\"https:\\\/\\\/www.meydan.tv\\\/wp-content\\\/uploads\\\/2021\\\/07\\\/meydan-logo.svg\",\"contentUrl\":\"https:\\\/\\\/www.meydan.tv\\\/wp-content\\\/uploads\\\/2021\\\/07\\\/meydan-logo.svg\",\"width\":195,\"height\":46,\"caption\":\"Meydan TV\"},\"image\":{\"@id\":\"https:\\\/\\\/www.meydan.tv\\\/az\\\/#\\\/schema\\\/logo\\\/image\\\/\"}},{\"@type\":\"Person\",\"@id\":\"https:\\\/\\\/www.meydan.tv\\\/az\\\/#\\\/schema\\\/person\\\/9cdbecf90d17180ce1dfbd95b08dcf47\",\"name\":\"elli\",\"sameAs\":[\"https:\\\/\\\/x.com\\\/elli\"]}]}<\/script>\n<!-- \/ Yoast SEO plugin. -->","yoast_head_json":{"title":"ETSN-nin Qaraba\u011fda monitorinq apard\u0131\u011f\u0131 q\u0131z\u0131l yataqlar\u0131: \u015f\u0259ffafl\u0131qla ba\u011fl\u0131 suallar var - MEYDAN.TV","robots":{"index":"index","follow":"follow","max-snippet":"max-snippet:-1","max-image-preview":"max-image-preview:large","max-video-preview":"max-video-preview:-1"},"canonical":"https:\/\/www.meydan.tv\/az\/article\/etsn-nin-qarabagda-monitoriq-apardigi-qizil-yataqlari-seffafliqla-bagli-suallar-var\/","og_locale":"az_AZ","og_type":"article","og_title":"ETSN-nin Qaraba\u011fda monitorinq apard\u0131\u011f\u0131 q\u0131z\u0131l yataqlar\u0131: \u015f\u0259ffafl\u0131qla ba\u011fl\u0131 suallar var - MEYDAN.TV","og_description":"Qubad \u0130bado\u011flu: &#8220;Monitorinq z\u0259ngin \u015firk\u0259t\u0259 sahiblik ed\u0259nl\u0259rin \u015f\u0259xsi mara\u011f\u0131na xidm\u0259t ... Davam\u0131","og_url":"https:\/\/www.meydan.tv\/az\/article\/etsn-nin-qarabagda-monitoriq-apardigi-qizil-yataqlari-seffafliqla-bagli-suallar-var\/","og_site_name":"MEYDAN.TV","article_published_time":"2022-12-06T10:50:47+00:00","article_modified_time":"2022-12-13T10:08:33+00:00","og_image":[{"width":1200,"height":819,"url":"https:\/\/www.meydan.tv\/wp-content\/uploads\/16085599325948226891_1200x630.jpg","type":"image\/jpeg"}],"author":"elli","twitter_card":"summary_large_image","twitter_creator":"@elli","schema":{"@context":"https:\/\/schema.org","@graph":[{"@type":"Article","@id":"https:\/\/www.meydan.tv\/az\/article\/etsn-nin-qarabagda-monitoriq-apardigi-qizil-yataqlari-seffafliqla-bagli-suallar-var\/#article","isPartOf":{"@id":"https:\/\/www.meydan.tv\/az\/article\/etsn-nin-qarabagda-monitoriq-apardigi-qizil-yataqlari-seffafliqla-bagli-suallar-var\/"},"author":{"name":"elli","@id":"https:\/\/www.meydan.tv\/az\/#\/schema\/person\/9cdbecf90d17180ce1dfbd95b08dcf47"},"headline":"ETSN-nin Qaraba\u011fda monitorinq apard\u0131\u011f\u0131 q\u0131z\u0131l yataqlar\u0131: \u015f\u0259ffafl\u0131qla ba\u011fl\u0131 suallar var","datePublished":"2022-12-06T10:50:47+00:00","dateModified":"2022-12-13T10:08:33+00:00","mainEntityOfPage":{"@id":"https:\/\/www.meydan.tv\/az\/article\/etsn-nin-qarabagda-monitoriq-apardigi-qizil-yataqlari-seffafliqla-bagli-suallar-var\/"},"wordCount":995,"publisher":{"@id":"https:\/\/www.meydan.tv\/az\/#organization"},"image":{"@id":"https:\/\/www.meydan.tv\/az\/article\/etsn-nin-qarabagda-monitoriq-apardigi-qizil-yataqlari-seffafliqla-bagli-suallar-var\/#primaryimage"},"thumbnailUrl":"https:\/\/www.meydan.tv\/wp-content\/uploads\/16085599325948226891_1200x630.jpg","articleSection":["B\u00f6lg\u0259","T\u00f6vsiy\u0259","X\u0259b\u0259rl\u0259r"],"inLanguage":"az"},{"@type":"WebPage","@id":"https:\/\/www.meydan.tv\/az\/article\/etsn-nin-qarabagda-monitoriq-apardigi-qizil-yataqlari-seffafliqla-bagli-suallar-var\/","url":"https:\/\/www.meydan.tv\/az\/article\/etsn-nin-qarabagda-monitoriq-apardigi-qizil-yataqlari-seffafliqla-bagli-suallar-var\/","name":"ETSN-nin Qaraba\u011fda monitorinq apard\u0131\u011f\u0131 q\u0131z\u0131l yataqlar\u0131: \u015f\u0259ffafl\u0131qla ba\u011fl\u0131 suallar var - MEYDAN.TV","isPartOf":{"@id":"https:\/\/www.meydan.tv\/az\/#website"},"primaryImageOfPage":{"@id":"https:\/\/www.meydan.tv\/az\/article\/etsn-nin-qarabagda-monitoriq-apardigi-qizil-yataqlari-seffafliqla-bagli-suallar-var\/#primaryimage"},"image":{"@id":"https:\/\/www.meydan.tv\/az\/article\/etsn-nin-qarabagda-monitoriq-apardigi-qizil-yataqlari-seffafliqla-bagli-suallar-var\/#primaryimage"},"thumbnailUrl":"https:\/\/www.meydan.tv\/wp-content\/uploads\/16085599325948226891_1200x630.jpg","datePublished":"2022-12-06T10:50:47+00:00","dateModified":"2022-12-13T10:08:33+00:00","breadcrumb":{"@id":"https:\/\/www.meydan.tv\/az\/article\/etsn-nin-qarabagda-monitoriq-apardigi-qizil-yataqlari-seffafliqla-bagli-suallar-var\/#breadcrumb"},"inLanguage":"az","potentialAction":[{"@type":"ReadAction","target":["https:\/\/www.meydan.tv\/az\/article\/etsn-nin-qarabagda-monitoriq-apardigi-qizil-yataqlari-seffafliqla-bagli-suallar-var\/"]}]},{"@type":"ImageObject","inLanguage":"az","@id":"https:\/\/www.meydan.tv\/az\/article\/etsn-nin-qarabagda-monitoriq-apardigi-qizil-yataqlari-seffafliqla-bagli-suallar-var\/#primaryimage","url":"https:\/\/www.meydan.tv\/wp-content\/uploads\/16085599325948226891_1200x630.jpg","contentUrl":"https:\/\/www.meydan.tv\/wp-content\/uploads\/16085599325948226891_1200x630.jpg","width":1200,"height":819,"caption":"Qaraba\u011fda q\u0131z\u0131l yataqlar\u0131. Foto: Az\u0259rtac"},{"@type":"BreadcrumbList","@id":"https:\/\/www.meydan.tv\/az\/article\/etsn-nin-qarabagda-monitoriq-apardigi-qizil-yataqlari-seffafliqla-bagli-suallar-var\/#breadcrumb","itemListElement":[{"@type":"ListItem","position":1,"name":"Ana s\u0259hif\u0259","item":"https:\/\/www.meydan.tv\/az\/"},{"@type":"ListItem","position":2,"name":"B\u00f6lg\u0259","item":"https:\/\/www.meydan.tv\/az\/section\/bolge\/"},{"@type":"ListItem","position":3,"name":"ETSN-nin Qaraba\u011fda monitorinq apard\u0131\u011f\u0131 q\u0131z\u0131l yataqlar\u0131: \u015f\u0259ffafl\u0131qla ba\u011fl\u0131 suallar var"}]},{"@type":"WebSite","@id":"https:\/\/www.meydan.tv\/az\/#website","url":"https:\/\/www.meydan.tv\/az\/","name":"MEYDAN.TV","description":"Meydan TV Az\u0259rbaycan\u0131n media m\u0259kan\u0131ndak\u0131 alternativ s\u0259sidir","publisher":{"@id":"https:\/\/www.meydan.tv\/az\/#organization"},"potentialAction":[{"@type":"SearchAction","target":{"@type":"EntryPoint","urlTemplate":"https:\/\/www.meydan.tv\/az\/?s={search_term_string}"},"query-input":{"@type":"PropertyValueSpecification","valueRequired":true,"valueName":"search_term_string"}}],"inLanguage":"az"},{"@type":"Organization","@id":"https:\/\/www.meydan.tv\/az\/#organization","name":"Meydan TV","url":"https:\/\/www.meydan.tv\/az\/","logo":{"@type":"ImageObject","inLanguage":"az","@id":"https:\/\/www.meydan.tv\/az\/#\/schema\/logo\/image\/","url":"https:\/\/www.meydan.tv\/wp-content\/uploads\/2021\/07\/meydan-logo.svg","contentUrl":"https:\/\/www.meydan.tv\/wp-content\/uploads\/2021\/07\/meydan-logo.svg","width":195,"height":46,"caption":"Meydan TV"},"image":{"@id":"https:\/\/www.meydan.tv\/az\/#\/schema\/logo\/image\/"}},{"@type":"Person","@id":"https:\/\/www.meydan.tv\/az\/#\/schema\/person\/9cdbecf90d17180ce1dfbd95b08dcf47","name":"elli","sameAs":["https:\/\/x.com\/elli"]}]}},"_links":{"self":[{"href":"https:\/\/www.meydan.tv\/az\/wp-json\/wp\/v2\/posts\/262650","targetHints":{"allow":["GET"]}}],"collection":[{"href":"https:\/\/www.meydan.tv\/az\/wp-json\/wp\/v2\/posts"}],"about":[{"href":"https:\/\/www.meydan.tv\/az\/wp-json\/wp\/v2\/types\/post"}],"author":[{"embeddable":true,"href":"https:\/\/www.meydan.tv\/az\/wp-json\/wp\/v2\/users\/8"}],"replies":[{"embeddable":true,"href":"https:\/\/www.meydan.tv\/az\/wp-json\/wp\/v2\/comments?post=262650"}],"version-history":[{"count":5,"href":"https:\/\/www.meydan.tv\/az\/wp-json\/wp\/v2\/posts\/262650\/revisions"}],"predecessor-version":[{"id":263231,"href":"https:\/\/www.meydan.tv\/az\/wp-json\/wp\/v2\/posts\/262650\/revisions\/263231"}],"wp:featuredmedia":[{"embeddable":true,"href":"https:\/\/www.meydan.tv\/az\/wp-json\/wp\/v2\/media\/262647"}],"wp:attachment":[{"href":"https:\/\/www.meydan.tv\/az\/wp-json\/wp\/v2\/media?parent=262650"}],"wp:term":[{"taxonomy":"category","embeddable":true,"href":"https:\/\/www.meydan.tv\/az\/wp-json\/wp\/v2\/categories?post=262650"},{"taxonomy":"post_tag","embeddable":true,"href":"https:\/\/www.meydan.tv\/az\/wp-json\/wp\/v2\/tags?post=262650"}],"curies":[{"name":"wp","href":"https:\/\/api.w.org\/{rel}","templated":true}]}}