{"id":262496,"date":"2022-12-04T20:08:53","date_gmt":"2022-12-04T16:08:53","guid":{"rendered":"https:\/\/www.meydan.tv\/?p=262496"},"modified":"2022-12-04T20:08:56","modified_gmt":"2022-12-04T16:08:56","slug":"8-ayin-esgerinin-odlu-silahdan-acilan-ates-neticesinde-olduyu-bildirilir","status":"publish","type":"post","link":"https:\/\/www.meydan.tv\/az\/article\/8-ayin-esgerinin-odlu-silahdan-acilan-ates-neticesinde-olduyu-bildirilir\/","title":{"rendered":"8 ay\u0131n \u0259sg\u0259rinin odlu silahdan a\u00e7\u0131lan at\u0259\u015f n\u0259tic\u0259sind\u0259 \u00f6ld\u00fcy\u00fc bildirilir"},"content":{"rendered":"\n<p><\/p>\n\n\n\n<p><em>Elnur M\u0259mm\u0259dov bu g\u00fcn d\u0259fn edilib<\/em><\/p>\n\n\n\n<p>M\u00fcdafi\u0259 Nazirliyinin N sayl\u0131 h\u0259rbi hiss\u0259sinin \u0259sg\u0259ri Elnur A\u011fazad\u0259 o\u011flu M\u0259mm\u0259dovun odlu silahdan a\u00e7\u0131lm\u0131\u015f at\u0259\u015f n\u0259tic\u0259sind\u0259 \u00f6ld\u00fcy\u00fc bildirilir.<br>Qubadl\u0131 Rayon H\u0259rbi Prokurorlu\u011funun \u0259m\u0259kda\u015flar\u0131n\u0131n hadis\u0259 yerin\u0259 v\u0259 meyit\u0259 bax\u0131\u015f ke\u00e7irdikl\u0259ri qeyd olunub.<\/p>\n\n\n\n<p>Bu bar\u0259d\u0259 m\u0259lumat\u0131 h\u0259rbi prokurorun b\u00f6y\u00fck k\u00f6m\u0259k\u00e7isi, ba\u015f \u0259dliyy\u0259 m\u00fc\u015faviri Firad \u018fliyev yay\u0131b.<\/p>\n\n\n\n<p>Bildirilib ki, i\u015f \u00fc\u00e7\u00fcn \u0259h\u0259miyy\u0259t k\u0259sb ed\u0259n predmetl\u0259r maddi s\u00fcbut kimi g\u00f6t\u00fcr\u00fcl\u00fcb, izahatlar al\u0131n\u0131b v\u0259 dig\u0259r h\u0259r\u0259k\u0259tl\u0259r icra edilib:<\/p>\n\n\n\n<figure class=\"wp-block-image size-large\"><img decoding=\"async\" width=\"823\" height=\"821\" data-src=\"https:\/\/www.meydan.tv\/wp-content\/uploads\/img_3384-823x821.jpg\" alt=\"\" class=\"wp-image-262493 lazyload\" src=\"data:image\/svg+xml;base64,PHN2ZyB3aWR0aD0iMSIgaGVpZ2h0PSIxIiB4bWxucz0iaHR0cDovL3d3dy53My5vcmcvMjAwMC9zdmciPjwvc3ZnPg==\" style=\"--smush-placeholder-width: 823px; --smush-placeholder-aspect-ratio: 823\/821;\" \/><figcaption class=\"wp-element-caption\">\u018fsg\u0259rin d\u0259fn m\u0259rasimi<\/figcaption><\/figure>\n\n\n\n<p>&#8220;Fakt \u00fczr\u0259 Cinay\u0259t M\u0259c\u0259ll\u0259sinin m\u00fcvafiq madd\u0259si il\u0259 cinay\u0259t i\u015fi ba\u015flan\u0131laraq \u015fahidl\u0259r dindirilib, m\u00fcvafiq ekspertizalar t\u0259yin edilib v\u0259 t\u0259xir\u0259sal\u0131nmaz z\u0259ruri istintaq h\u0259r\u0259k\u0259tl\u0259ri h\u0259yata ke\u00e7irilib\u201d.<\/p>\n\n\n\n<p>Firad \u018fliyev istintaq\u0131n davam etdirildiyini v\u0259 qanunvericiliyin t\u0259l\u0259bl\u0259rin\u0259 uy\u011fun olaraq b\u00fct\u00fcn t\u0259dbirl\u0259rin g\u00f6r\u00fcl\u0259c\u0259yini \u0259lav\u0259 edib.<\/p>\n\n\n\n<p>Meydan TV-nin \u0259ld\u0259 etdiyi m\u0259lumata g\u00f6r\u0259, G\u00f6yg\u00f6l\u00fcn Nadil k\u0259nd sakini, Az\u0259rbaycan Ordusunun h\u0259rb\u00e7isi, 19 ya\u015fl\u0131 Elnur M\u0259mm\u0259dovun La\u00e7\u0131ndak\u0131 &#8220;N&#8221; sayl\u0131 h\u0259rbi hiss\u0259d\u0259 nam\u0259lum \u015f\u0259kild\u0259 \u00f6ld\u00fcy\u00fc deyilir. B\u0259zi m\u0259nb\u0259l\u0259r intihar etdiyini yaz\u0131r.<br>8 ay\u0131n \u0259sg\u0259rinin dekabr\u0131n 4-d\u0259 d\u0259fn edildiyi bildirilir.<\/p>\n","protected":false},"excerpt":{"rendered":"<p>Elnur M\u0259mm\u0259dov bu g\u00fcn d\u0259fn edilib M\u00fcdafi\u0259 Nazirliyinin N sayl\u0131 &#8230; <\/p>\n<p class=\"read-more-container\"><a title=\"8 ay\u0131n \u0259sg\u0259rinin odlu silahdan a\u00e7\u0131lan at\u0259\u015f n\u0259tic\u0259sind\u0259 \u00f6ld\u00fcy\u00fc bildirilir\" class=\"read-more button\" href=\"https:\/\/www.meydan.tv\/az\/article\/8-ayin-esgerinin-odlu-silahdan-acilan-ates-neticesinde-olduyu-bildirilir\/#more-262496\" aria-label=\"Read more about 8 ay\u0131n \u0259sg\u0259rinin odlu silahdan a\u00e7\u0131lan at\u0259\u015f n\u0259tic\u0259sind\u0259 \u00f6ld\u00fcy\u00fc bildirilir\">Davam\u0131<\/a><\/p>\n","protected":false},"author":8,"featured_media":262490,"comment_status":"closed","ping_status":"closed","sticky":false,"template":"","format":"standard","meta":{"_acf_changed":false,"_sitemap_exclude":false,"_sitemap_priority":"","_sitemap_frequency":"","footnotes":""},"categories":[60,56],"tags":[],"class_list":["post-262496","post","type-post","status-publish","format-standard","has-post-thumbnail","hentry","category-bolge","category-xeberler","infinite-scroll-item","generate-columns","tablet-grid-50","mobile-grid-100","grid-parent","grid-33","no-featured-image-padding"],"acf":[],"yoast_head":"<!-- This site is optimized with the Yoast SEO plugin v27.5 - https:\/\/yoast.com\/product\/yoast-seo-wordpress\/ -->\n<title>8 ay\u0131n \u0259sg\u0259rinin odlu silahdan a\u00e7\u0131lan at\u0259\u015f n\u0259tic\u0259sind\u0259 \u00f6ld\u00fcy\u00fc bildirilir - MEYDAN.TV<\/title>\n<meta name=\"robots\" content=\"index, follow, max-snippet:-1, max-image-preview:large, max-video-preview:-1\" \/>\n<link rel=\"canonical\" href=\"https:\/\/www.meydan.tv\/az\/article\/8-ayin-esgerinin-odlu-silahdan-acilan-ates-neticesinde-olduyu-bildirilir\/\" \/>\n<meta property=\"og:locale\" content=\"az_AZ\" \/>\n<meta property=\"og:type\" content=\"article\" \/>\n<meta property=\"og:title\" content=\"8 ay\u0131n \u0259sg\u0259rinin odlu silahdan a\u00e7\u0131lan at\u0259\u015f n\u0259tic\u0259sind\u0259 \u00f6ld\u00fcy\u00fc bildirilir - MEYDAN.TV\" \/>\n<meta property=\"og:description\" content=\"Elnur M\u0259mm\u0259dov bu g\u00fcn d\u0259fn edilib M\u00fcdafi\u0259 Nazirliyinin N sayl\u0131 ... Davam\u0131\" \/>\n<meta property=\"og:url\" content=\"https:\/\/www.meydan.tv\/az\/article\/8-ayin-esgerinin-odlu-silahdan-acilan-ates-neticesinde-olduyu-bildirilir\/\" \/>\n<meta property=\"og:site_name\" content=\"MEYDAN.TV\" \/>\n<meta property=\"article:published_time\" content=\"2022-12-04T16:08:53+00:00\" \/>\n<meta property=\"article:modified_time\" content=\"2022-12-04T16:08:56+00:00\" \/>\n<meta property=\"og:image\" content=\"https:\/\/www.meydan.tv\/wp-content\/uploads\/screenshot_2022-12-04_at_16.55.23.png\" \/>\n\t<meta property=\"og:image:width\" content=\"1136\" \/>\n\t<meta property=\"og:image:height\" content=\"698\" \/>\n\t<meta property=\"og:image:type\" content=\"image\/png\" \/>\n<meta name=\"author\" content=\"elli\" \/>\n<meta name=\"twitter:card\" content=\"summary_large_image\" \/>\n<meta name=\"twitter:creator\" content=\"@elli\" \/>\n<script type=\"application\/ld+json\" class=\"yoast-schema-graph\">{\"@context\":\"https:\\\/\\\/schema.org\",\"@graph\":[{\"@type\":\"Article\",\"@id\":\"https:\\\/\\\/www.meydan.tv\\\/az\\\/article\\\/8-ayin-esgerinin-odlu-silahdan-acilan-ates-neticesinde-olduyu-bildirilir\\\/#article\",\"isPartOf\":{\"@id\":\"https:\\\/\\\/www.meydan.tv\\\/az\\\/article\\\/8-ayin-esgerinin-odlu-silahdan-acilan-ates-neticesinde-olduyu-bildirilir\\\/\"},\"author\":{\"name\":\"elli\",\"@id\":\"https:\\\/\\\/www.meydan.tv\\\/az\\\/#\\\/schema\\\/person\\\/9cdbecf90d17180ce1dfbd95b08dcf47\"},\"headline\":\"8 ay\u0131n \u0259sg\u0259rinin odlu silahdan a\u00e7\u0131lan at\u0259\u015f n\u0259tic\u0259sind\u0259 \u00f6ld\u00fcy\u00fc bildirilir\",\"datePublished\":\"2022-12-04T16:08:53+00:00\",\"dateModified\":\"2022-12-04T16:08:56+00:00\",\"mainEntityOfPage\":{\"@id\":\"https:\\\/\\\/www.meydan.tv\\\/az\\\/article\\\/8-ayin-esgerinin-odlu-silahdan-acilan-ates-neticesinde-olduyu-bildirilir\\\/\"},\"wordCount\":278,\"publisher\":{\"@id\":\"https:\\\/\\\/www.meydan.tv\\\/az\\\/#organization\"},\"image\":{\"@id\":\"https:\\\/\\\/www.meydan.tv\\\/az\\\/article\\\/8-ayin-esgerinin-odlu-silahdan-acilan-ates-neticesinde-olduyu-bildirilir\\\/#primaryimage\"},\"thumbnailUrl\":\"https:\\\/\\\/www.meydan.tv\\\/wp-content\\\/uploads\\\/screenshot_2022-12-04_at_16.55.23.png\",\"articleSection\":[\"B\u00f6lg\u0259\",\"X\u0259b\u0259rl\u0259r\"],\"inLanguage\":\"az\"},{\"@type\":\"WebPage\",\"@id\":\"https:\\\/\\\/www.meydan.tv\\\/az\\\/article\\\/8-ayin-esgerinin-odlu-silahdan-acilan-ates-neticesinde-olduyu-bildirilir\\\/\",\"url\":\"https:\\\/\\\/www.meydan.tv\\\/az\\\/article\\\/8-ayin-esgerinin-odlu-silahdan-acilan-ates-neticesinde-olduyu-bildirilir\\\/\",\"name\":\"8 ay\u0131n \u0259sg\u0259rinin odlu silahdan a\u00e7\u0131lan at\u0259\u015f n\u0259tic\u0259sind\u0259 \u00f6ld\u00fcy\u00fc bildirilir - MEYDAN.TV\",\"isPartOf\":{\"@id\":\"https:\\\/\\\/www.meydan.tv\\\/az\\\/#website\"},\"primaryImageOfPage\":{\"@id\":\"https:\\\/\\\/www.meydan.tv\\\/az\\\/article\\\/8-ayin-esgerinin-odlu-silahdan-acilan-ates-neticesinde-olduyu-bildirilir\\\/#primaryimage\"},\"image\":{\"@id\":\"https:\\\/\\\/www.meydan.tv\\\/az\\\/article\\\/8-ayin-esgerinin-odlu-silahdan-acilan-ates-neticesinde-olduyu-bildirilir\\\/#primaryimage\"},\"thumbnailUrl\":\"https:\\\/\\\/www.meydan.tv\\\/wp-content\\\/uploads\\\/screenshot_2022-12-04_at_16.55.23.png\",\"datePublished\":\"2022-12-04T16:08:53+00:00\",\"dateModified\":\"2022-12-04T16:08:56+00:00\",\"breadcrumb\":{\"@id\":\"https:\\\/\\\/www.meydan.tv\\\/az\\\/article\\\/8-ayin-esgerinin-odlu-silahdan-acilan-ates-neticesinde-olduyu-bildirilir\\\/#breadcrumb\"},\"inLanguage\":\"az\",\"potentialAction\":[{\"@type\":\"ReadAction\",\"target\":[\"https:\\\/\\\/www.meydan.tv\\\/az\\\/article\\\/8-ayin-esgerinin-odlu-silahdan-acilan-ates-neticesinde-olduyu-bildirilir\\\/\"]}]},{\"@type\":\"ImageObject\",\"inLanguage\":\"az\",\"@id\":\"https:\\\/\\\/www.meydan.tv\\\/az\\\/article\\\/8-ayin-esgerinin-odlu-silahdan-acilan-ates-neticesinde-olduyu-bildirilir\\\/#primaryimage\",\"url\":\"https:\\\/\\\/www.meydan.tv\\\/wp-content\\\/uploads\\\/screenshot_2022-12-04_at_16.55.23.png\",\"contentUrl\":\"https:\\\/\\\/www.meydan.tv\\\/wp-content\\\/uploads\\\/screenshot_2022-12-04_at_16.55.23.png\",\"width\":1136,\"height\":698,\"caption\":\"Fotolar: Elnur M\u0259mm\u0259dovun yax\u0131nlar\u0131n\u0131n arxivind\u0259n\"},{\"@type\":\"BreadcrumbList\",\"@id\":\"https:\\\/\\\/www.meydan.tv\\\/az\\\/article\\\/8-ayin-esgerinin-odlu-silahdan-acilan-ates-neticesinde-olduyu-bildirilir\\\/#breadcrumb\",\"itemListElement\":[{\"@type\":\"ListItem\",\"position\":1,\"name\":\"Ana s\u0259hif\u0259\",\"item\":\"https:\\\/\\\/www.meydan.tv\\\/az\\\/\"},{\"@type\":\"ListItem\",\"position\":2,\"name\":\"B\u00f6lg\u0259\",\"item\":\"https:\\\/\\\/www.meydan.tv\\\/az\\\/section\\\/bolge\\\/\"},{\"@type\":\"ListItem\",\"position\":3,\"name\":\"8 ay\u0131n \u0259sg\u0259rinin odlu silahdan a\u00e7\u0131lan at\u0259\u015f n\u0259tic\u0259sind\u0259 \u00f6ld\u00fcy\u00fc bildirilir\"}]},{\"@type\":\"WebSite\",\"@id\":\"https:\\\/\\\/www.meydan.tv\\\/az\\\/#website\",\"url\":\"https:\\\/\\\/www.meydan.tv\\\/az\\\/\",\"name\":\"MEYDAN.TV\",\"description\":\"Meydan TV Az\u0259rbaycan\u0131n media m\u0259kan\u0131ndak\u0131 alternativ s\u0259sidir\",\"publisher\":{\"@id\":\"https:\\\/\\\/www.meydan.tv\\\/az\\\/#organization\"},\"potentialAction\":[{\"@type\":\"SearchAction\",\"target\":{\"@type\":\"EntryPoint\",\"urlTemplate\":\"https:\\\/\\\/www.meydan.tv\\\/az\\\/?s={search_term_string}\"},\"query-input\":{\"@type\":\"PropertyValueSpecification\",\"valueRequired\":true,\"valueName\":\"search_term_string\"}}],\"inLanguage\":\"az\"},{\"@type\":\"Organization\",\"@id\":\"https:\\\/\\\/www.meydan.tv\\\/az\\\/#organization\",\"name\":\"Meydan TV\",\"url\":\"https:\\\/\\\/www.meydan.tv\\\/az\\\/\",\"logo\":{\"@type\":\"ImageObject\",\"inLanguage\":\"az\",\"@id\":\"https:\\\/\\\/www.meydan.tv\\\/az\\\/#\\\/schema\\\/logo\\\/image\\\/\",\"url\":\"https:\\\/\\\/www.meydan.tv\\\/wp-content\\\/uploads\\\/2021\\\/07\\\/meydan-logo.svg\",\"contentUrl\":\"https:\\\/\\\/www.meydan.tv\\\/wp-content\\\/uploads\\\/2021\\\/07\\\/meydan-logo.svg\",\"width\":195,\"height\":46,\"caption\":\"Meydan TV\"},\"image\":{\"@id\":\"https:\\\/\\\/www.meydan.tv\\\/az\\\/#\\\/schema\\\/logo\\\/image\\\/\"}},{\"@type\":\"Person\",\"@id\":\"https:\\\/\\\/www.meydan.tv\\\/az\\\/#\\\/schema\\\/person\\\/9cdbecf90d17180ce1dfbd95b08dcf47\",\"name\":\"elli\",\"sameAs\":[\"https:\\\/\\\/x.com\\\/elli\"]}]}<\/script>\n<!-- \/ Yoast SEO plugin. -->","yoast_head_json":{"title":"8 ay\u0131n \u0259sg\u0259rinin odlu silahdan a\u00e7\u0131lan at\u0259\u015f n\u0259tic\u0259sind\u0259 \u00f6ld\u00fcy\u00fc bildirilir - MEYDAN.TV","robots":{"index":"index","follow":"follow","max-snippet":"max-snippet:-1","max-image-preview":"max-image-preview:large","max-video-preview":"max-video-preview:-1"},"canonical":"https:\/\/www.meydan.tv\/az\/article\/8-ayin-esgerinin-odlu-silahdan-acilan-ates-neticesinde-olduyu-bildirilir\/","og_locale":"az_AZ","og_type":"article","og_title":"8 ay\u0131n \u0259sg\u0259rinin odlu silahdan a\u00e7\u0131lan at\u0259\u015f n\u0259tic\u0259sind\u0259 \u00f6ld\u00fcy\u00fc bildirilir - MEYDAN.TV","og_description":"Elnur M\u0259mm\u0259dov bu g\u00fcn d\u0259fn edilib M\u00fcdafi\u0259 Nazirliyinin N sayl\u0131 ... Davam\u0131","og_url":"https:\/\/www.meydan.tv\/az\/article\/8-ayin-esgerinin-odlu-silahdan-acilan-ates-neticesinde-olduyu-bildirilir\/","og_site_name":"MEYDAN.TV","article_published_time":"2022-12-04T16:08:53+00:00","article_modified_time":"2022-12-04T16:08:56+00:00","og_image":[{"width":1136,"height":698,"url":"https:\/\/www.meydan.tv\/wp-content\/uploads\/screenshot_2022-12-04_at_16.55.23.png","type":"image\/png"}],"author":"elli","twitter_card":"summary_large_image","twitter_creator":"@elli","schema":{"@context":"https:\/\/schema.org","@graph":[{"@type":"Article","@id":"https:\/\/www.meydan.tv\/az\/article\/8-ayin-esgerinin-odlu-silahdan-acilan-ates-neticesinde-olduyu-bildirilir\/#article","isPartOf":{"@id":"https:\/\/www.meydan.tv\/az\/article\/8-ayin-esgerinin-odlu-silahdan-acilan-ates-neticesinde-olduyu-bildirilir\/"},"author":{"name":"elli","@id":"https:\/\/www.meydan.tv\/az\/#\/schema\/person\/9cdbecf90d17180ce1dfbd95b08dcf47"},"headline":"8 ay\u0131n \u0259sg\u0259rinin odlu silahdan a\u00e7\u0131lan at\u0259\u015f n\u0259tic\u0259sind\u0259 \u00f6ld\u00fcy\u00fc bildirilir","datePublished":"2022-12-04T16:08:53+00:00","dateModified":"2022-12-04T16:08:56+00:00","mainEntityOfPage":{"@id":"https:\/\/www.meydan.tv\/az\/article\/8-ayin-esgerinin-odlu-silahdan-acilan-ates-neticesinde-olduyu-bildirilir\/"},"wordCount":278,"publisher":{"@id":"https:\/\/www.meydan.tv\/az\/#organization"},"image":{"@id":"https:\/\/www.meydan.tv\/az\/article\/8-ayin-esgerinin-odlu-silahdan-acilan-ates-neticesinde-olduyu-bildirilir\/#primaryimage"},"thumbnailUrl":"https:\/\/www.meydan.tv\/wp-content\/uploads\/screenshot_2022-12-04_at_16.55.23.png","articleSection":["B\u00f6lg\u0259","X\u0259b\u0259rl\u0259r"],"inLanguage":"az"},{"@type":"WebPage","@id":"https:\/\/www.meydan.tv\/az\/article\/8-ayin-esgerinin-odlu-silahdan-acilan-ates-neticesinde-olduyu-bildirilir\/","url":"https:\/\/www.meydan.tv\/az\/article\/8-ayin-esgerinin-odlu-silahdan-acilan-ates-neticesinde-olduyu-bildirilir\/","name":"8 ay\u0131n \u0259sg\u0259rinin odlu silahdan a\u00e7\u0131lan at\u0259\u015f n\u0259tic\u0259sind\u0259 \u00f6ld\u00fcy\u00fc bildirilir - MEYDAN.TV","isPartOf":{"@id":"https:\/\/www.meydan.tv\/az\/#website"},"primaryImageOfPage":{"@id":"https:\/\/www.meydan.tv\/az\/article\/8-ayin-esgerinin-odlu-silahdan-acilan-ates-neticesinde-olduyu-bildirilir\/#primaryimage"},"image":{"@id":"https:\/\/www.meydan.tv\/az\/article\/8-ayin-esgerinin-odlu-silahdan-acilan-ates-neticesinde-olduyu-bildirilir\/#primaryimage"},"thumbnailUrl":"https:\/\/www.meydan.tv\/wp-content\/uploads\/screenshot_2022-12-04_at_16.55.23.png","datePublished":"2022-12-04T16:08:53+00:00","dateModified":"2022-12-04T16:08:56+00:00","breadcrumb":{"@id":"https:\/\/www.meydan.tv\/az\/article\/8-ayin-esgerinin-odlu-silahdan-acilan-ates-neticesinde-olduyu-bildirilir\/#breadcrumb"},"inLanguage":"az","potentialAction":[{"@type":"ReadAction","target":["https:\/\/www.meydan.tv\/az\/article\/8-ayin-esgerinin-odlu-silahdan-acilan-ates-neticesinde-olduyu-bildirilir\/"]}]},{"@type":"ImageObject","inLanguage":"az","@id":"https:\/\/www.meydan.tv\/az\/article\/8-ayin-esgerinin-odlu-silahdan-acilan-ates-neticesinde-olduyu-bildirilir\/#primaryimage","url":"https:\/\/www.meydan.tv\/wp-content\/uploads\/screenshot_2022-12-04_at_16.55.23.png","contentUrl":"https:\/\/www.meydan.tv\/wp-content\/uploads\/screenshot_2022-12-04_at_16.55.23.png","width":1136,"height":698,"caption":"Fotolar: Elnur M\u0259mm\u0259dovun yax\u0131nlar\u0131n\u0131n arxivind\u0259n"},{"@type":"BreadcrumbList","@id":"https:\/\/www.meydan.tv\/az\/article\/8-ayin-esgerinin-odlu-silahdan-acilan-ates-neticesinde-olduyu-bildirilir\/#breadcrumb","itemListElement":[{"@type":"ListItem","position":1,"name":"Ana s\u0259hif\u0259","item":"https:\/\/www.meydan.tv\/az\/"},{"@type":"ListItem","position":2,"name":"B\u00f6lg\u0259","item":"https:\/\/www.meydan.tv\/az\/section\/bolge\/"},{"@type":"ListItem","position":3,"name":"8 ay\u0131n \u0259sg\u0259rinin odlu silahdan a\u00e7\u0131lan at\u0259\u015f n\u0259tic\u0259sind\u0259 \u00f6ld\u00fcy\u00fc bildirilir"}]},{"@type":"WebSite","@id":"https:\/\/www.meydan.tv\/az\/#website","url":"https:\/\/www.meydan.tv\/az\/","name":"MEYDAN.TV","description":"Meydan TV Az\u0259rbaycan\u0131n media m\u0259kan\u0131ndak\u0131 alternativ s\u0259sidir","publisher":{"@id":"https:\/\/www.meydan.tv\/az\/#organization"},"potentialAction":[{"@type":"SearchAction","target":{"@type":"EntryPoint","urlTemplate":"https:\/\/www.meydan.tv\/az\/?s={search_term_string}"},"query-input":{"@type":"PropertyValueSpecification","valueRequired":true,"valueName":"search_term_string"}}],"inLanguage":"az"},{"@type":"Organization","@id":"https:\/\/www.meydan.tv\/az\/#organization","name":"Meydan TV","url":"https:\/\/www.meydan.tv\/az\/","logo":{"@type":"ImageObject","inLanguage":"az","@id":"https:\/\/www.meydan.tv\/az\/#\/schema\/logo\/image\/","url":"https:\/\/www.meydan.tv\/wp-content\/uploads\/2021\/07\/meydan-logo.svg","contentUrl":"https:\/\/www.meydan.tv\/wp-content\/uploads\/2021\/07\/meydan-logo.svg","width":195,"height":46,"caption":"Meydan TV"},"image":{"@id":"https:\/\/www.meydan.tv\/az\/#\/schema\/logo\/image\/"}},{"@type":"Person","@id":"https:\/\/www.meydan.tv\/az\/#\/schema\/person\/9cdbecf90d17180ce1dfbd95b08dcf47","name":"elli","sameAs":["https:\/\/x.com\/elli"]}]}},"_links":{"self":[{"href":"https:\/\/www.meydan.tv\/az\/wp-json\/wp\/v2\/posts\/262496","targetHints":{"allow":["GET"]}}],"collection":[{"href":"https:\/\/www.meydan.tv\/az\/wp-json\/wp\/v2\/posts"}],"about":[{"href":"https:\/\/www.meydan.tv\/az\/wp-json\/wp\/v2\/types\/post"}],"author":[{"embeddable":true,"href":"https:\/\/www.meydan.tv\/az\/wp-json\/wp\/v2\/users\/8"}],"replies":[{"embeddable":true,"href":"https:\/\/www.meydan.tv\/az\/wp-json\/wp\/v2\/comments?post=262496"}],"version-history":[{"count":1,"href":"https:\/\/www.meydan.tv\/az\/wp-json\/wp\/v2\/posts\/262496\/revisions"}],"predecessor-version":[{"id":262497,"href":"https:\/\/www.meydan.tv\/az\/wp-json\/wp\/v2\/posts\/262496\/revisions\/262497"}],"wp:featuredmedia":[{"embeddable":true,"href":"https:\/\/www.meydan.tv\/az\/wp-json\/wp\/v2\/media\/262490"}],"wp:attachment":[{"href":"https:\/\/www.meydan.tv\/az\/wp-json\/wp\/v2\/media?parent=262496"}],"wp:term":[{"taxonomy":"category","embeddable":true,"href":"https:\/\/www.meydan.tv\/az\/wp-json\/wp\/v2\/categories?post=262496"},{"taxonomy":"post_tag","embeddable":true,"href":"https:\/\/www.meydan.tv\/az\/wp-json\/wp\/v2\/tags?post=262496"}],"curies":[{"name":"wp","href":"https:\/\/api.w.org\/{rel}","templated":true}]}}