{"id":262482,"date":"2022-12-04T18:38:13","date_gmt":"2022-12-04T14:38:13","guid":{"rendered":"https:\/\/www.meydan.tv\/?p=262482"},"modified":"2022-12-04T18:38:15","modified_gmt":"2022-12-04T14:38:15","slug":"meyart-cirpinirdi-qara-deniz-erdoganin-secki-mahnisi-olub","status":"publish","type":"post","link":"https:\/\/www.meydan.tv\/az\/article\/meyart-cirpinirdi-qara-deniz-erdoganin-secki-mahnisi-olub\/","title":{"rendered":"MeyArt &#8211; &#8220;\u00c7\u0131rp\u0131n\u0131rd\u0131 Qara D\u0259niz&#8221; \u018frdo\u011fan\u0131n se\u00e7ki mahn\u0131s\u0131 olub"},"content":{"rendered":"\n<figure class=\"wp-block-embed is-type-video is-provider-youtube wp-block-embed-youtube wp-embed-aspect-4-3 wp-has-aspect-ratio\"><div class=\"wp-block-embed__wrapper\">\n<iframe title=\"MeyArt - &quot;\u00c7\u0131rp\u0131n\u0131rd\u0131 Qara D\u0259niz&quot; \u018frdo\u011fan\u0131n se\u00e7ki mahn\u0131s\u0131 olub\" width=\"1200\" height=\"675\" data-src=\"https:\/\/www.youtube.com\/embed\/tvJCZoTHIQo?feature=oembed\" frameborder=\"0\" allow=\"accelerometer; autoplay; clipboard-write; encrypted-media; gyroscope; picture-in-picture\" allowfullscreen src=\"data:image\/svg+xml;base64,PHN2ZyB3aWR0aD0iMSIgaGVpZ2h0PSIxIiB4bWxucz0iaHR0cDovL3d3dy53My5vcmcvMjAwMC9zdmciPjwvc3ZnPg==\" class=\"lazyload\" data-load-mode=\"1\"><\/iframe>\n<\/div><\/figure>\n\n\n\n<!--more-->\n\n\n\n<p>25 noyabrda a\u00e7\u0131l\u0131\u015f\u0131 ba\u015f tutan II \u201c4.4 Q\u0131sa Tama\u015falar Festival\u0131\u201dn\u0131n qalibl\u0259ri b\u0259lli olub. Festivalda birinci yer\u0259 Pantomima Teatr\u0131n\u0131n \u201c\u015einel\u201d, ikinci yer\u0259 G\u0259nc Tama\u015fa\u00e7\u0131lar Teatr\u0131n\u0131n \u201c\u0130nan\u0131ram\u201d, \u00fc\u00e7\u00fcnc\u00fc yer\u0259 is\u0259 S\u0259hn\u0259 teatr\u0131n\u0131n \u201cQurd \u0259fsan\u0259si\u201d monotama\u015fas\u0131 layiq g\u00f6r\u00fcl\u00fcb. Bayram ab-havas\u0131 il\u0259 ke\u00e7iril\u0259n festivaldak\u0131 tama\u015falar\u0131n 6-s\u0131 Bak\u0131da, 4-\u00fc rayonlarda f\u0259aliyy\u0259t g\u00f6st\u0259r\u0259n d\u00f6vl\u0259t teatrlar\u0131n\u0131n, 2-si is\u0259 m\u00fcst\u0259qil teatrlar\u0131n pay\u0131na d\u00fc\u015f\u00fcb. Builki festival \u015eu\u015fa ilin\u0259 h\u0259sr olunub. Ancaq tama\u015falara m\u00f6vzu v\u0259 janr m\u0259hdudiyy\u0259ti qoyulmay\u0131b. H\u0259m\u00e7inin qalibl\u0259r pul m\u00fckafatlar\u0131 il\u0259 t\u0259ltif olunub.&nbsp;<\/p>\n\n\n\n<p>&#8220;\u00c7\u0131rp\u0131n\u0131rd\u0131 Qara d\u0259niz&#8221; b\u0259st\u0259si R\u0259c\u0259b Tayyib \u018frdo\u011fan\u0131n se\u00e7ki mahn\u0131s\u0131 olub. M\u00fc\u011f\u0259nni Az\u0259rinin s\u0259sl\u0259ndirdiyi ifan\u0131n s\u00f6zl\u0259ri d\u0259yi\u015fdiril\u0259r\u0259k &#8220;S\u0259nd\u0259n vaz ke\u00e7\u0259 bilm\u0259rik&#8221; adland\u0131r\u0131l\u0131b. G\u0259l\u0259n il T\u00fcrkiy\u0259d\u0259 ke\u00e7iril\u0259c\u0259k prezident se\u00e7kil\u0259rin\u0259 haz\u0131rla\u015fan \u018frdo\u011fan\u0131n partiyas\u0131n\u0131n \u0259yal\u0259t ba\u015fqan\u0131 \u201cBu mahn\u0131 mill\u0259tin liderin\u0259 olan sevdas\u0131n\u0131n ad\u0131d\u0131r\u201d yazaraq klipi sosial media \u00fcz\u0259rind\u0259n payla\u015f\u0131b.<\/p>\n\n\n\n<p>Xat\u0131rladaq ki, &#8220;\u00c7\u0131rp\u0131n\u0131rd\u0131 Qara d\u0259niz&#8221; \u0259s\u0259rini b\u0259st\u0259kar \u00dczeyir Hac\u0131b\u0259yov v\u0259 \u015fair \u018fhm\u0259d Cavad \u0259rs\u0259y\u0259 g\u0259tirib.<\/p>\n\n\n\n<p>Xalq artisti Aftandil \u0130srafilov x\u0259st\u0259xanaya yerl\u0259\u015fdirilib. Bu bar\u0259d\u0259 s\u0259n\u0259t\u00e7inin q\u0131z\u0131 H\u0259c\u0259r \u0130srafilova m\u0259lumat verib. O, Xalq artistinin reanimasiyada oldu\u011funu deyib. H\u0259c\u0259r \u0130srafilova deyir ki, x\u0259st\u0259liyinin tam olaraq n\u0259 oldu\u011fu haqq\u0131nda m\u0259lumata sahib deyil.&nbsp;<\/p>\n\n\n\n<p>\u015eahzad\u0259 Harri v\u0259 h\u0259yat yolda\u015f\u0131 Meqan Markl\u0131n h\u0259yat\u0131ndan b\u0259hs ed\u0259n s\u0259n\u0259dli filmin fraqmenti yay\u0131mlan\u0131b. Yax\u0131nda Netflixd\u0259 yay\u0131mlanacaq filmin rejissoru iki d\u0259f\u0259 Akademiya M\u00fckafat\u0131na namiz\u0259d olmu\u015f Emmy m\u00fckafatl\u0131 rejissor Liz Qarbusdur.<\/p>\n\n\n\n<p>Alt\u0131 b\u00f6l\u00fcml\u00fck layih\u0259d\u0259 c\u00fctl\u00fcy\u00fcn tan\u0131\u015fl\u0131\u011f\u0131ndan tutmu\u015f kraliyy\u0259td\u0259ki v\u0259zif\u0259l\u0259rind\u0259n imtina etdikl\u0259ri d\u00f6vr\u0259 q\u0259d\u0259r ya\u015fad\u0131qlar\u0131 \u0259ks olunub.&nbsp; \u015eahzad\u0259 Harri, &#8220;He\u00e7 kim ba\u011fl\u0131 qap\u0131lar arxas\u0131nda ba\u015f ver\u0259nl\u0259ri g\u00f6rm\u00fcr&#8221; deyib. H\u0259m\u00e7inin \u015eahzad\u0259 Harri, serial\u0131n tizer ssenarisind\u0259 &#8220;Ail\u0259mi qorumaq \u00fc\u00e7\u00fcn \u0259limd\u0259n g\u0259l\u0259ni etm\u0259li oldum&#8221; dedi.<\/p>\n\n\n\n<p>T\u00fcrkiy\u0259 \u0259leyhin\u0259 m\u0259qamlar\u0131n yer ald\u0131\u011f\u0131 deyil\u0259n &#8220;Odda-\u0130ki bac\u0131\u201d filminin Bak\u0131da n\u00fcmayi\u015fi ba\u015f tutmayacaq. Sujet x\u0259tttin\u0259 g\u00f6r\u0259, \u201cOdda-\u0130ki bac\u0131\u201d filmini Az\u0259rbaycan kinoteatrlar\u0131 yay\u0131mlamaqdan imtina edib.Almaniyan\u0131n Az\u0259rbaycandak\u0131 s\u0259firliyi v\u0259 Avropa \u0130ttifaq\u0131n\u0131n n\u00fcmay\u0259nd\u0259liyinin filmin n\u00fcmayi\u015fi il\u0259 ba\u011fl\u0131 t\u0259\u015f\u0259bb\u00fcs\u00fc etirazla qar\u015f\u0131land\u0131\u011f\u0131ndan geri add\u0131m at\u0131l\u0131b.&nbsp;<\/p>\n\n\n\n<p>\u201cT\u0259\u0259ss\u00fcf ki, film haqq\u0131nda yanl\u0131\u015f t\u0259\u0259ss\u00fcrat yaran\u0131b. Filmd\u0259 uzun ill\u0259rdir, bir birind\u0259n ayr\u0131 d\u00fc\u015fm\u00fc\u015f iki miqrasiya ke\u00e7mi\u015fi olan bac\u0131n\u0131n \u015f\u0259xsi hekay\u0259sind\u0259n b\u0259hs edir. Almaniyada insanlar\u0131n t\u0259xmin\u0259n d\u00f6rdd\u0259 biri miqrasiya ke\u00e7mi\u015fin\u0259 malikdir, \u00f6z ail\u0259l\u0259rinin m\u0259n\u015f\u0259yi v\u0259 \u015f\u0259xsiyy\u0259t suallar\u0131 il\u0259 maraqlan\u0131rlar. Bu s\u0259b\u0259bd\u0259n d\u0259 filmin alman c\u0259miyy\u0259ti \u00fc\u00e7\u00fcn x\u00fcsusi aktuall\u0131\u011f\u0131 var. Filmin m\u0259qs\u0259di m\u0259hz bu idi v\u0259 buna g\u00f6r\u0259 d\u0259 Az\u0259rbaycanda n\u00fcmayi\u015fi planla\u015fd\u0131r\u0131l\u0131rd\u0131\u201d, dey\u0259 s\u0259firlik bildirib.<\/p>\n\n\n\n<p>&nbsp;Film k\u00fcrd-iraq \u0259silli Rojda adl\u0131 g\u0259nc q\u0131z\u0131n ba\u015f\u0131na g\u0259l\u0259n hadis\u0259l\u0259rd\u0259n b\u0259hs edir. O, Almaniya Silahl\u0131 Q\u00fcvv\u0259l\u0259rinin \u0259sg\u0259ridir. G\u0259nc q\u0131z itkin d\u00fc\u015fm\u00fc\u015f bac\u0131s\u0131n\u0131 tapmaq \u00fc\u00e7\u00fcn t\u0259yinat\u0131n\u0131 \u0130raqa sald\u0131r\u0131r. H\u0259m\u00e7inin bildirilir ki, filmin s\u00fcjet x\u0259ttind\u0259 T\u00fcrkiy\u0259 h\u0259rb\u00e7il\u0259ri q\u0259ddar, &#8220;potensial d\u00fc\u015fm\u0259n&#8221; kimi g\u00f6st\u0259rilib.<\/p>\n\n\n\n<p>2022-ci il noyabr\u0131n 14-d\u0259n 25-d\u0259k Az\u0259rbaycanda XII Avropa Film Festival\u0131 ke\u00e7irilib. Festivala m\u00fcxt\u0259lif \u00f6lk\u0259l\u0259rd\u0259n olan on iki film t\u0259qdim olunub.<\/p>\n","protected":false},"excerpt":{"rendered":"","protected":false},"author":14,"featured_media":262483,"comment_status":"closed","ping_status":"closed","sticky":false,"template":"","format":"standard","meta":{"_acf_changed":false,"_sitemap_exclude":false,"_sitemap_priority":"","_sitemap_frequency":"","footnotes":""},"categories":[52,63],"tags":[],"class_list":["post-262482","post","type-post","status-publish","format-standard","has-post-thumbnail","hentry","category-medeniyyet","category-video-2","infinite-scroll-item","generate-columns","tablet-grid-50","mobile-grid-100","grid-parent","grid-33","no-featured-image-padding"],"acf":[],"yoast_head":"<!-- This site is optimized with the Yoast SEO plugin v27.4 - https:\/\/yoast.com\/product\/yoast-seo-wordpress\/ -->\n<title>MeyArt - &quot;\u00c7\u0131rp\u0131n\u0131rd\u0131 Qara D\u0259niz&quot; \u018frdo\u011fan\u0131n se\u00e7ki mahn\u0131s\u0131 olub - MEYDAN.TV<\/title>\n<meta name=\"robots\" content=\"index, follow, max-snippet:-1, max-image-preview:large, max-video-preview:-1\" \/>\n<link rel=\"canonical\" href=\"https:\/\/www.meydan.tv\/az\/article\/meyart-cirpinirdi-qara-deniz-erdoganin-secki-mahnisi-olub\/\" \/>\n<meta property=\"og:locale\" content=\"az_AZ\" \/>\n<meta property=\"og:type\" content=\"article\" \/>\n<meta property=\"og:title\" content=\"MeyArt - &quot;\u00c7\u0131rp\u0131n\u0131rd\u0131 Qara D\u0259niz&quot; \u018frdo\u011fan\u0131n se\u00e7ki mahn\u0131s\u0131 olub - MEYDAN.TV\" \/>\n<meta property=\"og:url\" content=\"https:\/\/www.meydan.tv\/az\/article\/meyart-cirpinirdi-qara-deniz-erdoganin-secki-mahnisi-olub\/\" \/>\n<meta property=\"og:site_name\" content=\"MEYDAN.TV\" \/>\n<meta property=\"article:published_time\" content=\"2022-12-04T14:38:13+00:00\" \/>\n<meta property=\"article:modified_time\" content=\"2022-12-04T14:38:15+00:00\" \/>\n<meta property=\"og:image\" content=\"https:\/\/www.meydan.tv\/wp-content\/uploads\/screenshot-2022-12-04-at-13.41.54.png\" \/>\n\t<meta property=\"og:image:width\" content=\"1102\" \/>\n\t<meta property=\"og:image:height\" content=\"622\" \/>\n\t<meta property=\"og:image:type\" content=\"image\/png\" \/>\n<meta name=\"author\" content=\"roma\" \/>\n<meta name=\"twitter:card\" content=\"summary_large_image\" \/>\n<script type=\"application\/ld+json\" class=\"yoast-schema-graph\">{\"@context\":\"https:\\\/\\\/schema.org\",\"@graph\":[{\"@type\":\"Article\",\"@id\":\"https:\\\/\\\/www.meydan.tv\\\/az\\\/article\\\/meyart-cirpinirdi-qara-deniz-erdoganin-secki-mahnisi-olub\\\/#article\",\"isPartOf\":{\"@id\":\"https:\\\/\\\/www.meydan.tv\\\/az\\\/article\\\/meyart-cirpinirdi-qara-deniz-erdoganin-secki-mahnisi-olub\\\/\"},\"author\":{\"name\":\"roma\",\"@id\":\"https:\\\/\\\/www.meydan.tv\\\/az\\\/#\\\/schema\\\/person\\\/8f23e01c4de63326c13c319fb65ee65d\"},\"headline\":\"MeyArt &#8211; &#8220;\u00c7\u0131rp\u0131n\u0131rd\u0131 Qara D\u0259niz&#8221; \u018frdo\u011fan\u0131n se\u00e7ki mahn\u0131s\u0131 olub\",\"datePublished\":\"2022-12-04T14:38:13+00:00\",\"dateModified\":\"2022-12-04T14:38:15+00:00\",\"mainEntityOfPage\":{\"@id\":\"https:\\\/\\\/www.meydan.tv\\\/az\\\/article\\\/meyart-cirpinirdi-qara-deniz-erdoganin-secki-mahnisi-olub\\\/\"},\"wordCount\":742,\"publisher\":{\"@id\":\"https:\\\/\\\/www.meydan.tv\\\/az\\\/#organization\"},\"image\":{\"@id\":\"https:\\\/\\\/www.meydan.tv\\\/az\\\/article\\\/meyart-cirpinirdi-qara-deniz-erdoganin-secki-mahnisi-olub\\\/#primaryimage\"},\"thumbnailUrl\":\"https:\\\/\\\/www.meydan.tv\\\/wp-content\\\/uploads\\\/screenshot-2022-12-04-at-13.41.54.png\",\"articleSection\":[\"M\u0259d\u0259niyy\u0259t\",\"Video\"],\"inLanguage\":\"az\"},{\"@type\":\"WebPage\",\"@id\":\"https:\\\/\\\/www.meydan.tv\\\/az\\\/article\\\/meyart-cirpinirdi-qara-deniz-erdoganin-secki-mahnisi-olub\\\/\",\"url\":\"https:\\\/\\\/www.meydan.tv\\\/az\\\/article\\\/meyart-cirpinirdi-qara-deniz-erdoganin-secki-mahnisi-olub\\\/\",\"name\":\"MeyArt - \\\"\u00c7\u0131rp\u0131n\u0131rd\u0131 Qara D\u0259niz\\\" \u018frdo\u011fan\u0131n se\u00e7ki mahn\u0131s\u0131 olub - MEYDAN.TV\",\"isPartOf\":{\"@id\":\"https:\\\/\\\/www.meydan.tv\\\/az\\\/#website\"},\"primaryImageOfPage\":{\"@id\":\"https:\\\/\\\/www.meydan.tv\\\/az\\\/article\\\/meyart-cirpinirdi-qara-deniz-erdoganin-secki-mahnisi-olub\\\/#primaryimage\"},\"image\":{\"@id\":\"https:\\\/\\\/www.meydan.tv\\\/az\\\/article\\\/meyart-cirpinirdi-qara-deniz-erdoganin-secki-mahnisi-olub\\\/#primaryimage\"},\"thumbnailUrl\":\"https:\\\/\\\/www.meydan.tv\\\/wp-content\\\/uploads\\\/screenshot-2022-12-04-at-13.41.54.png\",\"datePublished\":\"2022-12-04T14:38:13+00:00\",\"dateModified\":\"2022-12-04T14:38:15+00:00\",\"breadcrumb\":{\"@id\":\"https:\\\/\\\/www.meydan.tv\\\/az\\\/article\\\/meyart-cirpinirdi-qara-deniz-erdoganin-secki-mahnisi-olub\\\/#breadcrumb\"},\"inLanguage\":\"az\",\"potentialAction\":[{\"@type\":\"ReadAction\",\"target\":[\"https:\\\/\\\/www.meydan.tv\\\/az\\\/article\\\/meyart-cirpinirdi-qara-deniz-erdoganin-secki-mahnisi-olub\\\/\"]}]},{\"@type\":\"ImageObject\",\"inLanguage\":\"az\",\"@id\":\"https:\\\/\\\/www.meydan.tv\\\/az\\\/article\\\/meyart-cirpinirdi-qara-deniz-erdoganin-secki-mahnisi-olub\\\/#primaryimage\",\"url\":\"https:\\\/\\\/www.meydan.tv\\\/wp-content\\\/uploads\\\/screenshot-2022-12-04-at-13.41.54.png\",\"contentUrl\":\"https:\\\/\\\/www.meydan.tv\\\/wp-content\\\/uploads\\\/screenshot-2022-12-04-at-13.41.54.png\",\"width\":1102,\"height\":622},{\"@type\":\"BreadcrumbList\",\"@id\":\"https:\\\/\\\/www.meydan.tv\\\/az\\\/article\\\/meyart-cirpinirdi-qara-deniz-erdoganin-secki-mahnisi-olub\\\/#breadcrumb\",\"itemListElement\":[{\"@type\":\"ListItem\",\"position\":1,\"name\":\"Ana s\u0259hif\u0259\",\"item\":\"https:\\\/\\\/www.meydan.tv\\\/az\\\/\"},{\"@type\":\"ListItem\",\"position\":2,\"name\":\"Video\",\"item\":\"https:\\\/\\\/www.meydan.tv\\\/az\\\/section\\\/video-2\\\/\"},{\"@type\":\"ListItem\",\"position\":3,\"name\":\"MeyArt &#8211; &#8220;\u00c7\u0131rp\u0131n\u0131rd\u0131 Qara D\u0259niz&#8221; \u018frdo\u011fan\u0131n se\u00e7ki mahn\u0131s\u0131 olub\"}]},{\"@type\":\"WebSite\",\"@id\":\"https:\\\/\\\/www.meydan.tv\\\/az\\\/#website\",\"url\":\"https:\\\/\\\/www.meydan.tv\\\/az\\\/\",\"name\":\"MEYDAN.TV\",\"description\":\"Meydan TV Az\u0259rbaycan\u0131n media m\u0259kan\u0131ndak\u0131 alternativ s\u0259sidir\",\"publisher\":{\"@id\":\"https:\\\/\\\/www.meydan.tv\\\/az\\\/#organization\"},\"potentialAction\":[{\"@type\":\"SearchAction\",\"target\":{\"@type\":\"EntryPoint\",\"urlTemplate\":\"https:\\\/\\\/www.meydan.tv\\\/az\\\/?s={search_term_string}\"},\"query-input\":{\"@type\":\"PropertyValueSpecification\",\"valueRequired\":true,\"valueName\":\"search_term_string\"}}],\"inLanguage\":\"az\"},{\"@type\":\"Organization\",\"@id\":\"https:\\\/\\\/www.meydan.tv\\\/az\\\/#organization\",\"name\":\"Meydan TV\",\"url\":\"https:\\\/\\\/www.meydan.tv\\\/az\\\/\",\"logo\":{\"@type\":\"ImageObject\",\"inLanguage\":\"az\",\"@id\":\"https:\\\/\\\/www.meydan.tv\\\/az\\\/#\\\/schema\\\/logo\\\/image\\\/\",\"url\":\"https:\\\/\\\/www.meydan.tv\\\/wp-content\\\/uploads\\\/2021\\\/07\\\/meydan-logo.svg\",\"contentUrl\":\"https:\\\/\\\/www.meydan.tv\\\/wp-content\\\/uploads\\\/2021\\\/07\\\/meydan-logo.svg\",\"width\":195,\"height\":46,\"caption\":\"Meydan TV\"},\"image\":{\"@id\":\"https:\\\/\\\/www.meydan.tv\\\/az\\\/#\\\/schema\\\/logo\\\/image\\\/\"}},{\"@type\":\"Person\",\"@id\":\"https:\\\/\\\/www.meydan.tv\\\/az\\\/#\\\/schema\\\/person\\\/8f23e01c4de63326c13c319fb65ee65d\",\"name\":\"roma\"}]}<\/script>\n<!-- \/ Yoast SEO plugin. -->","yoast_head_json":{"title":"MeyArt - \"\u00c7\u0131rp\u0131n\u0131rd\u0131 Qara D\u0259niz\" \u018frdo\u011fan\u0131n se\u00e7ki mahn\u0131s\u0131 olub - MEYDAN.TV","robots":{"index":"index","follow":"follow","max-snippet":"max-snippet:-1","max-image-preview":"max-image-preview:large","max-video-preview":"max-video-preview:-1"},"canonical":"https:\/\/www.meydan.tv\/az\/article\/meyart-cirpinirdi-qara-deniz-erdoganin-secki-mahnisi-olub\/","og_locale":"az_AZ","og_type":"article","og_title":"MeyArt - \"\u00c7\u0131rp\u0131n\u0131rd\u0131 Qara D\u0259niz\" \u018frdo\u011fan\u0131n se\u00e7ki mahn\u0131s\u0131 olub - MEYDAN.TV","og_url":"https:\/\/www.meydan.tv\/az\/article\/meyart-cirpinirdi-qara-deniz-erdoganin-secki-mahnisi-olub\/","og_site_name":"MEYDAN.TV","article_published_time":"2022-12-04T14:38:13+00:00","article_modified_time":"2022-12-04T14:38:15+00:00","og_image":[{"width":1102,"height":622,"url":"https:\/\/www.meydan.tv\/wp-content\/uploads\/screenshot-2022-12-04-at-13.41.54.png","type":"image\/png"}],"author":"roma","twitter_card":"summary_large_image","schema":{"@context":"https:\/\/schema.org","@graph":[{"@type":"Article","@id":"https:\/\/www.meydan.tv\/az\/article\/meyart-cirpinirdi-qara-deniz-erdoganin-secki-mahnisi-olub\/#article","isPartOf":{"@id":"https:\/\/www.meydan.tv\/az\/article\/meyart-cirpinirdi-qara-deniz-erdoganin-secki-mahnisi-olub\/"},"author":{"name":"roma","@id":"https:\/\/www.meydan.tv\/az\/#\/schema\/person\/8f23e01c4de63326c13c319fb65ee65d"},"headline":"MeyArt &#8211; &#8220;\u00c7\u0131rp\u0131n\u0131rd\u0131 Qara D\u0259niz&#8221; \u018frdo\u011fan\u0131n se\u00e7ki mahn\u0131s\u0131 olub","datePublished":"2022-12-04T14:38:13+00:00","dateModified":"2022-12-04T14:38:15+00:00","mainEntityOfPage":{"@id":"https:\/\/www.meydan.tv\/az\/article\/meyart-cirpinirdi-qara-deniz-erdoganin-secki-mahnisi-olub\/"},"wordCount":742,"publisher":{"@id":"https:\/\/www.meydan.tv\/az\/#organization"},"image":{"@id":"https:\/\/www.meydan.tv\/az\/article\/meyart-cirpinirdi-qara-deniz-erdoganin-secki-mahnisi-olub\/#primaryimage"},"thumbnailUrl":"https:\/\/www.meydan.tv\/wp-content\/uploads\/screenshot-2022-12-04-at-13.41.54.png","articleSection":["M\u0259d\u0259niyy\u0259t","Video"],"inLanguage":"az"},{"@type":"WebPage","@id":"https:\/\/www.meydan.tv\/az\/article\/meyart-cirpinirdi-qara-deniz-erdoganin-secki-mahnisi-olub\/","url":"https:\/\/www.meydan.tv\/az\/article\/meyart-cirpinirdi-qara-deniz-erdoganin-secki-mahnisi-olub\/","name":"MeyArt - \"\u00c7\u0131rp\u0131n\u0131rd\u0131 Qara D\u0259niz\" \u018frdo\u011fan\u0131n se\u00e7ki mahn\u0131s\u0131 olub - MEYDAN.TV","isPartOf":{"@id":"https:\/\/www.meydan.tv\/az\/#website"},"primaryImageOfPage":{"@id":"https:\/\/www.meydan.tv\/az\/article\/meyart-cirpinirdi-qara-deniz-erdoganin-secki-mahnisi-olub\/#primaryimage"},"image":{"@id":"https:\/\/www.meydan.tv\/az\/article\/meyart-cirpinirdi-qara-deniz-erdoganin-secki-mahnisi-olub\/#primaryimage"},"thumbnailUrl":"https:\/\/www.meydan.tv\/wp-content\/uploads\/screenshot-2022-12-04-at-13.41.54.png","datePublished":"2022-12-04T14:38:13+00:00","dateModified":"2022-12-04T14:38:15+00:00","breadcrumb":{"@id":"https:\/\/www.meydan.tv\/az\/article\/meyart-cirpinirdi-qara-deniz-erdoganin-secki-mahnisi-olub\/#breadcrumb"},"inLanguage":"az","potentialAction":[{"@type":"ReadAction","target":["https:\/\/www.meydan.tv\/az\/article\/meyart-cirpinirdi-qara-deniz-erdoganin-secki-mahnisi-olub\/"]}]},{"@type":"ImageObject","inLanguage":"az","@id":"https:\/\/www.meydan.tv\/az\/article\/meyart-cirpinirdi-qara-deniz-erdoganin-secki-mahnisi-olub\/#primaryimage","url":"https:\/\/www.meydan.tv\/wp-content\/uploads\/screenshot-2022-12-04-at-13.41.54.png","contentUrl":"https:\/\/www.meydan.tv\/wp-content\/uploads\/screenshot-2022-12-04-at-13.41.54.png","width":1102,"height":622},{"@type":"BreadcrumbList","@id":"https:\/\/www.meydan.tv\/az\/article\/meyart-cirpinirdi-qara-deniz-erdoganin-secki-mahnisi-olub\/#breadcrumb","itemListElement":[{"@type":"ListItem","position":1,"name":"Ana s\u0259hif\u0259","item":"https:\/\/www.meydan.tv\/az\/"},{"@type":"ListItem","position":2,"name":"Video","item":"https:\/\/www.meydan.tv\/az\/section\/video-2\/"},{"@type":"ListItem","position":3,"name":"MeyArt &#8211; &#8220;\u00c7\u0131rp\u0131n\u0131rd\u0131 Qara D\u0259niz&#8221; \u018frdo\u011fan\u0131n se\u00e7ki mahn\u0131s\u0131 olub"}]},{"@type":"WebSite","@id":"https:\/\/www.meydan.tv\/az\/#website","url":"https:\/\/www.meydan.tv\/az\/","name":"MEYDAN.TV","description":"Meydan TV Az\u0259rbaycan\u0131n media m\u0259kan\u0131ndak\u0131 alternativ s\u0259sidir","publisher":{"@id":"https:\/\/www.meydan.tv\/az\/#organization"},"potentialAction":[{"@type":"SearchAction","target":{"@type":"EntryPoint","urlTemplate":"https:\/\/www.meydan.tv\/az\/?s={search_term_string}"},"query-input":{"@type":"PropertyValueSpecification","valueRequired":true,"valueName":"search_term_string"}}],"inLanguage":"az"},{"@type":"Organization","@id":"https:\/\/www.meydan.tv\/az\/#organization","name":"Meydan TV","url":"https:\/\/www.meydan.tv\/az\/","logo":{"@type":"ImageObject","inLanguage":"az","@id":"https:\/\/www.meydan.tv\/az\/#\/schema\/logo\/image\/","url":"https:\/\/www.meydan.tv\/wp-content\/uploads\/2021\/07\/meydan-logo.svg","contentUrl":"https:\/\/www.meydan.tv\/wp-content\/uploads\/2021\/07\/meydan-logo.svg","width":195,"height":46,"caption":"Meydan TV"},"image":{"@id":"https:\/\/www.meydan.tv\/az\/#\/schema\/logo\/image\/"}},{"@type":"Person","@id":"https:\/\/www.meydan.tv\/az\/#\/schema\/person\/8f23e01c4de63326c13c319fb65ee65d","name":"roma"}]}},"_links":{"self":[{"href":"https:\/\/www.meydan.tv\/az\/wp-json\/wp\/v2\/posts\/262482","targetHints":{"allow":["GET"]}}],"collection":[{"href":"https:\/\/www.meydan.tv\/az\/wp-json\/wp\/v2\/posts"}],"about":[{"href":"https:\/\/www.meydan.tv\/az\/wp-json\/wp\/v2\/types\/post"}],"author":[{"embeddable":true,"href":"https:\/\/www.meydan.tv\/az\/wp-json\/wp\/v2\/users\/14"}],"replies":[{"embeddable":true,"href":"https:\/\/www.meydan.tv\/az\/wp-json\/wp\/v2\/comments?post=262482"}],"version-history":[{"count":1,"href":"https:\/\/www.meydan.tv\/az\/wp-json\/wp\/v2\/posts\/262482\/revisions"}],"predecessor-version":[{"id":262486,"href":"https:\/\/www.meydan.tv\/az\/wp-json\/wp\/v2\/posts\/262482\/revisions\/262486"}],"wp:featuredmedia":[{"embeddable":true,"href":"https:\/\/www.meydan.tv\/az\/wp-json\/wp\/v2\/media\/262483"}],"wp:attachment":[{"href":"https:\/\/www.meydan.tv\/az\/wp-json\/wp\/v2\/media?parent=262482"}],"wp:term":[{"taxonomy":"category","embeddable":true,"href":"https:\/\/www.meydan.tv\/az\/wp-json\/wp\/v2\/categories?post=262482"},{"taxonomy":"post_tag","embeddable":true,"href":"https:\/\/www.meydan.tv\/az\/wp-json\/wp\/v2\/tags?post=262482"}],"curies":[{"name":"wp","href":"https:\/\/api.w.org\/{rel}","templated":true}]}}