{"id":262446,"date":"2022-12-03T15:49:06","date_gmt":"2022-12-03T11:49:06","guid":{"rendered":"https:\/\/www.meydan.tv\/?p=262446"},"modified":"2022-12-03T19:22:09","modified_gmt":"2022-12-03T15:22:09","slug":"ermenistan-azerbaycani-humanitar-huquqlari-pozmaqda-ittiham-edir","status":"publish","type":"post","link":"https:\/\/www.meydan.tv\/az\/article\/ermenistan-azerbaycani-humanitar-huquqlari-pozmaqda-ittiham-edir\/","title":{"rendered":"Erm\u0259nistan Az\u0259rbaycan\u0131 humanitar h\u00fcquqlar\u0131 pozmaqda ittiham edir (yenil\u0259nib)"},"content":{"rendered":"\n<p><em>Yeni yol x\u0259rit\u0259si haz\u0131rlan\u0131r<\/em><\/p>\n\n\n\n<p>ETSN, \u0130qtisadiyyat Nazirliyi yan\u0131nda \u018fmlak M\u0259s\u0259l\u0259l\u0259ri D\u00f6vl\u0259t Xidm\u0259ti v\u0259 \u201cAzerGold\u201d QSC-nin \u0259m\u0259kda\u015flar\u0131 Rusiya s\u00fclhm\u0259raml\u0131 q\u00fcvv\u0259l\u0259rinin m\u00fcv\u0259qq\u0259ti yerl\u0259\u015fdiyi Az\u0259rbaycan \u0259razil\u0259rin\u0259 ke\u00e7ib. Xocal\u0131da s\u00fclhm\u0259raml\u0131 q\u00fcvv\u0259l\u0259rin q\u0259rargah\u0131nda, s\u00fclhm\u0259raml\u0131lar\u0131n komandanl\u0131\u011f\u0131 il\u0259 m\u00fczakir\u0259l\u0259ri davam etdiribl\u0259r.<br>Ekologiya v\u0259 T\u0259bii S\u0259rv\u0259tl\u0259r Nazirliyinin yayd\u0131\u011f\u0131 n\u00f6vb\u0259ti m\u0259lumatda bel\u0259 deyilir.<\/p>\n\n\n\n<p>\u201cM\u00fczakir\u0259l\u0259rd\u0259 Az\u0259rbaycan \u0259razil\u0259rind\u0259 apar\u0131lan qeyri-leqal iqtisadi f\u0259aliyy\u0259tl\u0259r \u00e7\u0259r\u00e7iv\u0259sind\u0259 faydal\u0131 qaz\u0131nt\u0131lar\u0131n qanunsuz istismar\u0131, bundan ir\u0259li g\u0259l\u0259n ekoloji v\u0259 dig\u0259r t\u00f6r\u0259m\u0259 f\u0259sadlarla ba\u011fl\u0131 ciddi narahatl\u0131q v\u0259 naraz\u0131l\u0131qlar dil\u0259 g\u0259tirilib\u201d, &#8211; m\u0259lumatda qeyd edilir.<br>Daha sonra bildirilir ki, faydal\u0131 qaz\u0131nt\u0131lar\u0131n qanunsuz istismar\u0131n\u0131n apar\u0131ld\u0131\u011f\u0131 yataqlarda v\u0259 m\u00fcvafiq dig\u0259r m\u0259nt\u0259q\u0259l\u0259rd\u0259 monitorinq, \u0259mlak\u0131n inventarizasiyas\u0131 v\u0259 ekoloji ara\u015fd\u0131rma i\u015fl\u0259rinin apar\u0131lmas\u0131n\u0131n vacibliyi vur\u011fulan\u0131b:<br>\u201cDekabr\u0131n 3-d\u0259 saat 18.00 rad\u0259l\u0259rind\u0259 ged\u0259n qrup \u015eu\u015fa \u015f\u0259h\u0259rin\u0259 qay\u0131d\u0131b. Xocal\u0131da, s\u00fclhm\u0259raml\u0131 q\u00fcvv\u0259l\u0259rin q\u0259rargah\u0131nda ke\u00e7irilmi\u015f m\u00fczakir\u0259l\u0259rin n\u0259tic\u0259si olaraq qeyd olunan f\u0259aliyy\u0259t istiqam\u0259tl\u0259ri \u00fczr\u0259 \u0259razid\u0259 i\u015fl\u0259rin apar\u0131lmas\u0131 \u00fc\u00e7\u00fcn ETSN v\u0259 dig\u0259r aidiyy\u0259ti qurumlar\u0131n i\u015ftirak\u0131 il\u0259 yol x\u0259rit\u0259sinin haz\u0131rlanmas\u0131na ba\u015flan\u0131l\u0131b\u201d.<\/p>\n\n\n\n<hr class=\"wp-block-separator has-alpha-channel-opacity\"\/>\n\n\n\n<p>\u201cAz\u0259rbaycan t\u0259r\u0259fi il\u0259 3 saatdan art\u0131q davam ed\u0259n dan\u0131\u015f\u0131qlar n\u0259tic\u0259sini verib\u201d.<\/p>\n\n\n\n<p>Qaraba\u011f\u0131 Erm\u0259nistana birl\u0259\u015fdir\u0259n yegan\u0259 avtomobil yolunun f\u0259aliyy\u0259ti b\u0259rpa olunub.<\/p>\n\n\n\n<p>Tan\u0131nmayan v\u0259 Da\u011fl\u0131q Qaraba\u011f separat\u00e7\u0131lar\u0131n\u0131n idar\u0259 etdiyi Da\u011fl\u0131q Qaraba\u011f Respublikas\u0131n\u0131n \u0130nformasiya M\u0259rk\u0259zinin yayd\u0131\u011f\u0131 <a href=\"https:\/\/m.facebook.com\/story.php?story_fbid=pfbid0i5b2s3auBQdkM4dLqhV7nKcyzii9j2Cy5dUaVqe7D8BgHEWH3ygs5tyoP5XYXZzTl&amp;id=100069203860119\" target=\"_blank\" rel=\"noreferrer noopener\">m\u0259lumat<\/a>da bel\u0259 deyilir.<\/p>\n\n\n\n<p>Az\u0259rbaycan t\u0259r\u0259fi is\u0259 h\u0259l\u0259 ki yolun ba\u011flan\u0131b-a\u00e7\u0131lmas\u0131 il\u0259 ba\u011fl\u0131 r\u0259smi a\u00e7\u0131qlama yaymay\u0131b.<\/p>\n\n\n\n<hr class=\"wp-block-separator has-alpha-channel-opacity\"\/>\n\n\n\n<p><em>ETSN is\u0259 deyir ki, erm\u0259ni t\u0259r\u0259f qanunsuz qaz\u0131nt\u0131 apar\u0131r<\/em><\/p>\n\n\n\n<p>Az\u0259rbaycan Rusiya s\u00fclhm\u0259raml\u0131 q\u00fcvv\u0259l\u0259rinin m\u00fcv\u0259qq\u0259ti yerl\u0259\u015fdirildiyi \u0259razil\u0259rd\u0259 faydal\u0131 qaz\u0131nt\u0131lar\u0131n qanunsuz istismar\u0131n\u0131n h\u0259yata ke\u00e7irildiyini iddia edir.<\/p>\n\n\n\n<p>Bu bar\u0259d\u0259 Az\u0259rbaycan\u0131n Ekologiya v\u0259 T\u0259bii S\u0259rv\u0259tl\u0259r Nazirliyinin (ETSN) a\u00e7\u0131qlamas\u0131nda bildirilir.<\/p>\n\n\n\n<p>Erm\u0259nistan t\u0259r\u0259f is\u0259 deyir ki, Az\u0259rbaycan Xank\u0259ndi (Stepanakert) \u2013 Goris yolunu ba\u011flay\u0131b, Da\u011fl\u0131q Qaraba\u011fa tibbi l\u0259vazimat v\u0259 d\u0259rmanlar\u0131n da\u015f\u0131nmas\u0131n\u0131n qar\u015f\u0131s\u0131n\u0131 al\u0131b.<\/p>\n\n\n\n<p>Bu m\u0259lumat\u0131 is\u0259 tan\u0131nmayan, Qaraba\u011f separat\u00e7\u0131lar\u0131n\u0131n idar\u0259 etdiyi Da\u011fl\u0131q Qaraba\u011f Respublikas\u0131n\u0131n S\u0259hiyy\u0259 Nazirliyi <a href=\"https:\/\/www.facebook.com\/photo?fbid=517210933778179&amp;set=a.253809323451676\" target=\"_blank\" rel=\"noreferrer noopener\">a\u00e7\u0131qlay\u0131b<\/a>.<\/p>\n\n\n\n<p>ETSN hesab edir ki, \u0259razil\u0259rd\u0259 faydal\u0131 qaz\u0131nt\u0131lar\u0131n qanunsuz istismar\u0131 ekoloji f\u0259sadlara s\u0259b\u0259b olur v\u0259 ara\u015fd\u0131r\u0131lmas\u0131, \u0259razinin monitorinqi \u00fc\u00e7\u00fcn b\u00f6lg\u0259y\u0259 ekspertl\u0259rd\u0259n ibar\u0259t qrup g\u00f6nd\u0259rm\u0259k ist\u0259yir.<br>ETSN buna g\u00f6r\u0259 Rusiya s\u00fclhm\u0259raml\u0131 q\u00fcvv\u0259l\u0259rinin komandanl\u0131\u011f\u0131 il\u0259 m\u00fczakir\u0259 edir:<\/p>\n\n\n\n<p>\u201cDan\u0131\u015f\u0131qlar\u0131n yekunlar\u0131 bar\u0259d\u0259 ictimaiyy\u0259t\u0259 m\u0259lumat veril\u0259c\u0259k\u201d, &#8211; m\u0259lumatda bildirilib.<br>Nazirlik onu da bildirir ki, bu g\u00fcn, saat 11:00 rad\u0259l\u0259rind\u0259 Az\u0259rbaycan Respublikas\u0131 Ekologiya v\u0259 T\u0259bii S\u0259rv\u0259tl\u0259r Nazirliyi, Az\u0259rbaycan Respublikas\u0131 \u0130qtisadiyyat Nazirliyi yan\u0131nda \u018fmlak M\u0259s\u0259l\u0259l\u0259ri D\u00f6vl\u0259t Xidm\u0259ti v\u0259 \u201cAzerGold\u201d Qapal\u0131 S\u0259hmdar C\u0259miyy\u0259tinin \u0259m\u0259kda\u015flar\u0131 \u0259raziy\u0259 ke\u00e7id \u00fc\u00e7\u00fcn Xank\u0259ndi il\u0259 \u015eu\u015fa \u015f\u0259h\u0259ri aras\u0131ndak\u0131 Rusiya s\u00fclhm\u0259raml\u0131 q\u00fcvv\u0259l\u0259rinin n\u0259zar\u0259t m\u0259nt\u0259q\u0259sin\u0259 yax\u0131nla\u015f\u0131b.<\/p>\n\n\n\n<p>Tan\u0131nmayan Da\u011fl\u0131q Qaraba\u011f Respublikas\u0131n\u0131n S\u0259hiyy\u0259 Nazirliyi is\u0259 dekabr\u0131n 3-d\u0259 yayd\u0131\u011f\u0131 m\u0259lumatda h\u0259m\u00e7inin, bildirir ki, Az\u0259rbaycan t\u0259r\u0259fin yol ba\u011flamas\u0131 beyn\u0259lxalq humanitar h\u00fcquqlar\u0131 pozur v\u0259 Da\u011fl\u0131q Qaraba\u011fda humanitar f\u0259lak\u0259t yaratmaq m\u0259qs\u0259di da\u015f\u0131y\u0131r:<\/p>\n\n\n\n<p>\u201c\u0130ndiki v\u0259ziyy\u0259td\u0259 Artsaxa (Qaraba\u011f-red) tibbi l\u0259vazimat v\u0259 d\u0259rmanlar\u0131n da\u015f\u0131nmas\u0131 qeyri-m\u00fcmk\u00fcn hala g\u0259lib. \u00dcst\u0259lik, bu halda, s\u0259hh\u0259tind\u0259 ciddi probleml\u0259ri olan insanlar\u0131n Artsaxdan Erm\u0259nistana k\u00f6\u00e7\u00fcr\u00fclm\u0259si ciddi problem\u0259 \u00e7evrilib\u201d.<\/p>\n\n\n\n<figure class=\"wp-block-image size-full\"><img decoding=\"async\" width=\"1200\" height=\"800\" data-src=\"https:\/\/www.meydan.tv\/wp-content\/uploads\/untitled-design-2-64.jpg\" alt=\"\" class=\"wp-image-262443 lazyload\" src=\"data:image\/svg+xml;base64,PHN2ZyB3aWR0aD0iMSIgaGVpZ2h0PSIxIiB4bWxucz0iaHR0cDovL3d3dy53My5vcmcvMjAwMC9zdmciPjwvc3ZnPg==\" style=\"--smush-placeholder-width: 1200px; --smush-placeholder-aspect-ratio: 1200\/800;\" \/><figcaption class=\"wp-element-caption\">La\u00e7\u0131n d\u0259hlizi. M\u0259nb\u0259: Karabakh Records<\/figcaption><\/figure>\n\n\n\n<p>Sonda beyn\u0259lxalq ictimaiyy\u0259t v\u0259 humanitar t\u0259\u015fkilatlar v\u0259ziyy\u0259ti t\u0259nziml\u0259m\u0259k v\u0259 g\u00f6zl\u0259nil\u0259n humanitar f\u0259lak\u0259tin qar\u015f\u0131s\u0131n\u0131 almaq \u00fc\u00e7\u00fcn d\u0259rhal m\u00fcvafiq add\u0131mlar atma\u011fa \u00e7a\u011f\u0131r\u0131l\u0131b.<\/p>\n\n\n\n<p>2020-ci ild\u0259 44 g\u00fcnl\u00fck \u0130kinci Qaraba\u011f M\u00fcharib\u0259si n\u0259tic\u0259sind\u0259 Az\u0259rbaycan Qaraba\u011f\u0131n bir hiss\u0259sin\u0259 v\u0259 \u0259traf 7 rayona n\u0259zar\u0259ti b\u0259rpa edib.<\/p>\n\n\n\n<p>H\u0259min il noyabr\u0131n 10-da Az\u0259rbaycan, Erm\u0259nistan v\u0259 Rusiya r\u0259hb\u0259rliyinin imzlad\u0131\u011f\u0131 birg\u0259 b\u0259yanatla d\u00f6y\u00fc\u015fl\u0259r dayand\u0131r\u0131landan sonra La\u00e7\u0131n d\u0259hlizind\u0259 v\u0259 Qaraba\u011fdak\u0131 t\u0259mas x\u0259ttind\u0259 Rusiya s\u00fclhm\u0259raml\u0131lar\u0131 yerl\u0259\u015fdirilib.<\/p>\n\n\n\n<p>H\u0259min vaxtdan bu yana ikisi b\u00f6y\u00fck \u00e7apl\u0131 olmaqla, t\u0259r\u0259fl\u0259r aras\u0131nda at\u0259\u015fk\u0259s d\u0259f\u0259l\u0259rl\u0259 pozulub. H\u0259r d\u0259f\u0259sind\u0259 d\u0259 Erm\u0259nistan Az\u0259rbaycan\u0131, Az\u0259rbaycan is\u0259 Erm\u0259nistan\u0131 g\u00fcnahland\u0131r\u0131b.<\/p>\n\n\n\n<p>Son zamanlar is\u0259 Az\u0259rbaycan t\u0259r\u0259f tez-tez a\u00e7\u0131qlama ver\u0259r\u0259k bildirib ki, erm\u0259ni diversiya qruplar\u0131 b\u00f6lg\u0259d\u0259 t\u0259xribat t\u00f6r\u0259dir, mina basd\u0131r\u0131r, Rusiya s\u00fclhm\u0259raml\u0131lar\u0131n\u0131n n\u0259zar\u0259t etdiyi yolla Qaraba\u011fa silah da\u015f\u0131y\u0131r.<\/p>\n\n\n\n<p>1988-ci ild\u0259 ba\u015flayan Qaraba\u011f m\u00fcnaqi\u015f\u0259si Az\u0259rbaycan v\u0259 Erm\u0259nistan aras\u0131nda d\u00f6y\u00fc\u015fl\u0259r\u0259 s\u0259b\u0259b olub.<br>1994-c\u00fc ild\u0259 ger\u00e7\u0259kl\u0259\u015f\u0259n at\u0259\u015fk\u0259s raz\u0131la\u015fmas\u0131na q\u0259d\u0259r Az\u0259rbaycan\u0131n Da\u011fl\u0131q Qaraba\u011f b\u00f6lg\u0259si v\u0259 ona biti\u015fik 7 rayonu Erm\u0259nistan t\u0259r\u0259find\u0259n i\u015f\u011fal edilib.<\/p>\n","protected":false},"excerpt":{"rendered":"<p>Yeni yol x\u0259rit\u0259si haz\u0131rlan\u0131r ETSN, \u0130qtisadiyyat Nazirliyi yan\u0131nda \u018fmlak M\u0259s\u0259l\u0259l\u0259ri &#8230; <\/p>\n<p class=\"read-more-container\"><a title=\"Erm\u0259nistan Az\u0259rbaycan\u0131 humanitar h\u00fcquqlar\u0131 pozmaqda ittiham edir (yenil\u0259nib)\" class=\"read-more button\" href=\"https:\/\/www.meydan.tv\/az\/article\/ermenistan-azerbaycani-humanitar-huquqlari-pozmaqda-ittiham-edir\/#more-262446\" aria-label=\"Read more about Erm\u0259nistan Az\u0259rbaycan\u0131 humanitar h\u00fcquqlar\u0131 pozmaqda ittiham edir (yenil\u0259nib)\">Davam\u0131<\/a><\/p>\n","protected":false},"author":8,"featured_media":262440,"comment_status":"closed","ping_status":"closed","sticky":false,"template":"","format":"standard","meta":{"_acf_changed":false,"_sitemap_exclude":false,"_sitemap_priority":"","_sitemap_frequency":"","footnotes":""},"categories":[59,79,56],"tags":[],"class_list":["post-262446","post","type-post","status-publish","format-standard","has-post-thumbnail","hentry","category-siyaset","category-featured","category-xeberler","infinite-scroll-item","generate-columns","tablet-grid-50","mobile-grid-100","grid-parent","grid-33","no-featured-image-padding"],"acf":[],"yoast_head":"<!-- This site is optimized with the Yoast SEO plugin v27.5 - https:\/\/yoast.com\/product\/yoast-seo-wordpress\/ -->\n<title>Erm\u0259nistan Az\u0259rbaycan\u0131 humanitar h\u00fcquqlar\u0131 pozmaqda ittiham edir (yenil\u0259nib) - MEYDAN.TV<\/title>\n<meta name=\"robots\" content=\"index, follow, max-snippet:-1, max-image-preview:large, max-video-preview:-1\" \/>\n<link rel=\"canonical\" href=\"https:\/\/www.meydan.tv\/az\/article\/ermenistan-azerbaycani-humanitar-huquqlari-pozmaqda-ittiham-edir\/\" \/>\n<meta property=\"og:locale\" content=\"az_AZ\" \/>\n<meta property=\"og:type\" content=\"article\" \/>\n<meta property=\"og:title\" content=\"Erm\u0259nistan Az\u0259rbaycan\u0131 humanitar h\u00fcquqlar\u0131 pozmaqda ittiham edir (yenil\u0259nib) - MEYDAN.TV\" \/>\n<meta property=\"og:description\" content=\"Yeni yol x\u0259rit\u0259si haz\u0131rlan\u0131r ETSN, \u0130qtisadiyyat Nazirliyi yan\u0131nda \u018fmlak M\u0259s\u0259l\u0259l\u0259ri ... Davam\u0131\" \/>\n<meta property=\"og:url\" content=\"https:\/\/www.meydan.tv\/az\/article\/ermenistan-azerbaycani-humanitar-huquqlari-pozmaqda-ittiham-edir\/\" \/>\n<meta property=\"og:site_name\" content=\"MEYDAN.TV\" \/>\n<meta property=\"article:published_time\" content=\"2022-12-03T11:49:06+00:00\" \/>\n<meta property=\"article:modified_time\" content=\"2022-12-03T15:22:09+00:00\" \/>\n<meta property=\"og:image\" content=\"https:\/\/www.meydan.tv\/wp-content\/uploads\/untitled-design-3-52-e1670068414629.jpg\" \/>\n\t<meta property=\"og:image:width\" content=\"1200\" \/>\n\t<meta property=\"og:image:height\" content=\"684\" \/>\n\t<meta property=\"og:image:type\" content=\"image\/jpeg\" \/>\n<meta name=\"author\" content=\"elli\" \/>\n<meta name=\"twitter:card\" content=\"summary_large_image\" \/>\n<meta name=\"twitter:creator\" content=\"@elli\" \/>\n<script type=\"application\/ld+json\" class=\"yoast-schema-graph\">{\"@context\":\"https:\\\/\\\/schema.org\",\"@graph\":[{\"@type\":\"Article\",\"@id\":\"https:\\\/\\\/www.meydan.tv\\\/az\\\/article\\\/ermenistan-azerbaycani-humanitar-huquqlari-pozmaqda-ittiham-edir\\\/#article\",\"isPartOf\":{\"@id\":\"https:\\\/\\\/www.meydan.tv\\\/az\\\/article\\\/ermenistan-azerbaycani-humanitar-huquqlari-pozmaqda-ittiham-edir\\\/\"},\"author\":{\"name\":\"elli\",\"@id\":\"https:\\\/\\\/www.meydan.tv\\\/az\\\/#\\\/schema\\\/person\\\/9cdbecf90d17180ce1dfbd95b08dcf47\"},\"headline\":\"Erm\u0259nistan Az\u0259rbaycan\u0131 humanitar h\u00fcquqlar\u0131 pozmaqda ittiham edir (yenil\u0259nib)\",\"datePublished\":\"2022-12-03T11:49:06+00:00\",\"dateModified\":\"2022-12-03T15:22:09+00:00\",\"mainEntityOfPage\":{\"@id\":\"https:\\\/\\\/www.meydan.tv\\\/az\\\/article\\\/ermenistan-azerbaycani-humanitar-huquqlari-pozmaqda-ittiham-edir\\\/\"},\"wordCount\":1044,\"publisher\":{\"@id\":\"https:\\\/\\\/www.meydan.tv\\\/az\\\/#organization\"},\"image\":{\"@id\":\"https:\\\/\\\/www.meydan.tv\\\/az\\\/article\\\/ermenistan-azerbaycani-humanitar-huquqlari-pozmaqda-ittiham-edir\\\/#primaryimage\"},\"thumbnailUrl\":\"https:\\\/\\\/www.meydan.tv\\\/wp-content\\\/uploads\\\/untitled-design-3-52-e1670068414629.jpg\",\"articleSection\":[\"Siyas\u0259t\",\"T\u00f6vsiy\u0259\",\"X\u0259b\u0259rl\u0259r\"],\"inLanguage\":\"az\"},{\"@type\":\"WebPage\",\"@id\":\"https:\\\/\\\/www.meydan.tv\\\/az\\\/article\\\/ermenistan-azerbaycani-humanitar-huquqlari-pozmaqda-ittiham-edir\\\/\",\"url\":\"https:\\\/\\\/www.meydan.tv\\\/az\\\/article\\\/ermenistan-azerbaycani-humanitar-huquqlari-pozmaqda-ittiham-edir\\\/\",\"name\":\"Erm\u0259nistan Az\u0259rbaycan\u0131 humanitar h\u00fcquqlar\u0131 pozmaqda ittiham edir (yenil\u0259nib) - MEYDAN.TV\",\"isPartOf\":{\"@id\":\"https:\\\/\\\/www.meydan.tv\\\/az\\\/#website\"},\"primaryImageOfPage\":{\"@id\":\"https:\\\/\\\/www.meydan.tv\\\/az\\\/article\\\/ermenistan-azerbaycani-humanitar-huquqlari-pozmaqda-ittiham-edir\\\/#primaryimage\"},\"image\":{\"@id\":\"https:\\\/\\\/www.meydan.tv\\\/az\\\/article\\\/ermenistan-azerbaycani-humanitar-huquqlari-pozmaqda-ittiham-edir\\\/#primaryimage\"},\"thumbnailUrl\":\"https:\\\/\\\/www.meydan.tv\\\/wp-content\\\/uploads\\\/untitled-design-3-52-e1670068414629.jpg\",\"datePublished\":\"2022-12-03T11:49:06+00:00\",\"dateModified\":\"2022-12-03T15:22:09+00:00\",\"breadcrumb\":{\"@id\":\"https:\\\/\\\/www.meydan.tv\\\/az\\\/article\\\/ermenistan-azerbaycani-humanitar-huquqlari-pozmaqda-ittiham-edir\\\/#breadcrumb\"},\"inLanguage\":\"az\",\"potentialAction\":[{\"@type\":\"ReadAction\",\"target\":[\"https:\\\/\\\/www.meydan.tv\\\/az\\\/article\\\/ermenistan-azerbaycani-humanitar-huquqlari-pozmaqda-ittiham-edir\\\/\"]}]},{\"@type\":\"ImageObject\",\"inLanguage\":\"az\",\"@id\":\"https:\\\/\\\/www.meydan.tv\\\/az\\\/article\\\/ermenistan-azerbaycani-humanitar-huquqlari-pozmaqda-ittiham-edir\\\/#primaryimage\",\"url\":\"https:\\\/\\\/www.meydan.tv\\\/wp-content\\\/uploads\\\/untitled-design-3-52-e1670068414629.jpg\",\"contentUrl\":\"https:\\\/\\\/www.meydan.tv\\\/wp-content\\\/uploads\\\/untitled-design-3-52-e1670068414629.jpg\",\"width\":1200,\"height\":684,\"caption\":\"La\u00e7\u0131n d\u0259hlizi. M\u0259nb\u0259: Karabakh Records\"},{\"@type\":\"BreadcrumbList\",\"@id\":\"https:\\\/\\\/www.meydan.tv\\\/az\\\/article\\\/ermenistan-azerbaycani-humanitar-huquqlari-pozmaqda-ittiham-edir\\\/#breadcrumb\",\"itemListElement\":[{\"@type\":\"ListItem\",\"position\":1,\"name\":\"Ana s\u0259hif\u0259\",\"item\":\"https:\\\/\\\/www.meydan.tv\\\/az\\\/\"},{\"@type\":\"ListItem\",\"position\":2,\"name\":\"Siyas\u0259t\",\"item\":\"https:\\\/\\\/www.meydan.tv\\\/az\\\/section\\\/siyaset\\\/\"},{\"@type\":\"ListItem\",\"position\":3,\"name\":\"Erm\u0259nistan Az\u0259rbaycan\u0131 humanitar h\u00fcquqlar\u0131 pozmaqda ittiham edir (yenil\u0259nib)\"}]},{\"@type\":\"WebSite\",\"@id\":\"https:\\\/\\\/www.meydan.tv\\\/az\\\/#website\",\"url\":\"https:\\\/\\\/www.meydan.tv\\\/az\\\/\",\"name\":\"MEYDAN.TV\",\"description\":\"Meydan TV Az\u0259rbaycan\u0131n media m\u0259kan\u0131ndak\u0131 alternativ s\u0259sidir\",\"publisher\":{\"@id\":\"https:\\\/\\\/www.meydan.tv\\\/az\\\/#organization\"},\"potentialAction\":[{\"@type\":\"SearchAction\",\"target\":{\"@type\":\"EntryPoint\",\"urlTemplate\":\"https:\\\/\\\/www.meydan.tv\\\/az\\\/?s={search_term_string}\"},\"query-input\":{\"@type\":\"PropertyValueSpecification\",\"valueRequired\":true,\"valueName\":\"search_term_string\"}}],\"inLanguage\":\"az\"},{\"@type\":\"Organization\",\"@id\":\"https:\\\/\\\/www.meydan.tv\\\/az\\\/#organization\",\"name\":\"Meydan TV\",\"url\":\"https:\\\/\\\/www.meydan.tv\\\/az\\\/\",\"logo\":{\"@type\":\"ImageObject\",\"inLanguage\":\"az\",\"@id\":\"https:\\\/\\\/www.meydan.tv\\\/az\\\/#\\\/schema\\\/logo\\\/image\\\/\",\"url\":\"https:\\\/\\\/www.meydan.tv\\\/wp-content\\\/uploads\\\/2021\\\/07\\\/meydan-logo.svg\",\"contentUrl\":\"https:\\\/\\\/www.meydan.tv\\\/wp-content\\\/uploads\\\/2021\\\/07\\\/meydan-logo.svg\",\"width\":195,\"height\":46,\"caption\":\"Meydan TV\"},\"image\":{\"@id\":\"https:\\\/\\\/www.meydan.tv\\\/az\\\/#\\\/schema\\\/logo\\\/image\\\/\"}},{\"@type\":\"Person\",\"@id\":\"https:\\\/\\\/www.meydan.tv\\\/az\\\/#\\\/schema\\\/person\\\/9cdbecf90d17180ce1dfbd95b08dcf47\",\"name\":\"elli\",\"sameAs\":[\"https:\\\/\\\/x.com\\\/elli\"]}]}<\/script>\n<!-- \/ Yoast SEO plugin. -->","yoast_head_json":{"title":"Erm\u0259nistan Az\u0259rbaycan\u0131 humanitar h\u00fcquqlar\u0131 pozmaqda ittiham edir (yenil\u0259nib) - MEYDAN.TV","robots":{"index":"index","follow":"follow","max-snippet":"max-snippet:-1","max-image-preview":"max-image-preview:large","max-video-preview":"max-video-preview:-1"},"canonical":"https:\/\/www.meydan.tv\/az\/article\/ermenistan-azerbaycani-humanitar-huquqlari-pozmaqda-ittiham-edir\/","og_locale":"az_AZ","og_type":"article","og_title":"Erm\u0259nistan Az\u0259rbaycan\u0131 humanitar h\u00fcquqlar\u0131 pozmaqda ittiham edir (yenil\u0259nib) - MEYDAN.TV","og_description":"Yeni yol x\u0259rit\u0259si haz\u0131rlan\u0131r ETSN, \u0130qtisadiyyat Nazirliyi yan\u0131nda \u018fmlak M\u0259s\u0259l\u0259l\u0259ri ... Davam\u0131","og_url":"https:\/\/www.meydan.tv\/az\/article\/ermenistan-azerbaycani-humanitar-huquqlari-pozmaqda-ittiham-edir\/","og_site_name":"MEYDAN.TV","article_published_time":"2022-12-03T11:49:06+00:00","article_modified_time":"2022-12-03T15:22:09+00:00","og_image":[{"width":1200,"height":684,"url":"https:\/\/www.meydan.tv\/wp-content\/uploads\/untitled-design-3-52-e1670068414629.jpg","type":"image\/jpeg"}],"author":"elli","twitter_card":"summary_large_image","twitter_creator":"@elli","schema":{"@context":"https:\/\/schema.org","@graph":[{"@type":"Article","@id":"https:\/\/www.meydan.tv\/az\/article\/ermenistan-azerbaycani-humanitar-huquqlari-pozmaqda-ittiham-edir\/#article","isPartOf":{"@id":"https:\/\/www.meydan.tv\/az\/article\/ermenistan-azerbaycani-humanitar-huquqlari-pozmaqda-ittiham-edir\/"},"author":{"name":"elli","@id":"https:\/\/www.meydan.tv\/az\/#\/schema\/person\/9cdbecf90d17180ce1dfbd95b08dcf47"},"headline":"Erm\u0259nistan Az\u0259rbaycan\u0131 humanitar h\u00fcquqlar\u0131 pozmaqda ittiham edir (yenil\u0259nib)","datePublished":"2022-12-03T11:49:06+00:00","dateModified":"2022-12-03T15:22:09+00:00","mainEntityOfPage":{"@id":"https:\/\/www.meydan.tv\/az\/article\/ermenistan-azerbaycani-humanitar-huquqlari-pozmaqda-ittiham-edir\/"},"wordCount":1044,"publisher":{"@id":"https:\/\/www.meydan.tv\/az\/#organization"},"image":{"@id":"https:\/\/www.meydan.tv\/az\/article\/ermenistan-azerbaycani-humanitar-huquqlari-pozmaqda-ittiham-edir\/#primaryimage"},"thumbnailUrl":"https:\/\/www.meydan.tv\/wp-content\/uploads\/untitled-design-3-52-e1670068414629.jpg","articleSection":["Siyas\u0259t","T\u00f6vsiy\u0259","X\u0259b\u0259rl\u0259r"],"inLanguage":"az"},{"@type":"WebPage","@id":"https:\/\/www.meydan.tv\/az\/article\/ermenistan-azerbaycani-humanitar-huquqlari-pozmaqda-ittiham-edir\/","url":"https:\/\/www.meydan.tv\/az\/article\/ermenistan-azerbaycani-humanitar-huquqlari-pozmaqda-ittiham-edir\/","name":"Erm\u0259nistan Az\u0259rbaycan\u0131 humanitar h\u00fcquqlar\u0131 pozmaqda ittiham edir (yenil\u0259nib) - MEYDAN.TV","isPartOf":{"@id":"https:\/\/www.meydan.tv\/az\/#website"},"primaryImageOfPage":{"@id":"https:\/\/www.meydan.tv\/az\/article\/ermenistan-azerbaycani-humanitar-huquqlari-pozmaqda-ittiham-edir\/#primaryimage"},"image":{"@id":"https:\/\/www.meydan.tv\/az\/article\/ermenistan-azerbaycani-humanitar-huquqlari-pozmaqda-ittiham-edir\/#primaryimage"},"thumbnailUrl":"https:\/\/www.meydan.tv\/wp-content\/uploads\/untitled-design-3-52-e1670068414629.jpg","datePublished":"2022-12-03T11:49:06+00:00","dateModified":"2022-12-03T15:22:09+00:00","breadcrumb":{"@id":"https:\/\/www.meydan.tv\/az\/article\/ermenistan-azerbaycani-humanitar-huquqlari-pozmaqda-ittiham-edir\/#breadcrumb"},"inLanguage":"az","potentialAction":[{"@type":"ReadAction","target":["https:\/\/www.meydan.tv\/az\/article\/ermenistan-azerbaycani-humanitar-huquqlari-pozmaqda-ittiham-edir\/"]}]},{"@type":"ImageObject","inLanguage":"az","@id":"https:\/\/www.meydan.tv\/az\/article\/ermenistan-azerbaycani-humanitar-huquqlari-pozmaqda-ittiham-edir\/#primaryimage","url":"https:\/\/www.meydan.tv\/wp-content\/uploads\/untitled-design-3-52-e1670068414629.jpg","contentUrl":"https:\/\/www.meydan.tv\/wp-content\/uploads\/untitled-design-3-52-e1670068414629.jpg","width":1200,"height":684,"caption":"La\u00e7\u0131n d\u0259hlizi. M\u0259nb\u0259: Karabakh Records"},{"@type":"BreadcrumbList","@id":"https:\/\/www.meydan.tv\/az\/article\/ermenistan-azerbaycani-humanitar-huquqlari-pozmaqda-ittiham-edir\/#breadcrumb","itemListElement":[{"@type":"ListItem","position":1,"name":"Ana s\u0259hif\u0259","item":"https:\/\/www.meydan.tv\/az\/"},{"@type":"ListItem","position":2,"name":"Siyas\u0259t","item":"https:\/\/www.meydan.tv\/az\/section\/siyaset\/"},{"@type":"ListItem","position":3,"name":"Erm\u0259nistan Az\u0259rbaycan\u0131 humanitar h\u00fcquqlar\u0131 pozmaqda ittiham edir (yenil\u0259nib)"}]},{"@type":"WebSite","@id":"https:\/\/www.meydan.tv\/az\/#website","url":"https:\/\/www.meydan.tv\/az\/","name":"MEYDAN.TV","description":"Meydan TV Az\u0259rbaycan\u0131n media m\u0259kan\u0131ndak\u0131 alternativ s\u0259sidir","publisher":{"@id":"https:\/\/www.meydan.tv\/az\/#organization"},"potentialAction":[{"@type":"SearchAction","target":{"@type":"EntryPoint","urlTemplate":"https:\/\/www.meydan.tv\/az\/?s={search_term_string}"},"query-input":{"@type":"PropertyValueSpecification","valueRequired":true,"valueName":"search_term_string"}}],"inLanguage":"az"},{"@type":"Organization","@id":"https:\/\/www.meydan.tv\/az\/#organization","name":"Meydan TV","url":"https:\/\/www.meydan.tv\/az\/","logo":{"@type":"ImageObject","inLanguage":"az","@id":"https:\/\/www.meydan.tv\/az\/#\/schema\/logo\/image\/","url":"https:\/\/www.meydan.tv\/wp-content\/uploads\/2021\/07\/meydan-logo.svg","contentUrl":"https:\/\/www.meydan.tv\/wp-content\/uploads\/2021\/07\/meydan-logo.svg","width":195,"height":46,"caption":"Meydan TV"},"image":{"@id":"https:\/\/www.meydan.tv\/az\/#\/schema\/logo\/image\/"}},{"@type":"Person","@id":"https:\/\/www.meydan.tv\/az\/#\/schema\/person\/9cdbecf90d17180ce1dfbd95b08dcf47","name":"elli","sameAs":["https:\/\/x.com\/elli"]}]}},"_links":{"self":[{"href":"https:\/\/www.meydan.tv\/az\/wp-json\/wp\/v2\/posts\/262446","targetHints":{"allow":["GET"]}}],"collection":[{"href":"https:\/\/www.meydan.tv\/az\/wp-json\/wp\/v2\/posts"}],"about":[{"href":"https:\/\/www.meydan.tv\/az\/wp-json\/wp\/v2\/types\/post"}],"author":[{"embeddable":true,"href":"https:\/\/www.meydan.tv\/az\/wp-json\/wp\/v2\/users\/8"}],"replies":[{"embeddable":true,"href":"https:\/\/www.meydan.tv\/az\/wp-json\/wp\/v2\/comments?post=262446"}],"version-history":[{"count":3,"href":"https:\/\/www.meydan.tv\/az\/wp-json\/wp\/v2\/posts\/262446\/revisions"}],"predecessor-version":[{"id":262471,"href":"https:\/\/www.meydan.tv\/az\/wp-json\/wp\/v2\/posts\/262446\/revisions\/262471"}],"wp:featuredmedia":[{"embeddable":true,"href":"https:\/\/www.meydan.tv\/az\/wp-json\/wp\/v2\/media\/262440"}],"wp:attachment":[{"href":"https:\/\/www.meydan.tv\/az\/wp-json\/wp\/v2\/media?parent=262446"}],"wp:term":[{"taxonomy":"category","embeddable":true,"href":"https:\/\/www.meydan.tv\/az\/wp-json\/wp\/v2\/categories?post=262446"},{"taxonomy":"post_tag","embeddable":true,"href":"https:\/\/www.meydan.tv\/az\/wp-json\/wp\/v2\/tags?post=262446"}],"curies":[{"name":"wp","href":"https:\/\/api.w.org\/{rel}","templated":true}]}}