{"id":262251,"date":"2022-11-30T23:08:37","date_gmt":"2022-11-30T19:08:37","guid":{"rendered":"https:\/\/www.meydan.tv\/?p=262251"},"modified":"2022-11-30T23:08:40","modified_gmt":"2022-11-30T19:08:40","slug":"sucaet-ehmedzade-rusiya-azerbaycanla-bir-nov-moldovada-oynadigi-oyunu-oynamaq-isteyir","status":"publish","type":"post","link":"https:\/\/www.meydan.tv\/az\/article\/sucaet-ehmedzade-rusiya-azerbaycanla-bir-nov-moldovada-oynadigi-oyunu-oynamaq-isteyir\/","title":{"rendered":"S\u00fcca\u0259t \u018fhm\u0259dzad\u0259: \u201c<strong>Rusiya Az\u0259rbaycanla bir n\u00f6v Moldovada oynad\u0131\u011f\u0131 oyunu oynamaq ist\u0259yir\u201d<\/strong>"},"content":{"rendered":"\n<figure class=\"wp-block-embed is-type-video is-provider-youtube wp-block-embed-youtube wp-embed-aspect-4-3 wp-has-aspect-ratio\"><div class=\"wp-block-embed__wrapper\">\n<iframe title=\"S\u00fcca\u0259t \u018fhm\u0259dzad\u0259: \u201cRusiya Az\u0259rbaycanla bir n\u00f6v Moldovada oynad\u0131\u011f\u0131 oyunu oynamaq ist\u0259yir\u201d\" width=\"1200\" height=\"900\" data-src=\"https:\/\/www.youtube.com\/embed\/jp-TKCPmZm0?feature=oembed\" frameborder=\"0\" allow=\"accelerometer; autoplay; clipboard-write; encrypted-media; gyroscope; picture-in-picture\" allowfullscreen src=\"data:image\/svg+xml;base64,PHN2ZyB3aWR0aD0iMSIgaGVpZ2h0PSIxIiB4bWxucz0iaHR0cDovL3d3dy53My5vcmcvMjAwMC9zdmciPjwvc3ZnPg==\" class=\"lazyload\" data-load-mode=\"1\"><\/iframe>\n<\/div><\/figure>\n\n\n\n<!--more-->\n\n\n\n<p><em>\u201cGerid\u0259 iki m\u0259s\u0259l\u0259 qal\u0131b, t\u0259r\u0259fl\u0259rin siyasi irad\u0259si v\u0259 deskruktiv xarici aktorlar\u0131n proses\u0259 c\u0259lb olunmamas\u0131\u201d<\/em><\/p>\n\n\n\n<p>Konfliktoloq \u015e\u00fcca\u0259t \u018fhm\u0259dzad\u0259 il\u0259 s\u00f6hb\u0259timiz Az\u0259rbaycan-Erm\u0259nistan dan\u0131\u015f\u0131qlar\u0131n\u0131n yenid\u0259n s\u0259rt m\u00fcst\u0259viy\u0259 ke\u00e7m\u0259si, Az\u0259rbaycan M\u00fcdafi\u0259 Nazirliyinin s\u00fclhm\u0259raml\u0131lara xitab\u0259n t\u0259l\u0259bl\u0259ri v\u0259 xarici siyas\u0259tin dig\u0259r aspektl\u0259rinin yaratd\u0131\u011f\u0131 suallar \u0259traf\u0131nda qurulub. &nbsp;&nbsp;&nbsp;<\/p>\n\n\n\n<p>&#8211;&nbsp;&nbsp;&nbsp;&nbsp;&nbsp;&nbsp;&nbsp;<em>\u015e\u00fcca\u0259t b\u0259y, son bir ne\u00e7\u0259 h\u0259ft\u0259d\u0259 Erm\u0259nistan-Az\u0259rbaycan m\u00fcnasib\u0259tl\u0259rind\u0259 s\u0259rt ritorika art\u0131b v\u0259 at\u0259\u015fk\u0259s d\u0259 h\u0259r g\u00fcn pozulur.&nbsp; Erm\u0259nistan\u0131n Ba\u015f naziri Nikol Pa\u015finyan Makronun Br\u00fcsseld\u0259ki g\u00f6r\u00fc\u015fd\u0259 i\u015ftirak\u0131n\u0131 \u015f\u0259rt kimi qoydu v\u0259 \u0130lham \u018fliyev d\u0259 bu s\u0259b\u0259bd\u0259n g\u00f6r\u00fc\u015fd\u0259n qarimtina etdi. Yaranm\u0131\u015f durum eskalasiyaya g\u0259tir\u0259 bil\u0259rmi?<\/em><\/p>\n\n\n\n<p>&#8211;&nbsp;&nbsp;&nbsp;&nbsp;&nbsp;&nbsp; H\u0259rbi eskalasiyan\u0131n ba\u015f tutmas\u0131 h\u0259mi\u015f\u0259 ehtimal olaraq m\u00f6vcuddur. Amma bu bar\u0259d\u0259 dan\u0131\u015fanda iki m\u0259s\u0259l\u0259y\u0259 diqq\u0259t yetirm\u0259liyik: h\u0259rbi v\u0259 siyasi. H\u0259rbi c\u0259h\u0259td\u0259n yana\u015fd\u0131qda eskalasiyan\u0131n n\u0259 zaman, ne\u00e7\u0259 m\u00fcdd\u0259td\u0259 v\u0259 harada ba\u015f tutaca\u011f\u0131na toxunmal\u0131y\u0131q. \u0130kinci Qaraba\u011f m\u00fcharib\u0259sind\u0259n sonra Az\u0259rbaycan silahl\u0131 q\u00fcvv\u0259l\u0259ri \u0259sa\u0259s\u0259n iki c\u0259bh\u0259d\u0259 \u0259m\u0259liyyat apar\u0131blar, s\u00fclhm\u0259raml\u0131lar\u0131n yerl\u0259\u015fdiyi \u0259razid\u0259 v\u0259 Az\u0259rbaycan-Erm\u0259nistan s\u0259rh\u0259dinin K\u0259lb\u0259c\u0259r, La\u00e7\u0131n istiqam\u0259tind\u0259. H\u0259rbi m\u00fcst\u0259vid\u0259n yana\u015fsaq, haz\u0131rda bir ne\u00e7\u0259 indikator var ki, Qaraba\u011fda h\u0259rbi eskalasiyan\u0131n olma\u011f\u0131n\u0131 g\u00f6st\u0259rir. Bunlardan biri M\u00fcdafi\u0259 Nazirliyinin son g\u00fcnl\u0259rd\u0259ki b\u00fclletenl\u0259rind\u0259 at\u0259\u015fk\u0259sin daha \u00e7ox Rusiya s\u00fclhm\u0259raml\u0131lar\u0131n\u0131n yerl\u0259\u015fdiyi \u0259razid\u0259 pozulmas\u0131n\u0131 g\u00f6st\u0259rm\u0259sidir. Dig\u0259r t\u0259r\u0259fd\u0259n, n\u0259z\u0259r\u0259 alaq ki, qar\u015f\u0131dan q\u0131\u015f g\u0259lir, K\u0259lb\u0259c\u0259r, La\u00e7\u0131n istiqam\u0259ti kifay\u0259t q\u0259d\u0259r a\u011f\u0131r co\u011frafi relyef\u0259 malik c\u0259bh\u0259dir, iqlim \u015f\u0259raitinin \u00e7\u0259tin oldu\u011fu indiki \u0259r\u0259f\u0259d\u0259 orada riskli h\u0259rbi \u0259m\u0259liyyat olard\u0131. D\u00fczd\u00fcr, n\u0259z\u0259ri c\u0259h\u0259td\u0259n dediyim istiqam\u0259td\u0259 h\u0259rbi \u0259m\u0259liyyat m\u00fcmk\u00fcnd\u00fcr. Amma d\u00fc\u015f\u00fcn\u00fcr\u0259m ki, h\u0259rbi c\u0259h\u0259td\u0259n indikatorlar g\u00f6st\u0259rir ki, Qaraba\u011f istiqam\u0259tind\u0259 hans\u0131sa lokal v\u0259 ya daha b\u00f6y\u00fck h\u0259rbi \u0259m\u0259liyyat ba\u015flaya bil\u0259r. B\u00fct\u00fcn bunlarla b\u0259rab\u0259r h\u0259rbi \u0259m\u0259liyyatlar\u0131 analiz ed\u0259rk\u0259n onu h\u0259rbi yox, h\u0259m d\u0259 siyasi aspektini d\u00fc\u015f\u00fcnm\u0259k laz\u0131md\u0131r. \u00c7\u00fcnki h\u0259rb\u00e7il\u0259r planla\u015fd\u0131rma i\u015fl\u0259rini bir m\u0259rh\u0259l\u0259d\u0259 tamamlayandan sonra son q\u0259rar\u0131 siyasil\u0259r verir. M\u0259hz siyasil\u0259r h\u0259rbi \u0259m\u0259liyyatlara xarici reaksiyalar\u0131 hesablayandan sonra \u201cya\u015f\u0131l i\u015f\u0131q\u201d yand\u0131r\u0131rlar. Bu regionda ist\u0259nil\u0259n h\u0259rbi eskalasiyas\u0131 zaman\u0131 3 d\u00f6vl\u0259tin-AB\u015e-\u0131n, kollektiv q\u0259rb olaraq Avropa \u0130ttifaq\u0131n\u0131n v\u0259 Rusiyan\u0131n reaksiyalar\u0131 n\u0259z\u0259r\u0259 al\u0131nmal\u0131d\u0131r. \u018fg\u0259r Az\u0259rbaycan h\u00f6kum\u0259ti bunlar\u0131 hesablay\u0131b g\u00f6rs\u0259 ki, ciddi reaksiya g\u0259lm\u0259y\u0259c\u0259k, onda bel\u0259 bir ehtimal var ki, Qaraba\u011f c\u0259bh\u0259sind\u0259 h\u0259rbi eskalasiya m\u00fcmk\u00fcnd\u00fcr.<\/p>\n\n\n\n<p>&#8211;&nbsp;&nbsp;&nbsp;&nbsp;&nbsp;&nbsp;&nbsp;<em>\u00d6t\u0259n bir ne\u00e7\u0259 g\u00fcnd\u0259 M\u00fcdafi\u0259 Nazirliyinin a\u00e7\u0131lamalar\u0131nda Rusiya s\u00fclhm\u0259raml\u0131lar\u0131na xitab\u0259n t\u0259l\u0259bl\u0259r art\u0131b. 22-26 noyabr tarixl\u0259rind\u0259 d\u0259 Rusiya d\u00f6vl\u0259t ba\u015f\u00e7\u0131s\u0131 Vladimir Putin az\u0259rbaycanl\u0131 h\u0259mkar\u0131na z\u0259ng edib. 28 noyabrda is\u0259 AB\u015e D\u00f6vl\u0259t Departamentinin Qafqaz dan\u0131\u015f\u0131qlar\u0131 \u00fczr\u0259 ba\u015f m\u00fc\u015faviri Filip Rikerin Bak\u0131da \u0130lham \u018fliyevl\u0259 g\u00f6r\u00fc\u015fd\u00fc. Sadalad\u0131qlar\u0131m\u0131n fonunda Az\u0259rbaycandan hans\u0131sa t\u0259l\u0259bl\u0259rinin oldu\u011funu d\u00fc\u015f\u00fcnm\u0259k olarm\u0131?<\/em><\/p>\n\n\n\n<p>&#8211;&nbsp;&nbsp;&nbsp;&nbsp;&nbsp;&nbsp; Bu g\u00fcn Az\u0259rbaycan-Erm\u0259nistan s\u00fclh g\u00fcnd\u0259liyind\u0259 5 prinspial m\u0259s\u0259l\u0259 var: diplomatik \u0259laq\u0259l\u0259rin g\u0259l\u0259c\u0259yi, s\u0259rh\u0259d m\u00fcnasib\u0259tl\u0259ri, n\u0259qliyyat v\u0259 kommunikasiya x\u0259tl\u0259ri, himanitar m\u0259s\u0259l\u0259 v\u0259 n\u0259hay\u0259t, Qaraba\u011f erm\u0259nil\u0259rinin g\u0259l\u0259c\u0259yi. Bu 5 prinsip \u0259sas\u0131nda s\u00fclh anla\u015fmas\u0131n\u0131n imzalanmas\u0131 ist\u0259nilir. Bunlara is\u0259 Kremlin v\u0259 Q\u0259rbin yana\u015fmas\u0131 f\u0259rqlidir. Birincinin m\u0259qs\u0259di Az\u0259rbaycanla Erm\u0259nistan aras\u0131nda s\u00fclh m\u00fcqavil\u0259sinin imzalanmas\u0131d\u0131r, amma orada s\u0259rh\u0259dl\u0259rin demarkasiyas\u0131 v\u0259 iki d\u00f6vl\u0259t m\u00fcnasib\u0259tl\u0259rinin \u0259hat\u0259 olunmas\u0131 yer al\u0131b.<\/p>\n\n\n\n<p>&#8211;&nbsp;&nbsp;&nbsp;&nbsp;&nbsp;&nbsp;&nbsp;<em>Y\u0259ni Rusiya problemin tam h\u0259llini ist\u0259mir\u2026?<\/em><\/p>\n\n\n\n<p>&#8211;&nbsp;&nbsp;&nbsp;&nbsp;&nbsp;&nbsp; B\u0259li, Q\u0259rbin v\u0259 Rusiyan\u0131n m\u0259s\u0259l\u0259y\u0259 m\u00fcnasib\u0259tind\u0259 fundamental f\u0259rq m\u00f6vcuddur. Rusiya s\u0131rf strateji maraqlar\u0131ndan \u00e7\u0131x\u0131\u015f ed\u0259r\u0259k 10 noyabr b\u0259yanat\u0131na \u0259sas\u0259n Z\u0259ng\u0259zur d\u0259hlizinin a\u00e7\u0131lmas\u0131n\u0131n t\u0259r\u0259fdar\u0131d\u0131r. Y\u0259ni, bu m\u0259s\u0259l\u0259d\u0259 Moskva Bak\u0131n\u0131n yan\u0131ndad\u0131r. Ancaq Qaraba\u011f m\u0259s\u0259l\u0259sin\u0259 g\u0259ldikd\u0259, Rusiya Qaraba\u011f\u0131n subyektivliyinin qorunmas\u0131n\u0131n t\u0259r\u0259fdar\u0131d\u0131r, bu da b\u00f6lg\u0259nin Bak\u0131dan k\u0259narda qalmas\u0131n\u0131n \u00f6z\u00fcnd\u0259 ehtiva edir. Vladimir Putin Valday forumunda bu m\u0259s\u0259l\u0259y\u0259 toxundu. Ona g\u00f6r\u0259 d\u0259 Mosva v\u0259 Yerevan aras\u0131nda Qaraba\u011f m\u0259s\u0259l\u0259sin\u0259 bax\u0131\u015fda strateji maraqlar \u00fcst-\u00fcst\u0259 d\u00fc\u015f\u00fcr. Q\u0259rb yana\u015fmas\u0131nda Rusiyayla fundamental f\u0259rq m\u00f6vcuddur, birinci, Avropa v\u0259 AB\u015e d\u0259hliz m\u0259ntiqin\u0259 qar\u015f\u0131d\u0131r. \u00c7\u00fcnki 10 noyabr b\u0259yanat\u0131na g\u00f6r\u0259, d\u0259hliz a\u00e7\u0131larsa, orada Rusiyan\u0131n bir n\u00f6v h\u0259rbi m\u00f6vcudlu\u011fu yaran\u0131r. \u00c7\u00fcnki b\u0259yanatda a\u00e7\u0131q \u015f\u0259kild\u0259 deyilir ki, Rusiya Federal T\u0259hl\u00fck\u0259sizlik Xidm\u0259tinin S\u0259rh\u0259d Qo\u015funlar\u0131 Z\u0259ng\u0259zur d\u0259hlizin\u0259 yerl\u0259\u015fdiril\u0259c\u0259k. Bu, \u0259lav\u0259 h\u0259rbi m\u00f6vcudluq dem\u0259kdir. N\u0259z\u0259r\u0259 al\u0131n ki, Ukrayna sava\u015f\u0131n\u0131n ba\u015flanmas\u0131ndan sonra Q\u0259rb Rusiyan\u0131n C\u0259nubi Qafqazda \u0259lav\u0259 g\u00fcc qazanmas\u0131n\u0131n t\u0259r\u0259fdar\u0131 deyil. M\u0259hz bu prizmadan yana\u015fanda, Q\u0259rb Z\u0259ng\u0259zur d\u0259hlizi ideyas\u0131na 10 noyabr b\u0259yanat\u0131 format\u0131nda qar\u015f\u0131 \u00e7\u0131x\u0131r. Amma Avropa v\u0259 AB\u015e Qaraba\u011f m\u0259s\u0259l\u0259sini Az\u0259rbaycan\u0131n daxili konstitusion h\u00fcquqi kimi qiym\u0259tl\u0259ndirm\u0259y\u0259 \u00e7al\u0131\u015f\u0131r. H\u0259m Filip Riker Konqresd\u0259 dinl\u0259m\u0259l\u0259r zaman\u0131 bunu qeyd etmi\u015fdi, h\u0259m d\u0259 dig\u0259r yana\u015fmalardan g\u00f6r\u00fcn\u00fcr ki, Q\u0259rb bu m\u0259s\u0259l\u0259ni Az\u0259rbaycan daxilind\u0259 etnik azl\u0131qlar\u0131n h\u00fcquqlar\u0131n\u0131n qorunmas\u0131 kimi qoyur. Bax\u0131n, iki yana\u015fma var: Rusiya Z\u0259ng\u0259zur d\u0259hlizind\u0259 Bak\u0131n\u0131 d\u0259st\u0259kl\u0259yir, Qaraba\u011f m\u0259s\u0259l\u0259sind\u0259 d\u0259st\u0259kl\u0259mir. Q\u0259rb is\u0259 \u0259ksin\u0259, ikinci m\u0259s\u0259l\u0259d\u0259 Az\u0259rbaycan\u0131 d\u0259st\u0259kl\u0259s\u0259 d\u0259, birincid\u0259 d\u0259st\u0259kl\u0259mir. Az\u0259rbaycan \u00fc\u00e7\u00fcn prioritet Qaraba\u011fda suverenliyinin b\u0259rpas\u0131d\u0131r. Ona g\u00f6r\u0259 Bak\u0131 Q\u0259rb platformalar\u0131nda s\u00fclh m\u00fcqavil\u0259sini imzalanmas\u0131 \u00fc\u00e7\u00fcn aktiv i\u015f\u0259 ba\u015flay\u0131r. Bu bax\u0131mdan hal-haz\u0131rda Az\u0259rbaycanla Rusiya aras\u0131nda qar\u015f\u0131durman\u0131n \u015fahidi oluruq. Qar\u015f\u0131durman\u0131 yaradan s\u0259b\u0259bl\u0259rd\u0259n biri Rusiyan\u0131n d\u00fc\u015fd\u00fcy\u00fc m\u00f6vcud durumdur. \u018fg\u0259r s\u00fclh m\u00fcqavil\u0259si imzalanarsa, bu g\u00fcn olmasa da, Az\u0259rbaycan 2025-ci ild\u0259 Rusiya s\u00fclhm\u0259raml\u0131lar\u0131n\u0131n Qaraba\u011fdan \u00e7\u0131xar\u0131lmas\u0131n\u0131 t\u0259l\u0259b ed\u0259c\u0259k. Bu, c\u0259mi bir fraqmentdir. Amma m\u0259s\u0259l\u0259y\u0259 b\u00f6y\u00fck m\u0259crada yana\u015fd\u0131qda, Qaraba\u011fda s\u00fclhm\u0259raml\u0131lar\u0131n\u0131n \u00e7\u0131xar\u0131lmas\u0131n\u0131n ard\u0131nca Bak\u0131 il\u0259 Yerevan m\u00fcnasib\u0131tl\u0259ri normalla\u015facaq. Sonra Ankara-Yerevan \u0259laq\u0259l\u0259ri istil\u0259\u015f\u0259c\u0259k. Bu, \u00f6z\u00fcl\u00fcy\u00fcnd\u0259 Erm\u0259nistan\u0131n Rusiyadan iqtisadi, ticari v\u0259 enerji as\u0131l\u0131l\u0131\u011f\u0131n\u0131n azalmas\u0131 dem\u0259kdir. &nbsp;&nbsp;<\/p>\n\n\n\n<p>&#8211;&nbsp;&nbsp;&nbsp;&nbsp;&nbsp;&nbsp;&nbsp;<em>Bu da Rusiyan\u0131n regionda t\u0259sir g\u00fcc\u00fcn\u00fcn, m\u00f6vqel\u0259rinin z\u0259ifl\u0259m\u0259sidir\u2026?<\/em><\/p>\n\n\n\n<p>&#8211;&nbsp;&nbsp;&nbsp;&nbsp;&nbsp;&nbsp; B\u0259li, Rusiyan\u0131n n\u00fcfuzunun z\u0259ifl\u0259m\u0259si dem\u0259kdir. N\u0259tic\u0259 etibar\u0131 il\u0259 g\u0259l\u0259c\u0259kd\u0259 Erm\u0259nistandan Rusiyan\u0131n h\u0259rbi bazalar\u0131n\u0131n \u00e7\u0131xar\u0131lmas\u0131na g\u0259tir\u0259 bil\u0259r. Bu g\u00fcn biz Qaraba\u011fda s\u00fclhm\u0259raml\u0131lardan dan\u0131\u015fanda daha \u00e7ox s\u00fclhm\u0259raml\u0131lara fokuslan\u0131r\u0131q, amma Kreml \u00fc\u00e7\u00fcn yaln\u0131z s\u00fclhm\u0259raml\u0131 m\u0259s\u0259l\u0259si deyil, h\u0259m d\u0259 102 sayl\u0131 G\u00fcmr\u00fc bazas\u0131n\u0131n&nbsp; taleyidir.<\/p>\n\n\n\n<p>&#8211;&nbsp;&nbsp;&nbsp;&nbsp;&nbsp;&nbsp;&nbsp;<em>Son bir ayda daha \u00e7ox La\u00e7\u0131n d\u0259hlizind\u0259 Az\u0259rbaycan\u0131n g\u00f6mr\u00fck v\u0259 s\u0259rh\u0259d xidm\u0259tinin yel\u0259\u015fdirilm\u0259si bar\u0259d\u0259 r\u0259smi v\u0259 qeyri-r\u0259smi s\u0259viyy\u0259d\u0259 fikirl\u0259r s\u0259sl\u0259nir. Y\u0259qin ki, D\u00f6vl\u0259t T\u0259h\u00fck\u0259sizlik Xidm\u0259tinin d\u0259hlizd\u0259n Qaraba\u011fa silah da\u015f\u0131nd\u0131\u011f\u0131 haqda a\u00e7\u0131qlamas\u0131n\u0131 xat\u0131rlay\u0131rs\u0131n\u0131z. Bu m\u0259nada La\u00e7\u0131n d\u0259hlizinin ba\u011flanmas\u0131, yaxud Az\u0259rbaycan h\u0259rb\u00e7il\u0259rinin \u0259razid\u0259 yerl\u0259\u015fdirilm\u0259si n\u0259 q\u0259d\u0259r reald\u0131r?<\/em><\/p>\n\n\n\n<p>&#8211;&nbsp;&nbsp;&nbsp;&nbsp;&nbsp;&nbsp; &nbsp;La\u00e7\u0131n d\u0259hlizinin n\u0259z\u0259ri c\u0259h\u0259td\u0259n ba\u011flanmas\u0131 m\u00fcmk\u00fcnd\u00fcr, Az\u0259rbaycan buna ged\u0259 bil\u0259r. Amma h\u0259l\u0259 ki, Bak\u0131 Rusiyaya qar\u015f\u0131 m\u00fcnasib\u0259td\u0259 bu \u201ckart\u0131\u201d t\u0259zyiq kimi saxlay\u0131r. Az\u0259rbaycan\u0131 motivasiya ed\u0259n \u0259n b\u00f6y\u00fck amil ondan ibar\u0259tdir ki, Rusiyan\u0131n Ukraynaya qar\u015f\u0131 i\u015f\u011fal\u00e7\u0131l\u0131q m\u00fcharib\u0259si ba\u015flayandan sonra postsovet m\u0259kan\u0131dan g\u00fcc vakumu yaranma\u011fa ba\u015flad\u0131. Rusiyan\u0131n C\u0259nubi Qafqazdak\u0131 siyasi prosesl\u0259r\u0259 t\u0259sir mexanizml\u0259ri \u00e7ox m\u0259hdudla\u015fd\u0131. Bu g\u00fcn Rusiya \u00e7ox q\u0259rib\u0259 v\u0259ziyy\u0259td\u0259dir, \u0259g\u0259r Az\u0259rbaycanla Erm\u0259nistan aras\u0131nda s\u00fclh prosesini dayand\u0131rmasa, n\u0259tic\u0259 etibar\u0131 il\u0259 strateji c\u0259h\u0259td\u0259n itir\u0259c\u0259k. H\u0259tta G\u00fcmr\u00fc bazas\u0131 C\u0259nubi Qafqazdan \u00e7\u0131xmal\u0131 olacaq. Yox, add\u0131m atarsa, Az\u0259rbaycanla m\u00fcnasib\u0259tl\u0259ri korlayacaq. \u018fn vacib m\u0259qam odur ki, Rusiyan\u0131n Az\u0259rbaycana qar\u015f\u0131 ist\u0259nl\u0259n add\u0131m\u0131 Ankara-Moskva m\u00fcnasib\u0259tl\u0259rind\u0259 g\u00f6st\u0259r\u0259c\u0259k. T\u00fcrkiy\u0259nin II Qaraba\u011f m\u00fcharib\u0259sind\u0259ki rolu ham\u0131m\u0131za m\u0259lumdur, Ankara Rusiyan\u0131n Ukraynaya qar\u015f\u0131 m\u00fcharib\u0259sind\u0259 neytral m\u00f6vqe s\u0259rgil\u0259yir. T\u00fcrkiy\u0259 t\u0259crid olunmu\u015f Rusiyan\u0131n d\u00fcnyaya \u00e7\u0131xacaq qap\u0131s\u0131 rolunu oynay\u0131r. Ona g\u00f6r\u0259 Rusiya dilemma qar\u015f\u0131s\u0131ndad\u0131r, add\u0131m atmasa, strateji maraqlar\u0131n\u0131 itirir, add\u0131m atsa is\u0259 Ankarayla m\u00fcnasib\u0259tl\u0259rini korlay\u0131r. Fikir verin, Rusiya ki\u00e7ik addlmlar\u0131ndan ba\u015flay\u0131r, m\u0259s\u0259l\u0259n, Ruben Vardanyan\u0131 Qaraba\u011fa g\u00f6nd\u0259rib&#8230;<\/p>\n\n\n\n<p>&#8211;&nbsp;&nbsp;&nbsp;&nbsp;&nbsp;&nbsp;&nbsp;<em>Az\u0259rbaycan da onu q\u0259bul etmir&#8230;<\/em><\/p>\n\n\n\n<p>&#8211;&nbsp;&nbsp;&nbsp;&nbsp;&nbsp;&nbsp; B\u0259li. \u00c7\u00fcnki Vardanyan q\u0131sa m\u00fcdd\u0259td\u0259 super nazir\u0259 \u00e7evrildi.<\/p>\n\n\n\n<p>&#8211;&nbsp;&nbsp;&nbsp;&nbsp;&nbsp;&nbsp;&nbsp;<em>\u0130kinci m\u0259qam, Rusiya Qaraba\u011fda Rus \u0130cmas\u0131ndan dan\u0131\u015f\u0131r. halbuki, orda he\u00e7 vaxt rus ya\u015famay\u0131b. Bel\u0259 davam ed\u0259rs\u0259, Bak\u0131 gedi\u015fata hans\u0131 reaksiya ver\u0259 bi\u0259r? &nbsp;<\/em><\/p>\n\n\n\n<p>&#8211;&nbsp;&nbsp;&nbsp;&nbsp;&nbsp;&nbsp; Rusiya Az\u0259rbaycanla bir n\u00f6v Moldovada oynad\u0131\u011f\u0131 oyunu oynamaq ist\u0259yir. Nec\u0259 ki, Dnestryan\u0131n\u0131 Moldavan\u0131 t\u0259rkib hiss\u0259si kimi tan\u0131y\u0131r, amma orada separat\u00e7\u0131 qurum olaraq Moldovaya t\u0259zyiq vasit\u0259si kimi istifad\u0259 edir. Qaraba\u011fda da h\u0259min siyas\u0259tdir, sad\u0259c\u0259, Rusiyan\u0131n \u0259li-qolu limitlidir. Bunun birinci s\u0259b\u0259bi T\u00fcrkiy\u0259dirs\u0259, ikincisi Ukraynadak\u0131 ciddi taktiki m\u0259\u011flubiyy\u0259tl\u0259ridir. Az\u0259rbaycan da bunlar\u0131 bildiyind\u0259n diplomatik oyununu bir n\u00f6v a\u00e7\u0131q apar\u0131r. Ona g\u00f6r\u0259 \u0130lham \u018fliyev avropal\u0131 diplomatlara a\u00e7\u0131q \u015f\u0259kild\u0259 dedi ki, Vardanyan Moskvan\u0131n adam\u0131d\u0131r. Bu ritorika 2021-ci ild\u0259 ola bilm\u0259zdi. Haz\u0131rda is\u0259 Rusiyan\u0131n \u0259l-qolunun ba\u011fl\u0131 oldu\u011fu Bak\u0131ya da m\u0259lumdur. R\u0259smi v\u0259 qeyri-r\u0259smi kanallar vasit\u0259sil\u0259 Bak\u0131 La\u00e7\u0131n d\u0259hlizinin ba\u011flanmas\u0131n\u0131n m\u00fcmk\u00fcnl\u00fcy\u00fcn\u00fc gizl\u0259tmir. M\u0259qs\u0259d Rusiyayla m\u00fcnasib\u0259tl\u0259rd\u0259 Az\u0259rbaycan\u0131n ist\u0259diyinin t\u0259min olunmas\u0131d\u0131r. &nbsp;<\/p>\n\n\n\n<p>&#8211;&nbsp;&nbsp;&nbsp;&nbsp;&nbsp;&nbsp;&nbsp;<em>Az\u0259rbaycan\u0131n Fransa il\u0259 m\u00fcnasib\u0259tl\u0259rin\u0259 qay\u0131daq. \u0130lham \u018fliyev Makronun qat\u0131laca\u011f\u0131 Br\u00fcssel g\u00f6r\u00fc\u015f\u00fcn\u0259 getm\u0259y\u0259c\u0259yini s\u00f6yl\u0259di.&nbsp; Fransan\u0131n Qaraba\u011f m\u0259s\u0259l\u0259sin\u0259 m\u00fcnasib\u0259ti Avropa t\u0259r\u0259fda\u015flar\u0131ndan f\u0259rql\u0259nir. \u00dcmumiyy\u0259tl\u0259, Paris Bak\u0131dan n\u0259 ist\u0259yir?<\/em><\/p>\n\n\n\n<p>&#8211;&nbsp;&nbsp;&nbsp;&nbsp;&nbsp;&nbsp; \u018fslind\u0259, ba\u015f ver\u0259nl\u0259r m\u00fcnasib\u0259tl\u0259r sistemind\u0259 \u00e7ox q\u0259ib\u0259 fenomendir. \u00c7\u00fcnki 2020-ci il\u0259 q\u0259d\u0259r Paris-Bak\u0131 m\u00fcnasib\u0259tl\u0259ri \u00e7ox yax\u015f\u0131 olub, Az\u0259rbaycan Fransaya \u00e7ox diqq\u0259t ay\u0131r\u0131b. Az\u0259rbaycan prezidentl\u0259rinin ilk s\u0259f\u0259r etdikl\u0259ri Avropa \u00f6lk\u0259si d\u0259 m\u0259hz Fransa olub. Fransan\u0131n Az\u0259rbaycana qar\u015f\u0131 siyas\u0259tind\u0259 iki aspekti diqq\u0259t\u0259 g\u0259tirm\u0259k ist\u0259rdim: birincisi, bu siyas\u0259t indiy\u0259 q\u0259d\u0259r n\u0259 Erm\u0259nistan\u0131n xeyrin\u0259, n\u0259 d\u0259 Az\u0259rbaycan\u0131n \u0259leyhin\u0259 real add\u0131mlarla n\u0259tic\u0259l\u0259nib. Y\u0259ni Erm\u0259nistana ciddi h\u0259rbi-siyasi yard\u0131m olub, Az\u0259rbaycan da c\u0259zalanmay\u0131b. Fransadan olan b\u0259yanatlar ritorik s\u0259viyy\u0259d\u0259 qal\u0131b, s\u00f6zd\u0259n o t\u0259r\u0259f\u0259 ke\u00e7m\u0259yib. B\u0259li, bir ne\u00e7\u0259 h\u0259ft\u0259 Senat q\u0259tnam\u0259 q\u0259bul etdi, &nbsp;amma ondan sonra Milli Assambleya h\u0259min s\u0259n\u0259di diskussiya etm\u0259kd\u0259n imtina etdi. Bu, Fransan\u0131n siyas\u0259tinin daha \u00e7ox ritorik xarakter da\u015f\u0131d\u0131\u011f\u0131n\u0131 g\u00f6st\u0259rir. Bel\u0259 ritorikan\u0131n k\u00f6k\u00fcnd\u0259 d\u0259 Fransan\u0131n xarici siyas\u0259tind\u0259ki yeni rolu dayan\u0131r. Fransa Makronun d\u00f6vr\u00fcnd\u0259 beyn\u0259lxalq m\u00fcnasib\u0259tl\u0259rd\u0259 daha f\u0259al rol oynama\u011fa \u00e7al\u0131\u015f\u0131r, \u0259ks\u0259r m\u00fcnaqi\u015f\u0259l\u0259rin h\u0259llind\u0259 pay almaq ist\u0259yir. Bir n\u00f6v ideoloji c\u0259h\u0259td\u0259n yax\u0131n olan dostlar v\u0259 uzaq r\u0259qibl\u0259r se\u00e7m\u0259y\u0259 \u00e7al\u0131\u015f\u0131r. M\u0259n Fransa-Erm\u0259nistan yax\u0131nla\u015fmas\u0131n\u0131 Fransa-T\u00fcrkiy\u0259 pisl\u0259\u015fm\u0259sinin fraqmenti olaraq g\u00f6r\u00fcr\u0259m. D\u00fc\u015f\u00fcn\u00fcr\u0259m ki, \u018frdo\u011fanla Makronun m\u00fcnasib\u0259tl\u0259rinin pisl\u0259\u015fm\u0259sinin d\u0259 t\u0259siri var. M\u0259nc\u0259, Fransadak\u0131 erm\u0259ni lobbisini d\u0259 \u015fi\u015firtm\u0259y\u0259 ehtyac yoxdur. \u00c7\u00fcnki onlar 2020-ci il\u0259 q\u0259d\u0259r Az\u0259rbaycana qar\u015f\u0131 ciddi n\u0259tic\u0259si olan i\u015f g\u00f6r\u0259 bilm\u0259yibl\u0259r. Ba\u015f ver\u0259nl\u0259r birba\u015fa Fransa elitas\u0131n\u0131n \u015f\u0259xsi t\u0259\u015f\u0259bb\u00fcs\u00fc olsa da, real siyasi add\u0131mlarla n\u0259tic\u0259l\u0259nm\u0259yib.<\/p>\n\n\n\n<p>&#8211;&nbsp;&nbsp;&nbsp;&nbsp;&nbsp;&nbsp;&nbsp;<em>Az\u0259rbaycan\u0131n xarici siyas\u0259tind\u0259 \u0130ranla m\u00fcnasib\u0259tl\u0259r yax\u015f\u0131 deyil, Fransan\u0131 dan\u0131\u015fd\u0131q, Rusiya il\u0259 s\u0259rinlik var. Bel\u0259 olduqda, sadalad\u0131qlar\u0131m\u0131n f\u0259sadlar\u0131 g\u0259l\u0259c\u0259kd\u0259 a\u011f\u0131r ola bil\u0259rmi?<\/em><\/p>\n\n\n\n<p>&#8211;&nbsp;&nbsp;&nbsp;&nbsp;&nbsp;&nbsp; \u018flb\u0259tt\u0259. Sad\u0259, primitiv yana\u015fsaq, xarici siyas\u0259t qon\u015fularla m\u00fcnasib\u0259tl\u0259ri \u0259n yax\u015f\u0131 s\u0259viyy\u0259d\u0259 saxlama\u011f\u0131 t\u0259l\u0259b edir. Az\u0259rbaycan kimi b\u00fct\u00fcn m\u0259nalarda Rusiya, Fransa kimi d\u00f6vl\u0259tl\u0259rl\u0259 m\u00fcqayis\u0259d\u0259 resursu z\u0259if olan \u00f6lk\u0259l\u0259r birinci diplomatiyaya \u00fcst\u00fcnl\u00fck verm\u0259lidir. M\u0259n Az\u0259rbaycan\u0131n Fransa, Rusiya v\u0259 \u0130ranla g\u0259rginliyini bir n\u00f6v ay\u0131rard\u0131m. Fransa il\u0259 olan g\u0259rginlik ritorikdir, \u0259m\u0259li t\u0259r\u0259fi g\u00f6r\u00fcnm\u00fcr. \u0130ranla m\u00fcnasib\u0259tl\u0259rin is\u0259 uzun m\u00fcdd\u0259tdir diplomatik qar\u015f\u0131durmaya ke\u00e7id oldu\u011funu g\u00f6r\u00fcr\u00fck. \u018fvv\u0259ll\u0259r he\u00e7 vaxt s\u0259sl\u0259nm\u0259y\u0259n tezisl\u0259r g\u00fcnd\u0259m\u0259 g\u0259lir&#8230;<\/p>\n\n\n\n<p>&#8211;&nbsp;&nbsp;&nbsp;&nbsp;&nbsp;&nbsp;&nbsp;<em>Telekanallar C\u0259nubi Az\u0259rbaycandan dan\u0131\u015f\u0131r, \u0259vv\u0259ll\u0259r bel\u0259 a\u00e7\u0131q ritorika yox idi&#8230;<\/em><\/p>\n\n\n\n<p>&#8211;&nbsp;&nbsp;&nbsp;&nbsp;&nbsp;&nbsp; B\u0259li, bu, art\u0131q \u201cq\u0131rm\u0131z\u0131 x\u0259tt\u201din ke\u00e7ilm\u0259si dem\u0259kdir.<\/p>\n\n\n\n<p>&#8211;&nbsp;&nbsp;&nbsp;&nbsp;&nbsp;&nbsp;&nbsp;<em>B\u0259s \u201cq\u0131rm\u0131z\u0131 x\u0259tt\u201di \u0130ran, yoxsa Az\u0259rbaycan ke\u00e7ib?<\/em><\/p>\n\n\n\n<p>&#8211;&nbsp;&nbsp;&nbsp;&nbsp;&nbsp;&nbsp; D\u00fc\u015f\u00fcn\u00fcr\u0259m ki, proses \u0130ran t\u0259r\u0259finin t\u0259\u015f\u0259bb\u00fcs\u00fcyl\u0259 ba\u015flad\u0131. \u0130ran\u0131n s\u0259rh\u0259dd\u0259ki t\u0259limi, Araz \u00e7ay\u0131n\u0131 ke\u00e7m\u0259k imitasiyas\u0131 Az\u0259rbaycan\u0131 i\u015f\u011fal mesaj\u0131 idi, ard\u0131nca \u0130sraill\u0259 \u0259laq\u0259l\u0259r\u0259 g\u00f6r\u0259 t\u0259nqidi v\u0259 ba\u015fqa m\u0259qamlar Tehran\u0131n daha aktiv oldu\u011funu g\u00f6st\u0259rir. Bak\u0131 \u0259vv\u0259ll\u0259r bel\u0259 epizodlar olsa da, reaksiya verm\u0259zdi. \u0130ndi is\u0259 b\u00fct\u00fcn kartlar a\u00e7\u0131l\u0131b, Bak\u0131 he\u00e7 geri d\u0259 add\u0131m atm\u0131r. M\u0259n bu m\u0259s\u0259l\u0259d\u0259 Az\u0259rbaycan\u0131n T\u00fcrkiy\u0259 il\u0259 xarici siyas\u0259tinin sintezl\u0259\u015fdirm\u0259sini d\u0259 m\u00fc\u015fahid\u0259 edir\u0259m. Bak\u0131 Ankaran\u0131n tam d\u0259st\u0259yini alandan sonra daha a\u00e7\u0131q oynay\u0131r. Gedi\u015fat t\u0259r\u0259fl\u0259rin m\u00fcnasib\u0259tl\u0259rini 2020-ci ild\u0259n \u0259vv\u0259ki s\u0259viyy\u0259y\u0259 qay\u0131tmas\u0131nl ist\u0259m\u0259diyini g\u00f6st\u0259rir. &nbsp;&nbsp;<\/p>\n\n\n\n<p>&#8211;&nbsp;&nbsp;&nbsp;&nbsp;&nbsp;&nbsp;&nbsp;<em>Yekun olaraq, Bak\u0131n\u0131n Yerevan\u0131n s\u00fclh sazi\u015fi layih\u0259si il\u0259 ba\u011fl\u0131 t\u0259klifl\u0259rin\u0259 cavab verm\u0259si il\u0259 ba\u011fl\u0131d\u0131r. Az\u0259rbaycan\u0131n cavab\u0131 nec\u0259 ola bil\u0259r v\u0259 30 illik davam ed\u0259n konfliktin q\u0131sa zamanda h\u0259llin\u0259, xalqalar aras\u0131nda m\u00fcnasib\u0259tl\u0259rin qurulmas\u0131na nail olmaq m\u00fcmk\u00fcnd\u00fcrm\u00fc?<\/em><\/p>\n\n\n\n<p>&#8211;&nbsp;&nbsp;&nbsp;&nbsp;&nbsp;&nbsp; B\u0259li, Erm\u0259nistan\u0131n xarici i\u015fl\u0259r naziri Ararat Mirzoyan Az\u0259rbaycandan cavab ald\u0131qlar\u0131n\u0131 dedi. Detallar\u0131 bilm\u0259s\u0259k d\u0259, y\u0259qin ki, Bak\u0131 \u0259vv\u0259lki m\u00f6vqeyind\u0259 qal\u0131r. Bu da ondan ibar\u0259tdir ki, Yerevanla Qaraba\u011f erm\u0259nil\u0259rinin m\u0259s\u0259l\u0259si m\u00fczakir\u0259 olunmayacaq. Az\u0259rbaycan\u0131n diqq\u0259ti daha \u00e7ox Avropa Birliyinin d\u0259st\u0259yil\u0259 t\u0259klif olunan s\u00fclh m\u00fcqavil\u0259sin\u0259 nail olmaqd\u0131r. Moskva bunun \u0259leyhin\u0259 oldu\u011fundan Bak\u0131 da Br\u00fcsselin t\u0259klifl\u0259rinin realla\u015fmas\u0131na varg\u00fcc\u00fc il\u0259 \u00e7al\u0131\u015f\u0131r. Y\u0259ni Qaraba\u011f ad\u0131 hans\u0131sa s\u00fclh m\u00fcqavil\u0259sind\u0259 g\u00f6st\u0259rilm\u0259sin v\u0259 n\u0259tic\u0259 etibar\u0131 il\u0259 Qaraba\u011f \u00fcz\u0259rind\u0259 Erm\u0259nistan Az\u0259rbaycan\u0131n suverenliyi tan\u0131s\u0131n. B\u00fct\u00fcn hallarda Bak\u0131 Br\u00fcssel, yaxud Va\u015finqton format\u0131nda s\u00fclh \u0259ld\u0259 olnams\u0131n\u0131 ist\u0259yir. Sual\u0131n\u0131z\u0131n ikinci hiss\u0259sin\u0259 g\u0259linc\u0259, s\u00fclh asan deyil, amma m\u00fcmk\u00fcns\u00fcz d\u0259 deyil. Asan v\u0259 m\u00fcmk\u00fcns\u00fcz f\u0259rqli anlay\u0131\u015flard\u0131r, y\u0259ni d\u00fcnyada daha a\u011f\u0131r m\u00fcnaqi\u015f\u0259l\u0259r ya\u015fan\u0131b v\u0259 itki saylar\u0131 da qat-qat \u00e7ox olub, \u00f6t\u0259n \u0259srin 90-c\u0131 ill\u0259rind\u0259 Balkanlarda, yaxud Almaniya-Fransa &nbsp;m\u00fcharib\u0259l\u0259ri xat\u0131rlana bil\u0259r. Amma b\u00fct\u00fcn bunlara baxmayaraq onlar bu m\u0259rh\u0259l\u0259l\u0259ri at\u0131b s\u00fclh\u0259 g\u0259libl\u0259r. Bu m\u0259nada Az\u0259rbaycanla Erm\u0259nistan aras\u0131nda s\u00fclh m\u00fcmk\u00fcnd\u00fcr, s\u00fclh\u0259 \u00e7atmaq \u00fc\u00e7\u00fcn \u00e7\u0259r\u00e7iv\u0259d\u0259 d\u0259 ayd\u0131nd\u0131r, burda hardan balan\u0131b nec\u0259 ke\u00e7m\u0259lidir sual\u0131 da m\u0259lumdur. Sad\u0259c\u0259, gerid\u0259 iki m\u0259s\u0259l\u0259 qal\u0131b, t\u0259r\u0259fl\u0259rin siyasi irad\u0259si v\u0259 deskruktiv xarici aktorlar\u0131n proses\u0259 c\u0259lb olunmamas\u0131. \u018fg\u0259r bunlar ba\u015f tutarsa, az\u0259rbaycanl\u0131larla erm\u0259nil\u0259r \u0259vv\u0259lki ill\u0259rd\u0259 oldu\u011fu kimi ya\u015faya bil\u0259rl\u0259r.<\/p>\n\n\n\n<p>&#8211;&nbsp;&nbsp;&nbsp;&nbsp;&nbsp;&nbsp;&nbsp;<em>Deskruktiv xarici aktorlar dey\u0259nd\u0259, siz y\u0259qin Rusiyan\u0131 n\u0259z\u0259rd\u0259 tutursunuz?<\/em><\/p>\n\n\n\n<p>&#8211;&nbsp;&nbsp;&nbsp;&nbsp;&nbsp;&nbsp; B\u0259li, indiki Kreml administrasiyas\u0131n\u0131.<\/p>\n","protected":false},"excerpt":{"rendered":"","protected":false},"author":14,"featured_media":262253,"comment_status":"closed","ping_status":"closed","sticky":false,"template":"","format":"standard","meta":{"_acf_changed":false,"_sitemap_exclude":false,"_sitemap_priority":"","_sitemap_frequency":"","footnotes":""},"categories":[63],"tags":[],"class_list":["post-262251","post","type-post","status-publish","format-standard","has-post-thumbnail","hentry","category-video-2","infinite-scroll-item","generate-columns","tablet-grid-50","mobile-grid-100","grid-parent","grid-33","no-featured-image-padding"],"acf":[],"yoast_head":"<!-- This site is optimized with the Yoast SEO plugin v27.5 - https:\/\/yoast.com\/product\/yoast-seo-wordpress\/ -->\n<title>S\u00fcca\u0259t \u018fhm\u0259dzad\u0259: \u201cRusiya Az\u0259rbaycanla bir n\u00f6v Moldovada oynad\u0131\u011f\u0131 oyunu oynamaq ist\u0259yir\u201d - MEYDAN.TV<\/title>\n<meta name=\"robots\" content=\"index, follow, max-snippet:-1, max-image-preview:large, max-video-preview:-1\" \/>\n<link rel=\"canonical\" href=\"https:\/\/www.meydan.tv\/az\/article\/sucaet-ehmedzade-rusiya-azerbaycanla-bir-nov-moldovada-oynadigi-oyunu-oynamaq-isteyir\/\" \/>\n<meta property=\"og:locale\" content=\"az_AZ\" \/>\n<meta property=\"og:type\" content=\"article\" \/>\n<meta property=\"og:title\" content=\"S\u00fcca\u0259t \u018fhm\u0259dzad\u0259: \u201cRusiya Az\u0259rbaycanla bir n\u00f6v Moldovada oynad\u0131\u011f\u0131 oyunu oynamaq ist\u0259yir\u201d - MEYDAN.TV\" \/>\n<meta property=\"og:url\" content=\"https:\/\/www.meydan.tv\/az\/article\/sucaet-ehmedzade-rusiya-azerbaycanla-bir-nov-moldovada-oynadigi-oyunu-oynamaq-isteyir\/\" \/>\n<meta property=\"og:site_name\" content=\"MEYDAN.TV\" \/>\n<meta property=\"article:published_time\" content=\"2022-11-30T19:08:37+00:00\" \/>\n<meta property=\"article:modified_time\" content=\"2022-11-30T19:08:40+00:00\" \/>\n<meta property=\"og:image\" content=\"https:\/\/www.meydan.tv\/wp-content\/uploads\/screenshot-2022-11-30-at-19.05.20.png\" \/>\n\t<meta property=\"og:image:width\" content=\"1254\" \/>\n\t<meta property=\"og:image:height\" content=\"702\" \/>\n\t<meta property=\"og:image:type\" content=\"image\/png\" \/>\n<meta name=\"author\" content=\"roma\" \/>\n<meta name=\"twitter:card\" content=\"summary_large_image\" \/>\n<script type=\"application\/ld+json\" class=\"yoast-schema-graph\">{\"@context\":\"https:\\\/\\\/schema.org\",\"@graph\":[{\"@type\":\"Article\",\"@id\":\"https:\\\/\\\/www.meydan.tv\\\/az\\\/article\\\/sucaet-ehmedzade-rusiya-azerbaycanla-bir-nov-moldovada-oynadigi-oyunu-oynamaq-isteyir\\\/#article\",\"isPartOf\":{\"@id\":\"https:\\\/\\\/www.meydan.tv\\\/az\\\/article\\\/sucaet-ehmedzade-rusiya-azerbaycanla-bir-nov-moldovada-oynadigi-oyunu-oynamaq-isteyir\\\/\"},\"author\":{\"name\":\"roma\",\"@id\":\"https:\\\/\\\/www.meydan.tv\\\/az\\\/#\\\/schema\\\/person\\\/8f23e01c4de63326c13c319fb65ee65d\"},\"headline\":\"S\u00fcca\u0259t \u018fhm\u0259dzad\u0259: \u201cRusiya Az\u0259rbaycanla bir n\u00f6v Moldovada oynad\u0131\u011f\u0131 oyunu oynamaq ist\u0259yir\u201d\",\"datePublished\":\"2022-11-30T19:08:37+00:00\",\"dateModified\":\"2022-11-30T19:08:40+00:00\",\"mainEntityOfPage\":{\"@id\":\"https:\\\/\\\/www.meydan.tv\\\/az\\\/article\\\/sucaet-ehmedzade-rusiya-azerbaycanla-bir-nov-moldovada-oynadigi-oyunu-oynamaq-isteyir\\\/\"},\"wordCount\":3411,\"publisher\":{\"@id\":\"https:\\\/\\\/www.meydan.tv\\\/az\\\/#organization\"},\"image\":{\"@id\":\"https:\\\/\\\/www.meydan.tv\\\/az\\\/article\\\/sucaet-ehmedzade-rusiya-azerbaycanla-bir-nov-moldovada-oynadigi-oyunu-oynamaq-isteyir\\\/#primaryimage\"},\"thumbnailUrl\":\"https:\\\/\\\/www.meydan.tv\\\/wp-content\\\/uploads\\\/screenshot-2022-11-30-at-19.05.20.png\",\"articleSection\":[\"Video\"],\"inLanguage\":\"az\"},{\"@type\":\"WebPage\",\"@id\":\"https:\\\/\\\/www.meydan.tv\\\/az\\\/article\\\/sucaet-ehmedzade-rusiya-azerbaycanla-bir-nov-moldovada-oynadigi-oyunu-oynamaq-isteyir\\\/\",\"url\":\"https:\\\/\\\/www.meydan.tv\\\/az\\\/article\\\/sucaet-ehmedzade-rusiya-azerbaycanla-bir-nov-moldovada-oynadigi-oyunu-oynamaq-isteyir\\\/\",\"name\":\"S\u00fcca\u0259t \u018fhm\u0259dzad\u0259: \u201cRusiya Az\u0259rbaycanla bir n\u00f6v Moldovada oynad\u0131\u011f\u0131 oyunu oynamaq ist\u0259yir\u201d - MEYDAN.TV\",\"isPartOf\":{\"@id\":\"https:\\\/\\\/www.meydan.tv\\\/az\\\/#website\"},\"primaryImageOfPage\":{\"@id\":\"https:\\\/\\\/www.meydan.tv\\\/az\\\/article\\\/sucaet-ehmedzade-rusiya-azerbaycanla-bir-nov-moldovada-oynadigi-oyunu-oynamaq-isteyir\\\/#primaryimage\"},\"image\":{\"@id\":\"https:\\\/\\\/www.meydan.tv\\\/az\\\/article\\\/sucaet-ehmedzade-rusiya-azerbaycanla-bir-nov-moldovada-oynadigi-oyunu-oynamaq-isteyir\\\/#primaryimage\"},\"thumbnailUrl\":\"https:\\\/\\\/www.meydan.tv\\\/wp-content\\\/uploads\\\/screenshot-2022-11-30-at-19.05.20.png\",\"datePublished\":\"2022-11-30T19:08:37+00:00\",\"dateModified\":\"2022-11-30T19:08:40+00:00\",\"breadcrumb\":{\"@id\":\"https:\\\/\\\/www.meydan.tv\\\/az\\\/article\\\/sucaet-ehmedzade-rusiya-azerbaycanla-bir-nov-moldovada-oynadigi-oyunu-oynamaq-isteyir\\\/#breadcrumb\"},\"inLanguage\":\"az\",\"potentialAction\":[{\"@type\":\"ReadAction\",\"target\":[\"https:\\\/\\\/www.meydan.tv\\\/az\\\/article\\\/sucaet-ehmedzade-rusiya-azerbaycanla-bir-nov-moldovada-oynadigi-oyunu-oynamaq-isteyir\\\/\"]}]},{\"@type\":\"ImageObject\",\"inLanguage\":\"az\",\"@id\":\"https:\\\/\\\/www.meydan.tv\\\/az\\\/article\\\/sucaet-ehmedzade-rusiya-azerbaycanla-bir-nov-moldovada-oynadigi-oyunu-oynamaq-isteyir\\\/#primaryimage\",\"url\":\"https:\\\/\\\/www.meydan.tv\\\/wp-content\\\/uploads\\\/screenshot-2022-11-30-at-19.05.20.png\",\"contentUrl\":\"https:\\\/\\\/www.meydan.tv\\\/wp-content\\\/uploads\\\/screenshot-2022-11-30-at-19.05.20.png\",\"width\":1254,\"height\":702},{\"@type\":\"BreadcrumbList\",\"@id\":\"https:\\\/\\\/www.meydan.tv\\\/az\\\/article\\\/sucaet-ehmedzade-rusiya-azerbaycanla-bir-nov-moldovada-oynadigi-oyunu-oynamaq-isteyir\\\/#breadcrumb\",\"itemListElement\":[{\"@type\":\"ListItem\",\"position\":1,\"name\":\"Ana s\u0259hif\u0259\",\"item\":\"https:\\\/\\\/www.meydan.tv\\\/az\\\/\"},{\"@type\":\"ListItem\",\"position\":2,\"name\":\"Video\",\"item\":\"https:\\\/\\\/www.meydan.tv\\\/az\\\/section\\\/video-2\\\/\"},{\"@type\":\"ListItem\",\"position\":3,\"name\":\"S\u00fcca\u0259t \u018fhm\u0259dzad\u0259: \u201cRusiya Az\u0259rbaycanla bir n\u00f6v Moldovada oynad\u0131\u011f\u0131 oyunu oynamaq ist\u0259yir\u201d\"}]},{\"@type\":\"WebSite\",\"@id\":\"https:\\\/\\\/www.meydan.tv\\\/az\\\/#website\",\"url\":\"https:\\\/\\\/www.meydan.tv\\\/az\\\/\",\"name\":\"MEYDAN.TV\",\"description\":\"Meydan TV Az\u0259rbaycan\u0131n media m\u0259kan\u0131ndak\u0131 alternativ s\u0259sidir\",\"publisher\":{\"@id\":\"https:\\\/\\\/www.meydan.tv\\\/az\\\/#organization\"},\"potentialAction\":[{\"@type\":\"SearchAction\",\"target\":{\"@type\":\"EntryPoint\",\"urlTemplate\":\"https:\\\/\\\/www.meydan.tv\\\/az\\\/?s={search_term_string}\"},\"query-input\":{\"@type\":\"PropertyValueSpecification\",\"valueRequired\":true,\"valueName\":\"search_term_string\"}}],\"inLanguage\":\"az\"},{\"@type\":\"Organization\",\"@id\":\"https:\\\/\\\/www.meydan.tv\\\/az\\\/#organization\",\"name\":\"Meydan TV\",\"url\":\"https:\\\/\\\/www.meydan.tv\\\/az\\\/\",\"logo\":{\"@type\":\"ImageObject\",\"inLanguage\":\"az\",\"@id\":\"https:\\\/\\\/www.meydan.tv\\\/az\\\/#\\\/schema\\\/logo\\\/image\\\/\",\"url\":\"https:\\\/\\\/www.meydan.tv\\\/wp-content\\\/uploads\\\/2021\\\/07\\\/meydan-logo.svg\",\"contentUrl\":\"https:\\\/\\\/www.meydan.tv\\\/wp-content\\\/uploads\\\/2021\\\/07\\\/meydan-logo.svg\",\"width\":195,\"height\":46,\"caption\":\"Meydan TV\"},\"image\":{\"@id\":\"https:\\\/\\\/www.meydan.tv\\\/az\\\/#\\\/schema\\\/logo\\\/image\\\/\"}},{\"@type\":\"Person\",\"@id\":\"https:\\\/\\\/www.meydan.tv\\\/az\\\/#\\\/schema\\\/person\\\/8f23e01c4de63326c13c319fb65ee65d\",\"name\":\"roma\"}]}<\/script>\n<!-- \/ Yoast SEO plugin. -->","yoast_head_json":{"title":"S\u00fcca\u0259t \u018fhm\u0259dzad\u0259: \u201cRusiya Az\u0259rbaycanla bir n\u00f6v Moldovada oynad\u0131\u011f\u0131 oyunu oynamaq ist\u0259yir\u201d - MEYDAN.TV","robots":{"index":"index","follow":"follow","max-snippet":"max-snippet:-1","max-image-preview":"max-image-preview:large","max-video-preview":"max-video-preview:-1"},"canonical":"https:\/\/www.meydan.tv\/az\/article\/sucaet-ehmedzade-rusiya-azerbaycanla-bir-nov-moldovada-oynadigi-oyunu-oynamaq-isteyir\/","og_locale":"az_AZ","og_type":"article","og_title":"S\u00fcca\u0259t \u018fhm\u0259dzad\u0259: \u201cRusiya Az\u0259rbaycanla bir n\u00f6v Moldovada oynad\u0131\u011f\u0131 oyunu oynamaq ist\u0259yir\u201d - MEYDAN.TV","og_url":"https:\/\/www.meydan.tv\/az\/article\/sucaet-ehmedzade-rusiya-azerbaycanla-bir-nov-moldovada-oynadigi-oyunu-oynamaq-isteyir\/","og_site_name":"MEYDAN.TV","article_published_time":"2022-11-30T19:08:37+00:00","article_modified_time":"2022-11-30T19:08:40+00:00","og_image":[{"width":1254,"height":702,"url":"https:\/\/www.meydan.tv\/wp-content\/uploads\/screenshot-2022-11-30-at-19.05.20.png","type":"image\/png"}],"author":"roma","twitter_card":"summary_large_image","schema":{"@context":"https:\/\/schema.org","@graph":[{"@type":"Article","@id":"https:\/\/www.meydan.tv\/az\/article\/sucaet-ehmedzade-rusiya-azerbaycanla-bir-nov-moldovada-oynadigi-oyunu-oynamaq-isteyir\/#article","isPartOf":{"@id":"https:\/\/www.meydan.tv\/az\/article\/sucaet-ehmedzade-rusiya-azerbaycanla-bir-nov-moldovada-oynadigi-oyunu-oynamaq-isteyir\/"},"author":{"name":"roma","@id":"https:\/\/www.meydan.tv\/az\/#\/schema\/person\/8f23e01c4de63326c13c319fb65ee65d"},"headline":"S\u00fcca\u0259t \u018fhm\u0259dzad\u0259: \u201cRusiya Az\u0259rbaycanla bir n\u00f6v Moldovada oynad\u0131\u011f\u0131 oyunu oynamaq ist\u0259yir\u201d","datePublished":"2022-11-30T19:08:37+00:00","dateModified":"2022-11-30T19:08:40+00:00","mainEntityOfPage":{"@id":"https:\/\/www.meydan.tv\/az\/article\/sucaet-ehmedzade-rusiya-azerbaycanla-bir-nov-moldovada-oynadigi-oyunu-oynamaq-isteyir\/"},"wordCount":3411,"publisher":{"@id":"https:\/\/www.meydan.tv\/az\/#organization"},"image":{"@id":"https:\/\/www.meydan.tv\/az\/article\/sucaet-ehmedzade-rusiya-azerbaycanla-bir-nov-moldovada-oynadigi-oyunu-oynamaq-isteyir\/#primaryimage"},"thumbnailUrl":"https:\/\/www.meydan.tv\/wp-content\/uploads\/screenshot-2022-11-30-at-19.05.20.png","articleSection":["Video"],"inLanguage":"az"},{"@type":"WebPage","@id":"https:\/\/www.meydan.tv\/az\/article\/sucaet-ehmedzade-rusiya-azerbaycanla-bir-nov-moldovada-oynadigi-oyunu-oynamaq-isteyir\/","url":"https:\/\/www.meydan.tv\/az\/article\/sucaet-ehmedzade-rusiya-azerbaycanla-bir-nov-moldovada-oynadigi-oyunu-oynamaq-isteyir\/","name":"S\u00fcca\u0259t \u018fhm\u0259dzad\u0259: \u201cRusiya Az\u0259rbaycanla bir n\u00f6v Moldovada oynad\u0131\u011f\u0131 oyunu oynamaq ist\u0259yir\u201d - MEYDAN.TV","isPartOf":{"@id":"https:\/\/www.meydan.tv\/az\/#website"},"primaryImageOfPage":{"@id":"https:\/\/www.meydan.tv\/az\/article\/sucaet-ehmedzade-rusiya-azerbaycanla-bir-nov-moldovada-oynadigi-oyunu-oynamaq-isteyir\/#primaryimage"},"image":{"@id":"https:\/\/www.meydan.tv\/az\/article\/sucaet-ehmedzade-rusiya-azerbaycanla-bir-nov-moldovada-oynadigi-oyunu-oynamaq-isteyir\/#primaryimage"},"thumbnailUrl":"https:\/\/www.meydan.tv\/wp-content\/uploads\/screenshot-2022-11-30-at-19.05.20.png","datePublished":"2022-11-30T19:08:37+00:00","dateModified":"2022-11-30T19:08:40+00:00","breadcrumb":{"@id":"https:\/\/www.meydan.tv\/az\/article\/sucaet-ehmedzade-rusiya-azerbaycanla-bir-nov-moldovada-oynadigi-oyunu-oynamaq-isteyir\/#breadcrumb"},"inLanguage":"az","potentialAction":[{"@type":"ReadAction","target":["https:\/\/www.meydan.tv\/az\/article\/sucaet-ehmedzade-rusiya-azerbaycanla-bir-nov-moldovada-oynadigi-oyunu-oynamaq-isteyir\/"]}]},{"@type":"ImageObject","inLanguage":"az","@id":"https:\/\/www.meydan.tv\/az\/article\/sucaet-ehmedzade-rusiya-azerbaycanla-bir-nov-moldovada-oynadigi-oyunu-oynamaq-isteyir\/#primaryimage","url":"https:\/\/www.meydan.tv\/wp-content\/uploads\/screenshot-2022-11-30-at-19.05.20.png","contentUrl":"https:\/\/www.meydan.tv\/wp-content\/uploads\/screenshot-2022-11-30-at-19.05.20.png","width":1254,"height":702},{"@type":"BreadcrumbList","@id":"https:\/\/www.meydan.tv\/az\/article\/sucaet-ehmedzade-rusiya-azerbaycanla-bir-nov-moldovada-oynadigi-oyunu-oynamaq-isteyir\/#breadcrumb","itemListElement":[{"@type":"ListItem","position":1,"name":"Ana s\u0259hif\u0259","item":"https:\/\/www.meydan.tv\/az\/"},{"@type":"ListItem","position":2,"name":"Video","item":"https:\/\/www.meydan.tv\/az\/section\/video-2\/"},{"@type":"ListItem","position":3,"name":"S\u00fcca\u0259t \u018fhm\u0259dzad\u0259: \u201cRusiya Az\u0259rbaycanla bir n\u00f6v Moldovada oynad\u0131\u011f\u0131 oyunu oynamaq ist\u0259yir\u201d"}]},{"@type":"WebSite","@id":"https:\/\/www.meydan.tv\/az\/#website","url":"https:\/\/www.meydan.tv\/az\/","name":"MEYDAN.TV","description":"Meydan TV Az\u0259rbaycan\u0131n media m\u0259kan\u0131ndak\u0131 alternativ s\u0259sidir","publisher":{"@id":"https:\/\/www.meydan.tv\/az\/#organization"},"potentialAction":[{"@type":"SearchAction","target":{"@type":"EntryPoint","urlTemplate":"https:\/\/www.meydan.tv\/az\/?s={search_term_string}"},"query-input":{"@type":"PropertyValueSpecification","valueRequired":true,"valueName":"search_term_string"}}],"inLanguage":"az"},{"@type":"Organization","@id":"https:\/\/www.meydan.tv\/az\/#organization","name":"Meydan TV","url":"https:\/\/www.meydan.tv\/az\/","logo":{"@type":"ImageObject","inLanguage":"az","@id":"https:\/\/www.meydan.tv\/az\/#\/schema\/logo\/image\/","url":"https:\/\/www.meydan.tv\/wp-content\/uploads\/2021\/07\/meydan-logo.svg","contentUrl":"https:\/\/www.meydan.tv\/wp-content\/uploads\/2021\/07\/meydan-logo.svg","width":195,"height":46,"caption":"Meydan TV"},"image":{"@id":"https:\/\/www.meydan.tv\/az\/#\/schema\/logo\/image\/"}},{"@type":"Person","@id":"https:\/\/www.meydan.tv\/az\/#\/schema\/person\/8f23e01c4de63326c13c319fb65ee65d","name":"roma"}]}},"_links":{"self":[{"href":"https:\/\/www.meydan.tv\/az\/wp-json\/wp\/v2\/posts\/262251","targetHints":{"allow":["GET"]}}],"collection":[{"href":"https:\/\/www.meydan.tv\/az\/wp-json\/wp\/v2\/posts"}],"about":[{"href":"https:\/\/www.meydan.tv\/az\/wp-json\/wp\/v2\/types\/post"}],"author":[{"embeddable":true,"href":"https:\/\/www.meydan.tv\/az\/wp-json\/wp\/v2\/users\/14"}],"replies":[{"embeddable":true,"href":"https:\/\/www.meydan.tv\/az\/wp-json\/wp\/v2\/comments?post=262251"}],"version-history":[{"count":2,"href":"https:\/\/www.meydan.tv\/az\/wp-json\/wp\/v2\/posts\/262251\/revisions"}],"predecessor-version":[{"id":262256,"href":"https:\/\/www.meydan.tv\/az\/wp-json\/wp\/v2\/posts\/262251\/revisions\/262256"}],"wp:featuredmedia":[{"embeddable":true,"href":"https:\/\/www.meydan.tv\/az\/wp-json\/wp\/v2\/media\/262253"}],"wp:attachment":[{"href":"https:\/\/www.meydan.tv\/az\/wp-json\/wp\/v2\/media?parent=262251"}],"wp:term":[{"taxonomy":"category","embeddable":true,"href":"https:\/\/www.meydan.tv\/az\/wp-json\/wp\/v2\/categories?post=262251"},{"taxonomy":"post_tag","embeddable":true,"href":"https:\/\/www.meydan.tv\/az\/wp-json\/wp\/v2\/tags?post=262251"}],"curies":[{"name":"wp","href":"https:\/\/api.w.org\/{rel}","templated":true}]}}