{"id":262236,"date":"2022-11-30T17:50:11","date_gmt":"2022-11-30T13:50:11","guid":{"rendered":"https:\/\/www.meydan.tv\/?p=262236"},"modified":"2022-11-30T17:50:13","modified_gmt":"2022-11-30T13:50:13","slug":"sikayet-etdiyine-gore-polis-sobesinde-anama-hede-qorxu-gelibler","status":"publish","type":"post","link":"https:\/\/www.meydan.tv\/az\/article\/sikayet-etdiyine-gore-polis-sobesinde-anama-hede-qorxu-gelibler\/","title":{"rendered":"\u201c\u015eikay\u0259t etdiyin\u0259 g\u00f6r\u0259 polis \u015f\u00f6b\u0259sind\u0259 anama h\u0259d\u0259-qorxu g\u0259libl\u0259r\u201d"},"content":{"rendered":"\n<p><\/p>\n\n\n\n<p><em>Masall\u0131 sakini: \u201cHans\u0131 qanun ona icaz\u0259 verir ki, polis v\u0259t\u0259nda\u015fa qar\u015f\u0131 bu c\u00fcr davran\u0131r?\u201d<\/em><\/p>\n\n\n\n<p>Masall\u0131 rayonunun Yey\u0259nk\u0259nd k\u0259ndind\u0259 ya\u015fayan M\u0259mm\u0259dovlar ail\u0259si polisd\u0259n naraz\u0131d\u0131r. Deyirl\u0259r ki, evl\u0259rind\u0259ki o\u011furluqdan 6 ild\u0259n \u00e7ox vaxt ke\u00e7ir, lakin Masall\u0131 Rayon Polis \u015e\u00f6b\u0259si bu cinay\u0259tin \u00fcst\u00fcn\u00fc a\u00e7maq, o\u011furluq ed\u0259nl\u0259ri m\u0259suliyy\u0259t\u0259 c\u0259lb el\u0259m\u0259k ist\u0259mir.<\/p>\n\n\n\n<p><strong>\u201cBu c\u00fcr \u00f6zba\u015f\u0131nal\u0131qlar ara\u015fd\u0131r\u0131ls\u0131n\u201d<\/strong><\/p>\n\n\n\n<p>Ail\u0259 \u00f6t\u0259n ill\u0259r \u0259rzind\u0259 Prezident Administrasiyas\u0131, Daxili \u0130\u015fl\u0259r Nazirliyi, Ba\u015f Prokurorluq da daxil olmaqla, m\u00fcxt\u0259lif d\u00f6vl\u0259t orqanlar\u0131na y\u00fczl\u0259rl\u0259 m\u0259ktub v\u0259 teleqram g\u00f6nd\u0259rib. Amma h\u0259l\u0259 ki, n\u0259tic\u0259 yoxdur.<br>Etimad M\u0259mm\u0259dov deyir ki, cinay\u0259tin \u00fcst\u00fcn\u00fcn a\u00e7\u0131lmamas\u0131 bir yana, \u00fcst\u0259lik, ail\u0259y\u0259 t\u0259zyiq g\u00f6st\u0259rirl\u0259r. Onun s\u00f6zl\u0259rin\u0259 g\u00f6r\u0259, anas\u0131 M\u0259nsuma M\u0259mm\u0259dova bug\u00fcnl\u0259rd\u0259 n\u00f6vb\u0259ti d\u0259f\u0259 Masall\u0131 Rayon Polis \u015e\u00f6b\u0259sin\u0259 \u015fikay\u0259t\u0259 gedib. Orada Bab\u0259k N\u0259sirov adl\u0131 \u0259m\u0259kda\u015f onu h\u0259d\u0259l\u0259yib, t\u0259zyiq alt\u0131nda video\u00e7\u0259kili\u015f edib:<br>\u201cD\u00f6vl\u0259t orqanlar\u0131na \u015fikay\u0259tl\u0259rimiz\u0259 g\u00f6r\u0259 anama h\u0259d\u0259-qorxu g\u0259lib, \u00fczr videosu \u00e7\u0259kdirib. Bu, n\u0259 dem\u0259kdir? Hans\u0131 qanun ona icaz\u0259 verir ki, polis v\u0259t\u0259nda\u015fa qar\u015f\u0131 bu c\u00fcr davran\u0131r?Daxili \u0130\u015fl\u0259r Nazirliyin\u0259 d\u0259 m\u00fcraci\u0259t etmi\u015fik ki, bu c\u00fcr \u00f6zba\u015f\u0131nal\u0131qlar ara\u015fd\u0131r\u0131ls\u0131n\u201d.<br>Etimad M\u0259mm\u0259dov vur\u011fulay\u0131b ki, bu cinay\u0259tin \u00fcst\u00fcn\u00fcn a\u00e7\u0131lmas\u0131na imkan verm\u0259y\u0259n v\u0259zif\u0259li \u015f\u0259xs var, onun kimliyini d\u0259 bilirl\u0259r.<\/p>\n\n\n\n<p><strong>\u201c600-d\u0259n \u00e7ox \u015fikay\u0259t g\u00f6nd\u0259rmi\u015fik\u201d<\/strong><\/p>\n\n\n\n<p>M\u0259nsuma M\u0259mm\u0259dova deyir ki, 6 il \u00f6nc\u0259 toya ged\u0259nd\u0259 q\u0131z\u0131l-zin\u0259t \u0259\u015fyalar\u0131n\u0131 gizl\u0259tdiyi yerd\u0259n \u00e7\u0131xar\u0131b, b\u0259zil\u0259rini g\u00f6t\u00fcr\u00fcb, qalan\u0131n\u0131 \u015fkafa qoyub. Toydan qay\u0131danda zin\u0259t \u0259\u015fyalar\u0131n\u0131n yerind\u0259 olmad\u0131\u011f\u0131n\u0131 g\u00f6r\u00fcb.<br>\u201cKimd\u0259n \u015f\u00fcbh\u0259l\u0259ndiyimizi d\u0259 ad\u0131yla polisl\u0259r\u0259 demi\u015fik. Amma he\u00e7 bir t\u0259dbir g\u00f6rm\u00fcrl\u0259r. Daha g\u0259zm\u0259diyimiz qap\u0131, \u015fikay\u0259t etm\u0259diyimiz yer qalmay\u0131b. B\u0259lk\u0259 inanmazs\u0131n\u0131z, bu ill\u0259r \u0259rzind\u0259 600-d\u0259n \u00e7ox m\u0259ktub g\u00f6nd\u0259rmi\u015fik. V\u0259t\u0259nda\u015fa qar\u015f\u0131 bu q\u0259d\u0259r bigan\u0259lik olar?!\u201d, &#8211; M\u0259nsuma M\u0259mm\u0259dova bildirib.<\/p>\n\n\n\n<p><strong>D\u0130N: \u201cM\u00fc\u0259yy\u0259n edilm\u0259diyin\u0259 g\u00f6r\u0259 icraat dayand\u0131r\u0131l\u0131b\u201d<\/strong><\/p>\n\n\n\n<p>Daxili \u0130\u015fl\u0259r Nazirliyinin m\u0259tbuat xidm\u0259tinin regional qrupundan Meydan TV-y\u0259 bildirilib ki, s\u00f6z\u00fcged\u0259n o\u011furluq fakt\u0131yla \u0259laq\u0259dar Masall\u0131 Rayon Polis \u015e\u00f6b\u0259sind\u0259 cinay\u0259t i\u015fi ba\u015flan\u0131b:<\/p>\n\n\n\n<p>\u201cCinay\u0259t M\u0259c\u0259ll\u0259sinin m\u00fcvafiq madd\u0259sil\u0259 cinay\u0259t i\u015fi ba\u015flan\u0131l\u0131b. \u018fm\u0259liyyat-axtar\u0131\u015f t\u0259dbirl\u0259ri v\u0259 z\u0259ruri istintaq h\u0259r\u0259k\u0259tl\u0259ri apar\u0131l\u0131b. Lakin t\u0259qsirl\u0259ndiril\u0259n \u015f\u0259xs qismind\u0259 c\u0259lb edilm\u0259li olan \u015f\u0259xs m\u00fc\u0259yy\u0259n edilm\u0259diyin\u0259 g\u00f6r\u0259 cinay\u0259t i\u015finin icraat\u0131 dayand\u0131r\u0131l\u0131b. Haz\u0131rda faktla ba\u011fl\u0131 \u0259m\u0259liyyat-axtar\u0131\u015f t\u0259dbirl\u0259ri davam etdirilir\u201d.<\/p>\n","protected":false},"excerpt":{"rendered":"<p>Masall\u0131 sakini: \u201cHans\u0131 qanun ona icaz\u0259 verir ki, polis v\u0259t\u0259nda\u015fa &#8230; <\/p>\n<p class=\"read-more-container\"><a title=\"\u201c\u015eikay\u0259t etdiyin\u0259 g\u00f6r\u0259 polis \u015f\u00f6b\u0259sind\u0259 anama h\u0259d\u0259-qorxu g\u0259libl\u0259r\u201d\" class=\"read-more button\" href=\"https:\/\/www.meydan.tv\/az\/article\/sikayet-etdiyine-gore-polis-sobesinde-anama-hede-qorxu-gelibler\/#more-262236\" aria-label=\"Read more about \u201c\u015eikay\u0259t etdiyin\u0259 g\u00f6r\u0259 polis \u015f\u00f6b\u0259sind\u0259 anama h\u0259d\u0259-qorxu g\u0259libl\u0259r\u201d\">Davam\u0131<\/a><\/p>\n","protected":false},"author":8,"featured_media":262233,"comment_status":"closed","ping_status":"closed","sticky":false,"template":"","format":"standard","meta":{"_acf_changed":false,"_sitemap_exclude":false,"_sitemap_priority":"","_sitemap_frequency":"","footnotes":""},"categories":[60,56],"tags":[],"class_list":["post-262236","post","type-post","status-publish","format-standard","has-post-thumbnail","hentry","category-bolge","category-xeberler","infinite-scroll-item","generate-columns","tablet-grid-50","mobile-grid-100","grid-parent","grid-33","no-featured-image-padding"],"acf":[],"yoast_head":"<!-- This site is optimized with the Yoast SEO plugin v27.5 - https:\/\/yoast.com\/product\/yoast-seo-wordpress\/ -->\n<title>\u201c\u015eikay\u0259t etdiyin\u0259 g\u00f6r\u0259 polis \u015f\u00f6b\u0259sind\u0259 anama h\u0259d\u0259-qorxu g\u0259libl\u0259r\u201d - MEYDAN.TV<\/title>\n<meta name=\"robots\" content=\"index, follow, max-snippet:-1, max-image-preview:large, max-video-preview:-1\" \/>\n<link rel=\"canonical\" href=\"https:\/\/www.meydan.tv\/az\/article\/sikayet-etdiyine-gore-polis-sobesinde-anama-hede-qorxu-gelibler\/\" \/>\n<meta property=\"og:locale\" content=\"az_AZ\" \/>\n<meta property=\"og:type\" content=\"article\" \/>\n<meta property=\"og:title\" content=\"\u201c\u015eikay\u0259t etdiyin\u0259 g\u00f6r\u0259 polis \u015f\u00f6b\u0259sind\u0259 anama h\u0259d\u0259-qorxu g\u0259libl\u0259r\u201d - MEYDAN.TV\" \/>\n<meta property=\"og:description\" content=\"Masall\u0131 sakini: \u201cHans\u0131 qanun ona icaz\u0259 verir ki, polis v\u0259t\u0259nda\u015fa ... Davam\u0131\" \/>\n<meta property=\"og:url\" content=\"https:\/\/www.meydan.tv\/az\/article\/sikayet-etdiyine-gore-polis-sobesinde-anama-hede-qorxu-gelibler\/\" \/>\n<meta property=\"og:site_name\" content=\"MEYDAN.TV\" \/>\n<meta property=\"article:published_time\" content=\"2022-11-30T13:50:11+00:00\" \/>\n<meta property=\"article:modified_time\" content=\"2022-11-30T13:50:13+00:00\" \/>\n<meta property=\"og:image\" content=\"https:\/\/www.meydan.tv\/wp-content\/uploads\/photo-2022-11-30-15-55-27.jpg\" \/>\n\t<meta property=\"og:image:width\" content=\"1200\" \/>\n\t<meta property=\"og:image:height\" content=\"777\" \/>\n\t<meta property=\"og:image:type\" content=\"image\/jpeg\" \/>\n<meta name=\"author\" content=\"elli\" \/>\n<meta name=\"twitter:card\" content=\"summary_large_image\" \/>\n<meta name=\"twitter:creator\" content=\"@elli\" \/>\n<script type=\"application\/ld+json\" class=\"yoast-schema-graph\">{\"@context\":\"https:\\\/\\\/schema.org\",\"@graph\":[{\"@type\":\"Article\",\"@id\":\"https:\\\/\\\/www.meydan.tv\\\/az\\\/article\\\/sikayet-etdiyine-gore-polis-sobesinde-anama-hede-qorxu-gelibler\\\/#article\",\"isPartOf\":{\"@id\":\"https:\\\/\\\/www.meydan.tv\\\/az\\\/article\\\/sikayet-etdiyine-gore-polis-sobesinde-anama-hede-qorxu-gelibler\\\/\"},\"author\":{\"name\":\"elli\",\"@id\":\"https:\\\/\\\/www.meydan.tv\\\/az\\\/#\\\/schema\\\/person\\\/9cdbecf90d17180ce1dfbd95b08dcf47\"},\"headline\":\"\u201c\u015eikay\u0259t etdiyin\u0259 g\u00f6r\u0259 polis \u015f\u00f6b\u0259sind\u0259 anama h\u0259d\u0259-qorxu g\u0259libl\u0259r\u201d\",\"datePublished\":\"2022-11-30T13:50:11+00:00\",\"dateModified\":\"2022-11-30T13:50:13+00:00\",\"mainEntityOfPage\":{\"@id\":\"https:\\\/\\\/www.meydan.tv\\\/az\\\/article\\\/sikayet-etdiyine-gore-polis-sobesinde-anama-hede-qorxu-gelibler\\\/\"},\"wordCount\":568,\"publisher\":{\"@id\":\"https:\\\/\\\/www.meydan.tv\\\/az\\\/#organization\"},\"image\":{\"@id\":\"https:\\\/\\\/www.meydan.tv\\\/az\\\/article\\\/sikayet-etdiyine-gore-polis-sobesinde-anama-hede-qorxu-gelibler\\\/#primaryimage\"},\"thumbnailUrl\":\"https:\\\/\\\/www.meydan.tv\\\/wp-content\\\/uploads\\\/photo-2022-11-30-15-55-27.jpg\",\"articleSection\":[\"B\u00f6lg\u0259\",\"X\u0259b\u0259rl\u0259r\"],\"inLanguage\":\"az\"},{\"@type\":\"WebPage\",\"@id\":\"https:\\\/\\\/www.meydan.tv\\\/az\\\/article\\\/sikayet-etdiyine-gore-polis-sobesinde-anama-hede-qorxu-gelibler\\\/\",\"url\":\"https:\\\/\\\/www.meydan.tv\\\/az\\\/article\\\/sikayet-etdiyine-gore-polis-sobesinde-anama-hede-qorxu-gelibler\\\/\",\"name\":\"\u201c\u015eikay\u0259t etdiyin\u0259 g\u00f6r\u0259 polis \u015f\u00f6b\u0259sind\u0259 anama h\u0259d\u0259-qorxu g\u0259libl\u0259r\u201d - MEYDAN.TV\",\"isPartOf\":{\"@id\":\"https:\\\/\\\/www.meydan.tv\\\/az\\\/#website\"},\"primaryImageOfPage\":{\"@id\":\"https:\\\/\\\/www.meydan.tv\\\/az\\\/article\\\/sikayet-etdiyine-gore-polis-sobesinde-anama-hede-qorxu-gelibler\\\/#primaryimage\"},\"image\":{\"@id\":\"https:\\\/\\\/www.meydan.tv\\\/az\\\/article\\\/sikayet-etdiyine-gore-polis-sobesinde-anama-hede-qorxu-gelibler\\\/#primaryimage\"},\"thumbnailUrl\":\"https:\\\/\\\/www.meydan.tv\\\/wp-content\\\/uploads\\\/photo-2022-11-30-15-55-27.jpg\",\"datePublished\":\"2022-11-30T13:50:11+00:00\",\"dateModified\":\"2022-11-30T13:50:13+00:00\",\"breadcrumb\":{\"@id\":\"https:\\\/\\\/www.meydan.tv\\\/az\\\/article\\\/sikayet-etdiyine-gore-polis-sobesinde-anama-hede-qorxu-gelibler\\\/#breadcrumb\"},\"inLanguage\":\"az\",\"potentialAction\":[{\"@type\":\"ReadAction\",\"target\":[\"https:\\\/\\\/www.meydan.tv\\\/az\\\/article\\\/sikayet-etdiyine-gore-polis-sobesinde-anama-hede-qorxu-gelibler\\\/\"]}]},{\"@type\":\"ImageObject\",\"inLanguage\":\"az\",\"@id\":\"https:\\\/\\\/www.meydan.tv\\\/az\\\/article\\\/sikayet-etdiyine-gore-polis-sobesinde-anama-hede-qorxu-gelibler\\\/#primaryimage\",\"url\":\"https:\\\/\\\/www.meydan.tv\\\/wp-content\\\/uploads\\\/photo-2022-11-30-15-55-27.jpg\",\"contentUrl\":\"https:\\\/\\\/www.meydan.tv\\\/wp-content\\\/uploads\\\/photo-2022-11-30-15-55-27.jpg\",\"width\":1200,\"height\":777,\"caption\":\"Etimad M\u0259mm\u0259dov. Foto: Meydan TV\"},{\"@type\":\"BreadcrumbList\",\"@id\":\"https:\\\/\\\/www.meydan.tv\\\/az\\\/article\\\/sikayet-etdiyine-gore-polis-sobesinde-anama-hede-qorxu-gelibler\\\/#breadcrumb\",\"itemListElement\":[{\"@type\":\"ListItem\",\"position\":1,\"name\":\"Ana s\u0259hif\u0259\",\"item\":\"https:\\\/\\\/www.meydan.tv\\\/az\\\/\"},{\"@type\":\"ListItem\",\"position\":2,\"name\":\"B\u00f6lg\u0259\",\"item\":\"https:\\\/\\\/www.meydan.tv\\\/az\\\/section\\\/bolge\\\/\"},{\"@type\":\"ListItem\",\"position\":3,\"name\":\"\u201c\u015eikay\u0259t etdiyin\u0259 g\u00f6r\u0259 polis \u015f\u00f6b\u0259sind\u0259 anama h\u0259d\u0259-qorxu g\u0259libl\u0259r\u201d\"}]},{\"@type\":\"WebSite\",\"@id\":\"https:\\\/\\\/www.meydan.tv\\\/az\\\/#website\",\"url\":\"https:\\\/\\\/www.meydan.tv\\\/az\\\/\",\"name\":\"MEYDAN.TV\",\"description\":\"Meydan TV Az\u0259rbaycan\u0131n media m\u0259kan\u0131ndak\u0131 alternativ s\u0259sidir\",\"publisher\":{\"@id\":\"https:\\\/\\\/www.meydan.tv\\\/az\\\/#organization\"},\"potentialAction\":[{\"@type\":\"SearchAction\",\"target\":{\"@type\":\"EntryPoint\",\"urlTemplate\":\"https:\\\/\\\/www.meydan.tv\\\/az\\\/?s={search_term_string}\"},\"query-input\":{\"@type\":\"PropertyValueSpecification\",\"valueRequired\":true,\"valueName\":\"search_term_string\"}}],\"inLanguage\":\"az\"},{\"@type\":\"Organization\",\"@id\":\"https:\\\/\\\/www.meydan.tv\\\/az\\\/#organization\",\"name\":\"Meydan TV\",\"url\":\"https:\\\/\\\/www.meydan.tv\\\/az\\\/\",\"logo\":{\"@type\":\"ImageObject\",\"inLanguage\":\"az\",\"@id\":\"https:\\\/\\\/www.meydan.tv\\\/az\\\/#\\\/schema\\\/logo\\\/image\\\/\",\"url\":\"https:\\\/\\\/www.meydan.tv\\\/wp-content\\\/uploads\\\/2021\\\/07\\\/meydan-logo.svg\",\"contentUrl\":\"https:\\\/\\\/www.meydan.tv\\\/wp-content\\\/uploads\\\/2021\\\/07\\\/meydan-logo.svg\",\"width\":195,\"height\":46,\"caption\":\"Meydan TV\"},\"image\":{\"@id\":\"https:\\\/\\\/www.meydan.tv\\\/az\\\/#\\\/schema\\\/logo\\\/image\\\/\"}},{\"@type\":\"Person\",\"@id\":\"https:\\\/\\\/www.meydan.tv\\\/az\\\/#\\\/schema\\\/person\\\/9cdbecf90d17180ce1dfbd95b08dcf47\",\"name\":\"elli\",\"sameAs\":[\"https:\\\/\\\/x.com\\\/elli\"]}]}<\/script>\n<!-- \/ Yoast SEO plugin. -->","yoast_head_json":{"title":"\u201c\u015eikay\u0259t etdiyin\u0259 g\u00f6r\u0259 polis \u015f\u00f6b\u0259sind\u0259 anama h\u0259d\u0259-qorxu g\u0259libl\u0259r\u201d - MEYDAN.TV","robots":{"index":"index","follow":"follow","max-snippet":"max-snippet:-1","max-image-preview":"max-image-preview:large","max-video-preview":"max-video-preview:-1"},"canonical":"https:\/\/www.meydan.tv\/az\/article\/sikayet-etdiyine-gore-polis-sobesinde-anama-hede-qorxu-gelibler\/","og_locale":"az_AZ","og_type":"article","og_title":"\u201c\u015eikay\u0259t etdiyin\u0259 g\u00f6r\u0259 polis \u015f\u00f6b\u0259sind\u0259 anama h\u0259d\u0259-qorxu g\u0259libl\u0259r\u201d - MEYDAN.TV","og_description":"Masall\u0131 sakini: \u201cHans\u0131 qanun ona icaz\u0259 verir ki, polis v\u0259t\u0259nda\u015fa ... Davam\u0131","og_url":"https:\/\/www.meydan.tv\/az\/article\/sikayet-etdiyine-gore-polis-sobesinde-anama-hede-qorxu-gelibler\/","og_site_name":"MEYDAN.TV","article_published_time":"2022-11-30T13:50:11+00:00","article_modified_time":"2022-11-30T13:50:13+00:00","og_image":[{"width":1200,"height":777,"url":"https:\/\/www.meydan.tv\/wp-content\/uploads\/photo-2022-11-30-15-55-27.jpg","type":"image\/jpeg"}],"author":"elli","twitter_card":"summary_large_image","twitter_creator":"@elli","schema":{"@context":"https:\/\/schema.org","@graph":[{"@type":"Article","@id":"https:\/\/www.meydan.tv\/az\/article\/sikayet-etdiyine-gore-polis-sobesinde-anama-hede-qorxu-gelibler\/#article","isPartOf":{"@id":"https:\/\/www.meydan.tv\/az\/article\/sikayet-etdiyine-gore-polis-sobesinde-anama-hede-qorxu-gelibler\/"},"author":{"name":"elli","@id":"https:\/\/www.meydan.tv\/az\/#\/schema\/person\/9cdbecf90d17180ce1dfbd95b08dcf47"},"headline":"\u201c\u015eikay\u0259t etdiyin\u0259 g\u00f6r\u0259 polis \u015f\u00f6b\u0259sind\u0259 anama h\u0259d\u0259-qorxu g\u0259libl\u0259r\u201d","datePublished":"2022-11-30T13:50:11+00:00","dateModified":"2022-11-30T13:50:13+00:00","mainEntityOfPage":{"@id":"https:\/\/www.meydan.tv\/az\/article\/sikayet-etdiyine-gore-polis-sobesinde-anama-hede-qorxu-gelibler\/"},"wordCount":568,"publisher":{"@id":"https:\/\/www.meydan.tv\/az\/#organization"},"image":{"@id":"https:\/\/www.meydan.tv\/az\/article\/sikayet-etdiyine-gore-polis-sobesinde-anama-hede-qorxu-gelibler\/#primaryimage"},"thumbnailUrl":"https:\/\/www.meydan.tv\/wp-content\/uploads\/photo-2022-11-30-15-55-27.jpg","articleSection":["B\u00f6lg\u0259","X\u0259b\u0259rl\u0259r"],"inLanguage":"az"},{"@type":"WebPage","@id":"https:\/\/www.meydan.tv\/az\/article\/sikayet-etdiyine-gore-polis-sobesinde-anama-hede-qorxu-gelibler\/","url":"https:\/\/www.meydan.tv\/az\/article\/sikayet-etdiyine-gore-polis-sobesinde-anama-hede-qorxu-gelibler\/","name":"\u201c\u015eikay\u0259t etdiyin\u0259 g\u00f6r\u0259 polis \u015f\u00f6b\u0259sind\u0259 anama h\u0259d\u0259-qorxu g\u0259libl\u0259r\u201d - MEYDAN.TV","isPartOf":{"@id":"https:\/\/www.meydan.tv\/az\/#website"},"primaryImageOfPage":{"@id":"https:\/\/www.meydan.tv\/az\/article\/sikayet-etdiyine-gore-polis-sobesinde-anama-hede-qorxu-gelibler\/#primaryimage"},"image":{"@id":"https:\/\/www.meydan.tv\/az\/article\/sikayet-etdiyine-gore-polis-sobesinde-anama-hede-qorxu-gelibler\/#primaryimage"},"thumbnailUrl":"https:\/\/www.meydan.tv\/wp-content\/uploads\/photo-2022-11-30-15-55-27.jpg","datePublished":"2022-11-30T13:50:11+00:00","dateModified":"2022-11-30T13:50:13+00:00","breadcrumb":{"@id":"https:\/\/www.meydan.tv\/az\/article\/sikayet-etdiyine-gore-polis-sobesinde-anama-hede-qorxu-gelibler\/#breadcrumb"},"inLanguage":"az","potentialAction":[{"@type":"ReadAction","target":["https:\/\/www.meydan.tv\/az\/article\/sikayet-etdiyine-gore-polis-sobesinde-anama-hede-qorxu-gelibler\/"]}]},{"@type":"ImageObject","inLanguage":"az","@id":"https:\/\/www.meydan.tv\/az\/article\/sikayet-etdiyine-gore-polis-sobesinde-anama-hede-qorxu-gelibler\/#primaryimage","url":"https:\/\/www.meydan.tv\/wp-content\/uploads\/photo-2022-11-30-15-55-27.jpg","contentUrl":"https:\/\/www.meydan.tv\/wp-content\/uploads\/photo-2022-11-30-15-55-27.jpg","width":1200,"height":777,"caption":"Etimad M\u0259mm\u0259dov. Foto: Meydan TV"},{"@type":"BreadcrumbList","@id":"https:\/\/www.meydan.tv\/az\/article\/sikayet-etdiyine-gore-polis-sobesinde-anama-hede-qorxu-gelibler\/#breadcrumb","itemListElement":[{"@type":"ListItem","position":1,"name":"Ana s\u0259hif\u0259","item":"https:\/\/www.meydan.tv\/az\/"},{"@type":"ListItem","position":2,"name":"B\u00f6lg\u0259","item":"https:\/\/www.meydan.tv\/az\/section\/bolge\/"},{"@type":"ListItem","position":3,"name":"\u201c\u015eikay\u0259t etdiyin\u0259 g\u00f6r\u0259 polis \u015f\u00f6b\u0259sind\u0259 anama h\u0259d\u0259-qorxu g\u0259libl\u0259r\u201d"}]},{"@type":"WebSite","@id":"https:\/\/www.meydan.tv\/az\/#website","url":"https:\/\/www.meydan.tv\/az\/","name":"MEYDAN.TV","description":"Meydan TV Az\u0259rbaycan\u0131n media m\u0259kan\u0131ndak\u0131 alternativ s\u0259sidir","publisher":{"@id":"https:\/\/www.meydan.tv\/az\/#organization"},"potentialAction":[{"@type":"SearchAction","target":{"@type":"EntryPoint","urlTemplate":"https:\/\/www.meydan.tv\/az\/?s={search_term_string}"},"query-input":{"@type":"PropertyValueSpecification","valueRequired":true,"valueName":"search_term_string"}}],"inLanguage":"az"},{"@type":"Organization","@id":"https:\/\/www.meydan.tv\/az\/#organization","name":"Meydan TV","url":"https:\/\/www.meydan.tv\/az\/","logo":{"@type":"ImageObject","inLanguage":"az","@id":"https:\/\/www.meydan.tv\/az\/#\/schema\/logo\/image\/","url":"https:\/\/www.meydan.tv\/wp-content\/uploads\/2021\/07\/meydan-logo.svg","contentUrl":"https:\/\/www.meydan.tv\/wp-content\/uploads\/2021\/07\/meydan-logo.svg","width":195,"height":46,"caption":"Meydan TV"},"image":{"@id":"https:\/\/www.meydan.tv\/az\/#\/schema\/logo\/image\/"}},{"@type":"Person","@id":"https:\/\/www.meydan.tv\/az\/#\/schema\/person\/9cdbecf90d17180ce1dfbd95b08dcf47","name":"elli","sameAs":["https:\/\/x.com\/elli"]}]}},"_links":{"self":[{"href":"https:\/\/www.meydan.tv\/az\/wp-json\/wp\/v2\/posts\/262236","targetHints":{"allow":["GET"]}}],"collection":[{"href":"https:\/\/www.meydan.tv\/az\/wp-json\/wp\/v2\/posts"}],"about":[{"href":"https:\/\/www.meydan.tv\/az\/wp-json\/wp\/v2\/types\/post"}],"author":[{"embeddable":true,"href":"https:\/\/www.meydan.tv\/az\/wp-json\/wp\/v2\/users\/8"}],"replies":[{"embeddable":true,"href":"https:\/\/www.meydan.tv\/az\/wp-json\/wp\/v2\/comments?post=262236"}],"version-history":[{"count":1,"href":"https:\/\/www.meydan.tv\/az\/wp-json\/wp\/v2\/posts\/262236\/revisions"}],"predecessor-version":[{"id":262237,"href":"https:\/\/www.meydan.tv\/az\/wp-json\/wp\/v2\/posts\/262236\/revisions\/262237"}],"wp:featuredmedia":[{"embeddable":true,"href":"https:\/\/www.meydan.tv\/az\/wp-json\/wp\/v2\/media\/262233"}],"wp:attachment":[{"href":"https:\/\/www.meydan.tv\/az\/wp-json\/wp\/v2\/media?parent=262236"}],"wp:term":[{"taxonomy":"category","embeddable":true,"href":"https:\/\/www.meydan.tv\/az\/wp-json\/wp\/v2\/categories?post=262236"},{"taxonomy":"post_tag","embeddable":true,"href":"https:\/\/www.meydan.tv\/az\/wp-json\/wp\/v2\/tags?post=262236"}],"curies":[{"name":"wp","href":"https:\/\/api.w.org\/{rel}","templated":true}]}}