{"id":262214,"date":"2022-11-30T16:57:30","date_gmt":"2022-11-30T12:57:30","guid":{"rendered":"https:\/\/www.meydan.tv\/?p=262214"},"modified":"2022-11-30T17:31:15","modified_gmt":"2022-11-30T13:31:15","slug":"bize-teqdim-olunan-siyahida-odda-iki-baci-film-yox-idi","status":"publish","type":"post","link":"https:\/\/www.meydan.tv\/az\/article\/bize-teqdim-olunan-siyahida-odda-iki-baci-film-yox-idi\/","title":{"rendered":"\u201cBiz\u0259 t\u0259qdim olunan siyah\u0131da \u201cOdda &#8211; \u0130ki Bac\u0131\u201d filmi yox idi\u201d"},"content":{"rendered":"\n<p><\/p>\n\n\n\n<p><\/p>\n\n\n\n<p><em>Almaniya s\u0259firliyi Az\u0259rbaycanda filmin n\u00fcmayi\u015find\u0259n imtina olundu\u011funu deyir<\/em><\/p>\n\n\n\n<p>2022-ci il noyabr\u0131n 14-d\u0259n 25-d\u0259k Az\u0259rbaycanda XII Avropa Film Festival\u0131 ke\u00e7irilib.<br>Festivalda \u00c7exiya, Almaniya, Estoniya, Fransa, Xorvatiya, Latviya, Litva, Macar\u0131stan, Rum\u0131niya, Slovakiya, \u0130sve\u00e7 v\u0259 Ukraynadan on iki film t\u0259qdim olunub.<\/p>\n\n\n\n<p>T\u0259dbird\u0259 filml\u0259r orijinal dild\u0259, \u0259sas\u0259n ingilis, h\u0259m\u00e7inin Az\u0259rbaycan v\u0259 t\u00fcrk dill\u0259rind\u0259 subtitrl\u0259rl\u0259 t\u0259qdim olunub.<\/p>\n\n\n\n<p>Filml\u0259r \u201cLandmark CineClub\u201d v\u0259 \u201cCinemaPlus\u201dun \u201cDeniz Mall\u201ddak\u0131 kinoteatr\u0131nda n\u00fcmayi\u015f etdirilib.<br>Noyabr\u0131n 28-d\u0259 Almaniyan\u0131n Bak\u0131dak\u0131 S\u0259firliyinin \u201cFacebook\u201d s\u0259hif\u0259sind\u0259 m\u0259lumat yerl\u0259\u015fdirilib ki, \u201cCinemaPlus\u201d kinoteatrlar \u015f\u0259b\u0259k\u0259si festivala daxil olan \u201cOdda &#8211; \u0130ki Bac\u0131\u201d (\u201cSisters Apart\u201d) filminin n\u00fcmayi\u015find\u0259n imtina <a href=\"https:\/\/www.facebook.com\/photo?fbid=456177256661376&amp;set=a.238184118460692\" target=\"_blank\" rel=\"noreferrer noopener\">edib<\/a>.<\/p>\n\n\n\n<p>\u201cT\u0259\u0259ss\u00fcf ki, bundan qabaq kinoteatr\u0131n filmi q\u0131sa m\u00fcdd\u0259td\u0259 t\u0259xir\u0259 sal\u0131nmas\u0131 s\u0259b\u0259bind\u0259n A\u0130 Film Festival\u0131nda g\u00f6st\u0259ril\u0259 bilm\u0259di\u201d, &#8211; m\u0259lumatda bildirilib.<\/p>\n\n\n\n<p>Qeyd edilib ki, film dekabr\u0131n 5-d\u0259 \u201cLandmark CineClub\u201dda g\u00f6st\u0259ril\u0259c\u0259k.<\/p>\n\n\n\n<p>Film k\u00fcrd-iraq \u0259silli Rojda adl\u0131 g\u0259nc q\u0131z\u0131n ba\u015f\u0131na g\u0259l\u0259n hadis\u0259l\u0259rd\u0259n b\u0259hs edir. O, Almaniya Silahl\u0131 Q\u00fcvv\u0259l\u0259rinin \u0259sg\u0259ridir. G\u0259nc q\u0131z itkin d\u00fc\u015fm\u00fc\u015f bac\u0131s\u0131n\u0131 tapmaq \u00fc\u00e7\u00fcn t\u0259yinat\u0131n\u0131 \u0130raqa sald\u0131r\u0131r.<br>Filmin rejissoru Dafna \u00c7arizani yunand\u0131r, Almaniyada ya\u015fay\u0131b.<\/p>\n\n\n\n<p>\u201cReport\u201d iddia edir ki, filmin Az\u0259rbaycan kinoteatr\u0131 t\u0259r\u0259find\u0259n n\u00fcmayi\u015fin\u0259 imtina olunma s\u0259b\u0259bi m\u0259hz s\u00fcjet <a href=\"https:\/\/report.az\/medeniyyet-siyaseti\/baki-kinoteatrlari-anti-turkiye-filmini-yaymaqdan-imtina-edib-almaniya-sefirliyi-basqa-yola-el-atib\/\" target=\"_blank\" rel=\"noreferrer noopener\">x\u0259ttidir<\/a>.<\/p>\n\n\n\n<p>Bel\u0259 ki, kinoteatr anti-T\u00fcrkiy\u0259 m\u00f6vzusuna g\u00f6r\u0259 filmi yay\u0131mlamay\u0131b.<\/p>\n\n\n\n<p>\u201cCinemaPlus\u201d kinoteatrlar \u015f\u0259b\u0259k\u0259sinin m\u0259tbuat xidm\u0259tind\u0259n N\u0259rmin H\u0259s\u0259nova Meydan TV vasit\u0259sil\u0259 m\u0259s\u0259l\u0259y\u0259 ayd\u0131nl\u0131q g\u0259tir\u0259r\u0259k, deyil\u0259nl\u0259ri t\u0259kzib edib.<\/p>\n\n\n\n<p>Bildirib ki, onlara t\u0259qdim olunan sihay\u0131da \u201cOdda &#8211; \u0130ki bac\u0131\u201d (\u201cSisters apart\u201d) filmi olmay\u0131b:<\/p>\n\n\n\n<p>\u201cAvropa Festival\u0131 ke\u00e7iril\u0259nd\u0259 biz\u0259 siyah\u0131da filml\u0259r verilmi\u015fdi. Bu film siyah\u0131da yox idi. Sonradan t\u0259qdim etdil\u0259r, biz d\u0259 imtina etdik. Filmi \u00f6zba\u015f\u0131na n\u00fcmayi\u015f etdir\u0259 bilm\u0259rik. Kinoteatrlar\u0131m\u0131zda n\u00fcmayi\u015f olunacaq filml\u0259r ilk n\u00f6vb\u0259d\u0259 M\u0259d\u0259niyy\u0259t Nazirliyi t\u0259r\u0259find\u0259n t\u0259sdiql\u0259nir. \u0130mtina etm\u0259yimizin ikinci s\u0259b\u0259bi is\u0259 texniki amill\u0259rl\u0259 \u0259laq\u0259dar idi. Filmin t\u0259rc\u00fcm\u0259si v\u0259 n\u00fcmayi\u015fi vaxt alacaqd\u0131\u201d.<\/p>\n\n\n\n<p>Az\u0259rbaycanda Avropa Film Festival\u0131 2010-cu ild\u0259n etibar\u0259n ke\u00e7irilir.<\/p>\n\n\n\n<p>Builki festival Avropa \u0130ttifaq\u0131n\u0131n (A\u0130) Az\u0259rbaycandak\u0131 n\u00fcmay\u0259nd\u0259liyi, A\u0130-y\u0259 \u00fczv d\u00f6vl\u0259tl\u0259rin Az\u0259rbaycanda akkredit\u0259 olunmu\u015f s\u0259firlikl\u0259ri, \u201cThe Landmark\u201d otel v\u0259 biznes m\u0259rk\u0259zi v\u0259 \u201cCinemaPlus\u201d kinoteatrlar \u015f\u0259b\u0259k\u0259sinin birg\u0259 t\u0259\u015fkilat\u00e7\u0131l\u0131\u011f\u0131 il\u0259 realla\u015f\u0131b.<\/p>\n","protected":false},"excerpt":{"rendered":"<p>Almaniya s\u0259firliyi Az\u0259rbaycanda filmin n\u00fcmayi\u015find\u0259n imtina olundu\u011funu deyir 2022-ci il &#8230; <\/p>\n<p class=\"read-more-container\"><a title=\"\u201cBiz\u0259 t\u0259qdim olunan siyah\u0131da \u201cOdda &#8211; \u0130ki Bac\u0131\u201d filmi yox idi\u201d\" class=\"read-more button\" href=\"https:\/\/www.meydan.tv\/az\/article\/bize-teqdim-olunan-siyahida-odda-iki-baci-film-yox-idi\/#more-262214\" aria-label=\"Read more about \u201cBiz\u0259 t\u0259qdim olunan siyah\u0131da \u201cOdda &#8211; \u0130ki Bac\u0131\u201d filmi yox idi\u201d\">Davam\u0131<\/a><\/p>\n","protected":false},"author":8,"featured_media":262211,"comment_status":"closed","ping_status":"closed","sticky":false,"template":"","format":"standard","meta":{"_acf_changed":false,"_sitemap_exclude":false,"_sitemap_priority":"","_sitemap_frequency":"","footnotes":""},"categories":[52,56],"tags":[],"class_list":["post-262214","post","type-post","status-publish","format-standard","has-post-thumbnail","hentry","category-medeniyyet","category-xeberler","infinite-scroll-item","generate-columns","tablet-grid-50","mobile-grid-100","grid-parent","grid-33","no-featured-image-padding"],"acf":[],"yoast_head":"<!-- This site is optimized with the Yoast SEO plugin v27.4 - https:\/\/yoast.com\/product\/yoast-seo-wordpress\/ -->\n<title>\u201cBiz\u0259 t\u0259qdim olunan siyah\u0131da \u201cOdda - \u0130ki Bac\u0131\u201d filmi yox idi\u201d - MEYDAN.TV<\/title>\n<meta name=\"robots\" content=\"index, follow, max-snippet:-1, max-image-preview:large, max-video-preview:-1\" \/>\n<link rel=\"canonical\" href=\"https:\/\/www.meydan.tv\/az\/article\/bize-teqdim-olunan-siyahida-odda-iki-baci-film-yox-idi\/\" \/>\n<meta property=\"og:locale\" content=\"az_AZ\" \/>\n<meta property=\"og:type\" content=\"article\" \/>\n<meta property=\"og:title\" content=\"\u201cBiz\u0259 t\u0259qdim olunan siyah\u0131da \u201cOdda - \u0130ki Bac\u0131\u201d filmi yox idi\u201d - MEYDAN.TV\" \/>\n<meta property=\"og:description\" content=\"Almaniya s\u0259firliyi Az\u0259rbaycanda filmin n\u00fcmayi\u015find\u0259n imtina olundu\u011funu deyir 2022-ci il ... Davam\u0131\" \/>\n<meta property=\"og:url\" content=\"https:\/\/www.meydan.tv\/az\/article\/bize-teqdim-olunan-siyahida-odda-iki-baci-film-yox-idi\/\" \/>\n<meta property=\"og:site_name\" content=\"MEYDAN.TV\" \/>\n<meta property=\"article:published_time\" content=\"2022-11-30T12:57:30+00:00\" \/>\n<meta property=\"article:modified_time\" content=\"2022-11-30T13:31:15+00:00\" \/>\n<meta property=\"og:image\" content=\"https:\/\/www.meydan.tv\/wp-content\/uploads\/untitled-design-9-19-e1669813016482.jpg\" \/>\n\t<meta property=\"og:image:width\" content=\"1200\" \/>\n\t<meta property=\"og:image:height\" content=\"528\" \/>\n\t<meta property=\"og:image:type\" content=\"image\/jpeg\" \/>\n<meta name=\"author\" content=\"elli\" \/>\n<meta name=\"twitter:card\" content=\"summary_large_image\" \/>\n<meta name=\"twitter:creator\" content=\"@elli\" \/>\n<script type=\"application\/ld+json\" class=\"yoast-schema-graph\">{\"@context\":\"https:\\\/\\\/schema.org\",\"@graph\":[{\"@type\":\"Article\",\"@id\":\"https:\\\/\\\/www.meydan.tv\\\/az\\\/article\\\/bize-teqdim-olunan-siyahida-odda-iki-baci-film-yox-idi\\\/#article\",\"isPartOf\":{\"@id\":\"https:\\\/\\\/www.meydan.tv\\\/az\\\/article\\\/bize-teqdim-olunan-siyahida-odda-iki-baci-film-yox-idi\\\/\"},\"author\":{\"name\":\"elli\",\"@id\":\"https:\\\/\\\/www.meydan.tv\\\/az\\\/#\\\/schema\\\/person\\\/9cdbecf90d17180ce1dfbd95b08dcf47\"},\"headline\":\"\u201cBiz\u0259 t\u0259qdim olunan siyah\u0131da \u201cOdda &#8211; \u0130ki Bac\u0131\u201d filmi yox idi\u201d\",\"datePublished\":\"2022-11-30T12:57:30+00:00\",\"dateModified\":\"2022-11-30T13:31:15+00:00\",\"mainEntityOfPage\":{\"@id\":\"https:\\\/\\\/www.meydan.tv\\\/az\\\/article\\\/bize-teqdim-olunan-siyahida-odda-iki-baci-film-yox-idi\\\/\"},\"wordCount\":490,\"publisher\":{\"@id\":\"https:\\\/\\\/www.meydan.tv\\\/az\\\/#organization\"},\"image\":{\"@id\":\"https:\\\/\\\/www.meydan.tv\\\/az\\\/article\\\/bize-teqdim-olunan-siyahida-odda-iki-baci-film-yox-idi\\\/#primaryimage\"},\"thumbnailUrl\":\"https:\\\/\\\/www.meydan.tv\\\/wp-content\\\/uploads\\\/untitled-design-9-19-e1669813016482.jpg\",\"articleSection\":[\"M\u0259d\u0259niyy\u0259t\",\"X\u0259b\u0259rl\u0259r\"],\"inLanguage\":\"az\"},{\"@type\":\"WebPage\",\"@id\":\"https:\\\/\\\/www.meydan.tv\\\/az\\\/article\\\/bize-teqdim-olunan-siyahida-odda-iki-baci-film-yox-idi\\\/\",\"url\":\"https:\\\/\\\/www.meydan.tv\\\/az\\\/article\\\/bize-teqdim-olunan-siyahida-odda-iki-baci-film-yox-idi\\\/\",\"name\":\"\u201cBiz\u0259 t\u0259qdim olunan siyah\u0131da \u201cOdda - \u0130ki Bac\u0131\u201d filmi yox idi\u201d - MEYDAN.TV\",\"isPartOf\":{\"@id\":\"https:\\\/\\\/www.meydan.tv\\\/az\\\/#website\"},\"primaryImageOfPage\":{\"@id\":\"https:\\\/\\\/www.meydan.tv\\\/az\\\/article\\\/bize-teqdim-olunan-siyahida-odda-iki-baci-film-yox-idi\\\/#primaryimage\"},\"image\":{\"@id\":\"https:\\\/\\\/www.meydan.tv\\\/az\\\/article\\\/bize-teqdim-olunan-siyahida-odda-iki-baci-film-yox-idi\\\/#primaryimage\"},\"thumbnailUrl\":\"https:\\\/\\\/www.meydan.tv\\\/wp-content\\\/uploads\\\/untitled-design-9-19-e1669813016482.jpg\",\"datePublished\":\"2022-11-30T12:57:30+00:00\",\"dateModified\":\"2022-11-30T13:31:15+00:00\",\"breadcrumb\":{\"@id\":\"https:\\\/\\\/www.meydan.tv\\\/az\\\/article\\\/bize-teqdim-olunan-siyahida-odda-iki-baci-film-yox-idi\\\/#breadcrumb\"},\"inLanguage\":\"az\",\"potentialAction\":[{\"@type\":\"ReadAction\",\"target\":[\"https:\\\/\\\/www.meydan.tv\\\/az\\\/article\\\/bize-teqdim-olunan-siyahida-odda-iki-baci-film-yox-idi\\\/\"]}]},{\"@type\":\"ImageObject\",\"inLanguage\":\"az\",\"@id\":\"https:\\\/\\\/www.meydan.tv\\\/az\\\/article\\\/bize-teqdim-olunan-siyahida-odda-iki-baci-film-yox-idi\\\/#primaryimage\",\"url\":\"https:\\\/\\\/www.meydan.tv\\\/wp-content\\\/uploads\\\/untitled-design-9-19-e1669813016482.jpg\",\"contentUrl\":\"https:\\\/\\\/www.meydan.tv\\\/wp-content\\\/uploads\\\/untitled-design-9-19-e1669813016482.jpg\",\"width\":1200,\"height\":528,\"caption\":\"Foto: \\\"Report.az\\\"\"},{\"@type\":\"BreadcrumbList\",\"@id\":\"https:\\\/\\\/www.meydan.tv\\\/az\\\/article\\\/bize-teqdim-olunan-siyahida-odda-iki-baci-film-yox-idi\\\/#breadcrumb\",\"itemListElement\":[{\"@type\":\"ListItem\",\"position\":1,\"name\":\"Ana s\u0259hif\u0259\",\"item\":\"https:\\\/\\\/www.meydan.tv\\\/az\\\/\"},{\"@type\":\"ListItem\",\"position\":2,\"name\":\"M\u0259d\u0259niyy\u0259t\",\"item\":\"https:\\\/\\\/www.meydan.tv\\\/az\\\/section\\\/medeniyyet\\\/\"},{\"@type\":\"ListItem\",\"position\":3,\"name\":\"\u201cBiz\u0259 t\u0259qdim olunan siyah\u0131da \u201cOdda &#8211; \u0130ki Bac\u0131\u201d filmi yox idi\u201d\"}]},{\"@type\":\"WebSite\",\"@id\":\"https:\\\/\\\/www.meydan.tv\\\/az\\\/#website\",\"url\":\"https:\\\/\\\/www.meydan.tv\\\/az\\\/\",\"name\":\"MEYDAN.TV\",\"description\":\"Meydan TV Az\u0259rbaycan\u0131n media m\u0259kan\u0131ndak\u0131 alternativ s\u0259sidir\",\"publisher\":{\"@id\":\"https:\\\/\\\/www.meydan.tv\\\/az\\\/#organization\"},\"potentialAction\":[{\"@type\":\"SearchAction\",\"target\":{\"@type\":\"EntryPoint\",\"urlTemplate\":\"https:\\\/\\\/www.meydan.tv\\\/az\\\/?s={search_term_string}\"},\"query-input\":{\"@type\":\"PropertyValueSpecification\",\"valueRequired\":true,\"valueName\":\"search_term_string\"}}],\"inLanguage\":\"az\"},{\"@type\":\"Organization\",\"@id\":\"https:\\\/\\\/www.meydan.tv\\\/az\\\/#organization\",\"name\":\"Meydan TV\",\"url\":\"https:\\\/\\\/www.meydan.tv\\\/az\\\/\",\"logo\":{\"@type\":\"ImageObject\",\"inLanguage\":\"az\",\"@id\":\"https:\\\/\\\/www.meydan.tv\\\/az\\\/#\\\/schema\\\/logo\\\/image\\\/\",\"url\":\"https:\\\/\\\/www.meydan.tv\\\/wp-content\\\/uploads\\\/2021\\\/07\\\/meydan-logo.svg\",\"contentUrl\":\"https:\\\/\\\/www.meydan.tv\\\/wp-content\\\/uploads\\\/2021\\\/07\\\/meydan-logo.svg\",\"width\":195,\"height\":46,\"caption\":\"Meydan TV\"},\"image\":{\"@id\":\"https:\\\/\\\/www.meydan.tv\\\/az\\\/#\\\/schema\\\/logo\\\/image\\\/\"}},{\"@type\":\"Person\",\"@id\":\"https:\\\/\\\/www.meydan.tv\\\/az\\\/#\\\/schema\\\/person\\\/9cdbecf90d17180ce1dfbd95b08dcf47\",\"name\":\"elli\",\"sameAs\":[\"https:\\\/\\\/x.com\\\/elli\"]}]}<\/script>\n<!-- \/ Yoast SEO plugin. -->","yoast_head_json":{"title":"\u201cBiz\u0259 t\u0259qdim olunan siyah\u0131da \u201cOdda - \u0130ki Bac\u0131\u201d filmi yox idi\u201d - MEYDAN.TV","robots":{"index":"index","follow":"follow","max-snippet":"max-snippet:-1","max-image-preview":"max-image-preview:large","max-video-preview":"max-video-preview:-1"},"canonical":"https:\/\/www.meydan.tv\/az\/article\/bize-teqdim-olunan-siyahida-odda-iki-baci-film-yox-idi\/","og_locale":"az_AZ","og_type":"article","og_title":"\u201cBiz\u0259 t\u0259qdim olunan siyah\u0131da \u201cOdda - \u0130ki Bac\u0131\u201d filmi yox idi\u201d - MEYDAN.TV","og_description":"Almaniya s\u0259firliyi Az\u0259rbaycanda filmin n\u00fcmayi\u015find\u0259n imtina olundu\u011funu deyir 2022-ci il ... Davam\u0131","og_url":"https:\/\/www.meydan.tv\/az\/article\/bize-teqdim-olunan-siyahida-odda-iki-baci-film-yox-idi\/","og_site_name":"MEYDAN.TV","article_published_time":"2022-11-30T12:57:30+00:00","article_modified_time":"2022-11-30T13:31:15+00:00","og_image":[{"width":1200,"height":528,"url":"https:\/\/www.meydan.tv\/wp-content\/uploads\/untitled-design-9-19-e1669813016482.jpg","type":"image\/jpeg"}],"author":"elli","twitter_card":"summary_large_image","twitter_creator":"@elli","schema":{"@context":"https:\/\/schema.org","@graph":[{"@type":"Article","@id":"https:\/\/www.meydan.tv\/az\/article\/bize-teqdim-olunan-siyahida-odda-iki-baci-film-yox-idi\/#article","isPartOf":{"@id":"https:\/\/www.meydan.tv\/az\/article\/bize-teqdim-olunan-siyahida-odda-iki-baci-film-yox-idi\/"},"author":{"name":"elli","@id":"https:\/\/www.meydan.tv\/az\/#\/schema\/person\/9cdbecf90d17180ce1dfbd95b08dcf47"},"headline":"\u201cBiz\u0259 t\u0259qdim olunan siyah\u0131da \u201cOdda &#8211; \u0130ki Bac\u0131\u201d filmi yox idi\u201d","datePublished":"2022-11-30T12:57:30+00:00","dateModified":"2022-11-30T13:31:15+00:00","mainEntityOfPage":{"@id":"https:\/\/www.meydan.tv\/az\/article\/bize-teqdim-olunan-siyahida-odda-iki-baci-film-yox-idi\/"},"wordCount":490,"publisher":{"@id":"https:\/\/www.meydan.tv\/az\/#organization"},"image":{"@id":"https:\/\/www.meydan.tv\/az\/article\/bize-teqdim-olunan-siyahida-odda-iki-baci-film-yox-idi\/#primaryimage"},"thumbnailUrl":"https:\/\/www.meydan.tv\/wp-content\/uploads\/untitled-design-9-19-e1669813016482.jpg","articleSection":["M\u0259d\u0259niyy\u0259t","X\u0259b\u0259rl\u0259r"],"inLanguage":"az"},{"@type":"WebPage","@id":"https:\/\/www.meydan.tv\/az\/article\/bize-teqdim-olunan-siyahida-odda-iki-baci-film-yox-idi\/","url":"https:\/\/www.meydan.tv\/az\/article\/bize-teqdim-olunan-siyahida-odda-iki-baci-film-yox-idi\/","name":"\u201cBiz\u0259 t\u0259qdim olunan siyah\u0131da \u201cOdda - \u0130ki Bac\u0131\u201d filmi yox idi\u201d - MEYDAN.TV","isPartOf":{"@id":"https:\/\/www.meydan.tv\/az\/#website"},"primaryImageOfPage":{"@id":"https:\/\/www.meydan.tv\/az\/article\/bize-teqdim-olunan-siyahida-odda-iki-baci-film-yox-idi\/#primaryimage"},"image":{"@id":"https:\/\/www.meydan.tv\/az\/article\/bize-teqdim-olunan-siyahida-odda-iki-baci-film-yox-idi\/#primaryimage"},"thumbnailUrl":"https:\/\/www.meydan.tv\/wp-content\/uploads\/untitled-design-9-19-e1669813016482.jpg","datePublished":"2022-11-30T12:57:30+00:00","dateModified":"2022-11-30T13:31:15+00:00","breadcrumb":{"@id":"https:\/\/www.meydan.tv\/az\/article\/bize-teqdim-olunan-siyahida-odda-iki-baci-film-yox-idi\/#breadcrumb"},"inLanguage":"az","potentialAction":[{"@type":"ReadAction","target":["https:\/\/www.meydan.tv\/az\/article\/bize-teqdim-olunan-siyahida-odda-iki-baci-film-yox-idi\/"]}]},{"@type":"ImageObject","inLanguage":"az","@id":"https:\/\/www.meydan.tv\/az\/article\/bize-teqdim-olunan-siyahida-odda-iki-baci-film-yox-idi\/#primaryimage","url":"https:\/\/www.meydan.tv\/wp-content\/uploads\/untitled-design-9-19-e1669813016482.jpg","contentUrl":"https:\/\/www.meydan.tv\/wp-content\/uploads\/untitled-design-9-19-e1669813016482.jpg","width":1200,"height":528,"caption":"Foto: \"Report.az\""},{"@type":"BreadcrumbList","@id":"https:\/\/www.meydan.tv\/az\/article\/bize-teqdim-olunan-siyahida-odda-iki-baci-film-yox-idi\/#breadcrumb","itemListElement":[{"@type":"ListItem","position":1,"name":"Ana s\u0259hif\u0259","item":"https:\/\/www.meydan.tv\/az\/"},{"@type":"ListItem","position":2,"name":"M\u0259d\u0259niyy\u0259t","item":"https:\/\/www.meydan.tv\/az\/section\/medeniyyet\/"},{"@type":"ListItem","position":3,"name":"\u201cBiz\u0259 t\u0259qdim olunan siyah\u0131da \u201cOdda &#8211; \u0130ki Bac\u0131\u201d filmi yox idi\u201d"}]},{"@type":"WebSite","@id":"https:\/\/www.meydan.tv\/az\/#website","url":"https:\/\/www.meydan.tv\/az\/","name":"MEYDAN.TV","description":"Meydan TV Az\u0259rbaycan\u0131n media m\u0259kan\u0131ndak\u0131 alternativ s\u0259sidir","publisher":{"@id":"https:\/\/www.meydan.tv\/az\/#organization"},"potentialAction":[{"@type":"SearchAction","target":{"@type":"EntryPoint","urlTemplate":"https:\/\/www.meydan.tv\/az\/?s={search_term_string}"},"query-input":{"@type":"PropertyValueSpecification","valueRequired":true,"valueName":"search_term_string"}}],"inLanguage":"az"},{"@type":"Organization","@id":"https:\/\/www.meydan.tv\/az\/#organization","name":"Meydan TV","url":"https:\/\/www.meydan.tv\/az\/","logo":{"@type":"ImageObject","inLanguage":"az","@id":"https:\/\/www.meydan.tv\/az\/#\/schema\/logo\/image\/","url":"https:\/\/www.meydan.tv\/wp-content\/uploads\/2021\/07\/meydan-logo.svg","contentUrl":"https:\/\/www.meydan.tv\/wp-content\/uploads\/2021\/07\/meydan-logo.svg","width":195,"height":46,"caption":"Meydan TV"},"image":{"@id":"https:\/\/www.meydan.tv\/az\/#\/schema\/logo\/image\/"}},{"@type":"Person","@id":"https:\/\/www.meydan.tv\/az\/#\/schema\/person\/9cdbecf90d17180ce1dfbd95b08dcf47","name":"elli","sameAs":["https:\/\/x.com\/elli"]}]}},"_links":{"self":[{"href":"https:\/\/www.meydan.tv\/az\/wp-json\/wp\/v2\/posts\/262214","targetHints":{"allow":["GET"]}}],"collection":[{"href":"https:\/\/www.meydan.tv\/az\/wp-json\/wp\/v2\/posts"}],"about":[{"href":"https:\/\/www.meydan.tv\/az\/wp-json\/wp\/v2\/types\/post"}],"author":[{"embeddable":true,"href":"https:\/\/www.meydan.tv\/az\/wp-json\/wp\/v2\/users\/8"}],"replies":[{"embeddable":true,"href":"https:\/\/www.meydan.tv\/az\/wp-json\/wp\/v2\/comments?post=262214"}],"version-history":[{"count":2,"href":"https:\/\/www.meydan.tv\/az\/wp-json\/wp\/v2\/posts\/262214\/revisions"}],"predecessor-version":[{"id":262228,"href":"https:\/\/www.meydan.tv\/az\/wp-json\/wp\/v2\/posts\/262214\/revisions\/262228"}],"wp:featuredmedia":[{"embeddable":true,"href":"https:\/\/www.meydan.tv\/az\/wp-json\/wp\/v2\/media\/262211"}],"wp:attachment":[{"href":"https:\/\/www.meydan.tv\/az\/wp-json\/wp\/v2\/media?parent=262214"}],"wp:term":[{"taxonomy":"category","embeddable":true,"href":"https:\/\/www.meydan.tv\/az\/wp-json\/wp\/v2\/categories?post=262214"},{"taxonomy":"post_tag","embeddable":true,"href":"https:\/\/www.meydan.tv\/az\/wp-json\/wp\/v2\/tags?post=262214"}],"curies":[{"name":"wp","href":"https:\/\/api.w.org\/{rel}","templated":true}]}}