{"id":262196,"date":"2022-11-30T16:15:30","date_gmt":"2022-11-30T12:15:30","guid":{"rendered":"https:\/\/www.meydan.tv\/?p=262196"},"modified":"2022-11-30T16:45:46","modified_gmt":"2022-11-30T12:45:46","slug":"nermin-isinde-aparici-zaur-baxseliyevin-dindirilmesi-istenilir","status":"publish","type":"post","link":"https:\/\/www.meydan.tv\/az\/article\/nermin-isinde-aparici-zaur-baxseliyevin-dindirilmesi-istenilir\/","title":{"rendered":"\u201cN\u0259rmin i\u015fi\u201dnd\u0259 apar\u0131c\u0131 Zaur Bax\u015f\u0259liyevin dindirilm\u0259si ist\u0259nilir"},"content":{"rendered":"\n<p><\/p>\n\n\n\n<p><em>M\u0259hk\u0259m\u0259d\u0259 videog\u00f6r\u00fcnt\u00fcl\u0259r t\u0259dqiq olunur<\/em><\/p>\n\n\n\n<p>Tovuz rayonunun Dondar Qu\u015f\u00e7u k\u0259ndind\u0259 \u00fc\u00e7 il \u0259vv\u0259l 11 ya\u015fl\u0131 N\u0259rmin Quliyevan\u0131n o\u011furlanmas\u0131, 47 g\u00fcn sonra k\u0259ndd\u0259 yand\u0131r\u0131lm\u0131\u015f meyitin tap\u0131lmas\u0131yla ba\u011fl\u0131 m\u0259hk\u0259m\u0259 ara\u015fd\u0131rmalar\u0131 davam edir. Azya\u015fl\u0131n\u0131 o\u011furlay\u0131b \u00f6ld\u00fcrm\u0259kd\u0259 ittiham olunan \u0130lkin S\u00fcleymanovun m\u0259hk\u0259m\u0259sind\u0259 cinay\u0259t i\u015finin materiallar\u0131nda olan videog\u00f6r\u00fcnt\u00fcl\u0259r t\u0259dqiq olunur.<\/p>\n\n\n\n<p>Bu i\u015fi G\u0259nc\u0259 A\u011f\u0131r Cinay\u0259tl\u0259r M\u0259hk\u0259m\u0259sind\u0259 Dada\u015f \u0130manovun s\u0259drlik etdiyi hakiml\u0259r kollegiyas\u0131 ara\u015fd\u0131r\u0131r.<\/p>\n\n\n\n<p>Noyabr\u0131n 29-da m\u0259hk\u0259m\u0259 iclas\u0131nda \u0130lkin S\u00fcleymanovun h\u0259bsind\u0259n sonra evl\u0259rin\u0259 g\u0259tirilib, orada \u00e7\u0259kilmi\u015f g\u00f6r\u00fcnt\u00fcl\u0259r t\u0259hlil olunub. H\u0259min g\u00f6r\u00fcnt\u00fcl\u0259r\u0259 \u00f6t\u0259n m\u0259hk\u0259m\u0259 iclas\u0131nda bax\u0131l\u0131b. Bu d\u0259f\u0259 o, v\u0259kill\u0259rin v\u0259 hakiml\u0259rin h\u0259min \u00e7\u0259kili\u015fl\u0259 ba\u011fl\u0131 suallar\u0131n\u0131 cavabland\u0131r\u0131b.<\/p>\n\n\n\n<p>\u0130lkin S\u00fcleymanov bildirib ki, s\u00f6z\u00fcged\u0259n video 2020-ci il yanvar\u0131n 14-d\u0259 \u00e7\u0259kilib. Soyuq q\u0131\u015f g\u00fcn\u00fcnd\u0259 hadis\u0259 yerin\u0259 t\u0259rlikl\u0259 g\u0259tirilm\u0259si d\u0259 t\u0259sad\u00fcf olmay\u0131b:<\/p>\n\n\n\n<p>\u201cYanvar\u0131n 14-d\u0259 t\u0259rlik geyinib k\u00fc\u00e7\u0259y\u0259 \u00e7\u0131xmaq a\u011flabatan deyil. M\u0259nim ayaqqab\u0131m vard\u0131, amma i\u015fg\u0259nc\u0259d\u0259n ayaqlar\u0131m el\u0259 v\u0259ziyy\u0259t\u0259 d\u00fc\u015fm\u00fc\u015fd\u00fc ki, aya\u011f\u0131ma ayaqqab\u0131 geyin\u0259 bilmirdim. Ona g\u00f6r\u0259 t\u0259rlik geyindirib g\u0259tirmi\u015fdil\u0259r. M\u0259n o ev\u0259 daxil olanda g\u00f6rd\u00fcm ki, orada \u0259\u015fyalar \u0259vv\u0259lki kimi deyil, qar\u0131\u015fd\u0131r\u0131l\u0131b. Yad\u0131n\u0131zdad\u0131rsa, m\u0259hk\u0259m\u0259d\u0259 dindirm\u0259l\u0259rd\u0259 m\u0259lum oldu ki, polisl\u0259r yanvar\u0131n 9-dan 10-na ke\u00e7\u0259n gec\u0259 bizim evimiz\u0259 qanunsuz soxulublar. G\u00fcman edir\u0259m ki, onda qar\u0131\u015fd\u0131r\u0131blar. \u00c7\u0259kili\u015fd\u0259 d\u0259 g\u00f6r\u00fcn\u00fcr, u\u015fa\u011f\u0131n saxland\u0131\u011f\u0131 iddia olunan h\u0259min otaqda d\u0259zgaha qo\u015fulmaq \u00fc\u00e7\u00fcn faza ke\u00e7ir. Atam m\u0259hk\u0259m\u0259d\u0259 dindiril\u0259nd\u0259 demi\u015fdi ki, dekabrda qalx\u0131b o otaqda fazan\u0131 qo\u015fub, b\u0259zi i\u015fl\u0259r g\u00f6r\u00fcb. H\u0259min vaxt otaqda he\u00e7 kim olmay\u0131b. Bac\u0131m o\u011flu Nicat yanvar\u0131n \u0259vv\u0259lind\u0259 o ota\u011fa qalx\u0131b, anam\u0131n paltosunu g\u0259tirib ki, geyinib yas yerin\u0259 getsin. O da bildirdi ki, otaqda he\u00e7 kim olmay\u0131b. Videoda g\u00f6r\u00fcn\u00fcr, p\u0259rd\u0259nin arxas\u0131nda h\u0259min paltarlar var. \u018fvv\u0259l ifad\u0259d\u0259 demi\u015fdim ki, bilmir\u0259m, bu cinay\u0259ti niy\u0259 t\u00f6r\u0259tmi\u015f\u0259m. Sonra \u00f6vladl\u0131\u011fa g\u00f6t\u00fcrm\u0259k m\u0259s\u0259l\u0259si ortaya \u00e7\u0131xd\u0131. \u018flb\u0259tt\u0259, bu da uydurmad\u0131r. \u00d6vlad kimi baxmaq ist\u0259diyim u\u015fa\u011f\u0131 soyuq otaqda, \u0259l-aya\u011f\u0131 ba\u011fl\u0131 saxlamaq absurddur\u201d.<\/p>\n\n\n\n<p>M\u0259hk\u0259m\u0259d\u0259 o da m\u0259lum olub ki, 6 yanvar 2020-ci ild\u0259 &#8211; yanm\u0131\u015f meyit tap\u0131lan g\u00fcn s\u0259h\u0259r saat 10-dan g\u00fcnorta saat 15.00-a q\u0259d\u0259r \u0130lkin S\u00fcleymanov k\u0259ndin ba\u015fqa sakminl\u0259ri il\u0259 birlikd\u0259 G\u0259nc\u0259d\u0259 yas m\u0259rasimind\u0259 olub. Amma video\u00e7\u0259kili\u015fd\u0259 h\u0259min g\u00fcn haqq\u0131nda dan\u0131\u015fark\u0259n bu bar\u0259d\u0259 he\u00e7 n\u0259 deyilmir. \u0130lkin S\u00fcleymanov bunu bel\u0259 izah edib:<\/p>\n\n\n\n<p>\u201cO videoda dan\u0131\u015fd\u0131qlar\u0131m ham\u0131s\u0131 uydurmad\u0131r. H\u0259min g\u00fcn real ba\u015f ver\u0259nl\u0259r onlar\u0131 maraqland\u0131rm\u0131rd\u0131\u201d.<\/p>\n\n\n\n<p>Kadrlardan o da g\u00f6r\u00fcn\u00fcr ki, \u0130lkin S\u00fcleymanov h\u0259y\u0259t\u0259 daxil olanda ail\u0259nin daimi ya\u015fad\u0131\u011f\u0131 ev\u0259 t\u0259r\u0259f getm\u0259k ist\u0259yir, m\u00fcst\u0259ntiq qoymur:<\/p>\n\n\n\n<p>\u201cD\u00fc\u015f\u00fcn\u00fcrd\u00fcm ki, b\u0259lk\u0259 \u0259trafda ail\u0259md\u0259n, qohumlardan kimis\u0259 g\u00f6r\u0259r\u0259m, ba\u015f\u0131ma g\u0259l\u0259nl\u0259ri dey\u0259r\u0259m. Dey\u0259r\u0259m ki, bu cinay\u0259ti m\u0259n el\u0259m\u0259mi\u015f\u0259m. D\u00fcz\u00fc, bilmir\u0259m, onu da dem\u0259y\u0259 c\u0259sar\u0259t ed\u0259c\u0259kdim, yoxsa yox. \u00c7\u00fcnki onlar\u0131n \u0259lind\u0259 idim. Amma evd\u0259 d\u0259, k\u00fc\u00e7\u0259d\u0259 d\u0259 he\u00e7 kimi g\u00f6rm\u0259dim\u201d.<\/p>\n\n\n\n<p>M\u0259hk\u0259m\u0259d\u0259 Xo\u015fq\u0259d\u0259m Hiday\u0259tq\u0131z\u0131n\u0131n apar\u0131c\u0131l\u0131\u011f\u0131yla \u201cX\u0259z\u0259r TV\u201dd\u0259 yay\u0131mlanan \u201cS\u0259ni axtar\u0131ram\u201d proqram\u0131nda 2019-cu ilin sonunda N\u0259rmin Quliyevan\u0131n itkin d\u00fc\u015fm\u0259sin\u0259 h\u0259sr olunmu\u015f reportaja da bax\u0131l\u0131b. H\u0259m\u00e7inin u\u015fa\u011f\u0131n valideynl\u0259rinin ba\u015fqa bir internet televiziyas\u0131na m\u00fcsahib\u0259sil\u0259 ba\u011fl\u0131 da m\u00fczakir\u0259l\u0259r apar\u0131l\u0131b.<\/p>\n\n\n\n<p>M\u0259hk\u0259m\u0259d\u0259 u\u015fa\u011f\u0131n\u0131n meyitini k\u0259nardan g\u00f6rd\u00fcy\u00fcn\u00fc, h\u0259tta meyitxanada tan\u0131nmada \u00f6z\u00fcn\u00fcn yox, qarda\u015f\u0131n\u0131n i\u015ftirak etdiyini dey\u0259n \u015e\u0259rif Quliyev m\u00fcsahib\u0259d\u0259 is\u0259 deyir ki, q\u0131z\u0131n\u0131n meyitini yax\u0131ndan \u00f6z\u00fc g\u00f6r\u00fcb, \u00fczd\u0259n tan\u0131y\u0131b. O iddia edib ki, u\u015fa\u011f\u0131n \u00fcz\u00fc yanmam\u0131\u015fd\u0131.<\/p>\n\n\n\n<p>Amma cinay\u0259t i\u015finin materiallar\u0131ndak\u0131 fotolarda \u00fcz nahiy\u0259sinin tam yand\u0131\u011f\u0131 v\u0259 tan\u0131nmaz halda oldu\u011fu g\u00f6r\u00fcn\u00fcr.<\/p>\n\n\n\n<figure class=\"wp-block-image size-full\"><img decoding=\"async\" width=\"1200\" height=\"800\" data-src=\"https:\/\/www.meydan.tv\/wp-content\/uploads\/untitled-design-8-22.jpg\" alt=\"\" class=\"wp-image-262197 lazyload\" src=\"data:image\/svg+xml;base64,PHN2ZyB3aWR0aD0iMSIgaGVpZ2h0PSIxIiB4bWxucz0iaHR0cDovL3d3dy53My5vcmcvMjAwMC9zdmciPjwvc3ZnPg==\" style=\"--smush-placeholder-width: 1200px; --smush-placeholder-aspect-ratio: 1200\/800;\" \/><figcaption class=\"wp-element-caption\"> Xo\u015fq\u0259d\u0259m Hiday\u0259tq\u0131z\u0131 v\u0259 Zaur Bax\u015f\u0259liyev. M\u0259nb\u0259: &#8220;kulis.az&#8221;<\/figcaption><\/figure>\n\n\n\n<p>N\u0259rminin \u00f6z\u00fcnd\u0259n b\u00f6y\u00fck bac\u0131s\u0131 \u015e\u0259bn\u0259m Quliyeva Xo\u015fq\u0259d\u0259m Hiday\u0259tq\u0131z\u0131na deyir ki, h\u0259min g\u00fcn bac\u0131s\u0131 x\u0259st\u0259 olub, bu s\u0259b\u0259bd\u0259n m\u0259kt\u0259bd\u0259n d\u0259 icaz\u0259 al\u0131b tez g\u0259libmi\u015f. Amma m\u0259hk\u0259m\u0259d\u0259 \u015e\u0259rif Quliyevd\u0259n v\u0259 q\u0131z\u0131 \u015e\u0259bn\u0259md\u0259n h\u0259min g\u00fcn N\u0259rminin x\u0259st\u0259 olub-olmad\u0131\u011f\u0131n\u0131 soru\u015fanda onlar\u0131n h\u0259r ikisi x\u0259st\u0259 olmad\u0131\u011f\u0131n\u0131 demi\u015fdi.<\/p>\n\n\n\n<p>V\u0259kill\u0259r \u201cAzad Az\u0259rbaycan\u201d telekanal\u0131nda (ATV) Zaur Bax\u015f\u0259liyevin apar\u0131c\u0131 oldu\u011fu proqramda N\u0259rminin meyitinin tap\u0131lmas\u0131yla ba\u011fl\u0131 onun \u00e7atd\u0131rd\u0131\u011f\u0131 m\u0259lumatlar\u0131n da ara\u015fd\u0131r\u0131lmas\u0131n\u0131 ist\u0259yib. Onlar Zaur Bax\u015f\u0259liyevin m\u0259hk\u0259m\u0259y\u0259 \u00e7a\u011f\u0131r\u0131l\u0131b dindirilm\u0259si m\u0259s\u0259l\u0259sini qald\u0131r\u0131blar:<\/p>\n\n\n\n<p>\u201cO deyir ki, N\u0259rminin ba\u015f\u0131na d\u0259mirl\u0259 5 z\u0259rb\u0259 vurulub. \u0130ttihamda is\u0259 da\u015fla vuruldu\u011fu yaz\u0131l\u0131b. \u0130lkin d\u0259 ifad\u0259sind\u0259 da\u015fla bir z\u0259rb\u0259 vurdu\u011funu deyir. Bu da i\u015fin faktiki hallar\u0131na uy\u011fun g\u0259lmir. Ekspert r\u0259yl\u0259rin\u0259 \u0259sas\u0259n, x\u0259sar\u0259tl\u0259rin formas\u0131na baxanda ba\u015fdak\u0131 z\u0259rb\u0259l\u0259rin d\u0259mirl\u0259 vuruldu\u011funu dem\u0259k olar. Zaur Bax\u015f\u0259liyev bir d\u0259 deyir ki, N\u0259rmin meyit tap\u0131lmam\u0131\u015fdan 5 g\u00fcn \u0259vv\u0259l \u00f6ld\u00fcr\u00fcl\u00fcb. G\u0259lsin, g\u00f6r\u0259k bu m\u0259lumatlar\u0131 ona kim vermi\u015fdi\u2026\u201d.<\/p>\n\n\n\n<p>Hakim bildirib ki, Zaur Bax\u015f\u0259liyevl\u0259 ba\u011fl\u0131 v\u0259sat\u0259t yaz\u0131l\u0131 \u015f\u0259kild\u0259 veril\u0259nd\u0259 m\u0259hk\u0259m\u0259 ona m\u00fcnasib\u0259t bildir\u0259c\u0259k.<\/p>\n\n\n\n<p>\u201cN\u0259rmin i\u015fi\u201d \u00fczr\u0259 m\u0259hk\u0259m\u0259 ara\u015fd\u0131rmalar\u0131 davam edir.<\/p>\n\n\n\n<p>1973-c\u00fc il t\u0259v\u0259ll\u00fcdl\u00fc \u0130lkin S\u00fcleymanov Cinay\u0259t M\u0259c\u0259ll\u0259sinin 120.2.4 (x\u00fcsusi amans\u0131zl\u0131qla q\u0259sd\u0259n adam \u00f6ld\u00fcrm\u0259), 120.2.9 (t\u0259qsirkar \u015f\u0259xs \u00fc\u00e7\u00fcn a\u015fkar sur\u0259td\u0259 k\u00f6m\u0259ksiz v\u0259ziyy\u0259td\u0259 olan adam\u0131 q\u0259sd\u0259n \u00f6ld\u00fcrm\u0259), 133.2.1 (o\u011furlanm\u0131\u015f \u015f\u0259xs\u0259 \u0259zab verm\u0259), 133.2.4 (yetkinlik ya\u015f\u0131na \u00e7atmayan, k\u00f6m\u0259ksiz v\u0259ziyy\u0259td\u0259 olan \u015f\u0259xs\u0259 \u0259zab verm\u0259), 144-c\u00fc (adam o\u011furlu\u011fu) madd\u0259l\u0259ril\u0259 ittiham olunur.<\/p>\n\n\n\n<p>\u0130ttihama \u0259sas\u0259n, o, sinif yolda\u015f\u0131 \u015e\u0259rif Quliyevin ail\u0259si, u\u015faqlar\u0131 oldu\u011funa g\u00f6r\u0259 onu q\u0131sqan\u0131b, buna g\u00f6r\u0259 d\u0259 onun q\u0131z\u0131 N\u0259rmini o\u011furlayaraq, 47 g\u00fcn sonra q\u0259tl\u0259 yetirib.<\/p>\n\n\n\n<p>\u0130lkin S\u00fcleymanov is\u0259 azya\u015fl\u0131n\u0131n \u00f6l\u00fcm\u00fcn\u0259 aidiyy\u0259ti olmad\u0131\u011f\u0131n\u0131 deyir. \u0130lkin ifad\u0259sind\u0259ki etirafa g\u0259linc\u0259, o bildirib ki, 2020-ci il yanvar\u0131n 6-dan 10-na q\u0259d\u0259r Tovuz rayon Polis \u015e\u00f6b\u0259sind\u0259 i\u015fg\u0259nc\u0259y\u0259 m\u0259ruz qal\u0131b. D\u00f6rd g\u00fcn sonra i\u015fg\u0259nc\u0259l\u0259r\u0259 d\u00f6zm\u0259y\u0259r\u0259k, etiraf ifad\u0259sin\u0259 imza atma\u011fa m\u0259cbur olub.<\/p>\n\n\n\n<p>Ba\u015f Prokurorluq is\u0259 i\u015fg\u0259nc\u0259 iddialar\u0131n\u0131 t\u0259kzib edib.<\/p>\n","protected":false},"excerpt":{"rendered":"<p>M\u0259hk\u0259m\u0259d\u0259 videog\u00f6r\u00fcnt\u00fcl\u0259r t\u0259dqiq olunur Tovuz rayonunun Dondar Qu\u015f\u00e7u k\u0259ndind\u0259 \u00fc\u00e7 &#8230; <\/p>\n<p class=\"read-more-container\"><a title=\"\u201cN\u0259rmin i\u015fi\u201dnd\u0259 apar\u0131c\u0131 Zaur Bax\u015f\u0259liyevin dindirilm\u0259si ist\u0259nilir\" class=\"read-more button\" href=\"https:\/\/www.meydan.tv\/az\/article\/nermin-isinde-aparici-zaur-baxseliyevin-dindirilmesi-istenilir\/#more-262196\" aria-label=\"Read more about \u201cN\u0259rmin i\u015fi\u201dnd\u0259 apar\u0131c\u0131 Zaur Bax\u015f\u0259liyevin dindirilm\u0259si ist\u0259nilir\">Davam\u0131<\/a><\/p>\n","protected":false},"author":8,"featured_media":241424,"comment_status":"closed","ping_status":"closed","sticky":false,"template":"","format":"standard","meta":{"_acf_changed":false,"_sitemap_exclude":false,"_sitemap_priority":"","_sitemap_frequency":"","footnotes":""},"categories":[60,79,56],"tags":[],"class_list":["post-262196","post","type-post","status-publish","format-standard","has-post-thumbnail","hentry","category-bolge","category-featured","category-xeberler","infinite-scroll-item","generate-columns","tablet-grid-50","mobile-grid-100","grid-parent","grid-33","no-featured-image-padding"],"acf":[],"yoast_head":"<!-- This site is optimized with the Yoast SEO plugin v27.5 - https:\/\/yoast.com\/product\/yoast-seo-wordpress\/ -->\n<title>\u201cN\u0259rmin i\u015fi\u201dnd\u0259 apar\u0131c\u0131 Zaur Bax\u015f\u0259liyevin dindirilm\u0259si ist\u0259nilir - MEYDAN.TV<\/title>\n<meta name=\"robots\" content=\"index, follow, max-snippet:-1, max-image-preview:large, max-video-preview:-1\" \/>\n<link rel=\"canonical\" href=\"https:\/\/www.meydan.tv\/az\/article\/nermin-isinde-aparici-zaur-baxseliyevin-dindirilmesi-istenilir\/\" \/>\n<meta property=\"og:locale\" content=\"az_AZ\" \/>\n<meta property=\"og:type\" content=\"article\" \/>\n<meta property=\"og:title\" content=\"\u201cN\u0259rmin i\u015fi\u201dnd\u0259 apar\u0131c\u0131 Zaur Bax\u015f\u0259liyevin dindirilm\u0259si ist\u0259nilir - MEYDAN.TV\" \/>\n<meta property=\"og:description\" content=\"M\u0259hk\u0259m\u0259d\u0259 videog\u00f6r\u00fcnt\u00fcl\u0259r t\u0259dqiq olunur Tovuz rayonunun Dondar Qu\u015f\u00e7u k\u0259ndind\u0259 \u00fc\u00e7 ... Davam\u0131\" \/>\n<meta property=\"og:url\" content=\"https:\/\/www.meydan.tv\/az\/article\/nermin-isinde-aparici-zaur-baxseliyevin-dindirilmesi-istenilir\/\" \/>\n<meta property=\"og:site_name\" content=\"MEYDAN.TV\" \/>\n<meta property=\"article:published_time\" content=\"2022-11-30T12:15:30+00:00\" \/>\n<meta property=\"article:modified_time\" content=\"2022-11-30T12:45:46+00:00\" \/>\n<meta property=\"og:image\" content=\"https:\/\/www.meydan.tv\/wp-content\/uploads\/photo-2022-04-11-16-04-01-e1649746574597.jpg\" \/>\n\t<meta property=\"og:image:width\" content=\"1200\" \/>\n\t<meta property=\"og:image:height\" content=\"711\" \/>\n\t<meta property=\"og:image:type\" content=\"image\/jpeg\" \/>\n<meta name=\"author\" content=\"elli\" \/>\n<meta name=\"twitter:card\" content=\"summary_large_image\" \/>\n<meta name=\"twitter:creator\" content=\"@elli\" \/>\n<script type=\"application\/ld+json\" class=\"yoast-schema-graph\">{\"@context\":\"https:\\\/\\\/schema.org\",\"@graph\":[{\"@type\":\"Article\",\"@id\":\"https:\\\/\\\/www.meydan.tv\\\/az\\\/article\\\/nermin-isinde-aparici-zaur-baxseliyevin-dindirilmesi-istenilir\\\/#article\",\"isPartOf\":{\"@id\":\"https:\\\/\\\/www.meydan.tv\\\/az\\\/article\\\/nermin-isinde-aparici-zaur-baxseliyevin-dindirilmesi-istenilir\\\/\"},\"author\":{\"name\":\"elli\",\"@id\":\"https:\\\/\\\/www.meydan.tv\\\/az\\\/#\\\/schema\\\/person\\\/9cdbecf90d17180ce1dfbd95b08dcf47\"},\"headline\":\"\u201cN\u0259rmin i\u015fi\u201dnd\u0259 apar\u0131c\u0131 Zaur Bax\u015f\u0259liyevin dindirilm\u0259si ist\u0259nilir\",\"datePublished\":\"2022-11-30T12:15:30+00:00\",\"dateModified\":\"2022-11-30T12:45:46+00:00\",\"mainEntityOfPage\":{\"@id\":\"https:\\\/\\\/www.meydan.tv\\\/az\\\/article\\\/nermin-isinde-aparici-zaur-baxseliyevin-dindirilmesi-istenilir\\\/\"},\"wordCount\":1354,\"publisher\":{\"@id\":\"https:\\\/\\\/www.meydan.tv\\\/az\\\/#organization\"},\"image\":{\"@id\":\"https:\\\/\\\/www.meydan.tv\\\/az\\\/article\\\/nermin-isinde-aparici-zaur-baxseliyevin-dindirilmesi-istenilir\\\/#primaryimage\"},\"thumbnailUrl\":\"https:\\\/\\\/www.meydan.tv\\\/wp-content\\\/uploads\\\/photo-2022-04-11-16-04-01-e1685950918665.jpg\",\"articleSection\":[\"B\u00f6lg\u0259\",\"T\u00f6vsiy\u0259\",\"X\u0259b\u0259rl\u0259r\"],\"inLanguage\":\"az\"},{\"@type\":\"WebPage\",\"@id\":\"https:\\\/\\\/www.meydan.tv\\\/az\\\/article\\\/nermin-isinde-aparici-zaur-baxseliyevin-dindirilmesi-istenilir\\\/\",\"url\":\"https:\\\/\\\/www.meydan.tv\\\/az\\\/article\\\/nermin-isinde-aparici-zaur-baxseliyevin-dindirilmesi-istenilir\\\/\",\"name\":\"\u201cN\u0259rmin i\u015fi\u201dnd\u0259 apar\u0131c\u0131 Zaur Bax\u015f\u0259liyevin dindirilm\u0259si ist\u0259nilir - MEYDAN.TV\",\"isPartOf\":{\"@id\":\"https:\\\/\\\/www.meydan.tv\\\/az\\\/#website\"},\"primaryImageOfPage\":{\"@id\":\"https:\\\/\\\/www.meydan.tv\\\/az\\\/article\\\/nermin-isinde-aparici-zaur-baxseliyevin-dindirilmesi-istenilir\\\/#primaryimage\"},\"image\":{\"@id\":\"https:\\\/\\\/www.meydan.tv\\\/az\\\/article\\\/nermin-isinde-aparici-zaur-baxseliyevin-dindirilmesi-istenilir\\\/#primaryimage\"},\"thumbnailUrl\":\"https:\\\/\\\/www.meydan.tv\\\/wp-content\\\/uploads\\\/photo-2022-04-11-16-04-01-e1685950918665.jpg\",\"datePublished\":\"2022-11-30T12:15:30+00:00\",\"dateModified\":\"2022-11-30T12:45:46+00:00\",\"breadcrumb\":{\"@id\":\"https:\\\/\\\/www.meydan.tv\\\/az\\\/article\\\/nermin-isinde-aparici-zaur-baxseliyevin-dindirilmesi-istenilir\\\/#breadcrumb\"},\"inLanguage\":\"az\",\"potentialAction\":[{\"@type\":\"ReadAction\",\"target\":[\"https:\\\/\\\/www.meydan.tv\\\/az\\\/article\\\/nermin-isinde-aparici-zaur-baxseliyevin-dindirilmesi-istenilir\\\/\"]}]},{\"@type\":\"ImageObject\",\"inLanguage\":\"az\",\"@id\":\"https:\\\/\\\/www.meydan.tv\\\/az\\\/article\\\/nermin-isinde-aparici-zaur-baxseliyevin-dindirilmesi-istenilir\\\/#primaryimage\",\"url\":\"https:\\\/\\\/www.meydan.tv\\\/wp-content\\\/uploads\\\/photo-2022-04-11-16-04-01-e1685950918665.jpg\",\"contentUrl\":\"https:\\\/\\\/www.meydan.tv\\\/wp-content\\\/uploads\\\/photo-2022-04-11-16-04-01-e1685950918665.jpg\",\"width\":1200,\"height\":450,\"caption\":\"\u0130lkin S\u00fcleymanov. Foto: Meydan TV\"},{\"@type\":\"BreadcrumbList\",\"@id\":\"https:\\\/\\\/www.meydan.tv\\\/az\\\/article\\\/nermin-isinde-aparici-zaur-baxseliyevin-dindirilmesi-istenilir\\\/#breadcrumb\",\"itemListElement\":[{\"@type\":\"ListItem\",\"position\":1,\"name\":\"Ana s\u0259hif\u0259\",\"item\":\"https:\\\/\\\/www.meydan.tv\\\/az\\\/\"},{\"@type\":\"ListItem\",\"position\":2,\"name\":\"B\u00f6lg\u0259\",\"item\":\"https:\\\/\\\/www.meydan.tv\\\/az\\\/section\\\/bolge\\\/\"},{\"@type\":\"ListItem\",\"position\":3,\"name\":\"\u201cN\u0259rmin i\u015fi\u201dnd\u0259 apar\u0131c\u0131 Zaur Bax\u015f\u0259liyevin dindirilm\u0259si ist\u0259nilir\"}]},{\"@type\":\"WebSite\",\"@id\":\"https:\\\/\\\/www.meydan.tv\\\/az\\\/#website\",\"url\":\"https:\\\/\\\/www.meydan.tv\\\/az\\\/\",\"name\":\"MEYDAN.TV\",\"description\":\"Meydan TV Az\u0259rbaycan\u0131n media m\u0259kan\u0131ndak\u0131 alternativ s\u0259sidir\",\"publisher\":{\"@id\":\"https:\\\/\\\/www.meydan.tv\\\/az\\\/#organization\"},\"potentialAction\":[{\"@type\":\"SearchAction\",\"target\":{\"@type\":\"EntryPoint\",\"urlTemplate\":\"https:\\\/\\\/www.meydan.tv\\\/az\\\/?s={search_term_string}\"},\"query-input\":{\"@type\":\"PropertyValueSpecification\",\"valueRequired\":true,\"valueName\":\"search_term_string\"}}],\"inLanguage\":\"az\"},{\"@type\":\"Organization\",\"@id\":\"https:\\\/\\\/www.meydan.tv\\\/az\\\/#organization\",\"name\":\"Meydan TV\",\"url\":\"https:\\\/\\\/www.meydan.tv\\\/az\\\/\",\"logo\":{\"@type\":\"ImageObject\",\"inLanguage\":\"az\",\"@id\":\"https:\\\/\\\/www.meydan.tv\\\/az\\\/#\\\/schema\\\/logo\\\/image\\\/\",\"url\":\"https:\\\/\\\/www.meydan.tv\\\/wp-content\\\/uploads\\\/2021\\\/07\\\/meydan-logo.svg\",\"contentUrl\":\"https:\\\/\\\/www.meydan.tv\\\/wp-content\\\/uploads\\\/2021\\\/07\\\/meydan-logo.svg\",\"width\":195,\"height\":46,\"caption\":\"Meydan TV\"},\"image\":{\"@id\":\"https:\\\/\\\/www.meydan.tv\\\/az\\\/#\\\/schema\\\/logo\\\/image\\\/\"}},{\"@type\":\"Person\",\"@id\":\"https:\\\/\\\/www.meydan.tv\\\/az\\\/#\\\/schema\\\/person\\\/9cdbecf90d17180ce1dfbd95b08dcf47\",\"name\":\"elli\",\"sameAs\":[\"https:\\\/\\\/x.com\\\/elli\"]}]}<\/script>\n<!-- \/ Yoast SEO plugin. -->","yoast_head_json":{"title":"\u201cN\u0259rmin i\u015fi\u201dnd\u0259 apar\u0131c\u0131 Zaur Bax\u015f\u0259liyevin dindirilm\u0259si ist\u0259nilir - MEYDAN.TV","robots":{"index":"index","follow":"follow","max-snippet":"max-snippet:-1","max-image-preview":"max-image-preview:large","max-video-preview":"max-video-preview:-1"},"canonical":"https:\/\/www.meydan.tv\/az\/article\/nermin-isinde-aparici-zaur-baxseliyevin-dindirilmesi-istenilir\/","og_locale":"az_AZ","og_type":"article","og_title":"\u201cN\u0259rmin i\u015fi\u201dnd\u0259 apar\u0131c\u0131 Zaur Bax\u015f\u0259liyevin dindirilm\u0259si ist\u0259nilir - MEYDAN.TV","og_description":"M\u0259hk\u0259m\u0259d\u0259 videog\u00f6r\u00fcnt\u00fcl\u0259r t\u0259dqiq olunur Tovuz rayonunun Dondar Qu\u015f\u00e7u k\u0259ndind\u0259 \u00fc\u00e7 ... Davam\u0131","og_url":"https:\/\/www.meydan.tv\/az\/article\/nermin-isinde-aparici-zaur-baxseliyevin-dindirilmesi-istenilir\/","og_site_name":"MEYDAN.TV","article_published_time":"2022-11-30T12:15:30+00:00","article_modified_time":"2022-11-30T12:45:46+00:00","og_image":[{"width":1200,"height":711,"url":"https:\/\/www.meydan.tv\/wp-content\/uploads\/photo-2022-04-11-16-04-01-e1649746574597.jpg","type":"image\/jpeg"}],"author":"elli","twitter_card":"summary_large_image","twitter_creator":"@elli","schema":{"@context":"https:\/\/schema.org","@graph":[{"@type":"Article","@id":"https:\/\/www.meydan.tv\/az\/article\/nermin-isinde-aparici-zaur-baxseliyevin-dindirilmesi-istenilir\/#article","isPartOf":{"@id":"https:\/\/www.meydan.tv\/az\/article\/nermin-isinde-aparici-zaur-baxseliyevin-dindirilmesi-istenilir\/"},"author":{"name":"elli","@id":"https:\/\/www.meydan.tv\/az\/#\/schema\/person\/9cdbecf90d17180ce1dfbd95b08dcf47"},"headline":"\u201cN\u0259rmin i\u015fi\u201dnd\u0259 apar\u0131c\u0131 Zaur Bax\u015f\u0259liyevin dindirilm\u0259si ist\u0259nilir","datePublished":"2022-11-30T12:15:30+00:00","dateModified":"2022-11-30T12:45:46+00:00","mainEntityOfPage":{"@id":"https:\/\/www.meydan.tv\/az\/article\/nermin-isinde-aparici-zaur-baxseliyevin-dindirilmesi-istenilir\/"},"wordCount":1354,"publisher":{"@id":"https:\/\/www.meydan.tv\/az\/#organization"},"image":{"@id":"https:\/\/www.meydan.tv\/az\/article\/nermin-isinde-aparici-zaur-baxseliyevin-dindirilmesi-istenilir\/#primaryimage"},"thumbnailUrl":"https:\/\/www.meydan.tv\/wp-content\/uploads\/photo-2022-04-11-16-04-01-e1685950918665.jpg","articleSection":["B\u00f6lg\u0259","T\u00f6vsiy\u0259","X\u0259b\u0259rl\u0259r"],"inLanguage":"az"},{"@type":"WebPage","@id":"https:\/\/www.meydan.tv\/az\/article\/nermin-isinde-aparici-zaur-baxseliyevin-dindirilmesi-istenilir\/","url":"https:\/\/www.meydan.tv\/az\/article\/nermin-isinde-aparici-zaur-baxseliyevin-dindirilmesi-istenilir\/","name":"\u201cN\u0259rmin i\u015fi\u201dnd\u0259 apar\u0131c\u0131 Zaur Bax\u015f\u0259liyevin dindirilm\u0259si ist\u0259nilir - MEYDAN.TV","isPartOf":{"@id":"https:\/\/www.meydan.tv\/az\/#website"},"primaryImageOfPage":{"@id":"https:\/\/www.meydan.tv\/az\/article\/nermin-isinde-aparici-zaur-baxseliyevin-dindirilmesi-istenilir\/#primaryimage"},"image":{"@id":"https:\/\/www.meydan.tv\/az\/article\/nermin-isinde-aparici-zaur-baxseliyevin-dindirilmesi-istenilir\/#primaryimage"},"thumbnailUrl":"https:\/\/www.meydan.tv\/wp-content\/uploads\/photo-2022-04-11-16-04-01-e1685950918665.jpg","datePublished":"2022-11-30T12:15:30+00:00","dateModified":"2022-11-30T12:45:46+00:00","breadcrumb":{"@id":"https:\/\/www.meydan.tv\/az\/article\/nermin-isinde-aparici-zaur-baxseliyevin-dindirilmesi-istenilir\/#breadcrumb"},"inLanguage":"az","potentialAction":[{"@type":"ReadAction","target":["https:\/\/www.meydan.tv\/az\/article\/nermin-isinde-aparici-zaur-baxseliyevin-dindirilmesi-istenilir\/"]}]},{"@type":"ImageObject","inLanguage":"az","@id":"https:\/\/www.meydan.tv\/az\/article\/nermin-isinde-aparici-zaur-baxseliyevin-dindirilmesi-istenilir\/#primaryimage","url":"https:\/\/www.meydan.tv\/wp-content\/uploads\/photo-2022-04-11-16-04-01-e1685950918665.jpg","contentUrl":"https:\/\/www.meydan.tv\/wp-content\/uploads\/photo-2022-04-11-16-04-01-e1685950918665.jpg","width":1200,"height":450,"caption":"\u0130lkin S\u00fcleymanov. Foto: Meydan TV"},{"@type":"BreadcrumbList","@id":"https:\/\/www.meydan.tv\/az\/article\/nermin-isinde-aparici-zaur-baxseliyevin-dindirilmesi-istenilir\/#breadcrumb","itemListElement":[{"@type":"ListItem","position":1,"name":"Ana s\u0259hif\u0259","item":"https:\/\/www.meydan.tv\/az\/"},{"@type":"ListItem","position":2,"name":"B\u00f6lg\u0259","item":"https:\/\/www.meydan.tv\/az\/section\/bolge\/"},{"@type":"ListItem","position":3,"name":"\u201cN\u0259rmin i\u015fi\u201dnd\u0259 apar\u0131c\u0131 Zaur Bax\u015f\u0259liyevin dindirilm\u0259si ist\u0259nilir"}]},{"@type":"WebSite","@id":"https:\/\/www.meydan.tv\/az\/#website","url":"https:\/\/www.meydan.tv\/az\/","name":"MEYDAN.TV","description":"Meydan TV Az\u0259rbaycan\u0131n media m\u0259kan\u0131ndak\u0131 alternativ s\u0259sidir","publisher":{"@id":"https:\/\/www.meydan.tv\/az\/#organization"},"potentialAction":[{"@type":"SearchAction","target":{"@type":"EntryPoint","urlTemplate":"https:\/\/www.meydan.tv\/az\/?s={search_term_string}"},"query-input":{"@type":"PropertyValueSpecification","valueRequired":true,"valueName":"search_term_string"}}],"inLanguage":"az"},{"@type":"Organization","@id":"https:\/\/www.meydan.tv\/az\/#organization","name":"Meydan TV","url":"https:\/\/www.meydan.tv\/az\/","logo":{"@type":"ImageObject","inLanguage":"az","@id":"https:\/\/www.meydan.tv\/az\/#\/schema\/logo\/image\/","url":"https:\/\/www.meydan.tv\/wp-content\/uploads\/2021\/07\/meydan-logo.svg","contentUrl":"https:\/\/www.meydan.tv\/wp-content\/uploads\/2021\/07\/meydan-logo.svg","width":195,"height":46,"caption":"Meydan TV"},"image":{"@id":"https:\/\/www.meydan.tv\/az\/#\/schema\/logo\/image\/"}},{"@type":"Person","@id":"https:\/\/www.meydan.tv\/az\/#\/schema\/person\/9cdbecf90d17180ce1dfbd95b08dcf47","name":"elli","sameAs":["https:\/\/x.com\/elli"]}]}},"_links":{"self":[{"href":"https:\/\/www.meydan.tv\/az\/wp-json\/wp\/v2\/posts\/262196","targetHints":{"allow":["GET"]}}],"collection":[{"href":"https:\/\/www.meydan.tv\/az\/wp-json\/wp\/v2\/posts"}],"about":[{"href":"https:\/\/www.meydan.tv\/az\/wp-json\/wp\/v2\/types\/post"}],"author":[{"embeddable":true,"href":"https:\/\/www.meydan.tv\/az\/wp-json\/wp\/v2\/users\/8"}],"replies":[{"embeddable":true,"href":"https:\/\/www.meydan.tv\/az\/wp-json\/wp\/v2\/comments?post=262196"}],"version-history":[{"count":1,"href":"https:\/\/www.meydan.tv\/az\/wp-json\/wp\/v2\/posts\/262196\/revisions"}],"predecessor-version":[{"id":262200,"href":"https:\/\/www.meydan.tv\/az\/wp-json\/wp\/v2\/posts\/262196\/revisions\/262200"}],"wp:featuredmedia":[{"embeddable":true,"href":"https:\/\/www.meydan.tv\/az\/wp-json\/wp\/v2\/media\/241424"}],"wp:attachment":[{"href":"https:\/\/www.meydan.tv\/az\/wp-json\/wp\/v2\/media?parent=262196"}],"wp:term":[{"taxonomy":"category","embeddable":true,"href":"https:\/\/www.meydan.tv\/az\/wp-json\/wp\/v2\/categories?post=262196"},{"taxonomy":"post_tag","embeddable":true,"href":"https:\/\/www.meydan.tv\/az\/wp-json\/wp\/v2\/tags?post=262196"}],"curies":[{"name":"wp","href":"https:\/\/api.w.org\/{rel}","templated":true}]}}