{"id":262186,"date":"2022-11-30T15:42:46","date_gmt":"2022-11-30T11:42:46","guid":{"rendered":"https:\/\/www.meydan.tv\/?p=262186"},"modified":"2022-11-30T15:42:49","modified_gmt":"2022-11-30T11:42:49","slug":"iranli-repciye-etirazlara-destek-verdiyi-ucun-olum-hokmu-verile-biler","status":"publish","type":"post","link":"https:\/\/www.meydan.tv\/az\/article\/iranli-repciye-etirazlara-destek-verdiyi-ucun-olum-hokmu-verile-biler\/","title":{"rendered":"\u0130ranl\u0131 rep\u00e7iy\u0259 etirazlar\u0131 d\u0259st\u0259kl\u0259diyi \u00fc\u00e7\u00fcn \u00f6l\u00fcm h\u00f6km\u00fc veril\u0259 bil\u0259r"},"content":{"rendered":"\n<p>Salehinin \u201cAllaha qar\u015f\u0131 m\u00fcharib\u0259\u201d v\u0259 \u201ckorrupsiyada\u201d ittiham olundu\u011fu deyilir<\/p>\n\n\n\n<p>\u0130randak\u0131 etirazlara d\u0259st\u0259k verdiyi \u00fc\u00e7\u00fcn oktyabr\u0131n 30-da saxlan\u0131lan 32 ya\u015fl\u0131 rep\u00e7i Tumac Salehiy\u0259 \u00f6l\u00fcm h\u00f6km\u00fc oxuna bil\u0259c\u0259yi <a href=\"https:\/\/www.cbc.ca\/news\/world\/toomaj-iran-rapper-family-concern-1.6663405\">deyilir<\/a>.<\/p>\n\n\n\n<p>Musiqi\u00e7inin yax\u0131nlar\u0131 bildiribl\u0259r ki, m\u0259hk\u0259m\u0259 Tumac\u0131 \u201cAllaha qar\u015f\u0131 m\u00fcharib\u0259\u201d v\u0259 \u201ckorrupsiyada\u201d ittiham edib.<\/p>\n\n\n\n<p>Bildirilir ki, \u0130randa bu ittihamlar\u0131n ir\u0259li s\u00fcr\u00fcld\u00fcy\u00fc \u015f\u0259xsl\u0259r sonradan \u00f6l\u00fcm v\u0259 edamla c\u0259zaland\u0131r\u0131l\u0131r.<\/p>\n\n\n\n<p>Rep\u00e7iy\u0259 \u00f6z\u00fcn\u00fc m\u00fcdafi\u0259 etm\u0259k \u00fc\u00e7\u00fcn \u015f\u0259xsi v\u0259kil tutmaq da qada\u011fan edilib.<\/p>\n\n\n\n<p>Daha \u00f6nc\u0259 \u0130sfahan\u0131n prokuroru Seyid M\u0259h\u0259mm\u0259d Musavijan demi\u015fdi ki, rep\u00e7ini \u0130sfahan vilay\u0259tind\u0259 v\u0259 \u015eahin\u015f\u0259hr \u015f\u0259h\u0259rind\u0259 xaosun yaranmas\u0131nda, son i\u011fti\u015fa\u015flar\u0131n alovlanmas\u0131nda \u0259sas <a href=\"https:\/\/www.radiofarda.com\/a\/32107464.html\">rol oynay\u0131b.<\/a><\/p>\n\n\n\n<p>Rep\u00e7i \u00f6lk\u0259d\u0259 h\u00f6kum\u0259t\u0259 qar\u015f\u0131 etirazlara d\u0259st\u0259k ver\u0259n azsayl\u0131 ifa\u00e7\u0131lardan oldu\u011fu deyilir.<\/p>\n\n\n\n<p>O, \u00f6t\u0259n il bir ne\u00e7\u0259 etiraz mahn\u0131s\u0131 buraxandan sonra h\u0259bs olunub. Ancaq t\u0259r\u0259fdarlar\u0131n\u0131n, insan haqlar\u0131 qruplar\u0131n\u0131n irimiqyasl\u0131 q\u0131na\u011f\u0131ndan sonra azadl\u0131\u011fa burax\u0131l\u0131b.<\/p>\n\n\n\n<p>\u0130randa 22 ya\u015fl\u0131 M\u0259hsa \u018fmininin \u00f6l\u00fcm\u00fcnd\u0259n sonra ba\u015flanan etirazlara d\u0259st\u0259k ver\u0259n \u00f6lk\u0259nin b\u0259zi ictimai xadiml\u0259ri, o c\u00fcml\u0259d\u0259n musiqi\u00e7il\u0259r, kinematoqraf\u00e7\u0131lar v\u0259 idman\u00e7\u0131lar art\u0131q h\u00f6kum\u0259tin reaksiyas\u0131ndan \u0259ziyy\u0259t \u00e7\u0259kirl\u0259r.<\/p>\n\n\n\n<p>M\u00fc\u011f\u0259nni \u015eervin Hac\u0131pur etirazlar\u0131 d\u0259st\u0259kl\u0259y\u0259n \u201cBaraye\u201d mahn\u0131s\u0131 internetd\u0259 yay\u0131ld\u0131qdan sonra h\u0259bs edilib, daha sonra zamin\u0259 burax\u0131l\u0131b.<\/p>\n\n\n\n<p>\u0130ranl\u0131 aktyor H\u0259mid F\u0259rroxnejad oktyabr\u0131n 9-da \u201c\u0130nstagram\u201d s\u0259hif\u0259sind\u0259 uzun saatlar sor\u011fu-sual edildiyini v\u0259 \u00f6lk\u0259d\u0259n \u00e7\u0131x\u0131\u015f\u0131na qada\u011fa qoyuldu\u011funu yaz\u0131b.<\/p>\n\n\n\n<p>Eyni tarixd\u0259 m\u00fc\u011f\u0259nni Homayun \u015eacarian v\u0259 h\u0259yat yolda\u015f\u0131, aktrisa Sahar Dolat\u015fahinin Avstraliyadak\u0131 konsertind\u0259n qay\u0131td\u0131qdan sonra pasportlar\u0131 m\u00fcsadir\u0259 edilib.<\/p>\n\n\n\n<p>\u0130ran millisinin bombardiri \u018fli Daeinin \u00f6lk\u0259d\u0259n \u00e7\u0131x\u0131\u015f\u0131na qada\u011fa qoyulub. \u0130stanbuldan qay\u0131dan Daeinin pasportu al\u0131n\u0131b.<\/p>\n\n\n\n<p>Futbol \u00fczr\u0259 milli komandan\u0131n \u00fczv\u00fc Vurya Qafurini h\u0259bs edib.<\/p>\n\n\n\n<p>Ke\u00e7mi\u015f futbol\u00e7ular Hosseyn Mahini v\u0259 Hamidreza Aliasqari k\u00fctl\u0259vi etirazalara t\u0259\u015fviq etm\u0259kl\u0259ri iddias\u0131 il\u0259 h\u0259bs edilibl\u0259r. Sonradan azadl\u0131\u011fa burax\u0131l\u0131blar.<\/p>\n\n\n\n<p>Etirazlarla \u0259laq\u0259dar payla\u015f\u0131m ed\u0259n \u0130ran rejissoru Mani Haqiqi Londona u\u00e7maq ist\u0259y\u0259rk\u0259n \u00f6lk\u0259d\u0259n \u00e7\u0131x\u0131\u015f\u0131na qada\u011fa qoyulub v\u0259 pasportu \u0259lind\u0259n al\u0131n\u0131b.<\/p>\n\n\n\n<p>Etirazlara d\u0259st\u0259k ver\u0259n iki iranl\u0131 aktrisa hicablar\u0131n\u0131 a\u00e7\u0131q \u015f\u0259kild\u0259 \u00e7\u0131xard\u0131qdan sonra <a href=\"https:\/\/d9mc3ts4czbpr.cloudfront.net\/az\/article\/iranda-iki-aktrisa-hebs-edilib\/\">h\u0259bs edilib<\/a>.<\/p>\n\n\n\n<p>2022-ci il sentyabr\u0131n 13-d\u0259 \u0130randa \u0259xlaq polisinin hicab qaydalar\u0131n\u0131 pozma ittiham\u0131 il\u0259 tutdu\u011fu M\u0259hsa Amini \u00fc\u00e7 g\u00fcn sonra x\u0259st\u0259xanada v\u0259fat edib.<\/p>\n\n\n\n<p>\u0130ran hakimiyy\u0259ti t\u0259kzib ets\u0259 d\u0259, \u00e7oxu g\u0259nc qad\u0131n\u0131n fiziki zorak\u0131l\u0131\u011f\u0131n qurban\u0131 oldu\u011funa inan\u0131r.<\/p>\n","protected":false},"excerpt":{"rendered":"<p>Salehinin \u201cAllaha qar\u015f\u0131 m\u00fcharib\u0259\u201d v\u0259 \u201ckorrupsiyada\u201d ittiham olundu\u011fu deyilir \u0130randak\u0131 &#8230; <\/p>\n<p class=\"read-more-container\"><a title=\"\u0130ranl\u0131 rep\u00e7iy\u0259 etirazlar\u0131 d\u0259st\u0259kl\u0259diyi \u00fc\u00e7\u00fcn \u00f6l\u00fcm h\u00f6km\u00fc veril\u0259 bil\u0259r\" class=\"read-more button\" href=\"https:\/\/www.meydan.tv\/az\/article\/iranli-repciye-etirazlara-destek-verdiyi-ucun-olum-hokmu-verile-biler\/#more-262186\" aria-label=\"Read more about \u0130ranl\u0131 rep\u00e7iy\u0259 etirazlar\u0131 d\u0259st\u0259kl\u0259diyi \u00fc\u00e7\u00fcn \u00f6l\u00fcm h\u00f6km\u00fc veril\u0259 bil\u0259r\">Davam\u0131<\/a><\/p>\n","protected":false},"author":18,"featured_media":262188,"comment_status":"closed","ping_status":"closed","sticky":false,"template":"","format":"standard","meta":{"_acf_changed":false,"_sitemap_exclude":false,"_sitemap_priority":"","_sitemap_frequency":"","footnotes":""},"categories":[52,7,56],"tags":[],"class_list":["post-262186","post","type-post","status-publish","format-standard","has-post-thumbnail","hentry","category-medeniyyet","category-uncategorized-az","category-xeberler","infinite-scroll-item","generate-columns","tablet-grid-50","mobile-grid-100","grid-parent","grid-33","no-featured-image-padding"],"acf":[],"yoast_head":"<!-- This site is optimized with the Yoast SEO plugin v27.4 - https:\/\/yoast.com\/product\/yoast-seo-wordpress\/ -->\n<title>\u0130ranl\u0131 rep\u00e7iy\u0259 etirazlar\u0131 d\u0259st\u0259kl\u0259diyi \u00fc\u00e7\u00fcn \u00f6l\u00fcm h\u00f6km\u00fc veril\u0259 bil\u0259r - MEYDAN.TV<\/title>\n<meta name=\"robots\" content=\"index, follow, max-snippet:-1, max-image-preview:large, max-video-preview:-1\" \/>\n<link rel=\"canonical\" href=\"https:\/\/www.meydan.tv\/az\/article\/iranli-repciye-etirazlara-destek-verdiyi-ucun-olum-hokmu-verile-biler\/\" \/>\n<meta property=\"og:locale\" content=\"az_AZ\" \/>\n<meta property=\"og:type\" content=\"article\" \/>\n<meta property=\"og:title\" content=\"\u0130ranl\u0131 rep\u00e7iy\u0259 etirazlar\u0131 d\u0259st\u0259kl\u0259diyi \u00fc\u00e7\u00fcn \u00f6l\u00fcm h\u00f6km\u00fc veril\u0259 bil\u0259r - MEYDAN.TV\" \/>\n<meta property=\"og:description\" content=\"Salehinin \u201cAllaha qar\u015f\u0131 m\u00fcharib\u0259\u201d v\u0259 \u201ckorrupsiyada\u201d ittiham olundu\u011fu deyilir \u0130randak\u0131 ... Davam\u0131\" \/>\n<meta property=\"og:url\" content=\"https:\/\/www.meydan.tv\/az\/article\/iranli-repciye-etirazlara-destek-verdiyi-ucun-olum-hokmu-verile-biler\/\" \/>\n<meta property=\"og:site_name\" content=\"MEYDAN.TV\" \/>\n<meta property=\"article:published_time\" content=\"2022-11-30T11:42:46+00:00\" \/>\n<meta property=\"article:modified_time\" content=\"2022-11-30T11:42:49+00:00\" \/>\n<meta property=\"og:image\" content=\"https:\/\/www.meydan.tv\/wp-content\/uploads\/1280x720-e1669808557621.jpg\" \/>\n\t<meta property=\"og:image:width\" content=\"1280\" \/>\n\t<meta property=\"og:image:height\" content=\"460\" \/>\n\t<meta property=\"og:image:type\" content=\"image\/jpeg\" \/>\n<meta name=\"author\" content=\"miron\" \/>\n<meta name=\"twitter:card\" content=\"summary_large_image\" \/>\n<script type=\"application\/ld+json\" class=\"yoast-schema-graph\">{\"@context\":\"https:\\\/\\\/schema.org\",\"@graph\":[{\"@type\":\"Article\",\"@id\":\"https:\\\/\\\/www.meydan.tv\\\/az\\\/article\\\/iranli-repciye-etirazlara-destek-verdiyi-ucun-olum-hokmu-verile-biler\\\/#article\",\"isPartOf\":{\"@id\":\"https:\\\/\\\/www.meydan.tv\\\/az\\\/article\\\/iranli-repciye-etirazlara-destek-verdiyi-ucun-olum-hokmu-verile-biler\\\/\"},\"author\":{\"name\":\"miron\",\"@id\":\"https:\\\/\\\/www.meydan.tv\\\/az\\\/#\\\/schema\\\/person\\\/981b0b284aeaa9ad0cbf814cd4a9d67c\"},\"headline\":\"\u0130ranl\u0131 rep\u00e7iy\u0259 etirazlar\u0131 d\u0259st\u0259kl\u0259diyi \u00fc\u00e7\u00fcn \u00f6l\u00fcm h\u00f6km\u00fc veril\u0259 bil\u0259r\",\"datePublished\":\"2022-11-30T11:42:46+00:00\",\"dateModified\":\"2022-11-30T11:42:49+00:00\",\"mainEntityOfPage\":{\"@id\":\"https:\\\/\\\/www.meydan.tv\\\/az\\\/article\\\/iranli-repciye-etirazlara-destek-verdiyi-ucun-olum-hokmu-verile-biler\\\/\"},\"wordCount\":506,\"publisher\":{\"@id\":\"https:\\\/\\\/www.meydan.tv\\\/az\\\/#organization\"},\"image\":{\"@id\":\"https:\\\/\\\/www.meydan.tv\\\/az\\\/article\\\/iranli-repciye-etirazlara-destek-verdiyi-ucun-olum-hokmu-verile-biler\\\/#primaryimage\"},\"thumbnailUrl\":\"https:\\\/\\\/www.meydan.tv\\\/wp-content\\\/uploads\\\/1280x720-e1669808557621.jpg\",\"articleSection\":[\"M\u0259d\u0259niyy\u0259t\",\"Uncategorized @az\",\"X\u0259b\u0259rl\u0259r\"],\"inLanguage\":\"az\"},{\"@type\":\"WebPage\",\"@id\":\"https:\\\/\\\/www.meydan.tv\\\/az\\\/article\\\/iranli-repciye-etirazlara-destek-verdiyi-ucun-olum-hokmu-verile-biler\\\/\",\"url\":\"https:\\\/\\\/www.meydan.tv\\\/az\\\/article\\\/iranli-repciye-etirazlara-destek-verdiyi-ucun-olum-hokmu-verile-biler\\\/\",\"name\":\"\u0130ranl\u0131 rep\u00e7iy\u0259 etirazlar\u0131 d\u0259st\u0259kl\u0259diyi \u00fc\u00e7\u00fcn \u00f6l\u00fcm h\u00f6km\u00fc veril\u0259 bil\u0259r - MEYDAN.TV\",\"isPartOf\":{\"@id\":\"https:\\\/\\\/www.meydan.tv\\\/az\\\/#website\"},\"primaryImageOfPage\":{\"@id\":\"https:\\\/\\\/www.meydan.tv\\\/az\\\/article\\\/iranli-repciye-etirazlara-destek-verdiyi-ucun-olum-hokmu-verile-biler\\\/#primaryimage\"},\"image\":{\"@id\":\"https:\\\/\\\/www.meydan.tv\\\/az\\\/article\\\/iranli-repciye-etirazlara-destek-verdiyi-ucun-olum-hokmu-verile-biler\\\/#primaryimage\"},\"thumbnailUrl\":\"https:\\\/\\\/www.meydan.tv\\\/wp-content\\\/uploads\\\/1280x720-e1669808557621.jpg\",\"datePublished\":\"2022-11-30T11:42:46+00:00\",\"dateModified\":\"2022-11-30T11:42:49+00:00\",\"breadcrumb\":{\"@id\":\"https:\\\/\\\/www.meydan.tv\\\/az\\\/article\\\/iranli-repciye-etirazlara-destek-verdiyi-ucun-olum-hokmu-verile-biler\\\/#breadcrumb\"},\"inLanguage\":\"az\",\"potentialAction\":[{\"@type\":\"ReadAction\",\"target\":[\"https:\\\/\\\/www.meydan.tv\\\/az\\\/article\\\/iranli-repciye-etirazlara-destek-verdiyi-ucun-olum-hokmu-verile-biler\\\/\"]}]},{\"@type\":\"ImageObject\",\"inLanguage\":\"az\",\"@id\":\"https:\\\/\\\/www.meydan.tv\\\/az\\\/article\\\/iranli-repciye-etirazlara-destek-verdiyi-ucun-olum-hokmu-verile-biler\\\/#primaryimage\",\"url\":\"https:\\\/\\\/www.meydan.tv\\\/wp-content\\\/uploads\\\/1280x720-e1669808557621.jpg\",\"contentUrl\":\"https:\\\/\\\/www.meydan.tv\\\/wp-content\\\/uploads\\\/1280x720-e1669808557621.jpg\",\"width\":1280,\"height\":460,\"caption\":\"M\u0259nb\u0259: Screenshot \\\"Youtube\\\"\"},{\"@type\":\"BreadcrumbList\",\"@id\":\"https:\\\/\\\/www.meydan.tv\\\/az\\\/article\\\/iranli-repciye-etirazlara-destek-verdiyi-ucun-olum-hokmu-verile-biler\\\/#breadcrumb\",\"itemListElement\":[{\"@type\":\"ListItem\",\"position\":1,\"name\":\"Ana s\u0259hif\u0259\",\"item\":\"https:\\\/\\\/www.meydan.tv\\\/az\\\/\"},{\"@type\":\"ListItem\",\"position\":2,\"name\":\"Uncategorized @az\",\"item\":\"https:\\\/\\\/www.meydan.tv\\\/az\\\/section\\\/uncategorized-az\\\/\"},{\"@type\":\"ListItem\",\"position\":3,\"name\":\"\u0130ranl\u0131 rep\u00e7iy\u0259 etirazlar\u0131 d\u0259st\u0259kl\u0259diyi \u00fc\u00e7\u00fcn \u00f6l\u00fcm h\u00f6km\u00fc veril\u0259 bil\u0259r\"}]},{\"@type\":\"WebSite\",\"@id\":\"https:\\\/\\\/www.meydan.tv\\\/az\\\/#website\",\"url\":\"https:\\\/\\\/www.meydan.tv\\\/az\\\/\",\"name\":\"MEYDAN.TV\",\"description\":\"Meydan TV Az\u0259rbaycan\u0131n media m\u0259kan\u0131ndak\u0131 alternativ s\u0259sidir\",\"publisher\":{\"@id\":\"https:\\\/\\\/www.meydan.tv\\\/az\\\/#organization\"},\"potentialAction\":[{\"@type\":\"SearchAction\",\"target\":{\"@type\":\"EntryPoint\",\"urlTemplate\":\"https:\\\/\\\/www.meydan.tv\\\/az\\\/?s={search_term_string}\"},\"query-input\":{\"@type\":\"PropertyValueSpecification\",\"valueRequired\":true,\"valueName\":\"search_term_string\"}}],\"inLanguage\":\"az\"},{\"@type\":\"Organization\",\"@id\":\"https:\\\/\\\/www.meydan.tv\\\/az\\\/#organization\",\"name\":\"Meydan TV\",\"url\":\"https:\\\/\\\/www.meydan.tv\\\/az\\\/\",\"logo\":{\"@type\":\"ImageObject\",\"inLanguage\":\"az\",\"@id\":\"https:\\\/\\\/www.meydan.tv\\\/az\\\/#\\\/schema\\\/logo\\\/image\\\/\",\"url\":\"https:\\\/\\\/www.meydan.tv\\\/wp-content\\\/uploads\\\/2021\\\/07\\\/meydan-logo.svg\",\"contentUrl\":\"https:\\\/\\\/www.meydan.tv\\\/wp-content\\\/uploads\\\/2021\\\/07\\\/meydan-logo.svg\",\"width\":195,\"height\":46,\"caption\":\"Meydan TV\"},\"image\":{\"@id\":\"https:\\\/\\\/www.meydan.tv\\\/az\\\/#\\\/schema\\\/logo\\\/image\\\/\"}},{\"@type\":\"Person\",\"@id\":\"https:\\\/\\\/www.meydan.tv\\\/az\\\/#\\\/schema\\\/person\\\/981b0b284aeaa9ad0cbf814cd4a9d67c\",\"name\":\"miron\"}]}<\/script>\n<!-- \/ Yoast SEO plugin. -->","yoast_head_json":{"title":"\u0130ranl\u0131 rep\u00e7iy\u0259 etirazlar\u0131 d\u0259st\u0259kl\u0259diyi \u00fc\u00e7\u00fcn \u00f6l\u00fcm h\u00f6km\u00fc veril\u0259 bil\u0259r - MEYDAN.TV","robots":{"index":"index","follow":"follow","max-snippet":"max-snippet:-1","max-image-preview":"max-image-preview:large","max-video-preview":"max-video-preview:-1"},"canonical":"https:\/\/www.meydan.tv\/az\/article\/iranli-repciye-etirazlara-destek-verdiyi-ucun-olum-hokmu-verile-biler\/","og_locale":"az_AZ","og_type":"article","og_title":"\u0130ranl\u0131 rep\u00e7iy\u0259 etirazlar\u0131 d\u0259st\u0259kl\u0259diyi \u00fc\u00e7\u00fcn \u00f6l\u00fcm h\u00f6km\u00fc veril\u0259 bil\u0259r - MEYDAN.TV","og_description":"Salehinin \u201cAllaha qar\u015f\u0131 m\u00fcharib\u0259\u201d v\u0259 \u201ckorrupsiyada\u201d ittiham olundu\u011fu deyilir \u0130randak\u0131 ... Davam\u0131","og_url":"https:\/\/www.meydan.tv\/az\/article\/iranli-repciye-etirazlara-destek-verdiyi-ucun-olum-hokmu-verile-biler\/","og_site_name":"MEYDAN.TV","article_published_time":"2022-11-30T11:42:46+00:00","article_modified_time":"2022-11-30T11:42:49+00:00","og_image":[{"width":1280,"height":460,"url":"https:\/\/www.meydan.tv\/wp-content\/uploads\/1280x720-e1669808557621.jpg","type":"image\/jpeg"}],"author":"miron","twitter_card":"summary_large_image","schema":{"@context":"https:\/\/schema.org","@graph":[{"@type":"Article","@id":"https:\/\/www.meydan.tv\/az\/article\/iranli-repciye-etirazlara-destek-verdiyi-ucun-olum-hokmu-verile-biler\/#article","isPartOf":{"@id":"https:\/\/www.meydan.tv\/az\/article\/iranli-repciye-etirazlara-destek-verdiyi-ucun-olum-hokmu-verile-biler\/"},"author":{"name":"miron","@id":"https:\/\/www.meydan.tv\/az\/#\/schema\/person\/981b0b284aeaa9ad0cbf814cd4a9d67c"},"headline":"\u0130ranl\u0131 rep\u00e7iy\u0259 etirazlar\u0131 d\u0259st\u0259kl\u0259diyi \u00fc\u00e7\u00fcn \u00f6l\u00fcm h\u00f6km\u00fc veril\u0259 bil\u0259r","datePublished":"2022-11-30T11:42:46+00:00","dateModified":"2022-11-30T11:42:49+00:00","mainEntityOfPage":{"@id":"https:\/\/www.meydan.tv\/az\/article\/iranli-repciye-etirazlara-destek-verdiyi-ucun-olum-hokmu-verile-biler\/"},"wordCount":506,"publisher":{"@id":"https:\/\/www.meydan.tv\/az\/#organization"},"image":{"@id":"https:\/\/www.meydan.tv\/az\/article\/iranli-repciye-etirazlara-destek-verdiyi-ucun-olum-hokmu-verile-biler\/#primaryimage"},"thumbnailUrl":"https:\/\/www.meydan.tv\/wp-content\/uploads\/1280x720-e1669808557621.jpg","articleSection":["M\u0259d\u0259niyy\u0259t","Uncategorized @az","X\u0259b\u0259rl\u0259r"],"inLanguage":"az"},{"@type":"WebPage","@id":"https:\/\/www.meydan.tv\/az\/article\/iranli-repciye-etirazlara-destek-verdiyi-ucun-olum-hokmu-verile-biler\/","url":"https:\/\/www.meydan.tv\/az\/article\/iranli-repciye-etirazlara-destek-verdiyi-ucun-olum-hokmu-verile-biler\/","name":"\u0130ranl\u0131 rep\u00e7iy\u0259 etirazlar\u0131 d\u0259st\u0259kl\u0259diyi \u00fc\u00e7\u00fcn \u00f6l\u00fcm h\u00f6km\u00fc veril\u0259 bil\u0259r - MEYDAN.TV","isPartOf":{"@id":"https:\/\/www.meydan.tv\/az\/#website"},"primaryImageOfPage":{"@id":"https:\/\/www.meydan.tv\/az\/article\/iranli-repciye-etirazlara-destek-verdiyi-ucun-olum-hokmu-verile-biler\/#primaryimage"},"image":{"@id":"https:\/\/www.meydan.tv\/az\/article\/iranli-repciye-etirazlara-destek-verdiyi-ucun-olum-hokmu-verile-biler\/#primaryimage"},"thumbnailUrl":"https:\/\/www.meydan.tv\/wp-content\/uploads\/1280x720-e1669808557621.jpg","datePublished":"2022-11-30T11:42:46+00:00","dateModified":"2022-11-30T11:42:49+00:00","breadcrumb":{"@id":"https:\/\/www.meydan.tv\/az\/article\/iranli-repciye-etirazlara-destek-verdiyi-ucun-olum-hokmu-verile-biler\/#breadcrumb"},"inLanguage":"az","potentialAction":[{"@type":"ReadAction","target":["https:\/\/www.meydan.tv\/az\/article\/iranli-repciye-etirazlara-destek-verdiyi-ucun-olum-hokmu-verile-biler\/"]}]},{"@type":"ImageObject","inLanguage":"az","@id":"https:\/\/www.meydan.tv\/az\/article\/iranli-repciye-etirazlara-destek-verdiyi-ucun-olum-hokmu-verile-biler\/#primaryimage","url":"https:\/\/www.meydan.tv\/wp-content\/uploads\/1280x720-e1669808557621.jpg","contentUrl":"https:\/\/www.meydan.tv\/wp-content\/uploads\/1280x720-e1669808557621.jpg","width":1280,"height":460,"caption":"M\u0259nb\u0259: Screenshot \"Youtube\""},{"@type":"BreadcrumbList","@id":"https:\/\/www.meydan.tv\/az\/article\/iranli-repciye-etirazlara-destek-verdiyi-ucun-olum-hokmu-verile-biler\/#breadcrumb","itemListElement":[{"@type":"ListItem","position":1,"name":"Ana s\u0259hif\u0259","item":"https:\/\/www.meydan.tv\/az\/"},{"@type":"ListItem","position":2,"name":"Uncategorized @az","item":"https:\/\/www.meydan.tv\/az\/section\/uncategorized-az\/"},{"@type":"ListItem","position":3,"name":"\u0130ranl\u0131 rep\u00e7iy\u0259 etirazlar\u0131 d\u0259st\u0259kl\u0259diyi \u00fc\u00e7\u00fcn \u00f6l\u00fcm h\u00f6km\u00fc veril\u0259 bil\u0259r"}]},{"@type":"WebSite","@id":"https:\/\/www.meydan.tv\/az\/#website","url":"https:\/\/www.meydan.tv\/az\/","name":"MEYDAN.TV","description":"Meydan TV Az\u0259rbaycan\u0131n media m\u0259kan\u0131ndak\u0131 alternativ s\u0259sidir","publisher":{"@id":"https:\/\/www.meydan.tv\/az\/#organization"},"potentialAction":[{"@type":"SearchAction","target":{"@type":"EntryPoint","urlTemplate":"https:\/\/www.meydan.tv\/az\/?s={search_term_string}"},"query-input":{"@type":"PropertyValueSpecification","valueRequired":true,"valueName":"search_term_string"}}],"inLanguage":"az"},{"@type":"Organization","@id":"https:\/\/www.meydan.tv\/az\/#organization","name":"Meydan TV","url":"https:\/\/www.meydan.tv\/az\/","logo":{"@type":"ImageObject","inLanguage":"az","@id":"https:\/\/www.meydan.tv\/az\/#\/schema\/logo\/image\/","url":"https:\/\/www.meydan.tv\/wp-content\/uploads\/2021\/07\/meydan-logo.svg","contentUrl":"https:\/\/www.meydan.tv\/wp-content\/uploads\/2021\/07\/meydan-logo.svg","width":195,"height":46,"caption":"Meydan TV"},"image":{"@id":"https:\/\/www.meydan.tv\/az\/#\/schema\/logo\/image\/"}},{"@type":"Person","@id":"https:\/\/www.meydan.tv\/az\/#\/schema\/person\/981b0b284aeaa9ad0cbf814cd4a9d67c","name":"miron"}]}},"_links":{"self":[{"href":"https:\/\/www.meydan.tv\/az\/wp-json\/wp\/v2\/posts\/262186","targetHints":{"allow":["GET"]}}],"collection":[{"href":"https:\/\/www.meydan.tv\/az\/wp-json\/wp\/v2\/posts"}],"about":[{"href":"https:\/\/www.meydan.tv\/az\/wp-json\/wp\/v2\/types\/post"}],"author":[{"embeddable":true,"href":"https:\/\/www.meydan.tv\/az\/wp-json\/wp\/v2\/users\/18"}],"replies":[{"embeddable":true,"href":"https:\/\/www.meydan.tv\/az\/wp-json\/wp\/v2\/comments?post=262186"}],"version-history":[{"count":2,"href":"https:\/\/www.meydan.tv\/az\/wp-json\/wp\/v2\/posts\/262186\/revisions"}],"predecessor-version":[{"id":262193,"href":"https:\/\/www.meydan.tv\/az\/wp-json\/wp\/v2\/posts\/262186\/revisions\/262193"}],"wp:featuredmedia":[{"embeddable":true,"href":"https:\/\/www.meydan.tv\/az\/wp-json\/wp\/v2\/media\/262188"}],"wp:attachment":[{"href":"https:\/\/www.meydan.tv\/az\/wp-json\/wp\/v2\/media?parent=262186"}],"wp:term":[{"taxonomy":"category","embeddable":true,"href":"https:\/\/www.meydan.tv\/az\/wp-json\/wp\/v2\/categories?post=262186"},{"taxonomy":"post_tag","embeddable":true,"href":"https:\/\/www.meydan.tv\/az\/wp-json\/wp\/v2\/tags?post=262186"}],"curies":[{"name":"wp","href":"https:\/\/api.w.org\/{rel}","templated":true}]}}