{"id":262167,"date":"2022-11-30T14:56:24","date_gmt":"2022-11-30T10:56:24","guid":{"rendered":"https:\/\/www.meydan.tv\/?p=262167"},"modified":"2022-11-30T16:53:27","modified_gmt":"2022-11-30T12:53:27","slug":"semkir-sakini-vilayet-eyvazov-isi-bele-nezarete-goturub","status":"publish","type":"post","link":"https:\/\/www.meydan.tv\/az\/article\/semkir-sakini-vilayet-eyvazov-isi-bele-nezarete-goturub\/","title":{"rendered":"\u015e\u0259mkir sakini: &#8220;Vilay\u0259t Eyvazov i\u015fi bel\u0259 n\u0259zar\u0259t\u0259 g\u00f6t\u00fcr\u00fcb?!&#8221;"},"content":{"rendered":"\n<p><\/p>\n\n\n\n<p><strong><em>Z\u0259min\u0259 \u018fhm\u0259dova h\u0259yat yolda\u015f\u0131n\u0131n \u00f6l\u00fcm\u00fcyl\u0259 ba\u011fl\u0131 istintaqdan naraz\u0131d\u0131r: &#8220;H\u0259r\u0259 bir na\u011f\u0131l dan\u0131\u015f\u0131r&#8221;<\/em><\/strong><\/p>\n\n\n\n<p>\u015e\u0259mkird\u0259 i\u015f adam\u0131 Arzu Cabbarovun \u00f6l\u00fcm\u00fcnd\u0259n yeddi aya yax\u0131n vaxt ke\u00e7ir. Onun ail\u0259si \u00f6t\u0259n m\u00fcdd\u0259td\u0259 bu hadis\u0259d\u0259 rolu olanlar\u0131n c\u0259zaland\u0131r\u0131lmamas\u0131ndan naraz\u0131d\u0131r. H\u0259yat yolda\u015f\u0131 Z\u0259min\u0259 \u018fhm\u0259dova deyir ki, Arzu Cabbarovun \u00f6l\u00fcm\u00fcyl\u0259 ba\u011fl\u0131 aylar \u00f6nc\u0259 cinay\u0259t i\u015fi ba\u015flansa da, ortada he\u00e7 bir n\u0259tic\u0259 yoxdur.<\/p>\n\n\n\n<p><em><strong>&#8220;\u015eikay\u0259t\u00e7i oldu\u011fum polisl\u0259ri \u0259ksin\u0259, t\u0259ltif el\u0259dil\u0259r\u201d<\/strong><\/em><\/p>\n\n\n\n<p>\u201c\u015eikay\u0259t\u00e7i oldu\u011fum polis \u0259m\u0259kda\u015flar\u0131 h\u0259l\u0259 d\u0259 i\u015fl\u0259rin\u0259 davam edirl\u0259r. Onlar\u0131 c\u0259zaland\u0131rmaq bir yana qals\u0131n, iyulda polisl\u0259r g\u00fcn\u00fcnd\u0259 t\u0259ltif d\u0259 el\u0259mi\u015fdil\u0259r. Deyirdil\u0259r ki, s\u0259r\u0259ncam verilib, onlar h\u00fcquq-m\u00fchafiz\u0259 orqanlar\u0131ndan uzaqla\u015fd\u0131r\u0131l\u0131blar. Biri \u015e\u0259mkir rayonunun K\u00fcr q\u0259s\u0259b\u0259sind\u0259 i\u015fl\u0259yirdi, biri d\u0259 Z\u0259y\u0259m deyil\u0259n t\u0259r\u0259fd\u0259 i\u015fin\u0259 davam el\u0259yirdi&#8230;&#8221;, &#8211; Z\u0259min\u0259 \u018fhm\u0259dova Meydan TV-y\u0259 bel\u0259 deyib.<\/p>\n\n\n\n<p>H\u0259yat yolda\u015f\u0131 Arzu Cabbarova polisl\u0259rin x\u0259sar\u0259t yetirdiyini v\u0259 n\u0259tic\u0259d\u0259 onun x\u0259st\u0259xanada \u00f6ld\u00fcy\u00fcn\u00fc deyir. Daxili \u0130\u015fl\u0259r Nazirliyi is\u0259 bunu t\u0259kzib edir, i\u015f adam\u0131n\u0131n \u00f6z\u00fcn\u0259 x\u0259sar\u0259t yetir\u0259r\u0259k \u00f6ld\u00fcy\u00fc iddia olunur. El\u0259 prokurorluqda cinay\u0259t i\u015fi d\u0259 Cinay\u0259t M\u0259c\u0259ll\u0259sinin 125-ci (\u00f6z\u00fcn\u00fc \u00f6ld\u00fcrm\u0259 h\u0259ddin\u0259 \u00e7atd\u0131rma) madd\u0259sil\u0259 ba\u015flan\u0131b.<\/p>\n\n\n\n<p>Z\u0259min\u0259 \u018fhm\u0259dova deyir ki, \u015e\u0259mkir Rayon Polis \u015e\u00f6b\u0259sinin \u0259m\u0259kda\u015flar\u0131 h\u0259yat yolda\u015f\u0131n\u0131 uzun m\u00fcdd\u0259t t\u0259l\u0259y\u0259 salma\u011fa, bununla da ondan pul qoparma\u011fa \u00e7al\u0131\u015f\u0131rd\u0131. Hadis\u0259 g\u00fcn\u00fc d\u0259 onu rayon sakini Yegan\u0259 Yusifovan\u0131n vasit\u0259sil\u0259 bir ev\u0259 \u00e7a\u011f\u0131r\u0131blar. Onun s\u00f6zl\u0259rin\u0259 g\u00f6r\u0259, sonradan h\u0259min ev\u0259 polis \u0259m\u0259kda\u015flar\u0131 g\u0259lib v\u0259 aralar\u0131nda m\u00fcbahis\u0259 yaran\u0131b. H\u0259min vaxt da h\u0259yat yolda\u015f\u0131na x\u0259sar\u0259t yetirilib.<\/p>\n\n\n\n<p>Yegan\u0259 Yusifova da bir m\u00fcdd\u0259t \u00f6nc\u0259 Meydan TV-y\u0259 <a href=\"https:\/\/www.meydan.tv\/az\/article\/polis-reisinin-muavini-is-adaminin-olumunde-gunahlandirilir\/\" target=\"_blank\" rel=\"noreferrer noopener\">m\u00fcsahib\u0259sind\u0259<\/a>&nbsp;onun dedikl\u0259rini t\u0259sdiql\u0259mi\u015fdi. O, \u00f6z vasit\u0259sil\u0259 Arzu Cabbarovun ora \u00e7a\u011f\u0131r\u0131ld\u0131\u011f\u0131n\u0131, orada olduqlar\u0131 m\u00fcdd\u0259td\u0259 Firuz \u0130brahimov adl\u0131 polis \u0259m\u0259kda\u015f\u0131n\u0131n ev\u0259 daxil oldu\u011funu, Arzu Cabbarovu d\u00f6yd\u00fcy\u00fcn\u00fc, daha sonra \u015f\u00fc\u015f\u0259 par\u00e7as\u0131 il\u0259 ona x\u0259sar\u0259t yetirdiyini dan\u0131\u015fm\u0131\u015fd\u0131.&nbsp;<\/p>\n\n\n\n<p>Arzu Cabbarov h\u0259l\u0259 x\u0259st\u0259xanaya apar\u0131lark\u0259n yolda h\u0259yat yolda\u015f\u0131na s\u0259s yaz\u0131s\u0131 g\u00f6nd\u0259rib. Sahibkar polis \u0259m\u0259kda\u015flar\u0131n\u0131n ona x\u0259sar\u0259t yetirdiyini deyib.<\/p>\n\n\n\n<p><strong><em>\u201cB\u0259d\u0259ni g\u00f6mg\u00f6y idi, nec\u0259 z\u0259rb\u0259l\u0259r al\u0131b\u2026\u201d<\/em><\/strong><\/p>\n\n\n\n<p>Z\u0259min\u0259 \u018fhm\u0259dova deyir ki, aylard\u0131r \u0259dal\u0259tin b\u0259rq\u0259rar olmas\u0131 \u00fc\u00e7\u00fcn m\u00fcbariz\u0259 apar\u0131r. O, xeyli s\u0259s yaz\u0131s\u0131 toplay\u0131b, m\u0259sul \u015f\u0259xsl\u0259rl\u0259 g\u00f6r\u00fc\u015f\u00fcb. Buna baxmayaraq, h\u0259yat yolda\u015f\u0131n\u0131 q\u0259tl\u0259 yetirdiyin\u0259 \u0259min oldu\u011fu \u015f\u0259xsl\u0259rin c\u0259zalanmas\u0131na nail ola bilm\u0259yib.<\/p>\n\n\n\n<p>O, Ombudsmana, prezident\u0259, birinci vitse-prezident\u0259 m\u0259ktublar yaz\u0131b. H\u0259m\u00e7inin Prezident Administrasiyas\u0131n\u0131n h\u00fcquq-m\u00fchafiz\u0259 orqanlar\u0131yla i\u015f \u015f\u00f6b\u0259sinin m\u00fcdiri Fuad \u018fl\u0259sg\u0259rov, daxili&nbsp;i\u015fl\u0259r naziri Vilay\u0259t Eyvazov, Ba\u015f prokuror Kamran \u018fliyevl\u0259 g\u00f6r\u00fc\u015fm\u0259y\u0259 imkan tap\u0131b:<\/p>\n\n\n<div class=\"wp-block-image\">\n<figure class=\"alignleft size-large is-resized\"><img decoding=\"async\" data-src=\"https:\/\/www.meydan.tv\/wp-content\/uploads\/photo-2022-11-29-23-32-11-604x821.jpg\" alt=\"\" class=\"wp-image-262206 lazyload\" width=\"338\" height=\"459\" src=\"data:image\/svg+xml;base64,PHN2ZyB3aWR0aD0iMSIgaGVpZ2h0PSIxIiB4bWxucz0iaHR0cDovL3d3dy53My5vcmcvMjAwMC9zdmciPjwvc3ZnPg==\" style=\"--smush-placeholder-width: 338px; --smush-placeholder-aspect-ratio: 338\/459;\" \/><\/figure>\n<\/div>\n\n\n<p>&#8220;Oktyabr\u0131n \u0259vv\u0259ll\u0259rind\u0259 Fuad \u018fl\u0259sg\u0259rovla 10-15 d\u0259qiq\u0259 s\u00f6hb\u0259timiz oldu. Yan\u0131nda Daxili \u0130\u015fl\u0259r Nazirliyinin \u0259m\u0259kda\u015flar\u0131 da vard\u0131. H\u0259min \u0259m\u0259kda\u015flar k\u0259nardan deyirdil\u0259r ki, &#8220;\u00f6z\u00fcn\u00fc \u00f6ld\u00fcr\u00fcb, \u0259ksin\u0259, polisl\u0259r ona yardm el\u0259yib&#8221;. Dedim, n\u0259 na\u011f\u0131l dan\u0131\u015f\u0131rs\u0131z?! Dedim, ham\u0131ya bel\u0259 \u00e7atd\u0131r\u0131rs\u0131z, nazir\u0259 d\u0259, b\u0259lk\u0259 prezident\u0259 d\u0259&#8230; Polisl\u0259r k\u00f6m\u0259k el\u0259yirdis\u0259, niy\u0259 qolu k\u0259sil\u0259nd\u0259n xeyli sonra x\u0259st\u0259xanaya \u00e7atd\u0131r\u0131blar? Niy\u0259 t\u0259cili yard\u0131ma z\u0259ng vurmay\u0131blar? \u00d6z ma\u015f\u0131n\u0131nda qan\u0131 axa-axa apar\u0131blar. B\u0259d\u0259ni g\u00f6mg\u00f6y idi. Nec\u0259 z\u0259rb\u0259l\u0259r al\u0131b, ba\u015f\u0131 pis g\u00fcnd\u0259&#8230; Qad\u0131n\u0131n ona g\u00fcc\u00fc \u00e7atard\u0131? Utanm\u0131rlar, deyirl\u0259r ki, guya qad\u0131nla \u0259lb\u0259yaxa olub, n\u0259tic\u0259d\u0259 bel\u0259 olub. Fuad \u018fl\u0259sg\u0259rova dedim ki, i\u015f\u0259 obyektiv bax\u0131ls\u0131n, h\u0259r\u0259 bir na\u011f\u0131l dan\u0131\u015f\u0131r, siz d\u0259 inan\u0131rs\u0131z. Kamran \u018fliyevin q\u0259bulunda is\u0259 iyunda olmu\u015fdum. M\u0259hz g\u00f6r\u00fc\u015fd\u0259n sonra istintaq Bak\u0131da getm\u0259y\u0259 ba\u015flad\u0131. \u015e\u0259mkir\u0259 m\u00fcst\u0259ntiq g\u0259ldi ki, ham\u0131dan izahat g\u00f6t\u00fcrs\u00fcn. Burada el\u0259 g\u00f6r\u00fcnt\u00fc yaratd\u0131lar ki, guya Bak\u0131dan g\u0259l\u0259n m\u00fcst\u0259ntiq bunlardan zorla ifad\u0259 al\u0131r. Y\u0259ni i\u015fi obyektiv ara\u015fd\u0131rmaq ist\u0259y\u0259ni d\u0259 \u015f\u0259rl\u0259yirdil\u0259r. Adamlara h\u0259d\u0259-qorxu g\u0259lirdil\u0259r\u201d.<\/p>\n\n\n\n<p><strong><em>\u201cKamera g\u00f6r\u00fcnt\u00fcl\u0259rini silibl\u0259r\u201d<\/em><\/strong><\/p>\n\n\n\n<p>Z\u0259min\u0259 \u018fhm\u0259dovan\u0131n&nbsp;dediyin\u0259 g\u00f6r\u0259, Vilay\u0259t Eyvazovla g\u00f6r\u00fc\u015fd\u0259 \u015e\u0259mkir Rayon Polis \u015e\u00f6b\u0259sinin r\u0259isi d\u0259 orada olub. Nazir cinay\u0259t i\u015find\u0259n x\u0259b\u0259rdar oldu\u011funu deyib:<\/p>\n\n\n\n<p>&#8220;Dedi ki, bilir\u0259m, m\u0259n\u0259 m\u0259lumat veribl\u0259r. Dedim ki, siz\u0259 s\u0259hv m\u0259lumat veribl\u0259r. \u00d6z\u00fcn\u0259q\u0259sd madd\u0259si il\u0259 i\u015f ba\u015flay\u0131blar, halbuki, m\u0259nim h\u0259yat yolda\u015f\u0131m a\u011fl\u0131 ba\u015f\u0131nda insan idi, \u00f6z\u00fcn\u0259 q\u0259sd el\u0259y\u0259si deyildi. \u0130\u015fin \u0259vv\u0259lc\u0259d\u0259n planla\u015fd\u0131r\u0131ld\u0131\u011f\u0131n\u0131, s\u0259s yaz\u0131lar\u0131 oldu\u011funu bildirdim. Qay\u0131td\u0131 ki, \u015f\u0259xs\u0259n \u00f6z\u00fcm n\u0259zar\u0259t el\u0259y\u0259c\u0259m, \u00f6l\u00e7\u00fc g\u00f6t\u00fcr\u0259c\u0259yik. Amma c\u0259mi bir h\u0259ft\u0259 sonra polisl\u0259ri i\u015f\u0259 qaytard\u0131lar. \u00d6z\u00fcm \u015foka d\u00fc\u015fd\u00fcm. Yenid\u0259n onun q\u0259buluna yaz\u0131lm\u0131\u015fam. Bel\u0259mi n\u0259zar\u0259t\u0259 g\u00f6t\u00fcr\u00fcb?..\u201d<\/p>\n\n\n\n<p>Z\u0259min\u0259 \u018fhm\u0259dova deyir ki, Ba\u015f Prokurorlu\u011fun \u0130stintaq \u0130dar\u0259sind\u0259 ged\u0259n ara\u015fd\u0131rmalar\u0131n n\u0259tic\u0259sind\u0259n x\u0259b\u0259ri yoxdur. Amma o, \u00fcmumiyy\u0259tl\u0259, 125-ci madd\u0259 il\u0259 istintaq getm\u0259sind\u0259n naraz\u0131d\u0131r. Onun fikrinc\u0259, Arzu Cabbarovun \u00f6l\u00fcm\u00fcn\u00fc \u00f6z\u00fcn\u0259 q\u0259sd kimi t\u0259qdim el\u0259m\u0259k ba\u015f ver\u0259nl\u0259ri \u00f6rt-basd\u0131r etm\u0259y\u0259 xidm\u0259t edir:<\/p>\n\n\n\n<p>&#8220;Nicat adl\u0131 m\u00fcst\u0259ntiq prokuror Az\u0259r H\u0259t\u0259movla \u0259lbir olub, b\u00fct\u00fcn d\u0259lill\u0259ri, s\u00fcbutlar\u0131 m\u0259hv el\u0259m\u0259y\u0259 \u00e7al\u0131\u015fd\u0131lar. M\u0259s\u0259l\u0259n, kamera g\u00f6r\u00fcnt\u00fcl\u0259rini silibl\u0259r. Firuz \u0130brahimov hadis\u0259 g\u00fcn\u00fc h\u0259min o ev\u0259 girib d\u0259&#8230; Amma g\u00f6r\u00fcnt\u00fcl\u0259rd\u0259 yoxdu. Qon\u015fular\u0131n \u00fc\u00e7\u00fcnd\u0259 kamera olub. H\u0259min g\u00fcn qad\u0131ndan izahat g\u00f6t\u00fcrm\u0259liydil\u0259r. G\u00f6t\u00fcrm\u0259dil\u0259r, \u00e7\u00fcnki qad\u0131n\u0131n \u00fcz\u0259rind\u0259 he\u00e7 bir i\u015fg\u0259nc\u0259 izi yox idi. Ekspert g\u0259lib baxm\u0131\u015fd\u0131 ki, a\u011flabatan deyil. Sonra qad\u0131n\u0131 polisl\u0259r d\u00f6yd\u00fcrm\u00fc\u015fd\u00fcl\u0259r. Guya bunu Arzu el\u0259yib. Qad\u0131n sonradan \u00f6z\u00fc d\u0259 etiraf el\u0259mi\u015fdi ki, onu Firuz \u0130brahimov d\u00f6y\u00fcb. Qad\u0131n\u0131 bir h\u0259ft\u0259 gizli saxlam\u0131\u015fd\u0131lar\u201d.<\/p>\n\n\n\n<p><strong><em>\u201cKamera g\u00f6r\u00fcnt\u00fcl\u0259ri niy\u0259 silinib?\u201d<\/em><\/strong><\/p>\n\n\n\n<p>Z\u0259min\u0259 \u018fhm\u0259dova h\u0259kiml\u0259rd\u0259n d\u0259 \u015f\u00fcbh\u0259l\u0259ndiyini bildirir. Onlar\u0131n ya s\u0259hl\u0259nkarl\u0131q etdikl\u0259rini, ya da bil\u0259r\u0259kd\u0259n laz\u0131mi yard\u0131m g\u00f6st\u0259rm\u0259dikl\u0259rini d\u00fc\u015f\u00fcn\u00fcr:<\/p>\n\n\n\n<p>&#8220;Qolu, aya\u011f\u0131 qopan\u0131 Bak\u0131ya, G\u0259nc\u0259y\u0259 \u00e7atd\u0131r\u0131b xilas el\u0259yirl\u0259r. Amma burdan-bura x\u0259st\u0259xanaya \u00e7atd\u0131r\u0131b \u00f6ld\u00fcrd\u00fcl\u0259r&#8230; V\u0259sat\u0259tl\u0259r vermi\u015fik. Kamera g\u00f6r\u00fcnt\u00fcl\u0259ri niy\u0259 silinib, h\u0259kiml\u0259r, ekspert bar\u0259d\u0259&#8230; B\u00fct\u00fcn cavab m\u0259ktublar\u0131nda yaz\u0131l\u0131b ki, narahat olmay\u0131n, istintaq gedir, i\u015f\u0259 \u0259dal\u0259tli bax\u0131lacaq. Birc\u0259 prezident qal\u0131b ki, g\u00f6r\u00fc\u015f\u00fcm. Bunun da yolunu tapa bilmir\u0259m. \u0130st\u0259yir\u0259m prezident \u015f\u0259xs\u0259n bilsin. \u00dc\u00e7 u\u015faqla ba\u015fs\u0131z qalm\u0131\u015fam&#8230;&#8221;<\/p>\n\n\n\n<p><strong><em>Prokurorluq v\u0259 D\u0130N n\u0259 deyir?<\/em><\/strong><\/p>\n\n\n\n<p>Ba\u015f Prokurorlu\u011fun \u0130stintaq \u0130dar\u0259sind\u0259n bildirilib ki, Z\u0259min\u0259 \u018fhm\u0259dovan\u0131n h\u0259yat yolda\u015f\u0131n\u0131n \u00f6l\u00fcm\u00fcyl\u0259 ba\u011fl\u0131 istintaqdan naraz\u0131l\u0131\u011f\u0131 haqda Prezident Administrasiyas\u0131na v\u0259 Ombudsmana \u00fcnvanlad\u0131\u011f\u0131 \u015fikay\u0259t prokurorlu\u011fa g\u00f6nd\u0259rilib. H\u0259min m\u00fcraci\u0259tl\u0259r cinay\u0259t i\u015fin\u0259 \u0259lav\u0259 olunub.<\/p>\n\n\n<div class=\"wp-block-image\">\n<figure class=\"alignright size-large is-resized\"><img decoding=\"async\" data-src=\"https:\/\/www.meydan.tv\/wp-content\/uploads\/5aa870a1-8acb-4b81-ade9-b3b3e988eaa5-657x821.jpeg\" alt=\"\" class=\"wp-image-262170 lazyload\" width=\"368\" height=\"460\" src=\"data:image\/svg+xml;base64,PHN2ZyB3aWR0aD0iMSIgaGVpZ2h0PSIxIiB4bWxucz0iaHR0cDovL3d3dy53My5vcmcvMjAwMC9zdmciPjwvc3ZnPg==\" style=\"--smush-placeholder-width: 368px; --smush-placeholder-aspect-ratio: 368\/460;\" \/><\/figure>\n<\/div>\n\n\n<p>&#8220;M\u00fcraci\u0259td\u0259 g\u00f6st\u0259ril\u0259n x\u00fcsusatlarla ba\u011fl\u0131 tam, h\u0259rt\u0259r\u0259fli v\u0259 obyektiv istintaq apar\u0131lmaqla, qanunam\u00fcvafiq q\u0259rar\u0131n q\u0259bul edilm\u0259si t\u0259min olunacaq&#8221;, &#8211; \u0130stintaq \u0130dar\u0259sinin r\u0259isi Nem\u0259t \u018fv\u0259zov bildirib.<\/p>\n\n\n\n<p>Daxili \u0130\u015fl\u0259r Nazirliyind\u0259n is\u0259 bildirilib ki, Z\u0259min\u0259 \u018fhm\u0259dovan\u0131n h\u0259yat yolda\u015f\u0131n\u0131n \u00f6l\u00fcm\u00fcnd\u0259 polis \u0259m\u0259kda\u015flar\u0131n\u0131n i\u015ftirak\u0131yla ba\u011fl\u0131 \u015fikay\u0259ti \u00fczr\u0259 ara\u015fd\u0131rma apar\u0131l\u0131b, onun iddialar\u0131 t\u0259sdiqini tapmay\u0131b.<\/p>\n","protected":false},"excerpt":{"rendered":"<p>Z\u0259min\u0259 \u018fhm\u0259dova h\u0259yat yolda\u015f\u0131n\u0131n \u00f6l\u00fcm\u00fcyl\u0259 ba\u011fl\u0131 istintaqdan naraz\u0131d\u0131r: &#8220;H\u0259r\u0259 bir &#8230; <\/p>\n<p class=\"read-more-container\"><a title=\"\u015e\u0259mkir sakini: &#8220;Vilay\u0259t Eyvazov i\u015fi bel\u0259 n\u0259zar\u0259t\u0259 g\u00f6t\u00fcr\u00fcb?!&#8221;\" class=\"read-more button\" href=\"https:\/\/www.meydan.tv\/az\/article\/semkir-sakini-vilayet-eyvazov-isi-bele-nezarete-goturub\/#more-262167\" aria-label=\"Read more about \u015e\u0259mkir sakini: &#8220;Vilay\u0259t Eyvazov i\u015fi bel\u0259 n\u0259zar\u0259t\u0259 g\u00f6t\u00fcr\u00fcb?!&#8221;\">Davam\u0131<\/a><\/p>\n","protected":false},"author":13,"featured_media":248318,"comment_status":"closed","ping_status":"closed","sticky":false,"template":"","format":"standard","meta":{"_acf_changed":false,"_sitemap_exclude":false,"_sitemap_priority":"","_sitemap_frequency":"","footnotes":""},"categories":[60,79,56],"tags":[],"class_list":["post-262167","post","type-post","status-publish","format-standard","has-post-thumbnail","hentry","category-bolge","category-featured","category-xeberler","infinite-scroll-item","generate-columns","tablet-grid-50","mobile-grid-100","grid-parent","grid-33","no-featured-image-padding"],"acf":[],"yoast_head":"<!-- This site is optimized with the Yoast SEO plugin v27.5 - https:\/\/yoast.com\/product\/yoast-seo-wordpress\/ -->\n<title>\u015e\u0259mkir sakini: &quot;Vilay\u0259t Eyvazov i\u015fi bel\u0259 n\u0259zar\u0259t\u0259 g\u00f6t\u00fcr\u00fcb?!&quot; - MEYDAN.TV<\/title>\n<meta name=\"robots\" content=\"index, follow, max-snippet:-1, max-image-preview:large, max-video-preview:-1\" \/>\n<link rel=\"canonical\" href=\"https:\/\/www.meydan.tv\/az\/article\/semkir-sakini-vilayet-eyvazov-isi-bele-nezarete-goturub\/\" \/>\n<meta property=\"og:locale\" content=\"az_AZ\" \/>\n<meta property=\"og:type\" content=\"article\" \/>\n<meta property=\"og:title\" content=\"\u015e\u0259mkir sakini: &quot;Vilay\u0259t Eyvazov i\u015fi bel\u0259 n\u0259zar\u0259t\u0259 g\u00f6t\u00fcr\u00fcb?!&quot; - MEYDAN.TV\" \/>\n<meta property=\"og:description\" content=\"Z\u0259min\u0259 \u018fhm\u0259dova h\u0259yat yolda\u015f\u0131n\u0131n \u00f6l\u00fcm\u00fcyl\u0259 ba\u011fl\u0131 istintaqdan naraz\u0131d\u0131r: &#8220;H\u0259r\u0259 bir ... Davam\u0131\" \/>\n<meta property=\"og:url\" content=\"https:\/\/www.meydan.tv\/az\/article\/semkir-sakini-vilayet-eyvazov-isi-bele-nezarete-goturub\/\" \/>\n<meta property=\"og:site_name\" content=\"MEYDAN.TV\" \/>\n<meta property=\"article:published_time\" content=\"2022-11-30T10:56:24+00:00\" \/>\n<meta property=\"article:modified_time\" content=\"2022-11-30T12:53:27+00:00\" \/>\n<meta property=\"og:image\" content=\"https:\/\/www.meydan.tv\/wp-content\/uploads\/88888.png\" \/>\n\t<meta property=\"og:image:width\" content=\"1280\" \/>\n\t<meta property=\"og:image:height\" content=\"720\" \/>\n\t<meta property=\"og:image:type\" content=\"image\/png\" \/>\n<meta name=\"author\" content=\"meri\" \/>\n<meta name=\"twitter:card\" content=\"summary_large_image\" \/>\n<script type=\"application\/ld+json\" class=\"yoast-schema-graph\">{\"@context\":\"https:\\\/\\\/schema.org\",\"@graph\":[{\"@type\":\"Article\",\"@id\":\"https:\\\/\\\/www.meydan.tv\\\/az\\\/article\\\/semkir-sakini-vilayet-eyvazov-isi-bele-nezarete-goturub\\\/#article\",\"isPartOf\":{\"@id\":\"https:\\\/\\\/www.meydan.tv\\\/az\\\/article\\\/semkir-sakini-vilayet-eyvazov-isi-bele-nezarete-goturub\\\/\"},\"author\":{\"name\":\"meri\",\"@id\":\"https:\\\/\\\/www.meydan.tv\\\/az\\\/#\\\/schema\\\/person\\\/f5399057f0b7fa223fa6c9b7c3321968\"},\"headline\":\"\u015e\u0259mkir sakini: &#8220;Vilay\u0259t Eyvazov i\u015fi bel\u0259 n\u0259zar\u0259t\u0259 g\u00f6t\u00fcr\u00fcb?!&#8221;\",\"datePublished\":\"2022-11-30T10:56:24+00:00\",\"dateModified\":\"2022-11-30T12:53:27+00:00\",\"mainEntityOfPage\":{\"@id\":\"https:\\\/\\\/www.meydan.tv\\\/az\\\/article\\\/semkir-sakini-vilayet-eyvazov-isi-bele-nezarete-goturub\\\/\"},\"wordCount\":1528,\"publisher\":{\"@id\":\"https:\\\/\\\/www.meydan.tv\\\/az\\\/#organization\"},\"image\":{\"@id\":\"https:\\\/\\\/www.meydan.tv\\\/az\\\/article\\\/semkir-sakini-vilayet-eyvazov-isi-bele-nezarete-goturub\\\/#primaryimage\"},\"thumbnailUrl\":\"https:\\\/\\\/www.meydan.tv\\\/wp-content\\\/uploads\\\/88888.png\",\"articleSection\":[\"B\u00f6lg\u0259\",\"T\u00f6vsiy\u0259\",\"X\u0259b\u0259rl\u0259r\"],\"inLanguage\":\"az\"},{\"@type\":\"WebPage\",\"@id\":\"https:\\\/\\\/www.meydan.tv\\\/az\\\/article\\\/semkir-sakini-vilayet-eyvazov-isi-bele-nezarete-goturub\\\/\",\"url\":\"https:\\\/\\\/www.meydan.tv\\\/az\\\/article\\\/semkir-sakini-vilayet-eyvazov-isi-bele-nezarete-goturub\\\/\",\"name\":\"\u015e\u0259mkir sakini: \\\"Vilay\u0259t Eyvazov i\u015fi bel\u0259 n\u0259zar\u0259t\u0259 g\u00f6t\u00fcr\u00fcb?!\\\" - MEYDAN.TV\",\"isPartOf\":{\"@id\":\"https:\\\/\\\/www.meydan.tv\\\/az\\\/#website\"},\"primaryImageOfPage\":{\"@id\":\"https:\\\/\\\/www.meydan.tv\\\/az\\\/article\\\/semkir-sakini-vilayet-eyvazov-isi-bele-nezarete-goturub\\\/#primaryimage\"},\"image\":{\"@id\":\"https:\\\/\\\/www.meydan.tv\\\/az\\\/article\\\/semkir-sakini-vilayet-eyvazov-isi-bele-nezarete-goturub\\\/#primaryimage\"},\"thumbnailUrl\":\"https:\\\/\\\/www.meydan.tv\\\/wp-content\\\/uploads\\\/88888.png\",\"datePublished\":\"2022-11-30T10:56:24+00:00\",\"dateModified\":\"2022-11-30T12:53:27+00:00\",\"breadcrumb\":{\"@id\":\"https:\\\/\\\/www.meydan.tv\\\/az\\\/article\\\/semkir-sakini-vilayet-eyvazov-isi-bele-nezarete-goturub\\\/#breadcrumb\"},\"inLanguage\":\"az\",\"potentialAction\":[{\"@type\":\"ReadAction\",\"target\":[\"https:\\\/\\\/www.meydan.tv\\\/az\\\/article\\\/semkir-sakini-vilayet-eyvazov-isi-bele-nezarete-goturub\\\/\"]}]},{\"@type\":\"ImageObject\",\"inLanguage\":\"az\",\"@id\":\"https:\\\/\\\/www.meydan.tv\\\/az\\\/article\\\/semkir-sakini-vilayet-eyvazov-isi-bele-nezarete-goturub\\\/#primaryimage\",\"url\":\"https:\\\/\\\/www.meydan.tv\\\/wp-content\\\/uploads\\\/88888.png\",\"contentUrl\":\"https:\\\/\\\/www.meydan.tv\\\/wp-content\\\/uploads\\\/88888.png\",\"width\":1280,\"height\":720,\"caption\":\"Arzu Cabbarov. M\u0259nb\u0259: Ail\u0259 albomundan\"},{\"@type\":\"BreadcrumbList\",\"@id\":\"https:\\\/\\\/www.meydan.tv\\\/az\\\/article\\\/semkir-sakini-vilayet-eyvazov-isi-bele-nezarete-goturub\\\/#breadcrumb\",\"itemListElement\":[{\"@type\":\"ListItem\",\"position\":1,\"name\":\"Ana s\u0259hif\u0259\",\"item\":\"https:\\\/\\\/www.meydan.tv\\\/az\\\/\"},{\"@type\":\"ListItem\",\"position\":2,\"name\":\"T\u00f6vsiy\u0259\",\"item\":\"https:\\\/\\\/www.meydan.tv\\\/az\\\/section\\\/featured\\\/\"},{\"@type\":\"ListItem\",\"position\":3,\"name\":\"\u015e\u0259mkir sakini: &#8220;Vilay\u0259t Eyvazov i\u015fi bel\u0259 n\u0259zar\u0259t\u0259 g\u00f6t\u00fcr\u00fcb?!&#8221;\"}]},{\"@type\":\"WebSite\",\"@id\":\"https:\\\/\\\/www.meydan.tv\\\/az\\\/#website\",\"url\":\"https:\\\/\\\/www.meydan.tv\\\/az\\\/\",\"name\":\"MEYDAN.TV\",\"description\":\"Meydan TV Az\u0259rbaycan\u0131n media m\u0259kan\u0131ndak\u0131 alternativ s\u0259sidir\",\"publisher\":{\"@id\":\"https:\\\/\\\/www.meydan.tv\\\/az\\\/#organization\"},\"potentialAction\":[{\"@type\":\"SearchAction\",\"target\":{\"@type\":\"EntryPoint\",\"urlTemplate\":\"https:\\\/\\\/www.meydan.tv\\\/az\\\/?s={search_term_string}\"},\"query-input\":{\"@type\":\"PropertyValueSpecification\",\"valueRequired\":true,\"valueName\":\"search_term_string\"}}],\"inLanguage\":\"az\"},{\"@type\":\"Organization\",\"@id\":\"https:\\\/\\\/www.meydan.tv\\\/az\\\/#organization\",\"name\":\"Meydan TV\",\"url\":\"https:\\\/\\\/www.meydan.tv\\\/az\\\/\",\"logo\":{\"@type\":\"ImageObject\",\"inLanguage\":\"az\",\"@id\":\"https:\\\/\\\/www.meydan.tv\\\/az\\\/#\\\/schema\\\/logo\\\/image\\\/\",\"url\":\"https:\\\/\\\/www.meydan.tv\\\/wp-content\\\/uploads\\\/2021\\\/07\\\/meydan-logo.svg\",\"contentUrl\":\"https:\\\/\\\/www.meydan.tv\\\/wp-content\\\/uploads\\\/2021\\\/07\\\/meydan-logo.svg\",\"width\":195,\"height\":46,\"caption\":\"Meydan TV\"},\"image\":{\"@id\":\"https:\\\/\\\/www.meydan.tv\\\/az\\\/#\\\/schema\\\/logo\\\/image\\\/\"}},{\"@type\":\"Person\",\"@id\":\"https:\\\/\\\/www.meydan.tv\\\/az\\\/#\\\/schema\\\/person\\\/f5399057f0b7fa223fa6c9b7c3321968\",\"name\":\"meri\"}]}<\/script>\n<!-- \/ Yoast SEO plugin. -->","yoast_head_json":{"title":"\u015e\u0259mkir sakini: \"Vilay\u0259t Eyvazov i\u015fi bel\u0259 n\u0259zar\u0259t\u0259 g\u00f6t\u00fcr\u00fcb?!\" - MEYDAN.TV","robots":{"index":"index","follow":"follow","max-snippet":"max-snippet:-1","max-image-preview":"max-image-preview:large","max-video-preview":"max-video-preview:-1"},"canonical":"https:\/\/www.meydan.tv\/az\/article\/semkir-sakini-vilayet-eyvazov-isi-bele-nezarete-goturub\/","og_locale":"az_AZ","og_type":"article","og_title":"\u015e\u0259mkir sakini: \"Vilay\u0259t Eyvazov i\u015fi bel\u0259 n\u0259zar\u0259t\u0259 g\u00f6t\u00fcr\u00fcb?!\" - MEYDAN.TV","og_description":"Z\u0259min\u0259 \u018fhm\u0259dova h\u0259yat yolda\u015f\u0131n\u0131n \u00f6l\u00fcm\u00fcyl\u0259 ba\u011fl\u0131 istintaqdan naraz\u0131d\u0131r: &#8220;H\u0259r\u0259 bir ... Davam\u0131","og_url":"https:\/\/www.meydan.tv\/az\/article\/semkir-sakini-vilayet-eyvazov-isi-bele-nezarete-goturub\/","og_site_name":"MEYDAN.TV","article_published_time":"2022-11-30T10:56:24+00:00","article_modified_time":"2022-11-30T12:53:27+00:00","og_image":[{"width":1280,"height":720,"url":"https:\/\/www.meydan.tv\/wp-content\/uploads\/88888.png","type":"image\/png"}],"author":"meri","twitter_card":"summary_large_image","schema":{"@context":"https:\/\/schema.org","@graph":[{"@type":"Article","@id":"https:\/\/www.meydan.tv\/az\/article\/semkir-sakini-vilayet-eyvazov-isi-bele-nezarete-goturub\/#article","isPartOf":{"@id":"https:\/\/www.meydan.tv\/az\/article\/semkir-sakini-vilayet-eyvazov-isi-bele-nezarete-goturub\/"},"author":{"name":"meri","@id":"https:\/\/www.meydan.tv\/az\/#\/schema\/person\/f5399057f0b7fa223fa6c9b7c3321968"},"headline":"\u015e\u0259mkir sakini: &#8220;Vilay\u0259t Eyvazov i\u015fi bel\u0259 n\u0259zar\u0259t\u0259 g\u00f6t\u00fcr\u00fcb?!&#8221;","datePublished":"2022-11-30T10:56:24+00:00","dateModified":"2022-11-30T12:53:27+00:00","mainEntityOfPage":{"@id":"https:\/\/www.meydan.tv\/az\/article\/semkir-sakini-vilayet-eyvazov-isi-bele-nezarete-goturub\/"},"wordCount":1528,"publisher":{"@id":"https:\/\/www.meydan.tv\/az\/#organization"},"image":{"@id":"https:\/\/www.meydan.tv\/az\/article\/semkir-sakini-vilayet-eyvazov-isi-bele-nezarete-goturub\/#primaryimage"},"thumbnailUrl":"https:\/\/www.meydan.tv\/wp-content\/uploads\/88888.png","articleSection":["B\u00f6lg\u0259","T\u00f6vsiy\u0259","X\u0259b\u0259rl\u0259r"],"inLanguage":"az"},{"@type":"WebPage","@id":"https:\/\/www.meydan.tv\/az\/article\/semkir-sakini-vilayet-eyvazov-isi-bele-nezarete-goturub\/","url":"https:\/\/www.meydan.tv\/az\/article\/semkir-sakini-vilayet-eyvazov-isi-bele-nezarete-goturub\/","name":"\u015e\u0259mkir sakini: \"Vilay\u0259t Eyvazov i\u015fi bel\u0259 n\u0259zar\u0259t\u0259 g\u00f6t\u00fcr\u00fcb?!\" - MEYDAN.TV","isPartOf":{"@id":"https:\/\/www.meydan.tv\/az\/#website"},"primaryImageOfPage":{"@id":"https:\/\/www.meydan.tv\/az\/article\/semkir-sakini-vilayet-eyvazov-isi-bele-nezarete-goturub\/#primaryimage"},"image":{"@id":"https:\/\/www.meydan.tv\/az\/article\/semkir-sakini-vilayet-eyvazov-isi-bele-nezarete-goturub\/#primaryimage"},"thumbnailUrl":"https:\/\/www.meydan.tv\/wp-content\/uploads\/88888.png","datePublished":"2022-11-30T10:56:24+00:00","dateModified":"2022-11-30T12:53:27+00:00","breadcrumb":{"@id":"https:\/\/www.meydan.tv\/az\/article\/semkir-sakini-vilayet-eyvazov-isi-bele-nezarete-goturub\/#breadcrumb"},"inLanguage":"az","potentialAction":[{"@type":"ReadAction","target":["https:\/\/www.meydan.tv\/az\/article\/semkir-sakini-vilayet-eyvazov-isi-bele-nezarete-goturub\/"]}]},{"@type":"ImageObject","inLanguage":"az","@id":"https:\/\/www.meydan.tv\/az\/article\/semkir-sakini-vilayet-eyvazov-isi-bele-nezarete-goturub\/#primaryimage","url":"https:\/\/www.meydan.tv\/wp-content\/uploads\/88888.png","contentUrl":"https:\/\/www.meydan.tv\/wp-content\/uploads\/88888.png","width":1280,"height":720,"caption":"Arzu Cabbarov. M\u0259nb\u0259: Ail\u0259 albomundan"},{"@type":"BreadcrumbList","@id":"https:\/\/www.meydan.tv\/az\/article\/semkir-sakini-vilayet-eyvazov-isi-bele-nezarete-goturub\/#breadcrumb","itemListElement":[{"@type":"ListItem","position":1,"name":"Ana s\u0259hif\u0259","item":"https:\/\/www.meydan.tv\/az\/"},{"@type":"ListItem","position":2,"name":"T\u00f6vsiy\u0259","item":"https:\/\/www.meydan.tv\/az\/section\/featured\/"},{"@type":"ListItem","position":3,"name":"\u015e\u0259mkir sakini: &#8220;Vilay\u0259t Eyvazov i\u015fi bel\u0259 n\u0259zar\u0259t\u0259 g\u00f6t\u00fcr\u00fcb?!&#8221;"}]},{"@type":"WebSite","@id":"https:\/\/www.meydan.tv\/az\/#website","url":"https:\/\/www.meydan.tv\/az\/","name":"MEYDAN.TV","description":"Meydan TV Az\u0259rbaycan\u0131n media m\u0259kan\u0131ndak\u0131 alternativ s\u0259sidir","publisher":{"@id":"https:\/\/www.meydan.tv\/az\/#organization"},"potentialAction":[{"@type":"SearchAction","target":{"@type":"EntryPoint","urlTemplate":"https:\/\/www.meydan.tv\/az\/?s={search_term_string}"},"query-input":{"@type":"PropertyValueSpecification","valueRequired":true,"valueName":"search_term_string"}}],"inLanguage":"az"},{"@type":"Organization","@id":"https:\/\/www.meydan.tv\/az\/#organization","name":"Meydan TV","url":"https:\/\/www.meydan.tv\/az\/","logo":{"@type":"ImageObject","inLanguage":"az","@id":"https:\/\/www.meydan.tv\/az\/#\/schema\/logo\/image\/","url":"https:\/\/www.meydan.tv\/wp-content\/uploads\/2021\/07\/meydan-logo.svg","contentUrl":"https:\/\/www.meydan.tv\/wp-content\/uploads\/2021\/07\/meydan-logo.svg","width":195,"height":46,"caption":"Meydan TV"},"image":{"@id":"https:\/\/www.meydan.tv\/az\/#\/schema\/logo\/image\/"}},{"@type":"Person","@id":"https:\/\/www.meydan.tv\/az\/#\/schema\/person\/f5399057f0b7fa223fa6c9b7c3321968","name":"meri"}]}},"_links":{"self":[{"href":"https:\/\/www.meydan.tv\/az\/wp-json\/wp\/v2\/posts\/262167","targetHints":{"allow":["GET"]}}],"collection":[{"href":"https:\/\/www.meydan.tv\/az\/wp-json\/wp\/v2\/posts"}],"about":[{"href":"https:\/\/www.meydan.tv\/az\/wp-json\/wp\/v2\/types\/post"}],"author":[{"embeddable":true,"href":"https:\/\/www.meydan.tv\/az\/wp-json\/wp\/v2\/users\/13"}],"replies":[{"embeddable":true,"href":"https:\/\/www.meydan.tv\/az\/wp-json\/wp\/v2\/comments?post=262167"}],"version-history":[{"count":6,"href":"https:\/\/www.meydan.tv\/az\/wp-json\/wp\/v2\/posts\/262167\/revisions"}],"predecessor-version":[{"id":262210,"href":"https:\/\/www.meydan.tv\/az\/wp-json\/wp\/v2\/posts\/262167\/revisions\/262210"}],"wp:featuredmedia":[{"embeddable":true,"href":"https:\/\/www.meydan.tv\/az\/wp-json\/wp\/v2\/media\/248318"}],"wp:attachment":[{"href":"https:\/\/www.meydan.tv\/az\/wp-json\/wp\/v2\/media?parent=262167"}],"wp:term":[{"taxonomy":"category","embeddable":true,"href":"https:\/\/www.meydan.tv\/az\/wp-json\/wp\/v2\/categories?post=262167"},{"taxonomy":"post_tag","embeddable":true,"href":"https:\/\/www.meydan.tv\/az\/wp-json\/wp\/v2\/tags?post=262167"}],"curies":[{"name":"wp","href":"https:\/\/api.w.org\/{rel}","templated":true}]}}