{"id":262133,"date":"2022-11-29T22:56:45","date_gmt":"2022-11-29T18:56:45","guid":{"rendered":"https:\/\/www.meydan.tv\/?p=262133"},"modified":"2022-11-29T22:56:47","modified_gmt":"2022-11-29T18:56:47","slug":"bas-dasagil-kendinin-dasa-direnen-qaz-problemi","status":"publish","type":"post","link":"https:\/\/www.meydan.tv\/az\/article\/bas-dasagil-kendinin-dasa-direnen-qaz-problemi\/","title":{"rendered":"Ba\u015f Da\u015fa\u011f\u0131l k\u0259ndinin da\u015fa dir\u0259n\u0259n qaz problemi"},"content":{"rendered":"\n<p><\/p>\n\n\n\n<p><em>\u201cV\u0259t\u0259nda\u015f yerin\u0259 qoyub biz\u0259 he\u00e7 bir par\u00e7a ka\u011f\u0131zda cavab da yaz\u0131b g\u00f6nd\u0259rmirl\u0259r\u201d<\/em><\/p>\n\n\n\n<p>\u201c\u018ftraf k\u0259ndl\u0259r\u0259 qaz x\u0259tti \u00e7\u0259kilib, h\u0259min k\u0259ndl\u0259rl\u0259 aram\u0131zda 7-8 kilometr m\u0259saf\u0259 var, ancaq n\u0259d\u0259ns\u0259 bizim k\u0259nd\u0259 qaz x\u0259tti \u00e7\u0259kilmir. Evl\u0259rimizi me\u015f\u0259d\u0259n \u00e7\u0131r-\u00e7\u0131rp\u0131 toplay\u0131b yand\u0131rmaqla isidirik. Ancaq bu, yet\u0259rli olmur dey\u0259, pulla odun al\u0131r\u0131q. Art\u0131q oduna verm\u0259y\u0259 pul da tapm\u0131r\u0131q\u201d.<\/p>\n\n\n\n<p>O\u011fuzun Ba\u015f Da\u015fa\u011f\u0131l k\u0259ndinin sakinl\u0259ri Meydan TV-y\u0259 yaz\u0131rlar ki, q\u0131\u015f f\u0259sli s\u0259rt soyuqlarla ke\u00e7\u0259n k\u0259ndd\u0259 mavi yanacaq yoxdur. Me\u015f\u0259d\u0259n odun y\u0131\u011fmaq qada\u011fand\u0131r, k\u0259nd sakinl\u0259rinin b\u00f6y\u00fck k\u0259simi i\u015fsizdir, odun alma\u011fa pul yoxdur. Sakinl\u0259r elektrik enerjisind\u0259n istifad\u0259 etm\u0259y\u0259 m\u0259cburdur. Ancaq bu da elektrik \u015fitinin y\u00fckl\u0259nm\u0259sin\u0259 v\u0259 tez-tez q\u0259za ba\u015f verm\u0259sin\u0259 s\u0259b\u0259b olur.<\/p>\n\n\n\n<figure class=\"wp-block-image size-full\"><img decoding=\"async\" width=\"1200\" height=\"800\" data-src=\"https:\/\/www.meydan.tv\/wp-content\/uploads\/untitled-design-3-51.jpg\" alt=\"\" class=\"wp-image-262123 lazyload\" src=\"data:image\/svg+xml;base64,PHN2ZyB3aWR0aD0iMSIgaGVpZ2h0PSIxIiB4bWxucz0iaHR0cDovL3d3dy53My5vcmcvMjAwMC9zdmciPjwvc3ZnPg==\" style=\"--smush-placeholder-width: 1200px; --smush-placeholder-aspect-ratio: 1200\/800;\" \/><\/figure>\n\n\n\n<p><strong>\u201cHe\u00e7 olmasa odunla t\u0259min etsinl\u0259r\u201d<\/strong><\/p>\n\n\n\n<p>Bir ne\u00e7\u0259 il \u0259vv\u0259l sakinl\u0259r k\u0259ndl\u0259r\u0259 qaz x\u0259tti \u00e7\u0259kildiyini g\u00f6r\u0259nd\u0259 sevinibl\u0259r:<\/p>\n\n\n\n<p>\u201cDedik, daha \u00e7\u0259tinlikl\u0259rimiz gerid\u0259 qalacaq, biz d\u0259 mavi yanacaq g\u00f6r\u0259c\u0259yik. \u018ftraf k\u0259ndl\u0259r qazla\u015fd\u0131r\u0131ld\u0131, biz\u0259 \u00e7atanda dedil\u0259r, g\u00f6zl\u0259yin. Biz d\u0259 ist\u0259yirik ki, evl\u0259rimiz isti olsun, u\u015faqlar\u0131m\u0131z, ya\u015fl\u0131lar\u0131m\u0131z soyuqdan \u0259ziyy\u0259t \u00e7\u0259km\u0259sin. He\u00e7 olmasa, qaz x\u0259tti \u00e7\u0259kil\u0259n\u0259d\u0259k bizi odunla t\u0259min etsinl\u0259r\u201d.<\/p>\n\n\n\n<p>K\u0259ndlil\u0259r yaz\u0131r ki, m\u0259murlar 200-d\u0259n \u00e7ox ail\u0259nin ya\u015fad\u0131\u011f\u0131 k\u0259ndin qaz problemin\u0259 bigan\u0259 yana\u015f\u0131rlar.<\/p>\n\n\n\n<figure class=\"wp-block-image size-full\"><img decoding=\"async\" width=\"1200\" height=\"800\" data-src=\"https:\/\/www.meydan.tv\/wp-content\/uploads\/untitled-design-4-50.jpg\" alt=\"\" class=\"wp-image-262120 lazyload\" src=\"data:image\/svg+xml;base64,PHN2ZyB3aWR0aD0iMSIgaGVpZ2h0PSIxIiB4bWxucz0iaHR0cDovL3d3dy53My5vcmcvMjAwMC9zdmciPjwvc3ZnPg==\" style=\"--smush-placeholder-width: 1200px; --smush-placeholder-aspect-ratio: 1200\/800;\" \/><\/figure>\n\n\n\n<p>\u201cRayonun deputat\u0131ndan tutmu\u015f icra hakimiyy\u0259tinin ba\u015f\u00e7\u0131s\u0131na, \u201cAz\u0259riqaz\u201da kimi m\u00fcraci\u0259t etmi\u015fik. Deputat s\u00f6z verdi ki, m\u0259s\u0259l\u0259ni diqq\u0259td\u0259 saxlayacaq, sonra ondan da s\u0259s \u00e7\u0131xmad\u0131. K\u0259nd\u0259 d\u0259 d\u0259v\u0259t el\u0259dik, g\u0259lm\u0259di. SOCAR-a, Prezident Adminstrasiyas\u0131na, Birinci vitse-prezident\u0259 yazm\u0131\u015f\u0131q. Ancaq v\u0259t\u0259nda\u015f yerin\u0259 qoyub biz\u0259 he\u00e7 bir par\u00e7a ka\u011f\u0131zda cavab da yaz\u0131b g\u00f6nd\u0259rmirl\u0259r\u201d, &#8211; sakinl\u0259r yaz\u0131b.<\/p>\n\n\n\n<figure class=\"wp-block-image size-full\"><img decoding=\"async\" width=\"1200\" height=\"800\" data-src=\"https:\/\/www.meydan.tv\/wp-content\/uploads\/untitled-design-5-38.jpg\" alt=\"\" class=\"wp-image-262126 lazyload\" src=\"data:image\/svg+xml;base64,PHN2ZyB3aWR0aD0iMSIgaGVpZ2h0PSIxIiB4bWxucz0iaHR0cDovL3d3dy53My5vcmcvMjAwMC9zdmciPjwvc3ZnPg==\" style=\"--smush-placeholder-width: 1200px; --smush-placeholder-aspect-ratio: 1200\/800;\" \/><\/figure>\n\n\n\n<p>O\u011fuz Rayon \u0130cra Hakimiyy\u0259tind\u0259n Meydan TV-y\u0259 bildirilib ki, sakinl\u0259r quruma m\u00fcraci\u0259t edibl\u0259r v\u0259 onlara r\u0259smi cavab m\u0259ktubu g\u00f6nd\u0259rilib:<\/p>\n\n\n\n<p>\u201cSakinl\u0259rin haql\u0131 t\u0259l\u0259bl\u0259ri \u201cAz\u0259riqaz\u201da bildirilib. K\u0259ndl\u0259rin qazla\u015fd\u0131r\u0131lmas\u0131 prosesi davam edir. Yax\u0131n vaxtlarda Ba\u015f Da\u015fa\u011f\u0131l k\u0259ndi d\u0259 qazla\u015fd\u0131r\u0131lacaq\u201d<\/p>\n","protected":false},"excerpt":{"rendered":"<p>\u201cV\u0259t\u0259nda\u015f yerin\u0259 qoyub biz\u0259 he\u00e7 bir par\u00e7a ka\u011f\u0131zda cavab da &#8230; <\/p>\n<p class=\"read-more-container\"><a title=\"Ba\u015f Da\u015fa\u011f\u0131l k\u0259ndinin da\u015fa dir\u0259n\u0259n qaz problemi\" class=\"read-more button\" href=\"https:\/\/www.meydan.tv\/az\/article\/bas-dasagil-kendinin-dasa-direnen-qaz-problemi\/#more-262133\" aria-label=\"Read more about Ba\u015f Da\u015fa\u011f\u0131l k\u0259ndinin da\u015fa dir\u0259n\u0259n qaz problemi\">Davam\u0131<\/a><\/p>\n","protected":false},"author":8,"featured_media":262130,"comment_status":"closed","ping_status":"closed","sticky":false,"template":"","format":"standard","meta":{"_acf_changed":false,"_sitemap_exclude":false,"_sitemap_priority":"","_sitemap_frequency":"","footnotes":""},"categories":[60,56],"tags":[],"class_list":["post-262133","post","type-post","status-publish","format-standard","has-post-thumbnail","hentry","category-bolge","category-xeberler","infinite-scroll-item","generate-columns","tablet-grid-50","mobile-grid-100","grid-parent","grid-33","no-featured-image-padding"],"acf":[],"yoast_head":"<!-- This site is optimized with the Yoast SEO plugin v27.5 - https:\/\/yoast.com\/product\/yoast-seo-wordpress\/ -->\n<title>Ba\u015f Da\u015fa\u011f\u0131l k\u0259ndinin da\u015fa dir\u0259n\u0259n qaz problemi - MEYDAN.TV<\/title>\n<meta name=\"robots\" content=\"index, follow, max-snippet:-1, max-image-preview:large, max-video-preview:-1\" \/>\n<link rel=\"canonical\" href=\"https:\/\/www.meydan.tv\/az\/article\/bas-dasagil-kendinin-dasa-direnen-qaz-problemi\/\" \/>\n<meta property=\"og:locale\" content=\"az_AZ\" \/>\n<meta property=\"og:type\" content=\"article\" \/>\n<meta property=\"og:title\" content=\"Ba\u015f Da\u015fa\u011f\u0131l k\u0259ndinin da\u015fa dir\u0259n\u0259n qaz problemi - MEYDAN.TV\" \/>\n<meta property=\"og:description\" content=\"\u201cV\u0259t\u0259nda\u015f yerin\u0259 qoyub biz\u0259 he\u00e7 bir par\u00e7a ka\u011f\u0131zda cavab da ... Davam\u0131\" \/>\n<meta property=\"og:url\" content=\"https:\/\/www.meydan.tv\/az\/article\/bas-dasagil-kendinin-dasa-direnen-qaz-problemi\/\" \/>\n<meta property=\"og:site_name\" content=\"MEYDAN.TV\" \/>\n<meta property=\"article:published_time\" content=\"2022-11-29T18:56:45+00:00\" \/>\n<meta property=\"article:modified_time\" content=\"2022-11-29T18:56:47+00:00\" \/>\n<meta property=\"og:image\" content=\"https:\/\/www.meydan.tv\/wp-content\/uploads\/untitled-design-6-28.jpg\" \/>\n\t<meta property=\"og:image:width\" content=\"1200\" \/>\n\t<meta property=\"og:image:height\" content=\"800\" \/>\n\t<meta property=\"og:image:type\" content=\"image\/jpeg\" \/>\n<meta name=\"author\" content=\"elli\" \/>\n<meta name=\"twitter:card\" content=\"summary_large_image\" \/>\n<meta name=\"twitter:creator\" content=\"@elli\" \/>\n<script type=\"application\/ld+json\" class=\"yoast-schema-graph\">{\"@context\":\"https:\\\/\\\/schema.org\",\"@graph\":[{\"@type\":\"Article\",\"@id\":\"https:\\\/\\\/www.meydan.tv\\\/az\\\/article\\\/bas-dasagil-kendinin-dasa-direnen-qaz-problemi\\\/#article\",\"isPartOf\":{\"@id\":\"https:\\\/\\\/www.meydan.tv\\\/az\\\/article\\\/bas-dasagil-kendinin-dasa-direnen-qaz-problemi\\\/\"},\"author\":{\"name\":\"elli\",\"@id\":\"https:\\\/\\\/www.meydan.tv\\\/az\\\/#\\\/schema\\\/person\\\/9cdbecf90d17180ce1dfbd95b08dcf47\"},\"headline\":\"Ba\u015f Da\u015fa\u011f\u0131l k\u0259ndinin da\u015fa dir\u0259n\u0259n qaz problemi\",\"datePublished\":\"2022-11-29T18:56:45+00:00\",\"dateModified\":\"2022-11-29T18:56:47+00:00\",\"mainEntityOfPage\":{\"@id\":\"https:\\\/\\\/www.meydan.tv\\\/az\\\/article\\\/bas-dasagil-kendinin-dasa-direnen-qaz-problemi\\\/\"},\"wordCount\":441,\"publisher\":{\"@id\":\"https:\\\/\\\/www.meydan.tv\\\/az\\\/#organization\"},\"image\":{\"@id\":\"https:\\\/\\\/www.meydan.tv\\\/az\\\/article\\\/bas-dasagil-kendinin-dasa-direnen-qaz-problemi\\\/#primaryimage\"},\"thumbnailUrl\":\"https:\\\/\\\/www.meydan.tv\\\/wp-content\\\/uploads\\\/untitled-design-6-28.jpg\",\"articleSection\":[\"B\u00f6lg\u0259\",\"X\u0259b\u0259rl\u0259r\"],\"inLanguage\":\"az\"},{\"@type\":\"WebPage\",\"@id\":\"https:\\\/\\\/www.meydan.tv\\\/az\\\/article\\\/bas-dasagil-kendinin-dasa-direnen-qaz-problemi\\\/\",\"url\":\"https:\\\/\\\/www.meydan.tv\\\/az\\\/article\\\/bas-dasagil-kendinin-dasa-direnen-qaz-problemi\\\/\",\"name\":\"Ba\u015f Da\u015fa\u011f\u0131l k\u0259ndinin da\u015fa dir\u0259n\u0259n qaz problemi - MEYDAN.TV\",\"isPartOf\":{\"@id\":\"https:\\\/\\\/www.meydan.tv\\\/az\\\/#website\"},\"primaryImageOfPage\":{\"@id\":\"https:\\\/\\\/www.meydan.tv\\\/az\\\/article\\\/bas-dasagil-kendinin-dasa-direnen-qaz-problemi\\\/#primaryimage\"},\"image\":{\"@id\":\"https:\\\/\\\/www.meydan.tv\\\/az\\\/article\\\/bas-dasagil-kendinin-dasa-direnen-qaz-problemi\\\/#primaryimage\"},\"thumbnailUrl\":\"https:\\\/\\\/www.meydan.tv\\\/wp-content\\\/uploads\\\/untitled-design-6-28.jpg\",\"datePublished\":\"2022-11-29T18:56:45+00:00\",\"dateModified\":\"2022-11-29T18:56:47+00:00\",\"breadcrumb\":{\"@id\":\"https:\\\/\\\/www.meydan.tv\\\/az\\\/article\\\/bas-dasagil-kendinin-dasa-direnen-qaz-problemi\\\/#breadcrumb\"},\"inLanguage\":\"az\",\"potentialAction\":[{\"@type\":\"ReadAction\",\"target\":[\"https:\\\/\\\/www.meydan.tv\\\/az\\\/article\\\/bas-dasagil-kendinin-dasa-direnen-qaz-problemi\\\/\"]}]},{\"@type\":\"ImageObject\",\"inLanguage\":\"az\",\"@id\":\"https:\\\/\\\/www.meydan.tv\\\/az\\\/article\\\/bas-dasagil-kendinin-dasa-direnen-qaz-problemi\\\/#primaryimage\",\"url\":\"https:\\\/\\\/www.meydan.tv\\\/wp-content\\\/uploads\\\/untitled-design-6-28.jpg\",\"contentUrl\":\"https:\\\/\\\/www.meydan.tv\\\/wp-content\\\/uploads\\\/untitled-design-6-28.jpg\",\"width\":1200,\"height\":800,\"caption\":\"Fotolar: Ba\u015f Da\u015fa\u011f\u0131l k\u0259ndinin \\\"Facebook\\\" s\u0259hif\u0259si\"},{\"@type\":\"BreadcrumbList\",\"@id\":\"https:\\\/\\\/www.meydan.tv\\\/az\\\/article\\\/bas-dasagil-kendinin-dasa-direnen-qaz-problemi\\\/#breadcrumb\",\"itemListElement\":[{\"@type\":\"ListItem\",\"position\":1,\"name\":\"Ana s\u0259hif\u0259\",\"item\":\"https:\\\/\\\/www.meydan.tv\\\/az\\\/\"},{\"@type\":\"ListItem\",\"position\":2,\"name\":\"B\u00f6lg\u0259\",\"item\":\"https:\\\/\\\/www.meydan.tv\\\/az\\\/section\\\/bolge\\\/\"},{\"@type\":\"ListItem\",\"position\":3,\"name\":\"Ba\u015f Da\u015fa\u011f\u0131l k\u0259ndinin da\u015fa dir\u0259n\u0259n qaz problemi\"}]},{\"@type\":\"WebSite\",\"@id\":\"https:\\\/\\\/www.meydan.tv\\\/az\\\/#website\",\"url\":\"https:\\\/\\\/www.meydan.tv\\\/az\\\/\",\"name\":\"MEYDAN.TV\",\"description\":\"Meydan TV Az\u0259rbaycan\u0131n media m\u0259kan\u0131ndak\u0131 alternativ s\u0259sidir\",\"publisher\":{\"@id\":\"https:\\\/\\\/www.meydan.tv\\\/az\\\/#organization\"},\"potentialAction\":[{\"@type\":\"SearchAction\",\"target\":{\"@type\":\"EntryPoint\",\"urlTemplate\":\"https:\\\/\\\/www.meydan.tv\\\/az\\\/?s={search_term_string}\"},\"query-input\":{\"@type\":\"PropertyValueSpecification\",\"valueRequired\":true,\"valueName\":\"search_term_string\"}}],\"inLanguage\":\"az\"},{\"@type\":\"Organization\",\"@id\":\"https:\\\/\\\/www.meydan.tv\\\/az\\\/#organization\",\"name\":\"Meydan TV\",\"url\":\"https:\\\/\\\/www.meydan.tv\\\/az\\\/\",\"logo\":{\"@type\":\"ImageObject\",\"inLanguage\":\"az\",\"@id\":\"https:\\\/\\\/www.meydan.tv\\\/az\\\/#\\\/schema\\\/logo\\\/image\\\/\",\"url\":\"https:\\\/\\\/www.meydan.tv\\\/wp-content\\\/uploads\\\/2021\\\/07\\\/meydan-logo.svg\",\"contentUrl\":\"https:\\\/\\\/www.meydan.tv\\\/wp-content\\\/uploads\\\/2021\\\/07\\\/meydan-logo.svg\",\"width\":195,\"height\":46,\"caption\":\"Meydan TV\"},\"image\":{\"@id\":\"https:\\\/\\\/www.meydan.tv\\\/az\\\/#\\\/schema\\\/logo\\\/image\\\/\"}},{\"@type\":\"Person\",\"@id\":\"https:\\\/\\\/www.meydan.tv\\\/az\\\/#\\\/schema\\\/person\\\/9cdbecf90d17180ce1dfbd95b08dcf47\",\"name\":\"elli\",\"sameAs\":[\"https:\\\/\\\/x.com\\\/elli\"]}]}<\/script>\n<!-- \/ Yoast SEO plugin. -->","yoast_head_json":{"title":"Ba\u015f Da\u015fa\u011f\u0131l k\u0259ndinin da\u015fa dir\u0259n\u0259n qaz problemi - MEYDAN.TV","robots":{"index":"index","follow":"follow","max-snippet":"max-snippet:-1","max-image-preview":"max-image-preview:large","max-video-preview":"max-video-preview:-1"},"canonical":"https:\/\/www.meydan.tv\/az\/article\/bas-dasagil-kendinin-dasa-direnen-qaz-problemi\/","og_locale":"az_AZ","og_type":"article","og_title":"Ba\u015f Da\u015fa\u011f\u0131l k\u0259ndinin da\u015fa dir\u0259n\u0259n qaz problemi - MEYDAN.TV","og_description":"\u201cV\u0259t\u0259nda\u015f yerin\u0259 qoyub biz\u0259 he\u00e7 bir par\u00e7a ka\u011f\u0131zda cavab da ... Davam\u0131","og_url":"https:\/\/www.meydan.tv\/az\/article\/bas-dasagil-kendinin-dasa-direnen-qaz-problemi\/","og_site_name":"MEYDAN.TV","article_published_time":"2022-11-29T18:56:45+00:00","article_modified_time":"2022-11-29T18:56:47+00:00","og_image":[{"width":1200,"height":800,"url":"https:\/\/www.meydan.tv\/wp-content\/uploads\/untitled-design-6-28.jpg","type":"image\/jpeg"}],"author":"elli","twitter_card":"summary_large_image","twitter_creator":"@elli","schema":{"@context":"https:\/\/schema.org","@graph":[{"@type":"Article","@id":"https:\/\/www.meydan.tv\/az\/article\/bas-dasagil-kendinin-dasa-direnen-qaz-problemi\/#article","isPartOf":{"@id":"https:\/\/www.meydan.tv\/az\/article\/bas-dasagil-kendinin-dasa-direnen-qaz-problemi\/"},"author":{"name":"elli","@id":"https:\/\/www.meydan.tv\/az\/#\/schema\/person\/9cdbecf90d17180ce1dfbd95b08dcf47"},"headline":"Ba\u015f Da\u015fa\u011f\u0131l k\u0259ndinin da\u015fa dir\u0259n\u0259n qaz problemi","datePublished":"2022-11-29T18:56:45+00:00","dateModified":"2022-11-29T18:56:47+00:00","mainEntityOfPage":{"@id":"https:\/\/www.meydan.tv\/az\/article\/bas-dasagil-kendinin-dasa-direnen-qaz-problemi\/"},"wordCount":441,"publisher":{"@id":"https:\/\/www.meydan.tv\/az\/#organization"},"image":{"@id":"https:\/\/www.meydan.tv\/az\/article\/bas-dasagil-kendinin-dasa-direnen-qaz-problemi\/#primaryimage"},"thumbnailUrl":"https:\/\/www.meydan.tv\/wp-content\/uploads\/untitled-design-6-28.jpg","articleSection":["B\u00f6lg\u0259","X\u0259b\u0259rl\u0259r"],"inLanguage":"az"},{"@type":"WebPage","@id":"https:\/\/www.meydan.tv\/az\/article\/bas-dasagil-kendinin-dasa-direnen-qaz-problemi\/","url":"https:\/\/www.meydan.tv\/az\/article\/bas-dasagil-kendinin-dasa-direnen-qaz-problemi\/","name":"Ba\u015f Da\u015fa\u011f\u0131l k\u0259ndinin da\u015fa dir\u0259n\u0259n qaz problemi - MEYDAN.TV","isPartOf":{"@id":"https:\/\/www.meydan.tv\/az\/#website"},"primaryImageOfPage":{"@id":"https:\/\/www.meydan.tv\/az\/article\/bas-dasagil-kendinin-dasa-direnen-qaz-problemi\/#primaryimage"},"image":{"@id":"https:\/\/www.meydan.tv\/az\/article\/bas-dasagil-kendinin-dasa-direnen-qaz-problemi\/#primaryimage"},"thumbnailUrl":"https:\/\/www.meydan.tv\/wp-content\/uploads\/untitled-design-6-28.jpg","datePublished":"2022-11-29T18:56:45+00:00","dateModified":"2022-11-29T18:56:47+00:00","breadcrumb":{"@id":"https:\/\/www.meydan.tv\/az\/article\/bas-dasagil-kendinin-dasa-direnen-qaz-problemi\/#breadcrumb"},"inLanguage":"az","potentialAction":[{"@type":"ReadAction","target":["https:\/\/www.meydan.tv\/az\/article\/bas-dasagil-kendinin-dasa-direnen-qaz-problemi\/"]}]},{"@type":"ImageObject","inLanguage":"az","@id":"https:\/\/www.meydan.tv\/az\/article\/bas-dasagil-kendinin-dasa-direnen-qaz-problemi\/#primaryimage","url":"https:\/\/www.meydan.tv\/wp-content\/uploads\/untitled-design-6-28.jpg","contentUrl":"https:\/\/www.meydan.tv\/wp-content\/uploads\/untitled-design-6-28.jpg","width":1200,"height":800,"caption":"Fotolar: Ba\u015f Da\u015fa\u011f\u0131l k\u0259ndinin \"Facebook\" s\u0259hif\u0259si"},{"@type":"BreadcrumbList","@id":"https:\/\/www.meydan.tv\/az\/article\/bas-dasagil-kendinin-dasa-direnen-qaz-problemi\/#breadcrumb","itemListElement":[{"@type":"ListItem","position":1,"name":"Ana s\u0259hif\u0259","item":"https:\/\/www.meydan.tv\/az\/"},{"@type":"ListItem","position":2,"name":"B\u00f6lg\u0259","item":"https:\/\/www.meydan.tv\/az\/section\/bolge\/"},{"@type":"ListItem","position":3,"name":"Ba\u015f Da\u015fa\u011f\u0131l k\u0259ndinin da\u015fa dir\u0259n\u0259n qaz problemi"}]},{"@type":"WebSite","@id":"https:\/\/www.meydan.tv\/az\/#website","url":"https:\/\/www.meydan.tv\/az\/","name":"MEYDAN.TV","description":"Meydan TV Az\u0259rbaycan\u0131n media m\u0259kan\u0131ndak\u0131 alternativ s\u0259sidir","publisher":{"@id":"https:\/\/www.meydan.tv\/az\/#organization"},"potentialAction":[{"@type":"SearchAction","target":{"@type":"EntryPoint","urlTemplate":"https:\/\/www.meydan.tv\/az\/?s={search_term_string}"},"query-input":{"@type":"PropertyValueSpecification","valueRequired":true,"valueName":"search_term_string"}}],"inLanguage":"az"},{"@type":"Organization","@id":"https:\/\/www.meydan.tv\/az\/#organization","name":"Meydan TV","url":"https:\/\/www.meydan.tv\/az\/","logo":{"@type":"ImageObject","inLanguage":"az","@id":"https:\/\/www.meydan.tv\/az\/#\/schema\/logo\/image\/","url":"https:\/\/www.meydan.tv\/wp-content\/uploads\/2021\/07\/meydan-logo.svg","contentUrl":"https:\/\/www.meydan.tv\/wp-content\/uploads\/2021\/07\/meydan-logo.svg","width":195,"height":46,"caption":"Meydan TV"},"image":{"@id":"https:\/\/www.meydan.tv\/az\/#\/schema\/logo\/image\/"}},{"@type":"Person","@id":"https:\/\/www.meydan.tv\/az\/#\/schema\/person\/9cdbecf90d17180ce1dfbd95b08dcf47","name":"elli","sameAs":["https:\/\/x.com\/elli"]}]}},"_links":{"self":[{"href":"https:\/\/www.meydan.tv\/az\/wp-json\/wp\/v2\/posts\/262133","targetHints":{"allow":["GET"]}}],"collection":[{"href":"https:\/\/www.meydan.tv\/az\/wp-json\/wp\/v2\/posts"}],"about":[{"href":"https:\/\/www.meydan.tv\/az\/wp-json\/wp\/v2\/types\/post"}],"author":[{"embeddable":true,"href":"https:\/\/www.meydan.tv\/az\/wp-json\/wp\/v2\/users\/8"}],"replies":[{"embeddable":true,"href":"https:\/\/www.meydan.tv\/az\/wp-json\/wp\/v2\/comments?post=262133"}],"version-history":[{"count":1,"href":"https:\/\/www.meydan.tv\/az\/wp-json\/wp\/v2\/posts\/262133\/revisions"}],"predecessor-version":[{"id":262134,"href":"https:\/\/www.meydan.tv\/az\/wp-json\/wp\/v2\/posts\/262133\/revisions\/262134"}],"wp:featuredmedia":[{"embeddable":true,"href":"https:\/\/www.meydan.tv\/az\/wp-json\/wp\/v2\/media\/262130"}],"wp:attachment":[{"href":"https:\/\/www.meydan.tv\/az\/wp-json\/wp\/v2\/media?parent=262133"}],"wp:term":[{"taxonomy":"category","embeddable":true,"href":"https:\/\/www.meydan.tv\/az\/wp-json\/wp\/v2\/categories?post=262133"},{"taxonomy":"post_tag","embeddable":true,"href":"https:\/\/www.meydan.tv\/az\/wp-json\/wp\/v2\/tags?post=262133"}],"curies":[{"name":"wp","href":"https:\/\/api.w.org\/{rel}","templated":true}]}}