{"id":262087,"date":"2022-11-29T17:00:56","date_gmt":"2022-11-29T13:00:56","guid":{"rendered":"https:\/\/www.meydan.tv\/?p=262087"},"modified":"2022-11-29T17:04:14","modified_gmt":"2022-11-29T13:04:14","slug":"mermer-soyugu-kannin-imtina-etdiyi-nazirin-yayimi-ertelediyi-bildirilir","status":"publish","type":"post","link":"https:\/\/www.meydan.tv\/az\/article\/mermer-soyugu-kannin-imtina-etdiyi-nazirin-yayimi-ertelediyi-bildirilir\/","title":{"rendered":"<strong>\u201cM\u0259rm\u0259r soyu\u011fu\u201d: Kann\u0131n imtina etdiyi, nazirin yay\u0131m\u0131 ert\u0259l\u0259diyi bildirilir<\/strong>"},"content":{"rendered":"\n<p><\/p>\n\n\n\n<p><em>Rejissor is\u0259 filml\u0259 ba\u011fl\u0131 iddialar\u0131 q\u0259bul etmir<\/em><\/p>\n\n\n\n<p>Az\u0259rbaycan rejissoru Asif R\u00fcst\u0259movun \u201cM\u0259rm\u0259r soyu\u011fu\u201d filmi \u201cP\u00d6FF Tallinn Black Nights\u201d festival\u0131nda m\u00fckafat al\u0131b.<\/p>\n\n\n\n<p>Xalq artisti, kino v\u0259 teatr aktyoru Qurban \u0130smay\u0131lov filmd\u0259ki roluna g\u00f6r\u0259 \u201c\u018fn yax\u015f\u0131 aktyor\u201d nominasiyas\u0131nda qalib <a href=\"https:\/\/culture.gov.az\/az\/umumi-xeberler\/14899\" target=\"_blank\" rel=\"noreferrer noopener\">g\u0259lib<\/a>.<\/p>\n\n\n\n<p>Film u\u011fursuz r\u0259ssam (El\u015f\u0259n \u018fsg\u0259rov) v\u0259 sevgilisinin (Natavan Abbasl\u0131) qar\u0131\u015f\u0131q m\u00fcnasib\u0259tl\u0259rind\u0259n b\u0259hs edir.<\/p>\n\n\n\n<p>Uzun s\u00fcr\u0259n h\u0259bs h\u0259yat\u0131ndan sonra ev\u0259 qay\u0131dan ata (Qurban \u0130smay\u0131lov) \u0259n radikal yollarla o\u011flunun h\u0259yat\u0131n\u0131 yoluna qoyma\u011fa \u00e7al\u0131\u015f\u0131r.<\/p>\n\n\n\n<p>Filmin festival premyeras\u0131n\u0131n 2022-ci ilin ilk yar\u0131s\u0131nda olmas\u0131 planla\u015fd\u0131r\u0131lsa da, proses gecikib.<\/p>\n\n\n\n<p>Meydan TV-nin \u0259ld\u0259 etdiyi m\u0259lumata g\u00f6r\u0259, rejissor filmi 2022-ci ild\u0259 ke\u00e7iril\u0259n Kann Beyn\u0259lxalq Film Festival\u0131na t\u0259qdim ets\u0259 d\u0259, idar\u0259 hey\u0259ti t\u0259r\u0259find\u0259n imtina cavab\u0131 al\u0131b.<\/p>\n\n\n\n<p>\u201cFilmd\u0259 qad\u0131na \u015fidd\u0259t m\u00f6vzusu oldu\u011fu \u00fc\u00e7\u00fcn festival r\u0259smil\u0259ri rejissordan \u201cM\u0259rm\u0259r soyu\u011fu\u201dnu montaj etm\u0259yi t\u0259l\u0259b edibl\u0259r. H\u0259m d\u0259 filmd\u0259 iki qad\u0131n obraz\u0131 var. H\u0259r ikisi d\u0259 m\u0259nfi t\u0259qdim olunub\u201d, &#8211; ad\u0131n\u0131n \u00e7\u0259kilm\u0259sini ist\u0259m\u0259y\u0259n m\u0259lumatl\u0131 m\u0259nb\u0259 deyib.<\/p>\n\n\n\n<p>\u201cFilmin Az\u0259rbaycanda n\u00fcmayi\u015fin\u0259 g\u0259linc\u0259, m\u0259d\u0259niyy\u0259t naziri Anar K\u0259rimov \u00f6z\u00fc film\u0259 bax\u0131b, mental m\u0259s\u0259l\u0259l\u0259r\u0259 g\u00f6r\u0259 n\u00fcmayi\u015fi ert\u0259l\u0259yib\u201d, &#8211; dey\u0259 m\u0259lumatda bildirib.<\/p>\n\n\n\n<p>Meydan TV m\u0259s\u0259l\u0259 il\u0259 \u0259laq\u0259dar filmin rejissoru Asif R\u00fcst\u0259movun m\u00fcnasib\u0259tini \u00f6yr\u0259nm\u0259y\u0259 \u00e7al\u0131\u015f\u0131b.<\/p>\n\n\n\n<p>Rejissor veril\u0259n suala q\u0259z\u0259bl\u0259n\u0259r\u0259k, s\u0259rt cavab verib.<\/p>\n\n\n\n<p>\u201cBel\u0259 bir hadis\u0259 olmay\u0131b. H\u0259tta ox\u015far bir hadis\u0259 bel\u0259 ba\u015f verm\u0259yib. H\u0259qiq\u0259ti \u0259ks etdirmir, he\u00e7 bir \u0259sas\u0131 yoxdur\u201d, &#8211; rejissor deyib.<\/p>\n\n\n\n<p>N\u00fcfuzlu festivalda Az\u0259rbaycan filminin m\u00fckafat almas\u0131na g\u0259linc\u0259, rejissor bildirib ki, bu, Az\u0259rbaycan kinosunun, \u00fcmumiyy\u0259tl\u0259, m\u0259d\u0259niyy\u0259tinin d\u00fcnyada tan\u0131nmas\u0131 \u00fc\u00e7\u00fcn \u00e7ox vacibdir: <\/p>\n\n\n\n<p>&#8220;Qurban \u0130smay\u0131lovun layiq g\u00f6r\u00fcld\u00fcy\u00fc \u201c\u018fn yax\u015f\u0131 aktyor\u201d nominasiya Az\u0259rbaycan aktyor m\u0259kt\u0259bi \u00fc\u00e7\u00fcn vacib bir m\u00fckafatd\u0131r. Aktyor bird\u0259n-bir\u0259 t\u0259klikd\u0259 yeti\u015fmir. Tutaq ki, rejissor telefonla film \u00e7\u0259kib, hans\u0131sa festivalda m\u00fckafat ala bil\u0259r. Y\u0259ni bu y\u00fck\u00fc bir n\u0259f\u0259r da\u015f\u0131ya bil\u0259r. Aktyorluq is\u0259 f\u0259rqlidir. Uzun ill\u0259rin praktikas\u0131, t\u0259r\u0259f-m\u00fcqabill\u0259ri var, y\u0259ni bu, pill\u0259-pill\u0259 inki\u015faf ed\u0259n pe\u015f\u0259dir. Qurban \u0130smay\u0131lovun u\u011furu ondan x\u0259b\u0259r verir ki, Az\u0259rbaycan aktyor m\u0259kt\u0259bi ya\u015fay\u0131r, inki\u015faf edir. G\u0259nc aktyorlar \u00fc\u00e7\u00fcn d\u0259 \u00e7ox g\u00f6z\u0259l bir \u00f6rn\u0259kdir. Az\u0259rbaycanda t\u0259kc\u0259 rejossorlar yox, aktyorlar da beyn\u0259lxalq s\u0259viyy\u0259d\u0259 u\u011fur qazana bil\u0259r. Bu, \u00fcmumilikd\u0259 Az\u0259rbaycan kinosu \u00fc\u00e7\u00fcn vacib stimullardan biridir\u201d.<\/p>\n\n\n\n<p>Meydan TV-nin M\u0259d\u0259niyy\u0259t Nazirliyin\u0259 \u00fcnvanlad\u0131\u011f\u0131 sor\u011fuya h\u0259l\u0259lik cavab verilm\u0259yib. <\/p>\n\n\n\n<p>Kino\u015f\u00fcnas Sevda Sultanova is\u0259 hesab edir ki, beyn\u0259lxalq festivallarda i\u015ftirak tendensiyas\u0131n\u0131n milli kinoya \u0259h\u0259miyy\u0259tli faydas\u0131 yoxdur. \u00c7\u00fcnki n\u00fcfuzlu festivalda i\u015ftirak fakt\u0131 keyfiyy\u0259tli kinos\u0259nayenin qurulmas\u0131na, filml\u0259rin intensiv istehsal\u0131na t\u00f6hf\u0259 vermir.<\/p>\n\n\n\n<p>\u201c\u018fksin\u0259, i\u015f o yer\u0259 \u00e7at\u0131b ki, bu il bir tammetrajl\u0131 b\u0259dii film istehsal edilm\u0259di, deb\u00fctantlara d\u0259st\u0259k olmad\u0131. \u00dcst\u0259lik, \u201cTammetrajl\u0131 b\u0259dii film layih\u0259l\u0259rin\u0259 d\u0259st\u0259k \u2013 2022\u201d m\u00fcsabiq\u0259sinin qalibl\u0259rinin pulu <a href=\"https:\/\/d9mc3ts4czbpr.cloudfront.net\/az\/article\/medeniyyet-nazirliyi-musahibe-qaliblerinin-pulunu-odemeyib\/\" target=\"_blank\" rel=\"noreferrer noopener\">\u00f6d\u0259nilm\u0259yib<\/a>.  Ona g\u00f6r\u0259 festival eyforiyas\u0131na \u00e7ox qap\u0131lmay\u0131n\u201d, &#8211; kino\u015f\u00fcnas \u201cTelegram\u201d kanal\u0131nda yaz\u0131b.<\/p>\n\n\n\n<p>O \u0259lav\u0259 edib ki, hans\u0131sa filmin beyn\u0259lxalq festivalda n\u00fcmayi\u015fi b\u0259dii, vizual v\u0259 s. keyfiyy\u0259tind\u0259n x\u0259b\u0259r vermir: \u201cFilmin nec\u0259 olmas\u0131n\u0131 yerli premyeras\u0131ndan sonra bil\u0259c\u0259yik. \u00c7\u00fcnki t\u0259cr\u00fcb\u0259 g\u00f6st\u0259rir ki, bir filmin festivala d\u00fc\u015fm\u0259si v\u0259 h\u0259tta ba\u015f m\u00fckafat almas\u0131 h\u0259l\u0259 onun keyfiyy\u0259t g\u00f6st\u0259ricisi say\u0131lm\u0131r\u201d.<\/p>\n\n\n\n<p>\u201cM\u0259rm\u0259r soyu\u011fu\u201d M\u0259d\u0259niyy\u0259t Nazirliyinin d\u0259st\u0259yi il\u0259 \u201cAz\u0259rbaycanfilm\u201d Kinostudiyas\u0131, \u201c\u0130ctimai TV\u201d v\u0259 \u201cArizona Productions\u201d (Fransa) \u015firk\u0259tl\u0259rinin birg\u0259 <a href=\"https:\/\/d9mc3ts4czbpr.cloudfront.net\/az\/article\/mermer-soyugu-filminin-cekilisleri-basa-catib\/\" target=\"_blank\" rel=\"noreferrer noopener\">istehsal\u0131d\u0131r<\/a>.<\/p>\n\n\n\n<p>Filmin ba\u015f prod\u00fcseri Fariz \u018fhm\u0259dov Meydan TV-y\u0259 deyib ki, &#8220;M\u0259rm\u0259r soyu\u011fu&#8221;nun yerli premyeras\u0131 2023-c\u00fc ild\u0259 olacaq.<\/p>\n","protected":false},"excerpt":{"rendered":"<p>Rejissor is\u0259 filml\u0259 ba\u011fl\u0131 iddialar\u0131 q\u0259bul etmir Az\u0259rbaycan rejissoru Asif &#8230; <\/p>\n<p class=\"read-more-container\"><a title=\"\u201cM\u0259rm\u0259r soyu\u011fu\u201d: Kann\u0131n imtina etdiyi, nazirin yay\u0131m\u0131 ert\u0259l\u0259diyi bildirilir\" class=\"read-more button\" href=\"https:\/\/www.meydan.tv\/az\/article\/mermer-soyugu-kannin-imtina-etdiyi-nazirin-yayimi-ertelediyi-bildirilir\/#more-262087\" aria-label=\"Read more about \u201cM\u0259rm\u0259r soyu\u011fu\u201d: Kann\u0131n imtina etdiyi, nazirin yay\u0131m\u0131 ert\u0259l\u0259diyi bildirilir\">Davam\u0131<\/a><\/p>\n","protected":false},"author":8,"featured_media":226362,"comment_status":"closed","ping_status":"closed","sticky":false,"template":"","format":"standard","meta":{"_acf_changed":false,"_sitemap_exclude":false,"_sitemap_priority":"","_sitemap_frequency":"","footnotes":""},"categories":[52,56],"tags":[],"class_list":["post-262087","post","type-post","status-publish","format-standard","has-post-thumbnail","hentry","category-medeniyyet","category-xeberler","infinite-scroll-item","generate-columns","tablet-grid-50","mobile-grid-100","grid-parent","grid-33","no-featured-image-padding"],"acf":[],"yoast_head":"<!-- This site is optimized with the Yoast SEO plugin v27.4 - https:\/\/yoast.com\/product\/yoast-seo-wordpress\/ -->\n<title>\u201cM\u0259rm\u0259r soyu\u011fu\u201d: Kann\u0131n imtina etdiyi, nazirin yay\u0131m\u0131 ert\u0259l\u0259diyi bildirilir - MEYDAN.TV<\/title>\n<meta name=\"robots\" content=\"index, follow, max-snippet:-1, max-image-preview:large, max-video-preview:-1\" \/>\n<link rel=\"canonical\" href=\"https:\/\/www.meydan.tv\/az\/article\/mermer-soyugu-kannin-imtina-etdiyi-nazirin-yayimi-ertelediyi-bildirilir\/\" \/>\n<meta property=\"og:locale\" content=\"az_AZ\" \/>\n<meta property=\"og:type\" content=\"article\" \/>\n<meta property=\"og:title\" content=\"\u201cM\u0259rm\u0259r soyu\u011fu\u201d: Kann\u0131n imtina etdiyi, nazirin yay\u0131m\u0131 ert\u0259l\u0259diyi bildirilir - MEYDAN.TV\" \/>\n<meta property=\"og:description\" content=\"Rejissor is\u0259 filml\u0259 ba\u011fl\u0131 iddialar\u0131 q\u0259bul etmir Az\u0259rbaycan rejissoru Asif ... Davam\u0131\" \/>\n<meta property=\"og:url\" content=\"https:\/\/www.meydan.tv\/az\/article\/mermer-soyugu-kannin-imtina-etdiyi-nazirin-yayimi-ertelediyi-bildirilir\/\" \/>\n<meta property=\"og:site_name\" content=\"MEYDAN.TV\" \/>\n<meta property=\"article:published_time\" content=\"2022-11-29T13:00:56+00:00\" \/>\n<meta property=\"article:modified_time\" content=\"2022-11-29T13:04:14+00:00\" \/>\n<meta property=\"og:image\" content=\"https:\/\/www.meydan.tv\/wp-content\/uploads\/dsc_8943.jpg\" \/>\n\t<meta property=\"og:image:width\" content=\"1200\" \/>\n\t<meta property=\"og:image:height\" content=\"800\" \/>\n\t<meta property=\"og:image:type\" content=\"image\/jpeg\" \/>\n<meta name=\"author\" content=\"elli\" \/>\n<meta name=\"twitter:card\" content=\"summary_large_image\" \/>\n<meta name=\"twitter:creator\" content=\"@elli\" \/>\n<script type=\"application\/ld+json\" class=\"yoast-schema-graph\">{\"@context\":\"https:\\\/\\\/schema.org\",\"@graph\":[{\"@type\":\"Article\",\"@id\":\"https:\\\/\\\/www.meydan.tv\\\/az\\\/article\\\/mermer-soyugu-kannin-imtina-etdiyi-nazirin-yayimi-ertelediyi-bildirilir\\\/#article\",\"isPartOf\":{\"@id\":\"https:\\\/\\\/www.meydan.tv\\\/az\\\/article\\\/mermer-soyugu-kannin-imtina-etdiyi-nazirin-yayimi-ertelediyi-bildirilir\\\/\"},\"author\":{\"name\":\"elli\",\"@id\":\"https:\\\/\\\/www.meydan.tv\\\/az\\\/#\\\/schema\\\/person\\\/9cdbecf90d17180ce1dfbd95b08dcf47\"},\"headline\":\"\u201cM\u0259rm\u0259r soyu\u011fu\u201d: Kann\u0131n imtina etdiyi, nazirin yay\u0131m\u0131 ert\u0259l\u0259diyi bildirilir\",\"datePublished\":\"2022-11-29T13:00:56+00:00\",\"dateModified\":\"2022-11-29T13:04:14+00:00\",\"mainEntityOfPage\":{\"@id\":\"https:\\\/\\\/www.meydan.tv\\\/az\\\/article\\\/mermer-soyugu-kannin-imtina-etdiyi-nazirin-yayimi-ertelediyi-bildirilir\\\/\"},\"wordCount\":762,\"publisher\":{\"@id\":\"https:\\\/\\\/www.meydan.tv\\\/az\\\/#organization\"},\"image\":{\"@id\":\"https:\\\/\\\/www.meydan.tv\\\/az\\\/article\\\/mermer-soyugu-kannin-imtina-etdiyi-nazirin-yayimi-ertelediyi-bildirilir\\\/#primaryimage\"},\"thumbnailUrl\":\"https:\\\/\\\/www.meydan.tv\\\/wp-content\\\/uploads\\\/dsc_8943.jpg\",\"articleSection\":[\"M\u0259d\u0259niyy\u0259t\",\"X\u0259b\u0259rl\u0259r\"],\"inLanguage\":\"az\"},{\"@type\":\"WebPage\",\"@id\":\"https:\\\/\\\/www.meydan.tv\\\/az\\\/article\\\/mermer-soyugu-kannin-imtina-etdiyi-nazirin-yayimi-ertelediyi-bildirilir\\\/\",\"url\":\"https:\\\/\\\/www.meydan.tv\\\/az\\\/article\\\/mermer-soyugu-kannin-imtina-etdiyi-nazirin-yayimi-ertelediyi-bildirilir\\\/\",\"name\":\"\u201cM\u0259rm\u0259r soyu\u011fu\u201d: Kann\u0131n imtina etdiyi, nazirin yay\u0131m\u0131 ert\u0259l\u0259diyi bildirilir - MEYDAN.TV\",\"isPartOf\":{\"@id\":\"https:\\\/\\\/www.meydan.tv\\\/az\\\/#website\"},\"primaryImageOfPage\":{\"@id\":\"https:\\\/\\\/www.meydan.tv\\\/az\\\/article\\\/mermer-soyugu-kannin-imtina-etdiyi-nazirin-yayimi-ertelediyi-bildirilir\\\/#primaryimage\"},\"image\":{\"@id\":\"https:\\\/\\\/www.meydan.tv\\\/az\\\/article\\\/mermer-soyugu-kannin-imtina-etdiyi-nazirin-yayimi-ertelediyi-bildirilir\\\/#primaryimage\"},\"thumbnailUrl\":\"https:\\\/\\\/www.meydan.tv\\\/wp-content\\\/uploads\\\/dsc_8943.jpg\",\"datePublished\":\"2022-11-29T13:00:56+00:00\",\"dateModified\":\"2022-11-29T13:04:14+00:00\",\"breadcrumb\":{\"@id\":\"https:\\\/\\\/www.meydan.tv\\\/az\\\/article\\\/mermer-soyugu-kannin-imtina-etdiyi-nazirin-yayimi-ertelediyi-bildirilir\\\/#breadcrumb\"},\"inLanguage\":\"az\",\"potentialAction\":[{\"@type\":\"ReadAction\",\"target\":[\"https:\\\/\\\/www.meydan.tv\\\/az\\\/article\\\/mermer-soyugu-kannin-imtina-etdiyi-nazirin-yayimi-ertelediyi-bildirilir\\\/\"]}]},{\"@type\":\"ImageObject\",\"inLanguage\":\"az\",\"@id\":\"https:\\\/\\\/www.meydan.tv\\\/az\\\/article\\\/mermer-soyugu-kannin-imtina-etdiyi-nazirin-yayimi-ertelediyi-bildirilir\\\/#primaryimage\",\"url\":\"https:\\\/\\\/www.meydan.tv\\\/wp-content\\\/uploads\\\/dsc_8943.jpg\",\"contentUrl\":\"https:\\\/\\\/www.meydan.tv\\\/wp-content\\\/uploads\\\/dsc_8943.jpg\",\"width\":1200,\"height\":800,\"caption\":\"\u00c7\u0259kili\u015f meydan\u00e7as\u0131, Foto: \\\"Az\u0259rbaycanfilm\\\" kinostudiyas\u0131\"},{\"@type\":\"BreadcrumbList\",\"@id\":\"https:\\\/\\\/www.meydan.tv\\\/az\\\/article\\\/mermer-soyugu-kannin-imtina-etdiyi-nazirin-yayimi-ertelediyi-bildirilir\\\/#breadcrumb\",\"itemListElement\":[{\"@type\":\"ListItem\",\"position\":1,\"name\":\"Ana s\u0259hif\u0259\",\"item\":\"https:\\\/\\\/www.meydan.tv\\\/az\\\/\"},{\"@type\":\"ListItem\",\"position\":2,\"name\":\"M\u0259d\u0259niyy\u0259t\",\"item\":\"https:\\\/\\\/www.meydan.tv\\\/az\\\/section\\\/medeniyyet\\\/\"},{\"@type\":\"ListItem\",\"position\":3,\"name\":\"\u201cM\u0259rm\u0259r soyu\u011fu\u201d: Kann\u0131n imtina etdiyi, nazirin yay\u0131m\u0131 ert\u0259l\u0259diyi bildirilir\"}]},{\"@type\":\"WebSite\",\"@id\":\"https:\\\/\\\/www.meydan.tv\\\/az\\\/#website\",\"url\":\"https:\\\/\\\/www.meydan.tv\\\/az\\\/\",\"name\":\"MEYDAN.TV\",\"description\":\"Meydan TV Az\u0259rbaycan\u0131n media m\u0259kan\u0131ndak\u0131 alternativ s\u0259sidir\",\"publisher\":{\"@id\":\"https:\\\/\\\/www.meydan.tv\\\/az\\\/#organization\"},\"potentialAction\":[{\"@type\":\"SearchAction\",\"target\":{\"@type\":\"EntryPoint\",\"urlTemplate\":\"https:\\\/\\\/www.meydan.tv\\\/az\\\/?s={search_term_string}\"},\"query-input\":{\"@type\":\"PropertyValueSpecification\",\"valueRequired\":true,\"valueName\":\"search_term_string\"}}],\"inLanguage\":\"az\"},{\"@type\":\"Organization\",\"@id\":\"https:\\\/\\\/www.meydan.tv\\\/az\\\/#organization\",\"name\":\"Meydan TV\",\"url\":\"https:\\\/\\\/www.meydan.tv\\\/az\\\/\",\"logo\":{\"@type\":\"ImageObject\",\"inLanguage\":\"az\",\"@id\":\"https:\\\/\\\/www.meydan.tv\\\/az\\\/#\\\/schema\\\/logo\\\/image\\\/\",\"url\":\"https:\\\/\\\/www.meydan.tv\\\/wp-content\\\/uploads\\\/2021\\\/07\\\/meydan-logo.svg\",\"contentUrl\":\"https:\\\/\\\/www.meydan.tv\\\/wp-content\\\/uploads\\\/2021\\\/07\\\/meydan-logo.svg\",\"width\":195,\"height\":46,\"caption\":\"Meydan TV\"},\"image\":{\"@id\":\"https:\\\/\\\/www.meydan.tv\\\/az\\\/#\\\/schema\\\/logo\\\/image\\\/\"}},{\"@type\":\"Person\",\"@id\":\"https:\\\/\\\/www.meydan.tv\\\/az\\\/#\\\/schema\\\/person\\\/9cdbecf90d17180ce1dfbd95b08dcf47\",\"name\":\"elli\",\"sameAs\":[\"https:\\\/\\\/x.com\\\/elli\"]}]}<\/script>\n<!-- \/ Yoast SEO plugin. -->","yoast_head_json":{"title":"\u201cM\u0259rm\u0259r soyu\u011fu\u201d: Kann\u0131n imtina etdiyi, nazirin yay\u0131m\u0131 ert\u0259l\u0259diyi bildirilir - MEYDAN.TV","robots":{"index":"index","follow":"follow","max-snippet":"max-snippet:-1","max-image-preview":"max-image-preview:large","max-video-preview":"max-video-preview:-1"},"canonical":"https:\/\/www.meydan.tv\/az\/article\/mermer-soyugu-kannin-imtina-etdiyi-nazirin-yayimi-ertelediyi-bildirilir\/","og_locale":"az_AZ","og_type":"article","og_title":"\u201cM\u0259rm\u0259r soyu\u011fu\u201d: Kann\u0131n imtina etdiyi, nazirin yay\u0131m\u0131 ert\u0259l\u0259diyi bildirilir - MEYDAN.TV","og_description":"Rejissor is\u0259 filml\u0259 ba\u011fl\u0131 iddialar\u0131 q\u0259bul etmir Az\u0259rbaycan rejissoru Asif ... Davam\u0131","og_url":"https:\/\/www.meydan.tv\/az\/article\/mermer-soyugu-kannin-imtina-etdiyi-nazirin-yayimi-ertelediyi-bildirilir\/","og_site_name":"MEYDAN.TV","article_published_time":"2022-11-29T13:00:56+00:00","article_modified_time":"2022-11-29T13:04:14+00:00","og_image":[{"width":1200,"height":800,"url":"https:\/\/www.meydan.tv\/wp-content\/uploads\/dsc_8943.jpg","type":"image\/jpeg"}],"author":"elli","twitter_card":"summary_large_image","twitter_creator":"@elli","schema":{"@context":"https:\/\/schema.org","@graph":[{"@type":"Article","@id":"https:\/\/www.meydan.tv\/az\/article\/mermer-soyugu-kannin-imtina-etdiyi-nazirin-yayimi-ertelediyi-bildirilir\/#article","isPartOf":{"@id":"https:\/\/www.meydan.tv\/az\/article\/mermer-soyugu-kannin-imtina-etdiyi-nazirin-yayimi-ertelediyi-bildirilir\/"},"author":{"name":"elli","@id":"https:\/\/www.meydan.tv\/az\/#\/schema\/person\/9cdbecf90d17180ce1dfbd95b08dcf47"},"headline":"\u201cM\u0259rm\u0259r soyu\u011fu\u201d: Kann\u0131n imtina etdiyi, nazirin yay\u0131m\u0131 ert\u0259l\u0259diyi bildirilir","datePublished":"2022-11-29T13:00:56+00:00","dateModified":"2022-11-29T13:04:14+00:00","mainEntityOfPage":{"@id":"https:\/\/www.meydan.tv\/az\/article\/mermer-soyugu-kannin-imtina-etdiyi-nazirin-yayimi-ertelediyi-bildirilir\/"},"wordCount":762,"publisher":{"@id":"https:\/\/www.meydan.tv\/az\/#organization"},"image":{"@id":"https:\/\/www.meydan.tv\/az\/article\/mermer-soyugu-kannin-imtina-etdiyi-nazirin-yayimi-ertelediyi-bildirilir\/#primaryimage"},"thumbnailUrl":"https:\/\/www.meydan.tv\/wp-content\/uploads\/dsc_8943.jpg","articleSection":["M\u0259d\u0259niyy\u0259t","X\u0259b\u0259rl\u0259r"],"inLanguage":"az"},{"@type":"WebPage","@id":"https:\/\/www.meydan.tv\/az\/article\/mermer-soyugu-kannin-imtina-etdiyi-nazirin-yayimi-ertelediyi-bildirilir\/","url":"https:\/\/www.meydan.tv\/az\/article\/mermer-soyugu-kannin-imtina-etdiyi-nazirin-yayimi-ertelediyi-bildirilir\/","name":"\u201cM\u0259rm\u0259r soyu\u011fu\u201d: Kann\u0131n imtina etdiyi, nazirin yay\u0131m\u0131 ert\u0259l\u0259diyi bildirilir - MEYDAN.TV","isPartOf":{"@id":"https:\/\/www.meydan.tv\/az\/#website"},"primaryImageOfPage":{"@id":"https:\/\/www.meydan.tv\/az\/article\/mermer-soyugu-kannin-imtina-etdiyi-nazirin-yayimi-ertelediyi-bildirilir\/#primaryimage"},"image":{"@id":"https:\/\/www.meydan.tv\/az\/article\/mermer-soyugu-kannin-imtina-etdiyi-nazirin-yayimi-ertelediyi-bildirilir\/#primaryimage"},"thumbnailUrl":"https:\/\/www.meydan.tv\/wp-content\/uploads\/dsc_8943.jpg","datePublished":"2022-11-29T13:00:56+00:00","dateModified":"2022-11-29T13:04:14+00:00","breadcrumb":{"@id":"https:\/\/www.meydan.tv\/az\/article\/mermer-soyugu-kannin-imtina-etdiyi-nazirin-yayimi-ertelediyi-bildirilir\/#breadcrumb"},"inLanguage":"az","potentialAction":[{"@type":"ReadAction","target":["https:\/\/www.meydan.tv\/az\/article\/mermer-soyugu-kannin-imtina-etdiyi-nazirin-yayimi-ertelediyi-bildirilir\/"]}]},{"@type":"ImageObject","inLanguage":"az","@id":"https:\/\/www.meydan.tv\/az\/article\/mermer-soyugu-kannin-imtina-etdiyi-nazirin-yayimi-ertelediyi-bildirilir\/#primaryimage","url":"https:\/\/www.meydan.tv\/wp-content\/uploads\/dsc_8943.jpg","contentUrl":"https:\/\/www.meydan.tv\/wp-content\/uploads\/dsc_8943.jpg","width":1200,"height":800,"caption":"\u00c7\u0259kili\u015f meydan\u00e7as\u0131, Foto: \"Az\u0259rbaycanfilm\" kinostudiyas\u0131"},{"@type":"BreadcrumbList","@id":"https:\/\/www.meydan.tv\/az\/article\/mermer-soyugu-kannin-imtina-etdiyi-nazirin-yayimi-ertelediyi-bildirilir\/#breadcrumb","itemListElement":[{"@type":"ListItem","position":1,"name":"Ana s\u0259hif\u0259","item":"https:\/\/www.meydan.tv\/az\/"},{"@type":"ListItem","position":2,"name":"M\u0259d\u0259niyy\u0259t","item":"https:\/\/www.meydan.tv\/az\/section\/medeniyyet\/"},{"@type":"ListItem","position":3,"name":"\u201cM\u0259rm\u0259r soyu\u011fu\u201d: Kann\u0131n imtina etdiyi, nazirin yay\u0131m\u0131 ert\u0259l\u0259diyi bildirilir"}]},{"@type":"WebSite","@id":"https:\/\/www.meydan.tv\/az\/#website","url":"https:\/\/www.meydan.tv\/az\/","name":"MEYDAN.TV","description":"Meydan TV Az\u0259rbaycan\u0131n media m\u0259kan\u0131ndak\u0131 alternativ s\u0259sidir","publisher":{"@id":"https:\/\/www.meydan.tv\/az\/#organization"},"potentialAction":[{"@type":"SearchAction","target":{"@type":"EntryPoint","urlTemplate":"https:\/\/www.meydan.tv\/az\/?s={search_term_string}"},"query-input":{"@type":"PropertyValueSpecification","valueRequired":true,"valueName":"search_term_string"}}],"inLanguage":"az"},{"@type":"Organization","@id":"https:\/\/www.meydan.tv\/az\/#organization","name":"Meydan TV","url":"https:\/\/www.meydan.tv\/az\/","logo":{"@type":"ImageObject","inLanguage":"az","@id":"https:\/\/www.meydan.tv\/az\/#\/schema\/logo\/image\/","url":"https:\/\/www.meydan.tv\/wp-content\/uploads\/2021\/07\/meydan-logo.svg","contentUrl":"https:\/\/www.meydan.tv\/wp-content\/uploads\/2021\/07\/meydan-logo.svg","width":195,"height":46,"caption":"Meydan TV"},"image":{"@id":"https:\/\/www.meydan.tv\/az\/#\/schema\/logo\/image\/"}},{"@type":"Person","@id":"https:\/\/www.meydan.tv\/az\/#\/schema\/person\/9cdbecf90d17180ce1dfbd95b08dcf47","name":"elli","sameAs":["https:\/\/x.com\/elli"]}]}},"_links":{"self":[{"href":"https:\/\/www.meydan.tv\/az\/wp-json\/wp\/v2\/posts\/262087","targetHints":{"allow":["GET"]}}],"collection":[{"href":"https:\/\/www.meydan.tv\/az\/wp-json\/wp\/v2\/posts"}],"about":[{"href":"https:\/\/www.meydan.tv\/az\/wp-json\/wp\/v2\/types\/post"}],"author":[{"embeddable":true,"href":"https:\/\/www.meydan.tv\/az\/wp-json\/wp\/v2\/users\/8"}],"replies":[{"embeddable":true,"href":"https:\/\/www.meydan.tv\/az\/wp-json\/wp\/v2\/comments?post=262087"}],"version-history":[{"count":4,"href":"https:\/\/www.meydan.tv\/az\/wp-json\/wp\/v2\/posts\/262087\/revisions"}],"predecessor-version":[{"id":262094,"href":"https:\/\/www.meydan.tv\/az\/wp-json\/wp\/v2\/posts\/262087\/revisions\/262094"}],"wp:featuredmedia":[{"embeddable":true,"href":"https:\/\/www.meydan.tv\/az\/wp-json\/wp\/v2\/media\/226362"}],"wp:attachment":[{"href":"https:\/\/www.meydan.tv\/az\/wp-json\/wp\/v2\/media?parent=262087"}],"wp:term":[{"taxonomy":"category","embeddable":true,"href":"https:\/\/www.meydan.tv\/az\/wp-json\/wp\/v2\/categories?post=262087"},{"taxonomy":"post_tag","embeddable":true,"href":"https:\/\/www.meydan.tv\/az\/wp-json\/wp\/v2\/tags?post=262087"}],"curies":[{"name":"wp","href":"https:\/\/api.w.org\/{rel}","templated":true}]}}