{"id":262040,"date":"2022-11-29T13:46:11","date_gmt":"2022-11-29T09:46:11","guid":{"rendered":"https:\/\/www.meydan.tv\/?p=262040"},"modified":"2022-11-29T13:46:14","modified_gmt":"2022-11-29T09:46:14","slug":"herbi-prokurorluq-boyreklerini-zedeledi-reis-muavini-qulagini-kar-eledi-mehkeme-de","status":"publish","type":"post","link":"https:\/\/www.meydan.tv\/az\/article\/herbi-prokurorluq-boyreklerini-zedeledi-reis-muavini-qulagini-kar-eledi-mehkeme-de\/","title":{"rendered":"&#8220;H\u0259rbi Prokurorluq b\u00f6yr\u0259kl\u0259rini z\u0259d\u0259l\u0259di, r\u0259is m\u00fcavini qula\u011f\u0131n\u0131 kar el\u0259di, m\u0259hk\u0259m\u0259 d\u0259&#8230;&#8221;"},"content":{"rendered":"\n<p><\/p>\n\n\n\n<p><\/p>\n\n\n\n<p><em>M\u0259hs\u0259ti Salmanova: &#8220;Bunlar h\u0259l\u0259 s\u00f6zl\u0259 dey\u0259 bildiyim i\u015fg\u0259nc\u0259l\u0259rdir, murdarl\u0131qlar edibl\u0259r, dil\u0259 g\u0259tiril\u0259si deyil&#8221;<\/em><\/p>\n\n\n\n<p>&#8220;T\u0259rt\u0259r i\u015fi\u201d \u00fczr\u0259 h\u0259bsd\u0259 olanlardan biri \u2013 \u0130smay\u0131l H\u00fcseynovun anas\u0131 M\u0259hs\u0259ti Salmanova o\u011flunun saxland\u0131\u011f\u0131 c\u0259za\u00e7\u0259km\u0259 m\u00fc\u0259ssis\u0259sind\u0259 i\u015fg\u0259nc\u0259y\u0259 m\u0259ruz qald\u0131\u011f\u0131n\u0131 deyir. 5 il yar\u0131md\u0131r h\u0259bsd\u0259 olan 27 ya\u015fl\u0131 \u0130smay\u0131l H\u00fcseynova 15 il azadl\u0131qdan m\u0259hrumetm\u0259 c\u0259zas\u0131 verilib. O, 12 sayl\u0131 c\u0259za\u00e7\u0259km\u0259 m\u00fc\u0259ssis\u0259sind\u0259 saxlan\u0131l\u0131r.<\/p>\n\n\n\n<p><strong>&#8220;C\u0259za\u00e7\u0259km\u0259 m\u00fc\u0259ssis\u0259sind\u0259 el\u0259 qula\u011f\u0131n\u0131n p\u0259rd\u0259si z\u0259d\u0259l\u0259nib&#8221;<\/strong><\/p>\n\n\n\n<p>G\u0259nc\u0259 sakini M\u0259hs\u0259ti Salmanova Meydan TV-y\u0259 dan\u0131\u015f\u0131r ki, \u0259vv\u0259ll\u0259r d\u0259 \u00f6vlad\u0131n\u0131n saxland\u0131\u011f\u0131 m\u00fc\u0259ssis\u0259d\u0259 t\u0259zyiql\u0259r\u0259 m\u0259ruz qalmas\u0131 hallar\u0131 olmu\u015fdu. V\u0259ziyy\u0259t o h\u0259dd\u0259 \u00e7atm\u0131\u015fd\u0131 ki, o, \u00f6z\u00fcn\u0259 q\u0259sd etmi\u015fdi. Lakin xeyli vaxtd\u0131r ki, t\u0259zyiql\u0259r s\u0259ngimi\u015fdi.<\/p>\n\n\n\n<p>\u201cYen\u0259 ba\u015flay\u0131blar. O m\u00fc\u0259ssis\u0259d\u0259 \u201cT\u0259rt\u0259r i\u015fi\u201d \u00fczr\u0259 h\u0259bs olunanlardan 3 n\u0259f\u0259r saxlan\u0131l\u0131rd\u0131. \u0130kisini apard\u0131lar, onlar\u0131n i\u015fin\u0259 yenid\u0259n bax\u0131rlar. O\u011flum qald\u0131. Dem\u0259k olar ki, h\u0259r g\u00fcn t\u0259hqirl\u0259r, fiziki t\u0259zyiql\u0259r\u2026 El\u0259 vurublar ki, qula\u011f\u0131n\u0131n p\u0259rd\u0259si z\u0259d\u0259l\u0259nib. Qulaq qanla dolub, onu t\u0259mizl\u0259m\u0259k laz\u0131md\u0131. H\u0259kim d\u0259 yoxlay\u0131b, g\u00f6r\u00fcb ki, qulaq n\u0259 v\u0259ziyy\u0259td\u0259dir\u201d, &#8211; M\u0259hs\u0259ti Salmanova bildirib.<\/p>\n\n\n\n<p><strong>&#8220;D\u0259f\u0259l\u0259rl\u0259 \u0259ll\u0259rini qandallay\u0131b, \u015f\u0259xs\u0259n d\u00f6y\u00fcb\u201d<\/strong><\/p>\n\n\n\n<p>O, o\u011fluna i\u015fg\u0259nc\u0259 ver\u0259nl\u0259r aras\u0131nda r\u0259is m\u00fcavini Bab\u0259k \u0130sg\u0259nd\u0259rovun ad\u0131n\u0131 x\u00fcsusi vur\u011fulay\u0131r. Anan\u0131n s\u00f6zl\u0259rin\u0259 g\u00f6r\u0259, \u00fcmumiyy\u0259tl\u0259, bu \u015f\u0259xs h\u0259min c\u0259za\u00e7\u0259km\u0259 m\u00fc\u0259ssis\u0259sind\u0259 m\u0259hbuslara qar\u015f\u0131 q\u0259ddarl\u0131\u011f\u0131 il\u0259 f\u0259rql\u0259nir. Bir m\u00fcdd\u0259t \u00f6nc\u0259 m\u0259hbuslar\u0131n d\u00f6vl\u0259t ba\u015f\u00e7\u0131s\u0131na \u00fcnvanlad\u0131\u011f\u0131 \u015fikay\u0259t m\u0259ktubunda da 12 sayl\u0131 c\u0259za\u00e7\u0259km\u0259 m\u00fc\u0259ssis\u0259sind\u0259 i\u015fg\u0259nc\u0259l\u0259rd\u0259n b\u0259hs olunur v\u0259 Bab\u0259k \u0130sg\u0259nd\u0259rovun ad\u0131 \u00e7\u0259kilirdi:<\/p>\n\n\n\n<p>\u201cD\u0259f\u0259l\u0259rl\u0259 o\u011flumun \u0259ll\u0259rini arxadan qandallatd\u0131r\u0131b, \u015f\u0259xs\u0259n d\u00f6y\u00fcb, ya da \u0259linin alt\u0131ndak\u0131 i\u015f\u00e7il\u0259rin\u0259 d\u00f6yd\u00fcr\u00fcb, tama\u015fa edib. Anlaya bilmir\u0259m ki, ba\u015fqas\u0131na i\u015fg\u0259nc\u0259 verm\u0259kd\u0259n nec\u0259 h\u0259zz almaq olar?\u201d.<\/p>\n\n\n<div class=\"wp-block-image\">\n<figure class=\"aligncenter size-full\"><img decoding=\"async\" width=\"1200\" height=\"800\" data-src=\"https:\/\/www.meydan.tv\/wp-content\/uploads\/untitled-design-2-63.jpg\" alt=\"\" class=\"wp-image-262037 lazyload\" src=\"data:image\/svg+xml;base64,PHN2ZyB3aWR0aD0iMSIgaGVpZ2h0PSIxIiB4bWxucz0iaHR0cDovL3d3dy53My5vcmcvMjAwMC9zdmciPjwvc3ZnPg==\" style=\"--smush-placeholder-width: 1200px; --smush-placeholder-aspect-ratio: 1200\/800;\" \/><figcaption class=\"wp-element-caption\">\u0130smay\u0131l H\u00fcseynov<\/figcaption><\/figure>\n<\/div>\n\n\n<p>M\u0259hs\u0259ti Salmanova deyir ki, \u0130smay\u0131l H\u00fcseynova qar\u015f\u0131 son i\u015fg\u0259nc\u0259l\u0259r noyabr\u0131n 10-dan ba\u015flay\u0131b. Amma onun ail\u0259si il\u0259 telefon dan\u0131\u015f\u0131qlar\u0131na qada\u011fa qoyuldu\u011funa g\u00f6r\u0259 ba\u015f ver\u0259nl\u0259rd\u0259n gec x\u0259b\u0259r tutublar. Art\u0131q Penitensiar Xidm\u0259td\u0259n tutmu\u015f, Ombudsman, Ba\u015f prokuror, Beyn\u0259lxalq Q\u0131rm\u0131z\u0131 Xa\u015f Komit\u0259sin\u0259 q\u0259d\u0259r m\u00fcxt\u0259lif qurumlara \u015fikay\u0259t etdiyini dey\u0259n anan\u0131n s\u00f6zl\u0259rin\u0259 g\u00f6r\u0259, bundan sonra o\u011fluna qar\u015f\u0131 ba\u015fqa formada t\u0259zyiql\u0259r ba\u015flay\u0131b:<\/p>\n\n\n\n<p>\u201cBab\u0259k \u0130sg\u0259nd\u0259rov onu \u0259lalt\u0131lar\u0131 il\u0259 kabinet\u0259 sal\u0131b, deyib ki, 40 n\u0259f\u0259r m\u0259hbus se\u00e7ib, \u0130smay\u0131l\u0131n \u0259leyhin\u0259 izahat ver\u0259c\u0259kl\u0259r. O\u011flumu yen\u0259 d\u00f6y\u00fcbl\u0259r, \u201ckars\u201da sal\u0131blar. Bir saatdan sonra yoxlama g\u0259lib dey\u0259, m\u0259cburi \u00e7\u0131xar\u0131blar. \u0130ki g\u00fcn \u0259vv\u0259l ax\u015fam saat 10-a q\u0259d\u0259r o\u011flumu inzibati binada saxlay\u0131blar, t\u0259l\u0259b edibl\u0259r ki, \u0259riz\u0259 yazs\u0131n. Orada g\u00f6st\u0259rsin ki, guya t\u0259qsiri oldu\u011funa g\u00f6r\u0259 c\u0259zaland\u0131r\u0131l\u0131b. T\u0259s\u0259vv\u00fcr el\u0259yin, m\u0259cbur el\u0259m\u0259k \u00fc\u00e7\u00fcn hans\u0131 yola \u0259l at\u0131blar. \u0130ki n\u0259f\u0259r m\u0259hbusu g\u0259tiribl\u0259r ki, \u0259g\u0259r yazmasan, \u201ckarsa\u201d ged\u0259c\u0259kl\u0259r. H\u0259bs yerind\u0259 bunun n\u0259 dem\u0259k oldu\u011funu anlamaq \u00e7\u0259tin deyil. \u0130smay\u0131l da m\u0259cbur olub, imza at\u0131b. Ert\u0259si g\u00fcn s\u0259h\u0259r r\u0259is \u00e7a\u011f\u0131r\u0131b, deyib ki, s\u0259brli olsun, problem olmayacaq. \u0130ll\u0259rdir ona z\u00fclm el\u0259yirl\u0259r \u2013 H\u0259rbi Prokurorluq b\u00f6yr\u0259kl\u0259rini z\u0259d\u0259l\u0259di, Bab\u0259k \u0130sg\u0259nd\u0259rov qula\u011f\u0131n\u0131 kar el\u0259di, m\u0259hk\u0259m\u0259 d\u0259 g\u0259ncliyini, azadl\u0131\u011f\u0131n\u0131 \u0259lind\u0259n ald\u0131\u2026\u201d.<\/p>\n\n\n\n<p><strong>\u201cQ\u0259tiyy\u0259n problem yoxdur\u201d<\/strong><\/p>\n\n\n\n<p>Penitensiar Xidm\u0259t is\u0259 12 sayl\u0131 c\u0259za\u00e7\u0259km\u0259 m\u00fc\u0259ssis\u0259sind\u0259 m\u0259hbus \u0130smay\u0131l H\u00fcseynovun i\u015fg\u0259nc\u0259y\u0259 m\u0259ruz qalmas\u0131 haqda anas\u0131n\u0131n s\u0259sl\u0259ndirdiyi fikirl\u0259ri t\u0259kzib edib. Qurumun ictimaiyy\u0259tl\u0259 \u0259laq\u0259l\u0259r \u015f\u00f6b\u0259sinin r\u0259hb\u0259ri Mehman Sad\u0131qov Meydan TV-y\u0259 bildirib ki, bu iddialar do\u011fru deyil.<\/p>\n\n\n\n<p>\u201cO m\u0259hkumla ba\u011fl\u0131 q\u0259tiyy\u0259n he\u00e7 bir problem yoxdur. M\u0259n bilmir\u0259m, anas\u0131 niy\u0259 bu fikirl\u0259ri s\u0259sl\u0259ndirir. N\u0259 qula\u011f\u0131 partlay\u0131b, n\u0259 d\u00f6y\u00fclm\u0259 var. Bildiyim\u0259 g\u00f6r\u0259, problemli m\u0259hkum da deyil\u201d, &#8211; Mehman Sad\u0131qov bildirib.<\/p>\n\n\n<div class=\"wp-block-image\">\n<figure class=\"aligncenter size-full\"><img decoding=\"async\" width=\"1200\" height=\"800\" data-src=\"https:\/\/www.meydan.tv\/wp-content\/uploads\/untitled-design-77.jpg\" alt=\"\" class=\"wp-image-262034 lazyload\" src=\"data:image\/svg+xml;base64,PHN2ZyB3aWR0aD0iMSIgaGVpZ2h0PSIxIiB4bWxucz0iaHR0cDovL3d3dy53My5vcmcvMjAwMC9zdmciPjwvc3ZnPg==\" style=\"--smush-placeholder-width: 1200px; --smush-placeholder-aspect-ratio: 1200\/800;\" \/><figcaption class=\"wp-element-caption\"> M\u0259hs\u0259ti Salmanova<\/figcaption><\/figure>\n<\/div>\n\n\n<p>1995-ci il t\u0259v\u0259ll\u00fcdl\u00fc gizir \u0130smay\u0131l H\u00fcseynov 18 may 2017- ci ild\u0259n h\u0259bsd\u0259dir. O, Bak\u0131 H\u0259rbi M\u0259hk\u0259m\u0259sinin 1 avqust 2018-ci il tarixli h\u00f6km\u00fcyl\u0259 d\u00f6vl\u0259t\u0259 x\u0259yan\u0259t v\u0259 ba\u015fqa ittihamlarla 15 il azadl\u0131qdan m\u0259hrum edilib.<br>Anas\u0131 deyir ki, o\u011flunu 2017-ci ild\u0259 may\u0131n 18-n\u0259 ke\u00e7\u0259n gec\u0259 saat 3 rad\u0259l\u0259rind\u0259 prezidentin q\u0259buluna aparmaq ad\u0131yla geyindirib, evd\u0259n \u00e7\u0131xar\u0131blar:<\/p>\n\n\n\n<p>\u201cOnu G\u0259nc\u0259d\u0259 ya\u015fad\u0131\u011f\u0131m\u0131z evd\u0259n T\u0259rt\u0259r\u0259 apar\u0131blar. Orada ona el\u0259 i\u015fg\u0259nc\u0259l\u0259r verilib, h\u0259r yad\u0131ma d\u00fc\u015f\u0259nd\u0259 \u00fcr\u0259yim partlay\u0131r. Ayaqlar\u0131ndan as\u0131b ba\u015f\u0131n\u0131 su il\u0259 dolu qaba sal\u0131blar, suyun i\u00e7in\u0259 d\u0259 tok burax\u0131blar\u2026 Onu \u00f6z\u00fcnd\u0259n ged\u0259n\u0259 q\u0259d\u0259r d\u00f6y\u00fcbl\u0259r, b\u0259d\u0259nin\u0259, cinsiyy\u0259t orqan\u0131na tok veribl\u0259r. \u015elanqla a\u011fz\u0131na suyu doldurub bo\u011fublar\u2026 Bunlar h\u0259l\u0259 s\u00f6zl\u0259 dey\u0259 bildiyim i\u015fg\u0259nc\u0259l\u0259rdir. El\u0259 murdarl\u0131qlar edibl\u0259r, dil\u0259 g\u0259tiril\u0259si deyil. Bunlara kim d\u00f6z\u0259 bil\u0259rdi ki, \u0130smay\u0131l da d\u00f6zs\u00fcn? Ona g\u00f6r\u0259 m\u0259cbur qal\u0131b, n\u0259 ittiham veribl\u0259r, qol \u00e7\u0259kib. \u0130ndi d\u0259 prokurorluq onun i\u015fin\u0259 baxm\u0131r. \u0130st\u0259mirl\u0259r desinl\u0259r ki, bu u\u015faqlar\u0131n ham\u0131s\u0131 g\u00fcnahs\u0131zd\u0131r. Ona g\u00f6r\u0259 bir hiss\u0259sinin i\u015fin\u0259 yenid\u0259n bax\u0131rlar, bir hiss\u0259sin\u0259 yox. Bel\u0259 haqs\u0131zl\u0131q olar?!\u201d.<\/p>\n\n\n\n<p><strong>Q\u0131sa aray\u0131\u015f:<\/strong><\/p>\n\n\n\n<p>2021-ci ilin dekabr\u0131nda \u201cT\u0259rt\u0259r i\u015fi\u201d \u00fczr\u0259 icraat yenil\u0259nib. Bundan sonra Ba\u015f Prokurorun m\u0259ktubu sentyabr\u0131n 30-da Ali M\u0259hk\u0259m\u0259nin Plenumu \u201cT\u0259rt\u0259r hadis\u0259l\u0259ri\u201dnd\u0259 d\u00f6vl\u0259t\u0259 x\u0259yan\u0259t v\u0259 ba\u015fqa a\u011f\u0131r ittihamlarla uzunm\u00fcdd\u0259tli h\u0259bs\u0259 m\u0259hkum edilmi\u015f \u015f\u0259xsl\u0259rd\u0259n 19 n\u0259f\u0259r haqq\u0131nda vaxtil\u0259 apelyasiya v\u0259 kassasiya instansiya m\u0259hk\u0259m\u0259l\u0259rinin \u00e7\u0131xard\u0131\u011f\u0131 q\u0259rarlar\u0131 l\u0259\u011fv el\u0259di. Bu m\u0259hk\u0259m\u0259l\u0259r \u2013 apelyasiya m\u0259hk\u0259m\u0259si v\u0259 Ali M\u0259hk\u0259m\u0259 h\u0259min \u015f\u0259xsl\u0259r haqq\u0131nda 7 ild\u0259n 20 il\u0259 q\u0259d\u0259r h\u0259bs h\u00f6kml\u0259rini q\u00fcvv\u0259d\u0259 saxlam\u0131\u015fd\u0131.<br>Ali M\u0259hk\u0259m\u0259nin Plenumu q\u0259rar verdi ki, bu \u015f\u0259xsl\u0259rin i\u015fl\u0259rini G\u0259nc\u0259 Apelyasiya M\u0259hk\u0259m\u0259si yenid\u0259n ara\u015fd\u0131rs\u0131n.<\/p>\n\n\n\n<p>S\u00f6z\u00fcged\u0259n 19 n\u0259f\u0259rin i\u015fi \u00fc\u00e7 qrup \u015f\u0259klind\u0259 apelyasiya instansiyas\u0131na g\u00f6nd\u0259rildi. G\u0259nc\u0259 Apelyasiya M\u0259hk\u0259m\u0259sind\u0259 onlar\u0131n i\u015fin\u0259 bax\u0131ld\u0131 v\u0259 ham\u0131s\u0131 haqq\u0131nda T\u0259rt\u0259r H\u0259rbi M\u0259hk\u0259m\u0259sinin vaxtil\u0259 \u00e7\u0131xard\u0131\u011f\u0131 ittiham h\u00f6km\u00fc l\u0259\u011fv edildi. \u0130\u015f t\u0259krar ara\u015fd\u0131rma \u00fc\u00e7\u00fcn G\u0259nc\u0259 H\u0259rbi M\u0259hk\u0259m\u0259sin\u0259 g\u00f6nd\u0259rildi. Bu m\u0259hk\u0259m\u0259 d\u0259 onlar\u0131n i\u015fl\u0259rini istintaqa qaytard\u0131.<\/p>\n","protected":false},"excerpt":{"rendered":"<p>M\u0259hs\u0259ti Salmanova: &#8220;Bunlar h\u0259l\u0259 s\u00f6zl\u0259 dey\u0259 bildiyim i\u015fg\u0259nc\u0259l\u0259rdir, murdarl\u0131qlar edibl\u0259r, &#8230; <\/p>\n<p class=\"read-more-container\"><a title=\"&#8220;H\u0259rbi Prokurorluq b\u00f6yr\u0259kl\u0259rini z\u0259d\u0259l\u0259di, r\u0259is m\u00fcavini qula\u011f\u0131n\u0131 kar el\u0259di, m\u0259hk\u0259m\u0259 d\u0259&#8230;&#8221;\" class=\"read-more button\" href=\"https:\/\/www.meydan.tv\/az\/article\/herbi-prokurorluq-boyreklerini-zedeledi-reis-muavini-qulagini-kar-eledi-mehkeme-de\/#more-262040\" aria-label=\"Read more about &#8220;H\u0259rbi Prokurorluq b\u00f6yr\u0259kl\u0259rini z\u0259d\u0259l\u0259di, r\u0259is m\u00fcavini qula\u011f\u0131n\u0131 kar el\u0259di, m\u0259hk\u0259m\u0259 d\u0259&#8230;&#8221;\">Davam\u0131<\/a><\/p>\n","protected":false},"author":8,"featured_media":228588,"comment_status":"closed","ping_status":"closed","sticky":false,"template":"","format":"standard","meta":{"_acf_changed":false,"_sitemap_exclude":false,"_sitemap_priority":"","_sitemap_frequency":"","footnotes":""},"categories":[60,79,56],"tags":[],"class_list":["post-262040","post","type-post","status-publish","format-standard","has-post-thumbnail","hentry","category-bolge","category-featured","category-xeberler","infinite-scroll-item","generate-columns","tablet-grid-50","mobile-grid-100","grid-parent","grid-33","no-featured-image-padding"],"acf":[],"yoast_head":"<!-- This site is optimized with the Yoast SEO plugin v27.5 - https:\/\/yoast.com\/product\/yoast-seo-wordpress\/ -->\n<title>&quot;H\u0259rbi Prokurorluq b\u00f6yr\u0259kl\u0259rini z\u0259d\u0259l\u0259di, r\u0259is m\u00fcavini qula\u011f\u0131n\u0131 kar el\u0259di, m\u0259hk\u0259m\u0259 d\u0259...&quot; - MEYDAN.TV<\/title>\n<meta name=\"robots\" content=\"index, follow, max-snippet:-1, max-image-preview:large, max-video-preview:-1\" \/>\n<link rel=\"canonical\" href=\"https:\/\/www.meydan.tv\/az\/article\/herbi-prokurorluq-boyreklerini-zedeledi-reis-muavini-qulagini-kar-eledi-mehkeme-de\/\" \/>\n<meta property=\"og:locale\" content=\"az_AZ\" \/>\n<meta property=\"og:type\" content=\"article\" \/>\n<meta property=\"og:title\" content=\"&quot;H\u0259rbi Prokurorluq b\u00f6yr\u0259kl\u0259rini z\u0259d\u0259l\u0259di, r\u0259is m\u00fcavini qula\u011f\u0131n\u0131 kar el\u0259di, m\u0259hk\u0259m\u0259 d\u0259...&quot; - MEYDAN.TV\" \/>\n<meta property=\"og:description\" content=\"M\u0259hs\u0259ti Salmanova: &#8220;Bunlar h\u0259l\u0259 s\u00f6zl\u0259 dey\u0259 bildiyim i\u015fg\u0259nc\u0259l\u0259rdir, murdarl\u0131qlar edibl\u0259r, ... Davam\u0131\" \/>\n<meta property=\"og:url\" content=\"https:\/\/www.meydan.tv\/az\/article\/herbi-prokurorluq-boyreklerini-zedeledi-reis-muavini-qulagini-kar-eledi-mehkeme-de\/\" \/>\n<meta property=\"og:site_name\" content=\"MEYDAN.TV\" \/>\n<meta property=\"article:published_time\" content=\"2022-11-29T09:46:11+00:00\" \/>\n<meta property=\"article:modified_time\" content=\"2022-11-29T09:46:14+00:00\" \/>\n<meta property=\"og:image\" content=\"https:\/\/www.meydan.tv\/wp-content\/uploads\/image_from_ios-4-e1638869124152.jpg\" \/>\n\t<meta property=\"og:image:width\" content=\"1200\" \/>\n\t<meta property=\"og:image:height\" content=\"507\" \/>\n\t<meta property=\"og:image:type\" content=\"image\/jpeg\" \/>\n<meta name=\"author\" content=\"elli\" \/>\n<meta name=\"twitter:card\" content=\"summary_large_image\" \/>\n<meta name=\"twitter:creator\" content=\"@elli\" \/>\n<script type=\"application\/ld+json\" class=\"yoast-schema-graph\">{\"@context\":\"https:\\\/\\\/schema.org\",\"@graph\":[{\"@type\":\"Article\",\"@id\":\"https:\\\/\\\/www.meydan.tv\\\/az\\\/article\\\/herbi-prokurorluq-boyreklerini-zedeledi-reis-muavini-qulagini-kar-eledi-mehkeme-de\\\/#article\",\"isPartOf\":{\"@id\":\"https:\\\/\\\/www.meydan.tv\\\/az\\\/article\\\/herbi-prokurorluq-boyreklerini-zedeledi-reis-muavini-qulagini-kar-eledi-mehkeme-de\\\/\"},\"author\":{\"name\":\"elli\",\"@id\":\"https:\\\/\\\/www.meydan.tv\\\/az\\\/#\\\/schema\\\/person\\\/9cdbecf90d17180ce1dfbd95b08dcf47\"},\"headline\":\"&#8220;H\u0259rbi Prokurorluq b\u00f6yr\u0259kl\u0259rini z\u0259d\u0259l\u0259di, r\u0259is m\u00fcavini qula\u011f\u0131n\u0131 kar el\u0259di, m\u0259hk\u0259m\u0259 d\u0259&#8230;&#8221;\",\"datePublished\":\"2022-11-29T09:46:11+00:00\",\"dateModified\":\"2022-11-29T09:46:14+00:00\",\"mainEntityOfPage\":{\"@id\":\"https:\\\/\\\/www.meydan.tv\\\/az\\\/article\\\/herbi-prokurorluq-boyreklerini-zedeledi-reis-muavini-qulagini-kar-eledi-mehkeme-de\\\/\"},\"wordCount\":1366,\"publisher\":{\"@id\":\"https:\\\/\\\/www.meydan.tv\\\/az\\\/#organization\"},\"image\":{\"@id\":\"https:\\\/\\\/www.meydan.tv\\\/az\\\/article\\\/herbi-prokurorluq-boyreklerini-zedeledi-reis-muavini-qulagini-kar-eledi-mehkeme-de\\\/#primaryimage\"},\"thumbnailUrl\":\"https:\\\/\\\/www.meydan.tv\\\/wp-content\\\/uploads\\\/image_from_ios-4-e1638869124152.jpg\",\"articleSection\":[\"B\u00f6lg\u0259\",\"T\u00f6vsiy\u0259\",\"X\u0259b\u0259rl\u0259r\"],\"inLanguage\":\"az\"},{\"@type\":\"WebPage\",\"@id\":\"https:\\\/\\\/www.meydan.tv\\\/az\\\/article\\\/herbi-prokurorluq-boyreklerini-zedeledi-reis-muavini-qulagini-kar-eledi-mehkeme-de\\\/\",\"url\":\"https:\\\/\\\/www.meydan.tv\\\/az\\\/article\\\/herbi-prokurorluq-boyreklerini-zedeledi-reis-muavini-qulagini-kar-eledi-mehkeme-de\\\/\",\"name\":\"\\\"H\u0259rbi Prokurorluq b\u00f6yr\u0259kl\u0259rini z\u0259d\u0259l\u0259di, r\u0259is m\u00fcavini qula\u011f\u0131n\u0131 kar el\u0259di, m\u0259hk\u0259m\u0259 d\u0259...\\\" - MEYDAN.TV\",\"isPartOf\":{\"@id\":\"https:\\\/\\\/www.meydan.tv\\\/az\\\/#website\"},\"primaryImageOfPage\":{\"@id\":\"https:\\\/\\\/www.meydan.tv\\\/az\\\/article\\\/herbi-prokurorluq-boyreklerini-zedeledi-reis-muavini-qulagini-kar-eledi-mehkeme-de\\\/#primaryimage\"},\"image\":{\"@id\":\"https:\\\/\\\/www.meydan.tv\\\/az\\\/article\\\/herbi-prokurorluq-boyreklerini-zedeledi-reis-muavini-qulagini-kar-eledi-mehkeme-de\\\/#primaryimage\"},\"thumbnailUrl\":\"https:\\\/\\\/www.meydan.tv\\\/wp-content\\\/uploads\\\/image_from_ios-4-e1638869124152.jpg\",\"datePublished\":\"2022-11-29T09:46:11+00:00\",\"dateModified\":\"2022-11-29T09:46:14+00:00\",\"breadcrumb\":{\"@id\":\"https:\\\/\\\/www.meydan.tv\\\/az\\\/article\\\/herbi-prokurorluq-boyreklerini-zedeledi-reis-muavini-qulagini-kar-eledi-mehkeme-de\\\/#breadcrumb\"},\"inLanguage\":\"az\",\"potentialAction\":[{\"@type\":\"ReadAction\",\"target\":[\"https:\\\/\\\/www.meydan.tv\\\/az\\\/article\\\/herbi-prokurorluq-boyreklerini-zedeledi-reis-muavini-qulagini-kar-eledi-mehkeme-de\\\/\"]}]},{\"@type\":\"ImageObject\",\"inLanguage\":\"az\",\"@id\":\"https:\\\/\\\/www.meydan.tv\\\/az\\\/article\\\/herbi-prokurorluq-boyreklerini-zedeledi-reis-muavini-qulagini-kar-eledi-mehkeme-de\\\/#primaryimage\",\"url\":\"https:\\\/\\\/www.meydan.tv\\\/wp-content\\\/uploads\\\/image_from_ios-4-e1638869124152.jpg\",\"contentUrl\":\"https:\\\/\\\/www.meydan.tv\\\/wp-content\\\/uploads\\\/image_from_ios-4-e1638869124152.jpg\",\"width\":1200,\"height\":507,\"caption\":\"\\\"T\u0259rt\u0259r i\u015fi\\\". Foto: Meydan TV\"},{\"@type\":\"BreadcrumbList\",\"@id\":\"https:\\\/\\\/www.meydan.tv\\\/az\\\/article\\\/herbi-prokurorluq-boyreklerini-zedeledi-reis-muavini-qulagini-kar-eledi-mehkeme-de\\\/#breadcrumb\",\"itemListElement\":[{\"@type\":\"ListItem\",\"position\":1,\"name\":\"Ana s\u0259hif\u0259\",\"item\":\"https:\\\/\\\/www.meydan.tv\\\/az\\\/\"},{\"@type\":\"ListItem\",\"position\":2,\"name\":\"B\u00f6lg\u0259\",\"item\":\"https:\\\/\\\/www.meydan.tv\\\/az\\\/section\\\/bolge\\\/\"},{\"@type\":\"ListItem\",\"position\":3,\"name\":\"&#8220;H\u0259rbi Prokurorluq b\u00f6yr\u0259kl\u0259rini z\u0259d\u0259l\u0259di, r\u0259is m\u00fcavini qula\u011f\u0131n\u0131 kar el\u0259di, m\u0259hk\u0259m\u0259 d\u0259&#8230;&#8221;\"}]},{\"@type\":\"WebSite\",\"@id\":\"https:\\\/\\\/www.meydan.tv\\\/az\\\/#website\",\"url\":\"https:\\\/\\\/www.meydan.tv\\\/az\\\/\",\"name\":\"MEYDAN.TV\",\"description\":\"Meydan TV Az\u0259rbaycan\u0131n media m\u0259kan\u0131ndak\u0131 alternativ s\u0259sidir\",\"publisher\":{\"@id\":\"https:\\\/\\\/www.meydan.tv\\\/az\\\/#organization\"},\"potentialAction\":[{\"@type\":\"SearchAction\",\"target\":{\"@type\":\"EntryPoint\",\"urlTemplate\":\"https:\\\/\\\/www.meydan.tv\\\/az\\\/?s={search_term_string}\"},\"query-input\":{\"@type\":\"PropertyValueSpecification\",\"valueRequired\":true,\"valueName\":\"search_term_string\"}}],\"inLanguage\":\"az\"},{\"@type\":\"Organization\",\"@id\":\"https:\\\/\\\/www.meydan.tv\\\/az\\\/#organization\",\"name\":\"Meydan TV\",\"url\":\"https:\\\/\\\/www.meydan.tv\\\/az\\\/\",\"logo\":{\"@type\":\"ImageObject\",\"inLanguage\":\"az\",\"@id\":\"https:\\\/\\\/www.meydan.tv\\\/az\\\/#\\\/schema\\\/logo\\\/image\\\/\",\"url\":\"https:\\\/\\\/www.meydan.tv\\\/wp-content\\\/uploads\\\/2021\\\/07\\\/meydan-logo.svg\",\"contentUrl\":\"https:\\\/\\\/www.meydan.tv\\\/wp-content\\\/uploads\\\/2021\\\/07\\\/meydan-logo.svg\",\"width\":195,\"height\":46,\"caption\":\"Meydan TV\"},\"image\":{\"@id\":\"https:\\\/\\\/www.meydan.tv\\\/az\\\/#\\\/schema\\\/logo\\\/image\\\/\"}},{\"@type\":\"Person\",\"@id\":\"https:\\\/\\\/www.meydan.tv\\\/az\\\/#\\\/schema\\\/person\\\/9cdbecf90d17180ce1dfbd95b08dcf47\",\"name\":\"elli\",\"sameAs\":[\"https:\\\/\\\/x.com\\\/elli\"]}]}<\/script>\n<!-- \/ Yoast SEO plugin. -->","yoast_head_json":{"title":"\"H\u0259rbi Prokurorluq b\u00f6yr\u0259kl\u0259rini z\u0259d\u0259l\u0259di, r\u0259is m\u00fcavini qula\u011f\u0131n\u0131 kar el\u0259di, m\u0259hk\u0259m\u0259 d\u0259...\" - MEYDAN.TV","robots":{"index":"index","follow":"follow","max-snippet":"max-snippet:-1","max-image-preview":"max-image-preview:large","max-video-preview":"max-video-preview:-1"},"canonical":"https:\/\/www.meydan.tv\/az\/article\/herbi-prokurorluq-boyreklerini-zedeledi-reis-muavini-qulagini-kar-eledi-mehkeme-de\/","og_locale":"az_AZ","og_type":"article","og_title":"\"H\u0259rbi Prokurorluq b\u00f6yr\u0259kl\u0259rini z\u0259d\u0259l\u0259di, r\u0259is m\u00fcavini qula\u011f\u0131n\u0131 kar el\u0259di, m\u0259hk\u0259m\u0259 d\u0259...\" - MEYDAN.TV","og_description":"M\u0259hs\u0259ti Salmanova: &#8220;Bunlar h\u0259l\u0259 s\u00f6zl\u0259 dey\u0259 bildiyim i\u015fg\u0259nc\u0259l\u0259rdir, murdarl\u0131qlar edibl\u0259r, ... Davam\u0131","og_url":"https:\/\/www.meydan.tv\/az\/article\/herbi-prokurorluq-boyreklerini-zedeledi-reis-muavini-qulagini-kar-eledi-mehkeme-de\/","og_site_name":"MEYDAN.TV","article_published_time":"2022-11-29T09:46:11+00:00","article_modified_time":"2022-11-29T09:46:14+00:00","og_image":[{"width":1200,"height":507,"url":"https:\/\/www.meydan.tv\/wp-content\/uploads\/image_from_ios-4-e1638869124152.jpg","type":"image\/jpeg"}],"author":"elli","twitter_card":"summary_large_image","twitter_creator":"@elli","schema":{"@context":"https:\/\/schema.org","@graph":[{"@type":"Article","@id":"https:\/\/www.meydan.tv\/az\/article\/herbi-prokurorluq-boyreklerini-zedeledi-reis-muavini-qulagini-kar-eledi-mehkeme-de\/#article","isPartOf":{"@id":"https:\/\/www.meydan.tv\/az\/article\/herbi-prokurorluq-boyreklerini-zedeledi-reis-muavini-qulagini-kar-eledi-mehkeme-de\/"},"author":{"name":"elli","@id":"https:\/\/www.meydan.tv\/az\/#\/schema\/person\/9cdbecf90d17180ce1dfbd95b08dcf47"},"headline":"&#8220;H\u0259rbi Prokurorluq b\u00f6yr\u0259kl\u0259rini z\u0259d\u0259l\u0259di, r\u0259is m\u00fcavini qula\u011f\u0131n\u0131 kar el\u0259di, m\u0259hk\u0259m\u0259 d\u0259&#8230;&#8221;","datePublished":"2022-11-29T09:46:11+00:00","dateModified":"2022-11-29T09:46:14+00:00","mainEntityOfPage":{"@id":"https:\/\/www.meydan.tv\/az\/article\/herbi-prokurorluq-boyreklerini-zedeledi-reis-muavini-qulagini-kar-eledi-mehkeme-de\/"},"wordCount":1366,"publisher":{"@id":"https:\/\/www.meydan.tv\/az\/#organization"},"image":{"@id":"https:\/\/www.meydan.tv\/az\/article\/herbi-prokurorluq-boyreklerini-zedeledi-reis-muavini-qulagini-kar-eledi-mehkeme-de\/#primaryimage"},"thumbnailUrl":"https:\/\/www.meydan.tv\/wp-content\/uploads\/image_from_ios-4-e1638869124152.jpg","articleSection":["B\u00f6lg\u0259","T\u00f6vsiy\u0259","X\u0259b\u0259rl\u0259r"],"inLanguage":"az"},{"@type":"WebPage","@id":"https:\/\/www.meydan.tv\/az\/article\/herbi-prokurorluq-boyreklerini-zedeledi-reis-muavini-qulagini-kar-eledi-mehkeme-de\/","url":"https:\/\/www.meydan.tv\/az\/article\/herbi-prokurorluq-boyreklerini-zedeledi-reis-muavini-qulagini-kar-eledi-mehkeme-de\/","name":"\"H\u0259rbi Prokurorluq b\u00f6yr\u0259kl\u0259rini z\u0259d\u0259l\u0259di, r\u0259is m\u00fcavini qula\u011f\u0131n\u0131 kar el\u0259di, m\u0259hk\u0259m\u0259 d\u0259...\" - MEYDAN.TV","isPartOf":{"@id":"https:\/\/www.meydan.tv\/az\/#website"},"primaryImageOfPage":{"@id":"https:\/\/www.meydan.tv\/az\/article\/herbi-prokurorluq-boyreklerini-zedeledi-reis-muavini-qulagini-kar-eledi-mehkeme-de\/#primaryimage"},"image":{"@id":"https:\/\/www.meydan.tv\/az\/article\/herbi-prokurorluq-boyreklerini-zedeledi-reis-muavini-qulagini-kar-eledi-mehkeme-de\/#primaryimage"},"thumbnailUrl":"https:\/\/www.meydan.tv\/wp-content\/uploads\/image_from_ios-4-e1638869124152.jpg","datePublished":"2022-11-29T09:46:11+00:00","dateModified":"2022-11-29T09:46:14+00:00","breadcrumb":{"@id":"https:\/\/www.meydan.tv\/az\/article\/herbi-prokurorluq-boyreklerini-zedeledi-reis-muavini-qulagini-kar-eledi-mehkeme-de\/#breadcrumb"},"inLanguage":"az","potentialAction":[{"@type":"ReadAction","target":["https:\/\/www.meydan.tv\/az\/article\/herbi-prokurorluq-boyreklerini-zedeledi-reis-muavini-qulagini-kar-eledi-mehkeme-de\/"]}]},{"@type":"ImageObject","inLanguage":"az","@id":"https:\/\/www.meydan.tv\/az\/article\/herbi-prokurorluq-boyreklerini-zedeledi-reis-muavini-qulagini-kar-eledi-mehkeme-de\/#primaryimage","url":"https:\/\/www.meydan.tv\/wp-content\/uploads\/image_from_ios-4-e1638869124152.jpg","contentUrl":"https:\/\/www.meydan.tv\/wp-content\/uploads\/image_from_ios-4-e1638869124152.jpg","width":1200,"height":507,"caption":"\"T\u0259rt\u0259r i\u015fi\". Foto: Meydan TV"},{"@type":"BreadcrumbList","@id":"https:\/\/www.meydan.tv\/az\/article\/herbi-prokurorluq-boyreklerini-zedeledi-reis-muavini-qulagini-kar-eledi-mehkeme-de\/#breadcrumb","itemListElement":[{"@type":"ListItem","position":1,"name":"Ana s\u0259hif\u0259","item":"https:\/\/www.meydan.tv\/az\/"},{"@type":"ListItem","position":2,"name":"B\u00f6lg\u0259","item":"https:\/\/www.meydan.tv\/az\/section\/bolge\/"},{"@type":"ListItem","position":3,"name":"&#8220;H\u0259rbi Prokurorluq b\u00f6yr\u0259kl\u0259rini z\u0259d\u0259l\u0259di, r\u0259is m\u00fcavini qula\u011f\u0131n\u0131 kar el\u0259di, m\u0259hk\u0259m\u0259 d\u0259&#8230;&#8221;"}]},{"@type":"WebSite","@id":"https:\/\/www.meydan.tv\/az\/#website","url":"https:\/\/www.meydan.tv\/az\/","name":"MEYDAN.TV","description":"Meydan TV Az\u0259rbaycan\u0131n media m\u0259kan\u0131ndak\u0131 alternativ s\u0259sidir","publisher":{"@id":"https:\/\/www.meydan.tv\/az\/#organization"},"potentialAction":[{"@type":"SearchAction","target":{"@type":"EntryPoint","urlTemplate":"https:\/\/www.meydan.tv\/az\/?s={search_term_string}"},"query-input":{"@type":"PropertyValueSpecification","valueRequired":true,"valueName":"search_term_string"}}],"inLanguage":"az"},{"@type":"Organization","@id":"https:\/\/www.meydan.tv\/az\/#organization","name":"Meydan TV","url":"https:\/\/www.meydan.tv\/az\/","logo":{"@type":"ImageObject","inLanguage":"az","@id":"https:\/\/www.meydan.tv\/az\/#\/schema\/logo\/image\/","url":"https:\/\/www.meydan.tv\/wp-content\/uploads\/2021\/07\/meydan-logo.svg","contentUrl":"https:\/\/www.meydan.tv\/wp-content\/uploads\/2021\/07\/meydan-logo.svg","width":195,"height":46,"caption":"Meydan TV"},"image":{"@id":"https:\/\/www.meydan.tv\/az\/#\/schema\/logo\/image\/"}},{"@type":"Person","@id":"https:\/\/www.meydan.tv\/az\/#\/schema\/person\/9cdbecf90d17180ce1dfbd95b08dcf47","name":"elli","sameAs":["https:\/\/x.com\/elli"]}]}},"_links":{"self":[{"href":"https:\/\/www.meydan.tv\/az\/wp-json\/wp\/v2\/posts\/262040","targetHints":{"allow":["GET"]}}],"collection":[{"href":"https:\/\/www.meydan.tv\/az\/wp-json\/wp\/v2\/posts"}],"about":[{"href":"https:\/\/www.meydan.tv\/az\/wp-json\/wp\/v2\/types\/post"}],"author":[{"embeddable":true,"href":"https:\/\/www.meydan.tv\/az\/wp-json\/wp\/v2\/users\/8"}],"replies":[{"embeddable":true,"href":"https:\/\/www.meydan.tv\/az\/wp-json\/wp\/v2\/comments?post=262040"}],"version-history":[{"count":1,"href":"https:\/\/www.meydan.tv\/az\/wp-json\/wp\/v2\/posts\/262040\/revisions"}],"predecessor-version":[{"id":262042,"href":"https:\/\/www.meydan.tv\/az\/wp-json\/wp\/v2\/posts\/262040\/revisions\/262042"}],"wp:featuredmedia":[{"embeddable":true,"href":"https:\/\/www.meydan.tv\/az\/wp-json\/wp\/v2\/media\/228588"}],"wp:attachment":[{"href":"https:\/\/www.meydan.tv\/az\/wp-json\/wp\/v2\/media?parent=262040"}],"wp:term":[{"taxonomy":"category","embeddable":true,"href":"https:\/\/www.meydan.tv\/az\/wp-json\/wp\/v2\/categories?post=262040"},{"taxonomy":"post_tag","embeddable":true,"href":"https:\/\/www.meydan.tv\/az\/wp-json\/wp\/v2\/tags?post=262040"}],"curies":[{"name":"wp","href":"https:\/\/api.w.org\/{rel}","templated":true}]}}