{"id":261986,"date":"2022-11-28T15:52:39","date_gmt":"2022-11-28T11:52:39","guid":{"rendered":"https:\/\/www.meydan.tv\/?p=261986"},"modified":"2022-11-28T15:52:42","modified_gmt":"2022-11-28T11:52:42","slug":"naxcivanin-dovlet-gomruk-komitesi-legv-olundu","status":"publish","type":"post","link":"https:\/\/www.meydan.tv\/az\/article\/naxcivanin-dovlet-gomruk-komitesi-legv-olundu\/","title":{"rendered":"Nax\u00e7\u0131van\u0131n D\u00f6vl\u0259t G\u00f6mr\u00fck Komit\u0259si l\u0259\u011fv olundu"},"content":{"rendered":"\n<p><\/p>\n\n\n\n<p><em>Prezident yeni f\u0259rman imzalad\u0131<\/em><\/p>\n\n\n\n<p>Nax\u00e7\u0131van Muxtar Respublikas\u0131n\u0131n D\u00f6vl\u0259t G\u00f6mr\u00fck Komit\u0259si l\u0259\u011fv edilib.<br>Az\u0259rbaycan Prezidenti \u0130lham \u018fliyev noyabr\u0131n 28-d\u0259 bununla ba\u011fl\u0131 f\u0259rman <a href=\"https:\/\/president.az\/az\/articles\/view\/58009\" target=\"_blank\" rel=\"noreferrer noopener\">imzalay\u0131b<\/a>.<\/p>\n\n\n\n<p>S\u0259n\u0259dd\u0259 \u201cD\u00f6vl\u0259t G\u00f6mr\u00fck Komit\u0259si haqq\u0131nda \u018fsasnam\u0259nin v\u0259 komit\u0259nin strukturunun t\u0259sdiq edilm\u0259si bar\u0259d\u0259\u201d 2012-ci il 4 iyun tarixli F\u0259rman\u0131na istinad olunaraq bildirilib ki, \u0259sasnam\u0259nin 5.1-ci b\u0259ndind\u0259ki \u201cNax\u00e7\u0131van Muxtar Respublikas\u0131n\u0131n D\u00f6vl\u0259t G\u00f6mr\u00fck Komit\u0259si\u201d s\u00f6zl\u0259ri \u00e7\u0131xar\u0131ls\u0131n:<\/p>\n\n\n\n<p>&#8220;5.8-ci b\u0259ndd\u0259n \u201cNax\u00e7\u0131van Muxtar Respublikas\u0131 D\u00f6vl\u0259t G\u00f6mr\u00fck Komit\u0259sinin s\u0259drind\u0259n\u201d s\u00f6zl\u0259ri \u00e7\u0131xar\u0131l\u0131b. H\u0259min F\u0259rmanla t\u0259sdiq edilmi\u015f \u201cD\u00f6vl\u0259t G\u00f6mr\u00fck Komit\u0259sinin strukturu\u201dna a\u015fa\u011f\u0131dak\u0131 m\u0259zmunda 2.1.1-1-ci yar\u0131mb\u0259nd \u0259lav\u0259 edilsin: Nax\u00e7\u0131van Ba\u015f G\u00f6mr\u00fck \u0130dar\u0259si&#8221;.<\/p>\n\n\n\n<p>F\u0259rmanda D\u00f6vl\u0259t G\u00f6mr\u00fck Komit\u0259sin\u0259 Komit\u0259nin strukturunun t\u0259kmill\u0259\u015fdirilm\u0259si il\u0259 ba\u011fl\u0131 t\u0259klifl\u0259rini 1 ay m\u00fcdd\u0259tin\u0259 Nazirl\u0259r Kabinetin\u0259 t\u0259qdim edilm\u0259si tap\u015f\u0131r\u0131l\u0131b.<\/p>\n\n\n\n<p>Noyabr\u0131n 23-d\u0259 D\u00f6vl\u0259t T\u0259hl\u00fck\u0259sizliyi Xidm\u0259ti (DTX) Nax\u00e7\u0131van Muxtar Respublikas\u0131n\u0131n (MR) D\u00f6vl\u0259t G\u00f6mr\u00fck Komit\u0259sind\u0259 \u0259m\u0259liyyat ke\u00e7irib. \u018fm\u0259liyyat n\u0259tic\u0259sind\u0259 komit\u0259nin G\u00f6mr\u00fck tarifl\u0259rinin t\u0259nziml\u0259nm\u0259si v\u0259 \u00f6d\u0259ni\u015fl\u0259r \u015f\u00f6b\u0259sinin r\u0259isi Mansur \u018fsg\u0259rov h\u0259bs olunmu\u015fdu. \u0130ki g\u00fcn \u00f6nc\u0259 is\u0259 komit\u0259nin s\u0259dri, general S\u0259h\u0259t H\u0259bibb\u0259yli d\u0259 <a href=\"https:\/\/www.meydan.tv\/az\/article\/naxcivanda-hebsler-maliyye-naziri-ile-generala-qarsi-ittiham-ireli-surulub\/\" target=\"_blank\" rel=\"noreferrer noopener\">saxlan\u0131l\u0131b<\/a>.<\/p>\n","protected":false},"excerpt":{"rendered":"<p>Prezident yeni f\u0259rman imzalad\u0131 Nax\u00e7\u0131van Muxtar Respublikas\u0131n\u0131n D\u00f6vl\u0259t G\u00f6mr\u00fck Komit\u0259si &#8230; <\/p>\n<p class=\"read-more-container\"><a title=\"Nax\u00e7\u0131van\u0131n D\u00f6vl\u0259t G\u00f6mr\u00fck Komit\u0259si l\u0259\u011fv olundu\" class=\"read-more button\" href=\"https:\/\/www.meydan.tv\/az\/article\/naxcivanin-dovlet-gomruk-komitesi-legv-olundu\/#more-261986\" aria-label=\"Read more about Nax\u00e7\u0131van\u0131n D\u00f6vl\u0259t G\u00f6mr\u00fck Komit\u0259si l\u0259\u011fv olundu\">Davam\u0131<\/a><\/p>\n","protected":false},"author":8,"featured_media":152630,"comment_status":"closed","ping_status":"closed","sticky":false,"template":"","format":"standard","meta":{"_acf_changed":false,"_sitemap_exclude":false,"_sitemap_priority":"","_sitemap_frequency":"","footnotes":""},"categories":[60,79,56],"tags":[],"class_list":["post-261986","post","type-post","status-publish","format-standard","has-post-thumbnail","hentry","category-bolge","category-featured","category-xeberler","infinite-scroll-item","generate-columns","tablet-grid-50","mobile-grid-100","grid-parent","grid-33","no-featured-image-padding"],"acf":[],"yoast_head":"<!-- This site is optimized with the Yoast SEO plugin v27.5 - https:\/\/yoast.com\/product\/yoast-seo-wordpress\/ -->\n<title>Nax\u00e7\u0131van\u0131n D\u00f6vl\u0259t G\u00f6mr\u00fck Komit\u0259si l\u0259\u011fv olundu - MEYDAN.TV<\/title>\n<meta name=\"robots\" content=\"index, follow, max-snippet:-1, max-image-preview:large, max-video-preview:-1\" \/>\n<link rel=\"canonical\" href=\"https:\/\/www.meydan.tv\/az\/article\/naxcivanin-dovlet-gomruk-komitesi-legv-olundu\/\" \/>\n<meta property=\"og:locale\" content=\"az_AZ\" \/>\n<meta property=\"og:type\" content=\"article\" \/>\n<meta property=\"og:title\" content=\"Nax\u00e7\u0131van\u0131n D\u00f6vl\u0259t G\u00f6mr\u00fck Komit\u0259si l\u0259\u011fv olundu - MEYDAN.TV\" \/>\n<meta property=\"og:description\" content=\"Prezident yeni f\u0259rman imzalad\u0131 Nax\u00e7\u0131van Muxtar Respublikas\u0131n\u0131n D\u00f6vl\u0259t G\u00f6mr\u00fck Komit\u0259si ... Davam\u0131\" \/>\n<meta property=\"og:url\" content=\"https:\/\/www.meydan.tv\/az\/article\/naxcivanin-dovlet-gomruk-komitesi-legv-olundu\/\" \/>\n<meta property=\"og:site_name\" content=\"MEYDAN.TV\" \/>\n<meta property=\"article:published_time\" content=\"2022-11-28T11:52:39+00:00\" \/>\n<meta property=\"article:modified_time\" content=\"2022-11-28T11:52:42+00:00\" \/>\n<meta property=\"og:image\" content=\"https:\/\/www.meydan.tv\/wp-content\/uploads\/0a35bf2fd8785f46350cd97546a0ce94.jpg\" \/>\n\t<meta property=\"og:image:width\" content=\"1065\" \/>\n\t<meta property=\"og:image:height\" content=\"709\" \/>\n\t<meta property=\"og:image:type\" content=\"image\/jpeg\" \/>\n<meta name=\"author\" content=\"elli\" \/>\n<meta name=\"twitter:card\" content=\"summary_large_image\" \/>\n<meta name=\"twitter:creator\" content=\"@elli\" \/>\n<script type=\"application\/ld+json\" class=\"yoast-schema-graph\">{\"@context\":\"https:\\\/\\\/schema.org\",\"@graph\":[{\"@type\":\"Article\",\"@id\":\"https:\\\/\\\/www.meydan.tv\\\/az\\\/article\\\/naxcivanin-dovlet-gomruk-komitesi-legv-olundu\\\/#article\",\"isPartOf\":{\"@id\":\"https:\\\/\\\/www.meydan.tv\\\/az\\\/article\\\/naxcivanin-dovlet-gomruk-komitesi-legv-olundu\\\/\"},\"author\":{\"name\":\"elli\",\"@id\":\"https:\\\/\\\/www.meydan.tv\\\/az\\\/#\\\/schema\\\/person\\\/9cdbecf90d17180ce1dfbd95b08dcf47\"},\"headline\":\"Nax\u00e7\u0131van\u0131n D\u00f6vl\u0259t G\u00f6mr\u00fck Komit\u0259si l\u0259\u011fv olundu\",\"datePublished\":\"2022-11-28T11:52:39+00:00\",\"dateModified\":\"2022-11-28T11:52:42+00:00\",\"mainEntityOfPage\":{\"@id\":\"https:\\\/\\\/www.meydan.tv\\\/az\\\/article\\\/naxcivanin-dovlet-gomruk-komitesi-legv-olundu\\\/\"},\"wordCount\":297,\"publisher\":{\"@id\":\"https:\\\/\\\/www.meydan.tv\\\/az\\\/#organization\"},\"image\":{\"@id\":\"https:\\\/\\\/www.meydan.tv\\\/az\\\/article\\\/naxcivanin-dovlet-gomruk-komitesi-legv-olundu\\\/#primaryimage\"},\"thumbnailUrl\":\"https:\\\/\\\/www.meydan.tv\\\/wp-content\\\/uploads\\\/0a35bf2fd8785f46350cd97546a0ce94.jpg\",\"articleSection\":[\"B\u00f6lg\u0259\",\"T\u00f6vsiy\u0259\",\"X\u0259b\u0259rl\u0259r\"],\"inLanguage\":\"az\"},{\"@type\":\"WebPage\",\"@id\":\"https:\\\/\\\/www.meydan.tv\\\/az\\\/article\\\/naxcivanin-dovlet-gomruk-komitesi-legv-olundu\\\/\",\"url\":\"https:\\\/\\\/www.meydan.tv\\\/az\\\/article\\\/naxcivanin-dovlet-gomruk-komitesi-legv-olundu\\\/\",\"name\":\"Nax\u00e7\u0131van\u0131n D\u00f6vl\u0259t G\u00f6mr\u00fck Komit\u0259si l\u0259\u011fv olundu - MEYDAN.TV\",\"isPartOf\":{\"@id\":\"https:\\\/\\\/www.meydan.tv\\\/az\\\/#website\"},\"primaryImageOfPage\":{\"@id\":\"https:\\\/\\\/www.meydan.tv\\\/az\\\/article\\\/naxcivanin-dovlet-gomruk-komitesi-legv-olundu\\\/#primaryimage\"},\"image\":{\"@id\":\"https:\\\/\\\/www.meydan.tv\\\/az\\\/article\\\/naxcivanin-dovlet-gomruk-komitesi-legv-olundu\\\/#primaryimage\"},\"thumbnailUrl\":\"https:\\\/\\\/www.meydan.tv\\\/wp-content\\\/uploads\\\/0a35bf2fd8785f46350cd97546a0ce94.jpg\",\"datePublished\":\"2022-11-28T11:52:39+00:00\",\"dateModified\":\"2022-11-28T11:52:42+00:00\",\"breadcrumb\":{\"@id\":\"https:\\\/\\\/www.meydan.tv\\\/az\\\/article\\\/naxcivanin-dovlet-gomruk-komitesi-legv-olundu\\\/#breadcrumb\"},\"inLanguage\":\"az\",\"potentialAction\":[{\"@type\":\"ReadAction\",\"target\":[\"https:\\\/\\\/www.meydan.tv\\\/az\\\/article\\\/naxcivanin-dovlet-gomruk-komitesi-legv-olundu\\\/\"]}]},{\"@type\":\"ImageObject\",\"inLanguage\":\"az\",\"@id\":\"https:\\\/\\\/www.meydan.tv\\\/az\\\/article\\\/naxcivanin-dovlet-gomruk-komitesi-legv-olundu\\\/#primaryimage\",\"url\":\"https:\\\/\\\/www.meydan.tv\\\/wp-content\\\/uploads\\\/0a35bf2fd8785f46350cd97546a0ce94.jpg\",\"contentUrl\":\"https:\\\/\\\/www.meydan.tv\\\/wp-content\\\/uploads\\\/0a35bf2fd8785f46350cd97546a0ce94.jpg\",\"width\":1065,\"height\":709,\"caption\":\"Foto: arxiv\"},{\"@type\":\"BreadcrumbList\",\"@id\":\"https:\\\/\\\/www.meydan.tv\\\/az\\\/article\\\/naxcivanin-dovlet-gomruk-komitesi-legv-olundu\\\/#breadcrumb\",\"itemListElement\":[{\"@type\":\"ListItem\",\"position\":1,\"name\":\"Ana s\u0259hif\u0259\",\"item\":\"https:\\\/\\\/www.meydan.tv\\\/az\\\/\"},{\"@type\":\"ListItem\",\"position\":2,\"name\":\"B\u00f6lg\u0259\",\"item\":\"https:\\\/\\\/www.meydan.tv\\\/az\\\/section\\\/bolge\\\/\"},{\"@type\":\"ListItem\",\"position\":3,\"name\":\"Nax\u00e7\u0131van\u0131n D\u00f6vl\u0259t G\u00f6mr\u00fck Komit\u0259si l\u0259\u011fv olundu\"}]},{\"@type\":\"WebSite\",\"@id\":\"https:\\\/\\\/www.meydan.tv\\\/az\\\/#website\",\"url\":\"https:\\\/\\\/www.meydan.tv\\\/az\\\/\",\"name\":\"MEYDAN.TV\",\"description\":\"Meydan TV Az\u0259rbaycan\u0131n media m\u0259kan\u0131ndak\u0131 alternativ s\u0259sidir\",\"publisher\":{\"@id\":\"https:\\\/\\\/www.meydan.tv\\\/az\\\/#organization\"},\"potentialAction\":[{\"@type\":\"SearchAction\",\"target\":{\"@type\":\"EntryPoint\",\"urlTemplate\":\"https:\\\/\\\/www.meydan.tv\\\/az\\\/?s={search_term_string}\"},\"query-input\":{\"@type\":\"PropertyValueSpecification\",\"valueRequired\":true,\"valueName\":\"search_term_string\"}}],\"inLanguage\":\"az\"},{\"@type\":\"Organization\",\"@id\":\"https:\\\/\\\/www.meydan.tv\\\/az\\\/#organization\",\"name\":\"Meydan TV\",\"url\":\"https:\\\/\\\/www.meydan.tv\\\/az\\\/\",\"logo\":{\"@type\":\"ImageObject\",\"inLanguage\":\"az\",\"@id\":\"https:\\\/\\\/www.meydan.tv\\\/az\\\/#\\\/schema\\\/logo\\\/image\\\/\",\"url\":\"https:\\\/\\\/www.meydan.tv\\\/wp-content\\\/uploads\\\/2021\\\/07\\\/meydan-logo.svg\",\"contentUrl\":\"https:\\\/\\\/www.meydan.tv\\\/wp-content\\\/uploads\\\/2021\\\/07\\\/meydan-logo.svg\",\"width\":195,\"height\":46,\"caption\":\"Meydan TV\"},\"image\":{\"@id\":\"https:\\\/\\\/www.meydan.tv\\\/az\\\/#\\\/schema\\\/logo\\\/image\\\/\"}},{\"@type\":\"Person\",\"@id\":\"https:\\\/\\\/www.meydan.tv\\\/az\\\/#\\\/schema\\\/person\\\/9cdbecf90d17180ce1dfbd95b08dcf47\",\"name\":\"elli\",\"sameAs\":[\"https:\\\/\\\/x.com\\\/elli\"]}]}<\/script>\n<!-- \/ Yoast SEO plugin. -->","yoast_head_json":{"title":"Nax\u00e7\u0131van\u0131n D\u00f6vl\u0259t G\u00f6mr\u00fck Komit\u0259si l\u0259\u011fv olundu - MEYDAN.TV","robots":{"index":"index","follow":"follow","max-snippet":"max-snippet:-1","max-image-preview":"max-image-preview:large","max-video-preview":"max-video-preview:-1"},"canonical":"https:\/\/www.meydan.tv\/az\/article\/naxcivanin-dovlet-gomruk-komitesi-legv-olundu\/","og_locale":"az_AZ","og_type":"article","og_title":"Nax\u00e7\u0131van\u0131n D\u00f6vl\u0259t G\u00f6mr\u00fck Komit\u0259si l\u0259\u011fv olundu - MEYDAN.TV","og_description":"Prezident yeni f\u0259rman imzalad\u0131 Nax\u00e7\u0131van Muxtar Respublikas\u0131n\u0131n D\u00f6vl\u0259t G\u00f6mr\u00fck Komit\u0259si ... Davam\u0131","og_url":"https:\/\/www.meydan.tv\/az\/article\/naxcivanin-dovlet-gomruk-komitesi-legv-olundu\/","og_site_name":"MEYDAN.TV","article_published_time":"2022-11-28T11:52:39+00:00","article_modified_time":"2022-11-28T11:52:42+00:00","og_image":[{"width":1065,"height":709,"url":"https:\/\/www.meydan.tv\/wp-content\/uploads\/0a35bf2fd8785f46350cd97546a0ce94.jpg","type":"image\/jpeg"}],"author":"elli","twitter_card":"summary_large_image","twitter_creator":"@elli","schema":{"@context":"https:\/\/schema.org","@graph":[{"@type":"Article","@id":"https:\/\/www.meydan.tv\/az\/article\/naxcivanin-dovlet-gomruk-komitesi-legv-olundu\/#article","isPartOf":{"@id":"https:\/\/www.meydan.tv\/az\/article\/naxcivanin-dovlet-gomruk-komitesi-legv-olundu\/"},"author":{"name":"elli","@id":"https:\/\/www.meydan.tv\/az\/#\/schema\/person\/9cdbecf90d17180ce1dfbd95b08dcf47"},"headline":"Nax\u00e7\u0131van\u0131n D\u00f6vl\u0259t G\u00f6mr\u00fck Komit\u0259si l\u0259\u011fv olundu","datePublished":"2022-11-28T11:52:39+00:00","dateModified":"2022-11-28T11:52:42+00:00","mainEntityOfPage":{"@id":"https:\/\/www.meydan.tv\/az\/article\/naxcivanin-dovlet-gomruk-komitesi-legv-olundu\/"},"wordCount":297,"publisher":{"@id":"https:\/\/www.meydan.tv\/az\/#organization"},"image":{"@id":"https:\/\/www.meydan.tv\/az\/article\/naxcivanin-dovlet-gomruk-komitesi-legv-olundu\/#primaryimage"},"thumbnailUrl":"https:\/\/www.meydan.tv\/wp-content\/uploads\/0a35bf2fd8785f46350cd97546a0ce94.jpg","articleSection":["B\u00f6lg\u0259","T\u00f6vsiy\u0259","X\u0259b\u0259rl\u0259r"],"inLanguage":"az"},{"@type":"WebPage","@id":"https:\/\/www.meydan.tv\/az\/article\/naxcivanin-dovlet-gomruk-komitesi-legv-olundu\/","url":"https:\/\/www.meydan.tv\/az\/article\/naxcivanin-dovlet-gomruk-komitesi-legv-olundu\/","name":"Nax\u00e7\u0131van\u0131n D\u00f6vl\u0259t G\u00f6mr\u00fck Komit\u0259si l\u0259\u011fv olundu - MEYDAN.TV","isPartOf":{"@id":"https:\/\/www.meydan.tv\/az\/#website"},"primaryImageOfPage":{"@id":"https:\/\/www.meydan.tv\/az\/article\/naxcivanin-dovlet-gomruk-komitesi-legv-olundu\/#primaryimage"},"image":{"@id":"https:\/\/www.meydan.tv\/az\/article\/naxcivanin-dovlet-gomruk-komitesi-legv-olundu\/#primaryimage"},"thumbnailUrl":"https:\/\/www.meydan.tv\/wp-content\/uploads\/0a35bf2fd8785f46350cd97546a0ce94.jpg","datePublished":"2022-11-28T11:52:39+00:00","dateModified":"2022-11-28T11:52:42+00:00","breadcrumb":{"@id":"https:\/\/www.meydan.tv\/az\/article\/naxcivanin-dovlet-gomruk-komitesi-legv-olundu\/#breadcrumb"},"inLanguage":"az","potentialAction":[{"@type":"ReadAction","target":["https:\/\/www.meydan.tv\/az\/article\/naxcivanin-dovlet-gomruk-komitesi-legv-olundu\/"]}]},{"@type":"ImageObject","inLanguage":"az","@id":"https:\/\/www.meydan.tv\/az\/article\/naxcivanin-dovlet-gomruk-komitesi-legv-olundu\/#primaryimage","url":"https:\/\/www.meydan.tv\/wp-content\/uploads\/0a35bf2fd8785f46350cd97546a0ce94.jpg","contentUrl":"https:\/\/www.meydan.tv\/wp-content\/uploads\/0a35bf2fd8785f46350cd97546a0ce94.jpg","width":1065,"height":709,"caption":"Foto: arxiv"},{"@type":"BreadcrumbList","@id":"https:\/\/www.meydan.tv\/az\/article\/naxcivanin-dovlet-gomruk-komitesi-legv-olundu\/#breadcrumb","itemListElement":[{"@type":"ListItem","position":1,"name":"Ana s\u0259hif\u0259","item":"https:\/\/www.meydan.tv\/az\/"},{"@type":"ListItem","position":2,"name":"B\u00f6lg\u0259","item":"https:\/\/www.meydan.tv\/az\/section\/bolge\/"},{"@type":"ListItem","position":3,"name":"Nax\u00e7\u0131van\u0131n D\u00f6vl\u0259t G\u00f6mr\u00fck Komit\u0259si l\u0259\u011fv olundu"}]},{"@type":"WebSite","@id":"https:\/\/www.meydan.tv\/az\/#website","url":"https:\/\/www.meydan.tv\/az\/","name":"MEYDAN.TV","description":"Meydan TV Az\u0259rbaycan\u0131n media m\u0259kan\u0131ndak\u0131 alternativ s\u0259sidir","publisher":{"@id":"https:\/\/www.meydan.tv\/az\/#organization"},"potentialAction":[{"@type":"SearchAction","target":{"@type":"EntryPoint","urlTemplate":"https:\/\/www.meydan.tv\/az\/?s={search_term_string}"},"query-input":{"@type":"PropertyValueSpecification","valueRequired":true,"valueName":"search_term_string"}}],"inLanguage":"az"},{"@type":"Organization","@id":"https:\/\/www.meydan.tv\/az\/#organization","name":"Meydan TV","url":"https:\/\/www.meydan.tv\/az\/","logo":{"@type":"ImageObject","inLanguage":"az","@id":"https:\/\/www.meydan.tv\/az\/#\/schema\/logo\/image\/","url":"https:\/\/www.meydan.tv\/wp-content\/uploads\/2021\/07\/meydan-logo.svg","contentUrl":"https:\/\/www.meydan.tv\/wp-content\/uploads\/2021\/07\/meydan-logo.svg","width":195,"height":46,"caption":"Meydan TV"},"image":{"@id":"https:\/\/www.meydan.tv\/az\/#\/schema\/logo\/image\/"}},{"@type":"Person","@id":"https:\/\/www.meydan.tv\/az\/#\/schema\/person\/9cdbecf90d17180ce1dfbd95b08dcf47","name":"elli","sameAs":["https:\/\/x.com\/elli"]}]}},"_links":{"self":[{"href":"https:\/\/www.meydan.tv\/az\/wp-json\/wp\/v2\/posts\/261986","targetHints":{"allow":["GET"]}}],"collection":[{"href":"https:\/\/www.meydan.tv\/az\/wp-json\/wp\/v2\/posts"}],"about":[{"href":"https:\/\/www.meydan.tv\/az\/wp-json\/wp\/v2\/types\/post"}],"author":[{"embeddable":true,"href":"https:\/\/www.meydan.tv\/az\/wp-json\/wp\/v2\/users\/8"}],"replies":[{"embeddable":true,"href":"https:\/\/www.meydan.tv\/az\/wp-json\/wp\/v2\/comments?post=261986"}],"version-history":[{"count":1,"href":"https:\/\/www.meydan.tv\/az\/wp-json\/wp\/v2\/posts\/261986\/revisions"}],"predecessor-version":[{"id":261987,"href":"https:\/\/www.meydan.tv\/az\/wp-json\/wp\/v2\/posts\/261986\/revisions\/261987"}],"wp:featuredmedia":[{"embeddable":true,"href":"https:\/\/www.meydan.tv\/az\/wp-json\/wp\/v2\/media\/152630"}],"wp:attachment":[{"href":"https:\/\/www.meydan.tv\/az\/wp-json\/wp\/v2\/media?parent=261986"}],"wp:term":[{"taxonomy":"category","embeddable":true,"href":"https:\/\/www.meydan.tv\/az\/wp-json\/wp\/v2\/categories?post=261986"},{"taxonomy":"post_tag","embeddable":true,"href":"https:\/\/www.meydan.tv\/az\/wp-json\/wp\/v2\/tags?post=261986"}],"curies":[{"name":"wp","href":"https:\/\/api.w.org\/{rel}","templated":true}]}}