{"id":261984,"date":"2022-11-28T15:44:07","date_gmt":"2022-11-28T11:44:07","guid":{"rendered":"https:\/\/www.meydan.tv\/?p=261984"},"modified":"2022-11-28T15:44:11","modified_gmt":"2022-11-28T11:44:11","slug":"fermer-1-aydir-50-hektar-taxil-sahemize-su-verilmir","status":"publish","type":"post","link":"https:\/\/www.meydan.tv\/az\/article\/fermer-1-aydir-50-hektar-taxil-sahemize-su-verilmir\/","title":{"rendered":"Fermer: \u201c1 ayd\u0131r 50 hektar tax\u0131l sah\u0259miz\u0259 su verilmir\u201d"},"content":{"rendered":"\n<p><\/p>\n\n\n\n<p><em>Xudaverdi Xudiyevin s\u00f6zl\u0259rin\u0259 g\u00f6r\u0259, fermerl\u0259r \u00f6t\u0259n il \u00fcz\u00fcm\u00e7\u00fcl\u00fckd\u0259n z\u0259r\u0259r \u00e7\u0259kibl\u0259r, bu il is\u0259 tax\u0131ldan \u0259ll\u0259rini \u00fcz\u00fcbl\u0259r<\/em><\/p>\n\n\n\n<p>\u201c\u00d6t\u0259n il 10 hektarl\u0131q \u00fcz\u00fcm ba\u011flar\u0131m\u0131z su b\u00f6lg\u00fcs\u00fcn\u00fcn d\u00fczg\u00fcn apar\u0131lmamas\u0131 \u00fcz\u00fcnd\u0259n yand\u0131. 100 tondan \u00e7ox \u00fcz\u00fcm v\u0259 mind\u0259n \u00e7ox \u00fcz\u00fcm tingl\u0259rimiz m\u0259hv oldu. Bu il yen\u0259 \u00f6lk\u0259 ba\u015f\u00e7\u0131s\u0131n\u0131n k\u0259nd t\u0259s\u0259rr\u00fcfat\u0131na qay\u011f\u0131 v\u0259 diqq\u0259t g\u00f6st\u0259rm\u0259siyl\u0259 ba\u011fl\u0131 dedikl\u0259rin\u0259 arxay\u0131nla\u015fd\u0131q. Bu d\u0259f\u0259 birg\u0259 \u0259kin torpaqlar\u0131 prinsipiyl\u0259 tax\u0131l\u00e7\u0131l\u0131qla m\u0259\u015f\u011ful olmaq ist\u0259dik. 50 hektar sah\u0259d\u0259 tax\u0131l \u0259kdik. Ancaq rayonun suvarma sah\u0259sin\u0259 r\u0259hb\u0259rlik ed\u0259nl\u0259ri sah\u0259l\u0259rimizi susuz qoydu\u201d.<\/p>\n\n\n\n<p>Samuxun A\u011fas\u0131b\u0259yli k\u0259nd sakini Xudaverdi Xuduyev Meydan TV-y\u0259 dan\u0131\u015f\u0131r ki, k\u0259ndlil\u0259r 1 aydan \u00e7oxdur 50 hektar tax\u0131l sah\u0259sini suvara bilmirl\u0259r. N\u0259tic\u0259d\u0259 \u00e7\u0259kdikl\u0259ri x\u0259rc d\u0259 bat\u0131r. K\u0259ndli suvarmada \u0259ng\u0259ll\u0259r yaradan s\u0259b\u0259bl\u0259rd\u0259n s\u00f6z a\u00e7\u0131r.<br><\/p>\n\n\n\n<p><strong>\u201cG\u0259lib quyuya ged\u0259n elektriki k\u0259sirl\u0259r\u201d<br><\/strong><\/p>\n\n\n\n<p>Fermer deyir, k\u0259ndd\u0259 artezian quyusu var, ancaq istifad\u0259 etm\u0259y\u0259 imkan vermirl\u0259r:<\/p>\n\n\n\n<p>\u201cTez-tez adamlar\u0131n\u0131 g\u00f6nd\u0259rirl\u0259r, g\u0259lib arteziana ged\u0259n elektriki ay\u0131r\u0131rlar, s\u0259b\u0259b demirl\u0259r, he\u00e7 kimi dinl\u0259mirl\u0259r, he\u00e7 kiml\u0259 hesabla\u015fm\u0131rlar. Suyu ist\u0259dikl\u0259ri yer\u0259 istiqam\u0259tl\u0259ndirirl\u0259r, \u00f6zl\u0259ri n\u0259zar\u0259t edirl\u0259r. Bu \u00f6zba\u015f\u0131na davran\u0131\u015flardan cana doymu\u015fuq\u201d.<\/p>\n\n\n\n<p>Xudaverdi Xuduyevin s\u00f6zl\u0259rin\u0259 g\u00f6r\u0259, \u0259kin sah\u0259l\u0259rin\u0259 veril\u0259n suyu k\u0259s\u0259nd\u0259 \u015fikay\u0259t \u00fc\u00e7\u00fcn \u00fcst\u00fcn\u0259 getm\u0259y\u0259 m\u0259mur da yerind\u0259 tap\u0131lm\u0131r. Su idar\u0259sinin r\u0259hb\u0259rliyi telefonlar\u0131n\u0131 s\u00f6nd\u00fcr\u00fcb ortadan itir:<\/p>\n\n\n\n<p>\u201c\u018flimiz h\u0259r yerd\u0259n bo\u015fa \u00e7\u0131xanda, Meliorasiya v\u0259 Su T\u0259s\u0259rr\u00fcfat\u0131n\u0131n \u201c8770\u201d Qaynar x\u0259ttin\u0259 z\u0259ng vururuq. \u00c7ox vaxt z\u0259ng\u0259 cavab ver\u0259n olmur, Cavab ver\u0259n olanda da \u201cqeyd\u0259 ald\u0131q\u201d deyib, yola verirl\u0259r\u201d.<\/p>\n\n\n\n<p>Xudaverdi Xuduyevin dem\u0259sin\u0259 g\u00f6r\u0259, s\u0259b\u0259b kimi arteziana s\u0259rf olunan enerji limitinin bitm\u0259si g\u00f6st\u0259rilir:<\/p>\n\n\n\n<p>\u201cBirincisi, 50 hektar sah\u0259y\u0259 bir artezian quyusu azd\u0131r, az\u0131 \u00fc\u00e7 quyu olmal\u0131d\u0131r. \u0130kincisi, \u0259g\u0259r, do\u011furdan da, buna g\u00f6r\u0259 sah\u0259l\u0259rimiz susuzluqdan yanacaqsa, tax\u0131l\u0131m\u0131z m\u0259hv olacaqsa, m\u0259n \u00f6z sah\u0259m\u0259 g\u00f6r\u0259 elektrik enerjisinin pulunu \u00f6d\u0259m\u0259y\u0259 haz\u0131ram, t\u0259ki m\u0259hsulum batmas\u0131n\u201d.<br><\/p>\n\n\n\n<p><strong>\u201cNormayla suvarsalar, ham\u0131ya su \u00e7atar\u201d<br><\/strong><\/p>\n\n\n\n<p>Samux Rayon Suvarma Sisteml\u0259ri \u0130dar\u0259sinin m\u00fch\u0259ndisi Sahil Allahverdiyev deyir, \u0259kin sah\u0259l\u0259rin\u0259 suvarma suyu s\u0259h\u0259r saat 6-dan ax\u015fam saat 8-d\u0259k verilir:<\/p>\n\n\n\n<p>\u201c1 hektara 1000 kub su verilm\u0259lidir. Onlarsa artezian\u0131 1 hektar \u0259raziy\u0259 vurub, \u00e7\u0131x\u0131b gedirl\u0259r, gec\u0259-g\u00fcnd\u00fcz suya baxm\u0131rlar. He\u00e7 yerd\u0259 bel\u0259 \u015fey yoxdur, biz d\u0259 \u00f6zba\u015f\u0131na deyilik. Onlar normaya riay\u0259t ets\u0259l\u0259r, ham\u0131n\u0131n \u0259kinin\u0259 su \u00e7atar\u201d.<\/p>\n\n\n\n<p>Prezident \u0130lham \u018fliyev aprelin 8-d\u0259 \u201cSamux rayonunda \u0259kin sah\u0259l\u0259rinin suvarma suyu il\u0259 t\u0259minat\u0131n\u0131n yax\u015f\u0131la\u015fd\u0131r\u0131lmas\u0131na v\u0259 \u0259halinin i\u00e7m\u0259li suya t\u0259l\u0259bat\u0131n\u0131n \u00f6d\u0259nilm\u0259sin\u0259 \u0259lav\u0259 dair t\u0259dbirl\u0259r haqq\u0131nda\u201d S\u0259r\u0259ncam imzalay\u0131b. S\u0259r\u0259ncama \u0259sas\u0259n, Samux rayonunun \u0259halisi 13 ya\u015fay\u0131\u015f m\u0259nt\u0259q\u0259sind\u0259 \u0259kin sah\u0259l\u0259rinin v\u0259 \u0259kin \u00fc\u00e7\u00fcn istifad\u0259 olunan h\u0259y\u0259tyan\u0131 torpaq sah\u0259l\u0259rinin suvarma suyu il\u0259 t\u0259minat\u0131n\u0131n yax\u015f\u0131la\u015fd\u0131r\u0131lmas\u0131, h\u0259m\u00e7inin \u0259halinin i\u00e7m\u0259li suya t\u0259l\u0259bat\u0131n\u0131n \u00f6d\u0259nilm\u0259si \u00fc\u00e7\u00fcn 15 \u0259d\u0259d subartezian quyusunun layih\u0259l\u0259ndirilm\u0259si v\u0259 qaz\u0131lmas\u0131 m\u0259qs\u0259dil\u0259 Meliorasiya v\u0259 Su T\u0259s\u0259rr\u00fcfat\u0131 A\u00e7\u0131q S\u0259hmdar C\u0259miyy\u0259tin\u0259 1 milyon manatdan \u00e7ox pul ayr\u0131l\u0131b.<\/p>\n","protected":false},"excerpt":{"rendered":"<p>Xudaverdi Xudiyevin s\u00f6zl\u0259rin\u0259 g\u00f6r\u0259, fermerl\u0259r \u00f6t\u0259n il \u00fcz\u00fcm\u00e7\u00fcl\u00fckd\u0259n z\u0259r\u0259r \u00e7\u0259kibl\u0259r, &#8230; <\/p>\n<p class=\"read-more-container\"><a title=\"Fermer: \u201c1 ayd\u0131r 50 hektar tax\u0131l sah\u0259miz\u0259 su verilmir\u201d\" class=\"read-more button\" href=\"https:\/\/www.meydan.tv\/az\/article\/fermer-1-aydir-50-hektar-taxil-sahemize-su-verilmir\/#more-261984\" aria-label=\"Read more about Fermer: \u201c1 ayd\u0131r 50 hektar tax\u0131l sah\u0259miz\u0259 su verilmir\u201d\">Davam\u0131<\/a><\/p>\n","protected":false},"author":8,"featured_media":261981,"comment_status":"closed","ping_status":"closed","sticky":false,"template":"","format":"standard","meta":{"_acf_changed":false,"_sitemap_exclude":false,"_sitemap_priority":"","_sitemap_frequency":"","footnotes":""},"categories":[60,56],"tags":[],"class_list":["post-261984","post","type-post","status-publish","format-standard","has-post-thumbnail","hentry","category-bolge","category-xeberler","infinite-scroll-item","generate-columns","tablet-grid-50","mobile-grid-100","grid-parent","grid-33","no-featured-image-padding"],"acf":[],"yoast_head":"<!-- This site is optimized with the Yoast SEO plugin v27.5 - https:\/\/yoast.com\/product\/yoast-seo-wordpress\/ -->\n<title>Fermer: \u201c1 ayd\u0131r 50 hektar tax\u0131l sah\u0259miz\u0259 su verilmir\u201d - MEYDAN.TV<\/title>\n<meta name=\"robots\" content=\"index, follow, max-snippet:-1, max-image-preview:large, max-video-preview:-1\" \/>\n<link rel=\"canonical\" href=\"https:\/\/www.meydan.tv\/az\/article\/fermer-1-aydir-50-hektar-taxil-sahemize-su-verilmir\/\" \/>\n<meta property=\"og:locale\" content=\"az_AZ\" \/>\n<meta property=\"og:type\" content=\"article\" \/>\n<meta property=\"og:title\" content=\"Fermer: \u201c1 ayd\u0131r 50 hektar tax\u0131l sah\u0259miz\u0259 su verilmir\u201d - MEYDAN.TV\" \/>\n<meta property=\"og:description\" content=\"Xudaverdi Xudiyevin s\u00f6zl\u0259rin\u0259 g\u00f6r\u0259, fermerl\u0259r \u00f6t\u0259n il \u00fcz\u00fcm\u00e7\u00fcl\u00fckd\u0259n z\u0259r\u0259r \u00e7\u0259kibl\u0259r, ... Davam\u0131\" \/>\n<meta property=\"og:url\" content=\"https:\/\/www.meydan.tv\/az\/article\/fermer-1-aydir-50-hektar-taxil-sahemize-su-verilmir\/\" \/>\n<meta property=\"og:site_name\" content=\"MEYDAN.TV\" \/>\n<meta property=\"article:published_time\" content=\"2022-11-28T11:44:07+00:00\" \/>\n<meta property=\"article:modified_time\" content=\"2022-11-28T11:44:11+00:00\" \/>\n<meta property=\"og:image\" content=\"https:\/\/www.meydan.tv\/wp-content\/uploads\/untitled-design-7-28-e1669635837996.jpg\" \/>\n\t<meta property=\"og:image:width\" content=\"1200\" \/>\n\t<meta property=\"og:image:height\" content=\"594\" \/>\n\t<meta property=\"og:image:type\" content=\"image\/jpeg\" \/>\n<meta name=\"author\" content=\"elli\" \/>\n<meta name=\"twitter:card\" content=\"summary_large_image\" \/>\n<meta name=\"twitter:creator\" content=\"@elli\" \/>\n<script type=\"application\/ld+json\" class=\"yoast-schema-graph\">{\"@context\":\"https:\\\/\\\/schema.org\",\"@graph\":[{\"@type\":\"Article\",\"@id\":\"https:\\\/\\\/www.meydan.tv\\\/az\\\/article\\\/fermer-1-aydir-50-hektar-taxil-sahemize-su-verilmir\\\/#article\",\"isPartOf\":{\"@id\":\"https:\\\/\\\/www.meydan.tv\\\/az\\\/article\\\/fermer-1-aydir-50-hektar-taxil-sahemize-su-verilmir\\\/\"},\"author\":{\"name\":\"elli\",\"@id\":\"https:\\\/\\\/www.meydan.tv\\\/az\\\/#\\\/schema\\\/person\\\/9cdbecf90d17180ce1dfbd95b08dcf47\"},\"headline\":\"Fermer: \u201c1 ayd\u0131r 50 hektar tax\u0131l sah\u0259miz\u0259 su verilmir\u201d\",\"datePublished\":\"2022-11-28T11:44:07+00:00\",\"dateModified\":\"2022-11-28T11:44:11+00:00\",\"mainEntityOfPage\":{\"@id\":\"https:\\\/\\\/www.meydan.tv\\\/az\\\/article\\\/fermer-1-aydir-50-hektar-taxil-sahemize-su-verilmir\\\/\"},\"wordCount\":673,\"publisher\":{\"@id\":\"https:\\\/\\\/www.meydan.tv\\\/az\\\/#organization\"},\"image\":{\"@id\":\"https:\\\/\\\/www.meydan.tv\\\/az\\\/article\\\/fermer-1-aydir-50-hektar-taxil-sahemize-su-verilmir\\\/#primaryimage\"},\"thumbnailUrl\":\"https:\\\/\\\/www.meydan.tv\\\/wp-content\\\/uploads\\\/untitled-design-7-28-e1669635837996.jpg\",\"articleSection\":[\"B\u00f6lg\u0259\",\"X\u0259b\u0259rl\u0259r\"],\"inLanguage\":\"az\"},{\"@type\":\"WebPage\",\"@id\":\"https:\\\/\\\/www.meydan.tv\\\/az\\\/article\\\/fermer-1-aydir-50-hektar-taxil-sahemize-su-verilmir\\\/\",\"url\":\"https:\\\/\\\/www.meydan.tv\\\/az\\\/article\\\/fermer-1-aydir-50-hektar-taxil-sahemize-su-verilmir\\\/\",\"name\":\"Fermer: \u201c1 ayd\u0131r 50 hektar tax\u0131l sah\u0259miz\u0259 su verilmir\u201d - MEYDAN.TV\",\"isPartOf\":{\"@id\":\"https:\\\/\\\/www.meydan.tv\\\/az\\\/#website\"},\"primaryImageOfPage\":{\"@id\":\"https:\\\/\\\/www.meydan.tv\\\/az\\\/article\\\/fermer-1-aydir-50-hektar-taxil-sahemize-su-verilmir\\\/#primaryimage\"},\"image\":{\"@id\":\"https:\\\/\\\/www.meydan.tv\\\/az\\\/article\\\/fermer-1-aydir-50-hektar-taxil-sahemize-su-verilmir\\\/#primaryimage\"},\"thumbnailUrl\":\"https:\\\/\\\/www.meydan.tv\\\/wp-content\\\/uploads\\\/untitled-design-7-28-e1669635837996.jpg\",\"datePublished\":\"2022-11-28T11:44:07+00:00\",\"dateModified\":\"2022-11-28T11:44:11+00:00\",\"breadcrumb\":{\"@id\":\"https:\\\/\\\/www.meydan.tv\\\/az\\\/article\\\/fermer-1-aydir-50-hektar-taxil-sahemize-su-verilmir\\\/#breadcrumb\"},\"inLanguage\":\"az\",\"potentialAction\":[{\"@type\":\"ReadAction\",\"target\":[\"https:\\\/\\\/www.meydan.tv\\\/az\\\/article\\\/fermer-1-aydir-50-hektar-taxil-sahemize-su-verilmir\\\/\"]}]},{\"@type\":\"ImageObject\",\"inLanguage\":\"az\",\"@id\":\"https:\\\/\\\/www.meydan.tv\\\/az\\\/article\\\/fermer-1-aydir-50-hektar-taxil-sahemize-su-verilmir\\\/#primaryimage\",\"url\":\"https:\\\/\\\/www.meydan.tv\\\/wp-content\\\/uploads\\\/untitled-design-7-28-e1669635837996.jpg\",\"contentUrl\":\"https:\\\/\\\/www.meydan.tv\\\/wp-content\\\/uploads\\\/untitled-design-7-28-e1669635837996.jpg\",\"width\":1200,\"height\":594,\"caption\":\"Xudaverdi Xuduyev. Foto: Meydan TV\"},{\"@type\":\"BreadcrumbList\",\"@id\":\"https:\\\/\\\/www.meydan.tv\\\/az\\\/article\\\/fermer-1-aydir-50-hektar-taxil-sahemize-su-verilmir\\\/#breadcrumb\",\"itemListElement\":[{\"@type\":\"ListItem\",\"position\":1,\"name\":\"Ana s\u0259hif\u0259\",\"item\":\"https:\\\/\\\/www.meydan.tv\\\/az\\\/\"},{\"@type\":\"ListItem\",\"position\":2,\"name\":\"B\u00f6lg\u0259\",\"item\":\"https:\\\/\\\/www.meydan.tv\\\/az\\\/section\\\/bolge\\\/\"},{\"@type\":\"ListItem\",\"position\":3,\"name\":\"Fermer: \u201c1 ayd\u0131r 50 hektar tax\u0131l sah\u0259miz\u0259 su verilmir\u201d\"}]},{\"@type\":\"WebSite\",\"@id\":\"https:\\\/\\\/www.meydan.tv\\\/az\\\/#website\",\"url\":\"https:\\\/\\\/www.meydan.tv\\\/az\\\/\",\"name\":\"MEYDAN.TV\",\"description\":\"Meydan TV Az\u0259rbaycan\u0131n media m\u0259kan\u0131ndak\u0131 alternativ s\u0259sidir\",\"publisher\":{\"@id\":\"https:\\\/\\\/www.meydan.tv\\\/az\\\/#organization\"},\"potentialAction\":[{\"@type\":\"SearchAction\",\"target\":{\"@type\":\"EntryPoint\",\"urlTemplate\":\"https:\\\/\\\/www.meydan.tv\\\/az\\\/?s={search_term_string}\"},\"query-input\":{\"@type\":\"PropertyValueSpecification\",\"valueRequired\":true,\"valueName\":\"search_term_string\"}}],\"inLanguage\":\"az\"},{\"@type\":\"Organization\",\"@id\":\"https:\\\/\\\/www.meydan.tv\\\/az\\\/#organization\",\"name\":\"Meydan TV\",\"url\":\"https:\\\/\\\/www.meydan.tv\\\/az\\\/\",\"logo\":{\"@type\":\"ImageObject\",\"inLanguage\":\"az\",\"@id\":\"https:\\\/\\\/www.meydan.tv\\\/az\\\/#\\\/schema\\\/logo\\\/image\\\/\",\"url\":\"https:\\\/\\\/www.meydan.tv\\\/wp-content\\\/uploads\\\/2021\\\/07\\\/meydan-logo.svg\",\"contentUrl\":\"https:\\\/\\\/www.meydan.tv\\\/wp-content\\\/uploads\\\/2021\\\/07\\\/meydan-logo.svg\",\"width\":195,\"height\":46,\"caption\":\"Meydan TV\"},\"image\":{\"@id\":\"https:\\\/\\\/www.meydan.tv\\\/az\\\/#\\\/schema\\\/logo\\\/image\\\/\"}},{\"@type\":\"Person\",\"@id\":\"https:\\\/\\\/www.meydan.tv\\\/az\\\/#\\\/schema\\\/person\\\/9cdbecf90d17180ce1dfbd95b08dcf47\",\"name\":\"elli\",\"sameAs\":[\"https:\\\/\\\/x.com\\\/elli\"]}]}<\/script>\n<!-- \/ Yoast SEO plugin. -->","yoast_head_json":{"title":"Fermer: \u201c1 ayd\u0131r 50 hektar tax\u0131l sah\u0259miz\u0259 su verilmir\u201d - MEYDAN.TV","robots":{"index":"index","follow":"follow","max-snippet":"max-snippet:-1","max-image-preview":"max-image-preview:large","max-video-preview":"max-video-preview:-1"},"canonical":"https:\/\/www.meydan.tv\/az\/article\/fermer-1-aydir-50-hektar-taxil-sahemize-su-verilmir\/","og_locale":"az_AZ","og_type":"article","og_title":"Fermer: \u201c1 ayd\u0131r 50 hektar tax\u0131l sah\u0259miz\u0259 su verilmir\u201d - MEYDAN.TV","og_description":"Xudaverdi Xudiyevin s\u00f6zl\u0259rin\u0259 g\u00f6r\u0259, fermerl\u0259r \u00f6t\u0259n il \u00fcz\u00fcm\u00e7\u00fcl\u00fckd\u0259n z\u0259r\u0259r \u00e7\u0259kibl\u0259r, ... Davam\u0131","og_url":"https:\/\/www.meydan.tv\/az\/article\/fermer-1-aydir-50-hektar-taxil-sahemize-su-verilmir\/","og_site_name":"MEYDAN.TV","article_published_time":"2022-11-28T11:44:07+00:00","article_modified_time":"2022-11-28T11:44:11+00:00","og_image":[{"width":1200,"height":594,"url":"https:\/\/www.meydan.tv\/wp-content\/uploads\/untitled-design-7-28-e1669635837996.jpg","type":"image\/jpeg"}],"author":"elli","twitter_card":"summary_large_image","twitter_creator":"@elli","schema":{"@context":"https:\/\/schema.org","@graph":[{"@type":"Article","@id":"https:\/\/www.meydan.tv\/az\/article\/fermer-1-aydir-50-hektar-taxil-sahemize-su-verilmir\/#article","isPartOf":{"@id":"https:\/\/www.meydan.tv\/az\/article\/fermer-1-aydir-50-hektar-taxil-sahemize-su-verilmir\/"},"author":{"name":"elli","@id":"https:\/\/www.meydan.tv\/az\/#\/schema\/person\/9cdbecf90d17180ce1dfbd95b08dcf47"},"headline":"Fermer: \u201c1 ayd\u0131r 50 hektar tax\u0131l sah\u0259miz\u0259 su verilmir\u201d","datePublished":"2022-11-28T11:44:07+00:00","dateModified":"2022-11-28T11:44:11+00:00","mainEntityOfPage":{"@id":"https:\/\/www.meydan.tv\/az\/article\/fermer-1-aydir-50-hektar-taxil-sahemize-su-verilmir\/"},"wordCount":673,"publisher":{"@id":"https:\/\/www.meydan.tv\/az\/#organization"},"image":{"@id":"https:\/\/www.meydan.tv\/az\/article\/fermer-1-aydir-50-hektar-taxil-sahemize-su-verilmir\/#primaryimage"},"thumbnailUrl":"https:\/\/www.meydan.tv\/wp-content\/uploads\/untitled-design-7-28-e1669635837996.jpg","articleSection":["B\u00f6lg\u0259","X\u0259b\u0259rl\u0259r"],"inLanguage":"az"},{"@type":"WebPage","@id":"https:\/\/www.meydan.tv\/az\/article\/fermer-1-aydir-50-hektar-taxil-sahemize-su-verilmir\/","url":"https:\/\/www.meydan.tv\/az\/article\/fermer-1-aydir-50-hektar-taxil-sahemize-su-verilmir\/","name":"Fermer: \u201c1 ayd\u0131r 50 hektar tax\u0131l sah\u0259miz\u0259 su verilmir\u201d - MEYDAN.TV","isPartOf":{"@id":"https:\/\/www.meydan.tv\/az\/#website"},"primaryImageOfPage":{"@id":"https:\/\/www.meydan.tv\/az\/article\/fermer-1-aydir-50-hektar-taxil-sahemize-su-verilmir\/#primaryimage"},"image":{"@id":"https:\/\/www.meydan.tv\/az\/article\/fermer-1-aydir-50-hektar-taxil-sahemize-su-verilmir\/#primaryimage"},"thumbnailUrl":"https:\/\/www.meydan.tv\/wp-content\/uploads\/untitled-design-7-28-e1669635837996.jpg","datePublished":"2022-11-28T11:44:07+00:00","dateModified":"2022-11-28T11:44:11+00:00","breadcrumb":{"@id":"https:\/\/www.meydan.tv\/az\/article\/fermer-1-aydir-50-hektar-taxil-sahemize-su-verilmir\/#breadcrumb"},"inLanguage":"az","potentialAction":[{"@type":"ReadAction","target":["https:\/\/www.meydan.tv\/az\/article\/fermer-1-aydir-50-hektar-taxil-sahemize-su-verilmir\/"]}]},{"@type":"ImageObject","inLanguage":"az","@id":"https:\/\/www.meydan.tv\/az\/article\/fermer-1-aydir-50-hektar-taxil-sahemize-su-verilmir\/#primaryimage","url":"https:\/\/www.meydan.tv\/wp-content\/uploads\/untitled-design-7-28-e1669635837996.jpg","contentUrl":"https:\/\/www.meydan.tv\/wp-content\/uploads\/untitled-design-7-28-e1669635837996.jpg","width":1200,"height":594,"caption":"Xudaverdi Xuduyev. Foto: Meydan TV"},{"@type":"BreadcrumbList","@id":"https:\/\/www.meydan.tv\/az\/article\/fermer-1-aydir-50-hektar-taxil-sahemize-su-verilmir\/#breadcrumb","itemListElement":[{"@type":"ListItem","position":1,"name":"Ana s\u0259hif\u0259","item":"https:\/\/www.meydan.tv\/az\/"},{"@type":"ListItem","position":2,"name":"B\u00f6lg\u0259","item":"https:\/\/www.meydan.tv\/az\/section\/bolge\/"},{"@type":"ListItem","position":3,"name":"Fermer: \u201c1 ayd\u0131r 50 hektar tax\u0131l sah\u0259miz\u0259 su verilmir\u201d"}]},{"@type":"WebSite","@id":"https:\/\/www.meydan.tv\/az\/#website","url":"https:\/\/www.meydan.tv\/az\/","name":"MEYDAN.TV","description":"Meydan TV Az\u0259rbaycan\u0131n media m\u0259kan\u0131ndak\u0131 alternativ s\u0259sidir","publisher":{"@id":"https:\/\/www.meydan.tv\/az\/#organization"},"potentialAction":[{"@type":"SearchAction","target":{"@type":"EntryPoint","urlTemplate":"https:\/\/www.meydan.tv\/az\/?s={search_term_string}"},"query-input":{"@type":"PropertyValueSpecification","valueRequired":true,"valueName":"search_term_string"}}],"inLanguage":"az"},{"@type":"Organization","@id":"https:\/\/www.meydan.tv\/az\/#organization","name":"Meydan TV","url":"https:\/\/www.meydan.tv\/az\/","logo":{"@type":"ImageObject","inLanguage":"az","@id":"https:\/\/www.meydan.tv\/az\/#\/schema\/logo\/image\/","url":"https:\/\/www.meydan.tv\/wp-content\/uploads\/2021\/07\/meydan-logo.svg","contentUrl":"https:\/\/www.meydan.tv\/wp-content\/uploads\/2021\/07\/meydan-logo.svg","width":195,"height":46,"caption":"Meydan TV"},"image":{"@id":"https:\/\/www.meydan.tv\/az\/#\/schema\/logo\/image\/"}},{"@type":"Person","@id":"https:\/\/www.meydan.tv\/az\/#\/schema\/person\/9cdbecf90d17180ce1dfbd95b08dcf47","name":"elli","sameAs":["https:\/\/x.com\/elli"]}]}},"_links":{"self":[{"href":"https:\/\/www.meydan.tv\/az\/wp-json\/wp\/v2\/posts\/261984","targetHints":{"allow":["GET"]}}],"collection":[{"href":"https:\/\/www.meydan.tv\/az\/wp-json\/wp\/v2\/posts"}],"about":[{"href":"https:\/\/www.meydan.tv\/az\/wp-json\/wp\/v2\/types\/post"}],"author":[{"embeddable":true,"href":"https:\/\/www.meydan.tv\/az\/wp-json\/wp\/v2\/users\/8"}],"replies":[{"embeddable":true,"href":"https:\/\/www.meydan.tv\/az\/wp-json\/wp\/v2\/comments?post=261984"}],"version-history":[{"count":1,"href":"https:\/\/www.meydan.tv\/az\/wp-json\/wp\/v2\/posts\/261984\/revisions"}],"predecessor-version":[{"id":261985,"href":"https:\/\/www.meydan.tv\/az\/wp-json\/wp\/v2\/posts\/261984\/revisions\/261985"}],"wp:featuredmedia":[{"embeddable":true,"href":"https:\/\/www.meydan.tv\/az\/wp-json\/wp\/v2\/media\/261981"}],"wp:attachment":[{"href":"https:\/\/www.meydan.tv\/az\/wp-json\/wp\/v2\/media?parent=261984"}],"wp:term":[{"taxonomy":"category","embeddable":true,"href":"https:\/\/www.meydan.tv\/az\/wp-json\/wp\/v2\/categories?post=261984"},{"taxonomy":"post_tag","embeddable":true,"href":"https:\/\/www.meydan.tv\/az\/wp-json\/wp\/v2\/tags?post=261984"}],"curies":[{"name":"wp","href":"https:\/\/api.w.org\/{rel}","templated":true}]}}