{"id":261974,"date":"2022-11-28T15:17:31","date_gmt":"2022-11-28T11:17:31","guid":{"rendered":"https:\/\/www.meydan.tv\/?p=261974"},"modified":"2022-11-28T15:17:34","modified_gmt":"2022-11-28T11:17:34","slug":"qarabag-qazisinin-atasi-emeliyyatin-miqyasini-boyuk-gostermek-ucun-oglumu-bu-ise-qosublar","status":"publish","type":"post","link":"https:\/\/www.meydan.tv\/az\/article\/qarabag-qazisinin-atasi-emeliyyatin-miqyasini-boyuk-gostermek-ucun-oglumu-bu-ise-qosublar\/","title":{"rendered":"Qaraba\u011f qazisinin atas\u0131: \u201c\u018fm\u0259liyyat\u0131n miqyas\u0131n\u0131 b\u00f6y\u00fck g\u00f6st\u0259rm\u0259k \u00fc\u00e7\u00fcn o\u011flumu bu i\u015f\u0259 qo\u015fublar\u201d"},"content":{"rendered":"\n<p><\/p>\n\n\n\n<p><em>H\u0259s\u0259n Rzayev deyir ki, \u015f\u0259xsi \u0259mlak\u0131 olan avtomobili geri qaytar\u0131lm\u0131r<\/em><\/p>\n\n\n\n<p>\u015eirvan sakini, \u0130kinci Qaraba\u011f m\u00fcharib\u0259sind\u0259 yaralanm\u0131\u015f P\u0259rvin Rzayev 1 il 4 ayd\u0131r ki, h\u0259bsd\u0259dir. O, sat\u0131\u015f m\u0259qs\u0259dil\u0259 k\u00fclli miqdarda narkotik da\u015f\u0131maqda ittiham olunur. Atas\u0131 is\u0259 deyir ki, P\u0259rvin Rzayev ail\u0259sini doland\u0131rmaq \u00fc\u00e7\u00fcn taksi f\u0259aliyy\u0259til\u0259 m\u0259\u015f\u011ful olurdu. Onun s\u00f6zl\u0259rin\u0259 g\u00f6r\u0259, o\u011flunun s\u0259rni\u015fin kimi apard\u0131\u011f\u0131 \u015f\u0259xsin y\u00fck\u00fcn\u0259 g\u00f6r\u0259 taksi s\u00fcr\u00fcc\u00fcs\u00fcn\u00fc c\u0259zaland\u0131rmaq \u0259dal\u0259tsizlikdir.<\/p>\n\n\n\n<p><strong>\u201cH\u0259r iki ma\u015f\u0131ndan d\u00fc\u015f\u00fcb o\u011fluma h\u00fccum ed\u0259nd\u0259 o, qorxub qa\u00e7\u0131b\u201d<\/strong><br><\/p>\n\n\n\n<p>Hadis\u0259 g\u00fcn\u00fc P\u0259rvin Rzayevin idar\u0259 etdiyi \u201cMercedes\u201d markal\u0131, \u201c90-LB-478\u201d d\u00f6vl\u0259t n\u00f6mr\u0259-ni\u015fanl\u0131 avtomobild\u0259 M\u0259h\u0259mm\u0259d M\u0259mm\u0259dov da olub. Onlar haz\u0131rda birlikd\u0259 m\u00fchakim\u0259 olunurlar. Cinay\u0259t i\u015finin materiallar\u0131nda iddia olunur ki, M\u0259h\u0259mm\u0259d M\u0259mm\u0259dovdan g\u00f6t\u00fcr\u00fclm\u00fc\u015f \u00e7antadan 8.7 kiloqram narkotik madd\u0259 &#8211; tiry\u0259k a\u015fkarlan\u0131b.<\/p>\n\n\n\n<p>H\u0259s\u0259n Rzayevin dediyin\u0259 g\u00f6r\u0259, o\u011flu \u015eirvandan Bak\u0131ya v\u0259 \u0259ks istiqam\u0259td\u0259 taksi f\u0259aliyy\u0259til\u0259 m\u0259\u015f\u011ful idi. \u015eirvanda \u00e7oxdan tan\u0131d\u0131\u011f\u0131 M\u0259h\u0259mm\u0259d M\u0259mm\u0259dov Bak\u0131ya ged\u0259c\u0259yini, qohumuna \u00e7anta apard\u0131\u011f\u0131n\u0131 deyib:<\/p>\n\n\n\n<p>\u201cXahi\u015f edib ki, onu Bak\u0131ya \u2013 Xocas\u0259n q\u0259s\u0259b\u0259sin\u0259 apars\u0131n. O\u011flum da raz\u0131la\u015f\u0131b. O, hardan bilsin ki, \u00e7antas\u0131nda n\u0259 var? Hans\u0131 s\u00fcr\u00fcc\u00fc s\u0259rni\u015finin \u00e7antas\u0131na bax\u0131r? Deyib ki, t\u0259cili getm\u0259liy\u0259m, 50 manat verir\u0259m. O\u011flum apar\u0131b. Xocas\u0259n\u0259 \u00e7atanda deyib ki, \u201cg\u00f6zl\u0259, tez \u00e7antan\u0131 verim, g\u0259lir\u0259m\u201d. P\u0259rvin ma\u015f\u0131nda g\u00f6zl\u0259yib. O d\u00fc\u015f\u0259n kimi, bir qara \u201ccip\u201d g\u0259lib \u00f6n t\u0259r\u0259fd\u0259n o\u011flumun ma\u015f\u0131n\u0131n\u0131n qar\u015f\u0131s\u0131n\u0131 k\u0259sib. H\u0259m d\u0259 ma\u015f\u0131n\u0131 vurub. Arxaya verm\u0259k ist\u0259y\u0259nd\u0259 g\u00f6r\u00fcb ki, ba\u015fqa bir ma\u015f\u0131n da arxadan yolunu k\u0259sir. Ona da d\u0259yib. H\u0259r iki ma\u015f\u0131ndan d\u00fc\u015f\u00fcb o\u011fluma h\u00fccum ed\u0259nd\u0259 P\u0259rvin qorxudan oradan qa\u00e7\u0131b\u2026\u201d.<\/p>\n\n\n\n<p>M\u0259h\u0259mm\u0259d M\u0259mm\u0259dov el\u0259 h\u0259min g\u00fcn \u2013 avqustun 3-d\u0259 hadis\u0259 yerind\u0259 tutulub. P\u0259rvin Rzayev is\u0259 iki g\u00fcn sonra \u2013 avqustun 5-d\u0259 \u015eirvan \u015f\u0259h\u0259rind\u0259 saxlan\u0131l\u0131b. Arada &#8211; avqustun 4-d\u0259 is\u0259 hadis\u0259 yerind\u0259 olmayan ba\u015fqa bir \u015f\u0259xs \u2013 S\u00fcleyman Musazad\u0259 d\u0259 Yasamal rayonu \u0259razisind\u0259 saxlan\u0131laraq, bu m\u0259s\u0259l\u0259 il\u0259 \u0259laq\u0259dar cinay\u0259t m\u0259suliyy\u0259tin\u0259 c\u0259lb edilib. Onlara qar\u015f\u0131 Cinay\u0259t M\u0259c\u0259ll\u0259sinin 206.3.2 (qabaqcadan \u0259lbir olan bir qrup \u015f\u0259xs t\u0259r\u0259find\u0259n qa\u00e7aqmal\u00e7\u0131l\u0131q), 234.4.1 v\u0259 234.4.3 (bir qrup \u015f\u0259xs t\u0259r\u0259find\u0259n sat\u0131\u015f m\u0259qs\u0259dil\u0259 k\u00fclli miqdarda narkotik \u0259ld\u0259 etm\u0259, saxlama, da\u015f\u0131ma) madd\u0259l\u0259ril\u0259 ittiham ir\u0259li s\u00fcr\u00fcl\u00fcb. H\u0259r \u00fc\u00e7\u00fc d\u0259 bu madd\u0259l\u0259rl\u0259 m\u00fchakim\u0259 olunurlar.<br><\/p>\n\n\n\n<p><strong>\u201c\u018fm\u0259liyyat\u00e7\u0131lar onu o q\u0259d\u0259r d\u00f6y\u00fcbl\u0259r, m\u0259cbur qal\u0131b\u2026\u201d<br><\/strong><\/p>\n\n\n\n<p>H\u0259s\u0259n Rzayev iddia edir ki, h\u00fcquq-m\u00fchafiz\u0259 orqanlar\u0131 \u0259m\u0259liyyat\u0131n miqyas\u0131n\u0131 daha b\u00f6y\u00fck g\u00f6st\u0259rm\u0259k, h\u0259bs olunanlar\u0131n say\u0131n\u0131 art\u0131rmaq \u00fc\u00e7\u00fcn onun o\u011flunu da bu i\u015f\u0259 qo\u015fublar. Onun s\u00f6zl\u0259rin\u0259 g\u00f6r\u0259, dig\u0259r iki n\u0259f\u0259rd\u0259n \u2013 M\u0259h\u0259mm\u0259d M\u0259mm\u0259dov v\u0259 S\u00fcleyman Musazad\u0259d\u0259n i\u015fg\u0259nc\u0259 alt\u0131nda P\u0259rvin\u0259 qar\u015f\u0131 ifad\u0259 al\u0131blar.<\/p>\n\n\n\n<p>O, o\u011flunun hadis\u0259 vaxt\u0131 oradan qa\u00e7mas\u0131n\u0131 onun affekt v\u0259ziyy\u0259t\u0259 d\u00fc\u015fm\u0259siyl\u0259 izah edir. Deyir ki, idman\u00e7\u0131 g\u00f6rk\u0259mind\u0259 olan \u00e7oxsayl\u0131 adamlar\u0131n h\u00fccum etdiyini g\u00f6r\u00fcb, avtomatik \u00f6z\u00fcn\u00fcm\u00fcdafi\u0259 instinkti yaran\u0131b:<\/p>\n\n\n\n<p>\u201cP\u0259rvin qa\u00e7\u0131b gizl\u0259nm\u0259yib, ev\u0259 g\u0259lib. \u0130ki g\u00fcn sonra onu evd\u0259n apar\u0131blar. S\u00fcleyman m\u0259hk\u0259m\u0259d\u0259 d\u0259 dedi ki, \u0259lbirlik n\u0259dir, he\u00e7 o\u011flumu tan\u0131may\u0131b. M\u0259h\u0259mm\u0259d is\u0259 bildirdi ki, \u0259m\u0259liyyat\u00e7\u0131lar onu o q\u0259d\u0259r d\u00f6y\u00fcbl\u0259r, m\u0259cbur qal\u0131b, P\u0259rvinin d\u0259 onlarla \u0259lbir olmas\u0131 haqda ifad\u0259y\u0259 qol \u00e7\u0259kib\u201d.<\/p>\n\n\n\n<p>Atas\u0131 d\u00fc\u015f\u00fcn\u00fcr ki, P\u0259rvin Rzayev h\u00fcquq-m\u00fchafiz\u0259 orqan\u0131 \u0259m\u0259kda\u015flar\u0131n\u0131n avtomobilini \u0259zdiyin\u0259 g\u00f6r\u0259 ona qar\u015f\u0131 x\u00fcsusi q\u0259r\u0259zli olublar. H\u0259s\u0259n Rzayevin s\u00f6zl\u0259rin\u0259 g\u00f6r\u0259, o\u011flunun idar\u0259 etdiyi avtomobil onun ad\u0131nad\u0131r. Amma avtomobili ona qaytarm\u0131rlar:<\/p>\n\n\n\n<p>\u201cM\u0259nim \u0259mlak\u0131m olan avtomobili \u00f6z\u00fcm\u0259 qaytarm\u0131rlar, hadis\u0259d\u0259n sonra apar\u0131b G\u00f6mr\u00fck Komit\u0259sinin c\u0259rim\u0259 meydan\u00e7as\u0131na at\u0131blar. Ma\u015f\u0131n\u0131n bu cinay\u0259t i\u015fi \u00fc\u00e7\u00fcn s\u00fcbut kimi \u0259h\u0259miyy\u0259ti yoxdur. Gedib \u0259mlak\u0131m\u0131 ist\u0259yir\u0259m, vermirl\u0259r. Deyirl\u0259r ki, \u201co\u011flun bizim ma\u015f\u0131n\u0131 \u0259z\u0259nd\u0259 yax\u015f\u0131 idi?!\u201d Bu, n\u0259 yana\u015fmad\u0131r?\u201d<br><\/p>\n\n\n\n<p><strong>\u201cAln\u0131nda metal q\u0259lp\u0259 var\u201d<br><\/strong><\/p>\n\n\n\n<p>H\u0259s\u0259n Rzayev \u0259lav\u0259 edib ki, o\u011flunun s\u0259hh\u0259tind\u0259 ciddi probleml\u0259r var, al\u0131n nahiy\u0259sind\u0259 q\u0259lp\u0259 qal\u0131b. O, 14 oktyabr 2020-ci ild\u0259 F\u00fczuli rayonu \u0259razisind\u0259 mina partlay\u0131\u015f\u0131 n\u0259tic\u0259sind\u0259 yaralan\u0131b.<\/p>\n\n\n\n<p>\u201cSa\u011f bald\u0131r\u0131ndan yaralan\u0131b, aln\u0131nda da metal q\u0259lp\u0259 var. \u0130ki u\u015fa\u011f\u0131 atalar\u0131n\u0131 soru\u015fanda qal\u0131ram ki, n\u0259 cavab verim? Yalan demi\u015f\u0259m ki, Moskvadad\u0131r, i\u015fl\u0259m\u0259y\u0259 gedib. P\u0259rvin \u201cAz\u0259rsu\u201dda i\u015fl\u0259yirdi, i\u015fini, ail\u0259sini qoyub, k\u00f6n\u00fcll\u00fc d\u00f6y\u00fc\u015f\u0259 getdi. Qay\u0131dandan sonra da el\u0259 \u00f6z i\u015find\u0259-g\u00fcc\u00fcnd\u0259 idi\u2026\u201d, &#8211; H\u0259s\u0259n Rzayev \u0259lav\u0259 edib.<\/p>\n\n\n\n<p>D\u00f6vl\u0259t G\u00f6mr\u00fck Komit\u0259sind\u0259n Meydan TV-y\u0259 bildirilib ki, s\u00f6z\u00fcged\u0259n \u0259m\u0259liyyat\u0131 Komit\u0259nin \u018fm\u0259liyyat-\u0130stintaq Ba\u015f \u0130dar\u0259si v\u0259 Daxili \u0130\u015fl\u0259r Nazirliyinin Ba\u015f Narkotikl\u0259rl\u0259 M\u00fcbariz\u0259 \u0130dar\u0259si birg\u0259 h\u0259yata ke\u00e7irib:<\/p>\n\n\n\n<p>\u201cXocas\u0259n yolunun k\u0259nar\u0131nda, yanacaqdoldurma m\u0259nt\u0259q\u0259sinin qar\u015f\u0131s\u0131nda P\u0259rvin Rzayevin idar\u0259 etdiyi avtomobill\u0259 h\u0259min \u0259raziy\u0259 g\u0259l\u0259n M\u0259h\u0259mm\u0259d M\u0259mm\u0259dov \u0130randan g\u0259tiril\u0259n k\u00fclli miqdarda narkotik vasit\u0259ni \u015f\u0259rti al\u0131c\u0131 olan g\u00f6mr\u00fck \u0259m\u0259kda\u015f\u0131na satark\u0259n saxlan\u0131l\u0131b. M\u0259h\u0259mm\u0259d M\u0259mm\u0259dovun saxlan\u0131ld\u0131\u011f\u0131n\u0131 g\u00f6r\u0259n P\u0259rvin Rzayev idar\u0259 etdiyi avtomobili g\u00f6mr\u00fck\u00e7\u00fcl\u0259r\u0259 m\u0259xsus dig\u0259r n\u0259qliyyat vasit\u0259l\u0259rin\u0259 \u00e7\u0131rparaq, hadis\u0259 yerind\u0259n qa\u00e7\u0131b. M\u0259h\u0259mm\u0259d M\u0259mm\u0259dovdan g\u00f6t\u00fcr\u00fclm\u00fc\u015f \u00e7antaya bax\u0131\u015f zaman\u0131 i\u00e7\u0259risind\u0259 doqquz ba\u011flamada 8720,6 qram tiry\u0259k a\u015fkar edilib\u201d.<\/p>\n\n\n\n<p>Ma\u015f\u0131n\u0131n qaytar\u0131lmas\u0131na g\u0259linc\u0259, qurumdan bu haqda m\u0259lumat verilm\u0259yib.<\/p>\n","protected":false},"excerpt":{"rendered":"<p>H\u0259s\u0259n Rzayev deyir ki, \u015f\u0259xsi \u0259mlak\u0131 olan avtomobili geri qaytar\u0131lm\u0131r &#8230; <\/p>\n<p class=\"read-more-container\"><a title=\"Qaraba\u011f qazisinin atas\u0131: \u201c\u018fm\u0259liyyat\u0131n miqyas\u0131n\u0131 b\u00f6y\u00fck g\u00f6st\u0259rm\u0259k \u00fc\u00e7\u00fcn o\u011flumu bu i\u015f\u0259 qo\u015fublar\u201d\" class=\"read-more button\" href=\"https:\/\/www.meydan.tv\/az\/article\/qarabag-qazisinin-atasi-emeliyyatin-miqyasini-boyuk-gostermek-ucun-oglumu-bu-ise-qosublar\/#more-261974\" aria-label=\"Read more about Qaraba\u011f qazisinin atas\u0131: \u201c\u018fm\u0259liyyat\u0131n miqyas\u0131n\u0131 b\u00f6y\u00fck g\u00f6st\u0259rm\u0259k \u00fc\u00e7\u00fcn o\u011flumu bu i\u015f\u0259 qo\u015fublar\u201d\">Davam\u0131<\/a><\/p>\n","protected":false},"author":8,"featured_media":261975,"comment_status":"closed","ping_status":"closed","sticky":false,"template":"","format":"standard","meta":{"_acf_changed":false,"_sitemap_exclude":false,"_sitemap_priority":"","_sitemap_frequency":"","footnotes":""},"categories":[60,56],"tags":[],"class_list":["post-261974","post","type-post","status-publish","format-standard","has-post-thumbnail","hentry","category-bolge","category-xeberler","infinite-scroll-item","generate-columns","tablet-grid-50","mobile-grid-100","grid-parent","grid-33","no-featured-image-padding"],"acf":[],"yoast_head":"<!-- This site is optimized with the Yoast SEO plugin v27.5 - https:\/\/yoast.com\/product\/yoast-seo-wordpress\/ -->\n<title>Qaraba\u011f qazisinin atas\u0131: \u201c\u018fm\u0259liyyat\u0131n miqyas\u0131n\u0131 b\u00f6y\u00fck g\u00f6st\u0259rm\u0259k \u00fc\u00e7\u00fcn o\u011flumu bu i\u015f\u0259 qo\u015fublar\u201d - MEYDAN.TV<\/title>\n<meta name=\"robots\" content=\"index, follow, max-snippet:-1, max-image-preview:large, max-video-preview:-1\" \/>\n<link rel=\"canonical\" href=\"https:\/\/www.meydan.tv\/az\/article\/qarabag-qazisinin-atasi-emeliyyatin-miqyasini-boyuk-gostermek-ucun-oglumu-bu-ise-qosublar\/\" \/>\n<meta property=\"og:locale\" content=\"az_AZ\" \/>\n<meta property=\"og:type\" content=\"article\" \/>\n<meta property=\"og:title\" content=\"Qaraba\u011f qazisinin atas\u0131: \u201c\u018fm\u0259liyyat\u0131n miqyas\u0131n\u0131 b\u00f6y\u00fck g\u00f6st\u0259rm\u0259k \u00fc\u00e7\u00fcn o\u011flumu bu i\u015f\u0259 qo\u015fublar\u201d - MEYDAN.TV\" \/>\n<meta property=\"og:description\" content=\"H\u0259s\u0259n Rzayev deyir ki, \u015f\u0259xsi \u0259mlak\u0131 olan avtomobili geri qaytar\u0131lm\u0131r ... Davam\u0131\" \/>\n<meta property=\"og:url\" content=\"https:\/\/www.meydan.tv\/az\/article\/qarabag-qazisinin-atasi-emeliyyatin-miqyasini-boyuk-gostermek-ucun-oglumu-bu-ise-qosublar\/\" \/>\n<meta property=\"og:site_name\" content=\"MEYDAN.TV\" \/>\n<meta property=\"article:published_time\" content=\"2022-11-28T11:17:31+00:00\" \/>\n<meta property=\"article:modified_time\" content=\"2022-11-28T11:17:34+00:00\" \/>\n<meta property=\"og:image\" content=\"https:\/\/www.meydan.tv\/wp-content\/uploads\/untitled-design-6-27.jpg\" \/>\n\t<meta property=\"og:image:width\" content=\"1200\" \/>\n\t<meta property=\"og:image:height\" content=\"800\" \/>\n\t<meta property=\"og:image:type\" content=\"image\/jpeg\" \/>\n<meta name=\"author\" content=\"elli\" \/>\n<meta name=\"twitter:card\" content=\"summary_large_image\" \/>\n<meta name=\"twitter:creator\" content=\"@elli\" \/>\n<script type=\"application\/ld+json\" class=\"yoast-schema-graph\">{\"@context\":\"https:\\\/\\\/schema.org\",\"@graph\":[{\"@type\":\"Article\",\"@id\":\"https:\\\/\\\/www.meydan.tv\\\/az\\\/article\\\/qarabag-qazisinin-atasi-emeliyyatin-miqyasini-boyuk-gostermek-ucun-oglumu-bu-ise-qosublar\\\/#article\",\"isPartOf\":{\"@id\":\"https:\\\/\\\/www.meydan.tv\\\/az\\\/article\\\/qarabag-qazisinin-atasi-emeliyyatin-miqyasini-boyuk-gostermek-ucun-oglumu-bu-ise-qosublar\\\/\"},\"author\":{\"name\":\"elli\",\"@id\":\"https:\\\/\\\/www.meydan.tv\\\/az\\\/#\\\/schema\\\/person\\\/9cdbecf90d17180ce1dfbd95b08dcf47\"},\"headline\":\"Qaraba\u011f qazisinin atas\u0131: \u201c\u018fm\u0259liyyat\u0131n miqyas\u0131n\u0131 b\u00f6y\u00fck g\u00f6st\u0259rm\u0259k \u00fc\u00e7\u00fcn o\u011flumu bu i\u015f\u0259 qo\u015fublar\u201d\",\"datePublished\":\"2022-11-28T11:17:31+00:00\",\"dateModified\":\"2022-11-28T11:17:34+00:00\",\"mainEntityOfPage\":{\"@id\":\"https:\\\/\\\/www.meydan.tv\\\/az\\\/article\\\/qarabag-qazisinin-atasi-emeliyyatin-miqyasini-boyuk-gostermek-ucun-oglumu-bu-ise-qosublar\\\/\"},\"wordCount\":1151,\"publisher\":{\"@id\":\"https:\\\/\\\/www.meydan.tv\\\/az\\\/#organization\"},\"image\":{\"@id\":\"https:\\\/\\\/www.meydan.tv\\\/az\\\/article\\\/qarabag-qazisinin-atasi-emeliyyatin-miqyasini-boyuk-gostermek-ucun-oglumu-bu-ise-qosublar\\\/#primaryimage\"},\"thumbnailUrl\":\"https:\\\/\\\/www.meydan.tv\\\/wp-content\\\/uploads\\\/untitled-design-6-27.jpg\",\"articleSection\":[\"B\u00f6lg\u0259\",\"X\u0259b\u0259rl\u0259r\"],\"inLanguage\":\"az\"},{\"@type\":\"WebPage\",\"@id\":\"https:\\\/\\\/www.meydan.tv\\\/az\\\/article\\\/qarabag-qazisinin-atasi-emeliyyatin-miqyasini-boyuk-gostermek-ucun-oglumu-bu-ise-qosublar\\\/\",\"url\":\"https:\\\/\\\/www.meydan.tv\\\/az\\\/article\\\/qarabag-qazisinin-atasi-emeliyyatin-miqyasini-boyuk-gostermek-ucun-oglumu-bu-ise-qosublar\\\/\",\"name\":\"Qaraba\u011f qazisinin atas\u0131: \u201c\u018fm\u0259liyyat\u0131n miqyas\u0131n\u0131 b\u00f6y\u00fck g\u00f6st\u0259rm\u0259k \u00fc\u00e7\u00fcn o\u011flumu bu i\u015f\u0259 qo\u015fublar\u201d - MEYDAN.TV\",\"isPartOf\":{\"@id\":\"https:\\\/\\\/www.meydan.tv\\\/az\\\/#website\"},\"primaryImageOfPage\":{\"@id\":\"https:\\\/\\\/www.meydan.tv\\\/az\\\/article\\\/qarabag-qazisinin-atasi-emeliyyatin-miqyasini-boyuk-gostermek-ucun-oglumu-bu-ise-qosublar\\\/#primaryimage\"},\"image\":{\"@id\":\"https:\\\/\\\/www.meydan.tv\\\/az\\\/article\\\/qarabag-qazisinin-atasi-emeliyyatin-miqyasini-boyuk-gostermek-ucun-oglumu-bu-ise-qosublar\\\/#primaryimage\"},\"thumbnailUrl\":\"https:\\\/\\\/www.meydan.tv\\\/wp-content\\\/uploads\\\/untitled-design-6-27.jpg\",\"datePublished\":\"2022-11-28T11:17:31+00:00\",\"dateModified\":\"2022-11-28T11:17:34+00:00\",\"breadcrumb\":{\"@id\":\"https:\\\/\\\/www.meydan.tv\\\/az\\\/article\\\/qarabag-qazisinin-atasi-emeliyyatin-miqyasini-boyuk-gostermek-ucun-oglumu-bu-ise-qosublar\\\/#breadcrumb\"},\"inLanguage\":\"az\",\"potentialAction\":[{\"@type\":\"ReadAction\",\"target\":[\"https:\\\/\\\/www.meydan.tv\\\/az\\\/article\\\/qarabag-qazisinin-atasi-emeliyyatin-miqyasini-boyuk-gostermek-ucun-oglumu-bu-ise-qosublar\\\/\"]}]},{\"@type\":\"ImageObject\",\"inLanguage\":\"az\",\"@id\":\"https:\\\/\\\/www.meydan.tv\\\/az\\\/article\\\/qarabag-qazisinin-atasi-emeliyyatin-miqyasini-boyuk-gostermek-ucun-oglumu-bu-ise-qosublar\\\/#primaryimage\",\"url\":\"https:\\\/\\\/www.meydan.tv\\\/wp-content\\\/uploads\\\/untitled-design-6-27.jpg\",\"contentUrl\":\"https:\\\/\\\/www.meydan.tv\\\/wp-content\\\/uploads\\\/untitled-design-6-27.jpg\",\"width\":1200,\"height\":800,\"caption\":\"Foto: P\u0259rvin Rzayevin yax\u0131nlar\u0131n\u0131n arxivind\u0259n\"},{\"@type\":\"BreadcrumbList\",\"@id\":\"https:\\\/\\\/www.meydan.tv\\\/az\\\/article\\\/qarabag-qazisinin-atasi-emeliyyatin-miqyasini-boyuk-gostermek-ucun-oglumu-bu-ise-qosublar\\\/#breadcrumb\",\"itemListElement\":[{\"@type\":\"ListItem\",\"position\":1,\"name\":\"Ana s\u0259hif\u0259\",\"item\":\"https:\\\/\\\/www.meydan.tv\\\/az\\\/\"},{\"@type\":\"ListItem\",\"position\":2,\"name\":\"B\u00f6lg\u0259\",\"item\":\"https:\\\/\\\/www.meydan.tv\\\/az\\\/section\\\/bolge\\\/\"},{\"@type\":\"ListItem\",\"position\":3,\"name\":\"Qaraba\u011f qazisinin atas\u0131: \u201c\u018fm\u0259liyyat\u0131n miqyas\u0131n\u0131 b\u00f6y\u00fck g\u00f6st\u0259rm\u0259k \u00fc\u00e7\u00fcn o\u011flumu bu i\u015f\u0259 qo\u015fublar\u201d\"}]},{\"@type\":\"WebSite\",\"@id\":\"https:\\\/\\\/www.meydan.tv\\\/az\\\/#website\",\"url\":\"https:\\\/\\\/www.meydan.tv\\\/az\\\/\",\"name\":\"MEYDAN.TV\",\"description\":\"Meydan TV Az\u0259rbaycan\u0131n media m\u0259kan\u0131ndak\u0131 alternativ s\u0259sidir\",\"publisher\":{\"@id\":\"https:\\\/\\\/www.meydan.tv\\\/az\\\/#organization\"},\"potentialAction\":[{\"@type\":\"SearchAction\",\"target\":{\"@type\":\"EntryPoint\",\"urlTemplate\":\"https:\\\/\\\/www.meydan.tv\\\/az\\\/?s={search_term_string}\"},\"query-input\":{\"@type\":\"PropertyValueSpecification\",\"valueRequired\":true,\"valueName\":\"search_term_string\"}}],\"inLanguage\":\"az\"},{\"@type\":\"Organization\",\"@id\":\"https:\\\/\\\/www.meydan.tv\\\/az\\\/#organization\",\"name\":\"Meydan TV\",\"url\":\"https:\\\/\\\/www.meydan.tv\\\/az\\\/\",\"logo\":{\"@type\":\"ImageObject\",\"inLanguage\":\"az\",\"@id\":\"https:\\\/\\\/www.meydan.tv\\\/az\\\/#\\\/schema\\\/logo\\\/image\\\/\",\"url\":\"https:\\\/\\\/www.meydan.tv\\\/wp-content\\\/uploads\\\/2021\\\/07\\\/meydan-logo.svg\",\"contentUrl\":\"https:\\\/\\\/www.meydan.tv\\\/wp-content\\\/uploads\\\/2021\\\/07\\\/meydan-logo.svg\",\"width\":195,\"height\":46,\"caption\":\"Meydan TV\"},\"image\":{\"@id\":\"https:\\\/\\\/www.meydan.tv\\\/az\\\/#\\\/schema\\\/logo\\\/image\\\/\"}},{\"@type\":\"Person\",\"@id\":\"https:\\\/\\\/www.meydan.tv\\\/az\\\/#\\\/schema\\\/person\\\/9cdbecf90d17180ce1dfbd95b08dcf47\",\"name\":\"elli\",\"sameAs\":[\"https:\\\/\\\/x.com\\\/elli\"]}]}<\/script>\n<!-- \/ Yoast SEO plugin. -->","yoast_head_json":{"title":"Qaraba\u011f qazisinin atas\u0131: \u201c\u018fm\u0259liyyat\u0131n miqyas\u0131n\u0131 b\u00f6y\u00fck g\u00f6st\u0259rm\u0259k \u00fc\u00e7\u00fcn o\u011flumu bu i\u015f\u0259 qo\u015fublar\u201d - MEYDAN.TV","robots":{"index":"index","follow":"follow","max-snippet":"max-snippet:-1","max-image-preview":"max-image-preview:large","max-video-preview":"max-video-preview:-1"},"canonical":"https:\/\/www.meydan.tv\/az\/article\/qarabag-qazisinin-atasi-emeliyyatin-miqyasini-boyuk-gostermek-ucun-oglumu-bu-ise-qosublar\/","og_locale":"az_AZ","og_type":"article","og_title":"Qaraba\u011f qazisinin atas\u0131: \u201c\u018fm\u0259liyyat\u0131n miqyas\u0131n\u0131 b\u00f6y\u00fck g\u00f6st\u0259rm\u0259k \u00fc\u00e7\u00fcn o\u011flumu bu i\u015f\u0259 qo\u015fublar\u201d - MEYDAN.TV","og_description":"H\u0259s\u0259n Rzayev deyir ki, \u015f\u0259xsi \u0259mlak\u0131 olan avtomobili geri qaytar\u0131lm\u0131r ... Davam\u0131","og_url":"https:\/\/www.meydan.tv\/az\/article\/qarabag-qazisinin-atasi-emeliyyatin-miqyasini-boyuk-gostermek-ucun-oglumu-bu-ise-qosublar\/","og_site_name":"MEYDAN.TV","article_published_time":"2022-11-28T11:17:31+00:00","article_modified_time":"2022-11-28T11:17:34+00:00","og_image":[{"width":1200,"height":800,"url":"https:\/\/www.meydan.tv\/wp-content\/uploads\/untitled-design-6-27.jpg","type":"image\/jpeg"}],"author":"elli","twitter_card":"summary_large_image","twitter_creator":"@elli","schema":{"@context":"https:\/\/schema.org","@graph":[{"@type":"Article","@id":"https:\/\/www.meydan.tv\/az\/article\/qarabag-qazisinin-atasi-emeliyyatin-miqyasini-boyuk-gostermek-ucun-oglumu-bu-ise-qosublar\/#article","isPartOf":{"@id":"https:\/\/www.meydan.tv\/az\/article\/qarabag-qazisinin-atasi-emeliyyatin-miqyasini-boyuk-gostermek-ucun-oglumu-bu-ise-qosublar\/"},"author":{"name":"elli","@id":"https:\/\/www.meydan.tv\/az\/#\/schema\/person\/9cdbecf90d17180ce1dfbd95b08dcf47"},"headline":"Qaraba\u011f qazisinin atas\u0131: \u201c\u018fm\u0259liyyat\u0131n miqyas\u0131n\u0131 b\u00f6y\u00fck g\u00f6st\u0259rm\u0259k \u00fc\u00e7\u00fcn o\u011flumu bu i\u015f\u0259 qo\u015fublar\u201d","datePublished":"2022-11-28T11:17:31+00:00","dateModified":"2022-11-28T11:17:34+00:00","mainEntityOfPage":{"@id":"https:\/\/www.meydan.tv\/az\/article\/qarabag-qazisinin-atasi-emeliyyatin-miqyasini-boyuk-gostermek-ucun-oglumu-bu-ise-qosublar\/"},"wordCount":1151,"publisher":{"@id":"https:\/\/www.meydan.tv\/az\/#organization"},"image":{"@id":"https:\/\/www.meydan.tv\/az\/article\/qarabag-qazisinin-atasi-emeliyyatin-miqyasini-boyuk-gostermek-ucun-oglumu-bu-ise-qosublar\/#primaryimage"},"thumbnailUrl":"https:\/\/www.meydan.tv\/wp-content\/uploads\/untitled-design-6-27.jpg","articleSection":["B\u00f6lg\u0259","X\u0259b\u0259rl\u0259r"],"inLanguage":"az"},{"@type":"WebPage","@id":"https:\/\/www.meydan.tv\/az\/article\/qarabag-qazisinin-atasi-emeliyyatin-miqyasini-boyuk-gostermek-ucun-oglumu-bu-ise-qosublar\/","url":"https:\/\/www.meydan.tv\/az\/article\/qarabag-qazisinin-atasi-emeliyyatin-miqyasini-boyuk-gostermek-ucun-oglumu-bu-ise-qosublar\/","name":"Qaraba\u011f qazisinin atas\u0131: \u201c\u018fm\u0259liyyat\u0131n miqyas\u0131n\u0131 b\u00f6y\u00fck g\u00f6st\u0259rm\u0259k \u00fc\u00e7\u00fcn o\u011flumu bu i\u015f\u0259 qo\u015fublar\u201d - MEYDAN.TV","isPartOf":{"@id":"https:\/\/www.meydan.tv\/az\/#website"},"primaryImageOfPage":{"@id":"https:\/\/www.meydan.tv\/az\/article\/qarabag-qazisinin-atasi-emeliyyatin-miqyasini-boyuk-gostermek-ucun-oglumu-bu-ise-qosublar\/#primaryimage"},"image":{"@id":"https:\/\/www.meydan.tv\/az\/article\/qarabag-qazisinin-atasi-emeliyyatin-miqyasini-boyuk-gostermek-ucun-oglumu-bu-ise-qosublar\/#primaryimage"},"thumbnailUrl":"https:\/\/www.meydan.tv\/wp-content\/uploads\/untitled-design-6-27.jpg","datePublished":"2022-11-28T11:17:31+00:00","dateModified":"2022-11-28T11:17:34+00:00","breadcrumb":{"@id":"https:\/\/www.meydan.tv\/az\/article\/qarabag-qazisinin-atasi-emeliyyatin-miqyasini-boyuk-gostermek-ucun-oglumu-bu-ise-qosublar\/#breadcrumb"},"inLanguage":"az","potentialAction":[{"@type":"ReadAction","target":["https:\/\/www.meydan.tv\/az\/article\/qarabag-qazisinin-atasi-emeliyyatin-miqyasini-boyuk-gostermek-ucun-oglumu-bu-ise-qosublar\/"]}]},{"@type":"ImageObject","inLanguage":"az","@id":"https:\/\/www.meydan.tv\/az\/article\/qarabag-qazisinin-atasi-emeliyyatin-miqyasini-boyuk-gostermek-ucun-oglumu-bu-ise-qosublar\/#primaryimage","url":"https:\/\/www.meydan.tv\/wp-content\/uploads\/untitled-design-6-27.jpg","contentUrl":"https:\/\/www.meydan.tv\/wp-content\/uploads\/untitled-design-6-27.jpg","width":1200,"height":800,"caption":"Foto: P\u0259rvin Rzayevin yax\u0131nlar\u0131n\u0131n arxivind\u0259n"},{"@type":"BreadcrumbList","@id":"https:\/\/www.meydan.tv\/az\/article\/qarabag-qazisinin-atasi-emeliyyatin-miqyasini-boyuk-gostermek-ucun-oglumu-bu-ise-qosublar\/#breadcrumb","itemListElement":[{"@type":"ListItem","position":1,"name":"Ana s\u0259hif\u0259","item":"https:\/\/www.meydan.tv\/az\/"},{"@type":"ListItem","position":2,"name":"B\u00f6lg\u0259","item":"https:\/\/www.meydan.tv\/az\/section\/bolge\/"},{"@type":"ListItem","position":3,"name":"Qaraba\u011f qazisinin atas\u0131: \u201c\u018fm\u0259liyyat\u0131n miqyas\u0131n\u0131 b\u00f6y\u00fck g\u00f6st\u0259rm\u0259k \u00fc\u00e7\u00fcn o\u011flumu bu i\u015f\u0259 qo\u015fublar\u201d"}]},{"@type":"WebSite","@id":"https:\/\/www.meydan.tv\/az\/#website","url":"https:\/\/www.meydan.tv\/az\/","name":"MEYDAN.TV","description":"Meydan TV Az\u0259rbaycan\u0131n media m\u0259kan\u0131ndak\u0131 alternativ s\u0259sidir","publisher":{"@id":"https:\/\/www.meydan.tv\/az\/#organization"},"potentialAction":[{"@type":"SearchAction","target":{"@type":"EntryPoint","urlTemplate":"https:\/\/www.meydan.tv\/az\/?s={search_term_string}"},"query-input":{"@type":"PropertyValueSpecification","valueRequired":true,"valueName":"search_term_string"}}],"inLanguage":"az"},{"@type":"Organization","@id":"https:\/\/www.meydan.tv\/az\/#organization","name":"Meydan TV","url":"https:\/\/www.meydan.tv\/az\/","logo":{"@type":"ImageObject","inLanguage":"az","@id":"https:\/\/www.meydan.tv\/az\/#\/schema\/logo\/image\/","url":"https:\/\/www.meydan.tv\/wp-content\/uploads\/2021\/07\/meydan-logo.svg","contentUrl":"https:\/\/www.meydan.tv\/wp-content\/uploads\/2021\/07\/meydan-logo.svg","width":195,"height":46,"caption":"Meydan TV"},"image":{"@id":"https:\/\/www.meydan.tv\/az\/#\/schema\/logo\/image\/"}},{"@type":"Person","@id":"https:\/\/www.meydan.tv\/az\/#\/schema\/person\/9cdbecf90d17180ce1dfbd95b08dcf47","name":"elli","sameAs":["https:\/\/x.com\/elli"]}]}},"_links":{"self":[{"href":"https:\/\/www.meydan.tv\/az\/wp-json\/wp\/v2\/posts\/261974","targetHints":{"allow":["GET"]}}],"collection":[{"href":"https:\/\/www.meydan.tv\/az\/wp-json\/wp\/v2\/posts"}],"about":[{"href":"https:\/\/www.meydan.tv\/az\/wp-json\/wp\/v2\/types\/post"}],"author":[{"embeddable":true,"href":"https:\/\/www.meydan.tv\/az\/wp-json\/wp\/v2\/users\/8"}],"replies":[{"embeddable":true,"href":"https:\/\/www.meydan.tv\/az\/wp-json\/wp\/v2\/comments?post=261974"}],"version-history":[{"count":1,"href":"https:\/\/www.meydan.tv\/az\/wp-json\/wp\/v2\/posts\/261974\/revisions"}],"predecessor-version":[{"id":261978,"href":"https:\/\/www.meydan.tv\/az\/wp-json\/wp\/v2\/posts\/261974\/revisions\/261978"}],"wp:featuredmedia":[{"embeddable":true,"href":"https:\/\/www.meydan.tv\/az\/wp-json\/wp\/v2\/media\/261975"}],"wp:attachment":[{"href":"https:\/\/www.meydan.tv\/az\/wp-json\/wp\/v2\/media?parent=261974"}],"wp:term":[{"taxonomy":"category","embeddable":true,"href":"https:\/\/www.meydan.tv\/az\/wp-json\/wp\/v2\/categories?post=261974"},{"taxonomy":"post_tag","embeddable":true,"href":"https:\/\/www.meydan.tv\/az\/wp-json\/wp\/v2\/tags?post=261974"}],"curies":[{"name":"wp","href":"https:\/\/api.w.org\/{rel}","templated":true}]}}