{"id":261952,"date":"2022-11-28T13:27:43","date_gmt":"2022-11-28T09:27:43","guid":{"rendered":"https:\/\/www.meydan.tv\/?p=261952"},"modified":"2022-11-28T13:27:45","modified_gmt":"2022-11-28T09:27:45","slug":"naxcivanda-hebsler-maliyye-naziri-ile-generala-qarsi-ittiham-ireli-surulub","status":"publish","type":"post","link":"https:\/\/www.meydan.tv\/az\/article\/naxcivanda-hebsler-maliyye-naziri-ile-generala-qarsi-ittiham-ireli-surulub\/","title":{"rendered":"Nax\u00e7\u0131vanda h\u0259bsl\u0259r: maliyy\u0259 naziri il\u0259 generala qar\u015f\u0131 ittiham ir\u0259li s\u00fcr\u00fcl\u00fcb"},"content":{"rendered":"\n<p><\/p>\n\n\n\n<p><em>S\u00f6hb\u0259t 150 milyon manata yax\u0131n yeyintid\u0259n gedir<\/em><\/p>\n\n\n\n<p>D\u00f6vl\u0259t T\u0259hl\u00fck\u0259sizliyi Xidm\u0259tinin (DTX) Nax\u00e7\u0131van Muxtar Respublikas\u0131nda (MR) ke\u00e7irdiyi \u0259m\u0259liyyat n\u0259tic\u0259sind\u0259 maliyy\u0259 naziri R\u0259fael \u018fliyevin h\u0259bs olundu\u011fu bildirilir.<\/p>\n\n\n\n<p>O da DTX-da istintaq\u0131 apar\u0131lan cinay\u0259t i\u015fi \u00fczr\u0259 m\u0259suliyy\u0259t\u0259 c\u0259lb olunub. Ona qar\u015f\u0131 da k\u00fclli miqdarda m\u0259nims\u0259m\u0259 ittiham\u0131 ir\u0259li s\u00fcr\u00fcl\u00fcb, bar\u0259sind\u0259 4 ayl\u0131q h\u0259bs q\u0259timkan t\u0259dbiri se\u00e7ilib. S\u00f6hb\u0259t 150 milyon manata yax\u0131n yeyintid\u0259n gedir.<\/p>\n\n\n\n<figure class=\"wp-block-image size-full\"><img decoding=\"async\" width=\"1200\" height=\"800\" data-src=\"https:\/\/www.meydan.tv\/wp-content\/uploads\/untitled-design-76.jpg\" alt=\"\" class=\"wp-image-261924 lazyload\" src=\"data:image\/svg+xml;base64,PHN2ZyB3aWR0aD0iMSIgaGVpZ2h0PSIxIiB4bWxucz0iaHR0cDovL3d3dy53My5vcmcvMjAwMC9zdmciPjwvc3ZnPg==\" style=\"--smush-placeholder-width: 1200px; --smush-placeholder-aspect-ratio: 1200\/800;\" \/><figcaption class=\"wp-element-caption\">R\u0259fael \u018fliyev (sa\u011fdan birinci). Foto: Sosial media<\/figcaption><\/figure>\n\n\n\n<p>DTX-n\u0131n Nax\u00e7\u0131van Muxtar Respublikas\u0131n\u0131n (MR) D\u00f6vl\u0259t G\u00f6mr\u00fck Komit\u0259sind\u0259 noyabr\u0131n 23-d\u0259 ke\u00e7irdiyi \u0259m\u0259liyyat n\u0259tic\u0259sind\u0259 h\u0259bs olunanlar\u0131n say\u0131 art\u0131b. Bundan \u00f6nc\u0259 Komit\u0259nin G\u00f6mr\u00fck tarifl\u0259rinin t\u0259nziml\u0259nm\u0259si v\u0259 \u00f6d\u0259ni\u015fl\u0259r \u015f\u00f6b\u0259sinin r\u0259isi Mansur \u018fsg\u0259rov h\u0259bs olunmu\u015fdu. \u0130ki g\u00fcn \u00f6nc\u0259 komit\u0259nin s\u0259dri, general S\u0259h\u0259t H\u0259bibb\u0259yli d\u0259 saxlan\u0131l\u0131b.<\/p>\n\n\n\n<p>DTX-n\u0131n \u0259m\u0259liyyat\u0131 n\u0259tic\u0259sind\u0259 Nax\u00e7\u0131van g\u00f6mr\u00fcy\u00fcnd\u0259 100 milyon manatdan \u00e7ox yeyintinin \u00fcz\u0259 \u00e7\u0131xd\u0131\u011f\u0131 bildirilir. \u0130ddiaya g\u00f6r\u0259, bu qurumda \u201cqara m\u00fchasibatl\u0131q\u201d a\u015fkarlan\u0131b. M\u0259lum olub ki, r\u0259smi elektron sisteml\u0259 yana\u015f\u0131, qeyri-r\u0259smi hesblamalar da gedirmi\u015f. Oradak\u0131 r\u0259q\u0259ml\u0259r is\u0259 r\u0259smi sistemd\u0259kind\u0259n k\u0259skin f\u0259rql\u0259nir.<\/p>\n\n\n\n<p>H\u0259bs olunan g\u00f6mr\u00fck\u00e7\u00fcl\u0259r\u0259 qar\u015f\u0131 k\u00fclli miqdarda m\u0259nims\u0259m\u0259, v\u0259zif\u0259 s\u0259lahiyy\u0259tl\u0259rind\u0259n sui-istifad\u0259 v\u0259 ba\u015fqa ittihamlar ir\u0259li s\u00fcr\u00fcl\u00fcb.<\/p>\n\n\n\n<figure class=\"wp-block-image size-full\"><img decoding=\"async\" width=\"1200\" height=\"606\" data-src=\"https:\/\/www.meydan.tv\/wp-content\/uploads\/5ed633a99f0cf-1-e1666690112224.jpg\" alt=\"\" class=\"wp-image-259257 lazyload\" src=\"data:image\/svg+xml;base64,PHN2ZyB3aWR0aD0iMSIgaGVpZ2h0PSIxIiB4bWxucz0iaHR0cDovL3d3dy53My5vcmcvMjAwMC9zdmciPjwvc3ZnPg==\" style=\"--smush-placeholder-width: 1200px; --smush-placeholder-aspect-ratio: 1200\/606;\" \/><figcaption class=\"wp-element-caption\">\u0130sa H\u0259bibb\u0259yli. M\u0259nb\u0259: AMEA<\/figcaption><\/figure>\n\n\n\n<p>Bu i\u015fin istintaq ara\u015fd\u0131rmas\u0131n\u0131 da DTX-n\u0131n ba\u015f \u0130stintaq \u0130dar\u0259si apar\u0131r.<\/p>\n\n\n\n<p>S\u0259h\u0259t H\u0259bibb\u0259yli Milli Elml\u0259r Akademiyas\u0131n\u0131n prezidenti \u0130sa H\u0259bibb\u0259ylinin o\u011fludur. Atas\u0131 onun tutulmas\u0131 x\u0259b\u0259rini t\u0259kzib etm\u0259yib.<\/p>\n\n\n\n<p>&#8220;M\u0259nim o\u011flumla, Nax\u00e7\u0131vanda ba\u015f ver\u0259nl\u0259rl\u0259 ba\u011fl\u0131 dem\u0259y\u0259 s\u00f6z\u00fcm yoxdur. Hesab edir\u0259m ki, \u00f6vladla ba\u011fl\u0131 ataya sual verm\u0259yin \u00f6z\u00fc etikaya s\u0131\u011fm\u0131r&#8221;, &#8211; H\u0259bibb\u0259yli &#8220;gununsesi.info&#8221;ya bel\u0259 deyib.<\/p>\n\n\n\n<p>&#8220;O\u011flunuz haradad\u0131r, ondan x\u0259b\u0259riniz varm\u0131\u201d sual\u0131na is\u0259 \u0130sa H\u0259bibb\u0259yli \u201dBilmir\u0259m ki, haradad\u0131r, x\u0259b\u0259rim d\u0259 yoxdur\u201d dey\u0259r\u0259k, telefonun d\u0259st\u0259yini as\u0131b.<\/p>\n\n\n\n<p>S\u0259h\u0259t H\u0259bibb\u0259yli 2019-cu ilin mart\u0131ndan Nax\u00e7\u0131van MR G\u00f6mr\u00fck Komit\u0259sinin s\u0259dri idi.<\/p>\n","protected":false},"excerpt":{"rendered":"<p>S\u00f6hb\u0259t 150 milyon manata yax\u0131n yeyintid\u0259n gedir D\u00f6vl\u0259t T\u0259hl\u00fck\u0259sizliyi Xidm\u0259tinin &#8230; <\/p>\n<p class=\"read-more-container\"><a title=\"Nax\u00e7\u0131vanda h\u0259bsl\u0259r: maliyy\u0259 naziri il\u0259 generala qar\u015f\u0131 ittiham ir\u0259li s\u00fcr\u00fcl\u00fcb\" class=\"read-more button\" href=\"https:\/\/www.meydan.tv\/az\/article\/naxcivanda-hebsler-maliyye-naziri-ile-generala-qarsi-ittiham-ireli-surulub\/#more-261952\" aria-label=\"Read more about Nax\u00e7\u0131vanda h\u0259bsl\u0259r: maliyy\u0259 naziri il\u0259 generala qar\u015f\u0131 ittiham ir\u0259li s\u00fcr\u00fcl\u00fcb\">Davam\u0131<\/a><\/p>\n","protected":false},"author":8,"featured_media":134550,"comment_status":"closed","ping_status":"closed","sticky":false,"template":"","format":"standard","meta":{"_acf_changed":false,"_sitemap_exclude":false,"_sitemap_priority":"","_sitemap_frequency":"","footnotes":""},"categories":[60,79,56],"tags":[],"class_list":["post-261952","post","type-post","status-publish","format-standard","has-post-thumbnail","hentry","category-bolge","category-featured","category-xeberler","infinite-scroll-item","generate-columns","tablet-grid-50","mobile-grid-100","grid-parent","grid-33","no-featured-image-padding"],"acf":[],"yoast_head":"<!-- This site is optimized with the Yoast SEO plugin v27.5 - https:\/\/yoast.com\/product\/yoast-seo-wordpress\/ -->\n<title>Nax\u00e7\u0131vanda h\u0259bsl\u0259r: maliyy\u0259 naziri il\u0259 generala qar\u015f\u0131 ittiham ir\u0259li s\u00fcr\u00fcl\u00fcb - MEYDAN.TV<\/title>\n<meta name=\"robots\" content=\"index, follow, max-snippet:-1, max-image-preview:large, max-video-preview:-1\" \/>\n<link rel=\"canonical\" href=\"https:\/\/www.meydan.tv\/az\/article\/naxcivanda-hebsler-maliyye-naziri-ile-generala-qarsi-ittiham-ireli-surulub\/\" \/>\n<meta property=\"og:locale\" content=\"az_AZ\" \/>\n<meta property=\"og:type\" content=\"article\" \/>\n<meta property=\"og:title\" content=\"Nax\u00e7\u0131vanda h\u0259bsl\u0259r: maliyy\u0259 naziri il\u0259 generala qar\u015f\u0131 ittiham ir\u0259li s\u00fcr\u00fcl\u00fcb - MEYDAN.TV\" \/>\n<meta property=\"og:description\" content=\"S\u00f6hb\u0259t 150 milyon manata yax\u0131n yeyintid\u0259n gedir D\u00f6vl\u0259t T\u0259hl\u00fck\u0259sizliyi Xidm\u0259tinin ... Davam\u0131\" \/>\n<meta property=\"og:url\" content=\"https:\/\/www.meydan.tv\/az\/article\/naxcivanda-hebsler-maliyye-naziri-ile-generala-qarsi-ittiham-ireli-surulub\/\" \/>\n<meta property=\"og:site_name\" content=\"MEYDAN.TV\" \/>\n<meta property=\"article:published_time\" content=\"2022-11-28T09:27:43+00:00\" \/>\n<meta property=\"article:modified_time\" content=\"2022-11-28T09:27:45+00:00\" \/>\n<meta property=\"og:image\" content=\"https:\/\/www.meydan.tv\/wp-content\/uploads\/576c5672-d7a4-49ba-b318-e70fe16e860d.jpeg\" \/>\n\t<meta property=\"og:image:width\" content=\"1032\" \/>\n\t<meta property=\"og:image:height\" content=\"774\" \/>\n\t<meta property=\"og:image:type\" content=\"image\/jpeg\" \/>\n<meta name=\"author\" content=\"elli\" \/>\n<meta name=\"twitter:card\" content=\"summary_large_image\" \/>\n<meta name=\"twitter:creator\" content=\"@elli\" \/>\n<script type=\"application\/ld+json\" class=\"yoast-schema-graph\">{\"@context\":\"https:\\\/\\\/schema.org\",\"@graph\":[{\"@type\":\"Article\",\"@id\":\"https:\\\/\\\/www.meydan.tv\\\/az\\\/article\\\/naxcivanda-hebsler-maliyye-naziri-ile-generala-qarsi-ittiham-ireli-surulub\\\/#article\",\"isPartOf\":{\"@id\":\"https:\\\/\\\/www.meydan.tv\\\/az\\\/article\\\/naxcivanda-hebsler-maliyye-naziri-ile-generala-qarsi-ittiham-ireli-surulub\\\/\"},\"author\":{\"name\":\"elli\",\"@id\":\"https:\\\/\\\/www.meydan.tv\\\/az\\\/#\\\/schema\\\/person\\\/9cdbecf90d17180ce1dfbd95b08dcf47\"},\"headline\":\"Nax\u00e7\u0131vanda h\u0259bsl\u0259r: maliyy\u0259 naziri il\u0259 generala qar\u015f\u0131 ittiham ir\u0259li s\u00fcr\u00fcl\u00fcb\",\"datePublished\":\"2022-11-28T09:27:43+00:00\",\"dateModified\":\"2022-11-28T09:27:45+00:00\",\"mainEntityOfPage\":{\"@id\":\"https:\\\/\\\/www.meydan.tv\\\/az\\\/article\\\/naxcivanda-hebsler-maliyye-naziri-ile-generala-qarsi-ittiham-ireli-surulub\\\/\"},\"wordCount\":453,\"publisher\":{\"@id\":\"https:\\\/\\\/www.meydan.tv\\\/az\\\/#organization\"},\"image\":{\"@id\":\"https:\\\/\\\/www.meydan.tv\\\/az\\\/article\\\/naxcivanda-hebsler-maliyye-naziri-ile-generala-qarsi-ittiham-ireli-surulub\\\/#primaryimage\"},\"thumbnailUrl\":\"https:\\\/\\\/www.meydan.tv\\\/wp-content\\\/uploads\\\/576c5672-d7a4-49ba-b318-e70fe16e860d-e1716633523510.jpeg\",\"articleSection\":[\"B\u00f6lg\u0259\",\"T\u00f6vsiy\u0259\",\"X\u0259b\u0259rl\u0259r\"],\"inLanguage\":\"az\"},{\"@type\":\"WebPage\",\"@id\":\"https:\\\/\\\/www.meydan.tv\\\/az\\\/article\\\/naxcivanda-hebsler-maliyye-naziri-ile-generala-qarsi-ittiham-ireli-surulub\\\/\",\"url\":\"https:\\\/\\\/www.meydan.tv\\\/az\\\/article\\\/naxcivanda-hebsler-maliyye-naziri-ile-generala-qarsi-ittiham-ireli-surulub\\\/\",\"name\":\"Nax\u00e7\u0131vanda h\u0259bsl\u0259r: maliyy\u0259 naziri il\u0259 generala qar\u015f\u0131 ittiham ir\u0259li s\u00fcr\u00fcl\u00fcb - MEYDAN.TV\",\"isPartOf\":{\"@id\":\"https:\\\/\\\/www.meydan.tv\\\/az\\\/#website\"},\"primaryImageOfPage\":{\"@id\":\"https:\\\/\\\/www.meydan.tv\\\/az\\\/article\\\/naxcivanda-hebsler-maliyye-naziri-ile-generala-qarsi-ittiham-ireli-surulub\\\/#primaryimage\"},\"image\":{\"@id\":\"https:\\\/\\\/www.meydan.tv\\\/az\\\/article\\\/naxcivanda-hebsler-maliyye-naziri-ile-generala-qarsi-ittiham-ireli-surulub\\\/#primaryimage\"},\"thumbnailUrl\":\"https:\\\/\\\/www.meydan.tv\\\/wp-content\\\/uploads\\\/576c5672-d7a4-49ba-b318-e70fe16e860d-e1716633523510.jpeg\",\"datePublished\":\"2022-11-28T09:27:43+00:00\",\"dateModified\":\"2022-11-28T09:27:45+00:00\",\"breadcrumb\":{\"@id\":\"https:\\\/\\\/www.meydan.tv\\\/az\\\/article\\\/naxcivanda-hebsler-maliyye-naziri-ile-generala-qarsi-ittiham-ireli-surulub\\\/#breadcrumb\"},\"inLanguage\":\"az\",\"potentialAction\":[{\"@type\":\"ReadAction\",\"target\":[\"https:\\\/\\\/www.meydan.tv\\\/az\\\/article\\\/naxcivanda-hebsler-maliyye-naziri-ile-generala-qarsi-ittiham-ireli-surulub\\\/\"]}]},{\"@type\":\"ImageObject\",\"inLanguage\":\"az\",\"@id\":\"https:\\\/\\\/www.meydan.tv\\\/az\\\/article\\\/naxcivanda-hebsler-maliyye-naziri-ile-generala-qarsi-ittiham-ireli-surulub\\\/#primaryimage\",\"url\":\"https:\\\/\\\/www.meydan.tv\\\/wp-content\\\/uploads\\\/576c5672-d7a4-49ba-b318-e70fe16e860d-e1716633523510.jpeg\",\"contentUrl\":\"https:\\\/\\\/www.meydan.tv\\\/wp-content\\\/uploads\\\/576c5672-d7a4-49ba-b318-e70fe16e860d-e1716633523510.jpeg\",\"width\":1032,\"height\":498,\"caption\":\"Fotolar: Meydan TV\"},{\"@type\":\"BreadcrumbList\",\"@id\":\"https:\\\/\\\/www.meydan.tv\\\/az\\\/article\\\/naxcivanda-hebsler-maliyye-naziri-ile-generala-qarsi-ittiham-ireli-surulub\\\/#breadcrumb\",\"itemListElement\":[{\"@type\":\"ListItem\",\"position\":1,\"name\":\"Ana s\u0259hif\u0259\",\"item\":\"https:\\\/\\\/www.meydan.tv\\\/az\\\/\"},{\"@type\":\"ListItem\",\"position\":2,\"name\":\"B\u00f6lg\u0259\",\"item\":\"https:\\\/\\\/www.meydan.tv\\\/az\\\/section\\\/bolge\\\/\"},{\"@type\":\"ListItem\",\"position\":3,\"name\":\"Nax\u00e7\u0131vanda h\u0259bsl\u0259r: maliyy\u0259 naziri il\u0259 generala qar\u015f\u0131 ittiham ir\u0259li s\u00fcr\u00fcl\u00fcb\"}]},{\"@type\":\"WebSite\",\"@id\":\"https:\\\/\\\/www.meydan.tv\\\/az\\\/#website\",\"url\":\"https:\\\/\\\/www.meydan.tv\\\/az\\\/\",\"name\":\"MEYDAN.TV\",\"description\":\"Meydan TV Az\u0259rbaycan\u0131n media m\u0259kan\u0131ndak\u0131 alternativ s\u0259sidir\",\"publisher\":{\"@id\":\"https:\\\/\\\/www.meydan.tv\\\/az\\\/#organization\"},\"potentialAction\":[{\"@type\":\"SearchAction\",\"target\":{\"@type\":\"EntryPoint\",\"urlTemplate\":\"https:\\\/\\\/www.meydan.tv\\\/az\\\/?s={search_term_string}\"},\"query-input\":{\"@type\":\"PropertyValueSpecification\",\"valueRequired\":true,\"valueName\":\"search_term_string\"}}],\"inLanguage\":\"az\"},{\"@type\":\"Organization\",\"@id\":\"https:\\\/\\\/www.meydan.tv\\\/az\\\/#organization\",\"name\":\"Meydan TV\",\"url\":\"https:\\\/\\\/www.meydan.tv\\\/az\\\/\",\"logo\":{\"@type\":\"ImageObject\",\"inLanguage\":\"az\",\"@id\":\"https:\\\/\\\/www.meydan.tv\\\/az\\\/#\\\/schema\\\/logo\\\/image\\\/\",\"url\":\"https:\\\/\\\/www.meydan.tv\\\/wp-content\\\/uploads\\\/2021\\\/07\\\/meydan-logo.svg\",\"contentUrl\":\"https:\\\/\\\/www.meydan.tv\\\/wp-content\\\/uploads\\\/2021\\\/07\\\/meydan-logo.svg\",\"width\":195,\"height\":46,\"caption\":\"Meydan TV\"},\"image\":{\"@id\":\"https:\\\/\\\/www.meydan.tv\\\/az\\\/#\\\/schema\\\/logo\\\/image\\\/\"}},{\"@type\":\"Person\",\"@id\":\"https:\\\/\\\/www.meydan.tv\\\/az\\\/#\\\/schema\\\/person\\\/9cdbecf90d17180ce1dfbd95b08dcf47\",\"name\":\"elli\",\"sameAs\":[\"https:\\\/\\\/x.com\\\/elli\"]}]}<\/script>\n<!-- \/ Yoast SEO plugin. -->","yoast_head_json":{"title":"Nax\u00e7\u0131vanda h\u0259bsl\u0259r: maliyy\u0259 naziri il\u0259 generala qar\u015f\u0131 ittiham ir\u0259li s\u00fcr\u00fcl\u00fcb - MEYDAN.TV","robots":{"index":"index","follow":"follow","max-snippet":"max-snippet:-1","max-image-preview":"max-image-preview:large","max-video-preview":"max-video-preview:-1"},"canonical":"https:\/\/www.meydan.tv\/az\/article\/naxcivanda-hebsler-maliyye-naziri-ile-generala-qarsi-ittiham-ireli-surulub\/","og_locale":"az_AZ","og_type":"article","og_title":"Nax\u00e7\u0131vanda h\u0259bsl\u0259r: maliyy\u0259 naziri il\u0259 generala qar\u015f\u0131 ittiham ir\u0259li s\u00fcr\u00fcl\u00fcb - MEYDAN.TV","og_description":"S\u00f6hb\u0259t 150 milyon manata yax\u0131n yeyintid\u0259n gedir D\u00f6vl\u0259t T\u0259hl\u00fck\u0259sizliyi Xidm\u0259tinin ... Davam\u0131","og_url":"https:\/\/www.meydan.tv\/az\/article\/naxcivanda-hebsler-maliyye-naziri-ile-generala-qarsi-ittiham-ireli-surulub\/","og_site_name":"MEYDAN.TV","article_published_time":"2022-11-28T09:27:43+00:00","article_modified_time":"2022-11-28T09:27:45+00:00","og_image":[{"width":1032,"height":774,"url":"https:\/\/www.meydan.tv\/wp-content\/uploads\/576c5672-d7a4-49ba-b318-e70fe16e860d.jpeg","type":"image\/jpeg"}],"author":"elli","twitter_card":"summary_large_image","twitter_creator":"@elli","schema":{"@context":"https:\/\/schema.org","@graph":[{"@type":"Article","@id":"https:\/\/www.meydan.tv\/az\/article\/naxcivanda-hebsler-maliyye-naziri-ile-generala-qarsi-ittiham-ireli-surulub\/#article","isPartOf":{"@id":"https:\/\/www.meydan.tv\/az\/article\/naxcivanda-hebsler-maliyye-naziri-ile-generala-qarsi-ittiham-ireli-surulub\/"},"author":{"name":"elli","@id":"https:\/\/www.meydan.tv\/az\/#\/schema\/person\/9cdbecf90d17180ce1dfbd95b08dcf47"},"headline":"Nax\u00e7\u0131vanda h\u0259bsl\u0259r: maliyy\u0259 naziri il\u0259 generala qar\u015f\u0131 ittiham ir\u0259li s\u00fcr\u00fcl\u00fcb","datePublished":"2022-11-28T09:27:43+00:00","dateModified":"2022-11-28T09:27:45+00:00","mainEntityOfPage":{"@id":"https:\/\/www.meydan.tv\/az\/article\/naxcivanda-hebsler-maliyye-naziri-ile-generala-qarsi-ittiham-ireli-surulub\/"},"wordCount":453,"publisher":{"@id":"https:\/\/www.meydan.tv\/az\/#organization"},"image":{"@id":"https:\/\/www.meydan.tv\/az\/article\/naxcivanda-hebsler-maliyye-naziri-ile-generala-qarsi-ittiham-ireli-surulub\/#primaryimage"},"thumbnailUrl":"https:\/\/www.meydan.tv\/wp-content\/uploads\/576c5672-d7a4-49ba-b318-e70fe16e860d-e1716633523510.jpeg","articleSection":["B\u00f6lg\u0259","T\u00f6vsiy\u0259","X\u0259b\u0259rl\u0259r"],"inLanguage":"az"},{"@type":"WebPage","@id":"https:\/\/www.meydan.tv\/az\/article\/naxcivanda-hebsler-maliyye-naziri-ile-generala-qarsi-ittiham-ireli-surulub\/","url":"https:\/\/www.meydan.tv\/az\/article\/naxcivanda-hebsler-maliyye-naziri-ile-generala-qarsi-ittiham-ireli-surulub\/","name":"Nax\u00e7\u0131vanda h\u0259bsl\u0259r: maliyy\u0259 naziri il\u0259 generala qar\u015f\u0131 ittiham ir\u0259li s\u00fcr\u00fcl\u00fcb - MEYDAN.TV","isPartOf":{"@id":"https:\/\/www.meydan.tv\/az\/#website"},"primaryImageOfPage":{"@id":"https:\/\/www.meydan.tv\/az\/article\/naxcivanda-hebsler-maliyye-naziri-ile-generala-qarsi-ittiham-ireli-surulub\/#primaryimage"},"image":{"@id":"https:\/\/www.meydan.tv\/az\/article\/naxcivanda-hebsler-maliyye-naziri-ile-generala-qarsi-ittiham-ireli-surulub\/#primaryimage"},"thumbnailUrl":"https:\/\/www.meydan.tv\/wp-content\/uploads\/576c5672-d7a4-49ba-b318-e70fe16e860d-e1716633523510.jpeg","datePublished":"2022-11-28T09:27:43+00:00","dateModified":"2022-11-28T09:27:45+00:00","breadcrumb":{"@id":"https:\/\/www.meydan.tv\/az\/article\/naxcivanda-hebsler-maliyye-naziri-ile-generala-qarsi-ittiham-ireli-surulub\/#breadcrumb"},"inLanguage":"az","potentialAction":[{"@type":"ReadAction","target":["https:\/\/www.meydan.tv\/az\/article\/naxcivanda-hebsler-maliyye-naziri-ile-generala-qarsi-ittiham-ireli-surulub\/"]}]},{"@type":"ImageObject","inLanguage":"az","@id":"https:\/\/www.meydan.tv\/az\/article\/naxcivanda-hebsler-maliyye-naziri-ile-generala-qarsi-ittiham-ireli-surulub\/#primaryimage","url":"https:\/\/www.meydan.tv\/wp-content\/uploads\/576c5672-d7a4-49ba-b318-e70fe16e860d-e1716633523510.jpeg","contentUrl":"https:\/\/www.meydan.tv\/wp-content\/uploads\/576c5672-d7a4-49ba-b318-e70fe16e860d-e1716633523510.jpeg","width":1032,"height":498,"caption":"Fotolar: Meydan TV"},{"@type":"BreadcrumbList","@id":"https:\/\/www.meydan.tv\/az\/article\/naxcivanda-hebsler-maliyye-naziri-ile-generala-qarsi-ittiham-ireli-surulub\/#breadcrumb","itemListElement":[{"@type":"ListItem","position":1,"name":"Ana s\u0259hif\u0259","item":"https:\/\/www.meydan.tv\/az\/"},{"@type":"ListItem","position":2,"name":"B\u00f6lg\u0259","item":"https:\/\/www.meydan.tv\/az\/section\/bolge\/"},{"@type":"ListItem","position":3,"name":"Nax\u00e7\u0131vanda h\u0259bsl\u0259r: maliyy\u0259 naziri il\u0259 generala qar\u015f\u0131 ittiham ir\u0259li s\u00fcr\u00fcl\u00fcb"}]},{"@type":"WebSite","@id":"https:\/\/www.meydan.tv\/az\/#website","url":"https:\/\/www.meydan.tv\/az\/","name":"MEYDAN.TV","description":"Meydan TV Az\u0259rbaycan\u0131n media m\u0259kan\u0131ndak\u0131 alternativ s\u0259sidir","publisher":{"@id":"https:\/\/www.meydan.tv\/az\/#organization"},"potentialAction":[{"@type":"SearchAction","target":{"@type":"EntryPoint","urlTemplate":"https:\/\/www.meydan.tv\/az\/?s={search_term_string}"},"query-input":{"@type":"PropertyValueSpecification","valueRequired":true,"valueName":"search_term_string"}}],"inLanguage":"az"},{"@type":"Organization","@id":"https:\/\/www.meydan.tv\/az\/#organization","name":"Meydan TV","url":"https:\/\/www.meydan.tv\/az\/","logo":{"@type":"ImageObject","inLanguage":"az","@id":"https:\/\/www.meydan.tv\/az\/#\/schema\/logo\/image\/","url":"https:\/\/www.meydan.tv\/wp-content\/uploads\/2021\/07\/meydan-logo.svg","contentUrl":"https:\/\/www.meydan.tv\/wp-content\/uploads\/2021\/07\/meydan-logo.svg","width":195,"height":46,"caption":"Meydan TV"},"image":{"@id":"https:\/\/www.meydan.tv\/az\/#\/schema\/logo\/image\/"}},{"@type":"Person","@id":"https:\/\/www.meydan.tv\/az\/#\/schema\/person\/9cdbecf90d17180ce1dfbd95b08dcf47","name":"elli","sameAs":["https:\/\/x.com\/elli"]}]}},"_links":{"self":[{"href":"https:\/\/www.meydan.tv\/az\/wp-json\/wp\/v2\/posts\/261952","targetHints":{"allow":["GET"]}}],"collection":[{"href":"https:\/\/www.meydan.tv\/az\/wp-json\/wp\/v2\/posts"}],"about":[{"href":"https:\/\/www.meydan.tv\/az\/wp-json\/wp\/v2\/types\/post"}],"author":[{"embeddable":true,"href":"https:\/\/www.meydan.tv\/az\/wp-json\/wp\/v2\/users\/8"}],"replies":[{"embeddable":true,"href":"https:\/\/www.meydan.tv\/az\/wp-json\/wp\/v2\/comments?post=261952"}],"version-history":[{"count":1,"href":"https:\/\/www.meydan.tv\/az\/wp-json\/wp\/v2\/posts\/261952\/revisions"}],"predecessor-version":[{"id":261953,"href":"https:\/\/www.meydan.tv\/az\/wp-json\/wp\/v2\/posts\/261952\/revisions\/261953"}],"wp:featuredmedia":[{"embeddable":true,"href":"https:\/\/www.meydan.tv\/az\/wp-json\/wp\/v2\/media\/134550"}],"wp:attachment":[{"href":"https:\/\/www.meydan.tv\/az\/wp-json\/wp\/v2\/media?parent=261952"}],"wp:term":[{"taxonomy":"category","embeddable":true,"href":"https:\/\/www.meydan.tv\/az\/wp-json\/wp\/v2\/categories?post=261952"},{"taxonomy":"post_tag","embeddable":true,"href":"https:\/\/www.meydan.tv\/az\/wp-json\/wp\/v2\/tags?post=261952"}],"curies":[{"name":"wp","href":"https:\/\/api.w.org\/{rel}","templated":true}]}}