{"id":261927,"date":"2022-11-28T12:48:34","date_gmt":"2022-11-28T08:48:34","guid":{"rendered":"https:\/\/www.meydan.tv\/?p=261927"},"modified":"2022-11-28T12:48:36","modified_gmt":"2022-11-28T08:48:36","slug":"sumqayitlilarin-su-problemi-qrafikle-gelen-suya-fasileler-verilir","status":"publish","type":"post","link":"https:\/\/www.meydan.tv\/az\/article\/sumqayitlilarin-su-problemi-qrafikle-gelen-suya-fasileler-verilir\/","title":{"rendered":"Sumqay\u0131tl\u0131lar\u0131n su problemi: Qrafikl\u0259 g\u0259l\u0259n suya fasil\u0259l\u0259r verilir"},"content":{"rendered":"\n<p><\/p>\n\n\n\n<p> <em>\u201cN\u0259d\u0259ns\u0259 9-cu mikrorayonda \u201ct\u0259zyiq problemi\u201d, \u201cq\u0259za problemi\u201d b\u0259han\u0259l\u0259ri bitmir\u201d<\/em><\/p>\n\n\n\n<p>\u201cYa\u015fad\u0131\u011f\u0131m\u0131z \u0259razid\u0259 su problemi uzun ill\u0259rdir davam edir. H\u0259r d\u0259f\u0259 \u00e7oxsayl\u0131 \u015fikay\u0259tl\u0259rd\u0259n sonra su qrafikl\u0259 g\u0259lir, amma bir-iki ay \u00e7\u0259kmir, yenid\u0259n su fasil\u0259l\u0259rl\u0259 verilir\u201d.<\/p>\n\n\n\n<p>Bunu Meydan TV-y\u0259 Sumqay\u0131t \u015f\u0259h\u0259ri, 9-cu mikrorayon, ev 10\/27 \u00fcnvanda ya\u015fayan sakinl\u0259ri bildiribl\u0259r. Sakinl\u0259rd\u0259n \u0130lkin M\u0259mm\u0259dk\u0259rimov deyib ki, 9-cu mikrorayon Sumqay\u0131tda \u0259halinin s\u0131x ya\u015fad\u0131\u011f\u0131 \u0259razil\u0259rd\u0259n biridir. Qrafikl\u0259 s\u0259h\u0259r saat 06:00-dan 10:00-d\u0259k, eyni zamanda, ax\u015fam saat 18:00-dan 22:00-d\u0259k su verilm\u0259lidir:<\/p>\n\n\n\n<p>\u201cSu el\u0259 t\u0259zyiql\u0259 verilir ki, bir vedr\u0259 su g\u00f6t\u00fcrm\u0259k m\u00fcmk\u00fcn olmur. D\u0259f\u0259l\u0259rl\u0259 Sumqay\u0131t Sukanal \u0130dar\u0259sin\u0259 z\u0259ng edib \u015fikay\u0259t etmi\u015fik. Amma n\u0259d\u0259ns\u0259 9-cu mikrorayonda \u201ct\u0259zyiq problemi\u201d, \u201cq\u0259za problemi\u201d b\u0259han\u0259l\u0259ri bitmir\u201d.<\/p>\n\n\n\n<p>\u015eikay\u0259t\u00e7i bildirib ki, yaln\u0131z \u00e7oxsayl\u0131 \u015fikay\u0259tl\u0259rd\u0259n sonra t\u0259xmin\u0259n 1-2 ay \u0259vv\u0259l v\u0259ziyy\u0259t d\u00fcz\u0259lib, su t\u0259zyiql\u0259 qrafik\u0259 uy\u011fun verilib. Son bir ne\u00e7\u0259 g\u00fcnd\u00fcr yenid\u0259n problem ba\u015flay\u0131b:<\/p>\n\n\n\n<p>\u201cBel\u0259 v\u0259ziyy\u0259tin n\u0259 q\u0259d\u0259r davam ed\u0259c\u0259yi b\u0259lli deyil. Ham\u0131 \u00e7al\u0131\u015f\u0131r ki, vaxt\u0131nda evd\u0259 olsun, s\u0259h\u0259r, yaxud ax\u015fam su g\u0259lm\u0259y\u0259nd\u0259 n\u00f6vb\u0259ti g\u00fcn\u0259 q\u0259d\u0259r susuz qalmayaq. Yuyunmaq \u00fc\u00e7\u00fcn su g\u00f6t\u00fcr\u00fcb, q\u0131zd\u0131r\u0131r\u0131q. \u201cAz\u0259rsu\u201d is\u0259 bird\u0259f\u0259lik t\u0259dbir g\u00f6rm\u00fcr\u201d.<\/p>\n\n\n\n<p>\u201cAz\u0259rsu\u201d A\u00e7\u0131q S\u0259hmdar C\u0259miyy\u0259tinin m\u0259tbuat katibi Anar C\u0259bray\u0131ll\u0131 Meydan TV-y\u0259 bildirib ki, sakinl\u0259rin m\u00fcraci\u0259tind\u0259n x\u0259b\u0259rdard\u0131rlar. Problem varsa, h\u0259llini tapacaq:<\/p>\n\n\n\n<p>\u201cH\u0259min \u0259razi qrafikli rejiml\u0259 su al\u0131r v\u0259 qrafik\u0259 uy\u011fun olaraq 4 saat s\u0259h\u0259r, 4 saat ax\u015fam su verilir\u201d.<\/p>\n","protected":false},"excerpt":{"rendered":"<p>\u201cN\u0259d\u0259ns\u0259 9-cu mikrorayonda \u201ct\u0259zyiq problemi\u201d, \u201cq\u0259za problemi\u201d b\u0259han\u0259l\u0259ri bitmir\u201d \u201cYa\u015fad\u0131\u011f\u0131m\u0131z &#8230; <\/p>\n<p class=\"read-more-container\"><a title=\"Sumqay\u0131tl\u0131lar\u0131n su problemi: Qrafikl\u0259 g\u0259l\u0259n suya fasil\u0259l\u0259r verilir\" class=\"read-more button\" href=\"https:\/\/www.meydan.tv\/az\/article\/sumqayitlilarin-su-problemi-qrafikle-gelen-suya-fasileler-verilir\/#more-261927\" aria-label=\"Read more about Sumqay\u0131tl\u0131lar\u0131n su problemi: Qrafikl\u0259 g\u0259l\u0259n suya fasil\u0259l\u0259r verilir\">Davam\u0131<\/a><\/p>\n","protected":false},"author":8,"featured_media":261928,"comment_status":"closed","ping_status":"closed","sticky":false,"template":"","format":"standard","meta":{"_acf_changed":false,"_sitemap_exclude":false,"_sitemap_priority":"","_sitemap_frequency":"","footnotes":""},"categories":[60,56],"tags":[],"class_list":["post-261927","post","type-post","status-publish","format-standard","has-post-thumbnail","hentry","category-bolge","category-xeberler","infinite-scroll-item","generate-columns","tablet-grid-50","mobile-grid-100","grid-parent","grid-33","no-featured-image-padding"],"acf":[],"yoast_head":"<!-- This site is optimized with the Yoast SEO plugin v27.5 - https:\/\/yoast.com\/product\/yoast-seo-wordpress\/ -->\n<title>Sumqay\u0131tl\u0131lar\u0131n su problemi: Qrafikl\u0259 g\u0259l\u0259n suya fasil\u0259l\u0259r verilir - MEYDAN.TV<\/title>\n<meta name=\"robots\" content=\"index, follow, max-snippet:-1, max-image-preview:large, max-video-preview:-1\" \/>\n<link rel=\"canonical\" href=\"https:\/\/www.meydan.tv\/az\/article\/sumqayitlilarin-su-problemi-qrafikle-gelen-suya-fasileler-verilir\/\" \/>\n<meta property=\"og:locale\" content=\"az_AZ\" \/>\n<meta property=\"og:type\" content=\"article\" \/>\n<meta property=\"og:title\" content=\"Sumqay\u0131tl\u0131lar\u0131n su problemi: Qrafikl\u0259 g\u0259l\u0259n suya fasil\u0259l\u0259r verilir - MEYDAN.TV\" \/>\n<meta property=\"og:description\" content=\"\u201cN\u0259d\u0259ns\u0259 9-cu mikrorayonda \u201ct\u0259zyiq problemi\u201d, \u201cq\u0259za problemi\u201d b\u0259han\u0259l\u0259ri bitmir\u201d \u201cYa\u015fad\u0131\u011f\u0131m\u0131z ... Davam\u0131\" \/>\n<meta property=\"og:url\" content=\"https:\/\/www.meydan.tv\/az\/article\/sumqayitlilarin-su-problemi-qrafikle-gelen-suya-fasileler-verilir\/\" \/>\n<meta property=\"og:site_name\" content=\"MEYDAN.TV\" \/>\n<meta property=\"article:published_time\" content=\"2022-11-28T08:48:34+00:00\" \/>\n<meta property=\"article:modified_time\" content=\"2022-11-28T08:48:36+00:00\" \/>\n<meta property=\"og:image\" content=\"https:\/\/www.meydan.tv\/wp-content\/uploads\/su-1.jpg\" \/>\n\t<meta property=\"og:image:width\" content=\"1200\" \/>\n\t<meta property=\"og:image:height\" content=\"649\" \/>\n\t<meta property=\"og:image:type\" content=\"image\/jpeg\" \/>\n<meta name=\"author\" content=\"elli\" \/>\n<meta name=\"twitter:card\" content=\"summary_large_image\" \/>\n<meta name=\"twitter:creator\" content=\"@elli\" \/>\n<script type=\"application\/ld+json\" class=\"yoast-schema-graph\">{\"@context\":\"https:\\\/\\\/schema.org\",\"@graph\":[{\"@type\":\"Article\",\"@id\":\"https:\\\/\\\/www.meydan.tv\\\/az\\\/article\\\/sumqayitlilarin-su-problemi-qrafikle-gelen-suya-fasileler-verilir\\\/#article\",\"isPartOf\":{\"@id\":\"https:\\\/\\\/www.meydan.tv\\\/az\\\/article\\\/sumqayitlilarin-su-problemi-qrafikle-gelen-suya-fasileler-verilir\\\/\"},\"author\":{\"name\":\"elli\",\"@id\":\"https:\\\/\\\/www.meydan.tv\\\/az\\\/#\\\/schema\\\/person\\\/9cdbecf90d17180ce1dfbd95b08dcf47\"},\"headline\":\"Sumqay\u0131tl\u0131lar\u0131n su problemi: Qrafikl\u0259 g\u0259l\u0259n suya fasil\u0259l\u0259r verilir\",\"datePublished\":\"2022-11-28T08:48:34+00:00\",\"dateModified\":\"2022-11-28T08:48:36+00:00\",\"mainEntityOfPage\":{\"@id\":\"https:\\\/\\\/www.meydan.tv\\\/az\\\/article\\\/sumqayitlilarin-su-problemi-qrafikle-gelen-suya-fasileler-verilir\\\/\"},\"wordCount\":346,\"publisher\":{\"@id\":\"https:\\\/\\\/www.meydan.tv\\\/az\\\/#organization\"},\"image\":{\"@id\":\"https:\\\/\\\/www.meydan.tv\\\/az\\\/article\\\/sumqayitlilarin-su-problemi-qrafikle-gelen-suya-fasileler-verilir\\\/#primaryimage\"},\"thumbnailUrl\":\"https:\\\/\\\/www.meydan.tv\\\/wp-content\\\/uploads\\\/su-1.jpg\",\"articleSection\":[\"B\u00f6lg\u0259\",\"X\u0259b\u0259rl\u0259r\"],\"inLanguage\":\"az\"},{\"@type\":\"WebPage\",\"@id\":\"https:\\\/\\\/www.meydan.tv\\\/az\\\/article\\\/sumqayitlilarin-su-problemi-qrafikle-gelen-suya-fasileler-verilir\\\/\",\"url\":\"https:\\\/\\\/www.meydan.tv\\\/az\\\/article\\\/sumqayitlilarin-su-problemi-qrafikle-gelen-suya-fasileler-verilir\\\/\",\"name\":\"Sumqay\u0131tl\u0131lar\u0131n su problemi: Qrafikl\u0259 g\u0259l\u0259n suya fasil\u0259l\u0259r verilir - MEYDAN.TV\",\"isPartOf\":{\"@id\":\"https:\\\/\\\/www.meydan.tv\\\/az\\\/#website\"},\"primaryImageOfPage\":{\"@id\":\"https:\\\/\\\/www.meydan.tv\\\/az\\\/article\\\/sumqayitlilarin-su-problemi-qrafikle-gelen-suya-fasileler-verilir\\\/#primaryimage\"},\"image\":{\"@id\":\"https:\\\/\\\/www.meydan.tv\\\/az\\\/article\\\/sumqayitlilarin-su-problemi-qrafikle-gelen-suya-fasileler-verilir\\\/#primaryimage\"},\"thumbnailUrl\":\"https:\\\/\\\/www.meydan.tv\\\/wp-content\\\/uploads\\\/su-1.jpg\",\"datePublished\":\"2022-11-28T08:48:34+00:00\",\"dateModified\":\"2022-11-28T08:48:36+00:00\",\"breadcrumb\":{\"@id\":\"https:\\\/\\\/www.meydan.tv\\\/az\\\/article\\\/sumqayitlilarin-su-problemi-qrafikle-gelen-suya-fasileler-verilir\\\/#breadcrumb\"},\"inLanguage\":\"az\",\"potentialAction\":[{\"@type\":\"ReadAction\",\"target\":[\"https:\\\/\\\/www.meydan.tv\\\/az\\\/article\\\/sumqayitlilarin-su-problemi-qrafikle-gelen-suya-fasileler-verilir\\\/\"]}]},{\"@type\":\"ImageObject\",\"inLanguage\":\"az\",\"@id\":\"https:\\\/\\\/www.meydan.tv\\\/az\\\/article\\\/sumqayitlilarin-su-problemi-qrafikle-gelen-suya-fasileler-verilir\\\/#primaryimage\",\"url\":\"https:\\\/\\\/www.meydan.tv\\\/wp-content\\\/uploads\\\/su-1.jpg\",\"contentUrl\":\"https:\\\/\\\/www.meydan.tv\\\/wp-content\\\/uploads\\\/su-1.jpg\",\"width\":1200,\"height\":649,\"caption\":\"Foto: \\\"oxu.az\\\"\"},{\"@type\":\"BreadcrumbList\",\"@id\":\"https:\\\/\\\/www.meydan.tv\\\/az\\\/article\\\/sumqayitlilarin-su-problemi-qrafikle-gelen-suya-fasileler-verilir\\\/#breadcrumb\",\"itemListElement\":[{\"@type\":\"ListItem\",\"position\":1,\"name\":\"Ana s\u0259hif\u0259\",\"item\":\"https:\\\/\\\/www.meydan.tv\\\/az\\\/\"},{\"@type\":\"ListItem\",\"position\":2,\"name\":\"B\u00f6lg\u0259\",\"item\":\"https:\\\/\\\/www.meydan.tv\\\/az\\\/section\\\/bolge\\\/\"},{\"@type\":\"ListItem\",\"position\":3,\"name\":\"Sumqay\u0131tl\u0131lar\u0131n su problemi: Qrafikl\u0259 g\u0259l\u0259n suya fasil\u0259l\u0259r verilir\"}]},{\"@type\":\"WebSite\",\"@id\":\"https:\\\/\\\/www.meydan.tv\\\/az\\\/#website\",\"url\":\"https:\\\/\\\/www.meydan.tv\\\/az\\\/\",\"name\":\"MEYDAN.TV\",\"description\":\"Meydan TV Az\u0259rbaycan\u0131n media m\u0259kan\u0131ndak\u0131 alternativ s\u0259sidir\",\"publisher\":{\"@id\":\"https:\\\/\\\/www.meydan.tv\\\/az\\\/#organization\"},\"potentialAction\":[{\"@type\":\"SearchAction\",\"target\":{\"@type\":\"EntryPoint\",\"urlTemplate\":\"https:\\\/\\\/www.meydan.tv\\\/az\\\/?s={search_term_string}\"},\"query-input\":{\"@type\":\"PropertyValueSpecification\",\"valueRequired\":true,\"valueName\":\"search_term_string\"}}],\"inLanguage\":\"az\"},{\"@type\":\"Organization\",\"@id\":\"https:\\\/\\\/www.meydan.tv\\\/az\\\/#organization\",\"name\":\"Meydan TV\",\"url\":\"https:\\\/\\\/www.meydan.tv\\\/az\\\/\",\"logo\":{\"@type\":\"ImageObject\",\"inLanguage\":\"az\",\"@id\":\"https:\\\/\\\/www.meydan.tv\\\/az\\\/#\\\/schema\\\/logo\\\/image\\\/\",\"url\":\"https:\\\/\\\/www.meydan.tv\\\/wp-content\\\/uploads\\\/2021\\\/07\\\/meydan-logo.svg\",\"contentUrl\":\"https:\\\/\\\/www.meydan.tv\\\/wp-content\\\/uploads\\\/2021\\\/07\\\/meydan-logo.svg\",\"width\":195,\"height\":46,\"caption\":\"Meydan TV\"},\"image\":{\"@id\":\"https:\\\/\\\/www.meydan.tv\\\/az\\\/#\\\/schema\\\/logo\\\/image\\\/\"}},{\"@type\":\"Person\",\"@id\":\"https:\\\/\\\/www.meydan.tv\\\/az\\\/#\\\/schema\\\/person\\\/9cdbecf90d17180ce1dfbd95b08dcf47\",\"name\":\"elli\",\"sameAs\":[\"https:\\\/\\\/x.com\\\/elli\"]}]}<\/script>\n<!-- \/ Yoast SEO plugin. -->","yoast_head_json":{"title":"Sumqay\u0131tl\u0131lar\u0131n su problemi: Qrafikl\u0259 g\u0259l\u0259n suya fasil\u0259l\u0259r verilir - MEYDAN.TV","robots":{"index":"index","follow":"follow","max-snippet":"max-snippet:-1","max-image-preview":"max-image-preview:large","max-video-preview":"max-video-preview:-1"},"canonical":"https:\/\/www.meydan.tv\/az\/article\/sumqayitlilarin-su-problemi-qrafikle-gelen-suya-fasileler-verilir\/","og_locale":"az_AZ","og_type":"article","og_title":"Sumqay\u0131tl\u0131lar\u0131n su problemi: Qrafikl\u0259 g\u0259l\u0259n suya fasil\u0259l\u0259r verilir - MEYDAN.TV","og_description":"\u201cN\u0259d\u0259ns\u0259 9-cu mikrorayonda \u201ct\u0259zyiq problemi\u201d, \u201cq\u0259za problemi\u201d b\u0259han\u0259l\u0259ri bitmir\u201d \u201cYa\u015fad\u0131\u011f\u0131m\u0131z ... Davam\u0131","og_url":"https:\/\/www.meydan.tv\/az\/article\/sumqayitlilarin-su-problemi-qrafikle-gelen-suya-fasileler-verilir\/","og_site_name":"MEYDAN.TV","article_published_time":"2022-11-28T08:48:34+00:00","article_modified_time":"2022-11-28T08:48:36+00:00","og_image":[{"width":1200,"height":649,"url":"https:\/\/www.meydan.tv\/wp-content\/uploads\/su-1.jpg","type":"image\/jpeg"}],"author":"elli","twitter_card":"summary_large_image","twitter_creator":"@elli","schema":{"@context":"https:\/\/schema.org","@graph":[{"@type":"Article","@id":"https:\/\/www.meydan.tv\/az\/article\/sumqayitlilarin-su-problemi-qrafikle-gelen-suya-fasileler-verilir\/#article","isPartOf":{"@id":"https:\/\/www.meydan.tv\/az\/article\/sumqayitlilarin-su-problemi-qrafikle-gelen-suya-fasileler-verilir\/"},"author":{"name":"elli","@id":"https:\/\/www.meydan.tv\/az\/#\/schema\/person\/9cdbecf90d17180ce1dfbd95b08dcf47"},"headline":"Sumqay\u0131tl\u0131lar\u0131n su problemi: Qrafikl\u0259 g\u0259l\u0259n suya fasil\u0259l\u0259r verilir","datePublished":"2022-11-28T08:48:34+00:00","dateModified":"2022-11-28T08:48:36+00:00","mainEntityOfPage":{"@id":"https:\/\/www.meydan.tv\/az\/article\/sumqayitlilarin-su-problemi-qrafikle-gelen-suya-fasileler-verilir\/"},"wordCount":346,"publisher":{"@id":"https:\/\/www.meydan.tv\/az\/#organization"},"image":{"@id":"https:\/\/www.meydan.tv\/az\/article\/sumqayitlilarin-su-problemi-qrafikle-gelen-suya-fasileler-verilir\/#primaryimage"},"thumbnailUrl":"https:\/\/www.meydan.tv\/wp-content\/uploads\/su-1.jpg","articleSection":["B\u00f6lg\u0259","X\u0259b\u0259rl\u0259r"],"inLanguage":"az"},{"@type":"WebPage","@id":"https:\/\/www.meydan.tv\/az\/article\/sumqayitlilarin-su-problemi-qrafikle-gelen-suya-fasileler-verilir\/","url":"https:\/\/www.meydan.tv\/az\/article\/sumqayitlilarin-su-problemi-qrafikle-gelen-suya-fasileler-verilir\/","name":"Sumqay\u0131tl\u0131lar\u0131n su problemi: Qrafikl\u0259 g\u0259l\u0259n suya fasil\u0259l\u0259r verilir - MEYDAN.TV","isPartOf":{"@id":"https:\/\/www.meydan.tv\/az\/#website"},"primaryImageOfPage":{"@id":"https:\/\/www.meydan.tv\/az\/article\/sumqayitlilarin-su-problemi-qrafikle-gelen-suya-fasileler-verilir\/#primaryimage"},"image":{"@id":"https:\/\/www.meydan.tv\/az\/article\/sumqayitlilarin-su-problemi-qrafikle-gelen-suya-fasileler-verilir\/#primaryimage"},"thumbnailUrl":"https:\/\/www.meydan.tv\/wp-content\/uploads\/su-1.jpg","datePublished":"2022-11-28T08:48:34+00:00","dateModified":"2022-11-28T08:48:36+00:00","breadcrumb":{"@id":"https:\/\/www.meydan.tv\/az\/article\/sumqayitlilarin-su-problemi-qrafikle-gelen-suya-fasileler-verilir\/#breadcrumb"},"inLanguage":"az","potentialAction":[{"@type":"ReadAction","target":["https:\/\/www.meydan.tv\/az\/article\/sumqayitlilarin-su-problemi-qrafikle-gelen-suya-fasileler-verilir\/"]}]},{"@type":"ImageObject","inLanguage":"az","@id":"https:\/\/www.meydan.tv\/az\/article\/sumqayitlilarin-su-problemi-qrafikle-gelen-suya-fasileler-verilir\/#primaryimage","url":"https:\/\/www.meydan.tv\/wp-content\/uploads\/su-1.jpg","contentUrl":"https:\/\/www.meydan.tv\/wp-content\/uploads\/su-1.jpg","width":1200,"height":649,"caption":"Foto: \"oxu.az\""},{"@type":"BreadcrumbList","@id":"https:\/\/www.meydan.tv\/az\/article\/sumqayitlilarin-su-problemi-qrafikle-gelen-suya-fasileler-verilir\/#breadcrumb","itemListElement":[{"@type":"ListItem","position":1,"name":"Ana s\u0259hif\u0259","item":"https:\/\/www.meydan.tv\/az\/"},{"@type":"ListItem","position":2,"name":"B\u00f6lg\u0259","item":"https:\/\/www.meydan.tv\/az\/section\/bolge\/"},{"@type":"ListItem","position":3,"name":"Sumqay\u0131tl\u0131lar\u0131n su problemi: Qrafikl\u0259 g\u0259l\u0259n suya fasil\u0259l\u0259r verilir"}]},{"@type":"WebSite","@id":"https:\/\/www.meydan.tv\/az\/#website","url":"https:\/\/www.meydan.tv\/az\/","name":"MEYDAN.TV","description":"Meydan TV Az\u0259rbaycan\u0131n media m\u0259kan\u0131ndak\u0131 alternativ s\u0259sidir","publisher":{"@id":"https:\/\/www.meydan.tv\/az\/#organization"},"potentialAction":[{"@type":"SearchAction","target":{"@type":"EntryPoint","urlTemplate":"https:\/\/www.meydan.tv\/az\/?s={search_term_string}"},"query-input":{"@type":"PropertyValueSpecification","valueRequired":true,"valueName":"search_term_string"}}],"inLanguage":"az"},{"@type":"Organization","@id":"https:\/\/www.meydan.tv\/az\/#organization","name":"Meydan TV","url":"https:\/\/www.meydan.tv\/az\/","logo":{"@type":"ImageObject","inLanguage":"az","@id":"https:\/\/www.meydan.tv\/az\/#\/schema\/logo\/image\/","url":"https:\/\/www.meydan.tv\/wp-content\/uploads\/2021\/07\/meydan-logo.svg","contentUrl":"https:\/\/www.meydan.tv\/wp-content\/uploads\/2021\/07\/meydan-logo.svg","width":195,"height":46,"caption":"Meydan TV"},"image":{"@id":"https:\/\/www.meydan.tv\/az\/#\/schema\/logo\/image\/"}},{"@type":"Person","@id":"https:\/\/www.meydan.tv\/az\/#\/schema\/person\/9cdbecf90d17180ce1dfbd95b08dcf47","name":"elli","sameAs":["https:\/\/x.com\/elli"]}]}},"_links":{"self":[{"href":"https:\/\/www.meydan.tv\/az\/wp-json\/wp\/v2\/posts\/261927","targetHints":{"allow":["GET"]}}],"collection":[{"href":"https:\/\/www.meydan.tv\/az\/wp-json\/wp\/v2\/posts"}],"about":[{"href":"https:\/\/www.meydan.tv\/az\/wp-json\/wp\/v2\/types\/post"}],"author":[{"embeddable":true,"href":"https:\/\/www.meydan.tv\/az\/wp-json\/wp\/v2\/users\/8"}],"replies":[{"embeddable":true,"href":"https:\/\/www.meydan.tv\/az\/wp-json\/wp\/v2\/comments?post=261927"}],"version-history":[{"count":1,"href":"https:\/\/www.meydan.tv\/az\/wp-json\/wp\/v2\/posts\/261927\/revisions"}],"predecessor-version":[{"id":261931,"href":"https:\/\/www.meydan.tv\/az\/wp-json\/wp\/v2\/posts\/261927\/revisions\/261931"}],"wp:featuredmedia":[{"embeddable":true,"href":"https:\/\/www.meydan.tv\/az\/wp-json\/wp\/v2\/media\/261928"}],"wp:attachment":[{"href":"https:\/\/www.meydan.tv\/az\/wp-json\/wp\/v2\/media?parent=261927"}],"wp:term":[{"taxonomy":"category","embeddable":true,"href":"https:\/\/www.meydan.tv\/az\/wp-json\/wp\/v2\/categories?post=261927"},{"taxonomy":"post_tag","embeddable":true,"href":"https:\/\/www.meydan.tv\/az\/wp-json\/wp\/v2\/tags?post=261927"}],"curies":[{"name":"wp","href":"https:\/\/api.w.org\/{rel}","templated":true}]}}