{"id":261909,"date":"2022-11-27T17:19:12","date_gmt":"2022-11-27T13:19:12","guid":{"rendered":"https:\/\/www.meydan.tv\/?p=261909"},"modified":"2022-11-27T17:19:16","modified_gmt":"2022-11-27T13:19:16","slug":"samaxi-sakini-zelzeleden-dagilan-evde-yasayiram-is-tapmiram-sosial-yardim-ala-bilmirem","status":"publish","type":"post","link":"https:\/\/www.meydan.tv\/az\/article\/samaxi-sakini-zelzeleden-dagilan-evde-yasayiram-is-tapmiram-sosial-yardim-ala-bilmirem\/","title":{"rendered":"\u015eamax\u0131 sakini: \u201cZ\u0259lz\u0259l\u0259d\u0259n da\u011f\u0131lan evd\u0259 ya\u015fay\u0131ram, i\u015f tapm\u0131ram, sosial yard\u0131m ala bilmir\u0259m\u201d"},"content":{"rendered":"\n<p><\/p>\n\n\n\n<p><em>Sahib \u018fhm\u0259dov 4 ildir m\u0259murlar\u0131n qap\u0131s\u0131nda qald\u0131\u011f\u0131n\u0131 deyir<\/em><\/p>\n\n\n\n<p>\u201cPrezident\u0259 yaz\u0131ram, cavab g\u0259lir ki, d\u00fcz\u0259l\u0259c\u0259k. F\u00f6vq\u0259lad\u0259 Hallar Nazirliyin\u0259 yaz\u0131ram, cavab g\u0259lir ki, i\u015fl\u0259r davam edir, d\u00fcz\u0259l\u0259c\u0259k. El\u0259 bil ki, m\u0259murun i\u015fi v\u0259t\u0259nda\u015fa \u201cs\u0259brli ol\u201d deyib, a\u011f\u0131l verm\u0259kd\u0259n ibar\u0259tdir. 4 ildir evimin aralanm\u0131\u015f divarlar\u0131ndan g\u0259l\u0259n ilandan, k\u0259rt\u0259nk\u0259l\u0259d\u0259n qoruna-qoruna ya\u015fay\u0131ram. Daha s\u0259brd\u0259n d\u0259 ke\u00e7ib\u201d.<\/p>\n\n\n\n<p>\u015eamax\u0131 sakini Sahib \u018fhm\u0259dov Meydan TV-y\u0259 ya\u015fad\u0131\u011f\u0131 evin z\u0259lz\u0259l\u0259 n\u0259tic\u0259sind\u0259 q\u0259zal\u0131 v\u0259ziyy\u0259t\u0259 d\u00fc\u015fm\u0259sind\u0259n dan\u0131\u015f\u0131r.<\/p>\n\n\n\n<p><strong>\u201c4 ildir m\u0259murlarla m\u0259ktubla\u015f\u0131ram\u201d<\/strong><\/p>\n\n\n\n<p>\u015eikay\u0259t\u00e7inin s\u00f6zl\u0259rin\u0259 g\u00f6r\u0259, 2019-cu ild\u0259 ba\u015f vermi\u015f z\u0259lz\u0259l\u0259 evin \u00f6z\u00fcl\u00fcn\u00fc, divarlar\u0131n\u0131, tavan\u0131n\u0131 da\u011f\u0131d\u0131b. H\u00f6kum\u0259t n\u00fcmay\u0259nd\u0259l\u0259ri ev\u0259 bax\u0131\u015f ke\u00e7irs\u0259l\u0259r d\u0259, 4 il ke\u00e7m\u0259sin\u0259 baxmayaraq he\u00e7 bir i\u015f g\u00f6r\u00fclm\u0259yib. 5 \u00fczv\u00fc olan ail\u0259 is\u0259 imkans\u0131zl\u0131qdan bunu ed\u0259 bilmir v\u0259 el\u0259 q\u0259zal\u0131 evd\u0259 ya\u015fay\u0131r.<\/p>\n\n\n\n<figure class=\"wp-block-image size-large\"><img decoding=\"async\" width=\"1200\" height=\"675\" data-src=\"https:\/\/www.meydan.tv\/wp-content\/uploads\/photo-2022-11-25-15-14-55-1-1200x675.jpg\" alt=\"\" class=\"wp-image-261898 lazyload\" src=\"data:image\/svg+xml;base64,PHN2ZyB3aWR0aD0iMSIgaGVpZ2h0PSIxIiB4bWxucz0iaHR0cDovL3d3dy53My5vcmcvMjAwMC9zdmciPjwvc3ZnPg==\" style=\"--smush-placeholder-width: 1200px; --smush-placeholder-aspect-ratio: 1200\/675;\" \/><\/figure>\n\n\n\n<p>\u201c4 ild\u0259 m\u0259ktub, \u0259riz\u0259 g\u00f6nd\u0259rm\u0259diyim idar\u0259 qalmay\u0131b. \u0130cra hakimiyy\u0259tin\u0259 gedib-g\u0259lm\u0259kd\u0259n ordak\u0131lar\u0131 da bezdirmi\u015fik, \u00f6z\u00fcm\u00fcz d\u0259 bezmi\u015fik. Ancaq ba\u015fqa yolumuz da yoxdur. G\u00f6z\u00fcm\u00fcz g\u00f6r\u0259-g\u00f6r\u0259, a\u011fl\u0131m\u0131z k\u0259s\u0259-k\u0259s\u0259 oturub evin ba\u015f\u0131m\u0131za u\u00e7mas\u0131n\u0131 g\u00f6zl\u0259yirik. \u018flimizd\u0259n he\u00e7 n\u0259 g\u0259lmir. Biz kas\u0131b t\u0259b\u0259q\u0259ni el\u0259 g\u00fcn\u0259 qoyublar ki, qazanc\u0131m\u0131z yavan \u00e7\u00f6r\u0259y\u0259 zorla \u00e7at\u0131r. \u00c7ox vaxt o \u00e7\u00f6r\u0259kpulu da olmur\u201d.<\/p>\n\n\n\n<p><strong>Q\u0131\u015fda \u015faxtadan, yayda ilandan qorunma\u011f\u0131n yolu<\/strong><\/p>\n\n\n\n<p>Evin divarlar\u0131 partlaq-partlaqd\u0131. Deyir, q\u0131\u015fda k\u00fcl\u0259kd\u0259n, \u015faxtadan, yayda ilandan-k\u0259rt\u0259nk\u0259l\u0259d\u0259n qorunmaq \u00fc\u00e7\u00fcn \u0259ll\u0259rin\u0259 ke\u00e7\u0259ni divar\u0131n yar\u0131q yerl\u0259rin\u0259 doldururlar. Evd\u0259 h\u0259r\u0259k\u0259t ed\u0259nd\u0259 \u00f6z\u00fcl t\u0259rp\u0259nir:<\/p>\n\n\n\n<p>\u201cEvd\u0259 o t\u0259r\u0259f-bu t\u0259r\u0259f\u0259 yell\u0259n\u0259-yell\u0259n\u0259 g\u0259zirik. Bir d\u0259f\u0259 g\u0259lib, yaz\u0131b getdil\u0259r. \u00dcst\u00fcnd\u0259n 4 il \u00f6t\u00fcb. Prezident\u0259 d\u0259 yazd\u0131m, f\u00f6vq\u0259lad\u0259 hallar nazirin\u0259 d\u0259 yazd\u0131m, cavab g\u0259ldi ki, h\u0259ll ed\u0259c\u0259kl\u0259r, ancaq yen\u0259 n\u0259tic\u0259si olmad\u0131\u201d.<\/p>\n\n\n\n<figure class=\"wp-block-image size-large\"><img decoding=\"async\" width=\"1200\" height=\"675\" data-src=\"https:\/\/www.meydan.tv\/wp-content\/uploads\/photo-2022-11-25-15-14-53-1-1200x675.jpg\" alt=\"\" class=\"wp-image-261910 lazyload\" src=\"data:image\/svg+xml;base64,PHN2ZyB3aWR0aD0iMSIgaGVpZ2h0PSIxIiB4bWxucz0iaHR0cDovL3d3dy53My5vcmcvMjAwMC9zdmciPjwvc3ZnPg==\" style=\"--smush-placeholder-width: 1200px; --smush-placeholder-aspect-ratio: 1200\/675;\" \/><\/figure>\n\n\n\n<p>\u015eamax\u0131 Rayon \u0130cra Hakimiyy\u0259tind\u0259n Meydan TV-y\u0259 bildirilib ki, h\u0259min ev b\u0259rpa kateqoriyas\u0131na aiddir, bu m\u0259s\u0259l\u0259 is\u0259 quruma aid deyil. Qurum m\u0259s\u0259l\u0259 il\u0259 ba\u011fl\u0131 FHN-y\u0259 m\u00fcraci\u0259t edib, h\u0259min qurumdan bildirilib ki, v\u0259t\u0259nda\u015f evl\u0259rin b\u0259rpas\u0131yla m\u0259\u015f\u011ful olan podrat\u00e7\u0131 \u015firk\u0259tin n\u00fcmay\u0259nd\u0259l\u0259rini qap\u0131s\u0131ndan qovub.<\/p>\n\n\n\n<p>Sahib \u018fhm\u0259dov is\u0259 deyir ki, ev b\u0259rpa olunmal\u0131d\u0131r, s\u0259n\u0259dd\u0259 d\u0259 bel\u0259 g\u00f6st\u0259rilib, ancaq n\u00fcmay\u0259nd\u0259l\u0259r evi r\u0259ngl\u0259m\u0259kl\u0259 kifay\u0259tl\u0259nm\u0259k ist\u0259yibl\u0259r. Buna g\u00f6r\u0259 d\u0259 icaz\u0259 verm\u0259yib.<\/p>\n\n\n\n<p><strong>\u201c\u015eamax\u0131da r\u0259smi i\u015f yeri 5-10 n\u0259f\u0259r \u00fc\u00e7\u00fcnd\u00fcr\u201d<\/strong><\/p>\n\n\n\n<p>Sahib \u018fhm\u0259dov deyir, r\u0259smi i\u015f yeri olmad\u0131\u011f\u0131na g\u00f6r\u0259, \u00fcnvanl\u0131 sosial yard\u0131m da t\u0259yin edilmir:<\/p>\n\n\n\n<p>\u201cM\u00fcraci\u0259t edir\u0259m, deyirl\u0259r, g\u0259r\u0259k i\u015f yerin ola\u2026 G\u0259lsinl\u0259r, ara\u015fd\u0131rs\u0131nlar g\u00f6r\u0259k, \u015eamax\u0131da 5-10 n\u0259f\u0259rd\u0259n ba\u015fqa kimin r\u0259smi i\u015f yeri var? H\u0259l\u0259 \u00fcst\u0259lik, h\u0259yat yolda\u015f\u0131m\u0131n da r\u0259smi i\u015f yeri olmal\u0131d\u0131r. \u015eamax\u0131da i\u015f olsayd\u0131, adamlar Bak\u0131ya \u00fcz tutmazd\u0131 ki\u2026 Burda uzaqba\u015f\u0131 kimins\u0259 qap\u0131s\u0131nda 5-6 manata g\u00fcn\u0259muzd f\u0259hl\u0259lik etm\u0259k olar, bu da r\u0259smi i\u015f yeri deyil. H\u0259r i\u015fl\u0259rini el\u0259 qurublar ki, v\u0259t\u0259nda\u015f \u00fcnvanl\u0131 sosial yard\u0131mdan da m\u0259hrum edilsin\u201d.<\/p>\n\n\n\n<figure class=\"wp-block-image size-large\"><img decoding=\"async\" width=\"1200\" height=\"675\" data-src=\"https:\/\/www.meydan.tv\/wp-content\/uploads\/photo-2022-11-25-15-14-54-1200x675.jpg\" alt=\"\" class=\"wp-image-261905 lazyload\" src=\"data:image\/svg+xml;base64,PHN2ZyB3aWR0aD0iMSIgaGVpZ2h0PSIxIiB4bWxucz0iaHR0cDovL3d3dy53My5vcmcvMjAwMC9zdmciPjwvc3ZnPg==\" style=\"--smush-placeholder-width: 1200px; --smush-placeholder-aspect-ratio: 1200\/675;\" \/><\/figure>\n\n\n\n<p>\u018fm\u0259k v\u0259 \u018fhalinin Sosial M\u00fcdafi\u0259si Nazirliyinin \u015eamax\u0131 \u015f\u00f6b\u0259sind\u0259n Meydan TV-y\u0259 bildirilib ki, bu, \u015f\u00f6b\u0259nin yox, qanunun t\u0259l\u0259bidir:<\/p>\n\n\n\n<p>\u201cSahib \u018fhm\u0259dov iki il \u0259vv\u0259l m\u00fcraci\u0259t edib, imtina cavab\u0131 al\u0131b. S\u0259b\u0259b d\u0259 bu olub ki, ail\u0259 b\u0259yannam\u0259sind\u0259 g\u0259lirl\u0259rini d\u00fczg\u00fcn g\u00f6st\u0259rm\u0259yib. \u0130\u015fsiz olan h\u0259yat yolda\u015f\u0131 Elzan\u0259 \u018fhm\u0259dovan\u0131 m\u0259\u015f\u011ful \u015f\u0259xs kimi g\u00f6st\u0259rib, bu s\u0259b\u0259bd\u0259n d\u0259 imtina cavab\u0131 verilib. Elzan\u0259 \u018fhm\u0259dova \u0259m\u0259k qabiliyy\u0259tli oldu\u011funa g\u00f6r\u0259 o, i\u015fl\u0259 t\u0259min olunduqdan sonra ail\u0259 \u00fcnvanl\u0131 sosial yard\u0131mla ba\u011fl\u0131 m\u00fcraci\u0259t ed\u0259 bil\u0259r\u201d.<\/p>\n","protected":false},"excerpt":{"rendered":"<p>Sahib \u018fhm\u0259dov 4 ildir m\u0259murlar\u0131n qap\u0131s\u0131nda qald\u0131\u011f\u0131n\u0131 deyir \u201cPrezident\u0259 yaz\u0131ram, &#8230; <\/p>\n<p class=\"read-more-container\"><a title=\"\u015eamax\u0131 sakini: \u201cZ\u0259lz\u0259l\u0259d\u0259n da\u011f\u0131lan evd\u0259 ya\u015fay\u0131ram, i\u015f tapm\u0131ram, sosial yard\u0131m ala bilmir\u0259m\u201d\" class=\"read-more button\" href=\"https:\/\/www.meydan.tv\/az\/article\/samaxi-sakini-zelzeleden-dagilan-evde-yasayiram-is-tapmiram-sosial-yardim-ala-bilmirem\/#more-261909\" aria-label=\"Read more about \u015eamax\u0131 sakini: \u201cZ\u0259lz\u0259l\u0259d\u0259n da\u011f\u0131lan evd\u0259 ya\u015fay\u0131ram, i\u015f tapm\u0131ram, sosial yard\u0131m ala bilmir\u0259m\u201d\">Davam\u0131<\/a><\/p>\n","protected":false},"author":8,"featured_media":261901,"comment_status":"closed","ping_status":"closed","sticky":false,"template":"","format":"standard","meta":{"_acf_changed":false,"_sitemap_exclude":false,"_sitemap_priority":"","_sitemap_frequency":"","footnotes":""},"categories":[60,56],"tags":[],"class_list":["post-261909","post","type-post","status-publish","format-standard","has-post-thumbnail","hentry","category-bolge","category-xeberler","infinite-scroll-item","generate-columns","tablet-grid-50","mobile-grid-100","grid-parent","grid-33","no-featured-image-padding"],"acf":[],"yoast_head":"<!-- This site is optimized with the Yoast SEO plugin v27.5 - https:\/\/yoast.com\/product\/yoast-seo-wordpress\/ -->\n<title>\u015eamax\u0131 sakini: \u201cZ\u0259lz\u0259l\u0259d\u0259n da\u011f\u0131lan evd\u0259 ya\u015fay\u0131ram, i\u015f tapm\u0131ram, sosial yard\u0131m ala bilmir\u0259m\u201d - MEYDAN.TV<\/title>\n<meta name=\"robots\" content=\"index, follow, max-snippet:-1, max-image-preview:large, max-video-preview:-1\" \/>\n<link rel=\"canonical\" href=\"https:\/\/www.meydan.tv\/az\/article\/samaxi-sakini-zelzeleden-dagilan-evde-yasayiram-is-tapmiram-sosial-yardim-ala-bilmirem\/\" \/>\n<meta property=\"og:locale\" content=\"az_AZ\" \/>\n<meta property=\"og:type\" content=\"article\" \/>\n<meta property=\"og:title\" content=\"\u015eamax\u0131 sakini: \u201cZ\u0259lz\u0259l\u0259d\u0259n da\u011f\u0131lan evd\u0259 ya\u015fay\u0131ram, i\u015f tapm\u0131ram, sosial yard\u0131m ala bilmir\u0259m\u201d - MEYDAN.TV\" \/>\n<meta property=\"og:description\" content=\"Sahib \u018fhm\u0259dov 4 ildir m\u0259murlar\u0131n qap\u0131s\u0131nda qald\u0131\u011f\u0131n\u0131 deyir \u201cPrezident\u0259 yaz\u0131ram, ... Davam\u0131\" \/>\n<meta property=\"og:url\" content=\"https:\/\/www.meydan.tv\/az\/article\/samaxi-sakini-zelzeleden-dagilan-evde-yasayiram-is-tapmiram-sosial-yardim-ala-bilmirem\/\" \/>\n<meta property=\"og:site_name\" content=\"MEYDAN.TV\" \/>\n<meta property=\"article:published_time\" content=\"2022-11-27T13:19:12+00:00\" \/>\n<meta property=\"article:modified_time\" content=\"2022-11-27T13:19:16+00:00\" \/>\n<meta property=\"og:image\" content=\"https:\/\/www.meydan.tv\/wp-content\/uploads\/photo-2022-11-25-15-14-55.jpg\" \/>\n\t<meta property=\"og:image:width\" content=\"1280\" \/>\n\t<meta property=\"og:image:height\" content=\"720\" \/>\n\t<meta property=\"og:image:type\" content=\"image\/jpeg\" \/>\n<meta name=\"author\" content=\"elli\" \/>\n<meta name=\"twitter:card\" content=\"summary_large_image\" \/>\n<meta name=\"twitter:creator\" content=\"@elli\" \/>\n<script type=\"application\/ld+json\" class=\"yoast-schema-graph\">{\"@context\":\"https:\\\/\\\/schema.org\",\"@graph\":[{\"@type\":\"Article\",\"@id\":\"https:\\\/\\\/www.meydan.tv\\\/az\\\/article\\\/samaxi-sakini-zelzeleden-dagilan-evde-yasayiram-is-tapmiram-sosial-yardim-ala-bilmirem\\\/#article\",\"isPartOf\":{\"@id\":\"https:\\\/\\\/www.meydan.tv\\\/az\\\/article\\\/samaxi-sakini-zelzeleden-dagilan-evde-yasayiram-is-tapmiram-sosial-yardim-ala-bilmirem\\\/\"},\"author\":{\"name\":\"elli\",\"@id\":\"https:\\\/\\\/www.meydan.tv\\\/az\\\/#\\\/schema\\\/person\\\/9cdbecf90d17180ce1dfbd95b08dcf47\"},\"headline\":\"\u015eamax\u0131 sakini: \u201cZ\u0259lz\u0259l\u0259d\u0259n da\u011f\u0131lan evd\u0259 ya\u015fay\u0131ram, i\u015f tapm\u0131ram, sosial yard\u0131m ala bilmir\u0259m\u201d\",\"datePublished\":\"2022-11-27T13:19:12+00:00\",\"dateModified\":\"2022-11-27T13:19:16+00:00\",\"mainEntityOfPage\":{\"@id\":\"https:\\\/\\\/www.meydan.tv\\\/az\\\/article\\\/samaxi-sakini-zelzeleden-dagilan-evde-yasayiram-is-tapmiram-sosial-yardim-ala-bilmirem\\\/\"},\"wordCount\":791,\"publisher\":{\"@id\":\"https:\\\/\\\/www.meydan.tv\\\/az\\\/#organization\"},\"image\":{\"@id\":\"https:\\\/\\\/www.meydan.tv\\\/az\\\/article\\\/samaxi-sakini-zelzeleden-dagilan-evde-yasayiram-is-tapmiram-sosial-yardim-ala-bilmirem\\\/#primaryimage\"},\"thumbnailUrl\":\"https:\\\/\\\/www.meydan.tv\\\/wp-content\\\/uploads\\\/photo-2022-11-25-15-14-55.jpg\",\"articleSection\":[\"B\u00f6lg\u0259\",\"X\u0259b\u0259rl\u0259r\"],\"inLanguage\":\"az\"},{\"@type\":\"WebPage\",\"@id\":\"https:\\\/\\\/www.meydan.tv\\\/az\\\/article\\\/samaxi-sakini-zelzeleden-dagilan-evde-yasayiram-is-tapmiram-sosial-yardim-ala-bilmirem\\\/\",\"url\":\"https:\\\/\\\/www.meydan.tv\\\/az\\\/article\\\/samaxi-sakini-zelzeleden-dagilan-evde-yasayiram-is-tapmiram-sosial-yardim-ala-bilmirem\\\/\",\"name\":\"\u015eamax\u0131 sakini: \u201cZ\u0259lz\u0259l\u0259d\u0259n da\u011f\u0131lan evd\u0259 ya\u015fay\u0131ram, i\u015f tapm\u0131ram, sosial yard\u0131m ala bilmir\u0259m\u201d - MEYDAN.TV\",\"isPartOf\":{\"@id\":\"https:\\\/\\\/www.meydan.tv\\\/az\\\/#website\"},\"primaryImageOfPage\":{\"@id\":\"https:\\\/\\\/www.meydan.tv\\\/az\\\/article\\\/samaxi-sakini-zelzeleden-dagilan-evde-yasayiram-is-tapmiram-sosial-yardim-ala-bilmirem\\\/#primaryimage\"},\"image\":{\"@id\":\"https:\\\/\\\/www.meydan.tv\\\/az\\\/article\\\/samaxi-sakini-zelzeleden-dagilan-evde-yasayiram-is-tapmiram-sosial-yardim-ala-bilmirem\\\/#primaryimage\"},\"thumbnailUrl\":\"https:\\\/\\\/www.meydan.tv\\\/wp-content\\\/uploads\\\/photo-2022-11-25-15-14-55.jpg\",\"datePublished\":\"2022-11-27T13:19:12+00:00\",\"dateModified\":\"2022-11-27T13:19:16+00:00\",\"breadcrumb\":{\"@id\":\"https:\\\/\\\/www.meydan.tv\\\/az\\\/article\\\/samaxi-sakini-zelzeleden-dagilan-evde-yasayiram-is-tapmiram-sosial-yardim-ala-bilmirem\\\/#breadcrumb\"},\"inLanguage\":\"az\",\"potentialAction\":[{\"@type\":\"ReadAction\",\"target\":[\"https:\\\/\\\/www.meydan.tv\\\/az\\\/article\\\/samaxi-sakini-zelzeleden-dagilan-evde-yasayiram-is-tapmiram-sosial-yardim-ala-bilmirem\\\/\"]}]},{\"@type\":\"ImageObject\",\"inLanguage\":\"az\",\"@id\":\"https:\\\/\\\/www.meydan.tv\\\/az\\\/article\\\/samaxi-sakini-zelzeleden-dagilan-evde-yasayiram-is-tapmiram-sosial-yardim-ala-bilmirem\\\/#primaryimage\",\"url\":\"https:\\\/\\\/www.meydan.tv\\\/wp-content\\\/uploads\\\/photo-2022-11-25-15-14-55.jpg\",\"contentUrl\":\"https:\\\/\\\/www.meydan.tv\\\/wp-content\\\/uploads\\\/photo-2022-11-25-15-14-55.jpg\",\"width\":1280,\"height\":720,\"caption\":\"Fotolar: Meydan TV\"},{\"@type\":\"BreadcrumbList\",\"@id\":\"https:\\\/\\\/www.meydan.tv\\\/az\\\/article\\\/samaxi-sakini-zelzeleden-dagilan-evde-yasayiram-is-tapmiram-sosial-yardim-ala-bilmirem\\\/#breadcrumb\",\"itemListElement\":[{\"@type\":\"ListItem\",\"position\":1,\"name\":\"Ana s\u0259hif\u0259\",\"item\":\"https:\\\/\\\/www.meydan.tv\\\/az\\\/\"},{\"@type\":\"ListItem\",\"position\":2,\"name\":\"B\u00f6lg\u0259\",\"item\":\"https:\\\/\\\/www.meydan.tv\\\/az\\\/section\\\/bolge\\\/\"},{\"@type\":\"ListItem\",\"position\":3,\"name\":\"\u015eamax\u0131 sakini: \u201cZ\u0259lz\u0259l\u0259d\u0259n da\u011f\u0131lan evd\u0259 ya\u015fay\u0131ram, i\u015f tapm\u0131ram, sosial yard\u0131m ala bilmir\u0259m\u201d\"}]},{\"@type\":\"WebSite\",\"@id\":\"https:\\\/\\\/www.meydan.tv\\\/az\\\/#website\",\"url\":\"https:\\\/\\\/www.meydan.tv\\\/az\\\/\",\"name\":\"MEYDAN.TV\",\"description\":\"Meydan TV Az\u0259rbaycan\u0131n media m\u0259kan\u0131ndak\u0131 alternativ s\u0259sidir\",\"publisher\":{\"@id\":\"https:\\\/\\\/www.meydan.tv\\\/az\\\/#organization\"},\"potentialAction\":[{\"@type\":\"SearchAction\",\"target\":{\"@type\":\"EntryPoint\",\"urlTemplate\":\"https:\\\/\\\/www.meydan.tv\\\/az\\\/?s={search_term_string}\"},\"query-input\":{\"@type\":\"PropertyValueSpecification\",\"valueRequired\":true,\"valueName\":\"search_term_string\"}}],\"inLanguage\":\"az\"},{\"@type\":\"Organization\",\"@id\":\"https:\\\/\\\/www.meydan.tv\\\/az\\\/#organization\",\"name\":\"Meydan TV\",\"url\":\"https:\\\/\\\/www.meydan.tv\\\/az\\\/\",\"logo\":{\"@type\":\"ImageObject\",\"inLanguage\":\"az\",\"@id\":\"https:\\\/\\\/www.meydan.tv\\\/az\\\/#\\\/schema\\\/logo\\\/image\\\/\",\"url\":\"https:\\\/\\\/www.meydan.tv\\\/wp-content\\\/uploads\\\/2021\\\/07\\\/meydan-logo.svg\",\"contentUrl\":\"https:\\\/\\\/www.meydan.tv\\\/wp-content\\\/uploads\\\/2021\\\/07\\\/meydan-logo.svg\",\"width\":195,\"height\":46,\"caption\":\"Meydan TV\"},\"image\":{\"@id\":\"https:\\\/\\\/www.meydan.tv\\\/az\\\/#\\\/schema\\\/logo\\\/image\\\/\"}},{\"@type\":\"Person\",\"@id\":\"https:\\\/\\\/www.meydan.tv\\\/az\\\/#\\\/schema\\\/person\\\/9cdbecf90d17180ce1dfbd95b08dcf47\",\"name\":\"elli\",\"sameAs\":[\"https:\\\/\\\/x.com\\\/elli\"]}]}<\/script>\n<!-- \/ Yoast SEO plugin. -->","yoast_head_json":{"title":"\u015eamax\u0131 sakini: \u201cZ\u0259lz\u0259l\u0259d\u0259n da\u011f\u0131lan evd\u0259 ya\u015fay\u0131ram, i\u015f tapm\u0131ram, sosial yard\u0131m ala bilmir\u0259m\u201d - MEYDAN.TV","robots":{"index":"index","follow":"follow","max-snippet":"max-snippet:-1","max-image-preview":"max-image-preview:large","max-video-preview":"max-video-preview:-1"},"canonical":"https:\/\/www.meydan.tv\/az\/article\/samaxi-sakini-zelzeleden-dagilan-evde-yasayiram-is-tapmiram-sosial-yardim-ala-bilmirem\/","og_locale":"az_AZ","og_type":"article","og_title":"\u015eamax\u0131 sakini: \u201cZ\u0259lz\u0259l\u0259d\u0259n da\u011f\u0131lan evd\u0259 ya\u015fay\u0131ram, i\u015f tapm\u0131ram, sosial yard\u0131m ala bilmir\u0259m\u201d - MEYDAN.TV","og_description":"Sahib \u018fhm\u0259dov 4 ildir m\u0259murlar\u0131n qap\u0131s\u0131nda qald\u0131\u011f\u0131n\u0131 deyir \u201cPrezident\u0259 yaz\u0131ram, ... Davam\u0131","og_url":"https:\/\/www.meydan.tv\/az\/article\/samaxi-sakini-zelzeleden-dagilan-evde-yasayiram-is-tapmiram-sosial-yardim-ala-bilmirem\/","og_site_name":"MEYDAN.TV","article_published_time":"2022-11-27T13:19:12+00:00","article_modified_time":"2022-11-27T13:19:16+00:00","og_image":[{"width":1280,"height":720,"url":"https:\/\/www.meydan.tv\/wp-content\/uploads\/photo-2022-11-25-15-14-55.jpg","type":"image\/jpeg"}],"author":"elli","twitter_card":"summary_large_image","twitter_creator":"@elli","schema":{"@context":"https:\/\/schema.org","@graph":[{"@type":"Article","@id":"https:\/\/www.meydan.tv\/az\/article\/samaxi-sakini-zelzeleden-dagilan-evde-yasayiram-is-tapmiram-sosial-yardim-ala-bilmirem\/#article","isPartOf":{"@id":"https:\/\/www.meydan.tv\/az\/article\/samaxi-sakini-zelzeleden-dagilan-evde-yasayiram-is-tapmiram-sosial-yardim-ala-bilmirem\/"},"author":{"name":"elli","@id":"https:\/\/www.meydan.tv\/az\/#\/schema\/person\/9cdbecf90d17180ce1dfbd95b08dcf47"},"headline":"\u015eamax\u0131 sakini: \u201cZ\u0259lz\u0259l\u0259d\u0259n da\u011f\u0131lan evd\u0259 ya\u015fay\u0131ram, i\u015f tapm\u0131ram, sosial yard\u0131m ala bilmir\u0259m\u201d","datePublished":"2022-11-27T13:19:12+00:00","dateModified":"2022-11-27T13:19:16+00:00","mainEntityOfPage":{"@id":"https:\/\/www.meydan.tv\/az\/article\/samaxi-sakini-zelzeleden-dagilan-evde-yasayiram-is-tapmiram-sosial-yardim-ala-bilmirem\/"},"wordCount":791,"publisher":{"@id":"https:\/\/www.meydan.tv\/az\/#organization"},"image":{"@id":"https:\/\/www.meydan.tv\/az\/article\/samaxi-sakini-zelzeleden-dagilan-evde-yasayiram-is-tapmiram-sosial-yardim-ala-bilmirem\/#primaryimage"},"thumbnailUrl":"https:\/\/www.meydan.tv\/wp-content\/uploads\/photo-2022-11-25-15-14-55.jpg","articleSection":["B\u00f6lg\u0259","X\u0259b\u0259rl\u0259r"],"inLanguage":"az"},{"@type":"WebPage","@id":"https:\/\/www.meydan.tv\/az\/article\/samaxi-sakini-zelzeleden-dagilan-evde-yasayiram-is-tapmiram-sosial-yardim-ala-bilmirem\/","url":"https:\/\/www.meydan.tv\/az\/article\/samaxi-sakini-zelzeleden-dagilan-evde-yasayiram-is-tapmiram-sosial-yardim-ala-bilmirem\/","name":"\u015eamax\u0131 sakini: \u201cZ\u0259lz\u0259l\u0259d\u0259n da\u011f\u0131lan evd\u0259 ya\u015fay\u0131ram, i\u015f tapm\u0131ram, sosial yard\u0131m ala bilmir\u0259m\u201d - MEYDAN.TV","isPartOf":{"@id":"https:\/\/www.meydan.tv\/az\/#website"},"primaryImageOfPage":{"@id":"https:\/\/www.meydan.tv\/az\/article\/samaxi-sakini-zelzeleden-dagilan-evde-yasayiram-is-tapmiram-sosial-yardim-ala-bilmirem\/#primaryimage"},"image":{"@id":"https:\/\/www.meydan.tv\/az\/article\/samaxi-sakini-zelzeleden-dagilan-evde-yasayiram-is-tapmiram-sosial-yardim-ala-bilmirem\/#primaryimage"},"thumbnailUrl":"https:\/\/www.meydan.tv\/wp-content\/uploads\/photo-2022-11-25-15-14-55.jpg","datePublished":"2022-11-27T13:19:12+00:00","dateModified":"2022-11-27T13:19:16+00:00","breadcrumb":{"@id":"https:\/\/www.meydan.tv\/az\/article\/samaxi-sakini-zelzeleden-dagilan-evde-yasayiram-is-tapmiram-sosial-yardim-ala-bilmirem\/#breadcrumb"},"inLanguage":"az","potentialAction":[{"@type":"ReadAction","target":["https:\/\/www.meydan.tv\/az\/article\/samaxi-sakini-zelzeleden-dagilan-evde-yasayiram-is-tapmiram-sosial-yardim-ala-bilmirem\/"]}]},{"@type":"ImageObject","inLanguage":"az","@id":"https:\/\/www.meydan.tv\/az\/article\/samaxi-sakini-zelzeleden-dagilan-evde-yasayiram-is-tapmiram-sosial-yardim-ala-bilmirem\/#primaryimage","url":"https:\/\/www.meydan.tv\/wp-content\/uploads\/photo-2022-11-25-15-14-55.jpg","contentUrl":"https:\/\/www.meydan.tv\/wp-content\/uploads\/photo-2022-11-25-15-14-55.jpg","width":1280,"height":720,"caption":"Fotolar: Meydan TV"},{"@type":"BreadcrumbList","@id":"https:\/\/www.meydan.tv\/az\/article\/samaxi-sakini-zelzeleden-dagilan-evde-yasayiram-is-tapmiram-sosial-yardim-ala-bilmirem\/#breadcrumb","itemListElement":[{"@type":"ListItem","position":1,"name":"Ana s\u0259hif\u0259","item":"https:\/\/www.meydan.tv\/az\/"},{"@type":"ListItem","position":2,"name":"B\u00f6lg\u0259","item":"https:\/\/www.meydan.tv\/az\/section\/bolge\/"},{"@type":"ListItem","position":3,"name":"\u015eamax\u0131 sakini: \u201cZ\u0259lz\u0259l\u0259d\u0259n da\u011f\u0131lan evd\u0259 ya\u015fay\u0131ram, i\u015f tapm\u0131ram, sosial yard\u0131m ala bilmir\u0259m\u201d"}]},{"@type":"WebSite","@id":"https:\/\/www.meydan.tv\/az\/#website","url":"https:\/\/www.meydan.tv\/az\/","name":"MEYDAN.TV","description":"Meydan TV Az\u0259rbaycan\u0131n media m\u0259kan\u0131ndak\u0131 alternativ s\u0259sidir","publisher":{"@id":"https:\/\/www.meydan.tv\/az\/#organization"},"potentialAction":[{"@type":"SearchAction","target":{"@type":"EntryPoint","urlTemplate":"https:\/\/www.meydan.tv\/az\/?s={search_term_string}"},"query-input":{"@type":"PropertyValueSpecification","valueRequired":true,"valueName":"search_term_string"}}],"inLanguage":"az"},{"@type":"Organization","@id":"https:\/\/www.meydan.tv\/az\/#organization","name":"Meydan TV","url":"https:\/\/www.meydan.tv\/az\/","logo":{"@type":"ImageObject","inLanguage":"az","@id":"https:\/\/www.meydan.tv\/az\/#\/schema\/logo\/image\/","url":"https:\/\/www.meydan.tv\/wp-content\/uploads\/2021\/07\/meydan-logo.svg","contentUrl":"https:\/\/www.meydan.tv\/wp-content\/uploads\/2021\/07\/meydan-logo.svg","width":195,"height":46,"caption":"Meydan TV"},"image":{"@id":"https:\/\/www.meydan.tv\/az\/#\/schema\/logo\/image\/"}},{"@type":"Person","@id":"https:\/\/www.meydan.tv\/az\/#\/schema\/person\/9cdbecf90d17180ce1dfbd95b08dcf47","name":"elli","sameAs":["https:\/\/x.com\/elli"]}]}},"_links":{"self":[{"href":"https:\/\/www.meydan.tv\/az\/wp-json\/wp\/v2\/posts\/261909","targetHints":{"allow":["GET"]}}],"collection":[{"href":"https:\/\/www.meydan.tv\/az\/wp-json\/wp\/v2\/posts"}],"about":[{"href":"https:\/\/www.meydan.tv\/az\/wp-json\/wp\/v2\/types\/post"}],"author":[{"embeddable":true,"href":"https:\/\/www.meydan.tv\/az\/wp-json\/wp\/v2\/users\/8"}],"replies":[{"embeddable":true,"href":"https:\/\/www.meydan.tv\/az\/wp-json\/wp\/v2\/comments?post=261909"}],"version-history":[{"count":1,"href":"https:\/\/www.meydan.tv\/az\/wp-json\/wp\/v2\/posts\/261909\/revisions"}],"predecessor-version":[{"id":261913,"href":"https:\/\/www.meydan.tv\/az\/wp-json\/wp\/v2\/posts\/261909\/revisions\/261913"}],"wp:featuredmedia":[{"embeddable":true,"href":"https:\/\/www.meydan.tv\/az\/wp-json\/wp\/v2\/media\/261901"}],"wp:attachment":[{"href":"https:\/\/www.meydan.tv\/az\/wp-json\/wp\/v2\/media?parent=261909"}],"wp:term":[{"taxonomy":"category","embeddable":true,"href":"https:\/\/www.meydan.tv\/az\/wp-json\/wp\/v2\/categories?post=261909"},{"taxonomy":"post_tag","embeddable":true,"href":"https:\/\/www.meydan.tv\/az\/wp-json\/wp\/v2\/tags?post=261909"}],"curies":[{"name":"wp","href":"https:\/\/api.w.org\/{rel}","templated":true}]}}