{"id":261904,"date":"2022-11-27T17:14:08","date_gmt":"2022-11-27T13:14:08","guid":{"rendered":"https:\/\/www.meydan.tv\/?p=261904"},"modified":"2022-11-27T17:14:12","modified_gmt":"2022-11-27T13:14:12","slug":"gencede-fealiyyet-gosteren-vekil-men-onlarin-dediyi-ile-oturub-duran-deyilem-bunu-bilirler-ona-gore","status":"publish","type":"post","link":"https:\/\/www.meydan.tv\/az\/article\/gencede-fealiyyet-gosteren-vekil-men-onlarin-dediyi-ile-oturub-duran-deyilem-bunu-bilirler-ona-gore\/","title":{"rendered":"G\u0259nc\u0259d\u0259 f\u0259aliyy\u0259t g\u00f6st\u0259r\u0259n v\u0259kil: \u201cM\u0259n onlar\u0131n dediyi il\u0259 oturub-duran deyil\u0259m, bunu bilirl\u0259r, ona g\u00f6r\u0259\u2026\u201d"},"content":{"rendered":"\n<p><\/p>\n\n\n\n<p><em>Zabil Q\u0259hr\u0259manov: \u201cAd\u0131n\u0131 da qoyurlar ki, guya m\u0259n m\u00fcxalif\u0259t\u00e7iy\u0259m, dem\u0259li, normal d\u00fc\u015f\u00fcn\u0259n adamlara \u201cm\u00fcxalif\u0259t\u00e7i\u201d deyirl\u0259r\u201d<\/em><\/p>\n\n\n\n<p>G\u0259nc\u0259d\u0259 f\u0259aliyy\u0259t g\u00f6st\u0259r\u0259n, \u0259sas\u0259n bu \u015f\u0259h\u0259rd\u0259 v\u0259 \u0259traf b\u00f6lg\u0259l\u0259rd\u0259 v\u0259t\u0259nda\u015flar\u0131n h\u00fcquqlar\u0131n\u0131n m\u00fcdafi\u0259sil\u0259 m\u0259\u015f\u011ful olan v\u0259kil Zabil Q\u0259hr\u0259manov pe\u015f\u0259 f\u0259aliyy\u0259tini h\u0259yata ke\u00e7ir\u0259rk\u0259n ciddi probleml\u0259rl\u0259 \u00fczl\u0259\u015fdiyini deyir. Onun s\u00f6zl\u0259rin\u0259 g\u00f6r\u0259, saxlan\u0131lan \u015f\u0259xsin h\u00fcquqlar\u0131n\u0131 m\u00fcdafi\u0259 etm\u0259k \u00fc\u00e7\u00fcn qanunla t\u0259l\u0259b olunan b\u00fct\u00fcn s\u0259n\u0259dl\u0259r (v\u0259kil v\u0259siq\u0259si, order v\u0259 s.) \u0259lind\u0259 oldu\u011fu halda, m\u00fcv\u0259kkili il\u0259 g\u00f6r\u00fc\u015f\u0259 bilmir.<\/p>\n\n\n\n<p><strong>\u201cBu absurddur\u201d<\/strong><\/p>\n\n\n\n<p>Zabil Q\u0259hr\u0259manov Meydan TV-y\u0259 dan\u0131\u015f\u0131r ki, bu c\u00fcr hallarla \u0259sas\u0259n, polis orqanlar\u0131nda qar\u015f\u0131la\u015f\u0131r. O, saxlan\u0131lan \u015f\u0259xsin h\u00fcquqlar\u0131n\u0131n m\u00fcdafi\u0259si \u00fc\u00e7\u00fcn yax\u0131nlar\u0131yla m\u00fcqavil\u0259 ba\u011flay\u0131b, polis idar\u0259sin\u0259 gedir, lakin m\u00fcv\u0259kkili il\u0259 g\u00f6r\u00fc\u015fm\u0259y\u0259 qoymurlar. M\u00fcdafi\u0259\u00e7i deyir ki, \u0259v\u0259zind\u0259 saxlan\u0131lan \u015f\u0259xs\u0259 d\u00f6vl\u0259t hesab\u0131na v\u0259kil t\u0259yin edirl\u0259r.<\/p>\n\n\n\n<p>\u201cNoyabr\u0131n 19-da da bel\u0259 oldu. Murad C\u0259f\u0259rov adl\u0131 \u015f\u0259xsi he\u00e7 bir \u0259sas olmadan saxlay\u0131blar. Yax\u0131nlar\u0131 m\u0259niml\u0259 m\u00fcqavil\u0259 ba\u011flay\u0131b ki, ona v\u0259killik edim. Anas\u0131yla birlikd\u0259 getmi\u015fik. M\u0259ni buraxmad\u0131lar. R\u0259is m\u00fcavini deyib ki, m\u00fcqavil\u0259 \u00fczr\u0259 v\u0259kili buraxm\u0131r\u0131q, d\u00f6vl\u0259t hesab\u0131na n\u00f6vb\u0259t\u00e7i v\u0259kil olmal\u0131d\u0131r. Bu adamlar h\u0259l\u0259 onu bilmirl\u0259r ki, \u015f\u0259xsin \u00f6z\u00fcn\u00fcn v\u0259 ya yax\u0131nlar\u0131n\u0131n ist\u0259diyi v\u0259kili tutma\u011fa imkan\u0131 olmayanda ona d\u00f6vl\u0259t hesab\u0131na v\u0259kil t\u0259yin edilir. Adam\u0131n \u00f6z\u00fcn\u00fcn v\u0259kilini buraxmayasan ki, \u201cd\u00f6vl\u0259t hesab\u0131na v\u0259kil g\u0259l\u0259c\u0259k\u201d \u2013 bu absurddur\u201d, &#8211; Zabil Q\u0259hr\u0259manov bildirib.<\/p>\n\n\n\n<p>S\u00f6hb\u0259t Daxili \u0130\u015fl\u0259r Nazirliyi (D\u0130N) Ba\u015f Narkotikl\u0259rl\u0259 M\u00fcbariz\u0259 \u0130dar\u0259sinin Q\u0259rb Regional \u015e\u00f6b\u0259sinim r\u0259is m\u00fcavinind\u0259n gedir.<\/p>\n\n\n\n<p>H\u0259min g\u00fcn Murad C\u0259f\u0259rova da d\u00f6vl\u0259t hesab\u0131na Fuad X\u0259lilov adl\u0131 \u015f\u0259xsi v\u0259kil t\u0259yin edibl\u0259r. Samix rayonundan olan bu v\u0259kil bir \u00e7ox hallarda d\u00f6vl\u0259t hesab\u0131na m\u00fcdafi\u0259\u00e7i kimi i\u015fl\u0259rd\u0259 i\u015ftirak edir.<\/p>\n\n\n\n<p><strong>\u201cDesinl\u0259r ki, \u201cnormal v\u0259kili i\u015fl\u0259m\u0259y\u0259 qoymuruq\u201d biz d\u0259 i\u015fimizi bil\u0259k\u201d<\/strong><\/p>\n\n\n\n<p>Zabil Q\u0259hr\u0259manov deyir ki, b\u0259zi hallarda, h\u0259tta m\u00fcv\u0259kkilini ondan imtina etm\u0259y\u0259 d\u0259 m\u0259cbur edirl\u0259r. Tutulan \u015f\u0259xsin \u00f6z n\u0259zar\u0259tl\u0259rind\u0259 olmas\u0131ndan sui-istifad\u0259 ed\u0259r\u0259k, ondan imtina \u0259riz\u0259si al\u0131rlar. S\u0259b\u0259b is\u0259 onun prinsipial f\u0259aliyy\u0259ti, yol veril\u0259n pozuntulara g\u00f6z yummamas\u0131d\u0131r:<\/p>\n\n\n\n<p>\u201c\u00c7\u00fcnki m\u0259n dedikl\u0259ril\u0259 oturub-duran adam deyil\u0259m, bunu bilirl\u0259r. Buna da deyibl\u0259r ki, \u201cs\u0259ni burax\u0131r\u0131q, ondan imtina el\u0259\u201d. Birinci d\u0259f\u0259 deyil ki\u2026 Ba\u015fqa i\u015fl\u0259rd\u0259 d\u0259 d\u0259f\u0259l\u0259rl\u0259 olub. Ad\u0131n\u0131 da qoyurlar ki, guya m\u0259n m\u00fcxalif\u0259t\u00e7iy\u0259m. Y\u0259qin \u201cyuxar\u0131lara\u201d da bel\u0259 deyirl\u0259r. Halbuki, m\u0259nim he\u00e7 bir siyasi partiya m\u0259nsubiyy\u0259tim yoxdur. Bel\u0259 \u00e7\u0131x\u0131r ki, normal d\u00fc\u015f\u00fcn\u0259n adamlara \u201cm\u00fcxalif\u0259t\u00e7i\u201d deyirl\u0259r. Bird\u0259f\u0259lik desinl\u0259r ki, \u201cnormal v\u0259kili i\u015fl\u0259m\u0259y\u0259 qoymuruq\u201d, biz d\u0259 i\u015fimizi bil\u0259k\u201d.<\/p>\n\n\n\n<p><strong>M\u0259hk\u0259m\u0259d\u0259 d\u0259 pozuntunu tan\u0131y\u0131b, polis haqq\u0131nda x\u00fcsusi q\u0259rar \u00e7\u0131xar\u0131b<\/strong><\/p>\n\n\n\n<p>Zabil Q\u0259hr\u0259manov xat\u0131rlad\u0131b ki, bir m\u00fcdd\u0259t \u0259vv\u0259l d\u0259 m\u0259hz eyni qurumda Ba\u015f Narkotikl\u0259rl\u0259 M\u00fcbariz\u0259 \u0130dar\u0259sinin Q\u0259rb Regional \u015e\u00f6b\u0259sind\u0259 b\u0259nz\u0259r halla qar\u015f\u0131la\u015f\u0131b. O zaman h\u00fcquqlar\u0131n\u0131 m\u00fcdafi\u0259 etm\u0259li oldu\u011fu Azad Kaz\u0131mov adl\u0131 \u015f\u0259xsl\u0259 g\u00f6r\u00fc\u015fm\u0259y\u0259 buraxmam\u0131\u015fd\u0131lar. \u015e\u00f6b\u0259nin qar\u015f\u0131s\u0131nda gec\u0259 yar\u0131ya q\u0259d\u0259r \u2013 5 saatdan \u00e7ox g\u00f6zl\u0259s\u0259 d\u0259, onun m\u00fcv\u0259kkili il\u0259 g\u00f6r\u00fc\u015fm\u0259sin\u0259 imkan verilm\u0259mi\u015fdi.<\/p>\n\n\n\n<p>Azad Kaz\u0131mov apreld\u0259 G\u00f6yg\u00f6l rayonunda i\u015fl\u0259diyi idman zal\u0131n\u0131n qar\u015f\u0131s\u0131nda saxlan\u0131laraq, G\u0259nc\u0259y\u0259 &#8211; polis \u015f\u00f6b\u0259sin\u0259 g\u0259tirilib. Onun saxland\u0131\u011f\u0131n\u0131 g\u00f6r\u0259n dostlar\u0131 d\u0259rhal bu haqda ail\u0259 \u00fczvl\u0259rin\u0259 m\u0259lumat veribl\u0259r. Azad Kaz\u0131movun anas\u0131 da v\u0259kildir, \u0259vv\u0259l \u00f6z\u00fc idar\u0259y\u0259 gets\u0259 d\u0259, o\u011flu il\u0259 g\u00f6r\u00fc\u015f\u0259 bilm\u0259yib. Ona g\u00f6r\u0259 d\u0259 G\u0259nc\u0259 \u015f\u0259h\u0259rind\u0259ki 1 sayl\u0131 v\u0259kil b\u00fcrosunda \u00e7al\u0131\u015fan h\u0259mkarlar\u0131ndan Zabil Q\u0259hr\u0259manovla m\u00fcqavil\u0259 ba\u011flay\u0131b ki, t\u0259cili proses\u0259 qo\u015fulsun, o\u011fluyla g\u00f6r\u00fc\u015fs\u00fcn, n\u0259 ba\u015f verdiyini ayd\u0131nla\u015fd\u0131rs\u0131n:<\/p>\n\n\n\n<p>\u201cO i\u015fd\u0259 d\u0259 bel\u0259 olmu\u015fdu. Qap\u0131dak\u0131 polis \u0259m\u0259kda\u015f\u0131na orderi t\u0259qdim el\u0259dim, Azad Kaz\u0131movun v\u0259kili oldu\u011funu dedim. Getdi, az sonra g\u0259ldi ki, onun d\u00f6vl\u0259t hesab\u0131na v\u0259kili var, s\u0259n\u0259 ehtiyac yoxdur. D\u0259f\u0259l\u0259rl\u0259 izah el\u0259m\u0259y\u0259 \u00e7al\u0131\u015fd\u0131m ki, \u015f\u0259xsin \u00f6z\u00fcn\u00fcn v\u0259 yax\u0131nlar\u0131n\u0131n se\u00e7diyi m\u00fcdafi\u0259\u00e7i t\u0259r\u0259find\u0259n m\u00fcdafi\u0259 olunmaq h\u00fcququ var. Xeyri olmad\u0131\u2026\u201d.<\/p>\n\n\n<div class=\"wp-block-image\">\n<figure class=\"alignleft size-full is-resized\"><img decoding=\"async\" data-src=\"https:\/\/www.meydan.tv\/wp-content\/uploads\/photo-2022-11-26-16-39-46_720.jpg\" alt=\"\" class=\"wp-image-261895 lazyload\" width=\"342\" height=\"494\" src=\"data:image\/svg+xml;base64,PHN2ZyB3aWR0aD0iMSIgaGVpZ2h0PSIxIiB4bWxucz0iaHR0cDovL3d3dy53My5vcmcvMjAwMC9zdmciPjwvc3ZnPg==\" style=\"--smush-placeholder-width: 342px; --smush-placeholder-aspect-ratio: 342\/494;\" \/><\/figure>\n<\/div>\n\n\n<p>Azad Kaz\u0131mov narkotik \u015f\u00fcbh\u0259s\u0131yl\u0259 polis \u015f\u00f6b\u0259sin\u0259 g\u0259tirils\u0259 d\u0259, sonradan bar\u0259sind\u0259 polis\u0259 m\u00fcqavim\u0259t ittiham\u0131yla inzibati protokol t\u0259rtib edilib v\u0259 m\u0259hk\u0259m\u0259y\u0259 apar\u0131l\u0131b. Amma m\u0259hk\u0259m\u0259 onun haqq\u0131nda inzibati x\u0259ta i\u015fin\u0259 xitam verib v\u0259 azadl\u0131\u011fa burax\u0131l\u0131b.<\/p>\n\n\n\n<p>O zaman Zabil Q\u0259hr\u0259manov m\u00fcdafi\u0259 h\u00fcququnun pozulmas\u0131, polisl\u0259rin onu m\u00fcv\u0259kkili il\u0259 g\u00f6r\u00fc\u015f\u0259 buraxmamas\u0131ndan m\u0259hk\u0259m\u0259y\u0259 \u015fikay\u0259t verib. M\u0259lum olub ki, i\u015fin i\u00e7in\u0259 Azad Kaz\u0131movun ad\u0131ndan \u0259riz\u0259 \u0259lav\u0259 olunub. Orada yaz\u0131l\u0131b ki, maddi durumu \u00f6z\u00fcn\u00fcn v\u0259kil tutmas\u0131na imkan verm\u0259diyin\u0259 g\u00f6r\u0259 d\u00f6vl\u0259t hesab\u0131na v\u0259kil ist\u0259yir. Lakin \u0259riz\u0259d\u0259 \u015f\u0259xsin \u00f6z\u00fcn\u00fcn imzas\u0131 yoxdur. \u018fv\u0259zind\u0259 \u201che\u00e7 bir s\u0259b\u0259b g\u00f6st\u0259rm\u0259d\u0259n \u0259riz\u0259ni imzalamaqdan imtina edib\u201d qeydi var.<\/p>\n\n\n\n<p>Azad Kaz\u0131mov bel\u0259 bir \u0259riz\u0259 yazmad\u0131\u011f\u0131n\u0131 bildirib.<\/p>\n\n\n\n<p>K\u0259p\u0259z Rayon M\u0259hk\u0259m\u0259sind\u0259 bu \u015fikay\u0259t\u0259 baxan hakim Tural Qocayev polis \u015f\u00f6b\u0259sind\u0259 ba\u015f ver\u0259nl\u0259ri \u2013 saxlan\u0131lan \u015f\u0259xs\u0259 v\u0259kili il\u0259 g\u00f6r\u00fc\u015fm\u0259y\u0259 imkan verilm\u0259m\u0259sini m\u00fcdafi\u0259 h\u00fcququnun pozuntusu kimi qiym\u0259tl\u0259ndirib. \u00dcst\u0259lik, t\u0259hqiqat\u00e7\u0131 haqq\u0131nda da x\u00fcsusi q\u0259rar \u00e7\u0131xar\u0131l\u0131b.<\/p>\n\n\n\n<p>\u201cM\u0259hk\u0259m\u0259 pozuntunu tan\u0131y\u0131b, pozuntuya yol ver\u0259n \u015f\u0259xsl\u0259rin bar\u0259sind\u0259 x\u00fcsusi q\u0259rar \u00e7\u0131xarsa da, h\u0259min x\u00fcsusi q\u0259rar icra edilm\u0259yib\u201d, &#8211; Zabil Q\u0259hr\u0259manov \u0259lav\u0259 edib.<\/p>\n\n\n\n<p><strong>Daxili \u0130\u015fl\u0259r Nazirliyi n\u0259 deyir?<\/strong><\/p>\n\n\n\n<p>Zabil Q\u0259hr\u0259manov noyabr\u0131n 19-da ba\u015f vermi\u015f son hadis\u0259 &#8211; m\u00fcv\u0259kkili il\u0259 g\u00f6r\u00fc\u015f\u00fcn\u0259 imkan verilm\u0259m\u0259si il\u0259 \u0259laq\u0259dar d\u0259rhal D\u0130N-in 102 xidm\u0259tin\u0259 \u015fikay\u0259t etdiyini deyir. Lakin o, m\u00fcsb\u0259t n\u0259tic\u0259 olaca\u011f\u0131na inanm\u0131r.<\/p>\n\n\n\n<p>D\u0130N-in m\u0259tbuat xidm\u0259tinin \u015f\u00f6b\u0259 r\u0259isi El\u015fad Hac\u0131yev Meydan TV-y\u0259 bildirib ki, Zabil Q\u0259hr\u0259manovun noyabr\u0131n 19-da ba\u015f vermi\u015f hadis\u0259 il\u0259 ba\u011fl\u0131 \u015fikay\u0259tind\u0259n m\u0259lumatl\u0131d\u0131r. D\u0130N r\u0259smisinin s\u00f6zl\u0259rin\u0259 g\u00f6r\u0259, h\u0259min vaxt saxlan\u0131lan \u015f\u0259xs m\u00fcdafi\u0259\u00e7i il\u0259 t\u0259min olunub, b\u00fct\u00fcn prosessual icraat v\u0259kilin i\u015ftirak\u0131 il\u0259 apar\u0131l\u0131b.<\/p>\n\n\n\n<p>El\u015fad Hac\u0131yev \u0259lav\u0259 edib ki, \u015f\u00fcbh\u0259li v\u0259 ya t\u0259qsirl\u0259ndiril\u0259n \u015f\u0259xs qismind\u0259 saxlan\u0131lan ist\u0259nil\u0259n adam\u0131n v\u0259kill\u0259 t\u0259min olunmas\u0131yla ba\u011fl\u0131 qanunun t\u0259l\u0259bi var v\u0259 bu t\u0259l\u0259b\u0259 h\u0259r bir halda, \u0259m\u0259l olunur.<\/p>\n","protected":false},"excerpt":{"rendered":"<p>Zabil Q\u0259hr\u0259manov: \u201cAd\u0131n\u0131 da qoyurlar ki, guya m\u0259n m\u00fcxalif\u0259t\u00e7iy\u0259m, dem\u0259li, &#8230; <\/p>\n<p class=\"read-more-container\"><a title=\"G\u0259nc\u0259d\u0259 f\u0259aliyy\u0259t g\u00f6st\u0259r\u0259n v\u0259kil: \u201cM\u0259n onlar\u0131n dediyi il\u0259 oturub-duran deyil\u0259m, bunu bilirl\u0259r, ona g\u00f6r\u0259\u2026\u201d\" class=\"read-more button\" href=\"https:\/\/www.meydan.tv\/az\/article\/gencede-fealiyyet-gosteren-vekil-men-onlarin-dediyi-ile-oturub-duran-deyilem-bunu-bilirler-ona-gore\/#more-261904\" aria-label=\"Read more about G\u0259nc\u0259d\u0259 f\u0259aliyy\u0259t g\u00f6st\u0259r\u0259n v\u0259kil: \u201cM\u0259n onlar\u0131n dediyi il\u0259 oturub-duran deyil\u0259m, bunu bilirl\u0259r, ona g\u00f6r\u0259\u2026\u201d\">Davam\u0131<\/a><\/p>\n","protected":false},"author":8,"featured_media":261892,"comment_status":"closed","ping_status":"closed","sticky":false,"template":"","format":"standard","meta":{"_acf_changed":false,"_sitemap_exclude":false,"_sitemap_priority":"","_sitemap_frequency":"","footnotes":""},"categories":[60,88,56],"tags":[],"class_list":["post-261904","post","type-post","status-publish","format-standard","has-post-thumbnail","hentry","category-bolge","category-redaktor-secimi","category-xeberler","infinite-scroll-item","generate-columns","tablet-grid-50","mobile-grid-100","grid-parent","grid-33","no-featured-image-padding"],"acf":[],"yoast_head":"<!-- This site is optimized with the Yoast SEO plugin v27.5 - https:\/\/yoast.com\/product\/yoast-seo-wordpress\/ -->\n<title>G\u0259nc\u0259d\u0259 f\u0259aliyy\u0259t g\u00f6st\u0259r\u0259n v\u0259kil: \u201cM\u0259n onlar\u0131n dediyi il\u0259 oturub-duran deyil\u0259m, bunu bilirl\u0259r, ona g\u00f6r\u0259\u2026\u201d - MEYDAN.TV<\/title>\n<meta name=\"robots\" content=\"index, follow, max-snippet:-1, max-image-preview:large, max-video-preview:-1\" \/>\n<link rel=\"canonical\" href=\"https:\/\/www.meydan.tv\/az\/article\/gencede-fealiyyet-gosteren-vekil-men-onlarin-dediyi-ile-oturub-duran-deyilem-bunu-bilirler-ona-gore\/\" \/>\n<meta property=\"og:locale\" content=\"az_AZ\" \/>\n<meta property=\"og:type\" content=\"article\" \/>\n<meta property=\"og:title\" content=\"G\u0259nc\u0259d\u0259 f\u0259aliyy\u0259t g\u00f6st\u0259r\u0259n v\u0259kil: \u201cM\u0259n onlar\u0131n dediyi il\u0259 oturub-duran deyil\u0259m, bunu bilirl\u0259r, ona g\u00f6r\u0259\u2026\u201d - MEYDAN.TV\" \/>\n<meta property=\"og:description\" content=\"Zabil Q\u0259hr\u0259manov: \u201cAd\u0131n\u0131 da qoyurlar ki, guya m\u0259n m\u00fcxalif\u0259t\u00e7iy\u0259m, dem\u0259li, ... Davam\u0131\" \/>\n<meta property=\"og:url\" content=\"https:\/\/www.meydan.tv\/az\/article\/gencede-fealiyyet-gosteren-vekil-men-onlarin-dediyi-ile-oturub-duran-deyilem-bunu-bilirler-ona-gore\/\" \/>\n<meta property=\"og:site_name\" content=\"MEYDAN.TV\" \/>\n<meta property=\"article:published_time\" content=\"2022-11-27T13:14:08+00:00\" \/>\n<meta property=\"article:modified_time\" content=\"2022-11-27T13:14:12+00:00\" \/>\n<meta property=\"og:image\" content=\"https:\/\/www.meydan.tv\/wp-content\/uploads\/photo-2022-11-26-16-38-06-e1669554838749.jpg\" \/>\n\t<meta property=\"og:image:width\" content=\"1024\" \/>\n\t<meta property=\"og:image:height\" content=\"637\" \/>\n\t<meta property=\"og:image:type\" content=\"image\/jpeg\" \/>\n<meta name=\"author\" content=\"elli\" \/>\n<meta name=\"twitter:card\" content=\"summary_large_image\" \/>\n<meta name=\"twitter:creator\" content=\"@elli\" \/>\n<script type=\"application\/ld+json\" class=\"yoast-schema-graph\">{\"@context\":\"https:\\\/\\\/schema.org\",\"@graph\":[{\"@type\":\"Article\",\"@id\":\"https:\\\/\\\/www.meydan.tv\\\/az\\\/article\\\/gencede-fealiyyet-gosteren-vekil-men-onlarin-dediyi-ile-oturub-duran-deyilem-bunu-bilirler-ona-gore\\\/#article\",\"isPartOf\":{\"@id\":\"https:\\\/\\\/www.meydan.tv\\\/az\\\/article\\\/gencede-fealiyyet-gosteren-vekil-men-onlarin-dediyi-ile-oturub-duran-deyilem-bunu-bilirler-ona-gore\\\/\"},\"author\":{\"name\":\"elli\",\"@id\":\"https:\\\/\\\/www.meydan.tv\\\/az\\\/#\\\/schema\\\/person\\\/9cdbecf90d17180ce1dfbd95b08dcf47\"},\"headline\":\"G\u0259nc\u0259d\u0259 f\u0259aliyy\u0259t g\u00f6st\u0259r\u0259n v\u0259kil: \u201cM\u0259n onlar\u0131n dediyi il\u0259 oturub-duran deyil\u0259m, bunu bilirl\u0259r, ona g\u00f6r\u0259\u2026\u201d\",\"datePublished\":\"2022-11-27T13:14:08+00:00\",\"dateModified\":\"2022-11-27T13:14:12+00:00\",\"mainEntityOfPage\":{\"@id\":\"https:\\\/\\\/www.meydan.tv\\\/az\\\/article\\\/gencede-fealiyyet-gosteren-vekil-men-onlarin-dediyi-ile-oturub-duran-deyilem-bunu-bilirler-ona-gore\\\/\"},\"wordCount\":1379,\"publisher\":{\"@id\":\"https:\\\/\\\/www.meydan.tv\\\/az\\\/#organization\"},\"image\":{\"@id\":\"https:\\\/\\\/www.meydan.tv\\\/az\\\/article\\\/gencede-fealiyyet-gosteren-vekil-men-onlarin-dediyi-ile-oturub-duran-deyilem-bunu-bilirler-ona-gore\\\/#primaryimage\"},\"thumbnailUrl\":\"https:\\\/\\\/www.meydan.tv\\\/wp-content\\\/uploads\\\/photo-2022-11-26-16-38-06-e1669554838749.jpg\",\"articleSection\":[\"B\u00f6lg\u0259\",\"Redaktor se\u00e7imi\",\"X\u0259b\u0259rl\u0259r\"],\"inLanguage\":\"az\"},{\"@type\":\"WebPage\",\"@id\":\"https:\\\/\\\/www.meydan.tv\\\/az\\\/article\\\/gencede-fealiyyet-gosteren-vekil-men-onlarin-dediyi-ile-oturub-duran-deyilem-bunu-bilirler-ona-gore\\\/\",\"url\":\"https:\\\/\\\/www.meydan.tv\\\/az\\\/article\\\/gencede-fealiyyet-gosteren-vekil-men-onlarin-dediyi-ile-oturub-duran-deyilem-bunu-bilirler-ona-gore\\\/\",\"name\":\"G\u0259nc\u0259d\u0259 f\u0259aliyy\u0259t g\u00f6st\u0259r\u0259n v\u0259kil: \u201cM\u0259n onlar\u0131n dediyi il\u0259 oturub-duran deyil\u0259m, bunu bilirl\u0259r, ona g\u00f6r\u0259\u2026\u201d - MEYDAN.TV\",\"isPartOf\":{\"@id\":\"https:\\\/\\\/www.meydan.tv\\\/az\\\/#website\"},\"primaryImageOfPage\":{\"@id\":\"https:\\\/\\\/www.meydan.tv\\\/az\\\/article\\\/gencede-fealiyyet-gosteren-vekil-men-onlarin-dediyi-ile-oturub-duran-deyilem-bunu-bilirler-ona-gore\\\/#primaryimage\"},\"image\":{\"@id\":\"https:\\\/\\\/www.meydan.tv\\\/az\\\/article\\\/gencede-fealiyyet-gosteren-vekil-men-onlarin-dediyi-ile-oturub-duran-deyilem-bunu-bilirler-ona-gore\\\/#primaryimage\"},\"thumbnailUrl\":\"https:\\\/\\\/www.meydan.tv\\\/wp-content\\\/uploads\\\/photo-2022-11-26-16-38-06-e1669554838749.jpg\",\"datePublished\":\"2022-11-27T13:14:08+00:00\",\"dateModified\":\"2022-11-27T13:14:12+00:00\",\"breadcrumb\":{\"@id\":\"https:\\\/\\\/www.meydan.tv\\\/az\\\/article\\\/gencede-fealiyyet-gosteren-vekil-men-onlarin-dediyi-ile-oturub-duran-deyilem-bunu-bilirler-ona-gore\\\/#breadcrumb\"},\"inLanguage\":\"az\",\"potentialAction\":[{\"@type\":\"ReadAction\",\"target\":[\"https:\\\/\\\/www.meydan.tv\\\/az\\\/article\\\/gencede-fealiyyet-gosteren-vekil-men-onlarin-dediyi-ile-oturub-duran-deyilem-bunu-bilirler-ona-gore\\\/\"]}]},{\"@type\":\"ImageObject\",\"inLanguage\":\"az\",\"@id\":\"https:\\\/\\\/www.meydan.tv\\\/az\\\/article\\\/gencede-fealiyyet-gosteren-vekil-men-onlarin-dediyi-ile-oturub-duran-deyilem-bunu-bilirler-ona-gore\\\/#primaryimage\",\"url\":\"https:\\\/\\\/www.meydan.tv\\\/wp-content\\\/uploads\\\/photo-2022-11-26-16-38-06-e1669554838749.jpg\",\"contentUrl\":\"https:\\\/\\\/www.meydan.tv\\\/wp-content\\\/uploads\\\/photo-2022-11-26-16-38-06-e1669554838749.jpg\",\"width\":1024,\"height\":637,\"caption\":\"Zabil Q\u0259hr\u0259manov. Foto: Meydan TV\"},{\"@type\":\"BreadcrumbList\",\"@id\":\"https:\\\/\\\/www.meydan.tv\\\/az\\\/article\\\/gencede-fealiyyet-gosteren-vekil-men-onlarin-dediyi-ile-oturub-duran-deyilem-bunu-bilirler-ona-gore\\\/#breadcrumb\",\"itemListElement\":[{\"@type\":\"ListItem\",\"position\":1,\"name\":\"Ana s\u0259hif\u0259\",\"item\":\"https:\\\/\\\/www.meydan.tv\\\/az\\\/\"},{\"@type\":\"ListItem\",\"position\":2,\"name\":\"B\u00f6lg\u0259\",\"item\":\"https:\\\/\\\/www.meydan.tv\\\/az\\\/section\\\/bolge\\\/\"},{\"@type\":\"ListItem\",\"position\":3,\"name\":\"G\u0259nc\u0259d\u0259 f\u0259aliyy\u0259t g\u00f6st\u0259r\u0259n v\u0259kil: \u201cM\u0259n onlar\u0131n dediyi il\u0259 oturub-duran deyil\u0259m, bunu bilirl\u0259r, ona g\u00f6r\u0259\u2026\u201d\"}]},{\"@type\":\"WebSite\",\"@id\":\"https:\\\/\\\/www.meydan.tv\\\/az\\\/#website\",\"url\":\"https:\\\/\\\/www.meydan.tv\\\/az\\\/\",\"name\":\"MEYDAN.TV\",\"description\":\"Meydan TV Az\u0259rbaycan\u0131n media m\u0259kan\u0131ndak\u0131 alternativ s\u0259sidir\",\"publisher\":{\"@id\":\"https:\\\/\\\/www.meydan.tv\\\/az\\\/#organization\"},\"potentialAction\":[{\"@type\":\"SearchAction\",\"target\":{\"@type\":\"EntryPoint\",\"urlTemplate\":\"https:\\\/\\\/www.meydan.tv\\\/az\\\/?s={search_term_string}\"},\"query-input\":{\"@type\":\"PropertyValueSpecification\",\"valueRequired\":true,\"valueName\":\"search_term_string\"}}],\"inLanguage\":\"az\"},{\"@type\":\"Organization\",\"@id\":\"https:\\\/\\\/www.meydan.tv\\\/az\\\/#organization\",\"name\":\"Meydan TV\",\"url\":\"https:\\\/\\\/www.meydan.tv\\\/az\\\/\",\"logo\":{\"@type\":\"ImageObject\",\"inLanguage\":\"az\",\"@id\":\"https:\\\/\\\/www.meydan.tv\\\/az\\\/#\\\/schema\\\/logo\\\/image\\\/\",\"url\":\"https:\\\/\\\/www.meydan.tv\\\/wp-content\\\/uploads\\\/2021\\\/07\\\/meydan-logo.svg\",\"contentUrl\":\"https:\\\/\\\/www.meydan.tv\\\/wp-content\\\/uploads\\\/2021\\\/07\\\/meydan-logo.svg\",\"width\":195,\"height\":46,\"caption\":\"Meydan TV\"},\"image\":{\"@id\":\"https:\\\/\\\/www.meydan.tv\\\/az\\\/#\\\/schema\\\/logo\\\/image\\\/\"}},{\"@type\":\"Person\",\"@id\":\"https:\\\/\\\/www.meydan.tv\\\/az\\\/#\\\/schema\\\/person\\\/9cdbecf90d17180ce1dfbd95b08dcf47\",\"name\":\"elli\",\"sameAs\":[\"https:\\\/\\\/x.com\\\/elli\"]}]}<\/script>\n<!-- \/ Yoast SEO plugin. -->","yoast_head_json":{"title":"G\u0259nc\u0259d\u0259 f\u0259aliyy\u0259t g\u00f6st\u0259r\u0259n v\u0259kil: \u201cM\u0259n onlar\u0131n dediyi il\u0259 oturub-duran deyil\u0259m, bunu bilirl\u0259r, ona g\u00f6r\u0259\u2026\u201d - MEYDAN.TV","robots":{"index":"index","follow":"follow","max-snippet":"max-snippet:-1","max-image-preview":"max-image-preview:large","max-video-preview":"max-video-preview:-1"},"canonical":"https:\/\/www.meydan.tv\/az\/article\/gencede-fealiyyet-gosteren-vekil-men-onlarin-dediyi-ile-oturub-duran-deyilem-bunu-bilirler-ona-gore\/","og_locale":"az_AZ","og_type":"article","og_title":"G\u0259nc\u0259d\u0259 f\u0259aliyy\u0259t g\u00f6st\u0259r\u0259n v\u0259kil: \u201cM\u0259n onlar\u0131n dediyi il\u0259 oturub-duran deyil\u0259m, bunu bilirl\u0259r, ona g\u00f6r\u0259\u2026\u201d - MEYDAN.TV","og_description":"Zabil Q\u0259hr\u0259manov: \u201cAd\u0131n\u0131 da qoyurlar ki, guya m\u0259n m\u00fcxalif\u0259t\u00e7iy\u0259m, dem\u0259li, ... Davam\u0131","og_url":"https:\/\/www.meydan.tv\/az\/article\/gencede-fealiyyet-gosteren-vekil-men-onlarin-dediyi-ile-oturub-duran-deyilem-bunu-bilirler-ona-gore\/","og_site_name":"MEYDAN.TV","article_published_time":"2022-11-27T13:14:08+00:00","article_modified_time":"2022-11-27T13:14:12+00:00","og_image":[{"width":1024,"height":637,"url":"https:\/\/www.meydan.tv\/wp-content\/uploads\/photo-2022-11-26-16-38-06-e1669554838749.jpg","type":"image\/jpeg"}],"author":"elli","twitter_card":"summary_large_image","twitter_creator":"@elli","schema":{"@context":"https:\/\/schema.org","@graph":[{"@type":"Article","@id":"https:\/\/www.meydan.tv\/az\/article\/gencede-fealiyyet-gosteren-vekil-men-onlarin-dediyi-ile-oturub-duran-deyilem-bunu-bilirler-ona-gore\/#article","isPartOf":{"@id":"https:\/\/www.meydan.tv\/az\/article\/gencede-fealiyyet-gosteren-vekil-men-onlarin-dediyi-ile-oturub-duran-deyilem-bunu-bilirler-ona-gore\/"},"author":{"name":"elli","@id":"https:\/\/www.meydan.tv\/az\/#\/schema\/person\/9cdbecf90d17180ce1dfbd95b08dcf47"},"headline":"G\u0259nc\u0259d\u0259 f\u0259aliyy\u0259t g\u00f6st\u0259r\u0259n v\u0259kil: \u201cM\u0259n onlar\u0131n dediyi il\u0259 oturub-duran deyil\u0259m, bunu bilirl\u0259r, ona g\u00f6r\u0259\u2026\u201d","datePublished":"2022-11-27T13:14:08+00:00","dateModified":"2022-11-27T13:14:12+00:00","mainEntityOfPage":{"@id":"https:\/\/www.meydan.tv\/az\/article\/gencede-fealiyyet-gosteren-vekil-men-onlarin-dediyi-ile-oturub-duran-deyilem-bunu-bilirler-ona-gore\/"},"wordCount":1379,"publisher":{"@id":"https:\/\/www.meydan.tv\/az\/#organization"},"image":{"@id":"https:\/\/www.meydan.tv\/az\/article\/gencede-fealiyyet-gosteren-vekil-men-onlarin-dediyi-ile-oturub-duran-deyilem-bunu-bilirler-ona-gore\/#primaryimage"},"thumbnailUrl":"https:\/\/www.meydan.tv\/wp-content\/uploads\/photo-2022-11-26-16-38-06-e1669554838749.jpg","articleSection":["B\u00f6lg\u0259","Redaktor se\u00e7imi","X\u0259b\u0259rl\u0259r"],"inLanguage":"az"},{"@type":"WebPage","@id":"https:\/\/www.meydan.tv\/az\/article\/gencede-fealiyyet-gosteren-vekil-men-onlarin-dediyi-ile-oturub-duran-deyilem-bunu-bilirler-ona-gore\/","url":"https:\/\/www.meydan.tv\/az\/article\/gencede-fealiyyet-gosteren-vekil-men-onlarin-dediyi-ile-oturub-duran-deyilem-bunu-bilirler-ona-gore\/","name":"G\u0259nc\u0259d\u0259 f\u0259aliyy\u0259t g\u00f6st\u0259r\u0259n v\u0259kil: \u201cM\u0259n onlar\u0131n dediyi il\u0259 oturub-duran deyil\u0259m, bunu bilirl\u0259r, ona g\u00f6r\u0259\u2026\u201d - MEYDAN.TV","isPartOf":{"@id":"https:\/\/www.meydan.tv\/az\/#website"},"primaryImageOfPage":{"@id":"https:\/\/www.meydan.tv\/az\/article\/gencede-fealiyyet-gosteren-vekil-men-onlarin-dediyi-ile-oturub-duran-deyilem-bunu-bilirler-ona-gore\/#primaryimage"},"image":{"@id":"https:\/\/www.meydan.tv\/az\/article\/gencede-fealiyyet-gosteren-vekil-men-onlarin-dediyi-ile-oturub-duran-deyilem-bunu-bilirler-ona-gore\/#primaryimage"},"thumbnailUrl":"https:\/\/www.meydan.tv\/wp-content\/uploads\/photo-2022-11-26-16-38-06-e1669554838749.jpg","datePublished":"2022-11-27T13:14:08+00:00","dateModified":"2022-11-27T13:14:12+00:00","breadcrumb":{"@id":"https:\/\/www.meydan.tv\/az\/article\/gencede-fealiyyet-gosteren-vekil-men-onlarin-dediyi-ile-oturub-duran-deyilem-bunu-bilirler-ona-gore\/#breadcrumb"},"inLanguage":"az","potentialAction":[{"@type":"ReadAction","target":["https:\/\/www.meydan.tv\/az\/article\/gencede-fealiyyet-gosteren-vekil-men-onlarin-dediyi-ile-oturub-duran-deyilem-bunu-bilirler-ona-gore\/"]}]},{"@type":"ImageObject","inLanguage":"az","@id":"https:\/\/www.meydan.tv\/az\/article\/gencede-fealiyyet-gosteren-vekil-men-onlarin-dediyi-ile-oturub-duran-deyilem-bunu-bilirler-ona-gore\/#primaryimage","url":"https:\/\/www.meydan.tv\/wp-content\/uploads\/photo-2022-11-26-16-38-06-e1669554838749.jpg","contentUrl":"https:\/\/www.meydan.tv\/wp-content\/uploads\/photo-2022-11-26-16-38-06-e1669554838749.jpg","width":1024,"height":637,"caption":"Zabil Q\u0259hr\u0259manov. Foto: Meydan TV"},{"@type":"BreadcrumbList","@id":"https:\/\/www.meydan.tv\/az\/article\/gencede-fealiyyet-gosteren-vekil-men-onlarin-dediyi-ile-oturub-duran-deyilem-bunu-bilirler-ona-gore\/#breadcrumb","itemListElement":[{"@type":"ListItem","position":1,"name":"Ana s\u0259hif\u0259","item":"https:\/\/www.meydan.tv\/az\/"},{"@type":"ListItem","position":2,"name":"B\u00f6lg\u0259","item":"https:\/\/www.meydan.tv\/az\/section\/bolge\/"},{"@type":"ListItem","position":3,"name":"G\u0259nc\u0259d\u0259 f\u0259aliyy\u0259t g\u00f6st\u0259r\u0259n v\u0259kil: \u201cM\u0259n onlar\u0131n dediyi il\u0259 oturub-duran deyil\u0259m, bunu bilirl\u0259r, ona g\u00f6r\u0259\u2026\u201d"}]},{"@type":"WebSite","@id":"https:\/\/www.meydan.tv\/az\/#website","url":"https:\/\/www.meydan.tv\/az\/","name":"MEYDAN.TV","description":"Meydan TV Az\u0259rbaycan\u0131n media m\u0259kan\u0131ndak\u0131 alternativ s\u0259sidir","publisher":{"@id":"https:\/\/www.meydan.tv\/az\/#organization"},"potentialAction":[{"@type":"SearchAction","target":{"@type":"EntryPoint","urlTemplate":"https:\/\/www.meydan.tv\/az\/?s={search_term_string}"},"query-input":{"@type":"PropertyValueSpecification","valueRequired":true,"valueName":"search_term_string"}}],"inLanguage":"az"},{"@type":"Organization","@id":"https:\/\/www.meydan.tv\/az\/#organization","name":"Meydan TV","url":"https:\/\/www.meydan.tv\/az\/","logo":{"@type":"ImageObject","inLanguage":"az","@id":"https:\/\/www.meydan.tv\/az\/#\/schema\/logo\/image\/","url":"https:\/\/www.meydan.tv\/wp-content\/uploads\/2021\/07\/meydan-logo.svg","contentUrl":"https:\/\/www.meydan.tv\/wp-content\/uploads\/2021\/07\/meydan-logo.svg","width":195,"height":46,"caption":"Meydan TV"},"image":{"@id":"https:\/\/www.meydan.tv\/az\/#\/schema\/logo\/image\/"}},{"@type":"Person","@id":"https:\/\/www.meydan.tv\/az\/#\/schema\/person\/9cdbecf90d17180ce1dfbd95b08dcf47","name":"elli","sameAs":["https:\/\/x.com\/elli"]}]}},"_links":{"self":[{"href":"https:\/\/www.meydan.tv\/az\/wp-json\/wp\/v2\/posts\/261904","targetHints":{"allow":["GET"]}}],"collection":[{"href":"https:\/\/www.meydan.tv\/az\/wp-json\/wp\/v2\/posts"}],"about":[{"href":"https:\/\/www.meydan.tv\/az\/wp-json\/wp\/v2\/types\/post"}],"author":[{"embeddable":true,"href":"https:\/\/www.meydan.tv\/az\/wp-json\/wp\/v2\/users\/8"}],"replies":[{"embeddable":true,"href":"https:\/\/www.meydan.tv\/az\/wp-json\/wp\/v2\/comments?post=261904"}],"version-history":[{"count":1,"href":"https:\/\/www.meydan.tv\/az\/wp-json\/wp\/v2\/posts\/261904\/revisions"}],"predecessor-version":[{"id":261908,"href":"https:\/\/www.meydan.tv\/az\/wp-json\/wp\/v2\/posts\/261904\/revisions\/261908"}],"wp:featuredmedia":[{"embeddable":true,"href":"https:\/\/www.meydan.tv\/az\/wp-json\/wp\/v2\/media\/261892"}],"wp:attachment":[{"href":"https:\/\/www.meydan.tv\/az\/wp-json\/wp\/v2\/media?parent=261904"}],"wp:term":[{"taxonomy":"category","embeddable":true,"href":"https:\/\/www.meydan.tv\/az\/wp-json\/wp\/v2\/categories?post=261904"},{"taxonomy":"post_tag","embeddable":true,"href":"https:\/\/www.meydan.tv\/az\/wp-json\/wp\/v2\/tags?post=261904"}],"curies":[{"name":"wp","href":"https:\/\/api.w.org\/{rel}","templated":true}]}}