{"id":261676,"date":"2022-11-24T15:28:27","date_gmt":"2022-11-24T11:28:27","guid":{"rendered":"https:\/\/www.meydan.tv\/?p=261676"},"modified":"2022-11-24T15:28:29","modified_gmt":"2022-11-24T11:28:29","slug":"v","status":"publish","type":"post","link":"https:\/\/www.meydan.tv\/az\/article\/v\/","title":{"rendered":"Zaqatala sakini: \u201cF\u0131nd\u0131q tingl\u0259rin\u0259 g\u00f6r\u0259 \u00fcnvanl\u0131 sosial yard\u0131m t\u0259yin etm\u0259dil\u0259r\u201d"},"content":{"rendered":"\n<p><br><\/p>\n\n\n\n<p><em>\u0130lah\u0259 H\u0259s\u0259nova g\u00fcz\u0259ran\u0131n a\u011f\u0131rl\u0131\u011f\u0131ndan dan\u0131\u015f\u0131r<\/em><\/p>\n\n\n\n<p>\u201cG\u0259lib baxd\u0131lar, dedil\u0259r, pay torpa\u011f\u0131n\u0131z, f\u0131nd\u0131q tingl\u0259riniz var. Dedim, onlar t\u0259z\u0259 \u0259kilib, h\u0259l\u0259 he\u00e7 bar verm\u0259yib. \u00dcst\u0259lik, o a\u011faclar\u0131 suvarma\u011fa su da yoxdur. \u018fkmi\u015fik, quruyub \u0259ld\u0259n gedir. Getdil\u0259r, bir m\u00fcdd\u0259td\u0259n sonra \u00fcnvanl\u0131 sosial yard\u0131m t\u0259yin edilm\u0259sind\u0259n imtina cavab\u0131 g\u00f6nd\u0259rdil\u0259r\u201d.<\/p>\n\n\n\n<p>Bunu Meydan TV-y\u0259 Zaqatalan\u0131n B\u0259hm\u0259tli k\u0259nd sakini \u0130lah\u0259 H\u0259s\u0259nova deyir.<\/p>\n\n\n\n<p>\u201cQon\u015fular\u0131m olmasa, ac\u0131ndan \u00f6l\u0259rik\u201d<\/p>\n\n\n\n<p>Ail\u0259 ba\u015f\u00e7\u0131s\u0131 R\u0259\u015fad H\u00fcseynov x\u0259st\u0259lik s\u0259b\u0259bind\u0259n \u0259m\u0259k f\u0259aliyy\u0259ti il\u0259 m\u0259\u015f\u011ful ola bilmir. \u0130lah\u0259 xan\u0131m h\u0259m ona, h\u0259m d\u0259 daim sa\u011flaml\u0131qlar\u0131nda probleml\u0259r olan \u00f6vladlar\u0131na bax\u0131r dey\u0259, o da i\u015fl\u0259y\u0259 bilmir. N\u0259tic\u0259d\u0259 ail\u0259 maddi b\u00f6hran ke\u00e7irir, dolan\u0131\u015f\u0131\u011fa qon\u015fular yard\u0131m\u00e7\u0131 olur. \u0130lah\u0259 xan\u0131m deyir, n\u0259 yax\u015f\u0131 ki, onlar var:<br>\u201cQon\u015fular\u0131m olmasa, ac\u0131ndan \u00f6l\u0259rik. Ham\u0131 bir-birini doland\u0131r\u0131r. D\u00f6vl\u0259t baba \u0259lini qoyub \u0259linin \u00fcst\u00fcn\u0259, tama\u015fa edir. G\u00f6zl\u0259yir ki, qon\u015funun, qohumun \u00e7\u00f6r\u0259yi il\u0259, geyimi il\u0259 b\u00f6y\u00fcy\u0259n iki \u00f6vlad\u0131m 18 ya\u015f\u0131na \u00e7ats\u0131n, g\u0259lib, \u0259limd\u0259n al\u0131b apar\u0131b, odun i\u00e7\u0259rsin\u0259 ats\u0131n, sonra da g\u0259tirib tabutunu qap\u0131ya qoyub, qa\u00e7s\u0131n\u201d.<\/p>\n\n\n\n<p>\u0130lah\u0259 xan\u0131m imkan tapan kimi Zaqatalan\u0131n f\u0131nd\u0131q sovxozlar\u0131na gedir, f\u0131nd\u0131q toplay\u0131r. Ancaq bu da h\u0259mi\u015f\u0259 olmur:<br>\u201cM\u00f6vs\u00fcmi i\u015fdir, bir ay, iki ay\u2026 Qazanc da ayl\u0131q 150-180 manat aras\u0131 olur. Pulu ordan al\u0131b y\u0131\u011f\u0131lan i\u015f\u0131\u011f\u0131n, odunun borcunu qaytar\u0131ram. Daimi i\u015fl\u0259m\u0259k imkan\u0131m yoxdur, h\u0259yat yolda\u015f\u0131m s\u0259rb\u0259st h\u0259r\u0259k\u0259t ed\u0259 bilmir, u\u015faqlarsa biri 6, o biri 11-ci sinifd\u0259dir.<\/p>\n\n\n\n<p>\u201cS\u0259n\u0259d toplamaqdan cana doymu\u015fam\u201d<\/p>\n\n\n\n<p>\u0130lah\u0259 xan\u0131m\u0131n s\u00f6zl\u0259rin\u0259 g\u00f6r\u0259, h\u0259yat yolda\u015f\u0131n\u0131n x\u0259st\u0259lik s\u0259n\u0259dl\u0259rini v\u0259 laz\u0131m olan dig\u0259r s\u0259n\u0259dl\u0259ri t\u0259qdim ets\u0259l\u0259r d\u0259, s\u0259n\u0259dl\u0259rin m\u00fcdd\u0259tinin \u00f6td\u00fcy\u00fcn\u00fc s\u0259b\u0259b g\u0259tir\u0259r\u0259k \u00f6zl\u0259rin\u0259 qaytar\u0131blar:<br>\u201cS\u0259n\u0259di toplay\u0131rsan, o q\u0259d\u0259r l\u0259ngidirl\u0259r ki, sonra da at\u0131rlar \u00fcst\u00fcn\u0259 ki, vaxt\u0131 ke\u00e7ib, get t\u0259z\u0259l\u0259\u2026 Sonra yen\u0259 aylarla o h\u0259kimd\u0259n ke\u00e7, bu h\u0259kimd\u0259n ke\u00e7, z\u00fclml\u0259 s\u0259n\u0259d toplama\u011fa ba\u015flay\u0131rsan, n\u0259tic\u0259d\u0259 yen\u0259 d\u0259 eyni \u015fey ba\u015f verir\u201d.<\/p>\n\n\n\n<p>Ail\u0259 \u00fcnvanl\u0131 sosial yard\u0131m \u00fc\u00e7\u00fcn d\u0259 m\u00fcraci\u0259t edib. Ox\u015far m\u00fcnasib\u0259tl\u0259 \u00fczl\u0259\u015fib. Xan\u0131m\u0131n dem\u0259sin\u0259 g\u00f6r\u0259, h\u0259r d\u0259f\u0259 bir \u0259t\u0259k s\u0259n\u0259d toplay\u0131b, n\u0259tic\u0259d\u0259 h\u0259yat yolda\u015f\u0131n\u0131n ad\u0131na olan pay torpa\u011f\u0131 v\u0259 \u00fcz\u0259rind\u0259ki f\u0131nd\u0131q tingl\u0259ri s\u0259b\u0259b g\u0259tiril\u0259r\u0259k \u00fcnvanl\u0131 sosial yard\u0131m\u0131n t\u0259yin olunmas\u0131ndan imtina cavab\u0131 verilib:<br>\u201cO pay torpa\u011f\u0131n\u0131n biz\u0259 he\u00e7 bir faydas\u0131 yoxdur. Ora he\u00e7 su da gedib \u00e7\u0131xm\u0131r. O torpaqda he\u00e7 vaxt \u0259kin i\u015fl\u0259ri apar\u0131lmay\u0131b, dediyim kimi, el\u0259 bir yerd\u0259dir ki, su yoxdur. Birc\u0259 bu yax\u0131nlarda tingl\u0259r \u0259kdik, onlar da quruyub \u0259ld\u0259n \u00e7\u0131x\u0131r\u201d.<\/p>\n\n\n\n<p>\u0130lah\u0259 H\u0259s\u0259nova h\u0259m h\u0259yat yolda\u015f\u0131n\u0131n \u0259lillik t\u0259yinat\u0131, h\u0259m d\u0259 \u00fcnvanl\u0131 sosial yard\u0131m \u00fc\u00e7\u00fcn s\u0259n\u0259d toplamaqdan v\u0259 h\u0259r d\u0259f\u0259 imtina cavab\u0131 almaqdan cana doydu\u011funu deyir.<\/p>\n\n\n\n<p>D\u00f6vl\u0259t Tibbi-Sosial Ekspertiza v\u0259 Reabilitasiya Agentliyind\u0259n Meydan TV-y\u0259 bildirilib ki, R\u0259\u015fad H\u00fcseynovun s\u0259n\u0259dl\u0259ri q\u0259bul edilib v\u0259 qiym\u0259tl\u0259ndirm\u0259 apar\u0131l\u0131r. N\u0259tic\u0259si bar\u0259d\u0259 v\u0259t\u0259nda\u015fa m\u0259lumat veril\u0259c\u0259k.<\/p>\n","protected":false},"excerpt":{"rendered":"<p>\u0130lah\u0259 H\u0259s\u0259nova g\u00fcz\u0259ran\u0131n a\u011f\u0131rl\u0131\u011f\u0131ndan dan\u0131\u015f\u0131r \u201cG\u0259lib baxd\u0131lar, dedil\u0259r, pay torpa\u011f\u0131n\u0131z, &#8230; <\/p>\n<p class=\"read-more-container\"><a title=\"Zaqatala sakini: \u201cF\u0131nd\u0131q tingl\u0259rin\u0259 g\u00f6r\u0259 \u00fcnvanl\u0131 sosial yard\u0131m t\u0259yin etm\u0259dil\u0259r\u201d\" class=\"read-more button\" href=\"https:\/\/www.meydan.tv\/az\/article\/v\/#more-261676\" aria-label=\"Read more about Zaqatala sakini: \u201cF\u0131nd\u0131q tingl\u0259rin\u0259 g\u00f6r\u0259 \u00fcnvanl\u0131 sosial yard\u0131m t\u0259yin etm\u0259dil\u0259r\u201d\">Davam\u0131<\/a><\/p>\n","protected":false},"author":8,"featured_media":261677,"comment_status":"closed","ping_status":"closed","sticky":false,"template":"","format":"standard","meta":{"_acf_changed":false,"_sitemap_exclude":false,"_sitemap_priority":"","_sitemap_frequency":"","footnotes":""},"categories":[60,56],"tags":[],"class_list":["post-261676","post","type-post","status-publish","format-standard","has-post-thumbnail","hentry","category-bolge","category-xeberler","infinite-scroll-item","generate-columns","tablet-grid-50","mobile-grid-100","grid-parent","grid-33","no-featured-image-padding"],"acf":[],"yoast_head":"<!-- This site is optimized with the Yoast SEO plugin v27.5 - https:\/\/yoast.com\/product\/yoast-seo-wordpress\/ -->\n<title>Zaqatala sakini: \u201cF\u0131nd\u0131q tingl\u0259rin\u0259 g\u00f6r\u0259 \u00fcnvanl\u0131 sosial yard\u0131m t\u0259yin etm\u0259dil\u0259r\u201d - MEYDAN.TV<\/title>\n<meta name=\"robots\" content=\"index, follow, max-snippet:-1, max-image-preview:large, max-video-preview:-1\" \/>\n<link rel=\"canonical\" href=\"https:\/\/www.meydan.tv\/az\/article\/v\/\" \/>\n<meta property=\"og:locale\" content=\"az_AZ\" \/>\n<meta property=\"og:type\" content=\"article\" \/>\n<meta property=\"og:title\" content=\"Zaqatala sakini: \u201cF\u0131nd\u0131q tingl\u0259rin\u0259 g\u00f6r\u0259 \u00fcnvanl\u0131 sosial yard\u0131m t\u0259yin etm\u0259dil\u0259r\u201d - MEYDAN.TV\" \/>\n<meta property=\"og:description\" content=\"\u0130lah\u0259 H\u0259s\u0259nova g\u00fcz\u0259ran\u0131n a\u011f\u0131rl\u0131\u011f\u0131ndan dan\u0131\u015f\u0131r \u201cG\u0259lib baxd\u0131lar, dedil\u0259r, pay torpa\u011f\u0131n\u0131z, ... Davam\u0131\" \/>\n<meta property=\"og:url\" content=\"https:\/\/www.meydan.tv\/az\/article\/v\/\" \/>\n<meta property=\"og:site_name\" content=\"MEYDAN.TV\" \/>\n<meta property=\"article:published_time\" content=\"2022-11-24T11:28:27+00:00\" \/>\n<meta property=\"article:modified_time\" content=\"2022-11-24T11:28:29+00:00\" \/>\n<meta property=\"og:image\" content=\"https:\/\/www.meydan.tv\/wp-content\/uploads\/15543660143810250454_1000x669.jpg\" \/>\n\t<meta property=\"og:image:width\" content=\"1200\" \/>\n\t<meta property=\"og:image:height\" content=\"799\" \/>\n\t<meta property=\"og:image:type\" content=\"image\/jpeg\" \/>\n<meta name=\"author\" content=\"elli\" \/>\n<meta name=\"twitter:card\" content=\"summary_large_image\" \/>\n<meta name=\"twitter:creator\" content=\"@elli\" \/>\n<script type=\"application\/ld+json\" class=\"yoast-schema-graph\">{\"@context\":\"https:\\\/\\\/schema.org\",\"@graph\":[{\"@type\":\"Article\",\"@id\":\"https:\\\/\\\/www.meydan.tv\\\/az\\\/article\\\/v\\\/#article\",\"isPartOf\":{\"@id\":\"https:\\\/\\\/www.meydan.tv\\\/az\\\/article\\\/v\\\/\"},\"author\":{\"name\":\"elli\",\"@id\":\"https:\\\/\\\/www.meydan.tv\\\/az\\\/#\\\/schema\\\/person\\\/9cdbecf90d17180ce1dfbd95b08dcf47\"},\"headline\":\"Zaqatala sakini: \u201cF\u0131nd\u0131q tingl\u0259rin\u0259 g\u00f6r\u0259 \u00fcnvanl\u0131 sosial yard\u0131m t\u0259yin etm\u0259dil\u0259r\u201d\",\"datePublished\":\"2022-11-24T11:28:27+00:00\",\"dateModified\":\"2022-11-24T11:28:29+00:00\",\"mainEntityOfPage\":{\"@id\":\"https:\\\/\\\/www.meydan.tv\\\/az\\\/article\\\/v\\\/\"},\"wordCount\":689,\"publisher\":{\"@id\":\"https:\\\/\\\/www.meydan.tv\\\/az\\\/#organization\"},\"image\":{\"@id\":\"https:\\\/\\\/www.meydan.tv\\\/az\\\/article\\\/v\\\/#primaryimage\"},\"thumbnailUrl\":\"https:\\\/\\\/www.meydan.tv\\\/wp-content\\\/uploads\\\/15543660143810250454_1000x669.jpg\",\"articleSection\":[\"B\u00f6lg\u0259\",\"X\u0259b\u0259rl\u0259r\"],\"inLanguage\":\"az\"},{\"@type\":\"WebPage\",\"@id\":\"https:\\\/\\\/www.meydan.tv\\\/az\\\/article\\\/v\\\/\",\"url\":\"https:\\\/\\\/www.meydan.tv\\\/az\\\/article\\\/v\\\/\",\"name\":\"Zaqatala sakini: \u201cF\u0131nd\u0131q tingl\u0259rin\u0259 g\u00f6r\u0259 \u00fcnvanl\u0131 sosial yard\u0131m t\u0259yin etm\u0259dil\u0259r\u201d - MEYDAN.TV\",\"isPartOf\":{\"@id\":\"https:\\\/\\\/www.meydan.tv\\\/az\\\/#website\"},\"primaryImageOfPage\":{\"@id\":\"https:\\\/\\\/www.meydan.tv\\\/az\\\/article\\\/v\\\/#primaryimage\"},\"image\":{\"@id\":\"https:\\\/\\\/www.meydan.tv\\\/az\\\/article\\\/v\\\/#primaryimage\"},\"thumbnailUrl\":\"https:\\\/\\\/www.meydan.tv\\\/wp-content\\\/uploads\\\/15543660143810250454_1000x669.jpg\",\"datePublished\":\"2022-11-24T11:28:27+00:00\",\"dateModified\":\"2022-11-24T11:28:29+00:00\",\"breadcrumb\":{\"@id\":\"https:\\\/\\\/www.meydan.tv\\\/az\\\/article\\\/v\\\/#breadcrumb\"},\"inLanguage\":\"az\",\"potentialAction\":[{\"@type\":\"ReadAction\",\"target\":[\"https:\\\/\\\/www.meydan.tv\\\/az\\\/article\\\/v\\\/\"]}]},{\"@type\":\"ImageObject\",\"inLanguage\":\"az\",\"@id\":\"https:\\\/\\\/www.meydan.tv\\\/az\\\/article\\\/v\\\/#primaryimage\",\"url\":\"https:\\\/\\\/www.meydan.tv\\\/wp-content\\\/uploads\\\/15543660143810250454_1000x669.jpg\",\"contentUrl\":\"https:\\\/\\\/www.meydan.tv\\\/wp-content\\\/uploads\\\/15543660143810250454_1000x669.jpg\",\"width\":1200,\"height\":799,\"caption\":\"F\u0131nd\u0131q. Foto: Az\u0259rtac\"},{\"@type\":\"BreadcrumbList\",\"@id\":\"https:\\\/\\\/www.meydan.tv\\\/az\\\/article\\\/v\\\/#breadcrumb\",\"itemListElement\":[{\"@type\":\"ListItem\",\"position\":1,\"name\":\"Ana s\u0259hif\u0259\",\"item\":\"https:\\\/\\\/www.meydan.tv\\\/az\\\/\"},{\"@type\":\"ListItem\",\"position\":2,\"name\":\"B\u00f6lg\u0259\",\"item\":\"https:\\\/\\\/www.meydan.tv\\\/az\\\/section\\\/bolge\\\/\"},{\"@type\":\"ListItem\",\"position\":3,\"name\":\"Zaqatala sakini: \u201cF\u0131nd\u0131q tingl\u0259rin\u0259 g\u00f6r\u0259 \u00fcnvanl\u0131 sosial yard\u0131m t\u0259yin etm\u0259dil\u0259r\u201d\"}]},{\"@type\":\"WebSite\",\"@id\":\"https:\\\/\\\/www.meydan.tv\\\/az\\\/#website\",\"url\":\"https:\\\/\\\/www.meydan.tv\\\/az\\\/\",\"name\":\"MEYDAN.TV\",\"description\":\"Meydan TV Az\u0259rbaycan\u0131n media m\u0259kan\u0131ndak\u0131 alternativ s\u0259sidir\",\"publisher\":{\"@id\":\"https:\\\/\\\/www.meydan.tv\\\/az\\\/#organization\"},\"potentialAction\":[{\"@type\":\"SearchAction\",\"target\":{\"@type\":\"EntryPoint\",\"urlTemplate\":\"https:\\\/\\\/www.meydan.tv\\\/az\\\/?s={search_term_string}\"},\"query-input\":{\"@type\":\"PropertyValueSpecification\",\"valueRequired\":true,\"valueName\":\"search_term_string\"}}],\"inLanguage\":\"az\"},{\"@type\":\"Organization\",\"@id\":\"https:\\\/\\\/www.meydan.tv\\\/az\\\/#organization\",\"name\":\"Meydan TV\",\"url\":\"https:\\\/\\\/www.meydan.tv\\\/az\\\/\",\"logo\":{\"@type\":\"ImageObject\",\"inLanguage\":\"az\",\"@id\":\"https:\\\/\\\/www.meydan.tv\\\/az\\\/#\\\/schema\\\/logo\\\/image\\\/\",\"url\":\"https:\\\/\\\/www.meydan.tv\\\/wp-content\\\/uploads\\\/2021\\\/07\\\/meydan-logo.svg\",\"contentUrl\":\"https:\\\/\\\/www.meydan.tv\\\/wp-content\\\/uploads\\\/2021\\\/07\\\/meydan-logo.svg\",\"width\":195,\"height\":46,\"caption\":\"Meydan TV\"},\"image\":{\"@id\":\"https:\\\/\\\/www.meydan.tv\\\/az\\\/#\\\/schema\\\/logo\\\/image\\\/\"}},{\"@type\":\"Person\",\"@id\":\"https:\\\/\\\/www.meydan.tv\\\/az\\\/#\\\/schema\\\/person\\\/9cdbecf90d17180ce1dfbd95b08dcf47\",\"name\":\"elli\",\"sameAs\":[\"https:\\\/\\\/x.com\\\/elli\"]}]}<\/script>\n<!-- \/ Yoast SEO plugin. -->","yoast_head_json":{"title":"Zaqatala sakini: \u201cF\u0131nd\u0131q tingl\u0259rin\u0259 g\u00f6r\u0259 \u00fcnvanl\u0131 sosial yard\u0131m t\u0259yin etm\u0259dil\u0259r\u201d - MEYDAN.TV","robots":{"index":"index","follow":"follow","max-snippet":"max-snippet:-1","max-image-preview":"max-image-preview:large","max-video-preview":"max-video-preview:-1"},"canonical":"https:\/\/www.meydan.tv\/az\/article\/v\/","og_locale":"az_AZ","og_type":"article","og_title":"Zaqatala sakini: \u201cF\u0131nd\u0131q tingl\u0259rin\u0259 g\u00f6r\u0259 \u00fcnvanl\u0131 sosial yard\u0131m t\u0259yin etm\u0259dil\u0259r\u201d - MEYDAN.TV","og_description":"\u0130lah\u0259 H\u0259s\u0259nova g\u00fcz\u0259ran\u0131n a\u011f\u0131rl\u0131\u011f\u0131ndan dan\u0131\u015f\u0131r \u201cG\u0259lib baxd\u0131lar, dedil\u0259r, pay torpa\u011f\u0131n\u0131z, ... Davam\u0131","og_url":"https:\/\/www.meydan.tv\/az\/article\/v\/","og_site_name":"MEYDAN.TV","article_published_time":"2022-11-24T11:28:27+00:00","article_modified_time":"2022-11-24T11:28:29+00:00","og_image":[{"width":1200,"height":799,"url":"https:\/\/www.meydan.tv\/wp-content\/uploads\/15543660143810250454_1000x669.jpg","type":"image\/jpeg"}],"author":"elli","twitter_card":"summary_large_image","twitter_creator":"@elli","schema":{"@context":"https:\/\/schema.org","@graph":[{"@type":"Article","@id":"https:\/\/www.meydan.tv\/az\/article\/v\/#article","isPartOf":{"@id":"https:\/\/www.meydan.tv\/az\/article\/v\/"},"author":{"name":"elli","@id":"https:\/\/www.meydan.tv\/az\/#\/schema\/person\/9cdbecf90d17180ce1dfbd95b08dcf47"},"headline":"Zaqatala sakini: \u201cF\u0131nd\u0131q tingl\u0259rin\u0259 g\u00f6r\u0259 \u00fcnvanl\u0131 sosial yard\u0131m t\u0259yin etm\u0259dil\u0259r\u201d","datePublished":"2022-11-24T11:28:27+00:00","dateModified":"2022-11-24T11:28:29+00:00","mainEntityOfPage":{"@id":"https:\/\/www.meydan.tv\/az\/article\/v\/"},"wordCount":689,"publisher":{"@id":"https:\/\/www.meydan.tv\/az\/#organization"},"image":{"@id":"https:\/\/www.meydan.tv\/az\/article\/v\/#primaryimage"},"thumbnailUrl":"https:\/\/www.meydan.tv\/wp-content\/uploads\/15543660143810250454_1000x669.jpg","articleSection":["B\u00f6lg\u0259","X\u0259b\u0259rl\u0259r"],"inLanguage":"az"},{"@type":"WebPage","@id":"https:\/\/www.meydan.tv\/az\/article\/v\/","url":"https:\/\/www.meydan.tv\/az\/article\/v\/","name":"Zaqatala sakini: \u201cF\u0131nd\u0131q tingl\u0259rin\u0259 g\u00f6r\u0259 \u00fcnvanl\u0131 sosial yard\u0131m t\u0259yin etm\u0259dil\u0259r\u201d - MEYDAN.TV","isPartOf":{"@id":"https:\/\/www.meydan.tv\/az\/#website"},"primaryImageOfPage":{"@id":"https:\/\/www.meydan.tv\/az\/article\/v\/#primaryimage"},"image":{"@id":"https:\/\/www.meydan.tv\/az\/article\/v\/#primaryimage"},"thumbnailUrl":"https:\/\/www.meydan.tv\/wp-content\/uploads\/15543660143810250454_1000x669.jpg","datePublished":"2022-11-24T11:28:27+00:00","dateModified":"2022-11-24T11:28:29+00:00","breadcrumb":{"@id":"https:\/\/www.meydan.tv\/az\/article\/v\/#breadcrumb"},"inLanguage":"az","potentialAction":[{"@type":"ReadAction","target":["https:\/\/www.meydan.tv\/az\/article\/v\/"]}]},{"@type":"ImageObject","inLanguage":"az","@id":"https:\/\/www.meydan.tv\/az\/article\/v\/#primaryimage","url":"https:\/\/www.meydan.tv\/wp-content\/uploads\/15543660143810250454_1000x669.jpg","contentUrl":"https:\/\/www.meydan.tv\/wp-content\/uploads\/15543660143810250454_1000x669.jpg","width":1200,"height":799,"caption":"F\u0131nd\u0131q. Foto: Az\u0259rtac"},{"@type":"BreadcrumbList","@id":"https:\/\/www.meydan.tv\/az\/article\/v\/#breadcrumb","itemListElement":[{"@type":"ListItem","position":1,"name":"Ana s\u0259hif\u0259","item":"https:\/\/www.meydan.tv\/az\/"},{"@type":"ListItem","position":2,"name":"B\u00f6lg\u0259","item":"https:\/\/www.meydan.tv\/az\/section\/bolge\/"},{"@type":"ListItem","position":3,"name":"Zaqatala sakini: \u201cF\u0131nd\u0131q tingl\u0259rin\u0259 g\u00f6r\u0259 \u00fcnvanl\u0131 sosial yard\u0131m t\u0259yin etm\u0259dil\u0259r\u201d"}]},{"@type":"WebSite","@id":"https:\/\/www.meydan.tv\/az\/#website","url":"https:\/\/www.meydan.tv\/az\/","name":"MEYDAN.TV","description":"Meydan TV Az\u0259rbaycan\u0131n media m\u0259kan\u0131ndak\u0131 alternativ s\u0259sidir","publisher":{"@id":"https:\/\/www.meydan.tv\/az\/#organization"},"potentialAction":[{"@type":"SearchAction","target":{"@type":"EntryPoint","urlTemplate":"https:\/\/www.meydan.tv\/az\/?s={search_term_string}"},"query-input":{"@type":"PropertyValueSpecification","valueRequired":true,"valueName":"search_term_string"}}],"inLanguage":"az"},{"@type":"Organization","@id":"https:\/\/www.meydan.tv\/az\/#organization","name":"Meydan TV","url":"https:\/\/www.meydan.tv\/az\/","logo":{"@type":"ImageObject","inLanguage":"az","@id":"https:\/\/www.meydan.tv\/az\/#\/schema\/logo\/image\/","url":"https:\/\/www.meydan.tv\/wp-content\/uploads\/2021\/07\/meydan-logo.svg","contentUrl":"https:\/\/www.meydan.tv\/wp-content\/uploads\/2021\/07\/meydan-logo.svg","width":195,"height":46,"caption":"Meydan TV"},"image":{"@id":"https:\/\/www.meydan.tv\/az\/#\/schema\/logo\/image\/"}},{"@type":"Person","@id":"https:\/\/www.meydan.tv\/az\/#\/schema\/person\/9cdbecf90d17180ce1dfbd95b08dcf47","name":"elli","sameAs":["https:\/\/x.com\/elli"]}]}},"_links":{"self":[{"href":"https:\/\/www.meydan.tv\/az\/wp-json\/wp\/v2\/posts\/261676","targetHints":{"allow":["GET"]}}],"collection":[{"href":"https:\/\/www.meydan.tv\/az\/wp-json\/wp\/v2\/posts"}],"about":[{"href":"https:\/\/www.meydan.tv\/az\/wp-json\/wp\/v2\/types\/post"}],"author":[{"embeddable":true,"href":"https:\/\/www.meydan.tv\/az\/wp-json\/wp\/v2\/users\/8"}],"replies":[{"embeddable":true,"href":"https:\/\/www.meydan.tv\/az\/wp-json\/wp\/v2\/comments?post=261676"}],"version-history":[{"count":2,"href":"https:\/\/www.meydan.tv\/az\/wp-json\/wp\/v2\/posts\/261676\/revisions"}],"predecessor-version":[{"id":261681,"href":"https:\/\/www.meydan.tv\/az\/wp-json\/wp\/v2\/posts\/261676\/revisions\/261681"}],"wp:featuredmedia":[{"embeddable":true,"href":"https:\/\/www.meydan.tv\/az\/wp-json\/wp\/v2\/media\/261677"}],"wp:attachment":[{"href":"https:\/\/www.meydan.tv\/az\/wp-json\/wp\/v2\/media?parent=261676"}],"wp:term":[{"taxonomy":"category","embeddable":true,"href":"https:\/\/www.meydan.tv\/az\/wp-json\/wp\/v2\/categories?post=261676"},{"taxonomy":"post_tag","embeddable":true,"href":"https:\/\/www.meydan.tv\/az\/wp-json\/wp\/v2\/tags?post=261676"}],"curies":[{"name":"wp","href":"https:\/\/api.w.org\/{rel}","templated":true}]}}