{"id":261659,"date":"2022-11-24T14:15:08","date_gmt":"2022-11-24T10:15:08","guid":{"rendered":"https:\/\/www.meydan.tv\/?p=261659"},"modified":"2022-11-24T14:15:16","modified_gmt":"2022-11-24T10:15:16","slug":"icra-numayendesi-mal-qarasini-pay-torpaqlarimizda-otarir","status":"publish","type":"post","link":"https:\/\/www.meydan.tv\/az\/article\/icra-numayendesi-mal-qarasini-pay-torpaqlarimizda-otarir\/","title":{"rendered":"\u201c\u0130cra n\u00fcmay\u0259nd\u0259si mal-qaras\u0131n\u0131 pay torpaqlar\u0131m\u0131zda otar\u0131r\u201d"},"content":{"rendered":"\n<p><\/p>\n\n\n\n<p><em>\u015e\u0259ki sakini probleminin h\u0259ll olunmad\u0131\u011f\u0131n\u0131 deyir<\/em><br><\/p>\n\n\n\n<p>\u201cOnu bu v\u0259zif\u0259y\u0259 \u015f\u0259hid ail\u0259l\u0259rinin, \u0259lill\u0259rin pay torpaqlar\u0131nda \u00f6zba\u015fnal\u0131q edib mal-qara otarmas\u0131 \u00fc\u00e7\u00fcn yox, k\u0259ndd\u0259 camaat\u0131n\u0131n probleml\u0259riyl\u0259 m\u0259\u015f\u011ful olmaqdan \u00f6tr\u00fc t\u0259yin edibl\u0259r. T\u0259l\u0259b edirik ki, bu d\u00f6vl\u0259t m\u0259murunun 120 ba\u015f iribuynuzlu, 340 ba\u015f x\u0131rdabuynuzlu mal-qaraya hans\u0131 yolla sahib oldu\u011fu da ara\u015fd\u0131r\u0131ls\u0131n\u201d.<\/p>\n\n\n\n<p>\u015e\u0259kinin A\u015fa\u011f\u0131 G\u00f6yn\u00fck k\u0259nd sakini Sadiq \u018fbd\u00fcr\u0259himov Meydan TV-y\u0259 dan\u0131\u015f\u0131r ki, ail\u0259 \u00fczvl\u0259rin\u0259 (9 n\u0259f\u0259r) \u201cDa\u015fl\u0131 girm\u0259\u201d deyil\u0259n \u0259razid\u0259 verilmi\u015f v\u0259 \u00fcmumi sah\u0259si 5 hektar olan torpaq sah\u0259si z\u0259bt olunub. V\u0259t\u0259nda\u015f\u0131n s\u00f6zl\u0259rin\u0259 g\u00f6r\u0259, 4,5 hektar sah\u0259d\u0259 yonca \u0259kib, 50 sot sah\u0259d\u0259 qoz ba\u011f\u0131 sal\u0131b. Uzun m\u00fcdd\u0259tdir ki, k\u0259ndd\u0259n 70 kilometr aral\u0131da olan Qayaba\u015f\u0131 k\u0259ndinin icra n\u00fcmay\u0259nd\u0259si Cabir H\u0259sr\u0259tli bu \u015f\u0259hid ail\u0259sin\u0259 v\u0259 dig\u0259r k\u0259nd sakinl\u0259rin\u0259 \u0259kin \u00fc\u00e7\u00fcn d\u00f6vl\u0259t t\u0259r\u0259find\u0259n verilmi\u015f pay torpa\u011f\u0131nda \u00f6z iri v\u0259 x\u0131rdabuynuzlu heyvanlar\u0131n\u0131 otar\u0131r. <\/p>\n\n\n\n<p>K\u0259ndlil\u0259r k\u00fctl\u0259vi \u015f\u0259kild\u0259 \u015fikay\u0259tl\u0259r ets\u0259l\u0259r d\u0259, n\u0259tic\u0259si yoxdur. \u00d6t\u0259n il k\u0259ndlil\u0259r y\u0131\u011f\u0131\u015f\u0131b heyvanlar\u0131 torpaqlar\u0131ndan \u015e\u0259ki-Qax magistral yoluna \u00e7\u0131xar\u0131blar v\u0259 bu yolla etiraz edibl\u0259r.<\/p>\n\n\n<div class=\"wp-block-image\">\n<figure class=\"alignleft size-large is-resized\"><img decoding=\"async\" data-src=\"https:\/\/www.meydan.tv\/wp-content\/uploads\/photo-2022-11-23-15-58-04-616x821.jpg\" alt=\"\" class=\"wp-image-261663 lazyload\" width=\"395\" height=\"527\" src=\"data:image\/svg+xml;base64,PHN2ZyB3aWR0aD0iMSIgaGVpZ2h0PSIxIiB4bWxucz0iaHR0cDovL3d3dy53My5vcmcvMjAwMC9zdmciPjwvc3ZnPg==\" style=\"--smush-placeholder-width: 395px; --smush-placeholder-aspect-ratio: 395\/527;\" \/><\/figure>\n<\/div>\n\n\n<p>Sadiq \u018fbd\u00fcr\u0259himovun s\u00f6zl\u0259rin\u0259 g\u00f6r\u0259, yaln\u0131z bundan sonra onun Daxili \u0130\u015fl\u0259r Nazirliyin\u0259 yazd\u0131\u011f\u0131 \u015fikay\u0259t\u0259 reaksiya verilib. \u018friz\u0259si \u015e\u0259ki Rayon Polis \u015e\u00f6b\u0259sin\u0259 g\u00f6nd\u0259rilib.<\/p>\n\n\n\n<p>Sadiq \u018fbd\u00fcr\u0259himov deyir, ara\u015fd\u0131rman\u0131 aparan polis i\u015f\u00e7isi seyfd\u0259n 600 manat \u00e7\u0131xararaq ona verib v\u0259 deyib ki, Cabir H\u0259sr\u0259tli bunu d\u0259ymi\u015f z\u0259r\u0259rin \u0259v\u0259zi olaraq \u00f6d\u0259yir. Ancaq bununla da m\u0259s\u0259l\u0259 bitm\u0259yib. \u0130cra n\u00fcmay\u0259nd\u0259sinin heyvanlar\u0131 onun ail\u0259sin\u0259 m\u0259xsus torpaqda otar\u0131lmas\u0131n\u0131n qar\u015f\u0131s\u0131 al\u0131nmay\u0131b:<\/p>\n\n\n\n<p>\u201cAdam bu i\u015fi o q\u0259d\u0259r s\u0259rb\u0259st \u015f\u0259kild\u0259 g\u00f6r\u00fcr ki, sanki \u00f6z d\u0259d\u0259-baba torpa\u011f\u0131ndad\u0131r. Ba\u015fa sala bilmirik ki, bu torpaqlar \u00f6z\u0259ldir, \u00f6r\u00fc\u015f sah\u0259si deyil, \u0259kin \u00fc\u00e7\u00fcn pay torpaqlar\u0131d\u0131r, sahibi var\u201d.<\/p>\n\n\n\n<p>Bu ilin sentyabr\u0131nda Sadiq \u018fbd\u00fcr\u0259himov \u015e\u0259ki \u015e\u0259h\u0259r \u0130cra Hakimiyy\u0259tinin ba\u015f\u00e7\u0131s\u0131n\u0131n q\u0259buluna da gedib. \u0130cra ba\u015f\u00e7\u0131s\u0131 ona deyib ki, bu i\u015fl\u0259rl\u0259 polis m\u0259\u015f\u011ful olur:<\/p>\n\n\n\n<p>\u201cM\u0259n yen\u0259 rayon polisin\u0259 \u015fikay\u0259t etdim. \u00c7oban\u0131 c\u0259rim\u0259l\u0259dil\u0259r, ancaq yen\u0259 d\u0259 heyvanlar torpaqlar\u0131m\u0131zda otar\u0131l\u0131r. M\u0259n bir \u015f\u0259hid ail\u0259si olaraq burdan \u00fcz\u00fcm\u00fc d\u00f6vl\u0259tin ba\u015f\u00e7\u0131s\u0131na tuturam v\u0259 deyir\u0259m, bu boyda rayon, bu boyda d\u00f6vl\u0259t bir k\u0259ndin icra n\u00fcmay\u0259nd\u0259si il\u0259 bacara bilmir. B\u0259lk\u0259 \u00f6lk\u0259nin ba\u015f\u00e7\u0131s\u0131 bu i\u015f\u0259 qar\u0131\u015f\u0131b bu icra n\u00fcmay\u0259nd\u0259sin\u0259 desin ki, \u015f\u0259hid v\u0259 qazi ail\u0259l\u0259rin\u0259 qar\u015f\u0131 bu boyda \u00f6zba\u015fnal\u0131q etm\u0259k olmaz? \u0130mkan versin, bu g\u00fcn\u0259 q\u0259d\u0259r d\u00f6vl\u0259td\u0259n he\u00e7 bir imtiyaz g\u00f6rm\u0259y\u0259n bir \u015f\u0259hid ail\u0259si olaraq \u00f6z torpa\u011f\u0131m\u0131z\u0131 \u0259kib, ba\u015f\u0131m\u0131z\u0131 doland\u0131raq. X\u0259rc \u00e7\u0259kib o torpaqda yonca bec\u0259rmi\u015fik ki, heyvandarl\u0131qla m\u0259\u015f\u011ful olub, ail\u0259mizi doland\u0131raq. \u0130cra n\u00fcmay\u0259nd\u0259sinin heyvanlar\u0131 yoncan\u0131 yeyib, bitirib\u201d.<\/p>\n\n\n\n<p>Meydan TV \u015e\u0259kinin Qayaba\u015f\u0131 k\u0259nd icra n\u00fcmay\u0259nd\u0259si Cabir H\u0259sr\u0259tli il\u0259 \u0259laq\u0259 yarada bilm\u0259yib. \u015e\u0259ki \u015e\u0259h\u0259r \u0130cra Hakimiyy\u0259tind\u0259n bildirilib ki, haz\u0131rda bel\u0259 bir problem yoxdur. V\u0259t\u0259nda\u015fa t\u00f6vsiy\u0259 edilib ki, bel\u0259 problem oldu\u011fu halda m\u0259hk\u0259m\u0259y\u0259 m\u00fcraci\u0259t etsin.<\/p>\n\n\n<div class=\"wp-block-image\">\n<figure class=\"alignright size-large is-resized\"><img decoding=\"async\" data-src=\"https:\/\/www.meydan.tv\/wp-content\/uploads\/photo-2022-11-23-15-58-04-1-616x821.jpg\" alt=\"\" class=\"wp-image-261660 lazyload\" width=\"414\" height=\"552\" src=\"data:image\/svg+xml;base64,PHN2ZyB3aWR0aD0iMSIgaGVpZ2h0PSIxIiB4bWxucz0iaHR0cDovL3d3dy53My5vcmcvMjAwMC9zdmciPjwvc3ZnPg==\" style=\"--smush-placeholder-width: 414px; --smush-placeholder-aspect-ratio: 414\/552;\" \/><\/figure>\n<\/div>\n\n\n<p>\u015e\u0259ki Rayon Polis \u015e\u00f6b\u0259sind\u0259n bildirilib ki, Sadiq \u018fbd\u00fcr\u0259himovun v\u0259 daha bir ne\u00e7\u0259 k\u0259nd sakininin eyni m\u0259zmunlu \u015fikay\u0259ti ara\u015fd\u0131r\u0131l\u0131b, qar\u015f\u0131 t\u0259r\u0259fin izahat\u0131 al\u0131n\u0131b. Bu \u015fikay\u0259t m\u0259hk\u0259m\u0259 predmeti oldu\u011funa g\u00f6r\u0259 polisd\u0259 cinay\u0259t i\u015fi qald\u0131r\u0131lmas\u0131 r\u0259dd edilib. V\u0259t\u0259nda\u015flara m\u0259hk\u0259m\u0259y\u0259 m\u00fcraci\u0259t etm\u0259l\u0259ri t\u00f6vsiy\u0259 edilib.<\/p>\n\n\n\n<p>Sadiq \u018fbd\u00fcr\u0259himovsa deyir, haz\u0131rda yonca olmad\u0131\u011f\u0131na g\u00f6r\u0259 mal-qaran\u0131n aya\u011f\u0131 da sah\u0259d\u0259n \u00e7\u0259kilib:<br>\u201cAncaq bu, m\u00fcv\u0259qq\u0259tidir, h\u0259r il bel\u0259 olur. M\u0259nim \u015fikay\u0259tim ona g\u00f6r\u0259dir ki, bu m\u0259s\u0259l\u0259y\u0259 h\u0259mi\u015f\u0259lik son qoyulsun\u201d.<\/p>\n","protected":false},"excerpt":{"rendered":"<p>\u015e\u0259ki sakini probleminin h\u0259ll olunmad\u0131\u011f\u0131n\u0131 deyir \u201cOnu bu v\u0259zif\u0259y\u0259 \u015f\u0259hid &#8230; <\/p>\n<p class=\"read-more-container\"><a title=\"\u201c\u0130cra n\u00fcmay\u0259nd\u0259si mal-qaras\u0131n\u0131 pay torpaqlar\u0131m\u0131zda otar\u0131r\u201d\" class=\"read-more button\" href=\"https:\/\/www.meydan.tv\/az\/article\/icra-numayendesi-mal-qarasini-pay-torpaqlarimizda-otarir\/#more-261659\" aria-label=\"Read more about \u201c\u0130cra n\u00fcmay\u0259nd\u0259si mal-qaras\u0131n\u0131 pay torpaqlar\u0131m\u0131zda otar\u0131r\u201d\">Davam\u0131<\/a><\/p>\n","protected":false},"author":8,"featured_media":261666,"comment_status":"closed","ping_status":"closed","sticky":false,"template":"","format":"standard","meta":{"_acf_changed":false,"_sitemap_exclude":false,"_sitemap_priority":"","_sitemap_frequency":"","footnotes":""},"categories":[60,56],"tags":[],"class_list":["post-261659","post","type-post","status-publish","format-standard","has-post-thumbnail","hentry","category-bolge","category-xeberler","infinite-scroll-item","generate-columns","tablet-grid-50","mobile-grid-100","grid-parent","grid-33","no-featured-image-padding"],"acf":[],"yoast_head":"<!-- This site is optimized with the Yoast SEO plugin v27.5 - https:\/\/yoast.com\/product\/yoast-seo-wordpress\/ -->\n<title>\u201c\u0130cra n\u00fcmay\u0259nd\u0259si mal-qaras\u0131n\u0131 pay torpaqlar\u0131m\u0131zda otar\u0131r\u201d - MEYDAN.TV<\/title>\n<meta name=\"robots\" content=\"index, follow, max-snippet:-1, max-image-preview:large, max-video-preview:-1\" \/>\n<link rel=\"canonical\" href=\"https:\/\/www.meydan.tv\/az\/article\/icra-numayendesi-mal-qarasini-pay-torpaqlarimizda-otarir\/\" \/>\n<meta property=\"og:locale\" content=\"az_AZ\" \/>\n<meta property=\"og:type\" content=\"article\" \/>\n<meta property=\"og:title\" content=\"\u201c\u0130cra n\u00fcmay\u0259nd\u0259si mal-qaras\u0131n\u0131 pay torpaqlar\u0131m\u0131zda otar\u0131r\u201d - MEYDAN.TV\" \/>\n<meta property=\"og:description\" content=\"\u015e\u0259ki sakini probleminin h\u0259ll olunmad\u0131\u011f\u0131n\u0131 deyir \u201cOnu bu v\u0259zif\u0259y\u0259 \u015f\u0259hid ... Davam\u0131\" \/>\n<meta property=\"og:url\" content=\"https:\/\/www.meydan.tv\/az\/article\/icra-numayendesi-mal-qarasini-pay-torpaqlarimizda-otarir\/\" \/>\n<meta property=\"og:site_name\" content=\"MEYDAN.TV\" \/>\n<meta property=\"article:published_time\" content=\"2022-11-24T10:15:08+00:00\" \/>\n<meta property=\"article:modified_time\" content=\"2022-11-24T10:15:16+00:00\" \/>\n<meta property=\"og:image\" content=\"https:\/\/www.meydan.tv\/wp-content\/uploads\/untitled-design-5-36.jpg\" \/>\n\t<meta property=\"og:image:width\" content=\"1200\" \/>\n\t<meta property=\"og:image:height\" content=\"800\" \/>\n\t<meta property=\"og:image:type\" content=\"image\/jpeg\" \/>\n<meta name=\"author\" content=\"elli\" \/>\n<meta name=\"twitter:card\" content=\"summary_large_image\" \/>\n<meta name=\"twitter:creator\" content=\"@elli\" \/>\n<script type=\"application\/ld+json\" class=\"yoast-schema-graph\">{\"@context\":\"https:\\\/\\\/schema.org\",\"@graph\":[{\"@type\":\"Article\",\"@id\":\"https:\\\/\\\/www.meydan.tv\\\/az\\\/article\\\/icra-numayendesi-mal-qarasini-pay-torpaqlarimizda-otarir\\\/#article\",\"isPartOf\":{\"@id\":\"https:\\\/\\\/www.meydan.tv\\\/az\\\/article\\\/icra-numayendesi-mal-qarasini-pay-torpaqlarimizda-otarir\\\/\"},\"author\":{\"name\":\"elli\",\"@id\":\"https:\\\/\\\/www.meydan.tv\\\/az\\\/#\\\/schema\\\/person\\\/9cdbecf90d17180ce1dfbd95b08dcf47\"},\"headline\":\"\u201c\u0130cra n\u00fcmay\u0259nd\u0259si mal-qaras\u0131n\u0131 pay torpaqlar\u0131m\u0131zda otar\u0131r\u201d\",\"datePublished\":\"2022-11-24T10:15:08+00:00\",\"dateModified\":\"2022-11-24T10:15:16+00:00\",\"mainEntityOfPage\":{\"@id\":\"https:\\\/\\\/www.meydan.tv\\\/az\\\/article\\\/icra-numayendesi-mal-qarasini-pay-torpaqlarimizda-otarir\\\/\"},\"wordCount\":766,\"publisher\":{\"@id\":\"https:\\\/\\\/www.meydan.tv\\\/az\\\/#organization\"},\"image\":{\"@id\":\"https:\\\/\\\/www.meydan.tv\\\/az\\\/article\\\/icra-numayendesi-mal-qarasini-pay-torpaqlarimizda-otarir\\\/#primaryimage\"},\"thumbnailUrl\":\"https:\\\/\\\/www.meydan.tv\\\/wp-content\\\/uploads\\\/untitled-design-5-36.jpg\",\"articleSection\":[\"B\u00f6lg\u0259\",\"X\u0259b\u0259rl\u0259r\"],\"inLanguage\":\"az\"},{\"@type\":\"WebPage\",\"@id\":\"https:\\\/\\\/www.meydan.tv\\\/az\\\/article\\\/icra-numayendesi-mal-qarasini-pay-torpaqlarimizda-otarir\\\/\",\"url\":\"https:\\\/\\\/www.meydan.tv\\\/az\\\/article\\\/icra-numayendesi-mal-qarasini-pay-torpaqlarimizda-otarir\\\/\",\"name\":\"\u201c\u0130cra n\u00fcmay\u0259nd\u0259si mal-qaras\u0131n\u0131 pay torpaqlar\u0131m\u0131zda otar\u0131r\u201d - MEYDAN.TV\",\"isPartOf\":{\"@id\":\"https:\\\/\\\/www.meydan.tv\\\/az\\\/#website\"},\"primaryImageOfPage\":{\"@id\":\"https:\\\/\\\/www.meydan.tv\\\/az\\\/article\\\/icra-numayendesi-mal-qarasini-pay-torpaqlarimizda-otarir\\\/#primaryimage\"},\"image\":{\"@id\":\"https:\\\/\\\/www.meydan.tv\\\/az\\\/article\\\/icra-numayendesi-mal-qarasini-pay-torpaqlarimizda-otarir\\\/#primaryimage\"},\"thumbnailUrl\":\"https:\\\/\\\/www.meydan.tv\\\/wp-content\\\/uploads\\\/untitled-design-5-36.jpg\",\"datePublished\":\"2022-11-24T10:15:08+00:00\",\"dateModified\":\"2022-11-24T10:15:16+00:00\",\"breadcrumb\":{\"@id\":\"https:\\\/\\\/www.meydan.tv\\\/az\\\/article\\\/icra-numayendesi-mal-qarasini-pay-torpaqlarimizda-otarir\\\/#breadcrumb\"},\"inLanguage\":\"az\",\"potentialAction\":[{\"@type\":\"ReadAction\",\"target\":[\"https:\\\/\\\/www.meydan.tv\\\/az\\\/article\\\/icra-numayendesi-mal-qarasini-pay-torpaqlarimizda-otarir\\\/\"]}]},{\"@type\":\"ImageObject\",\"inLanguage\":\"az\",\"@id\":\"https:\\\/\\\/www.meydan.tv\\\/az\\\/article\\\/icra-numayendesi-mal-qarasini-pay-torpaqlarimizda-otarir\\\/#primaryimage\",\"url\":\"https:\\\/\\\/www.meydan.tv\\\/wp-content\\\/uploads\\\/untitled-design-5-36.jpg\",\"contentUrl\":\"https:\\\/\\\/www.meydan.tv\\\/wp-content\\\/uploads\\\/untitled-design-5-36.jpg\",\"width\":1200,\"height\":800,\"caption\":\"Sadiq \u018fbd\u00fcr\u0259himov. Foto: Meydan TV\"},{\"@type\":\"BreadcrumbList\",\"@id\":\"https:\\\/\\\/www.meydan.tv\\\/az\\\/article\\\/icra-numayendesi-mal-qarasini-pay-torpaqlarimizda-otarir\\\/#breadcrumb\",\"itemListElement\":[{\"@type\":\"ListItem\",\"position\":1,\"name\":\"Ana s\u0259hif\u0259\",\"item\":\"https:\\\/\\\/www.meydan.tv\\\/az\\\/\"},{\"@type\":\"ListItem\",\"position\":2,\"name\":\"B\u00f6lg\u0259\",\"item\":\"https:\\\/\\\/www.meydan.tv\\\/az\\\/section\\\/bolge\\\/\"},{\"@type\":\"ListItem\",\"position\":3,\"name\":\"\u201c\u0130cra n\u00fcmay\u0259nd\u0259si mal-qaras\u0131n\u0131 pay torpaqlar\u0131m\u0131zda otar\u0131r\u201d\"}]},{\"@type\":\"WebSite\",\"@id\":\"https:\\\/\\\/www.meydan.tv\\\/az\\\/#website\",\"url\":\"https:\\\/\\\/www.meydan.tv\\\/az\\\/\",\"name\":\"MEYDAN.TV\",\"description\":\"Meydan TV Az\u0259rbaycan\u0131n media m\u0259kan\u0131ndak\u0131 alternativ s\u0259sidir\",\"publisher\":{\"@id\":\"https:\\\/\\\/www.meydan.tv\\\/az\\\/#organization\"},\"potentialAction\":[{\"@type\":\"SearchAction\",\"target\":{\"@type\":\"EntryPoint\",\"urlTemplate\":\"https:\\\/\\\/www.meydan.tv\\\/az\\\/?s={search_term_string}\"},\"query-input\":{\"@type\":\"PropertyValueSpecification\",\"valueRequired\":true,\"valueName\":\"search_term_string\"}}],\"inLanguage\":\"az\"},{\"@type\":\"Organization\",\"@id\":\"https:\\\/\\\/www.meydan.tv\\\/az\\\/#organization\",\"name\":\"Meydan TV\",\"url\":\"https:\\\/\\\/www.meydan.tv\\\/az\\\/\",\"logo\":{\"@type\":\"ImageObject\",\"inLanguage\":\"az\",\"@id\":\"https:\\\/\\\/www.meydan.tv\\\/az\\\/#\\\/schema\\\/logo\\\/image\\\/\",\"url\":\"https:\\\/\\\/www.meydan.tv\\\/wp-content\\\/uploads\\\/2021\\\/07\\\/meydan-logo.svg\",\"contentUrl\":\"https:\\\/\\\/www.meydan.tv\\\/wp-content\\\/uploads\\\/2021\\\/07\\\/meydan-logo.svg\",\"width\":195,\"height\":46,\"caption\":\"Meydan TV\"},\"image\":{\"@id\":\"https:\\\/\\\/www.meydan.tv\\\/az\\\/#\\\/schema\\\/logo\\\/image\\\/\"}},{\"@type\":\"Person\",\"@id\":\"https:\\\/\\\/www.meydan.tv\\\/az\\\/#\\\/schema\\\/person\\\/9cdbecf90d17180ce1dfbd95b08dcf47\",\"name\":\"elli\",\"sameAs\":[\"https:\\\/\\\/x.com\\\/elli\"]}]}<\/script>\n<!-- \/ Yoast SEO plugin. -->","yoast_head_json":{"title":"\u201c\u0130cra n\u00fcmay\u0259nd\u0259si mal-qaras\u0131n\u0131 pay torpaqlar\u0131m\u0131zda otar\u0131r\u201d - MEYDAN.TV","robots":{"index":"index","follow":"follow","max-snippet":"max-snippet:-1","max-image-preview":"max-image-preview:large","max-video-preview":"max-video-preview:-1"},"canonical":"https:\/\/www.meydan.tv\/az\/article\/icra-numayendesi-mal-qarasini-pay-torpaqlarimizda-otarir\/","og_locale":"az_AZ","og_type":"article","og_title":"\u201c\u0130cra n\u00fcmay\u0259nd\u0259si mal-qaras\u0131n\u0131 pay torpaqlar\u0131m\u0131zda otar\u0131r\u201d - MEYDAN.TV","og_description":"\u015e\u0259ki sakini probleminin h\u0259ll olunmad\u0131\u011f\u0131n\u0131 deyir \u201cOnu bu v\u0259zif\u0259y\u0259 \u015f\u0259hid ... Davam\u0131","og_url":"https:\/\/www.meydan.tv\/az\/article\/icra-numayendesi-mal-qarasini-pay-torpaqlarimizda-otarir\/","og_site_name":"MEYDAN.TV","article_published_time":"2022-11-24T10:15:08+00:00","article_modified_time":"2022-11-24T10:15:16+00:00","og_image":[{"width":1200,"height":800,"url":"https:\/\/www.meydan.tv\/wp-content\/uploads\/untitled-design-5-36.jpg","type":"image\/jpeg"}],"author":"elli","twitter_card":"summary_large_image","twitter_creator":"@elli","schema":{"@context":"https:\/\/schema.org","@graph":[{"@type":"Article","@id":"https:\/\/www.meydan.tv\/az\/article\/icra-numayendesi-mal-qarasini-pay-torpaqlarimizda-otarir\/#article","isPartOf":{"@id":"https:\/\/www.meydan.tv\/az\/article\/icra-numayendesi-mal-qarasini-pay-torpaqlarimizda-otarir\/"},"author":{"name":"elli","@id":"https:\/\/www.meydan.tv\/az\/#\/schema\/person\/9cdbecf90d17180ce1dfbd95b08dcf47"},"headline":"\u201c\u0130cra n\u00fcmay\u0259nd\u0259si mal-qaras\u0131n\u0131 pay torpaqlar\u0131m\u0131zda otar\u0131r\u201d","datePublished":"2022-11-24T10:15:08+00:00","dateModified":"2022-11-24T10:15:16+00:00","mainEntityOfPage":{"@id":"https:\/\/www.meydan.tv\/az\/article\/icra-numayendesi-mal-qarasini-pay-torpaqlarimizda-otarir\/"},"wordCount":766,"publisher":{"@id":"https:\/\/www.meydan.tv\/az\/#organization"},"image":{"@id":"https:\/\/www.meydan.tv\/az\/article\/icra-numayendesi-mal-qarasini-pay-torpaqlarimizda-otarir\/#primaryimage"},"thumbnailUrl":"https:\/\/www.meydan.tv\/wp-content\/uploads\/untitled-design-5-36.jpg","articleSection":["B\u00f6lg\u0259","X\u0259b\u0259rl\u0259r"],"inLanguage":"az"},{"@type":"WebPage","@id":"https:\/\/www.meydan.tv\/az\/article\/icra-numayendesi-mal-qarasini-pay-torpaqlarimizda-otarir\/","url":"https:\/\/www.meydan.tv\/az\/article\/icra-numayendesi-mal-qarasini-pay-torpaqlarimizda-otarir\/","name":"\u201c\u0130cra n\u00fcmay\u0259nd\u0259si mal-qaras\u0131n\u0131 pay torpaqlar\u0131m\u0131zda otar\u0131r\u201d - MEYDAN.TV","isPartOf":{"@id":"https:\/\/www.meydan.tv\/az\/#website"},"primaryImageOfPage":{"@id":"https:\/\/www.meydan.tv\/az\/article\/icra-numayendesi-mal-qarasini-pay-torpaqlarimizda-otarir\/#primaryimage"},"image":{"@id":"https:\/\/www.meydan.tv\/az\/article\/icra-numayendesi-mal-qarasini-pay-torpaqlarimizda-otarir\/#primaryimage"},"thumbnailUrl":"https:\/\/www.meydan.tv\/wp-content\/uploads\/untitled-design-5-36.jpg","datePublished":"2022-11-24T10:15:08+00:00","dateModified":"2022-11-24T10:15:16+00:00","breadcrumb":{"@id":"https:\/\/www.meydan.tv\/az\/article\/icra-numayendesi-mal-qarasini-pay-torpaqlarimizda-otarir\/#breadcrumb"},"inLanguage":"az","potentialAction":[{"@type":"ReadAction","target":["https:\/\/www.meydan.tv\/az\/article\/icra-numayendesi-mal-qarasini-pay-torpaqlarimizda-otarir\/"]}]},{"@type":"ImageObject","inLanguage":"az","@id":"https:\/\/www.meydan.tv\/az\/article\/icra-numayendesi-mal-qarasini-pay-torpaqlarimizda-otarir\/#primaryimage","url":"https:\/\/www.meydan.tv\/wp-content\/uploads\/untitled-design-5-36.jpg","contentUrl":"https:\/\/www.meydan.tv\/wp-content\/uploads\/untitled-design-5-36.jpg","width":1200,"height":800,"caption":"Sadiq \u018fbd\u00fcr\u0259himov. Foto: Meydan TV"},{"@type":"BreadcrumbList","@id":"https:\/\/www.meydan.tv\/az\/article\/icra-numayendesi-mal-qarasini-pay-torpaqlarimizda-otarir\/#breadcrumb","itemListElement":[{"@type":"ListItem","position":1,"name":"Ana s\u0259hif\u0259","item":"https:\/\/www.meydan.tv\/az\/"},{"@type":"ListItem","position":2,"name":"B\u00f6lg\u0259","item":"https:\/\/www.meydan.tv\/az\/section\/bolge\/"},{"@type":"ListItem","position":3,"name":"\u201c\u0130cra n\u00fcmay\u0259nd\u0259si mal-qaras\u0131n\u0131 pay torpaqlar\u0131m\u0131zda otar\u0131r\u201d"}]},{"@type":"WebSite","@id":"https:\/\/www.meydan.tv\/az\/#website","url":"https:\/\/www.meydan.tv\/az\/","name":"MEYDAN.TV","description":"Meydan TV Az\u0259rbaycan\u0131n media m\u0259kan\u0131ndak\u0131 alternativ s\u0259sidir","publisher":{"@id":"https:\/\/www.meydan.tv\/az\/#organization"},"potentialAction":[{"@type":"SearchAction","target":{"@type":"EntryPoint","urlTemplate":"https:\/\/www.meydan.tv\/az\/?s={search_term_string}"},"query-input":{"@type":"PropertyValueSpecification","valueRequired":true,"valueName":"search_term_string"}}],"inLanguage":"az"},{"@type":"Organization","@id":"https:\/\/www.meydan.tv\/az\/#organization","name":"Meydan TV","url":"https:\/\/www.meydan.tv\/az\/","logo":{"@type":"ImageObject","inLanguage":"az","@id":"https:\/\/www.meydan.tv\/az\/#\/schema\/logo\/image\/","url":"https:\/\/www.meydan.tv\/wp-content\/uploads\/2021\/07\/meydan-logo.svg","contentUrl":"https:\/\/www.meydan.tv\/wp-content\/uploads\/2021\/07\/meydan-logo.svg","width":195,"height":46,"caption":"Meydan TV"},"image":{"@id":"https:\/\/www.meydan.tv\/az\/#\/schema\/logo\/image\/"}},{"@type":"Person","@id":"https:\/\/www.meydan.tv\/az\/#\/schema\/person\/9cdbecf90d17180ce1dfbd95b08dcf47","name":"elli","sameAs":["https:\/\/x.com\/elli"]}]}},"_links":{"self":[{"href":"https:\/\/www.meydan.tv\/az\/wp-json\/wp\/v2\/posts\/261659","targetHints":{"allow":["GET"]}}],"collection":[{"href":"https:\/\/www.meydan.tv\/az\/wp-json\/wp\/v2\/posts"}],"about":[{"href":"https:\/\/www.meydan.tv\/az\/wp-json\/wp\/v2\/types\/post"}],"author":[{"embeddable":true,"href":"https:\/\/www.meydan.tv\/az\/wp-json\/wp\/v2\/users\/8"}],"replies":[{"embeddable":true,"href":"https:\/\/www.meydan.tv\/az\/wp-json\/wp\/v2\/comments?post=261659"}],"version-history":[{"count":1,"href":"https:\/\/www.meydan.tv\/az\/wp-json\/wp\/v2\/posts\/261659\/revisions"}],"predecessor-version":[{"id":261669,"href":"https:\/\/www.meydan.tv\/az\/wp-json\/wp\/v2\/posts\/261659\/revisions\/261669"}],"wp:featuredmedia":[{"embeddable":true,"href":"https:\/\/www.meydan.tv\/az\/wp-json\/wp\/v2\/media\/261666"}],"wp:attachment":[{"href":"https:\/\/www.meydan.tv\/az\/wp-json\/wp\/v2\/media?parent=261659"}],"wp:term":[{"taxonomy":"category","embeddable":true,"href":"https:\/\/www.meydan.tv\/az\/wp-json\/wp\/v2\/categories?post=261659"},{"taxonomy":"post_tag","embeddable":true,"href":"https:\/\/www.meydan.tv\/az\/wp-json\/wp\/v2\/tags?post=261659"}],"curies":[{"name":"wp","href":"https:\/\/api.w.org\/{rel}","templated":true}]}}