{"id":261643,"date":"2022-11-24T13:55:44","date_gmt":"2022-11-24T09:55:44","guid":{"rendered":"https:\/\/www.meydan.tv\/?p=261643"},"modified":"2022-11-24T13:55:46","modified_gmt":"2022-11-24T09:55:46","slug":"ilkin-suleymanov-videoda-da-gorunur-isgenceden-ayaqlarim-sismisdi-ona-gore-terlik-geyindirib-apardilar","status":"publish","type":"post","link":"https:\/\/www.meydan.tv\/az\/article\/ilkin-suleymanov-videoda-da-gorunur-isgenceden-ayaqlarim-sismisdi-ona-gore-terlik-geyindirib-apardilar\/","title":{"rendered":"\u0130lkin S\u00fcleymanov: \u201cVideoda da g\u00f6r\u00fcn\u00fcr, i\u015fg\u0259nc\u0259d\u0259n ayaqlar\u0131m \u015fi\u015fmi\u015fdi, ona g\u00f6r\u0259 t\u0259rlik geyindirib apard\u0131lar\u201d"},"content":{"rendered":"\n<p><\/p>\n\n\n\n<p><\/p>\n\n\n\n<p><em>\u201c\u015eahlar C\u0259f\u0259rov t\u0259kc\u0259 fiziki i\u015fg\u0259nc\u0259 vermirdi, h\u0259m d\u0259 t\u0259hqir edirdi, su but\u0131lkas\u0131n\u0131 arada ba\u015f\u0131ma vururdu\u201d<\/em><\/p>\n\n\n\n<p>Tovuz rayonunun Dondar Qu\u015f\u00e7u k\u0259ndind\u0259 \u00fc\u00e7 il \u0259vv\u0259l 11 ya\u015fl\u0131 N\u0259rmin Quliyevan\u0131n o\u011furlanmas\u0131, 47 g\u00fcn sonra k\u0259ndd\u0259 yanm\u0131\u015f meyitin tap\u0131lmas\u0131 m\u0259s\u0259l\u0259siyl\u0259 ba\u011fl\u0131 il yar\u0131md\u0131r ki, m\u0259hk\u0259m\u0259 ara\u015fd\u0131rmalar\u0131 davam edir. Azya\u015fl\u0131n\u0131 o\u011furlay\u0131b \u00f6ld\u00fcrm\u0259kd\u0259 ittiham olunan \u0130lkin S\u00fcleymanovun i\u015fin\u0259 G\u0259nc\u0259 A\u011f\u0131r Cinay\u0259tl\u0259r M\u0259hk\u0259m\u0259sind\u0259 bax\u0131l\u0131r.<\/p>\n\n\n\n<p>\u00d6t\u0259n m\u0259hk\u0259m\u0259 iclas\u0131nda i\u015fin i\u00e7ind\u0259 olan videog\u00f6r\u00fcnt\u00fcl\u0259r\u0259 bax\u0131lm\u0131\u015fd\u0131. Onlardan biri meyitin yanmas\u0131yla ba\u011fl\u0131 a\u00e7\u0131q qalm\u0131\u015f suallara ayd\u0131nl\u0131q g\u0259tirm\u0259k m\u0259qs\u0259dil\u0259 qoyunu yand\u0131rmaqla ke\u00e7irilmi\u015f eksperimentin videosu idi. H\u0259min videodan g\u00f6r\u00fcn\u00fcrd\u00fc ki, 5 d\u0259qiq\u0259 yand\u0131r\u0131lan qoyunun torpaqda qalan hiss\u0259si yanm\u0131r, yaln\u0131z \u00fcst hiss\u0259 yan\u0131r. Amma ekspert r\u0259yin\u0259 g\u00f6r\u0259 daha az m\u00fcdd\u0259td\u0259 yanm\u0131\u015f meyitin is\u0259 h\u0259m h\u0259m \u00f6n, h\u0259m d\u0259 arxa t\u0259r\u0259fi eyni h\u0259dd\u0259 &#8211; k\u00f6m\u00fcrl\u0259\u015fmi\u015f d\u0259r\u0259c\u0259d\u0259 yan\u0131b.<\/p>\n\n\n\n<p>\u0130kinci video is\u0259 \u0130lkin S\u00fcleymanovdan N\u0259rmini o\u011furlay\u0131b \u00f6ld\u00fcrm\u0259si haqda etiraf ifad\u0259si al\u0131nandan sonra onun evl\u0259rin\u0259 apar\u0131l\u0131b, hadis\u0259 yerind\u0259 lent\u0259 al\u0131nm\u0131\u015f g\u00f6r\u00fcnt\u00fcl\u0259ri idi. Noyabr\u0131n 23-d\u0259 ke\u00e7iril\u0259n m\u0259hk\u0259m\u0259d\u0259 \u0130lkin S\u00fcleymanov h\u0259min g\u00f6r\u00fcnt\u00fcl\u0259rl\u0259 ba\u011fl\u0131 h\u0259m prokurorun, h\u0259m d\u0259 \u00f6z v\u0259kill\u0259rinin suallar\u0131n\u0131 cavabland\u0131r\u0131b.<\/p>\n\n\n\n<p>O bidirib ki, cinay\u0259t i\u015finin materiallar\u0131nda onun tutuldu\u011fu ilk g\u00fcnl\u0259rd\u0259 4 ifad\u0259si var \u2013 iki d\u0259f\u0259 \u015fahid, bir d\u0259f\u0259 \u015f\u00fcbh\u0259li \u015f\u0259xs, bir d\u0259f\u0259 d\u0259 t\u0259qsirl\u0259ndiril\u0259n \u015f\u0259xs qismind\u0259. Birinci \u015fahid ifad\u0259sind\u0259 \u00fcmumiyy\u0259tl\u0259, bu cinay\u0259t\u0259 he\u00e7 bir aidiyy\u0259ti olmad\u0131\u011f\u0131n\u0131 bildirib. Bir g\u00fcn sonra ikinci \u015fahid ifad\u0259sind\u0259 u\u015fa\u011f\u0131 \u00f6z\u00fc o\u011furlay\u0131b \u00f6ld\u00fcrd\u00fcy\u00fcn\u00fc deyir. Daha sonra \u015f\u00fcbh\u0259li v\u0259 t\u0259qsirl\u0259ndiril\u0259n \u015f\u0259xs qismind\u0259 ifad\u0259l\u0259rind\u0259 d\u0259 eyni m\u0259zmunlu etiraf ifad\u0259si verir.<\/p>\n\n\n\n<p>Lakin \u0130lkin S\u00fcleymanov bildirib ki, yanm\u0131\u015f meyit x\u0259b\u0259ril\u0259 ba\u011fl\u0131 hadis\u0259 yerin\u0259 g\u0259l\u0259n polisl\u0259r he\u00e7 n\u0259yi ara\u015fd\u0131r\u0131b ayd\u0131nla\u015fd\u0131rmadan onu d\u0259rhal \u2013 6 yanvar 2020-ci ild\u0259 Tovuz rayon Polis \u015e\u00f6b\u0259sin\u0259 apar\u0131blar. \u0130ki g\u00fcn t\u0259zyiq alt\u0131nda saxlayandan sonra, yanvar\u0131n 8-d\u0259 m\u00fcst\u0259ntiq onu dindirib. \u015eahid kimi verdiyi h\u0259min ifad\u0259d\u0259 o, siqaret \u00e7\u0259km\u0259y\u0259 \u00e7\u0131xark\u0259n yolun o biri t\u0259r\u0259find\u0259 yan\u011f\u0131n g\u00f6rd\u00fcy\u00fcn\u00fc, \u0259vv\u0259lki vaxtlarda oldu\u011fu kimi, bu d\u0259f\u0259 d\u0259 yan\u011f\u0131n\u0131n a\u011faclara z\u0259r\u0259r ver\u0259c\u0259yini d\u00fc\u015f\u00fcn\u0259r\u0259k, ora t\u0259r\u0259f getdiyini v\u0259 meyit g\u00f6rd\u00fcy\u00fcn\u00fc bildirib. O vur\u011fulay\u0131b ki, u\u015fa\u011f\u0131n o\u011furlanmas\u0131na da, \u00f6ld\u00fcr\u00fclm\u0259sin\u0259 d\u0259 aidiyy\u0259ti yoxdur.<\/p>\n\n\n\n<p>\u0130lkin S\u00fcleymanovun s\u00f6zl\u0259rin\u0259 g\u00f6r\u0259, bu ifad\u0259sind\u0259n sonra yanvar\u0131n 9-da, x\u00fcsus\u0259n d\u0259 10-na ke\u00e7\u0259n gec\u0259 polis \u015f\u00f6b\u0259sind\u0259 a\u011flas\u0131\u011fmaz i\u015fg\u0259nc\u0259l\u0259r\u0259 m\u0259ruz qal\u0131b. Bu \u00fczd\u0259n yanvar\u0131n 10-da s\u0259h\u0259r saatlar\u0131nda art\u0131q i\u015fg\u0259nc\u0259l\u0259r\u0259 d\u00f6z\u0259 bilm\u0259diyini g\u00f6r\u00fcb, polis idar\u0259sind\u0259kil\u0259r\u0259 ist\u0259nil\u0259n ifad\u0259ni verm\u0259y\u0259 raz\u0131la\u015fd\u0131\u011f\u0131n\u0131 bildirib:<\/p>\n\n\n\n<p>\u201cBir d\u0259 onda ifad\u0259 vermi\u015f\u0259m. M\u0259nim ba\u015fqa ifad\u0259m olmay\u0131b. D\u00fczd\u00fcr, s\u0259n\u0259dl\u0259r g\u0259tiribl\u0259r, imzalam\u0131\u015fam. El\u0259 v\u0259ziyy\u0259td\u0259 idim ki, he\u00e7 n\u0259y\u0259 imza atd\u0131\u011f\u0131m\u0131 da bilmirdim. \u0130st\u0259diyim bu idi ki, n\u0259 olursa olsun, t\u0259ki bu \u0259zab bitsin\u2026\u201d.<\/p>\n\n\n\n<p>\u0130lkin S\u00fcleymanov ona i\u015fg\u0259nc\u0259 ver\u0259nl\u0259r aras\u0131nda o d\u00f6vrd\u0259 Tovuz Rayon Polis \u015e\u00f6b\u0259sinin r\u0259is m\u00fcavini v\u0259zif\u0259sind\u0259 \u00e7al\u0131\u015fan \u015eahlar C\u0259f\u0259rovun ad\u0131n\u0131 \u00e7\u0259kib. Bildirib ki, i\u015fg\u0259nc\u0259l\u0259r\u0259 o r\u0259hb\u0259rlik edirdi. Onun s\u00f6zl\u0259rin\u0259 g\u00f6r\u0259, i\u015fg\u0259nc\u0259 alt\u0131nda etiraf ifad\u0259si al\u0131nandan sonra da ondan \u0259l \u00e7\u0259km\u0259yibl\u0259r:<\/p>\n\n\n\n<p>\u201c\u015eahlar C\u0259f\u0259rov m\u0259n\u0259 dedi ki, ora 50 n\u0259f\u0259r \u0259liavtomatl\u0131 g\u0259tir\u0259r\u0259m, he\u00e7 kimin d\u0259 x\u0259b\u0259ri olmaz. Bu, o dem\u0259k idi ki, bundan sonra da deyil\u0259nl\u0259r\u0259 \u0259m\u0259l etm\u0259lis\u0259n. Ona g\u00f6r\u0259 \u0259vv\u0259lc\u0259d\u0259n deyildiyi kimi, kamera qar\u015f\u0131s\u0131nda da el\u0259 dan\u0131\u015fd\u0131m. \u015eahlar C\u0259f\u0259rov t\u0259kc\u0259 fiziki i\u015fg\u0259nc\u0259 vermirdi, h\u0259m d\u0259 t\u0259hqir edirdi, su but\u0131lkas\u0131n\u0131 arada ba\u015f\u0131ma vururdu\u201d.<\/p>\n\n\n\n<p>\u0130lkin S\u00fcleymanov bildirib ki, videodan da g\u00f6r\u00fcn\u00fcr, hadis\u0259 yerin\u0259 apar\u0131landa aya\u011f\u0131nda normal ayaqqab\u0131 yox, t\u0259rlik vard\u0131. S\u0259b\u0259b is\u0259 o idi ki, i\u015fg\u0259nc\u0259d\u0259n \u2013 d\u0259y\u0259n\u0259kl\u0259 ayaqlar\u0131na d\u0259y\u0259n z\u0259rb\u0259l\u0259rd\u0259n g\u0259z\u0259 bilmirdi, ayaqlar\u0131 \u015fi\u015fmi\u015fdi. Bu s\u0259b\u0259bd\u0259n onu hadis\u0259 yerin\u0259 t\u0259rlikl\u0259 aparma\u011fa m\u0259cbur olublar.<\/p>\n\n\n\n<p>Prokuror \u0130lkin S\u00fcleymanova deyib ki, videog\u00f6r\u00fcnt\u00fcd\u0259 a\u011fr\u0131dan \u0259ziyy\u0259t \u00e7\u0259km\u0259si hiss olunmur. Buna cavab olaraq, \u0130lkin S\u00fcleymanov bildirib ki, kamera qar\u015f\u0131s\u0131nda sanki rol oynay\u0131rd\u0131. Onun s\u00f6zl\u0259rin\u0259 g\u00f6r\u0259, \u00e7al\u0131\u015f\u0131rd\u0131 ki, dan\u0131\u015f\u0131\u011f\u0131 inand\u0131r\u0131c\u0131 olsun, sonradan ona problem yarad\u0131b, yenid\u0259n i\u015fg\u0259nc\u0259 verm\u0259sinl\u0259r.<\/p>\n\n\n\n<p>\u0130lkin S\u00fcleymanov b\u0259zi suallara \u201cxat\u0131rlam\u0131ram\u201d, \u201cbilmir\u0259m\u201d cavablar\u0131 ver\u0259nd\u0259 hakim Dada\u015f \u0130manov ondan h\u0259r m\u0259qam\u0131 d\u0259qiqliyil\u0259 xat\u0131rlamas\u0131n\u0131 ist\u0259yib. Hakim onu \u0259min edib ki, bar\u0259sind\u0259ki h\u00f6km obyektiv olacaq. Ona g\u00f6r\u0259 d\u0259 b\u00fct\u00fcn m\u0259s\u0259l\u0259l\u0259ri oldu\u011fu kimi dan\u0131\u015fmas\u0131n\u0131 ist\u0259yib: <\/p>\n\n\n\n<p>\u201cS\u0259n h\u0259r \u015feyi d\u0259qiqlikl\u0259 dan\u0131\u015fmal\u0131san ki, biz d\u0259 ara\u015fd\u0131r\u0131b obyektiv h\u00f6km \u00e7\u0131xara bil\u0259k\u201d.<\/p>\n\n\n\n<p>M\u0259hk\u0259m\u0259 prosesi noyabr\u0131n 29-da davam ed\u0259c\u0259k.<\/p>\n\n\n\n<p>\u0130lkin S\u00fcleymanovun qarda\u015f\u0131 Adil S\u00fcleymanov Meydan TV-y\u0259 bildirib ki, m\u0259hk\u0259m\u0259d\u0259 videog\u00f6r\u00fcnt\u00fcl\u0259r n\u00fcmayi\u015f etdiril\u0259nd\u0259 m\u00fcst\u0259ntiqin t\u0259qsirl\u0259ndiril\u0259n \u015f\u0259xs\u0259 istiqam\u0259t verdiyi, p\u0131\u00e7\u0131lt\u0131 il\u0259 ona dey\u0259c\u0259yi s\u00f6zl\u0259ri xat\u0131rlatd\u0131\u011f\u0131 ayd\u0131n e\u015fidilirdi. Onun s\u00f6zl\u0259rin\u0259 g\u00f6r\u0259, bunlar\u0131 hakiml\u0259r d\u0259 e\u015fitdi.<\/p>\n\n\n\n<p>\u201cBu fakt\u0131n \u00f6z\u00fc g\u00f6st\u0259rir ki, \u0130lkin S\u00fcleymanov orada \u00f6z irad\u0259si il\u0259 dan\u0131\u015fm\u0131r. M\u0259n bilmir\u0259m, o videonu ictimaiyy\u0259t\u0259 n\u00fcmayi\u015f etdirm\u0259k olar, yoxsa yox. Ka\u015f qanun buna imkan ver\u0259ydi, o zaman ictimaiyy\u0259t o saxtakarl\u0131\u011f\u0131 g\u00f6r\u0259ydi. Bu i\u015fd\u0259 o q\u0259d\u0259r a\u00e7\u0131q qalan suallar var ki\u2026 Nec\u0259 olur, meyitin \u0259ll\u0259ri, ayaqlar\u0131, cinsi orqan nahiy\u0259l\u0259ri k\u00f6m\u00fcrl\u0259\u015fmi\u015f h\u0259dd\u0259 yan\u0131r, amma \u00fcst\u00fcnd\u0259 olan sintetik g\u00f6d\u0259k\u00e7\u0259 yanm\u0131r? Bu q\u0259d\u0259r saxtakarl\u0131q olar?\u201d, &#8211; Adil S\u00fcleymanov bildirib.<\/p>\n\n\n\n<p>1973-c\u00fc il t\u0259v\u0259ll\u00fcdl\u00fc \u0130lkin S\u00fcleymanov Cinay\u0259t M\u0259c\u0259ll\u0259sinin 120.2.4 (x\u00fcsusi amans\u0131zl\u0131qla q\u0259sd\u0259n adam \u00f6ld\u00fcrm\u0259), 120.2.9 (t\u0259qsirkar \u015f\u0259xs \u00fc\u00e7\u00fcn a\u015fkar sur\u0259td\u0259 k\u00f6m\u0259ksiz v\u0259ziyy\u0259td\u0259 olan adam\u0131 q\u0259sd\u0259n \u00f6ld\u00fcrm\u0259), 133.2.1 (o\u011furlanm\u0131\u015f \u015f\u0259xs\u0259 \u0259zab verm\u0259), 133.2.4 (yetkinlik ya\u015f\u0131na \u00e7atmayan, k\u00f6m\u0259ksiz v\u0259ziyy\u0259td\u0259 olan \u015f\u0259xs\u0259 \u0259zab verm\u0259), 144-c\u00fc (adam o\u011furlu\u011fu) madd\u0259l\u0259ril\u0259 ittiham olunur.<\/p>\n\n\n\n<p>\u0130ttihama \u0259sas\u0259n, o, sinif yolda\u015f\u0131 \u015e\u0259rif Quliyevin ail\u0259si, u\u015faqlar\u0131 oldu\u011funa g\u00f6r\u0259 onu q\u0131sqan\u0131b, buna g\u00f6r\u0259 d\u0259 onun q\u0131z\u0131 N\u0259rmini o\u011furlayaraq, 47 g\u00fcn sonra q\u0259tl\u0259 yetirib.<\/p>\n\n\n\n<p>\u0130lkin S\u00fcleymanov is\u0259 azya\u015fl\u0131n\u0131n \u00f6l\u00fcm\u00fcn\u0259 aidiyy\u0259ti olmad\u0131\u011f\u0131n\u0131 deyir. \u0130lkin ifad\u0259sind\u0259ki etirafa g\u0259linc\u0259, o bildirib ki, 2020-ci il yanvar\u0131n 6-dan 10-na q\u0259d\u0259r Tovuz rayon Polis \u015e\u00f6b\u0259sind\u0259 i\u015fg\u0259nc\u0259y\u0259 m\u0259ruz qal\u0131b. D\u00f6rd g\u00fcn sonra i\u015fg\u0259nc\u0259l\u0259r\u0259 d\u00f6zm\u0259y\u0259r\u0259k, etiraf ifad\u0259sin\u0259 imza atma\u011fa m\u0259cbur olub.<br>Ba\u015f Prokurorluq is\u0259 i\u015fg\u0259nc\u0259 iddialar\u0131n\u0131 t\u0259kzib edib.<\/p>\n","protected":false},"excerpt":{"rendered":"<p>\u201c\u015eahlar C\u0259f\u0259rov t\u0259kc\u0259 fiziki i\u015fg\u0259nc\u0259 vermirdi, h\u0259m d\u0259 t\u0259hqir edirdi, &#8230; <\/p>\n<p class=\"read-more-container\"><a title=\"\u0130lkin S\u00fcleymanov: \u201cVideoda da g\u00f6r\u00fcn\u00fcr, i\u015fg\u0259nc\u0259d\u0259n ayaqlar\u0131m \u015fi\u015fmi\u015fdi, ona g\u00f6r\u0259 t\u0259rlik geyindirib apard\u0131lar\u201d\" class=\"read-more button\" href=\"https:\/\/www.meydan.tv\/az\/article\/ilkin-suleymanov-videoda-da-gorunur-isgenceden-ayaqlarim-sismisdi-ona-gore-terlik-geyindirib-apardilar\/#more-261643\" aria-label=\"Read more about \u0130lkin S\u00fcleymanov: \u201cVideoda da g\u00f6r\u00fcn\u00fcr, i\u015fg\u0259nc\u0259d\u0259n ayaqlar\u0131m \u015fi\u015fmi\u015fdi, ona g\u00f6r\u0259 t\u0259rlik geyindirib apard\u0131lar\u201d\">Davam\u0131<\/a><\/p>\n","protected":false},"author":8,"featured_media":241424,"comment_status":"closed","ping_status":"closed","sticky":false,"template":"","format":"standard","meta":{"_acf_changed":false,"_sitemap_exclude":false,"_sitemap_priority":"","_sitemap_frequency":"","footnotes":""},"categories":[60,79,56],"tags":[],"class_list":["post-261643","post","type-post","status-publish","format-standard","has-post-thumbnail","hentry","category-bolge","category-featured","category-xeberler","infinite-scroll-item","generate-columns","tablet-grid-50","mobile-grid-100","grid-parent","grid-33","no-featured-image-padding"],"acf":[],"yoast_head":"<!-- This site is optimized with the Yoast SEO plugin v27.5 - https:\/\/yoast.com\/product\/yoast-seo-wordpress\/ -->\n<title>\u0130lkin S\u00fcleymanov: \u201cVideoda da g\u00f6r\u00fcn\u00fcr, i\u015fg\u0259nc\u0259d\u0259n ayaqlar\u0131m \u015fi\u015fmi\u015fdi, ona g\u00f6r\u0259 t\u0259rlik geyindirib apard\u0131lar\u201d - MEYDAN.TV<\/title>\n<meta name=\"robots\" content=\"index, follow, max-snippet:-1, max-image-preview:large, max-video-preview:-1\" \/>\n<link rel=\"canonical\" href=\"https:\/\/www.meydan.tv\/az\/article\/ilkin-suleymanov-videoda-da-gorunur-isgenceden-ayaqlarim-sismisdi-ona-gore-terlik-geyindirib-apardilar\/\" \/>\n<meta property=\"og:locale\" content=\"az_AZ\" \/>\n<meta property=\"og:type\" content=\"article\" \/>\n<meta property=\"og:title\" content=\"\u0130lkin S\u00fcleymanov: \u201cVideoda da g\u00f6r\u00fcn\u00fcr, i\u015fg\u0259nc\u0259d\u0259n ayaqlar\u0131m \u015fi\u015fmi\u015fdi, ona g\u00f6r\u0259 t\u0259rlik geyindirib apard\u0131lar\u201d - MEYDAN.TV\" \/>\n<meta property=\"og:description\" content=\"\u201c\u015eahlar C\u0259f\u0259rov t\u0259kc\u0259 fiziki i\u015fg\u0259nc\u0259 vermirdi, h\u0259m d\u0259 t\u0259hqir edirdi, ... Davam\u0131\" \/>\n<meta property=\"og:url\" content=\"https:\/\/www.meydan.tv\/az\/article\/ilkin-suleymanov-videoda-da-gorunur-isgenceden-ayaqlarim-sismisdi-ona-gore-terlik-geyindirib-apardilar\/\" \/>\n<meta property=\"og:site_name\" content=\"MEYDAN.TV\" \/>\n<meta property=\"article:published_time\" content=\"2022-11-24T09:55:44+00:00\" \/>\n<meta property=\"article:modified_time\" content=\"2022-11-24T09:55:46+00:00\" \/>\n<meta property=\"og:image\" content=\"https:\/\/www.meydan.tv\/wp-content\/uploads\/photo-2022-04-11-16-04-01-e1649746574597.jpg\" \/>\n\t<meta property=\"og:image:width\" content=\"1200\" \/>\n\t<meta property=\"og:image:height\" content=\"711\" \/>\n\t<meta property=\"og:image:type\" content=\"image\/jpeg\" \/>\n<meta name=\"author\" content=\"elli\" \/>\n<meta name=\"twitter:card\" content=\"summary_large_image\" \/>\n<meta name=\"twitter:creator\" content=\"@elli\" \/>\n<script type=\"application\/ld+json\" class=\"yoast-schema-graph\">{\"@context\":\"https:\\\/\\\/schema.org\",\"@graph\":[{\"@type\":\"Article\",\"@id\":\"https:\\\/\\\/www.meydan.tv\\\/az\\\/article\\\/ilkin-suleymanov-videoda-da-gorunur-isgenceden-ayaqlarim-sismisdi-ona-gore-terlik-geyindirib-apardilar\\\/#article\",\"isPartOf\":{\"@id\":\"https:\\\/\\\/www.meydan.tv\\\/az\\\/article\\\/ilkin-suleymanov-videoda-da-gorunur-isgenceden-ayaqlarim-sismisdi-ona-gore-terlik-geyindirib-apardilar\\\/\"},\"author\":{\"name\":\"elli\",\"@id\":\"https:\\\/\\\/www.meydan.tv\\\/az\\\/#\\\/schema\\\/person\\\/9cdbecf90d17180ce1dfbd95b08dcf47\"},\"headline\":\"\u0130lkin S\u00fcleymanov: \u201cVideoda da g\u00f6r\u00fcn\u00fcr, i\u015fg\u0259nc\u0259d\u0259n ayaqlar\u0131m \u015fi\u015fmi\u015fdi, ona g\u00f6r\u0259 t\u0259rlik geyindirib apard\u0131lar\u201d\",\"datePublished\":\"2022-11-24T09:55:44+00:00\",\"dateModified\":\"2022-11-24T09:55:46+00:00\",\"mainEntityOfPage\":{\"@id\":\"https:\\\/\\\/www.meydan.tv\\\/az\\\/article\\\/ilkin-suleymanov-videoda-da-gorunur-isgenceden-ayaqlarim-sismisdi-ona-gore-terlik-geyindirib-apardilar\\\/\"},\"wordCount\":1435,\"publisher\":{\"@id\":\"https:\\\/\\\/www.meydan.tv\\\/az\\\/#organization\"},\"image\":{\"@id\":\"https:\\\/\\\/www.meydan.tv\\\/az\\\/article\\\/ilkin-suleymanov-videoda-da-gorunur-isgenceden-ayaqlarim-sismisdi-ona-gore-terlik-geyindirib-apardilar\\\/#primaryimage\"},\"thumbnailUrl\":\"https:\\\/\\\/www.meydan.tv\\\/wp-content\\\/uploads\\\/photo-2022-04-11-16-04-01-e1685950918665.jpg\",\"articleSection\":[\"B\u00f6lg\u0259\",\"T\u00f6vsiy\u0259\",\"X\u0259b\u0259rl\u0259r\"],\"inLanguage\":\"az\"},{\"@type\":\"WebPage\",\"@id\":\"https:\\\/\\\/www.meydan.tv\\\/az\\\/article\\\/ilkin-suleymanov-videoda-da-gorunur-isgenceden-ayaqlarim-sismisdi-ona-gore-terlik-geyindirib-apardilar\\\/\",\"url\":\"https:\\\/\\\/www.meydan.tv\\\/az\\\/article\\\/ilkin-suleymanov-videoda-da-gorunur-isgenceden-ayaqlarim-sismisdi-ona-gore-terlik-geyindirib-apardilar\\\/\",\"name\":\"\u0130lkin S\u00fcleymanov: \u201cVideoda da g\u00f6r\u00fcn\u00fcr, i\u015fg\u0259nc\u0259d\u0259n ayaqlar\u0131m \u015fi\u015fmi\u015fdi, ona g\u00f6r\u0259 t\u0259rlik geyindirib apard\u0131lar\u201d - MEYDAN.TV\",\"isPartOf\":{\"@id\":\"https:\\\/\\\/www.meydan.tv\\\/az\\\/#website\"},\"primaryImageOfPage\":{\"@id\":\"https:\\\/\\\/www.meydan.tv\\\/az\\\/article\\\/ilkin-suleymanov-videoda-da-gorunur-isgenceden-ayaqlarim-sismisdi-ona-gore-terlik-geyindirib-apardilar\\\/#primaryimage\"},\"image\":{\"@id\":\"https:\\\/\\\/www.meydan.tv\\\/az\\\/article\\\/ilkin-suleymanov-videoda-da-gorunur-isgenceden-ayaqlarim-sismisdi-ona-gore-terlik-geyindirib-apardilar\\\/#primaryimage\"},\"thumbnailUrl\":\"https:\\\/\\\/www.meydan.tv\\\/wp-content\\\/uploads\\\/photo-2022-04-11-16-04-01-e1685950918665.jpg\",\"datePublished\":\"2022-11-24T09:55:44+00:00\",\"dateModified\":\"2022-11-24T09:55:46+00:00\",\"breadcrumb\":{\"@id\":\"https:\\\/\\\/www.meydan.tv\\\/az\\\/article\\\/ilkin-suleymanov-videoda-da-gorunur-isgenceden-ayaqlarim-sismisdi-ona-gore-terlik-geyindirib-apardilar\\\/#breadcrumb\"},\"inLanguage\":\"az\",\"potentialAction\":[{\"@type\":\"ReadAction\",\"target\":[\"https:\\\/\\\/www.meydan.tv\\\/az\\\/article\\\/ilkin-suleymanov-videoda-da-gorunur-isgenceden-ayaqlarim-sismisdi-ona-gore-terlik-geyindirib-apardilar\\\/\"]}]},{\"@type\":\"ImageObject\",\"inLanguage\":\"az\",\"@id\":\"https:\\\/\\\/www.meydan.tv\\\/az\\\/article\\\/ilkin-suleymanov-videoda-da-gorunur-isgenceden-ayaqlarim-sismisdi-ona-gore-terlik-geyindirib-apardilar\\\/#primaryimage\",\"url\":\"https:\\\/\\\/www.meydan.tv\\\/wp-content\\\/uploads\\\/photo-2022-04-11-16-04-01-e1685950918665.jpg\",\"contentUrl\":\"https:\\\/\\\/www.meydan.tv\\\/wp-content\\\/uploads\\\/photo-2022-04-11-16-04-01-e1685950918665.jpg\",\"width\":1200,\"height\":450,\"caption\":\"\u0130lkin S\u00fcleymanov. Foto: Meydan TV\"},{\"@type\":\"BreadcrumbList\",\"@id\":\"https:\\\/\\\/www.meydan.tv\\\/az\\\/article\\\/ilkin-suleymanov-videoda-da-gorunur-isgenceden-ayaqlarim-sismisdi-ona-gore-terlik-geyindirib-apardilar\\\/#breadcrumb\",\"itemListElement\":[{\"@type\":\"ListItem\",\"position\":1,\"name\":\"Ana s\u0259hif\u0259\",\"item\":\"https:\\\/\\\/www.meydan.tv\\\/az\\\/\"},{\"@type\":\"ListItem\",\"position\":2,\"name\":\"B\u00f6lg\u0259\",\"item\":\"https:\\\/\\\/www.meydan.tv\\\/az\\\/section\\\/bolge\\\/\"},{\"@type\":\"ListItem\",\"position\":3,\"name\":\"\u0130lkin S\u00fcleymanov: \u201cVideoda da g\u00f6r\u00fcn\u00fcr, i\u015fg\u0259nc\u0259d\u0259n ayaqlar\u0131m \u015fi\u015fmi\u015fdi, ona g\u00f6r\u0259 t\u0259rlik geyindirib apard\u0131lar\u201d\"}]},{\"@type\":\"WebSite\",\"@id\":\"https:\\\/\\\/www.meydan.tv\\\/az\\\/#website\",\"url\":\"https:\\\/\\\/www.meydan.tv\\\/az\\\/\",\"name\":\"MEYDAN.TV\",\"description\":\"Meydan TV Az\u0259rbaycan\u0131n media m\u0259kan\u0131ndak\u0131 alternativ s\u0259sidir\",\"publisher\":{\"@id\":\"https:\\\/\\\/www.meydan.tv\\\/az\\\/#organization\"},\"potentialAction\":[{\"@type\":\"SearchAction\",\"target\":{\"@type\":\"EntryPoint\",\"urlTemplate\":\"https:\\\/\\\/www.meydan.tv\\\/az\\\/?s={search_term_string}\"},\"query-input\":{\"@type\":\"PropertyValueSpecification\",\"valueRequired\":true,\"valueName\":\"search_term_string\"}}],\"inLanguage\":\"az\"},{\"@type\":\"Organization\",\"@id\":\"https:\\\/\\\/www.meydan.tv\\\/az\\\/#organization\",\"name\":\"Meydan TV\",\"url\":\"https:\\\/\\\/www.meydan.tv\\\/az\\\/\",\"logo\":{\"@type\":\"ImageObject\",\"inLanguage\":\"az\",\"@id\":\"https:\\\/\\\/www.meydan.tv\\\/az\\\/#\\\/schema\\\/logo\\\/image\\\/\",\"url\":\"https:\\\/\\\/www.meydan.tv\\\/wp-content\\\/uploads\\\/2021\\\/07\\\/meydan-logo.svg\",\"contentUrl\":\"https:\\\/\\\/www.meydan.tv\\\/wp-content\\\/uploads\\\/2021\\\/07\\\/meydan-logo.svg\",\"width\":195,\"height\":46,\"caption\":\"Meydan TV\"},\"image\":{\"@id\":\"https:\\\/\\\/www.meydan.tv\\\/az\\\/#\\\/schema\\\/logo\\\/image\\\/\"}},{\"@type\":\"Person\",\"@id\":\"https:\\\/\\\/www.meydan.tv\\\/az\\\/#\\\/schema\\\/person\\\/9cdbecf90d17180ce1dfbd95b08dcf47\",\"name\":\"elli\",\"sameAs\":[\"https:\\\/\\\/x.com\\\/elli\"]}]}<\/script>\n<!-- \/ Yoast SEO plugin. -->","yoast_head_json":{"title":"\u0130lkin S\u00fcleymanov: \u201cVideoda da g\u00f6r\u00fcn\u00fcr, i\u015fg\u0259nc\u0259d\u0259n ayaqlar\u0131m \u015fi\u015fmi\u015fdi, ona g\u00f6r\u0259 t\u0259rlik geyindirib apard\u0131lar\u201d - MEYDAN.TV","robots":{"index":"index","follow":"follow","max-snippet":"max-snippet:-1","max-image-preview":"max-image-preview:large","max-video-preview":"max-video-preview:-1"},"canonical":"https:\/\/www.meydan.tv\/az\/article\/ilkin-suleymanov-videoda-da-gorunur-isgenceden-ayaqlarim-sismisdi-ona-gore-terlik-geyindirib-apardilar\/","og_locale":"az_AZ","og_type":"article","og_title":"\u0130lkin S\u00fcleymanov: \u201cVideoda da g\u00f6r\u00fcn\u00fcr, i\u015fg\u0259nc\u0259d\u0259n ayaqlar\u0131m \u015fi\u015fmi\u015fdi, ona g\u00f6r\u0259 t\u0259rlik geyindirib apard\u0131lar\u201d - MEYDAN.TV","og_description":"\u201c\u015eahlar C\u0259f\u0259rov t\u0259kc\u0259 fiziki i\u015fg\u0259nc\u0259 vermirdi, h\u0259m d\u0259 t\u0259hqir edirdi, ... Davam\u0131","og_url":"https:\/\/www.meydan.tv\/az\/article\/ilkin-suleymanov-videoda-da-gorunur-isgenceden-ayaqlarim-sismisdi-ona-gore-terlik-geyindirib-apardilar\/","og_site_name":"MEYDAN.TV","article_published_time":"2022-11-24T09:55:44+00:00","article_modified_time":"2022-11-24T09:55:46+00:00","og_image":[{"width":1200,"height":711,"url":"https:\/\/www.meydan.tv\/wp-content\/uploads\/photo-2022-04-11-16-04-01-e1649746574597.jpg","type":"image\/jpeg"}],"author":"elli","twitter_card":"summary_large_image","twitter_creator":"@elli","schema":{"@context":"https:\/\/schema.org","@graph":[{"@type":"Article","@id":"https:\/\/www.meydan.tv\/az\/article\/ilkin-suleymanov-videoda-da-gorunur-isgenceden-ayaqlarim-sismisdi-ona-gore-terlik-geyindirib-apardilar\/#article","isPartOf":{"@id":"https:\/\/www.meydan.tv\/az\/article\/ilkin-suleymanov-videoda-da-gorunur-isgenceden-ayaqlarim-sismisdi-ona-gore-terlik-geyindirib-apardilar\/"},"author":{"name":"elli","@id":"https:\/\/www.meydan.tv\/az\/#\/schema\/person\/9cdbecf90d17180ce1dfbd95b08dcf47"},"headline":"\u0130lkin S\u00fcleymanov: \u201cVideoda da g\u00f6r\u00fcn\u00fcr, i\u015fg\u0259nc\u0259d\u0259n ayaqlar\u0131m \u015fi\u015fmi\u015fdi, ona g\u00f6r\u0259 t\u0259rlik geyindirib apard\u0131lar\u201d","datePublished":"2022-11-24T09:55:44+00:00","dateModified":"2022-11-24T09:55:46+00:00","mainEntityOfPage":{"@id":"https:\/\/www.meydan.tv\/az\/article\/ilkin-suleymanov-videoda-da-gorunur-isgenceden-ayaqlarim-sismisdi-ona-gore-terlik-geyindirib-apardilar\/"},"wordCount":1435,"publisher":{"@id":"https:\/\/www.meydan.tv\/az\/#organization"},"image":{"@id":"https:\/\/www.meydan.tv\/az\/article\/ilkin-suleymanov-videoda-da-gorunur-isgenceden-ayaqlarim-sismisdi-ona-gore-terlik-geyindirib-apardilar\/#primaryimage"},"thumbnailUrl":"https:\/\/www.meydan.tv\/wp-content\/uploads\/photo-2022-04-11-16-04-01-e1685950918665.jpg","articleSection":["B\u00f6lg\u0259","T\u00f6vsiy\u0259","X\u0259b\u0259rl\u0259r"],"inLanguage":"az"},{"@type":"WebPage","@id":"https:\/\/www.meydan.tv\/az\/article\/ilkin-suleymanov-videoda-da-gorunur-isgenceden-ayaqlarim-sismisdi-ona-gore-terlik-geyindirib-apardilar\/","url":"https:\/\/www.meydan.tv\/az\/article\/ilkin-suleymanov-videoda-da-gorunur-isgenceden-ayaqlarim-sismisdi-ona-gore-terlik-geyindirib-apardilar\/","name":"\u0130lkin S\u00fcleymanov: \u201cVideoda da g\u00f6r\u00fcn\u00fcr, i\u015fg\u0259nc\u0259d\u0259n ayaqlar\u0131m \u015fi\u015fmi\u015fdi, ona g\u00f6r\u0259 t\u0259rlik geyindirib apard\u0131lar\u201d - MEYDAN.TV","isPartOf":{"@id":"https:\/\/www.meydan.tv\/az\/#website"},"primaryImageOfPage":{"@id":"https:\/\/www.meydan.tv\/az\/article\/ilkin-suleymanov-videoda-da-gorunur-isgenceden-ayaqlarim-sismisdi-ona-gore-terlik-geyindirib-apardilar\/#primaryimage"},"image":{"@id":"https:\/\/www.meydan.tv\/az\/article\/ilkin-suleymanov-videoda-da-gorunur-isgenceden-ayaqlarim-sismisdi-ona-gore-terlik-geyindirib-apardilar\/#primaryimage"},"thumbnailUrl":"https:\/\/www.meydan.tv\/wp-content\/uploads\/photo-2022-04-11-16-04-01-e1685950918665.jpg","datePublished":"2022-11-24T09:55:44+00:00","dateModified":"2022-11-24T09:55:46+00:00","breadcrumb":{"@id":"https:\/\/www.meydan.tv\/az\/article\/ilkin-suleymanov-videoda-da-gorunur-isgenceden-ayaqlarim-sismisdi-ona-gore-terlik-geyindirib-apardilar\/#breadcrumb"},"inLanguage":"az","potentialAction":[{"@type":"ReadAction","target":["https:\/\/www.meydan.tv\/az\/article\/ilkin-suleymanov-videoda-da-gorunur-isgenceden-ayaqlarim-sismisdi-ona-gore-terlik-geyindirib-apardilar\/"]}]},{"@type":"ImageObject","inLanguage":"az","@id":"https:\/\/www.meydan.tv\/az\/article\/ilkin-suleymanov-videoda-da-gorunur-isgenceden-ayaqlarim-sismisdi-ona-gore-terlik-geyindirib-apardilar\/#primaryimage","url":"https:\/\/www.meydan.tv\/wp-content\/uploads\/photo-2022-04-11-16-04-01-e1685950918665.jpg","contentUrl":"https:\/\/www.meydan.tv\/wp-content\/uploads\/photo-2022-04-11-16-04-01-e1685950918665.jpg","width":1200,"height":450,"caption":"\u0130lkin S\u00fcleymanov. Foto: Meydan TV"},{"@type":"BreadcrumbList","@id":"https:\/\/www.meydan.tv\/az\/article\/ilkin-suleymanov-videoda-da-gorunur-isgenceden-ayaqlarim-sismisdi-ona-gore-terlik-geyindirib-apardilar\/#breadcrumb","itemListElement":[{"@type":"ListItem","position":1,"name":"Ana s\u0259hif\u0259","item":"https:\/\/www.meydan.tv\/az\/"},{"@type":"ListItem","position":2,"name":"B\u00f6lg\u0259","item":"https:\/\/www.meydan.tv\/az\/section\/bolge\/"},{"@type":"ListItem","position":3,"name":"\u0130lkin S\u00fcleymanov: \u201cVideoda da g\u00f6r\u00fcn\u00fcr, i\u015fg\u0259nc\u0259d\u0259n ayaqlar\u0131m \u015fi\u015fmi\u015fdi, ona g\u00f6r\u0259 t\u0259rlik geyindirib apard\u0131lar\u201d"}]},{"@type":"WebSite","@id":"https:\/\/www.meydan.tv\/az\/#website","url":"https:\/\/www.meydan.tv\/az\/","name":"MEYDAN.TV","description":"Meydan TV Az\u0259rbaycan\u0131n media m\u0259kan\u0131ndak\u0131 alternativ s\u0259sidir","publisher":{"@id":"https:\/\/www.meydan.tv\/az\/#organization"},"potentialAction":[{"@type":"SearchAction","target":{"@type":"EntryPoint","urlTemplate":"https:\/\/www.meydan.tv\/az\/?s={search_term_string}"},"query-input":{"@type":"PropertyValueSpecification","valueRequired":true,"valueName":"search_term_string"}}],"inLanguage":"az"},{"@type":"Organization","@id":"https:\/\/www.meydan.tv\/az\/#organization","name":"Meydan TV","url":"https:\/\/www.meydan.tv\/az\/","logo":{"@type":"ImageObject","inLanguage":"az","@id":"https:\/\/www.meydan.tv\/az\/#\/schema\/logo\/image\/","url":"https:\/\/www.meydan.tv\/wp-content\/uploads\/2021\/07\/meydan-logo.svg","contentUrl":"https:\/\/www.meydan.tv\/wp-content\/uploads\/2021\/07\/meydan-logo.svg","width":195,"height":46,"caption":"Meydan TV"},"image":{"@id":"https:\/\/www.meydan.tv\/az\/#\/schema\/logo\/image\/"}},{"@type":"Person","@id":"https:\/\/www.meydan.tv\/az\/#\/schema\/person\/9cdbecf90d17180ce1dfbd95b08dcf47","name":"elli","sameAs":["https:\/\/x.com\/elli"]}]}},"_links":{"self":[{"href":"https:\/\/www.meydan.tv\/az\/wp-json\/wp\/v2\/posts\/261643","targetHints":{"allow":["GET"]}}],"collection":[{"href":"https:\/\/www.meydan.tv\/az\/wp-json\/wp\/v2\/posts"}],"about":[{"href":"https:\/\/www.meydan.tv\/az\/wp-json\/wp\/v2\/types\/post"}],"author":[{"embeddable":true,"href":"https:\/\/www.meydan.tv\/az\/wp-json\/wp\/v2\/users\/8"}],"replies":[{"embeddable":true,"href":"https:\/\/www.meydan.tv\/az\/wp-json\/wp\/v2\/comments?post=261643"}],"version-history":[{"count":1,"href":"https:\/\/www.meydan.tv\/az\/wp-json\/wp\/v2\/posts\/261643\/revisions"}],"predecessor-version":[{"id":261648,"href":"https:\/\/www.meydan.tv\/az\/wp-json\/wp\/v2\/posts\/261643\/revisions\/261648"}],"wp:featuredmedia":[{"embeddable":true,"href":"https:\/\/www.meydan.tv\/az\/wp-json\/wp\/v2\/media\/241424"}],"wp:attachment":[{"href":"https:\/\/www.meydan.tv\/az\/wp-json\/wp\/v2\/media?parent=261643"}],"wp:term":[{"taxonomy":"category","embeddable":true,"href":"https:\/\/www.meydan.tv\/az\/wp-json\/wp\/v2\/categories?post=261643"},{"taxonomy":"post_tag","embeddable":true,"href":"https:\/\/www.meydan.tv\/az\/wp-json\/wp\/v2\/tags?post=261643"}],"curies":[{"name":"wp","href":"https:\/\/api.w.org\/{rel}","templated":true}]}}