{"id":261532,"date":"2022-11-23T14:21:45","date_gmt":"2022-11-23T10:21:45","guid":{"rendered":"https:\/\/www.meydan.tv\/?p=261532"},"modified":"2022-11-23T14:21:47","modified_gmt":"2022-11-23T10:21:47","slug":"lenkeran-sakini-herbi-komissarliqda-dediler-sen-sehid-olmusan","status":"publish","type":"post","link":"https:\/\/www.meydan.tv\/az\/article\/lenkeran-sakini-herbi-komissarliqda-dediler-sen-sehid-olmusan\/","title":{"rendered":"L\u0259nk\u0259ran sakini: \u201cH\u0259rbi komissarl\u0131qda dedil\u0259r, s\u0259n \u015f\u0259hid olmusan\u201d"},"content":{"rendered":"\n<p><\/p>\n\n\n\n<p><em>\u018ffqan K\u0259rimovun iddias\u0131na g\u00f6r\u0259, 30 il\u0259 yax\u0131nd\u0131r ki, h\u0259rbi xidm\u0259td\u0259n qay\u0131d\u0131b, ancaq h\u0259l\u0259 d\u0259 n\u0259 h\u0259rbi bileti, n\u0259 d\u0259 \u015f\u0259xsiyy\u0259t v\u0259siq\u0259si var<\/em><\/p>\n\n\n\n<p>\u201cS\u0259n\u0259dimi L\u0259nk\u0259ran H\u0259rbi Komissarl\u0131\u011f\u0131na verib ged\u0259nd\u0259 18 ya\u015f\u0131m vard\u0131. \u0130ndi 47 ya\u015f\u0131m var, ancaq h\u0259l\u0259 d\u0259 h\u0259rbi biletim, \u015f\u0259xsiyy\u0259t v\u0259siq\u0259m yoxdur. D\u0259f\u0259l\u0259rl\u0259 h\u0259rbi komissarl\u0131\u011fa getdim, dedil\u0259r, bizd\u0259 olan m\u0259lumata g\u00f6r\u0259, s\u0259n \u015f\u0259hid olmusan\u201d.<\/p>\n\n\n\n<p>L\u0259nk\u0259ran sakini \u018ffqan K\u0259rimov Meydan TV-y\u0259 dan\u0131\u015f\u0131r ki, 1993-c\u00fc ild\u0259 h\u0259rbi xidm\u0259t\u0259 gedib. Dem\u0259sin\u0259 g\u00f6r\u0259, L\u0259nk\u0259ran Rayon H\u0259rbi Komissarl\u0131\u011f\u0131ndan \u0259vv\u0259l Pir\u0259k\u0259\u015fk\u00fcld\u0259ki, sonra G\u0259nc\u0259d\u0259ki N sayl\u0131 h\u0259rbi hiss\u0259d\u0259, daha sonra K\u0259lb\u0259c\u0259rd\u0259, Murovda\u011fda xidm\u0259t edib. Sonra yen\u0259 G\u0259nc\u0259d\u0259ki N sayl\u0131 h\u0259rbi hiss\u0259y\u0259 qaytar\u0131l\u0131b.<\/p>\n\n\n\n<p><strong>\u201cSur\u0259tin batalyonunda xidm\u0259t etmi\u015f\u0259m, h\u0259rbi hiss\u0259d\u0259 yaralanm\u0131\u015fam\u201d<\/strong><\/p>\n\n\n\n<p>\u018ffqan K\u0259rimovun dem\u0259sin\u0259 g\u00f6r\u0259, h\u0259rbi hiss\u0259nin h\u0259y\u0259tind\u0259 yaralan\u0131b:<\/p>\n\n\n\n<p>\u201cSur\u0259tin batalyonunda olmu\u015fam. K\u0259lb\u0259c\u0259r\u0259, Murovda\u011fa h\u0259min batalyonun t\u0259rkibind\u0259 gedib, d\u00f6y\u00fc\u015f\u00fcb G\u0259nc\u0259y\u0259 qay\u0131tm\u0131\u015fam. H\u0259rbi hiss\u0259nin \u0259razisind\u0259 mina basd\u0131r\u0131lm\u0131\u015fd\u0131, m\u0259n d\u0259 h\u0259min minaya d\u00fc\u015fm\u00fc\u015fd\u00fcm. Ba\u015f\u0131mdan, aya\u011f\u0131mdan yaraland\u0131m. Uzun m\u00fcdd\u0259t G\u0259nc\u0259d\u0259ki h\u0259rbi hospitalda m\u00fcalic\u0259 olundum, hospitaldan ev\u0259 burax\u0131ld\u0131m. M\u0259n\u0259 bildirilmi\u015fdi ki, L\u0259nk\u0259ran\u0131n H\u0259rbi Komissarl\u0131\u011f\u0131na gedib, h\u0259rbi biletimi g\u00f6t\u00fcr\u00fcm. S\u0259hh\u0259timl\u0259 \u0259laq\u0259dar h\u0259rbi biletin dal\u0131nca bir m\u00fcdd\u0259t ged\u0259 bilm\u0259dim. Sonralar ged\u0259nd\u0259 is\u0259 bildirdil\u0259r ki, s\u0259nin h\u0259rbi biletin h\u0259rbi hiss\u0259d\u0259n biz\u0259 g\u0259lm\u0259yib\u201d.<\/p>\n\n\n\n<p><strong>\u201c\u00d6mr\u00fcm\u00fc s\u0259n\u0259dsiz, s\u00fcbutsuz yar\u0131 etdim\u201d<\/strong><\/p>\n\n\n\n<p>\u018ffqan K\u0259rimov iddia edir ki, uzun m\u00fcdd\u0259t h\u0259rbi hiss\u0259yl\u0259 h\u0259rbi komissarl\u0131q aras\u0131nda qalsa da, n\u0259tic\u0259si olmay\u0131b:<\/p>\n\n\n\n<p>\u201cM\u0259n h\u0259rbi xidm\u0259t\u0259 \u00e7a\u011f\u0131r\u0131landa q\u0131rm\u0131z\u0131 pasportumu alma\u011fa gecikmi\u015fdim dey\u0259, h\u0259rbi komissarl\u0131\u011fa do\u011fum haqq\u0131nda \u015f\u0259had\u0259tnam\u0259 vermi\u015fdim. Sonralar m\u0259n\u0259 problem yaradan s\u0259b\u0259bl\u0259rd\u0259n biri d\u0259 bu oldu. Bir d\u0259f\u0259 h\u0259rbi komissarl\u0131\u011fa ged\u0259nd\u0259 is\u0259 \u00fcz\u00fcm\u0259 dedil\u0259r ki, bizd\u0259 olan m\u0259lumata g\u00f6r\u0259, s\u0259n \u015f\u0259hid olmusan. Uzun m\u00fcdd\u0259t h\u0259rbi bilet \u00fc\u00e7\u00fcn gedib-g\u0259ldim. 47 ya\u015f\u0131m var, 18 ya\u015f\u0131nda \u00e7\u0259kdiyim h\u0259rbi xidm\u0259tin h\u0259rbi biletini h\u0259l\u0259 d\u0259 ala bilm\u0259mi\u015f\u0259m. N\u0259tic\u0259d\u0259 \u015f\u0259xsiyy\u0259t v\u0259siq\u0259si d\u0259 ala bilm\u0259mi\u015f\u0259m. Gedir\u0259m \u015f\u0259xsiyy\u0259t v\u0259siq\u0259si alma\u011fa, deyirl\u0259r, h\u0259rbi bileti t\u0259qdim et, gedir\u0259m h\u0259rbi bileti alma\u011fa, deyirl\u0259r, \u015f\u0259xsiyy\u0259t v\u0259siq\u0259n yoxdu, ver\u0259 bilm\u0259rik. Bel\u0259c\u0259, \u00f6mr\u00fcm\u00fcn yar\u0131s\u0131ndan \u00e7oxunu s\u0259n\u0259dsiz-s\u00fcbutsuz ba\u015fa vurmu\u015fam\u201d.<\/p>\n\n\n\n<p>\u018ffqan K\u0259rimov deyir, \u0259lind\u0259 birc\u0259 hospitaldan burax\u0131lmas\u0131 il\u0259 ba\u011fl\u0131 s\u0259n\u0259d olub, onu da bir ne\u00e7\u0259 il \u0259vv\u0259l el\u0259 s\u0259n\u0259dl\u0259rini d\u00fcz\u0259ltm\u0259k \u00fc\u00e7\u00fcn gedib-g\u0259ldiyi d\u00f6vl\u0259t idar\u0259l\u0259rind\u0259 g\u00f6t\u00fcr\u00fcbl\u0259r, sonradan o da geri qaytar\u0131lmay\u0131b.<\/p>\n\n\n\n<p>L\u0259nk\u0259ran Rayon H\u0259rbi Xidm\u0259t\u0259 \u00c7a\u011f\u0131r\u0131\u015f v\u0259 S\u0259f\u0259rb\u0259rlik \u0130dar\u0259sind\u0259n m\u0259s\u0259l\u0259y\u0259 m\u00fcasib\u0259t \u00f6yr\u0259nm\u0259k m\u00fcmk\u00fcn olmay\u0131b.<\/p>\n\n\n\n<p>H\u00fcquq\u015f\u00fcnas Namiz\u0259d S\u0259f\u0259rov deyir, \u018ffqan K\u0259rimov M\u00fcdafi\u0259 Nazirliyinin arxivin\u0259 m\u0259ktubla m\u00fcraci\u0259t etm\u0259lidir:<\/p>\n\n\n\n<p>\u201cH\u0259r bir halda v\u0259t\u0259nda\u015f\u0131n h\u0259rbi xidm\u0259tl\u0259 ba\u011fl\u0131 m\u0259lumatlar\u0131 arxivd\u0259 var. H\u0259min arxiv s\u0259n\u0259di \u0259sas\u0131nda h\u0259rbi biletini b\u0259rpa ed\u0259 bil\u0259r. \u015e\u0259hid oldu\u011funu bildirm\u0259l\u0259ri il\u0259 ba\u011fl\u0131 v\u0259t\u0259nda\u015f\u0131n dedikl\u0259ri is\u0259 ciddi g\u00f6r\u00fcnm\u00fcr\u201d.<\/p>\n","protected":false},"excerpt":{"rendered":"<p>\u018ffqan K\u0259rimovun iddias\u0131na g\u00f6r\u0259, 30 il\u0259 yax\u0131nd\u0131r ki, h\u0259rbi xidm\u0259td\u0259n &#8230; <\/p>\n<p class=\"read-more-container\"><a title=\"L\u0259nk\u0259ran sakini: \u201cH\u0259rbi komissarl\u0131qda dedil\u0259r, s\u0259n \u015f\u0259hid olmusan\u201d\" class=\"read-more button\" href=\"https:\/\/www.meydan.tv\/az\/article\/lenkeran-sakini-herbi-komissarliqda-dediler-sen-sehid-olmusan\/#more-261532\" aria-label=\"Read more about L\u0259nk\u0259ran sakini: \u201cH\u0259rbi komissarl\u0131qda dedil\u0259r, s\u0259n \u015f\u0259hid olmusan\u201d\">Davam\u0131<\/a><\/p>\n","protected":false},"author":8,"featured_media":261522,"comment_status":"closed","ping_status":"closed","sticky":false,"template":"","format":"standard","meta":{"_acf_changed":false,"_sitemap_exclude":false,"_sitemap_priority":"","_sitemap_frequency":"","footnotes":""},"categories":[60,56],"tags":[],"class_list":["post-261532","post","type-post","status-publish","format-standard","has-post-thumbnail","hentry","category-bolge","category-xeberler","infinite-scroll-item","generate-columns","tablet-grid-50","mobile-grid-100","grid-parent","grid-33","no-featured-image-padding"],"acf":[],"yoast_head":"<!-- This site is optimized with the Yoast SEO plugin v27.5 - https:\/\/yoast.com\/product\/yoast-seo-wordpress\/ -->\n<title>L\u0259nk\u0259ran sakini: \u201cH\u0259rbi komissarl\u0131qda dedil\u0259r, s\u0259n \u015f\u0259hid olmusan\u201d - MEYDAN.TV<\/title>\n<meta name=\"robots\" content=\"index, follow, max-snippet:-1, max-image-preview:large, max-video-preview:-1\" \/>\n<link rel=\"canonical\" href=\"https:\/\/www.meydan.tv\/az\/article\/lenkeran-sakini-herbi-komissarliqda-dediler-sen-sehid-olmusan\/\" \/>\n<meta property=\"og:locale\" content=\"az_AZ\" \/>\n<meta property=\"og:type\" content=\"article\" \/>\n<meta property=\"og:title\" content=\"L\u0259nk\u0259ran sakini: \u201cH\u0259rbi komissarl\u0131qda dedil\u0259r, s\u0259n \u015f\u0259hid olmusan\u201d - MEYDAN.TV\" \/>\n<meta property=\"og:description\" content=\"\u018ffqan K\u0259rimovun iddias\u0131na g\u00f6r\u0259, 30 il\u0259 yax\u0131nd\u0131r ki, h\u0259rbi xidm\u0259td\u0259n ... Davam\u0131\" \/>\n<meta property=\"og:url\" content=\"https:\/\/www.meydan.tv\/az\/article\/lenkeran-sakini-herbi-komissarliqda-dediler-sen-sehid-olmusan\/\" \/>\n<meta property=\"og:site_name\" content=\"MEYDAN.TV\" \/>\n<meta property=\"article:published_time\" content=\"2022-11-23T10:21:45+00:00\" \/>\n<meta property=\"article:modified_time\" content=\"2022-11-23T10:21:47+00:00\" \/>\n<meta property=\"og:image\" content=\"https:\/\/www.meydan.tv\/wp-content\/uploads\/86d57870253363b2d84c7c968c922a52.jpg\" \/>\n\t<meta property=\"og:image:width\" content=\"1200\" \/>\n\t<meta property=\"og:image:height\" content=\"613\" \/>\n\t<meta property=\"og:image:type\" content=\"image\/jpeg\" \/>\n<meta name=\"author\" content=\"elli\" \/>\n<meta name=\"twitter:card\" content=\"summary_large_image\" \/>\n<meta name=\"twitter:creator\" content=\"@elli\" \/>\n<script type=\"application\/ld+json\" class=\"yoast-schema-graph\">{\"@context\":\"https:\\\/\\\/schema.org\",\"@graph\":[{\"@type\":\"Article\",\"@id\":\"https:\\\/\\\/www.meydan.tv\\\/az\\\/article\\\/lenkeran-sakini-herbi-komissarliqda-dediler-sen-sehid-olmusan\\\/#article\",\"isPartOf\":{\"@id\":\"https:\\\/\\\/www.meydan.tv\\\/az\\\/article\\\/lenkeran-sakini-herbi-komissarliqda-dediler-sen-sehid-olmusan\\\/\"},\"author\":{\"name\":\"elli\",\"@id\":\"https:\\\/\\\/www.meydan.tv\\\/az\\\/#\\\/schema\\\/person\\\/9cdbecf90d17180ce1dfbd95b08dcf47\"},\"headline\":\"L\u0259nk\u0259ran sakini: \u201cH\u0259rbi komissarl\u0131qda dedil\u0259r, s\u0259n \u015f\u0259hid olmusan\u201d\",\"datePublished\":\"2022-11-23T10:21:45+00:00\",\"dateModified\":\"2022-11-23T10:21:47+00:00\",\"mainEntityOfPage\":{\"@id\":\"https:\\\/\\\/www.meydan.tv\\\/az\\\/article\\\/lenkeran-sakini-herbi-komissarliqda-dediler-sen-sehid-olmusan\\\/\"},\"wordCount\":702,\"publisher\":{\"@id\":\"https:\\\/\\\/www.meydan.tv\\\/az\\\/#organization\"},\"image\":{\"@id\":\"https:\\\/\\\/www.meydan.tv\\\/az\\\/article\\\/lenkeran-sakini-herbi-komissarliqda-dediler-sen-sehid-olmusan\\\/#primaryimage\"},\"thumbnailUrl\":\"https:\\\/\\\/www.meydan.tv\\\/wp-content\\\/uploads\\\/86d57870253363b2d84c7c968c922a52.jpg\",\"articleSection\":[\"B\u00f6lg\u0259\",\"X\u0259b\u0259rl\u0259r\"],\"inLanguage\":\"az\"},{\"@type\":\"WebPage\",\"@id\":\"https:\\\/\\\/www.meydan.tv\\\/az\\\/article\\\/lenkeran-sakini-herbi-komissarliqda-dediler-sen-sehid-olmusan\\\/\",\"url\":\"https:\\\/\\\/www.meydan.tv\\\/az\\\/article\\\/lenkeran-sakini-herbi-komissarliqda-dediler-sen-sehid-olmusan\\\/\",\"name\":\"L\u0259nk\u0259ran sakini: \u201cH\u0259rbi komissarl\u0131qda dedil\u0259r, s\u0259n \u015f\u0259hid olmusan\u201d - MEYDAN.TV\",\"isPartOf\":{\"@id\":\"https:\\\/\\\/www.meydan.tv\\\/az\\\/#website\"},\"primaryImageOfPage\":{\"@id\":\"https:\\\/\\\/www.meydan.tv\\\/az\\\/article\\\/lenkeran-sakini-herbi-komissarliqda-dediler-sen-sehid-olmusan\\\/#primaryimage\"},\"image\":{\"@id\":\"https:\\\/\\\/www.meydan.tv\\\/az\\\/article\\\/lenkeran-sakini-herbi-komissarliqda-dediler-sen-sehid-olmusan\\\/#primaryimage\"},\"thumbnailUrl\":\"https:\\\/\\\/www.meydan.tv\\\/wp-content\\\/uploads\\\/86d57870253363b2d84c7c968c922a52.jpg\",\"datePublished\":\"2022-11-23T10:21:45+00:00\",\"dateModified\":\"2022-11-23T10:21:47+00:00\",\"breadcrumb\":{\"@id\":\"https:\\\/\\\/www.meydan.tv\\\/az\\\/article\\\/lenkeran-sakini-herbi-komissarliqda-dediler-sen-sehid-olmusan\\\/#breadcrumb\"},\"inLanguage\":\"az\",\"potentialAction\":[{\"@type\":\"ReadAction\",\"target\":[\"https:\\\/\\\/www.meydan.tv\\\/az\\\/article\\\/lenkeran-sakini-herbi-komissarliqda-dediler-sen-sehid-olmusan\\\/\"]}]},{\"@type\":\"ImageObject\",\"inLanguage\":\"az\",\"@id\":\"https:\\\/\\\/www.meydan.tv\\\/az\\\/article\\\/lenkeran-sakini-herbi-komissarliqda-dediler-sen-sehid-olmusan\\\/#primaryimage\",\"url\":\"https:\\\/\\\/www.meydan.tv\\\/wp-content\\\/uploads\\\/86d57870253363b2d84c7c968c922a52.jpg\",\"contentUrl\":\"https:\\\/\\\/www.meydan.tv\\\/wp-content\\\/uploads\\\/86d57870253363b2d84c7c968c922a52.jpg\",\"width\":1200,\"height\":613,\"caption\":\"S\u0259f\u0259rb\u0259rlik v\u0259 H\u0259rbi Xidm\u0259t\u0259 \u00c7a\u011f\u0131r\u0131\u015f \u00fczr\u0259 D\u00f6vl\u0259t Xidm\u0259ti.\"},{\"@type\":\"BreadcrumbList\",\"@id\":\"https:\\\/\\\/www.meydan.tv\\\/az\\\/article\\\/lenkeran-sakini-herbi-komissarliqda-dediler-sen-sehid-olmusan\\\/#breadcrumb\",\"itemListElement\":[{\"@type\":\"ListItem\",\"position\":1,\"name\":\"Ana s\u0259hif\u0259\",\"item\":\"https:\\\/\\\/www.meydan.tv\\\/az\\\/\"},{\"@type\":\"ListItem\",\"position\":2,\"name\":\"B\u00f6lg\u0259\",\"item\":\"https:\\\/\\\/www.meydan.tv\\\/az\\\/section\\\/bolge\\\/\"},{\"@type\":\"ListItem\",\"position\":3,\"name\":\"L\u0259nk\u0259ran sakini: \u201cH\u0259rbi komissarl\u0131qda dedil\u0259r, s\u0259n \u015f\u0259hid olmusan\u201d\"}]},{\"@type\":\"WebSite\",\"@id\":\"https:\\\/\\\/www.meydan.tv\\\/az\\\/#website\",\"url\":\"https:\\\/\\\/www.meydan.tv\\\/az\\\/\",\"name\":\"MEYDAN.TV\",\"description\":\"Meydan TV Az\u0259rbaycan\u0131n media m\u0259kan\u0131ndak\u0131 alternativ s\u0259sidir\",\"publisher\":{\"@id\":\"https:\\\/\\\/www.meydan.tv\\\/az\\\/#organization\"},\"potentialAction\":[{\"@type\":\"SearchAction\",\"target\":{\"@type\":\"EntryPoint\",\"urlTemplate\":\"https:\\\/\\\/www.meydan.tv\\\/az\\\/?s={search_term_string}\"},\"query-input\":{\"@type\":\"PropertyValueSpecification\",\"valueRequired\":true,\"valueName\":\"search_term_string\"}}],\"inLanguage\":\"az\"},{\"@type\":\"Organization\",\"@id\":\"https:\\\/\\\/www.meydan.tv\\\/az\\\/#organization\",\"name\":\"Meydan TV\",\"url\":\"https:\\\/\\\/www.meydan.tv\\\/az\\\/\",\"logo\":{\"@type\":\"ImageObject\",\"inLanguage\":\"az\",\"@id\":\"https:\\\/\\\/www.meydan.tv\\\/az\\\/#\\\/schema\\\/logo\\\/image\\\/\",\"url\":\"https:\\\/\\\/www.meydan.tv\\\/wp-content\\\/uploads\\\/2021\\\/07\\\/meydan-logo.svg\",\"contentUrl\":\"https:\\\/\\\/www.meydan.tv\\\/wp-content\\\/uploads\\\/2021\\\/07\\\/meydan-logo.svg\",\"width\":195,\"height\":46,\"caption\":\"Meydan TV\"},\"image\":{\"@id\":\"https:\\\/\\\/www.meydan.tv\\\/az\\\/#\\\/schema\\\/logo\\\/image\\\/\"}},{\"@type\":\"Person\",\"@id\":\"https:\\\/\\\/www.meydan.tv\\\/az\\\/#\\\/schema\\\/person\\\/9cdbecf90d17180ce1dfbd95b08dcf47\",\"name\":\"elli\",\"sameAs\":[\"https:\\\/\\\/x.com\\\/elli\"]}]}<\/script>\n<!-- \/ Yoast SEO plugin. -->","yoast_head_json":{"title":"L\u0259nk\u0259ran sakini: \u201cH\u0259rbi komissarl\u0131qda dedil\u0259r, s\u0259n \u015f\u0259hid olmusan\u201d - MEYDAN.TV","robots":{"index":"index","follow":"follow","max-snippet":"max-snippet:-1","max-image-preview":"max-image-preview:large","max-video-preview":"max-video-preview:-1"},"canonical":"https:\/\/www.meydan.tv\/az\/article\/lenkeran-sakini-herbi-komissarliqda-dediler-sen-sehid-olmusan\/","og_locale":"az_AZ","og_type":"article","og_title":"L\u0259nk\u0259ran sakini: \u201cH\u0259rbi komissarl\u0131qda dedil\u0259r, s\u0259n \u015f\u0259hid olmusan\u201d - MEYDAN.TV","og_description":"\u018ffqan K\u0259rimovun iddias\u0131na g\u00f6r\u0259, 30 il\u0259 yax\u0131nd\u0131r ki, h\u0259rbi xidm\u0259td\u0259n ... Davam\u0131","og_url":"https:\/\/www.meydan.tv\/az\/article\/lenkeran-sakini-herbi-komissarliqda-dediler-sen-sehid-olmusan\/","og_site_name":"MEYDAN.TV","article_published_time":"2022-11-23T10:21:45+00:00","article_modified_time":"2022-11-23T10:21:47+00:00","og_image":[{"width":1200,"height":613,"url":"https:\/\/www.meydan.tv\/wp-content\/uploads\/86d57870253363b2d84c7c968c922a52.jpg","type":"image\/jpeg"}],"author":"elli","twitter_card":"summary_large_image","twitter_creator":"@elli","schema":{"@context":"https:\/\/schema.org","@graph":[{"@type":"Article","@id":"https:\/\/www.meydan.tv\/az\/article\/lenkeran-sakini-herbi-komissarliqda-dediler-sen-sehid-olmusan\/#article","isPartOf":{"@id":"https:\/\/www.meydan.tv\/az\/article\/lenkeran-sakini-herbi-komissarliqda-dediler-sen-sehid-olmusan\/"},"author":{"name":"elli","@id":"https:\/\/www.meydan.tv\/az\/#\/schema\/person\/9cdbecf90d17180ce1dfbd95b08dcf47"},"headline":"L\u0259nk\u0259ran sakini: \u201cH\u0259rbi komissarl\u0131qda dedil\u0259r, s\u0259n \u015f\u0259hid olmusan\u201d","datePublished":"2022-11-23T10:21:45+00:00","dateModified":"2022-11-23T10:21:47+00:00","mainEntityOfPage":{"@id":"https:\/\/www.meydan.tv\/az\/article\/lenkeran-sakini-herbi-komissarliqda-dediler-sen-sehid-olmusan\/"},"wordCount":702,"publisher":{"@id":"https:\/\/www.meydan.tv\/az\/#organization"},"image":{"@id":"https:\/\/www.meydan.tv\/az\/article\/lenkeran-sakini-herbi-komissarliqda-dediler-sen-sehid-olmusan\/#primaryimage"},"thumbnailUrl":"https:\/\/www.meydan.tv\/wp-content\/uploads\/86d57870253363b2d84c7c968c922a52.jpg","articleSection":["B\u00f6lg\u0259","X\u0259b\u0259rl\u0259r"],"inLanguage":"az"},{"@type":"WebPage","@id":"https:\/\/www.meydan.tv\/az\/article\/lenkeran-sakini-herbi-komissarliqda-dediler-sen-sehid-olmusan\/","url":"https:\/\/www.meydan.tv\/az\/article\/lenkeran-sakini-herbi-komissarliqda-dediler-sen-sehid-olmusan\/","name":"L\u0259nk\u0259ran sakini: \u201cH\u0259rbi komissarl\u0131qda dedil\u0259r, s\u0259n \u015f\u0259hid olmusan\u201d - MEYDAN.TV","isPartOf":{"@id":"https:\/\/www.meydan.tv\/az\/#website"},"primaryImageOfPage":{"@id":"https:\/\/www.meydan.tv\/az\/article\/lenkeran-sakini-herbi-komissarliqda-dediler-sen-sehid-olmusan\/#primaryimage"},"image":{"@id":"https:\/\/www.meydan.tv\/az\/article\/lenkeran-sakini-herbi-komissarliqda-dediler-sen-sehid-olmusan\/#primaryimage"},"thumbnailUrl":"https:\/\/www.meydan.tv\/wp-content\/uploads\/86d57870253363b2d84c7c968c922a52.jpg","datePublished":"2022-11-23T10:21:45+00:00","dateModified":"2022-11-23T10:21:47+00:00","breadcrumb":{"@id":"https:\/\/www.meydan.tv\/az\/article\/lenkeran-sakini-herbi-komissarliqda-dediler-sen-sehid-olmusan\/#breadcrumb"},"inLanguage":"az","potentialAction":[{"@type":"ReadAction","target":["https:\/\/www.meydan.tv\/az\/article\/lenkeran-sakini-herbi-komissarliqda-dediler-sen-sehid-olmusan\/"]}]},{"@type":"ImageObject","inLanguage":"az","@id":"https:\/\/www.meydan.tv\/az\/article\/lenkeran-sakini-herbi-komissarliqda-dediler-sen-sehid-olmusan\/#primaryimage","url":"https:\/\/www.meydan.tv\/wp-content\/uploads\/86d57870253363b2d84c7c968c922a52.jpg","contentUrl":"https:\/\/www.meydan.tv\/wp-content\/uploads\/86d57870253363b2d84c7c968c922a52.jpg","width":1200,"height":613,"caption":"S\u0259f\u0259rb\u0259rlik v\u0259 H\u0259rbi Xidm\u0259t\u0259 \u00c7a\u011f\u0131r\u0131\u015f \u00fczr\u0259 D\u00f6vl\u0259t Xidm\u0259ti."},{"@type":"BreadcrumbList","@id":"https:\/\/www.meydan.tv\/az\/article\/lenkeran-sakini-herbi-komissarliqda-dediler-sen-sehid-olmusan\/#breadcrumb","itemListElement":[{"@type":"ListItem","position":1,"name":"Ana s\u0259hif\u0259","item":"https:\/\/www.meydan.tv\/az\/"},{"@type":"ListItem","position":2,"name":"B\u00f6lg\u0259","item":"https:\/\/www.meydan.tv\/az\/section\/bolge\/"},{"@type":"ListItem","position":3,"name":"L\u0259nk\u0259ran sakini: \u201cH\u0259rbi komissarl\u0131qda dedil\u0259r, s\u0259n \u015f\u0259hid olmusan\u201d"}]},{"@type":"WebSite","@id":"https:\/\/www.meydan.tv\/az\/#website","url":"https:\/\/www.meydan.tv\/az\/","name":"MEYDAN.TV","description":"Meydan TV Az\u0259rbaycan\u0131n media m\u0259kan\u0131ndak\u0131 alternativ s\u0259sidir","publisher":{"@id":"https:\/\/www.meydan.tv\/az\/#organization"},"potentialAction":[{"@type":"SearchAction","target":{"@type":"EntryPoint","urlTemplate":"https:\/\/www.meydan.tv\/az\/?s={search_term_string}"},"query-input":{"@type":"PropertyValueSpecification","valueRequired":true,"valueName":"search_term_string"}}],"inLanguage":"az"},{"@type":"Organization","@id":"https:\/\/www.meydan.tv\/az\/#organization","name":"Meydan TV","url":"https:\/\/www.meydan.tv\/az\/","logo":{"@type":"ImageObject","inLanguage":"az","@id":"https:\/\/www.meydan.tv\/az\/#\/schema\/logo\/image\/","url":"https:\/\/www.meydan.tv\/wp-content\/uploads\/2021\/07\/meydan-logo.svg","contentUrl":"https:\/\/www.meydan.tv\/wp-content\/uploads\/2021\/07\/meydan-logo.svg","width":195,"height":46,"caption":"Meydan TV"},"image":{"@id":"https:\/\/www.meydan.tv\/az\/#\/schema\/logo\/image\/"}},{"@type":"Person","@id":"https:\/\/www.meydan.tv\/az\/#\/schema\/person\/9cdbecf90d17180ce1dfbd95b08dcf47","name":"elli","sameAs":["https:\/\/x.com\/elli"]}]}},"_links":{"self":[{"href":"https:\/\/www.meydan.tv\/az\/wp-json\/wp\/v2\/posts\/261532","targetHints":{"allow":["GET"]}}],"collection":[{"href":"https:\/\/www.meydan.tv\/az\/wp-json\/wp\/v2\/posts"}],"about":[{"href":"https:\/\/www.meydan.tv\/az\/wp-json\/wp\/v2\/types\/post"}],"author":[{"embeddable":true,"href":"https:\/\/www.meydan.tv\/az\/wp-json\/wp\/v2\/users\/8"}],"replies":[{"embeddable":true,"href":"https:\/\/www.meydan.tv\/az\/wp-json\/wp\/v2\/comments?post=261532"}],"version-history":[{"count":1,"href":"https:\/\/www.meydan.tv\/az\/wp-json\/wp\/v2\/posts\/261532\/revisions"}],"predecessor-version":[{"id":261533,"href":"https:\/\/www.meydan.tv\/az\/wp-json\/wp\/v2\/posts\/261532\/revisions\/261533"}],"wp:featuredmedia":[{"embeddable":true,"href":"https:\/\/www.meydan.tv\/az\/wp-json\/wp\/v2\/media\/261522"}],"wp:attachment":[{"href":"https:\/\/www.meydan.tv\/az\/wp-json\/wp\/v2\/media?parent=261532"}],"wp:term":[{"taxonomy":"category","embeddable":true,"href":"https:\/\/www.meydan.tv\/az\/wp-json\/wp\/v2\/categories?post=261532"},{"taxonomy":"post_tag","embeddable":true,"href":"https:\/\/www.meydan.tv\/az\/wp-json\/wp\/v2\/tags?post=261532"}],"curies":[{"name":"wp","href":"https:\/\/api.w.org\/{rel}","templated":true}]}}