{"id":261520,"date":"2022-11-23T14:14:06","date_gmt":"2022-11-23T10:14:06","guid":{"rendered":"https:\/\/www.meydan.tv\/?p=261520"},"modified":"2022-11-23T14:14:12","modified_gmt":"2022-11-23T10:14:12","slug":"eurovision-maliyye-catismazligi-sebebinden-qaydalari-deyisir","status":"publish","type":"post","link":"https:\/\/www.meydan.tv\/az\/article\/eurovision-maliyye-catismazligi-sebebinden-qaydalari-deyisir\/","title":{"rendered":"<strong>\u201cEurovision\u201d maliyy\u0259 \u00e7at\u0131\u015fmazl\u0131\u011f\u0131 s\u0259b\u0259bind\u0259n qaydalar\u0131 d\u0259yi\u015fir<\/strong>"},"content":{"rendered":"\n<p><\/p>\n\n\n\n<p><em>Yar\u0131mfinal i\u015ftirak\u00e7\u0131lar\u0131n\u0131n taleyini pullu s\u0259sverm\u0259 il\u0259 ist\u0259nil\u0259n \u00f6lk\u0259nin tama\u015fa\u00e7\u0131lar\u0131 h\u0259ll ed\u0259c\u0259k<\/em><\/p>\n\n\n\n<p>\u201cEurovision\u201d Musiqi M\u00fcsabiq\u0259sinin s\u0259sverm\u0259 qaydalar\u0131 d\u0259yi\u015fdirilib.<\/p>\n\n\n\n<p>Yar\u0131\u015fman\u0131n r\u0259smi sayt\u0131nda yerl\u0259\u015fdiril\u0259n m\u0259lumatda qeyd olunur ki, s\u0259sverm\u0259 qaydalar\u0131 \u00f6t\u0259nilki t\u0259dbird\u0259 m\u00fcnsifl\u0259r hey\u0259tinin s\u00f6vd\u0259l\u0259\u015fm\u0259si qalmaqal\u0131na g\u00f6r\u0259 <a href=\"https:\/\/d9mc3ts4czbpr.cloudfront.net\/az\/article\/eurovision-2022de-skandal-guman-ki-siyasi-motivlidir\/\" target=\"_blank\" rel=\"noreferrer noopener\">d\u0259yi\u015fdirilib<\/a>.<\/p>\n\n\n\n<p>\u201cAvropa Yay\u0131m Birliyi 2022-ci ild\u0259 ke\u00e7iril\u0259n m\u00fcsabiq\u0259d\u0259 m\u00fc\u0259yy\u0259n edilmi\u015f s\u0259sverm\u0259 pozuntular\u0131 il\u0259 \u0259laq\u0259dar i\u015f\u00e7i qrupu yarad\u0131b\u201d, &#8211; m\u00fcsabiq\u0259nin sayt\u0131nda <a href=\"https:\/\/eurovision.tv\/story\/voting-changes-announced-eurovision-song-contest-2023\" target=\"_blank\" rel=\"noreferrer noopener\">deyilir<\/a>.<\/p>\n\n\n\n<p>M\u0259lumatda qeyd olunur ki, \u201cEurovision\u201d m\u00fcnsifl\u0259r hey\u0259tinin \u00fczvl\u0259ri yaln\u0131z m\u00fcsabiq\u0259nin final m\u0259rh\u0259l\u0259sind\u0259 s\u0259s ver\u0259 bil\u0259c\u0259kl\u0259r.<\/p>\n\n\n\n<p>Yar\u0131mfinal\u0131n i\u015ftirak\u00e7\u0131lar\u0131n\u0131n taleyini is\u0259 pullu s\u0259sverm\u0259 yolu il\u0259 ist\u0259nil\u0259n \u00f6lk\u0259nin tama\u015fa\u00e7\u0131lar\u0131 h\u0259ll ed\u0259c\u0259k.<\/p>\n\n\n\n<p>Ekspertl\u0259r hesab edir ki, yar\u0131\u015fman\u0131n t\u0259\u015fkilat\u00e7\u0131lar\u0131 qaydalara d\u0259yi\u015fikliyi d\u00fcnyadak\u0131 v\u0259ziyy\u0259tl\u0259 \u0259laq\u0259dar yaranan maliyy\u0259 \u00e7\u0259tinlikl\u0259rin\u0259 g\u00f6r\u0259 edibl\u0259r.<\/p>\n\n\n\n<p>\u201cEurovision\u201dun icra\u00e7\u0131 direktoru Martin Osterdal deyib ki, yar\u0131\u015fmada i\u015ftirak\u00e7\u0131 olmayan \u00f6lk\u0259l\u0259rin tama\u015fa\u00e7\u0131lar\u0131 kredit kartlar\u0131 vasit\u0259sil\u0259 s\u0259s ver\u0259 bil\u0259c\u0259kl\u0259r.<\/p>\n\n\n\n<p>Onlar\u0131n g\u00f6nd\u0259rdikl\u0259ri pullar daha sonra konvertasiya olunaraq xallara \u00e7evril\u0259c\u0259k.<\/p>\n\n\n\n<p>Yar\u0131\u015fmada i\u015ftirak ed\u0259n \u00f6lk\u0259l\u0259rin tama\u015fa\u00e7\u0131lar is\u0259 h\u0259mi\u015f\u0259ki kimi SMS, telefon v\u0259 ya \u201cEurovision\u201d proqram\u0131 vasit\u0259sil\u0259 s\u0259s ver\u0259 bil\u0259c\u0259kl\u0259r.<\/p>\n\n\n\n<p>\u201cEurovision 2023\u201d m\u00fcsabiq\u0259sind\u0259 37 \u00f6lk\u0259 i\u015ftirak ed\u0259c\u0259k.<\/p>\n\n\n\n<p>Yar\u0131\u015fmaya qat\u0131lan \u00f6lk\u0259l\u0259r Az\u0259rbaycan, Albaniya, Avstraliya, Avstriya, Bel\u00e7ika, Erm\u0259nistan, Kipr, Xorvatiya, \u00c7exiya, Danimarka, Estoniya, Finlandiya, Fransa, G\u00fcrc\u00fcstan, Almaniya, Yunan\u0131stan, \u0130slandiya, \u0130rlandiya, \u0130srail, \u0130taliya, Latviya, Litva, Malta, Moldova, Niderland, Norve\u00e7, Pol\u015fa, Portuqaliya, Rum\u0131niya, San-Marino, Serbiya, Sloveniya, \u0130spaniya, \u0130sve\u00e7, \u0130sve\u00e7r\u0259, Ukrayna, B\u00f6y\u00fck Britaniyad\u0131r.<\/p>\n\n\n\n<p>Bolqar\u0131stan, Monteneqro, \u015eimali Makedoniya, Bosniya v\u0259 Herseqovina is\u0259 \u201cEurovision 2023\u201d mahn\u0131 m\u00fcsabiq\u0259sind\u0259 i\u015ftirakdan imtina edib.<\/p>\n\n\n\n<p>\u018fsas s\u0259b\u0259bl\u0259rd\u0259n biri kimi iqtisadi \u00e7\u0259tinlikl\u0259r d\u0259 g\u00f6st\u0259rilib.<\/p>\n\n\n\n<p>Avropa Yay\u0131m Birliyi Ukraynada ba\u015flatd\u0131\u011f\u0131 h\u0259rbi \u0259m\u0259liyyatlara g\u00f6r\u0259 Rusiyan\u0131n m\u00fcsabiq\u0259d\u0259 i\u015ftirak\u0131n\u0131 <a href=\"https:\/\/d9mc3ts4czbpr.cloudfront.net\/az\/article\/rusiya-eurovision-yarismasindan-uzaqlasdirildi\/\" target=\"_blank\" rel=\"noreferrer noopener\">\u0259ng\u0259ll\u0259yib<\/a>.<\/p>\n\n\n\n<p>2022-ci il may\u0131n 15-n\u0259 ke\u00e7iril\u0259n final m\u0259rh\u0259l\u0259sind\u0259 \u201cStefaniya\u201d mahn\u0131s\u0131 il\u0259 Ukraynan\u0131n \u201cKalu\u015f Orkestri\u201d qrupu birinci olub.<\/p>\n\n\n\n<p>Avropa Yay\u0131m Birliyi haz\u0131rda davam ed\u0259n h\u0259rbi \u0259m\u0259liyyatlarla \u0259laq\u0259dar m\u00fcsabiq\u0259nin Ukraynada deyil, yar\u0131\u015fman\u0131n ikincisi olmu\u015f \u00f6lk\u0259nin &#8211; B\u00f6y\u00fck Britaniyan\u0131n Liverpul \u015f\u0259h\u0259rind\u0259 ke\u00e7irilm\u0259sin\u0259 q\u0259rar <a href=\"https:\/\/d9mc3ts4czbpr.cloudfront.net\/az\/article\/eurovision-2023-musabiqesine-ev-sahibliyi-edecek-olkenin-adi-aciqlanib\/\" target=\"_blank\" rel=\"noreferrer noopener\">verib<\/a>.<\/p>\n","protected":false},"excerpt":{"rendered":"<p>Yar\u0131mfinal i\u015ftirak\u00e7\u0131lar\u0131n\u0131n taleyini pullu s\u0259sverm\u0259 il\u0259 ist\u0259nil\u0259n \u00f6lk\u0259nin tama\u015fa\u00e7\u0131lar\u0131 h\u0259ll &#8230; <\/p>\n<p class=\"read-more-container\"><a title=\"\u201cEurovision\u201d maliyy\u0259 \u00e7at\u0131\u015fmazl\u0131\u011f\u0131 s\u0259b\u0259bind\u0259n qaydalar\u0131 d\u0259yi\u015fir\" class=\"read-more button\" href=\"https:\/\/www.meydan.tv\/az\/article\/eurovision-maliyye-catismazligi-sebebinden-qaydalari-deyisir\/#more-261520\" aria-label=\"Read more about \u201cEurovision\u201d maliyy\u0259 \u00e7at\u0131\u015fmazl\u0131\u011f\u0131 s\u0259b\u0259bind\u0259n qaydalar\u0131 d\u0259yi\u015fir\">Davam\u0131<\/a><\/p>\n","protected":false},"author":8,"featured_media":236083,"comment_status":"closed","ping_status":"closed","sticky":false,"template":"","format":"standard","meta":{"_acf_changed":false,"_sitemap_exclude":false,"_sitemap_priority":"","_sitemap_frequency":"","footnotes":""},"categories":[52,56],"tags":[],"class_list":["post-261520","post","type-post","status-publish","format-standard","has-post-thumbnail","hentry","category-medeniyyet","category-xeberler","infinite-scroll-item","generate-columns","tablet-grid-50","mobile-grid-100","grid-parent","grid-33","no-featured-image-padding"],"acf":[],"yoast_head":"<!-- This site is optimized with the Yoast SEO plugin v27.4 - https:\/\/yoast.com\/product\/yoast-seo-wordpress\/ -->\n<title>\u201cEurovision\u201d maliyy\u0259 \u00e7at\u0131\u015fmazl\u0131\u011f\u0131 s\u0259b\u0259bind\u0259n qaydalar\u0131 d\u0259yi\u015fir - MEYDAN.TV<\/title>\n<meta name=\"robots\" content=\"index, follow, max-snippet:-1, max-image-preview:large, max-video-preview:-1\" \/>\n<link rel=\"canonical\" href=\"https:\/\/www.meydan.tv\/az\/article\/eurovision-maliyye-catismazligi-sebebinden-qaydalari-deyisir\/\" \/>\n<meta property=\"og:locale\" content=\"az_AZ\" \/>\n<meta property=\"og:type\" content=\"article\" \/>\n<meta property=\"og:title\" content=\"\u201cEurovision\u201d maliyy\u0259 \u00e7at\u0131\u015fmazl\u0131\u011f\u0131 s\u0259b\u0259bind\u0259n qaydalar\u0131 d\u0259yi\u015fir - MEYDAN.TV\" \/>\n<meta property=\"og:description\" content=\"Yar\u0131mfinal i\u015ftirak\u00e7\u0131lar\u0131n\u0131n taleyini pullu s\u0259sverm\u0259 il\u0259 ist\u0259nil\u0259n \u00f6lk\u0259nin tama\u015fa\u00e7\u0131lar\u0131 h\u0259ll ... Davam\u0131\" \/>\n<meta property=\"og:url\" content=\"https:\/\/www.meydan.tv\/az\/article\/eurovision-maliyye-catismazligi-sebebinden-qaydalari-deyisir\/\" \/>\n<meta property=\"og:site_name\" content=\"MEYDAN.TV\" \/>\n<meta property=\"article:published_time\" content=\"2022-11-23T10:14:06+00:00\" \/>\n<meta property=\"article:modified_time\" content=\"2022-11-23T10:14:12+00:00\" \/>\n<meta property=\"og:image\" content=\"https:\/\/www.meydan.tv\/wp-content\/uploads\/shutterstock_1643769724.jpg\" \/>\n\t<meta property=\"og:image:width\" content=\"1200\" \/>\n\t<meta property=\"og:image:height\" content=\"799\" \/>\n\t<meta property=\"og:image:type\" content=\"image\/jpeg\" \/>\n<meta name=\"author\" content=\"elli\" \/>\n<meta name=\"twitter:card\" content=\"summary_large_image\" \/>\n<meta name=\"twitter:creator\" content=\"@elli\" \/>\n<script type=\"application\/ld+json\" class=\"yoast-schema-graph\">{\"@context\":\"https:\\\/\\\/schema.org\",\"@graph\":[{\"@type\":\"Article\",\"@id\":\"https:\\\/\\\/www.meydan.tv\\\/az\\\/article\\\/eurovision-maliyye-catismazligi-sebebinden-qaydalari-deyisir\\\/#article\",\"isPartOf\":{\"@id\":\"https:\\\/\\\/www.meydan.tv\\\/az\\\/article\\\/eurovision-maliyye-catismazligi-sebebinden-qaydalari-deyisir\\\/\"},\"author\":{\"name\":\"elli\",\"@id\":\"https:\\\/\\\/www.meydan.tv\\\/az\\\/#\\\/schema\\\/person\\\/9cdbecf90d17180ce1dfbd95b08dcf47\"},\"headline\":\"\u201cEurovision\u201d maliyy\u0259 \u00e7at\u0131\u015fmazl\u0131\u011f\u0131 s\u0259b\u0259bind\u0259n qaydalar\u0131 d\u0259yi\u015fir\",\"datePublished\":\"2022-11-23T10:14:06+00:00\",\"dateModified\":\"2022-11-23T10:14:12+00:00\",\"mainEntityOfPage\":{\"@id\":\"https:\\\/\\\/www.meydan.tv\\\/az\\\/article\\\/eurovision-maliyye-catismazligi-sebebinden-qaydalari-deyisir\\\/\"},\"wordCount\":476,\"publisher\":{\"@id\":\"https:\\\/\\\/www.meydan.tv\\\/az\\\/#organization\"},\"image\":{\"@id\":\"https:\\\/\\\/www.meydan.tv\\\/az\\\/article\\\/eurovision-maliyye-catismazligi-sebebinden-qaydalari-deyisir\\\/#primaryimage\"},\"thumbnailUrl\":\"https:\\\/\\\/www.meydan.tv\\\/wp-content\\\/uploads\\\/shutterstock_1643769724.jpg\",\"articleSection\":[\"M\u0259d\u0259niyy\u0259t\",\"X\u0259b\u0259rl\u0259r\"],\"inLanguage\":\"az\"},{\"@type\":\"WebPage\",\"@id\":\"https:\\\/\\\/www.meydan.tv\\\/az\\\/article\\\/eurovision-maliyye-catismazligi-sebebinden-qaydalari-deyisir\\\/\",\"url\":\"https:\\\/\\\/www.meydan.tv\\\/az\\\/article\\\/eurovision-maliyye-catismazligi-sebebinden-qaydalari-deyisir\\\/\",\"name\":\"\u201cEurovision\u201d maliyy\u0259 \u00e7at\u0131\u015fmazl\u0131\u011f\u0131 s\u0259b\u0259bind\u0259n qaydalar\u0131 d\u0259yi\u015fir - MEYDAN.TV\",\"isPartOf\":{\"@id\":\"https:\\\/\\\/www.meydan.tv\\\/az\\\/#website\"},\"primaryImageOfPage\":{\"@id\":\"https:\\\/\\\/www.meydan.tv\\\/az\\\/article\\\/eurovision-maliyye-catismazligi-sebebinden-qaydalari-deyisir\\\/#primaryimage\"},\"image\":{\"@id\":\"https:\\\/\\\/www.meydan.tv\\\/az\\\/article\\\/eurovision-maliyye-catismazligi-sebebinden-qaydalari-deyisir\\\/#primaryimage\"},\"thumbnailUrl\":\"https:\\\/\\\/www.meydan.tv\\\/wp-content\\\/uploads\\\/shutterstock_1643769724.jpg\",\"datePublished\":\"2022-11-23T10:14:06+00:00\",\"dateModified\":\"2022-11-23T10:14:12+00:00\",\"breadcrumb\":{\"@id\":\"https:\\\/\\\/www.meydan.tv\\\/az\\\/article\\\/eurovision-maliyye-catismazligi-sebebinden-qaydalari-deyisir\\\/#breadcrumb\"},\"inLanguage\":\"az\",\"potentialAction\":[{\"@type\":\"ReadAction\",\"target\":[\"https:\\\/\\\/www.meydan.tv\\\/az\\\/article\\\/eurovision-maliyye-catismazligi-sebebinden-qaydalari-deyisir\\\/\"]}]},{\"@type\":\"ImageObject\",\"inLanguage\":\"az\",\"@id\":\"https:\\\/\\\/www.meydan.tv\\\/az\\\/article\\\/eurovision-maliyye-catismazligi-sebebinden-qaydalari-deyisir\\\/#primaryimage\",\"url\":\"https:\\\/\\\/www.meydan.tv\\\/wp-content\\\/uploads\\\/shutterstock_1643769724.jpg\",\"contentUrl\":\"https:\\\/\\\/www.meydan.tv\\\/wp-content\\\/uploads\\\/shutterstock_1643769724.jpg\",\"width\":1200,\"height\":799,\"caption\":\"\u201cEurovision\u201d. M\u0259nb\u0259: Review News\\\/shutterstock\"},{\"@type\":\"BreadcrumbList\",\"@id\":\"https:\\\/\\\/www.meydan.tv\\\/az\\\/article\\\/eurovision-maliyye-catismazligi-sebebinden-qaydalari-deyisir\\\/#breadcrumb\",\"itemListElement\":[{\"@type\":\"ListItem\",\"position\":1,\"name\":\"Ana s\u0259hif\u0259\",\"item\":\"https:\\\/\\\/www.meydan.tv\\\/az\\\/\"},{\"@type\":\"ListItem\",\"position\":2,\"name\":\"M\u0259d\u0259niyy\u0259t\",\"item\":\"https:\\\/\\\/www.meydan.tv\\\/az\\\/section\\\/medeniyyet\\\/\"},{\"@type\":\"ListItem\",\"position\":3,\"name\":\"\u201cEurovision\u201d maliyy\u0259 \u00e7at\u0131\u015fmazl\u0131\u011f\u0131 s\u0259b\u0259bind\u0259n qaydalar\u0131 d\u0259yi\u015fir\"}]},{\"@type\":\"WebSite\",\"@id\":\"https:\\\/\\\/www.meydan.tv\\\/az\\\/#website\",\"url\":\"https:\\\/\\\/www.meydan.tv\\\/az\\\/\",\"name\":\"MEYDAN.TV\",\"description\":\"Meydan TV Az\u0259rbaycan\u0131n media m\u0259kan\u0131ndak\u0131 alternativ s\u0259sidir\",\"publisher\":{\"@id\":\"https:\\\/\\\/www.meydan.tv\\\/az\\\/#organization\"},\"potentialAction\":[{\"@type\":\"SearchAction\",\"target\":{\"@type\":\"EntryPoint\",\"urlTemplate\":\"https:\\\/\\\/www.meydan.tv\\\/az\\\/?s={search_term_string}\"},\"query-input\":{\"@type\":\"PropertyValueSpecification\",\"valueRequired\":true,\"valueName\":\"search_term_string\"}}],\"inLanguage\":\"az\"},{\"@type\":\"Organization\",\"@id\":\"https:\\\/\\\/www.meydan.tv\\\/az\\\/#organization\",\"name\":\"Meydan TV\",\"url\":\"https:\\\/\\\/www.meydan.tv\\\/az\\\/\",\"logo\":{\"@type\":\"ImageObject\",\"inLanguage\":\"az\",\"@id\":\"https:\\\/\\\/www.meydan.tv\\\/az\\\/#\\\/schema\\\/logo\\\/image\\\/\",\"url\":\"https:\\\/\\\/www.meydan.tv\\\/wp-content\\\/uploads\\\/2021\\\/07\\\/meydan-logo.svg\",\"contentUrl\":\"https:\\\/\\\/www.meydan.tv\\\/wp-content\\\/uploads\\\/2021\\\/07\\\/meydan-logo.svg\",\"width\":195,\"height\":46,\"caption\":\"Meydan TV\"},\"image\":{\"@id\":\"https:\\\/\\\/www.meydan.tv\\\/az\\\/#\\\/schema\\\/logo\\\/image\\\/\"}},{\"@type\":\"Person\",\"@id\":\"https:\\\/\\\/www.meydan.tv\\\/az\\\/#\\\/schema\\\/person\\\/9cdbecf90d17180ce1dfbd95b08dcf47\",\"name\":\"elli\",\"sameAs\":[\"https:\\\/\\\/x.com\\\/elli\"]}]}<\/script>\n<!-- \/ Yoast SEO plugin. -->","yoast_head_json":{"title":"\u201cEurovision\u201d maliyy\u0259 \u00e7at\u0131\u015fmazl\u0131\u011f\u0131 s\u0259b\u0259bind\u0259n qaydalar\u0131 d\u0259yi\u015fir - MEYDAN.TV","robots":{"index":"index","follow":"follow","max-snippet":"max-snippet:-1","max-image-preview":"max-image-preview:large","max-video-preview":"max-video-preview:-1"},"canonical":"https:\/\/www.meydan.tv\/az\/article\/eurovision-maliyye-catismazligi-sebebinden-qaydalari-deyisir\/","og_locale":"az_AZ","og_type":"article","og_title":"\u201cEurovision\u201d maliyy\u0259 \u00e7at\u0131\u015fmazl\u0131\u011f\u0131 s\u0259b\u0259bind\u0259n qaydalar\u0131 d\u0259yi\u015fir - MEYDAN.TV","og_description":"Yar\u0131mfinal i\u015ftirak\u00e7\u0131lar\u0131n\u0131n taleyini pullu s\u0259sverm\u0259 il\u0259 ist\u0259nil\u0259n \u00f6lk\u0259nin tama\u015fa\u00e7\u0131lar\u0131 h\u0259ll ... Davam\u0131","og_url":"https:\/\/www.meydan.tv\/az\/article\/eurovision-maliyye-catismazligi-sebebinden-qaydalari-deyisir\/","og_site_name":"MEYDAN.TV","article_published_time":"2022-11-23T10:14:06+00:00","article_modified_time":"2022-11-23T10:14:12+00:00","og_image":[{"width":1200,"height":799,"url":"https:\/\/www.meydan.tv\/wp-content\/uploads\/shutterstock_1643769724.jpg","type":"image\/jpeg"}],"author":"elli","twitter_card":"summary_large_image","twitter_creator":"@elli","schema":{"@context":"https:\/\/schema.org","@graph":[{"@type":"Article","@id":"https:\/\/www.meydan.tv\/az\/article\/eurovision-maliyye-catismazligi-sebebinden-qaydalari-deyisir\/#article","isPartOf":{"@id":"https:\/\/www.meydan.tv\/az\/article\/eurovision-maliyye-catismazligi-sebebinden-qaydalari-deyisir\/"},"author":{"name":"elli","@id":"https:\/\/www.meydan.tv\/az\/#\/schema\/person\/9cdbecf90d17180ce1dfbd95b08dcf47"},"headline":"\u201cEurovision\u201d maliyy\u0259 \u00e7at\u0131\u015fmazl\u0131\u011f\u0131 s\u0259b\u0259bind\u0259n qaydalar\u0131 d\u0259yi\u015fir","datePublished":"2022-11-23T10:14:06+00:00","dateModified":"2022-11-23T10:14:12+00:00","mainEntityOfPage":{"@id":"https:\/\/www.meydan.tv\/az\/article\/eurovision-maliyye-catismazligi-sebebinden-qaydalari-deyisir\/"},"wordCount":476,"publisher":{"@id":"https:\/\/www.meydan.tv\/az\/#organization"},"image":{"@id":"https:\/\/www.meydan.tv\/az\/article\/eurovision-maliyye-catismazligi-sebebinden-qaydalari-deyisir\/#primaryimage"},"thumbnailUrl":"https:\/\/www.meydan.tv\/wp-content\/uploads\/shutterstock_1643769724.jpg","articleSection":["M\u0259d\u0259niyy\u0259t","X\u0259b\u0259rl\u0259r"],"inLanguage":"az"},{"@type":"WebPage","@id":"https:\/\/www.meydan.tv\/az\/article\/eurovision-maliyye-catismazligi-sebebinden-qaydalari-deyisir\/","url":"https:\/\/www.meydan.tv\/az\/article\/eurovision-maliyye-catismazligi-sebebinden-qaydalari-deyisir\/","name":"\u201cEurovision\u201d maliyy\u0259 \u00e7at\u0131\u015fmazl\u0131\u011f\u0131 s\u0259b\u0259bind\u0259n qaydalar\u0131 d\u0259yi\u015fir - MEYDAN.TV","isPartOf":{"@id":"https:\/\/www.meydan.tv\/az\/#website"},"primaryImageOfPage":{"@id":"https:\/\/www.meydan.tv\/az\/article\/eurovision-maliyye-catismazligi-sebebinden-qaydalari-deyisir\/#primaryimage"},"image":{"@id":"https:\/\/www.meydan.tv\/az\/article\/eurovision-maliyye-catismazligi-sebebinden-qaydalari-deyisir\/#primaryimage"},"thumbnailUrl":"https:\/\/www.meydan.tv\/wp-content\/uploads\/shutterstock_1643769724.jpg","datePublished":"2022-11-23T10:14:06+00:00","dateModified":"2022-11-23T10:14:12+00:00","breadcrumb":{"@id":"https:\/\/www.meydan.tv\/az\/article\/eurovision-maliyye-catismazligi-sebebinden-qaydalari-deyisir\/#breadcrumb"},"inLanguage":"az","potentialAction":[{"@type":"ReadAction","target":["https:\/\/www.meydan.tv\/az\/article\/eurovision-maliyye-catismazligi-sebebinden-qaydalari-deyisir\/"]}]},{"@type":"ImageObject","inLanguage":"az","@id":"https:\/\/www.meydan.tv\/az\/article\/eurovision-maliyye-catismazligi-sebebinden-qaydalari-deyisir\/#primaryimage","url":"https:\/\/www.meydan.tv\/wp-content\/uploads\/shutterstock_1643769724.jpg","contentUrl":"https:\/\/www.meydan.tv\/wp-content\/uploads\/shutterstock_1643769724.jpg","width":1200,"height":799,"caption":"\u201cEurovision\u201d. M\u0259nb\u0259: Review News\/shutterstock"},{"@type":"BreadcrumbList","@id":"https:\/\/www.meydan.tv\/az\/article\/eurovision-maliyye-catismazligi-sebebinden-qaydalari-deyisir\/#breadcrumb","itemListElement":[{"@type":"ListItem","position":1,"name":"Ana s\u0259hif\u0259","item":"https:\/\/www.meydan.tv\/az\/"},{"@type":"ListItem","position":2,"name":"M\u0259d\u0259niyy\u0259t","item":"https:\/\/www.meydan.tv\/az\/section\/medeniyyet\/"},{"@type":"ListItem","position":3,"name":"\u201cEurovision\u201d maliyy\u0259 \u00e7at\u0131\u015fmazl\u0131\u011f\u0131 s\u0259b\u0259bind\u0259n qaydalar\u0131 d\u0259yi\u015fir"}]},{"@type":"WebSite","@id":"https:\/\/www.meydan.tv\/az\/#website","url":"https:\/\/www.meydan.tv\/az\/","name":"MEYDAN.TV","description":"Meydan TV Az\u0259rbaycan\u0131n media m\u0259kan\u0131ndak\u0131 alternativ s\u0259sidir","publisher":{"@id":"https:\/\/www.meydan.tv\/az\/#organization"},"potentialAction":[{"@type":"SearchAction","target":{"@type":"EntryPoint","urlTemplate":"https:\/\/www.meydan.tv\/az\/?s={search_term_string}"},"query-input":{"@type":"PropertyValueSpecification","valueRequired":true,"valueName":"search_term_string"}}],"inLanguage":"az"},{"@type":"Organization","@id":"https:\/\/www.meydan.tv\/az\/#organization","name":"Meydan TV","url":"https:\/\/www.meydan.tv\/az\/","logo":{"@type":"ImageObject","inLanguage":"az","@id":"https:\/\/www.meydan.tv\/az\/#\/schema\/logo\/image\/","url":"https:\/\/www.meydan.tv\/wp-content\/uploads\/2021\/07\/meydan-logo.svg","contentUrl":"https:\/\/www.meydan.tv\/wp-content\/uploads\/2021\/07\/meydan-logo.svg","width":195,"height":46,"caption":"Meydan TV"},"image":{"@id":"https:\/\/www.meydan.tv\/az\/#\/schema\/logo\/image\/"}},{"@type":"Person","@id":"https:\/\/www.meydan.tv\/az\/#\/schema\/person\/9cdbecf90d17180ce1dfbd95b08dcf47","name":"elli","sameAs":["https:\/\/x.com\/elli"]}]}},"_links":{"self":[{"href":"https:\/\/www.meydan.tv\/az\/wp-json\/wp\/v2\/posts\/261520","targetHints":{"allow":["GET"]}}],"collection":[{"href":"https:\/\/www.meydan.tv\/az\/wp-json\/wp\/v2\/posts"}],"about":[{"href":"https:\/\/www.meydan.tv\/az\/wp-json\/wp\/v2\/types\/post"}],"author":[{"embeddable":true,"href":"https:\/\/www.meydan.tv\/az\/wp-json\/wp\/v2\/users\/8"}],"replies":[{"embeddable":true,"href":"https:\/\/www.meydan.tv\/az\/wp-json\/wp\/v2\/comments?post=261520"}],"version-history":[{"count":1,"href":"https:\/\/www.meydan.tv\/az\/wp-json\/wp\/v2\/posts\/261520\/revisions"}],"predecessor-version":[{"id":261521,"href":"https:\/\/www.meydan.tv\/az\/wp-json\/wp\/v2\/posts\/261520\/revisions\/261521"}],"wp:featuredmedia":[{"embeddable":true,"href":"https:\/\/www.meydan.tv\/az\/wp-json\/wp\/v2\/media\/236083"}],"wp:attachment":[{"href":"https:\/\/www.meydan.tv\/az\/wp-json\/wp\/v2\/media?parent=261520"}],"wp:term":[{"taxonomy":"category","embeddable":true,"href":"https:\/\/www.meydan.tv\/az\/wp-json\/wp\/v2\/categories?post=261520"},{"taxonomy":"post_tag","embeddable":true,"href":"https:\/\/www.meydan.tv\/az\/wp-json\/wp\/v2\/tags?post=261520"}],"curies":[{"name":"wp","href":"https:\/\/api.w.org\/{rel}","templated":true}]}}