{"id":261408,"date":"2022-11-21T20:13:51","date_gmt":"2022-11-21T16:13:51","guid":{"rendered":"https:\/\/www.meydan.tv\/?p=261408"},"modified":"2022-11-21T20:16:15","modified_gmt":"2022-11-21T16:16:15","slug":"nane-agamaliyeva-ile-tarix-eliyeve-xeberdarliq-edilib","status":"publish","type":"post","link":"https:\/\/www.meydan.tv\/az\/article\/nane-agamaliyeva-ile-tarix-eliyeve-xeberdarliq-edilib\/","title":{"rendered":"Nan\u0259 A\u011famal\u0131yeva il\u0259 Tarix \u018fliyev\u0259 x\u0259b\u0259rdarl\u0131q edilib"},"content":{"rendered":"\n<p><\/p>\n\n\n\n<p><em>Audiovizual \u015eura apar\u0131c\u0131lar\u0131n efird\u0259 zorak\u0131l\u0131q v\u0259 q\u0259ddarl\u0131\u011f\u0131n t\u0259bli\u011fin\u0259 \u015f\u0259rait yaratd\u0131qlar\u0131 q\u0259na\u0259tind\u0259dir<\/em><\/p>\n\n\n\n<p>Audiovizual \u015eura \u201cSpace\u201d, \u201cMTV\u201d v\u0259 \u201cATV\u201d telekanallar\u0131nda qanun pozuntular\u0131 a\u015fkarlay\u0131b.<br>Bu bar\u0259d\u0259 qurumun iclas\u0131nda m\u0259lumat <a href=\"https:\/\/acra.gov.az\/az\/xeberler\/956\" target=\"_blank\" rel=\"noreferrer noopener\">verilib<\/a>.<\/p>\n\n\n\n<p>Bildirilib ki, \u201cSpace\u201d telekanal\u0131n\u0131n efirind\u0259 12.10.2022-ci il v\u0259 13.10.2022-ci il tarixl\u0259rd\u0259 saat 12.00 \u2013 14.45 aras\u0131 yay\u0131mlanan \u201cG\u0259l dan\u0131\u015f\u201d v\u0259 \u201cMTV\u201d-nin efirind\u0259 18.10.2022-ci il v\u0259 19.10.2022-ci il tarixl\u0259rd\u0259 saat 13.00 \u2013 15.00 aras\u0131 yay\u0131mlanan \u201c\u00dcmid il\u0259 g\u0259l\u201d proqramlar\u0131nda \u015fikay\u0259t\u00e7i qismind\u0259 i\u015ftirak ed\u0259n F\u0259rman adl\u0131 \u015f\u0259xs t\u0259r\u0259find\u0259n h\u0259yat yolda\u015f\u0131 v\u0259 onun ail\u0259si bar\u0259d\u0259 nalayiq ifad\u0259l\u0259r i\u015fl\u0259dilib.<\/p>\n\n\n\n<p>Bu is\u0259 \u201cU\u015faqlar\u0131n z\u0259r\u0259rli informasiyadan qorunmas\u0131 haqq\u0131nda\u201d Qanunun 4.2.4-c\u00fc madd\u0259sinin t\u0259l\u0259bin\u0259 (u\u015faqlar aras\u0131nda d\u00f6vriyy\u0259si qada\u011fan edil\u0259n ail\u0259 institutunu n\u00fcfuzdan salan informasiya) zidd olmaqla, \u201cMedia haqq\u0131nda\u201d Qanunun 14.1.15-ci madd\u0259sinin t\u0259l\u0259binin (\u201cU\u015faqlar\u0131n z\u0259r\u0259rli informasiyadan qorunmas\u0131 haqq\u0131nda\u201d Az\u0259rbaycan Respublikas\u0131n\u0131n Qanununda n\u0259z\u0259rd\u0259 tutulmu\u015f t\u0259l\u0259bl\u0259r\u0259 \u0259m\u0259l edilm\u0259lidir) pozulmas\u0131d\u0131r.<\/p>\n\n\n\n<p>\u0130clasda h\u0259m\u00e7inin, \u201cATV\u201d-nin efirind\u0259 17.11.2022-ci il tarixd\u0259 \u201cMedia haqq\u0131nda\u201d Az\u0259rbaycan Respublikas\u0131 Qanununun eyni madd\u0259sinin, y\u0259ni 14.1.15-ci madd\u0259sinin t\u0259l\u0259binin (\u201cU\u015faqlar\u0131n z\u0259r\u0259rli informasiyadan qorunmas\u0131 haqq\u0131nda\u201d Az\u0259rbaycan Respublikas\u0131n\u0131n Qanununda n\u0259z\u0259rd\u0259 tutulmu\u015f t\u0259l\u0259bl\u0259r\u0259 \u0259m\u0259l edilm\u0259lidir) pozulmas\u0131 fakt\u0131 da m\u00fczakir\u0259 olunub.<\/p>\n\n\n\n<p>Saat 12.00 \u2013 13.50 aras\u0131 yay\u0131mlanan \u201cG\u00fcn\u00fcn s\u0259das\u0131\u201d proqram\u0131nda i\u015ftirak ed\u0259n \u015f\u0259xs t\u0259r\u0259find\u0259n zorak\u0131l\u0131q v\u0259 q\u0259ddarl\u0131qla ba\u011fl\u0131 t\u0259qdiredici ifad\u0259l\u0259rd\u0259n istifad\u0259 olunub ki, bu \u201cU\u015faqlar\u0131n z\u0259r\u0259rli informasiyadan qorunmas\u0131 haqq\u0131nda\u201d Az\u0259rbaycan Respublikas\u0131n\u0131n Qanununun 4.2.4-c\u00fc madd\u0259sinin t\u0259l\u0259bin\u0259 ziddir.<\/p>\n\n\n\n<p>Ba\u015f ver\u0259n b\u00fct\u00fcn hallarda pozuntular canl\u0131 yay\u0131m zaman\u0131 ba\u015f verib. Lakin televiziyalar\u0131n apar\u0131c\u0131lar\u0131 qonaq v\u0259 ya ekspertl\u0259r t\u0259r\u0259find\u0259n istifad\u0259 olunan bel\u0259 ifad\u0259l\u0259rin qanuna zidd olmas\u0131 il\u0259 ba\u011fl\u0131 h\u0259m onlara, h\u0259m d\u0259 tama\u015fa\u00e7\u0131lara m\u0259lumat verm\u0259li olduqlar\u0131 halda, m\u00fcdaxil\u0259 etm\u0259yibl\u0259r.<\/p>\n\n\n\n<p>Efird\u0259 zorak\u0131l\u0131q v\u0259 q\u0259ddarl\u0131\u011f\u0131n t\u0259bli\u011fin\u0259 \u015f\u0259rait yarad\u0131blar. Televiziya apar\u0131c\u0131lar\u0131 bu sah\u0259d\u0259 daha diqq\u0259tli olmal\u0131, proqram i\u015ftirak\u00e7\u0131lar\u0131na qanunvericiliy\u0259 \u0259m\u0259l olunmas\u0131n\u0131n z\u0259ruriliyi bar\u0259d\u0259 d\u0259rhal m\u0259lumat v\u0259 x\u0259b\u0259rdarl\u0131q verm\u0259lidirl\u0259r.<\/p>\n\n\n\n<p>Apar\u0131lan m\u00fczakir\u0259l\u0259rd\u0259n sonra Audiovizual \u015euras\u0131 qeyd olunan pozuntu faktlar\u0131na \u0259sas\u0259n \u201cSpace\u201d, \u201cAzad Az\u0259rbaycan\u201d, h\u0259m\u00e7inin \u201cMTV\u201d telekanallar\u0131na x\u0259b\u0259rdarl\u0131q edib.<\/p>\n\n\n\n<p>ATV telekanal\u0131nda yay\u0131mlanan \u201cG\u00fcn\u00fcn s\u0259das\u0131\u201d verili\u015finin apar\u0131c\u0131s\u0131 Nan\u0259 A\u011famal\u0131yeva, \u201cSpace\u201d TV-d\u0259 yay\u0131mlanan \u201cG\u0259l Dan\u0131\u015f\u201d verili\u015finin apar\u0131c\u0131s\u0131 Amil X\u0259lil, \u201cMTV\u201d-d\u0259 yay\u0131mlanan \u201c\u00dcmid il\u0259 g\u0259l\u201d verili\u015finin apar\u0131c\u0131s\u0131 is\u0259 prod\u00fcser Tolikdir (Tarix \u018fliyev).<\/p>\n","protected":false},"excerpt":{"rendered":"<p>Audiovizual \u015eura apar\u0131c\u0131lar\u0131n efird\u0259 zorak\u0131l\u0131q v\u0259 q\u0259ddarl\u0131\u011f\u0131n t\u0259bli\u011fin\u0259 \u015f\u0259rait yaratd\u0131qlar\u0131 &#8230; <\/p>\n<p class=\"read-more-container\"><a title=\"Nan\u0259 A\u011famal\u0131yeva il\u0259 Tarix \u018fliyev\u0259 x\u0259b\u0259rdarl\u0131q edilib\" class=\"read-more button\" href=\"https:\/\/www.meydan.tv\/az\/article\/nane-agamaliyeva-ile-tarix-eliyeve-xeberdarliq-edilib\/#more-261408\" aria-label=\"Read more about Nan\u0259 A\u011famal\u0131yeva il\u0259 Tarix \u018fliyev\u0259 x\u0259b\u0259rdarl\u0131q edilib\">Davam\u0131<\/a><\/p>\n","protected":false},"author":8,"featured_media":261410,"comment_status":"closed","ping_status":"closed","sticky":false,"template":"","format":"standard","meta":{"_acf_changed":false,"_sitemap_exclude":false,"_sitemap_priority":"","_sitemap_frequency":"","footnotes":""},"categories":[52,56],"tags":[],"class_list":["post-261408","post","type-post","status-publish","format-standard","has-post-thumbnail","hentry","category-medeniyyet","category-xeberler","infinite-scroll-item","generate-columns","tablet-grid-50","mobile-grid-100","grid-parent","grid-33","no-featured-image-padding"],"acf":[],"yoast_head":"<!-- This site is optimized with the Yoast SEO plugin v27.4 - https:\/\/yoast.com\/product\/yoast-seo-wordpress\/ -->\n<title>Nan\u0259 A\u011famal\u0131yeva il\u0259 Tarix \u018fliyev\u0259 x\u0259b\u0259rdarl\u0131q edilib - MEYDAN.TV<\/title>\n<meta name=\"robots\" content=\"index, follow, max-snippet:-1, max-image-preview:large, max-video-preview:-1\" \/>\n<link rel=\"canonical\" href=\"https:\/\/www.meydan.tv\/az\/article\/nane-agamaliyeva-ile-tarix-eliyeve-xeberdarliq-edilib\/\" \/>\n<meta property=\"og:locale\" content=\"az_AZ\" \/>\n<meta property=\"og:type\" content=\"article\" \/>\n<meta property=\"og:title\" content=\"Nan\u0259 A\u011famal\u0131yeva il\u0259 Tarix \u018fliyev\u0259 x\u0259b\u0259rdarl\u0131q edilib - MEYDAN.TV\" \/>\n<meta property=\"og:description\" content=\"Audiovizual \u015eura apar\u0131c\u0131lar\u0131n efird\u0259 zorak\u0131l\u0131q v\u0259 q\u0259ddarl\u0131\u011f\u0131n t\u0259bli\u011fin\u0259 \u015f\u0259rait yaratd\u0131qlar\u0131 ... Davam\u0131\" \/>\n<meta property=\"og:url\" content=\"https:\/\/www.meydan.tv\/az\/article\/nane-agamaliyeva-ile-tarix-eliyeve-xeberdarliq-edilib\/\" \/>\n<meta property=\"og:site_name\" content=\"MEYDAN.TV\" \/>\n<meta property=\"article:published_time\" content=\"2022-11-21T16:13:51+00:00\" \/>\n<meta property=\"article:modified_time\" content=\"2022-11-21T16:16:15+00:00\" \/>\n<meta property=\"og:image\" content=\"https:\/\/www.meydan.tv\/wp-content\/uploads\/untitled-design-3-49-e1669047367209.jpg\" \/>\n\t<meta property=\"og:image:width\" content=\"1200\" \/>\n\t<meta property=\"og:image:height\" content=\"600\" \/>\n\t<meta property=\"og:image:type\" content=\"image\/jpeg\" \/>\n<meta name=\"author\" content=\"elli\" \/>\n<meta name=\"twitter:card\" content=\"summary_large_image\" \/>\n<meta name=\"twitter:creator\" content=\"@elli\" \/>\n<script type=\"application\/ld+json\" class=\"yoast-schema-graph\">{\"@context\":\"https:\\\/\\\/schema.org\",\"@graph\":[{\"@type\":\"Article\",\"@id\":\"https:\\\/\\\/www.meydan.tv\\\/az\\\/article\\\/nane-agamaliyeva-ile-tarix-eliyeve-xeberdarliq-edilib\\\/#article\",\"isPartOf\":{\"@id\":\"https:\\\/\\\/www.meydan.tv\\\/az\\\/article\\\/nane-agamaliyeva-ile-tarix-eliyeve-xeberdarliq-edilib\\\/\"},\"author\":{\"name\":\"elli\",\"@id\":\"https:\\\/\\\/www.meydan.tv\\\/az\\\/#\\\/schema\\\/person\\\/9cdbecf90d17180ce1dfbd95b08dcf47\"},\"headline\":\"Nan\u0259 A\u011famal\u0131yeva il\u0259 Tarix \u018fliyev\u0259 x\u0259b\u0259rdarl\u0131q edilib\",\"datePublished\":\"2022-11-21T16:13:51+00:00\",\"dateModified\":\"2022-11-21T16:16:15+00:00\",\"mainEntityOfPage\":{\"@id\":\"https:\\\/\\\/www.meydan.tv\\\/az\\\/article\\\/nane-agamaliyeva-ile-tarix-eliyeve-xeberdarliq-edilib\\\/\"},\"wordCount\":533,\"publisher\":{\"@id\":\"https:\\\/\\\/www.meydan.tv\\\/az\\\/#organization\"},\"image\":{\"@id\":\"https:\\\/\\\/www.meydan.tv\\\/az\\\/article\\\/nane-agamaliyeva-ile-tarix-eliyeve-xeberdarliq-edilib\\\/#primaryimage\"},\"thumbnailUrl\":\"https:\\\/\\\/www.meydan.tv\\\/wp-content\\\/uploads\\\/untitled-design-3-49-e1669047367209.jpg\",\"articleSection\":[\"M\u0259d\u0259niyy\u0259t\",\"X\u0259b\u0259rl\u0259r\"],\"inLanguage\":\"az\"},{\"@type\":\"WebPage\",\"@id\":\"https:\\\/\\\/www.meydan.tv\\\/az\\\/article\\\/nane-agamaliyeva-ile-tarix-eliyeve-xeberdarliq-edilib\\\/\",\"url\":\"https:\\\/\\\/www.meydan.tv\\\/az\\\/article\\\/nane-agamaliyeva-ile-tarix-eliyeve-xeberdarliq-edilib\\\/\",\"name\":\"Nan\u0259 A\u011famal\u0131yeva il\u0259 Tarix \u018fliyev\u0259 x\u0259b\u0259rdarl\u0131q edilib - MEYDAN.TV\",\"isPartOf\":{\"@id\":\"https:\\\/\\\/www.meydan.tv\\\/az\\\/#website\"},\"primaryImageOfPage\":{\"@id\":\"https:\\\/\\\/www.meydan.tv\\\/az\\\/article\\\/nane-agamaliyeva-ile-tarix-eliyeve-xeberdarliq-edilib\\\/#primaryimage\"},\"image\":{\"@id\":\"https:\\\/\\\/www.meydan.tv\\\/az\\\/article\\\/nane-agamaliyeva-ile-tarix-eliyeve-xeberdarliq-edilib\\\/#primaryimage\"},\"thumbnailUrl\":\"https:\\\/\\\/www.meydan.tv\\\/wp-content\\\/uploads\\\/untitled-design-3-49-e1669047367209.jpg\",\"datePublished\":\"2022-11-21T16:13:51+00:00\",\"dateModified\":\"2022-11-21T16:16:15+00:00\",\"breadcrumb\":{\"@id\":\"https:\\\/\\\/www.meydan.tv\\\/az\\\/article\\\/nane-agamaliyeva-ile-tarix-eliyeve-xeberdarliq-edilib\\\/#breadcrumb\"},\"inLanguage\":\"az\",\"potentialAction\":[{\"@type\":\"ReadAction\",\"target\":[\"https:\\\/\\\/www.meydan.tv\\\/az\\\/article\\\/nane-agamaliyeva-ile-tarix-eliyeve-xeberdarliq-edilib\\\/\"]}]},{\"@type\":\"ImageObject\",\"inLanguage\":\"az\",\"@id\":\"https:\\\/\\\/www.meydan.tv\\\/az\\\/article\\\/nane-agamaliyeva-ile-tarix-eliyeve-xeberdarliq-edilib\\\/#primaryimage\",\"url\":\"https:\\\/\\\/www.meydan.tv\\\/wp-content\\\/uploads\\\/untitled-design-3-49-e1669047367209.jpg\",\"contentUrl\":\"https:\\\/\\\/www.meydan.tv\\\/wp-content\\\/uploads\\\/untitled-design-3-49-e1669047367209.jpg\",\"width\":1200,\"height\":600,\"caption\":\"Tarix \u018fliyev v\u0259 Nan\u0259 A\u011famal\u0131yeva. Foto: Meydan TV\"},{\"@type\":\"BreadcrumbList\",\"@id\":\"https:\\\/\\\/www.meydan.tv\\\/az\\\/article\\\/nane-agamaliyeva-ile-tarix-eliyeve-xeberdarliq-edilib\\\/#breadcrumb\",\"itemListElement\":[{\"@type\":\"ListItem\",\"position\":1,\"name\":\"Ana s\u0259hif\u0259\",\"item\":\"https:\\\/\\\/www.meydan.tv\\\/az\\\/\"},{\"@type\":\"ListItem\",\"position\":2,\"name\":\"M\u0259d\u0259niyy\u0259t\",\"item\":\"https:\\\/\\\/www.meydan.tv\\\/az\\\/section\\\/medeniyyet\\\/\"},{\"@type\":\"ListItem\",\"position\":3,\"name\":\"Nan\u0259 A\u011famal\u0131yeva il\u0259 Tarix \u018fliyev\u0259 x\u0259b\u0259rdarl\u0131q edilib\"}]},{\"@type\":\"WebSite\",\"@id\":\"https:\\\/\\\/www.meydan.tv\\\/az\\\/#website\",\"url\":\"https:\\\/\\\/www.meydan.tv\\\/az\\\/\",\"name\":\"MEYDAN.TV\",\"description\":\"Meydan TV Az\u0259rbaycan\u0131n media m\u0259kan\u0131ndak\u0131 alternativ s\u0259sidir\",\"publisher\":{\"@id\":\"https:\\\/\\\/www.meydan.tv\\\/az\\\/#organization\"},\"potentialAction\":[{\"@type\":\"SearchAction\",\"target\":{\"@type\":\"EntryPoint\",\"urlTemplate\":\"https:\\\/\\\/www.meydan.tv\\\/az\\\/?s={search_term_string}\"},\"query-input\":{\"@type\":\"PropertyValueSpecification\",\"valueRequired\":true,\"valueName\":\"search_term_string\"}}],\"inLanguage\":\"az\"},{\"@type\":\"Organization\",\"@id\":\"https:\\\/\\\/www.meydan.tv\\\/az\\\/#organization\",\"name\":\"Meydan TV\",\"url\":\"https:\\\/\\\/www.meydan.tv\\\/az\\\/\",\"logo\":{\"@type\":\"ImageObject\",\"inLanguage\":\"az\",\"@id\":\"https:\\\/\\\/www.meydan.tv\\\/az\\\/#\\\/schema\\\/logo\\\/image\\\/\",\"url\":\"https:\\\/\\\/www.meydan.tv\\\/wp-content\\\/uploads\\\/2021\\\/07\\\/meydan-logo.svg\",\"contentUrl\":\"https:\\\/\\\/www.meydan.tv\\\/wp-content\\\/uploads\\\/2021\\\/07\\\/meydan-logo.svg\",\"width\":195,\"height\":46,\"caption\":\"Meydan TV\"},\"image\":{\"@id\":\"https:\\\/\\\/www.meydan.tv\\\/az\\\/#\\\/schema\\\/logo\\\/image\\\/\"}},{\"@type\":\"Person\",\"@id\":\"https:\\\/\\\/www.meydan.tv\\\/az\\\/#\\\/schema\\\/person\\\/9cdbecf90d17180ce1dfbd95b08dcf47\",\"name\":\"elli\",\"sameAs\":[\"https:\\\/\\\/x.com\\\/elli\"]}]}<\/script>\n<!-- \/ Yoast SEO plugin. -->","yoast_head_json":{"title":"Nan\u0259 A\u011famal\u0131yeva il\u0259 Tarix \u018fliyev\u0259 x\u0259b\u0259rdarl\u0131q edilib - MEYDAN.TV","robots":{"index":"index","follow":"follow","max-snippet":"max-snippet:-1","max-image-preview":"max-image-preview:large","max-video-preview":"max-video-preview:-1"},"canonical":"https:\/\/www.meydan.tv\/az\/article\/nane-agamaliyeva-ile-tarix-eliyeve-xeberdarliq-edilib\/","og_locale":"az_AZ","og_type":"article","og_title":"Nan\u0259 A\u011famal\u0131yeva il\u0259 Tarix \u018fliyev\u0259 x\u0259b\u0259rdarl\u0131q edilib - MEYDAN.TV","og_description":"Audiovizual \u015eura apar\u0131c\u0131lar\u0131n efird\u0259 zorak\u0131l\u0131q v\u0259 q\u0259ddarl\u0131\u011f\u0131n t\u0259bli\u011fin\u0259 \u015f\u0259rait yaratd\u0131qlar\u0131 ... Davam\u0131","og_url":"https:\/\/www.meydan.tv\/az\/article\/nane-agamaliyeva-ile-tarix-eliyeve-xeberdarliq-edilib\/","og_site_name":"MEYDAN.TV","article_published_time":"2022-11-21T16:13:51+00:00","article_modified_time":"2022-11-21T16:16:15+00:00","og_image":[{"width":1200,"height":600,"url":"https:\/\/www.meydan.tv\/wp-content\/uploads\/untitled-design-3-49-e1669047367209.jpg","type":"image\/jpeg"}],"author":"elli","twitter_card":"summary_large_image","twitter_creator":"@elli","schema":{"@context":"https:\/\/schema.org","@graph":[{"@type":"Article","@id":"https:\/\/www.meydan.tv\/az\/article\/nane-agamaliyeva-ile-tarix-eliyeve-xeberdarliq-edilib\/#article","isPartOf":{"@id":"https:\/\/www.meydan.tv\/az\/article\/nane-agamaliyeva-ile-tarix-eliyeve-xeberdarliq-edilib\/"},"author":{"name":"elli","@id":"https:\/\/www.meydan.tv\/az\/#\/schema\/person\/9cdbecf90d17180ce1dfbd95b08dcf47"},"headline":"Nan\u0259 A\u011famal\u0131yeva il\u0259 Tarix \u018fliyev\u0259 x\u0259b\u0259rdarl\u0131q edilib","datePublished":"2022-11-21T16:13:51+00:00","dateModified":"2022-11-21T16:16:15+00:00","mainEntityOfPage":{"@id":"https:\/\/www.meydan.tv\/az\/article\/nane-agamaliyeva-ile-tarix-eliyeve-xeberdarliq-edilib\/"},"wordCount":533,"publisher":{"@id":"https:\/\/www.meydan.tv\/az\/#organization"},"image":{"@id":"https:\/\/www.meydan.tv\/az\/article\/nane-agamaliyeva-ile-tarix-eliyeve-xeberdarliq-edilib\/#primaryimage"},"thumbnailUrl":"https:\/\/www.meydan.tv\/wp-content\/uploads\/untitled-design-3-49-e1669047367209.jpg","articleSection":["M\u0259d\u0259niyy\u0259t","X\u0259b\u0259rl\u0259r"],"inLanguage":"az"},{"@type":"WebPage","@id":"https:\/\/www.meydan.tv\/az\/article\/nane-agamaliyeva-ile-tarix-eliyeve-xeberdarliq-edilib\/","url":"https:\/\/www.meydan.tv\/az\/article\/nane-agamaliyeva-ile-tarix-eliyeve-xeberdarliq-edilib\/","name":"Nan\u0259 A\u011famal\u0131yeva il\u0259 Tarix \u018fliyev\u0259 x\u0259b\u0259rdarl\u0131q edilib - MEYDAN.TV","isPartOf":{"@id":"https:\/\/www.meydan.tv\/az\/#website"},"primaryImageOfPage":{"@id":"https:\/\/www.meydan.tv\/az\/article\/nane-agamaliyeva-ile-tarix-eliyeve-xeberdarliq-edilib\/#primaryimage"},"image":{"@id":"https:\/\/www.meydan.tv\/az\/article\/nane-agamaliyeva-ile-tarix-eliyeve-xeberdarliq-edilib\/#primaryimage"},"thumbnailUrl":"https:\/\/www.meydan.tv\/wp-content\/uploads\/untitled-design-3-49-e1669047367209.jpg","datePublished":"2022-11-21T16:13:51+00:00","dateModified":"2022-11-21T16:16:15+00:00","breadcrumb":{"@id":"https:\/\/www.meydan.tv\/az\/article\/nane-agamaliyeva-ile-tarix-eliyeve-xeberdarliq-edilib\/#breadcrumb"},"inLanguage":"az","potentialAction":[{"@type":"ReadAction","target":["https:\/\/www.meydan.tv\/az\/article\/nane-agamaliyeva-ile-tarix-eliyeve-xeberdarliq-edilib\/"]}]},{"@type":"ImageObject","inLanguage":"az","@id":"https:\/\/www.meydan.tv\/az\/article\/nane-agamaliyeva-ile-tarix-eliyeve-xeberdarliq-edilib\/#primaryimage","url":"https:\/\/www.meydan.tv\/wp-content\/uploads\/untitled-design-3-49-e1669047367209.jpg","contentUrl":"https:\/\/www.meydan.tv\/wp-content\/uploads\/untitled-design-3-49-e1669047367209.jpg","width":1200,"height":600,"caption":"Tarix \u018fliyev v\u0259 Nan\u0259 A\u011famal\u0131yeva. Foto: Meydan TV"},{"@type":"BreadcrumbList","@id":"https:\/\/www.meydan.tv\/az\/article\/nane-agamaliyeva-ile-tarix-eliyeve-xeberdarliq-edilib\/#breadcrumb","itemListElement":[{"@type":"ListItem","position":1,"name":"Ana s\u0259hif\u0259","item":"https:\/\/www.meydan.tv\/az\/"},{"@type":"ListItem","position":2,"name":"M\u0259d\u0259niyy\u0259t","item":"https:\/\/www.meydan.tv\/az\/section\/medeniyyet\/"},{"@type":"ListItem","position":3,"name":"Nan\u0259 A\u011famal\u0131yeva il\u0259 Tarix \u018fliyev\u0259 x\u0259b\u0259rdarl\u0131q edilib"}]},{"@type":"WebSite","@id":"https:\/\/www.meydan.tv\/az\/#website","url":"https:\/\/www.meydan.tv\/az\/","name":"MEYDAN.TV","description":"Meydan TV Az\u0259rbaycan\u0131n media m\u0259kan\u0131ndak\u0131 alternativ s\u0259sidir","publisher":{"@id":"https:\/\/www.meydan.tv\/az\/#organization"},"potentialAction":[{"@type":"SearchAction","target":{"@type":"EntryPoint","urlTemplate":"https:\/\/www.meydan.tv\/az\/?s={search_term_string}"},"query-input":{"@type":"PropertyValueSpecification","valueRequired":true,"valueName":"search_term_string"}}],"inLanguage":"az"},{"@type":"Organization","@id":"https:\/\/www.meydan.tv\/az\/#organization","name":"Meydan TV","url":"https:\/\/www.meydan.tv\/az\/","logo":{"@type":"ImageObject","inLanguage":"az","@id":"https:\/\/www.meydan.tv\/az\/#\/schema\/logo\/image\/","url":"https:\/\/www.meydan.tv\/wp-content\/uploads\/2021\/07\/meydan-logo.svg","contentUrl":"https:\/\/www.meydan.tv\/wp-content\/uploads\/2021\/07\/meydan-logo.svg","width":195,"height":46,"caption":"Meydan TV"},"image":{"@id":"https:\/\/www.meydan.tv\/az\/#\/schema\/logo\/image\/"}},{"@type":"Person","@id":"https:\/\/www.meydan.tv\/az\/#\/schema\/person\/9cdbecf90d17180ce1dfbd95b08dcf47","name":"elli","sameAs":["https:\/\/x.com\/elli"]}]}},"_links":{"self":[{"href":"https:\/\/www.meydan.tv\/az\/wp-json\/wp\/v2\/posts\/261408","targetHints":{"allow":["GET"]}}],"collection":[{"href":"https:\/\/www.meydan.tv\/az\/wp-json\/wp\/v2\/posts"}],"about":[{"href":"https:\/\/www.meydan.tv\/az\/wp-json\/wp\/v2\/types\/post"}],"author":[{"embeddable":true,"href":"https:\/\/www.meydan.tv\/az\/wp-json\/wp\/v2\/users\/8"}],"replies":[{"embeddable":true,"href":"https:\/\/www.meydan.tv\/az\/wp-json\/wp\/v2\/comments?post=261408"}],"version-history":[{"count":1,"href":"https:\/\/www.meydan.tv\/az\/wp-json\/wp\/v2\/posts\/261408\/revisions"}],"predecessor-version":[{"id":261413,"href":"https:\/\/www.meydan.tv\/az\/wp-json\/wp\/v2\/posts\/261408\/revisions\/261413"}],"wp:featuredmedia":[{"embeddable":true,"href":"https:\/\/www.meydan.tv\/az\/wp-json\/wp\/v2\/media\/261410"}],"wp:attachment":[{"href":"https:\/\/www.meydan.tv\/az\/wp-json\/wp\/v2\/media?parent=261408"}],"wp:term":[{"taxonomy":"category","embeddable":true,"href":"https:\/\/www.meydan.tv\/az\/wp-json\/wp\/v2\/categories?post=261408"},{"taxonomy":"post_tag","embeddable":true,"href":"https:\/\/www.meydan.tv\/az\/wp-json\/wp\/v2\/tags?post=261408"}],"curies":[{"name":"wp","href":"https:\/\/api.w.org\/{rel}","templated":true}]}}