{"id":261327,"date":"2022-11-21T14:47:35","date_gmt":"2022-11-21T10:47:35","guid":{"rendered":"https:\/\/www.meydan.tv\/?p=261327"},"modified":"2022-11-21T20:10:46","modified_gmt":"2022-11-21T16:10:46","slug":"iranda-iki-aktrisa-hebs-edilib","status":"publish","type":"post","link":"https:\/\/www.meydan.tv\/az\/article\/iranda-iki-aktrisa-hebs-edilib\/","title":{"rendered":"<strong>\u0130randa iki aktrisa h\u0259bs edilib<\/strong>"},"content":{"rendered":"\n<p><\/p>\n\n\n\n<p><em>Onlar \u00f6lk\u0259d\u0259 i\u011fti\u015fa\u015flar\u0131 q\u0131z\u0131\u015fd\u0131rmaqda ittiham olunurlar<\/em><\/p>\n\n\n\n<p>\u0130randa etiraz h\u0259r\u0259kat\u0131 il\u0259 h\u0259mr\u0259ylik ifad\u0259 ed\u0259n v\u0259 rejim\u0259 qar\u015f\u0131 a\u00e7\u0131q-a\u015fkar ita\u0259tsizlik akt\u0131 olaraq ictimai yerl\u0259rd\u0259 hicablar\u0131n\u0131 \u00e7\u0131xaran iki aktrisan\u0131n &#8211; Henqame Qaziani v\u0259 Katayun Riahinin h\u0259bs edildiyi bildirilir.<\/p>\n\n\n\n<p>\u0130ran\u0131n d\u00f6vl\u0259t medias\u0131 \u201c\u0130RNA\u201d Henqame Qazianinin \u201ci\u011fti\u015fa\u015flar\u0131 q\u0131z\u0131\u015fd\u0131rd\u0131\u011f\u0131na v\u0259 d\u0259st\u0259kl\u0259diyin\u0259, habel\u0259 m\u00fcxalif\u0259t medias\u0131 il\u0259 \u0259laq\u0259 saxlad\u0131\u011f\u0131na g\u00f6r\u0259\u201d, &#8211; h\u0259bs edildiyini <a href=\"https:\/\/www.irna.ir\/news\/84948853\/%DA%A9%D8%AA%D8%A7%DB%8C%D9%88%D9%86-%D8%B1%DB%8C%D8%A7%D8%AD%DB%8C-%D8%A8%D8%A7%D8%B2%D8%AF%D8%A7%D8%B4%D8%AA-%D8%B4%D8%AF\" target=\"_blank\" rel=\"noreferrer noopener\">bildirib<\/a>.<\/p>\n\n\n\n<p>Aktrisa Henqame Qaziani 2022-ci il noyabr\u0131n 19-da \u201c\u0130nstagram\u201d\u0131nda sa\u00e7lar\u0131 a\u00e7\u0131q \u015f\u0259kild\u0259 videosunu <a href=\"https:\/\/www.instagram.com\/p\/ClJ3cY7AYss\/\" target=\"_blank\" rel=\"noreferrer noopener\">payla\u015f\u0131b<\/a>.<\/p>\n\n\n\n<p>Videoda Qaziani dan\u0131\u015fmadan kameraya bax\u0131r v\u0259 daha sonra arxas\u0131na \u00e7evril\u0259r\u0259k, sa\u00e7lar\u0131n\u0131 \u201cat quyru\u011fu\u201d formas\u0131nda y\u0131\u011f\u0131r.<\/p>\n\n\n\n<p>O, posta bel\u0259 bir \u015f\u0259rh yaz\u0131b: <\/p>\n\n\n\n<p>\u201cB\u0259lk\u0259 d\u0259, bu, m\u0259nim son payla\u015f\u0131m\u0131m olacaq. Bu andan etibar\u0259n ba\u015f\u0131ma n\u0259 g\u0259lirs\u0259-g\u0259lsin, bilin ki, h\u0259mi\u015f\u0259 oldu\u011fu kimi son n\u0259f\u0259sim\u0259 q\u0259d\u0259r \u0130ran xalq\u0131n\u0131n yan\u0131ndayam\u201d, &#8211; qeydini yaz\u0131b.<\/p>\n\n\n\n<p>Qaziani \u00f6t\u0259n h\u0259ft\u0259 etdiyi dig\u0259r payla\u015f\u0131m\u0131nda is\u0259 \u0130ran h\u00f6kum\u0259tini \u201cu\u015faq qatili\u201d adland\u0131r\u0131b v\u0259 50-d\u0259n \u00e7ox u\u015fa\u011f\u0131n \u00f6l\u00fcm\u00fcn\u0259 g\u00f6r\u0259 m\u0259suliyy\u0259t da\u015f\u0131d\u0131\u011f\u0131n\u0131 <a href=\"https:\/\/www.instagram.com\/p\/ClD2aFnoWYg\/\" target=\"_blank\" rel=\"noreferrer noopener\">bildirmi\u015fdi<\/a>.<\/p>\n\n\n<div class=\"wp-block-image\">\n<figure class=\"aligncenter size-large\"><img decoding=\"async\" width=\"1200\" height=\"705\" data-src=\"https:\/\/www.meydan.tv\/wp-content\/uploads\/157777210-1200x705.jpg\" alt=\"\" class=\"wp-image-261331 lazyload\" src=\"data:image\/svg+xml;base64,PHN2ZyB3aWR0aD0iMSIgaGVpZ2h0PSIxIiB4bWxucz0iaHR0cDovL3d3dy53My5vcmcvMjAwMC9zdmciPjwvc3ZnPg==\" style=\"--smush-placeholder-width: 1200px; --smush-placeholder-aspect-ratio: 1200\/705;\" \/><figcaption class=\"wp-element-caption\">Henqame Qaziani. Foto: &#8220;irna.ir&#8221;<\/figcaption><\/figure>\n<\/div>\n\n\n<p>Aktrisa Katayun Riahinin d\u0259 ixti\u015fa\u015flar\u0131 q\u0131z\u0131\u015fd\u0131rma ittiham\u0131 il\u0259 h\u0259bs edildiyi <a href=\"https:\/\/www.irna.ir\/news\/84948741\/%D8%A8%D8%A7%D8%B2%D8%AF%D8%A7%D8%B4%D8%AA-%D9%87%D9%86%DA%AF%D8%A7%D9%85%D9%87-%D9%82%D8%A7%D8%B6%DB%8C%D8%A7%D9%86%DB%8C-%D8%A8%D9%87-%D8%A7%D8%AA%D9%87%D8%A7%D9%85-%D8%A7%D8%AC%D8%AA%D9%85%D8%A7%D8%B9-%D9%88-%D8%AA%D8%A8%D8%A7%D9%86%DB%8C-%D8%A8%D9%87-%D9%82%D8%B5%D8%AF-%D8%A7%D9%82%D8%AF%D8%A7%D9%85-%D8%B9%D9%84%DB%8C%D9%87\" target=\"_blank\" rel=\"noreferrer noopener\">bildirilir<\/a>.<\/p>\n\n\n\n<p>Katayun Riahini xeyriyy\u0259 i\u015fl\u0259ri il\u0259 tan\u0131n\u0131r.<\/p>\n\n\n\n<p>O, sentyabrda Londonun \u0130ran Beyn\u0259lxalq televiziyas\u0131na hicabs\u0131z m\u00fcsahib\u0259 verib.<\/p>\n\n\n\n<p>O, 22 ya\u015fl\u0131 M\u0259hsa \u018fmininin \u00f6l\u00fcm\u00fcnd\u0259n sonra \u0130ran\u0131 b\u00fcr\u00fcm\u00fc\u015f etirazlarla h\u0259mr\u0259y oldu\u011funu bildirib, h\u0259m\u00e7inin hicab\u0131n m\u0259cburi geyinilm\u0259sinin \u0259leyhin\u0259 \u00e7\u0131x\u0131\u015f edib.<\/p>\n\n\n<div class=\"wp-block-image\">\n<figure class=\"aligncenter size-full\"><img decoding=\"async\" width=\"1200\" height=\"736\" data-src=\"https:\/\/www.meydan.tv\/wp-content\/uploads\/157294682.jpg\" alt=\"\" class=\"wp-image-261328 lazyload\" src=\"data:image\/svg+xml;base64,PHN2ZyB3aWR0aD0iMSIgaGVpZ2h0PSIxIiB4bWxucz0iaHR0cDovL3d3dy53My5vcmcvMjAwMC9zdmciPjwvc3ZnPg==\" style=\"--smush-placeholder-width: 1200px; --smush-placeholder-aspect-ratio: 1200\/736;\" \/><figcaption class=\"wp-element-caption\">Katayun Riahini. Foto: &#8220;irna.ir&#8221;<\/figcaption><\/figure>\n<\/div>\n\n\n<p>Daha \u00f6nc\u0259 iranl\u0131 aktrisa T\u0259ran\u0259 \u018flidusti d\u0259 \u00f6lk\u0259d\u0259ki etiraz aksiyalar\u0131na d\u0259st\u0259k olaraq hicabs\u0131z fotosunu <a href=\"https:\/\/d9mc3ts4czbpr.cloudfront.net\/az\/article\/iranli-aktrisadan-etirazlara-destek-hicabsiz-fotosunu-yayib\/\" target=\"_blank\" rel=\"noreferrer noopener\">payla\u015fm\u0131\u015fd\u0131<\/a>.<\/p>\n\n\n\n<p>2022-ci il sentyabr\u0131n 13-d\u0259 \u0130randa \u0259xlaq polisinin hicab qaydalar\u0131n\u0131 pozma ittiham\u0131 il\u0259 tutdu\u011fu M\u0259hsa Amini \u00fc\u00e7 g\u00fcn sonra x\u0259st\u0259xanada v\u0259fat edib.<\/p>\n\n\n\n<p>\u0130ran hakimiyy\u0259ti t\u0259kzib ets\u0259 d\u0259, \u00e7oxu g\u0259nc qad\u0131n\u0131n fiziki zorak\u0131l\u0131\u011f\u0131n qurban\u0131 oldu\u011funa inan\u0131r.<\/p>\n\n\n\n<p>\u201cThe Guardian\u201d \u0130randa \u00f6lk\u0259 hakimiyy\u0259tin\u0259 qar\u015f\u0131 etirazlar ba\u015flayandan b\u0259ri \u0259n az\u0131 58 u\u015fa\u011f\u0131n h\u0259yat\u0131n\u0131 itirdiyini <a href=\"https:\/\/www.theguardian.com\/global-development\/2022\/nov\/20\/iran-protests-children-killed-reports-mahsa-amini\" target=\"_blank\" rel=\"noreferrer noopener\">yaz\u0131r.<\/a><\/p>\n\n\n\n<p>\u0130ran\u0131n \u0130nsan Haqlar\u0131 T\u0259\u015fkilat\u0131 (HRA) bildirib ki, \u00f6lk\u0259d\u0259 ba\u015f ver\u0259n i\u011fti\u015fa\u015flar n\u0259tic\u0259sind\u0259 47-si u\u015faq olmaqla az\u0131 378 n\u0259f\u0259r h\u0259lak\u00a0<a href=\"https:\/\/www.hra-iran.org\/en\/\" target=\"_blank\" rel=\"noreferrer noopener\">olub<\/a>.<\/p>\n\n\n\n<p>\u0130ran s\u0259lahiyy\u0259tlil\u0259ri n\u00fcmayi\u015fl\u0259rl\u0259 \u0259laq\u0259dar alt\u0131 n\u0259f\u0259ri \u00f6l\u00fcm c\u0259zas\u0131na m\u0259hkum edib.<\/p>\n\n\n\n<p>\u201cAmnesty International\u201d is\u0259 \u0259n az\u0131 21 n\u0259f\u0259rin \u00f6l\u00fcm c\u0259zas\u0131 ala bil\u0259c\u0259k cinay\u0259tl\u0259rd\u0259 ittiham edildiyini bildirib.<\/p>\n\n\n\n<p>\u0130ran\u0131n s\u0259lahiyy\u0259tlil\u0259ri etirazlar\u0131 \u201ci\u011fti\u015fa\u015flar\u201d kimi xarakteriz\u0259 v\u0259 \u00f6lk\u0259nin Q\u0259rb d\u00fc\u015fm\u0259nl\u0259rini onlar\u0131 q\u0131z\u0131\u015fd\u0131rmaqda ittiham edir.<\/p>\n","protected":false},"excerpt":{"rendered":"<p>Onlar \u00f6lk\u0259d\u0259 i\u011fti\u015fa\u015flar\u0131 q\u0131z\u0131\u015fd\u0131rmaqda ittiham olunurlar \u0130randa etiraz h\u0259r\u0259kat\u0131 il\u0259 &#8230; <\/p>\n<p class=\"read-more-container\"><a title=\"\u0130randa iki aktrisa h\u0259bs edilib\" class=\"read-more button\" href=\"https:\/\/www.meydan.tv\/az\/article\/iranda-iki-aktrisa-hebs-edilib\/#more-261327\" aria-label=\"Read more about \u0130randa iki aktrisa h\u0259bs edilib\">Davam\u0131<\/a><\/p>\n","protected":false},"author":8,"featured_media":261334,"comment_status":"closed","ping_status":"closed","sticky":false,"template":"","format":"standard","meta":{"_acf_changed":false,"_sitemap_exclude":false,"_sitemap_priority":"","_sitemap_frequency":"","footnotes":""},"categories":[64,52,56],"tags":[],"class_list":["post-261327","post","type-post","status-publish","format-standard","has-post-thumbnail","hentry","category-dunya","category-medeniyyet","category-xeberler","infinite-scroll-item","generate-columns","tablet-grid-50","mobile-grid-100","grid-parent","grid-33","no-featured-image-padding"],"acf":[],"yoast_head":"<!-- This site is optimized with the Yoast SEO plugin v27.4 - https:\/\/yoast.com\/product\/yoast-seo-wordpress\/ -->\n<title>\u0130randa iki aktrisa h\u0259bs edilib - MEYDAN.TV<\/title>\n<meta name=\"robots\" content=\"index, follow, max-snippet:-1, max-image-preview:large, max-video-preview:-1\" \/>\n<link rel=\"canonical\" href=\"https:\/\/www.meydan.tv\/az\/article\/iranda-iki-aktrisa-hebs-edilib\/\" \/>\n<meta property=\"og:locale\" content=\"az_AZ\" \/>\n<meta property=\"og:type\" content=\"article\" \/>\n<meta property=\"og:title\" content=\"\u0130randa iki aktrisa h\u0259bs edilib - MEYDAN.TV\" \/>\n<meta property=\"og:description\" content=\"Onlar \u00f6lk\u0259d\u0259 i\u011fti\u015fa\u015flar\u0131 q\u0131z\u0131\u015fd\u0131rmaqda ittiham olunurlar \u0130randa etiraz h\u0259r\u0259kat\u0131 il\u0259 ... Davam\u0131\" \/>\n<meta property=\"og:url\" content=\"https:\/\/www.meydan.tv\/az\/article\/iranda-iki-aktrisa-hebs-edilib\/\" \/>\n<meta property=\"og:site_name\" content=\"MEYDAN.TV\" \/>\n<meta property=\"article:published_time\" content=\"2022-11-21T10:47:35+00:00\" \/>\n<meta property=\"article:modified_time\" content=\"2022-11-21T16:10:46+00:00\" \/>\n<meta property=\"og:image\" content=\"https:\/\/www.meydan.tv\/wp-content\/uploads\/tecgf5hm3bowppb4r7y4p3nz2m.jpg\" \/>\n\t<meta property=\"og:image:width\" content=\"1200\" \/>\n\t<meta property=\"og:image:height\" content=\"900\" \/>\n\t<meta property=\"og:image:type\" content=\"image\/jpeg\" \/>\n<meta name=\"author\" content=\"elli\" \/>\n<meta name=\"twitter:card\" content=\"summary_large_image\" \/>\n<meta name=\"twitter:creator\" content=\"@elli\" \/>\n<script type=\"application\/ld+json\" class=\"yoast-schema-graph\">{\"@context\":\"https:\\\/\\\/schema.org\",\"@graph\":[{\"@type\":\"Article\",\"@id\":\"https:\\\/\\\/www.meydan.tv\\\/az\\\/article\\\/iranda-iki-aktrisa-hebs-edilib\\\/#article\",\"isPartOf\":{\"@id\":\"https:\\\/\\\/www.meydan.tv\\\/az\\\/article\\\/iranda-iki-aktrisa-hebs-edilib\\\/\"},\"author\":{\"name\":\"elli\",\"@id\":\"https:\\\/\\\/www.meydan.tv\\\/az\\\/#\\\/schema\\\/person\\\/9cdbecf90d17180ce1dfbd95b08dcf47\"},\"headline\":\"\u0130randa iki aktrisa h\u0259bs edilib\",\"datePublished\":\"2022-11-21T10:47:35+00:00\",\"dateModified\":\"2022-11-21T16:10:46+00:00\",\"mainEntityOfPage\":{\"@id\":\"https:\\\/\\\/www.meydan.tv\\\/az\\\/article\\\/iranda-iki-aktrisa-hebs-edilib\\\/\"},\"wordCount\":524,\"publisher\":{\"@id\":\"https:\\\/\\\/www.meydan.tv\\\/az\\\/#organization\"},\"image\":{\"@id\":\"https:\\\/\\\/www.meydan.tv\\\/az\\\/article\\\/iranda-iki-aktrisa-hebs-edilib\\\/#primaryimage\"},\"thumbnailUrl\":\"https:\\\/\\\/www.meydan.tv\\\/wp-content\\\/uploads\\\/tecgf5hm3bowppb4r7y4p3nz2m.jpg\",\"articleSection\":[\"D\u00fcnya\",\"M\u0259d\u0259niyy\u0259t\",\"X\u0259b\u0259rl\u0259r\"],\"inLanguage\":\"az\"},{\"@type\":\"WebPage\",\"@id\":\"https:\\\/\\\/www.meydan.tv\\\/az\\\/article\\\/iranda-iki-aktrisa-hebs-edilib\\\/\",\"url\":\"https:\\\/\\\/www.meydan.tv\\\/az\\\/article\\\/iranda-iki-aktrisa-hebs-edilib\\\/\",\"name\":\"\u0130randa iki aktrisa h\u0259bs edilib - MEYDAN.TV\",\"isPartOf\":{\"@id\":\"https:\\\/\\\/www.meydan.tv\\\/az\\\/#website\"},\"primaryImageOfPage\":{\"@id\":\"https:\\\/\\\/www.meydan.tv\\\/az\\\/article\\\/iranda-iki-aktrisa-hebs-edilib\\\/#primaryimage\"},\"image\":{\"@id\":\"https:\\\/\\\/www.meydan.tv\\\/az\\\/article\\\/iranda-iki-aktrisa-hebs-edilib\\\/#primaryimage\"},\"thumbnailUrl\":\"https:\\\/\\\/www.meydan.tv\\\/wp-content\\\/uploads\\\/tecgf5hm3bowppb4r7y4p3nz2m.jpg\",\"datePublished\":\"2022-11-21T10:47:35+00:00\",\"dateModified\":\"2022-11-21T16:10:46+00:00\",\"breadcrumb\":{\"@id\":\"https:\\\/\\\/www.meydan.tv\\\/az\\\/article\\\/iranda-iki-aktrisa-hebs-edilib\\\/#breadcrumb\"},\"inLanguage\":\"az\",\"potentialAction\":[{\"@type\":\"ReadAction\",\"target\":[\"https:\\\/\\\/www.meydan.tv\\\/az\\\/article\\\/iranda-iki-aktrisa-hebs-edilib\\\/\"]}]},{\"@type\":\"ImageObject\",\"inLanguage\":\"az\",\"@id\":\"https:\\\/\\\/www.meydan.tv\\\/az\\\/article\\\/iranda-iki-aktrisa-hebs-edilib\\\/#primaryimage\",\"url\":\"https:\\\/\\\/www.meydan.tv\\\/wp-content\\\/uploads\\\/tecgf5hm3bowppb4r7y4p3nz2m.jpg\",\"contentUrl\":\"https:\\\/\\\/www.meydan.tv\\\/wp-content\\\/uploads\\\/tecgf5hm3bowppb4r7y4p3nz2m.jpg\",\"width\":1200,\"height\":900,\"caption\":\"Foto: Reuters\"},{\"@type\":\"BreadcrumbList\",\"@id\":\"https:\\\/\\\/www.meydan.tv\\\/az\\\/article\\\/iranda-iki-aktrisa-hebs-edilib\\\/#breadcrumb\",\"itemListElement\":[{\"@type\":\"ListItem\",\"position\":1,\"name\":\"Ana s\u0259hif\u0259\",\"item\":\"https:\\\/\\\/www.meydan.tv\\\/az\\\/\"},{\"@type\":\"ListItem\",\"position\":2,\"name\":\"M\u0259d\u0259niyy\u0259t\",\"item\":\"https:\\\/\\\/www.meydan.tv\\\/az\\\/section\\\/medeniyyet\\\/\"},{\"@type\":\"ListItem\",\"position\":3,\"name\":\"\u0130randa iki aktrisa h\u0259bs edilib\"}]},{\"@type\":\"WebSite\",\"@id\":\"https:\\\/\\\/www.meydan.tv\\\/az\\\/#website\",\"url\":\"https:\\\/\\\/www.meydan.tv\\\/az\\\/\",\"name\":\"MEYDAN.TV\",\"description\":\"Meydan TV Az\u0259rbaycan\u0131n media m\u0259kan\u0131ndak\u0131 alternativ s\u0259sidir\",\"publisher\":{\"@id\":\"https:\\\/\\\/www.meydan.tv\\\/az\\\/#organization\"},\"potentialAction\":[{\"@type\":\"SearchAction\",\"target\":{\"@type\":\"EntryPoint\",\"urlTemplate\":\"https:\\\/\\\/www.meydan.tv\\\/az\\\/?s={search_term_string}\"},\"query-input\":{\"@type\":\"PropertyValueSpecification\",\"valueRequired\":true,\"valueName\":\"search_term_string\"}}],\"inLanguage\":\"az\"},{\"@type\":\"Organization\",\"@id\":\"https:\\\/\\\/www.meydan.tv\\\/az\\\/#organization\",\"name\":\"Meydan TV\",\"url\":\"https:\\\/\\\/www.meydan.tv\\\/az\\\/\",\"logo\":{\"@type\":\"ImageObject\",\"inLanguage\":\"az\",\"@id\":\"https:\\\/\\\/www.meydan.tv\\\/az\\\/#\\\/schema\\\/logo\\\/image\\\/\",\"url\":\"https:\\\/\\\/www.meydan.tv\\\/wp-content\\\/uploads\\\/2021\\\/07\\\/meydan-logo.svg\",\"contentUrl\":\"https:\\\/\\\/www.meydan.tv\\\/wp-content\\\/uploads\\\/2021\\\/07\\\/meydan-logo.svg\",\"width\":195,\"height\":46,\"caption\":\"Meydan TV\"},\"image\":{\"@id\":\"https:\\\/\\\/www.meydan.tv\\\/az\\\/#\\\/schema\\\/logo\\\/image\\\/\"}},{\"@type\":\"Person\",\"@id\":\"https:\\\/\\\/www.meydan.tv\\\/az\\\/#\\\/schema\\\/person\\\/9cdbecf90d17180ce1dfbd95b08dcf47\",\"name\":\"elli\",\"sameAs\":[\"https:\\\/\\\/x.com\\\/elli\"]}]}<\/script>\n<!-- \/ Yoast SEO plugin. -->","yoast_head_json":{"title":"\u0130randa iki aktrisa h\u0259bs edilib - MEYDAN.TV","robots":{"index":"index","follow":"follow","max-snippet":"max-snippet:-1","max-image-preview":"max-image-preview:large","max-video-preview":"max-video-preview:-1"},"canonical":"https:\/\/www.meydan.tv\/az\/article\/iranda-iki-aktrisa-hebs-edilib\/","og_locale":"az_AZ","og_type":"article","og_title":"\u0130randa iki aktrisa h\u0259bs edilib - MEYDAN.TV","og_description":"Onlar \u00f6lk\u0259d\u0259 i\u011fti\u015fa\u015flar\u0131 q\u0131z\u0131\u015fd\u0131rmaqda ittiham olunurlar \u0130randa etiraz h\u0259r\u0259kat\u0131 il\u0259 ... Davam\u0131","og_url":"https:\/\/www.meydan.tv\/az\/article\/iranda-iki-aktrisa-hebs-edilib\/","og_site_name":"MEYDAN.TV","article_published_time":"2022-11-21T10:47:35+00:00","article_modified_time":"2022-11-21T16:10:46+00:00","og_image":[{"width":1200,"height":900,"url":"https:\/\/www.meydan.tv\/wp-content\/uploads\/tecgf5hm3bowppb4r7y4p3nz2m.jpg","type":"image\/jpeg"}],"author":"elli","twitter_card":"summary_large_image","twitter_creator":"@elli","schema":{"@context":"https:\/\/schema.org","@graph":[{"@type":"Article","@id":"https:\/\/www.meydan.tv\/az\/article\/iranda-iki-aktrisa-hebs-edilib\/#article","isPartOf":{"@id":"https:\/\/www.meydan.tv\/az\/article\/iranda-iki-aktrisa-hebs-edilib\/"},"author":{"name":"elli","@id":"https:\/\/www.meydan.tv\/az\/#\/schema\/person\/9cdbecf90d17180ce1dfbd95b08dcf47"},"headline":"\u0130randa iki aktrisa h\u0259bs edilib","datePublished":"2022-11-21T10:47:35+00:00","dateModified":"2022-11-21T16:10:46+00:00","mainEntityOfPage":{"@id":"https:\/\/www.meydan.tv\/az\/article\/iranda-iki-aktrisa-hebs-edilib\/"},"wordCount":524,"publisher":{"@id":"https:\/\/www.meydan.tv\/az\/#organization"},"image":{"@id":"https:\/\/www.meydan.tv\/az\/article\/iranda-iki-aktrisa-hebs-edilib\/#primaryimage"},"thumbnailUrl":"https:\/\/www.meydan.tv\/wp-content\/uploads\/tecgf5hm3bowppb4r7y4p3nz2m.jpg","articleSection":["D\u00fcnya","M\u0259d\u0259niyy\u0259t","X\u0259b\u0259rl\u0259r"],"inLanguage":"az"},{"@type":"WebPage","@id":"https:\/\/www.meydan.tv\/az\/article\/iranda-iki-aktrisa-hebs-edilib\/","url":"https:\/\/www.meydan.tv\/az\/article\/iranda-iki-aktrisa-hebs-edilib\/","name":"\u0130randa iki aktrisa h\u0259bs edilib - MEYDAN.TV","isPartOf":{"@id":"https:\/\/www.meydan.tv\/az\/#website"},"primaryImageOfPage":{"@id":"https:\/\/www.meydan.tv\/az\/article\/iranda-iki-aktrisa-hebs-edilib\/#primaryimage"},"image":{"@id":"https:\/\/www.meydan.tv\/az\/article\/iranda-iki-aktrisa-hebs-edilib\/#primaryimage"},"thumbnailUrl":"https:\/\/www.meydan.tv\/wp-content\/uploads\/tecgf5hm3bowppb4r7y4p3nz2m.jpg","datePublished":"2022-11-21T10:47:35+00:00","dateModified":"2022-11-21T16:10:46+00:00","breadcrumb":{"@id":"https:\/\/www.meydan.tv\/az\/article\/iranda-iki-aktrisa-hebs-edilib\/#breadcrumb"},"inLanguage":"az","potentialAction":[{"@type":"ReadAction","target":["https:\/\/www.meydan.tv\/az\/article\/iranda-iki-aktrisa-hebs-edilib\/"]}]},{"@type":"ImageObject","inLanguage":"az","@id":"https:\/\/www.meydan.tv\/az\/article\/iranda-iki-aktrisa-hebs-edilib\/#primaryimage","url":"https:\/\/www.meydan.tv\/wp-content\/uploads\/tecgf5hm3bowppb4r7y4p3nz2m.jpg","contentUrl":"https:\/\/www.meydan.tv\/wp-content\/uploads\/tecgf5hm3bowppb4r7y4p3nz2m.jpg","width":1200,"height":900,"caption":"Foto: Reuters"},{"@type":"BreadcrumbList","@id":"https:\/\/www.meydan.tv\/az\/article\/iranda-iki-aktrisa-hebs-edilib\/#breadcrumb","itemListElement":[{"@type":"ListItem","position":1,"name":"Ana s\u0259hif\u0259","item":"https:\/\/www.meydan.tv\/az\/"},{"@type":"ListItem","position":2,"name":"M\u0259d\u0259niyy\u0259t","item":"https:\/\/www.meydan.tv\/az\/section\/medeniyyet\/"},{"@type":"ListItem","position":3,"name":"\u0130randa iki aktrisa h\u0259bs edilib"}]},{"@type":"WebSite","@id":"https:\/\/www.meydan.tv\/az\/#website","url":"https:\/\/www.meydan.tv\/az\/","name":"MEYDAN.TV","description":"Meydan TV Az\u0259rbaycan\u0131n media m\u0259kan\u0131ndak\u0131 alternativ s\u0259sidir","publisher":{"@id":"https:\/\/www.meydan.tv\/az\/#organization"},"potentialAction":[{"@type":"SearchAction","target":{"@type":"EntryPoint","urlTemplate":"https:\/\/www.meydan.tv\/az\/?s={search_term_string}"},"query-input":{"@type":"PropertyValueSpecification","valueRequired":true,"valueName":"search_term_string"}}],"inLanguage":"az"},{"@type":"Organization","@id":"https:\/\/www.meydan.tv\/az\/#organization","name":"Meydan TV","url":"https:\/\/www.meydan.tv\/az\/","logo":{"@type":"ImageObject","inLanguage":"az","@id":"https:\/\/www.meydan.tv\/az\/#\/schema\/logo\/image\/","url":"https:\/\/www.meydan.tv\/wp-content\/uploads\/2021\/07\/meydan-logo.svg","contentUrl":"https:\/\/www.meydan.tv\/wp-content\/uploads\/2021\/07\/meydan-logo.svg","width":195,"height":46,"caption":"Meydan TV"},"image":{"@id":"https:\/\/www.meydan.tv\/az\/#\/schema\/logo\/image\/"}},{"@type":"Person","@id":"https:\/\/www.meydan.tv\/az\/#\/schema\/person\/9cdbecf90d17180ce1dfbd95b08dcf47","name":"elli","sameAs":["https:\/\/x.com\/elli"]}]}},"_links":{"self":[{"href":"https:\/\/www.meydan.tv\/az\/wp-json\/wp\/v2\/posts\/261327","targetHints":{"allow":["GET"]}}],"collection":[{"href":"https:\/\/www.meydan.tv\/az\/wp-json\/wp\/v2\/posts"}],"about":[{"href":"https:\/\/www.meydan.tv\/az\/wp-json\/wp\/v2\/types\/post"}],"author":[{"embeddable":true,"href":"https:\/\/www.meydan.tv\/az\/wp-json\/wp\/v2\/users\/8"}],"replies":[{"embeddable":true,"href":"https:\/\/www.meydan.tv\/az\/wp-json\/wp\/v2\/comments?post=261327"}],"version-history":[{"count":3,"href":"https:\/\/www.meydan.tv\/az\/wp-json\/wp\/v2\/posts\/261327\/revisions"}],"predecessor-version":[{"id":261409,"href":"https:\/\/www.meydan.tv\/az\/wp-json\/wp\/v2\/posts\/261327\/revisions\/261409"}],"wp:featuredmedia":[{"embeddable":true,"href":"https:\/\/www.meydan.tv\/az\/wp-json\/wp\/v2\/media\/261334"}],"wp:attachment":[{"href":"https:\/\/www.meydan.tv\/az\/wp-json\/wp\/v2\/media?parent=261327"}],"wp:term":[{"taxonomy":"category","embeddable":true,"href":"https:\/\/www.meydan.tv\/az\/wp-json\/wp\/v2\/categories?post=261327"},{"taxonomy":"post_tag","embeddable":true,"href":"https:\/\/www.meydan.tv\/az\/wp-json\/wp\/v2\/tags?post=261327"}],"curies":[{"name":"wp","href":"https:\/\/api.w.org\/{rel}","templated":true}]}}