{"id":261252,"date":"2022-11-20T15:29:41","date_gmt":"2022-11-20T11:29:41","guid":{"rendered":"https:\/\/www.meydan.tv\/?p=261252"},"modified":"2022-11-20T15:29:43","modified_gmt":"2022-11-20T11:29:43","slug":"meyart-erdogan-ahmet-kayanin-qebrinin-turkiyeye-kocurulmesini-teklif-edib","status":"publish","type":"post","link":"https:\/\/www.meydan.tv\/az\/article\/meyart-erdogan-ahmet-kayanin-qebrinin-turkiyeye-kocurulmesini-teklif-edib\/","title":{"rendered":"MeyArt &#8211; \u018frdo\u011fan Ahmet Kayan\u0131n q\u0259brinin T\u00fcrkiy\u0259y\u0259 k\u00f6\u00e7\u00fcr\u00fclm\u0259sini t\u0259klif edib"},"content":{"rendered":"\n<figure class=\"wp-block-embed is-type-video is-provider-youtube wp-block-embed-youtube wp-embed-aspect-16-9 wp-has-aspect-ratio\"><div class=\"wp-block-embed__wrapper\">\n<iframe title=\"MeyArt - \u018frdo\u011fan Ahmet Kayan\u0131n q\u0259brinin T\u00fcrkiy\u0259y\u0259 k\u00f6\u00e7\u00fcr\u00fclm\u0259sini t\u0259klif edib\" width=\"1200\" height=\"675\" data-src=\"https:\/\/www.youtube.com\/embed\/UpM_4Daoy44?feature=oembed\" frameborder=\"0\" allow=\"accelerometer; autoplay; clipboard-write; encrypted-media; gyroscope; picture-in-picture\" allowfullscreen src=\"data:image\/svg+xml;base64,PHN2ZyB3aWR0aD0iMSIgaGVpZ2h0PSIxIiB4bWxucz0iaHR0cDovL3d3dy53My5vcmcvMjAwMC9zdmciPjwvc3ZnPg==\" class=\"lazyload\" data-load-mode=\"1\"><\/iframe>\n<\/div><\/figure>\n\n\n\n<!--more-->\n\n\n\n<p>T\u00fcrkiy\u0259 Prezidenti R\u0259c\u0259b Tayyib \u018frdo\u011fan m\u0259rhum m\u00fc\u011f\u0259nni Ahmet Kayan\u0131n Fransan\u0131n paytaxt\u0131 Parisd\u0259 yerl\u0259\u015f\u0259n m\u0259zar\u0131n\u0131n T\u00fcrkiy\u0259y\u0259 k\u00f6\u00e7\u00fcr\u00fclm\u0259sini ist\u0259dikl\u0259rini bildirib. \u018frdo\u011fan bununla ba\u011fl\u0131 21 il \u00f6nc\u0259 Fransada v\u0259fat ed\u0259n s\u0259n\u0259t\u00e7inin ail\u0259sin\u0259 m\u00fcraci\u0259t edildiyini, lakin m\u00fcsb\u0259t cavab almad\u0131qlar\u0131n\u0131 deyib.<\/p>\n\n\n\n<p>\u201cAil\u0259 ist\u0259y\u0259rs\u0259 biz add\u0131m atar\u0131q. Ahmet Kaya bu torpaqlar\u0131n insan\u0131d\u0131r\u201d, dey\u0259 \u018frdo\u011fan vur\u011fulay\u0131b.<\/p>\n\n\n\n<p>T\u00fcrkiy\u0259 m\u0259tbuat\u0131 yaz\u0131r ki, \u018frdo\u011fan b\u0259nz\u0259r a\u00e7\u0131qlaman\u0131 2019-cu il se\u00e7ki \u00f6nc\u0259sind\u0259 d\u0259 etmi\u015fdi. Qeyd ed\u0259k ki, g\u0259l\u0259n il T\u00fcrkiy\u0259d\u0259 prezident se\u00e7kil\u0259ri ke\u00e7iril\u0259c\u0259k. \u018frdo\u011fan\u0131n Ahmet Kaya il\u0259 ba\u011fl\u0131 h\u0259r iki a\u00e7\u0131qlaman\u0131 se\u00e7kil\u0259r \u00f6nc\u0259si etm\u0259si diqq\u0259t \u00e7\u0259kib.&nbsp; &nbsp; &nbsp; &nbsp; &nbsp; &nbsp; &nbsp; &nbsp; &nbsp; &nbsp; &nbsp; &nbsp; &nbsp; &nbsp; &nbsp; &nbsp; &nbsp; &nbsp; &nbsp; &nbsp; &nbsp; &nbsp; &nbsp; &nbsp; &nbsp; &nbsp; &nbsp; &nbsp; &nbsp; &nbsp; &nbsp; &nbsp; &nbsp; &nbsp; &nbsp; &nbsp; &nbsp; &nbsp; &nbsp; &nbsp; &nbsp; &nbsp; &nbsp; &nbsp; &nbsp; &nbsp; &nbsp; &nbsp; &nbsp; &nbsp; &nbsp; &nbsp; &nbsp; &nbsp; &nbsp; &nbsp; &nbsp; &nbsp; &nbsp; &nbsp; &nbsp; &nbsp; &nbsp; &nbsp; &nbsp; &nbsp; &nbsp; &nbsp; &nbsp; &nbsp; &nbsp; &nbsp; &nbsp; &nbsp; &nbsp; &nbsp; &nbsp; &nbsp; &nbsp; &nbsp; &nbsp; &nbsp; &nbsp; &nbsp; &nbsp; &nbsp; &nbsp; &nbsp; &nbsp; &nbsp; &nbsp; &nbsp; &nbsp; &nbsp; &nbsp; &nbsp; &nbsp; &nbsp; &nbsp; &nbsp; &nbsp; &nbsp; &nbsp; &nbsp; &nbsp; &nbsp; &nbsp; &nbsp; &nbsp; &nbsp; &nbsp; &nbsp; &nbsp; &nbsp; &nbsp; &nbsp; &nbsp; &nbsp; &nbsp; &nbsp; &nbsp; &nbsp; &nbsp; &nbsp; &nbsp; &nbsp; \u00d6lk\u0259 ba\u015f\u00e7\u0131s\u0131 \u0130lham \u018fliyev Kino Agentliyinin f\u0259aliyy\u0259tinin t\u0259min edilm\u0259si haqq\u0131nda f\u0259rman imzalay\u0131b. F\u0259rmanla \u201cAz\u0259rbaycan Respublikas\u0131 Kino Agentliyinin Nizamnam\u0259si\u201d t\u0259sdiq edilib.<\/p>\n\n\n\n<p>Qeyd olunub ki, Kino Agentliyinin nizamnam\u0259 fondu 100 000 (y\u00fcz min) manat t\u0259\u015fkil edir v\u0259 d\u00f6vl\u0259t b\u00fcdc\u0259sinin v\u0259saiti hesab\u0131na formala\u015f\u0131r.<\/p>\n\n\n\n<p>Agentliyin qar\u015f\u0131s\u0131na bir s\u0131ra v\u0259zif\u0259l\u0259r qoyulub:<\/p>\n\n\n\n<p>kino s\u0259nayesinin s\u0259rmay\u0259 c\u0259lbediciliyinin art\u0131r\u0131lmas\u0131 m\u0259qs\u0259dil\u0259 t\u0259dbirl\u0259r g\u00f6rm\u0259k;&nbsp;<\/p>\n\n\n\n<p>Az\u0259rbaycan kinematoqrafiyas\u0131n\u0131n d\u00fcnya kinematoqrafiyas\u0131na inteqrasiyas\u0131 il\u0259 ba\u011fl\u0131 t\u0259dbirl\u0259r g\u00f6rm\u0259k;<\/p>\n\n\n\n<p>d\u00f6vl\u0259t sifari\u015fi v\u0259 d\u0259st\u0259yi \u0259sas\u0131nda \u00e7\u0259kil\u0259n filml\u0259rin istehsal\u0131 prosesin\u0259, n\u00fcmayi\u015fin\u0259, t\u0259bli\u011fin\u0259 v\u0259 beyn\u0259lxalq kinofestivallarda i\u015ftirak\u0131na d\u0259st\u0259k g\u00f6st\u0259rm\u0259k. V\u0259 bu kimi dig\u0259r \u00f6hd\u0259likl\u0259r tap\u015f\u0131r\u0131l\u0131b.<\/p>\n\n\n\n<p>Agentliyin saxlan\u0131lmas\u0131 v\u0259 f\u0259aliyy\u0259tinin t\u0259min edilm\u0259si d\u00f6vl\u0259t b\u00fcdc\u0259sinin v\u0259saiti v\u0259 qanunla qada\u011fan edilm\u0259y\u0259n dig\u0259r m\u0259nb\u0259l\u0259r hesab\u0131na h\u0259yata ke\u00e7iril\u0259c\u0259k.<\/p>\n\n\n\n<p>\u00d6t\u0259n burax\u0131l\u0131\u015flar\u0131m\u0131zda b\u0259hs etdiyimiz \u201cTammetrajl\u0131 b\u0259dii film layih\u0259l\u0259rin\u0259 d\u0259st\u0259k \u2013 2022\u201d m\u00fcsabiq\u0259sinin qalibl\u0259rin\u0259 m\u00fckafatlar\u0131n verilm\u0259m\u0259si il\u0259 ba\u011fl\u0131 iddialara M\u0259d\u0259niyy\u0259t Nazirliyi m\u00fcnasib\u0259t bildirib. Nazirlik yerli mediaya a\u00e7\u0131qlamas\u0131nda d\u0259qiq tarix bildirm\u0259s\u0259 d\u0259, m\u00fckafatlar\u0131n yax\u0131n zamanda sahibl\u0259rin\u0259 t\u0259qdim olunaca\u011f\u0131n\u0131 bildirib.&nbsp;<\/p>\n\n\n\n<p>M\u0259d\u0259niyy\u0259t Nazirliyi 2021-ci ilin sonlar\u0131nda b\u00fcdc\u0259si 300 min manat olan \u201cTammetrajl\u0131 b\u0259dii film layih\u0259l\u0259rin\u0259 d\u0259st\u0259k \u2013 2022\u201d m\u00fcsabiq\u0259si elan etmi\u015fdi. \u00dcz\u0259rind\u0259n 8 ay ke\u00e7s\u0259 d\u0259, layih\u0259l\u0259r\u0259 ayr\u0131lan pullar h\u0259l\u0259 d\u0259 sahibl\u0259rin\u0259 \u00e7atmay\u0131b.<\/p>\n\n\n\n<p>Bak\u0131 Beyn\u0259lxalq Q\u0131sa Filml\u0259r Festival\u0131n\u0131n qalibl\u0259ri b\u0259lli olub. M\u00fcxt\u0259lif nominasiyalar \u00fczr\u0259 m\u00fckafatlar t\u0259qdim olunub. Ancaq 13-c\u00fc Beyn\u0259lxalq Q\u0131sa Filml\u0259r Festival\u0131n\u0131n qalibl\u0259rin\u0259 pul m\u00fckafat\u0131 verilm\u0259yib. Pul m\u00fckafat\u0131n\u0131n m\u0259bl\u0259\u011fi 5 min manatd\u0131r. Festival\u0131n t\u0259sis\u00e7isi v\u0259 r\u0259hb\u0259ri Fehruz \u015eam\u0131yev bunu maliyy\u0259 probleml\u0259ri il\u0259 \u0259laq\u0259l\u0259ndirib:<\/p>\n\n\n\n<p>\u201cFestival\u0131n t\u0259sis\u00e7isi G\u0259nc Kinematoqraf\u00e7\u0131lar M\u0259rk\u0259zidir. Biz h\u0259r il \u00f6z b\u00fcdc\u0259mizd\u0259n \u2013 m\u00fcxt\u0259lif layih\u0259l\u0259rd\u0259n qazand\u0131\u011f\u0131m\u0131z pullardan v\u0259 yaxud da kommersiya i\u015fl\u0259rind\u0259n festivala 5 min manat pul m\u00fckafat\u0131 t\u0259yin edirdik. Bu il is\u0259 b\u00fcdc\u0259miz imkan verm\u0259di ki, festivalda pul m\u00fckafat\u0131 elan ed\u0259k\u201d.<\/p>\n\n\n\n<p>Rejissor \u015eamil \u018fliyevin \u201cYaradanlar\u201d (\u201cCreators\u201d) b\u0259dii-s\u0259n\u0259dli filmi 95-ci Amerika \u0130nc\u0259s\u0259n\u0259t v\u0259 Elml\u0259r Akademiyas\u0131n\u0131n \u201cOskar\u201d m\u00fckafat\u0131na namiz\u0259dl\u0259rin uzun siyah\u0131s\u0131na daxil edilib. Film Az\u0259rbaycan memarl\u0131q s\u0259n\u0259tinin iki g\u00f6rk\u0259mli n\u00fcmay\u0259nd\u0259si Sad\u0131x Dada\u015fov v\u0259 Mikay\u0131l H\u00fcseynovun xatir\u0259sin\u0259 h\u0259sr edilib.&nbsp;<\/p>\n\n\n\n<p>Film Az\u0259rbaycan M\u0259d\u0259niyy\u0259t Nazirliyi v\u0259 \u201cSalnam\u0259\u201d kinostudiyas\u0131n\u0131n sifari\u015fi il\u0259 2020-ci ild\u0259 \u00e7\u0259kilib.<\/p>\n\n\n\n<p>Qeyd ed\u0259k ki, 95-ci \u201cOskar\u201d m\u00fckafatland\u0131rma m\u0259rasiminin 12 mart 2023-c\u00fc ild\u0259 Los-Ancelesd\u0259ki Dolby Teatr\u0131nda ke\u00e7irilm\u0259si planla\u015fd\u0131r\u0131l\u0131r.<\/p>\n","protected":false},"excerpt":{"rendered":"","protected":false},"author":14,"featured_media":261253,"comment_status":"closed","ping_status":"closed","sticky":false,"template":"","format":"standard","meta":{"_acf_changed":false,"_sitemap_exclude":false,"_sitemap_priority":"","_sitemap_frequency":"","footnotes":""},"categories":[52,63],"tags":[],"class_list":["post-261252","post","type-post","status-publish","format-standard","has-post-thumbnail","hentry","category-medeniyyet","category-video-2","infinite-scroll-item","generate-columns","tablet-grid-50","mobile-grid-100","grid-parent","grid-33","no-featured-image-padding"],"acf":[],"yoast_head":"<!-- This site is optimized with the Yoast SEO plugin v27.4 - https:\/\/yoast.com\/product\/yoast-seo-wordpress\/ -->\n<title>MeyArt - \u018frdo\u011fan Ahmet Kayan\u0131n q\u0259brinin T\u00fcrkiy\u0259y\u0259 k\u00f6\u00e7\u00fcr\u00fclm\u0259sini t\u0259klif edib - MEYDAN.TV<\/title>\n<meta name=\"robots\" content=\"index, follow, max-snippet:-1, max-image-preview:large, max-video-preview:-1\" \/>\n<link rel=\"canonical\" href=\"https:\/\/www.meydan.tv\/az\/article\/meyart-erdogan-ahmet-kayanin-qebrinin-turkiyeye-kocurulmesini-teklif-edib\/\" \/>\n<meta property=\"og:locale\" content=\"az_AZ\" \/>\n<meta property=\"og:type\" content=\"article\" \/>\n<meta property=\"og:title\" content=\"MeyArt - \u018frdo\u011fan Ahmet Kayan\u0131n q\u0259brinin T\u00fcrkiy\u0259y\u0259 k\u00f6\u00e7\u00fcr\u00fclm\u0259sini t\u0259klif edib - MEYDAN.TV\" \/>\n<meta property=\"og:url\" content=\"https:\/\/www.meydan.tv\/az\/article\/meyart-erdogan-ahmet-kayanin-qebrinin-turkiyeye-kocurulmesini-teklif-edib\/\" \/>\n<meta property=\"og:site_name\" content=\"MEYDAN.TV\" \/>\n<meta property=\"article:published_time\" content=\"2022-11-20T11:29:41+00:00\" \/>\n<meta property=\"article:modified_time\" content=\"2022-11-20T11:29:43+00:00\" \/>\n<meta property=\"og:image\" content=\"https:\/\/www.meydan.tv\/wp-content\/uploads\/screenshot-2022-11-20-at-12.27.06.png\" \/>\n\t<meta property=\"og:image:width\" content=\"1288\" \/>\n\t<meta property=\"og:image:height\" content=\"724\" \/>\n\t<meta property=\"og:image:type\" content=\"image\/png\" \/>\n<meta name=\"author\" content=\"roma\" \/>\n<meta name=\"twitter:card\" content=\"summary_large_image\" \/>\n<script type=\"application\/ld+json\" class=\"yoast-schema-graph\">{\"@context\":\"https:\\\/\\\/schema.org\",\"@graph\":[{\"@type\":\"Article\",\"@id\":\"https:\\\/\\\/www.meydan.tv\\\/az\\\/article\\\/meyart-erdogan-ahmet-kayanin-qebrinin-turkiyeye-kocurulmesini-teklif-edib\\\/#article\",\"isPartOf\":{\"@id\":\"https:\\\/\\\/www.meydan.tv\\\/az\\\/article\\\/meyart-erdogan-ahmet-kayanin-qebrinin-turkiyeye-kocurulmesini-teklif-edib\\\/\"},\"author\":{\"name\":\"roma\",\"@id\":\"https:\\\/\\\/www.meydan.tv\\\/az\\\/#\\\/schema\\\/person\\\/8f23e01c4de63326c13c319fb65ee65d\"},\"headline\":\"MeyArt &#8211; \u018frdo\u011fan Ahmet Kayan\u0131n q\u0259brinin T\u00fcrkiy\u0259y\u0259 k\u00f6\u00e7\u00fcr\u00fclm\u0259sini t\u0259klif edib\",\"datePublished\":\"2022-11-20T11:29:41+00:00\",\"dateModified\":\"2022-11-20T11:29:43+00:00\",\"mainEntityOfPage\":{\"@id\":\"https:\\\/\\\/www.meydan.tv\\\/az\\\/article\\\/meyart-erdogan-ahmet-kayanin-qebrinin-turkiyeye-kocurulmesini-teklif-edib\\\/\"},\"wordCount\":878,\"publisher\":{\"@id\":\"https:\\\/\\\/www.meydan.tv\\\/az\\\/#organization\"},\"image\":{\"@id\":\"https:\\\/\\\/www.meydan.tv\\\/az\\\/article\\\/meyart-erdogan-ahmet-kayanin-qebrinin-turkiyeye-kocurulmesini-teklif-edib\\\/#primaryimage\"},\"thumbnailUrl\":\"https:\\\/\\\/www.meydan.tv\\\/wp-content\\\/uploads\\\/screenshot-2022-11-20-at-12.27.06.png\",\"articleSection\":[\"M\u0259d\u0259niyy\u0259t\",\"Video\"],\"inLanguage\":\"az\"},{\"@type\":\"WebPage\",\"@id\":\"https:\\\/\\\/www.meydan.tv\\\/az\\\/article\\\/meyart-erdogan-ahmet-kayanin-qebrinin-turkiyeye-kocurulmesini-teklif-edib\\\/\",\"url\":\"https:\\\/\\\/www.meydan.tv\\\/az\\\/article\\\/meyart-erdogan-ahmet-kayanin-qebrinin-turkiyeye-kocurulmesini-teklif-edib\\\/\",\"name\":\"MeyArt - \u018frdo\u011fan Ahmet Kayan\u0131n q\u0259brinin T\u00fcrkiy\u0259y\u0259 k\u00f6\u00e7\u00fcr\u00fclm\u0259sini t\u0259klif edib - MEYDAN.TV\",\"isPartOf\":{\"@id\":\"https:\\\/\\\/www.meydan.tv\\\/az\\\/#website\"},\"primaryImageOfPage\":{\"@id\":\"https:\\\/\\\/www.meydan.tv\\\/az\\\/article\\\/meyart-erdogan-ahmet-kayanin-qebrinin-turkiyeye-kocurulmesini-teklif-edib\\\/#primaryimage\"},\"image\":{\"@id\":\"https:\\\/\\\/www.meydan.tv\\\/az\\\/article\\\/meyart-erdogan-ahmet-kayanin-qebrinin-turkiyeye-kocurulmesini-teklif-edib\\\/#primaryimage\"},\"thumbnailUrl\":\"https:\\\/\\\/www.meydan.tv\\\/wp-content\\\/uploads\\\/screenshot-2022-11-20-at-12.27.06.png\",\"datePublished\":\"2022-11-20T11:29:41+00:00\",\"dateModified\":\"2022-11-20T11:29:43+00:00\",\"breadcrumb\":{\"@id\":\"https:\\\/\\\/www.meydan.tv\\\/az\\\/article\\\/meyart-erdogan-ahmet-kayanin-qebrinin-turkiyeye-kocurulmesini-teklif-edib\\\/#breadcrumb\"},\"inLanguage\":\"az\",\"potentialAction\":[{\"@type\":\"ReadAction\",\"target\":[\"https:\\\/\\\/www.meydan.tv\\\/az\\\/article\\\/meyart-erdogan-ahmet-kayanin-qebrinin-turkiyeye-kocurulmesini-teklif-edib\\\/\"]}]},{\"@type\":\"ImageObject\",\"inLanguage\":\"az\",\"@id\":\"https:\\\/\\\/www.meydan.tv\\\/az\\\/article\\\/meyart-erdogan-ahmet-kayanin-qebrinin-turkiyeye-kocurulmesini-teklif-edib\\\/#primaryimage\",\"url\":\"https:\\\/\\\/www.meydan.tv\\\/wp-content\\\/uploads\\\/screenshot-2022-11-20-at-12.27.06.png\",\"contentUrl\":\"https:\\\/\\\/www.meydan.tv\\\/wp-content\\\/uploads\\\/screenshot-2022-11-20-at-12.27.06.png\",\"width\":1288,\"height\":724},{\"@type\":\"BreadcrumbList\",\"@id\":\"https:\\\/\\\/www.meydan.tv\\\/az\\\/article\\\/meyart-erdogan-ahmet-kayanin-qebrinin-turkiyeye-kocurulmesini-teklif-edib\\\/#breadcrumb\",\"itemListElement\":[{\"@type\":\"ListItem\",\"position\":1,\"name\":\"Ana s\u0259hif\u0259\",\"item\":\"https:\\\/\\\/www.meydan.tv\\\/az\\\/\"},{\"@type\":\"ListItem\",\"position\":2,\"name\":\"Video\",\"item\":\"https:\\\/\\\/www.meydan.tv\\\/az\\\/section\\\/video-2\\\/\"},{\"@type\":\"ListItem\",\"position\":3,\"name\":\"MeyArt &#8211; \u018frdo\u011fan Ahmet Kayan\u0131n q\u0259brinin T\u00fcrkiy\u0259y\u0259 k\u00f6\u00e7\u00fcr\u00fclm\u0259sini t\u0259klif edib\"}]},{\"@type\":\"WebSite\",\"@id\":\"https:\\\/\\\/www.meydan.tv\\\/az\\\/#website\",\"url\":\"https:\\\/\\\/www.meydan.tv\\\/az\\\/\",\"name\":\"MEYDAN.TV\",\"description\":\"Meydan TV Az\u0259rbaycan\u0131n media m\u0259kan\u0131ndak\u0131 alternativ s\u0259sidir\",\"publisher\":{\"@id\":\"https:\\\/\\\/www.meydan.tv\\\/az\\\/#organization\"},\"potentialAction\":[{\"@type\":\"SearchAction\",\"target\":{\"@type\":\"EntryPoint\",\"urlTemplate\":\"https:\\\/\\\/www.meydan.tv\\\/az\\\/?s={search_term_string}\"},\"query-input\":{\"@type\":\"PropertyValueSpecification\",\"valueRequired\":true,\"valueName\":\"search_term_string\"}}],\"inLanguage\":\"az\"},{\"@type\":\"Organization\",\"@id\":\"https:\\\/\\\/www.meydan.tv\\\/az\\\/#organization\",\"name\":\"Meydan TV\",\"url\":\"https:\\\/\\\/www.meydan.tv\\\/az\\\/\",\"logo\":{\"@type\":\"ImageObject\",\"inLanguage\":\"az\",\"@id\":\"https:\\\/\\\/www.meydan.tv\\\/az\\\/#\\\/schema\\\/logo\\\/image\\\/\",\"url\":\"https:\\\/\\\/www.meydan.tv\\\/wp-content\\\/uploads\\\/2021\\\/07\\\/meydan-logo.svg\",\"contentUrl\":\"https:\\\/\\\/www.meydan.tv\\\/wp-content\\\/uploads\\\/2021\\\/07\\\/meydan-logo.svg\",\"width\":195,\"height\":46,\"caption\":\"Meydan TV\"},\"image\":{\"@id\":\"https:\\\/\\\/www.meydan.tv\\\/az\\\/#\\\/schema\\\/logo\\\/image\\\/\"}},{\"@type\":\"Person\",\"@id\":\"https:\\\/\\\/www.meydan.tv\\\/az\\\/#\\\/schema\\\/person\\\/8f23e01c4de63326c13c319fb65ee65d\",\"name\":\"roma\"}]}<\/script>\n<!-- \/ Yoast SEO plugin. -->","yoast_head_json":{"title":"MeyArt - \u018frdo\u011fan Ahmet Kayan\u0131n q\u0259brinin T\u00fcrkiy\u0259y\u0259 k\u00f6\u00e7\u00fcr\u00fclm\u0259sini t\u0259klif edib - MEYDAN.TV","robots":{"index":"index","follow":"follow","max-snippet":"max-snippet:-1","max-image-preview":"max-image-preview:large","max-video-preview":"max-video-preview:-1"},"canonical":"https:\/\/www.meydan.tv\/az\/article\/meyart-erdogan-ahmet-kayanin-qebrinin-turkiyeye-kocurulmesini-teklif-edib\/","og_locale":"az_AZ","og_type":"article","og_title":"MeyArt - \u018frdo\u011fan Ahmet Kayan\u0131n q\u0259brinin T\u00fcrkiy\u0259y\u0259 k\u00f6\u00e7\u00fcr\u00fclm\u0259sini t\u0259klif edib - MEYDAN.TV","og_url":"https:\/\/www.meydan.tv\/az\/article\/meyart-erdogan-ahmet-kayanin-qebrinin-turkiyeye-kocurulmesini-teklif-edib\/","og_site_name":"MEYDAN.TV","article_published_time":"2022-11-20T11:29:41+00:00","article_modified_time":"2022-11-20T11:29:43+00:00","og_image":[{"width":1288,"height":724,"url":"https:\/\/www.meydan.tv\/wp-content\/uploads\/screenshot-2022-11-20-at-12.27.06.png","type":"image\/png"}],"author":"roma","twitter_card":"summary_large_image","schema":{"@context":"https:\/\/schema.org","@graph":[{"@type":"Article","@id":"https:\/\/www.meydan.tv\/az\/article\/meyart-erdogan-ahmet-kayanin-qebrinin-turkiyeye-kocurulmesini-teklif-edib\/#article","isPartOf":{"@id":"https:\/\/www.meydan.tv\/az\/article\/meyart-erdogan-ahmet-kayanin-qebrinin-turkiyeye-kocurulmesini-teklif-edib\/"},"author":{"name":"roma","@id":"https:\/\/www.meydan.tv\/az\/#\/schema\/person\/8f23e01c4de63326c13c319fb65ee65d"},"headline":"MeyArt &#8211; \u018frdo\u011fan Ahmet Kayan\u0131n q\u0259brinin T\u00fcrkiy\u0259y\u0259 k\u00f6\u00e7\u00fcr\u00fclm\u0259sini t\u0259klif edib","datePublished":"2022-11-20T11:29:41+00:00","dateModified":"2022-11-20T11:29:43+00:00","mainEntityOfPage":{"@id":"https:\/\/www.meydan.tv\/az\/article\/meyart-erdogan-ahmet-kayanin-qebrinin-turkiyeye-kocurulmesini-teklif-edib\/"},"wordCount":878,"publisher":{"@id":"https:\/\/www.meydan.tv\/az\/#organization"},"image":{"@id":"https:\/\/www.meydan.tv\/az\/article\/meyart-erdogan-ahmet-kayanin-qebrinin-turkiyeye-kocurulmesini-teklif-edib\/#primaryimage"},"thumbnailUrl":"https:\/\/www.meydan.tv\/wp-content\/uploads\/screenshot-2022-11-20-at-12.27.06.png","articleSection":["M\u0259d\u0259niyy\u0259t","Video"],"inLanguage":"az"},{"@type":"WebPage","@id":"https:\/\/www.meydan.tv\/az\/article\/meyart-erdogan-ahmet-kayanin-qebrinin-turkiyeye-kocurulmesini-teklif-edib\/","url":"https:\/\/www.meydan.tv\/az\/article\/meyart-erdogan-ahmet-kayanin-qebrinin-turkiyeye-kocurulmesini-teklif-edib\/","name":"MeyArt - \u018frdo\u011fan Ahmet Kayan\u0131n q\u0259brinin T\u00fcrkiy\u0259y\u0259 k\u00f6\u00e7\u00fcr\u00fclm\u0259sini t\u0259klif edib - MEYDAN.TV","isPartOf":{"@id":"https:\/\/www.meydan.tv\/az\/#website"},"primaryImageOfPage":{"@id":"https:\/\/www.meydan.tv\/az\/article\/meyart-erdogan-ahmet-kayanin-qebrinin-turkiyeye-kocurulmesini-teklif-edib\/#primaryimage"},"image":{"@id":"https:\/\/www.meydan.tv\/az\/article\/meyart-erdogan-ahmet-kayanin-qebrinin-turkiyeye-kocurulmesini-teklif-edib\/#primaryimage"},"thumbnailUrl":"https:\/\/www.meydan.tv\/wp-content\/uploads\/screenshot-2022-11-20-at-12.27.06.png","datePublished":"2022-11-20T11:29:41+00:00","dateModified":"2022-11-20T11:29:43+00:00","breadcrumb":{"@id":"https:\/\/www.meydan.tv\/az\/article\/meyart-erdogan-ahmet-kayanin-qebrinin-turkiyeye-kocurulmesini-teklif-edib\/#breadcrumb"},"inLanguage":"az","potentialAction":[{"@type":"ReadAction","target":["https:\/\/www.meydan.tv\/az\/article\/meyart-erdogan-ahmet-kayanin-qebrinin-turkiyeye-kocurulmesini-teklif-edib\/"]}]},{"@type":"ImageObject","inLanguage":"az","@id":"https:\/\/www.meydan.tv\/az\/article\/meyart-erdogan-ahmet-kayanin-qebrinin-turkiyeye-kocurulmesini-teklif-edib\/#primaryimage","url":"https:\/\/www.meydan.tv\/wp-content\/uploads\/screenshot-2022-11-20-at-12.27.06.png","contentUrl":"https:\/\/www.meydan.tv\/wp-content\/uploads\/screenshot-2022-11-20-at-12.27.06.png","width":1288,"height":724},{"@type":"BreadcrumbList","@id":"https:\/\/www.meydan.tv\/az\/article\/meyart-erdogan-ahmet-kayanin-qebrinin-turkiyeye-kocurulmesini-teklif-edib\/#breadcrumb","itemListElement":[{"@type":"ListItem","position":1,"name":"Ana s\u0259hif\u0259","item":"https:\/\/www.meydan.tv\/az\/"},{"@type":"ListItem","position":2,"name":"Video","item":"https:\/\/www.meydan.tv\/az\/section\/video-2\/"},{"@type":"ListItem","position":3,"name":"MeyArt &#8211; \u018frdo\u011fan Ahmet Kayan\u0131n q\u0259brinin T\u00fcrkiy\u0259y\u0259 k\u00f6\u00e7\u00fcr\u00fclm\u0259sini t\u0259klif edib"}]},{"@type":"WebSite","@id":"https:\/\/www.meydan.tv\/az\/#website","url":"https:\/\/www.meydan.tv\/az\/","name":"MEYDAN.TV","description":"Meydan TV Az\u0259rbaycan\u0131n media m\u0259kan\u0131ndak\u0131 alternativ s\u0259sidir","publisher":{"@id":"https:\/\/www.meydan.tv\/az\/#organization"},"potentialAction":[{"@type":"SearchAction","target":{"@type":"EntryPoint","urlTemplate":"https:\/\/www.meydan.tv\/az\/?s={search_term_string}"},"query-input":{"@type":"PropertyValueSpecification","valueRequired":true,"valueName":"search_term_string"}}],"inLanguage":"az"},{"@type":"Organization","@id":"https:\/\/www.meydan.tv\/az\/#organization","name":"Meydan TV","url":"https:\/\/www.meydan.tv\/az\/","logo":{"@type":"ImageObject","inLanguage":"az","@id":"https:\/\/www.meydan.tv\/az\/#\/schema\/logo\/image\/","url":"https:\/\/www.meydan.tv\/wp-content\/uploads\/2021\/07\/meydan-logo.svg","contentUrl":"https:\/\/www.meydan.tv\/wp-content\/uploads\/2021\/07\/meydan-logo.svg","width":195,"height":46,"caption":"Meydan TV"},"image":{"@id":"https:\/\/www.meydan.tv\/az\/#\/schema\/logo\/image\/"}},{"@type":"Person","@id":"https:\/\/www.meydan.tv\/az\/#\/schema\/person\/8f23e01c4de63326c13c319fb65ee65d","name":"roma"}]}},"_links":{"self":[{"href":"https:\/\/www.meydan.tv\/az\/wp-json\/wp\/v2\/posts\/261252","targetHints":{"allow":["GET"]}}],"collection":[{"href":"https:\/\/www.meydan.tv\/az\/wp-json\/wp\/v2\/posts"}],"about":[{"href":"https:\/\/www.meydan.tv\/az\/wp-json\/wp\/v2\/types\/post"}],"author":[{"embeddable":true,"href":"https:\/\/www.meydan.tv\/az\/wp-json\/wp\/v2\/users\/14"}],"replies":[{"embeddable":true,"href":"https:\/\/www.meydan.tv\/az\/wp-json\/wp\/v2\/comments?post=261252"}],"version-history":[{"count":1,"href":"https:\/\/www.meydan.tv\/az\/wp-json\/wp\/v2\/posts\/261252\/revisions"}],"predecessor-version":[{"id":261256,"href":"https:\/\/www.meydan.tv\/az\/wp-json\/wp\/v2\/posts\/261252\/revisions\/261256"}],"wp:featuredmedia":[{"embeddable":true,"href":"https:\/\/www.meydan.tv\/az\/wp-json\/wp\/v2\/media\/261253"}],"wp:attachment":[{"href":"https:\/\/www.meydan.tv\/az\/wp-json\/wp\/v2\/media?parent=261252"}],"wp:term":[{"taxonomy":"category","embeddable":true,"href":"https:\/\/www.meydan.tv\/az\/wp-json\/wp\/v2\/categories?post=261252"},{"taxonomy":"post_tag","embeddable":true,"href":"https:\/\/www.meydan.tv\/az\/wp-json\/wp\/v2\/tags?post=261252"}],"curies":[{"name":"wp","href":"https:\/\/api.w.org\/{rel}","templated":true}]}}