{"id":261199,"date":"2022-11-18T17:42:46","date_gmt":"2022-11-18T13:42:46","guid":{"rendered":"https:\/\/www.meydan.tv\/?p=261199"},"modified":"2022-11-18T17:42:49","modified_gmt":"2022-11-18T13:42:49","slug":"baki-beynelxalq-qisa-filmler-festivalinin-buliki-qaliblerine-pul-mukafati-verilmeyib","status":"publish","type":"post","link":"https:\/\/www.meydan.tv\/az\/article\/baki-beynelxalq-qisa-filmler-festivalinin-buliki-qaliblerine-pul-mukafati-verilmeyib\/","title":{"rendered":"Bak\u0131 Beyn\u0259lxalq Q\u0131sa Filml\u0259r Festival\u0131n\u0131n buliki qalibl\u0259rin\u0259 pul m\u00fckafat\u0131 verilm\u0259yib"},"content":{"rendered":"\n<p><\/p>\n\n\n\n<p><em>Fehruz \u015eam\u0131yev: \u201cBu il b\u00fcdc\u0259miz imkan verm\u0259di ki, festivalda pul m\u00fckafat\u0131 elan ed\u0259k\u201d<\/em><br><\/p>\n\n\n\n<p>Noyabr\u0131n 11-d\u0259n 15-d\u0259k ke\u00e7iril\u0259n \u0259n\u0259n\u0259vi Bak\u0131 Beyn\u0259lxalq Q\u0131sa Filml\u0259r Festival\u0131 il\u0259 ba\u011fl\u0131 naraz\u0131l\u0131q oldu\u011fu bildirilir.<\/p>\n\n\n\n<p>Meydan TV-nin \u0259ld\u0259 etdiyi m\u0259lumata g\u00f6r\u0259, art\u0131q on \u00fc\u00e7\u00fcnc\u00fc d\u0259f\u0259dir ke\u00e7iril\u0259n festival\u0131n builki qalibl\u0259rin\u0259 pul m\u00fckafat\u0131 verilm\u0259yib.<\/p>\n\n\n\n<p>Pul m\u00fckafat\u0131n\u0131n m\u0259bl\u0259\u011fi 5 min manatd\u0131r.<\/p>\n\n\n\n<p>Festival\u0131n t\u0259sis\u00e7isi v\u0259 r\u0259hb\u0259ri Fehruz \u015eam\u0131yev Meydan TV-y\u0259 a\u00e7\u0131qlamas\u0131nda bunu maliyy\u0259 probleml\u0259ri il\u0259 \u0259laq\u0259l\u0259ndirib:<\/p>\n\n\n\n<p>\u201cFestival\u0131n t\u0259sis\u00e7isi G\u0259nc Kinematoqraf\u00e7\u0131lar M\u0259rk\u0259zidir. Biz h\u0259r il \u00f6z b\u00fcdc\u0259mizd\u0259n &#8211; m\u00fcxt\u0259lif layih\u0259l\u0259rd\u0259n qazand\u0131\u011f\u0131m\u0131z pullardan v\u0259 yaxud da kommerisya i\u015fl\u0259rind\u0259n festivala 5 min manat pul m\u00fckafat\u0131 t\u0259yin edirdik. Bu il is\u0259 b\u00fcdc\u0259miz imkan verm\u0259di ki, festivalda pul m\u00fckafat\u0131 elan ed\u0259k\u201d.<\/p>\n\n\n\n<p>Festivalda h\u0259r il m\u00fcxt\u0259lif \u00f6lk\u0259l\u0259rd\u0259n kino n\u00fcmay\u0259nd\u0259l\u0259ri qat\u0131l\u0131r.<br>Builki kino t\u0259dbirind\u0259 79 \u00f6lk\u0259d\u0259n 814 film qat\u0131l\u0131b.<br>32 film festival\u0131n beyn\u0259lxalq, 40 film is\u0259 yerli m\u00fcsabiq\u0259sind\u0259 i\u015ftirak h\u00fcququ qazan\u0131b.<br>Qalibl\u0259rin adlar\u0131 noyabr\u0131n 15-d\u0259 <a href=\"https:\/\/filmfestival.az\/xeberler\/129-13-cu-baki-beynelxalq-qisa-filmler-festivalinin-qalibleri\/\" target=\"_blank\" rel=\"noreferrer noopener\">a\u00e7\u0131qlan\u0131b<\/a>.<br><br>\u201cCINEMA\u201d G\u0259nc Kinematoqraf\u00e7\u0131lar M\u0259rk\u0259zinin 2004-c\u00fc ild\u0259 t\u0259sis etdiyi festival M\u0259d\u0259niyy\u0259t Nazirliyinin t\u0259\u015fkilati d\u0259st\u0259yi il\u0259 ke\u00e7irilir.<\/p>\n\n\n\n<p>2022-ci ild\u0259 kinoya d\u00f6vl\u0259t b\u00fcdc\u0259sind\u0259n 6 milyon yar\u0131m manat pul ayr\u0131l\u0131b.<br><\/p>\n\n\n\n<p>M\u0259d\u0259niyy\u0259t Nazirliyinin d\u0259st\u0259k oldu\u011fu Bak\u0131 Beyn\u0259lxalq Q\u0131sa Filml\u0259r Festival\u0131n\u0131n ke\u00e7irilm\u0259si il\u0259 \u0259laq\u0259dar maliyy\u0259 ay\u0131r\u0131b-ay\u0131rmamas\u0131 m\u0259s\u0259l\u0259sin\u0259 m\u00fcnasib\u0259t \u00f6yr\u0259nm\u0259k m\u00fcmk\u00fcn olmay\u0131b.<\/p>\n","protected":false},"excerpt":{"rendered":"<p>Fehruz \u015eam\u0131yev: \u201cBu il b\u00fcdc\u0259miz imkan verm\u0259di ki, festivalda pul &#8230; <\/p>\n<p class=\"read-more-container\"><a title=\"Bak\u0131 Beyn\u0259lxalq Q\u0131sa Filml\u0259r Festival\u0131n\u0131n buliki qalibl\u0259rin\u0259 pul m\u00fckafat\u0131 verilm\u0259yib\" class=\"read-more button\" href=\"https:\/\/www.meydan.tv\/az\/article\/baki-beynelxalq-qisa-filmler-festivalinin-buliki-qaliblerine-pul-mukafati-verilmeyib\/#more-261199\" aria-label=\"Read more about Bak\u0131 Beyn\u0259lxalq Q\u0131sa Filml\u0259r Festival\u0131n\u0131n buliki qalibl\u0259rin\u0259 pul m\u00fckafat\u0131 verilm\u0259yib\">Davam\u0131<\/a><\/p>\n","protected":false},"author":8,"featured_media":227268,"comment_status":"closed","ping_status":"closed","sticky":false,"template":"","format":"standard","meta":{"_acf_changed":false,"_sitemap_exclude":false,"_sitemap_priority":"","_sitemap_frequency":"","footnotes":""},"categories":[52,56],"tags":[],"class_list":["post-261199","post","type-post","status-publish","format-standard","has-post-thumbnail","hentry","category-medeniyyet","category-xeberler","infinite-scroll-item","generate-columns","tablet-grid-50","mobile-grid-100","grid-parent","grid-33","no-featured-image-padding"],"acf":[],"yoast_head":"<!-- This site is optimized with the Yoast SEO plugin v27.4 - https:\/\/yoast.com\/product\/yoast-seo-wordpress\/ -->\n<title>Bak\u0131 Beyn\u0259lxalq Q\u0131sa Filml\u0259r Festival\u0131n\u0131n buliki qalibl\u0259rin\u0259 pul m\u00fckafat\u0131 verilm\u0259yib - MEYDAN.TV<\/title>\n<meta name=\"robots\" content=\"index, follow, max-snippet:-1, max-image-preview:large, max-video-preview:-1\" \/>\n<link rel=\"canonical\" href=\"https:\/\/www.meydan.tv\/az\/article\/baki-beynelxalq-qisa-filmler-festivalinin-buliki-qaliblerine-pul-mukafati-verilmeyib\/\" \/>\n<meta property=\"og:locale\" content=\"az_AZ\" \/>\n<meta property=\"og:type\" content=\"article\" \/>\n<meta property=\"og:title\" content=\"Bak\u0131 Beyn\u0259lxalq Q\u0131sa Filml\u0259r Festival\u0131n\u0131n buliki qalibl\u0259rin\u0259 pul m\u00fckafat\u0131 verilm\u0259yib - MEYDAN.TV\" \/>\n<meta property=\"og:description\" content=\"Fehruz \u015eam\u0131yev: \u201cBu il b\u00fcdc\u0259miz imkan verm\u0259di ki, festivalda pul ... Davam\u0131\" \/>\n<meta property=\"og:url\" content=\"https:\/\/www.meydan.tv\/az\/article\/baki-beynelxalq-qisa-filmler-festivalinin-buliki-qaliblerine-pul-mukafati-verilmeyib\/\" \/>\n<meta property=\"og:site_name\" content=\"MEYDAN.TV\" \/>\n<meta property=\"article:published_time\" content=\"2022-11-18T13:42:46+00:00\" \/>\n<meta property=\"article:modified_time\" content=\"2022-11-18T13:42:49+00:00\" \/>\n<meta property=\"og:image\" content=\"https:\/\/www.meydan.tv\/wp-content\/uploads\/dsc06660-156.jpg\" \/>\n\t<meta property=\"og:image:width\" content=\"1421\" \/>\n\t<meta property=\"og:image:height\" content=\"800\" \/>\n\t<meta property=\"og:image:type\" content=\"image\/jpeg\" \/>\n<meta name=\"author\" content=\"elli\" \/>\n<meta name=\"twitter:card\" content=\"summary_large_image\" \/>\n<meta name=\"twitter:creator\" content=\"@elli\" \/>\n<script type=\"application\/ld+json\" class=\"yoast-schema-graph\">{\"@context\":\"https:\\\/\\\/schema.org\",\"@graph\":[{\"@type\":\"Article\",\"@id\":\"https:\\\/\\\/www.meydan.tv\\\/az\\\/article\\\/baki-beynelxalq-qisa-filmler-festivalinin-buliki-qaliblerine-pul-mukafati-verilmeyib\\\/#article\",\"isPartOf\":{\"@id\":\"https:\\\/\\\/www.meydan.tv\\\/az\\\/article\\\/baki-beynelxalq-qisa-filmler-festivalinin-buliki-qaliblerine-pul-mukafati-verilmeyib\\\/\"},\"author\":{\"name\":\"elli\",\"@id\":\"https:\\\/\\\/www.meydan.tv\\\/az\\\/#\\\/schema\\\/person\\\/9cdbecf90d17180ce1dfbd95b08dcf47\"},\"headline\":\"Bak\u0131 Beyn\u0259lxalq Q\u0131sa Filml\u0259r Festival\u0131n\u0131n buliki qalibl\u0259rin\u0259 pul m\u00fckafat\u0131 verilm\u0259yib\",\"datePublished\":\"2022-11-18T13:42:46+00:00\",\"dateModified\":\"2022-11-18T13:42:49+00:00\",\"mainEntityOfPage\":{\"@id\":\"https:\\\/\\\/www.meydan.tv\\\/az\\\/article\\\/baki-beynelxalq-qisa-filmler-festivalinin-buliki-qaliblerine-pul-mukafati-verilmeyib\\\/\"},\"wordCount\":345,\"publisher\":{\"@id\":\"https:\\\/\\\/www.meydan.tv\\\/az\\\/#organization\"},\"image\":{\"@id\":\"https:\\\/\\\/www.meydan.tv\\\/az\\\/article\\\/baki-beynelxalq-qisa-filmler-festivalinin-buliki-qaliblerine-pul-mukafati-verilmeyib\\\/#primaryimage\"},\"thumbnailUrl\":\"https:\\\/\\\/www.meydan.tv\\\/wp-content\\\/uploads\\\/dsc06660-156.jpg\",\"articleSection\":[\"M\u0259d\u0259niyy\u0259t\",\"X\u0259b\u0259rl\u0259r\"],\"inLanguage\":\"az\"},{\"@type\":\"WebPage\",\"@id\":\"https:\\\/\\\/www.meydan.tv\\\/az\\\/article\\\/baki-beynelxalq-qisa-filmler-festivalinin-buliki-qaliblerine-pul-mukafati-verilmeyib\\\/\",\"url\":\"https:\\\/\\\/www.meydan.tv\\\/az\\\/article\\\/baki-beynelxalq-qisa-filmler-festivalinin-buliki-qaliblerine-pul-mukafati-verilmeyib\\\/\",\"name\":\"Bak\u0131 Beyn\u0259lxalq Q\u0131sa Filml\u0259r Festival\u0131n\u0131n buliki qalibl\u0259rin\u0259 pul m\u00fckafat\u0131 verilm\u0259yib - MEYDAN.TV\",\"isPartOf\":{\"@id\":\"https:\\\/\\\/www.meydan.tv\\\/az\\\/#website\"},\"primaryImageOfPage\":{\"@id\":\"https:\\\/\\\/www.meydan.tv\\\/az\\\/article\\\/baki-beynelxalq-qisa-filmler-festivalinin-buliki-qaliblerine-pul-mukafati-verilmeyib\\\/#primaryimage\"},\"image\":{\"@id\":\"https:\\\/\\\/www.meydan.tv\\\/az\\\/article\\\/baki-beynelxalq-qisa-filmler-festivalinin-buliki-qaliblerine-pul-mukafati-verilmeyib\\\/#primaryimage\"},\"thumbnailUrl\":\"https:\\\/\\\/www.meydan.tv\\\/wp-content\\\/uploads\\\/dsc06660-156.jpg\",\"datePublished\":\"2022-11-18T13:42:46+00:00\",\"dateModified\":\"2022-11-18T13:42:49+00:00\",\"breadcrumb\":{\"@id\":\"https:\\\/\\\/www.meydan.tv\\\/az\\\/article\\\/baki-beynelxalq-qisa-filmler-festivalinin-buliki-qaliblerine-pul-mukafati-verilmeyib\\\/#breadcrumb\"},\"inLanguage\":\"az\",\"potentialAction\":[{\"@type\":\"ReadAction\",\"target\":[\"https:\\\/\\\/www.meydan.tv\\\/az\\\/article\\\/baki-beynelxalq-qisa-filmler-festivalinin-buliki-qaliblerine-pul-mukafati-verilmeyib\\\/\"]}]},{\"@type\":\"ImageObject\",\"inLanguage\":\"az\",\"@id\":\"https:\\\/\\\/www.meydan.tv\\\/az\\\/article\\\/baki-beynelxalq-qisa-filmler-festivalinin-buliki-qaliblerine-pul-mukafati-verilmeyib\\\/#primaryimage\",\"url\":\"https:\\\/\\\/www.meydan.tv\\\/wp-content\\\/uploads\\\/dsc06660-156.jpg\",\"contentUrl\":\"https:\\\/\\\/www.meydan.tv\\\/wp-content\\\/uploads\\\/dsc06660-156.jpg\",\"width\":1421,\"height\":800,\"caption\":\"Foto: Bak\u0131 Beyn\u0259lxalq Q\u0131sa Filml\u0259r Festival\u0131n\u0131n T\u0259\u015fkilat Komit\u0259si\"},{\"@type\":\"BreadcrumbList\",\"@id\":\"https:\\\/\\\/www.meydan.tv\\\/az\\\/article\\\/baki-beynelxalq-qisa-filmler-festivalinin-buliki-qaliblerine-pul-mukafati-verilmeyib\\\/#breadcrumb\",\"itemListElement\":[{\"@type\":\"ListItem\",\"position\":1,\"name\":\"Ana s\u0259hif\u0259\",\"item\":\"https:\\\/\\\/www.meydan.tv\\\/az\\\/\"},{\"@type\":\"ListItem\",\"position\":2,\"name\":\"M\u0259d\u0259niyy\u0259t\",\"item\":\"https:\\\/\\\/www.meydan.tv\\\/az\\\/section\\\/medeniyyet\\\/\"},{\"@type\":\"ListItem\",\"position\":3,\"name\":\"Bak\u0131 Beyn\u0259lxalq Q\u0131sa Filml\u0259r Festival\u0131n\u0131n buliki qalibl\u0259rin\u0259 pul m\u00fckafat\u0131 verilm\u0259yib\"}]},{\"@type\":\"WebSite\",\"@id\":\"https:\\\/\\\/www.meydan.tv\\\/az\\\/#website\",\"url\":\"https:\\\/\\\/www.meydan.tv\\\/az\\\/\",\"name\":\"MEYDAN.TV\",\"description\":\"Meydan TV Az\u0259rbaycan\u0131n media m\u0259kan\u0131ndak\u0131 alternativ s\u0259sidir\",\"publisher\":{\"@id\":\"https:\\\/\\\/www.meydan.tv\\\/az\\\/#organization\"},\"potentialAction\":[{\"@type\":\"SearchAction\",\"target\":{\"@type\":\"EntryPoint\",\"urlTemplate\":\"https:\\\/\\\/www.meydan.tv\\\/az\\\/?s={search_term_string}\"},\"query-input\":{\"@type\":\"PropertyValueSpecification\",\"valueRequired\":true,\"valueName\":\"search_term_string\"}}],\"inLanguage\":\"az\"},{\"@type\":\"Organization\",\"@id\":\"https:\\\/\\\/www.meydan.tv\\\/az\\\/#organization\",\"name\":\"Meydan TV\",\"url\":\"https:\\\/\\\/www.meydan.tv\\\/az\\\/\",\"logo\":{\"@type\":\"ImageObject\",\"inLanguage\":\"az\",\"@id\":\"https:\\\/\\\/www.meydan.tv\\\/az\\\/#\\\/schema\\\/logo\\\/image\\\/\",\"url\":\"https:\\\/\\\/www.meydan.tv\\\/wp-content\\\/uploads\\\/2021\\\/07\\\/meydan-logo.svg\",\"contentUrl\":\"https:\\\/\\\/www.meydan.tv\\\/wp-content\\\/uploads\\\/2021\\\/07\\\/meydan-logo.svg\",\"width\":195,\"height\":46,\"caption\":\"Meydan TV\"},\"image\":{\"@id\":\"https:\\\/\\\/www.meydan.tv\\\/az\\\/#\\\/schema\\\/logo\\\/image\\\/\"}},{\"@type\":\"Person\",\"@id\":\"https:\\\/\\\/www.meydan.tv\\\/az\\\/#\\\/schema\\\/person\\\/9cdbecf90d17180ce1dfbd95b08dcf47\",\"name\":\"elli\",\"sameAs\":[\"https:\\\/\\\/x.com\\\/elli\"]}]}<\/script>\n<!-- \/ Yoast SEO plugin. -->","yoast_head_json":{"title":"Bak\u0131 Beyn\u0259lxalq Q\u0131sa Filml\u0259r Festival\u0131n\u0131n buliki qalibl\u0259rin\u0259 pul m\u00fckafat\u0131 verilm\u0259yib - MEYDAN.TV","robots":{"index":"index","follow":"follow","max-snippet":"max-snippet:-1","max-image-preview":"max-image-preview:large","max-video-preview":"max-video-preview:-1"},"canonical":"https:\/\/www.meydan.tv\/az\/article\/baki-beynelxalq-qisa-filmler-festivalinin-buliki-qaliblerine-pul-mukafati-verilmeyib\/","og_locale":"az_AZ","og_type":"article","og_title":"Bak\u0131 Beyn\u0259lxalq Q\u0131sa Filml\u0259r Festival\u0131n\u0131n buliki qalibl\u0259rin\u0259 pul m\u00fckafat\u0131 verilm\u0259yib - MEYDAN.TV","og_description":"Fehruz \u015eam\u0131yev: \u201cBu il b\u00fcdc\u0259miz imkan verm\u0259di ki, festivalda pul ... Davam\u0131","og_url":"https:\/\/www.meydan.tv\/az\/article\/baki-beynelxalq-qisa-filmler-festivalinin-buliki-qaliblerine-pul-mukafati-verilmeyib\/","og_site_name":"MEYDAN.TV","article_published_time":"2022-11-18T13:42:46+00:00","article_modified_time":"2022-11-18T13:42:49+00:00","og_image":[{"width":1421,"height":800,"url":"https:\/\/www.meydan.tv\/wp-content\/uploads\/dsc06660-156.jpg","type":"image\/jpeg"}],"author":"elli","twitter_card":"summary_large_image","twitter_creator":"@elli","schema":{"@context":"https:\/\/schema.org","@graph":[{"@type":"Article","@id":"https:\/\/www.meydan.tv\/az\/article\/baki-beynelxalq-qisa-filmler-festivalinin-buliki-qaliblerine-pul-mukafati-verilmeyib\/#article","isPartOf":{"@id":"https:\/\/www.meydan.tv\/az\/article\/baki-beynelxalq-qisa-filmler-festivalinin-buliki-qaliblerine-pul-mukafati-verilmeyib\/"},"author":{"name":"elli","@id":"https:\/\/www.meydan.tv\/az\/#\/schema\/person\/9cdbecf90d17180ce1dfbd95b08dcf47"},"headline":"Bak\u0131 Beyn\u0259lxalq Q\u0131sa Filml\u0259r Festival\u0131n\u0131n buliki qalibl\u0259rin\u0259 pul m\u00fckafat\u0131 verilm\u0259yib","datePublished":"2022-11-18T13:42:46+00:00","dateModified":"2022-11-18T13:42:49+00:00","mainEntityOfPage":{"@id":"https:\/\/www.meydan.tv\/az\/article\/baki-beynelxalq-qisa-filmler-festivalinin-buliki-qaliblerine-pul-mukafati-verilmeyib\/"},"wordCount":345,"publisher":{"@id":"https:\/\/www.meydan.tv\/az\/#organization"},"image":{"@id":"https:\/\/www.meydan.tv\/az\/article\/baki-beynelxalq-qisa-filmler-festivalinin-buliki-qaliblerine-pul-mukafati-verilmeyib\/#primaryimage"},"thumbnailUrl":"https:\/\/www.meydan.tv\/wp-content\/uploads\/dsc06660-156.jpg","articleSection":["M\u0259d\u0259niyy\u0259t","X\u0259b\u0259rl\u0259r"],"inLanguage":"az"},{"@type":"WebPage","@id":"https:\/\/www.meydan.tv\/az\/article\/baki-beynelxalq-qisa-filmler-festivalinin-buliki-qaliblerine-pul-mukafati-verilmeyib\/","url":"https:\/\/www.meydan.tv\/az\/article\/baki-beynelxalq-qisa-filmler-festivalinin-buliki-qaliblerine-pul-mukafati-verilmeyib\/","name":"Bak\u0131 Beyn\u0259lxalq Q\u0131sa Filml\u0259r Festival\u0131n\u0131n buliki qalibl\u0259rin\u0259 pul m\u00fckafat\u0131 verilm\u0259yib - MEYDAN.TV","isPartOf":{"@id":"https:\/\/www.meydan.tv\/az\/#website"},"primaryImageOfPage":{"@id":"https:\/\/www.meydan.tv\/az\/article\/baki-beynelxalq-qisa-filmler-festivalinin-buliki-qaliblerine-pul-mukafati-verilmeyib\/#primaryimage"},"image":{"@id":"https:\/\/www.meydan.tv\/az\/article\/baki-beynelxalq-qisa-filmler-festivalinin-buliki-qaliblerine-pul-mukafati-verilmeyib\/#primaryimage"},"thumbnailUrl":"https:\/\/www.meydan.tv\/wp-content\/uploads\/dsc06660-156.jpg","datePublished":"2022-11-18T13:42:46+00:00","dateModified":"2022-11-18T13:42:49+00:00","breadcrumb":{"@id":"https:\/\/www.meydan.tv\/az\/article\/baki-beynelxalq-qisa-filmler-festivalinin-buliki-qaliblerine-pul-mukafati-verilmeyib\/#breadcrumb"},"inLanguage":"az","potentialAction":[{"@type":"ReadAction","target":["https:\/\/www.meydan.tv\/az\/article\/baki-beynelxalq-qisa-filmler-festivalinin-buliki-qaliblerine-pul-mukafati-verilmeyib\/"]}]},{"@type":"ImageObject","inLanguage":"az","@id":"https:\/\/www.meydan.tv\/az\/article\/baki-beynelxalq-qisa-filmler-festivalinin-buliki-qaliblerine-pul-mukafati-verilmeyib\/#primaryimage","url":"https:\/\/www.meydan.tv\/wp-content\/uploads\/dsc06660-156.jpg","contentUrl":"https:\/\/www.meydan.tv\/wp-content\/uploads\/dsc06660-156.jpg","width":1421,"height":800,"caption":"Foto: Bak\u0131 Beyn\u0259lxalq Q\u0131sa Filml\u0259r Festival\u0131n\u0131n T\u0259\u015fkilat Komit\u0259si"},{"@type":"BreadcrumbList","@id":"https:\/\/www.meydan.tv\/az\/article\/baki-beynelxalq-qisa-filmler-festivalinin-buliki-qaliblerine-pul-mukafati-verilmeyib\/#breadcrumb","itemListElement":[{"@type":"ListItem","position":1,"name":"Ana s\u0259hif\u0259","item":"https:\/\/www.meydan.tv\/az\/"},{"@type":"ListItem","position":2,"name":"M\u0259d\u0259niyy\u0259t","item":"https:\/\/www.meydan.tv\/az\/section\/medeniyyet\/"},{"@type":"ListItem","position":3,"name":"Bak\u0131 Beyn\u0259lxalq Q\u0131sa Filml\u0259r Festival\u0131n\u0131n buliki qalibl\u0259rin\u0259 pul m\u00fckafat\u0131 verilm\u0259yib"}]},{"@type":"WebSite","@id":"https:\/\/www.meydan.tv\/az\/#website","url":"https:\/\/www.meydan.tv\/az\/","name":"MEYDAN.TV","description":"Meydan TV Az\u0259rbaycan\u0131n media m\u0259kan\u0131ndak\u0131 alternativ s\u0259sidir","publisher":{"@id":"https:\/\/www.meydan.tv\/az\/#organization"},"potentialAction":[{"@type":"SearchAction","target":{"@type":"EntryPoint","urlTemplate":"https:\/\/www.meydan.tv\/az\/?s={search_term_string}"},"query-input":{"@type":"PropertyValueSpecification","valueRequired":true,"valueName":"search_term_string"}}],"inLanguage":"az"},{"@type":"Organization","@id":"https:\/\/www.meydan.tv\/az\/#organization","name":"Meydan TV","url":"https:\/\/www.meydan.tv\/az\/","logo":{"@type":"ImageObject","inLanguage":"az","@id":"https:\/\/www.meydan.tv\/az\/#\/schema\/logo\/image\/","url":"https:\/\/www.meydan.tv\/wp-content\/uploads\/2021\/07\/meydan-logo.svg","contentUrl":"https:\/\/www.meydan.tv\/wp-content\/uploads\/2021\/07\/meydan-logo.svg","width":195,"height":46,"caption":"Meydan TV"},"image":{"@id":"https:\/\/www.meydan.tv\/az\/#\/schema\/logo\/image\/"}},{"@type":"Person","@id":"https:\/\/www.meydan.tv\/az\/#\/schema\/person\/9cdbecf90d17180ce1dfbd95b08dcf47","name":"elli","sameAs":["https:\/\/x.com\/elli"]}]}},"_links":{"self":[{"href":"https:\/\/www.meydan.tv\/az\/wp-json\/wp\/v2\/posts\/261199","targetHints":{"allow":["GET"]}}],"collection":[{"href":"https:\/\/www.meydan.tv\/az\/wp-json\/wp\/v2\/posts"}],"about":[{"href":"https:\/\/www.meydan.tv\/az\/wp-json\/wp\/v2\/types\/post"}],"author":[{"embeddable":true,"href":"https:\/\/www.meydan.tv\/az\/wp-json\/wp\/v2\/users\/8"}],"replies":[{"embeddable":true,"href":"https:\/\/www.meydan.tv\/az\/wp-json\/wp\/v2\/comments?post=261199"}],"version-history":[{"count":1,"href":"https:\/\/www.meydan.tv\/az\/wp-json\/wp\/v2\/posts\/261199\/revisions"}],"predecessor-version":[{"id":261200,"href":"https:\/\/www.meydan.tv\/az\/wp-json\/wp\/v2\/posts\/261199\/revisions\/261200"}],"wp:featuredmedia":[{"embeddable":true,"href":"https:\/\/www.meydan.tv\/az\/wp-json\/wp\/v2\/media\/227268"}],"wp:attachment":[{"href":"https:\/\/www.meydan.tv\/az\/wp-json\/wp\/v2\/media?parent=261199"}],"wp:term":[{"taxonomy":"category","embeddable":true,"href":"https:\/\/www.meydan.tv\/az\/wp-json\/wp\/v2\/categories?post=261199"},{"taxonomy":"post_tag","embeddable":true,"href":"https:\/\/www.meydan.tv\/az\/wp-json\/wp\/v2\/tags?post=261199"}],"curies":[{"name":"wp","href":"https:\/\/api.w.org\/{rel}","templated":true}]}}