{"id":261177,"date":"2022-11-18T16:52:23","date_gmt":"2022-11-18T12:52:23","guid":{"rendered":"https:\/\/www.meydan.tv\/?p=261177"},"modified":"2022-11-18T16:52:33","modified_gmt":"2022-11-18T12:52:33","slug":"kinoya-ayrilan-pullarin-xerclenmesine-nece-nezaret-olunmalidir","status":"publish","type":"post","link":"https:\/\/www.meydan.tv\/az\/article\/kinoya-ayrilan-pullarin-xerclenmesine-nece-nezaret-olunmalidir\/","title":{"rendered":"<strong>Kinoya ayr\u0131lan pullar\u0131n x\u0259rcl\u0259nm\u0259sin\u0259 nec\u0259 n\u0259zar\u0259t olunmal\u0131d\u0131r?<\/strong>"},"content":{"rendered":"\n<p><\/p>\n\n\n\n<p><em>&#8220;Normativ-h\u00fcquqi baza yenil\u0259nm\u0259li, i\u015fl\u0259k mexanizml\u0259r t\u0259tbiq edilm\u0259lidir&#8221;<\/em><\/p>\n\n\n\n<p>Son bir ne\u00e7\u0259 ild\u0259 M\u0259d\u0259niyy\u0259t Nazirliyi b\u0259dii m\u0259hsullar, layih\u0259l\u0259rl\u0259 deyil, m\u0259nims\u0259m\u0259 fakt\u0131, istintaq v\u0259 h\u0259bsl\u0259rl\u0259 g\u00fcnd\u0259m\u0259 g\u0259lir.<\/p>\n\n\n\n<p>2022-ci il oktyabr\u0131n 26-da Hesablama Palatas\u0131 a\u00e7\u0131qlama yayd\u0131 ki, d\u00f6vl\u0259t b\u00fcdc\u0259sind\u0259n kinoya ayr\u0131lan v\u0259sait d\u00fczg\u00fcn v\u0259 ya t\u0259yinat\u0131 \u00fczr\u0259 <a href=\"https:\/\/d9mc3ts4czbpr.cloudfront.net\/az\/article\/dovlet-sifarisi-ile-film-cekenler-pullari-nece-xercleyib\/\" target=\"_blank\" rel=\"noreferrer noopener\">x\u0259rcl\u0259nm\u0259yib<\/a>.<\/p>\n\n\n\n<p>V\u0259saitin x\u0259rcl\u0259nm\u0259si bir s\u0131ra hallarda s\u0259n\u0259dl\u0259rl\u0259 \u0259sasland\u0131r\u0131lmay\u0131b, studiya x\u0259rcl\u0259ri art\u0131r\u0131l\u0131b, filml\u0259rin v\u0259 t\u0259dbirl\u0259rin smeta d\u0259y\u0259ri d\u00fczg\u00fcn m\u00fc\u0259yy\u0259nl\u0259\u015fdirilm\u0259yib.<\/p>\n\n\n\n<p>Palata t\u00f6vsiy\u0259 edirdi ki, n\u00f6qsana yol ver\u0259n m\u0259sul \u015f\u0259xsl\u0259r m\u0259suliyy\u0259t\u0259 c\u0259lb olunsunlar.<\/p>\n\n\n\n<p>Palatan\u0131n hesabat\u0131ndan bir ne\u00e7\u0259 g\u00fcn sonra, noyabr\u0131n 1-d\u0259 D\u00f6vl\u0259t T\u0259hl\u00fck\u0259sizliyi Xidm\u0259ti (DTX) M\u0259d\u0259niyy\u0259t Nazirliyind\u0259 x\u00fcsusi \u0259m\u0259liyyat <a href=\"https:\/\/d9mc3ts4czbpr.cloudfront.net\/az\/article\/medeniyyet-nazirinin-muavini-elnur-eliyevin-saxlanildigi-deyilir\/\" target=\"_blank\" rel=\"noreferrer noopener\">ke\u00e7irdi<\/a>.<\/p>\n\n\n\n<p>\u018fm\u0259liyyat zaman\u0131 m\u0259d\u0259niyy\u0259t nazirinin sabiq birinci m\u00fcavini Elnur \u018fliyev v\u0259 nazirliyin T\u0259chizat v\u0259 \u018fmlak \u015e\u00f6b\u0259sinin m\u00fcdiri \u0130lkin N\u0259sibov m\u0259suliyy\u0259t\u0259 c\u0259lb edildi.<\/p>\n\n\n\n<p>Onlar Cinay\u0259t M\u0259c\u0259ll\u0259sinin 179.4 (x\u00fcsusil\u0259 k\u00fclli miqdarda m\u0259nims\u0259m\u0259), 308-ci (v\u0259zif\u0259 s\u0259lahiyy\u0259tl\u0259rind\u0259n sui istifad\u0259) madd\u0259l\u0259ril\u0259 ittiham olunurlar.<\/p>\n\n\n\n<p>Bu, DTX-n\u0131n nazirlikd\u0259 ke\u00e7irdiyi ilk x\u00fcsusi \u0259m\u0259l\u0259iyyat deyildi.<\/p>\n\n\n\n<p>Xidm\u0259t 2020-ci ild\u0259 d\u0259 M\u0259d\u0259niyy\u0259t Nazirliyind\u0259 \u0259m\u0259liyyat ke\u00e7irilmi\u015f, m\u0259d\u0259niyy\u0259t nazirinin ke\u00e7mi\u015f m\u00fcavini Rafiq Bayramov m\u0259hk\u0259m\u0259nin h\u00f6km\u00fc il\u0259 azadl\u0131qdan m\u0259hrum edilmi\u015fdi.<\/p>\n\n\n\n<p>1.8 milyon manat r\u00fc\u015fv\u0259t almaqda ittiham olunan Rafiq Bayramov 4 il 6 aya azadl\u0131qdan m\u0259hrum <a href=\"https:\/\/d9mc3ts4czbpr.cloudfront.net\/az\/article\/nazir-muavini-ile-bagli-hokm-deyisdirildi\/\" target=\"_blank\" rel=\"noreferrer noopener\">edilib<\/a>.<\/p>\n\n\n\n<p>Nazirlikd\u0259 ba\u015f ver\u0259nl\u0259r, kino sah\u0259sind\u0259 \u015f\u0259ffafl\u0131\u011f\u0131n, b\u00fcdc\u0259nin nec\u0259 x\u0259rcl\u0259nm\u0259si, hans\u0131 mexanizm \u0259sas\u0131nda verilm\u0259siyl\u0259 ba\u011fl\u0131 probleml\u0259r zaman-zaman m\u00fcxt\u0259lif fikirl\u0259rin s\u0259sl\u0259ndirilm\u0259sin\u0259 z\u0259min yarad\u0131r.<\/p>\n\n\n\n<p>H\u0259l\u0259 2022-ci ilin may\u0131nda Hesablama Palatas\u0131n\u0131n s\u0259dri V\u00fcqar G\u00fclm\u0259mm\u0259dov kinoya ayr\u0131lan v\u0259saitin yar\u0131bayar\u0131 azald\u0131lmas\u0131 t\u0259klifi il\u0259 \u00e7\u0131x\u0131\u015f <a href=\"https:\/\/apa.az\/az\/maliyye\/vuqar-gulmemmedov-kino-cekilmesine-ayrilan-pulu-yaribayari-kesmek-olar-705314\" target=\"_blank\" rel=\"noreferrer noopener\">etmi\u015fdi<\/a>.<\/p>\n\n\n\n<p>2022-ci il noyabr\u0131n 10-da is\u0259 Maliyy\u0259 naziri Samir \u015e\u0259rifov g\u0259l\u0259n ilin b\u00fcdc\u0259 m\u00fczakir\u0259l\u0259ri zaman\u0131 dedi ki, kinoya ayr\u0131lan pullara n\u0259zar\u0259t <a href=\"https:\/\/d9mc3ts4czbpr.cloudfront.net\/az\/article\/nazir-kino-ve-teatra-ayrilan-pullara-nezaretin-guclendirileceyini-deyir\/\" target=\"_blank\" rel=\"noreferrer noopener\">g\u00fccl\u0259ndirilm\u0259lidir<\/a>.<\/p>\n\n\n\n<p>Bu g\u00fcnl\u0259rd\u0259 is\u0259 Prezident \u0130lham \u018fliyev Az\u0259rbaycan Respublikas\u0131n\u0131n Kino Agentliyinin (ARKA) f\u0259aliyy\u0259ti il\u0259 \u0259laq\u0259dar b\u00fcdc\u0259d\u0259n ilkin olaraq 100 min manat <a href=\"https:\/\/president.az\/az\/articles\/view\/57877\" target=\"_blank\" rel=\"noreferrer noopener\">ay\u0131r\u0131b.<\/a><\/p>\n\n\n\n<p>Agentlik M\u0259d\u0259niyy\u0259t Nazirliyinin tabelyind\u0259 f\u0259aliyy\u0259t g\u00f6st\u0259r\u0259c\u0259k.<\/p>\n\n\n<div class=\"wp-block-image\">\n<figure class=\"aligncenter size-full\"><img decoding=\"async\" width=\"813\" height=\"480\" data-src=\"https:\/\/www.meydan.tv\/wp-content\/uploads\/unnamed_bexrwtg.png\" alt=\"M\u0259d\u0259niyy\u0259t Nazirliyi\" class=\"wp-image-155112 lazyload\" src=\"data:image\/svg+xml;base64,PHN2ZyB3aWR0aD0iMSIgaGVpZ2h0PSIxIiB4bWxucz0iaHR0cDovL3d3dy53My5vcmcvMjAwMC9zdmciPjwvc3ZnPg==\" style=\"--smush-placeholder-width: 813px; --smush-placeholder-aspect-ratio: 813\/480;\" \/><figcaption class=\"wp-element-caption\">Foto: M\u0259d\u0259niyy\u0259t Nazirliyi<\/figcaption><\/figure>\n<\/div>\n\n\n<p>M\u0259d\u0259niyy\u0259t Nazirliyind\u0259 ba\u015f ver\u0259nl\u0259r fonunda Kino Agentliyinin yarad\u0131lmas\u0131 n\u0259 kimi perspektivl\u0259r v\u0259d edir?<\/p>\n\n\n\n<p>Az\u0259rbaycan kinosunun m\u00f6vcud probleml\u0259ri, b\u00fcrokratik \u0259ng\u0259ll\u0259r, film \u00e7\u0259kili\u015fl\u0259ri zaman\u0131 ya\u015fanan qeyri-\u015f\u0259ffafl\u0131q aradan qalxacaqm\u0131?<\/p>\n\n\n\n<p>Bu sah\u0259 \u00fczr\u0259 m\u00fct\u0259x\u0259ssisl\u0259r fikirl\u0259rini Meydan TV il\u0259 b\u00f6l\u00fc\u015f\u00fcbl\u0259r:<\/p>\n\n\n\n<p>\u201cDaha \u0259vv\u0259l d\u0259 s\u00f6yl\u0259mi\u015f\u0259m ki, Kino Agentliyinin yarad\u0131lmas\u0131, h\u0259l\u0259 kinonun probleml\u0259rinin h\u0259ll edilm\u0259si deyil. Kino Agentliyinin <a href=\"https:\/\/president.az\/az\/articles\/view\/57878\" target=\"_blank\" rel=\"noreferrer noopener\">nizamnam\u0259<\/a>sind\u0259 olan b\u0259zi b\u0259ndl\u0259r, m\u0259s\u0259l\u0259n, \u201cd\u00f6vl\u0259t sifari\u015fi v\u0259 ya d\u0259st\u0259yi il\u0259 milli v\u0259 m\u00fc\u015ft\u0259r\u0259k filml\u0259rin istehsal\u0131n\u0131, t\u0259bli\u011fini h\u0259yata ke\u00e7ir\u0259n d\u00f6vl\u0259t qurumlar\u0131na v\u0259 \u00f6z\u0259l t\u0259\u015fkilatlara maliyy\u0259 d\u0259st\u0259yi g\u00f6st\u0259rm\u0259k\u201d kimi m\u00fcdd\u0259alar sual yarad\u0131r: Agentlik h\u0259m maliyy\u0259 h\u0259m d\u0259 istehsal il\u0259 m\u0259\u015f\u011ful olmaq ist\u0259yir (bizd\u0259 ba\u015fqa kino istehsal ed\u0259n d\u00f6vl\u0259t qurumu yoxdur)? Bu is\u0259 m\u00f6vcud v\u0259ziyy\u0259tl\u0259 he\u00e7 c\u00fcr f\u0259rql\u0259nmir\u201d, &#8211; m\u0259d\u0259niyy\u0259t v\u0259 kino sah\u0259si \u00fczr\u0259 ekspert Fikrin Bekta\u015fi deyir.<\/p>\n\n\n\n<p>\u201cYaxud da \u201ckinofestivallar\u0131n v\u0259 t\u0259bli\u011fat xarakterli dig\u0259r t\u0259dbirl\u0259rin t\u0259\u015fkili vasit\u0259sil\u0259 kino m\u0259d\u0259niyy\u0259tinin t\u0259bli\u011fini h\u0259yata ke\u00e7irm\u0259k\u201d \u2013 kinofestival\u0131 Agentlik t\u0259\u015fkil ed\u0259c\u0259k? Bu istiqam\u0259td\u0259 ciddi add\u0131mlar at\u0131lmal\u0131d\u0131r. D\u00fc\u015f\u00fcn\u00fcr\u0259m ki, nazirlik i\u015f\u00e7i qrupu yaradar, orada biz d\u0259 olsaq, s\u00f6zs\u00fcz ki, pe\u015f\u0259kar bilikl\u0259rimizi, d\u00fcnya t\u0259cr\u00fcb\u0259sinin Az\u0259rbaycanda t\u0259tbiq edilm\u0259si yollar\u0131n\u0131 b\u00f6l\u00fc\u015f\u0259rik\u201d, &#8211; dey\u0259 o bildirib.<\/p>\n\n\n\n<p>Ekspert deyib ki, maliyy\u0259 naziri Samir \u015e\u0259rifovun kinoya ayr\u0131lan maliyy\u0259 il\u0259 \u0259laq\u0259dar m\u00fcxt\u0259lif ill\u0259rd\u0259 qald\u0131rd\u0131\u011f\u0131 m\u0259s\u0259l\u0259l\u0259r, h\u0259l\u0259 d\u0259 h\u0259llini tapmay\u0131b: <\/p>\n\n\n<div class=\"wp-block-image\">\n<figure class=\"aligncenter size-large\"><img decoding=\"async\" width=\"1200\" height=\"800\" data-src=\"https:\/\/www.meydan.tv\/wp-content\/uploads\/fikrin-2_1651141743-1200x800.jpg\" alt=\"\" class=\"wp-image-261182 lazyload\" src=\"data:image\/svg+xml;base64,PHN2ZyB3aWR0aD0iMSIgaGVpZ2h0PSIxIiB4bWxucz0iaHR0cDovL3d3dy53My5vcmcvMjAwMC9zdmciPjwvc3ZnPg==\" style=\"--smush-placeholder-width: 1200px; --smush-placeholder-aspect-ratio: 1200\/800;\" \/><figcaption class=\"wp-element-caption\"> Fikrin Bekta\u015fi. Foto: kilis.az<\/figcaption><\/figure>\n<\/div>\n\n\n<p>\u201cNazir maliyy\u0259nin nec\u0259 x\u0259rcl\u0259nm\u0259si m\u0259s\u0259l\u0259sini \u00f6n\u0259 \u00e7\u0259kirdi. Bu m\u0259nada ciddi bo\u015fluqlar var. Konkret olaraq normativ-h\u00fcquqi baza yenil\u0259nm\u0259li, i\u015fl\u0259k mexanizml\u0259r t\u0259tbiq edilm\u0259lidir. Bu v\u0259 dig\u0259r m\u0259s\u0259l\u0259l\u0259r \u201cAz\u0259rbaycan kinosunun 2008-2018-ci ill\u0259r \u00fczr\u0259 inki\u015faf\u0131na dair D\u00f6vl\u0259t Proqram\u0131\u201d\u0131nda \u00f6z \u0259ksini tap\u0131b\u201d.<\/p>\n\n\n\n<p>Fikrin Bekta\u015fi deyir ki, proqramda D\u00f6vl\u0259t sifari\u015fi il\u0259 filml\u0259rin istehsal\u0131n\u0131n t\u0259kmill\u0259\u015fdirilm\u0259si, \u201cAz\u0259rbaycanfilm\u201d kinostudiyas\u0131n\u0131n bazas\u0131nda t\u0259s\u0259rr\u00fcfat hesabl\u0131 Film \u0130stehsal\u0131 M\u0259rk\u0259zinin yarad\u0131lmas\u0131, D\u00fcnyan\u0131n apar\u0131c\u0131 kino \u015firk\u0259tl\u0259ri il\u0259 m\u00fc\u015ft\u0259r\u0259k filml\u0259rin istehsal\u0131 m\u0259qs\u0259di il\u0259 \u201cEuvroimage\u201d D\u0259st\u0259k Fonduna \u00fczvl\u00fcy\u00fcn t\u0259min edilm\u0259si, \u201cBirg\u0259 film istehsal\u0131 haqq\u0131nda\u201d Avropa Konvensiyas\u0131na uy\u011fun olaraq xarici kino \u015firk\u0259tl\u0259ri il\u0259 m\u00fc\u015ft\u0259r\u0259k film istehsal\u0131n\u0131n h\u0259yata ke\u00e7irilm\u0259si, kino sah\u0259sind\u0259 monitorinqin ke\u00e7irilm\u0259si \u00fc\u00e7\u00fcn t\u0259dbirl\u0259rin haz\u0131rlanmas\u0131 v\u0259 statistik m\u0259lumat sisteminin t\u0259kmill\u0259\u015fdirilm\u0259si kimi m\u0259s\u0259l\u0259l\u0259r\u0259 he\u00e7 toxunulmay\u0131b:<\/p>\n\n\n\n<p>\u201c\u00dcz\u0259rind\u0259n 15 il ke\u00e7s\u0259 d\u0259, vacib m\u0259s\u0259l\u0259r h\u0259ll olunmay\u0131b. Proqramda olan 18 b\u0259ndin yar\u0131s\u0131 icra olunmay\u0131b. \u00dcmumiyy\u0259tl\u0259, M\u0259d\u0259niyy\u0259t Nazirliyi kino v\u0259 dig\u0259r m\u0259d\u0259niyy\u0259t sah\u0259l\u0259rind\u0259 olan d\u00f6vl\u0259t proqramlar\u0131n\u0131n icras\u0131n\u0131n qiym\u0259tl\u0259ndirilm\u0259sini aparmay\u0131b v\u0259 ictimaiyy\u0259t\u0259 hesabat t\u0259qdim etm\u0259yib. Faktiki olaraq, bu g\u00fcn n\u0259inki kinematorqafiyada, \u00fcmumiyy\u0259tl\u0259, m\u0259d\u0259niyy\u0259tin b\u00fct\u00fcn sah\u0259l\u0259rind\u0259 islahatlar\u0131n apar\u0131lmas\u0131na ehtiyac var\u201d.<\/p>\n\n\n<div class=\"wp-block-image\">\n<figure class=\"aligncenter size-full\"><img decoding=\"async\" width=\"1200\" height=\"800\" data-src=\"https:\/\/www.meydan.tv\/wp-content\/uploads\/8-1.jpg\" alt=\"\" class=\"wp-image-261185 lazyload\" src=\"data:image\/svg+xml;base64,PHN2ZyB3aWR0aD0iMSIgaGVpZ2h0PSIxIiB4bWxucz0iaHR0cDovL3d3dy53My5vcmcvMjAwMC9zdmciPjwvc3ZnPg==\" style=\"--smush-placeholder-width: 1200px; --smush-placeholder-aspect-ratio: 1200\/800;\" \/><figcaption class=\"wp-element-caption\">Tahir Tahirovi\u00e7. Foto: AK\u0130<\/figcaption><\/figure>\n<\/div>\n\n\n<p>Kinorejissor Tahir Tahirovi\u00e7 (\u018fliyev) kinoya ayr\u0131lan v\u0259saitin az oldu\u011fu q\u0259natind\u0259dir: <\/p>\n\n\n\n<p>\u201cAz\u0259rbaycan kinosu d\u00f6vl\u0259tin s\u0259rmay\u0259si olmadan ya\u015faya bilm\u0259z. Az\u0259rbaycan m\u0259d\u0259niyy\u0259ti &#8211; kinosu, teatr\u0131, musiqisi m\u00fctl\u0259q d\u00f6vl\u0259t dotasiyas\u0131 il\u0259 ya\u015famal\u0131d\u0131r. H\u00fcseyn Cavid\u0259, Axundova pul x\u0259rcl\u0259yirik, film \u00e7\u0259kirik. Bunu etm\u0259k Az\u0259rbaycan d\u00f6vl\u0259tinin borcudur. \u00c7\u00fcnki onlar Az\u0259rbaycan xalq\u0131n\u0131n i\u015f\u0131ql\u0131 ziyal\u0131lar\u0131d\u0131r. Burada \u0259sas m\u0259s\u0259l\u0259 ayr\u0131lan pulun nec\u0259 x\u0259rcl\u0259nm\u0259sidir. Pullar\u0131n nec\u0259 x\u0259rcl\u0259nm\u0259si is\u0259 x\u0259rcl\u0259y\u0259nin vicdan\u0131na, \u0259xlaq\u0131na, t\u0259ff\u0259k\u00fcr\u00fcn\u0259 qal\u0131r. \u018fg\u0259r Maliyy\u0259 Nazirliyi kinoya ayr\u0131lan pulla g\u0259lir \u0259ld\u0259 etm\u0259k ist\u0259yirs\u0259, bunun \u00fc\u00e7\u00fcn M\u0259d\u0259niyy\u0259t Nazirliyin\u0259 kommersiya layih\u0259l\u0259ri \u00fc\u00e7\u00fcn d\u0259 maliyy\u0259 ay\u0131rmal\u0131d\u0131r\u201d.<\/p>\n\n\n\n<p>Kinot\u0259nqid\u00e7i Hac\u0131 S\u0259f\u0259rov is\u0259 hesab edir ki, Az\u0259rbaycan kinosu \u00fc\u00e7\u00fcn ayr\u0131lan b\u00fcdc\u0259 art\u0131r\u0131lmal\u0131d\u0131r: <\/p>\n\n\n\n<p>\u201c\u00dcmumilikd\u0259 ayr\u0131lan pul \u00e7ox a\u015fa\u011f\u0131d\u0131r. Maliyy\u0259nin art\u0131r\u0131lmas\u0131 il\u0259 yana\u015f\u0131, kinonun i\u015fl\u0259m\u0259 mexanizmi daha \u015f\u0259ffafla\u015fd\u0131r\u0131lmal\u0131, n\u0259zar\u0259t g\u00fccl\u0259ndirilm\u0259lidir. Pulun daha s\u0259m\u0259r\u0259li istifad\u0259 edilm\u0259sin\u0259 diqq\u0259t edilm\u0259lidir. \u00c7\u00fcnki pul olur, amma bu s\u0259m\u0259r\u0259li istifad\u0259 edilmir. Buna g\u00f6r\u0259 d\u0259 Maliyy\u0259 Nazirliyi deyir ki, pulu d\u00fczg\u00fcn istifad\u0259 etmirl\u0259r. Kinonun M\u0259d\u0259niyy\u0259t Nazirliyind\u0259n ayr\u0131laraq Kino Agentliyin\u0259 &#8211; m\u00fcst\u0259qil bir quruma \u00e7evrilm\u0259si is\u0259 yax\u015f\u0131 hadis\u0259dir. Bundan sonra kino il\u0259 ba\u011fl\u0131 m\u0259s\u0259l\u0259l\u0259r &#8211; filmin istehsala verilm\u0259si v\u0259 ya layih\u0259nin realla\u015fd\u0131rlmas\u0131 ARKA t\u0259r\u0259finf\u0259n yerin\u0259 yetir\u0259 bil\u0259c\u0259k\u201d.<\/p>\n\n\n<div class=\"wp-block-image\">\n<figure class=\"aligncenter size-full\"><img decoding=\"async\" width=\"1200\" height=\"677\" data-src=\"https:\/\/www.meydan.tv\/wp-content\/uploads\/screenshot-2022-10-19-at-13.38.35-1200x677-1.png\" alt=\"\" class=\"wp-image-261188 lazyload\" src=\"data:image\/svg+xml;base64,PHN2ZyB3aWR0aD0iMSIgaGVpZ2h0PSIxIiB4bWxucz0iaHR0cDovL3d3dy53My5vcmcvMjAwMC9zdmciPjwvc3ZnPg==\" style=\"--smush-placeholder-width: 1200px; --smush-placeholder-aspect-ratio: 1200\/677;\" \/><figcaption class=\"wp-element-caption\">Hac\u0131 S\u0259f\u0259rov<\/figcaption><\/figure>\n<\/div>","protected":false},"excerpt":{"rendered":"<p>&#8220;Normativ-h\u00fcquqi baza yenil\u0259nm\u0259li, i\u015fl\u0259k mexanizml\u0259r t\u0259tbiq edilm\u0259lidir&#8221; Son bir ne\u00e7\u0259 &#8230; <\/p>\n<p class=\"read-more-container\"><a title=\"Kinoya ayr\u0131lan pullar\u0131n x\u0259rcl\u0259nm\u0259sin\u0259 nec\u0259 n\u0259zar\u0259t olunmal\u0131d\u0131r?\" class=\"read-more button\" href=\"https:\/\/www.meydan.tv\/az\/article\/kinoya-ayrilan-pullarin-xerclenmesine-nece-nezaret-olunmalidir\/#more-261177\" aria-label=\"Read more about Kinoya ayr\u0131lan pullar\u0131n x\u0259rcl\u0259nm\u0259sin\u0259 nec\u0259 n\u0259zar\u0259t olunmal\u0131d\u0131r?\">Davam\u0131<\/a><\/p>\n","protected":false},"author":8,"featured_media":247331,"comment_status":"closed","ping_status":"closed","sticky":false,"template":"","format":"standard","meta":{"_acf_changed":false,"_sitemap_exclude":false,"_sitemap_priority":"","_sitemap_frequency":"","footnotes":""},"categories":[52,56],"tags":[],"class_list":["post-261177","post","type-post","status-publish","format-standard","has-post-thumbnail","hentry","category-medeniyyet","category-xeberler","infinite-scroll-item","generate-columns","tablet-grid-50","mobile-grid-100","grid-parent","grid-33","no-featured-image-padding"],"acf":[],"yoast_head":"<!-- This site is optimized with the Yoast SEO plugin v27.4 - https:\/\/yoast.com\/product\/yoast-seo-wordpress\/ -->\n<title>Kinoya ayr\u0131lan pullar\u0131n x\u0259rcl\u0259nm\u0259sin\u0259 nec\u0259 n\u0259zar\u0259t olunmal\u0131d\u0131r? - MEYDAN.TV<\/title>\n<meta name=\"robots\" content=\"index, follow, max-snippet:-1, max-image-preview:large, max-video-preview:-1\" \/>\n<link rel=\"canonical\" href=\"https:\/\/www.meydan.tv\/az\/article\/kinoya-ayrilan-pullarin-xerclenmesine-nece-nezaret-olunmalidir\/\" \/>\n<meta property=\"og:locale\" content=\"az_AZ\" \/>\n<meta property=\"og:type\" content=\"article\" \/>\n<meta property=\"og:title\" content=\"Kinoya ayr\u0131lan pullar\u0131n x\u0259rcl\u0259nm\u0259sin\u0259 nec\u0259 n\u0259zar\u0259t olunmal\u0131d\u0131r? - MEYDAN.TV\" \/>\n<meta property=\"og:description\" content=\"&#8220;Normativ-h\u00fcquqi baza yenil\u0259nm\u0259li, i\u015fl\u0259k mexanizml\u0259r t\u0259tbiq edilm\u0259lidir&#8221; Son bir ne\u00e7\u0259 ... Davam\u0131\" \/>\n<meta property=\"og:url\" content=\"https:\/\/www.meydan.tv\/az\/article\/kinoya-ayrilan-pullarin-xerclenmesine-nece-nezaret-olunmalidir\/\" \/>\n<meta property=\"og:site_name\" content=\"MEYDAN.TV\" \/>\n<meta property=\"article:published_time\" content=\"2022-11-18T12:52:23+00:00\" \/>\n<meta property=\"article:modified_time\" content=\"2022-11-18T12:52:33+00:00\" \/>\n<meta property=\"og:image\" content=\"https:\/\/www.meydan.tv\/wp-content\/uploads\/kino_budget-scaled-e1668775699603.jpg\" \/>\n\t<meta property=\"og:image:width\" content=\"2560\" \/>\n\t<meta property=\"og:image:height\" content=\"1222\" \/>\n\t<meta property=\"og:image:type\" content=\"image\/jpeg\" \/>\n<meta name=\"author\" content=\"elli\" \/>\n<meta name=\"twitter:card\" content=\"summary_large_image\" \/>\n<meta name=\"twitter:creator\" content=\"@elli\" \/>\n<script type=\"application\/ld+json\" class=\"yoast-schema-graph\">{\"@context\":\"https:\\\/\\\/schema.org\",\"@graph\":[{\"@type\":\"Article\",\"@id\":\"https:\\\/\\\/www.meydan.tv\\\/az\\\/article\\\/kinoya-ayrilan-pullarin-xerclenmesine-nece-nezaret-olunmalidir\\\/#article\",\"isPartOf\":{\"@id\":\"https:\\\/\\\/www.meydan.tv\\\/az\\\/article\\\/kinoya-ayrilan-pullarin-xerclenmesine-nece-nezaret-olunmalidir\\\/\"},\"author\":{\"name\":\"elli\",\"@id\":\"https:\\\/\\\/www.meydan.tv\\\/az\\\/#\\\/schema\\\/person\\\/9cdbecf90d17180ce1dfbd95b08dcf47\"},\"headline\":\"Kinoya ayr\u0131lan pullar\u0131n x\u0259rcl\u0259nm\u0259sin\u0259 nec\u0259 n\u0259zar\u0259t olunmal\u0131d\u0131r?\",\"datePublished\":\"2022-11-18T12:52:23+00:00\",\"dateModified\":\"2022-11-18T12:52:33+00:00\",\"mainEntityOfPage\":{\"@id\":\"https:\\\/\\\/www.meydan.tv\\\/az\\\/article\\\/kinoya-ayrilan-pullarin-xerclenmesine-nece-nezaret-olunmalidir\\\/\"},\"wordCount\":1433,\"publisher\":{\"@id\":\"https:\\\/\\\/www.meydan.tv\\\/az\\\/#organization\"},\"image\":{\"@id\":\"https:\\\/\\\/www.meydan.tv\\\/az\\\/article\\\/kinoya-ayrilan-pullarin-xerclenmesine-nece-nezaret-olunmalidir\\\/#primaryimage\"},\"thumbnailUrl\":\"https:\\\/\\\/www.meydan.tv\\\/wp-content\\\/uploads\\\/kino_budget-scaled-e1668775699603.jpg\",\"articleSection\":[\"M\u0259d\u0259niyy\u0259t\",\"X\u0259b\u0259rl\u0259r\"],\"inLanguage\":\"az\"},{\"@type\":\"WebPage\",\"@id\":\"https:\\\/\\\/www.meydan.tv\\\/az\\\/article\\\/kinoya-ayrilan-pullarin-xerclenmesine-nece-nezaret-olunmalidir\\\/\",\"url\":\"https:\\\/\\\/www.meydan.tv\\\/az\\\/article\\\/kinoya-ayrilan-pullarin-xerclenmesine-nece-nezaret-olunmalidir\\\/\",\"name\":\"Kinoya ayr\u0131lan pullar\u0131n x\u0259rcl\u0259nm\u0259sin\u0259 nec\u0259 n\u0259zar\u0259t olunmal\u0131d\u0131r? - MEYDAN.TV\",\"isPartOf\":{\"@id\":\"https:\\\/\\\/www.meydan.tv\\\/az\\\/#website\"},\"primaryImageOfPage\":{\"@id\":\"https:\\\/\\\/www.meydan.tv\\\/az\\\/article\\\/kinoya-ayrilan-pullarin-xerclenmesine-nece-nezaret-olunmalidir\\\/#primaryimage\"},\"image\":{\"@id\":\"https:\\\/\\\/www.meydan.tv\\\/az\\\/article\\\/kinoya-ayrilan-pullarin-xerclenmesine-nece-nezaret-olunmalidir\\\/#primaryimage\"},\"thumbnailUrl\":\"https:\\\/\\\/www.meydan.tv\\\/wp-content\\\/uploads\\\/kino_budget-scaled-e1668775699603.jpg\",\"datePublished\":\"2022-11-18T12:52:23+00:00\",\"dateModified\":\"2022-11-18T12:52:33+00:00\",\"breadcrumb\":{\"@id\":\"https:\\\/\\\/www.meydan.tv\\\/az\\\/article\\\/kinoya-ayrilan-pullarin-xerclenmesine-nece-nezaret-olunmalidir\\\/#breadcrumb\"},\"inLanguage\":\"az\",\"potentialAction\":[{\"@type\":\"ReadAction\",\"target\":[\"https:\\\/\\\/www.meydan.tv\\\/az\\\/article\\\/kinoya-ayrilan-pullarin-xerclenmesine-nece-nezaret-olunmalidir\\\/\"]}]},{\"@type\":\"ImageObject\",\"inLanguage\":\"az\",\"@id\":\"https:\\\/\\\/www.meydan.tv\\\/az\\\/article\\\/kinoya-ayrilan-pullarin-xerclenmesine-nece-nezaret-olunmalidir\\\/#primaryimage\",\"url\":\"https:\\\/\\\/www.meydan.tv\\\/wp-content\\\/uploads\\\/kino_budget-scaled-e1668775699603.jpg\",\"contentUrl\":\"https:\\\/\\\/www.meydan.tv\\\/wp-content\\\/uploads\\\/kino_budget-scaled-e1668775699603.jpg\",\"width\":2560,\"height\":1222,\"caption\":\"Illustration: Meydan TV.\"},{\"@type\":\"BreadcrumbList\",\"@id\":\"https:\\\/\\\/www.meydan.tv\\\/az\\\/article\\\/kinoya-ayrilan-pullarin-xerclenmesine-nece-nezaret-olunmalidir\\\/#breadcrumb\",\"itemListElement\":[{\"@type\":\"ListItem\",\"position\":1,\"name\":\"Ana s\u0259hif\u0259\",\"item\":\"https:\\\/\\\/www.meydan.tv\\\/az\\\/\"},{\"@type\":\"ListItem\",\"position\":2,\"name\":\"M\u0259d\u0259niyy\u0259t\",\"item\":\"https:\\\/\\\/www.meydan.tv\\\/az\\\/section\\\/medeniyyet\\\/\"},{\"@type\":\"ListItem\",\"position\":3,\"name\":\"Kinoya ayr\u0131lan pullar\u0131n x\u0259rcl\u0259nm\u0259sin\u0259 nec\u0259 n\u0259zar\u0259t olunmal\u0131d\u0131r?\"}]},{\"@type\":\"WebSite\",\"@id\":\"https:\\\/\\\/www.meydan.tv\\\/az\\\/#website\",\"url\":\"https:\\\/\\\/www.meydan.tv\\\/az\\\/\",\"name\":\"MEYDAN.TV\",\"description\":\"Meydan TV Az\u0259rbaycan\u0131n media m\u0259kan\u0131ndak\u0131 alternativ s\u0259sidir\",\"publisher\":{\"@id\":\"https:\\\/\\\/www.meydan.tv\\\/az\\\/#organization\"},\"potentialAction\":[{\"@type\":\"SearchAction\",\"target\":{\"@type\":\"EntryPoint\",\"urlTemplate\":\"https:\\\/\\\/www.meydan.tv\\\/az\\\/?s={search_term_string}\"},\"query-input\":{\"@type\":\"PropertyValueSpecification\",\"valueRequired\":true,\"valueName\":\"search_term_string\"}}],\"inLanguage\":\"az\"},{\"@type\":\"Organization\",\"@id\":\"https:\\\/\\\/www.meydan.tv\\\/az\\\/#organization\",\"name\":\"Meydan TV\",\"url\":\"https:\\\/\\\/www.meydan.tv\\\/az\\\/\",\"logo\":{\"@type\":\"ImageObject\",\"inLanguage\":\"az\",\"@id\":\"https:\\\/\\\/www.meydan.tv\\\/az\\\/#\\\/schema\\\/logo\\\/image\\\/\",\"url\":\"https:\\\/\\\/www.meydan.tv\\\/wp-content\\\/uploads\\\/2021\\\/07\\\/meydan-logo.svg\",\"contentUrl\":\"https:\\\/\\\/www.meydan.tv\\\/wp-content\\\/uploads\\\/2021\\\/07\\\/meydan-logo.svg\",\"width\":195,\"height\":46,\"caption\":\"Meydan TV\"},\"image\":{\"@id\":\"https:\\\/\\\/www.meydan.tv\\\/az\\\/#\\\/schema\\\/logo\\\/image\\\/\"}},{\"@type\":\"Person\",\"@id\":\"https:\\\/\\\/www.meydan.tv\\\/az\\\/#\\\/schema\\\/person\\\/9cdbecf90d17180ce1dfbd95b08dcf47\",\"name\":\"elli\",\"sameAs\":[\"https:\\\/\\\/x.com\\\/elli\"]}]}<\/script>\n<!-- \/ Yoast SEO plugin. -->","yoast_head_json":{"title":"Kinoya ayr\u0131lan pullar\u0131n x\u0259rcl\u0259nm\u0259sin\u0259 nec\u0259 n\u0259zar\u0259t olunmal\u0131d\u0131r? - MEYDAN.TV","robots":{"index":"index","follow":"follow","max-snippet":"max-snippet:-1","max-image-preview":"max-image-preview:large","max-video-preview":"max-video-preview:-1"},"canonical":"https:\/\/www.meydan.tv\/az\/article\/kinoya-ayrilan-pullarin-xerclenmesine-nece-nezaret-olunmalidir\/","og_locale":"az_AZ","og_type":"article","og_title":"Kinoya ayr\u0131lan pullar\u0131n x\u0259rcl\u0259nm\u0259sin\u0259 nec\u0259 n\u0259zar\u0259t olunmal\u0131d\u0131r? - MEYDAN.TV","og_description":"&#8220;Normativ-h\u00fcquqi baza yenil\u0259nm\u0259li, i\u015fl\u0259k mexanizml\u0259r t\u0259tbiq edilm\u0259lidir&#8221; Son bir ne\u00e7\u0259 ... Davam\u0131","og_url":"https:\/\/www.meydan.tv\/az\/article\/kinoya-ayrilan-pullarin-xerclenmesine-nece-nezaret-olunmalidir\/","og_site_name":"MEYDAN.TV","article_published_time":"2022-11-18T12:52:23+00:00","article_modified_time":"2022-11-18T12:52:33+00:00","og_image":[{"width":2560,"height":1222,"url":"https:\/\/www.meydan.tv\/wp-content\/uploads\/kino_budget-scaled-e1668775699603.jpg","type":"image\/jpeg"}],"author":"elli","twitter_card":"summary_large_image","twitter_creator":"@elli","schema":{"@context":"https:\/\/schema.org","@graph":[{"@type":"Article","@id":"https:\/\/www.meydan.tv\/az\/article\/kinoya-ayrilan-pullarin-xerclenmesine-nece-nezaret-olunmalidir\/#article","isPartOf":{"@id":"https:\/\/www.meydan.tv\/az\/article\/kinoya-ayrilan-pullarin-xerclenmesine-nece-nezaret-olunmalidir\/"},"author":{"name":"elli","@id":"https:\/\/www.meydan.tv\/az\/#\/schema\/person\/9cdbecf90d17180ce1dfbd95b08dcf47"},"headline":"Kinoya ayr\u0131lan pullar\u0131n x\u0259rcl\u0259nm\u0259sin\u0259 nec\u0259 n\u0259zar\u0259t olunmal\u0131d\u0131r?","datePublished":"2022-11-18T12:52:23+00:00","dateModified":"2022-11-18T12:52:33+00:00","mainEntityOfPage":{"@id":"https:\/\/www.meydan.tv\/az\/article\/kinoya-ayrilan-pullarin-xerclenmesine-nece-nezaret-olunmalidir\/"},"wordCount":1433,"publisher":{"@id":"https:\/\/www.meydan.tv\/az\/#organization"},"image":{"@id":"https:\/\/www.meydan.tv\/az\/article\/kinoya-ayrilan-pullarin-xerclenmesine-nece-nezaret-olunmalidir\/#primaryimage"},"thumbnailUrl":"https:\/\/www.meydan.tv\/wp-content\/uploads\/kino_budget-scaled-e1668775699603.jpg","articleSection":["M\u0259d\u0259niyy\u0259t","X\u0259b\u0259rl\u0259r"],"inLanguage":"az"},{"@type":"WebPage","@id":"https:\/\/www.meydan.tv\/az\/article\/kinoya-ayrilan-pullarin-xerclenmesine-nece-nezaret-olunmalidir\/","url":"https:\/\/www.meydan.tv\/az\/article\/kinoya-ayrilan-pullarin-xerclenmesine-nece-nezaret-olunmalidir\/","name":"Kinoya ayr\u0131lan pullar\u0131n x\u0259rcl\u0259nm\u0259sin\u0259 nec\u0259 n\u0259zar\u0259t olunmal\u0131d\u0131r? - MEYDAN.TV","isPartOf":{"@id":"https:\/\/www.meydan.tv\/az\/#website"},"primaryImageOfPage":{"@id":"https:\/\/www.meydan.tv\/az\/article\/kinoya-ayrilan-pullarin-xerclenmesine-nece-nezaret-olunmalidir\/#primaryimage"},"image":{"@id":"https:\/\/www.meydan.tv\/az\/article\/kinoya-ayrilan-pullarin-xerclenmesine-nece-nezaret-olunmalidir\/#primaryimage"},"thumbnailUrl":"https:\/\/www.meydan.tv\/wp-content\/uploads\/kino_budget-scaled-e1668775699603.jpg","datePublished":"2022-11-18T12:52:23+00:00","dateModified":"2022-11-18T12:52:33+00:00","breadcrumb":{"@id":"https:\/\/www.meydan.tv\/az\/article\/kinoya-ayrilan-pullarin-xerclenmesine-nece-nezaret-olunmalidir\/#breadcrumb"},"inLanguage":"az","potentialAction":[{"@type":"ReadAction","target":["https:\/\/www.meydan.tv\/az\/article\/kinoya-ayrilan-pullarin-xerclenmesine-nece-nezaret-olunmalidir\/"]}]},{"@type":"ImageObject","inLanguage":"az","@id":"https:\/\/www.meydan.tv\/az\/article\/kinoya-ayrilan-pullarin-xerclenmesine-nece-nezaret-olunmalidir\/#primaryimage","url":"https:\/\/www.meydan.tv\/wp-content\/uploads\/kino_budget-scaled-e1668775699603.jpg","contentUrl":"https:\/\/www.meydan.tv\/wp-content\/uploads\/kino_budget-scaled-e1668775699603.jpg","width":2560,"height":1222,"caption":"Illustration: Meydan TV."},{"@type":"BreadcrumbList","@id":"https:\/\/www.meydan.tv\/az\/article\/kinoya-ayrilan-pullarin-xerclenmesine-nece-nezaret-olunmalidir\/#breadcrumb","itemListElement":[{"@type":"ListItem","position":1,"name":"Ana s\u0259hif\u0259","item":"https:\/\/www.meydan.tv\/az\/"},{"@type":"ListItem","position":2,"name":"M\u0259d\u0259niyy\u0259t","item":"https:\/\/www.meydan.tv\/az\/section\/medeniyyet\/"},{"@type":"ListItem","position":3,"name":"Kinoya ayr\u0131lan pullar\u0131n x\u0259rcl\u0259nm\u0259sin\u0259 nec\u0259 n\u0259zar\u0259t olunmal\u0131d\u0131r?"}]},{"@type":"WebSite","@id":"https:\/\/www.meydan.tv\/az\/#website","url":"https:\/\/www.meydan.tv\/az\/","name":"MEYDAN.TV","description":"Meydan TV Az\u0259rbaycan\u0131n media m\u0259kan\u0131ndak\u0131 alternativ s\u0259sidir","publisher":{"@id":"https:\/\/www.meydan.tv\/az\/#organization"},"potentialAction":[{"@type":"SearchAction","target":{"@type":"EntryPoint","urlTemplate":"https:\/\/www.meydan.tv\/az\/?s={search_term_string}"},"query-input":{"@type":"PropertyValueSpecification","valueRequired":true,"valueName":"search_term_string"}}],"inLanguage":"az"},{"@type":"Organization","@id":"https:\/\/www.meydan.tv\/az\/#organization","name":"Meydan TV","url":"https:\/\/www.meydan.tv\/az\/","logo":{"@type":"ImageObject","inLanguage":"az","@id":"https:\/\/www.meydan.tv\/az\/#\/schema\/logo\/image\/","url":"https:\/\/www.meydan.tv\/wp-content\/uploads\/2021\/07\/meydan-logo.svg","contentUrl":"https:\/\/www.meydan.tv\/wp-content\/uploads\/2021\/07\/meydan-logo.svg","width":195,"height":46,"caption":"Meydan TV"},"image":{"@id":"https:\/\/www.meydan.tv\/az\/#\/schema\/logo\/image\/"}},{"@type":"Person","@id":"https:\/\/www.meydan.tv\/az\/#\/schema\/person\/9cdbecf90d17180ce1dfbd95b08dcf47","name":"elli","sameAs":["https:\/\/x.com\/elli"]}]}},"_links":{"self":[{"href":"https:\/\/www.meydan.tv\/az\/wp-json\/wp\/v2\/posts\/261177","targetHints":{"allow":["GET"]}}],"collection":[{"href":"https:\/\/www.meydan.tv\/az\/wp-json\/wp\/v2\/posts"}],"about":[{"href":"https:\/\/www.meydan.tv\/az\/wp-json\/wp\/v2\/types\/post"}],"author":[{"embeddable":true,"href":"https:\/\/www.meydan.tv\/az\/wp-json\/wp\/v2\/users\/8"}],"replies":[{"embeddable":true,"href":"https:\/\/www.meydan.tv\/az\/wp-json\/wp\/v2\/comments?post=261177"}],"version-history":[{"count":1,"href":"https:\/\/www.meydan.tv\/az\/wp-json\/wp\/v2\/posts\/261177\/revisions"}],"predecessor-version":[{"id":261191,"href":"https:\/\/www.meydan.tv\/az\/wp-json\/wp\/v2\/posts\/261177\/revisions\/261191"}],"wp:featuredmedia":[{"embeddable":true,"href":"https:\/\/www.meydan.tv\/az\/wp-json\/wp\/v2\/media\/247331"}],"wp:attachment":[{"href":"https:\/\/www.meydan.tv\/az\/wp-json\/wp\/v2\/media?parent=261177"}],"wp:term":[{"taxonomy":"category","embeddable":true,"href":"https:\/\/www.meydan.tv\/az\/wp-json\/wp\/v2\/categories?post=261177"},{"taxonomy":"post_tag","embeddable":true,"href":"https:\/\/www.meydan.tv\/az\/wp-json\/wp\/v2\/tags?post=261177"}],"curies":[{"name":"wp","href":"https:\/\/api.w.org\/{rel}","templated":true}]}}