{"id":261170,"date":"2022-11-18T16:38:10","date_gmt":"2022-11-18T12:38:10","guid":{"rendered":"https:\/\/www.meydan.tv\/?p=261170"},"modified":"2022-11-18T16:38:13","modified_gmt":"2022-11-18T12:38:13","slug":"agsudaki-surusme-zonalarinda-yasayanlar-evlerini-terk-edib-bakiya-uz-tutur","status":"publish","type":"post","link":"https:\/\/www.meydan.tv\/az\/article\/agsudaki-surusme-zonalarinda-yasayanlar-evlerini-terk-edib-bakiya-uz-tutur\/","title":{"rendered":"A\u011fsudak\u0131 s\u00fcr\u00fc\u015fm\u0259 zonalar\u0131nda ya\u015fayanlar evl\u0259rini t\u0259rk edib Bak\u0131ya \u00fcz tutur"},"content":{"rendered":"\n<p><\/p>\n\n\n\n<p> <em>Kalva k\u0259nd sakini deyir, yarars\u0131z v\u0259ziyy\u0259t\u0259 d\u00fc\u015fm\u00fc\u015f evl\u0259rd\u0259 ya\u015famaq t\u0259hl\u00fck\u0259lidir, d\u00f6vl\u0259t yenisini tikmir<\/em><\/p>\n\n\n\n<p>Son 10-12 ild\u0259 A\u011fsu rayonu \u0259razisind\u0259 tez-tez ba\u015f ver\u0259n torpaq s\u00fcr\u00fc\u015fm\u0259l\u0259ri n\u0259tic\u0259sind\u0259 y\u00fczl\u0259rl\u0259 ev q\u0259zal\u0131 v\u0259ziyy\u0259t\u0259 d\u00fc\u015f\u00fcb. Bel\u0259 k\u0259ndl\u0259rd\u0259n biri Kalva, evl\u0259rd\u0259n biri is\u0259 Aslan Qocayevin ya\u015fad\u0131\u011f\u0131 evdir. Onun s\u00f6zl\u0259rin\u0259 g\u00f6r\u0259, t\u0259bii f\u0259lak\u0259tl\u0259r ya\u015fad\u0131\u011f\u0131 evin t\u0259dric\u0259n \u00e7\u00f6km\u0259sin\u0259 s\u0259b\u0259b olub. Son iki ild\u0259 is\u0259 evd\u0259 \u00fcmumiyy\u0259tl\u0259, ya\u015famaq m\u00fcmk\u00fcn deyil. \u0130ki ildir aidiyy\u0259ti qurumlara m\u00fcraci\u0259t ets\u0259l\u0259r d\u0259, t\u0259dbir g\u00f6r\u00fclm\u0259yib.<\/p>\n\n\n\n<p>\u201cEvimiz h\u0259m z\u0259lz\u0259l\u0259d\u0259n, h\u0259m d\u0259 vaxta\u015f\u0131r\u0131 ba\u015f ver\u0259n torpaq s\u00fcr\u00fc\u015fm\u0259l\u0259rind\u0259n zaman-zaman yarars\u0131z v\u0259ziyy\u0259t\u0259 d\u00fc\u015f\u00fcb. \u0130ki ildir ki, orada \u00fcmumiyy\u0259tl\u0259, ya\u015famaq m\u00fcmk\u00fcn deyil. \u018fvv\u0259l biz\u0259 demi\u015fdil\u0259r ki, eviniz q\u0259zal\u0131 evl\u0259rin siyah\u0131s\u0131ndad\u0131r. Sonra m\u0259n Bak\u0131ya gedib F\u00f6vq\u0259lad\u0259 Hallar Nazirliyind\u0259n d\u0259qiql\u0259\u015fdirdim, m\u0259lum oldu ki, bizi aldad\u0131blar. Ekologiya v\u0259 T\u0259bii S\u0259rv\u0259tl\u0259r Nazirliyin\u0259 m\u00fcraci\u0259t etdim, g\u0259ldil\u0259r, bax\u0131\u015f ke\u00e7irdil\u0259r, \u0259razid\u0259 torpaq s\u00fcr\u00fc\u015fm\u0259sini s\u0259n\u0259dl\u0259\u015fdirdil\u0259r v\u0259 bildirdil\u0259r ki, burada ya\u015famaq insan h\u0259yat\u0131 \u00fc\u00e7\u00fcn t\u0259hl\u00fck\u0259lidir\u201d.<\/p>\n\n\n\n<p>Aslan Qocayevin s\u00f6zl\u0259rin\u0259 g\u00f6r\u0259, d\u0259f\u0259l\u0259rl\u0259 m\u00fcraci\u0259t etm\u0259sin\u0259 baxmayaraq, n\u0259 F\u00f6vq\u0259lad\u0259 Hallar Nazirliyind\u0259n, n\u0259 d\u0259 icra hakimiyy\u0259tind\u0259n g\u0259lib ev\u0259 bax\u0131\u015f ke\u00e7iribl\u0259r:<\/p>\n\n\n\n<p>\u201cB\u0259zi ail\u0259l\u0259r k\u00f6\u00e7\u00fcr\u00fcl\u00fcb, ancaq bizi v\u0259 daha bir ne\u00e7\u0259 qon\u015funu k\u00f6\u00e7\u00fcrm\u0259yibl\u0259r. M\u0259cburiyy\u0259t qar\u015f\u0131s\u0131nda valideynl\u0259rimi d\u0259 g\u00f6t\u00fcr\u00fcb evd\u0259n \u00e7\u0131xm\u0131\u015fam, Bak\u0131da ya\u015fay\u0131r\u0131q\u201d.<\/p>\n\n\n\n<p>S\u00fcr\u00fc\u015fm\u0259 zonas\u0131nda yerl\u0259\u015f\u0259n evl\u0259rinin q\u0259zal\u0131 v\u0259ziyy\u0259td\u0259 olmas\u0131ndan, etinas\u0131zl\u0131qdan bez\u0259n sakinl\u0259rin b\u0259zisi Bak\u0131ya \u00fcz tutub. K\u0259ndd\u0259 ya\u015fama\u011f\u0131n m\u00fcmk\u00fcns\u00fczl\u00fcy\u00fcnd\u0259n gileyl\u0259nirl\u0259r.<\/p>\n\n\n\n<p>Kalvada t\u0259bii f\u0259lak\u0259tl\u0259r n\u0259tic\u0259sind\u0259 evl\u0259ri q\u0259zal\u0131 v\u0259ziyy\u0259t\u0259 d\u00fc\u015f\u0259n ba\u015fqa sakinl\u0259r d\u0259 vaxta\u015f\u0131r\u0131 eynim\u0259zmunlu \u015fikay\u0259tl\u0259rl\u0259 Meydan TV-y\u0259 \u00fcz <a href=\"https:\/\/www.meydan.tv\/az\/article\/zelzeleden-zerercekenler-yalniz-icra-numayendesi-ile-qohumlarinin-evini-temir-etdiler\/\" target=\"_blank\" rel=\"noreferrer noopener\">tuturlar<\/a>. M\u0259s\u0259l\u0259n, 2 il \u0259vv\u0259l k\u0259nd sakinl\u0259ri deyirdi ki, k\u0259ndin icra n\u00fcmay\u0259nd\u0259si f\u00fcrs\u0259tcillik ed\u0259r\u0259k d\u00f6vl\u0259tin ay\u0131rd\u0131\u011f\u0131 pullarla yaln\u0131z \u00f6z qohumlar\u0131na ehtiyac olmad\u0131\u011f\u0131 halda t\u0259z\u0259 evl\u0259r tikdirir. N\u0259tic\u0259d\u0259 evl\u0259ri q\u0259zal\u0131 v\u0259ziyy\u0259td\u0259 olanlar \u00e7ar\u0259siz qal\u0131b Bak\u0131ya \u00fcz tuturlar.<\/p>\n\n\n\n<p>A\u011fsu Rayon \u0130cra Hakimiyy\u0259tind\u0259n bildirilib ki, M\u0259nzil M\u0259c\u0259ll\u0259sin\u0259 uy\u011fun olaraq, t\u0259bii f\u0259lak\u0259t v\u0259 m\u00fclkiyy\u0259t\u00e7id\u0259n as\u0131l\u0131 olmayan dig\u0259r s\u0259b\u0259bl\u0259rd\u0259n q\u0259za v\u0259ziyy\u0259tin\u0259 d\u00fc\u015fm\u00fc\u015f m\u0259nzilin t\u0259mir v\u0259 b\u0259rpa edilm\u0259si m\u00fclkiyy\u0259t\u00e7i t\u0259r\u0259find\u0259n h\u0259yata ke\u00e7irilm\u0259lidir. M\u00f6vcud qanunvericiliy\u0259 \u0259sas\u0259n, fiziki v\u0259 h\u00fcquqi \u015f\u0259xsl\u0259rin m\u00fclkiyy\u0259tind\u0259 olan \u0259mlak s\u0131\u011fortalanmal\u0131, s\u0131\u011forta\u00e7\u0131 il\u0259 s\u0131\u011fortalanan aras\u0131nda m\u00fcqavil\u0259 ba\u011flanmal\u0131d\u0131r. S\u0131\u011forta hadis\u0259si ba\u015f verdikd\u0259 \u0259mlaka d\u0259ymi\u015f z\u0259r\u0259rin \u00f6d\u0259nilm\u0259si t\u0259r\u0259fl\u0259r aras\u0131nda ba\u011flanm\u0131\u015f m\u00fcqavil\u0259y\u0259 uy\u011fun \u015f\u0259kild\u0259 h\u0259yata ke\u00e7irilm\u0259lidir.<\/p>\n\n\n\n<p>Aslan Qocayevs\u0259 deyir, k\u0259ndd\u0259 he\u00e7 bir f\u0259rdi ev s\u0131\u011forta olunmay\u0131b. \u00c7\u00fcnki evl\u0259rin \u00e7oxunun \u00c7\u0131xar\u0131\u015f\u0131 yoxdur. \u018fks\u0259r evl\u0259rs\u0259 d\u0259d\u0259-baba ad\u0131na olan k\u00f6hn\u0259 tikilil\u0259rdir.<\/p>\n\n\n\n<p>A\u011fsuda t\u0259bii f\u0259lak\u0259tl\u0259r n\u0259tic\u0259sind\u0259 yarars\u0131z v\u0259ziyy\u0259t\u0259 d\u00fc\u015fm\u00fc\u015f evl\u0259rin t\u0259miri, b\u0259rpas\u0131, yenil\u0259rinin tikintisi \u00fc\u00e7\u00fcn d\u00f6vl\u0259t b\u00fcdc\u0259sind\u0259n bir ne\u00e7\u0259 d\u0259f\u0259 pul v\u0259saiti ayr\u0131l\u0131b.<\/p>\n\n\n\n<p>T\u0259xmin\u0259n 12 il \u0259vv\u0259l A\u011fsu \u00e7ay\u0131n\u0131n sahilind\u0259 yerl\u0259\u015f\u0259n Sanqalan, Kalva, Suraxan\u0131, Q\u0131rrar v\u0259 Quzay k\u0259ndl\u0259rind\u0259 ba\u015f ver\u0259n torpaq s\u00fcr\u00fc\u015fm\u0259si n\u0259tic\u0259sind\u0259 80-\u0259 yax\u0131n ev v\u0259 4 inzibati bina q\u0259zal\u0131 v\u0259ziyy\u0259t\u0259 d\u00fc\u015fm\u00fc\u015fd\u00fc. <\/p>\n\n\n\n<p>M\u00fct\u0259x\u0259ssisl\u0259r Kalva v\u0259 Sanqalan k\u0259ndl\u0259rind\u0259 v\u0259t\u0259nda\u015flara torpaq sah\u0259si ayr\u0131lacaq \u0259razil\u0259rin aktivliyini \u00f6yr\u0259nirdi. Bildirilirdi ki, m\u00fcsb\u0259t r\u0259y veril\u0259rs\u0259, h\u0259min k\u0259ndl\u0259rin \u0259razisind\u0259 sakinl\u0259r\u0259 ev tikm\u0259k \u00fc\u00e7\u00fcn torpaq sah\u0259l\u0259ri ayr\u0131lacaq. Ancaq sonradan ail\u0259l\u0259rin bir qismin\u0259 torpaq sah\u0259si ayr\u0131l\u0131b ev tikils\u0259 d\u0259, b\u00f6y\u00fck hiss\u0259si evsiz qal\u0131b. Daha sonralar ba\u015f ver\u0259n torpaq s\u00fcr\u00fc\u015fm\u0259l\u0259ri z\u0259r\u0259r \u00e7\u0259k\u0259n evl\u0259rin say\u0131n\u0131 da art\u0131r\u0131b. M\u0259s\u0259l\u0259n, rayon \u0259razisind\u0259 u\u00e7qunlar\u0131n ba\u015f verdiyi \u0259razid\u0259ki s\u00fcr\u00fc\u015fm\u0259l\u0259r sonuncu d\u0259f\u0259 ke\u00e7\u0259n il aktivl\u0259\u015fib. Abasxanl\u0131 k\u0259ndinin yax\u0131nl\u0131\u011f\u0131ndan ke\u00e7\u0259n A\u011fsu \u00e7ay m\u0259cras\u0131ndan \u00e7\u0131xaraq sahilboyu yerl\u0259\u015f\u0259n evl\u0259r\u0259 ciddi t\u0259hl\u00fck\u0259 yarad\u0131b. K\u0259ndin bir hiss\u0259sind\u0259, \u00e7ay\u0131n sahilind\u0259 avtomobil yolu bir ne\u00e7\u0259 d\u0259f\u0259 \u00e7\u00f6k\u00fcb. K\u0259nd q\u0259biristanl\u0131\u011f\u0131ndak\u0131 q\u0259birl\u0259r t\u0259hl\u00fck\u0259 alt\u0131na d\u00fc\u015f\u00fcb. Ondan bir az \u0259vv\u0259ls\u0259 A\u011fsu-Xanbulaq yolu \u00e7\u00f6k\u00fcb. \u0130ll\u0259rdir ki, A\u011fsu a\u015f\u0131r\u0131m\u0131nda da tez-tez s\u00fcr\u00fc\u015fm\u0259l\u0259r ba\u015f verir. A\u015f\u0131r\u0131mda 14 aktiv s\u00fcr\u00fc\u015fm\u0259 zonas\u0131 var.<\/p>\n","protected":false},"excerpt":{"rendered":"<p>Kalva k\u0259nd sakini deyir, yarars\u0131z v\u0259ziyy\u0259t\u0259 d\u00fc\u015fm\u00fc\u015f evl\u0259rd\u0259 ya\u015famaq t\u0259hl\u00fck\u0259lidir, &#8230; <\/p>\n<p class=\"read-more-container\"><a title=\"A\u011fsudak\u0131 s\u00fcr\u00fc\u015fm\u0259 zonalar\u0131nda ya\u015fayanlar evl\u0259rini t\u0259rk edib Bak\u0131ya \u00fcz tutur\" class=\"read-more button\" href=\"https:\/\/www.meydan.tv\/az\/article\/agsudaki-surusme-zonalarinda-yasayanlar-evlerini-terk-edib-bakiya-uz-tutur\/#more-261170\" aria-label=\"Read more about A\u011fsudak\u0131 s\u00fcr\u00fc\u015fm\u0259 zonalar\u0131nda ya\u015fayanlar evl\u0259rini t\u0259rk edib Bak\u0131ya \u00fcz tutur\">Davam\u0131<\/a><\/p>\n","protected":false},"author":8,"featured_media":261173,"comment_status":"closed","ping_status":"closed","sticky":false,"template":"","format":"standard","meta":{"_acf_changed":false,"_sitemap_exclude":false,"_sitemap_priority":"","_sitemap_frequency":"","footnotes":""},"categories":[60,56],"tags":[],"class_list":["post-261170","post","type-post","status-publish","format-standard","has-post-thumbnail","hentry","category-bolge","category-xeberler","infinite-scroll-item","generate-columns","tablet-grid-50","mobile-grid-100","grid-parent","grid-33","no-featured-image-padding"],"acf":[],"yoast_head":"<!-- This site is optimized with the Yoast SEO plugin v27.5 - https:\/\/yoast.com\/product\/yoast-seo-wordpress\/ -->\n<title>A\u011fsudak\u0131 s\u00fcr\u00fc\u015fm\u0259 zonalar\u0131nda ya\u015fayanlar evl\u0259rini t\u0259rk edib Bak\u0131ya \u00fcz tutur - MEYDAN.TV<\/title>\n<meta name=\"robots\" content=\"index, follow, max-snippet:-1, max-image-preview:large, max-video-preview:-1\" \/>\n<link rel=\"canonical\" href=\"https:\/\/www.meydan.tv\/az\/article\/agsudaki-surusme-zonalarinda-yasayanlar-evlerini-terk-edib-bakiya-uz-tutur\/\" \/>\n<meta property=\"og:locale\" content=\"az_AZ\" \/>\n<meta property=\"og:type\" content=\"article\" \/>\n<meta property=\"og:title\" content=\"A\u011fsudak\u0131 s\u00fcr\u00fc\u015fm\u0259 zonalar\u0131nda ya\u015fayanlar evl\u0259rini t\u0259rk edib Bak\u0131ya \u00fcz tutur - MEYDAN.TV\" \/>\n<meta property=\"og:description\" content=\"Kalva k\u0259nd sakini deyir, yarars\u0131z v\u0259ziyy\u0259t\u0259 d\u00fc\u015fm\u00fc\u015f evl\u0259rd\u0259 ya\u015famaq t\u0259hl\u00fck\u0259lidir, ... Davam\u0131\" \/>\n<meta property=\"og:url\" content=\"https:\/\/www.meydan.tv\/az\/article\/agsudaki-surusme-zonalarinda-yasayanlar-evlerini-terk-edib-bakiya-uz-tutur\/\" \/>\n<meta property=\"og:site_name\" content=\"MEYDAN.TV\" \/>\n<meta property=\"article:published_time\" content=\"2022-11-18T12:38:10+00:00\" \/>\n<meta property=\"article:modified_time\" content=\"2022-11-18T12:38:13+00:00\" \/>\n<meta property=\"og:image\" content=\"https:\/\/www.meydan.tv\/wp-content\/uploads\/untitled-design-75.jpg\" \/>\n\t<meta property=\"og:image:width\" content=\"1200\" \/>\n\t<meta property=\"og:image:height\" content=\"800\" \/>\n\t<meta property=\"og:image:type\" content=\"image\/jpeg\" \/>\n<meta name=\"author\" content=\"elli\" \/>\n<meta name=\"twitter:card\" content=\"summary_large_image\" \/>\n<meta name=\"twitter:creator\" content=\"@elli\" \/>\n<script type=\"application\/ld+json\" class=\"yoast-schema-graph\">{\"@context\":\"https:\\\/\\\/schema.org\",\"@graph\":[{\"@type\":\"Article\",\"@id\":\"https:\\\/\\\/www.meydan.tv\\\/az\\\/article\\\/agsudaki-surusme-zonalarinda-yasayanlar-evlerini-terk-edib-bakiya-uz-tutur\\\/#article\",\"isPartOf\":{\"@id\":\"https:\\\/\\\/www.meydan.tv\\\/az\\\/article\\\/agsudaki-surusme-zonalarinda-yasayanlar-evlerini-terk-edib-bakiya-uz-tutur\\\/\"},\"author\":{\"name\":\"elli\",\"@id\":\"https:\\\/\\\/www.meydan.tv\\\/az\\\/#\\\/schema\\\/person\\\/9cdbecf90d17180ce1dfbd95b08dcf47\"},\"headline\":\"A\u011fsudak\u0131 s\u00fcr\u00fc\u015fm\u0259 zonalar\u0131nda ya\u015fayanlar evl\u0259rini t\u0259rk edib Bak\u0131ya \u00fcz tutur\",\"datePublished\":\"2022-11-18T12:38:10+00:00\",\"dateModified\":\"2022-11-18T12:38:13+00:00\",\"mainEntityOfPage\":{\"@id\":\"https:\\\/\\\/www.meydan.tv\\\/az\\\/article\\\/agsudaki-surusme-zonalarinda-yasayanlar-evlerini-terk-edib-bakiya-uz-tutur\\\/\"},\"wordCount\":979,\"publisher\":{\"@id\":\"https:\\\/\\\/www.meydan.tv\\\/az\\\/#organization\"},\"image\":{\"@id\":\"https:\\\/\\\/www.meydan.tv\\\/az\\\/article\\\/agsudaki-surusme-zonalarinda-yasayanlar-evlerini-terk-edib-bakiya-uz-tutur\\\/#primaryimage\"},\"thumbnailUrl\":\"https:\\\/\\\/www.meydan.tv\\\/wp-content\\\/uploads\\\/untitled-design-75.jpg\",\"articleSection\":[\"B\u00f6lg\u0259\",\"X\u0259b\u0259rl\u0259r\"],\"inLanguage\":\"az\"},{\"@type\":\"WebPage\",\"@id\":\"https:\\\/\\\/www.meydan.tv\\\/az\\\/article\\\/agsudaki-surusme-zonalarinda-yasayanlar-evlerini-terk-edib-bakiya-uz-tutur\\\/\",\"url\":\"https:\\\/\\\/www.meydan.tv\\\/az\\\/article\\\/agsudaki-surusme-zonalarinda-yasayanlar-evlerini-terk-edib-bakiya-uz-tutur\\\/\",\"name\":\"A\u011fsudak\u0131 s\u00fcr\u00fc\u015fm\u0259 zonalar\u0131nda ya\u015fayanlar evl\u0259rini t\u0259rk edib Bak\u0131ya \u00fcz tutur - MEYDAN.TV\",\"isPartOf\":{\"@id\":\"https:\\\/\\\/www.meydan.tv\\\/az\\\/#website\"},\"primaryImageOfPage\":{\"@id\":\"https:\\\/\\\/www.meydan.tv\\\/az\\\/article\\\/agsudaki-surusme-zonalarinda-yasayanlar-evlerini-terk-edib-bakiya-uz-tutur\\\/#primaryimage\"},\"image\":{\"@id\":\"https:\\\/\\\/www.meydan.tv\\\/az\\\/article\\\/agsudaki-surusme-zonalarinda-yasayanlar-evlerini-terk-edib-bakiya-uz-tutur\\\/#primaryimage\"},\"thumbnailUrl\":\"https:\\\/\\\/www.meydan.tv\\\/wp-content\\\/uploads\\\/untitled-design-75.jpg\",\"datePublished\":\"2022-11-18T12:38:10+00:00\",\"dateModified\":\"2022-11-18T12:38:13+00:00\",\"breadcrumb\":{\"@id\":\"https:\\\/\\\/www.meydan.tv\\\/az\\\/article\\\/agsudaki-surusme-zonalarinda-yasayanlar-evlerini-terk-edib-bakiya-uz-tutur\\\/#breadcrumb\"},\"inLanguage\":\"az\",\"potentialAction\":[{\"@type\":\"ReadAction\",\"target\":[\"https:\\\/\\\/www.meydan.tv\\\/az\\\/article\\\/agsudaki-surusme-zonalarinda-yasayanlar-evlerini-terk-edib-bakiya-uz-tutur\\\/\"]}]},{\"@type\":\"ImageObject\",\"inLanguage\":\"az\",\"@id\":\"https:\\\/\\\/www.meydan.tv\\\/az\\\/article\\\/agsudaki-surusme-zonalarinda-yasayanlar-evlerini-terk-edib-bakiya-uz-tutur\\\/#primaryimage\",\"url\":\"https:\\\/\\\/www.meydan.tv\\\/wp-content\\\/uploads\\\/untitled-design-75.jpg\",\"contentUrl\":\"https:\\\/\\\/www.meydan.tv\\\/wp-content\\\/uploads\\\/untitled-design-75.jpg\",\"width\":1200,\"height\":800,\"caption\":\"Foto: Meydan TV\"},{\"@type\":\"BreadcrumbList\",\"@id\":\"https:\\\/\\\/www.meydan.tv\\\/az\\\/article\\\/agsudaki-surusme-zonalarinda-yasayanlar-evlerini-terk-edib-bakiya-uz-tutur\\\/#breadcrumb\",\"itemListElement\":[{\"@type\":\"ListItem\",\"position\":1,\"name\":\"Ana s\u0259hif\u0259\",\"item\":\"https:\\\/\\\/www.meydan.tv\\\/az\\\/\"},{\"@type\":\"ListItem\",\"position\":2,\"name\":\"B\u00f6lg\u0259\",\"item\":\"https:\\\/\\\/www.meydan.tv\\\/az\\\/section\\\/bolge\\\/\"},{\"@type\":\"ListItem\",\"position\":3,\"name\":\"A\u011fsudak\u0131 s\u00fcr\u00fc\u015fm\u0259 zonalar\u0131nda ya\u015fayanlar evl\u0259rini t\u0259rk edib Bak\u0131ya \u00fcz tutur\"}]},{\"@type\":\"WebSite\",\"@id\":\"https:\\\/\\\/www.meydan.tv\\\/az\\\/#website\",\"url\":\"https:\\\/\\\/www.meydan.tv\\\/az\\\/\",\"name\":\"MEYDAN.TV\",\"description\":\"Meydan TV Az\u0259rbaycan\u0131n media m\u0259kan\u0131ndak\u0131 alternativ s\u0259sidir\",\"publisher\":{\"@id\":\"https:\\\/\\\/www.meydan.tv\\\/az\\\/#organization\"},\"potentialAction\":[{\"@type\":\"SearchAction\",\"target\":{\"@type\":\"EntryPoint\",\"urlTemplate\":\"https:\\\/\\\/www.meydan.tv\\\/az\\\/?s={search_term_string}\"},\"query-input\":{\"@type\":\"PropertyValueSpecification\",\"valueRequired\":true,\"valueName\":\"search_term_string\"}}],\"inLanguage\":\"az\"},{\"@type\":\"Organization\",\"@id\":\"https:\\\/\\\/www.meydan.tv\\\/az\\\/#organization\",\"name\":\"Meydan TV\",\"url\":\"https:\\\/\\\/www.meydan.tv\\\/az\\\/\",\"logo\":{\"@type\":\"ImageObject\",\"inLanguage\":\"az\",\"@id\":\"https:\\\/\\\/www.meydan.tv\\\/az\\\/#\\\/schema\\\/logo\\\/image\\\/\",\"url\":\"https:\\\/\\\/www.meydan.tv\\\/wp-content\\\/uploads\\\/2021\\\/07\\\/meydan-logo.svg\",\"contentUrl\":\"https:\\\/\\\/www.meydan.tv\\\/wp-content\\\/uploads\\\/2021\\\/07\\\/meydan-logo.svg\",\"width\":195,\"height\":46,\"caption\":\"Meydan TV\"},\"image\":{\"@id\":\"https:\\\/\\\/www.meydan.tv\\\/az\\\/#\\\/schema\\\/logo\\\/image\\\/\"}},{\"@type\":\"Person\",\"@id\":\"https:\\\/\\\/www.meydan.tv\\\/az\\\/#\\\/schema\\\/person\\\/9cdbecf90d17180ce1dfbd95b08dcf47\",\"name\":\"elli\",\"sameAs\":[\"https:\\\/\\\/x.com\\\/elli\"]}]}<\/script>\n<!-- \/ Yoast SEO plugin. -->","yoast_head_json":{"title":"A\u011fsudak\u0131 s\u00fcr\u00fc\u015fm\u0259 zonalar\u0131nda ya\u015fayanlar evl\u0259rini t\u0259rk edib Bak\u0131ya \u00fcz tutur - MEYDAN.TV","robots":{"index":"index","follow":"follow","max-snippet":"max-snippet:-1","max-image-preview":"max-image-preview:large","max-video-preview":"max-video-preview:-1"},"canonical":"https:\/\/www.meydan.tv\/az\/article\/agsudaki-surusme-zonalarinda-yasayanlar-evlerini-terk-edib-bakiya-uz-tutur\/","og_locale":"az_AZ","og_type":"article","og_title":"A\u011fsudak\u0131 s\u00fcr\u00fc\u015fm\u0259 zonalar\u0131nda ya\u015fayanlar evl\u0259rini t\u0259rk edib Bak\u0131ya \u00fcz tutur - MEYDAN.TV","og_description":"Kalva k\u0259nd sakini deyir, yarars\u0131z v\u0259ziyy\u0259t\u0259 d\u00fc\u015fm\u00fc\u015f evl\u0259rd\u0259 ya\u015famaq t\u0259hl\u00fck\u0259lidir, ... Davam\u0131","og_url":"https:\/\/www.meydan.tv\/az\/article\/agsudaki-surusme-zonalarinda-yasayanlar-evlerini-terk-edib-bakiya-uz-tutur\/","og_site_name":"MEYDAN.TV","article_published_time":"2022-11-18T12:38:10+00:00","article_modified_time":"2022-11-18T12:38:13+00:00","og_image":[{"width":1200,"height":800,"url":"https:\/\/www.meydan.tv\/wp-content\/uploads\/untitled-design-75.jpg","type":"image\/jpeg"}],"author":"elli","twitter_card":"summary_large_image","twitter_creator":"@elli","schema":{"@context":"https:\/\/schema.org","@graph":[{"@type":"Article","@id":"https:\/\/www.meydan.tv\/az\/article\/agsudaki-surusme-zonalarinda-yasayanlar-evlerini-terk-edib-bakiya-uz-tutur\/#article","isPartOf":{"@id":"https:\/\/www.meydan.tv\/az\/article\/agsudaki-surusme-zonalarinda-yasayanlar-evlerini-terk-edib-bakiya-uz-tutur\/"},"author":{"name":"elli","@id":"https:\/\/www.meydan.tv\/az\/#\/schema\/person\/9cdbecf90d17180ce1dfbd95b08dcf47"},"headline":"A\u011fsudak\u0131 s\u00fcr\u00fc\u015fm\u0259 zonalar\u0131nda ya\u015fayanlar evl\u0259rini t\u0259rk edib Bak\u0131ya \u00fcz tutur","datePublished":"2022-11-18T12:38:10+00:00","dateModified":"2022-11-18T12:38:13+00:00","mainEntityOfPage":{"@id":"https:\/\/www.meydan.tv\/az\/article\/agsudaki-surusme-zonalarinda-yasayanlar-evlerini-terk-edib-bakiya-uz-tutur\/"},"wordCount":979,"publisher":{"@id":"https:\/\/www.meydan.tv\/az\/#organization"},"image":{"@id":"https:\/\/www.meydan.tv\/az\/article\/agsudaki-surusme-zonalarinda-yasayanlar-evlerini-terk-edib-bakiya-uz-tutur\/#primaryimage"},"thumbnailUrl":"https:\/\/www.meydan.tv\/wp-content\/uploads\/untitled-design-75.jpg","articleSection":["B\u00f6lg\u0259","X\u0259b\u0259rl\u0259r"],"inLanguage":"az"},{"@type":"WebPage","@id":"https:\/\/www.meydan.tv\/az\/article\/agsudaki-surusme-zonalarinda-yasayanlar-evlerini-terk-edib-bakiya-uz-tutur\/","url":"https:\/\/www.meydan.tv\/az\/article\/agsudaki-surusme-zonalarinda-yasayanlar-evlerini-terk-edib-bakiya-uz-tutur\/","name":"A\u011fsudak\u0131 s\u00fcr\u00fc\u015fm\u0259 zonalar\u0131nda ya\u015fayanlar evl\u0259rini t\u0259rk edib Bak\u0131ya \u00fcz tutur - MEYDAN.TV","isPartOf":{"@id":"https:\/\/www.meydan.tv\/az\/#website"},"primaryImageOfPage":{"@id":"https:\/\/www.meydan.tv\/az\/article\/agsudaki-surusme-zonalarinda-yasayanlar-evlerini-terk-edib-bakiya-uz-tutur\/#primaryimage"},"image":{"@id":"https:\/\/www.meydan.tv\/az\/article\/agsudaki-surusme-zonalarinda-yasayanlar-evlerini-terk-edib-bakiya-uz-tutur\/#primaryimage"},"thumbnailUrl":"https:\/\/www.meydan.tv\/wp-content\/uploads\/untitled-design-75.jpg","datePublished":"2022-11-18T12:38:10+00:00","dateModified":"2022-11-18T12:38:13+00:00","breadcrumb":{"@id":"https:\/\/www.meydan.tv\/az\/article\/agsudaki-surusme-zonalarinda-yasayanlar-evlerini-terk-edib-bakiya-uz-tutur\/#breadcrumb"},"inLanguage":"az","potentialAction":[{"@type":"ReadAction","target":["https:\/\/www.meydan.tv\/az\/article\/agsudaki-surusme-zonalarinda-yasayanlar-evlerini-terk-edib-bakiya-uz-tutur\/"]}]},{"@type":"ImageObject","inLanguage":"az","@id":"https:\/\/www.meydan.tv\/az\/article\/agsudaki-surusme-zonalarinda-yasayanlar-evlerini-terk-edib-bakiya-uz-tutur\/#primaryimage","url":"https:\/\/www.meydan.tv\/wp-content\/uploads\/untitled-design-75.jpg","contentUrl":"https:\/\/www.meydan.tv\/wp-content\/uploads\/untitled-design-75.jpg","width":1200,"height":800,"caption":"Foto: Meydan TV"},{"@type":"BreadcrumbList","@id":"https:\/\/www.meydan.tv\/az\/article\/agsudaki-surusme-zonalarinda-yasayanlar-evlerini-terk-edib-bakiya-uz-tutur\/#breadcrumb","itemListElement":[{"@type":"ListItem","position":1,"name":"Ana s\u0259hif\u0259","item":"https:\/\/www.meydan.tv\/az\/"},{"@type":"ListItem","position":2,"name":"B\u00f6lg\u0259","item":"https:\/\/www.meydan.tv\/az\/section\/bolge\/"},{"@type":"ListItem","position":3,"name":"A\u011fsudak\u0131 s\u00fcr\u00fc\u015fm\u0259 zonalar\u0131nda ya\u015fayanlar evl\u0259rini t\u0259rk edib Bak\u0131ya \u00fcz tutur"}]},{"@type":"WebSite","@id":"https:\/\/www.meydan.tv\/az\/#website","url":"https:\/\/www.meydan.tv\/az\/","name":"MEYDAN.TV","description":"Meydan TV Az\u0259rbaycan\u0131n media m\u0259kan\u0131ndak\u0131 alternativ s\u0259sidir","publisher":{"@id":"https:\/\/www.meydan.tv\/az\/#organization"},"potentialAction":[{"@type":"SearchAction","target":{"@type":"EntryPoint","urlTemplate":"https:\/\/www.meydan.tv\/az\/?s={search_term_string}"},"query-input":{"@type":"PropertyValueSpecification","valueRequired":true,"valueName":"search_term_string"}}],"inLanguage":"az"},{"@type":"Organization","@id":"https:\/\/www.meydan.tv\/az\/#organization","name":"Meydan TV","url":"https:\/\/www.meydan.tv\/az\/","logo":{"@type":"ImageObject","inLanguage":"az","@id":"https:\/\/www.meydan.tv\/az\/#\/schema\/logo\/image\/","url":"https:\/\/www.meydan.tv\/wp-content\/uploads\/2021\/07\/meydan-logo.svg","contentUrl":"https:\/\/www.meydan.tv\/wp-content\/uploads\/2021\/07\/meydan-logo.svg","width":195,"height":46,"caption":"Meydan TV"},"image":{"@id":"https:\/\/www.meydan.tv\/az\/#\/schema\/logo\/image\/"}},{"@type":"Person","@id":"https:\/\/www.meydan.tv\/az\/#\/schema\/person\/9cdbecf90d17180ce1dfbd95b08dcf47","name":"elli","sameAs":["https:\/\/x.com\/elli"]}]}},"_links":{"self":[{"href":"https:\/\/www.meydan.tv\/az\/wp-json\/wp\/v2\/posts\/261170","targetHints":{"allow":["GET"]}}],"collection":[{"href":"https:\/\/www.meydan.tv\/az\/wp-json\/wp\/v2\/posts"}],"about":[{"href":"https:\/\/www.meydan.tv\/az\/wp-json\/wp\/v2\/types\/post"}],"author":[{"embeddable":true,"href":"https:\/\/www.meydan.tv\/az\/wp-json\/wp\/v2\/users\/8"}],"replies":[{"embeddable":true,"href":"https:\/\/www.meydan.tv\/az\/wp-json\/wp\/v2\/comments?post=261170"}],"version-history":[{"count":1,"href":"https:\/\/www.meydan.tv\/az\/wp-json\/wp\/v2\/posts\/261170\/revisions"}],"predecessor-version":[{"id":261176,"href":"https:\/\/www.meydan.tv\/az\/wp-json\/wp\/v2\/posts\/261170\/revisions\/261176"}],"wp:featuredmedia":[{"embeddable":true,"href":"https:\/\/www.meydan.tv\/az\/wp-json\/wp\/v2\/media\/261173"}],"wp:attachment":[{"href":"https:\/\/www.meydan.tv\/az\/wp-json\/wp\/v2\/media?parent=261170"}],"wp:term":[{"taxonomy":"category","embeddable":true,"href":"https:\/\/www.meydan.tv\/az\/wp-json\/wp\/v2\/categories?post=261170"},{"taxonomy":"post_tag","embeddable":true,"href":"https:\/\/www.meydan.tv\/az\/wp-json\/wp\/v2\/tags?post=261170"}],"curies":[{"name":"wp","href":"https:\/\/api.w.org\/{rel}","templated":true}]}}