{"id":261102,"date":"2022-11-17T19:11:52","date_gmt":"2022-11-17T15:11:52","guid":{"rendered":"https:\/\/www.meydan.tv\/?p=261102"},"modified":"2022-11-17T19:11:54","modified_gmt":"2022-11-17T15:11:54","slug":"iranda-sentyabr-ayinda-baslayan-etirazlar-davam-edir","status":"publish","type":"post","link":"https:\/\/www.meydan.tv\/az\/article\/iranda-sentyabr-ayinda-baslayan-etirazlar-davam-edir\/","title":{"rendered":"\u0130randa sentyabr ay\u0131nda ba\u015flayan etirazlar davam edir"},"content":{"rendered":"\n<figure class=\"wp-block-embed is-type-video is-provider-youtube wp-block-embed-youtube wp-embed-aspect-16-9 wp-has-aspect-ratio\"><div class=\"wp-block-embed__wrapper\">\n<iframe title=\"\u0130randa sentyabr ay\u0131nda ba\u015flayan etirazlar davam edir\" width=\"1200\" height=\"675\" data-src=\"https:\/\/www.youtube.com\/embed\/riURgih57wc?feature=oembed\" frameborder=\"0\" allow=\"accelerometer; autoplay; clipboard-write; encrypted-media; gyroscope; picture-in-picture\" allowfullscreen src=\"data:image\/svg+xml;base64,PHN2ZyB3aWR0aD0iMSIgaGVpZ2h0PSIxIiB4bWxucz0iaHR0cDovL3d3dy53My5vcmcvMjAwMC9zdmciPjwvc3ZnPg==\" class=\"lazyload\" data-load-mode=\"1\"><\/iframe>\n<\/div><\/figure>\n\n\n\n<!--more-->\n\n\n\n<p>Paytaxt Tehran da daxil olmaqla bir \u00e7ox \u015f\u0259h\u0259rd\u0259 i\u015f\u00e7il\u0259r t\u0259til edir, d\u00fckan v\u0259 bazarlar qapan\u0131r.<\/p>\n\n\n\n<p>Q\u0259rbi Az\u0259rbaycan\u0131n bir ne\u00e7\u0259 \u015f\u0259h\u0259rind\u0259 tacirl\u0259r t\u0259til elan edibl\u0259r.<\/p>\n\n\n\n<p>Etirazlar zaman\u0131 \u0130ran\u0131n hakimiyy\u0259t q\u00fcvv\u0259l\u0259ri v\u0259 ali dini lider Seyid \u018fli Xameneyiy\u0259 \u00f6l\u00fcm \u015f\u00fcarlar\u0131 s\u0259sl\u0259ndirilir.<\/p>\n\n\n\n<p>Sentyabr\u0131n 16-da t\u0259hl\u00fck\u0259sizlik q\u00fcvv\u0259l\u0259ri il\u0259 toqqu\u015fma zaman\u0131 2 n\u0259f\u0259rin \u00f6ld\u00fcy\u00fc bildirilir.<\/p>\n\n\n\n<p>Reutersin m\u0259lumat\u0131na g\u00f6r\u0259 sentyabr ay\u0131ndan indiy\u0259 kimi \u00fcmumilikd\u0259 330 n\u0259f\u0259rd\u0259n \u00e7ox etiraz\u00e7\u0131 \u00f6ld\u00fcr\u00fcl\u00fcb, 15 mind\u0259 \u00e7ox aksiya\u00e7\u0131 is\u0259 h\u0259bs edilib.<\/p>\n","protected":false},"excerpt":{"rendered":"","protected":false},"author":14,"featured_media":261103,"comment_status":"closed","ping_status":"closed","sticky":false,"template":"","format":"standard","meta":{"_acf_changed":false,"_sitemap_exclude":false,"_sitemap_priority":"","_sitemap_frequency":"","footnotes":""},"categories":[63],"tags":[],"class_list":["post-261102","post","type-post","status-publish","format-standard","has-post-thumbnail","hentry","category-video-2","infinite-scroll-item","generate-columns","tablet-grid-50","mobile-grid-100","grid-parent","grid-33","no-featured-image-padding"],"acf":[],"yoast_head":"<!-- This site is optimized with the Yoast SEO plugin v27.5 - https:\/\/yoast.com\/product\/yoast-seo-wordpress\/ -->\n<title>\u0130randa sentyabr ay\u0131nda ba\u015flayan etirazlar davam edir - MEYDAN.TV<\/title>\n<meta name=\"robots\" content=\"index, follow, max-snippet:-1, max-image-preview:large, max-video-preview:-1\" \/>\n<link rel=\"canonical\" href=\"https:\/\/www.meydan.tv\/az\/article\/iranda-sentyabr-ayinda-baslayan-etirazlar-davam-edir\/\" \/>\n<meta property=\"og:locale\" content=\"az_AZ\" \/>\n<meta property=\"og:type\" content=\"article\" \/>\n<meta property=\"og:title\" content=\"\u0130randa sentyabr ay\u0131nda ba\u015flayan etirazlar davam edir - MEYDAN.TV\" \/>\n<meta property=\"og:url\" content=\"https:\/\/www.meydan.tv\/az\/article\/iranda-sentyabr-ayinda-baslayan-etirazlar-davam-edir\/\" \/>\n<meta property=\"og:site_name\" content=\"MEYDAN.TV\" \/>\n<meta property=\"article:published_time\" content=\"2022-11-17T15:11:52+00:00\" \/>\n<meta property=\"article:modified_time\" content=\"2022-11-17T15:11:54+00:00\" \/>\n<meta property=\"og:image\" content=\"https:\/\/www.meydan.tv\/wp-content\/uploads\/316172493_6075822999102595_1330278361148605288_n.jpg\" \/>\n\t<meta property=\"og:image:width\" content=\"2041\" \/>\n\t<meta property=\"og:image:height\" content=\"1162\" \/>\n\t<meta property=\"og:image:type\" content=\"image\/jpeg\" \/>\n<meta name=\"author\" content=\"roma\" \/>\n<meta name=\"twitter:card\" content=\"summary_large_image\" \/>\n<script type=\"application\/ld+json\" class=\"yoast-schema-graph\">{\"@context\":\"https:\\\/\\\/schema.org\",\"@graph\":[{\"@type\":\"Article\",\"@id\":\"https:\\\/\\\/www.meydan.tv\\\/az\\\/article\\\/iranda-sentyabr-ayinda-baslayan-etirazlar-davam-edir\\\/#article\",\"isPartOf\":{\"@id\":\"https:\\\/\\\/www.meydan.tv\\\/az\\\/article\\\/iranda-sentyabr-ayinda-baslayan-etirazlar-davam-edir\\\/\"},\"author\":{\"name\":\"roma\",\"@id\":\"https:\\\/\\\/www.meydan.tv\\\/az\\\/#\\\/schema\\\/person\\\/8f23e01c4de63326c13c319fb65ee65d\"},\"headline\":\"\u0130randa sentyabr ay\u0131nda ba\u015flayan etirazlar davam edir\",\"datePublished\":\"2022-11-17T15:11:52+00:00\",\"dateModified\":\"2022-11-17T15:11:54+00:00\",\"mainEntityOfPage\":{\"@id\":\"https:\\\/\\\/www.meydan.tv\\\/az\\\/article\\\/iranda-sentyabr-ayinda-baslayan-etirazlar-davam-edir\\\/\"},\"wordCount\":124,\"publisher\":{\"@id\":\"https:\\\/\\\/www.meydan.tv\\\/az\\\/#organization\"},\"image\":{\"@id\":\"https:\\\/\\\/www.meydan.tv\\\/az\\\/article\\\/iranda-sentyabr-ayinda-baslayan-etirazlar-davam-edir\\\/#primaryimage\"},\"thumbnailUrl\":\"https:\\\/\\\/www.meydan.tv\\\/wp-content\\\/uploads\\\/316172493_6075822999102595_1330278361148605288_n.jpg\",\"articleSection\":[\"Video\"],\"inLanguage\":\"az\"},{\"@type\":\"WebPage\",\"@id\":\"https:\\\/\\\/www.meydan.tv\\\/az\\\/article\\\/iranda-sentyabr-ayinda-baslayan-etirazlar-davam-edir\\\/\",\"url\":\"https:\\\/\\\/www.meydan.tv\\\/az\\\/article\\\/iranda-sentyabr-ayinda-baslayan-etirazlar-davam-edir\\\/\",\"name\":\"\u0130randa sentyabr ay\u0131nda ba\u015flayan etirazlar davam edir - MEYDAN.TV\",\"isPartOf\":{\"@id\":\"https:\\\/\\\/www.meydan.tv\\\/az\\\/#website\"},\"primaryImageOfPage\":{\"@id\":\"https:\\\/\\\/www.meydan.tv\\\/az\\\/article\\\/iranda-sentyabr-ayinda-baslayan-etirazlar-davam-edir\\\/#primaryimage\"},\"image\":{\"@id\":\"https:\\\/\\\/www.meydan.tv\\\/az\\\/article\\\/iranda-sentyabr-ayinda-baslayan-etirazlar-davam-edir\\\/#primaryimage\"},\"thumbnailUrl\":\"https:\\\/\\\/www.meydan.tv\\\/wp-content\\\/uploads\\\/316172493_6075822999102595_1330278361148605288_n.jpg\",\"datePublished\":\"2022-11-17T15:11:52+00:00\",\"dateModified\":\"2022-11-17T15:11:54+00:00\",\"breadcrumb\":{\"@id\":\"https:\\\/\\\/www.meydan.tv\\\/az\\\/article\\\/iranda-sentyabr-ayinda-baslayan-etirazlar-davam-edir\\\/#breadcrumb\"},\"inLanguage\":\"az\",\"potentialAction\":[{\"@type\":\"ReadAction\",\"target\":[\"https:\\\/\\\/www.meydan.tv\\\/az\\\/article\\\/iranda-sentyabr-ayinda-baslayan-etirazlar-davam-edir\\\/\"]}]},{\"@type\":\"ImageObject\",\"inLanguage\":\"az\",\"@id\":\"https:\\\/\\\/www.meydan.tv\\\/az\\\/article\\\/iranda-sentyabr-ayinda-baslayan-etirazlar-davam-edir\\\/#primaryimage\",\"url\":\"https:\\\/\\\/www.meydan.tv\\\/wp-content\\\/uploads\\\/316172493_6075822999102595_1330278361148605288_n.jpg\",\"contentUrl\":\"https:\\\/\\\/www.meydan.tv\\\/wp-content\\\/uploads\\\/316172493_6075822999102595_1330278361148605288_n.jpg\",\"width\":2041,\"height\":1162},{\"@type\":\"BreadcrumbList\",\"@id\":\"https:\\\/\\\/www.meydan.tv\\\/az\\\/article\\\/iranda-sentyabr-ayinda-baslayan-etirazlar-davam-edir\\\/#breadcrumb\",\"itemListElement\":[{\"@type\":\"ListItem\",\"position\":1,\"name\":\"Ana s\u0259hif\u0259\",\"item\":\"https:\\\/\\\/www.meydan.tv\\\/az\\\/\"},{\"@type\":\"ListItem\",\"position\":2,\"name\":\"Video\",\"item\":\"https:\\\/\\\/www.meydan.tv\\\/az\\\/section\\\/video-2\\\/\"},{\"@type\":\"ListItem\",\"position\":3,\"name\":\"\u0130randa sentyabr ay\u0131nda ba\u015flayan etirazlar davam edir\"}]},{\"@type\":\"WebSite\",\"@id\":\"https:\\\/\\\/www.meydan.tv\\\/az\\\/#website\",\"url\":\"https:\\\/\\\/www.meydan.tv\\\/az\\\/\",\"name\":\"MEYDAN.TV\",\"description\":\"Meydan TV Az\u0259rbaycan\u0131n media m\u0259kan\u0131ndak\u0131 alternativ s\u0259sidir\",\"publisher\":{\"@id\":\"https:\\\/\\\/www.meydan.tv\\\/az\\\/#organization\"},\"potentialAction\":[{\"@type\":\"SearchAction\",\"target\":{\"@type\":\"EntryPoint\",\"urlTemplate\":\"https:\\\/\\\/www.meydan.tv\\\/az\\\/?s={search_term_string}\"},\"query-input\":{\"@type\":\"PropertyValueSpecification\",\"valueRequired\":true,\"valueName\":\"search_term_string\"}}],\"inLanguage\":\"az\"},{\"@type\":\"Organization\",\"@id\":\"https:\\\/\\\/www.meydan.tv\\\/az\\\/#organization\",\"name\":\"Meydan TV\",\"url\":\"https:\\\/\\\/www.meydan.tv\\\/az\\\/\",\"logo\":{\"@type\":\"ImageObject\",\"inLanguage\":\"az\",\"@id\":\"https:\\\/\\\/www.meydan.tv\\\/az\\\/#\\\/schema\\\/logo\\\/image\\\/\",\"url\":\"https:\\\/\\\/www.meydan.tv\\\/wp-content\\\/uploads\\\/2021\\\/07\\\/meydan-logo.svg\",\"contentUrl\":\"https:\\\/\\\/www.meydan.tv\\\/wp-content\\\/uploads\\\/2021\\\/07\\\/meydan-logo.svg\",\"width\":195,\"height\":46,\"caption\":\"Meydan TV\"},\"image\":{\"@id\":\"https:\\\/\\\/www.meydan.tv\\\/az\\\/#\\\/schema\\\/logo\\\/image\\\/\"}},{\"@type\":\"Person\",\"@id\":\"https:\\\/\\\/www.meydan.tv\\\/az\\\/#\\\/schema\\\/person\\\/8f23e01c4de63326c13c319fb65ee65d\",\"name\":\"roma\"}]}<\/script>\n<!-- \/ Yoast SEO plugin. -->","yoast_head_json":{"title":"\u0130randa sentyabr ay\u0131nda ba\u015flayan etirazlar davam edir - MEYDAN.TV","robots":{"index":"index","follow":"follow","max-snippet":"max-snippet:-1","max-image-preview":"max-image-preview:large","max-video-preview":"max-video-preview:-1"},"canonical":"https:\/\/www.meydan.tv\/az\/article\/iranda-sentyabr-ayinda-baslayan-etirazlar-davam-edir\/","og_locale":"az_AZ","og_type":"article","og_title":"\u0130randa sentyabr ay\u0131nda ba\u015flayan etirazlar davam edir - MEYDAN.TV","og_url":"https:\/\/www.meydan.tv\/az\/article\/iranda-sentyabr-ayinda-baslayan-etirazlar-davam-edir\/","og_site_name":"MEYDAN.TV","article_published_time":"2022-11-17T15:11:52+00:00","article_modified_time":"2022-11-17T15:11:54+00:00","og_image":[{"width":2041,"height":1162,"url":"https:\/\/www.meydan.tv\/wp-content\/uploads\/316172493_6075822999102595_1330278361148605288_n.jpg","type":"image\/jpeg"}],"author":"roma","twitter_card":"summary_large_image","schema":{"@context":"https:\/\/schema.org","@graph":[{"@type":"Article","@id":"https:\/\/www.meydan.tv\/az\/article\/iranda-sentyabr-ayinda-baslayan-etirazlar-davam-edir\/#article","isPartOf":{"@id":"https:\/\/www.meydan.tv\/az\/article\/iranda-sentyabr-ayinda-baslayan-etirazlar-davam-edir\/"},"author":{"name":"roma","@id":"https:\/\/www.meydan.tv\/az\/#\/schema\/person\/8f23e01c4de63326c13c319fb65ee65d"},"headline":"\u0130randa sentyabr ay\u0131nda ba\u015flayan etirazlar davam edir","datePublished":"2022-11-17T15:11:52+00:00","dateModified":"2022-11-17T15:11:54+00:00","mainEntityOfPage":{"@id":"https:\/\/www.meydan.tv\/az\/article\/iranda-sentyabr-ayinda-baslayan-etirazlar-davam-edir\/"},"wordCount":124,"publisher":{"@id":"https:\/\/www.meydan.tv\/az\/#organization"},"image":{"@id":"https:\/\/www.meydan.tv\/az\/article\/iranda-sentyabr-ayinda-baslayan-etirazlar-davam-edir\/#primaryimage"},"thumbnailUrl":"https:\/\/www.meydan.tv\/wp-content\/uploads\/316172493_6075822999102595_1330278361148605288_n.jpg","articleSection":["Video"],"inLanguage":"az"},{"@type":"WebPage","@id":"https:\/\/www.meydan.tv\/az\/article\/iranda-sentyabr-ayinda-baslayan-etirazlar-davam-edir\/","url":"https:\/\/www.meydan.tv\/az\/article\/iranda-sentyabr-ayinda-baslayan-etirazlar-davam-edir\/","name":"\u0130randa sentyabr ay\u0131nda ba\u015flayan etirazlar davam edir - MEYDAN.TV","isPartOf":{"@id":"https:\/\/www.meydan.tv\/az\/#website"},"primaryImageOfPage":{"@id":"https:\/\/www.meydan.tv\/az\/article\/iranda-sentyabr-ayinda-baslayan-etirazlar-davam-edir\/#primaryimage"},"image":{"@id":"https:\/\/www.meydan.tv\/az\/article\/iranda-sentyabr-ayinda-baslayan-etirazlar-davam-edir\/#primaryimage"},"thumbnailUrl":"https:\/\/www.meydan.tv\/wp-content\/uploads\/316172493_6075822999102595_1330278361148605288_n.jpg","datePublished":"2022-11-17T15:11:52+00:00","dateModified":"2022-11-17T15:11:54+00:00","breadcrumb":{"@id":"https:\/\/www.meydan.tv\/az\/article\/iranda-sentyabr-ayinda-baslayan-etirazlar-davam-edir\/#breadcrumb"},"inLanguage":"az","potentialAction":[{"@type":"ReadAction","target":["https:\/\/www.meydan.tv\/az\/article\/iranda-sentyabr-ayinda-baslayan-etirazlar-davam-edir\/"]}]},{"@type":"ImageObject","inLanguage":"az","@id":"https:\/\/www.meydan.tv\/az\/article\/iranda-sentyabr-ayinda-baslayan-etirazlar-davam-edir\/#primaryimage","url":"https:\/\/www.meydan.tv\/wp-content\/uploads\/316172493_6075822999102595_1330278361148605288_n.jpg","contentUrl":"https:\/\/www.meydan.tv\/wp-content\/uploads\/316172493_6075822999102595_1330278361148605288_n.jpg","width":2041,"height":1162},{"@type":"BreadcrumbList","@id":"https:\/\/www.meydan.tv\/az\/article\/iranda-sentyabr-ayinda-baslayan-etirazlar-davam-edir\/#breadcrumb","itemListElement":[{"@type":"ListItem","position":1,"name":"Ana s\u0259hif\u0259","item":"https:\/\/www.meydan.tv\/az\/"},{"@type":"ListItem","position":2,"name":"Video","item":"https:\/\/www.meydan.tv\/az\/section\/video-2\/"},{"@type":"ListItem","position":3,"name":"\u0130randa sentyabr ay\u0131nda ba\u015flayan etirazlar davam edir"}]},{"@type":"WebSite","@id":"https:\/\/www.meydan.tv\/az\/#website","url":"https:\/\/www.meydan.tv\/az\/","name":"MEYDAN.TV","description":"Meydan TV Az\u0259rbaycan\u0131n media m\u0259kan\u0131ndak\u0131 alternativ s\u0259sidir","publisher":{"@id":"https:\/\/www.meydan.tv\/az\/#organization"},"potentialAction":[{"@type":"SearchAction","target":{"@type":"EntryPoint","urlTemplate":"https:\/\/www.meydan.tv\/az\/?s={search_term_string}"},"query-input":{"@type":"PropertyValueSpecification","valueRequired":true,"valueName":"search_term_string"}}],"inLanguage":"az"},{"@type":"Organization","@id":"https:\/\/www.meydan.tv\/az\/#organization","name":"Meydan TV","url":"https:\/\/www.meydan.tv\/az\/","logo":{"@type":"ImageObject","inLanguage":"az","@id":"https:\/\/www.meydan.tv\/az\/#\/schema\/logo\/image\/","url":"https:\/\/www.meydan.tv\/wp-content\/uploads\/2021\/07\/meydan-logo.svg","contentUrl":"https:\/\/www.meydan.tv\/wp-content\/uploads\/2021\/07\/meydan-logo.svg","width":195,"height":46,"caption":"Meydan TV"},"image":{"@id":"https:\/\/www.meydan.tv\/az\/#\/schema\/logo\/image\/"}},{"@type":"Person","@id":"https:\/\/www.meydan.tv\/az\/#\/schema\/person\/8f23e01c4de63326c13c319fb65ee65d","name":"roma"}]}},"_links":{"self":[{"href":"https:\/\/www.meydan.tv\/az\/wp-json\/wp\/v2\/posts\/261102","targetHints":{"allow":["GET"]}}],"collection":[{"href":"https:\/\/www.meydan.tv\/az\/wp-json\/wp\/v2\/posts"}],"about":[{"href":"https:\/\/www.meydan.tv\/az\/wp-json\/wp\/v2\/types\/post"}],"author":[{"embeddable":true,"href":"https:\/\/www.meydan.tv\/az\/wp-json\/wp\/v2\/users\/14"}],"replies":[{"embeddable":true,"href":"https:\/\/www.meydan.tv\/az\/wp-json\/wp\/v2\/comments?post=261102"}],"version-history":[{"count":1,"href":"https:\/\/www.meydan.tv\/az\/wp-json\/wp\/v2\/posts\/261102\/revisions"}],"predecessor-version":[{"id":261106,"href":"https:\/\/www.meydan.tv\/az\/wp-json\/wp\/v2\/posts\/261102\/revisions\/261106"}],"wp:featuredmedia":[{"embeddable":true,"href":"https:\/\/www.meydan.tv\/az\/wp-json\/wp\/v2\/media\/261103"}],"wp:attachment":[{"href":"https:\/\/www.meydan.tv\/az\/wp-json\/wp\/v2\/media?parent=261102"}],"wp:term":[{"taxonomy":"category","embeddable":true,"href":"https:\/\/www.meydan.tv\/az\/wp-json\/wp\/v2\/categories?post=261102"},{"taxonomy":"post_tag","embeddable":true,"href":"https:\/\/www.meydan.tv\/az\/wp-json\/wp\/v2\/tags?post=261102"}],"curies":[{"name":"wp","href":"https:\/\/api.w.org\/{rel}","templated":true}]}}