{"id":261050,"date":"2022-11-17T13:43:41","date_gmt":"2022-11-17T09:43:41","guid":{"rendered":"https:\/\/www.meydan.tv\/?p=261050"},"modified":"2022-11-17T13:43:44","modified_gmt":"2022-11-17T09:43:44","slug":"nermin-isinde-qalmaqal","status":"publish","type":"post","link":"https:\/\/www.meydan.tv\/az\/article\/nermin-isinde-qalmaqal\/","title":{"rendered":"\u201cN\u0259rmin i\u015fi\u201dnd\u0259 qalmaqal"},"content":{"rendered":"\n<p><\/p>\n\n\n\n<p><em>Videog\u00f6r\u00fcnt\u00fcd\u0259n m\u00fcst\u0259ntiqin m\u00fcdaxil\u0259l\u0259ri ayd\u0131n g\u00f6r\u00fcn\u00fcb<\/em><\/p>\n\n\n\n<p>Tovuz rayonunun Dondar Qu\u015f\u00e7u k\u0259ndind\u0259 2019-cu il noyabr\u0131n 21-d\u0259 10 ya\u015fl\u0131 N\u0259rmin Quliyevan\u0131n itkin d\u00fc\u015fm\u0259si v\u0259 47 g\u00fcn sonra k\u0259ndd\u0259 yand\u0131r\u0131lm\u0131\u015f meyitin tap\u0131lmas\u0131yla ba\u011fl\u0131 ilyar\u0131md\u0131r m\u0259hk\u0259m\u0259 ara\u015fd\u0131rmalar\u0131 davam edir. Azya\u015fl\u0131 u\u015fa\u011f\u0131 o\u011furlay\u0131b q\u0259tl\u0259 yetirm\u0259kd\u0259 ittiham olunan \u0130lkin S\u00fcleymanovun i\u015fin\u0259 G\u0259nc\u0259 A\u011f\u0259r Cinay\u0259tl\u0259r M\u0259hk\u0259m\u0259sind\u0259 bax\u0131l\u0131r.<\/p>\n\n\n\n<p>Noyabr\u0131n 16-da m\u0259hk\u0259m\u0259d\u0259 videog\u00f6r\u00fcnt\u00fcl\u0259r n\u00fcmayi\u015f etdirilib. Bunlardan biri qoyunun yand\u0131r\u0131lmas\u0131, dig\u0259ri is\u0259 \u0130lkin S\u00fcleymanov dindiril\u0259rk\u0259n lent\u0259 al\u0131nm\u0131\u015f videog\u00f6r\u00fcnt\u00fcl\u0259r olub.<\/p>\n\n\n\n<p>\u0130stintaq zaman\u0131 eksperiment m\u0259qs\u0259dil\u0259 qoyunun \u0259ynin\u0259 paltar geyindiril\u0259r\u0259k, yandr\u0131l\u0131l\u0131b. Birinci d\u0259f\u0259 qoyunun \u00fcst\u00fcn\u0259 salyarka t\u00f6k\u00fcl\u00fcb v\u0259 4 d\u0259qiq\u0259 47 saniy\u0259 yand\u0131r\u0131l\u0131b. Lakin bu zaman g\u00f6r\u00fcbl\u0259r ki, qoyunun arxa hiss\u0259si yanmad\u0131. \u00dcst\u0259lik, qoyun tam \u015f\u0259kild\u0259 &#8211; k\u00f6m\u00fcrl\u0259\u015fmi\u015f h\u0259dd\u0259 yanmay\u0131b. Ona g\u00f6r\u0259 onu ikinci d\u0259f\u0259 yand\u0131r\u0131blar. Amma yen\u0259 d\u0259 arxa hiss\u0259 yanmay\u0131b. H\u0259r iki videoya baxd\u0131qdan sonra v\u0259kill\u0259r sual veribl\u0259r ki, nec\u0259 olur, N\u0259rmin\u0259 aid oldu\u011fu iddia edil\u0259n meyitin t\u0259xmin\u0259n iki d\u0259qiq\u0259 yanmas\u0131 bar\u0259d\u0259 r\u0259y verilib v\u0259 iki t\u0259r\u0259f d\u0259 k\u00f6m\u00fcrl\u0259\u015fmi\u015f h\u0259dd\u0259 yan\u0131b?<\/p>\n\n\n\n<p>\u201cO meyitin arxa hiss\u0259si torpa\u011f\u0131n \u00fcst\u00fcnd\u0259 idi. \u0130ki d\u0259qiq\u0259 \u0259rzind\u0259 k\u00fcr\u0259k nahiy\u0259si o v\u0259ziyy\u0259t\u0259 d\u00fc\u015f\u0259 bilm\u0259zdi ax\u0131\u2026\u201d, &#8211; v\u0259kill\u0259r bel\u0259 deyib.<\/p>\n\n\n\n<p>M\u0259hk\u0259m\u0259d\u0259 h\u0259m\u00e7inin \u0130lkin S\u00fcleymanovu hadis\u0259 yerin\u0259 g\u0259tirib, orada lent\u0259 al\u0131nm\u0131\u015f g\u00f6r\u00fcnt\u00fcl\u0259r d\u0259 n\u00fcmayi\u015f etdirilib. M\u00fcst\u0259ntiqin p\u0131\u00e7\u0131lt\u0131lar\u0131, m\u00fcdaxil\u0259l\u0259ri videoda a\u00e7\u0131q-a\u015fkar e\u015fidilir, hiss olunurdu. H\u0259m\u00e7inin \u0130lkin S\u00fcleymanovun \u00fcz\u0259rind\u0259 x\u0259sar\u0259t izl\u0259ri d\u0259 g\u00f6r\u00fcn\u00fcrd\u00fc.<\/p>\n\n\n\n<p>Videog\u00f6r\u00fcnt\u00fcl\u0259rin n\u00fcmayi\u015fi zaman\u0131 v\u0259kill\u0259r v\u0259 \u0130lkin S\u00fcleymanov \u00f6z\u00fc bir s\u0131ra m\u0259s\u0259l\u0259ri ayd\u0131nla\u015fd\u0131rmaq ist\u0259y\u0259rk\u0259n m\u0259hk\u0259m\u0259 prosesin\u0259 s\u0259drlik ed\u0259n hakim Dada\u015f \u0130manov buna imkan verm\u0259yib. O bildirib ki, v\u0259kill\u0259r bunlar\u0131 saxlay\u0131b, m\u0259hk\u0259m\u0259 prosesinin sonunda ayd\u0131nla\u015fd\u0131rmal\u0131d\u0131r. Bu da v\u0259kill\u0259rin etiraz\u0131na s\u0259b\u0259b olub. Onlar hakimi \u0259dal\u0259tsizlikd\u0259, prosesi obyektiv idar\u0259 etm\u0259m\u0259kd\u0259, ittiham v\u0259 m\u00fcdafi\u0259 t\u0259r\u0259fin\u0259 b\u0259rab\u0259r \u015f\u0259rait yaratmamaqda g\u00fcnahland\u0131r\u0131blar. Bu \u00fczd\u0259n m\u0259hk\u0259m\u0259 prosesind\u0259 qalmaqal ya\u015fan\u0131b. N\u0259tic\u0259d\u0259 m\u0259hk\u0259m\u0259 iclas\u0131 noyabr\u0131n 21-n\u0259 q\u0259d\u0259r t\u0259xir\u0259 sal\u0131n\u0131b.<\/p>\n\n\n\n<p>1973-c\u00fc il t\u0259v\u0259ll\u00fcdl\u00fc \u0130lkin S\u00fcleymanov Cinay\u0259t M\u0259c\u0259ll\u0259sinin 120.2.4 (x\u00fcsusi amans\u0131zl\u0131qla q\u0259sd\u0259n adam \u00f6ld\u00fcrm\u0259), 120.2.9 (t\u0259qsirkar \u015f\u0259xs \u00fc\u00e7\u00fcn a\u015fkar sur\u0259td\u0259 k\u00f6m\u0259ksiz v\u0259ziyy\u0259td\u0259 olan adam\u0131 q\u0259sd\u0259n \u00f6ld\u00fcrm\u0259), 133.2.1 (o\u011furlanm\u0131\u015f \u015f\u0259xs\u0259 \u0259zab verm\u0259), 133.2.4 (yetkinlik ya\u015f\u0131na \u00e7atmayan, k\u00f6m\u0259ksiz v\u0259ziyy\u0259td\u0259 olan \u015f\u0259xs\u0259 \u0259zab verm\u0259), 144-c\u00fc (adam o\u011furlu\u011fu) madd\u0259l\u0259ril\u0259 ittiham olunur.<\/p>\n\n\n\n<p>\u0130ttihama \u0259sas\u0259n, o, sinif yolda\u015f\u0131 \u015e\u0259rif Quliyevin ail\u0259si, u\u015faqlar\u0131 oldu\u011funa g\u00f6r\u0259 onu q\u0131sqan\u0131b, buna g\u00f6r\u0259 d\u0259 onun q\u0131z\u0131 N\u0259rmini o\u011furlayaraq, 47 g\u00fcn sonra q\u0259tl\u0259 yetirib.<\/p>\n\n\n\n<p>\u0130lkin S\u00fcleymanov is\u0259 azya\u015fl\u0131n\u0131n \u00f6l\u00fcm\u00fcn\u0259 aidiyy\u0259ti olmad\u0131\u011f\u0131n\u0131 deyir. \u0130lkin ifad\u0259sind\u0259ki etirafa g\u0259linc\u0259, o bildirib ki, 2020-ci il yanvar\u0131n 6-dan 10-na q\u0259d\u0259r Tovuz rayon Polis \u015e\u00f6b\u0259sind\u0259 i\u015fg\u0259nc\u0259y\u0259 m\u0259ruz qal\u0131b. D\u00f6rd g\u00fcn sonra i\u015fg\u0259nc\u0259l\u0259r\u0259 d\u00f6zm\u0259y\u0259r\u0259k, etiraf ifad\u0259sin\u0259 imza atma\u011fa m\u0259cbur olub.<\/p>\n\n\n\n<p>Ba\u015f Prokurorluq is\u0259 i\u015fg\u0259nc\u0259 iddialar\u0131n\u0131 t\u0259kzib edib.<\/p>\n","protected":false},"excerpt":{"rendered":"<p>Videog\u00f6r\u00fcnt\u00fcd\u0259n m\u00fcst\u0259ntiqin m\u00fcdaxil\u0259l\u0259ri ayd\u0131n g\u00f6r\u00fcn\u00fcb Tovuz rayonunun Dondar Qu\u015f\u00e7u k\u0259ndind\u0259 &#8230; <\/p>\n<p class=\"read-more-container\"><a title=\"\u201cN\u0259rmin i\u015fi\u201dnd\u0259 qalmaqal\" class=\"read-more button\" href=\"https:\/\/www.meydan.tv\/az\/article\/nermin-isinde-qalmaqal\/#more-261050\" aria-label=\"Read more about \u201cN\u0259rmin i\u015fi\u201dnd\u0259 qalmaqal\">Davam\u0131<\/a><\/p>\n","protected":false},"author":8,"featured_media":255098,"comment_status":"closed","ping_status":"closed","sticky":false,"template":"","format":"standard","meta":{"_acf_changed":false,"_sitemap_exclude":false,"_sitemap_priority":"","_sitemap_frequency":"","footnotes":""},"categories":[60,88,56],"tags":[],"class_list":["post-261050","post","type-post","status-publish","format-standard","has-post-thumbnail","hentry","category-bolge","category-redaktor-secimi","category-xeberler","infinite-scroll-item","generate-columns","tablet-grid-50","mobile-grid-100","grid-parent","grid-33","no-featured-image-padding"],"acf":[],"yoast_head":"<!-- This site is optimized with the Yoast SEO plugin v27.5 - https:\/\/yoast.com\/product\/yoast-seo-wordpress\/ -->\n<title>\u201cN\u0259rmin i\u015fi\u201dnd\u0259 qalmaqal - MEYDAN.TV<\/title>\n<meta name=\"robots\" content=\"index, follow, max-snippet:-1, max-image-preview:large, max-video-preview:-1\" \/>\n<link rel=\"canonical\" href=\"https:\/\/www.meydan.tv\/az\/article\/nermin-isinde-qalmaqal\/\" \/>\n<meta property=\"og:locale\" content=\"az_AZ\" \/>\n<meta property=\"og:type\" content=\"article\" \/>\n<meta property=\"og:title\" content=\"\u201cN\u0259rmin i\u015fi\u201dnd\u0259 qalmaqal - MEYDAN.TV\" \/>\n<meta property=\"og:description\" content=\"Videog\u00f6r\u00fcnt\u00fcd\u0259n m\u00fcst\u0259ntiqin m\u00fcdaxil\u0259l\u0259ri ayd\u0131n g\u00f6r\u00fcn\u00fcb Tovuz rayonunun Dondar Qu\u015f\u00e7u k\u0259ndind\u0259 ... Davam\u0131\" \/>\n<meta property=\"og:url\" content=\"https:\/\/www.meydan.tv\/az\/article\/nermin-isinde-qalmaqal\/\" \/>\n<meta property=\"og:site_name\" content=\"MEYDAN.TV\" \/>\n<meta property=\"article:published_time\" content=\"2022-11-17T09:43:41+00:00\" \/>\n<meta property=\"article:modified_time\" content=\"2022-11-17T09:43:44+00:00\" \/>\n<meta property=\"og:image\" content=\"https:\/\/www.meydan.tv\/wp-content\/uploads\/photo-2022-09-07-17-11-47.jpg\" \/>\n\t<meta property=\"og:image:width\" content=\"1200\" \/>\n\t<meta property=\"og:image:height\" content=\"675\" \/>\n\t<meta property=\"og:image:type\" content=\"image\/jpeg\" \/>\n<meta name=\"author\" content=\"elli\" \/>\n<meta name=\"twitter:card\" content=\"summary_large_image\" \/>\n<meta name=\"twitter:creator\" content=\"@elli\" \/>\n<script type=\"application\/ld+json\" class=\"yoast-schema-graph\">{\"@context\":\"https:\\\/\\\/schema.org\",\"@graph\":[{\"@type\":\"Article\",\"@id\":\"https:\\\/\\\/www.meydan.tv\\\/az\\\/article\\\/nermin-isinde-qalmaqal\\\/#article\",\"isPartOf\":{\"@id\":\"https:\\\/\\\/www.meydan.tv\\\/az\\\/article\\\/nermin-isinde-qalmaqal\\\/\"},\"author\":{\"name\":\"elli\",\"@id\":\"https:\\\/\\\/www.meydan.tv\\\/az\\\/#\\\/schema\\\/person\\\/9cdbecf90d17180ce1dfbd95b08dcf47\"},\"headline\":\"\u201cN\u0259rmin i\u015fi\u201dnd\u0259 qalmaqal\",\"datePublished\":\"2022-11-17T09:43:41+00:00\",\"dateModified\":\"2022-11-17T09:43:44+00:00\",\"mainEntityOfPage\":{\"@id\":\"https:\\\/\\\/www.meydan.tv\\\/az\\\/article\\\/nermin-isinde-qalmaqal\\\/\"},\"wordCount\":698,\"publisher\":{\"@id\":\"https:\\\/\\\/www.meydan.tv\\\/az\\\/#organization\"},\"image\":{\"@id\":\"https:\\\/\\\/www.meydan.tv\\\/az\\\/article\\\/nermin-isinde-qalmaqal\\\/#primaryimage\"},\"thumbnailUrl\":\"https:\\\/\\\/www.meydan.tv\\\/wp-content\\\/uploads\\\/photo-2022-09-07-17-11-47.jpg\",\"articleSection\":[\"B\u00f6lg\u0259\",\"Redaktor se\u00e7imi\",\"X\u0259b\u0259rl\u0259r\"],\"inLanguage\":\"az\"},{\"@type\":\"WebPage\",\"@id\":\"https:\\\/\\\/www.meydan.tv\\\/az\\\/article\\\/nermin-isinde-qalmaqal\\\/\",\"url\":\"https:\\\/\\\/www.meydan.tv\\\/az\\\/article\\\/nermin-isinde-qalmaqal\\\/\",\"name\":\"\u201cN\u0259rmin i\u015fi\u201dnd\u0259 qalmaqal - MEYDAN.TV\",\"isPartOf\":{\"@id\":\"https:\\\/\\\/www.meydan.tv\\\/az\\\/#website\"},\"primaryImageOfPage\":{\"@id\":\"https:\\\/\\\/www.meydan.tv\\\/az\\\/article\\\/nermin-isinde-qalmaqal\\\/#primaryimage\"},\"image\":{\"@id\":\"https:\\\/\\\/www.meydan.tv\\\/az\\\/article\\\/nermin-isinde-qalmaqal\\\/#primaryimage\"},\"thumbnailUrl\":\"https:\\\/\\\/www.meydan.tv\\\/wp-content\\\/uploads\\\/photo-2022-09-07-17-11-47.jpg\",\"datePublished\":\"2022-11-17T09:43:41+00:00\",\"dateModified\":\"2022-11-17T09:43:44+00:00\",\"breadcrumb\":{\"@id\":\"https:\\\/\\\/www.meydan.tv\\\/az\\\/article\\\/nermin-isinde-qalmaqal\\\/#breadcrumb\"},\"inLanguage\":\"az\",\"potentialAction\":[{\"@type\":\"ReadAction\",\"target\":[\"https:\\\/\\\/www.meydan.tv\\\/az\\\/article\\\/nermin-isinde-qalmaqal\\\/\"]}]},{\"@type\":\"ImageObject\",\"inLanguage\":\"az\",\"@id\":\"https:\\\/\\\/www.meydan.tv\\\/az\\\/article\\\/nermin-isinde-qalmaqal\\\/#primaryimage\",\"url\":\"https:\\\/\\\/www.meydan.tv\\\/wp-content\\\/uploads\\\/photo-2022-09-07-17-11-47.jpg\",\"contentUrl\":\"https:\\\/\\\/www.meydan.tv\\\/wp-content\\\/uploads\\\/photo-2022-09-07-17-11-47.jpg\",\"width\":1200,\"height\":675,\"caption\":\"\u0130lkin S\u00fcleymanov. Foto: Meydan TV\"},{\"@type\":\"BreadcrumbList\",\"@id\":\"https:\\\/\\\/www.meydan.tv\\\/az\\\/article\\\/nermin-isinde-qalmaqal\\\/#breadcrumb\",\"itemListElement\":[{\"@type\":\"ListItem\",\"position\":1,\"name\":\"Ana s\u0259hif\u0259\",\"item\":\"https:\\\/\\\/www.meydan.tv\\\/az\\\/\"},{\"@type\":\"ListItem\",\"position\":2,\"name\":\"B\u00f6lg\u0259\",\"item\":\"https:\\\/\\\/www.meydan.tv\\\/az\\\/section\\\/bolge\\\/\"},{\"@type\":\"ListItem\",\"position\":3,\"name\":\"\u201cN\u0259rmin i\u015fi\u201dnd\u0259 qalmaqal\"}]},{\"@type\":\"WebSite\",\"@id\":\"https:\\\/\\\/www.meydan.tv\\\/az\\\/#website\",\"url\":\"https:\\\/\\\/www.meydan.tv\\\/az\\\/\",\"name\":\"MEYDAN.TV\",\"description\":\"Meydan TV Az\u0259rbaycan\u0131n media m\u0259kan\u0131ndak\u0131 alternativ s\u0259sidir\",\"publisher\":{\"@id\":\"https:\\\/\\\/www.meydan.tv\\\/az\\\/#organization\"},\"potentialAction\":[{\"@type\":\"SearchAction\",\"target\":{\"@type\":\"EntryPoint\",\"urlTemplate\":\"https:\\\/\\\/www.meydan.tv\\\/az\\\/?s={search_term_string}\"},\"query-input\":{\"@type\":\"PropertyValueSpecification\",\"valueRequired\":true,\"valueName\":\"search_term_string\"}}],\"inLanguage\":\"az\"},{\"@type\":\"Organization\",\"@id\":\"https:\\\/\\\/www.meydan.tv\\\/az\\\/#organization\",\"name\":\"Meydan TV\",\"url\":\"https:\\\/\\\/www.meydan.tv\\\/az\\\/\",\"logo\":{\"@type\":\"ImageObject\",\"inLanguage\":\"az\",\"@id\":\"https:\\\/\\\/www.meydan.tv\\\/az\\\/#\\\/schema\\\/logo\\\/image\\\/\",\"url\":\"https:\\\/\\\/www.meydan.tv\\\/wp-content\\\/uploads\\\/2021\\\/07\\\/meydan-logo.svg\",\"contentUrl\":\"https:\\\/\\\/www.meydan.tv\\\/wp-content\\\/uploads\\\/2021\\\/07\\\/meydan-logo.svg\",\"width\":195,\"height\":46,\"caption\":\"Meydan TV\"},\"image\":{\"@id\":\"https:\\\/\\\/www.meydan.tv\\\/az\\\/#\\\/schema\\\/logo\\\/image\\\/\"}},{\"@type\":\"Person\",\"@id\":\"https:\\\/\\\/www.meydan.tv\\\/az\\\/#\\\/schema\\\/person\\\/9cdbecf90d17180ce1dfbd95b08dcf47\",\"name\":\"elli\",\"sameAs\":[\"https:\\\/\\\/x.com\\\/elli\"]}]}<\/script>\n<!-- \/ Yoast SEO plugin. -->","yoast_head_json":{"title":"\u201cN\u0259rmin i\u015fi\u201dnd\u0259 qalmaqal - MEYDAN.TV","robots":{"index":"index","follow":"follow","max-snippet":"max-snippet:-1","max-image-preview":"max-image-preview:large","max-video-preview":"max-video-preview:-1"},"canonical":"https:\/\/www.meydan.tv\/az\/article\/nermin-isinde-qalmaqal\/","og_locale":"az_AZ","og_type":"article","og_title":"\u201cN\u0259rmin i\u015fi\u201dnd\u0259 qalmaqal - MEYDAN.TV","og_description":"Videog\u00f6r\u00fcnt\u00fcd\u0259n m\u00fcst\u0259ntiqin m\u00fcdaxil\u0259l\u0259ri ayd\u0131n g\u00f6r\u00fcn\u00fcb Tovuz rayonunun Dondar Qu\u015f\u00e7u k\u0259ndind\u0259 ... Davam\u0131","og_url":"https:\/\/www.meydan.tv\/az\/article\/nermin-isinde-qalmaqal\/","og_site_name":"MEYDAN.TV","article_published_time":"2022-11-17T09:43:41+00:00","article_modified_time":"2022-11-17T09:43:44+00:00","og_image":[{"width":1200,"height":675,"url":"https:\/\/www.meydan.tv\/wp-content\/uploads\/photo-2022-09-07-17-11-47.jpg","type":"image\/jpeg"}],"author":"elli","twitter_card":"summary_large_image","twitter_creator":"@elli","schema":{"@context":"https:\/\/schema.org","@graph":[{"@type":"Article","@id":"https:\/\/www.meydan.tv\/az\/article\/nermin-isinde-qalmaqal\/#article","isPartOf":{"@id":"https:\/\/www.meydan.tv\/az\/article\/nermin-isinde-qalmaqal\/"},"author":{"name":"elli","@id":"https:\/\/www.meydan.tv\/az\/#\/schema\/person\/9cdbecf90d17180ce1dfbd95b08dcf47"},"headline":"\u201cN\u0259rmin i\u015fi\u201dnd\u0259 qalmaqal","datePublished":"2022-11-17T09:43:41+00:00","dateModified":"2022-11-17T09:43:44+00:00","mainEntityOfPage":{"@id":"https:\/\/www.meydan.tv\/az\/article\/nermin-isinde-qalmaqal\/"},"wordCount":698,"publisher":{"@id":"https:\/\/www.meydan.tv\/az\/#organization"},"image":{"@id":"https:\/\/www.meydan.tv\/az\/article\/nermin-isinde-qalmaqal\/#primaryimage"},"thumbnailUrl":"https:\/\/www.meydan.tv\/wp-content\/uploads\/photo-2022-09-07-17-11-47.jpg","articleSection":["B\u00f6lg\u0259","Redaktor se\u00e7imi","X\u0259b\u0259rl\u0259r"],"inLanguage":"az"},{"@type":"WebPage","@id":"https:\/\/www.meydan.tv\/az\/article\/nermin-isinde-qalmaqal\/","url":"https:\/\/www.meydan.tv\/az\/article\/nermin-isinde-qalmaqal\/","name":"\u201cN\u0259rmin i\u015fi\u201dnd\u0259 qalmaqal - MEYDAN.TV","isPartOf":{"@id":"https:\/\/www.meydan.tv\/az\/#website"},"primaryImageOfPage":{"@id":"https:\/\/www.meydan.tv\/az\/article\/nermin-isinde-qalmaqal\/#primaryimage"},"image":{"@id":"https:\/\/www.meydan.tv\/az\/article\/nermin-isinde-qalmaqal\/#primaryimage"},"thumbnailUrl":"https:\/\/www.meydan.tv\/wp-content\/uploads\/photo-2022-09-07-17-11-47.jpg","datePublished":"2022-11-17T09:43:41+00:00","dateModified":"2022-11-17T09:43:44+00:00","breadcrumb":{"@id":"https:\/\/www.meydan.tv\/az\/article\/nermin-isinde-qalmaqal\/#breadcrumb"},"inLanguage":"az","potentialAction":[{"@type":"ReadAction","target":["https:\/\/www.meydan.tv\/az\/article\/nermin-isinde-qalmaqal\/"]}]},{"@type":"ImageObject","inLanguage":"az","@id":"https:\/\/www.meydan.tv\/az\/article\/nermin-isinde-qalmaqal\/#primaryimage","url":"https:\/\/www.meydan.tv\/wp-content\/uploads\/photo-2022-09-07-17-11-47.jpg","contentUrl":"https:\/\/www.meydan.tv\/wp-content\/uploads\/photo-2022-09-07-17-11-47.jpg","width":1200,"height":675,"caption":"\u0130lkin S\u00fcleymanov. Foto: Meydan TV"},{"@type":"BreadcrumbList","@id":"https:\/\/www.meydan.tv\/az\/article\/nermin-isinde-qalmaqal\/#breadcrumb","itemListElement":[{"@type":"ListItem","position":1,"name":"Ana s\u0259hif\u0259","item":"https:\/\/www.meydan.tv\/az\/"},{"@type":"ListItem","position":2,"name":"B\u00f6lg\u0259","item":"https:\/\/www.meydan.tv\/az\/section\/bolge\/"},{"@type":"ListItem","position":3,"name":"\u201cN\u0259rmin i\u015fi\u201dnd\u0259 qalmaqal"}]},{"@type":"WebSite","@id":"https:\/\/www.meydan.tv\/az\/#website","url":"https:\/\/www.meydan.tv\/az\/","name":"MEYDAN.TV","description":"Meydan TV Az\u0259rbaycan\u0131n media m\u0259kan\u0131ndak\u0131 alternativ s\u0259sidir","publisher":{"@id":"https:\/\/www.meydan.tv\/az\/#organization"},"potentialAction":[{"@type":"SearchAction","target":{"@type":"EntryPoint","urlTemplate":"https:\/\/www.meydan.tv\/az\/?s={search_term_string}"},"query-input":{"@type":"PropertyValueSpecification","valueRequired":true,"valueName":"search_term_string"}}],"inLanguage":"az"},{"@type":"Organization","@id":"https:\/\/www.meydan.tv\/az\/#organization","name":"Meydan TV","url":"https:\/\/www.meydan.tv\/az\/","logo":{"@type":"ImageObject","inLanguage":"az","@id":"https:\/\/www.meydan.tv\/az\/#\/schema\/logo\/image\/","url":"https:\/\/www.meydan.tv\/wp-content\/uploads\/2021\/07\/meydan-logo.svg","contentUrl":"https:\/\/www.meydan.tv\/wp-content\/uploads\/2021\/07\/meydan-logo.svg","width":195,"height":46,"caption":"Meydan TV"},"image":{"@id":"https:\/\/www.meydan.tv\/az\/#\/schema\/logo\/image\/"}},{"@type":"Person","@id":"https:\/\/www.meydan.tv\/az\/#\/schema\/person\/9cdbecf90d17180ce1dfbd95b08dcf47","name":"elli","sameAs":["https:\/\/x.com\/elli"]}]}},"_links":{"self":[{"href":"https:\/\/www.meydan.tv\/az\/wp-json\/wp\/v2\/posts\/261050","targetHints":{"allow":["GET"]}}],"collection":[{"href":"https:\/\/www.meydan.tv\/az\/wp-json\/wp\/v2\/posts"}],"about":[{"href":"https:\/\/www.meydan.tv\/az\/wp-json\/wp\/v2\/types\/post"}],"author":[{"embeddable":true,"href":"https:\/\/www.meydan.tv\/az\/wp-json\/wp\/v2\/users\/8"}],"replies":[{"embeddable":true,"href":"https:\/\/www.meydan.tv\/az\/wp-json\/wp\/v2\/comments?post=261050"}],"version-history":[{"count":1,"href":"https:\/\/www.meydan.tv\/az\/wp-json\/wp\/v2\/posts\/261050\/revisions"}],"predecessor-version":[{"id":261051,"href":"https:\/\/www.meydan.tv\/az\/wp-json\/wp\/v2\/posts\/261050\/revisions\/261051"}],"wp:featuredmedia":[{"embeddable":true,"href":"https:\/\/www.meydan.tv\/az\/wp-json\/wp\/v2\/media\/255098"}],"wp:attachment":[{"href":"https:\/\/www.meydan.tv\/az\/wp-json\/wp\/v2\/media?parent=261050"}],"wp:term":[{"taxonomy":"category","embeddable":true,"href":"https:\/\/www.meydan.tv\/az\/wp-json\/wp\/v2\/categories?post=261050"},{"taxonomy":"post_tag","embeddable":true,"href":"https:\/\/www.meydan.tv\/az\/wp-json\/wp\/v2\/tags?post=261050"}],"curies":[{"name":"wp","href":"https:\/\/api.w.org\/{rel}","templated":true}]}}