{"id":261012,"date":"2022-11-16T18:08:32","date_gmt":"2022-11-16T14:08:32","guid":{"rendered":"https:\/\/www.meydan.tv\/?p=261012"},"modified":"2022-11-16T18:12:09","modified_gmt":"2022-11-16T14:12:09","slug":"budceden-kino-agentliyinin-fealiyyetine-100-min-manat-ayrildi","status":"publish","type":"post","link":"https:\/\/www.meydan.tv\/az\/article\/budceden-kino-agentliyinin-fealiyyetine-100-min-manat-ayrildi\/","title":{"rendered":"B\u00fcdc\u0259d\u0259n Kino Agentliyinin f\u0259aliyy\u0259tin\u0259 100 min manat ayr\u0131ld\u0131"},"content":{"rendered":"\n<p><\/p>\n\n\n\n<p><em>Prezident yeni s\u0259r\u0259ncam imzalad\u0131<\/em><\/p>\n\n\n\n<p>Prezident \u0130lham \u018fliyev Az\u0259rbaycan Respublikas\u0131n\u0131n Kino Agentliyinin (ARKA) f\u0259aliyy\u0259tinin t\u0259min edilm\u0259si haqq\u0131nda f\u0259rman <a href=\"https:\/\/president.az\/az\/articles\/view\/57877\" target=\"_blank\" rel=\"noreferrer noopener\">imzalay\u0131b<\/a>.<br><br>F\u0259rmanla \u201cAz\u0259rbaycan Respublikas\u0131 Kino Agentliyinin Nizamnam\u0259si\u201d t\u0259sdiq edilib.<\/p>\n\n\n\n<p>Qeyd olunub ki, Kino Agentliyinin nizamnam\u0259 fondu 100 000 (y\u00fcz min) manat t\u0259\u015fkil edir v\u0259 d\u00f6vl\u0259t b\u00fcdc\u0259sinin v\u0259saiti hesab\u0131na formala\u015f\u0131r.<\/p>\n\n\n\n<p>M\u0259d\u0259niyy\u0259t Nazirliyin\u0259 tap\u015f\u0131r\u0131l\u0131b ki, d\u00f6vl\u0259t qeydiyyat\u0131na al\u0131nd\u0131qdan sonra Agentliyin strukturunu, \u0259m\u0259yin \u00f6d\u0259ni\u015fi fondunu, i\u015f\u00e7il\u0259rinin say h\u0259ddini v\u0259 onlar\u0131n \u0259m\u0259khaqlar\u0131n\u0131n (v\u0259zif\u0259 maa\u015f\u0131n\u0131n, v\u0259zif\u0259 maa\u015f\u0131na \u0259lav\u0259l\u0259rin, m\u00fckafatlar\u0131n v\u0259 dig\u0259r \u00f6d\u0259ni\u015fl\u0259rin) m\u0259bl\u0259\u011fini bir ay m\u00fcdd\u0259tind\u0259 t\u0259sdiq etsin.<\/p>\n\n\n\n<p>ARKA-n\u0131n nizamnam\u0259sind\u0259 deyilir ki, m\u0259qs\u0259d Az\u0259rbaycan kinematoqrafiyas\u0131nda d\u00f6vl\u0259t siyas\u0259tinin h\u0259yata ke\u00e7irilm\u0259sinin t\u0259kmill\u0259\u015fdirm\u0259k, milli kinonun beyn\u0259lxalq r\u0259qab\u0259t\u0259 davaml\u0131l\u0131\u011f\u0131n\u0131 t\u0259min etm\u0259k, yerli istehsal v\u0259 yay\u0131m infrastrukturunu <a href=\"https:\/\/president.az\/az\/articles\/view\/57878\" target=\"_blank\" rel=\"noreferrer noopener\">m\u00fcasirl\u0259\u015fdirm\u0259kdir<\/a>.<\/p>\n\n\n\n<p>Agentliyin r\u0259hb\u0259ri Ba\u015f direktor olacaq.<\/p>\n\n\n\n<p>\u00dcmumi r\u0259hb\u0259rliyi v\u0259 n\u0259zar\u0259ti is\u0259 s\u0259dr v\u0259 iki m\u00fcavind\u0259n ibar\u0259t M\u00fc\u015fahid\u0259 \u015euras\u0131 ed\u0259c\u0259k.<br>Agentliyin saxlan\u0131lmas\u0131 v\u0259 f\u0259aliyy\u0259tinin t\u0259min edilm\u0259si d\u00f6vl\u0259t b\u00fcdc\u0259sinin v\u0259saiti v\u0259 qanunla qada\u011fan edilm\u0259y\u0259n dig\u0259r m\u0259nb\u0259l\u0259r hesab\u0131na h\u0259yata ke\u00e7iril\u0259c\u0259k.<\/p>\n\n\n\n<p>Kino Agentliyinin yarad\u0131lmas\u0131 il\u0259 ba\u011fl\u0131 s\u0259r\u0259ncam Prezident \u0130lham \u018fliyev 2022-ci il aprelin 20-d\u0259 <a href=\"https:\/\/president.az\/az\/articles\/view\/55851\" target=\"_blank\" rel=\"noreferrer noopener\">imzalay\u0131b<\/a>.<br>2022-ci il oktyabr\u0131n 26-da Hesablama Palatas\u0131 d\u00f6vl\u0259t sifari\u015fi il\u0259 filml\u0259rin \u00e7\u0259kilm\u0259si zaman\u0131 ciddi maliyy\u0259 pozuntular\u0131n\u0131n a\u015fkarlanmas\u0131na dair hesabat <a href=\"https:\/\/d9mc3ts4czbpr.cloudfront.net\/az\/article\/dovlet-sifarisi-ile-film-cekenler-pullari-nece-xercleyib\/\" target=\"_blank\" rel=\"noreferrer noopener\">yay\u0131mlay\u0131b<\/a>.<br><br>Palata t\u00f6vsiy\u0259 edirdi ki, n\u00f6qsana yol ver\u0259n m\u0259sul \u015f\u0259xsl\u0259r m\u0259suliyy\u0259t\u0259 c\u0259lb olunsunlar.<\/p>\n\n\n\n<p>2022-ci il noyabr\u0131n 1-d\u0259 is\u0259 D\u00f6vl\u0259t T\u0259hl\u00fck\u0259sizliyi Xidm\u0259ti (DTX) M\u0259d\u0259niyy\u0259t Nazirliyind\u0259 x\u00fcsusi \u0259m\u0259liyyat <a href=\"https:\/\/d9mc3ts4czbpr.cloudfront.net\/az\/article\/medeniyyet-nazirinin-muavini-elnur-eliyevin-saxlanildigi-deyilir\/\" target=\"_blank\" rel=\"noreferrer noopener\">ke\u00e7irib.<\/a><\/p>\n\n\n\n<p>M\u0259d\u0259niyy\u0259t nazirinin sabiq birinci m\u00fcavini Elnur \u018fliyev v\u0259 nazirliyin T\u0259chizat v\u0259 \u018fmlak \u015e\u00f6b\u0259sinin m\u00fcdiri \u0130lkin N\u0259sibov m\u0259suliyy\u0259t\u0259 c\u0259lb olunub.<\/p>\n\n\n\n<p>Onlar Cinay\u0259t M\u0259c\u0259ll\u0259sinin 179.4 (x\u00fcsusil\u0259 k\u00fclli miqdarda m\u0259nims\u0259m\u0259), 308-ci (v\u0259zif\u0259 s\u0259lahiyy\u0259tl\u0259rind\u0259n sui istifad\u0259) madd\u0259l\u0259ril\u0259 ittiham <a href=\"https:\/\/d9mc3ts4czbpr.cloudfront.net\/az\/article\/elnur-eliyevin-baresinde-basqa-yere-getmeme-iltizam-tedbiri-secilib\/\" target=\"_blank\" rel=\"noreferrer noopener\">olunur.<\/a><br>M\u0259d\u0259niyy\u0259t nazirinin ke\u00e7mi\u015f m\u00fcavini Rafiq Bayramov 2020-ci ild\u0259 DTX-n\u0131n ke\u00e7irdiyi \u0259m\u0259liyyatda saxlan\u0131l\u0131b v\u0259 m\u0259hk\u0259m\u0259nin h\u00f6km\u00fc il\u0259 azadl\u0131qdan m\u0259hrum <a href=\"https:\/\/d9mc3ts4czbpr.cloudfront.net\/az\/article\/dovlet-sifarisi-ile-film-cekenler-pullari-nece-xercleyib\/\" target=\"_blank\" rel=\"noreferrer noopener\">edilib.<\/a><\/p>\n","protected":false},"excerpt":{"rendered":"<p>Prezident yeni s\u0259r\u0259ncam imzalad\u0131 Prezident \u0130lham \u018fliyev Az\u0259rbaycan Respublikas\u0131n\u0131n Kino &#8230; <\/p>\n<p class=\"read-more-container\"><a title=\"B\u00fcdc\u0259d\u0259n Kino Agentliyinin f\u0259aliyy\u0259tin\u0259 100 min manat ayr\u0131ld\u0131\" class=\"read-more button\" href=\"https:\/\/www.meydan.tv\/az\/article\/budceden-kino-agentliyinin-fealiyyetine-100-min-manat-ayrildi\/#more-261012\" aria-label=\"Read more about B\u00fcdc\u0259d\u0259n Kino Agentliyinin f\u0259aliyy\u0259tin\u0259 100 min manat ayr\u0131ld\u0131\">Davam\u0131<\/a><\/p>\n","protected":false},"author":8,"featured_media":242701,"comment_status":"closed","ping_status":"closed","sticky":false,"template":"","format":"standard","meta":{"_acf_changed":false,"_sitemap_exclude":false,"_sitemap_priority":"","_sitemap_frequency":"","footnotes":""},"categories":[52,56],"tags":[],"class_list":["post-261012","post","type-post","status-publish","format-standard","has-post-thumbnail","hentry","category-medeniyyet","category-xeberler","infinite-scroll-item","generate-columns","tablet-grid-50","mobile-grid-100","grid-parent","grid-33","no-featured-image-padding"],"acf":[],"yoast_head":"<!-- This site is optimized with the Yoast SEO plugin v27.4 - https:\/\/yoast.com\/product\/yoast-seo-wordpress\/ -->\n<title>B\u00fcdc\u0259d\u0259n Kino Agentliyinin f\u0259aliyy\u0259tin\u0259 100 min manat ayr\u0131ld\u0131 - MEYDAN.TV<\/title>\n<meta name=\"robots\" content=\"index, follow, max-snippet:-1, max-image-preview:large, max-video-preview:-1\" \/>\n<link rel=\"canonical\" href=\"https:\/\/www.meydan.tv\/az\/article\/budceden-kino-agentliyinin-fealiyyetine-100-min-manat-ayrildi\/\" \/>\n<meta property=\"og:locale\" content=\"az_AZ\" \/>\n<meta property=\"og:type\" content=\"article\" \/>\n<meta property=\"og:title\" content=\"B\u00fcdc\u0259d\u0259n Kino Agentliyinin f\u0259aliyy\u0259tin\u0259 100 min manat ayr\u0131ld\u0131 - MEYDAN.TV\" \/>\n<meta property=\"og:description\" content=\"Prezident yeni s\u0259r\u0259ncam imzalad\u0131 Prezident \u0130lham \u018fliyev Az\u0259rbaycan Respublikas\u0131n\u0131n Kino ... Davam\u0131\" \/>\n<meta property=\"og:url\" content=\"https:\/\/www.meydan.tv\/az\/article\/budceden-kino-agentliyinin-fealiyyetine-100-min-manat-ayrildi\/\" \/>\n<meta property=\"og:site_name\" content=\"MEYDAN.TV\" \/>\n<meta property=\"article:published_time\" content=\"2022-11-16T14:08:32+00:00\" \/>\n<meta property=\"article:modified_time\" content=\"2022-11-16T14:12:09+00:00\" \/>\n<meta property=\"og:image\" content=\"https:\/\/www.meydan.tv\/wp-content\/uploads\/shutterstock_1914661585.jpg\" \/>\n\t<meta property=\"og:image:width\" content=\"1200\" \/>\n\t<meta property=\"og:image:height\" content=\"794\" \/>\n\t<meta property=\"og:image:type\" content=\"image\/jpeg\" \/>\n<meta name=\"author\" content=\"elli\" \/>\n<meta name=\"twitter:card\" content=\"summary_large_image\" \/>\n<meta name=\"twitter:creator\" content=\"@elli\" \/>\n<script type=\"application\/ld+json\" class=\"yoast-schema-graph\">{\"@context\":\"https:\\\/\\\/schema.org\",\"@graph\":[{\"@type\":\"Article\",\"@id\":\"https:\\\/\\\/www.meydan.tv\\\/az\\\/article\\\/budceden-kino-agentliyinin-fealiyyetine-100-min-manat-ayrildi\\\/#article\",\"isPartOf\":{\"@id\":\"https:\\\/\\\/www.meydan.tv\\\/az\\\/article\\\/budceden-kino-agentliyinin-fealiyyetine-100-min-manat-ayrildi\\\/\"},\"author\":{\"name\":\"elli\",\"@id\":\"https:\\\/\\\/www.meydan.tv\\\/az\\\/#\\\/schema\\\/person\\\/9cdbecf90d17180ce1dfbd95b08dcf47\"},\"headline\":\"B\u00fcdc\u0259d\u0259n Kino Agentliyinin f\u0259aliyy\u0259tin\u0259 100 min manat ayr\u0131ld\u0131\",\"datePublished\":\"2022-11-16T14:08:32+00:00\",\"dateModified\":\"2022-11-16T14:12:09+00:00\",\"mainEntityOfPage\":{\"@id\":\"https:\\\/\\\/www.meydan.tv\\\/az\\\/article\\\/budceden-kino-agentliyinin-fealiyyetine-100-min-manat-ayrildi\\\/\"},\"wordCount\":469,\"publisher\":{\"@id\":\"https:\\\/\\\/www.meydan.tv\\\/az\\\/#organization\"},\"image\":{\"@id\":\"https:\\\/\\\/www.meydan.tv\\\/az\\\/article\\\/budceden-kino-agentliyinin-fealiyyetine-100-min-manat-ayrildi\\\/#primaryimage\"},\"thumbnailUrl\":\"https:\\\/\\\/www.meydan.tv\\\/wp-content\\\/uploads\\\/shutterstock_1914661585.jpg\",\"articleSection\":[\"M\u0259d\u0259niyy\u0259t\",\"X\u0259b\u0259rl\u0259r\"],\"inLanguage\":\"az\"},{\"@type\":\"WebPage\",\"@id\":\"https:\\\/\\\/www.meydan.tv\\\/az\\\/article\\\/budceden-kino-agentliyinin-fealiyyetine-100-min-manat-ayrildi\\\/\",\"url\":\"https:\\\/\\\/www.meydan.tv\\\/az\\\/article\\\/budceden-kino-agentliyinin-fealiyyetine-100-min-manat-ayrildi\\\/\",\"name\":\"B\u00fcdc\u0259d\u0259n Kino Agentliyinin f\u0259aliyy\u0259tin\u0259 100 min manat ayr\u0131ld\u0131 - MEYDAN.TV\",\"isPartOf\":{\"@id\":\"https:\\\/\\\/www.meydan.tv\\\/az\\\/#website\"},\"primaryImageOfPage\":{\"@id\":\"https:\\\/\\\/www.meydan.tv\\\/az\\\/article\\\/budceden-kino-agentliyinin-fealiyyetine-100-min-manat-ayrildi\\\/#primaryimage\"},\"image\":{\"@id\":\"https:\\\/\\\/www.meydan.tv\\\/az\\\/article\\\/budceden-kino-agentliyinin-fealiyyetine-100-min-manat-ayrildi\\\/#primaryimage\"},\"thumbnailUrl\":\"https:\\\/\\\/www.meydan.tv\\\/wp-content\\\/uploads\\\/shutterstock_1914661585.jpg\",\"datePublished\":\"2022-11-16T14:08:32+00:00\",\"dateModified\":\"2022-11-16T14:12:09+00:00\",\"breadcrumb\":{\"@id\":\"https:\\\/\\\/www.meydan.tv\\\/az\\\/article\\\/budceden-kino-agentliyinin-fealiyyetine-100-min-manat-ayrildi\\\/#breadcrumb\"},\"inLanguage\":\"az\",\"potentialAction\":[{\"@type\":\"ReadAction\",\"target\":[\"https:\\\/\\\/www.meydan.tv\\\/az\\\/article\\\/budceden-kino-agentliyinin-fealiyyetine-100-min-manat-ayrildi\\\/\"]}]},{\"@type\":\"ImageObject\",\"inLanguage\":\"az\",\"@id\":\"https:\\\/\\\/www.meydan.tv\\\/az\\\/article\\\/budceden-kino-agentliyinin-fealiyyetine-100-min-manat-ayrildi\\\/#primaryimage\",\"url\":\"https:\\\/\\\/www.meydan.tv\\\/wp-content\\\/uploads\\\/shutterstock_1914661585.jpg\",\"contentUrl\":\"https:\\\/\\\/www.meydan.tv\\\/wp-content\\\/uploads\\\/shutterstock_1914661585.jpg\",\"width\":1200,\"height\":794,\"caption\":\"Az\u0259rbaycan kinosu. Foto: natatravel\\\/shutterstock\"},{\"@type\":\"BreadcrumbList\",\"@id\":\"https:\\\/\\\/www.meydan.tv\\\/az\\\/article\\\/budceden-kino-agentliyinin-fealiyyetine-100-min-manat-ayrildi\\\/#breadcrumb\",\"itemListElement\":[{\"@type\":\"ListItem\",\"position\":1,\"name\":\"Ana s\u0259hif\u0259\",\"item\":\"https:\\\/\\\/www.meydan.tv\\\/az\\\/\"},{\"@type\":\"ListItem\",\"position\":2,\"name\":\"M\u0259d\u0259niyy\u0259t\",\"item\":\"https:\\\/\\\/www.meydan.tv\\\/az\\\/section\\\/medeniyyet\\\/\"},{\"@type\":\"ListItem\",\"position\":3,\"name\":\"B\u00fcdc\u0259d\u0259n Kino Agentliyinin f\u0259aliyy\u0259tin\u0259 100 min manat ayr\u0131ld\u0131\"}]},{\"@type\":\"WebSite\",\"@id\":\"https:\\\/\\\/www.meydan.tv\\\/az\\\/#website\",\"url\":\"https:\\\/\\\/www.meydan.tv\\\/az\\\/\",\"name\":\"MEYDAN.TV\",\"description\":\"Meydan TV Az\u0259rbaycan\u0131n media m\u0259kan\u0131ndak\u0131 alternativ s\u0259sidir\",\"publisher\":{\"@id\":\"https:\\\/\\\/www.meydan.tv\\\/az\\\/#organization\"},\"potentialAction\":[{\"@type\":\"SearchAction\",\"target\":{\"@type\":\"EntryPoint\",\"urlTemplate\":\"https:\\\/\\\/www.meydan.tv\\\/az\\\/?s={search_term_string}\"},\"query-input\":{\"@type\":\"PropertyValueSpecification\",\"valueRequired\":true,\"valueName\":\"search_term_string\"}}],\"inLanguage\":\"az\"},{\"@type\":\"Organization\",\"@id\":\"https:\\\/\\\/www.meydan.tv\\\/az\\\/#organization\",\"name\":\"Meydan TV\",\"url\":\"https:\\\/\\\/www.meydan.tv\\\/az\\\/\",\"logo\":{\"@type\":\"ImageObject\",\"inLanguage\":\"az\",\"@id\":\"https:\\\/\\\/www.meydan.tv\\\/az\\\/#\\\/schema\\\/logo\\\/image\\\/\",\"url\":\"https:\\\/\\\/www.meydan.tv\\\/wp-content\\\/uploads\\\/2021\\\/07\\\/meydan-logo.svg\",\"contentUrl\":\"https:\\\/\\\/www.meydan.tv\\\/wp-content\\\/uploads\\\/2021\\\/07\\\/meydan-logo.svg\",\"width\":195,\"height\":46,\"caption\":\"Meydan TV\"},\"image\":{\"@id\":\"https:\\\/\\\/www.meydan.tv\\\/az\\\/#\\\/schema\\\/logo\\\/image\\\/\"}},{\"@type\":\"Person\",\"@id\":\"https:\\\/\\\/www.meydan.tv\\\/az\\\/#\\\/schema\\\/person\\\/9cdbecf90d17180ce1dfbd95b08dcf47\",\"name\":\"elli\",\"sameAs\":[\"https:\\\/\\\/x.com\\\/elli\"]}]}<\/script>\n<!-- \/ Yoast SEO plugin. -->","yoast_head_json":{"title":"B\u00fcdc\u0259d\u0259n Kino Agentliyinin f\u0259aliyy\u0259tin\u0259 100 min manat ayr\u0131ld\u0131 - MEYDAN.TV","robots":{"index":"index","follow":"follow","max-snippet":"max-snippet:-1","max-image-preview":"max-image-preview:large","max-video-preview":"max-video-preview:-1"},"canonical":"https:\/\/www.meydan.tv\/az\/article\/budceden-kino-agentliyinin-fealiyyetine-100-min-manat-ayrildi\/","og_locale":"az_AZ","og_type":"article","og_title":"B\u00fcdc\u0259d\u0259n Kino Agentliyinin f\u0259aliyy\u0259tin\u0259 100 min manat ayr\u0131ld\u0131 - MEYDAN.TV","og_description":"Prezident yeni s\u0259r\u0259ncam imzalad\u0131 Prezident \u0130lham \u018fliyev Az\u0259rbaycan Respublikas\u0131n\u0131n Kino ... Davam\u0131","og_url":"https:\/\/www.meydan.tv\/az\/article\/budceden-kino-agentliyinin-fealiyyetine-100-min-manat-ayrildi\/","og_site_name":"MEYDAN.TV","article_published_time":"2022-11-16T14:08:32+00:00","article_modified_time":"2022-11-16T14:12:09+00:00","og_image":[{"width":1200,"height":794,"url":"https:\/\/www.meydan.tv\/wp-content\/uploads\/shutterstock_1914661585.jpg","type":"image\/jpeg"}],"author":"elli","twitter_card":"summary_large_image","twitter_creator":"@elli","schema":{"@context":"https:\/\/schema.org","@graph":[{"@type":"Article","@id":"https:\/\/www.meydan.tv\/az\/article\/budceden-kino-agentliyinin-fealiyyetine-100-min-manat-ayrildi\/#article","isPartOf":{"@id":"https:\/\/www.meydan.tv\/az\/article\/budceden-kino-agentliyinin-fealiyyetine-100-min-manat-ayrildi\/"},"author":{"name":"elli","@id":"https:\/\/www.meydan.tv\/az\/#\/schema\/person\/9cdbecf90d17180ce1dfbd95b08dcf47"},"headline":"B\u00fcdc\u0259d\u0259n Kino Agentliyinin f\u0259aliyy\u0259tin\u0259 100 min manat ayr\u0131ld\u0131","datePublished":"2022-11-16T14:08:32+00:00","dateModified":"2022-11-16T14:12:09+00:00","mainEntityOfPage":{"@id":"https:\/\/www.meydan.tv\/az\/article\/budceden-kino-agentliyinin-fealiyyetine-100-min-manat-ayrildi\/"},"wordCount":469,"publisher":{"@id":"https:\/\/www.meydan.tv\/az\/#organization"},"image":{"@id":"https:\/\/www.meydan.tv\/az\/article\/budceden-kino-agentliyinin-fealiyyetine-100-min-manat-ayrildi\/#primaryimage"},"thumbnailUrl":"https:\/\/www.meydan.tv\/wp-content\/uploads\/shutterstock_1914661585.jpg","articleSection":["M\u0259d\u0259niyy\u0259t","X\u0259b\u0259rl\u0259r"],"inLanguage":"az"},{"@type":"WebPage","@id":"https:\/\/www.meydan.tv\/az\/article\/budceden-kino-agentliyinin-fealiyyetine-100-min-manat-ayrildi\/","url":"https:\/\/www.meydan.tv\/az\/article\/budceden-kino-agentliyinin-fealiyyetine-100-min-manat-ayrildi\/","name":"B\u00fcdc\u0259d\u0259n Kino Agentliyinin f\u0259aliyy\u0259tin\u0259 100 min manat ayr\u0131ld\u0131 - MEYDAN.TV","isPartOf":{"@id":"https:\/\/www.meydan.tv\/az\/#website"},"primaryImageOfPage":{"@id":"https:\/\/www.meydan.tv\/az\/article\/budceden-kino-agentliyinin-fealiyyetine-100-min-manat-ayrildi\/#primaryimage"},"image":{"@id":"https:\/\/www.meydan.tv\/az\/article\/budceden-kino-agentliyinin-fealiyyetine-100-min-manat-ayrildi\/#primaryimage"},"thumbnailUrl":"https:\/\/www.meydan.tv\/wp-content\/uploads\/shutterstock_1914661585.jpg","datePublished":"2022-11-16T14:08:32+00:00","dateModified":"2022-11-16T14:12:09+00:00","breadcrumb":{"@id":"https:\/\/www.meydan.tv\/az\/article\/budceden-kino-agentliyinin-fealiyyetine-100-min-manat-ayrildi\/#breadcrumb"},"inLanguage":"az","potentialAction":[{"@type":"ReadAction","target":["https:\/\/www.meydan.tv\/az\/article\/budceden-kino-agentliyinin-fealiyyetine-100-min-manat-ayrildi\/"]}]},{"@type":"ImageObject","inLanguage":"az","@id":"https:\/\/www.meydan.tv\/az\/article\/budceden-kino-agentliyinin-fealiyyetine-100-min-manat-ayrildi\/#primaryimage","url":"https:\/\/www.meydan.tv\/wp-content\/uploads\/shutterstock_1914661585.jpg","contentUrl":"https:\/\/www.meydan.tv\/wp-content\/uploads\/shutterstock_1914661585.jpg","width":1200,"height":794,"caption":"Az\u0259rbaycan kinosu. Foto: natatravel\/shutterstock"},{"@type":"BreadcrumbList","@id":"https:\/\/www.meydan.tv\/az\/article\/budceden-kino-agentliyinin-fealiyyetine-100-min-manat-ayrildi\/#breadcrumb","itemListElement":[{"@type":"ListItem","position":1,"name":"Ana s\u0259hif\u0259","item":"https:\/\/www.meydan.tv\/az\/"},{"@type":"ListItem","position":2,"name":"M\u0259d\u0259niyy\u0259t","item":"https:\/\/www.meydan.tv\/az\/section\/medeniyyet\/"},{"@type":"ListItem","position":3,"name":"B\u00fcdc\u0259d\u0259n Kino Agentliyinin f\u0259aliyy\u0259tin\u0259 100 min manat ayr\u0131ld\u0131"}]},{"@type":"WebSite","@id":"https:\/\/www.meydan.tv\/az\/#website","url":"https:\/\/www.meydan.tv\/az\/","name":"MEYDAN.TV","description":"Meydan TV Az\u0259rbaycan\u0131n media m\u0259kan\u0131ndak\u0131 alternativ s\u0259sidir","publisher":{"@id":"https:\/\/www.meydan.tv\/az\/#organization"},"potentialAction":[{"@type":"SearchAction","target":{"@type":"EntryPoint","urlTemplate":"https:\/\/www.meydan.tv\/az\/?s={search_term_string}"},"query-input":{"@type":"PropertyValueSpecification","valueRequired":true,"valueName":"search_term_string"}}],"inLanguage":"az"},{"@type":"Organization","@id":"https:\/\/www.meydan.tv\/az\/#organization","name":"Meydan TV","url":"https:\/\/www.meydan.tv\/az\/","logo":{"@type":"ImageObject","inLanguage":"az","@id":"https:\/\/www.meydan.tv\/az\/#\/schema\/logo\/image\/","url":"https:\/\/www.meydan.tv\/wp-content\/uploads\/2021\/07\/meydan-logo.svg","contentUrl":"https:\/\/www.meydan.tv\/wp-content\/uploads\/2021\/07\/meydan-logo.svg","width":195,"height":46,"caption":"Meydan TV"},"image":{"@id":"https:\/\/www.meydan.tv\/az\/#\/schema\/logo\/image\/"}},{"@type":"Person","@id":"https:\/\/www.meydan.tv\/az\/#\/schema\/person\/9cdbecf90d17180ce1dfbd95b08dcf47","name":"elli","sameAs":["https:\/\/x.com\/elli"]}]}},"_links":{"self":[{"href":"https:\/\/www.meydan.tv\/az\/wp-json\/wp\/v2\/posts\/261012","targetHints":{"allow":["GET"]}}],"collection":[{"href":"https:\/\/www.meydan.tv\/az\/wp-json\/wp\/v2\/posts"}],"about":[{"href":"https:\/\/www.meydan.tv\/az\/wp-json\/wp\/v2\/types\/post"}],"author":[{"embeddable":true,"href":"https:\/\/www.meydan.tv\/az\/wp-json\/wp\/v2\/users\/8"}],"replies":[{"embeddable":true,"href":"https:\/\/www.meydan.tv\/az\/wp-json\/wp\/v2\/comments?post=261012"}],"version-history":[{"count":2,"href":"https:\/\/www.meydan.tv\/az\/wp-json\/wp\/v2\/posts\/261012\/revisions"}],"predecessor-version":[{"id":261016,"href":"https:\/\/www.meydan.tv\/az\/wp-json\/wp\/v2\/posts\/261012\/revisions\/261016"}],"wp:featuredmedia":[{"embeddable":true,"href":"https:\/\/www.meydan.tv\/az\/wp-json\/wp\/v2\/media\/242701"}],"wp:attachment":[{"href":"https:\/\/www.meydan.tv\/az\/wp-json\/wp\/v2\/media?parent=261012"}],"wp:term":[{"taxonomy":"category","embeddable":true,"href":"https:\/\/www.meydan.tv\/az\/wp-json\/wp\/v2\/categories?post=261012"},{"taxonomy":"post_tag","embeddable":true,"href":"https:\/\/www.meydan.tv\/az\/wp-json\/wp\/v2\/tags?post=261012"}],"curies":[{"name":"wp","href":"https:\/\/api.w.org\/{rel}","templated":true}]}}