{"id":261008,"date":"2022-11-16T17:48:32","date_gmt":"2022-11-16T13:48:32","guid":{"rendered":"https:\/\/www.meydan.tv\/?p=261008"},"modified":"2022-11-16T17:48:34","modified_gmt":"2022-11-16T13:48:34","slug":"bayram-gunleri-imisli-muellimleri-mecburi-telime-aparilib","status":"publish","type":"post","link":"https:\/\/www.meydan.tv\/az\/article\/bayram-gunleri-imisli-muellimleri-mecburi-telime-aparilib\/","title":{"rendered":"\u201cBayram g\u00fcnl\u0259ri \u0130mi\u015fli m\u00fc\u0259lliml\u0259ri m\u0259cburi t\u0259lim\u0259 apar\u0131l\u0131b\u201d"},"content":{"rendered":"\n<p><\/p>\n\n\n\n<p><em>\u015eikay\u0259t\u00e7i deyir ki, Regional T\u0259hsil \u0130dar\u0259si \u201cqol\u00e7omaq\u201d prinsipi il\u0259 i\u015fl\u0259yir<\/em><\/p>\n\n\n\n<p>\u0130mi\u015fili rayonunda yerl\u0259\u015f\u0259n b\u00fct\u00fcn \u00fcmumt\u0259hsil m\u0259kt\u0259bl\u0259rinin ibtidai sinif v\u0259 \u0259d\u0259biyyat m\u00fc\u0259lliml\u0259rinin qeyri-i\u015f g\u00fcnl\u0259rind\u0259 m\u0259cburi \u201cOxu v\u0259rdi\u015fl\u0259ri\u201d t\u0259liml\u0259rin\u0259 c\u0259lb edildiyi bildirilir.<\/p>\n\n\n\n<p>\u0130\u015fini itirm\u0259k t\u0259hl\u00fck\u0259si il\u0259 ad\u0131n\u0131n a\u00e7\u0131qlanmas\u0131n\u0131 ist\u0259m\u0259y\u0259n \u0130mi\u015fli rayondak\u0131 m\u0259kt\u0259bl\u0259rd\u0259n birinin ibtdiai sinif m\u00fc\u0259llimi Meydan TV-y\u0259 deyib ki, 2022-ci il noyabr\u0131n 6,7,8 v\u0259 9-da \u00f6lk\u0259d\u0259 qeyri-i\u015f g\u00fcn\u00fc olsa da, m\u00fc\u0259lliml\u0259r m\u0259cburi t\u0259liml\u0259r\u0259 c\u0259lb olunub.<\/p>\n\n\n\n<p>T\u0259liml\u0259r Elm v\u0259 T\u0259hsil Nazirliyi v\u0259 M\u00fc\u0259lliml\u0259ri T\u0259kmill\u0259\u015fdirm\u0259 \u0130nstitutu il\u0259 birg\u0259 ke\u00e7irilib.<br>\u015eikay\u0259t\u00e7i m\u00fc\u0259llim deyir ki, Mil-Mu\u011fan Regional T\u0259hsil \u0130dar\u0259si b\u00fct\u00fcn m\u00fc\u0259lliml\u0259rin m\u0259cburi i\u015ftirak\u0131n\u0131 t\u0259l\u0259b edib:<\/p>\n\n\n\n<p>\u201cDirektorlara deyilib ki, t\u0259limd\u0259 i\u015ftirak etm\u0259y\u0259n m\u00fc\u0259llimin f\u0259aliyy\u0259t g\u00f6st\u0259rdiyi m\u0259kt\u0259bd\u0259 yoxlama apar\u0131lacaq. Regional T\u0259hsil \u0130dar\u0259si \u201cqol\u00e7omaq\u201d prinsipi il\u0259 i\u015fl\u0259yir. Ad\u0259t\u0259n bel\u0259 t\u0259liml\u0259r ke\u00e7iril\u0259nd\u0259, su, yaxud q\u0259lyanalt\u0131 kimi n\u0259l\u0259rs\u0259 t\u0259\u015fkil olunur. Bu d\u0259f\u0259 he\u00e7 n\u0259 olmad\u0131. M\u00fc\u0259llim var ki, s\u0259h\u0259r saat 8-d\u0259 50-60 kilometr m\u0259saf\u0259d\u0259n rayon m\u0259rk\u0259zin\u0259 g\u0259lib. Hem kim\u0259 yolpullar\u0131 \u00f6d\u0259nilm\u0259di\u201d.<\/p>\n\n\n\n<p>M\u00fc\u0259llim bildirir ki, eyni t\u0259lim h\u0259l\u0259 2021-ci ild\u0259 d\u0259 ke\u00e7irilib. Onun s\u00f6zl\u0259rin\u0259 g\u00f6r\u0259, builki materiallar \u00f6nc\u0259kind\u0259n f\u0259rql\u0259nm\u0259yib:<\/p>\n\n\n\n<p>\u201cSoru\u015fduq ki, ax\u0131 bunlar eyni materiald\u0131r. Niy\u0259 t\u0259krar t\u0259liml\u0259r ke\u00e7irilir? Bildirdil\u0259r ki, \u00f6t\u0259n ilkini T\u0259hsil Nazirliyi, bunu is\u0259 Elm v\u0259 T\u0259hsil Nazirliyi t\u0259\u015fkil edir. Halbuki, eyni materiald\u0131r. Guya nazirliyin ad\u0131 d\u0259yi\u015fib, bunlar inki\u015faf edibl\u0259r. Dedil\u0259r ki, burada he\u00e7 bir maddi maraq yoxdur. Sad\u0259c\u0259, m\u00fc\u0259lliml\u0259r\u0259 d\u0259st\u0259k \u00fc\u00e7\u00fcn burday\u0131q. D\u00fcz\u00fc, inand\u0131r\u0131c\u0131 g\u0259lmir ki, h\u0259min adamlar bazar v\u0259 bayram g\u00fcnl\u0259rind\u0259 t\u0259m\u0259nnas\u0131z t\u0259lim ke\u00e7m\u0259y\u0259 g\u0259lsinl\u0259r\u201d.<\/p>\n\n\n\n<p>Mil-Mu\u011fan Regional T\u0259hsil \u0130dar\u0259sind\u0259n Meydan TV-y\u0259 bildirilib ki, t\u0259dbir t\u0259lim deyil, metodiki d\u0259st\u0259kl\u0259 ba\u011fl\u0131 layih\u0259 \u00e7\u0259r\u00e7iv\u0259sind\u0259 ke\u00e7irilib:<\/p>\n\n\n\n<p>\u201cT\u0259hsil \u0130nstitutunun d\u0259st\u0259yi il\u0259 ke\u00e7iril\u0259n t\u0259dbird\u0259 qiym\u0259tl\u0259ndirm\u0259 v\u0259 oxuyub anlama m\u00f6vzular\u0131nda m\u00fc\u0259lliml\u0259r\u0259 m\u00fcasir t\u0259l\u0259bl\u0259r bax\u0131m\u0131ndan metodiki yana\u015fmalarla ba\u011fl\u0131 d\u0259st\u0259k g\u00f6st\u0259rilib, birg\u0259 innovativ t\u0259lim metodlar\u0131, s\u0259m\u0259r\u0259li i\u015f \u00fcsullar\u0131 \u0259traf\u0131nda m\u00fczakir\u0259l\u0259r apar\u0131l\u0131b\u201d.<\/p>\n\n\n\n<p>M\u0259lumatda qeyd olunub ki, metodiki d\u0259st\u0259k layih\u0259si m\u00fc\u0259lliml\u0259r aras\u0131nda k\u00f6n\u00fcll\u00fcl\u00fck prinsipi \u0259sas\u0131nda apar\u0131l\u0131b:<\/p>\n\n\n\n<p>\u201c\u0130\u015ftirak\u00e7\u0131lara s\u0259rb\u0259st se\u00e7im \u015f\u0259raiti yarad\u0131l\u0131b. 26 n\u0259f\u0259r m\u00fc\u0259llim t\u0259dbir\u0259 qo\u015fulmaq ist\u0259m\u0259yib v\u0259 t\u0259dbird\u0259 i\u015ftirak etm\u0259yib. Onlar\u0131n bu m\u00f6vqeyin\u0259 anlay\u0131\u015fla yana\u015f\u0131l\u0131b. T\u0259hsil sah\u0259sind\u0259 apar\u0131lan geni\u015fmiqyasl\u0131 islahatlara u\u011furlu n\u0259tic\u0259l\u0259rin \u0259ld\u0259 olunmas\u0131 m\u00fct\u0259madi olaraq m\u00fc\u0259lliml\u0259rin bilik, bacar\u0131q v\u0259 pe\u015f\u0259karl\u0131q s\u0259viyy\u0259sinin daim t\u0259kmill\u0259\u015fdirilm\u0259si z\u0259rur\u0259tini yarad\u0131r. Metodiki d\u0259st\u0259k \u00e7\u0259r\u00e7iv\u0259sind\u0259 apar\u0131lan layih\u0259 d\u0259 bu prinsip\u0259 xidm\u0259t edib\u201d.<\/p>\n","protected":false},"excerpt":{"rendered":"<p>\u015eikay\u0259t\u00e7i deyir ki, Regional T\u0259hsil \u0130dar\u0259si \u201cqol\u00e7omaq\u201d prinsipi il\u0259 i\u015fl\u0259yir &#8230; <\/p>\n<p class=\"read-more-container\"><a title=\"\u201cBayram g\u00fcnl\u0259ri \u0130mi\u015fli m\u00fc\u0259lliml\u0259ri m\u0259cburi t\u0259lim\u0259 apar\u0131l\u0131b\u201d\" class=\"read-more button\" href=\"https:\/\/www.meydan.tv\/az\/article\/bayram-gunleri-imisli-muellimleri-mecburi-telime-aparilib\/#more-261008\" aria-label=\"Read more about \u201cBayram g\u00fcnl\u0259ri \u0130mi\u015fli m\u00fc\u0259lliml\u0259ri m\u0259cburi t\u0259lim\u0259 apar\u0131l\u0131b\u201d\">Davam\u0131<\/a><\/p>\n","protected":false},"author":8,"featured_media":115935,"comment_status":"closed","ping_status":"closed","sticky":false,"template":"","format":"standard","meta":{"_acf_changed":false,"_sitemap_exclude":false,"_sitemap_priority":"","_sitemap_frequency":"","footnotes":""},"categories":[60,56],"tags":[],"class_list":["post-261008","post","type-post","status-publish","format-standard","has-post-thumbnail","hentry","category-bolge","category-xeberler","infinite-scroll-item","generate-columns","tablet-grid-50","mobile-grid-100","grid-parent","grid-33","no-featured-image-padding"],"acf":[],"yoast_head":"<!-- This site is optimized with the Yoast SEO plugin v27.5 - https:\/\/yoast.com\/product\/yoast-seo-wordpress\/ -->\n<title>\u201cBayram g\u00fcnl\u0259ri \u0130mi\u015fli m\u00fc\u0259lliml\u0259ri m\u0259cburi t\u0259lim\u0259 apar\u0131l\u0131b\u201d - MEYDAN.TV<\/title>\n<meta name=\"robots\" content=\"index, follow, max-snippet:-1, max-image-preview:large, max-video-preview:-1\" \/>\n<link rel=\"canonical\" href=\"https:\/\/www.meydan.tv\/az\/article\/bayram-gunleri-imisli-muellimleri-mecburi-telime-aparilib\/\" \/>\n<meta property=\"og:locale\" content=\"az_AZ\" \/>\n<meta property=\"og:type\" content=\"article\" \/>\n<meta property=\"og:title\" content=\"\u201cBayram g\u00fcnl\u0259ri \u0130mi\u015fli m\u00fc\u0259lliml\u0259ri m\u0259cburi t\u0259lim\u0259 apar\u0131l\u0131b\u201d - MEYDAN.TV\" \/>\n<meta property=\"og:description\" content=\"\u015eikay\u0259t\u00e7i deyir ki, Regional T\u0259hsil \u0130dar\u0259si \u201cqol\u00e7omaq\u201d prinsipi il\u0259 i\u015fl\u0259yir ... Davam\u0131\" \/>\n<meta property=\"og:url\" content=\"https:\/\/www.meydan.tv\/az\/article\/bayram-gunleri-imisli-muellimleri-mecburi-telime-aparilib\/\" \/>\n<meta property=\"og:site_name\" content=\"MEYDAN.TV\" \/>\n<meta property=\"article:published_time\" content=\"2022-11-16T13:48:32+00:00\" \/>\n<meta property=\"article:modified_time\" content=\"2022-11-16T13:48:34+00:00\" \/>\n<meta property=\"og:image\" content=\"https:\/\/www.meydan.tv\/wp-content\/uploads\/46182-1200x797.png\" \/>\n\t<meta property=\"og:image:width\" content=\"1200\" \/>\n\t<meta property=\"og:image:height\" content=\"797\" \/>\n\t<meta property=\"og:image:type\" content=\"image\/png\" \/>\n<meta name=\"author\" content=\"elli\" \/>\n<meta name=\"twitter:card\" content=\"summary_large_image\" \/>\n<meta name=\"twitter:creator\" content=\"@elli\" \/>\n<script type=\"application\/ld+json\" class=\"yoast-schema-graph\">{\"@context\":\"https:\\\/\\\/schema.org\",\"@graph\":[{\"@type\":\"Article\",\"@id\":\"https:\\\/\\\/www.meydan.tv\\\/az\\\/article\\\/bayram-gunleri-imisli-muellimleri-mecburi-telime-aparilib\\\/#article\",\"isPartOf\":{\"@id\":\"https:\\\/\\\/www.meydan.tv\\\/az\\\/article\\\/bayram-gunleri-imisli-muellimleri-mecburi-telime-aparilib\\\/\"},\"author\":{\"name\":\"elli\",\"@id\":\"https:\\\/\\\/www.meydan.tv\\\/az\\\/#\\\/schema\\\/person\\\/9cdbecf90d17180ce1dfbd95b08dcf47\"},\"headline\":\"\u201cBayram g\u00fcnl\u0259ri \u0130mi\u015fli m\u00fc\u0259lliml\u0259ri m\u0259cburi t\u0259lim\u0259 apar\u0131l\u0131b\u201d\",\"datePublished\":\"2022-11-16T13:48:32+00:00\",\"dateModified\":\"2022-11-16T13:48:34+00:00\",\"mainEntityOfPage\":{\"@id\":\"https:\\\/\\\/www.meydan.tv\\\/az\\\/article\\\/bayram-gunleri-imisli-muellimleri-mecburi-telime-aparilib\\\/\"},\"wordCount\":619,\"publisher\":{\"@id\":\"https:\\\/\\\/www.meydan.tv\\\/az\\\/#organization\"},\"image\":{\"@id\":\"https:\\\/\\\/www.meydan.tv\\\/az\\\/article\\\/bayram-gunleri-imisli-muellimleri-mecburi-telime-aparilib\\\/#primaryimage\"},\"thumbnailUrl\":\"https:\\\/\\\/www.meydan.tv\\\/wp-content\\\/uploads\\\/46182-e1725025912165.png\",\"articleSection\":[\"B\u00f6lg\u0259\",\"X\u0259b\u0259rl\u0259r\"],\"inLanguage\":\"az\"},{\"@type\":\"WebPage\",\"@id\":\"https:\\\/\\\/www.meydan.tv\\\/az\\\/article\\\/bayram-gunleri-imisli-muellimleri-mecburi-telime-aparilib\\\/\",\"url\":\"https:\\\/\\\/www.meydan.tv\\\/az\\\/article\\\/bayram-gunleri-imisli-muellimleri-mecburi-telime-aparilib\\\/\",\"name\":\"\u201cBayram g\u00fcnl\u0259ri \u0130mi\u015fli m\u00fc\u0259lliml\u0259ri m\u0259cburi t\u0259lim\u0259 apar\u0131l\u0131b\u201d - MEYDAN.TV\",\"isPartOf\":{\"@id\":\"https:\\\/\\\/www.meydan.tv\\\/az\\\/#website\"},\"primaryImageOfPage\":{\"@id\":\"https:\\\/\\\/www.meydan.tv\\\/az\\\/article\\\/bayram-gunleri-imisli-muellimleri-mecburi-telime-aparilib\\\/#primaryimage\"},\"image\":{\"@id\":\"https:\\\/\\\/www.meydan.tv\\\/az\\\/article\\\/bayram-gunleri-imisli-muellimleri-mecburi-telime-aparilib\\\/#primaryimage\"},\"thumbnailUrl\":\"https:\\\/\\\/www.meydan.tv\\\/wp-content\\\/uploads\\\/46182-e1725025912165.png\",\"datePublished\":\"2022-11-16T13:48:32+00:00\",\"dateModified\":\"2022-11-16T13:48:34+00:00\",\"breadcrumb\":{\"@id\":\"https:\\\/\\\/www.meydan.tv\\\/az\\\/article\\\/bayram-gunleri-imisli-muellimleri-mecburi-telime-aparilib\\\/#breadcrumb\"},\"inLanguage\":\"az\",\"potentialAction\":[{\"@type\":\"ReadAction\",\"target\":[\"https:\\\/\\\/www.meydan.tv\\\/az\\\/article\\\/bayram-gunleri-imisli-muellimleri-mecburi-telime-aparilib\\\/\"]}]},{\"@type\":\"ImageObject\",\"inLanguage\":\"az\",\"@id\":\"https:\\\/\\\/www.meydan.tv\\\/az\\\/article\\\/bayram-gunleri-imisli-muellimleri-mecburi-telime-aparilib\\\/#primaryimage\",\"url\":\"https:\\\/\\\/www.meydan.tv\\\/wp-content\\\/uploads\\\/46182-e1725025912165.png\",\"contentUrl\":\"https:\\\/\\\/www.meydan.tv\\\/wp-content\\\/uploads\\\/46182-e1725025912165.png\",\"width\":3215,\"height\":1495,\"caption\":\"Foto: \u0130mi\u015fli Rayon \u0130cra Hakimiyy\u0259ti\"},{\"@type\":\"BreadcrumbList\",\"@id\":\"https:\\\/\\\/www.meydan.tv\\\/az\\\/article\\\/bayram-gunleri-imisli-muellimleri-mecburi-telime-aparilib\\\/#breadcrumb\",\"itemListElement\":[{\"@type\":\"ListItem\",\"position\":1,\"name\":\"Ana s\u0259hif\u0259\",\"item\":\"https:\\\/\\\/www.meydan.tv\\\/az\\\/\"},{\"@type\":\"ListItem\",\"position\":2,\"name\":\"B\u00f6lg\u0259\",\"item\":\"https:\\\/\\\/www.meydan.tv\\\/az\\\/section\\\/bolge\\\/\"},{\"@type\":\"ListItem\",\"position\":3,\"name\":\"\u201cBayram g\u00fcnl\u0259ri \u0130mi\u015fli m\u00fc\u0259lliml\u0259ri m\u0259cburi t\u0259lim\u0259 apar\u0131l\u0131b\u201d\"}]},{\"@type\":\"WebSite\",\"@id\":\"https:\\\/\\\/www.meydan.tv\\\/az\\\/#website\",\"url\":\"https:\\\/\\\/www.meydan.tv\\\/az\\\/\",\"name\":\"MEYDAN.TV\",\"description\":\"Meydan TV Az\u0259rbaycan\u0131n media m\u0259kan\u0131ndak\u0131 alternativ s\u0259sidir\",\"publisher\":{\"@id\":\"https:\\\/\\\/www.meydan.tv\\\/az\\\/#organization\"},\"potentialAction\":[{\"@type\":\"SearchAction\",\"target\":{\"@type\":\"EntryPoint\",\"urlTemplate\":\"https:\\\/\\\/www.meydan.tv\\\/az\\\/?s={search_term_string}\"},\"query-input\":{\"@type\":\"PropertyValueSpecification\",\"valueRequired\":true,\"valueName\":\"search_term_string\"}}],\"inLanguage\":\"az\"},{\"@type\":\"Organization\",\"@id\":\"https:\\\/\\\/www.meydan.tv\\\/az\\\/#organization\",\"name\":\"Meydan TV\",\"url\":\"https:\\\/\\\/www.meydan.tv\\\/az\\\/\",\"logo\":{\"@type\":\"ImageObject\",\"inLanguage\":\"az\",\"@id\":\"https:\\\/\\\/www.meydan.tv\\\/az\\\/#\\\/schema\\\/logo\\\/image\\\/\",\"url\":\"https:\\\/\\\/www.meydan.tv\\\/wp-content\\\/uploads\\\/2021\\\/07\\\/meydan-logo.svg\",\"contentUrl\":\"https:\\\/\\\/www.meydan.tv\\\/wp-content\\\/uploads\\\/2021\\\/07\\\/meydan-logo.svg\",\"width\":195,\"height\":46,\"caption\":\"Meydan TV\"},\"image\":{\"@id\":\"https:\\\/\\\/www.meydan.tv\\\/az\\\/#\\\/schema\\\/logo\\\/image\\\/\"}},{\"@type\":\"Person\",\"@id\":\"https:\\\/\\\/www.meydan.tv\\\/az\\\/#\\\/schema\\\/person\\\/9cdbecf90d17180ce1dfbd95b08dcf47\",\"name\":\"elli\",\"sameAs\":[\"https:\\\/\\\/x.com\\\/elli\"]}]}<\/script>\n<!-- \/ Yoast SEO plugin. -->","yoast_head_json":{"title":"\u201cBayram g\u00fcnl\u0259ri \u0130mi\u015fli m\u00fc\u0259lliml\u0259ri m\u0259cburi t\u0259lim\u0259 apar\u0131l\u0131b\u201d - MEYDAN.TV","robots":{"index":"index","follow":"follow","max-snippet":"max-snippet:-1","max-image-preview":"max-image-preview:large","max-video-preview":"max-video-preview:-1"},"canonical":"https:\/\/www.meydan.tv\/az\/article\/bayram-gunleri-imisli-muellimleri-mecburi-telime-aparilib\/","og_locale":"az_AZ","og_type":"article","og_title":"\u201cBayram g\u00fcnl\u0259ri \u0130mi\u015fli m\u00fc\u0259lliml\u0259ri m\u0259cburi t\u0259lim\u0259 apar\u0131l\u0131b\u201d - MEYDAN.TV","og_description":"\u015eikay\u0259t\u00e7i deyir ki, Regional T\u0259hsil \u0130dar\u0259si \u201cqol\u00e7omaq\u201d prinsipi il\u0259 i\u015fl\u0259yir ... Davam\u0131","og_url":"https:\/\/www.meydan.tv\/az\/article\/bayram-gunleri-imisli-muellimleri-mecburi-telime-aparilib\/","og_site_name":"MEYDAN.TV","article_published_time":"2022-11-16T13:48:32+00:00","article_modified_time":"2022-11-16T13:48:34+00:00","og_image":[{"width":1200,"height":797,"url":"https:\/\/www.meydan.tv\/wp-content\/uploads\/46182-1200x797.png","type":"image\/png"}],"author":"elli","twitter_card":"summary_large_image","twitter_creator":"@elli","schema":{"@context":"https:\/\/schema.org","@graph":[{"@type":"Article","@id":"https:\/\/www.meydan.tv\/az\/article\/bayram-gunleri-imisli-muellimleri-mecburi-telime-aparilib\/#article","isPartOf":{"@id":"https:\/\/www.meydan.tv\/az\/article\/bayram-gunleri-imisli-muellimleri-mecburi-telime-aparilib\/"},"author":{"name":"elli","@id":"https:\/\/www.meydan.tv\/az\/#\/schema\/person\/9cdbecf90d17180ce1dfbd95b08dcf47"},"headline":"\u201cBayram g\u00fcnl\u0259ri \u0130mi\u015fli m\u00fc\u0259lliml\u0259ri m\u0259cburi t\u0259lim\u0259 apar\u0131l\u0131b\u201d","datePublished":"2022-11-16T13:48:32+00:00","dateModified":"2022-11-16T13:48:34+00:00","mainEntityOfPage":{"@id":"https:\/\/www.meydan.tv\/az\/article\/bayram-gunleri-imisli-muellimleri-mecburi-telime-aparilib\/"},"wordCount":619,"publisher":{"@id":"https:\/\/www.meydan.tv\/az\/#organization"},"image":{"@id":"https:\/\/www.meydan.tv\/az\/article\/bayram-gunleri-imisli-muellimleri-mecburi-telime-aparilib\/#primaryimage"},"thumbnailUrl":"https:\/\/www.meydan.tv\/wp-content\/uploads\/46182-e1725025912165.png","articleSection":["B\u00f6lg\u0259","X\u0259b\u0259rl\u0259r"],"inLanguage":"az"},{"@type":"WebPage","@id":"https:\/\/www.meydan.tv\/az\/article\/bayram-gunleri-imisli-muellimleri-mecburi-telime-aparilib\/","url":"https:\/\/www.meydan.tv\/az\/article\/bayram-gunleri-imisli-muellimleri-mecburi-telime-aparilib\/","name":"\u201cBayram g\u00fcnl\u0259ri \u0130mi\u015fli m\u00fc\u0259lliml\u0259ri m\u0259cburi t\u0259lim\u0259 apar\u0131l\u0131b\u201d - MEYDAN.TV","isPartOf":{"@id":"https:\/\/www.meydan.tv\/az\/#website"},"primaryImageOfPage":{"@id":"https:\/\/www.meydan.tv\/az\/article\/bayram-gunleri-imisli-muellimleri-mecburi-telime-aparilib\/#primaryimage"},"image":{"@id":"https:\/\/www.meydan.tv\/az\/article\/bayram-gunleri-imisli-muellimleri-mecburi-telime-aparilib\/#primaryimage"},"thumbnailUrl":"https:\/\/www.meydan.tv\/wp-content\/uploads\/46182-e1725025912165.png","datePublished":"2022-11-16T13:48:32+00:00","dateModified":"2022-11-16T13:48:34+00:00","breadcrumb":{"@id":"https:\/\/www.meydan.tv\/az\/article\/bayram-gunleri-imisli-muellimleri-mecburi-telime-aparilib\/#breadcrumb"},"inLanguage":"az","potentialAction":[{"@type":"ReadAction","target":["https:\/\/www.meydan.tv\/az\/article\/bayram-gunleri-imisli-muellimleri-mecburi-telime-aparilib\/"]}]},{"@type":"ImageObject","inLanguage":"az","@id":"https:\/\/www.meydan.tv\/az\/article\/bayram-gunleri-imisli-muellimleri-mecburi-telime-aparilib\/#primaryimage","url":"https:\/\/www.meydan.tv\/wp-content\/uploads\/46182-e1725025912165.png","contentUrl":"https:\/\/www.meydan.tv\/wp-content\/uploads\/46182-e1725025912165.png","width":3215,"height":1495,"caption":"Foto: \u0130mi\u015fli Rayon \u0130cra Hakimiyy\u0259ti"},{"@type":"BreadcrumbList","@id":"https:\/\/www.meydan.tv\/az\/article\/bayram-gunleri-imisli-muellimleri-mecburi-telime-aparilib\/#breadcrumb","itemListElement":[{"@type":"ListItem","position":1,"name":"Ana s\u0259hif\u0259","item":"https:\/\/www.meydan.tv\/az\/"},{"@type":"ListItem","position":2,"name":"B\u00f6lg\u0259","item":"https:\/\/www.meydan.tv\/az\/section\/bolge\/"},{"@type":"ListItem","position":3,"name":"\u201cBayram g\u00fcnl\u0259ri \u0130mi\u015fli m\u00fc\u0259lliml\u0259ri m\u0259cburi t\u0259lim\u0259 apar\u0131l\u0131b\u201d"}]},{"@type":"WebSite","@id":"https:\/\/www.meydan.tv\/az\/#website","url":"https:\/\/www.meydan.tv\/az\/","name":"MEYDAN.TV","description":"Meydan TV Az\u0259rbaycan\u0131n media m\u0259kan\u0131ndak\u0131 alternativ s\u0259sidir","publisher":{"@id":"https:\/\/www.meydan.tv\/az\/#organization"},"potentialAction":[{"@type":"SearchAction","target":{"@type":"EntryPoint","urlTemplate":"https:\/\/www.meydan.tv\/az\/?s={search_term_string}"},"query-input":{"@type":"PropertyValueSpecification","valueRequired":true,"valueName":"search_term_string"}}],"inLanguage":"az"},{"@type":"Organization","@id":"https:\/\/www.meydan.tv\/az\/#organization","name":"Meydan TV","url":"https:\/\/www.meydan.tv\/az\/","logo":{"@type":"ImageObject","inLanguage":"az","@id":"https:\/\/www.meydan.tv\/az\/#\/schema\/logo\/image\/","url":"https:\/\/www.meydan.tv\/wp-content\/uploads\/2021\/07\/meydan-logo.svg","contentUrl":"https:\/\/www.meydan.tv\/wp-content\/uploads\/2021\/07\/meydan-logo.svg","width":195,"height":46,"caption":"Meydan TV"},"image":{"@id":"https:\/\/www.meydan.tv\/az\/#\/schema\/logo\/image\/"}},{"@type":"Person","@id":"https:\/\/www.meydan.tv\/az\/#\/schema\/person\/9cdbecf90d17180ce1dfbd95b08dcf47","name":"elli","sameAs":["https:\/\/x.com\/elli"]}]}},"_links":{"self":[{"href":"https:\/\/www.meydan.tv\/az\/wp-json\/wp\/v2\/posts\/261008","targetHints":{"allow":["GET"]}}],"collection":[{"href":"https:\/\/www.meydan.tv\/az\/wp-json\/wp\/v2\/posts"}],"about":[{"href":"https:\/\/www.meydan.tv\/az\/wp-json\/wp\/v2\/types\/post"}],"author":[{"embeddable":true,"href":"https:\/\/www.meydan.tv\/az\/wp-json\/wp\/v2\/users\/8"}],"replies":[{"embeddable":true,"href":"https:\/\/www.meydan.tv\/az\/wp-json\/wp\/v2\/comments?post=261008"}],"version-history":[{"count":1,"href":"https:\/\/www.meydan.tv\/az\/wp-json\/wp\/v2\/posts\/261008\/revisions"}],"predecessor-version":[{"id":261009,"href":"https:\/\/www.meydan.tv\/az\/wp-json\/wp\/v2\/posts\/261008\/revisions\/261009"}],"wp:featuredmedia":[{"embeddable":true,"href":"https:\/\/www.meydan.tv\/az\/wp-json\/wp\/v2\/media\/115935"}],"wp:attachment":[{"href":"https:\/\/www.meydan.tv\/az\/wp-json\/wp\/v2\/media?parent=261008"}],"wp:term":[{"taxonomy":"category","embeddable":true,"href":"https:\/\/www.meydan.tv\/az\/wp-json\/wp\/v2\/categories?post=261008"},{"taxonomy":"post_tag","embeddable":true,"href":"https:\/\/www.meydan.tv\/az\/wp-json\/wp\/v2\/tags?post=261008"}],"curies":[{"name":"wp","href":"https:\/\/api.w.org\/{rel}","templated":true}]}}