{"id":260988,"date":"2022-11-16T16:18:15","date_gmt":"2022-11-16T12:18:15","guid":{"rendered":"https:\/\/www.meydan.tv\/?p=260988"},"modified":"2022-11-16T16:18:18","modified_gmt":"2022-11-16T12:18:18","slug":"flora-kerimovanin-vekili-polis-afet-fermanqizinin-axtarisi-ile-bagli-is-gormur","status":"publish","type":"post","link":"https:\/\/www.meydan.tv\/az\/article\/flora-kerimovanin-vekili-polis-afet-fermanqizinin-axtarisi-ile-bagli-is-gormur\/","title":{"rendered":"Flora K\u0259rimovan\u0131n v\u0259kili: \u201cPolis Af\u0259t F\u0259rmanq\u0131z\u0131n\u0131n axtar\u0131\u015f\u0131 il\u0259 ba\u011fl\u0131 i\u015f g\u00f6rm\u00fcr\u201d"},"content":{"rendered":"\n<p><\/p>\n\n\n\n<p><em>Af\u0259t F\u0259rmanq\u0131z\u0131: \u201cM\u0259ni axtaran orqana ya\u015fad\u0131\u011f\u0131m \u00fcnvan\u0131 g\u00f6nd\u0259rmi\u015f\u0259m\u201d<\/em><\/p>\n\n\n\n<p>\u201cPolis Af\u0259t F\u0259rmanq\u0131z\u0131n\u0131n axtar\u0131\u015f\u0131 il\u0259 ba\u011fl\u0131 i\u015fl\u0259r g\u00f6rm\u00fcr. M\u00fc\u011f\u0259nninin m\u0259cburi qaydada m\u0259hk\u0259m\u0259y\u0259 g\u0259tirilm\u0259si il\u0259 ba\u011fl\u0131 Bin\u0259q\u0259di Rayon M\u0259hk\u0259m\u0259sinin q\u0259rar\u0131 polis\u0259 g\u00f6nd\u0259rils\u0259 d\u0259, n\u0259tic\u0259 yoxdur\u201d.<\/p>\n\n\n\n<p>Bunu Meydan TV-y\u0259 Xalq artisti, m\u00fc\u011f\u0259nni Flora K\u0259rimovan\u0131n v\u0259kili Xav\u0259r \u0130smay\u0131lova deyib.<\/p>\n\n\n\n<p>Flora K\u0259rimovan\u0131n m\u00fc\u011f\u0259nni Af\u0259t F\u0259rmanq\u0131z\u0131 (H\u0259s\u0259nova) bar\u0259sind\u0259 x\u00fcsusi ittiham qaydas\u0131nda verdiyi \u015fikay\u0259tl\u0259 ba\u011fl\u0131 m\u0259hk\u0259m\u0259 2022-ci il may\u0131n 13-d\u0259 <a href=\"https:\/\/d9mc3ts4czbpr.cloudfront.net\/az\/article\/afet-fermanqizi-axtarisa-verildi\/\" target=\"_blank\" rel=\"noreferrer noopener\">ke\u00e7irilib<\/a>.<\/p>\n\n\n\n<p>Bin\u0259q\u0259di Rayon M\u0259hk\u0259m\u0259si qar\u015f\u0131 t\u0259r\u0259fin m\u0259hk\u0259m\u0259y\u0259 m\u0259cburi qaydada g\u0259tirilm\u0259sin\u0259 dair v\u0259sat\u0259ti t\u0259min edib.<\/p>\n\n\n\n<p>Af\u0259t F\u0259rmanq\u0131z\u0131 bar\u0259sind\u0259 h\u0259bs n\u0259z\u0259rd\u0259 tutulmadan axtar\u0131\u015f elan olunub.<\/p>\n\n\n\n<p>2022-ci ilin fevral\u0131nda, m\u0259hk\u0259m\u0259y\u0259 verilm\u0259zd\u0259n bir ay \u00f6nc\u0259 Rusiyaya k\u00f6\u00e7\u0259n Af\u0259t F\u0259rmanq\u0131z\u0131n\u0131n v\u0259kili is\u0259 m\u00fc\u011f\u0259nninin i\u015ftirak\u0131 olmadan prosesin ke\u00e7irilm\u0259si il\u0259 \u0259laq\u0259dar \u00f6nc\u0259 Bak\u0131 Apelyasiya M\u0259hk\u0259m\u0259sin\u0259 m\u00fcraci\u0259t etmi\u015fdi.<\/p>\n\n\n\n<p>Bak\u0131 Apelyasiya M\u0259hk\u0259m\u0259si Bin\u0259q\u0259di Rayon M\u0259hk\u0259m\u0259sinin q\u0259rar\u0131n\u0131 q\u00fcvv\u0259d\u0259 saxlad\u0131\u011f\u0131 \u00fc\u00e7\u00fcn m\u00fc\u011f\u0259nni Ali M\u0259hk\u0259m\u0259 kasasiya \u015fikay\u0259ti vermi\u015fdi.<\/p>\n\n\n\n<p>Bu d\u0259f\u0259 d\u0259 onun \u015fikay\u0259ti t\u0259min olunmam\u0131\u015fd\u0131.<\/p>\n\n\n\n<p>2022-ci ilin oktyabr\u0131n 27-d\u0259 hakim \u0130lkin R\u0259c\u0259bovun s\u0259drliyi il\u0259 bax\u0131lan i\u015f \u00fczr\u0259 q\u0259rara \u0259sas\u0259n, Af\u0259t F\u0259rmanq\u0131z\u0131n\u0131n m\u0259hk\u0259m\u0259d\u0259 m\u00fctl\u0259q i\u015ftirak\u0131 q\u00fcvv\u0259d\u0259 <a href=\"https:\/\/d9mc3ts4czbpr.cloudfront.net\/az\/article\/afet-fermanqizi-axtarisa-verildi\/\" target=\"_blank\" rel=\"noreferrer noopener\">qalm\u0131\u015fd\u0131<\/a>.<\/p>\n\n\n\n<p>Flora K\u0259rimovan\u0131n v\u0259kili Xav\u0259r \u0130smay\u0131lova deyir ki, Af\u0259t F\u0259rmanq\u0131z\u0131n\u0131n tap\u0131laraq, m\u0259hk\u0259m\u0259y\u0259 c\u0259lb olunmas\u0131 il\u0259 ba\u011fl\u0131 Bin\u0259q\u0259di Rayon Polis \u0130dar\u0259sin\u0259 r\u0259smi m\u0259ktub g\u00f6nd\u0259rils\u0259 d\u0259, h\u0259l\u0259 d\u0259 cavab verilm\u0259yib:<\/p>\n\n\n\n<p>\u201cAf\u0259t F\u0259rmanq\u0131z\u0131n\u0131n axtar\u0131\u015f\u0131 il\u0259 ba\u011fl\u0131 m\u0259hk\u0259m\u0259 q\u0259rar\u0131 bu ilin may\u0131ndan polis\u0259 g\u00f6nd\u0259rilib. Art\u0131q m\u0259suliyy\u0259t polis orqanlar\u0131n\u0131n \u00fcz\u0259rind\u0259dir. Onlar Af\u0259t F\u0259rmanq\u0131z\u0131n\u0131n axtar\u0131\u015f\u0131 il\u0259 ba\u011fl\u0131 h\u0259r\u0259k\u0259ti h\u0259yata ke\u00e7irm\u0259li, onun yerini m\u00fc\u0259yy\u0259n etm\u0259lidirl\u0259r. Af\u0259t F\u0259rmanq\u0131z\u0131 polisl\u0259r t\u0259r\u0259find\u0259n m\u0259hk\u0259m\u0259y\u0259 g\u0259tirilm\u0259diyi \u00fc\u00e7\u00fcn icraat dayand\u0131r\u0131l\u0131b. Af\u0259t F\u0259rmanq\u0131z\u0131 \u00f6lk\u0259 xaricind\u0259dir. Onun tap\u0131l\u0131b, bura g\u0259tirilm\u0259si polis t\u0259r\u0259find\u0259n h\u0259ll olunan m\u0259s\u0259l\u0259l\u0259rdir. Biz yax\u0131n g\u00fcnl\u0259rd\u0259 t\u0259krar Bin\u0259q\u0259di Rayon Polis \u0130dar\u0259sin\u0259 yaz\u0131l\u0131 m\u00fcraci\u0259t ed\u0259c\u0259yik\u201d.<\/p>\n\n\n\n<figure class=\"wp-block-image size-full\"><img decoding=\"async\" width=\"1200\" height=\"800\" data-src=\"https:\/\/www.meydan.tv\/wp-content\/uploads\/627e1db241fb1627e1db241fb21652432306627e1db241faf627e1db241fb0-1.jpg\" alt=\"\" class=\"wp-image-260989 lazyload\" src=\"data:image\/svg+xml;base64,PHN2ZyB3aWR0aD0iMSIgaGVpZ2h0PSIxIiB4bWxucz0iaHR0cDovL3d3dy53My5vcmcvMjAwMC9zdmciPjwvc3ZnPg==\" style=\"--smush-placeholder-width: 1200px; --smush-placeholder-aspect-ratio: 1200\/800;\" \/><figcaption class=\"wp-element-caption\">Foto: APA<\/figcaption><\/figure>\n\n\n\n<p>Bin\u0259q\u0259di Rayon Polis \u0130dar\u0259sind\u0259n m\u0259s\u0259l\u0259y\u0259 m\u00fcnasib\u0259t bildirilm\u0259yib.<\/p>\n\n\n\n<p>Daxili \u0130\u015fl\u0259r Nazirliyinin m\u0259tbuat xidm\u0259ti Meydan TV-nin z\u0259ngl\u0259rini cavabland\u0131rmay\u0131b.<\/p>\n\n\n\n<p>\u201c2022-ci ilin fevral\u0131nda ail\u0259 qurub, Rusiyaya k\u00f6\u00e7d\u00fcm. Rusiyaya k\u00f6\u00e7\u0259nd\u0259n bir ay sonra m\u0259hk\u0259m\u0259y\u0259 verilm\u0259yiml\u0259 ba\u011fl\u0131 m\u0259lumat g\u0259ldi. Flora K\u0259rimova m\u0259n \u00f6lk\u0259d\u0259n \u00e7\u0131xandan bir ay sonra m\u0259hk\u0259m\u0259y\u0259 m\u00fcraci\u0259t edib\u201d, &#8211; m\u0259s\u0259l\u0259y\u0259 m\u00fcnasib\u0259t bildir\u0259n Af\u0259t F\u0259rmanq\u0131z\u0131 Meydan TV-y\u0259 deyib:<\/p>\n\n\n\n<p>\u201cV\u0259kil tutduq, prosesl\u0259rd\u0259 i\u015ftirak etdi. M\u0259hk\u0259m\u0259d\u0259 dedi ki, Af\u0259t F\u0259rmanq\u0131z\u0131 \u00f6z\u00fc olmayacaq, amma onu m\u0259n t\u0259msil ed\u0259c\u0259y\u0259m. V\u0259kilim\u0259 bildirdil\u0259r ki, xeyr, Af\u0259t \u00f6z\u00fc m\u0259hk\u0259m\u0259y\u0259 g\u0259lm\u0259lidir. H\u0259kimim m\u0259n\u0259 t\u0259yyar\u0259y\u0259 minm\u0259y\u0259 icaz\u0259 verm\u0259diyi \u00fc\u00e7\u00fcn Az\u0259rbaycana g\u0259l\u0259 bilm\u0259dim. Sonra oxudum ki, axtar\u0131\u015fa verilmi\u015f\u0259m\u201d.<\/p>\n\n\n\n<p>Af\u0259t F\u0259rmanq\u0131z\u0131 axtar\u0131\u015fa veril\u0259r\u0259k, m\u0259hk\u0259m\u0259y\u0259 m\u0259cburi qaydada g\u0259tirilm\u0259si q\u0259rar\u0131na da \u015f\u0259rh verib:<\/p>\n\n\n\n<p>\u201cYerim-yurdum b\u0259llidir, m\u0259ni kim axtar\u0131rsa harada oldu\u011fumu bilir. H\u00fcquq-m\u00fchafiz\u0259 orqanlar\u0131n\u0131n m\u0259ni tapmas\u0131 \u00e7ox asand\u0131r. M\u0259ni axtaran orqana ya\u015fad\u0131\u011f\u0131m \u00fcnvan\u0131m\u0131 da g\u00f6nd\u0259rmi\u015f\u0259m. Sosial \u015f\u0259b\u0259k\u0259l\u0259rd\u0259 axtar\u0131\u015f ets\u0259niz, g\u00f6r\u0259rsiniz ki, h\u0259r g\u00fcn toylardayam. H\u0259r g\u00fcn \u00e7\u0131x\u0131\u015f etdiyim toylardan canl\u0131 yay\u0131mlar edir\u0259m. Hans\u0131 restoranda oluramsa, \u015f\u0259klimi qoyuram, yerini d\u0259 qeyd edir\u0259m. M\u0259n qa\u00e7m\u0131ram, sad\u0259c\u0259, ail\u0259 qurub, Rusiyaya k\u00f6\u00e7m\u00fc\u015f\u0259m. Flora K\u0259rimovaya da t\u0259\u015f\u0259kk\u00fcr edir\u0259m ki, m\u0259nim Rusiyaya k\u00f6\u00e7\u00fcb, burada ya\u015fama\u011f\u0131m\u0131 buradak\u0131 az\u0259rbaycanl\u0131lara car \u00e7\u0259kmi\u015f olub. Onun say\u0259sind\u0259 h\u0259ft\u0259nin yeddi g\u00fcn\u00fc toylardayam\u201d.<\/p>\n\n\n\n<p>Qalmaqal Af\u0259t F\u0259rmanq\u0131z\u0131n\u0131n 2019-cu ild\u0259 \u0130mad\u0259ddin N\u0259siminin \u201cM\u0259nd\u0259 s\u0131\u011far iki cahan, m\u0259n bu cahana s\u0131\u011fmazam\u201d q\u0259z\u0259lini mahn\u0131 kimi oxumas\u0131ndan sonra ba\u015flay\u0131b.<\/p>\n\n\n\n<p>Flora K\u0259rimova m\u00fc\u011f\u0259nnini ifas\u0131na g\u00f6r\u0259 t\u0259nqid edib.<\/p>\n\n\n\n<p>Af\u0259t F\u0259rmanq\u0131z\u0131 da \u201c\u0130nstagram\u201d s\u0259hif\u0259sind\u0259 Flora K\u0259rimova il\u0259 ba\u011fl\u0131 s\u0259rt fikirl\u0259r s\u00f6yl\u0259yib.<\/p>\n\n\n\n<p>Bu da t\u0259r\u0259fl\u0259r aras\u0131nda m\u0259hk\u0259m\u0259 \u00e7\u0259ki\u015fm\u0259sin\u0259 s\u0259b\u0259b olub.<\/p>\n\n\n\n<p>Flora K\u0259rimova Af\u0259t F\u0259rmanq\u0131z\u0131n\u0131 Cinay\u0259t M\u0259c\u0259ll\u0259sinin 147.2-ci madd\u0259si (a\u011f\u0131r v\u0259 ya x\u00fcsusil\u0259 a\u011f\u0131r cinay\u0259td\u0259 ittiham etm\u0259kl\u0259 b\u00f6htan atma) il\u0259 ittiham edib.<\/p>\n\n\n\n<p>\u0130ttiham s\u00fcbuta yetiril\u0259rs\u0259, Af\u0259t F\u0259rmanq\u0131z\u0131n\u0131 3 il\u0259d\u0259k h\u0259bs c\u0259zas\u0131 g\u00f6zl\u0259yir.<\/p>\n","protected":false},"excerpt":{"rendered":"<p>Af\u0259t F\u0259rmanq\u0131z\u0131: \u201cM\u0259ni axtaran orqana ya\u015fad\u0131\u011f\u0131m \u00fcnvan\u0131 g\u00f6nd\u0259rmi\u015f\u0259m\u201d \u201cPolis Af\u0259t &#8230; <\/p>\n<p class=\"read-more-container\"><a title=\"Flora K\u0259rimovan\u0131n v\u0259kili: \u201cPolis Af\u0259t F\u0259rmanq\u0131z\u0131n\u0131n axtar\u0131\u015f\u0131 il\u0259 ba\u011fl\u0131 i\u015f g\u00f6rm\u00fcr\u201d\" class=\"read-more button\" href=\"https:\/\/www.meydan.tv\/az\/article\/flora-kerimovanin-vekili-polis-afet-fermanqizinin-axtarisi-ile-bagli-is-gormur\/#more-260988\" aria-label=\"Read more about Flora K\u0259rimovan\u0131n v\u0259kili: \u201cPolis Af\u0259t F\u0259rmanq\u0131z\u0131n\u0131n axtar\u0131\u015f\u0131 il\u0259 ba\u011fl\u0131 i\u015f g\u00f6rm\u00fcr\u201d\">Davam\u0131<\/a><\/p>\n","protected":false},"author":8,"featured_media":260981,"comment_status":"closed","ping_status":"closed","sticky":false,"template":"","format":"standard","meta":{"_acf_changed":false,"_sitemap_exclude":false,"_sitemap_priority":"","_sitemap_frequency":"","footnotes":""},"categories":[52,56],"tags":[],"class_list":["post-260988","post","type-post","status-publish","format-standard","has-post-thumbnail","hentry","category-medeniyyet","category-xeberler","infinite-scroll-item","generate-columns","tablet-grid-50","mobile-grid-100","grid-parent","grid-33","no-featured-image-padding"],"acf":[],"yoast_head":"<!-- This site is optimized with the Yoast SEO plugin v27.4 - https:\/\/yoast.com\/product\/yoast-seo-wordpress\/ -->\n<title>Flora K\u0259rimovan\u0131n v\u0259kili: \u201cPolis Af\u0259t F\u0259rmanq\u0131z\u0131n\u0131n axtar\u0131\u015f\u0131 il\u0259 ba\u011fl\u0131 i\u015f g\u00f6rm\u00fcr\u201d - MEYDAN.TV<\/title>\n<meta name=\"robots\" content=\"index, follow, max-snippet:-1, max-image-preview:large, max-video-preview:-1\" \/>\n<link rel=\"canonical\" href=\"https:\/\/www.meydan.tv\/az\/article\/flora-kerimovanin-vekili-polis-afet-fermanqizinin-axtarisi-ile-bagli-is-gormur\/\" \/>\n<meta property=\"og:locale\" content=\"az_AZ\" \/>\n<meta property=\"og:type\" content=\"article\" \/>\n<meta property=\"og:title\" content=\"Flora K\u0259rimovan\u0131n v\u0259kili: \u201cPolis Af\u0259t F\u0259rmanq\u0131z\u0131n\u0131n axtar\u0131\u015f\u0131 il\u0259 ba\u011fl\u0131 i\u015f g\u00f6rm\u00fcr\u201d - MEYDAN.TV\" \/>\n<meta property=\"og:description\" content=\"Af\u0259t F\u0259rmanq\u0131z\u0131: \u201cM\u0259ni axtaran orqana ya\u015fad\u0131\u011f\u0131m \u00fcnvan\u0131 g\u00f6nd\u0259rmi\u015f\u0259m\u201d \u201cPolis Af\u0259t ... Davam\u0131\" \/>\n<meta property=\"og:url\" content=\"https:\/\/www.meydan.tv\/az\/article\/flora-kerimovanin-vekili-polis-afet-fermanqizinin-axtarisi-ile-bagli-is-gormur\/\" \/>\n<meta property=\"og:site_name\" content=\"MEYDAN.TV\" \/>\n<meta property=\"article:published_time\" content=\"2022-11-16T12:18:15+00:00\" \/>\n<meta property=\"article:modified_time\" content=\"2022-11-16T12:18:18+00:00\" \/>\n<meta property=\"og:image\" content=\"https:\/\/www.meydan.tv\/wp-content\/uploads\/untitled-design-4-47-e1668601089453.jpg\" \/>\n\t<meta property=\"og:image:width\" content=\"1200\" \/>\n\t<meta property=\"og:image:height\" content=\"624\" \/>\n\t<meta property=\"og:image:type\" content=\"image\/jpeg\" \/>\n<meta name=\"author\" content=\"elli\" \/>\n<meta name=\"twitter:card\" content=\"summary_large_image\" \/>\n<meta name=\"twitter:creator\" content=\"@elli\" \/>\n<script type=\"application\/ld+json\" class=\"yoast-schema-graph\">{\"@context\":\"https:\\\/\\\/schema.org\",\"@graph\":[{\"@type\":\"Article\",\"@id\":\"https:\\\/\\\/www.meydan.tv\\\/az\\\/article\\\/flora-kerimovanin-vekili-polis-afet-fermanqizinin-axtarisi-ile-bagli-is-gormur\\\/#article\",\"isPartOf\":{\"@id\":\"https:\\\/\\\/www.meydan.tv\\\/az\\\/article\\\/flora-kerimovanin-vekili-polis-afet-fermanqizinin-axtarisi-ile-bagli-is-gormur\\\/\"},\"author\":{\"name\":\"elli\",\"@id\":\"https:\\\/\\\/www.meydan.tv\\\/az\\\/#\\\/schema\\\/person\\\/9cdbecf90d17180ce1dfbd95b08dcf47\"},\"headline\":\"Flora K\u0259rimovan\u0131n v\u0259kili: \u201cPolis Af\u0259t F\u0259rmanq\u0131z\u0131n\u0131n axtar\u0131\u015f\u0131 il\u0259 ba\u011fl\u0131 i\u015f g\u00f6rm\u00fcr\u201d\",\"datePublished\":\"2022-11-16T12:18:15+00:00\",\"dateModified\":\"2022-11-16T12:18:18+00:00\",\"mainEntityOfPage\":{\"@id\":\"https:\\\/\\\/www.meydan.tv\\\/az\\\/article\\\/flora-kerimovanin-vekili-polis-afet-fermanqizinin-axtarisi-ile-bagli-is-gormur\\\/\"},\"wordCount\":994,\"publisher\":{\"@id\":\"https:\\\/\\\/www.meydan.tv\\\/az\\\/#organization\"},\"image\":{\"@id\":\"https:\\\/\\\/www.meydan.tv\\\/az\\\/article\\\/flora-kerimovanin-vekili-polis-afet-fermanqizinin-axtarisi-ile-bagli-is-gormur\\\/#primaryimage\"},\"thumbnailUrl\":\"https:\\\/\\\/www.meydan.tv\\\/wp-content\\\/uploads\\\/untitled-design-4-47-e1668601089453.jpg\",\"articleSection\":[\"M\u0259d\u0259niyy\u0259t\",\"X\u0259b\u0259rl\u0259r\"],\"inLanguage\":\"az\"},{\"@type\":\"WebPage\",\"@id\":\"https:\\\/\\\/www.meydan.tv\\\/az\\\/article\\\/flora-kerimovanin-vekili-polis-afet-fermanqizinin-axtarisi-ile-bagli-is-gormur\\\/\",\"url\":\"https:\\\/\\\/www.meydan.tv\\\/az\\\/article\\\/flora-kerimovanin-vekili-polis-afet-fermanqizinin-axtarisi-ile-bagli-is-gormur\\\/\",\"name\":\"Flora K\u0259rimovan\u0131n v\u0259kili: \u201cPolis Af\u0259t F\u0259rmanq\u0131z\u0131n\u0131n axtar\u0131\u015f\u0131 il\u0259 ba\u011fl\u0131 i\u015f g\u00f6rm\u00fcr\u201d - MEYDAN.TV\",\"isPartOf\":{\"@id\":\"https:\\\/\\\/www.meydan.tv\\\/az\\\/#website\"},\"primaryImageOfPage\":{\"@id\":\"https:\\\/\\\/www.meydan.tv\\\/az\\\/article\\\/flora-kerimovanin-vekili-polis-afet-fermanqizinin-axtarisi-ile-bagli-is-gormur\\\/#primaryimage\"},\"image\":{\"@id\":\"https:\\\/\\\/www.meydan.tv\\\/az\\\/article\\\/flora-kerimovanin-vekili-polis-afet-fermanqizinin-axtarisi-ile-bagli-is-gormur\\\/#primaryimage\"},\"thumbnailUrl\":\"https:\\\/\\\/www.meydan.tv\\\/wp-content\\\/uploads\\\/untitled-design-4-47-e1668601089453.jpg\",\"datePublished\":\"2022-11-16T12:18:15+00:00\",\"dateModified\":\"2022-11-16T12:18:18+00:00\",\"breadcrumb\":{\"@id\":\"https:\\\/\\\/www.meydan.tv\\\/az\\\/article\\\/flora-kerimovanin-vekili-polis-afet-fermanqizinin-axtarisi-ile-bagli-is-gormur\\\/#breadcrumb\"},\"inLanguage\":\"az\",\"potentialAction\":[{\"@type\":\"ReadAction\",\"target\":[\"https:\\\/\\\/www.meydan.tv\\\/az\\\/article\\\/flora-kerimovanin-vekili-polis-afet-fermanqizinin-axtarisi-ile-bagli-is-gormur\\\/\"]}]},{\"@type\":\"ImageObject\",\"inLanguage\":\"az\",\"@id\":\"https:\\\/\\\/www.meydan.tv\\\/az\\\/article\\\/flora-kerimovanin-vekili-polis-afet-fermanqizinin-axtarisi-ile-bagli-is-gormur\\\/#primaryimage\",\"url\":\"https:\\\/\\\/www.meydan.tv\\\/wp-content\\\/uploads\\\/untitled-design-4-47-e1668601089453.jpg\",\"contentUrl\":\"https:\\\/\\\/www.meydan.tv\\\/wp-content\\\/uploads\\\/untitled-design-4-47-e1668601089453.jpg\",\"width\":1200,\"height\":624,\"caption\":\"Foto: Af\u0259t F\u0259rmanq\u0131z\u0131n\u0131n \u015f\u0259xsi arxivind\u0259n\"},{\"@type\":\"BreadcrumbList\",\"@id\":\"https:\\\/\\\/www.meydan.tv\\\/az\\\/article\\\/flora-kerimovanin-vekili-polis-afet-fermanqizinin-axtarisi-ile-bagli-is-gormur\\\/#breadcrumb\",\"itemListElement\":[{\"@type\":\"ListItem\",\"position\":1,\"name\":\"Ana s\u0259hif\u0259\",\"item\":\"https:\\\/\\\/www.meydan.tv\\\/az\\\/\"},{\"@type\":\"ListItem\",\"position\":2,\"name\":\"M\u0259d\u0259niyy\u0259t\",\"item\":\"https:\\\/\\\/www.meydan.tv\\\/az\\\/section\\\/medeniyyet\\\/\"},{\"@type\":\"ListItem\",\"position\":3,\"name\":\"Flora K\u0259rimovan\u0131n v\u0259kili: \u201cPolis Af\u0259t F\u0259rmanq\u0131z\u0131n\u0131n axtar\u0131\u015f\u0131 il\u0259 ba\u011fl\u0131 i\u015f g\u00f6rm\u00fcr\u201d\"}]},{\"@type\":\"WebSite\",\"@id\":\"https:\\\/\\\/www.meydan.tv\\\/az\\\/#website\",\"url\":\"https:\\\/\\\/www.meydan.tv\\\/az\\\/\",\"name\":\"MEYDAN.TV\",\"description\":\"Meydan TV Az\u0259rbaycan\u0131n media m\u0259kan\u0131ndak\u0131 alternativ s\u0259sidir\",\"publisher\":{\"@id\":\"https:\\\/\\\/www.meydan.tv\\\/az\\\/#organization\"},\"potentialAction\":[{\"@type\":\"SearchAction\",\"target\":{\"@type\":\"EntryPoint\",\"urlTemplate\":\"https:\\\/\\\/www.meydan.tv\\\/az\\\/?s={search_term_string}\"},\"query-input\":{\"@type\":\"PropertyValueSpecification\",\"valueRequired\":true,\"valueName\":\"search_term_string\"}}],\"inLanguage\":\"az\"},{\"@type\":\"Organization\",\"@id\":\"https:\\\/\\\/www.meydan.tv\\\/az\\\/#organization\",\"name\":\"Meydan TV\",\"url\":\"https:\\\/\\\/www.meydan.tv\\\/az\\\/\",\"logo\":{\"@type\":\"ImageObject\",\"inLanguage\":\"az\",\"@id\":\"https:\\\/\\\/www.meydan.tv\\\/az\\\/#\\\/schema\\\/logo\\\/image\\\/\",\"url\":\"https:\\\/\\\/www.meydan.tv\\\/wp-content\\\/uploads\\\/2021\\\/07\\\/meydan-logo.svg\",\"contentUrl\":\"https:\\\/\\\/www.meydan.tv\\\/wp-content\\\/uploads\\\/2021\\\/07\\\/meydan-logo.svg\",\"width\":195,\"height\":46,\"caption\":\"Meydan TV\"},\"image\":{\"@id\":\"https:\\\/\\\/www.meydan.tv\\\/az\\\/#\\\/schema\\\/logo\\\/image\\\/\"}},{\"@type\":\"Person\",\"@id\":\"https:\\\/\\\/www.meydan.tv\\\/az\\\/#\\\/schema\\\/person\\\/9cdbecf90d17180ce1dfbd95b08dcf47\",\"name\":\"elli\",\"sameAs\":[\"https:\\\/\\\/x.com\\\/elli\"]}]}<\/script>\n<!-- \/ Yoast SEO plugin. -->","yoast_head_json":{"title":"Flora K\u0259rimovan\u0131n v\u0259kili: \u201cPolis Af\u0259t F\u0259rmanq\u0131z\u0131n\u0131n axtar\u0131\u015f\u0131 il\u0259 ba\u011fl\u0131 i\u015f g\u00f6rm\u00fcr\u201d - MEYDAN.TV","robots":{"index":"index","follow":"follow","max-snippet":"max-snippet:-1","max-image-preview":"max-image-preview:large","max-video-preview":"max-video-preview:-1"},"canonical":"https:\/\/www.meydan.tv\/az\/article\/flora-kerimovanin-vekili-polis-afet-fermanqizinin-axtarisi-ile-bagli-is-gormur\/","og_locale":"az_AZ","og_type":"article","og_title":"Flora K\u0259rimovan\u0131n v\u0259kili: \u201cPolis Af\u0259t F\u0259rmanq\u0131z\u0131n\u0131n axtar\u0131\u015f\u0131 il\u0259 ba\u011fl\u0131 i\u015f g\u00f6rm\u00fcr\u201d - MEYDAN.TV","og_description":"Af\u0259t F\u0259rmanq\u0131z\u0131: \u201cM\u0259ni axtaran orqana ya\u015fad\u0131\u011f\u0131m \u00fcnvan\u0131 g\u00f6nd\u0259rmi\u015f\u0259m\u201d \u201cPolis Af\u0259t ... Davam\u0131","og_url":"https:\/\/www.meydan.tv\/az\/article\/flora-kerimovanin-vekili-polis-afet-fermanqizinin-axtarisi-ile-bagli-is-gormur\/","og_site_name":"MEYDAN.TV","article_published_time":"2022-11-16T12:18:15+00:00","article_modified_time":"2022-11-16T12:18:18+00:00","og_image":[{"width":1200,"height":624,"url":"https:\/\/www.meydan.tv\/wp-content\/uploads\/untitled-design-4-47-e1668601089453.jpg","type":"image\/jpeg"}],"author":"elli","twitter_card":"summary_large_image","twitter_creator":"@elli","schema":{"@context":"https:\/\/schema.org","@graph":[{"@type":"Article","@id":"https:\/\/www.meydan.tv\/az\/article\/flora-kerimovanin-vekili-polis-afet-fermanqizinin-axtarisi-ile-bagli-is-gormur\/#article","isPartOf":{"@id":"https:\/\/www.meydan.tv\/az\/article\/flora-kerimovanin-vekili-polis-afet-fermanqizinin-axtarisi-ile-bagli-is-gormur\/"},"author":{"name":"elli","@id":"https:\/\/www.meydan.tv\/az\/#\/schema\/person\/9cdbecf90d17180ce1dfbd95b08dcf47"},"headline":"Flora K\u0259rimovan\u0131n v\u0259kili: \u201cPolis Af\u0259t F\u0259rmanq\u0131z\u0131n\u0131n axtar\u0131\u015f\u0131 il\u0259 ba\u011fl\u0131 i\u015f g\u00f6rm\u00fcr\u201d","datePublished":"2022-11-16T12:18:15+00:00","dateModified":"2022-11-16T12:18:18+00:00","mainEntityOfPage":{"@id":"https:\/\/www.meydan.tv\/az\/article\/flora-kerimovanin-vekili-polis-afet-fermanqizinin-axtarisi-ile-bagli-is-gormur\/"},"wordCount":994,"publisher":{"@id":"https:\/\/www.meydan.tv\/az\/#organization"},"image":{"@id":"https:\/\/www.meydan.tv\/az\/article\/flora-kerimovanin-vekili-polis-afet-fermanqizinin-axtarisi-ile-bagli-is-gormur\/#primaryimage"},"thumbnailUrl":"https:\/\/www.meydan.tv\/wp-content\/uploads\/untitled-design-4-47-e1668601089453.jpg","articleSection":["M\u0259d\u0259niyy\u0259t","X\u0259b\u0259rl\u0259r"],"inLanguage":"az"},{"@type":"WebPage","@id":"https:\/\/www.meydan.tv\/az\/article\/flora-kerimovanin-vekili-polis-afet-fermanqizinin-axtarisi-ile-bagli-is-gormur\/","url":"https:\/\/www.meydan.tv\/az\/article\/flora-kerimovanin-vekili-polis-afet-fermanqizinin-axtarisi-ile-bagli-is-gormur\/","name":"Flora K\u0259rimovan\u0131n v\u0259kili: \u201cPolis Af\u0259t F\u0259rmanq\u0131z\u0131n\u0131n axtar\u0131\u015f\u0131 il\u0259 ba\u011fl\u0131 i\u015f g\u00f6rm\u00fcr\u201d - MEYDAN.TV","isPartOf":{"@id":"https:\/\/www.meydan.tv\/az\/#website"},"primaryImageOfPage":{"@id":"https:\/\/www.meydan.tv\/az\/article\/flora-kerimovanin-vekili-polis-afet-fermanqizinin-axtarisi-ile-bagli-is-gormur\/#primaryimage"},"image":{"@id":"https:\/\/www.meydan.tv\/az\/article\/flora-kerimovanin-vekili-polis-afet-fermanqizinin-axtarisi-ile-bagli-is-gormur\/#primaryimage"},"thumbnailUrl":"https:\/\/www.meydan.tv\/wp-content\/uploads\/untitled-design-4-47-e1668601089453.jpg","datePublished":"2022-11-16T12:18:15+00:00","dateModified":"2022-11-16T12:18:18+00:00","breadcrumb":{"@id":"https:\/\/www.meydan.tv\/az\/article\/flora-kerimovanin-vekili-polis-afet-fermanqizinin-axtarisi-ile-bagli-is-gormur\/#breadcrumb"},"inLanguage":"az","potentialAction":[{"@type":"ReadAction","target":["https:\/\/www.meydan.tv\/az\/article\/flora-kerimovanin-vekili-polis-afet-fermanqizinin-axtarisi-ile-bagli-is-gormur\/"]}]},{"@type":"ImageObject","inLanguage":"az","@id":"https:\/\/www.meydan.tv\/az\/article\/flora-kerimovanin-vekili-polis-afet-fermanqizinin-axtarisi-ile-bagli-is-gormur\/#primaryimage","url":"https:\/\/www.meydan.tv\/wp-content\/uploads\/untitled-design-4-47-e1668601089453.jpg","contentUrl":"https:\/\/www.meydan.tv\/wp-content\/uploads\/untitled-design-4-47-e1668601089453.jpg","width":1200,"height":624,"caption":"Foto: Af\u0259t F\u0259rmanq\u0131z\u0131n\u0131n \u015f\u0259xsi arxivind\u0259n"},{"@type":"BreadcrumbList","@id":"https:\/\/www.meydan.tv\/az\/article\/flora-kerimovanin-vekili-polis-afet-fermanqizinin-axtarisi-ile-bagli-is-gormur\/#breadcrumb","itemListElement":[{"@type":"ListItem","position":1,"name":"Ana s\u0259hif\u0259","item":"https:\/\/www.meydan.tv\/az\/"},{"@type":"ListItem","position":2,"name":"M\u0259d\u0259niyy\u0259t","item":"https:\/\/www.meydan.tv\/az\/section\/medeniyyet\/"},{"@type":"ListItem","position":3,"name":"Flora K\u0259rimovan\u0131n v\u0259kili: \u201cPolis Af\u0259t F\u0259rmanq\u0131z\u0131n\u0131n axtar\u0131\u015f\u0131 il\u0259 ba\u011fl\u0131 i\u015f g\u00f6rm\u00fcr\u201d"}]},{"@type":"WebSite","@id":"https:\/\/www.meydan.tv\/az\/#website","url":"https:\/\/www.meydan.tv\/az\/","name":"MEYDAN.TV","description":"Meydan TV Az\u0259rbaycan\u0131n media m\u0259kan\u0131ndak\u0131 alternativ s\u0259sidir","publisher":{"@id":"https:\/\/www.meydan.tv\/az\/#organization"},"potentialAction":[{"@type":"SearchAction","target":{"@type":"EntryPoint","urlTemplate":"https:\/\/www.meydan.tv\/az\/?s={search_term_string}"},"query-input":{"@type":"PropertyValueSpecification","valueRequired":true,"valueName":"search_term_string"}}],"inLanguage":"az"},{"@type":"Organization","@id":"https:\/\/www.meydan.tv\/az\/#organization","name":"Meydan TV","url":"https:\/\/www.meydan.tv\/az\/","logo":{"@type":"ImageObject","inLanguage":"az","@id":"https:\/\/www.meydan.tv\/az\/#\/schema\/logo\/image\/","url":"https:\/\/www.meydan.tv\/wp-content\/uploads\/2021\/07\/meydan-logo.svg","contentUrl":"https:\/\/www.meydan.tv\/wp-content\/uploads\/2021\/07\/meydan-logo.svg","width":195,"height":46,"caption":"Meydan TV"},"image":{"@id":"https:\/\/www.meydan.tv\/az\/#\/schema\/logo\/image\/"}},{"@type":"Person","@id":"https:\/\/www.meydan.tv\/az\/#\/schema\/person\/9cdbecf90d17180ce1dfbd95b08dcf47","name":"elli","sameAs":["https:\/\/x.com\/elli"]}]}},"_links":{"self":[{"href":"https:\/\/www.meydan.tv\/az\/wp-json\/wp\/v2\/posts\/260988","targetHints":{"allow":["GET"]}}],"collection":[{"href":"https:\/\/www.meydan.tv\/az\/wp-json\/wp\/v2\/posts"}],"about":[{"href":"https:\/\/www.meydan.tv\/az\/wp-json\/wp\/v2\/types\/post"}],"author":[{"embeddable":true,"href":"https:\/\/www.meydan.tv\/az\/wp-json\/wp\/v2\/users\/8"}],"replies":[{"embeddable":true,"href":"https:\/\/www.meydan.tv\/az\/wp-json\/wp\/v2\/comments?post=260988"}],"version-history":[{"count":2,"href":"https:\/\/www.meydan.tv\/az\/wp-json\/wp\/v2\/posts\/260988\/revisions"}],"predecessor-version":[{"id":260993,"href":"https:\/\/www.meydan.tv\/az\/wp-json\/wp\/v2\/posts\/260988\/revisions\/260993"}],"wp:featuredmedia":[{"embeddable":true,"href":"https:\/\/www.meydan.tv\/az\/wp-json\/wp\/v2\/media\/260981"}],"wp:attachment":[{"href":"https:\/\/www.meydan.tv\/az\/wp-json\/wp\/v2\/media?parent=260988"}],"wp:term":[{"taxonomy":"category","embeddable":true,"href":"https:\/\/www.meydan.tv\/az\/wp-json\/wp\/v2\/categories?post=260988"},{"taxonomy":"post_tag","embeddable":true,"href":"https:\/\/www.meydan.tv\/az\/wp-json\/wp\/v2\/tags?post=260988"}],"curies":[{"name":"wp","href":"https:\/\/api.w.org\/{rel}","templated":true}]}}