{"id":260972,"date":"2022-11-16T14:15:45","date_gmt":"2022-11-16T10:15:45","guid":{"rendered":"https:\/\/www.meydan.tv\/?p=260972"},"modified":"2022-11-16T14:15:47","modified_gmt":"2022-11-16T10:15:47","slug":"status-kime-ve-niye","status":"publish","type":"post","link":"https:\/\/www.meydan.tv\/az\/article\/status-kime-ve-niye\/","title":{"rendered":"Status: Kim\u0259 v\u0259 niy\u0259?"},"content":{"rendered":"\n<p><\/p>\n\n\n\n<p><em>M\u0259nd\u0259n soru\u015fan olsa, lap el\u0259 r\u0259hm\u0259tlik dostum Georgiy Vanyan kimi, dey\u0259rdim ki\u2026<\/em><br><br>Erm\u0259ni \u0259halisin\u0259 Az\u0259rbaycanda status verilm\u0259si m\u0259s\u0259l\u0259sinin arxas\u0131nda ilk n\u00f6vb\u0259d\u0259 xarici q\u00fcvv\u0259l\u0259rin mara\u011f\u0131n\u0131n g\u00fcd\u00fcld\u00fcy\u00fcn\u00fc yaln\u0131z tam sad\u0259l\u00f6vh insan anlamaz.<\/p>\n\n\n\n<p>Bu status m\u0259s\u0259l\u0259sini qabardan siyasil\u0259r, aliml\u0259r v\u0259 ictimai f\u0259allar ad\u0259t\u0259n statusun l\u00fczumunu Az\u0259rbaycanda etnik azl\u0131qlar\u0131n haqq\u0131n\u0131 daim yey\u0259n hakimiyy\u0259tin s\u0259lahiyy\u0259tl\u0259rini h\u00fcquqi \u00fcsullarla m\u0259hdudla\u015fd\u0131ran, etnik azl\u0131qlar\u0131 daha s\u0259m\u0259r\u0259li qoruyan mexanizm kimi t\u0259qdim edirl\u0259r. Deyirl\u0259r ki, \u0259g\u0259r h\u00fcquq m\u00fcst\u0259visind\u0259 tan\u0131nan status olmasa, erm\u0259nil\u0259ri Az\u0259rbaycandan s\u0131x\u0131\u015fd\u0131r\u0131b \u00e7\u0131xaracaqlar. Bu is\u0259 azl\u0131qlar\u0131n h\u00fcquqlar\u0131na h\u0259ssas olan Rusiyan\u0131n v\u0259 Q\u0259rbin inc\u0259 q\u0259lbl\u0259rini z\u0259d\u0259l\u0259y\u0259c\u0259k.<\/p>\n\n\n\n<p>Soru\u015fanda ki, b\u0259s sizin bu h\u0259ssas q\u0259lbiniz yar\u0131m milyon az\u0259ri t\u00fcrk\u00fcn\u00fcn Erm\u0259nistandan bir \u0259sr boyu m\u00fct\u0259madi v\u0259 ard\u0131c\u0131l olaraq s\u0131x\u0131\u015fd\u0131r\u0131l\u0131b \u00e7\u0131xar\u0131lmas\u0131ndan niy\u0259 z\u0259d\u0259l\u0259nm\u0259di, \u00f6zl\u0259rini karl\u0131\u011fa, korlu\u011fa v\u0259 lall\u0131\u011fa qoyurlar. Niy\u0259? \u00c7\u00fcnki \u0259dal\u0259tli v\u0259 a\u00e7\u0131q s\u00f6hb\u0259t onlar\u0131n x\u0259bis siyasi n\u0259q\u015f\u0259l\u0259rinin \u00fcst\u00fcn\u00fc a\u00e7a bil\u0259r. Bu korluq, karl\u0131q v\u0259 lall\u0131q yaln\u0131z rus imperialistl\u0259rin\u0259 deyil, h\u0259m d\u0259 istisnas\u0131z olaraq b\u00fct\u00fcn Q\u0259rb imperialistl\u0259rin\u0259 aiddir. Onlard\u0131r indi \u00e7\u0131rman\u0131b C\u0259nubi Qafqaz da\u011flar\u0131n\u0131 v\u0259 \u00e7\u00f6ll\u0259rini siyasi c\u0131d\u0131r meydan\u0131na d\u00f6nd\u0259r\u0259nl\u0259r.<\/p>\n\n\n\n<p>Bu x\u0259bis n\u0259q\u015f\u0259l\u0259ri art\u0131q k\u00fclli-Qafqaz \u0259halisi g\u00f6r\u00fcr v\u0259 anlay\u0131r. H\u0259tta erm\u0259ni xalq\u0131n\u0131n \u0259ks\u0259riyy\u0259ti anlay\u0131b ki, \u201ccan-can\u201d dey\u0259n xarici dostlar\u0131 onlar\u0131n deyil, \u00f6z m\u0259nf\u0259\u0259tl\u0259rini g\u00fcd\u00fcrl\u0259r.<\/p>\n\n\n\n<p>Az\u0259rbaycan qanl\u0131 m\u00fcharib\u0259d\u0259n sonra \u00f6z qanuni h\u00fcquqlar\u0131n\u0131n tan\u0131nmas\u0131n\u0131 t\u0259l\u0259b edir. Lakin d\u00fcnya yen\u0259 ikiba\u015fl\u0131 \u201cstatus\u201d m\u0259tl\u0259bini ortaya at\u0131r. Rusiya v\u0259 Q\u0259rb yen\u0259 erm\u0259nil\u0259rin q\u0131r\u0131lma v\u0259 qovulma t\u0259hl\u00fck\u0259sinin qar\u015f\u0131s\u0131n\u0131 ala bil\u0259c\u0259k statusun vacibliyind\u0259n dan\u0131\u015f\u0131r.<\/p>\n\n\n\n<p>Status m\u00f6ht\u0259kirliyinin qar\u015f\u0131s\u0131n\u0131 ala bil\u0259c\u0259k yegan\u0259 \u00e7ar\u0259 status m\u0259fhumunun mahiyy\u0259tini a\u00e7maqd\u0131r.<\/p>\n\n\n\n<p><strong>1.<\/strong>Status erm\u0259ni azl\u0131\u011f\u0131n\u0131n h\u00fcquqlar\u0131n\u0131 t\u0259min ed\u0259 bil\u0259c\u0259k sehirli \u00e7ubuqdurmu? Y\u0259ni hans\u0131sa qara q\u00fcvv\u0259 m\u0259sum erm\u0259ni azl\u0131\u011f\u0131n\u0131n \u00fcz\u0259rin\u0259 getm\u0259k ist\u0259s\u0259, status s\u00f6z\u00fcn\u00fc e\u015fitc\u0259k, status s\u0259n\u0259dini g\u00f6rc\u0259k kor-pe\u015fiman niyy\u0259tind\u0259n \u0259l \u00e7\u0259k\u0259c\u0259kmi?<\/p>\n\n\n\n<p>M\u0259g\u0259r m\u00fcnaqi\u015f\u0259 ba\u015flayanda, Az\u0259rbaycanda erm\u0259ni azl\u0131\u011f\u0131n\u0131n Da\u011fl\u0131q Qarba\u011f Muxtar Vilay\u0259ti (DQMV) adlanan statusu yox idimi?<\/p>\n\n\n\n<p>Var idi v\u0259 120 000 erm\u0259ninin r\u0259hb\u0259rl\u0259ri bu statusdan gen-bol istifad\u0259 edib DQMV-d\u0259 etnik azl\u0131q olan az\u0259rbaycanl\u0131lar\u0131n h\u00fcquqlar\u0131na qara q\u0259piklik h\u00f6rm\u0259t qoymurdu.<\/p>\n\n\n\n<p>Bu\u011fda yeyib c\u0259nn\u0259td\u0259n \u00e7\u0131xm\u0131\u015f \u0259ks\u0259r az\u0259rbaycanl\u0131lar bu DQMV statusu bar\u0259d\u0259 qanunu he\u00e7 g\u00f6rm\u0259yib, n\u0259m\u0259n\u0259 oldu\u011funu he\u00e7 bilmir. Sizin h\u0259qir b\u0259nd\u0259niz is\u0259 bu qanunu n\u0259inki g\u00f6r\u00fcb, h\u0259tta bu qal\u0131n s\u0259n\u0259di diqq\u0259tl\u0259 oxuyub. Oxuyub v\u0259 g\u00f6r\u00fcb ki, sovet hakimiyy\u0259ti bu qanunla erm\u0259nil\u0259ri Qaraba\u011f\u0131n tam a\u011fas\u0131 etmi\u015fdi. Qaraba\u011f\u0131n erm\u0259ni \u0259halisi bu qanunun g\u00fcc\u00fc il\u0259 bu \u0259razid\u0259 b\u00fct\u00fcn iqtisadi, m\u0259d\u0259ni, dini, inzibati m\u0259s\u0259l\u0259l\u0259ri \u00f6z\u00fc h\u0259ll ed\u0259 bilirdi v\u0259 he\u00e7 vaxt Bak\u0131 m\u0259murlar\u0131n\u0131n icaz\u0259sin\u0259 ehtiyac duymurdu.<\/p>\n\n\n\n<p>Lakin! Erm\u0259ni da\u015fnaklar\u0131na v\u0259 onlar\u0131n xarici a\u011falar\u0131na \u0259slind\u0259 zavall\u0131 erm\u0259nil\u0259rin h\u00fcquqlar\u0131n\u0131n m\u00fcdafi\u0259 ed\u0259n status deyil, \u00f6zl\u0259rinin C\u0259nubi Qafqaz \u00fcz\u0259rind\u0259 a\u011fal\u0131qlar\u0131n\u0131n t\u0259min edilm\u0259si laz\u0131m idi. Buna g\u00f6r\u0259 onlar m\u00f6vcud olan v\u0259 erm\u0259ni azl\u0131\u011f\u0131na geni\u015f s\u0259lahiyy\u0259tl\u0259r ver\u0259n DQMV statusuna t\u00fcp\u00fcr\u00fcb \u201cmiatsum\u201d h\u0259r\u0259kat\u0131na ba\u015flad\u0131lar. H\u0259r\u0259kat\u0131n ba\u015flanmas\u0131 bar\u0259d\u0259 icaz\u0259 v\u0259 g\u00f6st\u0259ri\u015fi is\u0259 bilavasit\u0259 sovet qurulu\u015funun s\u00fcqutuna varg\u00fcc\u00fc il\u0259 can atan Qorba\u00e7ovdan ald\u0131lar.<\/p>\n\n\n\n<p>N\u0259 is\u0259, hadis\u0259l\u0259r ham\u0131n\u0131n g\u00f6rd\u00fcy\u00fc v\u0259 bildiyi m\u0259crada c\u0259r\u0259yan etdi v\u0259 n\u0259tic\u0259d\u0259 Erm\u0259nistan Respublikas\u0131n\u0131n ordusu Az\u0259rbaycan Respublikas\u0131n\u0131n Qaraba\u011f b\u00f6lg\u0259sini i\u015f\u011fal etdi, oradak\u0131 qeyri-erm\u0259ni \u0259halinin ham\u0131s\u0131n\u0131 qovdu. 120 000 erm\u0259ninin t\u0259hl\u00fck\u0259sizliyini t\u0259min etm\u0259k m\u0259qs\u0259dil\u0259 600 000 az\u0259rbaycanl\u0131n\u0131 did\u0259rgin sald\u0131lar.<br>Da\u015fnaklar\u0131n \u00fclvi arzusu \u2013 t\u00fcrkl\u0259rsiz Qaraba\u011f \u2013 \u00e7in oldumu? Bu t\u00fcrkl\u0259rsiz Qaraba\u011fda erm\u0259ni \u0259halisi erm\u0259ni c\u0259nn\u0259ti yarada bildimi?<\/p>\n\n\n\n<p>Heyhat! \u0130nsan h\u0259r \u015feyd\u0259n qa\u00e7a bil\u0259r, yaln\u0131z \u00f6z\u00fcnd\u0259n, \u00f6z zat\u0131ndan, \u00f6z taleyind\u0259n qa\u00e7a bilm\u0259z. Erm\u0259ni \u0259halisi \u201cturkes\u201di Qaraba\u011fdan qovandan sonra giri\u015fdi \u0259n m\u00fct\u0259r\u0259qqi meyarlara cavab ver\u0259 bil\u0259c\u0259k demokratik erm\u0259ni d\u00f6vl\u0259ti qurma\u011fa. \u00c7ox \u00e7al\u0131\u015fd\u0131lar, \u00e7ox \u0259ll\u0259\u015fdil\u0259r, tikdil\u0259r, qurdular, 25 il ke\u00e7\u0259nd\u0259n sonra g\u00f6rd\u00fcl\u0259r ki, n\u00fcmun\u0259vi fa\u015fist d\u00f6vl\u0259ti qurublar.<\/p>\n\n\n\n<p>Bu d\u00f6vl\u0259td\u0259 s\u0131ravi erm\u0259nil\u0259ri s\u0131ravi olmayan paqonlu erm\u0259nil\u0259r \u0259zi\u015fdirib s\u0131nd\u0131r\u0131r, bir ovuc t\u00fcfeyli m\u00fct\u0259r\u0259qqi Avropan\u0131n z\u0259ngin v\u0259t\u0259nda\u015flar\u0131n\u0131n s\u0259viyy\u0259sind\u0259 kefl\u0259 ya\u015fay\u0131r, \u0259halinin \u0259ks\u0259riyy\u0259ti is\u0259 Ekvatorial Afrikan\u0131n gerid\u0259 qalm\u0131\u015f \u00f6lk\u0259l\u0259rinin b\u0259db\u0259xt \u0259halisinin k\u00f6k\u00fcnd\u0259 h\u0259yat s\u00fcr\u00fcr.<\/p>\n\n\n\n<p>B\u0259lli oldu ki, t\u00fcrkl\u0259rd\u0259n qurtulmu\u015f erm\u0259nil\u0259r \u00f6z mahiyy\u0259tl\u0259rind\u0259n, \u00f6z erm\u0259ni m\u0259d\u0259niyy\u0259tind\u0259n, \u015f\u00fcurundan he\u00e7 c\u00fcr xilas ola bilm\u0259yibl\u0259r. Z\u00fclm, korrupsiya, d\u0259r\u0259b\u0259ylik t\u0259k m\u00fcst\u0259qil Az\u0259rbaycan\u0131n deyil, h\u0259m d\u0259 m\u00fcst\u0259qil Erm\u0259nistan\u0131n, h\u0259m d\u0259 \u201cm\u00fcst\u0259qil\u201d Qaraba\u011f\u0131n b\u0259las\u0131d\u0131r. B\u0259lli oldu ki, d\u0259rin qar\u015f\u0131l\u0131ql\u0131 nifr\u0259t\u0259 baxmayaraq, biz mahiyy\u0259tc\u0259 \u00e7ox yax\u0131n xalqlar\u0131q. Bizi t\u0259k dolma, xa\u015f, zurna-balaban, \u201cSar\u0131 g\u0259lin\u201d deyil, h\u0259m d\u0259 c\u0259miyy\u0259td\u0259 hakim m\u00f6vqe tutan d\u0259y\u0259rl\u0259r yax\u0131nla\u015fd\u0131r\u0131r.<\/p>\n\n\n\n<p><strong>2.<\/strong>Erm\u0259ni q\u0259l\u0259b\u0259sini legitiml\u0259\u015fdir\u0259n Bi\u015fkek protokolunun imzalanmas\u0131ndan ke\u00e7\u0259n 25 ild\u0259 az\u0259rbaycanl\u0131 s\u00fclhp\u0259rv\u0259rl\u0259r erm\u0259ni c\u0259miyy\u0259tind\u0259 \u00f6z\u00fcn\u00fc s\u00fclhp\u0259rv\u0259r sayan h\u0259mkarlar\u0131 il\u0259 y\u00fczl\u0259rl\u0259 g\u00f6r\u00fc\u015f ke\u00e7irib d\u00fcnyada olan v\u0259 olmayan b\u00fct\u00fcn muxtariyy\u0259t statuslar\u0131n\u0131 m\u00fczakir\u0259 etdil\u0259r.<br>Tirol statusunu ist\u0259yirsiniz? He\u00e7 vaxt!<br>\u015eimali \u0130rlandiya statusunu ist\u0259yirsiniz? \u018fb\u0259da!<br>Tatar\u0131stan statusunu ist\u0259yirsiniz? Yox!<br>Aland adalar\u0131n\u0131n statusunu ist\u0259yirsiniz? B\u0130z qalib m\u00fcst\u0259qil d\u00f6vl\u0259tik, n\u0259 \u00fczl\u0259 siz, m\u0259\u011flub t\u0259r\u0259f, biz\u0259 m\u00fcst\u0259qillikd\u0259n imtina edib hans\u0131sa miskin muxtariyy\u0259t statusu il\u0259 raz\u0131la\u015fma\u011f\u0131m\u0131z\u0131 t\u0259klif edirsiniz? Yox v\u0259 bir d\u0259 yox!<\/p>\n\n\n\n<p>25 il \u201cyox\u201d v\u0259 yaln\u0131z \u201cyox\u201d!<\/p>\n\n\n\n<p>Yox? Di g\u0259ldi!<\/p>\n\n\n\n<p>44 g\u00fcnl\u00fck m\u00fcharib\u0259d\u0259n sonra erm\u0259ni t\u0259r\u0259fi \u201cqroqqi\u201d v\u0259ziyy\u0259tin\u0259 d\u00fc\u015fd\u00fc. N\u0259dir bu v\u0259ziyy\u0259t? Boks d\u00f6y\u00fc\u015f\u00fc zaman\u0131 g\u00fccl\u00fc z\u0259rb\u0259 alm\u0131\u015f boks\u00e7u y\u0131x\u0131lmasa da, m\u00fcvazin\u0259tini itirir, gic\u0259ll\u0259nir v\u0259 ba\u015flay\u0131r l\u0259ng\u0259r vurma\u011fa, d\u0259xi \u00f6z\u00fcn\u00fc m\u00fcdafi\u0259 ed\u0259 bilmir. R\u0259qib d\u00f6y\u00fc\u015f\u00e7\u00fc bir z\u0259rb\u0259 il\u0259 onu yer\u0259 s\u0259r\u0259 bil\u0259r. \u0130nsafl\u0131 pe\u015f\u0259kar hakim bu anda d\u00f6y\u00fc\u015f\u00fc saxlamal\u0131, \u201cqroqqi\u201d v\u0259ziyy\u0259tin\u0259 d\u00fc\u015fm\u00fc\u015f boks\u00e7unun tam m\u0259\u011flub oldu\u011funu elan etm\u0259lidir.<\/p>\n\n\n\n<p>Lakin bizim m\u00fcharib\u0259d\u0259 hakim rolunu insafl\u0131 v\u0259 t\u0259r\u0259fsiz d\u00f6vl\u0259tl\u0259r deyil, m\u00fcnaqi\u015f\u0259d\u0259n h\u0259dsiz maddi v\u0259 siyasi m\u0259nf\u0259\u0259t g\u00f6t\u00fcr\u0259n d\u00f6vl\u0259tl\u0259r icra edirdi. M\u0259hz onlar \u201cqroqqi\u201d v\u0259ziyy\u0259tin\u0259 d\u00fc\u015fm\u00fc\u015f Erm\u0259nistana \u201cnokaut\u201d saymad\u0131lar v\u0259 fasil\u0259 elan edib \u00f6z siyasi oyunlar\u0131na davam etdil\u0259r.<\/p>\n\n\n\n<p>\u0130ndi Erm\u0259nistan da, onun xarici hamil\u0259ri d\u0259 Qaraba\u011f erm\u0259nil\u0259ri \u00fc\u00e7\u00fcn status t\u0259l\u0259b edirl\u0259r. Bu status kim\u0259 verilm\u0259lidir? Son m\u00fcharib\u0259d\u0259n sonra t\u0259cili olaraq b\u00fct\u00fcn Erm\u0259nistandan s\u00fcp\u00fcr\u00fcl\u00fcb-y\u0131\u011f\u0131lm\u0131\u015f, avtobuslarla Stepanakert\u0259 da\u015f\u0131nm\u0131\u015f 50 min erm\u0259niy\u0259mi? Sovet vaxt\u0131 120 000 erm\u0259niy\u0259 verilmi\u015f y\u00fcks\u0259k \u201cDQMV\u201d statusu bu xalqa t\u0259hl\u00fck\u0259sizlik v\u0259 s\u0259ad\u0259t g\u0259tirm\u0259dis\u0259, 50 000 erm\u0259niy\u0259 veril\u0259si nam\u0259lum status onlara bu arzuedil\u0259n \u0259min-amanl\u0131\u011f\u0131 v\u0259 s\u0259ad\u0259ti t\u0259min ed\u0259c\u0259kmi?<\/p>\n\n\n\n<p>T\u0259bii ki, indi Qaraba\u011f erm\u0259nil\u0259ri \u00fc\u00e7\u00fcn status t\u0259l\u0259b ed\u0259n d\u00f6vl\u0259tl\u0259ri erm\u0259ni \u0259halisinin ger\u00e7\u0259k \u0259min-amanl\u0131\u011f\u0131 v\u0259 rifah\u0131 \u0259sla maraqland\u0131rm\u0131r. Onlar\u0131 status t\u0259l\u0259bini Az\u0259rbaycana s\u0131r\u0131yandan sonra \u201cerm\u0259ni \u0259halisinin t\u0259hl\u00fck\u0259sizliyin\u0259 \u201czamin duracaq d\u00f6vl\u0259tl\u0259rin b\u00f6lg\u0259d\u0259ki \u201cstatus\u201du maraqland\u0131r\u0131r.<\/p>\n\n\n\n<p>V\u0259ziyy\u0259t h\u0259qiq\u0259t\u0259n m\u00fcr\u0259kk\u0259b v\u0259 dola\u015f\u0131qd\u0131r. H\u0259m erm\u0259ni xalq\u0131, h\u0259m Az\u0259rbaycan xalq\u0131 \u00e7\u0259tin se\u00e7im qar\u015f\u0131s\u0131ndad\u0131r. D\u00fc\u015fm\u0259n\u00e7iliyi davam etdirib yad q\u00fcvv\u0259l\u0259rin \u0259lind\u0259 al\u0259t olaraq qalmaqm\u0131? Yaxud indi a\u011flas\u0131\u011fmaz g\u00f6r\u00fcn\u0259n, lakin \u0259slind\u0259 yegan\u0259 h\u0259qiqi \u00e7\u0131x\u0131\u015f yolu olan bar\u0131\u015f yolunu se\u00e7ib \u00e7a\u011f\u0131r\u0131lmam\u0131\u015f hakiml\u0259r\u0259 v\u0259 m\u00fcnsifl\u0259r\u0259 \u201csa\u011f olun, s\u0259lamat qal\u0131n\u201d dem\u0259k, oturub bu m\u00fcr\u0259kk\u0259b d\u00fcy\u00fcn\u00fc birg\u0259 s\u0259yl\u0259 a\u015fmaq, itirilmi\u015f \u0259min-amanl\u0131q k\u0259l\u0259finin ucunu birg\u0259 tapmaq?<\/p>\n\n\n\n<p>M\u0259nd\u0259n soru\u015fan olsa, lap el\u0259 r\u0259hm\u0259tlik dostum Georgiy Vanyan kimi, dey\u0259rdim ki, \u201cErm\u0259nistan Respublikas\u0131n\u0131n bir n\u00f6mr\u0259li m\u00fctt\u0259fiqi Az\u0259rbaycan Respublikas\u0131 olmal\u0131d\u0131r v\u0259 erm\u0259ni xalq\u0131n\u0131n \u0259min-amanl\u0131\u011f\u0131 v\u0259 s\u0259ad\u0259ti Az\u0259rbaycan xalq\u0131 il\u0259 s\u0259mimi \u0259m\u0259kda\u015fl\u0131qdan, etimaddan, etibardan, dostluqdan ke\u00e7ir\u201d.<br>Beyni \u0259dav\u0259td\u0259n z\u0259h\u0259rl\u0259nmi\u015f, g\u00f6z\u00fc b\u0259lalardan tutulmu\u015f, haqq\u0131 nahaqdan se\u00e7m\u0259yi unutmu\u015f bu iki qon\u015fu, f\u0259q\u0259t \u00e7ox yax\u0131n xalqlar bu sad\u0259 t\u0259nliyi \u00f6z xeyirl\u0259rin\u0259 h\u0259ll ed\u0259 bil\u0259c\u0259kmi?<\/p>\n\n\n\n<p>Oxucum, bu t\u0259nliyin h\u0259lli h\u0259m d\u0259 \u015f\u0259xs\u0259n sizin tutaca\u011f\u0131n\u0131z m\u00f6vqed\u0259n as\u0131l\u0131d\u0131r. H\u0259lledici m\u0259qamd\u0131r, he\u00e7 k\u0259s k\u0259narda durub \u201cbu, m\u0259nim i\u015fim deyil\u201d dey\u0259 bilm\u0259z.<\/p>\n","protected":false},"excerpt":{"rendered":"<p>M\u0259nd\u0259n soru\u015fan olsa, lap el\u0259 r\u0259hm\u0259tlik dostum Georgiy Vanyan kimi, &#8230; <\/p>\n<p class=\"read-more-container\"><a title=\"Status: Kim\u0259 v\u0259 niy\u0259?\" class=\"read-more button\" href=\"https:\/\/www.meydan.tv\/az\/article\/status-kime-ve-niye\/#more-260972\" aria-label=\"Read more about Status: Kim\u0259 v\u0259 niy\u0259?\">Davam\u0131<\/a><\/p>\n","protected":false},"author":8,"featured_media":126823,"comment_status":"closed","ping_status":"closed","sticky":false,"template":"","format":"standard","meta":{"_acf_changed":false,"_sitemap_exclude":false,"_sitemap_priority":"","_sitemap_frequency":"","footnotes":""},"categories":[57],"tags":[],"class_list":["post-260972","post","type-post","status-publish","format-standard","has-post-thumbnail","hentry","category-menim-fikrimce","infinite-scroll-item","generate-columns","tablet-grid-50","mobile-grid-100","grid-parent","grid-33","no-featured-image-padding"],"acf":[],"yoast_head":"<!-- This site is optimized with the Yoast SEO plugin v27.4 - https:\/\/yoast.com\/product\/yoast-seo-wordpress\/ -->\n<title>Status: Kim\u0259 v\u0259 niy\u0259? - MEYDAN.TV<\/title>\n<meta name=\"robots\" content=\"index, follow, max-snippet:-1, max-image-preview:large, max-video-preview:-1\" \/>\n<link rel=\"canonical\" href=\"https:\/\/www.meydan.tv\/az\/article\/status-kime-ve-niye\/\" \/>\n<meta property=\"og:locale\" content=\"az_AZ\" \/>\n<meta property=\"og:type\" content=\"article\" \/>\n<meta property=\"og:title\" content=\"Status: Kim\u0259 v\u0259 niy\u0259? - MEYDAN.TV\" \/>\n<meta property=\"og:description\" content=\"M\u0259nd\u0259n soru\u015fan olsa, lap el\u0259 r\u0259hm\u0259tlik dostum Georgiy Vanyan kimi, ... Davam\u0131\" \/>\n<meta property=\"og:url\" content=\"https:\/\/www.meydan.tv\/az\/article\/status-kime-ve-niye\/\" \/>\n<meta property=\"og:site_name\" content=\"MEYDAN.TV\" \/>\n<meta property=\"article:published_time\" content=\"2022-11-16T10:15:45+00:00\" \/>\n<meta property=\"article:modified_time\" content=\"2022-11-16T10:15:47+00:00\" \/>\n<meta property=\"og:image\" content=\"https:\/\/www.meydan.tv\/wp-content\/uploads\/image_from_ios_2_p52ittc.original.original-scaled-e1645163166726.jpg\" \/>\n\t<meta property=\"og:image:width\" content=\"2560\" \/>\n\t<meta property=\"og:image:height\" content=\"1292\" \/>\n\t<meta property=\"og:image:type\" content=\"image\/jpeg\" \/>\n<meta name=\"author\" content=\"elli\" \/>\n<meta name=\"twitter:card\" content=\"summary_large_image\" \/>\n<meta name=\"twitter:creator\" content=\"@elli\" \/>\n<script type=\"application\/ld+json\" class=\"yoast-schema-graph\">{\"@context\":\"https:\\\/\\\/schema.org\",\"@graph\":[{\"@type\":\"Article\",\"@id\":\"https:\\\/\\\/www.meydan.tv\\\/az\\\/article\\\/status-kime-ve-niye\\\/#article\",\"isPartOf\":{\"@id\":\"https:\\\/\\\/www.meydan.tv\\\/az\\\/article\\\/status-kime-ve-niye\\\/\"},\"author\":{\"name\":\"elli\",\"@id\":\"https:\\\/\\\/www.meydan.tv\\\/az\\\/#\\\/schema\\\/person\\\/9cdbecf90d17180ce1dfbd95b08dcf47\"},\"headline\":\"Status: Kim\u0259 v\u0259 niy\u0259?\",\"datePublished\":\"2022-11-16T10:15:45+00:00\",\"dateModified\":\"2022-11-16T10:15:47+00:00\",\"mainEntityOfPage\":{\"@id\":\"https:\\\/\\\/www.meydan.tv\\\/az\\\/article\\\/status-kime-ve-niye\\\/\"},\"wordCount\":1886,\"publisher\":{\"@id\":\"https:\\\/\\\/www.meydan.tv\\\/az\\\/#organization\"},\"image\":{\"@id\":\"https:\\\/\\\/www.meydan.tv\\\/az\\\/article\\\/status-kime-ve-niye\\\/#primaryimage\"},\"thumbnailUrl\":\"https:\\\/\\\/www.meydan.tv\\\/wp-content\\\/uploads\\\/image_from_ios_2_p52ittc.original.original-scaled-e1682070233838.jpg\",\"articleSection\":[\"M\u0259nim Fikrimc\u0259\"],\"inLanguage\":\"az\"},{\"@type\":\"WebPage\",\"@id\":\"https:\\\/\\\/www.meydan.tv\\\/az\\\/article\\\/status-kime-ve-niye\\\/\",\"url\":\"https:\\\/\\\/www.meydan.tv\\\/az\\\/article\\\/status-kime-ve-niye\\\/\",\"name\":\"Status: Kim\u0259 v\u0259 niy\u0259? - MEYDAN.TV\",\"isPartOf\":{\"@id\":\"https:\\\/\\\/www.meydan.tv\\\/az\\\/#website\"},\"primaryImageOfPage\":{\"@id\":\"https:\\\/\\\/www.meydan.tv\\\/az\\\/article\\\/status-kime-ve-niye\\\/#primaryimage\"},\"image\":{\"@id\":\"https:\\\/\\\/www.meydan.tv\\\/az\\\/article\\\/status-kime-ve-niye\\\/#primaryimage\"},\"thumbnailUrl\":\"https:\\\/\\\/www.meydan.tv\\\/wp-content\\\/uploads\\\/image_from_ios_2_p52ittc.original.original-scaled-e1682070233838.jpg\",\"datePublished\":\"2022-11-16T10:15:45+00:00\",\"dateModified\":\"2022-11-16T10:15:47+00:00\",\"breadcrumb\":{\"@id\":\"https:\\\/\\\/www.meydan.tv\\\/az\\\/article\\\/status-kime-ve-niye\\\/#breadcrumb\"},\"inLanguage\":\"az\",\"potentialAction\":[{\"@type\":\"ReadAction\",\"target\":[\"https:\\\/\\\/www.meydan.tv\\\/az\\\/article\\\/status-kime-ve-niye\\\/\"]}]},{\"@type\":\"ImageObject\",\"inLanguage\":\"az\",\"@id\":\"https:\\\/\\\/www.meydan.tv\\\/az\\\/article\\\/status-kime-ve-niye\\\/#primaryimage\",\"url\":\"https:\\\/\\\/www.meydan.tv\\\/wp-content\\\/uploads\\\/image_from_ios_2_p52ittc.original.original-scaled-e1682070233838.jpg\",\"contentUrl\":\"https:\\\/\\\/www.meydan.tv\\\/wp-content\\\/uploads\\\/image_from_ios_2_p52ittc.original.original-scaled-e1682070233838.jpg\",\"width\":2560,\"height\":1158,\"caption\":\"Foto: Meydan TV\"},{\"@type\":\"BreadcrumbList\",\"@id\":\"https:\\\/\\\/www.meydan.tv\\\/az\\\/article\\\/status-kime-ve-niye\\\/#breadcrumb\",\"itemListElement\":[{\"@type\":\"ListItem\",\"position\":1,\"name\":\"Ana s\u0259hif\u0259\",\"item\":\"https:\\\/\\\/www.meydan.tv\\\/az\\\/\"},{\"@type\":\"ListItem\",\"position\":2,\"name\":\"M\u0259nim Fikrimc\u0259\",\"item\":\"https:\\\/\\\/www.meydan.tv\\\/az\\\/section\\\/menim-fikrimce\\\/\"},{\"@type\":\"ListItem\",\"position\":3,\"name\":\"Status: Kim\u0259 v\u0259 niy\u0259?\"}]},{\"@type\":\"WebSite\",\"@id\":\"https:\\\/\\\/www.meydan.tv\\\/az\\\/#website\",\"url\":\"https:\\\/\\\/www.meydan.tv\\\/az\\\/\",\"name\":\"MEYDAN.TV\",\"description\":\"Meydan TV Az\u0259rbaycan\u0131n media m\u0259kan\u0131ndak\u0131 alternativ s\u0259sidir\",\"publisher\":{\"@id\":\"https:\\\/\\\/www.meydan.tv\\\/az\\\/#organization\"},\"potentialAction\":[{\"@type\":\"SearchAction\",\"target\":{\"@type\":\"EntryPoint\",\"urlTemplate\":\"https:\\\/\\\/www.meydan.tv\\\/az\\\/?s={search_term_string}\"},\"query-input\":{\"@type\":\"PropertyValueSpecification\",\"valueRequired\":true,\"valueName\":\"search_term_string\"}}],\"inLanguage\":\"az\"},{\"@type\":\"Organization\",\"@id\":\"https:\\\/\\\/www.meydan.tv\\\/az\\\/#organization\",\"name\":\"Meydan TV\",\"url\":\"https:\\\/\\\/www.meydan.tv\\\/az\\\/\",\"logo\":{\"@type\":\"ImageObject\",\"inLanguage\":\"az\",\"@id\":\"https:\\\/\\\/www.meydan.tv\\\/az\\\/#\\\/schema\\\/logo\\\/image\\\/\",\"url\":\"https:\\\/\\\/www.meydan.tv\\\/wp-content\\\/uploads\\\/2021\\\/07\\\/meydan-logo.svg\",\"contentUrl\":\"https:\\\/\\\/www.meydan.tv\\\/wp-content\\\/uploads\\\/2021\\\/07\\\/meydan-logo.svg\",\"width\":195,\"height\":46,\"caption\":\"Meydan TV\"},\"image\":{\"@id\":\"https:\\\/\\\/www.meydan.tv\\\/az\\\/#\\\/schema\\\/logo\\\/image\\\/\"}},{\"@type\":\"Person\",\"@id\":\"https:\\\/\\\/www.meydan.tv\\\/az\\\/#\\\/schema\\\/person\\\/9cdbecf90d17180ce1dfbd95b08dcf47\",\"name\":\"elli\",\"sameAs\":[\"https:\\\/\\\/x.com\\\/elli\"]}]}<\/script>\n<!-- \/ Yoast SEO plugin. -->","yoast_head_json":{"title":"Status: Kim\u0259 v\u0259 niy\u0259? - MEYDAN.TV","robots":{"index":"index","follow":"follow","max-snippet":"max-snippet:-1","max-image-preview":"max-image-preview:large","max-video-preview":"max-video-preview:-1"},"canonical":"https:\/\/www.meydan.tv\/az\/article\/status-kime-ve-niye\/","og_locale":"az_AZ","og_type":"article","og_title":"Status: Kim\u0259 v\u0259 niy\u0259? - MEYDAN.TV","og_description":"M\u0259nd\u0259n soru\u015fan olsa, lap el\u0259 r\u0259hm\u0259tlik dostum Georgiy Vanyan kimi, ... Davam\u0131","og_url":"https:\/\/www.meydan.tv\/az\/article\/status-kime-ve-niye\/","og_site_name":"MEYDAN.TV","article_published_time":"2022-11-16T10:15:45+00:00","article_modified_time":"2022-11-16T10:15:47+00:00","og_image":[{"width":2560,"height":1292,"url":"https:\/\/www.meydan.tv\/wp-content\/uploads\/image_from_ios_2_p52ittc.original.original-scaled-e1645163166726.jpg","type":"image\/jpeg"}],"author":"elli","twitter_card":"summary_large_image","twitter_creator":"@elli","schema":{"@context":"https:\/\/schema.org","@graph":[{"@type":"Article","@id":"https:\/\/www.meydan.tv\/az\/article\/status-kime-ve-niye\/#article","isPartOf":{"@id":"https:\/\/www.meydan.tv\/az\/article\/status-kime-ve-niye\/"},"author":{"name":"elli","@id":"https:\/\/www.meydan.tv\/az\/#\/schema\/person\/9cdbecf90d17180ce1dfbd95b08dcf47"},"headline":"Status: Kim\u0259 v\u0259 niy\u0259?","datePublished":"2022-11-16T10:15:45+00:00","dateModified":"2022-11-16T10:15:47+00:00","mainEntityOfPage":{"@id":"https:\/\/www.meydan.tv\/az\/article\/status-kime-ve-niye\/"},"wordCount":1886,"publisher":{"@id":"https:\/\/www.meydan.tv\/az\/#organization"},"image":{"@id":"https:\/\/www.meydan.tv\/az\/article\/status-kime-ve-niye\/#primaryimage"},"thumbnailUrl":"https:\/\/www.meydan.tv\/wp-content\/uploads\/image_from_ios_2_p52ittc.original.original-scaled-e1682070233838.jpg","articleSection":["M\u0259nim Fikrimc\u0259"],"inLanguage":"az"},{"@type":"WebPage","@id":"https:\/\/www.meydan.tv\/az\/article\/status-kime-ve-niye\/","url":"https:\/\/www.meydan.tv\/az\/article\/status-kime-ve-niye\/","name":"Status: Kim\u0259 v\u0259 niy\u0259? - MEYDAN.TV","isPartOf":{"@id":"https:\/\/www.meydan.tv\/az\/#website"},"primaryImageOfPage":{"@id":"https:\/\/www.meydan.tv\/az\/article\/status-kime-ve-niye\/#primaryimage"},"image":{"@id":"https:\/\/www.meydan.tv\/az\/article\/status-kime-ve-niye\/#primaryimage"},"thumbnailUrl":"https:\/\/www.meydan.tv\/wp-content\/uploads\/image_from_ios_2_p52ittc.original.original-scaled-e1682070233838.jpg","datePublished":"2022-11-16T10:15:45+00:00","dateModified":"2022-11-16T10:15:47+00:00","breadcrumb":{"@id":"https:\/\/www.meydan.tv\/az\/article\/status-kime-ve-niye\/#breadcrumb"},"inLanguage":"az","potentialAction":[{"@type":"ReadAction","target":["https:\/\/www.meydan.tv\/az\/article\/status-kime-ve-niye\/"]}]},{"@type":"ImageObject","inLanguage":"az","@id":"https:\/\/www.meydan.tv\/az\/article\/status-kime-ve-niye\/#primaryimage","url":"https:\/\/www.meydan.tv\/wp-content\/uploads\/image_from_ios_2_p52ittc.original.original-scaled-e1682070233838.jpg","contentUrl":"https:\/\/www.meydan.tv\/wp-content\/uploads\/image_from_ios_2_p52ittc.original.original-scaled-e1682070233838.jpg","width":2560,"height":1158,"caption":"Foto: Meydan TV"},{"@type":"BreadcrumbList","@id":"https:\/\/www.meydan.tv\/az\/article\/status-kime-ve-niye\/#breadcrumb","itemListElement":[{"@type":"ListItem","position":1,"name":"Ana s\u0259hif\u0259","item":"https:\/\/www.meydan.tv\/az\/"},{"@type":"ListItem","position":2,"name":"M\u0259nim Fikrimc\u0259","item":"https:\/\/www.meydan.tv\/az\/section\/menim-fikrimce\/"},{"@type":"ListItem","position":3,"name":"Status: Kim\u0259 v\u0259 niy\u0259?"}]},{"@type":"WebSite","@id":"https:\/\/www.meydan.tv\/az\/#website","url":"https:\/\/www.meydan.tv\/az\/","name":"MEYDAN.TV","description":"Meydan TV Az\u0259rbaycan\u0131n media m\u0259kan\u0131ndak\u0131 alternativ s\u0259sidir","publisher":{"@id":"https:\/\/www.meydan.tv\/az\/#organization"},"potentialAction":[{"@type":"SearchAction","target":{"@type":"EntryPoint","urlTemplate":"https:\/\/www.meydan.tv\/az\/?s={search_term_string}"},"query-input":{"@type":"PropertyValueSpecification","valueRequired":true,"valueName":"search_term_string"}}],"inLanguage":"az"},{"@type":"Organization","@id":"https:\/\/www.meydan.tv\/az\/#organization","name":"Meydan TV","url":"https:\/\/www.meydan.tv\/az\/","logo":{"@type":"ImageObject","inLanguage":"az","@id":"https:\/\/www.meydan.tv\/az\/#\/schema\/logo\/image\/","url":"https:\/\/www.meydan.tv\/wp-content\/uploads\/2021\/07\/meydan-logo.svg","contentUrl":"https:\/\/www.meydan.tv\/wp-content\/uploads\/2021\/07\/meydan-logo.svg","width":195,"height":46,"caption":"Meydan TV"},"image":{"@id":"https:\/\/www.meydan.tv\/az\/#\/schema\/logo\/image\/"}},{"@type":"Person","@id":"https:\/\/www.meydan.tv\/az\/#\/schema\/person\/9cdbecf90d17180ce1dfbd95b08dcf47","name":"elli","sameAs":["https:\/\/x.com\/elli"]}]}},"_links":{"self":[{"href":"https:\/\/www.meydan.tv\/az\/wp-json\/wp\/v2\/posts\/260972","targetHints":{"allow":["GET"]}}],"collection":[{"href":"https:\/\/www.meydan.tv\/az\/wp-json\/wp\/v2\/posts"}],"about":[{"href":"https:\/\/www.meydan.tv\/az\/wp-json\/wp\/v2\/types\/post"}],"author":[{"embeddable":true,"href":"https:\/\/www.meydan.tv\/az\/wp-json\/wp\/v2\/users\/8"}],"replies":[{"embeddable":true,"href":"https:\/\/www.meydan.tv\/az\/wp-json\/wp\/v2\/comments?post=260972"}],"version-history":[{"count":1,"href":"https:\/\/www.meydan.tv\/az\/wp-json\/wp\/v2\/posts\/260972\/revisions"}],"predecessor-version":[{"id":260974,"href":"https:\/\/www.meydan.tv\/az\/wp-json\/wp\/v2\/posts\/260972\/revisions\/260974"}],"wp:featuredmedia":[{"embeddable":true,"href":"https:\/\/www.meydan.tv\/az\/wp-json\/wp\/v2\/media\/126823"}],"wp:attachment":[{"href":"https:\/\/www.meydan.tv\/az\/wp-json\/wp\/v2\/media?parent=260972"}],"wp:term":[{"taxonomy":"category","embeddable":true,"href":"https:\/\/www.meydan.tv\/az\/wp-json\/wp\/v2\/categories?post=260972"},{"taxonomy":"post_tag","embeddable":true,"href":"https:\/\/www.meydan.tv\/az\/wp-json\/wp\/v2\/tags?post=260972"}],"curies":[{"name":"wp","href":"https:\/\/api.w.org\/{rel}","templated":true}]}}