{"id":260901,"date":"2022-11-15T18:07:45","date_gmt":"2022-11-15T14:07:45","guid":{"rendered":"https:\/\/www.meydan.tv\/?p=260901"},"modified":"2022-11-15T18:07:47","modified_gmt":"2022-11-15T14:07:47","slug":"neftcala-sakini-teze-icra-bascisi-kohneye-rehmet-oxutdurur","status":"publish","type":"post","link":"https:\/\/www.meydan.tv\/az\/article\/neftcala-sakini-teze-icra-bascisi-kohneye-rehmet-oxutdurur\/","title":{"rendered":"Neft\u00e7ala sakini: \u201cT\u0259z\u0259 icra ba\u015f\u00e7\u0131s\u0131 k\u00f6hn\u0259y\u0259 r\u0259hm\u0259t oxutdurur\u201d"},"content":{"rendered":"\n<p><\/p>\n\n\n\n<p><em>Vasif M\u0259cidzad\u0259 deyir, ill\u0259rdir ki, obyekt tikintisin\u0259 h\u0259r bir s\u0259n\u0259di olsa da, icra ba\u015f\u00e7\u0131s\u0131 s\u0259r\u0259ncam vermir<\/em><\/p>\n\n\n\n<p>\u201cM\u0259n\u0259 deyirl\u0259r ki, ora da\u015f t\u00f6ks\u0259n, c\u0259rim\u0259l\u0259n\u0259c\u0259ks\u0259n. Ba\u015f\u00e7\u0131n\u0131n s\u0259r\u0259ncam\u0131 olmadan m\u0259nim ora da\u015f t\u00f6km\u0259k fikrim d\u0259 yoxdur. Ancaq torpa\u011f\u0131n \u00c7\u0131xar\u0131\u015f\u0131, tikintinin layih\u0259si \u2013 h\u0259r bir s\u0259n\u0259dim qaydas\u0131nda ola-ola ba\u015f\u00e7\u0131 s\u0259r\u0259ncam vermir v\u0259 s\u0259b\u0259bini d\u0259 \u0259sasland\u0131ran yoxdur. Torpa\u011f\u0131m el\u0259 bir yerd\u0259dir ki, sa\u011f\u0131mda da, solumda da obyektl\u0259r var. M\u0259nd\u0259n sonra torpaq alanlar \u00e7oxdan hans\u0131sa yolla s\u0259r\u0259ncam al\u0131b obyektl\u0259rini tikib, i\u015fl\u0259dirl\u0259r. M\u0259n r\u00fc\u015fv\u0259t verm\u0259diyim \u00fc\u00e7\u00fcn torpa\u011f\u0131m ortal\u0131qda qal\u0131b\u201d.<\/p>\n\n\n\n<p>Neft\u00e7ala sakini Vasif M\u0259cidzad\u0259 2007-ci ild\u0259 obyekt in\u015fa etdirm\u0259k \u00fc\u00e7\u00fcn rayonun Heyd\u0259r \u018fliyev prospekti 19C \u00fcnvan\u0131nda torpaq sah\u0259si al\u0131b. Uzun ill\u0259r \u0259rzind\u0259 h\u0259min sah\u0259d\u0259 tikinti aparmaq \u00fc\u00e7\u00fcn b\u00fct\u00fcn s\u0259n\u0259dl\u0259ri haz\u0131rlay\u0131b. Ancaq n\u00f6vb\u0259 icra ba\u015f\u00e7\u0131s\u0131n\u0131n s\u0259r\u0259ncam verm\u0259sin\u0259 \u00e7atanda, nec\u0259 dey\u0259rl\u0259r, i\u015f dalana dir\u0259nib. N\u0259 \u0259vv\u0259lki, n\u0259 d\u0259 indiki icra ba\u015f\u00e7\u0131s\u0131 h\u0259m torpa\u011fa, h\u0259m d\u0259 f\u0259rdi tikinti i\u015fl\u0259ri aparma\u011fa b\u00fct\u00fcn s\u0259n\u0259dl\u0259ri olan v\u0259t\u0259nda\u015f\u0131n bu i\u015fi g\u00f6rm\u0259si \u00fc\u00e7\u00fcn s\u0259r\u0259ncam vermir. Vasif M\u0259cidzad\u0259 2021-ci ild\u0259 icra ba\u015f\u00e7\u0131s\u0131 Mirh\u0259s\u0259n Seyidovun q\u0259bulunda da olub:<\/p>\n\n\n\n<p>\u201cSoru\u015fdu ki, bu yeri n\u0259 vaxt alm\u0131san? Dedim, 2007-ci ild\u0259. Dedi, o vaxt s\u0259nin ne\u00e7\u0259 ya\u015f\u0131n olub? Pulu hardan \u0259ld\u0259 edib torpaq alm\u0131san? Dedim, heyvanlar\u0131m\u0131z\u0131 satm\u0131\u015f\u0131q, atam k\u00f6m\u0259klik edib, alm\u0131\u015fam. Halbuki, ba\u015f\u00e7\u0131dan s\u0259n\u0259dli yerim\u0259 obyekt tikintisi \u00fc\u00e7\u00fcn s\u0259r\u0259ncam verm\u0259sini ist\u0259yirdim, onun v\u0259zif\u0259sin\u0259 d\u00fc\u015f\u0259n d\u0259 onu etm\u0259k idi, bel\u0259 suallar verm\u0259k deyildi. Sonra da soru\u015fdu ki, orda n\u0259 tik\u0259c\u0259ks\u0259n? Dedim, h\u0259l\u0259 bilmir\u0259m. Dedi, bird\u0259n ma\u011faza tik\u0259rs\u0259n ha, rayonda ma\u011faza \u00e7oxdur. Bel\u0259c\u0259, \u00f6z\u00fcn\u0259 aidiyy\u0259ti olmayan m\u0259s\u0259l\u0259l\u0259rd\u0259n d\u0131rnaqaras\u0131 \u00f6y\u00fcd-n\u0259sih\u0259tini verdi, dedi, get, s\u0259n\u0259dl\u0259rini yoxlatd\u0131racam, qanunsuz olsa, prokurorlu\u011fa ver\u0259c\u0259m, \u00e7\u00fcnki \u0259vv\u0259ll\u0259r rayonda \u00e7ox qanunsuzluqlar olub, saxta s\u0259n\u0259dl\u0259r verilib\u201d.<\/p>\n\n\n\n<p>\u0130cra ba\u015f\u00e7\u0131s\u0131n\u0131n q\u0259bulundan bir h\u0259ft\u0259 sonra Vasif M\u0259cidzad\u0259y\u0259 m\u0259ktub g\u0259lib ki, torpaq sah\u0259sin\u0259 g\u00f6r\u0259 d\u00f6vl\u0259t\u0259 15 il \u0259rzind\u0259 \u00fcst-\u00fcst\u0259 y\u0131\u011f\u0131lm\u0131\u015f 650 manat 58 q\u0259pik torpaqpulu borcu var. Borcu \u00f6d\u0259yib, \u00fcst\u00fcnd\u0259n 1 il ke\u00e7ib, ancaq yen\u0259 d\u0259 s\u0259r\u0259ncam verilm\u0259yib. Yen\u0259 icra ba\u015f\u00e7\u0131s\u0131n\u0131n q\u0259buluna d\u00fc\u015fm\u0259k ist\u0259s\u0259 d\u0259, d\u00fc\u015f\u0259 bilmir. \u018fv\u0259zind\u0259 ba\u015f\u0131na ba\u015fqa i\u015f g\u0259lib:<\/p>\n\n\n\n<p>\u201c4 aydan \u00e7oxdur ki, q\u0259bula d\u00fc\u015f\u00fcb s\u00f6z\u00fcm\u00fc dey\u0259 bilmir\u0259m ki, ay m\u00fc\u0259llim, dedin, s\u0259n\u0259dl\u0259rini yoxladacam, yoxlatd\u0131n, 650 manat 58 q\u0259pik borcumdan ba\u015fqa he\u00e7 n\u0259 tapa bilm\u0259din. Onu da dedin \u00f6d\u0259, \u00f6d\u0259dim. \u0130ndi niy\u0259 s\u0259r\u0259ncam vermirs\u0259n? Gedirdim, ad\u0131m\u0131-soyad\u0131m\u0131 yaz\u0131rd\u0131lar, deyirdil\u0259r, get, filan g\u00fcn q\u0259buldur, g\u0259l\u0259rs\u0259n. Dedikl\u0259ri tarixd\u0259 gedirdim, m\u0259lum olurdu ki, ad\u0131m\u0131 siyah\u0131ya salmay\u0131blar, yalandan deyirdil\u0259r, yaz\u0131lmam\u0131san\u201d.<\/p>\n\n\n\n<p>N\u0259hay\u0259t, Vasif M\u0259cidzad\u0259 icra hakimiyy\u0259tinin \u201cFacebook\u201ddak\u0131 r\u0259smi s\u0259hif\u0259sind\u0259n m\u00fcraci\u0259t ed\u0259r\u0259k icra ba\u015f\u00e7\u0131s\u0131n\u0131n q\u0259buluna yaz\u0131l\u0131b ki, sonra q\u0259bul \u00fc\u00e7\u00fcn m\u00fcraci\u0259t etdiyini dana bilm\u0259sinl\u0259r:<\/p>\n\n\n\n<p>\u201cQ\u0259bul g\u00fcn\u00fc getdim, h\u0259mi\u015f\u0259ki kimi yen\u0259 m\u00fcavinl\u0259ri q\u0259bul edirdi, \u00f6z\u00fc yox\u2026 Q\u0259bula g\u0259lmi\u015f v\u0259t\u0259nda\u015flar\u0131n siyah\u0131s\u0131n\u0131 tutan bir \u0259m\u0259kda\u015f n\u0259 \u00fc\u00e7\u00fcn g\u0259ldiyimi soru\u015fdu. S\u0259n\u0259dl\u0259rim\u0259 baxd\u0131, dedi, s\u0259nin b\u00fct\u00fcn s\u0259n\u0259dl\u0259rin qaydas\u0131ndad\u0131r, s\u0259r\u0259ncam alma\u011f\u0131n da iki vur ikidir. M\u0259n s\u0259n\u0259 k\u00f6m\u0259k ed\u0259c\u0259m. \u018flaq\u0259 n\u00f6mr\u0259mi g\u00f6t\u00fcrd\u00fc\u201d.<\/p>\n\n\n\n<p>V\u0259t\u0259nda\u015f\u0131n iddias\u0131na g\u00f6r\u0259, bir ne\u00e7\u0259 g\u00fcn sonra icra hakimiyy\u0259tinin h\u0259min \u0259m\u0259kda\u015f\u0131 ona z\u0259ng vurub, g\u00f6r\u00fc\u015f\u00fcbl\u0259r. Qurumun \u0259m\u0259kda\u015f\u0131 s\u0259r\u0259ncam m\u0259s\u0259l\u0259sini h\u0259ll etm\u0259k \u00fc\u00e7\u00fcn 6 min manat ist\u0259yib:<\/p>\n\n\n<div class=\"wp-block-image\">\n<figure class=\"alignleft size-full is-resized\"><img decoding=\"async\" data-src=\"https:\/\/www.meydan.tv\/wp-content\/uploads\/untitled-design-8-20.jpg\" alt=\"\" class=\"wp-image-260902 lazyload\" width=\"398\" height=\"266\" src=\"data:image\/svg+xml;base64,PHN2ZyB3aWR0aD0iMSIgaGVpZ2h0PSIxIiB4bWxucz0iaHR0cDovL3d3dy53My5vcmcvMjAwMC9zdmciPjwvc3ZnPg==\" style=\"--smush-placeholder-width: 398px; --smush-placeholder-aspect-ratio: 398\/266;\" \/><\/figure>\n<\/div>\n\n\n<p>\u201cDedim, m\u0259nd\u0259n sonra torpaq alanlar obyekt tikibl\u0259r, sa\u011f\u0131mda, solumda obyektl\u0259r var, birc\u0259 m\u0259nim i\u015fim da\u015fdan \u00e7\u0131x\u0131r. Dedi, bu m\u0259s\u0259l\u0259l\u0259r bel\u0259 h\u0259ll olunur. 6 min manat ver, q\u0131sa m\u00fcdd\u0259td\u0259 s\u0259r\u0259ncam s\u0259nd\u0259dir. Bir az da s\u00f6hb\u0259t edib, m\u0259bl\u0259\u011fi 5 min manata sald\u0131. M\u0259n d\u0259 1000 manat verdim, dedim, i\u015f d\u00fcz\u0259lsin, qalan\u0131n\u0131 da ver\u0259r\u0259m. Bir m\u00fcdd\u0259t sonra baxd\u0131m ki, he\u00e7 bir t\u0259z\u0259 x\u0259b\u0259r yoxdur, he\u00e7 n\u0259 etmir, pulumu geri ist\u0259dim. O pulu ondan almaq \u00fc\u00e7\u00fcn iki ay arxas\u0131nca d\u00fc\u015fd\u00fcm. O pulu ondan z\u00fclml\u0259 geri ala bildim. Dem\u0259yim odur ki, v\u0259t\u0259nda\u015f ba\u015f\u00e7\u0131n\u0131n q\u0259buluna gedir, qap\u0131s\u0131nda bel\u0259l\u0259rinin toruna d\u00fc\u015f\u00fcr. Ba\u015f\u00e7\u0131 v\u0259t\u0259nda\u015f\u0131 q\u0259bul edib dinl\u0259s\u0259, v\u0259t\u0259nda\u015f\u0131n haqq\u0131 olan s\u0259r\u0259ncam\u0131 vers\u0259, v\u0259t\u0259nda\u015f da bel\u0259l\u0259rinin toruna d\u00fc\u015fm\u0259z\u201d.<\/p>\n\n\n\n<p>Vasif M\u0259cidzad\u0259 indiki icra ba\u015f\u00e7\u0131s\u0131 il\u0259 \u0259vv\u0259lkini m\u00fcqayis\u0259 edir. Deyir, rayona t\u0259z\u0259 icra ba\u015f\u00e7\u0131s\u0131 t\u0259yin olunanda d\u00fc\u015f\u00fcn\u00fcbl\u0259r ki, g\u0259ncdir, k\u00f6hn\u0259d\u0259n canlar\u0131 qurtar\u0131b, bu, savadl\u0131d\u0131r. Ancaq indi Vasif M\u0259cidzad\u0259 d\u00fc\u015f\u00fcn\u00fcr ki, yeni r\u0259hb\u0259r g\u00f6r\u00fcnt\u00fc \u00fc\u00e7\u00fcn i\u015fl\u0259yir:<\/p>\n\n\n\n<p>\u201c\u015e\u0259hid, qazi ail\u0259l\u0259rin\u0259 gedir, orda \u015f\u0259kil, burda \u015f\u0259kil\u2026 \u015e\u0259hid ail\u0259l\u0259riyl\u0259 fotosessiyalar filan, h\u0259r \u015fey g\u00f6r\u00fcnt\u00fc \u00fc\u00e7\u00fcn\u2026 \u0130\u015f\u0259 g\u0259l\u0259nd\u0259, m\u0259nim kimi v\u0259t\u0259nda\u015flar\u0131 qap\u0131s\u0131nda s\u00fcr\u00fcnd\u00fcr\u00fcr\u201d.<\/p>\n\n\n\n<p>Neft\u00e7ala Rayon \u0130cra Hakimiyy\u0259tind\u0259n Meydan TV-y\u0259 bildirilib ki, h\u0259r h\u0259ft\u0259nin c\u00fcm\u0259 g\u00fcnl\u0259ri icra hakimiyy\u0259tinin ba\u015f\u00e7\u0131s\u0131 Mirh\u0259s\u0259n Seyidovun q\u0259bul g\u00fcnl\u0259ridir. Ba\u015f\u00e7\u0131 h\u0259r bir v\u0259t\u0259nda\u015f\u0131 q\u0259bul edir, dinl\u0259yir. Vasif M\u0259cidzad\u0259 d\u0259 q\u0259bula yaz\u0131la, icra ba\u015f\u00e7\u0131s\u0131yla g\u00f6r\u00fc\u015f\u0259, problemini dey\u0259 bil\u0259r. \u018fg\u0259r v\u0259t\u0259nda\u015f\u0131n h\u0259r bir s\u0259n\u0259di qaydas\u0131ndad\u0131rsa, uy\u011fun t\u0259dbir d\u0259 g\u00f6r\u00fcl\u0259r.<\/p>\n\n\n\n<p>Neft\u00e7alan\u0131n bundan \u0259vv\u0259lki icra ba\u015f\u00e7\u0131s\u0131, DTX t\u0259r\u0259find\u0259n saxlan\u0131lm\u0131\u015f \u0130smay\u0131l V\u0259liyev m\u0259nims\u0259m\u0259, v\u0259zif\u0259 s\u0259lahiyy\u0259tl\u0259rind\u0259n sui-istifad\u0259, r\u00fc\u015fv\u0259talma cinay\u0259tl\u0259rin\u0259 g\u00f6r\u0259 \u00f6t\u0259n il L\u0259nk\u0259ran A\u011f\u0131r Cinay\u0259tl\u0259r M\u0259hk\u0259m\u0259sinin h\u00f6km\u00fcyl\u0259 10 il, qurumun daha bir ne\u00e7\u0259 \u015f\u00f6b\u0259 m\u00fcdiri is\u0259 m\u00fcxt\u0259lif ill\u0259r\u0259 azadl\u0131qdan m\u0259hrum edilibl\u0259r. Bu ilin may\u0131nda \u015eirvan Apelyasiya M\u0259hk\u0259m\u0259si ke\u00e7mi\u015f icra ba\u015f\u00e7\u0131s\u0131n\u0131n c\u0259zas\u0131 9 il 6 ayad\u0259k azald\u0131l\u0131b.<\/p>\n","protected":false},"excerpt":{"rendered":"<p>Vasif M\u0259cidzad\u0259 deyir, ill\u0259rdir ki, obyekt tikintisin\u0259 h\u0259r bir s\u0259n\u0259di &#8230; <\/p>\n<p class=\"read-more-container\"><a title=\"Neft\u00e7ala sakini: \u201cT\u0259z\u0259 icra ba\u015f\u00e7\u0131s\u0131 k\u00f6hn\u0259y\u0259 r\u0259hm\u0259t oxutdurur\u201d\" class=\"read-more button\" href=\"https:\/\/www.meydan.tv\/az\/article\/neftcala-sakini-teze-icra-bascisi-kohneye-rehmet-oxutdurur\/#more-260901\" aria-label=\"Read more about Neft\u00e7ala sakini: \u201cT\u0259z\u0259 icra ba\u015f\u00e7\u0131s\u0131 k\u00f6hn\u0259y\u0259 r\u0259hm\u0259t oxutdurur\u201d\">Davam\u0131<\/a><\/p>\n","protected":false},"author":8,"featured_media":260898,"comment_status":"closed","ping_status":"closed","sticky":false,"template":"","format":"standard","meta":{"_acf_changed":false,"_sitemap_exclude":false,"_sitemap_priority":"","_sitemap_frequency":"","footnotes":""},"categories":[60,56],"tags":[],"class_list":["post-260901","post","type-post","status-publish","format-standard","has-post-thumbnail","hentry","category-bolge","category-xeberler","infinite-scroll-item","generate-columns","tablet-grid-50","mobile-grid-100","grid-parent","grid-33","no-featured-image-padding"],"acf":[],"yoast_head":"<!-- This site is optimized with the Yoast SEO plugin v27.5 - https:\/\/yoast.com\/product\/yoast-seo-wordpress\/ -->\n<title>Neft\u00e7ala sakini: \u201cT\u0259z\u0259 icra ba\u015f\u00e7\u0131s\u0131 k\u00f6hn\u0259y\u0259 r\u0259hm\u0259t oxutdurur\u201d - MEYDAN.TV<\/title>\n<meta name=\"robots\" content=\"index, follow, max-snippet:-1, max-image-preview:large, max-video-preview:-1\" \/>\n<link rel=\"canonical\" href=\"https:\/\/www.meydan.tv\/az\/article\/neftcala-sakini-teze-icra-bascisi-kohneye-rehmet-oxutdurur\/\" \/>\n<meta property=\"og:locale\" content=\"az_AZ\" \/>\n<meta property=\"og:type\" content=\"article\" \/>\n<meta property=\"og:title\" content=\"Neft\u00e7ala sakini: \u201cT\u0259z\u0259 icra ba\u015f\u00e7\u0131s\u0131 k\u00f6hn\u0259y\u0259 r\u0259hm\u0259t oxutdurur\u201d - MEYDAN.TV\" \/>\n<meta property=\"og:description\" content=\"Vasif M\u0259cidzad\u0259 deyir, ill\u0259rdir ki, obyekt tikintisin\u0259 h\u0259r bir s\u0259n\u0259di ... Davam\u0131\" \/>\n<meta property=\"og:url\" content=\"https:\/\/www.meydan.tv\/az\/article\/neftcala-sakini-teze-icra-bascisi-kohneye-rehmet-oxutdurur\/\" \/>\n<meta property=\"og:site_name\" content=\"MEYDAN.TV\" \/>\n<meta property=\"article:published_time\" content=\"2022-11-15T14:07:45+00:00\" \/>\n<meta property=\"article:modified_time\" content=\"2022-11-15T14:07:47+00:00\" \/>\n<meta property=\"og:image\" content=\"https:\/\/www.meydan.tv\/wp-content\/uploads\/untitled-design-7-26.jpg\" \/>\n\t<meta property=\"og:image:width\" content=\"1200\" \/>\n\t<meta property=\"og:image:height\" content=\"800\" \/>\n\t<meta property=\"og:image:type\" content=\"image\/jpeg\" \/>\n<meta name=\"author\" content=\"elli\" \/>\n<meta name=\"twitter:card\" content=\"summary_large_image\" \/>\n<meta name=\"twitter:creator\" content=\"@elli\" \/>\n<script type=\"application\/ld+json\" class=\"yoast-schema-graph\">{\"@context\":\"https:\\\/\\\/schema.org\",\"@graph\":[{\"@type\":\"Article\",\"@id\":\"https:\\\/\\\/www.meydan.tv\\\/az\\\/article\\\/neftcala-sakini-teze-icra-bascisi-kohneye-rehmet-oxutdurur\\\/#article\",\"isPartOf\":{\"@id\":\"https:\\\/\\\/www.meydan.tv\\\/az\\\/article\\\/neftcala-sakini-teze-icra-bascisi-kohneye-rehmet-oxutdurur\\\/\"},\"author\":{\"name\":\"elli\",\"@id\":\"https:\\\/\\\/www.meydan.tv\\\/az\\\/#\\\/schema\\\/person\\\/9cdbecf90d17180ce1dfbd95b08dcf47\"},\"headline\":\"Neft\u00e7ala sakini: \u201cT\u0259z\u0259 icra ba\u015f\u00e7\u0131s\u0131 k\u00f6hn\u0259y\u0259 r\u0259hm\u0259t oxutdurur\u201d\",\"datePublished\":\"2022-11-15T14:07:45+00:00\",\"dateModified\":\"2022-11-15T14:07:47+00:00\",\"mainEntityOfPage\":{\"@id\":\"https:\\\/\\\/www.meydan.tv\\\/az\\\/article\\\/neftcala-sakini-teze-icra-bascisi-kohneye-rehmet-oxutdurur\\\/\"},\"wordCount\":1253,\"publisher\":{\"@id\":\"https:\\\/\\\/www.meydan.tv\\\/az\\\/#organization\"},\"image\":{\"@id\":\"https:\\\/\\\/www.meydan.tv\\\/az\\\/article\\\/neftcala-sakini-teze-icra-bascisi-kohneye-rehmet-oxutdurur\\\/#primaryimage\"},\"thumbnailUrl\":\"https:\\\/\\\/www.meydan.tv\\\/wp-content\\\/uploads\\\/untitled-design-7-26.jpg\",\"articleSection\":[\"B\u00f6lg\u0259\",\"X\u0259b\u0259rl\u0259r\"],\"inLanguage\":\"az\"},{\"@type\":\"WebPage\",\"@id\":\"https:\\\/\\\/www.meydan.tv\\\/az\\\/article\\\/neftcala-sakini-teze-icra-bascisi-kohneye-rehmet-oxutdurur\\\/\",\"url\":\"https:\\\/\\\/www.meydan.tv\\\/az\\\/article\\\/neftcala-sakini-teze-icra-bascisi-kohneye-rehmet-oxutdurur\\\/\",\"name\":\"Neft\u00e7ala sakini: \u201cT\u0259z\u0259 icra ba\u015f\u00e7\u0131s\u0131 k\u00f6hn\u0259y\u0259 r\u0259hm\u0259t oxutdurur\u201d - MEYDAN.TV\",\"isPartOf\":{\"@id\":\"https:\\\/\\\/www.meydan.tv\\\/az\\\/#website\"},\"primaryImageOfPage\":{\"@id\":\"https:\\\/\\\/www.meydan.tv\\\/az\\\/article\\\/neftcala-sakini-teze-icra-bascisi-kohneye-rehmet-oxutdurur\\\/#primaryimage\"},\"image\":{\"@id\":\"https:\\\/\\\/www.meydan.tv\\\/az\\\/article\\\/neftcala-sakini-teze-icra-bascisi-kohneye-rehmet-oxutdurur\\\/#primaryimage\"},\"thumbnailUrl\":\"https:\\\/\\\/www.meydan.tv\\\/wp-content\\\/uploads\\\/untitled-design-7-26.jpg\",\"datePublished\":\"2022-11-15T14:07:45+00:00\",\"dateModified\":\"2022-11-15T14:07:47+00:00\",\"breadcrumb\":{\"@id\":\"https:\\\/\\\/www.meydan.tv\\\/az\\\/article\\\/neftcala-sakini-teze-icra-bascisi-kohneye-rehmet-oxutdurur\\\/#breadcrumb\"},\"inLanguage\":\"az\",\"potentialAction\":[{\"@type\":\"ReadAction\",\"target\":[\"https:\\\/\\\/www.meydan.tv\\\/az\\\/article\\\/neftcala-sakini-teze-icra-bascisi-kohneye-rehmet-oxutdurur\\\/\"]}]},{\"@type\":\"ImageObject\",\"inLanguage\":\"az\",\"@id\":\"https:\\\/\\\/www.meydan.tv\\\/az\\\/article\\\/neftcala-sakini-teze-icra-bascisi-kohneye-rehmet-oxutdurur\\\/#primaryimage\",\"url\":\"https:\\\/\\\/www.meydan.tv\\\/wp-content\\\/uploads\\\/untitled-design-7-26.jpg\",\"contentUrl\":\"https:\\\/\\\/www.meydan.tv\\\/wp-content\\\/uploads\\\/untitled-design-7-26.jpg\",\"width\":1200,\"height\":800,\"caption\":\"Vasif M\u0259cidzad\u0259. Foto: Meydan TV\"},{\"@type\":\"BreadcrumbList\",\"@id\":\"https:\\\/\\\/www.meydan.tv\\\/az\\\/article\\\/neftcala-sakini-teze-icra-bascisi-kohneye-rehmet-oxutdurur\\\/#breadcrumb\",\"itemListElement\":[{\"@type\":\"ListItem\",\"position\":1,\"name\":\"Ana s\u0259hif\u0259\",\"item\":\"https:\\\/\\\/www.meydan.tv\\\/az\\\/\"},{\"@type\":\"ListItem\",\"position\":2,\"name\":\"B\u00f6lg\u0259\",\"item\":\"https:\\\/\\\/www.meydan.tv\\\/az\\\/section\\\/bolge\\\/\"},{\"@type\":\"ListItem\",\"position\":3,\"name\":\"Neft\u00e7ala sakini: \u201cT\u0259z\u0259 icra ba\u015f\u00e7\u0131s\u0131 k\u00f6hn\u0259y\u0259 r\u0259hm\u0259t oxutdurur\u201d\"}]},{\"@type\":\"WebSite\",\"@id\":\"https:\\\/\\\/www.meydan.tv\\\/az\\\/#website\",\"url\":\"https:\\\/\\\/www.meydan.tv\\\/az\\\/\",\"name\":\"MEYDAN.TV\",\"description\":\"Meydan TV Az\u0259rbaycan\u0131n media m\u0259kan\u0131ndak\u0131 alternativ s\u0259sidir\",\"publisher\":{\"@id\":\"https:\\\/\\\/www.meydan.tv\\\/az\\\/#organization\"},\"potentialAction\":[{\"@type\":\"SearchAction\",\"target\":{\"@type\":\"EntryPoint\",\"urlTemplate\":\"https:\\\/\\\/www.meydan.tv\\\/az\\\/?s={search_term_string}\"},\"query-input\":{\"@type\":\"PropertyValueSpecification\",\"valueRequired\":true,\"valueName\":\"search_term_string\"}}],\"inLanguage\":\"az\"},{\"@type\":\"Organization\",\"@id\":\"https:\\\/\\\/www.meydan.tv\\\/az\\\/#organization\",\"name\":\"Meydan TV\",\"url\":\"https:\\\/\\\/www.meydan.tv\\\/az\\\/\",\"logo\":{\"@type\":\"ImageObject\",\"inLanguage\":\"az\",\"@id\":\"https:\\\/\\\/www.meydan.tv\\\/az\\\/#\\\/schema\\\/logo\\\/image\\\/\",\"url\":\"https:\\\/\\\/www.meydan.tv\\\/wp-content\\\/uploads\\\/2021\\\/07\\\/meydan-logo.svg\",\"contentUrl\":\"https:\\\/\\\/www.meydan.tv\\\/wp-content\\\/uploads\\\/2021\\\/07\\\/meydan-logo.svg\",\"width\":195,\"height\":46,\"caption\":\"Meydan TV\"},\"image\":{\"@id\":\"https:\\\/\\\/www.meydan.tv\\\/az\\\/#\\\/schema\\\/logo\\\/image\\\/\"}},{\"@type\":\"Person\",\"@id\":\"https:\\\/\\\/www.meydan.tv\\\/az\\\/#\\\/schema\\\/person\\\/9cdbecf90d17180ce1dfbd95b08dcf47\",\"name\":\"elli\",\"sameAs\":[\"https:\\\/\\\/x.com\\\/elli\"]}]}<\/script>\n<!-- \/ Yoast SEO plugin. -->","yoast_head_json":{"title":"Neft\u00e7ala sakini: \u201cT\u0259z\u0259 icra ba\u015f\u00e7\u0131s\u0131 k\u00f6hn\u0259y\u0259 r\u0259hm\u0259t oxutdurur\u201d - MEYDAN.TV","robots":{"index":"index","follow":"follow","max-snippet":"max-snippet:-1","max-image-preview":"max-image-preview:large","max-video-preview":"max-video-preview:-1"},"canonical":"https:\/\/www.meydan.tv\/az\/article\/neftcala-sakini-teze-icra-bascisi-kohneye-rehmet-oxutdurur\/","og_locale":"az_AZ","og_type":"article","og_title":"Neft\u00e7ala sakini: \u201cT\u0259z\u0259 icra ba\u015f\u00e7\u0131s\u0131 k\u00f6hn\u0259y\u0259 r\u0259hm\u0259t oxutdurur\u201d - MEYDAN.TV","og_description":"Vasif M\u0259cidzad\u0259 deyir, ill\u0259rdir ki, obyekt tikintisin\u0259 h\u0259r bir s\u0259n\u0259di ... Davam\u0131","og_url":"https:\/\/www.meydan.tv\/az\/article\/neftcala-sakini-teze-icra-bascisi-kohneye-rehmet-oxutdurur\/","og_site_name":"MEYDAN.TV","article_published_time":"2022-11-15T14:07:45+00:00","article_modified_time":"2022-11-15T14:07:47+00:00","og_image":[{"width":1200,"height":800,"url":"https:\/\/www.meydan.tv\/wp-content\/uploads\/untitled-design-7-26.jpg","type":"image\/jpeg"}],"author":"elli","twitter_card":"summary_large_image","twitter_creator":"@elli","schema":{"@context":"https:\/\/schema.org","@graph":[{"@type":"Article","@id":"https:\/\/www.meydan.tv\/az\/article\/neftcala-sakini-teze-icra-bascisi-kohneye-rehmet-oxutdurur\/#article","isPartOf":{"@id":"https:\/\/www.meydan.tv\/az\/article\/neftcala-sakini-teze-icra-bascisi-kohneye-rehmet-oxutdurur\/"},"author":{"name":"elli","@id":"https:\/\/www.meydan.tv\/az\/#\/schema\/person\/9cdbecf90d17180ce1dfbd95b08dcf47"},"headline":"Neft\u00e7ala sakini: \u201cT\u0259z\u0259 icra ba\u015f\u00e7\u0131s\u0131 k\u00f6hn\u0259y\u0259 r\u0259hm\u0259t oxutdurur\u201d","datePublished":"2022-11-15T14:07:45+00:00","dateModified":"2022-11-15T14:07:47+00:00","mainEntityOfPage":{"@id":"https:\/\/www.meydan.tv\/az\/article\/neftcala-sakini-teze-icra-bascisi-kohneye-rehmet-oxutdurur\/"},"wordCount":1253,"publisher":{"@id":"https:\/\/www.meydan.tv\/az\/#organization"},"image":{"@id":"https:\/\/www.meydan.tv\/az\/article\/neftcala-sakini-teze-icra-bascisi-kohneye-rehmet-oxutdurur\/#primaryimage"},"thumbnailUrl":"https:\/\/www.meydan.tv\/wp-content\/uploads\/untitled-design-7-26.jpg","articleSection":["B\u00f6lg\u0259","X\u0259b\u0259rl\u0259r"],"inLanguage":"az"},{"@type":"WebPage","@id":"https:\/\/www.meydan.tv\/az\/article\/neftcala-sakini-teze-icra-bascisi-kohneye-rehmet-oxutdurur\/","url":"https:\/\/www.meydan.tv\/az\/article\/neftcala-sakini-teze-icra-bascisi-kohneye-rehmet-oxutdurur\/","name":"Neft\u00e7ala sakini: \u201cT\u0259z\u0259 icra ba\u015f\u00e7\u0131s\u0131 k\u00f6hn\u0259y\u0259 r\u0259hm\u0259t oxutdurur\u201d - MEYDAN.TV","isPartOf":{"@id":"https:\/\/www.meydan.tv\/az\/#website"},"primaryImageOfPage":{"@id":"https:\/\/www.meydan.tv\/az\/article\/neftcala-sakini-teze-icra-bascisi-kohneye-rehmet-oxutdurur\/#primaryimage"},"image":{"@id":"https:\/\/www.meydan.tv\/az\/article\/neftcala-sakini-teze-icra-bascisi-kohneye-rehmet-oxutdurur\/#primaryimage"},"thumbnailUrl":"https:\/\/www.meydan.tv\/wp-content\/uploads\/untitled-design-7-26.jpg","datePublished":"2022-11-15T14:07:45+00:00","dateModified":"2022-11-15T14:07:47+00:00","breadcrumb":{"@id":"https:\/\/www.meydan.tv\/az\/article\/neftcala-sakini-teze-icra-bascisi-kohneye-rehmet-oxutdurur\/#breadcrumb"},"inLanguage":"az","potentialAction":[{"@type":"ReadAction","target":["https:\/\/www.meydan.tv\/az\/article\/neftcala-sakini-teze-icra-bascisi-kohneye-rehmet-oxutdurur\/"]}]},{"@type":"ImageObject","inLanguage":"az","@id":"https:\/\/www.meydan.tv\/az\/article\/neftcala-sakini-teze-icra-bascisi-kohneye-rehmet-oxutdurur\/#primaryimage","url":"https:\/\/www.meydan.tv\/wp-content\/uploads\/untitled-design-7-26.jpg","contentUrl":"https:\/\/www.meydan.tv\/wp-content\/uploads\/untitled-design-7-26.jpg","width":1200,"height":800,"caption":"Vasif M\u0259cidzad\u0259. Foto: Meydan TV"},{"@type":"BreadcrumbList","@id":"https:\/\/www.meydan.tv\/az\/article\/neftcala-sakini-teze-icra-bascisi-kohneye-rehmet-oxutdurur\/#breadcrumb","itemListElement":[{"@type":"ListItem","position":1,"name":"Ana s\u0259hif\u0259","item":"https:\/\/www.meydan.tv\/az\/"},{"@type":"ListItem","position":2,"name":"B\u00f6lg\u0259","item":"https:\/\/www.meydan.tv\/az\/section\/bolge\/"},{"@type":"ListItem","position":3,"name":"Neft\u00e7ala sakini: \u201cT\u0259z\u0259 icra ba\u015f\u00e7\u0131s\u0131 k\u00f6hn\u0259y\u0259 r\u0259hm\u0259t oxutdurur\u201d"}]},{"@type":"WebSite","@id":"https:\/\/www.meydan.tv\/az\/#website","url":"https:\/\/www.meydan.tv\/az\/","name":"MEYDAN.TV","description":"Meydan TV Az\u0259rbaycan\u0131n media m\u0259kan\u0131ndak\u0131 alternativ s\u0259sidir","publisher":{"@id":"https:\/\/www.meydan.tv\/az\/#organization"},"potentialAction":[{"@type":"SearchAction","target":{"@type":"EntryPoint","urlTemplate":"https:\/\/www.meydan.tv\/az\/?s={search_term_string}"},"query-input":{"@type":"PropertyValueSpecification","valueRequired":true,"valueName":"search_term_string"}}],"inLanguage":"az"},{"@type":"Organization","@id":"https:\/\/www.meydan.tv\/az\/#organization","name":"Meydan TV","url":"https:\/\/www.meydan.tv\/az\/","logo":{"@type":"ImageObject","inLanguage":"az","@id":"https:\/\/www.meydan.tv\/az\/#\/schema\/logo\/image\/","url":"https:\/\/www.meydan.tv\/wp-content\/uploads\/2021\/07\/meydan-logo.svg","contentUrl":"https:\/\/www.meydan.tv\/wp-content\/uploads\/2021\/07\/meydan-logo.svg","width":195,"height":46,"caption":"Meydan TV"},"image":{"@id":"https:\/\/www.meydan.tv\/az\/#\/schema\/logo\/image\/"}},{"@type":"Person","@id":"https:\/\/www.meydan.tv\/az\/#\/schema\/person\/9cdbecf90d17180ce1dfbd95b08dcf47","name":"elli","sameAs":["https:\/\/x.com\/elli"]}]}},"_links":{"self":[{"href":"https:\/\/www.meydan.tv\/az\/wp-json\/wp\/v2\/posts\/260901","targetHints":{"allow":["GET"]}}],"collection":[{"href":"https:\/\/www.meydan.tv\/az\/wp-json\/wp\/v2\/posts"}],"about":[{"href":"https:\/\/www.meydan.tv\/az\/wp-json\/wp\/v2\/types\/post"}],"author":[{"embeddable":true,"href":"https:\/\/www.meydan.tv\/az\/wp-json\/wp\/v2\/users\/8"}],"replies":[{"embeddable":true,"href":"https:\/\/www.meydan.tv\/az\/wp-json\/wp\/v2\/comments?post=260901"}],"version-history":[{"count":1,"href":"https:\/\/www.meydan.tv\/az\/wp-json\/wp\/v2\/posts\/260901\/revisions"}],"predecessor-version":[{"id":260905,"href":"https:\/\/www.meydan.tv\/az\/wp-json\/wp\/v2\/posts\/260901\/revisions\/260905"}],"wp:featuredmedia":[{"embeddable":true,"href":"https:\/\/www.meydan.tv\/az\/wp-json\/wp\/v2\/media\/260898"}],"wp:attachment":[{"href":"https:\/\/www.meydan.tv\/az\/wp-json\/wp\/v2\/media?parent=260901"}],"wp:term":[{"taxonomy":"category","embeddable":true,"href":"https:\/\/www.meydan.tv\/az\/wp-json\/wp\/v2\/categories?post=260901"},{"taxonomy":"post_tag","embeddable":true,"href":"https:\/\/www.meydan.tv\/az\/wp-json\/wp\/v2\/tags?post=260901"}],"curies":[{"name":"wp","href":"https:\/\/api.w.org\/{rel}","templated":true}]}}