{"id":260789,"date":"2022-11-15T12:57:31","date_gmt":"2022-11-15T08:57:31","guid":{"rendered":"https:\/\/www.meydan.tv\/?p=260789"},"modified":"2022-11-15T12:57:33","modified_gmt":"2022-11-15T08:57:33","slug":"kecmis-icra-bascisina-verilmis-ittihamlarin-detallari-melum-olub","status":"publish","type":"post","link":"https:\/\/www.meydan.tv\/az\/article\/kecmis-icra-bascisina-verilmis-ittihamlarin-detallari-melum-olub\/","title":{"rendered":"Ke\u00e7mi\u015f icra ba\u015f\u00e7\u0131s\u0131na verilmi\u015f ittihamlar\u0131n detallar\u0131 m\u0259lum olub"},"content":{"rendered":"\n<p><\/p>\n\n\n\n<p><em>Alimpa\u015fa M\u0259mm\u0259dov cinay\u0259t yolu il\u0259 \u0259ld\u0259 edilmi\u015f v\u0259saitl\u0259ri leqalla\u015fd\u0131rmaqda da ittiham edilir<\/em><\/p>\n\n\n\n<p>\u015e\u0259mkirin ke\u00e7mi\u015f icra ba\u015f\u00e7\u0131s\u0131, m\u0259hk\u0259m\u0259si yeni ba\u015flayan Alimpa\u015fa M\u0259mm\u0259dova qar\u015f\u0131 ir\u0259li s\u00fcr\u00fclm\u00fc\u015f ittihamlar\u0131n detallar\u0131 Meydan TV-y\u0259 m\u0259lum olub. \u0130lyar\u0131md\u0131r h\u0259bsd\u0259 olan sabiq icra ba\u015f\u00e7\u0131s\u0131 x\u00fcsusil\u0259 k\u00fclli miqdarda m\u0259nims\u0259m\u0259, r\u00fc\u015fv\u0259t, v\u0259zif\u0259 s\u0259lahiyy\u0259tl\u0259rind\u0259n sui-istifad\u0259 il\u0259 yana\u015f\u0131, h\u0259m d\u0259 cinay\u0259t yoluyla \u0259ld\u0259 edilmi\u015f v\u0259saitl\u0259ri leqalla\u015fd\u0131rmaqda ittiham edilir.<\/p>\n\n\n\n<p>\u0130ddia olunur ki, Alimpa\u015fa M\u0259mm\u0259dov \u201c\u015e\u0259mkir-Yeni G\u00f6y\u00e7\u0259-Da\u011f \u00c7\u0259yir\u201d avtomobil yolunun \u00e7\u0259kili\u015fi \u00fc\u00e7\u00fcn sat\u0131nalma m\u00fcsabiq\u0259sinin qalibi olmu\u015f idar\u0259nin m\u00fcdirind\u0259n 240 min manat pul al\u0131b.<\/p>\n\n\n\n<p>Sabiq icra ba\u015f\u00e7\u0131s\u0131 h\u0259m\u00e7inin 2015-2016-c\u0131 ill\u0259rd\u0259 icra hakimiyy\u0259tinin ke\u00e7irdiyi sat\u0131nalmalar\u0131n qalibi olmu\u015f \u201cA\u011fstafasutikinti\u201d ASC-nin m\u00fcdiri Vaqif M\u0259mm\u0259dovdan 218 min manat r\u00fc\u015fv\u0259t almaqda ittiham olunur.<\/p>\n\n\n\n<p>Cinay\u0259t i\u015finin materiallar\u0131nda iddia olunur ki, Alimpa\u015fa M\u0259mm\u0259dova Bak\u0131n\u0131n N\u0259rimanov rayonu \u0259razisind\u0259 yeni tikilmi\u015f binada m\u0259nzill\u0259r r\u00fc\u015fv\u0259t kimi verilib. O, bunun m\u00fcqabilind\u0259 \u015e\u0259mkird\u0259 torpaq sah\u0259si verib. \u0130ttihama \u0259sas\u0259n, sabiq icra ba\u015f\u00e7\u0131s\u0131, \u015e\u0259mkir \u015f\u0259h\u0259ri, Nizami k\u00fc\u00e7\u0259si 2 \u00fcnvan\u0131nda \u201cSipark \u015e\u0259mkir\u201d MMC-y\u0259 torpaq sah\u0259si ayr\u0131lmas\u0131, \u00fcmumi himay\u0259darl\u0131q v\u0259 laqeydlik m\u00fcqabilind\u0259 \u015firk\u0259tin sahibind\u0259n 2018-ci ild\u0259 Bak\u0131da in\u015fa etdiyi binada \u201cSipark\u201d ya\u015fay\u0131\u015f kompleksind\u0259n iki m\u0259nzil al\u0131b. Bu m\u0259nzill\u0259rin \u00fcmumi d\u0259y\u0259ri 700 min manata yax\u0131nd\u0131r.<\/p>\n\n\n\n<p>\u0130ttihama g\u00f6r\u0259, \u00fcmumilikd\u0259 Alimpa\u015fa M\u0259mm\u0259dov icra ba\u015f\u00e7\u0131s\u0131 i\u015fl\u0259diyi m\u00fcdd\u0259td\u0259 m\u0259nims\u0259m\u0259 v\u0259 r\u00fc\u015fv\u0259t yoluyla 6.8 milyon manata yax\u0131n v\u0259sait \u0259ld\u0259 edib. Bu v\u0259saitl\u0259rin bir hiss\u0259si o\u011flu Adil M\u0259mm\u0259dovun ad\u0131na t\u0259sis olunan \u201cAz Farel\u201d MMC-nin tikinti x\u0259rcl\u0259rin\u0259 y\u00f6n\u0259ldilib.<\/p>\n\n\n\n<p>2014-2021-ci ill\u0259rd\u0259 \u015e\u0259mkir Rayon \u0130cra Hakimiyy\u0259tinin ba\u015f\u00e7\u0131s\u0131 olmu\u015f Alimpa\u015fa M\u0259mm\u0259dov 2021-ci il aprelin 29-da \u015e\u0259mkird\u0259 icra hakimiyy\u0259tinin binas\u0131nda DTX ke\u00e7irdiyi \u0259m\u0259liyyat n\u0259tic\u0259sind\u0259 h\u0259bs edilib. O, icra ba\u015f\u00e7\u0131s\u0131 v\u0259zif\u0259sind\u0259n \u00f6nc\u0259 3 il Bak\u0131 \u015e\u0259h\u0259r Vergil\u0259r Departamentinin r\u0259isi v\u0259zif\u0259sind\u0259 \u00e7al\u0131\u015f\u0131b.<\/p>\n\n\n\n<p>Alimpa\u015fa M\u0259mm\u0259dova qar\u015f\u0131 Cinay\u0259t M\u0259c\u0259ll\u0259sinin 179.4 (x\u00fcsusil\u0259 k\u00fclli miqdarda m\u0259nims\u0259m\u0259), 193-1 (cinay\u0259t yoluyla \u0259ld\u0259 edilmi\u015f v\u0259saitl\u0259ri leqalla\u015fd\u0131rma), 308 (v\u0259zif\u0259 s\u0259lahiyy\u0259tl\u0259rind\u0259n sui-istifad\u0259 etm\u0259) v\u0259 311-ci (r\u00fc\u015fv\u0259t alma) madd\u0259l\u0259ril\u0259 ittiham ir\u0259li s\u00fcr\u00fcl\u00fcb.<\/p>\n\n\n\n<p>Az\u0259rbaycanda icra ba\u015f\u00e7\u0131lar\u0131n\u0131n h\u0259bs dal\u011fas\u0131 2019-cu ilin dekabr\u0131nda A\u011fstafa v\u0259 Yevlaxdan ba\u015flay\u0131b. Daha sonra Neft\u00e7ala, Bil\u0259suvar, \u0130mi\u015fli, C\u0259lilabad, K\u00fcrd\u0259mir v\u0259 \u015e\u0259mkir rayon icra hakimiyy\u0259tl\u0259rind\u0259 d\u0259 b\u0259nz\u0259r \u0259m\u0259liyyatlar ke\u00e7irilib. H\u0259bs edil\u0259n icra ba\u015f\u00e7\u0131lar\u0131n\u0131n Alimpa\u015fa M\u0259mm\u0259dov olub.<\/p>\n\n\n\n<p>Onun h\u0259bsind\u0259n sonra \u00f6z\u00fcn\u00fcn v\u0259 yax\u0131nlar\u0131n\u0131n 10 milyondan \u00e7ox d\u0259y\u0259rd\u0259 \u0259mlak\u0131 \u00fcz\u0259rin\u0259 h\u0259bs qoyulub. Onlar\u0131n aras\u0131nda &#8220;Abad \u015e\u0259mkir\u201d MMC &#8211; qida m\u0259hsullar\u0131 istehsal zavodu, \u201cAz Farel\u201d MMC &#8211; bal\u0131q yeti\u015fdirm\u0259 v\u0259 emal\u0131 m\u00fc\u0259ssis\u0259si v\u0259 Bak\u0131da m\u0259nzill\u0259r d\u0259 var.<\/p>\n","protected":false},"excerpt":{"rendered":"<p>Alimpa\u015fa M\u0259mm\u0259dov cinay\u0259t yolu il\u0259 \u0259ld\u0259 edilmi\u015f v\u0259saitl\u0259ri leqalla\u015fd\u0131rmaqda da &#8230; <\/p>\n<p class=\"read-more-container\"><a title=\"Ke\u00e7mi\u015f icra ba\u015f\u00e7\u0131s\u0131na verilmi\u015f ittihamlar\u0131n detallar\u0131 m\u0259lum olub\" class=\"read-more button\" href=\"https:\/\/www.meydan.tv\/az\/article\/kecmis-icra-bascisina-verilmis-ittihamlarin-detallari-melum-olub\/#more-260789\" aria-label=\"Read more about Ke\u00e7mi\u015f icra ba\u015f\u00e7\u0131s\u0131na verilmi\u015f ittihamlar\u0131n detallar\u0131 m\u0259lum olub\">Davam\u0131<\/a><\/p>\n","protected":false},"author":8,"featured_media":260790,"comment_status":"closed","ping_status":"closed","sticky":false,"template":"","format":"standard","meta":{"_acf_changed":false,"_sitemap_exclude":false,"_sitemap_priority":"","_sitemap_frequency":"","footnotes":""},"categories":[60,79,56],"tags":[],"class_list":["post-260789","post","type-post","status-publish","format-standard","has-post-thumbnail","hentry","category-bolge","category-featured","category-xeberler","infinite-scroll-item","generate-columns","tablet-grid-50","mobile-grid-100","grid-parent","grid-33","no-featured-image-padding"],"acf":[],"yoast_head":"<!-- This site is optimized with the Yoast SEO plugin v27.5 - https:\/\/yoast.com\/product\/yoast-seo-wordpress\/ -->\n<title>Ke\u00e7mi\u015f icra ba\u015f\u00e7\u0131s\u0131na verilmi\u015f ittihamlar\u0131n detallar\u0131 m\u0259lum olub - MEYDAN.TV<\/title>\n<meta name=\"robots\" content=\"index, follow, max-snippet:-1, max-image-preview:large, max-video-preview:-1\" \/>\n<link rel=\"canonical\" href=\"https:\/\/www.meydan.tv\/az\/article\/kecmis-icra-bascisina-verilmis-ittihamlarin-detallari-melum-olub\/\" \/>\n<meta property=\"og:locale\" content=\"az_AZ\" \/>\n<meta property=\"og:type\" content=\"article\" \/>\n<meta property=\"og:title\" content=\"Ke\u00e7mi\u015f icra ba\u015f\u00e7\u0131s\u0131na verilmi\u015f ittihamlar\u0131n detallar\u0131 m\u0259lum olub - MEYDAN.TV\" \/>\n<meta property=\"og:description\" content=\"Alimpa\u015fa M\u0259mm\u0259dov cinay\u0259t yolu il\u0259 \u0259ld\u0259 edilmi\u015f v\u0259saitl\u0259ri leqalla\u015fd\u0131rmaqda da ... Davam\u0131\" \/>\n<meta property=\"og:url\" content=\"https:\/\/www.meydan.tv\/az\/article\/kecmis-icra-bascisina-verilmis-ittihamlarin-detallari-melum-olub\/\" \/>\n<meta property=\"og:site_name\" content=\"MEYDAN.TV\" \/>\n<meta property=\"article:published_time\" content=\"2022-11-15T08:57:31+00:00\" \/>\n<meta property=\"article:modified_time\" content=\"2022-11-15T08:57:33+00:00\" \/>\n<meta property=\"og:image\" content=\"https:\/\/www.meydan.tv\/wp-content\/uploads\/1627537849_alimpasa1-e1668502613126.jpg\" \/>\n\t<meta property=\"og:image:width\" content=\"1200\" \/>\n\t<meta property=\"og:image:height\" content=\"729\" \/>\n\t<meta property=\"og:image:type\" content=\"image\/jpeg\" \/>\n<meta name=\"author\" content=\"elli\" \/>\n<meta name=\"twitter:card\" content=\"summary_large_image\" \/>\n<meta name=\"twitter:creator\" content=\"@elli\" \/>\n<script type=\"application\/ld+json\" class=\"yoast-schema-graph\">{\"@context\":\"https:\\\/\\\/schema.org\",\"@graph\":[{\"@type\":\"Article\",\"@id\":\"https:\\\/\\\/www.meydan.tv\\\/az\\\/article\\\/kecmis-icra-bascisina-verilmis-ittihamlarin-detallari-melum-olub\\\/#article\",\"isPartOf\":{\"@id\":\"https:\\\/\\\/www.meydan.tv\\\/az\\\/article\\\/kecmis-icra-bascisina-verilmis-ittihamlarin-detallari-melum-olub\\\/\"},\"author\":{\"name\":\"elli\",\"@id\":\"https:\\\/\\\/www.meydan.tv\\\/az\\\/#\\\/schema\\\/person\\\/9cdbecf90d17180ce1dfbd95b08dcf47\"},\"headline\":\"Ke\u00e7mi\u015f icra ba\u015f\u00e7\u0131s\u0131na verilmi\u015f ittihamlar\u0131n detallar\u0131 m\u0259lum olub\",\"datePublished\":\"2022-11-15T08:57:31+00:00\",\"dateModified\":\"2022-11-15T08:57:33+00:00\",\"mainEntityOfPage\":{\"@id\":\"https:\\\/\\\/www.meydan.tv\\\/az\\\/article\\\/kecmis-icra-bascisina-verilmis-ittihamlarin-detallari-melum-olub\\\/\"},\"wordCount\":595,\"publisher\":{\"@id\":\"https:\\\/\\\/www.meydan.tv\\\/az\\\/#organization\"},\"image\":{\"@id\":\"https:\\\/\\\/www.meydan.tv\\\/az\\\/article\\\/kecmis-icra-bascisina-verilmis-ittihamlarin-detallari-melum-olub\\\/#primaryimage\"},\"thumbnailUrl\":\"https:\\\/\\\/www.meydan.tv\\\/wp-content\\\/uploads\\\/1627537849_alimpasa1-e1668502613126.jpg\",\"articleSection\":[\"B\u00f6lg\u0259\",\"T\u00f6vsiy\u0259\",\"X\u0259b\u0259rl\u0259r\"],\"inLanguage\":\"az\"},{\"@type\":\"WebPage\",\"@id\":\"https:\\\/\\\/www.meydan.tv\\\/az\\\/article\\\/kecmis-icra-bascisina-verilmis-ittihamlarin-detallari-melum-olub\\\/\",\"url\":\"https:\\\/\\\/www.meydan.tv\\\/az\\\/article\\\/kecmis-icra-bascisina-verilmis-ittihamlarin-detallari-melum-olub\\\/\",\"name\":\"Ke\u00e7mi\u015f icra ba\u015f\u00e7\u0131s\u0131na verilmi\u015f ittihamlar\u0131n detallar\u0131 m\u0259lum olub - MEYDAN.TV\",\"isPartOf\":{\"@id\":\"https:\\\/\\\/www.meydan.tv\\\/az\\\/#website\"},\"primaryImageOfPage\":{\"@id\":\"https:\\\/\\\/www.meydan.tv\\\/az\\\/article\\\/kecmis-icra-bascisina-verilmis-ittihamlarin-detallari-melum-olub\\\/#primaryimage\"},\"image\":{\"@id\":\"https:\\\/\\\/www.meydan.tv\\\/az\\\/article\\\/kecmis-icra-bascisina-verilmis-ittihamlarin-detallari-melum-olub\\\/#primaryimage\"},\"thumbnailUrl\":\"https:\\\/\\\/www.meydan.tv\\\/wp-content\\\/uploads\\\/1627537849_alimpasa1-e1668502613126.jpg\",\"datePublished\":\"2022-11-15T08:57:31+00:00\",\"dateModified\":\"2022-11-15T08:57:33+00:00\",\"breadcrumb\":{\"@id\":\"https:\\\/\\\/www.meydan.tv\\\/az\\\/article\\\/kecmis-icra-bascisina-verilmis-ittihamlarin-detallari-melum-olub\\\/#breadcrumb\"},\"inLanguage\":\"az\",\"potentialAction\":[{\"@type\":\"ReadAction\",\"target\":[\"https:\\\/\\\/www.meydan.tv\\\/az\\\/article\\\/kecmis-icra-bascisina-verilmis-ittihamlarin-detallari-melum-olub\\\/\"]}]},{\"@type\":\"ImageObject\",\"inLanguage\":\"az\",\"@id\":\"https:\\\/\\\/www.meydan.tv\\\/az\\\/article\\\/kecmis-icra-bascisina-verilmis-ittihamlarin-detallari-melum-olub\\\/#primaryimage\",\"url\":\"https:\\\/\\\/www.meydan.tv\\\/wp-content\\\/uploads\\\/1627537849_alimpasa1-e1668502613126.jpg\",\"contentUrl\":\"https:\\\/\\\/www.meydan.tv\\\/wp-content\\\/uploads\\\/1627537849_alimpasa1-e1668502613126.jpg\",\"width\":1200,\"height\":729,\"caption\":\"Alimpa\u015fa M\u0259mm\u0259dov. M\u0259nb\u0259: Az\u0259rtac\"},{\"@type\":\"BreadcrumbList\",\"@id\":\"https:\\\/\\\/www.meydan.tv\\\/az\\\/article\\\/kecmis-icra-bascisina-verilmis-ittihamlarin-detallari-melum-olub\\\/#breadcrumb\",\"itemListElement\":[{\"@type\":\"ListItem\",\"position\":1,\"name\":\"Ana s\u0259hif\u0259\",\"item\":\"https:\\\/\\\/www.meydan.tv\\\/az\\\/\"},{\"@type\":\"ListItem\",\"position\":2,\"name\":\"B\u00f6lg\u0259\",\"item\":\"https:\\\/\\\/www.meydan.tv\\\/az\\\/section\\\/bolge\\\/\"},{\"@type\":\"ListItem\",\"position\":3,\"name\":\"Ke\u00e7mi\u015f icra ba\u015f\u00e7\u0131s\u0131na verilmi\u015f ittihamlar\u0131n detallar\u0131 m\u0259lum olub\"}]},{\"@type\":\"WebSite\",\"@id\":\"https:\\\/\\\/www.meydan.tv\\\/az\\\/#website\",\"url\":\"https:\\\/\\\/www.meydan.tv\\\/az\\\/\",\"name\":\"MEYDAN.TV\",\"description\":\"Meydan TV Az\u0259rbaycan\u0131n media m\u0259kan\u0131ndak\u0131 alternativ s\u0259sidir\",\"publisher\":{\"@id\":\"https:\\\/\\\/www.meydan.tv\\\/az\\\/#organization\"},\"potentialAction\":[{\"@type\":\"SearchAction\",\"target\":{\"@type\":\"EntryPoint\",\"urlTemplate\":\"https:\\\/\\\/www.meydan.tv\\\/az\\\/?s={search_term_string}\"},\"query-input\":{\"@type\":\"PropertyValueSpecification\",\"valueRequired\":true,\"valueName\":\"search_term_string\"}}],\"inLanguage\":\"az\"},{\"@type\":\"Organization\",\"@id\":\"https:\\\/\\\/www.meydan.tv\\\/az\\\/#organization\",\"name\":\"Meydan TV\",\"url\":\"https:\\\/\\\/www.meydan.tv\\\/az\\\/\",\"logo\":{\"@type\":\"ImageObject\",\"inLanguage\":\"az\",\"@id\":\"https:\\\/\\\/www.meydan.tv\\\/az\\\/#\\\/schema\\\/logo\\\/image\\\/\",\"url\":\"https:\\\/\\\/www.meydan.tv\\\/wp-content\\\/uploads\\\/2021\\\/07\\\/meydan-logo.svg\",\"contentUrl\":\"https:\\\/\\\/www.meydan.tv\\\/wp-content\\\/uploads\\\/2021\\\/07\\\/meydan-logo.svg\",\"width\":195,\"height\":46,\"caption\":\"Meydan TV\"},\"image\":{\"@id\":\"https:\\\/\\\/www.meydan.tv\\\/az\\\/#\\\/schema\\\/logo\\\/image\\\/\"}},{\"@type\":\"Person\",\"@id\":\"https:\\\/\\\/www.meydan.tv\\\/az\\\/#\\\/schema\\\/person\\\/9cdbecf90d17180ce1dfbd95b08dcf47\",\"name\":\"elli\",\"sameAs\":[\"https:\\\/\\\/x.com\\\/elli\"]}]}<\/script>\n<!-- \/ Yoast SEO plugin. -->","yoast_head_json":{"title":"Ke\u00e7mi\u015f icra ba\u015f\u00e7\u0131s\u0131na verilmi\u015f ittihamlar\u0131n detallar\u0131 m\u0259lum olub - MEYDAN.TV","robots":{"index":"index","follow":"follow","max-snippet":"max-snippet:-1","max-image-preview":"max-image-preview:large","max-video-preview":"max-video-preview:-1"},"canonical":"https:\/\/www.meydan.tv\/az\/article\/kecmis-icra-bascisina-verilmis-ittihamlarin-detallari-melum-olub\/","og_locale":"az_AZ","og_type":"article","og_title":"Ke\u00e7mi\u015f icra ba\u015f\u00e7\u0131s\u0131na verilmi\u015f ittihamlar\u0131n detallar\u0131 m\u0259lum olub - MEYDAN.TV","og_description":"Alimpa\u015fa M\u0259mm\u0259dov cinay\u0259t yolu il\u0259 \u0259ld\u0259 edilmi\u015f v\u0259saitl\u0259ri leqalla\u015fd\u0131rmaqda da ... Davam\u0131","og_url":"https:\/\/www.meydan.tv\/az\/article\/kecmis-icra-bascisina-verilmis-ittihamlarin-detallari-melum-olub\/","og_site_name":"MEYDAN.TV","article_published_time":"2022-11-15T08:57:31+00:00","article_modified_time":"2022-11-15T08:57:33+00:00","og_image":[{"width":1200,"height":729,"url":"https:\/\/www.meydan.tv\/wp-content\/uploads\/1627537849_alimpasa1-e1668502613126.jpg","type":"image\/jpeg"}],"author":"elli","twitter_card":"summary_large_image","twitter_creator":"@elli","schema":{"@context":"https:\/\/schema.org","@graph":[{"@type":"Article","@id":"https:\/\/www.meydan.tv\/az\/article\/kecmis-icra-bascisina-verilmis-ittihamlarin-detallari-melum-olub\/#article","isPartOf":{"@id":"https:\/\/www.meydan.tv\/az\/article\/kecmis-icra-bascisina-verilmis-ittihamlarin-detallari-melum-olub\/"},"author":{"name":"elli","@id":"https:\/\/www.meydan.tv\/az\/#\/schema\/person\/9cdbecf90d17180ce1dfbd95b08dcf47"},"headline":"Ke\u00e7mi\u015f icra ba\u015f\u00e7\u0131s\u0131na verilmi\u015f ittihamlar\u0131n detallar\u0131 m\u0259lum olub","datePublished":"2022-11-15T08:57:31+00:00","dateModified":"2022-11-15T08:57:33+00:00","mainEntityOfPage":{"@id":"https:\/\/www.meydan.tv\/az\/article\/kecmis-icra-bascisina-verilmis-ittihamlarin-detallari-melum-olub\/"},"wordCount":595,"publisher":{"@id":"https:\/\/www.meydan.tv\/az\/#organization"},"image":{"@id":"https:\/\/www.meydan.tv\/az\/article\/kecmis-icra-bascisina-verilmis-ittihamlarin-detallari-melum-olub\/#primaryimage"},"thumbnailUrl":"https:\/\/www.meydan.tv\/wp-content\/uploads\/1627537849_alimpasa1-e1668502613126.jpg","articleSection":["B\u00f6lg\u0259","T\u00f6vsiy\u0259","X\u0259b\u0259rl\u0259r"],"inLanguage":"az"},{"@type":"WebPage","@id":"https:\/\/www.meydan.tv\/az\/article\/kecmis-icra-bascisina-verilmis-ittihamlarin-detallari-melum-olub\/","url":"https:\/\/www.meydan.tv\/az\/article\/kecmis-icra-bascisina-verilmis-ittihamlarin-detallari-melum-olub\/","name":"Ke\u00e7mi\u015f icra ba\u015f\u00e7\u0131s\u0131na verilmi\u015f ittihamlar\u0131n detallar\u0131 m\u0259lum olub - MEYDAN.TV","isPartOf":{"@id":"https:\/\/www.meydan.tv\/az\/#website"},"primaryImageOfPage":{"@id":"https:\/\/www.meydan.tv\/az\/article\/kecmis-icra-bascisina-verilmis-ittihamlarin-detallari-melum-olub\/#primaryimage"},"image":{"@id":"https:\/\/www.meydan.tv\/az\/article\/kecmis-icra-bascisina-verilmis-ittihamlarin-detallari-melum-olub\/#primaryimage"},"thumbnailUrl":"https:\/\/www.meydan.tv\/wp-content\/uploads\/1627537849_alimpasa1-e1668502613126.jpg","datePublished":"2022-11-15T08:57:31+00:00","dateModified":"2022-11-15T08:57:33+00:00","breadcrumb":{"@id":"https:\/\/www.meydan.tv\/az\/article\/kecmis-icra-bascisina-verilmis-ittihamlarin-detallari-melum-olub\/#breadcrumb"},"inLanguage":"az","potentialAction":[{"@type":"ReadAction","target":["https:\/\/www.meydan.tv\/az\/article\/kecmis-icra-bascisina-verilmis-ittihamlarin-detallari-melum-olub\/"]}]},{"@type":"ImageObject","inLanguage":"az","@id":"https:\/\/www.meydan.tv\/az\/article\/kecmis-icra-bascisina-verilmis-ittihamlarin-detallari-melum-olub\/#primaryimage","url":"https:\/\/www.meydan.tv\/wp-content\/uploads\/1627537849_alimpasa1-e1668502613126.jpg","contentUrl":"https:\/\/www.meydan.tv\/wp-content\/uploads\/1627537849_alimpasa1-e1668502613126.jpg","width":1200,"height":729,"caption":"Alimpa\u015fa M\u0259mm\u0259dov. M\u0259nb\u0259: Az\u0259rtac"},{"@type":"BreadcrumbList","@id":"https:\/\/www.meydan.tv\/az\/article\/kecmis-icra-bascisina-verilmis-ittihamlarin-detallari-melum-olub\/#breadcrumb","itemListElement":[{"@type":"ListItem","position":1,"name":"Ana s\u0259hif\u0259","item":"https:\/\/www.meydan.tv\/az\/"},{"@type":"ListItem","position":2,"name":"B\u00f6lg\u0259","item":"https:\/\/www.meydan.tv\/az\/section\/bolge\/"},{"@type":"ListItem","position":3,"name":"Ke\u00e7mi\u015f icra ba\u015f\u00e7\u0131s\u0131na verilmi\u015f ittihamlar\u0131n detallar\u0131 m\u0259lum olub"}]},{"@type":"WebSite","@id":"https:\/\/www.meydan.tv\/az\/#website","url":"https:\/\/www.meydan.tv\/az\/","name":"MEYDAN.TV","description":"Meydan TV Az\u0259rbaycan\u0131n media m\u0259kan\u0131ndak\u0131 alternativ s\u0259sidir","publisher":{"@id":"https:\/\/www.meydan.tv\/az\/#organization"},"potentialAction":[{"@type":"SearchAction","target":{"@type":"EntryPoint","urlTemplate":"https:\/\/www.meydan.tv\/az\/?s={search_term_string}"},"query-input":{"@type":"PropertyValueSpecification","valueRequired":true,"valueName":"search_term_string"}}],"inLanguage":"az"},{"@type":"Organization","@id":"https:\/\/www.meydan.tv\/az\/#organization","name":"Meydan TV","url":"https:\/\/www.meydan.tv\/az\/","logo":{"@type":"ImageObject","inLanguage":"az","@id":"https:\/\/www.meydan.tv\/az\/#\/schema\/logo\/image\/","url":"https:\/\/www.meydan.tv\/wp-content\/uploads\/2021\/07\/meydan-logo.svg","contentUrl":"https:\/\/www.meydan.tv\/wp-content\/uploads\/2021\/07\/meydan-logo.svg","width":195,"height":46,"caption":"Meydan TV"},"image":{"@id":"https:\/\/www.meydan.tv\/az\/#\/schema\/logo\/image\/"}},{"@type":"Person","@id":"https:\/\/www.meydan.tv\/az\/#\/schema\/person\/9cdbecf90d17180ce1dfbd95b08dcf47","name":"elli","sameAs":["https:\/\/x.com\/elli"]}]}},"_links":{"self":[{"href":"https:\/\/www.meydan.tv\/az\/wp-json\/wp\/v2\/posts\/260789","targetHints":{"allow":["GET"]}}],"collection":[{"href":"https:\/\/www.meydan.tv\/az\/wp-json\/wp\/v2\/posts"}],"about":[{"href":"https:\/\/www.meydan.tv\/az\/wp-json\/wp\/v2\/types\/post"}],"author":[{"embeddable":true,"href":"https:\/\/www.meydan.tv\/az\/wp-json\/wp\/v2\/users\/8"}],"replies":[{"embeddable":true,"href":"https:\/\/www.meydan.tv\/az\/wp-json\/wp\/v2\/comments?post=260789"}],"version-history":[{"count":1,"href":"https:\/\/www.meydan.tv\/az\/wp-json\/wp\/v2\/posts\/260789\/revisions"}],"predecessor-version":[{"id":260793,"href":"https:\/\/www.meydan.tv\/az\/wp-json\/wp\/v2\/posts\/260789\/revisions\/260793"}],"wp:featuredmedia":[{"embeddable":true,"href":"https:\/\/www.meydan.tv\/az\/wp-json\/wp\/v2\/media\/260790"}],"wp:attachment":[{"href":"https:\/\/www.meydan.tv\/az\/wp-json\/wp\/v2\/media?parent=260789"}],"wp:term":[{"taxonomy":"category","embeddable":true,"href":"https:\/\/www.meydan.tv\/az\/wp-json\/wp\/v2\/categories?post=260789"},{"taxonomy":"post_tag","embeddable":true,"href":"https:\/\/www.meydan.tv\/az\/wp-json\/wp\/v2\/tags?post=260789"}],"curies":[{"name":"wp","href":"https:\/\/api.w.org\/{rel}","templated":true}]}}