{"id":260750,"date":"2022-11-14T17:11:20","date_gmt":"2022-11-14T13:11:20","guid":{"rendered":"https:\/\/www.meydan.tv\/?p=260750"},"modified":"2022-11-14T17:11:23","modified_gmt":"2022-11-14T13:11:23","slug":"azerbaycan-filmi-oskar-namizedleri-siyahisina-daxil-edilib","status":"publish","type":"post","link":"https:\/\/www.meydan.tv\/az\/article\/azerbaycan-filmi-oskar-namizedleri-siyahisina-daxil-edilib\/","title":{"rendered":"Az\u0259rbaycan filmi \u201cOskar\u201d namiz\u0259dl\u0259ri siyah\u0131s\u0131na daxil edilib"},"content":{"rendered":"\n<p><\/p>\n\n\n\n<p><em>\u201cYaradanlar\u201d \u201cXarici dild\u0259 \u0259n yax\u015f\u0131 film\u201d nominasiyas\u0131 u\u011frunda yar\u0131\u015fa bil\u0259r<\/em><\/p>\n\n\n\n<p>Az\u0259rbaycan Respublikas\u0131 Kinematoqraf\u00e7\u0131lar \u0130ttifaq\u0131 (ARK\u0130) \u201cOskar\u201d m\u00fckafat\u0131na t\u0259qdim olunacaq filmi m\u00fc\u0259yy\u0259nl\u0259\u015fdirib.<\/p>\n\n\n\n<p>ARK\u0130-nin sayt\u0131nda yerl\u0259\u015fdiril\u0259n m\u0259lumatda g\u00f6st\u0259rilir ki, kinoejissor \u015eamil \u018fliyevin \u201cYaradanlar\u201d (\u201cCreators\u201d) filmi 95 -ci \u201cOskar\u201d m\u00fckafat\u0131na namiz\u0259dl\u0259rin siyah\u0131s\u0131na daxil <a href=\"https:\/\/www.arki.az\/az\/news\/849\/azerbaycanli-rejissorun-beynelxalq-uguru\" target=\"_blank\" rel=\"noreferrer noopener\">edilib.<\/a><\/p>\n\n\n\n<p>Film 20-ci \u0259srin Az\u0259rbaycan memarlar\u0131 Mikay\u0131l H\u00fcseynov v\u0259 Sad\u0131q Dada\u015fovun h\u0259yat v\u0259 yarad\u0131c\u0131l\u0131\u011f\u0131 fonunda kommunist \u2013 bol\u015fevik ideologiyas\u0131n\u0131n Az\u0259rbaycan\u0131n m\u0259d\u0259ni irsin\u0259 v\u0259 d\u00fc\u015f\u00fcnc\u0259 t\u0259rzin\u0259 amans\u0131z t\u0259sirinin \u00f6yr\u0259nilm\u0259sind\u0259n b\u0259hs edir.<\/p>\n\n\n\n<p>\u201cYaradanlar\u201d M\u0259d\u0259niyy\u0259t Nazirliyinin sifari\u015fi il\u0259 2020-ci ild\u0259 \u201c Salnam\u0259\u201d kinostudiyas\u0131nda lent\u0259 al\u0131n\u0131b.<br>Filmin ideya m\u00fc\u0259llifi Az\u0259rbaycan Memarlar \u0130ttifaq\u0131n\u0131n idar\u0259 hey\u0259tinin s\u0259dri, \u018fm\u0259kdar memar Elb\u0259y Qas\u0131mzad\u0259, ssenari m\u00fc\u0259llifi Xalq yaz\u0131\u00e7\u0131s\u0131 Natiq R\u0259sulzad\u0259, qurulu\u015f\u00e7u operatoru R\u00fcf\u0259t S\u00fcleymanov, r\u0259ssam\u0131 Lal\u0259 H\u00fcseynzad\u0259, b\u0259st\u0259kar\u0131 Az\u0259r \u018fsg\u0259rov, prod\u00fcseri Nazim H\u00fcseynovdur.<\/p>\n\n\n\n<p>95-ci \u201cOskar\u201d m\u00fckafatland\u0131rma m\u0259rasimi 2023-c\u00fc il mart\u0131n 12-d\u0259 ke\u00e7iril\u0259c\u0259k.<\/p>\n\n\n\n<p>Az\u0259rbaycan 2007-ci ild\u0259n \u201cXarici dild\u0259 \u0259n yax\u015f\u0131 film\u201d \u00fczr\u0259 \u201cOskar\u201d m\u00fckafat\u0131na filml\u0259rini t\u0259qdim edir.<br>\u201cQafqaz\u201d (\u201cCaucasia\u201d) \u2013 rejissor F\u0259rid H\u00fcmb\u0259tov (2007), \u201cQala\u201d (\u201cFortress\u201d) \u2013 rejissor \u015eamil N\u0259c\u0259fzad\u0259 (2008), \u201cSah\u0259\u201d (\u201cThePrecinct\u201d) rejissor \u0130lqar Safat (2010), \u201cButa\u201d (\u201cButa\u201d) \u2013 rejissor \u0130qlar N\u0259c\u0259f(2012), \u201c\u00c7\u00f6l\u00e7\u00fc\u201d (\u201cSteppe Man\u201d) \u2013 rejissor \u015eamil \u018fliyev (2013), \u201cNabat\u201d (\u201cNabat\u201d) \u2013 rejissor: El\u00e7in Musao\u011flu (2014), \u201cNar ba\u011f\u0131\u201d (\u201cPomegranate Orchard\u201d)\u2013 rejissor \u0130lqar N\u0259c\u0259f (2017), \u201cDaxild\u0259ki ada\u201d (\u201cThe Island Within\u201d) \u2013 rejissor R\u00fcf\u0259t H\u0259s\u0259nov (2021) filml\u0259ri \u201cOskar\u201da t\u0259qdim olunsa da, namiz\u0259dlikl\u0259ri ir\u0259li s\u00fcr\u00fclm\u0259yib.<\/p>\n","protected":false},"excerpt":{"rendered":"<p>\u201cYaradanlar\u201d \u201cXarici dild\u0259 \u0259n yax\u015f\u0131 film\u201d nominasiyas\u0131 u\u011frunda yar\u0131\u015fa bil\u0259r &#8230; <\/p>\n<p class=\"read-more-container\"><a title=\"Az\u0259rbaycan filmi \u201cOskar\u201d namiz\u0259dl\u0259ri siyah\u0131s\u0131na daxil edilib\" class=\"read-more button\" href=\"https:\/\/www.meydan.tv\/az\/article\/azerbaycan-filmi-oskar-namizedleri-siyahisina-daxil-edilib\/#more-260750\" aria-label=\"Read more about Az\u0259rbaycan filmi \u201cOskar\u201d namiz\u0259dl\u0259ri siyah\u0131s\u0131na daxil edilib\">Davam\u0131<\/a><\/p>\n","protected":false},"author":8,"featured_media":260751,"comment_status":"closed","ping_status":"closed","sticky":false,"template":"","format":"standard","meta":{"_acf_changed":false,"_sitemap_exclude":false,"_sitemap_priority":"","_sitemap_frequency":"","footnotes":""},"categories":[52,56],"tags":[],"class_list":["post-260750","post","type-post","status-publish","format-standard","has-post-thumbnail","hentry","category-medeniyyet","category-xeberler","infinite-scroll-item","generate-columns","tablet-grid-50","mobile-grid-100","grid-parent","grid-33","no-featured-image-padding"],"acf":[],"yoast_head":"<!-- This site is optimized with the Yoast SEO plugin v27.4 - https:\/\/yoast.com\/product\/yoast-seo-wordpress\/ -->\n<title>Az\u0259rbaycan filmi \u201cOskar\u201d namiz\u0259dl\u0259ri siyah\u0131s\u0131na daxil edilib - MEYDAN.TV<\/title>\n<meta name=\"robots\" content=\"index, follow, max-snippet:-1, max-image-preview:large, max-video-preview:-1\" \/>\n<link rel=\"canonical\" href=\"https:\/\/www.meydan.tv\/az\/article\/azerbaycan-filmi-oskar-namizedleri-siyahisina-daxil-edilib\/\" \/>\n<meta property=\"og:locale\" content=\"az_AZ\" \/>\n<meta property=\"og:type\" content=\"article\" \/>\n<meta property=\"og:title\" content=\"Az\u0259rbaycan filmi \u201cOskar\u201d namiz\u0259dl\u0259ri siyah\u0131s\u0131na daxil edilib - MEYDAN.TV\" \/>\n<meta property=\"og:description\" content=\"\u201cYaradanlar\u201d \u201cXarici dild\u0259 \u0259n yax\u015f\u0131 film\u201d nominasiyas\u0131 u\u011frunda yar\u0131\u015fa bil\u0259r ... Davam\u0131\" \/>\n<meta property=\"og:url\" content=\"https:\/\/www.meydan.tv\/az\/article\/azerbaycan-filmi-oskar-namizedleri-siyahisina-daxil-edilib\/\" \/>\n<meta property=\"og:site_name\" content=\"MEYDAN.TV\" \/>\n<meta property=\"article:published_time\" content=\"2022-11-14T13:11:20+00:00\" \/>\n<meta property=\"article:modified_time\" content=\"2022-11-14T13:11:23+00:00\" \/>\n<meta property=\"og:image\" content=\"https:\/\/www.meydan.tv\/wp-content\/uploads\/16678147942906029860_1000x669-e1668431474357.jpg\" \/>\n\t<meta property=\"og:image:width\" content=\"1200\" \/>\n\t<meta property=\"og:image:height\" content=\"705\" \/>\n\t<meta property=\"og:image:type\" content=\"image\/jpeg\" \/>\n<meta name=\"author\" content=\"elli\" \/>\n<meta name=\"twitter:card\" content=\"summary_large_image\" \/>\n<meta name=\"twitter:creator\" content=\"@elli\" \/>\n<script type=\"application\/ld+json\" class=\"yoast-schema-graph\">{\"@context\":\"https:\\\/\\\/schema.org\",\"@graph\":[{\"@type\":\"Article\",\"@id\":\"https:\\\/\\\/www.meydan.tv\\\/az\\\/article\\\/azerbaycan-filmi-oskar-namizedleri-siyahisina-daxil-edilib\\\/#article\",\"isPartOf\":{\"@id\":\"https:\\\/\\\/www.meydan.tv\\\/az\\\/article\\\/azerbaycan-filmi-oskar-namizedleri-siyahisina-daxil-edilib\\\/\"},\"author\":{\"name\":\"elli\",\"@id\":\"https:\\\/\\\/www.meydan.tv\\\/az\\\/#\\\/schema\\\/person\\\/9cdbecf90d17180ce1dfbd95b08dcf47\"},\"headline\":\"Az\u0259rbaycan filmi \u201cOskar\u201d namiz\u0259dl\u0259ri siyah\u0131s\u0131na daxil edilib\",\"datePublished\":\"2022-11-14T13:11:20+00:00\",\"dateModified\":\"2022-11-14T13:11:23+00:00\",\"mainEntityOfPage\":{\"@id\":\"https:\\\/\\\/www.meydan.tv\\\/az\\\/article\\\/azerbaycan-filmi-oskar-namizedleri-siyahisina-daxil-edilib\\\/\"},\"wordCount\":316,\"publisher\":{\"@id\":\"https:\\\/\\\/www.meydan.tv\\\/az\\\/#organization\"},\"image\":{\"@id\":\"https:\\\/\\\/www.meydan.tv\\\/az\\\/article\\\/azerbaycan-filmi-oskar-namizedleri-siyahisina-daxil-edilib\\\/#primaryimage\"},\"thumbnailUrl\":\"https:\\\/\\\/www.meydan.tv\\\/wp-content\\\/uploads\\\/16678147942906029860_1000x669-e1668431474357.jpg\",\"articleSection\":[\"M\u0259d\u0259niyy\u0259t\",\"X\u0259b\u0259rl\u0259r\"],\"inLanguage\":\"az\"},{\"@type\":\"WebPage\",\"@id\":\"https:\\\/\\\/www.meydan.tv\\\/az\\\/article\\\/azerbaycan-filmi-oskar-namizedleri-siyahisina-daxil-edilib\\\/\",\"url\":\"https:\\\/\\\/www.meydan.tv\\\/az\\\/article\\\/azerbaycan-filmi-oskar-namizedleri-siyahisina-daxil-edilib\\\/\",\"name\":\"Az\u0259rbaycan filmi \u201cOskar\u201d namiz\u0259dl\u0259ri siyah\u0131s\u0131na daxil edilib - MEYDAN.TV\",\"isPartOf\":{\"@id\":\"https:\\\/\\\/www.meydan.tv\\\/az\\\/#website\"},\"primaryImageOfPage\":{\"@id\":\"https:\\\/\\\/www.meydan.tv\\\/az\\\/article\\\/azerbaycan-filmi-oskar-namizedleri-siyahisina-daxil-edilib\\\/#primaryimage\"},\"image\":{\"@id\":\"https:\\\/\\\/www.meydan.tv\\\/az\\\/article\\\/azerbaycan-filmi-oskar-namizedleri-siyahisina-daxil-edilib\\\/#primaryimage\"},\"thumbnailUrl\":\"https:\\\/\\\/www.meydan.tv\\\/wp-content\\\/uploads\\\/16678147942906029860_1000x669-e1668431474357.jpg\",\"datePublished\":\"2022-11-14T13:11:20+00:00\",\"dateModified\":\"2022-11-14T13:11:23+00:00\",\"breadcrumb\":{\"@id\":\"https:\\\/\\\/www.meydan.tv\\\/az\\\/article\\\/azerbaycan-filmi-oskar-namizedleri-siyahisina-daxil-edilib\\\/#breadcrumb\"},\"inLanguage\":\"az\",\"potentialAction\":[{\"@type\":\"ReadAction\",\"target\":[\"https:\\\/\\\/www.meydan.tv\\\/az\\\/article\\\/azerbaycan-filmi-oskar-namizedleri-siyahisina-daxil-edilib\\\/\"]}]},{\"@type\":\"ImageObject\",\"inLanguage\":\"az\",\"@id\":\"https:\\\/\\\/www.meydan.tv\\\/az\\\/article\\\/azerbaycan-filmi-oskar-namizedleri-siyahisina-daxil-edilib\\\/#primaryimage\",\"url\":\"https:\\\/\\\/www.meydan.tv\\\/wp-content\\\/uploads\\\/16678147942906029860_1000x669-e1668431474357.jpg\",\"contentUrl\":\"https:\\\/\\\/www.meydan.tv\\\/wp-content\\\/uploads\\\/16678147942906029860_1000x669-e1668431474357.jpg\",\"width\":1200,\"height\":705,\"caption\":\"Foto: AK\u0130\"},{\"@type\":\"BreadcrumbList\",\"@id\":\"https:\\\/\\\/www.meydan.tv\\\/az\\\/article\\\/azerbaycan-filmi-oskar-namizedleri-siyahisina-daxil-edilib\\\/#breadcrumb\",\"itemListElement\":[{\"@type\":\"ListItem\",\"position\":1,\"name\":\"Ana s\u0259hif\u0259\",\"item\":\"https:\\\/\\\/www.meydan.tv\\\/az\\\/\"},{\"@type\":\"ListItem\",\"position\":2,\"name\":\"M\u0259d\u0259niyy\u0259t\",\"item\":\"https:\\\/\\\/www.meydan.tv\\\/az\\\/section\\\/medeniyyet\\\/\"},{\"@type\":\"ListItem\",\"position\":3,\"name\":\"Az\u0259rbaycan filmi \u201cOskar\u201d namiz\u0259dl\u0259ri siyah\u0131s\u0131na daxil edilib\"}]},{\"@type\":\"WebSite\",\"@id\":\"https:\\\/\\\/www.meydan.tv\\\/az\\\/#website\",\"url\":\"https:\\\/\\\/www.meydan.tv\\\/az\\\/\",\"name\":\"MEYDAN.TV\",\"description\":\"Meydan TV Az\u0259rbaycan\u0131n media m\u0259kan\u0131ndak\u0131 alternativ s\u0259sidir\",\"publisher\":{\"@id\":\"https:\\\/\\\/www.meydan.tv\\\/az\\\/#organization\"},\"potentialAction\":[{\"@type\":\"SearchAction\",\"target\":{\"@type\":\"EntryPoint\",\"urlTemplate\":\"https:\\\/\\\/www.meydan.tv\\\/az\\\/?s={search_term_string}\"},\"query-input\":{\"@type\":\"PropertyValueSpecification\",\"valueRequired\":true,\"valueName\":\"search_term_string\"}}],\"inLanguage\":\"az\"},{\"@type\":\"Organization\",\"@id\":\"https:\\\/\\\/www.meydan.tv\\\/az\\\/#organization\",\"name\":\"Meydan TV\",\"url\":\"https:\\\/\\\/www.meydan.tv\\\/az\\\/\",\"logo\":{\"@type\":\"ImageObject\",\"inLanguage\":\"az\",\"@id\":\"https:\\\/\\\/www.meydan.tv\\\/az\\\/#\\\/schema\\\/logo\\\/image\\\/\",\"url\":\"https:\\\/\\\/www.meydan.tv\\\/wp-content\\\/uploads\\\/2021\\\/07\\\/meydan-logo.svg\",\"contentUrl\":\"https:\\\/\\\/www.meydan.tv\\\/wp-content\\\/uploads\\\/2021\\\/07\\\/meydan-logo.svg\",\"width\":195,\"height\":46,\"caption\":\"Meydan TV\"},\"image\":{\"@id\":\"https:\\\/\\\/www.meydan.tv\\\/az\\\/#\\\/schema\\\/logo\\\/image\\\/\"}},{\"@type\":\"Person\",\"@id\":\"https:\\\/\\\/www.meydan.tv\\\/az\\\/#\\\/schema\\\/person\\\/9cdbecf90d17180ce1dfbd95b08dcf47\",\"name\":\"elli\",\"sameAs\":[\"https:\\\/\\\/x.com\\\/elli\"]}]}<\/script>\n<!-- \/ Yoast SEO plugin. -->","yoast_head_json":{"title":"Az\u0259rbaycan filmi \u201cOskar\u201d namiz\u0259dl\u0259ri siyah\u0131s\u0131na daxil edilib - MEYDAN.TV","robots":{"index":"index","follow":"follow","max-snippet":"max-snippet:-1","max-image-preview":"max-image-preview:large","max-video-preview":"max-video-preview:-1"},"canonical":"https:\/\/www.meydan.tv\/az\/article\/azerbaycan-filmi-oskar-namizedleri-siyahisina-daxil-edilib\/","og_locale":"az_AZ","og_type":"article","og_title":"Az\u0259rbaycan filmi \u201cOskar\u201d namiz\u0259dl\u0259ri siyah\u0131s\u0131na daxil edilib - MEYDAN.TV","og_description":"\u201cYaradanlar\u201d \u201cXarici dild\u0259 \u0259n yax\u015f\u0131 film\u201d nominasiyas\u0131 u\u011frunda yar\u0131\u015fa bil\u0259r ... Davam\u0131","og_url":"https:\/\/www.meydan.tv\/az\/article\/azerbaycan-filmi-oskar-namizedleri-siyahisina-daxil-edilib\/","og_site_name":"MEYDAN.TV","article_published_time":"2022-11-14T13:11:20+00:00","article_modified_time":"2022-11-14T13:11:23+00:00","og_image":[{"width":1200,"height":705,"url":"https:\/\/www.meydan.tv\/wp-content\/uploads\/16678147942906029860_1000x669-e1668431474357.jpg","type":"image\/jpeg"}],"author":"elli","twitter_card":"summary_large_image","twitter_creator":"@elli","schema":{"@context":"https:\/\/schema.org","@graph":[{"@type":"Article","@id":"https:\/\/www.meydan.tv\/az\/article\/azerbaycan-filmi-oskar-namizedleri-siyahisina-daxil-edilib\/#article","isPartOf":{"@id":"https:\/\/www.meydan.tv\/az\/article\/azerbaycan-filmi-oskar-namizedleri-siyahisina-daxil-edilib\/"},"author":{"name":"elli","@id":"https:\/\/www.meydan.tv\/az\/#\/schema\/person\/9cdbecf90d17180ce1dfbd95b08dcf47"},"headline":"Az\u0259rbaycan filmi \u201cOskar\u201d namiz\u0259dl\u0259ri siyah\u0131s\u0131na daxil edilib","datePublished":"2022-11-14T13:11:20+00:00","dateModified":"2022-11-14T13:11:23+00:00","mainEntityOfPage":{"@id":"https:\/\/www.meydan.tv\/az\/article\/azerbaycan-filmi-oskar-namizedleri-siyahisina-daxil-edilib\/"},"wordCount":316,"publisher":{"@id":"https:\/\/www.meydan.tv\/az\/#organization"},"image":{"@id":"https:\/\/www.meydan.tv\/az\/article\/azerbaycan-filmi-oskar-namizedleri-siyahisina-daxil-edilib\/#primaryimage"},"thumbnailUrl":"https:\/\/www.meydan.tv\/wp-content\/uploads\/16678147942906029860_1000x669-e1668431474357.jpg","articleSection":["M\u0259d\u0259niyy\u0259t","X\u0259b\u0259rl\u0259r"],"inLanguage":"az"},{"@type":"WebPage","@id":"https:\/\/www.meydan.tv\/az\/article\/azerbaycan-filmi-oskar-namizedleri-siyahisina-daxil-edilib\/","url":"https:\/\/www.meydan.tv\/az\/article\/azerbaycan-filmi-oskar-namizedleri-siyahisina-daxil-edilib\/","name":"Az\u0259rbaycan filmi \u201cOskar\u201d namiz\u0259dl\u0259ri siyah\u0131s\u0131na daxil edilib - MEYDAN.TV","isPartOf":{"@id":"https:\/\/www.meydan.tv\/az\/#website"},"primaryImageOfPage":{"@id":"https:\/\/www.meydan.tv\/az\/article\/azerbaycan-filmi-oskar-namizedleri-siyahisina-daxil-edilib\/#primaryimage"},"image":{"@id":"https:\/\/www.meydan.tv\/az\/article\/azerbaycan-filmi-oskar-namizedleri-siyahisina-daxil-edilib\/#primaryimage"},"thumbnailUrl":"https:\/\/www.meydan.tv\/wp-content\/uploads\/16678147942906029860_1000x669-e1668431474357.jpg","datePublished":"2022-11-14T13:11:20+00:00","dateModified":"2022-11-14T13:11:23+00:00","breadcrumb":{"@id":"https:\/\/www.meydan.tv\/az\/article\/azerbaycan-filmi-oskar-namizedleri-siyahisina-daxil-edilib\/#breadcrumb"},"inLanguage":"az","potentialAction":[{"@type":"ReadAction","target":["https:\/\/www.meydan.tv\/az\/article\/azerbaycan-filmi-oskar-namizedleri-siyahisina-daxil-edilib\/"]}]},{"@type":"ImageObject","inLanguage":"az","@id":"https:\/\/www.meydan.tv\/az\/article\/azerbaycan-filmi-oskar-namizedleri-siyahisina-daxil-edilib\/#primaryimage","url":"https:\/\/www.meydan.tv\/wp-content\/uploads\/16678147942906029860_1000x669-e1668431474357.jpg","contentUrl":"https:\/\/www.meydan.tv\/wp-content\/uploads\/16678147942906029860_1000x669-e1668431474357.jpg","width":1200,"height":705,"caption":"Foto: AK\u0130"},{"@type":"BreadcrumbList","@id":"https:\/\/www.meydan.tv\/az\/article\/azerbaycan-filmi-oskar-namizedleri-siyahisina-daxil-edilib\/#breadcrumb","itemListElement":[{"@type":"ListItem","position":1,"name":"Ana s\u0259hif\u0259","item":"https:\/\/www.meydan.tv\/az\/"},{"@type":"ListItem","position":2,"name":"M\u0259d\u0259niyy\u0259t","item":"https:\/\/www.meydan.tv\/az\/section\/medeniyyet\/"},{"@type":"ListItem","position":3,"name":"Az\u0259rbaycan filmi \u201cOskar\u201d namiz\u0259dl\u0259ri siyah\u0131s\u0131na daxil edilib"}]},{"@type":"WebSite","@id":"https:\/\/www.meydan.tv\/az\/#website","url":"https:\/\/www.meydan.tv\/az\/","name":"MEYDAN.TV","description":"Meydan TV Az\u0259rbaycan\u0131n media m\u0259kan\u0131ndak\u0131 alternativ s\u0259sidir","publisher":{"@id":"https:\/\/www.meydan.tv\/az\/#organization"},"potentialAction":[{"@type":"SearchAction","target":{"@type":"EntryPoint","urlTemplate":"https:\/\/www.meydan.tv\/az\/?s={search_term_string}"},"query-input":{"@type":"PropertyValueSpecification","valueRequired":true,"valueName":"search_term_string"}}],"inLanguage":"az"},{"@type":"Organization","@id":"https:\/\/www.meydan.tv\/az\/#organization","name":"Meydan TV","url":"https:\/\/www.meydan.tv\/az\/","logo":{"@type":"ImageObject","inLanguage":"az","@id":"https:\/\/www.meydan.tv\/az\/#\/schema\/logo\/image\/","url":"https:\/\/www.meydan.tv\/wp-content\/uploads\/2021\/07\/meydan-logo.svg","contentUrl":"https:\/\/www.meydan.tv\/wp-content\/uploads\/2021\/07\/meydan-logo.svg","width":195,"height":46,"caption":"Meydan TV"},"image":{"@id":"https:\/\/www.meydan.tv\/az\/#\/schema\/logo\/image\/"}},{"@type":"Person","@id":"https:\/\/www.meydan.tv\/az\/#\/schema\/person\/9cdbecf90d17180ce1dfbd95b08dcf47","name":"elli","sameAs":["https:\/\/x.com\/elli"]}]}},"_links":{"self":[{"href":"https:\/\/www.meydan.tv\/az\/wp-json\/wp\/v2\/posts\/260750","targetHints":{"allow":["GET"]}}],"collection":[{"href":"https:\/\/www.meydan.tv\/az\/wp-json\/wp\/v2\/posts"}],"about":[{"href":"https:\/\/www.meydan.tv\/az\/wp-json\/wp\/v2\/types\/post"}],"author":[{"embeddable":true,"href":"https:\/\/www.meydan.tv\/az\/wp-json\/wp\/v2\/users\/8"}],"replies":[{"embeddable":true,"href":"https:\/\/www.meydan.tv\/az\/wp-json\/wp\/v2\/comments?post=260750"}],"version-history":[{"count":1,"href":"https:\/\/www.meydan.tv\/az\/wp-json\/wp\/v2\/posts\/260750\/revisions"}],"predecessor-version":[{"id":260754,"href":"https:\/\/www.meydan.tv\/az\/wp-json\/wp\/v2\/posts\/260750\/revisions\/260754"}],"wp:featuredmedia":[{"embeddable":true,"href":"https:\/\/www.meydan.tv\/az\/wp-json\/wp\/v2\/media\/260751"}],"wp:attachment":[{"href":"https:\/\/www.meydan.tv\/az\/wp-json\/wp\/v2\/media?parent=260750"}],"wp:term":[{"taxonomy":"category","embeddable":true,"href":"https:\/\/www.meydan.tv\/az\/wp-json\/wp\/v2\/categories?post=260750"},{"taxonomy":"post_tag","embeddable":true,"href":"https:\/\/www.meydan.tv\/az\/wp-json\/wp\/v2\/tags?post=260750"}],"curies":[{"name":"wp","href":"https:\/\/api.w.org\/{rel}","templated":true}]}}