{"id":260670,"date":"2022-11-14T12:26:36","date_gmt":"2022-11-14T08:26:36","guid":{"rendered":"https:\/\/www.meydan.tv\/?p=260670"},"modified":"2022-11-14T12:26:39","modified_gmt":"2022-11-14T08:26:39","slug":"qarabag-qazisi-kendin-erazisinde-olan-torpaqlardan-100-300-hektari-memurlara-icareye-verilib","status":"publish","type":"post","link":"https:\/\/www.meydan.tv\/az\/article\/qarabag-qazisi-kendin-erazisinde-olan-torpaqlardan-100-300-hektari-memurlara-icareye-verilib\/","title":{"rendered":"Qaraba\u011f qazisi: \u201cK\u0259ndin \u0259razisind\u0259 olan torpaqlardan 100-300 hektar\u0131 m\u0259murlara icar\u0259y\u0259 verilib\u201d"},"content":{"rendered":"\n<p><\/p>\n\n\n\n<p><em>Yard\u0131ml\u0131 sakini d\u0259f\u0259l\u0259rl\u0259 icra ba\u015f\u00e7\u0131s\u0131n\u0131n q\u0259bulunda oldu\u011funu, lakin probleml\u0259rinin \u00e7\u00f6z\u00fclm\u0259diyini deyir<\/em><\/p>\n\n\n\n<p>\u201cD\u00f6rd \u00f6vlad\u0131m ali t\u0259hsil al\u0131r. 8 n\u0259f\u0259rlik ail\u0259ya bax\u0131ram. C\u0259mi 430 manat maa\u015f al\u0131ram. Maa\u015f\u0131m ayl\u0131q t\u0259k \u00e7\u00f6r\u0259k puluna b\u0259s etmir\u201d.<\/p>\n\n\n\n<p>Bunu Meydan TV-y\u0259 Yard\u0131ml\u0131 rayonu, Ava\u015f k\u0259nd sakini, Qaraba\u011f qazisi, 50 ya\u015fl\u0131 H\u0259mdulla Baba o\u011flu Q\u0259yyubov deyib. Onun s\u00f6zl\u0259rin\u0259 g\u00f6r\u0259, ehtiyatda olan zabit kimi C\u0259bray\u0131l, Fizuli v\u0259 Xocav\u0259ndin azad olunmas\u0131nda i\u015ftirak edib.<\/p>\n\n\n\n<p>\u201c2020-ci ilin sentyabr\u0131ndan dekabr\u0131n sonunad\u0259k ordu s\u0131ralar\u0131nda olmu\u015fam. Bu m\u00fcdd\u0259t \u0259rzind\u0259 Yard\u0131ml\u0131 Rayon \u0130cra Hakimiyy\u0259ti bir d\u0259f\u0259 d\u0259 olsun ail\u0259min v\u0259ziyy\u0259ti il\u0259 maraqlanmay\u0131b. Ali t\u0259hsilli k\u0259nd t\u0259s\u0259rr\u00fcfat\u0131 i\u015f\u00e7isiy\u0259m, ixtisas\u0131m \u00fczr\u0259 i\u015fl\u0259yir\u0259m, maa\u015f\u0131m 500 manata \u00e7atm\u0131r. Banka 15 min kredit borcum y\u0131\u011f\u0131l\u0131b\u201d, &#8211; \u015fikay\u0259t\u00e7i deyib.<br>Q\u0259yyubovun h\u0259yat yolda\u015f\u0131 da i\u015fl\u0259mir:<\/p>\n\n\n\n<p>\u201cD\u0259f\u0259l\u0259rl\u0259 icra ba\u015f\u00e7\u0131s\u0131n\u0131n q\u0259bulunda olmu\u015fam. Xahi\u015f etmi\u015f\u0259m ki, ya yolda\u015f\u0131m\u0131 i\u015fl\u0259 t\u0259min etsinl\u0259r, ya da m\u0259ni y\u00fcks\u0259k maa\u015fl\u0131 i\u015f\u0259 ke\u00e7irsinl\u0259r. H\u0259tta bo\u015f qalan i\u015f yerl\u0259ri il\u0259 ba\u011fl\u0131 m\u0259lumat da vermi\u015f\u0259m. Ava\u015f k\u0259nd orta m\u0259kt\u0259bd\u0259 xadim\u0259 i\u015fi vard\u0131, d\u0259f\u0259l\u0259rl\u0259 m\u00fcraci\u0259t etm\u0259yimiz\u0259 baxmayaraq yolda\u015f\u0131m\u0131 ora t\u0259yin etm\u0259dil\u0259r ki, he\u00e7 olmasa ail\u0259y\u0259 k\u00f6m\u0259k olsun\u201d.<\/p>\n\n\n\n<p>\u015eikay\u0259t\u00e7i qeyd edib ki, k\u0259nd \u0259razisind\u0259 d\u00f6vl\u0259t m\u00fclkiyy\u0259tin\u0259 m\u0259xsus torpaqlar var. Ail\u0259 v\u0259ziyy\u0259tin\u0259 g\u00f6r\u0259 icar\u0259y\u0259 torpaq g\u00f6t\u00fcrm\u0259k ist\u0259yib, amma al\u0131nmay\u0131b:<\/p>\n\n\n\n<p>\u201cTorpa\u011f\u0131 pulla verirl\u0259r. K\u0259ndin \u0259razisind\u0259 olan torpaqlardan 100-300 hektar\u0131 m\u0259murlara icar\u0259y\u0259 verilib. H\u0259tta \u0259cn\u0259bi v\u0259t\u0259nda\u015flara da bizim torpaqlar\u0131 veribl\u0259r, amma m\u0259n\u0259 \u00f6z k\u0259ndimd\u0259n torpaq icar\u0259y\u0259 vermirl\u0259r ki, ail\u0259mi doland\u0131ra bilim. Q\u0259s\u0259b\u0259 \u0259razisind\u0259 d\u0259 yolun sa\u011f-solunu sat\u0131b qeyri- r\u0259smi ticar\u0259t obyektin\u0259 \u00e7eviribl\u0259r. M\u0259nim kimi kas\u0131blara is\u0259 bir qar\u0131\u015f torpaq, icar\u0259y\u0259 obyekt vermirl\u0259r\u201d.<\/p>\n\n\n<div class=\"wp-block-image\">\n<figure class=\"alignleft size-large is-resized\"><img decoding=\"async\" data-src=\"https:\/\/www.meydan.tv\/wp-content\/uploads\/bey-617x821.jpg\" alt=\"\" class=\"wp-image-260676 lazyload\" width=\"317\" height=\"422\" src=\"data:image\/svg+xml;base64,PHN2ZyB3aWR0aD0iMSIgaGVpZ2h0PSIxIiB4bWxucz0iaHR0cDovL3d3dy53My5vcmcvMjAwMC9zdmciPjwvc3ZnPg==\" style=\"--smush-placeholder-width: 317px; --smush-placeholder-aspect-ratio: 317\/422;\" \/><\/figure>\n<\/div>\n\n\n<p>Ava\u015f k\u0259nd B\u0259l\u0259diyy\u0259sinin s\u0259dri Dam\u0259d \u018fliyev Meydan TV-y\u0259 bildirib ki, H\u0259mdulla Baba o\u011flu Q\u0259yyubovun maddi v\u0259ziyy\u0259ti h\u0259qiq\u0259t\u0259n d\u0259 a\u015fa\u011f\u0131d\u0131r, \u00f6vladlar\u0131 t\u0259hsil al\u0131r v\u0259 onun himay\u0259sind\u0259dir.<\/p>\n\n\n\n<p>\u201cB\u0259l\u0259diyy\u0259nin torpaqlar\u0131 var, amma \u00f6r\u00fc\u015f sah\u0259si kimi istifad\u0259 olunur. Biz bu torpaqlar\u0131n t\u0259ynat\u0131n\u0131 d\u0259yi\u015f\u0259 bilm\u0259rik. K\u0259ndd\u0259 \u0259kin \u00fc\u00e7\u00fcn yararl\u0131 torpaq sah\u0259si azd\u0131r\u201d, &#8211; b\u0259l\u0259diyy\u0259 s\u0259dri s\u00f6yl\u0259yib.<\/p>\n\n\n\n<p>Onun s\u00f6zl\u0259rin\u0259 g\u00f6r\u0259, d\u00f6vl\u0259t m\u00fclkiyy\u0259tind\u0259 olan torpaq sah\u0259l\u0259ri var, ancaq b\u0259l\u0259diyy\u0259 t\u0259r\u0259find\u0259n icar\u0259y\u0259 veril\u0259 bilm\u0259z.<\/p>\n\n\n\n<p>Yard\u0131ml\u0131 Rayon \u0130cra Hakimiyy\u0259tind\u0259n is\u0259 \u015fikay\u0259t ara\u015fd\u0131r\u0131landan sonra sual\u0131n cavabland\u0131r\u0131laca\u011f\u0131 deyils\u0259 d\u0259, sonradan telefonlara cavab verilm\u0259yib.<\/p>\n","protected":false},"excerpt":{"rendered":"<p>Yard\u0131ml\u0131 sakini d\u0259f\u0259l\u0259rl\u0259 icra ba\u015f\u00e7\u0131s\u0131n\u0131n q\u0259bulunda oldu\u011funu, lakin probleml\u0259rinin \u00e7\u00f6z\u00fclm\u0259diyini &#8230; <\/p>\n<p class=\"read-more-container\"><a title=\"Qaraba\u011f qazisi: \u201cK\u0259ndin \u0259razisind\u0259 olan torpaqlardan 100-300 hektar\u0131 m\u0259murlara icar\u0259y\u0259 verilib\u201d\" class=\"read-more button\" href=\"https:\/\/www.meydan.tv\/az\/article\/qarabag-qazisi-kendin-erazisinde-olan-torpaqlardan-100-300-hektari-memurlara-icareye-verilib\/#more-260670\" aria-label=\"Read more about Qaraba\u011f qazisi: \u201cK\u0259ndin \u0259razisind\u0259 olan torpaqlardan 100-300 hektar\u0131 m\u0259murlara icar\u0259y\u0259 verilib\u201d\">Davam\u0131<\/a><\/p>\n","protected":false},"author":8,"featured_media":260672,"comment_status":"closed","ping_status":"closed","sticky":false,"template":"","format":"standard","meta":{"_acf_changed":false,"_sitemap_exclude":false,"_sitemap_priority":"","_sitemap_frequency":"","footnotes":""},"categories":[60,56],"tags":[],"class_list":["post-260670","post","type-post","status-publish","format-standard","has-post-thumbnail","hentry","category-bolge","category-xeberler","infinite-scroll-item","generate-columns","tablet-grid-50","mobile-grid-100","grid-parent","grid-33","no-featured-image-padding"],"acf":[],"yoast_head":"<!-- This site is optimized with the Yoast SEO plugin v27.5 - https:\/\/yoast.com\/product\/yoast-seo-wordpress\/ -->\n<title>Qaraba\u011f qazisi: \u201cK\u0259ndin \u0259razisind\u0259 olan torpaqlardan 100-300 hektar\u0131 m\u0259murlara icar\u0259y\u0259 verilib\u201d - MEYDAN.TV<\/title>\n<meta name=\"robots\" content=\"index, follow, max-snippet:-1, max-image-preview:large, max-video-preview:-1\" \/>\n<link rel=\"canonical\" href=\"https:\/\/www.meydan.tv\/az\/article\/qarabag-qazisi-kendin-erazisinde-olan-torpaqlardan-100-300-hektari-memurlara-icareye-verilib\/\" \/>\n<meta property=\"og:locale\" content=\"az_AZ\" \/>\n<meta property=\"og:type\" content=\"article\" \/>\n<meta property=\"og:title\" content=\"Qaraba\u011f qazisi: \u201cK\u0259ndin \u0259razisind\u0259 olan torpaqlardan 100-300 hektar\u0131 m\u0259murlara icar\u0259y\u0259 verilib\u201d - MEYDAN.TV\" \/>\n<meta property=\"og:description\" content=\"Yard\u0131ml\u0131 sakini d\u0259f\u0259l\u0259rl\u0259 icra ba\u015f\u00e7\u0131s\u0131n\u0131n q\u0259bulunda oldu\u011funu, lakin probleml\u0259rinin \u00e7\u00f6z\u00fclm\u0259diyini ... Davam\u0131\" \/>\n<meta property=\"og:url\" content=\"https:\/\/www.meydan.tv\/az\/article\/qarabag-qazisi-kendin-erazisinde-olan-torpaqlardan-100-300-hektari-memurlara-icareye-verilib\/\" \/>\n<meta property=\"og:site_name\" content=\"MEYDAN.TV\" \/>\n<meta property=\"article:published_time\" content=\"2022-11-14T08:26:36+00:00\" \/>\n<meta property=\"article:modified_time\" content=\"2022-11-14T08:26:39+00:00\" \/>\n<meta property=\"og:image\" content=\"https:\/\/www.meydan.tv\/wp-content\/uploads\/untitled-design-12-9.jpg\" \/>\n\t<meta property=\"og:image:width\" content=\"1200\" \/>\n\t<meta property=\"og:image:height\" content=\"800\" \/>\n\t<meta property=\"og:image:type\" content=\"image\/jpeg\" \/>\n<meta name=\"author\" content=\"elli\" \/>\n<meta name=\"twitter:card\" content=\"summary_large_image\" \/>\n<meta name=\"twitter:creator\" content=\"@elli\" \/>\n<script type=\"application\/ld+json\" class=\"yoast-schema-graph\">{\"@context\":\"https:\\\/\\\/schema.org\",\"@graph\":[{\"@type\":\"Article\",\"@id\":\"https:\\\/\\\/www.meydan.tv\\\/az\\\/article\\\/qarabag-qazisi-kendin-erazisinde-olan-torpaqlardan-100-300-hektari-memurlara-icareye-verilib\\\/#article\",\"isPartOf\":{\"@id\":\"https:\\\/\\\/www.meydan.tv\\\/az\\\/article\\\/qarabag-qazisi-kendin-erazisinde-olan-torpaqlardan-100-300-hektari-memurlara-icareye-verilib\\\/\"},\"author\":{\"name\":\"elli\",\"@id\":\"https:\\\/\\\/www.meydan.tv\\\/az\\\/#\\\/schema\\\/person\\\/9cdbecf90d17180ce1dfbd95b08dcf47\"},\"headline\":\"Qaraba\u011f qazisi: \u201cK\u0259ndin \u0259razisind\u0259 olan torpaqlardan 100-300 hektar\u0131 m\u0259murlara icar\u0259y\u0259 verilib\u201d\",\"datePublished\":\"2022-11-14T08:26:36+00:00\",\"dateModified\":\"2022-11-14T08:26:39+00:00\",\"mainEntityOfPage\":{\"@id\":\"https:\\\/\\\/www.meydan.tv\\\/az\\\/article\\\/qarabag-qazisi-kendin-erazisinde-olan-torpaqlardan-100-300-hektari-memurlara-icareye-verilib\\\/\"},\"wordCount\":555,\"publisher\":{\"@id\":\"https:\\\/\\\/www.meydan.tv\\\/az\\\/#organization\"},\"image\":{\"@id\":\"https:\\\/\\\/www.meydan.tv\\\/az\\\/article\\\/qarabag-qazisi-kendin-erazisinde-olan-torpaqlardan-100-300-hektari-memurlara-icareye-verilib\\\/#primaryimage\"},\"thumbnailUrl\":\"https:\\\/\\\/www.meydan.tv\\\/wp-content\\\/uploads\\\/untitled-design-12-9.jpg\",\"articleSection\":[\"B\u00f6lg\u0259\",\"X\u0259b\u0259rl\u0259r\"],\"inLanguage\":\"az\"},{\"@type\":\"WebPage\",\"@id\":\"https:\\\/\\\/www.meydan.tv\\\/az\\\/article\\\/qarabag-qazisi-kendin-erazisinde-olan-torpaqlardan-100-300-hektari-memurlara-icareye-verilib\\\/\",\"url\":\"https:\\\/\\\/www.meydan.tv\\\/az\\\/article\\\/qarabag-qazisi-kendin-erazisinde-olan-torpaqlardan-100-300-hektari-memurlara-icareye-verilib\\\/\",\"name\":\"Qaraba\u011f qazisi: \u201cK\u0259ndin \u0259razisind\u0259 olan torpaqlardan 100-300 hektar\u0131 m\u0259murlara icar\u0259y\u0259 verilib\u201d - MEYDAN.TV\",\"isPartOf\":{\"@id\":\"https:\\\/\\\/www.meydan.tv\\\/az\\\/#website\"},\"primaryImageOfPage\":{\"@id\":\"https:\\\/\\\/www.meydan.tv\\\/az\\\/article\\\/qarabag-qazisi-kendin-erazisinde-olan-torpaqlardan-100-300-hektari-memurlara-icareye-verilib\\\/#primaryimage\"},\"image\":{\"@id\":\"https:\\\/\\\/www.meydan.tv\\\/az\\\/article\\\/qarabag-qazisi-kendin-erazisinde-olan-torpaqlardan-100-300-hektari-memurlara-icareye-verilib\\\/#primaryimage\"},\"thumbnailUrl\":\"https:\\\/\\\/www.meydan.tv\\\/wp-content\\\/uploads\\\/untitled-design-12-9.jpg\",\"datePublished\":\"2022-11-14T08:26:36+00:00\",\"dateModified\":\"2022-11-14T08:26:39+00:00\",\"breadcrumb\":{\"@id\":\"https:\\\/\\\/www.meydan.tv\\\/az\\\/article\\\/qarabag-qazisi-kendin-erazisinde-olan-torpaqlardan-100-300-hektari-memurlara-icareye-verilib\\\/#breadcrumb\"},\"inLanguage\":\"az\",\"potentialAction\":[{\"@type\":\"ReadAction\",\"target\":[\"https:\\\/\\\/www.meydan.tv\\\/az\\\/article\\\/qarabag-qazisi-kendin-erazisinde-olan-torpaqlardan-100-300-hektari-memurlara-icareye-verilib\\\/\"]}]},{\"@type\":\"ImageObject\",\"inLanguage\":\"az\",\"@id\":\"https:\\\/\\\/www.meydan.tv\\\/az\\\/article\\\/qarabag-qazisi-kendin-erazisinde-olan-torpaqlardan-100-300-hektari-memurlara-icareye-verilib\\\/#primaryimage\",\"url\":\"https:\\\/\\\/www.meydan.tv\\\/wp-content\\\/uploads\\\/untitled-design-12-9.jpg\",\"contentUrl\":\"https:\\\/\\\/www.meydan.tv\\\/wp-content\\\/uploads\\\/untitled-design-12-9.jpg\",\"width\":1200,\"height\":800,\"caption\":\"H\u0259mdulla Q\u0259yyubov. Foto: Meydan TV\"},{\"@type\":\"BreadcrumbList\",\"@id\":\"https:\\\/\\\/www.meydan.tv\\\/az\\\/article\\\/qarabag-qazisi-kendin-erazisinde-olan-torpaqlardan-100-300-hektari-memurlara-icareye-verilib\\\/#breadcrumb\",\"itemListElement\":[{\"@type\":\"ListItem\",\"position\":1,\"name\":\"Ana s\u0259hif\u0259\",\"item\":\"https:\\\/\\\/www.meydan.tv\\\/az\\\/\"},{\"@type\":\"ListItem\",\"position\":2,\"name\":\"B\u00f6lg\u0259\",\"item\":\"https:\\\/\\\/www.meydan.tv\\\/az\\\/section\\\/bolge\\\/\"},{\"@type\":\"ListItem\",\"position\":3,\"name\":\"Qaraba\u011f qazisi: \u201cK\u0259ndin \u0259razisind\u0259 olan torpaqlardan 100-300 hektar\u0131 m\u0259murlara icar\u0259y\u0259 verilib\u201d\"}]},{\"@type\":\"WebSite\",\"@id\":\"https:\\\/\\\/www.meydan.tv\\\/az\\\/#website\",\"url\":\"https:\\\/\\\/www.meydan.tv\\\/az\\\/\",\"name\":\"MEYDAN.TV\",\"description\":\"Meydan TV Az\u0259rbaycan\u0131n media m\u0259kan\u0131ndak\u0131 alternativ s\u0259sidir\",\"publisher\":{\"@id\":\"https:\\\/\\\/www.meydan.tv\\\/az\\\/#organization\"},\"potentialAction\":[{\"@type\":\"SearchAction\",\"target\":{\"@type\":\"EntryPoint\",\"urlTemplate\":\"https:\\\/\\\/www.meydan.tv\\\/az\\\/?s={search_term_string}\"},\"query-input\":{\"@type\":\"PropertyValueSpecification\",\"valueRequired\":true,\"valueName\":\"search_term_string\"}}],\"inLanguage\":\"az\"},{\"@type\":\"Organization\",\"@id\":\"https:\\\/\\\/www.meydan.tv\\\/az\\\/#organization\",\"name\":\"Meydan TV\",\"url\":\"https:\\\/\\\/www.meydan.tv\\\/az\\\/\",\"logo\":{\"@type\":\"ImageObject\",\"inLanguage\":\"az\",\"@id\":\"https:\\\/\\\/www.meydan.tv\\\/az\\\/#\\\/schema\\\/logo\\\/image\\\/\",\"url\":\"https:\\\/\\\/www.meydan.tv\\\/wp-content\\\/uploads\\\/2021\\\/07\\\/meydan-logo.svg\",\"contentUrl\":\"https:\\\/\\\/www.meydan.tv\\\/wp-content\\\/uploads\\\/2021\\\/07\\\/meydan-logo.svg\",\"width\":195,\"height\":46,\"caption\":\"Meydan TV\"},\"image\":{\"@id\":\"https:\\\/\\\/www.meydan.tv\\\/az\\\/#\\\/schema\\\/logo\\\/image\\\/\"}},{\"@type\":\"Person\",\"@id\":\"https:\\\/\\\/www.meydan.tv\\\/az\\\/#\\\/schema\\\/person\\\/9cdbecf90d17180ce1dfbd95b08dcf47\",\"name\":\"elli\",\"sameAs\":[\"https:\\\/\\\/x.com\\\/elli\"]}]}<\/script>\n<!-- \/ Yoast SEO plugin. -->","yoast_head_json":{"title":"Qaraba\u011f qazisi: \u201cK\u0259ndin \u0259razisind\u0259 olan torpaqlardan 100-300 hektar\u0131 m\u0259murlara icar\u0259y\u0259 verilib\u201d - MEYDAN.TV","robots":{"index":"index","follow":"follow","max-snippet":"max-snippet:-1","max-image-preview":"max-image-preview:large","max-video-preview":"max-video-preview:-1"},"canonical":"https:\/\/www.meydan.tv\/az\/article\/qarabag-qazisi-kendin-erazisinde-olan-torpaqlardan-100-300-hektari-memurlara-icareye-verilib\/","og_locale":"az_AZ","og_type":"article","og_title":"Qaraba\u011f qazisi: \u201cK\u0259ndin \u0259razisind\u0259 olan torpaqlardan 100-300 hektar\u0131 m\u0259murlara icar\u0259y\u0259 verilib\u201d - MEYDAN.TV","og_description":"Yard\u0131ml\u0131 sakini d\u0259f\u0259l\u0259rl\u0259 icra ba\u015f\u00e7\u0131s\u0131n\u0131n q\u0259bulunda oldu\u011funu, lakin probleml\u0259rinin \u00e7\u00f6z\u00fclm\u0259diyini ... Davam\u0131","og_url":"https:\/\/www.meydan.tv\/az\/article\/qarabag-qazisi-kendin-erazisinde-olan-torpaqlardan-100-300-hektari-memurlara-icareye-verilib\/","og_site_name":"MEYDAN.TV","article_published_time":"2022-11-14T08:26:36+00:00","article_modified_time":"2022-11-14T08:26:39+00:00","og_image":[{"width":1200,"height":800,"url":"https:\/\/www.meydan.tv\/wp-content\/uploads\/untitled-design-12-9.jpg","type":"image\/jpeg"}],"author":"elli","twitter_card":"summary_large_image","twitter_creator":"@elli","schema":{"@context":"https:\/\/schema.org","@graph":[{"@type":"Article","@id":"https:\/\/www.meydan.tv\/az\/article\/qarabag-qazisi-kendin-erazisinde-olan-torpaqlardan-100-300-hektari-memurlara-icareye-verilib\/#article","isPartOf":{"@id":"https:\/\/www.meydan.tv\/az\/article\/qarabag-qazisi-kendin-erazisinde-olan-torpaqlardan-100-300-hektari-memurlara-icareye-verilib\/"},"author":{"name":"elli","@id":"https:\/\/www.meydan.tv\/az\/#\/schema\/person\/9cdbecf90d17180ce1dfbd95b08dcf47"},"headline":"Qaraba\u011f qazisi: \u201cK\u0259ndin \u0259razisind\u0259 olan torpaqlardan 100-300 hektar\u0131 m\u0259murlara icar\u0259y\u0259 verilib\u201d","datePublished":"2022-11-14T08:26:36+00:00","dateModified":"2022-11-14T08:26:39+00:00","mainEntityOfPage":{"@id":"https:\/\/www.meydan.tv\/az\/article\/qarabag-qazisi-kendin-erazisinde-olan-torpaqlardan-100-300-hektari-memurlara-icareye-verilib\/"},"wordCount":555,"publisher":{"@id":"https:\/\/www.meydan.tv\/az\/#organization"},"image":{"@id":"https:\/\/www.meydan.tv\/az\/article\/qarabag-qazisi-kendin-erazisinde-olan-torpaqlardan-100-300-hektari-memurlara-icareye-verilib\/#primaryimage"},"thumbnailUrl":"https:\/\/www.meydan.tv\/wp-content\/uploads\/untitled-design-12-9.jpg","articleSection":["B\u00f6lg\u0259","X\u0259b\u0259rl\u0259r"],"inLanguage":"az"},{"@type":"WebPage","@id":"https:\/\/www.meydan.tv\/az\/article\/qarabag-qazisi-kendin-erazisinde-olan-torpaqlardan-100-300-hektari-memurlara-icareye-verilib\/","url":"https:\/\/www.meydan.tv\/az\/article\/qarabag-qazisi-kendin-erazisinde-olan-torpaqlardan-100-300-hektari-memurlara-icareye-verilib\/","name":"Qaraba\u011f qazisi: \u201cK\u0259ndin \u0259razisind\u0259 olan torpaqlardan 100-300 hektar\u0131 m\u0259murlara icar\u0259y\u0259 verilib\u201d - MEYDAN.TV","isPartOf":{"@id":"https:\/\/www.meydan.tv\/az\/#website"},"primaryImageOfPage":{"@id":"https:\/\/www.meydan.tv\/az\/article\/qarabag-qazisi-kendin-erazisinde-olan-torpaqlardan-100-300-hektari-memurlara-icareye-verilib\/#primaryimage"},"image":{"@id":"https:\/\/www.meydan.tv\/az\/article\/qarabag-qazisi-kendin-erazisinde-olan-torpaqlardan-100-300-hektari-memurlara-icareye-verilib\/#primaryimage"},"thumbnailUrl":"https:\/\/www.meydan.tv\/wp-content\/uploads\/untitled-design-12-9.jpg","datePublished":"2022-11-14T08:26:36+00:00","dateModified":"2022-11-14T08:26:39+00:00","breadcrumb":{"@id":"https:\/\/www.meydan.tv\/az\/article\/qarabag-qazisi-kendin-erazisinde-olan-torpaqlardan-100-300-hektari-memurlara-icareye-verilib\/#breadcrumb"},"inLanguage":"az","potentialAction":[{"@type":"ReadAction","target":["https:\/\/www.meydan.tv\/az\/article\/qarabag-qazisi-kendin-erazisinde-olan-torpaqlardan-100-300-hektari-memurlara-icareye-verilib\/"]}]},{"@type":"ImageObject","inLanguage":"az","@id":"https:\/\/www.meydan.tv\/az\/article\/qarabag-qazisi-kendin-erazisinde-olan-torpaqlardan-100-300-hektari-memurlara-icareye-verilib\/#primaryimage","url":"https:\/\/www.meydan.tv\/wp-content\/uploads\/untitled-design-12-9.jpg","contentUrl":"https:\/\/www.meydan.tv\/wp-content\/uploads\/untitled-design-12-9.jpg","width":1200,"height":800,"caption":"H\u0259mdulla Q\u0259yyubov. Foto: Meydan TV"},{"@type":"BreadcrumbList","@id":"https:\/\/www.meydan.tv\/az\/article\/qarabag-qazisi-kendin-erazisinde-olan-torpaqlardan-100-300-hektari-memurlara-icareye-verilib\/#breadcrumb","itemListElement":[{"@type":"ListItem","position":1,"name":"Ana s\u0259hif\u0259","item":"https:\/\/www.meydan.tv\/az\/"},{"@type":"ListItem","position":2,"name":"B\u00f6lg\u0259","item":"https:\/\/www.meydan.tv\/az\/section\/bolge\/"},{"@type":"ListItem","position":3,"name":"Qaraba\u011f qazisi: \u201cK\u0259ndin \u0259razisind\u0259 olan torpaqlardan 100-300 hektar\u0131 m\u0259murlara icar\u0259y\u0259 verilib\u201d"}]},{"@type":"WebSite","@id":"https:\/\/www.meydan.tv\/az\/#website","url":"https:\/\/www.meydan.tv\/az\/","name":"MEYDAN.TV","description":"Meydan TV Az\u0259rbaycan\u0131n media m\u0259kan\u0131ndak\u0131 alternativ s\u0259sidir","publisher":{"@id":"https:\/\/www.meydan.tv\/az\/#organization"},"potentialAction":[{"@type":"SearchAction","target":{"@type":"EntryPoint","urlTemplate":"https:\/\/www.meydan.tv\/az\/?s={search_term_string}"},"query-input":{"@type":"PropertyValueSpecification","valueRequired":true,"valueName":"search_term_string"}}],"inLanguage":"az"},{"@type":"Organization","@id":"https:\/\/www.meydan.tv\/az\/#organization","name":"Meydan TV","url":"https:\/\/www.meydan.tv\/az\/","logo":{"@type":"ImageObject","inLanguage":"az","@id":"https:\/\/www.meydan.tv\/az\/#\/schema\/logo\/image\/","url":"https:\/\/www.meydan.tv\/wp-content\/uploads\/2021\/07\/meydan-logo.svg","contentUrl":"https:\/\/www.meydan.tv\/wp-content\/uploads\/2021\/07\/meydan-logo.svg","width":195,"height":46,"caption":"Meydan TV"},"image":{"@id":"https:\/\/www.meydan.tv\/az\/#\/schema\/logo\/image\/"}},{"@type":"Person","@id":"https:\/\/www.meydan.tv\/az\/#\/schema\/person\/9cdbecf90d17180ce1dfbd95b08dcf47","name":"elli","sameAs":["https:\/\/x.com\/elli"]}]}},"_links":{"self":[{"href":"https:\/\/www.meydan.tv\/az\/wp-json\/wp\/v2\/posts\/260670","targetHints":{"allow":["GET"]}}],"collection":[{"href":"https:\/\/www.meydan.tv\/az\/wp-json\/wp\/v2\/posts"}],"about":[{"href":"https:\/\/www.meydan.tv\/az\/wp-json\/wp\/v2\/types\/post"}],"author":[{"embeddable":true,"href":"https:\/\/www.meydan.tv\/az\/wp-json\/wp\/v2\/users\/8"}],"replies":[{"embeddable":true,"href":"https:\/\/www.meydan.tv\/az\/wp-json\/wp\/v2\/comments?post=260670"}],"version-history":[{"count":1,"href":"https:\/\/www.meydan.tv\/az\/wp-json\/wp\/v2\/posts\/260670\/revisions"}],"predecessor-version":[{"id":260679,"href":"https:\/\/www.meydan.tv\/az\/wp-json\/wp\/v2\/posts\/260670\/revisions\/260679"}],"wp:featuredmedia":[{"embeddable":true,"href":"https:\/\/www.meydan.tv\/az\/wp-json\/wp\/v2\/media\/260672"}],"wp:attachment":[{"href":"https:\/\/www.meydan.tv\/az\/wp-json\/wp\/v2\/media?parent=260670"}],"wp:term":[{"taxonomy":"category","embeddable":true,"href":"https:\/\/www.meydan.tv\/az\/wp-json\/wp\/v2\/categories?post=260670"},{"taxonomy":"post_tag","embeddable":true,"href":"https:\/\/www.meydan.tv\/az\/wp-json\/wp\/v2\/tags?post=260670"}],"curies":[{"name":"wp","href":"https:\/\/api.w.org\/{rel}","templated":true}]}}